{"id":650094,"date":"2026-02-22T14:55:29","date_gmt":"2026-02-22T13:55:29","guid":{"rendered":"https:\/\/dicodusport.fr\/blog\/?p=650094&#038;preview=true&#038;preview_id=650094"},"modified":"2026-02-22T18:34:23","modified_gmt":"2026-02-22T17:34:23","slug":"tom-pidcock-gagne-la-5eme-etape-ivan-romeo-remporte-le-general-du-tour-dandalousie-2026","status":"publish","type":"post","link":"https:\/\/dicodusport.fr\/blog\/tom-pidcock-gagne-la-5eme-etape-ivan-romeo-remporte-le-general-du-tour-dandalousie-2026\/","title":{"rendered":"Tom Pidcock gagne la 5\u00e8me \u00e9tape, Iv\u00e1n Romeo remporte le g\u00e9n\u00e9ral du Tour d&rsquo;Andalousie 2026"},"content":{"rendered":"<p style=\"text-align: justify;\"><strong><em>TOUR D&rsquo;ANDALOUSIE 2025 &#8211; Tom Pidcock (Pinarello Q36.5 Pro Cycling) a remport\u00e9 la 5\u00e8me \u00e9tape \u00e0 Lucena. Iv\u00e1n Romeo (Movistar) s&rsquo;est adjug\u00e9 le classement g\u00e9n\u00e9ral final.<\/em><\/strong><\/p>\n<ul style=\"text-align: justify;\">\n<li style=\"text-align: justify;\"><strong>\u00c0 ce sujet &#8211; <a href=\"https:\/\/dicodusport.fr\/blog\/classement-general-tour-dandalousie-2026-mis-a-jour-ruta-del-sol\/\">Classement g\u00e9n\u00e9ral Tour d&rsquo;Andalousie 2026 mis \u00e0 jour<\/a><\/strong><\/li>\n<\/ul>\n<p style=\"text-align: justify;\">La <strong>5\u1d49 et derni\u00e8re \u00e9tape du Tour d&rsquo;Andalousie 2026<\/strong> a eu lieu <strong>dimanche 22 f\u00e9vrier 2026<\/strong> entre <strong>La Roda de Andaluc\u00eda<\/strong> et <strong>Lucena<\/strong>, avec un parcours d\u2019environ <strong>168 kilom\u00e8tres<\/strong>. Cette ultime journ\u00e9e de la <strong>Ruta del Sol<\/strong> a propos\u00e9 un final vallonn\u00e9 \u00e0 travers les collines andalouses, avec le double passage de l\u2019<strong>Alto de la Primera Cruz<\/strong>, une c\u00f4te courte mais exigeante d\u2019environ <strong>2,8 kilom\u00e8tres \u00e0 pr\u00e8s de 6 %<\/strong>.<\/p>\n<ul style=\"text-align: justify;\">\n<li style=\"text-align: justify;\"><strong>\u00c0 ce sujet &#8211; <a href=\"https:\/\/dicodusport.fr\/blog\/actualites\/cyclisme\/\">L&rsquo;actualit\u00e9 du cyclisme<\/a><\/strong><\/li>\n<\/ul>\n<p style=\"text-align: justify;\">D&rsquo;abord, trois coureurs ont form\u00e9 l&rsquo;\u00e9chapp\u00e9e matinale : <strong>Julius Johansen<\/strong> (UAE Team Emirates &#8211; XRG), <strong>Markus Hoelgaard<\/strong> (Uno-X Mobility) et <strong>Milan Vader<\/strong> (Pinarello Q36.5 Pro Cycling). Ces attaquants ont compt\u00e9 jusqu\u2019\u00e0 plus de deux minutes d\u2019avance sur le peloton.<\/p>\n<h2>Laporte au tapis<\/h2>\n<p style=\"text-align: justify;\">Ensuite, l&rsquo;\u00e9quipe Cofidis a impos\u00e9 un gros tempo dans la premi\u00e8re ascension de l\u2019<strong>Alto de la Primera Cruz<\/strong> pour reprendre les trois hommes de t\u00eate. <strong>Alex Aranburu<\/strong> (Cofidis) a pris 3 secondes de bonification au sommet alors qu&rsquo;au bas de la descente, <strong>Christophe Laporte<\/strong> (Visma Lease a Bike) est tomb\u00e9 dans un rond-point.<\/p>\n<p style=\"text-align: justify;\">Puis, <strong>S\u00f8ren W\u00e6renskjold<\/strong> (Uno-X Mobility) et <strong>Victor Campenaerts<\/strong> (Visma Lease a Bike) sont sortis dans la portion en vall\u00e9e avant la seconde ascension de l\u2019<strong>Alto de la Primera Cruz<\/strong>. Le coureur belge a \u00e9t\u00e9 repris avant la derni\u00e8re ascension par un peloton emmen\u00e9 par l&rsquo;\u00e9quipe Cofidis, alors que le Norv\u00e9gien avait d\u00e9j\u00e0 perdu le contact avec la t\u00eate de la course depuis plusieurs kilom\u00e8tres.<\/p>\n<h2>Pidcock en puncheur<\/h2>\n<p style=\"text-align: justify;\">Par la suite, les formations Pinarello Q36.5 Pro Cycling et Groupama FDJ United ont impos\u00e9 un gros rythme au pied de la mont\u00e9e avant que <strong>Thomas Pidcock<\/strong> (Pinarello Q36.5 Pro Cycling) ne lance une violente acc\u00e9l\u00e9ration. <strong>Bastien Tronchon<\/strong> (Groupama FDJ United) n&rsquo;a pu suivre le rythme du puncheur britannique, quelques m\u00e8tres avant d&rsquo;\u00eatre l\u00e2ch\u00e9, tandis que <strong>Jan Christen<\/strong> (UAE Team Emirates XRG) a profit\u00e9 des derniers m\u00e8tres de la mont\u00e9e pour sortir seul en contre.<\/p>\n<p style=\"text-align: justify;\">Finalement, <strong>Thomas Pidcock<\/strong> s&rsquo;est impos\u00e9 en solitaire pour signer son onzi\u00e8me succ\u00e8s professionnel avec 10 secondes d&rsquo;avance sur <strong>Jan Christen<\/strong>. <strong>Romain Gr\u00e9goire<\/strong> (Groupama FDJ United) a r\u00e9gl\u00e9 le groupe de chasse pour la troisi\u00e8me place \u00e0 12 secondes, devant <strong>Alex Aranburu<\/strong> et <strong>Aleksandr Vlasov<\/strong> (Red Bull-Bora-Hansgrohe).<\/p>\n<blockquote class=\"twitter-tweet\">\n<p dir=\"ltr\" lang=\"en\">PIDCOCK POWERS TO THE PODIUM \ud83c\udfc6\ud83d\ude4c<\/p>\n<p>A ferocious attack from Tom Pidcock sees the Yorkshireman pick up the final stage of Andalucia and move to third overall \ud83d\udc4f <a href=\"https:\/\/t.co\/Hsz4ZJLIER\">pic.twitter.com\/Hsz4ZJLIER<\/a><\/p>\n<p>\u2014 Cycling on TNT Sports (@cyclingontnt) <a href=\"https:\/\/twitter.com\/cyclingontnt\/status\/2025570773734154604?ref_src=twsrc%5Etfw\">February 22, 2026<\/a><\/p><\/blockquote>\n<p><script async src=\"https:\/\/platform.twitter.com\/widgets.js\" charset=\"utf-8\"><\/script><\/p>\n<p style=\"text-align: justify;\">Sixi\u00e8me de l&rsquo;\u00e9tape, au sein du groupe de chasse, <strong>Iv\u00e1n Romeo<\/strong> (Movistar) a remport\u00e9 cette 72e \u00e9dition du Tour d&rsquo;Andalousie avec 7 secondes d&rsquo;avance sur <strong>Andreas Leknessund<\/strong> (Uno-X Mobility). <strong>Thomas Pidcock<\/strong> a compl\u00e9t\u00e9 le podium \u00e0 27 secondes, devant <strong>Jan Christen<\/strong>, quatri\u00e8me \u00e0 44 secondes. <strong>Romain Gr\u00e9goire<\/strong> a termin\u00e9 cinqui\u00e8me du g\u00e9n\u00e9ral dans le m\u00eame temps que <strong>Jan Christen<\/strong>.<\/p>\n<ul>\n<li><strong>\u00c0 ce sujet &#8211; <a href=\"https:\/\/dicodusport.fr\/blog\/5eme-etape-tour-dandalousie-2026-classement-et-resultats-ruta-del-sol\/\">5\u00e8me \u00e9tape Tour d\u2019Andalousie 2026 \u2013 Classement et r\u00e9sultats (Ruta del Sol)<\/a><\/strong><\/li>\n<\/ul>\n","protected":false},"excerpt":{"rendered":"<p>TOUR D&rsquo;ANDALOUSIE 2025 &#8211; Tom Pidcock (Pinarello Q36.5 Pro Cycling) a remport\u00e9 la 5\u00e8me \u00e9tape \u00e0 Lucena. Iv\u00e1n Romeo (Movistar) s&rsquo;est adjug\u00e9 le classement g\u00e9n\u00e9ral final.<\/p>\n","protected":false},"author":48,"featured_media":650286,"comment_status":"open","ping_status":"closed","sticky":false,"template":"","format":"standard","meta":{"_acf_changed":false,"_daextam_enable_autolinks":"1","footnotes":""},"categories":[46994],"tags":[16878,574,11197,9961],"class_list":["post-650094","post","type-post","status-publish","format-standard","has-post-thumbnail","hentry","category-cyclisme-sur-route","tag-breve","tag-cyclisme","tag-cyclisme-sur-route","tag-tour-dandalousie"],"acf":[],"yoast_head":"<!-- This site is optimized with the Yoast SEO Premium plugin v26.7 (Yoast SEO v26.7) - https:\/\/yoast.com\/wordpress\/plugins\/seo\/ -->\n<title>Tom Pidcock gagne la 5\u00e8me \u00e9tape, Iv\u00e1n Romeo remporte le g\u00e9n\u00e9ral du Tour d&#039;Andalousie 2026<\/title>\n<meta name=\"description\" content=\"TOUR D&#039;ANDALOUSIE 2025 - Tom Pidcock (Pinarello Q36.5 Pro Cycling) a remport\u00e9 la 5\u00e8me \u00e9tape \u00e0 Lucena. Iv\u00e1n Romeo (Movistar) s&#039;est adjug\u00e9 le classement g\u00e9n\u00e9ral final.\" \/>\n<meta name=\"robots\" content=\"index, follow, max-snippet:-1, max-image-preview:large, max-video-preview:-1\" \/>\n<link rel=\"canonical\" href=\"https:\/\/dicodusport.fr\/blog\/tom-pidcock-gagne-la-5eme-etape-ivan-romeo-remporte-le-general-du-tour-dandalousie-2026\/\" \/>\n<meta property=\"og:locale\" content=\"fr_FR\" \/>\n<meta property=\"og:type\" content=\"article\" \/>\n<meta property=\"og:title\" content=\"Tom Pidcock gagne la 5\u00e8me \u00e9tape, Iv\u00e1n Romeo remporte le g\u00e9n\u00e9ral du Tour d&#039;Andalousie 2026\" \/>\n<meta property=\"og:description\" content=\"TOUR D&#039;ANDALOUSIE 2025 - Tom Pidcock (Pinarello Q36.5 Pro Cycling) a remport\u00e9 la 5\u00e8me \u00e9tape \u00e0 Lucena. Iv\u00e1n Romeo (Movistar) s&#039;est adjug\u00e9 le classement g\u00e9n\u00e9ral final.\" \/>\n<meta property=\"og:url\" content=\"https:\/\/dicodusport.fr\/blog\/tom-pidcock-gagne-la-5eme-etape-ivan-romeo-remporte-le-general-du-tour-dandalousie-2026\/\" \/>\n<meta property=\"og:site_name\" content=\"Dicodusport\" \/>\n<meta property=\"article:publisher\" content=\"https:\/\/www.facebook.com\/dicodusport\" \/>\n<meta property=\"article:author\" content=\"https:\/\/www.facebook.com\/groups\/LesRoisDuPeloton\" \/>\n<meta property=\"article:published_time\" content=\"2026-02-22T13:55:29+00:00\" \/>\n<meta property=\"article:modified_time\" content=\"2026-02-22T17:34:23+00:00\" \/>\n<meta property=\"og:image\" content=\"https:\/\/dicodusport.fr\/blog\/wp-content\/uploads\/2026\/02\/Tom-Pidcock-gagne-la-5eme-etape-Ivan-Romeo-remporte-le-general-du-Tour-dAndalousie-2026-1.png\" \/>\n\t<meta property=\"og:image:width\" content=\"1200\" \/>\n\t<meta property=\"og:image:height\" content=\"674\" \/>\n\t<meta property=\"og:image:type\" content=\"image\/png\" \/>\n<meta name=\"author\" content=\"Emilien Descampiaux\" \/>\n<meta name=\"twitter:card\" content=\"summary_large_image\" \/>\n<meta name=\"twitter:creator\" content=\"@https:\/\/twitter.com\/LRoisDuPeloton\" \/>\n<meta name=\"twitter:site\" content=\"@dicodusport\" \/>\n<script type=\"application\/ld+json\" class=\"yoast-schema-graph\">{\"@context\":\"https:\/\/schema.org\",\"@graph\":[{\"@type\":\"NewsArticle\",\"@id\":\"https:\/\/dicodusport.fr\/blog\/tom-pidcock-gagne-la-5eme-etape-ivan-romeo-remporte-le-general-du-tour-dandalousie-2026\/#article\",\"isPartOf\":{\"@id\":\"https:\/\/dicodusport.fr\/blog\/tom-pidcock-gagne-la-5eme-etape-ivan-romeo-remporte-le-general-du-tour-dandalousie-2026\/\"},\"author\":{\"name\":\"Emilien Descampiaux\",\"@id\":\"https:\/\/dicodusport.fr\/blog\/#\/schema\/person\/6db4bae06b171592211be385b32876a7\"},\"headline\":\"Tom Pidcock gagne la 5\u00e8me \u00e9tape, Iv\u00e1n Romeo remporte le g\u00e9n\u00e9ral du Tour d&rsquo;Andalousie 2026\",\"datePublished\":\"2026-02-22T13:55:29+00:00\",\"dateModified\":\"2026-02-22T17:34:23+00:00\",\"mainEntityOfPage\":{\"@id\":\"https:\/\/dicodusport.fr\/blog\/tom-pidcock-gagne-la-5eme-etape-ivan-romeo-remporte-le-general-du-tour-dandalousie-2026\/\"},\"wordCount\":569,\"commentCount\":0,\"publisher\":{\"@id\":\"https:\/\/dicodusport.fr\/blog\/#organization\"},\"image\":{\"@id\":\"https:\/\/dicodusport.fr\/blog\/tom-pidcock-gagne-la-5eme-etape-ivan-romeo-remporte-le-general-du-tour-dandalousie-2026\/#primaryimage\"},\"thumbnailUrl\":\"https:\/\/dicodusport.fr\/blog\/wp-content\/uploads\/2026\/02\/Tom-Pidcock-gagne-la-5eme-etape-Ivan-Romeo-remporte-le-general-du-Tour-dAndalousie-2026-1.png\",\"keywords\":[\"br\u00e8ve\",\"Cyclisme\",\"Cyclisme sur route\",\"Tour d'Andalousie\"],\"articleSection\":[\"Cyclisme sur route\"],\"inLanguage\":\"fr-FR\",\"potentialAction\":[{\"@type\":\"CommentAction\",\"name\":\"Comment\",\"target\":[\"https:\/\/dicodusport.fr\/blog\/tom-pidcock-gagne-la-5eme-etape-ivan-romeo-remporte-le-general-du-tour-dandalousie-2026\/#respond\"]}],\"copyrightYear\":\"2026\",\"copyrightHolder\":{\"@id\":\"https:\/\/dicodusport.fr\/blog\/#organization\"}},{\"@type\":\"WebPage\",\"@id\":\"https:\/\/dicodusport.fr\/blog\/tom-pidcock-gagne-la-5eme-etape-ivan-romeo-remporte-le-general-du-tour-dandalousie-2026\/\",\"url\":\"https:\/\/dicodusport.fr\/blog\/tom-pidcock-gagne-la-5eme-etape-ivan-romeo-remporte-le-general-du-tour-dandalousie-2026\/\",\"name\":\"Tom Pidcock gagne la 5\u00e8me \u00e9tape, Iv\u00e1n Romeo remporte le g\u00e9n\u00e9ral du Tour d'Andalousie 2026\",\"isPartOf\":{\"@id\":\"https:\/\/dicodusport.fr\/blog\/#website\"},\"primaryImageOfPage\":{\"@id\":\"https:\/\/dicodusport.fr\/blog\/tom-pidcock-gagne-la-5eme-etape-ivan-romeo-remporte-le-general-du-tour-dandalousie-2026\/#primaryimage\"},\"image\":{\"@id\":\"https:\/\/dicodusport.fr\/blog\/tom-pidcock-gagne-la-5eme-etape-ivan-romeo-remporte-le-general-du-tour-dandalousie-2026\/#primaryimage\"},\"thumbnailUrl\":\"https:\/\/dicodusport.fr\/blog\/wp-content\/uploads\/2026\/02\/Tom-Pidcock-gagne-la-5eme-etape-Ivan-Romeo-remporte-le-general-du-Tour-dAndalousie-2026-1.png\",\"datePublished\":\"2026-02-22T13:55:29+00:00\",\"dateModified\":\"2026-02-22T17:34:23+00:00\",\"description\":\"TOUR D'ANDALOUSIE 2025 - Tom Pidcock (Pinarello Q36.5 Pro Cycling) a remport\u00e9 la 5\u00e8me \u00e9tape \u00e0 Lucena. Iv\u00e1n Romeo (Movistar) s'est adjug\u00e9 le classement g\u00e9n\u00e9ral final.\",\"breadcrumb\":{\"@id\":\"https:\/\/dicodusport.fr\/blog\/tom-pidcock-gagne-la-5eme-etape-ivan-romeo-remporte-le-general-du-tour-dandalousie-2026\/#breadcrumb\"},\"inLanguage\":\"fr-FR\",\"potentialAction\":[{\"@type\":\"ReadAction\",\"target\":[\"https:\/\/dicodusport.fr\/blog\/tom-pidcock-gagne-la-5eme-etape-ivan-romeo-remporte-le-general-du-tour-dandalousie-2026\/\"]}]},{\"@type\":\"ImageObject\",\"inLanguage\":\"fr-FR\",\"@id\":\"https:\/\/dicodusport.fr\/blog\/tom-pidcock-gagne-la-5eme-etape-ivan-romeo-remporte-le-general-du-tour-dandalousie-2026\/#primaryimage\",\"url\":\"https:\/\/dicodusport.fr\/blog\/wp-content\/uploads\/2026\/02\/Tom-Pidcock-gagne-la-5eme-etape-Ivan-Romeo-remporte-le-general-du-Tour-dAndalousie-2026-1.png\",\"contentUrl\":\"https:\/\/dicodusport.fr\/blog\/wp-content\/uploads\/2026\/02\/Tom-Pidcock-gagne-la-5eme-etape-Ivan-Romeo-remporte-le-general-du-Tour-dAndalousie-2026-1.png\",\"width\":1200,\"height\":674,\"caption\":\"Tom Pidcock gagne la 5\u00e8me \u00e9tape, Iv\u00e1n Romeo remporte le g\u00e9n\u00e9ral du Tour d'Andalousie 2026\"},{\"@type\":\"BreadcrumbList\",\"@id\":\"https:\/\/dicodusport.fr\/blog\/tom-pidcock-gagne-la-5eme-etape-ivan-romeo-remporte-le-general-du-tour-dandalousie-2026\/#breadcrumb\",\"itemListElement\":[{\"@type\":\"ListItem\",\"position\":1,\"name\":\"Accueil\",\"item\":\"https:\/\/dicodusport.fr\/blog\/\"},{\"@type\":\"ListItem\",\"position\":2,\"name\":\"Tom Pidcock gagne la 5\u00e8me \u00e9tape, Iv\u00e1n Romeo remporte le g\u00e9n\u00e9ral du Tour d&rsquo;Andalousie 2026\"}]},{\"@type\":\"WebSite\",\"@id\":\"https:\/\/dicodusport.fr\/blog\/#website\",\"url\":\"https:\/\/dicodusport.fr\/blog\/\",\"name\":\"Dicodusport\",\"description\":\"L&#039;encyclop\u00e9die de l&#039;actualit\u00e9 sportive\",\"publisher\":{\"@id\":\"https:\/\/dicodusport.fr\/blog\/#organization\"},\"potentialAction\":[{\"@type\":\"SearchAction\",\"target\":{\"@type\":\"EntryPoint\",\"urlTemplate\":\"https:\/\/dicodusport.fr\/blog\/?s={search_term_string}\"},\"query-input\":{\"@type\":\"PropertyValueSpecification\",\"valueRequired\":true,\"valueName\":\"search_term_string\"}}],\"inLanguage\":\"fr-FR\"},{\"@type\":\"NewsMediaOrganization\",\"@id\":\"https:\/\/dicodusport.fr\/blog\/#organization\",\"name\":\"Dicodusport\",\"url\":\"https:\/\/dicodusport.fr\/blog\/\",\"logo\":{\"@type\":\"ImageObject\",\"inLanguage\":\"fr-FR\",\"@id\":\"https:\/\/dicodusport.fr\/blog\/#\/schema\/logo\/image\/\",\"url\":\"https:\/\/dicodusport.fr\/blog\/wp-content\/uploads\/2020\/06\/cropped-LOGO-DICODUSPORT-2020-SANS-FOND-SANS-TEXTE.png\",\"contentUrl\":\"https:\/\/dicodusport.fr\/blog\/wp-content\/uploads\/2020\/06\/cropped-LOGO-DICODUSPORT-2020-SANS-FOND-SANS-TEXTE.png\",\"width\":512,\"height\":512,\"caption\":\"Dicodusport\"},\"image\":{\"@id\":\"https:\/\/dicodusport.fr\/blog\/#\/schema\/logo\/image\/\"},\"sameAs\":[\"https:\/\/www.facebook.com\/dicodusport\",\"https:\/\/x.com\/dicodusport\",\"https:\/\/www.instagram.com\/dicodusport\/\",\"https:\/\/www.youtube.com\/channel\/UC7V2KZ5sd3htJivAbA4ZG3w\"],\"description\":\"Dicodusport est l'encyclop\u00e9die de l'actualit\u00e9 sportive.\",\"email\":\"bonjour@dicodusport.fr\",\"legalName\":\"DICODUSPORT\",\"foundingDate\":\"2018-01-14\",\"vatID\":\"FR71834470973\",\"taxID\":\"83447097300043\",\"numberOfEmployees\":{\"@type\":\"QuantitativeValue\",\"minValue\":\"1\",\"maxValue\":\"10\"}},{\"@type\":\"Person\",\"@id\":\"https:\/\/dicodusport.fr\/blog\/#\/schema\/person\/6db4bae06b171592211be385b32876a7\",\"name\":\"Emilien Descampiaux\",\"image\":{\"@type\":\"ImageObject\",\"inLanguage\":\"fr-FR\",\"@id\":\"https:\/\/dicodusport.fr\/blog\/#\/schema\/person\/image\/\",\"url\":\"https:\/\/dicodusport.fr\/blog\/wp-content\/uploads\/2021\/05\/Emilien-Descampiaux-150x150.jpg\",\"contentUrl\":\"https:\/\/dicodusport.fr\/blog\/wp-content\/uploads\/2021\/05\/Emilien-Descampiaux-150x150.jpg\",\"caption\":\"Emilien Descampiaux\"},\"description\":\"Journaliste\/r\u00e9dacteur depuis 2014 - Fan de la classe de Frank Vandenbroucke, je vis cyclisme (et de ses paysages) depuis plus de 20 ans. Je suis tr\u00e8s impliqu\u00e9 sur mes diff\u00e9rents r\u00e9seaux sociaux pour partager ma passion sur le monde et l'Histoire de la bicyclette avec ma voix sur les images en noir et blanc du succ\u00e8s de Rik Van Steenbergen lors du Ronde sur le V\u00e9lodrome de Gand.\",\"sameAs\":[\"https:\/\/www.facebook.com\/groups\/LesRoisDuPeloton\",\"https:\/\/x.com\/https:\/\/twitter.com\/LRoisDuPeloton\"],\"url\":\"https:\/\/dicodusport.fr\/blog\/author\/emiliend\/\"}]}<\/script>\n<!-- \/ Yoast SEO Premium plugin. -->","yoast_head_json":{"title":"Tom Pidcock gagne la 5\u00e8me \u00e9tape, Iv\u00e1n Romeo remporte le g\u00e9n\u00e9ral du Tour d'Andalousie 2026","description":"TOUR D'ANDALOUSIE 2025 - Tom Pidcock (Pinarello Q36.5 Pro Cycling) a remport\u00e9 la 5\u00e8me \u00e9tape \u00e0 Lucena. Iv\u00e1n Romeo (Movistar) s'est adjug\u00e9 le classement g\u00e9n\u00e9ral final.","robots":{"index":"index","follow":"follow","max-snippet":"max-snippet:-1","max-image-preview":"max-image-preview:large","max-video-preview":"max-video-preview:-1"},"canonical":"https:\/\/dicodusport.fr\/blog\/tom-pidcock-gagne-la-5eme-etape-ivan-romeo-remporte-le-general-du-tour-dandalousie-2026\/","og_locale":"fr_FR","og_type":"article","og_title":"Tom Pidcock gagne la 5\u00e8me \u00e9tape, Iv\u00e1n Romeo remporte le g\u00e9n\u00e9ral du Tour d'Andalousie 2026","og_description":"TOUR D'ANDALOUSIE 2025 - Tom Pidcock (Pinarello Q36.5 Pro Cycling) a remport\u00e9 la 5\u00e8me \u00e9tape \u00e0 Lucena. Iv\u00e1n Romeo (Movistar) s'est adjug\u00e9 le classement g\u00e9n\u00e9ral final.","og_url":"https:\/\/dicodusport.fr\/blog\/tom-pidcock-gagne-la-5eme-etape-ivan-romeo-remporte-le-general-du-tour-dandalousie-2026\/","og_site_name":"Dicodusport","article_publisher":"https:\/\/www.facebook.com\/dicodusport","article_author":"https:\/\/www.facebook.com\/groups\/LesRoisDuPeloton","article_published_time":"2026-02-22T13:55:29+00:00","article_modified_time":"2026-02-22T17:34:23+00:00","og_image":[{"width":1200,"height":674,"url":"https:\/\/dicodusport.fr\/blog\/wp-content\/uploads\/2026\/02\/Tom-Pidcock-gagne-la-5eme-etape-Ivan-Romeo-remporte-le-general-du-Tour-dAndalousie-2026-1.png","type":"image\/png"}],"author":"Emilien Descampiaux","twitter_card":"summary_large_image","twitter_creator":"@https:\/\/twitter.com\/LRoisDuPeloton","twitter_site":"@dicodusport","schema":{"@context":"https:\/\/schema.org","@graph":[{"@type":"NewsArticle","@id":"https:\/\/dicodusport.fr\/blog\/tom-pidcock-gagne-la-5eme-etape-ivan-romeo-remporte-le-general-du-tour-dandalousie-2026\/#article","isPartOf":{"@id":"https:\/\/dicodusport.fr\/blog\/tom-pidcock-gagne-la-5eme-etape-ivan-romeo-remporte-le-general-du-tour-dandalousie-2026\/"},"author":{"name":"Emilien Descampiaux","@id":"https:\/\/dicodusport.fr\/blog\/#\/schema\/person\/6db4bae06b171592211be385b32876a7"},"headline":"Tom Pidcock gagne la 5\u00e8me \u00e9tape, Iv\u00e1n Romeo remporte le g\u00e9n\u00e9ral du Tour d&rsquo;Andalousie 2026","datePublished":"2026-02-22T13:55:29+00:00","dateModified":"2026-02-22T17:34:23+00:00","mainEntityOfPage":{"@id":"https:\/\/dicodusport.fr\/blog\/tom-pidcock-gagne-la-5eme-etape-ivan-romeo-remporte-le-general-du-tour-dandalousie-2026\/"},"wordCount":569,"commentCount":0,"publisher":{"@id":"https:\/\/dicodusport.fr\/blog\/#organization"},"image":{"@id":"https:\/\/dicodusport.fr\/blog\/tom-pidcock-gagne-la-5eme-etape-ivan-romeo-remporte-le-general-du-tour-dandalousie-2026\/#primaryimage"},"thumbnailUrl":"https:\/\/dicodusport.fr\/blog\/wp-content\/uploads\/2026\/02\/Tom-Pidcock-gagne-la-5eme-etape-Ivan-Romeo-remporte-le-general-du-Tour-dAndalousie-2026-1.png","keywords":["br\u00e8ve","Cyclisme","Cyclisme sur route","Tour d'Andalousie"],"articleSection":["Cyclisme sur route"],"inLanguage":"fr-FR","potentialAction":[{"@type":"CommentAction","name":"Comment","target":["https:\/\/dicodusport.fr\/blog\/tom-pidcock-gagne-la-5eme-etape-ivan-romeo-remporte-le-general-du-tour-dandalousie-2026\/#respond"]}],"copyrightYear":"2026","copyrightHolder":{"@id":"https:\/\/dicodusport.fr\/blog\/#organization"}},{"@type":"WebPage","@id":"https:\/\/dicodusport.fr\/blog\/tom-pidcock-gagne-la-5eme-etape-ivan-romeo-remporte-le-general-du-tour-dandalousie-2026\/","url":"https:\/\/dicodusport.fr\/blog\/tom-pidcock-gagne-la-5eme-etape-ivan-romeo-remporte-le-general-du-tour-dandalousie-2026\/","name":"Tom Pidcock gagne la 5\u00e8me \u00e9tape, Iv\u00e1n Romeo remporte le g\u00e9n\u00e9ral du Tour d'Andalousie 2026","isPartOf":{"@id":"https:\/\/dicodusport.fr\/blog\/#website"},"primaryImageOfPage":{"@id":"https:\/\/dicodusport.fr\/blog\/tom-pidcock-gagne-la-5eme-etape-ivan-romeo-remporte-le-general-du-tour-dandalousie-2026\/#primaryimage"},"image":{"@id":"https:\/\/dicodusport.fr\/blog\/tom-pidcock-gagne-la-5eme-etape-ivan-romeo-remporte-le-general-du-tour-dandalousie-2026\/#primaryimage"},"thumbnailUrl":"https:\/\/dicodusport.fr\/blog\/wp-content\/uploads\/2026\/02\/Tom-Pidcock-gagne-la-5eme-etape-Ivan-Romeo-remporte-le-general-du-Tour-dAndalousie-2026-1.png","datePublished":"2026-02-22T13:55:29+00:00","dateModified":"2026-02-22T17:34:23+00:00","description":"TOUR D'ANDALOUSIE 2025 - Tom Pidcock (Pinarello Q36.5 Pro Cycling) a remport\u00e9 la 5\u00e8me \u00e9tape \u00e0 Lucena. Iv\u00e1n Romeo (Movistar) s'est adjug\u00e9 le classement g\u00e9n\u00e9ral final.","breadcrumb":{"@id":"https:\/\/dicodusport.fr\/blog\/tom-pidcock-gagne-la-5eme-etape-ivan-romeo-remporte-le-general-du-tour-dandalousie-2026\/#breadcrumb"},"inLanguage":"fr-FR","potentialAction":[{"@type":"ReadAction","target":["https:\/\/dicodusport.fr\/blog\/tom-pidcock-gagne-la-5eme-etape-ivan-romeo-remporte-le-general-du-tour-dandalousie-2026\/"]}]},{"@type":"ImageObject","inLanguage":"fr-FR","@id":"https:\/\/dicodusport.fr\/blog\/tom-pidcock-gagne-la-5eme-etape-ivan-romeo-remporte-le-general-du-tour-dandalousie-2026\/#primaryimage","url":"https:\/\/dicodusport.fr\/blog\/wp-content\/uploads\/2026\/02\/Tom-Pidcock-gagne-la-5eme-etape-Ivan-Romeo-remporte-le-general-du-Tour-dAndalousie-2026-1.png","contentUrl":"https:\/\/dicodusport.fr\/blog\/wp-content\/uploads\/2026\/02\/Tom-Pidcock-gagne-la-5eme-etape-Ivan-Romeo-remporte-le-general-du-Tour-dAndalousie-2026-1.png","width":1200,"height":674,"caption":"Tom Pidcock gagne la 5\u00e8me \u00e9tape, Iv\u00e1n Romeo remporte le g\u00e9n\u00e9ral du Tour d'Andalousie 2026"},{"@type":"BreadcrumbList","@id":"https:\/\/dicodusport.fr\/blog\/tom-pidcock-gagne-la-5eme-etape-ivan-romeo-remporte-le-general-du-tour-dandalousie-2026\/#breadcrumb","itemListElement":[{"@type":"ListItem","position":1,"name":"Accueil","item":"https:\/\/dicodusport.fr\/blog\/"},{"@type":"ListItem","position":2,"name":"Tom Pidcock gagne la 5\u00e8me \u00e9tape, Iv\u00e1n Romeo remporte le g\u00e9n\u00e9ral du Tour d&rsquo;Andalousie 2026"}]},{"@type":"WebSite","@id":"https:\/\/dicodusport.fr\/blog\/#website","url":"https:\/\/dicodusport.fr\/blog\/","name":"Dicodusport","description":"L&#039;encyclop\u00e9die de l&#039;actualit\u00e9 sportive","publisher":{"@id":"https:\/\/dicodusport.fr\/blog\/#organization"},"potentialAction":[{"@type":"SearchAction","target":{"@type":"EntryPoint","urlTemplate":"https:\/\/dicodusport.fr\/blog\/?s={search_term_string}"},"query-input":{"@type":"PropertyValueSpecification","valueRequired":true,"valueName":"search_term_string"}}],"inLanguage":"fr-FR"},{"@type":"NewsMediaOrganization","@id":"https:\/\/dicodusport.fr\/blog\/#organization","name":"Dicodusport","url":"https:\/\/dicodusport.fr\/blog\/","logo":{"@type":"ImageObject","inLanguage":"fr-FR","@id":"https:\/\/dicodusport.fr\/blog\/#\/schema\/logo\/image\/","url":"https:\/\/dicodusport.fr\/blog\/wp-content\/uploads\/2020\/06\/cropped-LOGO-DICODUSPORT-2020-SANS-FOND-SANS-TEXTE.png","contentUrl":"https:\/\/dicodusport.fr\/blog\/wp-content\/uploads\/2020\/06\/cropped-LOGO-DICODUSPORT-2020-SANS-FOND-SANS-TEXTE.png","width":512,"height":512,"caption":"Dicodusport"},"image":{"@id":"https:\/\/dicodusport.fr\/blog\/#\/schema\/logo\/image\/"},"sameAs":["https:\/\/www.facebook.com\/dicodusport","https:\/\/x.com\/dicodusport","https:\/\/www.instagram.com\/dicodusport\/","https:\/\/www.youtube.com\/channel\/UC7V2KZ5sd3htJivAbA4ZG3w"],"description":"Dicodusport est l'encyclop\u00e9die de l'actualit\u00e9 sportive.","email":"bonjour@dicodusport.fr","legalName":"DICODUSPORT","foundingDate":"2018-01-14","vatID":"FR71834470973","taxID":"83447097300043","numberOfEmployees":{"@type":"QuantitativeValue","minValue":"1","maxValue":"10"}},{"@type":"Person","@id":"https:\/\/dicodusport.fr\/blog\/#\/schema\/person\/6db4bae06b171592211be385b32876a7","name":"Emilien Descampiaux","image":{"@type":"ImageObject","inLanguage":"fr-FR","@id":"https:\/\/dicodusport.fr\/blog\/#\/schema\/person\/image\/","url":"https:\/\/dicodusport.fr\/blog\/wp-content\/uploads\/2021\/05\/Emilien-Descampiaux-150x150.jpg","contentUrl":"https:\/\/dicodusport.fr\/blog\/wp-content\/uploads\/2021\/05\/Emilien-Descampiaux-150x150.jpg","caption":"Emilien Descampiaux"},"description":"Journaliste\/r\u00e9dacteur depuis 2014 - Fan de la classe de Frank Vandenbroucke, je vis cyclisme (et de ses paysages) depuis plus de 20 ans. Je suis tr\u00e8s impliqu\u00e9 sur mes diff\u00e9rents r\u00e9seaux sociaux pour partager ma passion sur le monde et l'Histoire de la bicyclette avec ma voix sur les images en noir et blanc du succ\u00e8s de Rik Van Steenbergen lors du Ronde sur le V\u00e9lodrome de Gand.","sameAs":["https:\/\/www.facebook.com\/groups\/LesRoisDuPeloton","https:\/\/x.com\/https:\/\/twitter.com\/LRoisDuPeloton"],"url":"https:\/\/dicodusport.fr\/blog\/author\/emiliend\/"}]}},"_links":{"self":[{"href":"https:\/\/dicodusport.fr\/blog\/wp-json\/wp\/v2\/posts\/650094","targetHints":{"allow":["GET"]}}],"collection":[{"href":"https:\/\/dicodusport.fr\/blog\/wp-json\/wp\/v2\/posts"}],"about":[{"href":"https:\/\/dicodusport.fr\/blog\/wp-json\/wp\/v2\/types\/post"}],"author":[{"embeddable":true,"href":"https:\/\/dicodusport.fr\/blog\/wp-json\/wp\/v2\/users\/48"}],"replies":[{"embeddable":true,"href":"https:\/\/dicodusport.fr\/blog\/wp-json\/wp\/v2\/comments?post=650094"}],"version-history":[{"count":5,"href":"https:\/\/dicodusport.fr\/blog\/wp-json\/wp\/v2\/posts\/650094\/revisions"}],"predecessor-version":[{"id":650287,"href":"https:\/\/dicodusport.fr\/blog\/wp-json\/wp\/v2\/posts\/650094\/revisions\/650287"}],"wp:featuredmedia":[{"embeddable":true,"href":"https:\/\/dicodusport.fr\/blog\/wp-json\/wp\/v2\/media\/650286"}],"wp:attachment":[{"href":"https:\/\/dicodusport.fr\/blog\/wp-json\/wp\/v2\/media?parent=650094"}],"wp:term":[{"taxonomy":"category","embeddable":true,"href":"https:\/\/dicodusport.fr\/blog\/wp-json\/wp\/v2\/categories?post=650094"},{"taxonomy":"post_tag","embeddable":true,"href":"https:\/\/dicodusport.fr\/blog\/wp-json\/wp\/v2\/tags?post=650094"}],"curies":[{"name":"wp","href":"https:\/\/api.w.org\/{rel}","templated":true}]}}