{"id":65010,"date":"2020-04-17T16:17:19","date_gmt":"2020-04-17T14:17:19","guid":{"rendered":"http:\/\/dicodusport.fr\/blog\/?p=65010&#038;preview=true&#038;preview_id=65010"},"modified":"2020-04-17T16:16:39","modified_gmt":"2020-04-17T14:16:39","slug":"composez-xv-de-legende-rc-toulon","status":"publish","type":"post","link":"https:\/\/dicodusport.fr\/blog\/composez-xv-de-legende-rc-toulon\/","title":{"rendered":"Composez votre XV de l\u00e9gende du RC Toulon"},"content":{"rendered":"<p style=\"text-align: justify;\"><strong><em>RUGBY &#8211; En pleine p\u00e9riode de confinement, la plan\u00e8te rugby s&rsquo;est arr\u00eat\u00e9e. On vous donne la possibilit\u00e9 de composer votre XV de l\u00e9gende du <a href=\"https:\/\/dicodusport.fr\/blog\/tag\/rc-toulon\/\" target=\"_blank\" rel=\"noopener noreferrer\">RC Toulon<\/a>.<\/em><\/strong><\/p>\n<hr \/>\n<h2 style=\"text-align: center;\"><a id=\"avants\"><\/a>Les avants<\/h2>\n<hr \/>\n<div class=\"dem-poll-shortcode\">\n<style id=\"democracy-poll\">.democracy:after{content:'';display:table;clear:both}.democracy ul li,.democracy ul{background:0 0;padding:0;margin:0}.democracy ul li:before{display:none}.democracy input[type=radio],.democracy input[type=checkbox]{margin:0;vertical-align:middle}.democracy input[type=radio]:focus,.democracy input[type=checkbox]:focus{outline:none}.democracy ul{list-style:none !important;border:none !important}.democracy ul li{list-style:none !important}input[type=submit].dem-button,a.dem-button,.dem-button{position:relative;display:inline-block;text-decoration:none;line-height:1;border:0;margin:0;padding:0;cursor:pointer;white-space:nowrap;-webkit-user-select:none;-moz-user-select:none;-ms-user-select:none;user-select:none}input[type=submit].dem-button:focus,a.dem-button:focus,.dem-button:focus{outline:none}input[type=submit].dem-button:disabled,a.dem-button:disabled,.dem-button:disabled{opacity:.6;cursor:not-allowed}a.dem-button:hover{text-decoration:none !important}.democracy{position:relative;margin:0 auto}.democracy input[type=radio],.democracy input[type=checkbox]{margin-right:.2em}.dem-screen{position:relative;line-height:1.3}.democracy ul.dem-vote{margin-bottom:1em}.democracy ul.dem-vote li{padding-bottom:0;margin-bottom:0}.democracy ul.dem-vote li>*{margin-bottom:.6em}.democracy ul.dem-answers li{padding-bottom:1em}.dem-answers .dem-label{margin-bottom:.2em;line-height:1.2}.dem-graph{position:relative;color:#555;color:rgba(0,0,0,.6);box-sizing:content-box;width:100%;display:table;height:1.2em;line-height:1.2em}.dem-fill{position:absolute;top:0;left:0;height:100%;background-color:#7cb4dd}.dem-voted-this .dem-fill{background-color:#ffc45a}.dem-votes-txt,.dem-percent-txt{position:relative;display:table-cell;padding-left:.3em;vertical-align:middle;font-size:90%}.dem-poll-info{padding-bottom:1em}.dem-poll-info:after{content:'';display:table;clear:both}.dem-poll-info>*{font-size:85%;display:block;float:right;clear:both;text-align:right;opacity:.7;line-height:1.3}.dem-vote label{float:none;display:block}.dem-results-link{display:inline-block;line-height:1;margin:.8em 1em}.dem-vote .dem-disabled{opacity:.5}.democracy .dem-bottom{padding-bottom:1em}.dem-bottom{text-align:center}.dem-bottom:after{content:'';display:table;clear:both}.dem-poll-title{display:block;margin-bottom:1.5em;margin-top:1.2em;font-size:120%}.dem-notice{z-index:10;position:absolute;top:0;border-radius:2px;width:100%;padding:1.5em 2em;text-align:center;background:rgba(247,241,212,.8);color:#6d6214}.dem-notice-close{position:absolute;top:0;right:0;padding:5px;cursor:pointer;line-height:.6;font-size:150%}.dem-notice-close:hover{color:#d26616}.dem-star{font-size:90%;vertical-align:baseline;padding-left:.3em;color:#ff4e00}.dem-poll-note{font-size:90%;padding:.5em;opacity:.8;line-height:1.3}.democracy .dem-copyright{position:absolute;bottom:-1em;right:0;text-decoration:none;border-bottom:0;color:#b2b2b2;opacity:.5;line-height:1}.democracy .dem-copyright:hover{opacity:1}.dem-add-answer{position:relative}.dem-add-answer>*{display:block}.dem-add-answer a{display:inline-block}input.dem-add-answer-txt{width:100%;box-sizing:border-box}.dem-add-answer-close{position:absolute;right:0;padding:0 .7em;cursor:pointer;color:#333}.dem-add-answer-close:hover{color:#ff2700}.dem-edit-link{display:block;position:absolute;top:0;right:0;line-height:1;text-decoration:none !important;border:none !important}.dem-edit-link svg{width:1.2em!important;fill:#6c6c6c}.dem-edit-link:hover svg{fill:#35a91d}.dem-loader{display:none;position:absolute;top:0;left:0;width:100%;height:100%}.dem-loader>*{display:table-cell;vertical-align:middle;text-align:center}.dem-loader svg{width:20%;max-width:100px;min-width:80px;margin-bottom:15%}.dem-loader [class^=dem-]{margin-bottom:15%!important}.dem__collapser{display:block;cursor:pointer;text-align:center;font-size:150%;line-height:1}.dem__collapser:hover{color:#f31;background:rgba(255,255,255,.3)}.dem__collapser.expanded{position:relative;height:1em}.dem__collapser.collapsed{position:absolute;top:0;bottom:0;right:0;left:0}.dem__collapser .arr{display:block;position:absolute;bottom:0;width:100%}.dem__collapser.collapsed .arr:before{content:\"\u25be\"}.dem__collapser.expanded .arr:before{content:\"\u25b4\"}.dem-poll-shortcode{margin-bottom:1.5em}.dem-archives .dem-elem-wrap{margin-bottom:2em;padding-bottom:20px;border-bottom:1px dashed rgba(0,0,0,.1)}.dem-archives .dem-archive-link{display:none}.dem-paging{text-align:center;margin:1.5em auto}.dem-paging>*{display:inline-block;padding:.3em .8em;border-radius:.2em;background:#e2e2e2;color:#333;text-decoration:none;text-transform:lowercase;user-select:none}.dem-paging>a{color:#333}.dem-paging>a:hover{background:#ccc;color:#333;text-decoration:none}.dem-paging .current{background:#656565;color:#fff}.dem-paging .dots{background:0 0}.democracy{border-color:#ccc;border:1px solid rgba(0,0,0,.1);background-color:#eee;background-color:rgba(0,0,0,.1);background-image:-webkit-linear-gradient(bottom,rgba(0,0,0,.05),transparent);background-image:linear-gradient(to top,rgba(0,0,0,.05),transparent);padding:1em;padding-bottom:.5em;margin-bottom:1em}.dem-poll-title{margin:0;font-size:115%;margin:-.9em;margin-bottom:1em;text-align:center;padding:1em;border-bottom:1px solid rgba(0,0,0,.1)}.dem-percent-txt,.dem-label-percent-txt{display:none}.dem-votes-txt-percent:before{content:'- ';display:inline}.dem-revote-button:before{content:'\u25c2 '}.dem-graph{background-color:rgba(255,255,255,.8)}.dem-results-link{margin-bottom:0}.dem__checkbox,.dem__radio{display:none !important}.dem__checkbox_label,.dem__radio_label{position:relative;box-sizing:content-box}.dem__checkbox_label .dem__spot{border-radius:3px}.dem__radio_label .dem__spot{border-radius:50%}.dem__checkbox_label .dem__spot,.dem__radio_label .dem__spot{position:relative;display:inline-block;vertical-align:baseline;width:.9em;height:.9em;margin-right:.3em;cursor:pointer;background:#fff;border:1px solid #ccc}.dem__checkbox_label .dem__spot:after{width:.9em;height:.32em;top:-.1em;left:.145em;border:.17em solid #333;border-top:none;border-right:none;-webkit-transform:rotate(-45deg);transform:rotate(-45deg);background:0 0}.dem__radio_label .dem__spot:after{width:.5em;height:.5em;border-radius:50%;top:50%;left:50%;-webkit-transform:translate(-50%,-50%);transform:translate(-50%,-50%);background:#333}.dem__checkbox_label .dem__spot:after,.dem__radio_label .dem__spot:after{content:'';position:absolute;opacity:0}.dem__checkbox_label:hover .dem__spot:after,.dem__radio_label:hover .dem__spot:after{opacity:.2}.dem__checkbox:checked+.dem__spot,.dem__radio:checked+.dem__spot{border-color:#999}.dem__checkbox:checked+.dem__spot:after,.dem__radio:checked+.dem__spot:after{opacity:1}.dem__checkbox:disabled+.dem__spot,.dem__radio:disabled+.dem__spot{opacity:.5}.dem__checkbox:not(:checked):disabled+.dem__spot:after,.dem__radio:not(:checked):disabled+.dem__spot:after{opacity:0}input[type=submit].dem-button,a.dem-button,.dem-button{font-size:90%;font-family:tahoma,arial,sans-serif;padding:.8em 1.6em !important;color:#fff;background:#61a9de;text-transform:uppercase}input[type=submit].dem-button:hover,a.dem-button:hover,.dem-button:hover{color:#fff;background:#3b8bc6}a.dem-button:visited{color:#fff}.dem-loader .fill{fill:#0248ed !important}.dem-loader .css-fill{background-color:#0248ed !important}.dem-loader .stroke{stroke:#0248ed !important}.dem-graph{background:#a5a5a5 !important}.dem-fill{background-color:#1c62ed !important}.dem-voted-this .dem-fill{background-color:#30a82a !important}.dem-graph{height:25px;line-height:25px}.dem-button{background-color:#f71339 !important}.dem-button{color:#efefef !important}.democracy{background-color:#fff;color:#000}.dem-poll-info{color:#000}.dem-votes-txt,.dem-percent-txt{color:#fff}<\/style>\n<div id=\"democracy-427\" class=\"democracy\" data-opts='{\"ajax_url\":\"https:\\\/\\\/dicodusport.fr\\\/blog\\\/wp-admin\\\/admin-ajax.php\",\"pid\":427,\"max_answs\":0,\"answs_max_height\":\"-1\",\"anim_speed\":\"400\",\"line_anim_speed\":1500}' ><strong class=\"dem-poll-title\">Choisissez votre pilier gauche<\/strong><div class=\"dem-screen voted\"><ul class=\"dem-answers\" data-voted-class=\"dem-voted-this\" data-voted-txt=\"(Votre vote)\">\n\t<li  class=\"dem-winner\" title=\"955 voix - 63% des votes\" data-aid=\"1668\">\n\t<div class=\"dem-label\">Manu Diaz (1975-1989)  <span class=\"dem-label-percent-txt\">63%, 955 <span class=\"votxt\">voix<\/span><\/span><\/div>\n\t<div class=\"dem-graph\">\n\t\t<div class=\"dem-fill\" data-width=\"100%\"><\/div>\n\t\t<div class=\"dem-votes-txt\">\n\t\t\t<span class=\"dem-votes-txt-votes\">955 <span class=\"votxt\">voix<\/span><\/span>\n\t\t\t<span class=\"dem-votes-txt-percent\">63%<\/span>\n\t\t<\/div>\n\t\t<div class=\"dem-percent-txt\">955 voix - 63% des votes<\/div>\n\t<\/div>\n<\/li><li  title=\"380 voix - 25% des votes\" data-aid=\"1669\">\n\t<div class=\"dem-label\">Michel P\u00e9ri\u00e9 (1988-2001 et 2004-2006)  <span class=\"dem-label-percent-txt\">25%, 380 <span class=\"votxt\">voix<\/span><\/span><\/div>\n\t<div class=\"dem-graph\">\n\t\t<div class=\"dem-fill\" data-width=\"40%\"><\/div>\n\t\t<div class=\"dem-votes-txt\">\n\t\t\t<span class=\"dem-votes-txt-votes\">380 <span class=\"votxt\">voix<\/span><\/span>\n\t\t\t<span class=\"dem-votes-txt-percent\">25%<\/span>\n\t\t<\/div>\n\t\t<div class=\"dem-percent-txt\">380 voix - 25% des votes<\/div>\n\t<\/div>\n<\/li><li  title=\"133 voix - 9% des votes\" data-aid=\"1670\">\n\t<div class=\"dem-label\">Jean-Claude Ballatore  <span class=\"dem-label-percent-txt\">9%, 133 <span class=\"votxt\">voix<\/span><\/span><\/div>\n\t<div class=\"dem-graph\">\n\t\t<div class=\"dem-fill\" data-width=\"14%\"><\/div>\n\t\t<div class=\"dem-votes-txt\">\n\t\t\t<span class=\"dem-votes-txt-votes\">133 <span class=\"votxt\">voix<\/span><\/span>\n\t\t\t<span class=\"dem-votes-txt-percent\">9%<\/span>\n\t\t<\/div>\n\t\t<div class=\"dem-percent-txt\">133 voix - 9% des votes<\/div>\n\t<\/div>\n<\/li><li  title=\"36 voix - 2% des votes\" data-aid=\"1667\">\n\t<div class=\"dem-label\">Jules Hauc (1925-1939)  <span class=\"dem-label-percent-txt\">2%, 36 <span class=\"votxt\">voix<\/span><\/span><\/div>\n\t<div class=\"dem-graph\">\n\t\t<div class=\"dem-fill\" data-width=\"4%\"><\/div>\n\t\t<div class=\"dem-votes-txt\">\n\t\t\t<span class=\"dem-votes-txt-votes\">36 <span class=\"votxt\">voix<\/span><\/span>\n\t\t\t<span class=\"dem-votes-txt-percent\">2%<\/span>\n\t\t<\/div>\n\t\t<div class=\"dem-percent-txt\">36 voix - 2% des votes<\/div>\n\t<\/div>\n<\/li>\n<\/ul>\n<div class=\"dem-bottom\">\n\t<div class=\"dem-poll-info\">\n\t\t<div class=\"dem-total-votes\">Total des votes : 1504<\/div>\n\t\t\n\t\t<div class=\"dem-date\" title=\"D\u00e9but\">\n\t\t\t<span class=\"dem-begin-date\">13 avril 2020<\/span> - <span class=\"dem-end-date\" title=\"Fin\">6 mai 2020<\/span>\n\t\t<\/div>\n\t\t\n\t\t<div>Les votes sont clos<\/div>\n\t\t\n\t<\/div>\n\t\n<\/div><\/div><noscript>Poll Options are limited because JavaScript is disabled in your browser.<\/noscript><div class=\"dem-loader\"><div><style type=\"text\/css\">\n.dem-circle {\n  width:100%;\n  height:100%;\n  min-width:40px;\n  min-height:40px;\n  max-width:70px;\n  max-height:70px;\n\n  position: relative;\n  margin: 0 auto;\n}\n\n.double-bounce1, .double-bounce2 {\n  width: 100%;\n  height: 100%;\n  border-radius: 50%;\n  background-color: #226ec6;\n  opacity: 0.6;\n  position: absolute;\n  top: 0;\n  left: 0;\n  \n  -webkit-animation: bounce 2.0s infinite ease-in-out;\n  animation: bounce 2.0s infinite ease-in-out;\n}\n\n.double-bounce2 {\n  -webkit-animation-delay: -1.0s;\n  animation-delay: -1.0s;\n}\n\n@-webkit-keyframes bounce {\n  0%, 100% { -webkit-transform: scale(0.0) }\n  50% { -webkit-transform: scale(1.0) }\n}\n\n@keyframes bounce {\n  0%, 100% { \n    transform: scale(0.0);\n    -webkit-transform: scale(0.0);\n  } 50% { \n    transform: scale(1.0);\n    -webkit-transform: scale(1.0);\n  }\n}<\/style>\n\n<div class=\"dem-circle\">\n  <div class=\"double-bounce1 css-fill\"><\/div>\n  <div class=\"double-bounce2 css-fill\"><\/div>\n<\/div><\/div><\/div><\/div><!--democracy--><\/div>\n<div class=\"dem-poll-shortcode\"><div id=\"democracy-428\" class=\"democracy\" data-opts='{\"ajax_url\":\"https:\\\/\\\/dicodusport.fr\\\/blog\\\/wp-admin\\\/admin-ajax.php\",\"pid\":428,\"max_answs\":0,\"answs_max_height\":\"-1\",\"anim_speed\":\"400\",\"line_anim_speed\":1500}' ><strong class=\"dem-poll-title\">Choisissez votre talonneur<\/strong><div class=\"dem-screen voted\"><ul class=\"dem-answers\" data-voted-class=\"dem-voted-this\" data-voted-txt=\"(Votre vote)\">\n\t<li  class=\"dem-winner\" title=\"522 voix - 34% des votes\" data-aid=\"1678\">\n\t<div class=\"dem-label\">Guilhem Guirado (2014-2019)  <span class=\"dem-label-percent-txt\">34%, 522 <span class=\"votxt\">voix<\/span><\/span><\/div>\n\t<div class=\"dem-graph\">\n\t\t<div class=\"dem-fill\" data-width=\"100%\"><\/div>\n\t\t<div class=\"dem-votes-txt\">\n\t\t\t<span class=\"dem-votes-txt-votes\">522 <span class=\"votxt\">voix<\/span><\/span>\n\t\t\t<span class=\"dem-votes-txt-percent\">34%<\/span>\n\t\t<\/div>\n\t\t<div class=\"dem-percent-txt\">522 voix - 34% des votes<\/div>\n\t<\/div>\n<\/li><li  title=\"389 voix - 25% des votes\" data-aid=\"1674\">\n\t<div class=\"dem-label\">Marc de Rougemont (1991-1998 et 2000-2001)  <span class=\"dem-label-percent-txt\">25%, 389 <span class=\"votxt\">voix<\/span><\/span><\/div>\n\t<div class=\"dem-graph\">\n\t\t<div class=\"dem-fill\" data-width=\"75%\"><\/div>\n\t\t<div class=\"dem-votes-txt\">\n\t\t\t<span class=\"dem-votes-txt-votes\">389 <span class=\"votxt\">voix<\/span><\/span>\n\t\t\t<span class=\"dem-votes-txt-percent\">25%<\/span>\n\t\t<\/div>\n\t\t<div class=\"dem-percent-txt\">389 voix - 25% des votes<\/div>\n\t<\/div>\n<\/li><li  title=\"210 voix - 14% des votes\" data-aid=\"1672\">\n\t<div class=\"dem-label\">Bernard Herrero (1974-1976)  <span class=\"dem-label-percent-txt\">14%, 210 <span class=\"votxt\">voix<\/span><\/span><\/div>\n\t<div class=\"dem-graph\">\n\t\t<div class=\"dem-fill\" data-width=\"40%\"><\/div>\n\t\t<div class=\"dem-votes-txt\">\n\t\t\t<span class=\"dem-votes-txt-votes\">210 <span class=\"votxt\">voix<\/span><\/span>\n\t\t\t<span class=\"dem-votes-txt-percent\">14%<\/span>\n\t\t<\/div>\n\t\t<div class=\"dem-percent-txt\">210 voix - 14% des votes<\/div>\n\t<\/div>\n<\/li><li  title=\"165 voix - 11% des votes\" data-aid=\"1676\">\n\t<div class=\"dem-label\">S\u00e9bastien Bruno (2009-2015)  <span class=\"dem-label-percent-txt\">11%, 165 <span class=\"votxt\">voix<\/span><\/span><\/div>\n\t<div class=\"dem-graph\">\n\t\t<div class=\"dem-fill\" data-width=\"32%\"><\/div>\n\t\t<div class=\"dem-votes-txt\">\n\t\t\t<span class=\"dem-votes-txt-votes\">165 <span class=\"votxt\">voix<\/span><\/span>\n\t\t\t<span class=\"dem-votes-txt-percent\">11%<\/span>\n\t\t<\/div>\n\t\t<div class=\"dem-percent-txt\">165 voix - 11% des votes<\/div>\n\t<\/div>\n<\/li><li  title=\"114 voix - 7% des votes\" data-aid=\"1675\">\n\t<div class=\"dem-label\">Philip Fitzgerald (1999-2010)  <span class=\"dem-label-percent-txt\">7%, 114 <span class=\"votxt\">voix<\/span><\/span><\/div>\n\t<div class=\"dem-graph\">\n\t\t<div class=\"dem-fill\" data-width=\"22%\"><\/div>\n\t\t<div class=\"dem-votes-txt\">\n\t\t\t<span class=\"dem-votes-txt-votes\">114 <span class=\"votxt\">voix<\/span><\/span>\n\t\t\t<span class=\"dem-votes-txt-percent\">7%<\/span>\n\t\t<\/div>\n\t\t<div class=\"dem-percent-txt\">114 voix - 7% des votes<\/div>\n\t<\/div>\n<\/li><li  title=\"79 voix - 5% des votes\" data-aid=\"1673\">\n\t<div class=\"dem-label\">\u00c9ric Dasalmartini (1985-1996 et 1990-2000)  <span class=\"dem-label-percent-txt\">5%, 79 <span class=\"votxt\">voix<\/span><\/span><\/div>\n\t<div class=\"dem-graph\">\n\t\t<div class=\"dem-fill\" data-width=\"15%\"><\/div>\n\t\t<div class=\"dem-votes-txt\">\n\t\t\t<span class=\"dem-votes-txt-votes\">79 <span class=\"votxt\">voix<\/span><\/span>\n\t\t\t<span class=\"dem-votes-txt-percent\">5%<\/span>\n\t\t<\/div>\n\t\t<div class=\"dem-percent-txt\">79 voix - 5% des votes<\/div>\n\t<\/div>\n<\/li><li  title=\"49 voix - 3% des votes\" data-aid=\"1677\">\n\t<div class=\"dem-label\">Jean-Charles Orioli (2009-2017)  <span class=\"dem-label-percent-txt\">3%, 49 <span class=\"votxt\">voix<\/span><\/span><\/div>\n\t<div class=\"dem-graph\">\n\t\t<div class=\"dem-fill\" data-width=\"9%\"><\/div>\n\t\t<div class=\"dem-votes-txt\">\n\t\t\t<span class=\"dem-votes-txt-votes\">49 <span class=\"votxt\">voix<\/span><\/span>\n\t\t\t<span class=\"dem-votes-txt-percent\">3%<\/span>\n\t\t<\/div>\n\t\t<div class=\"dem-percent-txt\">49 voix - 3% des votes<\/div>\n\t<\/div>\n<\/li><li  title=\"2 voix - 0% des votes\" data-aid=\"1671\">\n\t<div class=\"dem-label\">Ren\u00e9 Namur (1930-1945)  <span class=\"dem-label-percent-txt\">0%, 2 <span class=\"votxt\">voix<\/span><\/span><\/div>\n\t<div class=\"dem-graph\">\n\t\t<div class=\"dem-fill\" data-width=\"1px\"><\/div>\n\t\t<div class=\"dem-votes-txt\">\n\t\t\t<span class=\"dem-votes-txt-votes\">2 <span class=\"votxt\">voix<\/span><\/span>\n\t\t\t\n\t\t<\/div>\n\t\t<div class=\"dem-percent-txt\">2 voix - 0% des votes<\/div>\n\t<\/div>\n<\/li>\n<\/ul>\n<div class=\"dem-bottom\">\n\t<div class=\"dem-poll-info\">\n\t\t<div class=\"dem-total-votes\">Total des votes : 1530<\/div>\n\t\t\n\t\t<div class=\"dem-date\" title=\"D\u00e9but\">\n\t\t\t<span class=\"dem-begin-date\">13 avril 2020<\/span> - <span class=\"dem-end-date\" title=\"Fin\">6 mai 2020<\/span>\n\t\t<\/div>\n\t\t\n\t\t<div>Les votes sont clos<\/div>\n\t\t\n\t<\/div>\n\t\n<\/div><\/div><noscript>Poll Options are limited because JavaScript is disabled in your browser.<\/noscript><\/div><!--democracy--><\/div>\n<div class=\"dem-poll-shortcode\"><div id=\"democracy-429\" class=\"democracy\" data-opts='{\"ajax_url\":\"https:\\\/\\\/dicodusport.fr\\\/blog\\\/wp-admin\\\/admin-ajax.php\",\"pid\":429,\"max_answs\":0,\"answs_max_height\":\"-1\",\"anim_speed\":\"400\",\"line_anim_speed\":1500}' ><strong class=\"dem-poll-title\">Choisissez votre pilier droit<\/strong><div class=\"dem-screen voted\"><ul class=\"dem-answers\" data-voted-class=\"dem-voted-this\" data-voted-txt=\"(Votre vote)\">\n\t<li  class=\"dem-winner\" title=\"1317 voix - 86% des votes\" data-aid=\"1682\">\n\t<div class=\"dem-label\">Carl Hayman (2010-2015)  <span class=\"dem-label-percent-txt\">86%, 1317 <span class=\"votxt\">voix<\/span><\/span><\/div>\n\t<div class=\"dem-graph\">\n\t\t<div class=\"dem-fill\" data-width=\"100%\"><\/div>\n\t\t<div class=\"dem-votes-txt\">\n\t\t\t<span class=\"dem-votes-txt-votes\">1317 <span class=\"votxt\">voix<\/span><\/span>\n\t\t\t<span class=\"dem-votes-txt-percent\">86%<\/span>\n\t\t<\/div>\n\t\t<div class=\"dem-percent-txt\">1317 voix - 86% des votes<\/div>\n\t<\/div>\n<\/li><li  title=\"130 voix - 9% des votes\" data-aid=\"1680\">\n\t<div class=\"dem-label\">Arnaldo Gruarin (1964-1971)  <span class=\"dem-label-percent-txt\">9%, 130 <span class=\"votxt\">voix<\/span><\/span><\/div>\n\t<div class=\"dem-graph\">\n\t\t<div class=\"dem-fill\" data-width=\"10%\"><\/div>\n\t\t<div class=\"dem-votes-txt\">\n\t\t\t<span class=\"dem-votes-txt-votes\">130 <span class=\"votxt\">voix<\/span><\/span>\n\t\t\t<span class=\"dem-votes-txt-percent\">9%<\/span>\n\t\t<\/div>\n\t\t<div class=\"dem-percent-txt\">130 voix - 9% des votes<\/div>\n\t<\/div>\n<\/li><li  title=\"47 voix - 3% des votes\" data-aid=\"1681\">\n\t<div class=\"dem-label\">Yann Braendlin (1985-1992)  <span class=\"dem-label-percent-txt\">3%, 47 <span class=\"votxt\">voix<\/span><\/span><\/div>\n\t<div class=\"dem-graph\">\n\t\t<div class=\"dem-fill\" data-width=\"4%\"><\/div>\n\t\t<div class=\"dem-votes-txt\">\n\t\t\t<span class=\"dem-votes-txt-votes\">47 <span class=\"votxt\">voix<\/span><\/span>\n\t\t\t<span class=\"dem-votes-txt-percent\">3%<\/span>\n\t\t<\/div>\n\t\t<div class=\"dem-percent-txt\">47 voix - 3% des votes<\/div>\n\t<\/div>\n<\/li><li  title=\"34 voix - 2% des votes\" data-aid=\"1679\">\n\t<div class=\"dem-label\">Jean Prin-Clary (1932-1934, 1935-1939, 1945-1946 et 1949-1950)  <span class=\"dem-label-percent-txt\">2%, 34 <span class=\"votxt\">voix<\/span><\/span><\/div>\n\t<div class=\"dem-graph\">\n\t\t<div class=\"dem-fill\" data-width=\"3%\"><\/div>\n\t\t<div class=\"dem-votes-txt\">\n\t\t\t<span class=\"dem-votes-txt-votes\">34 <span class=\"votxt\">voix<\/span><\/span>\n\t\t\t<span class=\"dem-votes-txt-percent\">2%<\/span>\n\t\t<\/div>\n\t\t<div class=\"dem-percent-txt\">34 voix - 2% des votes<\/div>\n\t<\/div>\n<\/li>\n<\/ul>\n<div class=\"dem-bottom\">\n\t<div class=\"dem-poll-info\">\n\t\t<div class=\"dem-total-votes\">Total des votes : 1528<\/div>\n\t\t\n\t\t<div class=\"dem-date\" title=\"D\u00e9but\">\n\t\t\t<span class=\"dem-begin-date\">13 avril 2020<\/span> - <span class=\"dem-end-date\" title=\"Fin\">6 mai 2020<\/span>\n\t\t<\/div>\n\t\t\n\t\t<div>Les votes sont clos<\/div>\n\t\t\n\t<\/div>\n\t\n<\/div><\/div><noscript>Poll Options are limited because JavaScript is disabled in your browser.<\/noscript><\/div><!--democracy--><\/div>\n<div class=\"dem-poll-shortcode\"><div id=\"democracy-430\" class=\"democracy\" data-opts='{\"ajax_url\":\"https:\\\/\\\/dicodusport.fr\\\/blog\\\/wp-admin\\\/admin-ajax.php\",\"pid\":430,\"max_answs\":2,\"answs_max_height\":\"-1\",\"anim_speed\":\"400\",\"line_anim_speed\":1500}' ><strong class=\"dem-poll-title\">Choisissez vos deuxi\u00e8mes lignes (Deux choix)<\/strong><div class=\"dem-screen voted\"><ul class=\"dem-answers\" data-voted-class=\"dem-voted-this\" data-voted-txt=\"(Votre vote)\">\n\t<li  class=\"dem-winner\" title=\"1345 voix - 49% des votes\" data-aid=\"1691\">\n\t<div class=\"dem-label\">Bakkies Botha (2011-2015)  <span class=\"dem-label-percent-txt\">49%, 1345 <span class=\"votxt\">voix<\/span><\/span><\/div>\n\t<div class=\"dem-graph\">\n\t\t<div class=\"dem-fill\" data-width=\"100%\"><\/div>\n\t\t<div class=\"dem-votes-txt\">\n\t\t\t<span class=\"dem-votes-txt-votes\">1345 <span class=\"votxt\">voix<\/span><\/span>\n\t\t\t<span class=\"dem-votes-txt-percent\">49%<\/span>\n\t\t<\/div>\n\t\t<div class=\"dem-percent-txt\">1345 voix - 49% des votes<\/div>\n\t<\/div>\n<\/li><li  title=\"487 voix - 18% des votes\" data-aid=\"1692\">\n\t<div class=\"dem-label\">Ali Williams (2013-2015)  <span class=\"dem-label-percent-txt\">18%, 487 <span class=\"votxt\">voix<\/span><\/span><\/div>\n\t<div class=\"dem-graph\">\n\t\t<div class=\"dem-fill\" data-width=\"36%\"><\/div>\n\t\t<div class=\"dem-votes-txt\">\n\t\t\t<span class=\"dem-votes-txt-votes\">487 <span class=\"votxt\">voix<\/span><\/span>\n\t\t\t<span class=\"dem-votes-txt-percent\">18%<\/span>\n\t\t<\/div>\n\t\t<div class=\"dem-percent-txt\">487 voix - 18% des votes<\/div>\n\t<\/div>\n<\/li><li  title=\"396 voix - 14% des votes\" data-aid=\"1683\">\n\t<div class=\"dem-label\">Andr\u00e9 Herrero (1960-1971)  <span class=\"dem-label-percent-txt\">14%, 396 <span class=\"votxt\">voix<\/span><\/span><\/div>\n\t<div class=\"dem-graph\">\n\t\t<div class=\"dem-fill\" data-width=\"29%\"><\/div>\n\t\t<div class=\"dem-votes-txt\">\n\t\t\t<span class=\"dem-votes-txt-votes\">396 <span class=\"votxt\">voix<\/span><\/span>\n\t\t\t<span class=\"dem-votes-txt-percent\">14%<\/span>\n\t\t<\/div>\n\t\t<div class=\"dem-percent-txt\">396 voix - 14% des votes<\/div>\n\t<\/div>\n<\/li><li  title=\"191 voix - 7% des votes\" data-aid=\"1690\">\n\t<div class=\"dem-label\">Jocelino Suta (2008-2018)  <span class=\"dem-label-percent-txt\">7%, 191 <span class=\"votxt\">voix<\/span><\/span><\/div>\n\t<div class=\"dem-graph\">\n\t\t<div class=\"dem-fill\" data-width=\"14%\"><\/div>\n\t\t<div class=\"dem-votes-txt\">\n\t\t\t<span class=\"dem-votes-txt-votes\">191 <span class=\"votxt\">voix<\/span><\/span>\n\t\t\t<span class=\"dem-votes-txt-percent\">7%<\/span>\n\t\t<\/div>\n\t\t<div class=\"dem-percent-txt\">191 voix - 7% des votes<\/div>\n\t<\/div>\n<\/li><li  title=\"136 voix - 5% des votes\" data-aid=\"1687\">\n\t<div class=\"dem-label\">G\u00e9rald Orsoni (1991-1995 et 2003-2007)  <span class=\"dem-label-percent-txt\">5%, 136 <span class=\"votxt\">voix<\/span><\/span><\/div>\n\t<div class=\"dem-graph\">\n\t\t<div class=\"dem-fill\" data-width=\"10%\"><\/div>\n\t\t<div class=\"dem-votes-txt\">\n\t\t\t<span class=\"dem-votes-txt-votes\">136 <span class=\"votxt\">voix<\/span><\/span>\n\t\t\t<span class=\"dem-votes-txt-percent\">5%<\/span>\n\t\t<\/div>\n\t\t<div class=\"dem-percent-txt\">136 voix - 5% des votes<\/div>\n\t<\/div>\n<\/li><li  title=\"98 voix - 4% des votes\" data-aid=\"1685\">\n\t<div class=\"dem-label\">Yvan Roux (1983-1994)  <span class=\"dem-label-percent-txt\">4%, 98 <span class=\"votxt\">voix<\/span><\/span><\/div>\n\t<div class=\"dem-graph\">\n\t\t<div class=\"dem-fill\" data-width=\"7%\"><\/div>\n\t\t<div class=\"dem-votes-txt\">\n\t\t\t<span class=\"dem-votes-txt-votes\">98 <span class=\"votxt\">voix<\/span><\/span>\n\t\t\t<span class=\"dem-votes-txt-percent\">4%<\/span>\n\t\t<\/div>\n\t\t<div class=\"dem-percent-txt\">98 voix - 4% des votes<\/div>\n\t<\/div>\n<\/li><li  title=\"30 voix - 1% des votes\" data-aid=\"1688\">\n\t<div class=\"dem-label\">Franck Alazet 1997-1999 et 2002-2008)  <span class=\"dem-label-percent-txt\">1%, 30 <span class=\"votxt\">voix<\/span><\/span><\/div>\n\t<div class=\"dem-graph\">\n\t\t<div class=\"dem-fill\" data-width=\"2%\"><\/div>\n\t\t<div class=\"dem-votes-txt\">\n\t\t\t<span class=\"dem-votes-txt-votes\">30 <span class=\"votxt\">voix<\/span><\/span>\n\t\t\t<span class=\"dem-votes-txt-percent\">1%<\/span>\n\t\t<\/div>\n\t\t<div class=\"dem-percent-txt\">30 voix - 1% des votes<\/div>\n\t<\/div>\n<\/li><li  title=\"27 voix - 1% des votes\" data-aid=\"1684\">\n\t<div class=\"dem-label\">Alain Guilbert (1972-1982)  <span class=\"dem-label-percent-txt\">1%, 27 <span class=\"votxt\">voix<\/span><\/span><\/div>\n\t<div class=\"dem-graph\">\n\t\t<div class=\"dem-fill\" data-width=\"2%\"><\/div>\n\t\t<div class=\"dem-votes-txt\">\n\t\t\t<span class=\"dem-votes-txt-votes\">27 <span class=\"votxt\">voix<\/span><\/span>\n\t\t\t<span class=\"dem-votes-txt-percent\">1%<\/span>\n\t\t<\/div>\n\t\t<div class=\"dem-percent-txt\">27 voix - 1% des votes<\/div>\n\t<\/div>\n<\/li><li  title=\"23 voix - 1% des votes\" data-aid=\"1686\">\n\t<div class=\"dem-label\">Bruno Motteroz (1988-1995)  <span class=\"dem-label-percent-txt\">1%, 23 <span class=\"votxt\">voix<\/span><\/span><\/div>\n\t<div class=\"dem-graph\">\n\t\t<div class=\"dem-fill\" data-width=\"2%\"><\/div>\n\t\t<div class=\"dem-votes-txt\">\n\t\t\t<span class=\"dem-votes-txt-votes\">23 <span class=\"votxt\">voix<\/span><\/span>\n\t\t\t<span class=\"dem-votes-txt-percent\">1%<\/span>\n\t\t<\/div>\n\t\t<div class=\"dem-percent-txt\">23 voix - 1% des votes<\/div>\n\t<\/div>\n<\/li><li  title=\"3 voix - 0% des votes\" data-aid=\"1689\">\n\t<div class=\"dem-label\">Nico Breedt (2006-2008)  <span class=\"dem-label-percent-txt\">0%, 3 <span class=\"votxt\">voix<\/span><\/span><\/div>\n\t<div class=\"dem-graph\">\n\t\t<div class=\"dem-fill\" data-width=\"1px\"><\/div>\n\t\t<div class=\"dem-votes-txt\">\n\t\t\t<span class=\"dem-votes-txt-votes\">3 <span class=\"votxt\">voix<\/span><\/span>\n\t\t\t\n\t\t<\/div>\n\t\t<div class=\"dem-percent-txt\">3 voix - 0% des votes<\/div>\n\t<\/div>\n<\/li>\n<\/ul>\n<div class=\"dem-bottom\">\n\t<div class=\"dem-poll-info\">\n\t\t<div class=\"dem-total-votes\">Total des votes : 2736<\/div>\n\t\t<div class=\"dem-users-voted\">Votants : 1524<\/div>\n\t\t<div class=\"dem-date\" title=\"D\u00e9but\">\n\t\t\t<span class=\"dem-begin-date\">13 avril 2020<\/span> - <span class=\"dem-end-date\" title=\"Fin\">6 mai 2020<\/span>\n\t\t<\/div>\n\t\t\n\t\t<div>Les votes sont clos<\/div>\n\t\t\n\t<\/div>\n\t\n<\/div><\/div><noscript>Poll Options are limited because JavaScript is disabled in your browser.<\/noscript><\/div><!--democracy--><\/div>\n<div class=\"dem-poll-shortcode\"><div id=\"democracy-431\" class=\"democracy\" data-opts='{\"ajax_url\":\"https:\\\/\\\/dicodusport.fr\\\/blog\\\/wp-admin\\\/admin-ajax.php\",\"pid\":431,\"max_answs\":2,\"answs_max_height\":\"-1\",\"anim_speed\":\"400\",\"line_anim_speed\":1500}' ><strong class=\"dem-poll-title\">Choisissez vos troisi\u00e8mes lignes ailes (Deux choix)<\/strong><div class=\"dem-screen voted\"><ul class=\"dem-answers\" data-voted-class=\"dem-voted-this\" data-voted-txt=\"(Votre vote)\">\n\t<li  class=\"dem-winner\" title=\"915 voix - 29% des votes\" data-aid=\"1701\">\n\t<div class=\"dem-label\">Juan Mart\u00edn Fern\u00e1ndez Lobbe (2009-2018)  <span class=\"dem-label-percent-txt\">29%, 915 <span class=\"votxt\">voix<\/span><\/span><\/div>\n\t<div class=\"dem-graph\">\n\t\t<div class=\"dem-fill\" data-width=\"100%\"><\/div>\n\t\t<div class=\"dem-votes-txt\">\n\t\t\t<span class=\"dem-votes-txt-votes\">915 <span class=\"votxt\">voix<\/span><\/span>\n\t\t\t<span class=\"dem-votes-txt-percent\">29%<\/span>\n\t\t<\/div>\n\t\t<div class=\"dem-percent-txt\">915 voix - 29% des votes<\/div>\n\t<\/div>\n<\/li><li  title=\"837 voix - 27% des votes\" data-aid=\"1696\">\n\t<div class=\"dem-label\">\u00c9ric Champ (1979-1996)  <span class=\"dem-label-percent-txt\">27%, 837 <span class=\"votxt\">voix<\/span><\/span><\/div>\n\t<div class=\"dem-graph\">\n\t\t<div class=\"dem-fill\" data-width=\"91%\"><\/div>\n\t\t<div class=\"dem-votes-txt\">\n\t\t\t<span class=\"dem-votes-txt-votes\">837 <span class=\"votxt\">voix<\/span><\/span>\n\t\t\t<span class=\"dem-votes-txt-percent\">27%<\/span>\n\t\t<\/div>\n\t\t<div class=\"dem-percent-txt\">837 voix - 27% des votes<\/div>\n\t<\/div>\n<\/li><li  title=\"375 voix - 12% des votes\" data-aid=\"1699\">\n\t<div class=\"dem-label\">Gregori Labadze (2000-2009)  <span class=\"dem-label-percent-txt\">12%, 375 <span class=\"votxt\">voix<\/span><\/span><\/div>\n\t<div class=\"dem-graph\">\n\t\t<div class=\"dem-fill\" data-width=\"41%\"><\/div>\n\t\t<div class=\"dem-votes-txt\">\n\t\t\t<span class=\"dem-votes-txt-votes\">375 <span class=\"votxt\">voix<\/span><\/span>\n\t\t\t<span class=\"dem-votes-txt-percent\">12%<\/span>\n\t\t<\/div>\n\t\t<div class=\"dem-percent-txt\">375 voix - 12% des votes<\/div>\n\t<\/div>\n<\/li><li  title=\"352 voix - 11% des votes\" data-aid=\"1703\">\n\t<div class=\"dem-label\">Juan Smith (2013-2017)  <span class=\"dem-label-percent-txt\">11%, 352 <span class=\"votxt\">voix<\/span><\/span><\/div>\n\t<div class=\"dem-graph\">\n\t\t<div class=\"dem-fill\" data-width=\"38%\"><\/div>\n\t\t<div class=\"dem-votes-txt\">\n\t\t\t<span class=\"dem-votes-txt-votes\">352 <span class=\"votxt\">voix<\/span><\/span>\n\t\t\t<span class=\"dem-votes-txt-percent\">11%<\/span>\n\t\t<\/div>\n\t\t<div class=\"dem-percent-txt\">352 voix - 11% des votes<\/div>\n\t<\/div>\n<\/li><li  title=\"206 voix - 7% des votes\" data-aid=\"1702\">\n\t<div class=\"dem-label\">Chris Masoe (2012-2015)  <span class=\"dem-label-percent-txt\">7%, 206 <span class=\"votxt\">voix<\/span><\/span><\/div>\n\t<div class=\"dem-graph\">\n\t\t<div class=\"dem-fill\" data-width=\"23%\"><\/div>\n\t\t<div class=\"dem-votes-txt\">\n\t\t\t<span class=\"dem-votes-txt-votes\">206 <span class=\"votxt\">voix<\/span><\/span>\n\t\t\t<span class=\"dem-votes-txt-percent\">7%<\/span>\n\t\t<\/div>\n\t\t<div class=\"dem-percent-txt\">206 voix - 7% des votes<\/div>\n\t<\/div>\n<\/li><li  title=\"149 voix - 5% des votes\" data-aid=\"1700\">\n\t<div class=\"dem-label\">Jerry Collins (2008-2009)  <span class=\"dem-label-percent-txt\">5%, 149 <span class=\"votxt\">voix<\/span><\/span><\/div>\n\t<div class=\"dem-graph\">\n\t\t<div class=\"dem-fill\" data-width=\"16%\"><\/div>\n\t\t<div class=\"dem-votes-txt\">\n\t\t\t<span class=\"dem-votes-txt-votes\">149 <span class=\"votxt\">voix<\/span><\/span>\n\t\t\t<span class=\"dem-votes-txt-percent\">5%<\/span>\n\t\t<\/div>\n\t\t<div class=\"dem-percent-txt\">149 voix - 5% des votes<\/div>\n\t<\/div>\n<\/li><li  title=\"141 voix - 4% des votes\" data-aid=\"1697\">\n\t<div class=\"dem-label\">Thierry Louvet (1987-1992)  <span class=\"dem-label-percent-txt\">4%, 141 <span class=\"votxt\">voix<\/span><\/span><\/div>\n\t<div class=\"dem-graph\">\n\t\t<div class=\"dem-fill\" data-width=\"15%\"><\/div>\n\t\t<div class=\"dem-votes-txt\">\n\t\t\t<span class=\"dem-votes-txt-votes\">141 <span class=\"votxt\">voix<\/span><\/span>\n\t\t\t<span class=\"dem-votes-txt-percent\">4%<\/span>\n\t\t<\/div>\n\t\t<div class=\"dem-percent-txt\">141 voix - 4% des votes<\/div>\n\t<\/div>\n<\/li><li  title=\"102 voix - 3% des votes\" data-aid=\"1694\">\n\t<div class=\"dem-label\">Christian Carr\u00e8re (1964-1978)  <span class=\"dem-label-percent-txt\">3%, 102 <span class=\"votxt\">voix<\/span><\/span><\/div>\n\t<div class=\"dem-graph\">\n\t\t<div class=\"dem-fill\" data-width=\"11%\"><\/div>\n\t\t<div class=\"dem-votes-txt\">\n\t\t\t<span class=\"dem-votes-txt-votes\">102 <span class=\"votxt\">voix<\/span><\/span>\n\t\t\t<span class=\"dem-votes-txt-percent\">3%<\/span>\n\t\t<\/div>\n\t\t<div class=\"dem-percent-txt\">102 voix - 3% des votes<\/div>\n\t<\/div>\n<\/li><li  title=\"59 voix - 2% des votes\" data-aid=\"1698\">\n\t<div class=\"dem-label\">L\u00e9on Loppy (1989-1996 et 2000)  <span class=\"dem-label-percent-txt\">2%, 59 <span class=\"votxt\">voix<\/span><\/span><\/div>\n\t<div class=\"dem-graph\">\n\t\t<div class=\"dem-fill\" data-width=\"6%\"><\/div>\n\t\t<div class=\"dem-votes-txt\">\n\t\t\t<span class=\"dem-votes-txt-votes\">59 <span class=\"votxt\">voix<\/span><\/span>\n\t\t\t<span class=\"dem-votes-txt-percent\">2%<\/span>\n\t\t<\/div>\n\t\t<div class=\"dem-percent-txt\">59 voix - 2% des votes<\/div>\n\t<\/div>\n<\/li><li  title=\"4 voix - 0% des votes\" data-aid=\"1693\">\n\t<div class=\"dem-label\">Eug\u00e8ne Delangre (1920-1944)  <span class=\"dem-label-percent-txt\">0%, 4 <span class=\"votxt\">voix<\/span><\/span><\/div>\n\t<div class=\"dem-graph\">\n\t\t<div class=\"dem-fill\" data-width=\"1px\"><\/div>\n\t\t<div class=\"dem-votes-txt\">\n\t\t\t<span class=\"dem-votes-txt-votes\">4 <span class=\"votxt\">voix<\/span><\/span>\n\t\t\t\n\t\t<\/div>\n\t\t<div class=\"dem-percent-txt\">4 voix - 0% des votes<\/div>\n\t<\/div>\n<\/li><li  title=\"3 voix - 0% des votes\" data-aid=\"1695\">\n\t<div class=\"dem-label\">Gilbert Doucet (1976-1985)  <span class=\"dem-label-percent-txt\">0%, 3 <span class=\"votxt\">voix<\/span><\/span><\/div>\n\t<div class=\"dem-graph\">\n\t\t<div class=\"dem-fill\" data-width=\"1px\"><\/div>\n\t\t<div class=\"dem-votes-txt\">\n\t\t\t<span class=\"dem-votes-txt-votes\">3 <span class=\"votxt\">voix<\/span><\/span>\n\t\t\t\n\t\t<\/div>\n\t\t<div class=\"dem-percent-txt\">3 voix - 0% des votes<\/div>\n\t<\/div>\n<\/li>\n<\/ul>\n<div class=\"dem-bottom\">\n\t<div class=\"dem-poll-info\">\n\t\t<div class=\"dem-total-votes\">Total des votes : 3143<\/div>\n\t\t<div class=\"dem-users-voted\">Votants : 1797<\/div>\n\t\t<div class=\"dem-date\" title=\"D\u00e9but\">\n\t\t\t<span class=\"dem-begin-date\">13 avril 2020<\/span> - <span class=\"dem-end-date\" title=\"Fin\">6 mai 2020<\/span>\n\t\t<\/div>\n\t\t\n\t\t<div>Les votes sont clos<\/div>\n\t\t\n\t<\/div>\n\t\n<\/div><\/div><noscript>Poll Options are limited because JavaScript is disabled in your browser.<\/noscript><\/div><!--democracy--><\/div>\n<div class=\"dem-poll-shortcode\"><div id=\"democracy-432\" class=\"democracy\" data-opts='{\"ajax_url\":\"https:\\\/\\\/dicodusport.fr\\\/blog\\\/wp-admin\\\/admin-ajax.php\",\"pid\":432,\"max_answs\":0,\"answs_max_height\":\"-1\",\"anim_speed\":\"400\",\"line_anim_speed\":1500}' ><strong class=\"dem-poll-title\">Choisissez votre troisi\u00e8me ligne centre<\/strong><div class=\"dem-screen voted\"><ul class=\"dem-answers\" data-voted-class=\"dem-voted-this\" data-voted-txt=\"(Votre vote)\">\n\t<li  class=\"dem-winner\" title=\"463 voix - 31% des votes\" data-aid=\"1707\">\n\t<div class=\"dem-label\">Joe van Niekerk (2008-2014)  <span class=\"dem-label-percent-txt\">31%, 463 <span class=\"votxt\">voix<\/span><\/span><\/div>\n\t<div class=\"dem-graph\">\n\t\t<div class=\"dem-fill\" data-width=\"100%\"><\/div>\n\t\t<div class=\"dem-votes-txt\">\n\t\t\t<span class=\"dem-votes-txt-votes\">463 <span class=\"votxt\">voix<\/span><\/span>\n\t\t\t<span class=\"dem-votes-txt-percent\">31%<\/span>\n\t\t<\/div>\n\t\t<div class=\"dem-percent-txt\">463 voix - 31% des votes<\/div>\n\t<\/div>\n<\/li><li  title=\"300 voix - 20% des votes\" data-aid=\"1705\">\n\t<div class=\"dem-label\">\u00c9ric Melville (1986-1992)  <span class=\"dem-label-percent-txt\">20%, 300 <span class=\"votxt\">voix<\/span><\/span><\/div>\n\t<div class=\"dem-graph\">\n\t\t<div class=\"dem-fill\" data-width=\"65%\"><\/div>\n\t\t<div class=\"dem-votes-txt\">\n\t\t\t<span class=\"dem-votes-txt-votes\">300 <span class=\"votxt\">voix<\/span><\/span>\n\t\t\t<span class=\"dem-votes-txt-percent\">20%<\/span>\n\t\t<\/div>\n\t\t<div class=\"dem-percent-txt\">300 voix - 20% des votes<\/div>\n\t<\/div>\n<\/li><li  title=\"271 voix - 18% des votes\" data-aid=\"1709\">\n\t<div class=\"dem-label\">Duane Vermeulen (2015-2018)  <span class=\"dem-label-percent-txt\">18%, 271 <span class=\"votxt\">voix<\/span><\/span><\/div>\n\t<div class=\"dem-graph\">\n\t\t<div class=\"dem-fill\" data-width=\"59%\"><\/div>\n\t\t<div class=\"dem-votes-txt\">\n\t\t\t<span class=\"dem-votes-txt-votes\">271 <span class=\"votxt\">voix<\/span><\/span>\n\t\t\t<span class=\"dem-votes-txt-percent\">18%<\/span>\n\t\t<\/div>\n\t\t<div class=\"dem-percent-txt\">271 voix - 18% des votes<\/div>\n\t<\/div>\n<\/li><li  title=\"243 voix - 16% des votes\" data-aid=\"1708\">\n\t<div class=\"dem-label\">Steffon Armitage (2011-2016)  <span class=\"dem-label-percent-txt\">16%, 243 <span class=\"votxt\">voix<\/span><\/span><\/div>\n\t<div class=\"dem-graph\">\n\t\t<div class=\"dem-fill\" data-width=\"52%\"><\/div>\n\t\t<div class=\"dem-votes-txt\">\n\t\t\t<span class=\"dem-votes-txt-votes\">243 <span class=\"votxt\">voix<\/span><\/span>\n\t\t\t<span class=\"dem-votes-txt-percent\">16%<\/span>\n\t\t<\/div>\n\t\t<div class=\"dem-percent-txt\">243 voix - 16% des votes<\/div>\n\t<\/div>\n<\/li><li  title=\"235 voix - 16% des votes\" data-aid=\"1704\">\n\t<div class=\"dem-label\">Daniel Herrero (1966-1971)  <span class=\"dem-label-percent-txt\">16%, 235 <span class=\"votxt\">voix<\/span><\/span><\/div>\n\t<div class=\"dem-graph\">\n\t\t<div class=\"dem-fill\" data-width=\"51%\"><\/div>\n\t\t<div class=\"dem-votes-txt\">\n\t\t\t<span class=\"dem-votes-txt-votes\">235 <span class=\"votxt\">voix<\/span><\/span>\n\t\t\t<span class=\"dem-votes-txt-percent\">16%<\/span>\n\t\t<\/div>\n\t\t<div class=\"dem-percent-txt\">235 voix - 16% des votes<\/div>\n\t<\/div>\n<\/li><li  title=\"4 voix - 0% des votes\" data-aid=\"1706\">\n\t<div class=\"dem-label\">Jean-Luc Aqua (1994-2001)  <span class=\"dem-label-percent-txt\">0%, 4 <span class=\"votxt\">voix<\/span><\/span><\/div>\n\t<div class=\"dem-graph\">\n\t\t<div class=\"dem-fill\" data-width=\"1px\"><\/div>\n\t\t<div class=\"dem-votes-txt\">\n\t\t\t<span class=\"dem-votes-txt-votes\">4 <span class=\"votxt\">voix<\/span><\/span>\n\t\t\t\n\t\t<\/div>\n\t\t<div class=\"dem-percent-txt\">4 voix - 0% des votes<\/div>\n\t<\/div>\n<\/li>\n<\/ul>\n<div class=\"dem-bottom\">\n\t<div class=\"dem-poll-info\">\n\t\t<div class=\"dem-total-votes\">Total des votes : 1516<\/div>\n\t\t\n\t\t<div class=\"dem-date\" title=\"D\u00e9but\">\n\t\t\t<span class=\"dem-begin-date\">13 avril 2020<\/span> - <span class=\"dem-end-date\" title=\"Fin\">6 mai 2020<\/span>\n\t\t<\/div>\n\t\t\n\t\t<div>Les votes sont clos<\/div>\n\t\t\n\t<\/div>\n\t\n<\/div><\/div><noscript>Poll Options are limited because JavaScript is disabled in your browser.<\/noscript><\/div><!--democracy--><\/div>\n<p style=\"text-align: center;\"><a href=\"http:\/\/dicodusport.fr\/blog\/composez-xv-de-legende-rc-toulon\/2\/#arrieres\" class=\"su-button su-button-style-flat\" style=\"color:#FFFFFF;background-color:#0057ae;border-color:#00468c;border-radius:4px\" target=\"_self\"><span style=\"color:#FFFFFF;padding:0px 26px;font-size:20px;line-height:40px;border-color:#4d8ac7;border-radius:4px;text-shadow:none\"> <strong>Choisir les trois-quarts<\/strong><\/span><\/a>\n<p><!--nextpage--><\/p>\n<hr \/>\n<h2 style=\"text-align: center;\"><a id=\"arrieres\"><\/a>Les trois-quarts<\/h2>\n<hr \/>\n<div class=\"dem-poll-shortcode\"><div id=\"democracy-433\" class=\"democracy\" data-opts='{\"ajax_url\":\"https:\\\/\\\/dicodusport.fr\\\/blog\\\/wp-admin\\\/admin-ajax.php\",\"pid\":433,\"max_answs\":0,\"answs_max_height\":\"-1\",\"anim_speed\":\"400\",\"line_anim_speed\":1500}' ><strong class=\"dem-poll-title\">Choisissez votre demi de m\u00eal\u00e9e<\/strong><div class=\"dem-screen voted\"><ul class=\"dem-answers\" data-voted-class=\"dem-voted-this\" data-voted-txt=\"(Votre vote)\">\n\t<li  class=\"dem-winner\" title=\"557 voix - 41% des votes\" data-aid=\"1711\">\n\t<div class=\"dem-label\">J\u00e9r\u00f4me Gallion (1975-1989)  <span class=\"dem-label-percent-txt\">41%, 557 <span class=\"votxt\">voix<\/span><\/span><\/div>\n\t<div class=\"dem-graph\">\n\t\t<div class=\"dem-fill\" data-width=\"100%\"><\/div>\n\t\t<div class=\"dem-votes-txt\">\n\t\t\t<span class=\"dem-votes-txt-votes\">557 <span class=\"votxt\">voix<\/span><\/span>\n\t\t\t<span class=\"dem-votes-txt-percent\">41%<\/span>\n\t\t<\/div>\n\t\t<div class=\"dem-percent-txt\">557 voix - 41% des votes<\/div>\n\t<\/div>\n<\/li><li  title=\"382 voix - 28% des votes\" data-aid=\"1713\">\n\t<div class=\"dem-label\">Pierre Mignoni (1996-1997, 1999-2000 et 2009-2011)  <span class=\"dem-label-percent-txt\">28%, 382 <span class=\"votxt\">voix<\/span><\/span><\/div>\n\t<div class=\"dem-graph\">\n\t\t<div class=\"dem-fill\" data-width=\"69%\"><\/div>\n\t\t<div class=\"dem-votes-txt\">\n\t\t\t<span class=\"dem-votes-txt-votes\">382 <span class=\"votxt\">voix<\/span><\/span>\n\t\t\t<span class=\"dem-votes-txt-percent\">28%<\/span>\n\t\t<\/div>\n\t\t<div class=\"dem-percent-txt\">382 voix - 28% des votes<\/div>\n\t<\/div>\n<\/li><li  title=\"169 voix - 13% des votes\" data-aid=\"1712\">\n\t<div class=\"dem-label\">Aubin Hueber (1991-2000 et 2003-2006)  <span class=\"dem-label-percent-txt\">13%, 169 <span class=\"votxt\">voix<\/span><\/span><\/div>\n\t<div class=\"dem-graph\">\n\t\t<div class=\"dem-fill\" data-width=\"30%\"><\/div>\n\t\t<div class=\"dem-votes-txt\">\n\t\t\t<span class=\"dem-votes-txt-votes\">169 <span class=\"votxt\">voix<\/span><\/span>\n\t\t\t<span class=\"dem-votes-txt-percent\">13%<\/span>\n\t\t<\/div>\n\t\t<div class=\"dem-percent-txt\">169 voix - 13% des votes<\/div>\n\t<\/div>\n<\/li><li  title=\"128 voix - 9% des votes\" data-aid=\"1715\">\n\t<div class=\"dem-label\">S\u00e9bastien Tillous-Borde (2011-2018)  <span class=\"dem-label-percent-txt\">9%, 128 <span class=\"votxt\">voix<\/span><\/span><\/div>\n\t<div class=\"dem-graph\">\n\t\t<div class=\"dem-fill\" data-width=\"23%\"><\/div>\n\t\t<div class=\"dem-votes-txt\">\n\t\t\t<span class=\"dem-votes-txt-votes\">128 <span class=\"votxt\">voix<\/span><\/span>\n\t\t\t<span class=\"dem-votes-txt-percent\">9%<\/span>\n\t\t<\/div>\n\t\t<div class=\"dem-percent-txt\">128 voix - 9% des votes<\/div>\n\t<\/div>\n<\/li><li  title=\"109 voix - 8% des votes\" data-aid=\"1714\">\n\t<div class=\"dem-label\">George Gregan (2007-2008)  <span class=\"dem-label-percent-txt\">8%, 109 <span class=\"votxt\">voix<\/span><\/span><\/div>\n\t<div class=\"dem-graph\">\n\t\t<div class=\"dem-fill\" data-width=\"20%\"><\/div>\n\t\t<div class=\"dem-votes-txt\">\n\t\t\t<span class=\"dem-votes-txt-votes\">109 <span class=\"votxt\">voix<\/span><\/span>\n\t\t\t<span class=\"dem-votes-txt-percent\">8%<\/span>\n\t\t<\/div>\n\t\t<div class=\"dem-percent-txt\">109 voix - 8% des votes<\/div>\n\t<\/div>\n<\/li><li  title=\"3 voix - 0% des votes\" data-aid=\"1710\">\n\t<div class=\"dem-label\">Pierre Danos (1950-1955)  <span class=\"dem-label-percent-txt\">0%, 3 <span class=\"votxt\">voix<\/span><\/span><\/div>\n\t<div class=\"dem-graph\">\n\t\t<div class=\"dem-fill\" data-width=\"1px\"><\/div>\n\t\t<div class=\"dem-votes-txt\">\n\t\t\t<span class=\"dem-votes-txt-votes\">3 <span class=\"votxt\">voix<\/span><\/span>\n\t\t\t\n\t\t<\/div>\n\t\t<div class=\"dem-percent-txt\">3 voix - 0% des votes<\/div>\n\t<\/div>\n<\/li>\n<\/ul>\n<div class=\"dem-bottom\">\n\t<div class=\"dem-poll-info\">\n\t\t<div class=\"dem-total-votes\">Total des votes : 1348<\/div>\n\t\t\n\t\t<div class=\"dem-date\" title=\"D\u00e9but\">\n\t\t\t<span class=\"dem-begin-date\">14 avril 2020<\/span> - <span class=\"dem-end-date\" title=\"Fin\">6 mai 2020<\/span>\n\t\t<\/div>\n\t\t\n\t\t<div>Les votes sont clos<\/div>\n\t\t\n\t<\/div>\n\t\n<\/div><\/div><noscript>Poll Options are limited because JavaScript is disabled in your browser.<\/noscript><\/div><!--democracy--><\/div>\n<div class=\"dem-poll-shortcode\"><div id=\"democracy-434\" class=\"democracy\" data-opts='{\"ajax_url\":\"https:\\\/\\\/dicodusport.fr\\\/blog\\\/wp-admin\\\/admin-ajax.php\",\"pid\":434,\"max_answs\":0,\"answs_max_height\":\"-1\",\"anim_speed\":\"400\",\"line_anim_speed\":1500}' ><strong class=\"dem-poll-title\">Choisissez votre demi d'ouverture<\/strong><div class=\"dem-screen voted\"><ul class=\"dem-answers\" data-voted-class=\"dem-voted-this\" data-voted-txt=\"(Votre vote)\">\n\t<li  class=\"dem-winner\" title=\"1313 voix - 96% des votes\" data-aid=\"1719\">\n\t<div class=\"dem-label\">Jonny Wilkinson (2009-2014)  <span class=\"dem-label-percent-txt\">96%, 1313 <span class=\"votxt\">voix<\/span><\/span><\/div>\n\t<div class=\"dem-graph\">\n\t\t<div class=\"dem-fill\" data-width=\"100%\"><\/div>\n\t\t<div class=\"dem-votes-txt\">\n\t\t\t<span class=\"dem-votes-txt-votes\">1313 <span class=\"votxt\">voix<\/span><\/span>\n\t\t\t<span class=\"dem-votes-txt-percent\">96%<\/span>\n\t\t<\/div>\n\t\t<div class=\"dem-percent-txt\">1313 voix - 96% des votes<\/div>\n\t<\/div>\n<\/li><li  title=\"31 voix - 2% des votes\" data-aid=\"1718\">\n\t<div class=\"dem-label\">Yann Delaigue (1988-1997)  <span class=\"dem-label-percent-txt\">2%, 31 <span class=\"votxt\">voix<\/span><\/span><\/div>\n\t<div class=\"dem-graph\">\n\t\t<div class=\"dem-fill\" data-width=\"2%\"><\/div>\n\t\t<div class=\"dem-votes-txt\">\n\t\t\t<span class=\"dem-votes-txt-votes\">31 <span class=\"votxt\">voix<\/span><\/span>\n\t\t\t<span class=\"dem-votes-txt-percent\">2%<\/span>\n\t\t<\/div>\n\t\t<div class=\"dem-percent-txt\">31 voix - 2% des votes<\/div>\n\t<\/div>\n<\/li><li  title=\"14 voix - 1% des votes\" data-aid=\"1720\">\n\t<div class=\"dem-label\">Fr\u00e9d\u00e9ric Michalak (2012-2016)  <span class=\"dem-label-percent-txt\">1%, 14 <span class=\"votxt\">voix<\/span><\/span><\/div>\n\t<div class=\"dem-graph\">\n\t\t<div class=\"dem-fill\" data-width=\"1%\"><\/div>\n\t\t<div class=\"dem-votes-txt\">\n\t\t\t<span class=\"dem-votes-txt-votes\">14 <span class=\"votxt\">voix<\/span><\/span>\n\t\t\t<span class=\"dem-votes-txt-percent\">1%<\/span>\n\t\t<\/div>\n\t\t<div class=\"dem-percent-txt\">14 voix - 1% des votes<\/div>\n\t<\/div>\n<\/li><li  title=\"2 voix - 0% des votes\" data-aid=\"1717\">\n\t<div class=\"dem-label\">L\u00e9on Bordenave (1945-1956)  <span class=\"dem-label-percent-txt\">0%, 2 <span class=\"votxt\">voix<\/span><\/span><\/div>\n\t<div class=\"dem-graph\">\n\t\t<div class=\"dem-fill\" data-width=\"1px\"><\/div>\n\t\t<div class=\"dem-votes-txt\">\n\t\t\t<span class=\"dem-votes-txt-votes\">2 <span class=\"votxt\">voix<\/span><\/span>\n\t\t\t\n\t\t<\/div>\n\t\t<div class=\"dem-percent-txt\">2 voix - 0% des votes<\/div>\n\t<\/div>\n<\/li><li  title=\"1 voix - 0% des votes\" data-aid=\"1716\">\n\t<div class=\"dem-label\">L\u00e9opold Servole (1930-1934 et 1940-1945)  <span class=\"dem-label-percent-txt\">0%, 1 <span class=\"votxt\">voix<\/span><\/span><\/div>\n\t<div class=\"dem-graph\">\n\t\t<div class=\"dem-fill\" data-width=\"1px\"><\/div>\n\t\t<div class=\"dem-votes-txt\">\n\t\t\t<span class=\"dem-votes-txt-votes\">1 <span class=\"votxt\">voix<\/span><\/span>\n\t\t\t\n\t\t<\/div>\n\t\t<div class=\"dem-percent-txt\">1 voix - 0% des votes<\/div>\n\t<\/div>\n<\/li>\n<\/ul>\n<div class=\"dem-bottom\">\n\t<div class=\"dem-poll-info\">\n\t\t<div class=\"dem-total-votes\">Total des votes : 1361<\/div>\n\t\t\n\t\t<div class=\"dem-date\" title=\"D\u00e9but\">\n\t\t\t<span class=\"dem-begin-date\">14 avril 2020<\/span> - <span class=\"dem-end-date\" title=\"Fin\">6 mai 2020<\/span>\n\t\t<\/div>\n\t\t\n\t\t<div>Les votes sont clos<\/div>\n\t\t\n\t<\/div>\n\t\n<\/div><\/div><noscript>Poll Options are limited because JavaScript is disabled in your browser.<\/noscript><\/div><!--democracy--><\/div>\n<div class=\"dem-poll-shortcode\"><div id=\"democracy-435\" class=\"democracy\" data-opts='{\"ajax_url\":\"https:\\\/\\\/dicodusport.fr\\\/blog\\\/wp-admin\\\/admin-ajax.php\",\"pid\":435,\"max_answs\":2,\"answs_max_height\":\"-1\",\"anim_speed\":\"400\",\"line_anim_speed\":1500}' ><strong class=\"dem-poll-title\">Choisissez vos centres (Deux choix)<\/strong><div class=\"dem-screen voted\"><ul class=\"dem-answers\" data-voted-class=\"dem-voted-this\" data-voted-txt=\"(Votre vote)\">\n\t<li  class=\"dem-winner\" title=\"1016 voix - 39% des votes\" data-aid=\"1725\">\n\t<div class=\"dem-label\">Matt Giteau (2011-2017)  <span class=\"dem-label-percent-txt\">39%, 1016 <span class=\"votxt\">voix<\/span><\/span><\/div>\n\t<div class=\"dem-graph\">\n\t\t<div class=\"dem-fill\" data-width=\"100%\"><\/div>\n\t\t<div class=\"dem-votes-txt\">\n\t\t\t<span class=\"dem-votes-txt-votes\">1016 <span class=\"votxt\">voix<\/span><\/span>\n\t\t\t<span class=\"dem-votes-txt-percent\">39%<\/span>\n\t\t<\/div>\n\t\t<div class=\"dem-percent-txt\">1016 voix - 39% des votes<\/div>\n\t<\/div>\n<\/li><li  title=\"599 voix - 23% des votes\" data-aid=\"1723\">\n\t<div class=\"dem-label\">Tana Umaga ( 2006-2007 et 2009-2011)  <span class=\"dem-label-percent-txt\">23%, 599 <span class=\"votxt\">voix<\/span><\/span><\/div>\n\t<div class=\"dem-graph\">\n\t\t<div class=\"dem-fill\" data-width=\"59%\"><\/div>\n\t\t<div class=\"dem-votes-txt\">\n\t\t\t<span class=\"dem-votes-txt-votes\">599 <span class=\"votxt\">voix<\/span><\/span>\n\t\t\t<span class=\"dem-votes-txt-percent\">23%<\/span>\n\t\t<\/div>\n\t\t<div class=\"dem-percent-txt\">599 voix - 23% des votes<\/div>\n\t<\/div>\n<\/li><li  title=\"350 voix - 13% des votes\" data-aid=\"1726\">\n\t<div class=\"dem-label\">Mathieu Bastareaud (2011-2019)  <span class=\"dem-label-percent-txt\">13%, 350 <span class=\"votxt\">voix<\/span><\/span><\/div>\n\t<div class=\"dem-graph\">\n\t\t<div class=\"dem-fill\" data-width=\"34%\"><\/div>\n\t\t<div class=\"dem-votes-txt\">\n\t\t\t<span class=\"dem-votes-txt-votes\">350 <span class=\"votxt\">voix<\/span><\/span>\n\t\t\t<span class=\"dem-votes-txt-percent\">13%<\/span>\n\t\t<\/div>\n\t\t<div class=\"dem-percent-txt\">350 voix - 13% des votes<\/div>\n\t<\/div>\n<\/li><li  title=\"296 voix - 11% des votes\" data-aid=\"1724\">\n\t<div class=\"dem-label\">Sonny Bill Williams (2008-2010)  <span class=\"dem-label-percent-txt\">11%, 296 <span class=\"votxt\">voix<\/span><\/span><\/div>\n\t<div class=\"dem-graph\">\n\t\t<div class=\"dem-fill\" data-width=\"29%\"><\/div>\n\t\t<div class=\"dem-votes-txt\">\n\t\t\t<span class=\"dem-votes-txt-votes\">296 <span class=\"votxt\">voix<\/span><\/span>\n\t\t\t<span class=\"dem-votes-txt-percent\">11%<\/span>\n\t\t<\/div>\n\t\t<div class=\"dem-percent-txt\">296 voix - 11% des votes<\/div>\n\t<\/div>\n<\/li><li  title=\"249 voix - 9% des votes\" data-aid=\"1728\">\n\t<div class=\"dem-label\">Ma'a Nonu (2015-2018)  <span class=\"dem-label-percent-txt\">9%, 249 <span class=\"votxt\">voix<\/span><\/span><\/div>\n\t<div class=\"dem-graph\">\n\t\t<div class=\"dem-fill\" data-width=\"25%\"><\/div>\n\t\t<div class=\"dem-votes-txt\">\n\t\t\t<span class=\"dem-votes-txt-votes\">249 <span class=\"votxt\">voix<\/span><\/span>\n\t\t\t<span class=\"dem-votes-txt-percent\">9%<\/span>\n\t\t<\/div>\n\t\t<div class=\"dem-percent-txt\">249 voix - 9% des votes<\/div>\n\t<\/div>\n<\/li><li  title=\"80 voix - 3% des votes\" data-aid=\"1722\">\n\t<div class=\"dem-label\">Franck Comba (1990-1991, 1994-1997 et 2005-2006)  <span class=\"dem-label-percent-txt\">3%, 80 <span class=\"votxt\">voix<\/span><\/span><\/div>\n\t<div class=\"dem-graph\">\n\t\t<div class=\"dem-fill\" data-width=\"8%\"><\/div>\n\t\t<div class=\"dem-votes-txt\">\n\t\t\t<span class=\"dem-votes-txt-votes\">80 <span class=\"votxt\">voix<\/span><\/span>\n\t\t\t<span class=\"dem-votes-txt-percent\">3%<\/span>\n\t\t<\/div>\n\t\t<div class=\"dem-percent-txt\">80 voix - 3% des votes<\/div>\n\t<\/div>\n<\/li><li  title=\"29 voix - 1% des votes\" data-aid=\"1727\">\n\t<div class=\"dem-label\">Maxime Mermoz (2012-2017)  <span class=\"dem-label-percent-txt\">1%, 29 <span class=\"votxt\">voix<\/span><\/span><\/div>\n\t<div class=\"dem-graph\">\n\t\t<div class=\"dem-fill\" data-width=\"3%\"><\/div>\n\t\t<div class=\"dem-votes-txt\">\n\t\t\t<span class=\"dem-votes-txt-votes\">29 <span class=\"votxt\">voix<\/span><\/span>\n\t\t\t<span class=\"dem-votes-txt-percent\">1%<\/span>\n\t\t<\/div>\n\t\t<div class=\"dem-percent-txt\">29 voix - 1% des votes<\/div>\n\t<\/div>\n<\/li><li  title=\"9 voix - 0% des votes\" data-aid=\"1721\">\n\t<div class=\"dem-label\">Marcel Baillette (1930-1945)  <span class=\"dem-label-percent-txt\">0%, 9 <span class=\"votxt\">voix<\/span><\/span><\/div>\n\t<div class=\"dem-graph\">\n\t\t<div class=\"dem-fill\" data-width=\"1px\"><\/div>\n\t\t<div class=\"dem-votes-txt\">\n\t\t\t<span class=\"dem-votes-txt-votes\">9 <span class=\"votxt\">voix<\/span><\/span>\n\t\t\t\n\t\t<\/div>\n\t\t<div class=\"dem-percent-txt\">9 voix - 0% des votes<\/div>\n\t<\/div>\n<\/li>\n<\/ul>\n<div class=\"dem-bottom\">\n\t<div class=\"dem-poll-info\">\n\t\t<div class=\"dem-total-votes\">Total des votes : 2628<\/div>\n\t\t<div class=\"dem-users-voted\">Votants : 1356<\/div>\n\t\t<div class=\"dem-date\" title=\"D\u00e9but\">\n\t\t\t<span class=\"dem-begin-date\">14 avril 2020<\/span> - <span class=\"dem-end-date\" title=\"Fin\">6 mai 2020<\/span>\n\t\t<\/div>\n\t\t\n\t\t<div>Les votes sont clos<\/div>\n\t\t\n\t<\/div>\n\t\n<\/div><\/div><noscript>Poll Options are limited because JavaScript is disabled in your browser.<\/noscript><\/div><!--democracy--><\/div>\n<div class=\"dem-poll-shortcode\"><div id=\"democracy-436\" class=\"democracy\" data-opts='{\"ajax_url\":\"https:\\\/\\\/dicodusport.fr\\\/blog\\\/wp-admin\\\/admin-ajax.php\",\"pid\":436,\"max_answs\":2,\"answs_max_height\":\"-1\",\"anim_speed\":\"400\",\"line_anim_speed\":1500}' ><strong class=\"dem-poll-title\">Choisissez vos ailiers (Deux choix)<\/strong><div class=\"dem-screen voted\"><ul class=\"dem-answers\" data-voted-class=\"dem-voted-this\" data-voted-txt=\"(Votre vote)\">\n\t<li  class=\"dem-winner\" title=\"731 voix - 28% des votes\" data-aid=\"1737\">\n\t<div class=\"dem-label\">Bryan Habana (2013-2018)  <span class=\"dem-label-percent-txt\">28%, 731 <span class=\"votxt\">voix<\/span><\/span><\/div>\n\t<div class=\"dem-graph\">\n\t\t<div class=\"dem-fill\" data-width=\"100%\"><\/div>\n\t\t<div class=\"dem-votes-txt\">\n\t\t\t<span class=\"dem-votes-txt-votes\">731 <span class=\"votxt\">voix<\/span><\/span>\n\t\t\t<span class=\"dem-votes-txt-percent\">28%<\/span>\n\t\t<\/div>\n\t\t<div class=\"dem-percent-txt\">731 voix - 28% des votes<\/div>\n\t<\/div>\n<\/li><li  title=\"669 voix - 26% des votes\" data-aid=\"1736\">\n\t<div class=\"dem-label\">Drew Mitchell (2013-2017)  <span class=\"dem-label-percent-txt\">26%, 669 <span class=\"votxt\">voix<\/span><\/span><\/div>\n\t<div class=\"dem-graph\">\n\t\t<div class=\"dem-fill\" data-width=\"92%\"><\/div>\n\t\t<div class=\"dem-votes-txt\">\n\t\t\t<span class=\"dem-votes-txt-votes\">669 <span class=\"votxt\">voix<\/span><\/span>\n\t\t\t<span class=\"dem-votes-txt-percent\">26%<\/span>\n\t\t<\/div>\n\t\t<div class=\"dem-percent-txt\">669 voix - 26% des votes<\/div>\n\t<\/div>\n<\/li><li  title=\"433 voix - 17% des votes\" data-aid=\"1731\">\n\t<div class=\"dem-label\">Christophe Dominici (1993-1997)  <span class=\"dem-label-percent-txt\">17%, 433 <span class=\"votxt\">voix<\/span><\/span><\/div>\n\t<div class=\"dem-graph\">\n\t\t<div class=\"dem-fill\" data-width=\"59%\"><\/div>\n\t\t<div class=\"dem-votes-txt\">\n\t\t\t<span class=\"dem-votes-txt-votes\">433 <span class=\"votxt\">voix<\/span><\/span>\n\t\t\t<span class=\"dem-votes-txt-percent\">17%<\/span>\n\t\t<\/div>\n\t\t<div class=\"dem-percent-txt\">433 voix - 17% des votes<\/div>\n\t<\/div>\n<\/li><li  title=\"379 voix - 14% des votes\" data-aid=\"1738\">\n\t<div class=\"dem-label\">Josua Tuisova (2013-2019)  <span class=\"dem-label-percent-txt\">14%, 379 <span class=\"votxt\">voix<\/span><\/span><\/div>\n\t<div class=\"dem-graph\">\n\t\t<div class=\"dem-fill\" data-width=\"52%\"><\/div>\n\t\t<div class=\"dem-votes-txt\">\n\t\t\t<span class=\"dem-votes-txt-votes\">379 <span class=\"votxt\">voix<\/span><\/span>\n\t\t\t<span class=\"dem-votes-txt-percent\">14%<\/span>\n\t\t<\/div>\n\t\t<div class=\"dem-percent-txt\">379 voix - 14% des votes<\/div>\n\t<\/div>\n<\/li><li  title=\"194 voix - 7% des votes\" data-aid=\"1735\">\n\t<div class=\"dem-label\">David Smith (2011-2015)  <span class=\"dem-label-percent-txt\">7%, 194 <span class=\"votxt\">voix<\/span><\/span><\/div>\n\t<div class=\"dem-graph\">\n\t\t<div class=\"dem-fill\" data-width=\"27%\"><\/div>\n\t\t<div class=\"dem-votes-txt\">\n\t\t\t<span class=\"dem-votes-txt-votes\">194 <span class=\"votxt\">voix<\/span><\/span>\n\t\t\t<span class=\"dem-votes-txt-percent\">7%<\/span>\n\t\t<\/div>\n\t\t<div class=\"dem-percent-txt\">194 voix - 7% des votes<\/div>\n\t<\/div>\n<\/li><li  title=\"102 voix - 4% des votes\" data-aid=\"1732\">\n\t<div class=\"dem-label\">Martin Jagr (2001-2009)  <span class=\"dem-label-percent-txt\">4%, 102 <span class=\"votxt\">voix<\/span><\/span><\/div>\n\t<div class=\"dem-graph\">\n\t\t<div class=\"dem-fill\" data-width=\"14%\"><\/div>\n\t\t<div class=\"dem-votes-txt\">\n\t\t\t<span class=\"dem-votes-txt-votes\">102 <span class=\"votxt\">voix<\/span><\/span>\n\t\t\t<span class=\"dem-votes-txt-percent\">4%<\/span>\n\t\t<\/div>\n\t\t<div class=\"dem-percent-txt\">102 voix - 4% des votes<\/div>\n\t<\/div>\n<\/li><li  title=\"43 voix - 2% des votes\" data-aid=\"1730\">\n\t<div class=\"dem-label\">David Jaubert (1986-1996 et 1998-1999)  <span class=\"dem-label-percent-txt\">2%, 43 <span class=\"votxt\">voix<\/span><\/span><\/div>\n\t<div class=\"dem-graph\">\n\t\t<div class=\"dem-fill\" data-width=\"6%\"><\/div>\n\t\t<div class=\"dem-votes-txt\">\n\t\t\t<span class=\"dem-votes-txt-votes\">43 <span class=\"votxt\">voix<\/span><\/span>\n\t\t\t<span class=\"dem-votes-txt-percent\">2%<\/span>\n\t\t<\/div>\n\t\t<div class=\"dem-percent-txt\">43 voix - 2% des votes<\/div>\n\t<\/div>\n<\/li><li  title=\"33 voix - 1% des votes\" data-aid=\"1729\">\n\t<div class=\"dem-label\">Pascal Jehl (1983-1996)  <span class=\"dem-label-percent-txt\">1%, 33 <span class=\"votxt\">voix<\/span><\/span><\/div>\n\t<div class=\"dem-graph\">\n\t\t<div class=\"dem-fill\" data-width=\"5%\"><\/div>\n\t\t<div class=\"dem-votes-txt\">\n\t\t\t<span class=\"dem-votes-txt-votes\">33 <span class=\"votxt\">voix<\/span><\/span>\n\t\t\t<span class=\"dem-votes-txt-percent\">1%<\/span>\n\t\t<\/div>\n\t\t<div class=\"dem-percent-txt\">33 voix - 1% des votes<\/div>\n\t<\/div>\n<\/li><li  title=\"20 voix - 1% des votes\" data-aid=\"1734\">\n\t<div class=\"dem-label\">Rudi Wulf (2010-2011 et 2012-2015)  <span class=\"dem-label-percent-txt\">1%, 20 <span class=\"votxt\">voix<\/span><\/span><\/div>\n\t<div class=\"dem-graph\">\n\t\t<div class=\"dem-fill\" data-width=\"3%\"><\/div>\n\t\t<div class=\"dem-votes-txt\">\n\t\t\t<span class=\"dem-votes-txt-votes\">20 <span class=\"votxt\">voix<\/span><\/span>\n\t\t\t<span class=\"dem-votes-txt-percent\">1%<\/span>\n\t\t<\/div>\n\t\t<div class=\"dem-percent-txt\">20 voix - 1% des votes<\/div>\n\t<\/div>\n<\/li><li  title=\"14 voix - 1% des votes\" data-aid=\"1733\">\n\t<div class=\"dem-label\">Marc Andreu (2005-2009)  <span class=\"dem-label-percent-txt\">1%, 14 <span class=\"votxt\">voix<\/span><\/span><\/div>\n\t<div class=\"dem-graph\">\n\t\t<div class=\"dem-fill\" data-width=\"2%\"><\/div>\n\t\t<div class=\"dem-votes-txt\">\n\t\t\t<span class=\"dem-votes-txt-votes\">14 <span class=\"votxt\">voix<\/span><\/span>\n\t\t\t<span class=\"dem-votes-txt-percent\">1%<\/span>\n\t\t<\/div>\n\t\t<div class=\"dem-percent-txt\">14 voix - 1% des votes<\/div>\n\t<\/div>\n<\/li>\n<\/ul>\n<div class=\"dem-bottom\">\n\t<div class=\"dem-poll-info\">\n\t\t<div class=\"dem-total-votes\">Total des votes : 2618<\/div>\n\t\t<div class=\"dem-users-voted\">Votants : 1348<\/div>\n\t\t<div class=\"dem-date\" title=\"D\u00e9but\">\n\t\t\t<span class=\"dem-begin-date\">14 avril 2020<\/span> - <span class=\"dem-end-date\" title=\"Fin\">6 mai 2020<\/span>\n\t\t<\/div>\n\t\t\n\t\t<div>Les votes sont clos<\/div>\n\t\t\n\t<\/div>\n\t\n<\/div><\/div><noscript>Poll Options are limited because JavaScript is disabled in your browser.<\/noscript><\/div><!--democracy--><\/div>\n<div class=\"dem-poll-shortcode\"><div id=\"democracy-437\" class=\"democracy\" data-opts='{\"ajax_url\":\"https:\\\/\\\/dicodusport.fr\\\/blog\\\/wp-admin\\\/admin-ajax.php\",\"pid\":437,\"max_answs\":0,\"answs_max_height\":\"-1\",\"anim_speed\":\"400\",\"line_anim_speed\":1500}' ><strong class=\"dem-poll-title\">Choisissez votre arri\u00e8re<\/strong><div class=\"dem-screen voted\"><ul class=\"dem-answers\" data-voted-class=\"dem-voted-this\" data-voted-txt=\"(Votre vote)\">\n\t<li  class=\"dem-winner\" title=\"547 voix - 41% des votes\" data-aid=\"1743\">\n\t<div class=\"dem-label\">Delon Armitage (2012-2016)  <span class=\"dem-label-percent-txt\">41%, 547 <span class=\"votxt\">voix<\/span><\/span><\/div>\n\t<div class=\"dem-graph\">\n\t\t<div class=\"dem-fill\" data-width=\"100%\"><\/div>\n\t\t<div class=\"dem-votes-txt\">\n\t\t\t<span class=\"dem-votes-txt-votes\">547 <span class=\"votxt\">voix<\/span><\/span>\n\t\t\t<span class=\"dem-votes-txt-percent\">41%<\/span>\n\t\t<\/div>\n\t\t<div class=\"dem-percent-txt\">547 voix - 41% des votes<\/div>\n\t<\/div>\n<\/li><li  title=\"401 voix - 30% des votes\" data-aid=\"1744\">\n\t<div class=\"dem-label\">Leigh Halfpenny (2014-2017)  <span class=\"dem-label-percent-txt\">30%, 401 <span class=\"votxt\">voix<\/span><\/span><\/div>\n\t<div class=\"dem-graph\">\n\t\t<div class=\"dem-fill\" data-width=\"73%\"><\/div>\n\t\t<div class=\"dem-votes-txt\">\n\t\t\t<span class=\"dem-votes-txt-votes\">401 <span class=\"votxt\">voix<\/span><\/span>\n\t\t\t<span class=\"dem-votes-txt-percent\">30%<\/span>\n\t\t<\/div>\n\t\t<div class=\"dem-percent-txt\">401 voix - 30% des votes<\/div>\n\t<\/div>\n<\/li><li  title=\"228 voix - 17% des votes\" data-aid=\"1740\">\n\t<div class=\"dem-label\">J\u00e9r\u00f4me Bianchi (1982-1990 et 1994-1996)  <span class=\"dem-label-percent-txt\">17%, 228 <span class=\"votxt\">voix<\/span><\/span><\/div>\n\t<div class=\"dem-graph\">\n\t\t<div class=\"dem-fill\" data-width=\"42%\"><\/div>\n\t\t<div class=\"dem-votes-txt\">\n\t\t\t<span class=\"dem-votes-txt-votes\">228 <span class=\"votxt\">voix<\/span><\/span>\n\t\t\t<span class=\"dem-votes-txt-percent\">17%<\/span>\n\t\t<\/div>\n\t\t<div class=\"dem-percent-txt\">228 voix - 17% des votes<\/div>\n\t<\/div>\n<\/li><li  title=\"99 voix - 7% des votes\" data-aid=\"1742\">\n\t<div class=\"dem-label\">Patrice Teisseire (1991-1998 et 2002-2006)  <span class=\"dem-label-percent-txt\">7%, 99 <span class=\"votxt\">voix<\/span><\/span><\/div>\n\t<div class=\"dem-graph\">\n\t\t<div class=\"dem-fill\" data-width=\"18%\"><\/div>\n\t\t<div class=\"dem-votes-txt\">\n\t\t\t<span class=\"dem-votes-txt-votes\">99 <span class=\"votxt\">voix<\/span><\/span>\n\t\t\t<span class=\"dem-votes-txt-percent\">7%<\/span>\n\t\t<\/div>\n\t\t<div class=\"dem-percent-txt\">99 voix - 7% des votes<\/div>\n\t<\/div>\n<\/li><li  title=\"55 voix - 4% des votes\" data-aid=\"1741\">\n\t<div class=\"dem-label\">Pierre Tr\u00e9mouille (1986-1994)  <span class=\"dem-label-percent-txt\">4%, 55 <span class=\"votxt\">voix<\/span><\/span><\/div>\n\t<div class=\"dem-graph\">\n\t\t<div class=\"dem-fill\" data-width=\"10%\"><\/div>\n\t\t<div class=\"dem-votes-txt\">\n\t\t\t<span class=\"dem-votes-txt-votes\">55 <span class=\"votxt\">voix<\/span><\/span>\n\t\t\t<span class=\"dem-votes-txt-percent\">4%<\/span>\n\t\t<\/div>\n\t\t<div class=\"dem-percent-txt\">55 voix - 4% des votes<\/div>\n\t<\/div>\n<\/li><li  title=\"10 voix - 1% des votes\" data-aid=\"1739\">\n\t<div class=\"dem-label\">Eug\u00e8ne Chaud (1925-1946)  <span class=\"dem-label-percent-txt\">1%, 10 <span class=\"votxt\">voix<\/span><\/span><\/div>\n\t<div class=\"dem-graph\">\n\t\t<div class=\"dem-fill\" data-width=\"2%\"><\/div>\n\t\t<div class=\"dem-votes-txt\">\n\t\t\t<span class=\"dem-votes-txt-votes\">10 <span class=\"votxt\">voix<\/span><\/span>\n\t\t\t<span class=\"dem-votes-txt-percent\">1%<\/span>\n\t\t<\/div>\n\t\t<div class=\"dem-percent-txt\">10 voix - 1% des votes<\/div>\n\t<\/div>\n<\/li>\n<\/ul>\n<div class=\"dem-bottom\">\n\t<div class=\"dem-poll-info\">\n\t\t<div class=\"dem-total-votes\">Total des votes : 1340<\/div>\n\t\t\n\t\t<div class=\"dem-date\" title=\"D\u00e9but\">\n\t\t\t<span class=\"dem-begin-date\">14 avril 2020<\/span> - <span class=\"dem-end-date\" title=\"Fin\">6 mai 2020<\/span>\n\t\t<\/div>\n\t\t\n\t\t<div>Les votes sont clos<\/div>\n\t\t\n\t<\/div>\n\t\n<\/div><\/div><noscript>Poll Options are limited because JavaScript is disabled in your browser.<\/noscript><\/div><!--democracy--><\/div>\n<p style=\"text-align: center;\"><a href=\"http:\/\/dicodusport.fr\/blog\/composez-xv-de-legende-rc-toulon\/#avants\" class=\"su-button su-button-style-flat\" style=\"color:#FFFFFF;background-color:#0057ae;border-color:#00468c;border-radius:4px\" target=\"_self\"><span style=\"color:#FFFFFF;padding:0px 26px;font-size:20px;line-height:40px;border-color:#4d8ac7;border-radius:4px;text-shadow:none\"> <strong>Revenir aux avants<\/strong><\/span><\/a>\n<p><strong><em>Dicodusport<br \/>\n<a href=\"https:\/\/www.facebook.com\/dicodusport\/\" target=\"_blank\" rel=\"noopener noreferrer\"><img loading=\"lazy\" decoding=\"async\" class=\"alignnone wp-image-2909\" src=\"http:\/\/dicodusport.fr\/blog\/wp-content\/uploads\/2017\/07\/logo-facebook-150x150.png\" alt=\"\" width=\"40\" height=\"40\" \/><\/a><a href=\"https:\/\/twitter.com\/dicodusport\" target=\"_blank\" rel=\"noopener noreferrer\"><img loading=\"lazy\" decoding=\"async\" class=\"alignnone wp-image-2908\" src=\"http:\/\/dicodusport.fr\/blog\/wp-content\/uploads\/2017\/07\/logo-twitter-150x150.png\" alt=\"\" width=\"39\" height=\"39\" \/><\/a><\/em><\/strong><\/p>\n","protected":false},"excerpt":{"rendered":"<p>RUGBY &#8211; En pleine p\u00e9riode de confinement, la plan\u00e8te rugby s&rsquo;est arr\u00eat\u00e9e. On vous donne la possibilit\u00e9 de composer votre XV de l\u00e9gende du RC Toulon.<\/p>\n","protected":false},"author":4,"featured_media":65011,"comment_status":"open","ping_status":"closed","sticky":false,"template":"","format":"standard","meta":{"_acf_changed":false,"_daextam_enable_autolinks":"","footnotes":""},"categories":[9129],"tags":[3078,216,13,217],"class_list":["post-65010","post","type-post","status-publish","format-standard","has-post-thumbnail","hentry","category-rugby-a-xv","tag-rc-toulon","tag-rct","tag-rugby","tag-toulon"],"acf":[],"yoast_head":"<!-- This site is optimized with the Yoast SEO Premium plugin v26.7 (Yoast SEO v26.7) - https:\/\/yoast.com\/wordpress\/plugins\/seo\/ -->\n<title>Composez votre XV de l\u00e9gende du RC Toulon<\/title>\n<meta name=\"description\" content=\"RUGBY - En pleine p\u00e9riode de confinement, la plan\u00e8te rugby s&#039;est arr\u00eat\u00e9e. On vous donne la possibilit\u00e9 de composer votre XV de l\u00e9gende du RC Toulon.\" \/>\n<meta name=\"robots\" content=\"index, follow, max-snippet:-1, max-image-preview:large, max-video-preview:-1\" \/>\n<link rel=\"canonical\" href=\"https:\/\/dicodusport.fr\/blog\/composez-xv-de-legende-rc-toulon\/\" \/>\n<link rel=\"next\" href=\"https:\/\/dicodusport.fr\/blog\/composez-xv-de-legende-rc-toulon\/2\/\" \/>\n<meta property=\"og:locale\" content=\"fr_FR\" \/>\n<meta property=\"og:type\" content=\"article\" \/>\n<meta property=\"og:title\" content=\"Composez votre XV de l\u00e9gende du RC Toulon\" \/>\n<meta property=\"og:description\" content=\"RUGBY - En pleine p\u00e9riode de confinement, la plan\u00e8te rugby s&#039;est arr\u00eat\u00e9e. On vous donne la possibilit\u00e9 de composer votre XV de l\u00e9gende du RC Toulon.\" \/>\n<meta property=\"og:url\" content=\"https:\/\/dicodusport.fr\/blog\/composez-xv-de-legende-rc-toulon\/\" \/>\n<meta property=\"og:site_name\" content=\"Dicodusport\" \/>\n<meta property=\"article:publisher\" content=\"https:\/\/www.facebook.com\/dicodusport\" \/>\n<meta property=\"article:author\" content=\"https:\/\/www.facebook.com\/florent.ostermann\" \/>\n<meta property=\"article:published_time\" content=\"2020-04-17T14:17:19+00:00\" \/>\n<meta property=\"og:image\" content=\"https:\/\/dicodusport.fr\/blog\/wp-content\/uploads\/2020\/04\/Composez-votre-XV-de-l\u00e9gende-du-RC-Toulon.png\" \/>\n\t<meta property=\"og:image:width\" content=\"800\" \/>\n\t<meta property=\"og:image:height\" content=\"445\" \/>\n\t<meta property=\"og:image:type\" content=\"image\/png\" \/>\n<meta name=\"author\" content=\"Flo Ostermann\" \/>\n<meta name=\"twitter:card\" content=\"summary_large_image\" \/>\n<meta name=\"twitter:title\" content=\"Composez votre XV de l\u00e9gende du RC Toulon\" \/>\n<meta name=\"twitter:creator\" content=\"@https:\/\/twitter.com\/FlOstermann\" \/>\n<meta name=\"twitter:site\" content=\"@dicodusport\" \/>\n<script type=\"application\/ld+json\" class=\"yoast-schema-graph\">{\"@context\":\"https:\/\/schema.org\",\"@graph\":[{\"@type\":\"NewsArticle\",\"@id\":\"https:\/\/dicodusport.fr\/blog\/composez-xv-de-legende-rc-toulon\/#article\",\"isPartOf\":{\"@id\":\"https:\/\/dicodusport.fr\/blog\/composez-xv-de-legende-rc-toulon\/\"},\"author\":{\"name\":\"Flo Ostermann\",\"@id\":\"https:\/\/dicodusport.fr\/blog\/#\/schema\/person\/cb02af4c173ce4a653b55e9baf388d4a\"},\"headline\":\"Composez votre XV de l\u00e9gende du RC Toulon\",\"datePublished\":\"2020-04-17T14:17:19+00:00\",\"mainEntityOfPage\":{\"@id\":\"https:\/\/dicodusport.fr\/blog\/composez-xv-de-legende-rc-toulon\/\"},\"wordCount\":108,\"commentCount\":1,\"publisher\":{\"@id\":\"https:\/\/dicodusport.fr\/blog\/#organization\"},\"image\":{\"@id\":\"https:\/\/dicodusport.fr\/blog\/composez-xv-de-legende-rc-toulon\/#primaryimage\"},\"thumbnailUrl\":\"https:\/\/dicodusport.fr\/blog\/wp-content\/uploads\/2020\/04\/Composez-votre-XV-de-l\u00e9gende-du-RC-Toulon.png\",\"keywords\":[\"RC Toulon\",\"RCT\",\"Rugby\",\"Toulon\"],\"articleSection\":[\"Rugby \u00e0 XV\"],\"inLanguage\":\"fr-FR\",\"potentialAction\":[{\"@type\":\"CommentAction\",\"name\":\"Comment\",\"target\":[\"https:\/\/dicodusport.fr\/blog\/composez-xv-de-legende-rc-toulon\/#respond\"]}],\"copyrightYear\":\"2020\",\"copyrightHolder\":{\"@id\":\"https:\/\/dicodusport.fr\/blog\/#organization\"}},{\"@type\":\"WebPage\",\"@id\":\"https:\/\/dicodusport.fr\/blog\/composez-xv-de-legende-rc-toulon\/\",\"url\":\"https:\/\/dicodusport.fr\/blog\/composez-xv-de-legende-rc-toulon\/\",\"name\":\"Composez votre XV de l\u00e9gende du RC Toulon\",\"isPartOf\":{\"@id\":\"https:\/\/dicodusport.fr\/blog\/#website\"},\"primaryImageOfPage\":{\"@id\":\"https:\/\/dicodusport.fr\/blog\/composez-xv-de-legende-rc-toulon\/#primaryimage\"},\"image\":{\"@id\":\"https:\/\/dicodusport.fr\/blog\/composez-xv-de-legende-rc-toulon\/#primaryimage\"},\"thumbnailUrl\":\"https:\/\/dicodusport.fr\/blog\/wp-content\/uploads\/2020\/04\/Composez-votre-XV-de-l\u00e9gende-du-RC-Toulon.png\",\"datePublished\":\"2020-04-17T14:17:19+00:00\",\"description\":\"RUGBY - En pleine p\u00e9riode de confinement, la plan\u00e8te rugby s'est arr\u00eat\u00e9e. On vous donne la possibilit\u00e9 de composer votre XV de l\u00e9gende du RC Toulon.\",\"inLanguage\":\"fr-FR\",\"potentialAction\":[{\"@type\":\"ReadAction\",\"target\":[\"https:\/\/dicodusport.fr\/blog\/composez-xv-de-legende-rc-toulon\/\"]}]},{\"@type\":\"ImageObject\",\"inLanguage\":\"fr-FR\",\"@id\":\"https:\/\/dicodusport.fr\/blog\/composez-xv-de-legende-rc-toulon\/#primaryimage\",\"url\":\"https:\/\/dicodusport.fr\/blog\/wp-content\/uploads\/2020\/04\/Composez-votre-XV-de-l\u00e9gende-du-RC-Toulon.png\",\"contentUrl\":\"https:\/\/dicodusport.fr\/blog\/wp-content\/uploads\/2020\/04\/Composez-votre-XV-de-l\u00e9gende-du-RC-Toulon.png\",\"width\":800,\"height\":445,\"caption\":\"Composez votre XV de l\u00e9gende du RC Toulon\"},{\"@type\":\"WebSite\",\"@id\":\"https:\/\/dicodusport.fr\/blog\/#website\",\"url\":\"https:\/\/dicodusport.fr\/blog\/\",\"name\":\"Dicodusport\",\"description\":\"L&#039;encyclop\u00e9die de l&#039;actualit\u00e9 sportive\",\"publisher\":{\"@id\":\"https:\/\/dicodusport.fr\/blog\/#organization\"},\"potentialAction\":[{\"@type\":\"SearchAction\",\"target\":{\"@type\":\"EntryPoint\",\"urlTemplate\":\"https:\/\/dicodusport.fr\/blog\/?s={search_term_string}\"},\"query-input\":{\"@type\":\"PropertyValueSpecification\",\"valueRequired\":true,\"valueName\":\"search_term_string\"}}],\"inLanguage\":\"fr-FR\"},{\"@type\":\"NewsMediaOrganization\",\"@id\":\"https:\/\/dicodusport.fr\/blog\/#organization\",\"name\":\"Dicodusport\",\"url\":\"https:\/\/dicodusport.fr\/blog\/\",\"logo\":{\"@type\":\"ImageObject\",\"inLanguage\":\"fr-FR\",\"@id\":\"https:\/\/dicodusport.fr\/blog\/#\/schema\/logo\/image\/\",\"url\":\"https:\/\/dicodusport.fr\/blog\/wp-content\/uploads\/2020\/06\/cropped-LOGO-DICODUSPORT-2020-SANS-FOND-SANS-TEXTE.png\",\"contentUrl\":\"https:\/\/dicodusport.fr\/blog\/wp-content\/uploads\/2020\/06\/cropped-LOGO-DICODUSPORT-2020-SANS-FOND-SANS-TEXTE.png\",\"width\":512,\"height\":512,\"caption\":\"Dicodusport\"},\"image\":{\"@id\":\"https:\/\/dicodusport.fr\/blog\/#\/schema\/logo\/image\/\"},\"sameAs\":[\"https:\/\/www.facebook.com\/dicodusport\",\"https:\/\/x.com\/dicodusport\",\"https:\/\/www.instagram.com\/dicodusport\/\",\"https:\/\/www.youtube.com\/channel\/UC7V2KZ5sd3htJivAbA4ZG3w\"],\"description\":\"Dicodusport est l'encyclop\u00e9die de l'actualit\u00e9 sportive.\",\"email\":\"bonjour@dicodusport.fr\",\"legalName\":\"DICODUSPORT\",\"foundingDate\":\"2018-01-14\",\"vatID\":\"FR71834470973\",\"taxID\":\"83447097300043\",\"numberOfEmployees\":{\"@type\":\"QuantitativeValue\",\"minValue\":\"1\",\"maxValue\":\"10\"}},{\"@type\":\"Person\",\"@id\":\"https:\/\/dicodusport.fr\/blog\/#\/schema\/person\/cb02af4c173ce4a653b55e9baf388d4a\",\"name\":\"Flo Ostermann\",\"image\":{\"@type\":\"ImageObject\",\"inLanguage\":\"fr-FR\",\"@id\":\"https:\/\/dicodusport.fr\/blog\/#\/schema\/person\/image\/\",\"url\":\"https:\/\/dicodusport.fr\/blog\/wp-content\/uploads\/2021\/05\/Flo-Ostermann-150x150.jpg\",\"contentUrl\":\"https:\/\/dicodusport.fr\/blog\/wp-content\/uploads\/2021\/05\/Flo-Ostermann-150x150.jpg\",\"caption\":\"Flo Ostermann\"},\"description\":\"Journaliste\/R\u00e9dacteur depuis septembre 2015 - Mes premiers souvenirs dans le sport ? Les envol\u00e9es du Stade Toulousain et les duels Villeneuve-Schumacher et H\u00e4kkinen-Schumacher \u00e0 la fin des ann\u00e9es 90, la Coupe du monde de football en 1998, l\u2019exploit du XV de France face aux All Blacks en 1999, mais aussi Richard C\u0153ur de Lion qui vole sur les montagnes du Tour de France. Bien parti pour devenir professeur d\u2019EPS, les \u00e9v\u00e9nements de la vie (et la flemme d\u2019animer des s\u00e9ances de 3x500 m\u00e8tres toute ma vie) m\u2019ont conduit \u00e0 revoir mes plans. Me voil\u00e0 depuis fin 2017 sur Dicodusport, m\u00e9dia gr\u00e2ce (et pour) lequel je partage ma passion : le sport dans tous ses \u00e9tats. Le tout accompagn\u00e9 par les fous furieux et folles furieuses cit\u00e9s sur cette page !\",\"sameAs\":[\"https:\/\/www.facebook.com\/florent.ostermann\",\"https:\/\/x.com\/https:\/\/twitter.com\/FlOstermann\",\"admin\"],\"url\":\"https:\/\/dicodusport.fr\/blog\/author\/flo\/\"}]}<\/script>\n<!-- \/ Yoast SEO Premium plugin. -->","yoast_head_json":{"title":"Composez votre XV de l\u00e9gende du RC Toulon","description":"RUGBY - En pleine p\u00e9riode de confinement, la plan\u00e8te rugby s'est arr\u00eat\u00e9e. On vous donne la possibilit\u00e9 de composer votre XV de l\u00e9gende du RC Toulon.","robots":{"index":"index","follow":"follow","max-snippet":"max-snippet:-1","max-image-preview":"max-image-preview:large","max-video-preview":"max-video-preview:-1"},"canonical":"https:\/\/dicodusport.fr\/blog\/composez-xv-de-legende-rc-toulon\/","next":"https:\/\/dicodusport.fr\/blog\/composez-xv-de-legende-rc-toulon\/2\/","og_locale":"fr_FR","og_type":"article","og_title":"Composez votre XV de l\u00e9gende du RC Toulon","og_description":"RUGBY - En pleine p\u00e9riode de confinement, la plan\u00e8te rugby s'est arr\u00eat\u00e9e. On vous donne la possibilit\u00e9 de composer votre XV de l\u00e9gende du RC Toulon.","og_url":"https:\/\/dicodusport.fr\/blog\/composez-xv-de-legende-rc-toulon\/","og_site_name":"Dicodusport","article_publisher":"https:\/\/www.facebook.com\/dicodusport","article_author":"https:\/\/www.facebook.com\/florent.ostermann","article_published_time":"2020-04-17T14:17:19+00:00","og_image":[{"width":800,"height":445,"url":"https:\/\/dicodusport.fr\/blog\/wp-content\/uploads\/2020\/04\/Composez-votre-XV-de-l\u00e9gende-du-RC-Toulon.png","type":"image\/png"}],"author":"Flo Ostermann","twitter_card":"summary_large_image","twitter_title":"Composez votre XV de l\u00e9gende du RC Toulon","twitter_creator":"@https:\/\/twitter.com\/FlOstermann","twitter_site":"@dicodusport","schema":{"@context":"https:\/\/schema.org","@graph":[{"@type":"NewsArticle","@id":"https:\/\/dicodusport.fr\/blog\/composez-xv-de-legende-rc-toulon\/#article","isPartOf":{"@id":"https:\/\/dicodusport.fr\/blog\/composez-xv-de-legende-rc-toulon\/"},"author":{"name":"Flo Ostermann","@id":"https:\/\/dicodusport.fr\/blog\/#\/schema\/person\/cb02af4c173ce4a653b55e9baf388d4a"},"headline":"Composez votre XV de l\u00e9gende du RC Toulon","datePublished":"2020-04-17T14:17:19+00:00","mainEntityOfPage":{"@id":"https:\/\/dicodusport.fr\/blog\/composez-xv-de-legende-rc-toulon\/"},"wordCount":108,"commentCount":1,"publisher":{"@id":"https:\/\/dicodusport.fr\/blog\/#organization"},"image":{"@id":"https:\/\/dicodusport.fr\/blog\/composez-xv-de-legende-rc-toulon\/#primaryimage"},"thumbnailUrl":"https:\/\/dicodusport.fr\/blog\/wp-content\/uploads\/2020\/04\/Composez-votre-XV-de-l\u00e9gende-du-RC-Toulon.png","keywords":["RC Toulon","RCT","Rugby","Toulon"],"articleSection":["Rugby \u00e0 XV"],"inLanguage":"fr-FR","potentialAction":[{"@type":"CommentAction","name":"Comment","target":["https:\/\/dicodusport.fr\/blog\/composez-xv-de-legende-rc-toulon\/#respond"]}],"copyrightYear":"2020","copyrightHolder":{"@id":"https:\/\/dicodusport.fr\/blog\/#organization"}},{"@type":"WebPage","@id":"https:\/\/dicodusport.fr\/blog\/composez-xv-de-legende-rc-toulon\/","url":"https:\/\/dicodusport.fr\/blog\/composez-xv-de-legende-rc-toulon\/","name":"Composez votre XV de l\u00e9gende du RC Toulon","isPartOf":{"@id":"https:\/\/dicodusport.fr\/blog\/#website"},"primaryImageOfPage":{"@id":"https:\/\/dicodusport.fr\/blog\/composez-xv-de-legende-rc-toulon\/#primaryimage"},"image":{"@id":"https:\/\/dicodusport.fr\/blog\/composez-xv-de-legende-rc-toulon\/#primaryimage"},"thumbnailUrl":"https:\/\/dicodusport.fr\/blog\/wp-content\/uploads\/2020\/04\/Composez-votre-XV-de-l\u00e9gende-du-RC-Toulon.png","datePublished":"2020-04-17T14:17:19+00:00","description":"RUGBY - En pleine p\u00e9riode de confinement, la plan\u00e8te rugby s'est arr\u00eat\u00e9e. On vous donne la possibilit\u00e9 de composer votre XV de l\u00e9gende du RC Toulon.","inLanguage":"fr-FR","potentialAction":[{"@type":"ReadAction","target":["https:\/\/dicodusport.fr\/blog\/composez-xv-de-legende-rc-toulon\/"]}]},{"@type":"ImageObject","inLanguage":"fr-FR","@id":"https:\/\/dicodusport.fr\/blog\/composez-xv-de-legende-rc-toulon\/#primaryimage","url":"https:\/\/dicodusport.fr\/blog\/wp-content\/uploads\/2020\/04\/Composez-votre-XV-de-l\u00e9gende-du-RC-Toulon.png","contentUrl":"https:\/\/dicodusport.fr\/blog\/wp-content\/uploads\/2020\/04\/Composez-votre-XV-de-l\u00e9gende-du-RC-Toulon.png","width":800,"height":445,"caption":"Composez votre XV de l\u00e9gende du RC Toulon"},{"@type":"WebSite","@id":"https:\/\/dicodusport.fr\/blog\/#website","url":"https:\/\/dicodusport.fr\/blog\/","name":"Dicodusport","description":"L&#039;encyclop\u00e9die de l&#039;actualit\u00e9 sportive","publisher":{"@id":"https:\/\/dicodusport.fr\/blog\/#organization"},"potentialAction":[{"@type":"SearchAction","target":{"@type":"EntryPoint","urlTemplate":"https:\/\/dicodusport.fr\/blog\/?s={search_term_string}"},"query-input":{"@type":"PropertyValueSpecification","valueRequired":true,"valueName":"search_term_string"}}],"inLanguage":"fr-FR"},{"@type":"NewsMediaOrganization","@id":"https:\/\/dicodusport.fr\/blog\/#organization","name":"Dicodusport","url":"https:\/\/dicodusport.fr\/blog\/","logo":{"@type":"ImageObject","inLanguage":"fr-FR","@id":"https:\/\/dicodusport.fr\/blog\/#\/schema\/logo\/image\/","url":"https:\/\/dicodusport.fr\/blog\/wp-content\/uploads\/2020\/06\/cropped-LOGO-DICODUSPORT-2020-SANS-FOND-SANS-TEXTE.png","contentUrl":"https:\/\/dicodusport.fr\/blog\/wp-content\/uploads\/2020\/06\/cropped-LOGO-DICODUSPORT-2020-SANS-FOND-SANS-TEXTE.png","width":512,"height":512,"caption":"Dicodusport"},"image":{"@id":"https:\/\/dicodusport.fr\/blog\/#\/schema\/logo\/image\/"},"sameAs":["https:\/\/www.facebook.com\/dicodusport","https:\/\/x.com\/dicodusport","https:\/\/www.instagram.com\/dicodusport\/","https:\/\/www.youtube.com\/channel\/UC7V2KZ5sd3htJivAbA4ZG3w"],"description":"Dicodusport est l'encyclop\u00e9die de l'actualit\u00e9 sportive.","email":"bonjour@dicodusport.fr","legalName":"DICODUSPORT","foundingDate":"2018-01-14","vatID":"FR71834470973","taxID":"83447097300043","numberOfEmployees":{"@type":"QuantitativeValue","minValue":"1","maxValue":"10"}},{"@type":"Person","@id":"https:\/\/dicodusport.fr\/blog\/#\/schema\/person\/cb02af4c173ce4a653b55e9baf388d4a","name":"Flo Ostermann","image":{"@type":"ImageObject","inLanguage":"fr-FR","@id":"https:\/\/dicodusport.fr\/blog\/#\/schema\/person\/image\/","url":"https:\/\/dicodusport.fr\/blog\/wp-content\/uploads\/2021\/05\/Flo-Ostermann-150x150.jpg","contentUrl":"https:\/\/dicodusport.fr\/blog\/wp-content\/uploads\/2021\/05\/Flo-Ostermann-150x150.jpg","caption":"Flo Ostermann"},"description":"Journaliste\/R\u00e9dacteur depuis septembre 2015 - Mes premiers souvenirs dans le sport ? Les envol\u00e9es du Stade Toulousain et les duels Villeneuve-Schumacher et H\u00e4kkinen-Schumacher \u00e0 la fin des ann\u00e9es 90, la Coupe du monde de football en 1998, l\u2019exploit du XV de France face aux All Blacks en 1999, mais aussi Richard C\u0153ur de Lion qui vole sur les montagnes du Tour de France. Bien parti pour devenir professeur d\u2019EPS, les \u00e9v\u00e9nements de la vie (et la flemme d\u2019animer des s\u00e9ances de 3x500 m\u00e8tres toute ma vie) m\u2019ont conduit \u00e0 revoir mes plans. Me voil\u00e0 depuis fin 2017 sur Dicodusport, m\u00e9dia gr\u00e2ce (et pour) lequel je partage ma passion : le sport dans tous ses \u00e9tats. Le tout accompagn\u00e9 par les fous furieux et folles furieuses cit\u00e9s sur cette page !","sameAs":["https:\/\/www.facebook.com\/florent.ostermann","https:\/\/x.com\/https:\/\/twitter.com\/FlOstermann","admin"],"url":"https:\/\/dicodusport.fr\/blog\/author\/flo\/"}]}},"_links":{"self":[{"href":"https:\/\/dicodusport.fr\/blog\/wp-json\/wp\/v2\/posts\/65010","targetHints":{"allow":["GET"]}}],"collection":[{"href":"https:\/\/dicodusport.fr\/blog\/wp-json\/wp\/v2\/posts"}],"about":[{"href":"https:\/\/dicodusport.fr\/blog\/wp-json\/wp\/v2\/types\/post"}],"author":[{"embeddable":true,"href":"https:\/\/dicodusport.fr\/blog\/wp-json\/wp\/v2\/users\/4"}],"replies":[{"embeddable":true,"href":"https:\/\/dicodusport.fr\/blog\/wp-json\/wp\/v2\/comments?post=65010"}],"version-history":[{"count":0,"href":"https:\/\/dicodusport.fr\/blog\/wp-json\/wp\/v2\/posts\/65010\/revisions"}],"wp:featuredmedia":[{"embeddable":true,"href":"https:\/\/dicodusport.fr\/blog\/wp-json\/wp\/v2\/media\/65011"}],"wp:attachment":[{"href":"https:\/\/dicodusport.fr\/blog\/wp-json\/wp\/v2\/media?parent=65010"}],"wp:term":[{"taxonomy":"category","embeddable":true,"href":"https:\/\/dicodusport.fr\/blog\/wp-json\/wp\/v2\/categories?post=65010"},{"taxonomy":"post_tag","embeddable":true,"href":"https:\/\/dicodusport.fr\/blog\/wp-json\/wp\/v2\/tags?post=65010"}],"curies":[{"name":"wp","href":"https:\/\/api.w.org\/{rel}","templated":true}]}}