{"id":650145,"date":"2026-02-22T14:07:10","date_gmt":"2026-02-22T13:07:10","guid":{"rendered":"https:\/\/dicodusport.fr\/blog\/?p=650145&#038;preview=true&#038;preview_id=650145"},"modified":"2026-02-22T15:57:48","modified_gmt":"2026-02-22T14:57:48","slug":"nouvelle-victoire-en-gravel-pour-romain-bardet-le-francais-remporte-la-castellon-gravel-race","status":"publish","type":"post","link":"https:\/\/dicodusport.fr\/blog\/nouvelle-victoire-en-gravel-pour-romain-bardet-le-francais-remporte-la-castellon-gravel-race\/","title":{"rendered":"Nouvelle victoire en gravel pour Romain Bardet : le Fran\u00e7ais remporte la Castell\u00f3n Gravel Race"},"content":{"rendered":"<p style=\"text-align: justify;\"><strong><em>GRAVEL &#8211; Romain Bardet a d\u00e9j\u00e0 d\u00e9croch\u00e9 son deuxi\u00e8me succ\u00e8s de l&rsquo;ann\u00e9e en remportant ce dimanche la Castell\u00f3n Gravel Race.<\/em><\/strong><\/p>\n<p style=\"text-align: justify;\">Pass\u00e9 au <strong>gravel<\/strong> l&rsquo;\u00e9t\u00e9 dernier apr\u00e8s sa derni\u00e8re course sur route lors du Dauphin\u00e9 2025, <strong>Romain Bardet<\/strong> semble pleinement s&rsquo;\u00e9panouir dans cette nouvelle discipline. D\u00e9j\u00e0 <a href=\"https:\/\/dicodusport.fr\/blog\/coupe-du-monde-de-gravel-romain-bardet-leve-les-bras-en-italie-des-sa-2eme-course\/\">vainqueur de deux manches<\/a> des <strong>Gravel World Series<\/strong>, le circuit de r\u00e9f\u00e9rence, en fin d&rsquo;ann\u00e9e derni\u00e8re, le Tricolore n&rsquo;a pas ralenti la cadence, bien au contraire.<\/p>\n<h2 style=\"text-align: justify;\">Romain Bardet prend sa revanche sur W\u00fcrtz Schmidt<\/h2>\n<p style=\"text-align: justify;\">D\u00e9j\u00e0 vainqueur d&rsquo;une \u00e9preuve en Australie fin janvier, le Fran\u00e7ais a remport\u00e9 son deuxi\u00e8me succ\u00e8s en 2026 ce dimanche, lors de la <strong>Castell\u00f3n Gravel Race<\/strong>. Sur une \u00e9preuve de <strong>97 km<\/strong> pr\u00e9sentant un d\u00e9nivel\u00e9 positif de plus de 2 100 m, Bardet s&rsquo;est montr\u00e9 le plus fort en altitude pour faire la diff\u00e9rence. Dans une course \u00e0 \u00e9limination, il est parvenu \u00e0 se d\u00e9tacher dans le dernier tiers de l&rsquo;\u00e9preuve pour filer vers la victoire en solitaire, au bout de plus de trois heures d&rsquo;effort.<\/p>\n<p style=\"text-align: justify;\">Battu par <strong>Mads W\u00fcrtz Schmidt<\/strong> lors de la course \u00e0 \u00e9tapes de <strong>Santa Vall<\/strong> la semaine derni\u00e8re, le Fran\u00e7ais a ripost\u00e9 en prenant le dessus sur le Danois. Au palmar\u00e8s de l&rsquo;\u00e9preuve, il succ\u00e8de au passage \u00e0 un autre grand nom du cyclisme sur route, <strong>Alejandro Valverde<\/strong>. \u00c9galement engag\u00e9 aujourd&rsquo;hui, le quadrag\u00e9naire espagnol a termin\u00e9 hors du Top 10 (11e).<\/p>\n<blockquote class=\"twitter-tweet\">\n<p dir=\"ltr\" lang=\"fr\">Une nouvelle victoire pour Romain Bardet : le Fran\u00e7ais remporte en solitaire la Castellon Gravel Race ! 2e du g\u00e9n\u00e9ral de la Santa Vall dimanche dernier derri\u00e8re le champion d&rsquo;Europe Mads W\u00fcrtz Schmidt, Bardet a cette fois devanc\u00e9 le Danois.<\/p>\n<p>\ud83d\udcf9orga <a href=\"https:\/\/t.co\/p4cojYNT9s\">pic.twitter.com\/p4cojYNT9s<\/a><\/p>\n<p>\u2014 Le Gruppetto (@LeGruppetto) <a href=\"https:\/\/twitter.com\/LeGruppetto\/status\/2025549728662839731?ref_src=twsrc%5Etfw\">February 22, 2026<\/a><\/p><\/blockquote>\n<p><script async src=\"https:\/\/platform.twitter.com\/widgets.js\" charset=\"utf-8\"><\/script><\/p>\n<div id=\"gtx-trans\" style=\"position: absolute; left: -14px; top: 40.9091px;\">\n<div class=\"gtx-trans-icon\"><\/div>\n<\/div>\n","protected":false},"excerpt":{"rendered":"<p>GRAVEL &#8211; Romain Bardet a d\u00e9j\u00e0 d\u00e9croch\u00e9 son deuxi\u00e8me succ\u00e8s\u00a0 de l&rsquo;ann\u00e9e en remportant ce dimanche la Castell\u00f3n Gravel Race.<\/p>\n","protected":false},"author":55,"featured_media":650152,"comment_status":"open","ping_status":"closed","sticky":false,"template":"","format":"standard","meta":{"_acf_changed":false,"_daextam_enable_autolinks":"1","footnotes":""},"categories":[2307],"tags":[16878,19452,3646],"class_list":["post-650145","post","type-post","status-publish","format-standard","has-post-thumbnail","hentry","category-cyclisme","tag-breve","tag-gravel","tag-romain-bardet"],"acf":[],"yoast_head":"<!-- This site is optimized with the Yoast SEO Premium plugin v26.7 (Yoast SEO v26.7) - https:\/\/yoast.com\/wordpress\/plugins\/seo\/ -->\n<title>Nouvelle victoire en gravel pour Romain Bardet : le Fran\u00e7ais remporte la Castell\u00f3n Gravel Race<\/title>\n<meta name=\"description\" content=\"GRAVEL - Romain Bardet a d\u00e9j\u00e0 d\u00e9croch\u00e9 son deuxi\u00e8me succ\u00e8s\u00a0 de l&#039;ann\u00e9e en remportant ce dimanche la Castell\u00f3n Gravel Race.\" \/>\n<meta name=\"robots\" content=\"index, follow, max-snippet:-1, max-image-preview:large, max-video-preview:-1\" \/>\n<link rel=\"canonical\" href=\"https:\/\/dicodusport.fr\/blog\/nouvelle-victoire-en-gravel-pour-romain-bardet-le-francais-remporte-la-castellon-gravel-race\/\" \/>\n<meta property=\"og:locale\" content=\"fr_FR\" \/>\n<meta property=\"og:type\" content=\"article\" \/>\n<meta property=\"og:title\" content=\"Nouvelle victoire en gravel pour Romain Bardet : le Fran\u00e7ais remporte la Castell\u00f3n Gravel Race\" \/>\n<meta property=\"og:description\" content=\"GRAVEL - Romain Bardet a d\u00e9j\u00e0 d\u00e9croch\u00e9 son deuxi\u00e8me succ\u00e8s\u00a0 de l&#039;ann\u00e9e en remportant ce dimanche la Castell\u00f3n Gravel Race.\" \/>\n<meta property=\"og:url\" content=\"https:\/\/dicodusport.fr\/blog\/nouvelle-victoire-en-gravel-pour-romain-bardet-le-francais-remporte-la-castellon-gravel-race\/\" \/>\n<meta property=\"og:site_name\" content=\"Dicodusport\" \/>\n<meta property=\"article:publisher\" content=\"https:\/\/www.facebook.com\/dicodusport\" \/>\n<meta property=\"article:published_time\" content=\"2026-02-22T13:07:10+00:00\" \/>\n<meta property=\"article:modified_time\" content=\"2026-02-22T14:57:48+00:00\" \/>\n<meta property=\"og:image\" content=\"https:\/\/dicodusport.fr\/blog\/wp-content\/uploads\/2026\/02\/Nouvelle-victoire-en-gravel-pour-Romain-Bardet-le-Francais-remporte-la-Castellon-Gravel-Race.png\" \/>\n\t<meta property=\"og:image:width\" content=\"1200\" \/>\n\t<meta property=\"og:image:height\" content=\"674\" \/>\n\t<meta property=\"og:image:type\" content=\"image\/png\" \/>\n<meta name=\"author\" content=\"Maxime Cazenave\" \/>\n<meta name=\"twitter:card\" content=\"summary_large_image\" \/>\n<meta name=\"twitter:title\" content=\"Nouvelle victoire en gravel pour Romain Bardet : le Fran\u00e7ais remporte la Castell\u00f3n Gravel Race\" \/>\n<meta name=\"twitter:creator\" content=\"@https:\/\/twitter.com\/Maxime_Caze\" \/>\n<meta name=\"twitter:site\" content=\"@dicodusport\" \/>\n<script type=\"application\/ld+json\" class=\"yoast-schema-graph\">{\"@context\":\"https:\/\/schema.org\",\"@graph\":[{\"@type\":\"NewsArticle\",\"@id\":\"https:\/\/dicodusport.fr\/blog\/nouvelle-victoire-en-gravel-pour-romain-bardet-le-francais-remporte-la-castellon-gravel-race\/#article\",\"isPartOf\":{\"@id\":\"https:\/\/dicodusport.fr\/blog\/nouvelle-victoire-en-gravel-pour-romain-bardet-le-francais-remporte-la-castellon-gravel-race\/\"},\"author\":{\"name\":\"Maxime Cazenave\",\"@id\":\"https:\/\/dicodusport.fr\/blog\/#\/schema\/person\/37def232098a7a5cbab3974a3690abb0\"},\"headline\":\"Nouvelle victoire en gravel pour Romain Bardet : le Fran\u00e7ais remporte la Castell\u00f3n Gravel Race\",\"datePublished\":\"2026-02-22T13:07:10+00:00\",\"dateModified\":\"2026-02-22T14:57:48+00:00\",\"mainEntityOfPage\":{\"@id\":\"https:\/\/dicodusport.fr\/blog\/nouvelle-victoire-en-gravel-pour-romain-bardet-le-francais-remporte-la-castellon-gravel-race\/\"},\"wordCount\":325,\"commentCount\":0,\"publisher\":{\"@id\":\"https:\/\/dicodusport.fr\/blog\/#organization\"},\"image\":{\"@id\":\"https:\/\/dicodusport.fr\/blog\/nouvelle-victoire-en-gravel-pour-romain-bardet-le-francais-remporte-la-castellon-gravel-race\/#primaryimage\"},\"thumbnailUrl\":\"https:\/\/dicodusport.fr\/blog\/wp-content\/uploads\/2026\/02\/Nouvelle-victoire-en-gravel-pour-Romain-Bardet-le-Francais-remporte-la-Castellon-Gravel-Race.png\",\"keywords\":[\"br\u00e8ve\",\"Gravel\",\"Romain Bardet\"],\"articleSection\":[\"Cyclisme\"],\"inLanguage\":\"fr-FR\",\"potentialAction\":[{\"@type\":\"CommentAction\",\"name\":\"Comment\",\"target\":[\"https:\/\/dicodusport.fr\/blog\/nouvelle-victoire-en-gravel-pour-romain-bardet-le-francais-remporte-la-castellon-gravel-race\/#respond\"]}],\"copyrightYear\":\"2026\",\"copyrightHolder\":{\"@id\":\"https:\/\/dicodusport.fr\/blog\/#organization\"}},{\"@type\":\"WebPage\",\"@id\":\"https:\/\/dicodusport.fr\/blog\/nouvelle-victoire-en-gravel-pour-romain-bardet-le-francais-remporte-la-castellon-gravel-race\/\",\"url\":\"https:\/\/dicodusport.fr\/blog\/nouvelle-victoire-en-gravel-pour-romain-bardet-le-francais-remporte-la-castellon-gravel-race\/\",\"name\":\"Nouvelle victoire en gravel pour Romain Bardet : le Fran\u00e7ais remporte la Castell\u00f3n Gravel Race\",\"isPartOf\":{\"@id\":\"https:\/\/dicodusport.fr\/blog\/#website\"},\"primaryImageOfPage\":{\"@id\":\"https:\/\/dicodusport.fr\/blog\/nouvelle-victoire-en-gravel-pour-romain-bardet-le-francais-remporte-la-castellon-gravel-race\/#primaryimage\"},\"image\":{\"@id\":\"https:\/\/dicodusport.fr\/blog\/nouvelle-victoire-en-gravel-pour-romain-bardet-le-francais-remporte-la-castellon-gravel-race\/#primaryimage\"},\"thumbnailUrl\":\"https:\/\/dicodusport.fr\/blog\/wp-content\/uploads\/2026\/02\/Nouvelle-victoire-en-gravel-pour-Romain-Bardet-le-Francais-remporte-la-Castellon-Gravel-Race.png\",\"datePublished\":\"2026-02-22T13:07:10+00:00\",\"dateModified\":\"2026-02-22T14:57:48+00:00\",\"description\":\"GRAVEL - Romain Bardet a d\u00e9j\u00e0 d\u00e9croch\u00e9 son deuxi\u00e8me succ\u00e8s\u00a0 de l'ann\u00e9e en remportant ce dimanche la Castell\u00f3n Gravel Race.\",\"breadcrumb\":{\"@id\":\"https:\/\/dicodusport.fr\/blog\/nouvelle-victoire-en-gravel-pour-romain-bardet-le-francais-remporte-la-castellon-gravel-race\/#breadcrumb\"},\"inLanguage\":\"fr-FR\",\"potentialAction\":[{\"@type\":\"ReadAction\",\"target\":[\"https:\/\/dicodusport.fr\/blog\/nouvelle-victoire-en-gravel-pour-romain-bardet-le-francais-remporte-la-castellon-gravel-race\/\"]}]},{\"@type\":\"ImageObject\",\"inLanguage\":\"fr-FR\",\"@id\":\"https:\/\/dicodusport.fr\/blog\/nouvelle-victoire-en-gravel-pour-romain-bardet-le-francais-remporte-la-castellon-gravel-race\/#primaryimage\",\"url\":\"https:\/\/dicodusport.fr\/blog\/wp-content\/uploads\/2026\/02\/Nouvelle-victoire-en-gravel-pour-Romain-Bardet-le-Francais-remporte-la-Castellon-Gravel-Race.png\",\"contentUrl\":\"https:\/\/dicodusport.fr\/blog\/wp-content\/uploads\/2026\/02\/Nouvelle-victoire-en-gravel-pour-Romain-Bardet-le-Francais-remporte-la-Castellon-Gravel-Race.png\",\"width\":1200,\"height\":674,\"caption\":\"Nouvelle victoire en gravel pour Romain Bardet : le Fran\u00e7ais remporte la Castell\u00f3n Gravel Race\"},{\"@type\":\"BreadcrumbList\",\"@id\":\"https:\/\/dicodusport.fr\/blog\/nouvelle-victoire-en-gravel-pour-romain-bardet-le-francais-remporte-la-castellon-gravel-race\/#breadcrumb\",\"itemListElement\":[{\"@type\":\"ListItem\",\"position\":1,\"name\":\"Accueil\",\"item\":\"https:\/\/dicodusport.fr\/blog\/\"},{\"@type\":\"ListItem\",\"position\":2,\"name\":\"Nouvelle victoire en gravel pour Romain Bardet : le Fran\u00e7ais remporte la Castell\u00f3n Gravel Race\"}]},{\"@type\":\"WebSite\",\"@id\":\"https:\/\/dicodusport.fr\/blog\/#website\",\"url\":\"https:\/\/dicodusport.fr\/blog\/\",\"name\":\"Dicodusport\",\"description\":\"L&#039;encyclop\u00e9die de l&#039;actualit\u00e9 sportive\",\"publisher\":{\"@id\":\"https:\/\/dicodusport.fr\/blog\/#organization\"},\"potentialAction\":[{\"@type\":\"SearchAction\",\"target\":{\"@type\":\"EntryPoint\",\"urlTemplate\":\"https:\/\/dicodusport.fr\/blog\/?s={search_term_string}\"},\"query-input\":{\"@type\":\"PropertyValueSpecification\",\"valueRequired\":true,\"valueName\":\"search_term_string\"}}],\"inLanguage\":\"fr-FR\"},{\"@type\":\"NewsMediaOrganization\",\"@id\":\"https:\/\/dicodusport.fr\/blog\/#organization\",\"name\":\"Dicodusport\",\"url\":\"https:\/\/dicodusport.fr\/blog\/\",\"logo\":{\"@type\":\"ImageObject\",\"inLanguage\":\"fr-FR\",\"@id\":\"https:\/\/dicodusport.fr\/blog\/#\/schema\/logo\/image\/\",\"url\":\"https:\/\/dicodusport.fr\/blog\/wp-content\/uploads\/2020\/06\/cropped-LOGO-DICODUSPORT-2020-SANS-FOND-SANS-TEXTE.png\",\"contentUrl\":\"https:\/\/dicodusport.fr\/blog\/wp-content\/uploads\/2020\/06\/cropped-LOGO-DICODUSPORT-2020-SANS-FOND-SANS-TEXTE.png\",\"width\":512,\"height\":512,\"caption\":\"Dicodusport\"},\"image\":{\"@id\":\"https:\/\/dicodusport.fr\/blog\/#\/schema\/logo\/image\/\"},\"sameAs\":[\"https:\/\/www.facebook.com\/dicodusport\",\"https:\/\/x.com\/dicodusport\",\"https:\/\/www.instagram.com\/dicodusport\/\",\"https:\/\/www.youtube.com\/channel\/UC7V2KZ5sd3htJivAbA4ZG3w\"],\"description\":\"Dicodusport est l'encyclop\u00e9die de l'actualit\u00e9 sportive.\",\"email\":\"bonjour@dicodusport.fr\",\"legalName\":\"DICODUSPORT\",\"foundingDate\":\"2018-01-14\",\"vatID\":\"FR71834470973\",\"taxID\":\"83447097300043\",\"numberOfEmployees\":{\"@type\":\"QuantitativeValue\",\"minValue\":\"1\",\"maxValue\":\"10\"}},{\"@type\":\"Person\",\"@id\":\"https:\/\/dicodusport.fr\/blog\/#\/schema\/person\/37def232098a7a5cbab3974a3690abb0\",\"name\":\"Maxime Cazenave\",\"image\":{\"@type\":\"ImageObject\",\"inLanguage\":\"fr-FR\",\"@id\":\"https:\/\/dicodusport.fr\/blog\/#\/schema\/person\/image\/\",\"url\":\"https:\/\/dicodusport.fr\/blog\/wp-content\/uploads\/2021\/05\/Maxime-Cazenave-150x150.jpg\",\"contentUrl\":\"https:\/\/dicodusport.fr\/blog\/wp-content\/uploads\/2021\/05\/Maxime-Cazenave-150x150.jpg\",\"caption\":\"Maxime Cazenave\"},\"description\":\"Journaliste\/R\u00e9dacteur depuis 2012 - Berc\u00e9 par l\u2019amour des Girondins de Bordeaux, les \u00e9checs de Christophe Moreau sur le Tour de France sous l'\u00e8re Lance Armstrong et le fade-away l\u00e9tal de Dirk Nowitzki, ma passion d\u00e9vorante pour le sport a toujours \u00e9t\u00e9 un pan incontournable de ma vie. Transmettre ma passion \u00e0 l\u2019\u00e9crit a \u00e9t\u00e9 une transition naturelle. Suiveur assidu de basket et de hockey sur glace, je garde toujours un peu de place pour suivre le cyclisme, le football et le maximum de performances fran\u00e7aises.\",\"sameAs\":[\"https:\/\/x.com\/https:\/\/twitter.com\/Maxime_Caze\"],\"url\":\"https:\/\/dicodusport.fr\/blog\/author\/maximec\/\"}]}<\/script>\n<!-- \/ Yoast SEO Premium plugin. -->","yoast_head_json":{"title":"Nouvelle victoire en gravel pour Romain Bardet : le Fran\u00e7ais remporte la Castell\u00f3n Gravel Race","description":"GRAVEL - Romain Bardet a d\u00e9j\u00e0 d\u00e9croch\u00e9 son deuxi\u00e8me succ\u00e8s\u00a0 de l'ann\u00e9e en remportant ce dimanche la Castell\u00f3n Gravel Race.","robots":{"index":"index","follow":"follow","max-snippet":"max-snippet:-1","max-image-preview":"max-image-preview:large","max-video-preview":"max-video-preview:-1"},"canonical":"https:\/\/dicodusport.fr\/blog\/nouvelle-victoire-en-gravel-pour-romain-bardet-le-francais-remporte-la-castellon-gravel-race\/","og_locale":"fr_FR","og_type":"article","og_title":"Nouvelle victoire en gravel pour Romain Bardet : le Fran\u00e7ais remporte la Castell\u00f3n Gravel Race","og_description":"GRAVEL - Romain Bardet a d\u00e9j\u00e0 d\u00e9croch\u00e9 son deuxi\u00e8me succ\u00e8s\u00a0 de l'ann\u00e9e en remportant ce dimanche la Castell\u00f3n Gravel Race.","og_url":"https:\/\/dicodusport.fr\/blog\/nouvelle-victoire-en-gravel-pour-romain-bardet-le-francais-remporte-la-castellon-gravel-race\/","og_site_name":"Dicodusport","article_publisher":"https:\/\/www.facebook.com\/dicodusport","article_published_time":"2026-02-22T13:07:10+00:00","article_modified_time":"2026-02-22T14:57:48+00:00","og_image":[{"width":1200,"height":674,"url":"https:\/\/dicodusport.fr\/blog\/wp-content\/uploads\/2026\/02\/Nouvelle-victoire-en-gravel-pour-Romain-Bardet-le-Francais-remporte-la-Castellon-Gravel-Race.png","type":"image\/png"}],"author":"Maxime Cazenave","twitter_card":"summary_large_image","twitter_title":"Nouvelle victoire en gravel pour Romain Bardet : le Fran\u00e7ais remporte la Castell\u00f3n Gravel Race","twitter_creator":"@https:\/\/twitter.com\/Maxime_Caze","twitter_site":"@dicodusport","schema":{"@context":"https:\/\/schema.org","@graph":[{"@type":"NewsArticle","@id":"https:\/\/dicodusport.fr\/blog\/nouvelle-victoire-en-gravel-pour-romain-bardet-le-francais-remporte-la-castellon-gravel-race\/#article","isPartOf":{"@id":"https:\/\/dicodusport.fr\/blog\/nouvelle-victoire-en-gravel-pour-romain-bardet-le-francais-remporte-la-castellon-gravel-race\/"},"author":{"name":"Maxime Cazenave","@id":"https:\/\/dicodusport.fr\/blog\/#\/schema\/person\/37def232098a7a5cbab3974a3690abb0"},"headline":"Nouvelle victoire en gravel pour Romain Bardet : le Fran\u00e7ais remporte la Castell\u00f3n Gravel Race","datePublished":"2026-02-22T13:07:10+00:00","dateModified":"2026-02-22T14:57:48+00:00","mainEntityOfPage":{"@id":"https:\/\/dicodusport.fr\/blog\/nouvelle-victoire-en-gravel-pour-romain-bardet-le-francais-remporte-la-castellon-gravel-race\/"},"wordCount":325,"commentCount":0,"publisher":{"@id":"https:\/\/dicodusport.fr\/blog\/#organization"},"image":{"@id":"https:\/\/dicodusport.fr\/blog\/nouvelle-victoire-en-gravel-pour-romain-bardet-le-francais-remporte-la-castellon-gravel-race\/#primaryimage"},"thumbnailUrl":"https:\/\/dicodusport.fr\/blog\/wp-content\/uploads\/2026\/02\/Nouvelle-victoire-en-gravel-pour-Romain-Bardet-le-Francais-remporte-la-Castellon-Gravel-Race.png","keywords":["br\u00e8ve","Gravel","Romain Bardet"],"articleSection":["Cyclisme"],"inLanguage":"fr-FR","potentialAction":[{"@type":"CommentAction","name":"Comment","target":["https:\/\/dicodusport.fr\/blog\/nouvelle-victoire-en-gravel-pour-romain-bardet-le-francais-remporte-la-castellon-gravel-race\/#respond"]}],"copyrightYear":"2026","copyrightHolder":{"@id":"https:\/\/dicodusport.fr\/blog\/#organization"}},{"@type":"WebPage","@id":"https:\/\/dicodusport.fr\/blog\/nouvelle-victoire-en-gravel-pour-romain-bardet-le-francais-remporte-la-castellon-gravel-race\/","url":"https:\/\/dicodusport.fr\/blog\/nouvelle-victoire-en-gravel-pour-romain-bardet-le-francais-remporte-la-castellon-gravel-race\/","name":"Nouvelle victoire en gravel pour Romain Bardet : le Fran\u00e7ais remporte la Castell\u00f3n Gravel Race","isPartOf":{"@id":"https:\/\/dicodusport.fr\/blog\/#website"},"primaryImageOfPage":{"@id":"https:\/\/dicodusport.fr\/blog\/nouvelle-victoire-en-gravel-pour-romain-bardet-le-francais-remporte-la-castellon-gravel-race\/#primaryimage"},"image":{"@id":"https:\/\/dicodusport.fr\/blog\/nouvelle-victoire-en-gravel-pour-romain-bardet-le-francais-remporte-la-castellon-gravel-race\/#primaryimage"},"thumbnailUrl":"https:\/\/dicodusport.fr\/blog\/wp-content\/uploads\/2026\/02\/Nouvelle-victoire-en-gravel-pour-Romain-Bardet-le-Francais-remporte-la-Castellon-Gravel-Race.png","datePublished":"2026-02-22T13:07:10+00:00","dateModified":"2026-02-22T14:57:48+00:00","description":"GRAVEL - Romain Bardet a d\u00e9j\u00e0 d\u00e9croch\u00e9 son deuxi\u00e8me succ\u00e8s\u00a0 de l'ann\u00e9e en remportant ce dimanche la Castell\u00f3n Gravel Race.","breadcrumb":{"@id":"https:\/\/dicodusport.fr\/blog\/nouvelle-victoire-en-gravel-pour-romain-bardet-le-francais-remporte-la-castellon-gravel-race\/#breadcrumb"},"inLanguage":"fr-FR","potentialAction":[{"@type":"ReadAction","target":["https:\/\/dicodusport.fr\/blog\/nouvelle-victoire-en-gravel-pour-romain-bardet-le-francais-remporte-la-castellon-gravel-race\/"]}]},{"@type":"ImageObject","inLanguage":"fr-FR","@id":"https:\/\/dicodusport.fr\/blog\/nouvelle-victoire-en-gravel-pour-romain-bardet-le-francais-remporte-la-castellon-gravel-race\/#primaryimage","url":"https:\/\/dicodusport.fr\/blog\/wp-content\/uploads\/2026\/02\/Nouvelle-victoire-en-gravel-pour-Romain-Bardet-le-Francais-remporte-la-Castellon-Gravel-Race.png","contentUrl":"https:\/\/dicodusport.fr\/blog\/wp-content\/uploads\/2026\/02\/Nouvelle-victoire-en-gravel-pour-Romain-Bardet-le-Francais-remporte-la-Castellon-Gravel-Race.png","width":1200,"height":674,"caption":"Nouvelle victoire en gravel pour Romain Bardet : le Fran\u00e7ais remporte la Castell\u00f3n Gravel Race"},{"@type":"BreadcrumbList","@id":"https:\/\/dicodusport.fr\/blog\/nouvelle-victoire-en-gravel-pour-romain-bardet-le-francais-remporte-la-castellon-gravel-race\/#breadcrumb","itemListElement":[{"@type":"ListItem","position":1,"name":"Accueil","item":"https:\/\/dicodusport.fr\/blog\/"},{"@type":"ListItem","position":2,"name":"Nouvelle victoire en gravel pour Romain Bardet : le Fran\u00e7ais remporte la Castell\u00f3n Gravel Race"}]},{"@type":"WebSite","@id":"https:\/\/dicodusport.fr\/blog\/#website","url":"https:\/\/dicodusport.fr\/blog\/","name":"Dicodusport","description":"L&#039;encyclop\u00e9die de l&#039;actualit\u00e9 sportive","publisher":{"@id":"https:\/\/dicodusport.fr\/blog\/#organization"},"potentialAction":[{"@type":"SearchAction","target":{"@type":"EntryPoint","urlTemplate":"https:\/\/dicodusport.fr\/blog\/?s={search_term_string}"},"query-input":{"@type":"PropertyValueSpecification","valueRequired":true,"valueName":"search_term_string"}}],"inLanguage":"fr-FR"},{"@type":"NewsMediaOrganization","@id":"https:\/\/dicodusport.fr\/blog\/#organization","name":"Dicodusport","url":"https:\/\/dicodusport.fr\/blog\/","logo":{"@type":"ImageObject","inLanguage":"fr-FR","@id":"https:\/\/dicodusport.fr\/blog\/#\/schema\/logo\/image\/","url":"https:\/\/dicodusport.fr\/blog\/wp-content\/uploads\/2020\/06\/cropped-LOGO-DICODUSPORT-2020-SANS-FOND-SANS-TEXTE.png","contentUrl":"https:\/\/dicodusport.fr\/blog\/wp-content\/uploads\/2020\/06\/cropped-LOGO-DICODUSPORT-2020-SANS-FOND-SANS-TEXTE.png","width":512,"height":512,"caption":"Dicodusport"},"image":{"@id":"https:\/\/dicodusport.fr\/blog\/#\/schema\/logo\/image\/"},"sameAs":["https:\/\/www.facebook.com\/dicodusport","https:\/\/x.com\/dicodusport","https:\/\/www.instagram.com\/dicodusport\/","https:\/\/www.youtube.com\/channel\/UC7V2KZ5sd3htJivAbA4ZG3w"],"description":"Dicodusport est l'encyclop\u00e9die de l'actualit\u00e9 sportive.","email":"bonjour@dicodusport.fr","legalName":"DICODUSPORT","foundingDate":"2018-01-14","vatID":"FR71834470973","taxID":"83447097300043","numberOfEmployees":{"@type":"QuantitativeValue","minValue":"1","maxValue":"10"}},{"@type":"Person","@id":"https:\/\/dicodusport.fr\/blog\/#\/schema\/person\/37def232098a7a5cbab3974a3690abb0","name":"Maxime Cazenave","image":{"@type":"ImageObject","inLanguage":"fr-FR","@id":"https:\/\/dicodusport.fr\/blog\/#\/schema\/person\/image\/","url":"https:\/\/dicodusport.fr\/blog\/wp-content\/uploads\/2021\/05\/Maxime-Cazenave-150x150.jpg","contentUrl":"https:\/\/dicodusport.fr\/blog\/wp-content\/uploads\/2021\/05\/Maxime-Cazenave-150x150.jpg","caption":"Maxime Cazenave"},"description":"Journaliste\/R\u00e9dacteur depuis 2012 - Berc\u00e9 par l\u2019amour des Girondins de Bordeaux, les \u00e9checs de Christophe Moreau sur le Tour de France sous l'\u00e8re Lance Armstrong et le fade-away l\u00e9tal de Dirk Nowitzki, ma passion d\u00e9vorante pour le sport a toujours \u00e9t\u00e9 un pan incontournable de ma vie. Transmettre ma passion \u00e0 l\u2019\u00e9crit a \u00e9t\u00e9 une transition naturelle. Suiveur assidu de basket et de hockey sur glace, je garde toujours un peu de place pour suivre le cyclisme, le football et le maximum de performances fran\u00e7aises.","sameAs":["https:\/\/x.com\/https:\/\/twitter.com\/Maxime_Caze"],"url":"https:\/\/dicodusport.fr\/blog\/author\/maximec\/"}]}},"_links":{"self":[{"href":"https:\/\/dicodusport.fr\/blog\/wp-json\/wp\/v2\/posts\/650145","targetHints":{"allow":["GET"]}}],"collection":[{"href":"https:\/\/dicodusport.fr\/blog\/wp-json\/wp\/v2\/posts"}],"about":[{"href":"https:\/\/dicodusport.fr\/blog\/wp-json\/wp\/v2\/types\/post"}],"author":[{"embeddable":true,"href":"https:\/\/dicodusport.fr\/blog\/wp-json\/wp\/v2\/users\/55"}],"replies":[{"embeddable":true,"href":"https:\/\/dicodusport.fr\/blog\/wp-json\/wp\/v2\/comments?post=650145"}],"version-history":[{"count":4,"href":"https:\/\/dicodusport.fr\/blog\/wp-json\/wp\/v2\/posts\/650145\/revisions"}],"predecessor-version":[{"id":650206,"href":"https:\/\/dicodusport.fr\/blog\/wp-json\/wp\/v2\/posts\/650145\/revisions\/650206"}],"wp:featuredmedia":[{"embeddable":true,"href":"https:\/\/dicodusport.fr\/blog\/wp-json\/wp\/v2\/media\/650152"}],"wp:attachment":[{"href":"https:\/\/dicodusport.fr\/blog\/wp-json\/wp\/v2\/media?parent=650145"}],"wp:term":[{"taxonomy":"category","embeddable":true,"href":"https:\/\/dicodusport.fr\/blog\/wp-json\/wp\/v2\/categories?post=650145"},{"taxonomy":"post_tag","embeddable":true,"href":"https:\/\/dicodusport.fr\/blog\/wp-json\/wp\/v2\/tags?post=650145"}],"curies":[{"name":"wp","href":"https:\/\/api.w.org\/{rel}","templated":true}]}}