{"id":65040,"date":"2020-04-14T19:06:37","date_gmt":"2020-04-14T17:06:37","guid":{"rendered":"http:\/\/dicodusport.fr\/blog\/?p=65040&#038;preview=true&#038;preview_id=65040"},"modified":"2020-04-15T08:33:16","modified_gmt":"2020-04-15T06:33:16","slug":"le-tour-de-france-2020-du-29-aout-au-20-septembre","status":"publish","type":"post","link":"https:\/\/dicodusport.fr\/blog\/le-tour-de-france-2020-du-29-aout-au-20-septembre\/","title":{"rendered":"Le Tour de France 2020 du 29 ao\u00fbt au 20 septembre ?"},"content":{"rendered":"<p style=\"text-align: justify;\"><em><b>Selon nos confr\u00e8res du Dauphin\u00e9 Lib\u00e9r\u00e9, le <a href=\"https:\/\/dicodusport.fr\/blog\/le-depart-tour-de-france-2020-decale-debut-aout\/\" target=\"_blank\" rel=\"noopener noreferrer\">Tour de France<\/a> devrait se tenir du 29 ao\u00fbt au 20 septembre prochain, au lieu des dates initialement pr\u00e9vues.<\/b><\/em><\/p>\n<p style=\"text-align: justify;\">Depuis l&rsquo;allocution d&rsquo;<strong>Emmanuel Macron<\/strong>, la certitude de voir la <strong>Grande Boucle 2020<\/strong> se tenir aux dates pr\u00e9vues \u00e9tait effac\u00e9e. Selon les informations de nos confr\u00e8res du <a href=\"https:\/\/www.ledauphine.com\/sport\/2020\/04\/14\/exclusif-le-tour-de-france-debutera-le-29-aout\" target=\"_blank\" rel=\"noopener noreferrer\"><em>Dauphin\u00e9 Lib\u00e9r\u00e9<\/em><\/a>, le Tour serait d\u00e9cal\u00e9 de deux mois. Le Tour de France devrait d\u00e9marrer le 29 ao\u00fbt prochain \u00e0 Nice pour s&rsquo;achever le 20 septembre \u00e0 Paris. Une d\u00e9cision qui laisserait le temps aux coureurs du peloton de se pr\u00e9parer correctement apr\u00e8s le confinement, et m\u00eame de participer \u00e0 certaines courses possiblement reprogramm\u00e9es cet \u00e9t\u00e9.<\/p>\n<blockquote class=\"twitter-tweet\">\n<p dir=\"ltr\" lang=\"fr\">&#x1f3b4;INFO Le Dauphin\u00e9 Lib\u00e9r\u00e9 &#8211; Le Tour de France d\u00e9butera le 29 ao\u00fbt ! <a href=\"https:\/\/t.co\/aXxjoQw503\">https:\/\/t.co\/aXxjoQw503<\/a><\/p>\n<p>\u2014 Valentin Jacquemet (@valjacquemet) <a href=\"https:\/\/twitter.com\/valjacquemet\/status\/1250097149032968199?ref_src=twsrc%5Etfw\">April 14, 2020<\/a><\/p><\/blockquote>\n<p style=\"text-align: justify;\"><script async src=\"https:\/\/platform.twitter.com\/widgets.js\" charset=\"utf-8\"><\/script><\/p>\n<h2 style=\"text-align: justify;\">Le programme du Tour de France 2020<\/h2>\n<p style=\"text-align: justify;\"><strong>Samedi 29 ao\u00fbt &#8211; 1\u00e8re \u00e9tape :<\/strong> Nice &#8211; Nice 170km<br \/>\n<strong>Dimanche 30 ao\u00fbt &#8211; 2\u00e8me \u00e9tape :<\/strong> Nice &#8211; Nice 190km<br \/>\n<strong>Lundi 31 ao\u00fbt &#8211; 3\u00e8me \u00e9tape :<\/strong> Nice &#8211; Sisteron 198km<br \/>\n<strong>Mardi 1er septembre &#8211; 4\u00e8me \u00e9tape :<\/strong> Sisteron &#8211; Orci\u00e8res-Merlette 157km<br \/>\n<strong>Mercredi 2 septembre &#8211; 5\u00e8me \u00e9tape :<\/strong> Gap &#8211; Privas 183km<br \/>\n<strong>Jeudi 3 septembre &#8211; 6\u00e8me \u00e9tape :<\/strong> Le Teil &#8211; Mont Aigoual 191km<br \/>\n<strong>Vendredi 4 septembre &#8211; 7\u00e8me \u00e9tape :<\/strong> Millau &#8211; Lavaur 168km<br \/>\n<strong>Samedi 5 septembre &#8211; 8\u00e8me \u00e9tape :<\/strong> Caz\u00e8res &#8211; Loudenvielle 140km<br \/>\n<strong>Dimanche 6 septembre &#8211; 9\u00e8me \u00e9tape :<\/strong> Pau &#8211; Laruns 154km<\/p>\n<p style=\"text-align: justify;\"><strong>Lundi 7 septembre :<\/strong> Repos<\/p>\n<p style=\"text-align: justify;\"><strong>Mardi 8 septembre &#8211; 10\u00e8me \u00e9tape :<\/strong> \u00cele d&rsquo;Ol\u00e9ron &#8211; \u00cele de R\u00e9 170km<br \/>\n<strong>Mercredi 9 septembre &#8211; 11\u00e8me \u00e9tape :<\/strong> Ch\u00e2telaillon-Plage &#8211; Poitiers 167km<br \/>\n<strong>Jeudi 10 septembre &#8211; 12\u00e8me \u00e9tape :<\/strong> Chauvigny &#8211; Sarran 218km<br \/>\n<strong>Vendredi 11 septembre &#8211; 13\u00e8me \u00e9tape :<\/strong> Chatel Guyon &#8211; Puy Mary 191km<br \/>\n<strong>Samedi 12 septembre &#8211; 14\u00e8me \u00e9tape :<\/strong> Clermont-Ferrand &#8211; Lyon 197km<br \/>\n<strong>Dimanche 13 septembre &#8211; 15\u00e8me \u00e9tape :<\/strong> Lyon &#8211; Grand Colombier 175km<\/p>\n<p style=\"text-align: justify;\"><strong>Lundi 14 septembre :<\/strong> Repos<\/p>\n<p style=\"text-align: justify;\"><strong>Mardi 15 septembre &#8211; 16\u00e8me \u00e9tape :<\/strong> La Tour du Pin &#8211; Villard de Lans 164km<br \/>\n<strong>Mercredi 16 septembre &#8211; 17\u00e8me \u00e9tape :<\/strong> Grenoble &#8211; M\u00e9ribel (Col de la Loze) 168km<br \/>\n<strong>Jeudi 17 septembre &#8211; 18\u00e8me \u00e9tape :<\/strong> M\u00e9ribel &#8211; La Roche sur Foron 168km<br \/>\n<strong>Vendredi 18 septembre &#8211; 19\u00e8me \u00e9tape :<\/strong> Bourg-en-Bresse &#8211; Champagnole 160km<br \/>\n<strong>Samedi 19 septembre &#8211; 20\u00e8me \u00e9tape :<\/strong> Lure &#8211; La Planche des Belles Filles (CLM individuel) 36km<br \/>\n<strong>Dimanche 20 septembre &#8211; 21\u00e8me \u00e9tape :<\/strong> Mantes-La-Jolie &#8211; Paris 122km<\/p>\n<p style=\"text-align: justify;\"><strong><em>Dicodusport<br \/>\n<a href=\"https:\/\/www.facebook.com\/dicodusport\/\" target=\"_blank\" rel=\"noopener noreferrer\"><img loading=\"lazy\" decoding=\"async\" class=\"alignnone wp-image-2909\" src=\"http:\/\/dicodusport.fr\/blog\/wp-content\/uploads\/2017\/07\/logo-facebook-150x150.png\" alt=\"\" width=\"40\" height=\"40\" \/><\/a><a href=\"https:\/\/twitter.com\/dicodusport\" target=\"_blank\" rel=\"noopener noreferrer\"><img loading=\"lazy\" decoding=\"async\" class=\"alignnone wp-image-2908\" src=\"http:\/\/dicodusport.fr\/blog\/wp-content\/uploads\/2017\/07\/logo-twitter-150x150.png\" alt=\"\" width=\"39\" height=\"39\" \/><\/a><\/em><\/strong><\/p>\n","protected":false},"excerpt":{"rendered":"<p>Selon nos confr\u00e8res du Dauphin\u00e9 Lib\u00e9r\u00e9, le Tour de France devrait se tenir du 29 ao\u00fbt au 20 septembre prochain, au lieu des dates initialement pr\u00e9vues.<\/p>\n","protected":false},"author":1,"featured_media":65041,"comment_status":"open","ping_status":"closed","sticky":false,"template":"","format":"standard","meta":{"_acf_changed":false,"_daextam_enable_autolinks":"","footnotes":""},"categories":[2307],"tags":[574,1262],"class_list":["post-65040","post","type-post","status-publish","format-standard","has-post-thumbnail","hentry","category-cyclisme","tag-cyclisme","tag-tour-de-france"],"acf":[],"yoast_head":"<!-- This site is optimized with the Yoast SEO Premium plugin v26.7 (Yoast SEO v26.7) - https:\/\/yoast.com\/wordpress\/plugins\/seo\/ -->\n<title>Le Tour de France 2020 du 29 ao\u00fbt au 20 septembre ?<\/title>\n<meta name=\"description\" content=\"Selon nos confr\u00e8res du Dauphin\u00e9 Lib\u00e9r\u00e9, le Tour de France devrait se tenir du 29 ao\u00fbt au 20 septembre prochain, au lieu des dates initialement pr\u00e9vues.\" \/>\n<meta name=\"robots\" content=\"index, follow, max-snippet:-1, max-image-preview:large, max-video-preview:-1\" \/>\n<link rel=\"canonical\" href=\"https:\/\/dicodusport.fr\/blog\/le-tour-de-france-2020-du-29-aout-au-20-septembre\/\" \/>\n<meta property=\"og:locale\" content=\"fr_FR\" \/>\n<meta property=\"og:type\" content=\"article\" \/>\n<meta property=\"og:title\" content=\"Le Tour de France 2020 du 29 ao\u00fbt au 20 septembre ?\" \/>\n<meta property=\"og:description\" content=\"Selon nos confr\u00e8res du Dauphin\u00e9 Lib\u00e9r\u00e9, le Tour de France devrait se tenir du 29 ao\u00fbt au 20 septembre prochain, au lieu des dates initialement pr\u00e9vues.\" \/>\n<meta property=\"og:url\" content=\"https:\/\/dicodusport.fr\/blog\/le-tour-de-france-2020-du-29-aout-au-20-septembre\/\" \/>\n<meta property=\"og:site_name\" content=\"Dicodusport\" \/>\n<meta property=\"article:publisher\" content=\"https:\/\/www.facebook.com\/dicodusport\" \/>\n<meta property=\"article:author\" content=\"https:\/\/www.facebook.com\/dicodusport\" \/>\n<meta property=\"article:published_time\" content=\"2020-04-14T17:06:37+00:00\" \/>\n<meta property=\"article:modified_time\" content=\"2020-04-15T06:33:16+00:00\" \/>\n<meta property=\"og:image\" content=\"https:\/\/dicodusport.fr\/blog\/wp-content\/uploads\/2020\/04\/Tour-de-France-2019.png\" \/>\n\t<meta property=\"og:image:width\" content=\"800\" \/>\n\t<meta property=\"og:image:height\" content=\"445\" \/>\n\t<meta property=\"og:image:type\" content=\"image\/png\" \/>\n<meta name=\"author\" content=\"Nicolas Jacquemard\" \/>\n<meta name=\"twitter:card\" content=\"summary_large_image\" \/>\n<meta name=\"twitter:title\" content=\"Le Tour de France 2020 du 29 ao\u00fbt au 20 septembre ?\" \/>\n<meta name=\"twitter:creator\" content=\"@https:\/\/twitter.com\/Nico_Jacquemard\" \/>\n<meta name=\"twitter:site\" content=\"@dicodusport\" \/>\n<script type=\"application\/ld+json\" class=\"yoast-schema-graph\">{\"@context\":\"https:\/\/schema.org\",\"@graph\":[{\"@type\":\"NewsArticle\",\"@id\":\"https:\/\/dicodusport.fr\/blog\/le-tour-de-france-2020-du-29-aout-au-20-septembre\/#article\",\"isPartOf\":{\"@id\":\"https:\/\/dicodusport.fr\/blog\/le-tour-de-france-2020-du-29-aout-au-20-septembre\/\"},\"author\":{\"name\":\"Nicolas Jacquemard\",\"@id\":\"https:\/\/dicodusport.fr\/blog\/#\/schema\/person\/55dcb50ad410894e431ed812bbb70191\"},\"headline\":\"Le Tour de France 2020 du 29 ao\u00fbt au 20 septembre ?\",\"datePublished\":\"2020-04-14T17:06:37+00:00\",\"dateModified\":\"2020-04-15T06:33:16+00:00\",\"mainEntityOfPage\":{\"@id\":\"https:\/\/dicodusport.fr\/blog\/le-tour-de-france-2020-du-29-aout-au-20-septembre\/\"},\"wordCount\":393,\"commentCount\":0,\"publisher\":{\"@id\":\"https:\/\/dicodusport.fr\/blog\/#organization\"},\"image\":{\"@id\":\"https:\/\/dicodusport.fr\/blog\/le-tour-de-france-2020-du-29-aout-au-20-septembre\/#primaryimage\"},\"thumbnailUrl\":\"https:\/\/dicodusport.fr\/blog\/wp-content\/uploads\/2020\/04\/Tour-de-France-2019.png\",\"keywords\":[\"Cyclisme\",\"Tour de France\"],\"articleSection\":[\"Cyclisme\"],\"inLanguage\":\"fr-FR\",\"potentialAction\":[{\"@type\":\"CommentAction\",\"name\":\"Comment\",\"target\":[\"https:\/\/dicodusport.fr\/blog\/le-tour-de-france-2020-du-29-aout-au-20-septembre\/#respond\"]}],\"copyrightYear\":\"2020\",\"copyrightHolder\":{\"@id\":\"https:\/\/dicodusport.fr\/blog\/#organization\"}},{\"@type\":\"WebPage\",\"@id\":\"https:\/\/dicodusport.fr\/blog\/le-tour-de-france-2020-du-29-aout-au-20-septembre\/\",\"url\":\"https:\/\/dicodusport.fr\/blog\/le-tour-de-france-2020-du-29-aout-au-20-septembre\/\",\"name\":\"Le Tour de France 2020 du 29 ao\u00fbt au 20 septembre ?\",\"isPartOf\":{\"@id\":\"https:\/\/dicodusport.fr\/blog\/#website\"},\"primaryImageOfPage\":{\"@id\":\"https:\/\/dicodusport.fr\/blog\/le-tour-de-france-2020-du-29-aout-au-20-septembre\/#primaryimage\"},\"image\":{\"@id\":\"https:\/\/dicodusport.fr\/blog\/le-tour-de-france-2020-du-29-aout-au-20-septembre\/#primaryimage\"},\"thumbnailUrl\":\"https:\/\/dicodusport.fr\/blog\/wp-content\/uploads\/2020\/04\/Tour-de-France-2019.png\",\"datePublished\":\"2020-04-14T17:06:37+00:00\",\"dateModified\":\"2020-04-15T06:33:16+00:00\",\"description\":\"Selon nos confr\u00e8res du Dauphin\u00e9 Lib\u00e9r\u00e9, le Tour de France devrait se tenir du 29 ao\u00fbt au 20 septembre prochain, au lieu des dates initialement pr\u00e9vues.\",\"breadcrumb\":{\"@id\":\"https:\/\/dicodusport.fr\/blog\/le-tour-de-france-2020-du-29-aout-au-20-septembre\/#breadcrumb\"},\"inLanguage\":\"fr-FR\",\"potentialAction\":[{\"@type\":\"ReadAction\",\"target\":[\"https:\/\/dicodusport.fr\/blog\/le-tour-de-france-2020-du-29-aout-au-20-septembre\/\"]}]},{\"@type\":\"ImageObject\",\"inLanguage\":\"fr-FR\",\"@id\":\"https:\/\/dicodusport.fr\/blog\/le-tour-de-france-2020-du-29-aout-au-20-septembre\/#primaryimage\",\"url\":\"https:\/\/dicodusport.fr\/blog\/wp-content\/uploads\/2020\/04\/Tour-de-France-2019.png\",\"contentUrl\":\"https:\/\/dicodusport.fr\/blog\/wp-content\/uploads\/2020\/04\/Tour-de-France-2019.png\",\"width\":800,\"height\":445},{\"@type\":\"BreadcrumbList\",\"@id\":\"https:\/\/dicodusport.fr\/blog\/le-tour-de-france-2020-du-29-aout-au-20-septembre\/#breadcrumb\",\"itemListElement\":[{\"@type\":\"ListItem\",\"position\":1,\"name\":\"Accueil\",\"item\":\"https:\/\/dicodusport.fr\/blog\/\"},{\"@type\":\"ListItem\",\"position\":2,\"name\":\"Le Tour de France 2020 du 29 ao\u00fbt au 20 septembre ?\"}]},{\"@type\":\"WebSite\",\"@id\":\"https:\/\/dicodusport.fr\/blog\/#website\",\"url\":\"https:\/\/dicodusport.fr\/blog\/\",\"name\":\"Dicodusport\",\"description\":\"L&#039;encyclop\u00e9die de l&#039;actualit\u00e9 sportive\",\"publisher\":{\"@id\":\"https:\/\/dicodusport.fr\/blog\/#organization\"},\"potentialAction\":[{\"@type\":\"SearchAction\",\"target\":{\"@type\":\"EntryPoint\",\"urlTemplate\":\"https:\/\/dicodusport.fr\/blog\/?s={search_term_string}\"},\"query-input\":{\"@type\":\"PropertyValueSpecification\",\"valueRequired\":true,\"valueName\":\"search_term_string\"}}],\"inLanguage\":\"fr-FR\"},{\"@type\":\"NewsMediaOrganization\",\"@id\":\"https:\/\/dicodusport.fr\/blog\/#organization\",\"name\":\"Dicodusport\",\"url\":\"https:\/\/dicodusport.fr\/blog\/\",\"logo\":{\"@type\":\"ImageObject\",\"inLanguage\":\"fr-FR\",\"@id\":\"https:\/\/dicodusport.fr\/blog\/#\/schema\/logo\/image\/\",\"url\":\"https:\/\/dicodusport.fr\/blog\/wp-content\/uploads\/2020\/06\/cropped-LOGO-DICODUSPORT-2020-SANS-FOND-SANS-TEXTE.png\",\"contentUrl\":\"https:\/\/dicodusport.fr\/blog\/wp-content\/uploads\/2020\/06\/cropped-LOGO-DICODUSPORT-2020-SANS-FOND-SANS-TEXTE.png\",\"width\":512,\"height\":512,\"caption\":\"Dicodusport\"},\"image\":{\"@id\":\"https:\/\/dicodusport.fr\/blog\/#\/schema\/logo\/image\/\"},\"sameAs\":[\"https:\/\/www.facebook.com\/dicodusport\",\"https:\/\/x.com\/dicodusport\",\"https:\/\/www.instagram.com\/dicodusport\/\",\"https:\/\/www.youtube.com\/channel\/UC7V2KZ5sd3htJivAbA4ZG3w\"],\"description\":\"Dicodusport est l'encyclop\u00e9die de l'actualit\u00e9 sportive.\",\"email\":\"bonjour@dicodusport.fr\",\"legalName\":\"DICODUSPORT\",\"foundingDate\":\"2018-01-14\",\"vatID\":\"FR71834470973\",\"taxID\":\"83447097300043\",\"numberOfEmployees\":{\"@type\":\"QuantitativeValue\",\"minValue\":\"1\",\"maxValue\":\"10\"}},{\"@type\":\"Person\",\"@id\":\"https:\/\/dicodusport.fr\/blog\/#\/schema\/person\/55dcb50ad410894e431ed812bbb70191\",\"name\":\"Nicolas Jacquemard\",\"image\":{\"@type\":\"ImageObject\",\"inLanguage\":\"fr-FR\",\"@id\":\"https:\/\/dicodusport.fr\/blog\/#\/schema\/person\/image\/\",\"url\":\"https:\/\/dicodusport.fr\/blog\/wp-content\/uploads\/2021\/05\/Nicolas-Jacquemard-150x150.jpeg\",\"contentUrl\":\"https:\/\/dicodusport.fr\/blog\/wp-content\/uploads\/2021\/05\/Nicolas-Jacquemard-150x150.jpeg\",\"caption\":\"Nicolas Jacquemard\"},\"description\":\"Passionn\u00e9 de sport et entrepreneur depuis mes 18 ans, la cr\u00e9ation de Dicodusport m'a sembl\u00e9 \u00e9vidente pour participer \u00e0 la m\u00e9diatisation d'un plus grand nombre de sports. Le chemin est long mais avec une \u00e9quipe des plus motiv\u00e9es et les Jeux Olympiques de Paris 2024 en point de mire, nous y arriverons ! Journaliste dans le monde du sport depuis plus de 5 ans, je traite aussi bien de football, de rugby, de biathlon que de cyclisme.\",\"sameAs\":[\"https:\/\/www.facebook.com\/dicodusport\",\"https:\/\/x.com\/https:\/\/twitter.com\/Nico_Jacquemard\"],\"url\":\"https:\/\/dicodusport.fr\/blog\/author\/dicodusport\/\"}]}<\/script>\n<!-- \/ Yoast SEO Premium plugin. -->","yoast_head_json":{"title":"Le Tour de France 2020 du 29 ao\u00fbt au 20 septembre ?","description":"Selon nos confr\u00e8res du Dauphin\u00e9 Lib\u00e9r\u00e9, le Tour de France devrait se tenir du 29 ao\u00fbt au 20 septembre prochain, au lieu des dates initialement pr\u00e9vues.","robots":{"index":"index","follow":"follow","max-snippet":"max-snippet:-1","max-image-preview":"max-image-preview:large","max-video-preview":"max-video-preview:-1"},"canonical":"https:\/\/dicodusport.fr\/blog\/le-tour-de-france-2020-du-29-aout-au-20-septembre\/","og_locale":"fr_FR","og_type":"article","og_title":"Le Tour de France 2020 du 29 ao\u00fbt au 20 septembre ?","og_description":"Selon nos confr\u00e8res du Dauphin\u00e9 Lib\u00e9r\u00e9, le Tour de France devrait se tenir du 29 ao\u00fbt au 20 septembre prochain, au lieu des dates initialement pr\u00e9vues.","og_url":"https:\/\/dicodusport.fr\/blog\/le-tour-de-france-2020-du-29-aout-au-20-septembre\/","og_site_name":"Dicodusport","article_publisher":"https:\/\/www.facebook.com\/dicodusport","article_author":"https:\/\/www.facebook.com\/dicodusport","article_published_time":"2020-04-14T17:06:37+00:00","article_modified_time":"2020-04-15T06:33:16+00:00","og_image":[{"width":800,"height":445,"url":"https:\/\/dicodusport.fr\/blog\/wp-content\/uploads\/2020\/04\/Tour-de-France-2019.png","type":"image\/png"}],"author":"Nicolas Jacquemard","twitter_card":"summary_large_image","twitter_title":"Le Tour de France 2020 du 29 ao\u00fbt au 20 septembre ?","twitter_creator":"@https:\/\/twitter.com\/Nico_Jacquemard","twitter_site":"@dicodusport","schema":{"@context":"https:\/\/schema.org","@graph":[{"@type":"NewsArticle","@id":"https:\/\/dicodusport.fr\/blog\/le-tour-de-france-2020-du-29-aout-au-20-septembre\/#article","isPartOf":{"@id":"https:\/\/dicodusport.fr\/blog\/le-tour-de-france-2020-du-29-aout-au-20-septembre\/"},"author":{"name":"Nicolas Jacquemard","@id":"https:\/\/dicodusport.fr\/blog\/#\/schema\/person\/55dcb50ad410894e431ed812bbb70191"},"headline":"Le Tour de France 2020 du 29 ao\u00fbt au 20 septembre ?","datePublished":"2020-04-14T17:06:37+00:00","dateModified":"2020-04-15T06:33:16+00:00","mainEntityOfPage":{"@id":"https:\/\/dicodusport.fr\/blog\/le-tour-de-france-2020-du-29-aout-au-20-septembre\/"},"wordCount":393,"commentCount":0,"publisher":{"@id":"https:\/\/dicodusport.fr\/blog\/#organization"},"image":{"@id":"https:\/\/dicodusport.fr\/blog\/le-tour-de-france-2020-du-29-aout-au-20-septembre\/#primaryimage"},"thumbnailUrl":"https:\/\/dicodusport.fr\/blog\/wp-content\/uploads\/2020\/04\/Tour-de-France-2019.png","keywords":["Cyclisme","Tour de France"],"articleSection":["Cyclisme"],"inLanguage":"fr-FR","potentialAction":[{"@type":"CommentAction","name":"Comment","target":["https:\/\/dicodusport.fr\/blog\/le-tour-de-france-2020-du-29-aout-au-20-septembre\/#respond"]}],"copyrightYear":"2020","copyrightHolder":{"@id":"https:\/\/dicodusport.fr\/blog\/#organization"}},{"@type":"WebPage","@id":"https:\/\/dicodusport.fr\/blog\/le-tour-de-france-2020-du-29-aout-au-20-septembre\/","url":"https:\/\/dicodusport.fr\/blog\/le-tour-de-france-2020-du-29-aout-au-20-septembre\/","name":"Le Tour de France 2020 du 29 ao\u00fbt au 20 septembre ?","isPartOf":{"@id":"https:\/\/dicodusport.fr\/blog\/#website"},"primaryImageOfPage":{"@id":"https:\/\/dicodusport.fr\/blog\/le-tour-de-france-2020-du-29-aout-au-20-septembre\/#primaryimage"},"image":{"@id":"https:\/\/dicodusport.fr\/blog\/le-tour-de-france-2020-du-29-aout-au-20-septembre\/#primaryimage"},"thumbnailUrl":"https:\/\/dicodusport.fr\/blog\/wp-content\/uploads\/2020\/04\/Tour-de-France-2019.png","datePublished":"2020-04-14T17:06:37+00:00","dateModified":"2020-04-15T06:33:16+00:00","description":"Selon nos confr\u00e8res du Dauphin\u00e9 Lib\u00e9r\u00e9, le Tour de France devrait se tenir du 29 ao\u00fbt au 20 septembre prochain, au lieu des dates initialement pr\u00e9vues.","breadcrumb":{"@id":"https:\/\/dicodusport.fr\/blog\/le-tour-de-france-2020-du-29-aout-au-20-septembre\/#breadcrumb"},"inLanguage":"fr-FR","potentialAction":[{"@type":"ReadAction","target":["https:\/\/dicodusport.fr\/blog\/le-tour-de-france-2020-du-29-aout-au-20-septembre\/"]}]},{"@type":"ImageObject","inLanguage":"fr-FR","@id":"https:\/\/dicodusport.fr\/blog\/le-tour-de-france-2020-du-29-aout-au-20-septembre\/#primaryimage","url":"https:\/\/dicodusport.fr\/blog\/wp-content\/uploads\/2020\/04\/Tour-de-France-2019.png","contentUrl":"https:\/\/dicodusport.fr\/blog\/wp-content\/uploads\/2020\/04\/Tour-de-France-2019.png","width":800,"height":445},{"@type":"BreadcrumbList","@id":"https:\/\/dicodusport.fr\/blog\/le-tour-de-france-2020-du-29-aout-au-20-septembre\/#breadcrumb","itemListElement":[{"@type":"ListItem","position":1,"name":"Accueil","item":"https:\/\/dicodusport.fr\/blog\/"},{"@type":"ListItem","position":2,"name":"Le Tour de France 2020 du 29 ao\u00fbt au 20 septembre ?"}]},{"@type":"WebSite","@id":"https:\/\/dicodusport.fr\/blog\/#website","url":"https:\/\/dicodusport.fr\/blog\/","name":"Dicodusport","description":"L&#039;encyclop\u00e9die de l&#039;actualit\u00e9 sportive","publisher":{"@id":"https:\/\/dicodusport.fr\/blog\/#organization"},"potentialAction":[{"@type":"SearchAction","target":{"@type":"EntryPoint","urlTemplate":"https:\/\/dicodusport.fr\/blog\/?s={search_term_string}"},"query-input":{"@type":"PropertyValueSpecification","valueRequired":true,"valueName":"search_term_string"}}],"inLanguage":"fr-FR"},{"@type":"NewsMediaOrganization","@id":"https:\/\/dicodusport.fr\/blog\/#organization","name":"Dicodusport","url":"https:\/\/dicodusport.fr\/blog\/","logo":{"@type":"ImageObject","inLanguage":"fr-FR","@id":"https:\/\/dicodusport.fr\/blog\/#\/schema\/logo\/image\/","url":"https:\/\/dicodusport.fr\/blog\/wp-content\/uploads\/2020\/06\/cropped-LOGO-DICODUSPORT-2020-SANS-FOND-SANS-TEXTE.png","contentUrl":"https:\/\/dicodusport.fr\/blog\/wp-content\/uploads\/2020\/06\/cropped-LOGO-DICODUSPORT-2020-SANS-FOND-SANS-TEXTE.png","width":512,"height":512,"caption":"Dicodusport"},"image":{"@id":"https:\/\/dicodusport.fr\/blog\/#\/schema\/logo\/image\/"},"sameAs":["https:\/\/www.facebook.com\/dicodusport","https:\/\/x.com\/dicodusport","https:\/\/www.instagram.com\/dicodusport\/","https:\/\/www.youtube.com\/channel\/UC7V2KZ5sd3htJivAbA4ZG3w"],"description":"Dicodusport est l'encyclop\u00e9die de l'actualit\u00e9 sportive.","email":"bonjour@dicodusport.fr","legalName":"DICODUSPORT","foundingDate":"2018-01-14","vatID":"FR71834470973","taxID":"83447097300043","numberOfEmployees":{"@type":"QuantitativeValue","minValue":"1","maxValue":"10"}},{"@type":"Person","@id":"https:\/\/dicodusport.fr\/blog\/#\/schema\/person\/55dcb50ad410894e431ed812bbb70191","name":"Nicolas Jacquemard","image":{"@type":"ImageObject","inLanguage":"fr-FR","@id":"https:\/\/dicodusport.fr\/blog\/#\/schema\/person\/image\/","url":"https:\/\/dicodusport.fr\/blog\/wp-content\/uploads\/2021\/05\/Nicolas-Jacquemard-150x150.jpeg","contentUrl":"https:\/\/dicodusport.fr\/blog\/wp-content\/uploads\/2021\/05\/Nicolas-Jacquemard-150x150.jpeg","caption":"Nicolas Jacquemard"},"description":"Passionn\u00e9 de sport et entrepreneur depuis mes 18 ans, la cr\u00e9ation de Dicodusport m'a sembl\u00e9 \u00e9vidente pour participer \u00e0 la m\u00e9diatisation d'un plus grand nombre de sports. Le chemin est long mais avec une \u00e9quipe des plus motiv\u00e9es et les Jeux Olympiques de Paris 2024 en point de mire, nous y arriverons ! Journaliste dans le monde du sport depuis plus de 5 ans, je traite aussi bien de football, de rugby, de biathlon que de cyclisme.","sameAs":["https:\/\/www.facebook.com\/dicodusport","https:\/\/x.com\/https:\/\/twitter.com\/Nico_Jacquemard"],"url":"https:\/\/dicodusport.fr\/blog\/author\/dicodusport\/"}]}},"_links":{"self":[{"href":"https:\/\/dicodusport.fr\/blog\/wp-json\/wp\/v2\/posts\/65040","targetHints":{"allow":["GET"]}}],"collection":[{"href":"https:\/\/dicodusport.fr\/blog\/wp-json\/wp\/v2\/posts"}],"about":[{"href":"https:\/\/dicodusport.fr\/blog\/wp-json\/wp\/v2\/types\/post"}],"author":[{"embeddable":true,"href":"https:\/\/dicodusport.fr\/blog\/wp-json\/wp\/v2\/users\/1"}],"replies":[{"embeddable":true,"href":"https:\/\/dicodusport.fr\/blog\/wp-json\/wp\/v2\/comments?post=65040"}],"version-history":[{"count":0,"href":"https:\/\/dicodusport.fr\/blog\/wp-json\/wp\/v2\/posts\/65040\/revisions"}],"wp:featuredmedia":[{"embeddable":true,"href":"https:\/\/dicodusport.fr\/blog\/wp-json\/wp\/v2\/media\/65041"}],"wp:attachment":[{"href":"https:\/\/dicodusport.fr\/blog\/wp-json\/wp\/v2\/media?parent=65040"}],"wp:term":[{"taxonomy":"category","embeddable":true,"href":"https:\/\/dicodusport.fr\/blog\/wp-json\/wp\/v2\/categories?post=65040"},{"taxonomy":"post_tag","embeddable":true,"href":"https:\/\/dicodusport.fr\/blog\/wp-json\/wp\/v2\/tags?post=65040"}],"curies":[{"name":"wp","href":"https:\/\/api.w.org\/{rel}","templated":true}]}}