{"id":650419,"date":"2026-03-03T10:43:50","date_gmt":"2026-03-03T09:43:50","guid":{"rendered":"https:\/\/dicodusport.fr\/blog\/?p=650419&#038;preview=true&#038;preview_id=650419"},"modified":"2026-03-03T10:43:58","modified_gmt":"2026-03-03T09:43:58","slug":"un-retour-chez-les-bleues-la-selection-francaise-pour-la-coupe-du-monde-de-kontiolahti","status":"publish","type":"post","link":"https:\/\/dicodusport.fr\/blog\/un-retour-chez-les-bleues-la-selection-francaise-pour-la-coupe-du-monde-de-kontiolahti\/","title":{"rendered":"Un retour chez les Bleues : la s\u00e9lection fran\u00e7aise pour la Coupe du monde de Kontiolahti"},"content":{"rendered":"<p style=\"text-align: justify;\"><strong><em>Retrouvez la s\u00e9lection fran\u00e7aise pour la Coupe du monde de\u00a0<a href=\"https:\/\/dicodusport.fr\/definition-sport\/biathlon\/\" target=\"_self\" data-autolink-id=\"3\">biathlon<\/a> de Kontiolahti (Finlande), qui se dispute du jeudi 5 au dimanche 8 mars 2026.<\/em><\/strong><\/p>\n<ul>\n<li><strong>\u00c0 lire aussi \u2013\u00a0<a href=\"https:\/\/dicodusport.fr\/blog\/biathlon-coupe-du-monde-2025-2026-le-calendrier-complet\/\">Biathlon Coupe du monde 2025-2026 \u2013 Le calendrier complet<\/a><\/strong><\/li>\n<\/ul>\n<p style=\"text-align: justify;\">Les Jeux sont peut-\u00eatre termin\u00e9s mais le biathlon n\u2019est jamais tr\u00e8s loin. Le staff tricolore a d\u00e9voil\u00e9 ce lundi le nom des 12 biathl\u00e8tes qui seront de la partie \u00e0 <a href=\"https:\/\/dicodusport.fr\/blog\/biathlon-kontiolahti-2026-programme-horaires-et-resultats\/\">Kontiolahti (Finlande) pour la 7<sup>\u00e8me<\/sup> \u00e9tape de la Coupe du monde<\/a>. Pas vraiment de surprise mais une officialisation.<\/p>\n<h2 style=\"text-align: justify;\">Sophie Chauveau de retour<\/h2>\n<p style=\"text-align: justify;\">Elle \u00e9tait pressentie pour faire son retour dans le groupe A apr\u00e8s des performances solides en IBU Cup et la r\u00e9trogradation de <strong>Jeanne Richard<\/strong>. C\u2019est d\u00e9sormais officiel, <strong>Sophie Chauveau<\/strong> r\u00e9int\u00e8gre le circuit sup\u00e9rieur. Forte de 7 podiums dont 2 succ\u00e8s cette saison dans l\u2019antichambre de la Coupe du monde, m\u00e9daill\u00e9e lors des Championnats d\u2019Europe, elle a montr\u00e9 une forme \u00e9tincelante sur les skis et retrouvera donc les 5 olympiennes que sont <strong>Lou Jeanmonnot<\/strong>, <strong>Oc\u00e9ane Michelon<\/strong>, <strong>Justine Braisaz-Bouchet<\/strong>, <strong>Julia Simon<\/strong> et <strong>Camille Bened<\/strong>.<\/p>\n<blockquote class=\"twitter-tweet\">\n<p dir=\"ltr\" lang=\"fr\">Kontiolahti \ud83d\udd1c \ud83c\uddeb\ud83c\uddee<\/p>\n<p>Retour sur le circuit de la coupe du monde de biathlon pour nos bleus \ud83d\udc4a<br \/>\nDirection la Finlande \u00e0 Kontiolahti, du 5 au 8 mars 2026 \ud83e\udd29<\/p>\n<p>\ud83c\uddeb\ud83c\uddf7\u27a1\ufe0f <a href=\"https:\/\/t.co\/2LK4FxMzJ5\">https:\/\/t.co\/2LK4FxMzJ5<\/a><\/p>\n<p>\ud83d\udcf8 Nordic Focus <a href=\"https:\/\/t.co\/STtzxLUPbm\">pic.twitter.com\/STtzxLUPbm<\/a><\/p>\n<p>\u2014 FFS &#8211; F\u00e9d\u00e9ration Fran\u00e7aise de Ski (@FedFranceSki) <a href=\"https:\/\/twitter.com\/FedFranceSki\/status\/2025968660678946866?ref_src=twsrc%5Etfw\">February 23, 2026<\/a><\/p><\/blockquote>\n<p><script async src=\"https:\/\/platform.twitter.com\/widgets.js\" charset=\"utf-8\"><\/script><\/p>\n<p style=\"text-align: justify;\">Sophie Chauveau remplacera \u00e9galement <a href=\"https:\/\/dicodusport.fr\/blog\/double-francais-sur-la-mass-start-des-jo-2026-oceane-michelon-championne-olympique-julia-simon-en-argent\/\">la championne olympique de la mass start<\/a> lors du Skidskyttekampen qui aura lieu le 2 mars juste avant l\u2019arr\u00eat \u00e0 Kontiolahti (du 5 au 8 mars). Jeanne Richard reste donc quant \u00e0 elle en IBU Cup.<\/p>\n<ul>\n<li><strong>\u00c0 ce sujet \u2013\u00a0<a href=\"https:\/\/dicodusport.fr\/blog\/biathlon-2025-2026-classement-general-femmes-de-la-coupe-du-monde-actualise\/\">Biathlon 2025-2026 : Classement G\u00e9n\u00e9ral Femmes de la Coupe du monde actualis\u00e9<\/a><\/strong><\/li>\n<\/ul>\n<p style=\"text-align: justify;\">Chez les hommes pas de changement. On prend les m\u00eames qu&rsquo;\u00e0 Nove Mesto et on recommence. Le quatuor m\u00e9daill\u00e9 d\u2019or sur le relais est accompagn\u00e9 d\u2019<strong>Oscar Lombardot<\/strong> et <strong>\u00c9milien Claude<\/strong>. <strong>\u00c9ric Perrot<\/strong>, leader du g\u00e9n\u00e9ral, pourra rev\u00eatir son maillot jaune et tenter de creuser l\u2019\u00e9cart sur <strong>Tommaso Giacomel<\/strong>. Il aura pour cela deux courses\u00a0: l\u2019individuel et la mass start. Les relais par genre sont \u00e9galement au programme.<\/p>\n<ul>\n<li><strong>\u00c0 ce sujet \u2013\u00a0<a href=\"https:\/\/dicodusport.fr\/blog\/biathlon-2025-2026-classement-general-hommes-de-la-coupe-du-monde-mis-a-jour\/\">Biathlon 2025-2026 : Classement G\u00e9n\u00e9ral Hommes de la Coupe du monde mis \u00e0 jour<\/a><\/strong><\/li>\n<\/ul>\n<h2>La s\u00e9lection fran\u00e7aise pour Kontiolahti<\/h2>\n<p><strong>Femmes<\/strong> : Camille Bened, Justine Braisaz-Bouchet, Lou Jeanmonnot, Oc\u00e9ane Michelon, Julia Simon, Sophie Chauveau<\/p>\n<p><strong>Hommes<\/strong>\u00a0: \u00c9milien Claude, Fabien Claude, Quentin Fillon Maillet, \u00c9milien Jacquelin, Oscar Lombardot, \u00c9ric Perrot.<\/p>\n<div id=\"gtx-trans\" style=\"position: absolute; left: -14px; top: 40.9091px;\">\n<div class=\"gtx-trans-icon\" style=\"text-align: justify;\"><\/div>\n<\/div>\n","protected":false},"excerpt":{"rendered":"<p>Retrouvez la s\u00e9lection fran\u00e7aise pour la Coupe du monde de\u00a0biathlon de Kontiolahti (Finlande), qui se dispute du jeudi 5 au dimanche 8 mars 2026.<\/p>\n","protected":false},"author":18,"featured_media":650424,"comment_status":"open","ping_status":"closed","sticky":false,"template":"","format":"standard","meta":{"_acf_changed":false,"_daextam_enable_autolinks":"1","footnotes":""},"categories":[47040],"tags":[2427,16878,10148],"class_list":["post-650419","post","type-post","status-publish","format-standard","has-post-thumbnail","hentry","category-coupe-du-monde-de-biathlon","tag-biathlon","tag-breve","tag-kontiolahti"],"acf":[],"yoast_head":"<!-- This site is optimized with the Yoast SEO Premium plugin v26.7 (Yoast SEO v26.7) - https:\/\/yoast.com\/wordpress\/plugins\/seo\/ -->\n<title>Un retour chez les Bleues : la s\u00e9lection fran\u00e7aise pour la Coupe du monde de Kontiolahti<\/title>\n<meta name=\"description\" content=\"Retrouvez la s\u00e9lection fran\u00e7aise pour la Coupe du monde de\u00a0biathlon de Kontiolahti, qui se dispute du jeudi 5 au dimanche 8 mars 2026.\" \/>\n<meta name=\"robots\" content=\"index, follow, max-snippet:-1, max-image-preview:large, max-video-preview:-1\" \/>\n<link rel=\"canonical\" href=\"https:\/\/dicodusport.fr\/blog\/un-retour-chez-les-bleues-la-selection-francaise-pour-la-coupe-du-monde-de-kontiolahti\/\" \/>\n<meta property=\"og:locale\" content=\"fr_FR\" \/>\n<meta property=\"og:type\" content=\"article\" \/>\n<meta property=\"og:title\" content=\"Un retour chez les Bleues : la s\u00e9lection fran\u00e7aise pour la Coupe du monde de Kontiolahti\" \/>\n<meta property=\"og:description\" content=\"Retrouvez la s\u00e9lection fran\u00e7aise pour la Coupe du monde de\u00a0biathlon de Kontiolahti, qui se dispute du jeudi 5 au dimanche 8 mars 2026.\" \/>\n<meta property=\"og:url\" content=\"https:\/\/dicodusport.fr\/blog\/un-retour-chez-les-bleues-la-selection-francaise-pour-la-coupe-du-monde-de-kontiolahti\/\" \/>\n<meta property=\"og:site_name\" content=\"Dicodusport\" \/>\n<meta property=\"article:publisher\" content=\"https:\/\/www.facebook.com\/dicodusport\" \/>\n<meta property=\"article:author\" content=\"https:\/\/www.facebook.com\/soocube\" \/>\n<meta property=\"article:published_time\" content=\"2026-03-03T09:43:50+00:00\" \/>\n<meta property=\"article:modified_time\" content=\"2026-03-03T09:43:58+00:00\" \/>\n<meta property=\"og:image\" content=\"https:\/\/dicodusport.fr\/blog\/wp-content\/uploads\/2026\/02\/Un-retour-chez-les-Bleues-la-selection-francaise-pour-la-Coupe-du-monde-de-Kontiolahti.png\" \/>\n\t<meta property=\"og:image:width\" content=\"1200\" \/>\n\t<meta property=\"og:image:height\" content=\"674\" \/>\n\t<meta property=\"og:image:type\" content=\"image\/png\" \/>\n<meta name=\"author\" content=\"Sophie Clapier\" \/>\n<meta name=\"twitter:card\" content=\"summary_large_image\" \/>\n<meta name=\"twitter:title\" content=\"Un retour chez les Bleues : la s\u00e9lection fran\u00e7aise pour la Coupe du monde de Kontiolahti\" \/>\n<meta name=\"twitter:creator\" content=\"@https:\/\/twitter.com\/soocube\" \/>\n<meta name=\"twitter:site\" content=\"@dicodusport\" \/>\n<script type=\"application\/ld+json\" class=\"yoast-schema-graph\">{\"@context\":\"https:\/\/schema.org\",\"@graph\":[{\"@type\":\"NewsArticle\",\"@id\":\"https:\/\/dicodusport.fr\/blog\/un-retour-chez-les-bleues-la-selection-francaise-pour-la-coupe-du-monde-de-kontiolahti\/#article\",\"isPartOf\":{\"@id\":\"https:\/\/dicodusport.fr\/blog\/un-retour-chez-les-bleues-la-selection-francaise-pour-la-coupe-du-monde-de-kontiolahti\/\"},\"author\":{\"name\":\"Sophie Clapier\",\"@id\":\"https:\/\/dicodusport.fr\/blog\/#\/schema\/person\/416c975648aca9da8839bdfe333a21c9\"},\"headline\":\"Un retour chez les Bleues : la s\u00e9lection fran\u00e7aise pour la Coupe du monde de Kontiolahti\",\"datePublished\":\"2026-03-03T09:43:50+00:00\",\"dateModified\":\"2026-03-03T09:43:58+00:00\",\"mainEntityOfPage\":{\"@id\":\"https:\/\/dicodusport.fr\/blog\/un-retour-chez-les-bleues-la-selection-francaise-pour-la-coupe-du-monde-de-kontiolahti\/\"},\"wordCount\":422,\"commentCount\":0,\"publisher\":{\"@id\":\"https:\/\/dicodusport.fr\/blog\/#organization\"},\"image\":{\"@id\":\"https:\/\/dicodusport.fr\/blog\/un-retour-chez-les-bleues-la-selection-francaise-pour-la-coupe-du-monde-de-kontiolahti\/#primaryimage\"},\"thumbnailUrl\":\"https:\/\/dicodusport.fr\/blog\/wp-content\/uploads\/2026\/02\/Un-retour-chez-les-Bleues-la-selection-francaise-pour-la-Coupe-du-monde-de-Kontiolahti.png\",\"keywords\":[\"Biathlon\",\"br\u00e8ve\",\"Kontiolahti\"],\"articleSection\":[\"Coupe du monde de biathlon\"],\"inLanguage\":\"fr-FR\",\"potentialAction\":[{\"@type\":\"CommentAction\",\"name\":\"Comment\",\"target\":[\"https:\/\/dicodusport.fr\/blog\/un-retour-chez-les-bleues-la-selection-francaise-pour-la-coupe-du-monde-de-kontiolahti\/#respond\"]}],\"copyrightYear\":\"2026\",\"copyrightHolder\":{\"@id\":\"https:\/\/dicodusport.fr\/blog\/#organization\"}},{\"@type\":\"WebPage\",\"@id\":\"https:\/\/dicodusport.fr\/blog\/un-retour-chez-les-bleues-la-selection-francaise-pour-la-coupe-du-monde-de-kontiolahti\/\",\"url\":\"https:\/\/dicodusport.fr\/blog\/un-retour-chez-les-bleues-la-selection-francaise-pour-la-coupe-du-monde-de-kontiolahti\/\",\"name\":\"Un retour chez les Bleues : la s\u00e9lection fran\u00e7aise pour la Coupe du monde de Kontiolahti\",\"isPartOf\":{\"@id\":\"https:\/\/dicodusport.fr\/blog\/#website\"},\"primaryImageOfPage\":{\"@id\":\"https:\/\/dicodusport.fr\/blog\/un-retour-chez-les-bleues-la-selection-francaise-pour-la-coupe-du-monde-de-kontiolahti\/#primaryimage\"},\"image\":{\"@id\":\"https:\/\/dicodusport.fr\/blog\/un-retour-chez-les-bleues-la-selection-francaise-pour-la-coupe-du-monde-de-kontiolahti\/#primaryimage\"},\"thumbnailUrl\":\"https:\/\/dicodusport.fr\/blog\/wp-content\/uploads\/2026\/02\/Un-retour-chez-les-Bleues-la-selection-francaise-pour-la-Coupe-du-monde-de-Kontiolahti.png\",\"datePublished\":\"2026-03-03T09:43:50+00:00\",\"dateModified\":\"2026-03-03T09:43:58+00:00\",\"description\":\"Retrouvez la s\u00e9lection fran\u00e7aise pour la Coupe du monde de\u00a0biathlon de Kontiolahti, qui se dispute du jeudi 5 au dimanche 8 mars 2026.\",\"breadcrumb\":{\"@id\":\"https:\/\/dicodusport.fr\/blog\/un-retour-chez-les-bleues-la-selection-francaise-pour-la-coupe-du-monde-de-kontiolahti\/#breadcrumb\"},\"inLanguage\":\"fr-FR\",\"potentialAction\":[{\"@type\":\"ReadAction\",\"target\":[\"https:\/\/dicodusport.fr\/blog\/un-retour-chez-les-bleues-la-selection-francaise-pour-la-coupe-du-monde-de-kontiolahti\/\"]}]},{\"@type\":\"ImageObject\",\"inLanguage\":\"fr-FR\",\"@id\":\"https:\/\/dicodusport.fr\/blog\/un-retour-chez-les-bleues-la-selection-francaise-pour-la-coupe-du-monde-de-kontiolahti\/#primaryimage\",\"url\":\"https:\/\/dicodusport.fr\/blog\/wp-content\/uploads\/2026\/02\/Un-retour-chez-les-Bleues-la-selection-francaise-pour-la-Coupe-du-monde-de-Kontiolahti.png\",\"contentUrl\":\"https:\/\/dicodusport.fr\/blog\/wp-content\/uploads\/2026\/02\/Un-retour-chez-les-Bleues-la-selection-francaise-pour-la-Coupe-du-monde-de-Kontiolahti.png\",\"width\":1200,\"height\":674,\"caption\":\"Un retour chez les Bleues la s\u00e9lection fran\u00e7aise pour la Coupe du monde de Kontiolahti\"},{\"@type\":\"BreadcrumbList\",\"@id\":\"https:\/\/dicodusport.fr\/blog\/un-retour-chez-les-bleues-la-selection-francaise-pour-la-coupe-du-monde-de-kontiolahti\/#breadcrumb\",\"itemListElement\":[{\"@type\":\"ListItem\",\"position\":1,\"name\":\"Accueil\",\"item\":\"https:\/\/dicodusport.fr\/blog\/\"},{\"@type\":\"ListItem\",\"position\":2,\"name\":\"Un retour chez les Bleues : la s\u00e9lection fran\u00e7aise pour la Coupe du monde de Kontiolahti\"}]},{\"@type\":\"WebSite\",\"@id\":\"https:\/\/dicodusport.fr\/blog\/#website\",\"url\":\"https:\/\/dicodusport.fr\/blog\/\",\"name\":\"Dicodusport\",\"description\":\"L&#039;encyclop\u00e9die de l&#039;actualit\u00e9 sportive\",\"publisher\":{\"@id\":\"https:\/\/dicodusport.fr\/blog\/#organization\"},\"potentialAction\":[{\"@type\":\"SearchAction\",\"target\":{\"@type\":\"EntryPoint\",\"urlTemplate\":\"https:\/\/dicodusport.fr\/blog\/?s={search_term_string}\"},\"query-input\":{\"@type\":\"PropertyValueSpecification\",\"valueRequired\":true,\"valueName\":\"search_term_string\"}}],\"inLanguage\":\"fr-FR\"},{\"@type\":\"NewsMediaOrganization\",\"@id\":\"https:\/\/dicodusport.fr\/blog\/#organization\",\"name\":\"Dicodusport\",\"url\":\"https:\/\/dicodusport.fr\/blog\/\",\"logo\":{\"@type\":\"ImageObject\",\"inLanguage\":\"fr-FR\",\"@id\":\"https:\/\/dicodusport.fr\/blog\/#\/schema\/logo\/image\/\",\"url\":\"https:\/\/dicodusport.fr\/blog\/wp-content\/uploads\/2020\/06\/cropped-LOGO-DICODUSPORT-2020-SANS-FOND-SANS-TEXTE.png\",\"contentUrl\":\"https:\/\/dicodusport.fr\/blog\/wp-content\/uploads\/2020\/06\/cropped-LOGO-DICODUSPORT-2020-SANS-FOND-SANS-TEXTE.png\",\"width\":512,\"height\":512,\"caption\":\"Dicodusport\"},\"image\":{\"@id\":\"https:\/\/dicodusport.fr\/blog\/#\/schema\/logo\/image\/\"},\"sameAs\":[\"https:\/\/www.facebook.com\/dicodusport\",\"https:\/\/x.com\/dicodusport\",\"https:\/\/www.instagram.com\/dicodusport\/\",\"https:\/\/www.youtube.com\/channel\/UC7V2KZ5sd3htJivAbA4ZG3w\"],\"description\":\"Dicodusport est l'encyclop\u00e9die de l'actualit\u00e9 sportive.\",\"email\":\"bonjour@dicodusport.fr\",\"legalName\":\"DICODUSPORT\",\"foundingDate\":\"2018-01-14\",\"vatID\":\"FR71834470973\",\"taxID\":\"83447097300043\",\"numberOfEmployees\":{\"@type\":\"QuantitativeValue\",\"minValue\":\"1\",\"maxValue\":\"10\"}},{\"@type\":\"Person\",\"@id\":\"https:\/\/dicodusport.fr\/blog\/#\/schema\/person\/416c975648aca9da8839bdfe333a21c9\",\"name\":\"Sophie Clapier\",\"image\":{\"@type\":\"ImageObject\",\"inLanguage\":\"fr-FR\",\"@id\":\"https:\/\/dicodusport.fr\/blog\/#\/schema\/person\/image\/\",\"url\":\"https:\/\/dicodusport.fr\/blog\/wp-content\/uploads\/2021\/05\/Sophie-Clapier-150x150.jpg\",\"contentUrl\":\"https:\/\/dicodusport.fr\/blog\/wp-content\/uploads\/2021\/05\/Sophie-Clapier-150x150.jpg\",\"caption\":\"Sophie Clapier\"},\"description\":\"Journaliste\/r\u00e9dactrice depuis janvier 2016 - Passionn\u00e9e de sport depuis toujours, j\u2019en ai pratiqu\u00e9 quelques-uns. Judo, football, handball ou encore tennis, je n\u2019ai jamais pu me mettre d\u2019accord sur un en particulier. Mais \u00e7a, c\u2019\u00e9tait avant de d\u00e9couvrir le basket, devenu mon sport de pr\u00e9dilection. Les actions NBA, le All-Star Week-end, la fureur des Game 7 pendant les playoffs ou mieux, lors des Finals, this is why we play. Team Spurs T.P, je m\u2019accroche encore \u00e0 Gregg Popovich (don\u2019t leave !). Team chef Curry, je souhaite qu\u2019il finisse aux Warriors (staaaay !). Non, il n\u2019y a pas qu\u2019eux, des petits nouveaux -et des petites nouvelles \u00e9videmment- arrivent chaque jour dans toutes les disciplines et cr\u00e9ent de nouveaux exploits. Alors pour les grands \u00e9v\u00e9nements et comp\u00e9titions internationales, vive les pulsations 240\/minutes et le d\u00e9fibrillateur pas loin, et allez les Bleu(e)s ! C\u2019est s\u00fbr, j\u2019aurai plus vu ma vie sur un terrain de sport, mais \u00e0 d\u00e9faut d\u2019en faire en haut niveau, je le partage avec vous.\",\"sameAs\":[\"https:\/\/www.facebook.com\/soocube\",\"https:\/\/x.com\/https:\/\/twitter.com\/soocube\",\"admin\"],\"url\":\"https:\/\/dicodusport.fr\/blog\/author\/sophie\/\"}]}<\/script>\n<!-- \/ Yoast SEO Premium plugin. -->","yoast_head_json":{"title":"Un retour chez les Bleues : la s\u00e9lection fran\u00e7aise pour la Coupe du monde de Kontiolahti","description":"Retrouvez la s\u00e9lection fran\u00e7aise pour la Coupe du monde de\u00a0biathlon de Kontiolahti, qui se dispute du jeudi 5 au dimanche 8 mars 2026.","robots":{"index":"index","follow":"follow","max-snippet":"max-snippet:-1","max-image-preview":"max-image-preview:large","max-video-preview":"max-video-preview:-1"},"canonical":"https:\/\/dicodusport.fr\/blog\/un-retour-chez-les-bleues-la-selection-francaise-pour-la-coupe-du-monde-de-kontiolahti\/","og_locale":"fr_FR","og_type":"article","og_title":"Un retour chez les Bleues : la s\u00e9lection fran\u00e7aise pour la Coupe du monde de Kontiolahti","og_description":"Retrouvez la s\u00e9lection fran\u00e7aise pour la Coupe du monde de\u00a0biathlon de Kontiolahti, qui se dispute du jeudi 5 au dimanche 8 mars 2026.","og_url":"https:\/\/dicodusport.fr\/blog\/un-retour-chez-les-bleues-la-selection-francaise-pour-la-coupe-du-monde-de-kontiolahti\/","og_site_name":"Dicodusport","article_publisher":"https:\/\/www.facebook.com\/dicodusport","article_author":"https:\/\/www.facebook.com\/soocube","article_published_time":"2026-03-03T09:43:50+00:00","article_modified_time":"2026-03-03T09:43:58+00:00","og_image":[{"width":1200,"height":674,"url":"https:\/\/dicodusport.fr\/blog\/wp-content\/uploads\/2026\/02\/Un-retour-chez-les-Bleues-la-selection-francaise-pour-la-Coupe-du-monde-de-Kontiolahti.png","type":"image\/png"}],"author":"Sophie Clapier","twitter_card":"summary_large_image","twitter_title":"Un retour chez les Bleues : la s\u00e9lection fran\u00e7aise pour la Coupe du monde de Kontiolahti","twitter_creator":"@https:\/\/twitter.com\/soocube","twitter_site":"@dicodusport","schema":{"@context":"https:\/\/schema.org","@graph":[{"@type":"NewsArticle","@id":"https:\/\/dicodusport.fr\/blog\/un-retour-chez-les-bleues-la-selection-francaise-pour-la-coupe-du-monde-de-kontiolahti\/#article","isPartOf":{"@id":"https:\/\/dicodusport.fr\/blog\/un-retour-chez-les-bleues-la-selection-francaise-pour-la-coupe-du-monde-de-kontiolahti\/"},"author":{"name":"Sophie Clapier","@id":"https:\/\/dicodusport.fr\/blog\/#\/schema\/person\/416c975648aca9da8839bdfe333a21c9"},"headline":"Un retour chez les Bleues : la s\u00e9lection fran\u00e7aise pour la Coupe du monde de Kontiolahti","datePublished":"2026-03-03T09:43:50+00:00","dateModified":"2026-03-03T09:43:58+00:00","mainEntityOfPage":{"@id":"https:\/\/dicodusport.fr\/blog\/un-retour-chez-les-bleues-la-selection-francaise-pour-la-coupe-du-monde-de-kontiolahti\/"},"wordCount":422,"commentCount":0,"publisher":{"@id":"https:\/\/dicodusport.fr\/blog\/#organization"},"image":{"@id":"https:\/\/dicodusport.fr\/blog\/un-retour-chez-les-bleues-la-selection-francaise-pour-la-coupe-du-monde-de-kontiolahti\/#primaryimage"},"thumbnailUrl":"https:\/\/dicodusport.fr\/blog\/wp-content\/uploads\/2026\/02\/Un-retour-chez-les-Bleues-la-selection-francaise-pour-la-Coupe-du-monde-de-Kontiolahti.png","keywords":["Biathlon","br\u00e8ve","Kontiolahti"],"articleSection":["Coupe du monde de biathlon"],"inLanguage":"fr-FR","potentialAction":[{"@type":"CommentAction","name":"Comment","target":["https:\/\/dicodusport.fr\/blog\/un-retour-chez-les-bleues-la-selection-francaise-pour-la-coupe-du-monde-de-kontiolahti\/#respond"]}],"copyrightYear":"2026","copyrightHolder":{"@id":"https:\/\/dicodusport.fr\/blog\/#organization"}},{"@type":"WebPage","@id":"https:\/\/dicodusport.fr\/blog\/un-retour-chez-les-bleues-la-selection-francaise-pour-la-coupe-du-monde-de-kontiolahti\/","url":"https:\/\/dicodusport.fr\/blog\/un-retour-chez-les-bleues-la-selection-francaise-pour-la-coupe-du-monde-de-kontiolahti\/","name":"Un retour chez les Bleues : la s\u00e9lection fran\u00e7aise pour la Coupe du monde de Kontiolahti","isPartOf":{"@id":"https:\/\/dicodusport.fr\/blog\/#website"},"primaryImageOfPage":{"@id":"https:\/\/dicodusport.fr\/blog\/un-retour-chez-les-bleues-la-selection-francaise-pour-la-coupe-du-monde-de-kontiolahti\/#primaryimage"},"image":{"@id":"https:\/\/dicodusport.fr\/blog\/un-retour-chez-les-bleues-la-selection-francaise-pour-la-coupe-du-monde-de-kontiolahti\/#primaryimage"},"thumbnailUrl":"https:\/\/dicodusport.fr\/blog\/wp-content\/uploads\/2026\/02\/Un-retour-chez-les-Bleues-la-selection-francaise-pour-la-Coupe-du-monde-de-Kontiolahti.png","datePublished":"2026-03-03T09:43:50+00:00","dateModified":"2026-03-03T09:43:58+00:00","description":"Retrouvez la s\u00e9lection fran\u00e7aise pour la Coupe du monde de\u00a0biathlon de Kontiolahti, qui se dispute du jeudi 5 au dimanche 8 mars 2026.","breadcrumb":{"@id":"https:\/\/dicodusport.fr\/blog\/un-retour-chez-les-bleues-la-selection-francaise-pour-la-coupe-du-monde-de-kontiolahti\/#breadcrumb"},"inLanguage":"fr-FR","potentialAction":[{"@type":"ReadAction","target":["https:\/\/dicodusport.fr\/blog\/un-retour-chez-les-bleues-la-selection-francaise-pour-la-coupe-du-monde-de-kontiolahti\/"]}]},{"@type":"ImageObject","inLanguage":"fr-FR","@id":"https:\/\/dicodusport.fr\/blog\/un-retour-chez-les-bleues-la-selection-francaise-pour-la-coupe-du-monde-de-kontiolahti\/#primaryimage","url":"https:\/\/dicodusport.fr\/blog\/wp-content\/uploads\/2026\/02\/Un-retour-chez-les-Bleues-la-selection-francaise-pour-la-Coupe-du-monde-de-Kontiolahti.png","contentUrl":"https:\/\/dicodusport.fr\/blog\/wp-content\/uploads\/2026\/02\/Un-retour-chez-les-Bleues-la-selection-francaise-pour-la-Coupe-du-monde-de-Kontiolahti.png","width":1200,"height":674,"caption":"Un retour chez les Bleues la s\u00e9lection fran\u00e7aise pour la Coupe du monde de Kontiolahti"},{"@type":"BreadcrumbList","@id":"https:\/\/dicodusport.fr\/blog\/un-retour-chez-les-bleues-la-selection-francaise-pour-la-coupe-du-monde-de-kontiolahti\/#breadcrumb","itemListElement":[{"@type":"ListItem","position":1,"name":"Accueil","item":"https:\/\/dicodusport.fr\/blog\/"},{"@type":"ListItem","position":2,"name":"Un retour chez les Bleues : la s\u00e9lection fran\u00e7aise pour la Coupe du monde de Kontiolahti"}]},{"@type":"WebSite","@id":"https:\/\/dicodusport.fr\/blog\/#website","url":"https:\/\/dicodusport.fr\/blog\/","name":"Dicodusport","description":"L&#039;encyclop\u00e9die de l&#039;actualit\u00e9 sportive","publisher":{"@id":"https:\/\/dicodusport.fr\/blog\/#organization"},"potentialAction":[{"@type":"SearchAction","target":{"@type":"EntryPoint","urlTemplate":"https:\/\/dicodusport.fr\/blog\/?s={search_term_string}"},"query-input":{"@type":"PropertyValueSpecification","valueRequired":true,"valueName":"search_term_string"}}],"inLanguage":"fr-FR"},{"@type":"NewsMediaOrganization","@id":"https:\/\/dicodusport.fr\/blog\/#organization","name":"Dicodusport","url":"https:\/\/dicodusport.fr\/blog\/","logo":{"@type":"ImageObject","inLanguage":"fr-FR","@id":"https:\/\/dicodusport.fr\/blog\/#\/schema\/logo\/image\/","url":"https:\/\/dicodusport.fr\/blog\/wp-content\/uploads\/2020\/06\/cropped-LOGO-DICODUSPORT-2020-SANS-FOND-SANS-TEXTE.png","contentUrl":"https:\/\/dicodusport.fr\/blog\/wp-content\/uploads\/2020\/06\/cropped-LOGO-DICODUSPORT-2020-SANS-FOND-SANS-TEXTE.png","width":512,"height":512,"caption":"Dicodusport"},"image":{"@id":"https:\/\/dicodusport.fr\/blog\/#\/schema\/logo\/image\/"},"sameAs":["https:\/\/www.facebook.com\/dicodusport","https:\/\/x.com\/dicodusport","https:\/\/www.instagram.com\/dicodusport\/","https:\/\/www.youtube.com\/channel\/UC7V2KZ5sd3htJivAbA4ZG3w"],"description":"Dicodusport est l'encyclop\u00e9die de l'actualit\u00e9 sportive.","email":"bonjour@dicodusport.fr","legalName":"DICODUSPORT","foundingDate":"2018-01-14","vatID":"FR71834470973","taxID":"83447097300043","numberOfEmployees":{"@type":"QuantitativeValue","minValue":"1","maxValue":"10"}},{"@type":"Person","@id":"https:\/\/dicodusport.fr\/blog\/#\/schema\/person\/416c975648aca9da8839bdfe333a21c9","name":"Sophie Clapier","image":{"@type":"ImageObject","inLanguage":"fr-FR","@id":"https:\/\/dicodusport.fr\/blog\/#\/schema\/person\/image\/","url":"https:\/\/dicodusport.fr\/blog\/wp-content\/uploads\/2021\/05\/Sophie-Clapier-150x150.jpg","contentUrl":"https:\/\/dicodusport.fr\/blog\/wp-content\/uploads\/2021\/05\/Sophie-Clapier-150x150.jpg","caption":"Sophie Clapier"},"description":"Journaliste\/r\u00e9dactrice depuis janvier 2016 - Passionn\u00e9e de sport depuis toujours, j\u2019en ai pratiqu\u00e9 quelques-uns. Judo, football, handball ou encore tennis, je n\u2019ai jamais pu me mettre d\u2019accord sur un en particulier. Mais \u00e7a, c\u2019\u00e9tait avant de d\u00e9couvrir le basket, devenu mon sport de pr\u00e9dilection. Les actions NBA, le All-Star Week-end, la fureur des Game 7 pendant les playoffs ou mieux, lors des Finals, this is why we play. Team Spurs T.P, je m\u2019accroche encore \u00e0 Gregg Popovich (don\u2019t leave !). Team chef Curry, je souhaite qu\u2019il finisse aux Warriors (staaaay !). Non, il n\u2019y a pas qu\u2019eux, des petits nouveaux -et des petites nouvelles \u00e9videmment- arrivent chaque jour dans toutes les disciplines et cr\u00e9ent de nouveaux exploits. Alors pour les grands \u00e9v\u00e9nements et comp\u00e9titions internationales, vive les pulsations 240\/minutes et le d\u00e9fibrillateur pas loin, et allez les Bleu(e)s ! C\u2019est s\u00fbr, j\u2019aurai plus vu ma vie sur un terrain de sport, mais \u00e0 d\u00e9faut d\u2019en faire en haut niveau, je le partage avec vous.","sameAs":["https:\/\/www.facebook.com\/soocube","https:\/\/x.com\/https:\/\/twitter.com\/soocube","admin"],"url":"https:\/\/dicodusport.fr\/blog\/author\/sophie\/"}]}},"_links":{"self":[{"href":"https:\/\/dicodusport.fr\/blog\/wp-json\/wp\/v2\/posts\/650419","targetHints":{"allow":["GET"]}}],"collection":[{"href":"https:\/\/dicodusport.fr\/blog\/wp-json\/wp\/v2\/posts"}],"about":[{"href":"https:\/\/dicodusport.fr\/blog\/wp-json\/wp\/v2\/types\/post"}],"author":[{"embeddable":true,"href":"https:\/\/dicodusport.fr\/blog\/wp-json\/wp\/v2\/users\/18"}],"replies":[{"embeddable":true,"href":"https:\/\/dicodusport.fr\/blog\/wp-json\/wp\/v2\/comments?post=650419"}],"version-history":[{"count":4,"href":"https:\/\/dicodusport.fr\/blog\/wp-json\/wp\/v2\/posts\/650419\/revisions"}],"predecessor-version":[{"id":652191,"href":"https:\/\/dicodusport.fr\/blog\/wp-json\/wp\/v2\/posts\/650419\/revisions\/652191"}],"wp:featuredmedia":[{"embeddable":true,"href":"https:\/\/dicodusport.fr\/blog\/wp-json\/wp\/v2\/media\/650424"}],"wp:attachment":[{"href":"https:\/\/dicodusport.fr\/blog\/wp-json\/wp\/v2\/media?parent=650419"}],"wp:term":[{"taxonomy":"category","embeddable":true,"href":"https:\/\/dicodusport.fr\/blog\/wp-json\/wp\/v2\/categories?post=650419"},{"taxonomy":"post_tag","embeddable":true,"href":"https:\/\/dicodusport.fr\/blog\/wp-json\/wp\/v2\/tags?post=650419"}],"curies":[{"name":"wp","href":"https:\/\/api.w.org\/{rel}","templated":true}]}}