{"id":650439,"date":"2026-02-26T10:35:26","date_gmt":"2026-02-26T09:35:26","guid":{"rendered":"https:\/\/dicodusport.fr\/blog\/?p=650439&#038;preview=true&#038;preview_id=650439"},"modified":"2026-02-27T23:09:28","modified_gmt":"2026-02-27T22:09:28","slug":"omloop-nieuwsblad-2026-les-favoris-et-la-startlist-complete","status":"publish","type":"post","link":"https:\/\/dicodusport.fr\/blog\/omloop-nieuwsblad-2026-les-favoris-et-la-startlist-complete\/","title":{"rendered":"Omloop Nieuwsblad 2026 : les favoris et la startlist compl\u00e8te"},"content":{"rendered":"<p style=\"text-align: justify;\"><em><strong>D\u00e9couvrez les favoris et la liste des engag\u00e9s de l\u2019Omloop Nieuwsblad 2026, la premi\u00e8re grande classique flandrienne de la saison.\u00a0<\/strong><\/em><\/p>\n<ul style=\"text-align: justify;\">\n<li style=\"text-align: justify;\"><strong>\u00c0 ce sujet &#8211; <a href=\"https:\/\/dicodusport.fr\/blog\/actualites\/cyclisme\/\">L&rsquo;actualit\u00e9 du cyclisme<\/a><\/strong><\/li>\n<\/ul>\n<p style=\"text-align: justify;\">Qui remportera l&rsquo;<strong>Omloop Het Nieuwsblad<\/strong> cette ann\u00e9e ? La question est loin d&rsquo;\u00eatre simple. Une bonne vingtaine de coureurs peuvent pr\u00e9tendre \u00e0 la victoire, surtout en d\u00e9but de saison. Les conditions m\u00e9t\u00e9orologiques sont annonc\u00e9es cl\u00e9mentes et pourraient favoriser une arriv\u00e9e group\u00e9e. Mais un homme a chang\u00e9 la donne en confirmant sa pr\u00e9sence : <strong>Mathieu van der Poel<\/strong>.<\/p>\n<p style=\"text-align: justify;\">Dans des circonstances normales, <strong>Mathieu van der Poel<\/strong>, <a href=\"https:\/\/dicodusport.fr\/blog\/dans-la-legende-mathieu-van-der-poel-decroche-un-8eme-titre-mondial-elites-en-cyclo-cross\/\">tout juste aur\u00e9ol\u00e9 d\u2019un huiti\u00e8me titre mondial en cyclo-cross<\/a>, appara\u00eet comme le grand favori. Actuellement, un seul coureur semble capable de rivaliser avec le Batave sur une Flandrienne : <strong>Tadej Poga\u010dar<\/strong>, absent ce week-end. Peu importe le sc\u00e9nario de course, lorsque van der Poel est au d\u00e9part, il joue la gagne.<\/p>\n<div class=\"vlp-link-container vlp-layout-article\"><a href=\"https:\/\/dicodusport.fr\/blog\/omloop-nieuwsblad-2026-les-favoris-et-la-startlist-complete\/\" class=\"vlp-link\" title=\"Omloop Nieuwsblad 2026 : les favoris et la startlist compl\u00e8te\"><\/a><div class=\"vlp-layout-zone-side\"><div class=\"vlp-block-4 vlp-link-image\"><img loading=\"lazy\" decoding=\"async\" style=\"max-width: 792px;\" width=\"792\" height=\"445\" src=\"https:\/\/dicodusport.fr\/blog\/wp-content\/uploads\/2026\/02\/Omloop-Nieuwsblad-2026-les-favoris-et-la-startlist-complete.png\" class=\"attachment-800x445 size-800x445\" alt=\"Omloop Nieuwsblad 2026 les favoris et la startlist compl\u00e8te\" srcset=\"https:\/\/dicodusport.fr\/blog\/wp-content\/uploads\/2026\/02\/Omloop-Nieuwsblad-2026-les-favoris-et-la-startlist-complete.png 1200w, https:\/\/dicodusport.fr\/blog\/wp-content\/uploads\/2026\/02\/Omloop-Nieuwsblad-2026-les-favoris-et-la-startlist-complete-300x169.png 300w, https:\/\/dicodusport.fr\/blog\/wp-content\/uploads\/2026\/02\/Omloop-Nieuwsblad-2026-les-favoris-et-la-startlist-complete-1024x575.png 1024w, https:\/\/dicodusport.fr\/blog\/wp-content\/uploads\/2026\/02\/Omloop-Nieuwsblad-2026-les-favoris-et-la-startlist-complete-768x431.png 768w\" sizes=\"auto, (max-width: 792px) 100vw, 792px\" \/><\/div><\/div><div class=\"vlp-layout-zone-main\"><div class=\"vlp-block-0 vlp-link-title\">Omloop Nieuwsblad 2026 : les favoris et la startlist compl\u00e8te<\/div><div class=\"vlp-block-1 vlp-link-summary\">D\u00e9couvrez les favoris et la liste des engag\u00e9s de l\u2019Omloop Nieuwsblad 2026, la premi\u00e8re grande classique flandrienne de la saison.\u00a0<\/div><div class=\"vlp-block-2 vlp-link-button\">Lire l'article<\/div><div class=\"vlp-block-3 vlp-link-url\">dicodusport.fr<\/div><\/div><\/div>\n<h2>Magnier, la meilleure chance fran\u00e7aise<\/h2>\n<p style=\"text-align: justify;\">Au vu des derni\u00e8res semaines, <strong>Paul Magnier<\/strong> fait figure de s\u00e9rieux outsider. Le Fran\u00e7ais a termin\u00e9 deuxi\u00e8me de l\u2019Omloop l\u2019an dernier et a r\u00e9alis\u00e9 un excellent d\u00e9but de saison, avec <a href=\"https:\/\/dicodusport.fr\/blog\/surpuissant-paul-magnier-bisse-au-sprint-sur-la-4eme-etape-du-tour-dalgarve\/\">deux victoires au sprint sur le <strong>Tour de l&rsquo;Algarve<\/strong><\/a> et une deuxi\u00e8me place sur la <strong>Classique de Valence<\/strong>. Mais attention : il faudra encaisser les diff\u00e9rents monts flandriens. La confiance r\u00e8gne n\u00e9anmoins chez <strong>Soudal Quick-Step<\/strong>, d\u00e9sireuse de retrouver son ADN flandrien. La recrue <strong>Dylan van Baarle<\/strong> a d\u00e9j\u00e0 d\u00e9montr\u00e9 une excellente condition. Lors de la derni\u00e8re \u00e9tape en Algarve, sur l\u2019<strong>Alto da Foia<\/strong>, le N\u00e9erlandais a termin\u00e9 dixi\u00e8me parmi les meilleurs grimpeurs.<\/p>\n<p style=\"text-align: justify;\">Avec <strong>Tim Wellens<\/strong>\u00a0et <strong>Tom Pidcock<\/strong>, deux autres candidats cr\u00e9dibles peuvent dynamiter la course dans les monts, suivre le plus longtemps possible <strong>Mathieu van der Poel<\/strong> ou anticiper. <strong>Tim Wellens<\/strong> (3e en 2019) a impressionn\u00e9 en f\u00e9vrier en Espagne, remportant la Cl\u00e1sica Ja\u00e9n au terme d\u2019une longue \u00e9chapp\u00e9e solitaire, et en se montrant offensif sur la Ruta del Sol. <strong>UAE Emirates XRG<\/strong> cherchera sans doute \u00e0 rendre la course explosive.<\/p>\n<p style=\"text-align: justify;\"><strong>Tom Pidcock<\/strong> a \u00e9galement brill\u00e9 sur la Ruta del Sol, <a href=\"https:\/\/dicodusport.fr\/blog\/tom-pidcock-gagne-la-5eme-etape-ivan-romeo-remporte-le-general-du-tour-dandalousie-2026\/\">remportant la derni\u00e8re \u00e9tape gr\u00e2ce \u00e0 une attaque tranchante<\/a> dans l\u2019Alto de la Primera Cruz. Le Britannique avait d\u00e9j\u00e0 montr\u00e9 de belles choses \u00e0 <strong>Almer\u00eda<\/strong> une semaine plus t\u00f4t. D\u00e9sormais au sein de Pinarello Q36.5 Pro Cycling Team, il semble avoir retrouv\u00e9 une nouvelle motivation. En termes de punch, il fait partie des plus explosifs au d\u00e9part.<\/p>\n<div class=\"vlp-link-container vlp-layout-article\"><a href=\"https:\/\/dicodusport.fr\/blog\/magnier-seixas-lapeira-tous-vainqueurs-la-semaine-derniere-les-trois-paul-cartonnent-deja-en-2026\/\" class=\"vlp-link\" title=\"Magnier, Seixas, Lapeira\u2026 tous vainqueurs la semaine derni\u00e8re, les trois Paul cartonnent d\u00e9j\u00e0 en 2026\"><\/a><div class=\"vlp-layout-zone-side\"><div class=\"vlp-block-4 vlp-link-image\"><img loading=\"lazy\" decoding=\"async\" style=\"max-width: 792px;\" width=\"792\" height=\"445\" src=\"https:\/\/dicodusport.fr\/blog\/wp-content\/uploads\/2026\/02\/Magnier-Seixas-Lapeira-tous-vainqueurs-la-semaine-derniere-les-trois-Paul-cartonnent-deja-en-2026.png\" class=\"attachment-800x445 size-800x445\" alt=\"Magnier, Seixas, Lapeira\u2026 tous vainqueurs la semaine derni\u00e8re, les trois Paul cartonnent d\u00e9j\u00e0 en 2026\" srcset=\"https:\/\/dicodusport.fr\/blog\/wp-content\/uploads\/2026\/02\/Magnier-Seixas-Lapeira-tous-vainqueurs-la-semaine-derniere-les-trois-Paul-cartonnent-deja-en-2026.png 1200w, https:\/\/dicodusport.fr\/blog\/wp-content\/uploads\/2026\/02\/Magnier-Seixas-Lapeira-tous-vainqueurs-la-semaine-derniere-les-trois-Paul-cartonnent-deja-en-2026-300x169.png 300w, https:\/\/dicodusport.fr\/blog\/wp-content\/uploads\/2026\/02\/Magnier-Seixas-Lapeira-tous-vainqueurs-la-semaine-derniere-les-trois-Paul-cartonnent-deja-en-2026-1024x575.png 1024w, https:\/\/dicodusport.fr\/blog\/wp-content\/uploads\/2026\/02\/Magnier-Seixas-Lapeira-tous-vainqueurs-la-semaine-derniere-les-trois-Paul-cartonnent-deja-en-2026-768x431.png 768w\" sizes=\"auto, (max-width: 792px) 100vw, 792px\" \/><\/div><\/div><div class=\"vlp-layout-zone-main\"><div class=\"vlp-block-0 vlp-link-title\">Magnier, Seixas, Lapeira\u2026 tous vainqueurs la semaine derni\u00e8re, les trois Paul cartonnent d\u00e9j\u00e0 en 2026<\/div><div class=\"vlp-block-1 vlp-link-summary\">Sur les routes du Tour de l\u2019Algarve et du Tour des Alpes-Maritimes, Paul Seixas, Paul Magnier et Paul Lapeira ont tous sign\u00e9 des performances impressionnantes.<\/div><div class=\"vlp-block-2 vlp-link-button\">Lire l'article<\/div><div class=\"vlp-block-3 vlp-link-url\">dicodusport.fr<\/div><\/div><\/div>\n<h2>Van Aert forfait, Brennan et Laporte en leaders<\/h2>\n<p style=\"text-align: justify;\"><strong>Wout Van Aert<\/strong> a d\u00fb \u00e9courter sa saison de cyclo-cross apr\u00e8s sa chute \u00e0 <strong>Mol<\/strong>. Le vainqueur de l\u2019\u00e9dition 2022 a n\u00e9anmoins accumul\u00e9 pr\u00e8s de 5 000 kilom\u00e8tres \u00e0 l\u2019entra\u00eenement ces six derni\u00e8res semaines, de quoi nourrir de grandes ambitions pour le printemps. Toutefois, <a href=\"https:\/\/dicodusport.fr\/blog\/rentree-reportee-pour-wout-van-aert-le-belge-forfait-pour-lomloop-nieuwsblad-2026\/\">le Belge a finalement d\u00fb d\u00e9clarer forfait<\/a>, car malade. <strong>Team Visma | Lease a Bike<\/strong> alignera malgr\u00e9 tout une formation solide, avec notamment la pr\u00e9sence de la p\u00e9pite <strong>Matthew Brennan<\/strong>.<\/p>\n<p style=\"text-align: justify;\">Le Britannique de 20 ans a remport\u00e9 <a href=\"https:\/\/dicodusport.fr\/blog\/matthew-brennan-trouve-enfin-louverture-sur-la-derniere-etape-jay-vine-remporte-le-tour-down-under\/\">l\u2019\u00e9tape de <strong>Stirling<\/strong> sur le <strong>Tour Down Under<\/strong><\/a> et termin\u00e9 deuxi\u00e8me sur la <strong>Cadel Evans Great Ocean Road Race<\/strong>. M\u00eame constat pour <strong>Christophe Laporte<\/strong>, auteur <a href=\"https:\/\/dicodusport.fr\/blog\/christophe-laporte-signe-son-grand-retour-et-remporte-la-1ere-etape-du-tour-dandalousie-2026\/\">d\u2019un succ\u00e8s d\u2019\u00e9tape au sprint<\/a> sur la <strong>Ruta del Sol<\/strong> avant d\u2019abandonner apr\u00e8s une chute.<\/p>\n<ul>\n<li style=\"text-align: justify;\"><strong>\u00c0 ce sujet &#8211; <a href=\"https:\/\/dicodusport.fr\/blog\/omloop-nieuwsblad-2026-parcours-detaille-profil-et-secteurs-paves\/\">Omloop Nieuwsblad 2026 : parcours d\u00e9taill\u00e9, profil et secteurs pav\u00e9s<\/a><\/strong><\/li>\n<\/ul>\n<p style=\"text-align: justify;\">En retrait en Algarve, <strong>Jasper Philipsen<\/strong> (3e l\u2019an dernier) a sans doute privil\u00e9gi\u00e9 le travail foncier \u00e0 la v\u00e9locit\u00e9 en vue des classiques. Il constituera la solution de repli pour <strong>Alpecin-Premier Tech<\/strong> en cas de sc\u00e9nario d\u00e9favorable \u00e0 <strong>Mathieu van der Poel<\/strong>.<\/p>\n<p style=\"text-align: justify;\">Tr\u00e8s en vue en ce d\u00e9but de saison, <strong>Lidl-Trek<\/strong> proposera un effectif jeune et ambitieux, emmen\u00e9 par le champion de Tch\u00e9quie <strong>Mathias Vacek<\/strong>. Capable de suivre les attaques dans les monts et dot\u00e9 d\u2019une belle pointe de vitesse, il pourrait surprendre. Bless\u00e9 lors de sa reprise, <strong>Mads Pedersen<\/strong> sera absent, alors qu\u2019il aurait pu repr\u00e9senter une v\u00e9ritable \u00e9pine dans le pied de <strong>Mathieu van der Poel<\/strong>.<\/p>\n<div class=\"vlp-link-container vlp-layout-article\"><a href=\"https:\/\/dicodusport.fr\/blog\/mads-pedersen-lourdement-blesse-apres-une-chute-sur-la-1re-etape-du-tour-de-valence\/\" class=\"vlp-link\" title=\"Mads Pedersen lourdement bless\u00e9 apr\u00e8s une chute sur la 1re \u00e9tape du Tour de Valence\"><\/a><div class=\"vlp-layout-zone-side\"><div class=\"vlp-block-4 vlp-link-image\"><img loading=\"lazy\" decoding=\"async\" style=\"max-width: 792px;\" width=\"792\" height=\"445\" src=\"https:\/\/dicodusport.fr\/blog\/wp-content\/uploads\/2026\/02\/Mads-Pedersen-lourdement-blesse-apres-une-chute-sur-la-1re-etape-du-Tour-de-Valence.png\" class=\"attachment-800x445 size-800x445\" alt=\"Mads Pedersen lourdement bless\u00e9 apr\u00e8s une chute sur la 1re \u00e9tape du Tour de Valence\" srcset=\"https:\/\/dicodusport.fr\/blog\/wp-content\/uploads\/2026\/02\/Mads-Pedersen-lourdement-blesse-apres-une-chute-sur-la-1re-etape-du-Tour-de-Valence.png 1200w, https:\/\/dicodusport.fr\/blog\/wp-content\/uploads\/2026\/02\/Mads-Pedersen-lourdement-blesse-apres-une-chute-sur-la-1re-etape-du-Tour-de-Valence-300x169.png 300w, https:\/\/dicodusport.fr\/blog\/wp-content\/uploads\/2026\/02\/Mads-Pedersen-lourdement-blesse-apres-une-chute-sur-la-1re-etape-du-Tour-de-Valence-1024x575.png 1024w, https:\/\/dicodusport.fr\/blog\/wp-content\/uploads\/2026\/02\/Mads-Pedersen-lourdement-blesse-apres-une-chute-sur-la-1re-etape-du-Tour-de-Valence-768x431.png 768w\" sizes=\"auto, (max-width: 792px) 100vw, 792px\" \/><\/div><\/div><div class=\"vlp-layout-zone-main\"><div class=\"vlp-block-0 vlp-link-title\">Mads Pedersen lourdement bless\u00e9 apr\u00e8s une chute sur la 1re \u00e9tape du Tour de Valence<\/div><div class=\"vlp-block-1 vlp-link-summary\">Mads Pedersen (Lidl-Trek) souffre d'une fracture du poignet et de la clavicule apr\u00e8s sa chute sur la 1\u00e8re \u00e9tape du Tour de Valence.<\/div><div class=\"vlp-block-2 vlp-link-button\">Lire l'article<\/div><div class=\"vlp-block-3 vlp-link-url\">dicodusport.fr<\/div><\/div><\/div>\n<h2 style=\"text-align: justify;\">Tronchon et Turgis ont le profil pour briller, De Lie attendu au tournant<\/h2>\n<p style=\"text-align: justify;\">C\u00f4t\u00e9 fran\u00e7ais, on suivra avec attention <strong>Bastien Tronchon<\/strong>, d\u00e9sormais chez <strong>Groupama-FDJ United<\/strong>. Rapide et solide dans les reliefs, il a montr\u00e9 de belles choses en Andalousie. Chez <strong>TotalEnergies<\/strong>, <strong>Anthony Turgis<\/strong> poss\u00e8de le profil pour briller. Il s\u2019est d\u00e9j\u00e0 illustr\u00e9 sur les monts des Ardennes flamandes. Tous deux peuvent viser un top 10.<\/p>\n<p style=\"text-align: justify;\"><strong>Arnaud De Lie<\/strong> sera \u00e9galement attendu. Le Belge a r\u00e9alis\u00e9 un <strong>Tour de l&rsquo;Algarve<\/strong> discret, mais il affectionne les monts et avait termin\u00e9 la saison 2025 en grande forme. Chez <strong>INEOS Grenadiers<\/strong>, les espoirs reposeront sur <strong>Ben Turner<\/strong> et <strong>Samuel Watson<\/strong>, tandis que <strong>NSN Cycling Team<\/strong>\u00a0comptera sur <strong>Biniam Girmay<\/strong>, d\u00e9j\u00e0 victorieux \u00e0 deux reprises cette saison.<\/p>\n<p style=\"text-align: justify;\">Enfin, plusieurs \u00e9quipes nourrissent de r\u00e9elles ambitions. <strong>Uno-X Mobility<\/strong> tentera de briller avec <strong>S\u00f8ren W\u00e6renskjold<\/strong>, tandis que <strong>Unibet Rose Rockets<\/strong> misera sur <strong>Lukas Kubi\u0161<\/strong>, rapide au sprint et solide sur les petits reliefs. <strong>Red Bull-BORA-Hansgrohe<\/strong> s\u2019appuiera sur <strong>Jordi Meeus<\/strong>, \u00e9paul\u00e9 par les fr\u00e8res <strong>Mick<\/strong> et <strong>Tim van Dijke<\/strong>. Enfin, <strong>Tudor Pro Cycling Team<\/strong> disposera de plusieurs cartes avec <strong>Rick Pluimers<\/strong>, <strong>Matteo Trentin<\/strong> et <strong>Stefan K\u00fcng<\/strong>, aux profils compl\u00e9mentaires.<\/p>\n<h2 style=\"text-align: justify;\">La startlist de l&rsquo;Omloop Nieuwsblad<\/h2>\n<a href=\"https:\/\/dicodusport.fr\/blog\/wp-content\/uploads\/2026\/02\/Startlist-definitive-de-lOmloop-Nieuwsblad-2026.pdf\" class=\"pdfemb-viewer\" style=\"\" data-width=\"max\" data-height=\"max\"  data-toolbar=\"both\" data-toolbar-fixed=\"on\">Startlist d\u00e9finitive de l&#039;Omloop Nieuwsblad 2026<br\/><\/a>\n<h2 style=\"text-align: justify;\">Palmar\u00e8s r\u00e9cent du Omloop Nieuwsblad<\/h2>\n<p style=\"text-align: justify;\"><strong>2025 :<\/strong> WAERENSKOLD S\u00f8ren &#8211; <a href=\"https:\/\/dicodusport.fr\/blog\/omloop-het-nieuwsblad-2025-classement-et-resultats-de-la-course\/\"><em>Classement<\/em><\/a><\/p>\n<p style=\"text-align: justify;\"><strong>2024 :\u00a0<\/strong>TRATNIK Jan &#8211; <a href=\"https:\/\/dicodusport.fr\/blog\/classement-omloop-het-nieuwsblad-2024\/\"><em>Classement<\/em><\/a><\/p>\n<p style=\"text-align: justify;\"><strong>2023 :<\/strong> VAN BAARLE Dylan &#8211; <a href=\"https:\/\/dicodusport.fr\/blog\/classement-het-nieuwsblad-2023\/\"><em>Classement<\/em><\/a><\/p>\n<p style=\"text-align: justify;\"><strong>2022 :<\/strong> VAN AERT Wout &#8211; <a href=\"https:\/\/dicodusport.fr\/blog\/omloop-het-nieuwsblad-2022-classement-course-hommes\/\"><em>Classement<\/em><\/a><\/p>\n<p style=\"text-align: justify;\"><strong>2021 :<\/strong> BALLERINI Davide &#8211; <a href=\"https:\/\/dicodusport.fr\/blog\/omloop-het-nieuwsblad-2021-classement-course\/\"><em>Classement<\/em><\/a><\/p>\n<p style=\"text-align: justify;\"><strong>2020 :<\/strong> STUYVEN Jasper<\/p>\n<p style=\"text-align: justify;\"><strong>2019 :<\/strong> \u0160TYBAR Zden\u011bk<\/p>\n<p style=\"text-align: justify;\"><strong>2018 :<\/strong> VALGREN Michael<\/p>\n<p style=\"text-align: justify;\"><strong>2017 :<\/strong> VAN AVERMAET Greg<\/p>\n<p style=\"text-align: justify;\"><strong>2016 :<\/strong> VAN AVERMAET Greg<\/p>\n<p style=\"text-align: justify;\"><strong>2015 :<\/strong> STANNARD Ian<\/p>\n<p style=\"text-align: justify;\"><strong>2014 :<\/strong> STANNARD Ian<\/p>\n<p style=\"text-align: justify;\"><strong>2013 :<\/strong> PAOLINI Luca<\/p>\n","protected":false},"excerpt":{"rendered":"<p>D\u00e9couvrez les favoris et la liste des engag\u00e9s de l\u2019Omloop Nieuwsblad 2026, la premi\u00e8re grande classique flandrienne de la saison.\u00a0<\/p>\n","protected":false},"author":48,"featured_media":650732,"comment_status":"open","ping_status":"closed","sticky":false,"template":"","format":"standard","meta":{"_acf_changed":false,"_daextam_enable_autolinks":"1","footnotes":""},"categories":[46994],"tags":[32415,16878,574,11197,14699],"class_list":["post-650439","post","type-post","status-publish","format-standard","has-post-thumbnail","hentry","category-cyclisme-sur-route","tag-actu","tag-breve","tag-cyclisme","tag-cyclisme-sur-route","tag-omloop-het-nieuwsblad"],"acf":[],"yoast_head":"<!-- This site is optimized with the Yoast SEO Premium plugin v26.7 (Yoast SEO v26.7) - https:\/\/yoast.com\/wordpress\/plugins\/seo\/ -->\n<title>Omloop Nieuwsblad 2026 : les favoris et la startlist compl\u00e8te<\/title>\n<meta name=\"description\" content=\"D\u00e9couvrez les favoris et la liste des engag\u00e9s de l\u2019Omloop Nieuwsblad 2026, la premi\u00e8re grande classique flandrienne de la saison.\u00a0\" \/>\n<meta name=\"robots\" content=\"index, follow, max-snippet:-1, max-image-preview:large, max-video-preview:-1\" \/>\n<link rel=\"canonical\" href=\"https:\/\/dicodusport.fr\/blog\/omloop-nieuwsblad-2026-les-favoris-et-la-startlist-complete\/\" \/>\n<meta property=\"og:locale\" content=\"fr_FR\" \/>\n<meta property=\"og:type\" content=\"article\" \/>\n<meta property=\"og:title\" content=\"Omloop Nieuwsblad 2026 : les favoris et la startlist compl\u00e8te\" \/>\n<meta property=\"og:description\" content=\"D\u00e9couvrez les favoris et la liste des engag\u00e9s de l\u2019Omloop Nieuwsblad 2026, la premi\u00e8re grande classique flandrienne de la saison.\u00a0\" \/>\n<meta property=\"og:url\" content=\"https:\/\/dicodusport.fr\/blog\/omloop-nieuwsblad-2026-les-favoris-et-la-startlist-complete\/\" \/>\n<meta property=\"og:site_name\" content=\"Dicodusport\" \/>\n<meta property=\"article:publisher\" content=\"https:\/\/www.facebook.com\/dicodusport\" \/>\n<meta property=\"article:author\" content=\"https:\/\/www.facebook.com\/groups\/LesRoisDuPeloton\" \/>\n<meta property=\"article:published_time\" content=\"2026-02-26T09:35:26+00:00\" \/>\n<meta property=\"article:modified_time\" content=\"2026-02-27T22:09:28+00:00\" \/>\n<meta property=\"og:image\" content=\"https:\/\/dicodusport.fr\/blog\/wp-content\/uploads\/2026\/02\/Omloop-Nieuwsblad-2026-les-favoris-et-la-startlist-complete.png\" \/>\n\t<meta property=\"og:image:width\" content=\"1200\" \/>\n\t<meta property=\"og:image:height\" content=\"674\" \/>\n\t<meta property=\"og:image:type\" content=\"image\/png\" \/>\n<meta name=\"author\" content=\"Emilien Descampiaux\" \/>\n<meta name=\"twitter:card\" content=\"summary_large_image\" \/>\n<meta name=\"twitter:title\" content=\"Omloop Nieuwsblad 2026 : les favoris et la startlist compl\u00e8te\" \/>\n<meta name=\"twitter:creator\" content=\"@https:\/\/twitter.com\/LRoisDuPeloton\" \/>\n<meta name=\"twitter:site\" content=\"@dicodusport\" \/>\n<script type=\"application\/ld+json\" class=\"yoast-schema-graph\">{\"@context\":\"https:\/\/schema.org\",\"@graph\":[{\"@type\":\"NewsArticle\",\"@id\":\"https:\/\/dicodusport.fr\/blog\/omloop-nieuwsblad-2026-les-favoris-et-la-startlist-complete\/#article\",\"isPartOf\":{\"@id\":\"https:\/\/dicodusport.fr\/blog\/omloop-nieuwsblad-2026-les-favoris-et-la-startlist-complete\/\"},\"author\":{\"name\":\"Emilien Descampiaux\",\"@id\":\"https:\/\/dicodusport.fr\/blog\/#\/schema\/person\/6db4bae06b171592211be385b32876a7\"},\"headline\":\"Omloop Nieuwsblad 2026 : les favoris et la startlist compl\u00e8te\",\"datePublished\":\"2026-02-26T09:35:26+00:00\",\"dateModified\":\"2026-02-27T22:09:28+00:00\",\"mainEntityOfPage\":{\"@id\":\"https:\/\/dicodusport.fr\/blog\/omloop-nieuwsblad-2026-les-favoris-et-la-startlist-complete\/\"},\"wordCount\":1252,\"commentCount\":0,\"publisher\":{\"@id\":\"https:\/\/dicodusport.fr\/blog\/#organization\"},\"image\":{\"@id\":\"https:\/\/dicodusport.fr\/blog\/omloop-nieuwsblad-2026-les-favoris-et-la-startlist-complete\/#primaryimage\"},\"thumbnailUrl\":\"https:\/\/dicodusport.fr\/blog\/wp-content\/uploads\/2026\/02\/Omloop-Nieuwsblad-2026-les-favoris-et-la-startlist-complete.png\",\"keywords\":[\"actu\",\"br\u00e8ve\",\"Cyclisme\",\"Cyclisme sur route\",\"Omloop Het Nieuwsblad\"],\"articleSection\":[\"Cyclisme sur route\"],\"inLanguage\":\"fr-FR\",\"potentialAction\":[{\"@type\":\"CommentAction\",\"name\":\"Comment\",\"target\":[\"https:\/\/dicodusport.fr\/blog\/omloop-nieuwsblad-2026-les-favoris-et-la-startlist-complete\/#respond\"]}],\"copyrightYear\":\"2026\",\"copyrightHolder\":{\"@id\":\"https:\/\/dicodusport.fr\/blog\/#organization\"}},{\"@type\":\"WebPage\",\"@id\":\"https:\/\/dicodusport.fr\/blog\/omloop-nieuwsblad-2026-les-favoris-et-la-startlist-complete\/\",\"url\":\"https:\/\/dicodusport.fr\/blog\/omloop-nieuwsblad-2026-les-favoris-et-la-startlist-complete\/\",\"name\":\"Omloop Nieuwsblad 2026 : les favoris et la startlist compl\u00e8te\",\"isPartOf\":{\"@id\":\"https:\/\/dicodusport.fr\/blog\/#website\"},\"primaryImageOfPage\":{\"@id\":\"https:\/\/dicodusport.fr\/blog\/omloop-nieuwsblad-2026-les-favoris-et-la-startlist-complete\/#primaryimage\"},\"image\":{\"@id\":\"https:\/\/dicodusport.fr\/blog\/omloop-nieuwsblad-2026-les-favoris-et-la-startlist-complete\/#primaryimage\"},\"thumbnailUrl\":\"https:\/\/dicodusport.fr\/blog\/wp-content\/uploads\/2026\/02\/Omloop-Nieuwsblad-2026-les-favoris-et-la-startlist-complete.png\",\"datePublished\":\"2026-02-26T09:35:26+00:00\",\"dateModified\":\"2026-02-27T22:09:28+00:00\",\"description\":\"D\u00e9couvrez les favoris et la liste des engag\u00e9s de l\u2019Omloop Nieuwsblad 2026, la premi\u00e8re grande classique flandrienne de la saison.\u00a0\",\"breadcrumb\":{\"@id\":\"https:\/\/dicodusport.fr\/blog\/omloop-nieuwsblad-2026-les-favoris-et-la-startlist-complete\/#breadcrumb\"},\"inLanguage\":\"fr-FR\",\"potentialAction\":[{\"@type\":\"ReadAction\",\"target\":[\"https:\/\/dicodusport.fr\/blog\/omloop-nieuwsblad-2026-les-favoris-et-la-startlist-complete\/\"]}]},{\"@type\":\"ImageObject\",\"inLanguage\":\"fr-FR\",\"@id\":\"https:\/\/dicodusport.fr\/blog\/omloop-nieuwsblad-2026-les-favoris-et-la-startlist-complete\/#primaryimage\",\"url\":\"https:\/\/dicodusport.fr\/blog\/wp-content\/uploads\/2026\/02\/Omloop-Nieuwsblad-2026-les-favoris-et-la-startlist-complete.png\",\"contentUrl\":\"https:\/\/dicodusport.fr\/blog\/wp-content\/uploads\/2026\/02\/Omloop-Nieuwsblad-2026-les-favoris-et-la-startlist-complete.png\",\"width\":1200,\"height\":674,\"caption\":\"Omloop Nieuwsblad 2026 les favoris et la startlist compl\u00e8te\"},{\"@type\":\"BreadcrumbList\",\"@id\":\"https:\/\/dicodusport.fr\/blog\/omloop-nieuwsblad-2026-les-favoris-et-la-startlist-complete\/#breadcrumb\",\"itemListElement\":[{\"@type\":\"ListItem\",\"position\":1,\"name\":\"Accueil\",\"item\":\"https:\/\/dicodusport.fr\/blog\/\"},{\"@type\":\"ListItem\",\"position\":2,\"name\":\"Omloop Nieuwsblad 2026 : les favoris et la startlist compl\u00e8te\"}]},{\"@type\":\"WebSite\",\"@id\":\"https:\/\/dicodusport.fr\/blog\/#website\",\"url\":\"https:\/\/dicodusport.fr\/blog\/\",\"name\":\"Dicodusport\",\"description\":\"L&#039;encyclop\u00e9die de l&#039;actualit\u00e9 sportive\",\"publisher\":{\"@id\":\"https:\/\/dicodusport.fr\/blog\/#organization\"},\"potentialAction\":[{\"@type\":\"SearchAction\",\"target\":{\"@type\":\"EntryPoint\",\"urlTemplate\":\"https:\/\/dicodusport.fr\/blog\/?s={search_term_string}\"},\"query-input\":{\"@type\":\"PropertyValueSpecification\",\"valueRequired\":true,\"valueName\":\"search_term_string\"}}],\"inLanguage\":\"fr-FR\"},{\"@type\":\"NewsMediaOrganization\",\"@id\":\"https:\/\/dicodusport.fr\/blog\/#organization\",\"name\":\"Dicodusport\",\"url\":\"https:\/\/dicodusport.fr\/blog\/\",\"logo\":{\"@type\":\"ImageObject\",\"inLanguage\":\"fr-FR\",\"@id\":\"https:\/\/dicodusport.fr\/blog\/#\/schema\/logo\/image\/\",\"url\":\"https:\/\/dicodusport.fr\/blog\/wp-content\/uploads\/2020\/06\/cropped-LOGO-DICODUSPORT-2020-SANS-FOND-SANS-TEXTE.png\",\"contentUrl\":\"https:\/\/dicodusport.fr\/blog\/wp-content\/uploads\/2020\/06\/cropped-LOGO-DICODUSPORT-2020-SANS-FOND-SANS-TEXTE.png\",\"width\":512,\"height\":512,\"caption\":\"Dicodusport\"},\"image\":{\"@id\":\"https:\/\/dicodusport.fr\/blog\/#\/schema\/logo\/image\/\"},\"sameAs\":[\"https:\/\/www.facebook.com\/dicodusport\",\"https:\/\/x.com\/dicodusport\",\"https:\/\/www.instagram.com\/dicodusport\/\",\"https:\/\/www.youtube.com\/channel\/UC7V2KZ5sd3htJivAbA4ZG3w\"],\"description\":\"Dicodusport est l'encyclop\u00e9die de l'actualit\u00e9 sportive.\",\"email\":\"bonjour@dicodusport.fr\",\"legalName\":\"DICODUSPORT\",\"foundingDate\":\"2018-01-14\",\"vatID\":\"FR71834470973\",\"taxID\":\"83447097300043\",\"numberOfEmployees\":{\"@type\":\"QuantitativeValue\",\"minValue\":\"1\",\"maxValue\":\"10\"}},{\"@type\":\"Person\",\"@id\":\"https:\/\/dicodusport.fr\/blog\/#\/schema\/person\/6db4bae06b171592211be385b32876a7\",\"name\":\"Emilien Descampiaux\",\"image\":{\"@type\":\"ImageObject\",\"inLanguage\":\"fr-FR\",\"@id\":\"https:\/\/dicodusport.fr\/blog\/#\/schema\/person\/image\/\",\"url\":\"https:\/\/dicodusport.fr\/blog\/wp-content\/uploads\/2021\/05\/Emilien-Descampiaux-150x150.jpg\",\"contentUrl\":\"https:\/\/dicodusport.fr\/blog\/wp-content\/uploads\/2021\/05\/Emilien-Descampiaux-150x150.jpg\",\"caption\":\"Emilien Descampiaux\"},\"description\":\"Journaliste\/r\u00e9dacteur depuis 2014 - Fan de la classe de Frank Vandenbroucke, je vis cyclisme (et de ses paysages) depuis plus de 20 ans. Je suis tr\u00e8s impliqu\u00e9 sur mes diff\u00e9rents r\u00e9seaux sociaux pour partager ma passion sur le monde et l'Histoire de la bicyclette avec ma voix sur les images en noir et blanc du succ\u00e8s de Rik Van Steenbergen lors du Ronde sur le V\u00e9lodrome de Gand.\",\"sameAs\":[\"https:\/\/www.facebook.com\/groups\/LesRoisDuPeloton\",\"https:\/\/x.com\/https:\/\/twitter.com\/LRoisDuPeloton\"],\"url\":\"https:\/\/dicodusport.fr\/blog\/author\/emiliend\/\"}]}<\/script>\n<!-- \/ Yoast SEO Premium plugin. -->","yoast_head_json":{"title":"Omloop Nieuwsblad 2026 : les favoris et la startlist compl\u00e8te","description":"D\u00e9couvrez les favoris et la liste des engag\u00e9s de l\u2019Omloop Nieuwsblad 2026, la premi\u00e8re grande classique flandrienne de la saison.\u00a0","robots":{"index":"index","follow":"follow","max-snippet":"max-snippet:-1","max-image-preview":"max-image-preview:large","max-video-preview":"max-video-preview:-1"},"canonical":"https:\/\/dicodusport.fr\/blog\/omloop-nieuwsblad-2026-les-favoris-et-la-startlist-complete\/","og_locale":"fr_FR","og_type":"article","og_title":"Omloop Nieuwsblad 2026 : les favoris et la startlist compl\u00e8te","og_description":"D\u00e9couvrez les favoris et la liste des engag\u00e9s de l\u2019Omloop Nieuwsblad 2026, la premi\u00e8re grande classique flandrienne de la saison.\u00a0","og_url":"https:\/\/dicodusport.fr\/blog\/omloop-nieuwsblad-2026-les-favoris-et-la-startlist-complete\/","og_site_name":"Dicodusport","article_publisher":"https:\/\/www.facebook.com\/dicodusport","article_author":"https:\/\/www.facebook.com\/groups\/LesRoisDuPeloton","article_published_time":"2026-02-26T09:35:26+00:00","article_modified_time":"2026-02-27T22:09:28+00:00","og_image":[{"width":1200,"height":674,"url":"https:\/\/dicodusport.fr\/blog\/wp-content\/uploads\/2026\/02\/Omloop-Nieuwsblad-2026-les-favoris-et-la-startlist-complete.png","type":"image\/png"}],"author":"Emilien Descampiaux","twitter_card":"summary_large_image","twitter_title":"Omloop Nieuwsblad 2026 : les favoris et la startlist compl\u00e8te","twitter_creator":"@https:\/\/twitter.com\/LRoisDuPeloton","twitter_site":"@dicodusport","schema":{"@context":"https:\/\/schema.org","@graph":[{"@type":"NewsArticle","@id":"https:\/\/dicodusport.fr\/blog\/omloop-nieuwsblad-2026-les-favoris-et-la-startlist-complete\/#article","isPartOf":{"@id":"https:\/\/dicodusport.fr\/blog\/omloop-nieuwsblad-2026-les-favoris-et-la-startlist-complete\/"},"author":{"name":"Emilien Descampiaux","@id":"https:\/\/dicodusport.fr\/blog\/#\/schema\/person\/6db4bae06b171592211be385b32876a7"},"headline":"Omloop Nieuwsblad 2026 : les favoris et la startlist compl\u00e8te","datePublished":"2026-02-26T09:35:26+00:00","dateModified":"2026-02-27T22:09:28+00:00","mainEntityOfPage":{"@id":"https:\/\/dicodusport.fr\/blog\/omloop-nieuwsblad-2026-les-favoris-et-la-startlist-complete\/"},"wordCount":1252,"commentCount":0,"publisher":{"@id":"https:\/\/dicodusport.fr\/blog\/#organization"},"image":{"@id":"https:\/\/dicodusport.fr\/blog\/omloop-nieuwsblad-2026-les-favoris-et-la-startlist-complete\/#primaryimage"},"thumbnailUrl":"https:\/\/dicodusport.fr\/blog\/wp-content\/uploads\/2026\/02\/Omloop-Nieuwsblad-2026-les-favoris-et-la-startlist-complete.png","keywords":["actu","br\u00e8ve","Cyclisme","Cyclisme sur route","Omloop Het Nieuwsblad"],"articleSection":["Cyclisme sur route"],"inLanguage":"fr-FR","potentialAction":[{"@type":"CommentAction","name":"Comment","target":["https:\/\/dicodusport.fr\/blog\/omloop-nieuwsblad-2026-les-favoris-et-la-startlist-complete\/#respond"]}],"copyrightYear":"2026","copyrightHolder":{"@id":"https:\/\/dicodusport.fr\/blog\/#organization"}},{"@type":"WebPage","@id":"https:\/\/dicodusport.fr\/blog\/omloop-nieuwsblad-2026-les-favoris-et-la-startlist-complete\/","url":"https:\/\/dicodusport.fr\/blog\/omloop-nieuwsblad-2026-les-favoris-et-la-startlist-complete\/","name":"Omloop Nieuwsblad 2026 : les favoris et la startlist compl\u00e8te","isPartOf":{"@id":"https:\/\/dicodusport.fr\/blog\/#website"},"primaryImageOfPage":{"@id":"https:\/\/dicodusport.fr\/blog\/omloop-nieuwsblad-2026-les-favoris-et-la-startlist-complete\/#primaryimage"},"image":{"@id":"https:\/\/dicodusport.fr\/blog\/omloop-nieuwsblad-2026-les-favoris-et-la-startlist-complete\/#primaryimage"},"thumbnailUrl":"https:\/\/dicodusport.fr\/blog\/wp-content\/uploads\/2026\/02\/Omloop-Nieuwsblad-2026-les-favoris-et-la-startlist-complete.png","datePublished":"2026-02-26T09:35:26+00:00","dateModified":"2026-02-27T22:09:28+00:00","description":"D\u00e9couvrez les favoris et la liste des engag\u00e9s de l\u2019Omloop Nieuwsblad 2026, la premi\u00e8re grande classique flandrienne de la saison.\u00a0","breadcrumb":{"@id":"https:\/\/dicodusport.fr\/blog\/omloop-nieuwsblad-2026-les-favoris-et-la-startlist-complete\/#breadcrumb"},"inLanguage":"fr-FR","potentialAction":[{"@type":"ReadAction","target":["https:\/\/dicodusport.fr\/blog\/omloop-nieuwsblad-2026-les-favoris-et-la-startlist-complete\/"]}]},{"@type":"ImageObject","inLanguage":"fr-FR","@id":"https:\/\/dicodusport.fr\/blog\/omloop-nieuwsblad-2026-les-favoris-et-la-startlist-complete\/#primaryimage","url":"https:\/\/dicodusport.fr\/blog\/wp-content\/uploads\/2026\/02\/Omloop-Nieuwsblad-2026-les-favoris-et-la-startlist-complete.png","contentUrl":"https:\/\/dicodusport.fr\/blog\/wp-content\/uploads\/2026\/02\/Omloop-Nieuwsblad-2026-les-favoris-et-la-startlist-complete.png","width":1200,"height":674,"caption":"Omloop Nieuwsblad 2026 les favoris et la startlist compl\u00e8te"},{"@type":"BreadcrumbList","@id":"https:\/\/dicodusport.fr\/blog\/omloop-nieuwsblad-2026-les-favoris-et-la-startlist-complete\/#breadcrumb","itemListElement":[{"@type":"ListItem","position":1,"name":"Accueil","item":"https:\/\/dicodusport.fr\/blog\/"},{"@type":"ListItem","position":2,"name":"Omloop Nieuwsblad 2026 : les favoris et la startlist compl\u00e8te"}]},{"@type":"WebSite","@id":"https:\/\/dicodusport.fr\/blog\/#website","url":"https:\/\/dicodusport.fr\/blog\/","name":"Dicodusport","description":"L&#039;encyclop\u00e9die de l&#039;actualit\u00e9 sportive","publisher":{"@id":"https:\/\/dicodusport.fr\/blog\/#organization"},"potentialAction":[{"@type":"SearchAction","target":{"@type":"EntryPoint","urlTemplate":"https:\/\/dicodusport.fr\/blog\/?s={search_term_string}"},"query-input":{"@type":"PropertyValueSpecification","valueRequired":true,"valueName":"search_term_string"}}],"inLanguage":"fr-FR"},{"@type":"NewsMediaOrganization","@id":"https:\/\/dicodusport.fr\/blog\/#organization","name":"Dicodusport","url":"https:\/\/dicodusport.fr\/blog\/","logo":{"@type":"ImageObject","inLanguage":"fr-FR","@id":"https:\/\/dicodusport.fr\/blog\/#\/schema\/logo\/image\/","url":"https:\/\/dicodusport.fr\/blog\/wp-content\/uploads\/2020\/06\/cropped-LOGO-DICODUSPORT-2020-SANS-FOND-SANS-TEXTE.png","contentUrl":"https:\/\/dicodusport.fr\/blog\/wp-content\/uploads\/2020\/06\/cropped-LOGO-DICODUSPORT-2020-SANS-FOND-SANS-TEXTE.png","width":512,"height":512,"caption":"Dicodusport"},"image":{"@id":"https:\/\/dicodusport.fr\/blog\/#\/schema\/logo\/image\/"},"sameAs":["https:\/\/www.facebook.com\/dicodusport","https:\/\/x.com\/dicodusport","https:\/\/www.instagram.com\/dicodusport\/","https:\/\/www.youtube.com\/channel\/UC7V2KZ5sd3htJivAbA4ZG3w"],"description":"Dicodusport est l'encyclop\u00e9die de l'actualit\u00e9 sportive.","email":"bonjour@dicodusport.fr","legalName":"DICODUSPORT","foundingDate":"2018-01-14","vatID":"FR71834470973","taxID":"83447097300043","numberOfEmployees":{"@type":"QuantitativeValue","minValue":"1","maxValue":"10"}},{"@type":"Person","@id":"https:\/\/dicodusport.fr\/blog\/#\/schema\/person\/6db4bae06b171592211be385b32876a7","name":"Emilien Descampiaux","image":{"@type":"ImageObject","inLanguage":"fr-FR","@id":"https:\/\/dicodusport.fr\/blog\/#\/schema\/person\/image\/","url":"https:\/\/dicodusport.fr\/blog\/wp-content\/uploads\/2021\/05\/Emilien-Descampiaux-150x150.jpg","contentUrl":"https:\/\/dicodusport.fr\/blog\/wp-content\/uploads\/2021\/05\/Emilien-Descampiaux-150x150.jpg","caption":"Emilien Descampiaux"},"description":"Journaliste\/r\u00e9dacteur depuis 2014 - Fan de la classe de Frank Vandenbroucke, je vis cyclisme (et de ses paysages) depuis plus de 20 ans. Je suis tr\u00e8s impliqu\u00e9 sur mes diff\u00e9rents r\u00e9seaux sociaux pour partager ma passion sur le monde et l'Histoire de la bicyclette avec ma voix sur les images en noir et blanc du succ\u00e8s de Rik Van Steenbergen lors du Ronde sur le V\u00e9lodrome de Gand.","sameAs":["https:\/\/www.facebook.com\/groups\/LesRoisDuPeloton","https:\/\/x.com\/https:\/\/twitter.com\/LRoisDuPeloton"],"url":"https:\/\/dicodusport.fr\/blog\/author\/emiliend\/"}]}},"_links":{"self":[{"href":"https:\/\/dicodusport.fr\/blog\/wp-json\/wp\/v2\/posts\/650439","targetHints":{"allow":["GET"]}}],"collection":[{"href":"https:\/\/dicodusport.fr\/blog\/wp-json\/wp\/v2\/posts"}],"about":[{"href":"https:\/\/dicodusport.fr\/blog\/wp-json\/wp\/v2\/types\/post"}],"author":[{"embeddable":true,"href":"https:\/\/dicodusport.fr\/blog\/wp-json\/wp\/v2\/users\/48"}],"replies":[{"embeddable":true,"href":"https:\/\/dicodusport.fr\/blog\/wp-json\/wp\/v2\/comments?post=650439"}],"version-history":[{"count":7,"href":"https:\/\/dicodusport.fr\/blog\/wp-json\/wp\/v2\/posts\/650439\/revisions"}],"predecessor-version":[{"id":651333,"href":"https:\/\/dicodusport.fr\/blog\/wp-json\/wp\/v2\/posts\/650439\/revisions\/651333"}],"wp:featuredmedia":[{"embeddable":true,"href":"https:\/\/dicodusport.fr\/blog\/wp-json\/wp\/v2\/media\/650732"}],"wp:attachment":[{"href":"https:\/\/dicodusport.fr\/blog\/wp-json\/wp\/v2\/media?parent=650439"}],"wp:term":[{"taxonomy":"category","embeddable":true,"href":"https:\/\/dicodusport.fr\/blog\/wp-json\/wp\/v2\/categories?post=650439"},{"taxonomy":"post_tag","embeddable":true,"href":"https:\/\/dicodusport.fr\/blog\/wp-json\/wp\/v2\/tags?post=650439"}],"curies":[{"name":"wp","href":"https:\/\/api.w.org\/{rel}","templated":true}]}}