{"id":650829,"date":"2026-02-26T12:42:55","date_gmt":"2026-02-26T11:42:55","guid":{"rendered":"https:\/\/dicodusport.fr\/blog\/?p=650829&#038;preview=true&#038;preview_id=650829"},"modified":"2026-02-26T14:06:25","modified_gmt":"2026-02-26T13:06:25","slug":"rentree-reportee-pour-wout-van-aert-le-belge-forfait-pour-lomloop-nieuwsblad-2026","status":"publish","type":"post","link":"https:\/\/dicodusport.fr\/blog\/rentree-reportee-pour-wout-van-aert-le-belge-forfait-pour-lomloop-nieuwsblad-2026\/","title":{"rendered":"Rentr\u00e9e report\u00e9e pour Wout Van Aert : le Belge forfait pour l&rsquo;Omloop Nieuwsblad 2026"},"content":{"rendered":"<p style=\"text-align: justify;\"><strong><em>CYCLISME SUR ROUTE &#8211; Malade, Wout Van Aert est contraint de d\u00e9clarer forfait pour l&rsquo;Omloop Nieuwsblad, premi\u00e8re classique pav\u00e9e de la saison.<\/em><\/strong><\/p>\n<ul style=\"text-align: justify;\">\n<li><strong>\u00c0 ce sujet &#8211; <a href=\"https:\/\/dicodusport.fr\/blog\/actualites\/cyclisme\/cyclisme-sur-route\/\">L&rsquo;actualit\u00e9 du cyclisme sur route<\/a><\/strong><\/li>\n<\/ul>\n<p style=\"text-align: justify;\">La poisse a (encore) rattrap\u00e9 <strong>Wout Van Aert<\/strong> (Visma Lease a bike). Malade, il est forfait pour l&rsquo;Omloop Nieuwsblad, la toute premi\u00e8re classique pav\u00e9e de la saison, qui va amener tranquillement vers le Tour des Flandres (4 avril) et Paris-Roubaix (11 avril). Alors qu&rsquo;il \u00e9tait pr\u00e9vu avec au moins un statut de coleader au sein de la formation n\u00e9erlandaise, il va manquer la premi\u00e8re confrontation avec d&rsquo;autres \u00ab\u00a0Flandriens\u00a0\u00bb. Comme<strong> Mathieu van der Poel<\/strong> (Alpecin-Premier Tech)<\/p>\n<div class=\"vlp-link-container vlp-layout-article\"><a href=\"https:\/\/dicodusport.fr\/blog\/omloop-nieuwsblad-2026-parcours-detaille-profil-et-secteurs-paves\/\" class=\"vlp-link\" title=\"Omloop Nieuwsblad 2026 : parcours d\u00e9taill\u00e9, profil et secteurs pav\u00e9s\"><\/a><div class=\"vlp-layout-zone-side\"><div class=\"vlp-block-4 vlp-link-image\"><img loading=\"lazy\" decoding=\"async\" style=\"max-width: 792px;\" width=\"792\" height=\"445\" src=\"https:\/\/dicodusport.fr\/blog\/wp-content\/uploads\/2026\/02\/Omloop-Nieuwsblad-2026-parcours-detaille-profil-et-secteurs-paves.png\" class=\"attachment-800x445 size-800x445\" alt=\"Omloop Nieuwsblad 2026 parcours d\u00e9taill\u00e9, profil et secteurs pav\u00e9s\" srcset=\"https:\/\/dicodusport.fr\/blog\/wp-content\/uploads\/2026\/02\/Omloop-Nieuwsblad-2026-parcours-detaille-profil-et-secteurs-paves.png 1200w, https:\/\/dicodusport.fr\/blog\/wp-content\/uploads\/2026\/02\/Omloop-Nieuwsblad-2026-parcours-detaille-profil-et-secteurs-paves-300x169.png 300w, https:\/\/dicodusport.fr\/blog\/wp-content\/uploads\/2026\/02\/Omloop-Nieuwsblad-2026-parcours-detaille-profil-et-secteurs-paves-1024x575.png 1024w, https:\/\/dicodusport.fr\/blog\/wp-content\/uploads\/2026\/02\/Omloop-Nieuwsblad-2026-parcours-detaille-profil-et-secteurs-paves-768x431.png 768w\" sizes=\"auto, (max-width: 792px) 100vw, 792px\" \/><\/div><\/div><div class=\"vlp-layout-zone-main\"><div class=\"vlp-block-0 vlp-link-title\">Omloop Nieuwsblad 2026 : parcours d\u00e9taill\u00e9, profil et secteurs pav\u00e9s<\/div><div class=\"vlp-block-1 vlp-link-summary\">Parcours, profil, monts et secteurs pav\u00e9s : d\u00e9couvrez tous les d\u00e9tails de l\u2019Omloop Nieuwsblad 2026, la classique qui lance la saison des Flandriennes.\u00a0<\/div><div class=\"vlp-block-2 vlp-link-button\">Lire l'article<\/div><div class=\"vlp-block-3 vlp-link-url\">dicodusport.fr<\/div><\/div><\/div>\n<h2 style=\"text-align: justify;\">Wout Van Aert, l&rsquo;all\u00e9gorie de la malchance<\/h2>\n<p style=\"text-align: justify;\"><strong>Wout Van Aert<\/strong> joue de malchance en ce d\u00e9but de saison 2026. Apr\u00e8s <a href=\"https:\/\/dicodusport.fr\/blog\/coup-dur-pour-wout-van-aert-touche-a-la-cheville-le-belge-contraint-de-mettre-un-terme-a-sa-saison-de-cyclo-cross\/\">une blessure \u00e0 la cheville en cyclo-cross<\/a>, le Belge \u00e9tait revenu sur la route de fa\u00e7on express, \u00e9tonnant pas mal de suiveurs. Au point d&rsquo;\u00eatre pr\u00eat pour sa rentr\u00e9e sur la route d\u00e8s l&rsquo;Omloop Nieuwsblad.<\/p>\n<ul style=\"text-align: justify;\">\n<li><strong>\u00c0 ce sujet &#8211; <a href=\"https:\/\/dicodusport.fr\/blog\/omloop-nieuwsblad-2026-a-quelle-heure-et-sur-quelle-chaine-tv-suivre-la-course-en-direct\/\">Omloop Nieuwsblad 2026 : \u00e0 quelle heure et sur quelle cha\u00eene TV suivre la course en direct ?<\/a><\/strong><\/li>\n<\/ul>\n<p style=\"text-align: justify;\">Ce n&rsquo;est pas la premi\u00e8re fois qu&rsquo;il est perturb\u00e9 dans sa pr\u00e9paration pour les classiques du printemps. Victime d&rsquo;une grosse chute lors d&rsquo;<a href=\"https:\/\/dicodusport.fr\/blog\/cyclisme-le-bilan-medical-est-lourd-pour-wout-van-aert\/\">\u00c0 Travers la Flandre en 2024<\/a>, il avait manqu\u00e9 toute la campagne des Flandriennes, mais aussi le Tour de France. Avant de retomber en fin d&rsquo;ann\u00e9e <a href=\"https:\/\/dicodusport.fr\/blog\/tour-despagne-2024-wout-van-aert-chute-et-abandonne-lors-de-la-16eme-etape\/\">sur les routes du Tour d&rsquo;Espagne<\/a>. Il avait \u00e9galement contract\u00e9 le Covid peu avant le Tour des Flandres 2023. La malchance poursuit le coureur belge depuis plus de trois ans.<\/p>\n<p style=\"text-align: justify;\">Cela va laisser plus de responsabilit\u00e9s au jeune Britannique <strong>Matthew Brennan<\/strong>, qui va sans doute endosser le costume de leader avec le Fran\u00e7ais <strong>Christophe Laporte<\/strong> (s&rsquo;il a bien r\u00e9cup\u00e9r\u00e9 de sa chute lors de <a href=\"https:\/\/dicodusport.fr\/blog\/tom-pidcock-gagne-la-5eme-etape-ivan-romeo-remporte-le-general-du-tour-dandalousie-2026\/\">la derni\u00e8re \u00e9tape du Tour d&rsquo;Andalousie<\/a>).<\/p>\n<h3 style=\"text-align: justify;\">Dicodusport vous conseille<\/h3>\n<div class=\"vlp-link-container vlp-layout-article\"><a href=\"https:\/\/dicodusport.fr\/blog\/omloop-nieuwsblad-2026-les-favoris-et-la-startlist-complete\/\" class=\"vlp-link\" title=\"Omloop Nieuwsblad 2026 : les favoris et la startlist compl\u00e8te\"><\/a><div class=\"vlp-layout-zone-side\"><div class=\"vlp-block-4 vlp-link-image\"><img loading=\"lazy\" decoding=\"async\" style=\"max-width: 792px;\" width=\"792\" height=\"445\" src=\"https:\/\/dicodusport.fr\/blog\/wp-content\/uploads\/2026\/02\/Omloop-Nieuwsblad-2026-les-favoris-et-la-startlist-complete.png\" class=\"attachment-800x445 size-800x445\" alt=\"Omloop Nieuwsblad 2026 les favoris et la startlist compl\u00e8te\" srcset=\"https:\/\/dicodusport.fr\/blog\/wp-content\/uploads\/2026\/02\/Omloop-Nieuwsblad-2026-les-favoris-et-la-startlist-complete.png 1200w, https:\/\/dicodusport.fr\/blog\/wp-content\/uploads\/2026\/02\/Omloop-Nieuwsblad-2026-les-favoris-et-la-startlist-complete-300x169.png 300w, https:\/\/dicodusport.fr\/blog\/wp-content\/uploads\/2026\/02\/Omloop-Nieuwsblad-2026-les-favoris-et-la-startlist-complete-1024x575.png 1024w, https:\/\/dicodusport.fr\/blog\/wp-content\/uploads\/2026\/02\/Omloop-Nieuwsblad-2026-les-favoris-et-la-startlist-complete-768x431.png 768w\" sizes=\"auto, (max-width: 792px) 100vw, 792px\" \/><\/div><\/div><div class=\"vlp-layout-zone-main\"><div class=\"vlp-block-0 vlp-link-title\">Omloop Nieuwsblad 2026 : les favoris et la startlist compl\u00e8te<\/div><div class=\"vlp-block-1 vlp-link-summary\">D\u00e9couvrez les favoris et la liste des engag\u00e9s de l\u2019Omloop Nieuwsblad 2026, la premi\u00e8re grande classique flandrienne de la saison.\u00a0<\/div><div class=\"vlp-block-2 vlp-link-button\">Lire l'article<\/div><div class=\"vlp-block-3 vlp-link-url\">dicodusport.fr<\/div><\/div><\/div>\n<div id=\"gtx-trans\" style=\"position: absolute; left: -14px; top: 40.9091px;\">\n<div class=\"gtx-trans-icon\" style=\"text-align: justify;\"><\/div>\n<\/div>\n","protected":false},"excerpt":{"rendered":"<p>CYCLISME SUR ROUTE &#8211; Malade, Wout Van Aert est contraint de d\u00e9clarer forfait pour l&rsquo;Omloop Nieuwsblad, premi\u00e8re classique pav\u00e9e de la saison.<\/p>\n","protected":false},"author":83,"featured_media":650831,"comment_status":"open","ping_status":"closed","sticky":false,"template":"","format":"standard","meta":{"_acf_changed":false,"_daextam_enable_autolinks":"1","footnotes":""},"categories":[46994],"tags":[16878,11197,14699,8091],"class_list":["post-650829","post","type-post","status-publish","format-standard","has-post-thumbnail","hentry","category-cyclisme-sur-route","tag-breve","tag-cyclisme-sur-route","tag-omloop-het-nieuwsblad","tag-wout-van-aert"],"acf":[],"yoast_head":"<!-- This site is optimized with the Yoast SEO Premium plugin v26.7 (Yoast SEO v26.7) - https:\/\/yoast.com\/wordpress\/plugins\/seo\/ -->\n<title>Rentr\u00e9e report\u00e9e pour Wout Van Aert : le Belge forfait pour l&#039;Omloop Nieuwsblad 2026<\/title>\n<meta name=\"description\" content=\"CYCLISME SUR ROUTE - Malade, Wout Van Aert est contraint de d\u00e9clarer forfait pour l&#039;Omloop Nieuwsblad, premi\u00e8re classique pav\u00e9e de la saison.\" \/>\n<meta name=\"robots\" content=\"index, follow, max-snippet:-1, max-image-preview:large, max-video-preview:-1\" \/>\n<link rel=\"canonical\" href=\"https:\/\/dicodusport.fr\/blog\/rentree-reportee-pour-wout-van-aert-le-belge-forfait-pour-lomloop-nieuwsblad-2026\/\" \/>\n<meta property=\"og:locale\" content=\"fr_FR\" \/>\n<meta property=\"og:type\" content=\"article\" \/>\n<meta property=\"og:title\" content=\"Rentr\u00e9e report\u00e9e pour Wout Van Aert : le Belge forfait pour l&#039;Omloop Nieuwsblad 2026\" \/>\n<meta property=\"og:description\" content=\"CYCLISME SUR ROUTE - Malade, Wout Van Aert est contraint de d\u00e9clarer forfait pour l&#039;Omloop Nieuwsblad, premi\u00e8re classique pav\u00e9e de la saison.\" \/>\n<meta property=\"og:url\" content=\"https:\/\/dicodusport.fr\/blog\/rentree-reportee-pour-wout-van-aert-le-belge-forfait-pour-lomloop-nieuwsblad-2026\/\" \/>\n<meta property=\"og:site_name\" content=\"Dicodusport\" \/>\n<meta property=\"article:publisher\" content=\"https:\/\/www.facebook.com\/dicodusport\" \/>\n<meta property=\"article:published_time\" content=\"2026-02-26T11:42:55+00:00\" \/>\n<meta property=\"article:modified_time\" content=\"2026-02-26T13:06:25+00:00\" \/>\n<meta property=\"og:image\" content=\"https:\/\/dicodusport.fr\/blog\/wp-content\/uploads\/2026\/02\/Rentree-reportee-pour-Wout-Van-Aert-le-Belge-forfait-pour-lOmloop-Nieuwsblad-2026.png\" \/>\n\t<meta property=\"og:image:width\" content=\"1200\" \/>\n\t<meta property=\"og:image:height\" content=\"674\" \/>\n\t<meta property=\"og:image:type\" content=\"image\/png\" \/>\n<meta name=\"author\" content=\"Etienne Goursaud\" \/>\n<meta name=\"twitter:card\" content=\"summary_large_image\" \/>\n<meta name=\"twitter:title\" content=\"Rentr\u00e9e report\u00e9e pour Wout Van Aert : le Belge forfait pour l&#039;Omloop Nieuwsblad 2026\" \/>\n<meta name=\"twitter:creator\" content=\"@dicodusport\" \/>\n<meta name=\"twitter:site\" content=\"@dicodusport\" \/>\n<script type=\"application\/ld+json\" class=\"yoast-schema-graph\">{\"@context\":\"https:\/\/schema.org\",\"@graph\":[{\"@type\":\"NewsArticle\",\"@id\":\"https:\/\/dicodusport.fr\/blog\/rentree-reportee-pour-wout-van-aert-le-belge-forfait-pour-lomloop-nieuwsblad-2026\/#article\",\"isPartOf\":{\"@id\":\"https:\/\/dicodusport.fr\/blog\/rentree-reportee-pour-wout-van-aert-le-belge-forfait-pour-lomloop-nieuwsblad-2026\/\"},\"author\":{\"name\":\"Etienne Goursaud\",\"@id\":\"https:\/\/dicodusport.fr\/blog\/#\/schema\/person\/d603dd7da31fb2b46c82b9835a77ec13\"},\"headline\":\"Rentr\u00e9e report\u00e9e pour Wout Van Aert : le Belge forfait pour l&rsquo;Omloop Nieuwsblad 2026\",\"datePublished\":\"2026-02-26T11:42:55+00:00\",\"dateModified\":\"2026-02-26T13:06:25+00:00\",\"mainEntityOfPage\":{\"@id\":\"https:\/\/dicodusport.fr\/blog\/rentree-reportee-pour-wout-van-aert-le-belge-forfait-pour-lomloop-nieuwsblad-2026\/\"},\"wordCount\":521,\"commentCount\":0,\"publisher\":{\"@id\":\"https:\/\/dicodusport.fr\/blog\/#organization\"},\"image\":{\"@id\":\"https:\/\/dicodusport.fr\/blog\/rentree-reportee-pour-wout-van-aert-le-belge-forfait-pour-lomloop-nieuwsblad-2026\/#primaryimage\"},\"thumbnailUrl\":\"https:\/\/dicodusport.fr\/blog\/wp-content\/uploads\/2026\/02\/Rentree-reportee-pour-Wout-Van-Aert-le-Belge-forfait-pour-lOmloop-Nieuwsblad-2026.png\",\"keywords\":[\"br\u00e8ve\",\"Cyclisme sur route\",\"Omloop Het Nieuwsblad\",\"Wout Van Aert\"],\"articleSection\":[\"Cyclisme sur route\"],\"inLanguage\":\"fr-FR\",\"potentialAction\":[{\"@type\":\"CommentAction\",\"name\":\"Comment\",\"target\":[\"https:\/\/dicodusport.fr\/blog\/rentree-reportee-pour-wout-van-aert-le-belge-forfait-pour-lomloop-nieuwsblad-2026\/#respond\"]}],\"copyrightYear\":\"2026\",\"copyrightHolder\":{\"@id\":\"https:\/\/dicodusport.fr\/blog\/#organization\"}},{\"@type\":\"WebPage\",\"@id\":\"https:\/\/dicodusport.fr\/blog\/rentree-reportee-pour-wout-van-aert-le-belge-forfait-pour-lomloop-nieuwsblad-2026\/\",\"url\":\"https:\/\/dicodusport.fr\/blog\/rentree-reportee-pour-wout-van-aert-le-belge-forfait-pour-lomloop-nieuwsblad-2026\/\",\"name\":\"Rentr\u00e9e report\u00e9e pour Wout Van Aert : le Belge forfait pour l'Omloop Nieuwsblad 2026\",\"isPartOf\":{\"@id\":\"https:\/\/dicodusport.fr\/blog\/#website\"},\"primaryImageOfPage\":{\"@id\":\"https:\/\/dicodusport.fr\/blog\/rentree-reportee-pour-wout-van-aert-le-belge-forfait-pour-lomloop-nieuwsblad-2026\/#primaryimage\"},\"image\":{\"@id\":\"https:\/\/dicodusport.fr\/blog\/rentree-reportee-pour-wout-van-aert-le-belge-forfait-pour-lomloop-nieuwsblad-2026\/#primaryimage\"},\"thumbnailUrl\":\"https:\/\/dicodusport.fr\/blog\/wp-content\/uploads\/2026\/02\/Rentree-reportee-pour-Wout-Van-Aert-le-Belge-forfait-pour-lOmloop-Nieuwsblad-2026.png\",\"datePublished\":\"2026-02-26T11:42:55+00:00\",\"dateModified\":\"2026-02-26T13:06:25+00:00\",\"description\":\"CYCLISME SUR ROUTE - Malade, Wout Van Aert est contraint de d\u00e9clarer forfait pour l'Omloop Nieuwsblad, premi\u00e8re classique pav\u00e9e de la saison.\",\"breadcrumb\":{\"@id\":\"https:\/\/dicodusport.fr\/blog\/rentree-reportee-pour-wout-van-aert-le-belge-forfait-pour-lomloop-nieuwsblad-2026\/#breadcrumb\"},\"inLanguage\":\"fr-FR\",\"potentialAction\":[{\"@type\":\"ReadAction\",\"target\":[\"https:\/\/dicodusport.fr\/blog\/rentree-reportee-pour-wout-van-aert-le-belge-forfait-pour-lomloop-nieuwsblad-2026\/\"]}]},{\"@type\":\"ImageObject\",\"inLanguage\":\"fr-FR\",\"@id\":\"https:\/\/dicodusport.fr\/blog\/rentree-reportee-pour-wout-van-aert-le-belge-forfait-pour-lomloop-nieuwsblad-2026\/#primaryimage\",\"url\":\"https:\/\/dicodusport.fr\/blog\/wp-content\/uploads\/2026\/02\/Rentree-reportee-pour-Wout-Van-Aert-le-Belge-forfait-pour-lOmloop-Nieuwsblad-2026.png\",\"contentUrl\":\"https:\/\/dicodusport.fr\/blog\/wp-content\/uploads\/2026\/02\/Rentree-reportee-pour-Wout-Van-Aert-le-Belge-forfait-pour-lOmloop-Nieuwsblad-2026.png\",\"width\":1200,\"height\":674,\"caption\":\"Rentr\u00e9e report\u00e9e pour Wout Van Aert : le Belge forfait pour l'Omloop Nieuwsblad 2026\"},{\"@type\":\"BreadcrumbList\",\"@id\":\"https:\/\/dicodusport.fr\/blog\/rentree-reportee-pour-wout-van-aert-le-belge-forfait-pour-lomloop-nieuwsblad-2026\/#breadcrumb\",\"itemListElement\":[{\"@type\":\"ListItem\",\"position\":1,\"name\":\"Accueil\",\"item\":\"https:\/\/dicodusport.fr\/blog\/\"},{\"@type\":\"ListItem\",\"position\":2,\"name\":\"Rentr\u00e9e report\u00e9e pour Wout Van Aert : le Belge forfait pour l&rsquo;Omloop Nieuwsblad 2026\"}]},{\"@type\":\"WebSite\",\"@id\":\"https:\/\/dicodusport.fr\/blog\/#website\",\"url\":\"https:\/\/dicodusport.fr\/blog\/\",\"name\":\"Dicodusport\",\"description\":\"L&#039;encyclop\u00e9die de l&#039;actualit\u00e9 sportive\",\"publisher\":{\"@id\":\"https:\/\/dicodusport.fr\/blog\/#organization\"},\"potentialAction\":[{\"@type\":\"SearchAction\",\"target\":{\"@type\":\"EntryPoint\",\"urlTemplate\":\"https:\/\/dicodusport.fr\/blog\/?s={search_term_string}\"},\"query-input\":{\"@type\":\"PropertyValueSpecification\",\"valueRequired\":true,\"valueName\":\"search_term_string\"}}],\"inLanguage\":\"fr-FR\"},{\"@type\":\"NewsMediaOrganization\",\"@id\":\"https:\/\/dicodusport.fr\/blog\/#organization\",\"name\":\"Dicodusport\",\"url\":\"https:\/\/dicodusport.fr\/blog\/\",\"logo\":{\"@type\":\"ImageObject\",\"inLanguage\":\"fr-FR\",\"@id\":\"https:\/\/dicodusport.fr\/blog\/#\/schema\/logo\/image\/\",\"url\":\"https:\/\/dicodusport.fr\/blog\/wp-content\/uploads\/2020\/06\/cropped-LOGO-DICODUSPORT-2020-SANS-FOND-SANS-TEXTE.png\",\"contentUrl\":\"https:\/\/dicodusport.fr\/blog\/wp-content\/uploads\/2020\/06\/cropped-LOGO-DICODUSPORT-2020-SANS-FOND-SANS-TEXTE.png\",\"width\":512,\"height\":512,\"caption\":\"Dicodusport\"},\"image\":{\"@id\":\"https:\/\/dicodusport.fr\/blog\/#\/schema\/logo\/image\/\"},\"sameAs\":[\"https:\/\/www.facebook.com\/dicodusport\",\"https:\/\/x.com\/dicodusport\",\"https:\/\/www.instagram.com\/dicodusport\/\",\"https:\/\/www.youtube.com\/channel\/UC7V2KZ5sd3htJivAbA4ZG3w\"],\"description\":\"Dicodusport est l'encyclop\u00e9die de l'actualit\u00e9 sportive.\",\"email\":\"bonjour@dicodusport.fr\",\"legalName\":\"DICODUSPORT\",\"foundingDate\":\"2018-01-14\",\"vatID\":\"FR71834470973\",\"taxID\":\"83447097300043\",\"numberOfEmployees\":{\"@type\":\"QuantitativeValue\",\"minValue\":\"1\",\"maxValue\":\"10\"}},{\"@type\":\"Person\",\"@id\":\"https:\/\/dicodusport.fr\/blog\/#\/schema\/person\/d603dd7da31fb2b46c82b9835a77ec13\",\"name\":\"Etienne Goursaud\",\"image\":{\"@type\":\"ImageObject\",\"inLanguage\":\"fr-FR\",\"@id\":\"https:\/\/dicodusport.fr\/blog\/#\/schema\/person\/image\/\",\"url\":\"https:\/\/dicodusport.fr\/blog\/wp-content\/uploads\/2023\/12\/410122264_10231602061736049_5565839791558026645_n-150x150.jpg\",\"contentUrl\":\"https:\/\/dicodusport.fr\/blog\/wp-content\/uploads\/2023\/12\/410122264_10231602061736049_5565839791558026645_n-150x150.jpg\",\"caption\":\"Etienne Goursaud\"},\"description\":\"Journaliste et amoureux de sport. Ancien footballeur reconverti athl\u00e8te quand ses muscles le laissent tranquille. \u00c9lev\u00e9 \u00e0 la sauce des exploits de Thomas Voeckler en 2004, du dernier essai de l\u00e9gende de Eunice Barber \u00e0 la longueur lors des championnats du monde d'athl\u00e9tisme de 2003 mais aussi Zidane, Omeyer et Titou Lamaison.\",\"url\":\"https:\/\/dicodusport.fr\/blog\/author\/etienne-goursaud\/\"}]}<\/script>\n<!-- \/ Yoast SEO Premium plugin. -->","yoast_head_json":{"title":"Rentr\u00e9e report\u00e9e pour Wout Van Aert : le Belge forfait pour l'Omloop Nieuwsblad 2026","description":"CYCLISME SUR ROUTE - Malade, Wout Van Aert est contraint de d\u00e9clarer forfait pour l'Omloop Nieuwsblad, premi\u00e8re classique pav\u00e9e de la saison.","robots":{"index":"index","follow":"follow","max-snippet":"max-snippet:-1","max-image-preview":"max-image-preview:large","max-video-preview":"max-video-preview:-1"},"canonical":"https:\/\/dicodusport.fr\/blog\/rentree-reportee-pour-wout-van-aert-le-belge-forfait-pour-lomloop-nieuwsblad-2026\/","og_locale":"fr_FR","og_type":"article","og_title":"Rentr\u00e9e report\u00e9e pour Wout Van Aert : le Belge forfait pour l'Omloop Nieuwsblad 2026","og_description":"CYCLISME SUR ROUTE - Malade, Wout Van Aert est contraint de d\u00e9clarer forfait pour l'Omloop Nieuwsblad, premi\u00e8re classique pav\u00e9e de la saison.","og_url":"https:\/\/dicodusport.fr\/blog\/rentree-reportee-pour-wout-van-aert-le-belge-forfait-pour-lomloop-nieuwsblad-2026\/","og_site_name":"Dicodusport","article_publisher":"https:\/\/www.facebook.com\/dicodusport","article_published_time":"2026-02-26T11:42:55+00:00","article_modified_time":"2026-02-26T13:06:25+00:00","og_image":[{"width":1200,"height":674,"url":"https:\/\/dicodusport.fr\/blog\/wp-content\/uploads\/2026\/02\/Rentree-reportee-pour-Wout-Van-Aert-le-Belge-forfait-pour-lOmloop-Nieuwsblad-2026.png","type":"image\/png"}],"author":"Etienne Goursaud","twitter_card":"summary_large_image","twitter_title":"Rentr\u00e9e report\u00e9e pour Wout Van Aert : le Belge forfait pour l'Omloop Nieuwsblad 2026","twitter_creator":"@dicodusport","twitter_site":"@dicodusport","schema":{"@context":"https:\/\/schema.org","@graph":[{"@type":"NewsArticle","@id":"https:\/\/dicodusport.fr\/blog\/rentree-reportee-pour-wout-van-aert-le-belge-forfait-pour-lomloop-nieuwsblad-2026\/#article","isPartOf":{"@id":"https:\/\/dicodusport.fr\/blog\/rentree-reportee-pour-wout-van-aert-le-belge-forfait-pour-lomloop-nieuwsblad-2026\/"},"author":{"name":"Etienne Goursaud","@id":"https:\/\/dicodusport.fr\/blog\/#\/schema\/person\/d603dd7da31fb2b46c82b9835a77ec13"},"headline":"Rentr\u00e9e report\u00e9e pour Wout Van Aert : le Belge forfait pour l&rsquo;Omloop Nieuwsblad 2026","datePublished":"2026-02-26T11:42:55+00:00","dateModified":"2026-02-26T13:06:25+00:00","mainEntityOfPage":{"@id":"https:\/\/dicodusport.fr\/blog\/rentree-reportee-pour-wout-van-aert-le-belge-forfait-pour-lomloop-nieuwsblad-2026\/"},"wordCount":521,"commentCount":0,"publisher":{"@id":"https:\/\/dicodusport.fr\/blog\/#organization"},"image":{"@id":"https:\/\/dicodusport.fr\/blog\/rentree-reportee-pour-wout-van-aert-le-belge-forfait-pour-lomloop-nieuwsblad-2026\/#primaryimage"},"thumbnailUrl":"https:\/\/dicodusport.fr\/blog\/wp-content\/uploads\/2026\/02\/Rentree-reportee-pour-Wout-Van-Aert-le-Belge-forfait-pour-lOmloop-Nieuwsblad-2026.png","keywords":["br\u00e8ve","Cyclisme sur route","Omloop Het Nieuwsblad","Wout Van Aert"],"articleSection":["Cyclisme sur route"],"inLanguage":"fr-FR","potentialAction":[{"@type":"CommentAction","name":"Comment","target":["https:\/\/dicodusport.fr\/blog\/rentree-reportee-pour-wout-van-aert-le-belge-forfait-pour-lomloop-nieuwsblad-2026\/#respond"]}],"copyrightYear":"2026","copyrightHolder":{"@id":"https:\/\/dicodusport.fr\/blog\/#organization"}},{"@type":"WebPage","@id":"https:\/\/dicodusport.fr\/blog\/rentree-reportee-pour-wout-van-aert-le-belge-forfait-pour-lomloop-nieuwsblad-2026\/","url":"https:\/\/dicodusport.fr\/blog\/rentree-reportee-pour-wout-van-aert-le-belge-forfait-pour-lomloop-nieuwsblad-2026\/","name":"Rentr\u00e9e report\u00e9e pour Wout Van Aert : le Belge forfait pour l'Omloop Nieuwsblad 2026","isPartOf":{"@id":"https:\/\/dicodusport.fr\/blog\/#website"},"primaryImageOfPage":{"@id":"https:\/\/dicodusport.fr\/blog\/rentree-reportee-pour-wout-van-aert-le-belge-forfait-pour-lomloop-nieuwsblad-2026\/#primaryimage"},"image":{"@id":"https:\/\/dicodusport.fr\/blog\/rentree-reportee-pour-wout-van-aert-le-belge-forfait-pour-lomloop-nieuwsblad-2026\/#primaryimage"},"thumbnailUrl":"https:\/\/dicodusport.fr\/blog\/wp-content\/uploads\/2026\/02\/Rentree-reportee-pour-Wout-Van-Aert-le-Belge-forfait-pour-lOmloop-Nieuwsblad-2026.png","datePublished":"2026-02-26T11:42:55+00:00","dateModified":"2026-02-26T13:06:25+00:00","description":"CYCLISME SUR ROUTE - Malade, Wout Van Aert est contraint de d\u00e9clarer forfait pour l'Omloop Nieuwsblad, premi\u00e8re classique pav\u00e9e de la saison.","breadcrumb":{"@id":"https:\/\/dicodusport.fr\/blog\/rentree-reportee-pour-wout-van-aert-le-belge-forfait-pour-lomloop-nieuwsblad-2026\/#breadcrumb"},"inLanguage":"fr-FR","potentialAction":[{"@type":"ReadAction","target":["https:\/\/dicodusport.fr\/blog\/rentree-reportee-pour-wout-van-aert-le-belge-forfait-pour-lomloop-nieuwsblad-2026\/"]}]},{"@type":"ImageObject","inLanguage":"fr-FR","@id":"https:\/\/dicodusport.fr\/blog\/rentree-reportee-pour-wout-van-aert-le-belge-forfait-pour-lomloop-nieuwsblad-2026\/#primaryimage","url":"https:\/\/dicodusport.fr\/blog\/wp-content\/uploads\/2026\/02\/Rentree-reportee-pour-Wout-Van-Aert-le-Belge-forfait-pour-lOmloop-Nieuwsblad-2026.png","contentUrl":"https:\/\/dicodusport.fr\/blog\/wp-content\/uploads\/2026\/02\/Rentree-reportee-pour-Wout-Van-Aert-le-Belge-forfait-pour-lOmloop-Nieuwsblad-2026.png","width":1200,"height":674,"caption":"Rentr\u00e9e report\u00e9e pour Wout Van Aert : le Belge forfait pour l'Omloop Nieuwsblad 2026"},{"@type":"BreadcrumbList","@id":"https:\/\/dicodusport.fr\/blog\/rentree-reportee-pour-wout-van-aert-le-belge-forfait-pour-lomloop-nieuwsblad-2026\/#breadcrumb","itemListElement":[{"@type":"ListItem","position":1,"name":"Accueil","item":"https:\/\/dicodusport.fr\/blog\/"},{"@type":"ListItem","position":2,"name":"Rentr\u00e9e report\u00e9e pour Wout Van Aert : le Belge forfait pour l&rsquo;Omloop Nieuwsblad 2026"}]},{"@type":"WebSite","@id":"https:\/\/dicodusport.fr\/blog\/#website","url":"https:\/\/dicodusport.fr\/blog\/","name":"Dicodusport","description":"L&#039;encyclop\u00e9die de l&#039;actualit\u00e9 sportive","publisher":{"@id":"https:\/\/dicodusport.fr\/blog\/#organization"},"potentialAction":[{"@type":"SearchAction","target":{"@type":"EntryPoint","urlTemplate":"https:\/\/dicodusport.fr\/blog\/?s={search_term_string}"},"query-input":{"@type":"PropertyValueSpecification","valueRequired":true,"valueName":"search_term_string"}}],"inLanguage":"fr-FR"},{"@type":"NewsMediaOrganization","@id":"https:\/\/dicodusport.fr\/blog\/#organization","name":"Dicodusport","url":"https:\/\/dicodusport.fr\/blog\/","logo":{"@type":"ImageObject","inLanguage":"fr-FR","@id":"https:\/\/dicodusport.fr\/blog\/#\/schema\/logo\/image\/","url":"https:\/\/dicodusport.fr\/blog\/wp-content\/uploads\/2020\/06\/cropped-LOGO-DICODUSPORT-2020-SANS-FOND-SANS-TEXTE.png","contentUrl":"https:\/\/dicodusport.fr\/blog\/wp-content\/uploads\/2020\/06\/cropped-LOGO-DICODUSPORT-2020-SANS-FOND-SANS-TEXTE.png","width":512,"height":512,"caption":"Dicodusport"},"image":{"@id":"https:\/\/dicodusport.fr\/blog\/#\/schema\/logo\/image\/"},"sameAs":["https:\/\/www.facebook.com\/dicodusport","https:\/\/x.com\/dicodusport","https:\/\/www.instagram.com\/dicodusport\/","https:\/\/www.youtube.com\/channel\/UC7V2KZ5sd3htJivAbA4ZG3w"],"description":"Dicodusport est l'encyclop\u00e9die de l'actualit\u00e9 sportive.","email":"bonjour@dicodusport.fr","legalName":"DICODUSPORT","foundingDate":"2018-01-14","vatID":"FR71834470973","taxID":"83447097300043","numberOfEmployees":{"@type":"QuantitativeValue","minValue":"1","maxValue":"10"}},{"@type":"Person","@id":"https:\/\/dicodusport.fr\/blog\/#\/schema\/person\/d603dd7da31fb2b46c82b9835a77ec13","name":"Etienne Goursaud","image":{"@type":"ImageObject","inLanguage":"fr-FR","@id":"https:\/\/dicodusport.fr\/blog\/#\/schema\/person\/image\/","url":"https:\/\/dicodusport.fr\/blog\/wp-content\/uploads\/2023\/12\/410122264_10231602061736049_5565839791558026645_n-150x150.jpg","contentUrl":"https:\/\/dicodusport.fr\/blog\/wp-content\/uploads\/2023\/12\/410122264_10231602061736049_5565839791558026645_n-150x150.jpg","caption":"Etienne Goursaud"},"description":"Journaliste et amoureux de sport. Ancien footballeur reconverti athl\u00e8te quand ses muscles le laissent tranquille. \u00c9lev\u00e9 \u00e0 la sauce des exploits de Thomas Voeckler en 2004, du dernier essai de l\u00e9gende de Eunice Barber \u00e0 la longueur lors des championnats du monde d'athl\u00e9tisme de 2003 mais aussi Zidane, Omeyer et Titou Lamaison.","url":"https:\/\/dicodusport.fr\/blog\/author\/etienne-goursaud\/"}]}},"_links":{"self":[{"href":"https:\/\/dicodusport.fr\/blog\/wp-json\/wp\/v2\/posts\/650829","targetHints":{"allow":["GET"]}}],"collection":[{"href":"https:\/\/dicodusport.fr\/blog\/wp-json\/wp\/v2\/posts"}],"about":[{"href":"https:\/\/dicodusport.fr\/blog\/wp-json\/wp\/v2\/types\/post"}],"author":[{"embeddable":true,"href":"https:\/\/dicodusport.fr\/blog\/wp-json\/wp\/v2\/users\/83"}],"replies":[{"embeddable":true,"href":"https:\/\/dicodusport.fr\/blog\/wp-json\/wp\/v2\/comments?post=650829"}],"version-history":[{"count":4,"href":"https:\/\/dicodusport.fr\/blog\/wp-json\/wp\/v2\/posts\/650829\/revisions"}],"predecessor-version":[{"id":650856,"href":"https:\/\/dicodusport.fr\/blog\/wp-json\/wp\/v2\/posts\/650829\/revisions\/650856"}],"wp:featuredmedia":[{"embeddable":true,"href":"https:\/\/dicodusport.fr\/blog\/wp-json\/wp\/v2\/media\/650831"}],"wp:attachment":[{"href":"https:\/\/dicodusport.fr\/blog\/wp-json\/wp\/v2\/media?parent=650829"}],"wp:term":[{"taxonomy":"category","embeddable":true,"href":"https:\/\/dicodusport.fr\/blog\/wp-json\/wp\/v2\/categories?post=650829"},{"taxonomy":"post_tag","embeddable":true,"href":"https:\/\/dicodusport.fr\/blog\/wp-json\/wp\/v2\/tags?post=650829"}],"curies":[{"name":"wp","href":"https:\/\/api.w.org\/{rel}","templated":true}]}}