{"id":65103,"date":"2020-04-15T19:52:10","date_gmt":"2020-04-15T17:52:10","guid":{"rendered":"http:\/\/dicodusport.fr\/blog\/?p=65103&#038;preview=true&#038;preview_id=65103"},"modified":"2020-04-16T08:18:41","modified_gmt":"2020-04-16T06:18:41","slug":"jeep-elite-pro-b-championnats-ne-reprendront-pas","status":"publish","type":"post","link":"https:\/\/dicodusport.fr\/blog\/jeep-elite-pro-b-championnats-ne-reprendront-pas\/","title":{"rendered":"Jeep \u00c9lite et Pro B : les championnats ne reprendront pas"},"content":{"rendered":"<p style=\"text-align: justify;\"><strong><em><a href=\"https:\/\/dicodusport.fr\/blog\/actualites\/basket-ball\/\" target=\"_blank\" rel=\"noopener noreferrer\">BASKET<\/a> &#8211; Ce mercredi, la Ligue Nationale de Basket a annonc\u00e9 que la Jeep \u00c9lite et la Pro B ne reprendront pas avant septembre.<\/em><\/strong><\/p>\n<p style=\"text-align: justify;\">C&rsquo;\u00e9tait in\u00e9vitable. Suspendues depuis le 12 mars dernier, les comp\u00e9titions g\u00e9r\u00e9es par la <strong>LNB<\/strong>, la <strong>Jeep \u00c9lite<\/strong> et la <strong>Pro B<\/strong>, ne reprendront pas. La Ligue, qui souhaitait la reprise des championnats au maximum \u00e0 partir du 15 juillet, a d\u00fb se r\u00e9soudre \u00e0 la suspension apr\u00e8s <strong>l&rsquo;allocution d&rsquo;Emmanuel Macron lundi dernier<\/strong>.<\/p>\n<p style=\"text-align: justify;\">Avec l&rsquo;impossibilit\u00e9 de jouer avec du public jusqu&rsquo;au 15 juillet minimum, plus le maintien de la fermeture des fronti\u00e8res jusqu&rsquo;en septembre, la <strong>LNB<\/strong> a donc tranch\u00e9 et s&rsquo;est exprim\u00e9e via un communiqu\u00e9.<\/p>\n<blockquote>\n<p style=\"text-align: justify;\">Les groupes de travail d\u00e9j\u00e0 \u00e0 l&rsquo;oeuvre et regroupant l&rsquo;ensemble des parties prenantes au basket professionnel doivent \u00e0 compter de ce jour se pencher sur les hypoth\u00e8ses de fin de saison 2019-2020 (arr\u00eat d\u00e9finitif et dans quelles conditions, ou reprise et fin \u00e0 partir de septembre).<\/p>\n<\/blockquote>\n<h2 style=\"text-align: justify;\">Monaco champion ?<\/h2>\n<p style=\"text-align: justify;\">D\u00e9sormais, la <strong>LNB<\/strong> va devoir statuer sur la suite des \u00e9v\u00e9nements. En t\u00eate \u00e0 la diff\u00e9rence de points g\u00e9n\u00e9rale face \u00e0 l&rsquo;<strong>ASVEL<\/strong> et <strong>Dijon<\/strong> (+310 contre +215 et +256), <strong>Monaco<\/strong> pourrait \u00eatre d\u00e9sign\u00e9 champion de France. Et ce pour la premi\u00e8re fois de son histoire. Quid \u00e9galement des mont\u00e9es et descentes en <strong>Jeep \u00c9lite ?<\/strong>\u00a0<a href=\"https:\/\/www.lequipe.fr\/Basket\/Actualites\/La-jeep-elite-de-retour-a-16-equipes-en-2020\/915688\" target=\"_blank\" rel=\"noopener noreferrer\">La premi\u00e8re division du basket fran\u00e7ais devait \u00eatre r\u00e9duite \u00e0 16 clubs au lieu de 18<\/a> \u00e0 l&rsquo;issue de cette saison.<\/p>\n<ul>\n<li style=\"text-align: justify;\"><strong>\u00c0 lire aussi : <a href=\"https:\/\/dicodusport.fr\/blog\/handball-francais-ne-reprendra-pas-le-psg-titre\/\" target=\"_blank\" rel=\"noopener noreferrer\">Le handball fran\u00e7ais ne reprendra pas, le PSG titr\u00e9 !<\/a><\/strong><\/li>\n<\/ul>\n<p><strong><em>Dicodusport<br \/>\n<a href=\"https:\/\/www.facebook.com\/dicodusport\/\" target=\"_blank\" rel=\"noopener noreferrer\"><img loading=\"lazy\" decoding=\"async\" class=\"alignnone wp-image-2909\" src=\"http:\/\/dicodusport.fr\/blog\/wp-content\/uploads\/2017\/07\/logo-facebook-150x150.png\" alt=\"\" width=\"40\" height=\"40\" \/><\/a><a href=\"https:\/\/twitter.com\/dicodusport\" target=\"_blank\" rel=\"noopener noreferrer\"><img loading=\"lazy\" decoding=\"async\" class=\"alignnone wp-image-2908\" src=\"http:\/\/dicodusport.fr\/blog\/wp-content\/uploads\/2017\/07\/logo-twitter-150x150.png\" alt=\"\" width=\"39\" height=\"39\" \/><\/a><\/em><\/strong><\/p>\n","protected":false},"excerpt":{"rendered":"<p>BASKET &#8211; Ce mercredi, la Ligue Nationale de Basket a annonc\u00e9 que la Jeep \u00c9lite et la Pro B ne reprendront pas avant septembre.<\/p>\n","protected":false},"author":4,"featured_media":65104,"comment_status":"open","ping_status":"closed","sticky":false,"template":"","format":"standard","meta":{"_acf_changed":false,"_daextam_enable_autolinks":"","footnotes":""},"categories":[2305],"tags":[295,8271,10462,238],"class_list":["post-65103","post","type-post","status-publish","format-standard","has-post-thumbnail","hentry","category-basket-ball","tag-basket-ball","tag-jeep-elite","tag-lnb","tag-pro-b"],"acf":[],"yoast_head":"<!-- This site is optimized with the Yoast SEO Premium plugin v26.7 (Yoast SEO v26.7) - https:\/\/yoast.com\/wordpress\/plugins\/seo\/ -->\n<title>Jeep \u00c9lite et Pro B : les championnats ne reprendront pas<\/title>\n<meta name=\"description\" content=\"BASKET - Ce mercredi, la Ligue Nationale de Basket a annonc\u00e9 que la Jeep \u00c9lite et la Pro B ne reprendront pas avant septembre.\" \/>\n<meta name=\"robots\" content=\"index, follow, max-snippet:-1, max-image-preview:large, max-video-preview:-1\" \/>\n<link rel=\"canonical\" href=\"https:\/\/dicodusport.fr\/blog\/jeep-elite-pro-b-championnats-ne-reprendront-pas\/\" \/>\n<meta property=\"og:locale\" content=\"fr_FR\" \/>\n<meta property=\"og:type\" content=\"article\" \/>\n<meta property=\"og:title\" content=\"Jeep \u00c9lite et Pro B : les championnats ne reprendront pas\" \/>\n<meta property=\"og:description\" content=\"BASKET - Ce mercredi, la Ligue Nationale de Basket a annonc\u00e9 que la Jeep \u00c9lite et la Pro B ne reprendront pas avant septembre.\" \/>\n<meta property=\"og:url\" content=\"https:\/\/dicodusport.fr\/blog\/jeep-elite-pro-b-championnats-ne-reprendront-pas\/\" \/>\n<meta property=\"og:site_name\" content=\"Dicodusport\" \/>\n<meta property=\"article:publisher\" content=\"https:\/\/www.facebook.com\/dicodusport\" \/>\n<meta property=\"article:author\" content=\"https:\/\/www.facebook.com\/florent.ostermann\" \/>\n<meta property=\"article:published_time\" content=\"2020-04-15T17:52:10+00:00\" \/>\n<meta property=\"article:modified_time\" content=\"2020-04-16T06:18:41+00:00\" \/>\n<meta property=\"og:image\" content=\"https:\/\/dicodusport.fr\/blog\/wp-content\/uploads\/2020\/04\/Jeep-\u00c9lite-et-Pro-B-_-les-championnats-ne-reprendront-pas-.png\" \/>\n\t<meta property=\"og:image:width\" content=\"800\" \/>\n\t<meta property=\"og:image:height\" content=\"445\" \/>\n\t<meta property=\"og:image:type\" content=\"image\/png\" \/>\n<meta name=\"author\" content=\"Flo Ostermann\" \/>\n<meta name=\"twitter:card\" content=\"summary_large_image\" \/>\n<meta name=\"twitter:title\" content=\"Jeep \u00c9lite et Pro B : les championnats ne reprendront pas\" \/>\n<meta name=\"twitter:creator\" content=\"@https:\/\/twitter.com\/FlOstermann\" \/>\n<meta name=\"twitter:site\" content=\"@dicodusport\" \/>\n<script type=\"application\/ld+json\" class=\"yoast-schema-graph\">{\"@context\":\"https:\/\/schema.org\",\"@graph\":[{\"@type\":\"NewsArticle\",\"@id\":\"https:\/\/dicodusport.fr\/blog\/jeep-elite-pro-b-championnats-ne-reprendront-pas\/#article\",\"isPartOf\":{\"@id\":\"https:\/\/dicodusport.fr\/blog\/jeep-elite-pro-b-championnats-ne-reprendront-pas\/\"},\"author\":{\"name\":\"Flo Ostermann\",\"@id\":\"https:\/\/dicodusport.fr\/blog\/#\/schema\/person\/cb02af4c173ce4a653b55e9baf388d4a\"},\"headline\":\"Jeep \u00c9lite et Pro B : les championnats ne reprendront pas\",\"datePublished\":\"2020-04-15T17:52:10+00:00\",\"dateModified\":\"2020-04-16T06:18:41+00:00\",\"mainEntityOfPage\":{\"@id\":\"https:\/\/dicodusport.fr\/blog\/jeep-elite-pro-b-championnats-ne-reprendront-pas\/\"},\"wordCount\":272,\"commentCount\":0,\"publisher\":{\"@id\":\"https:\/\/dicodusport.fr\/blog\/#organization\"},\"image\":{\"@id\":\"https:\/\/dicodusport.fr\/blog\/jeep-elite-pro-b-championnats-ne-reprendront-pas\/#primaryimage\"},\"thumbnailUrl\":\"https:\/\/dicodusport.fr\/blog\/wp-content\/uploads\/2020\/04\/Jeep-\u00c9lite-et-Pro-B-_-les-championnats-ne-reprendront-pas-.png\",\"keywords\":[\"Basket-ball\",\"Jeep Elite\",\"LNB\",\"Pro B\"],\"articleSection\":[\"Basket-ball\"],\"inLanguage\":\"fr-FR\",\"potentialAction\":[{\"@type\":\"CommentAction\",\"name\":\"Comment\",\"target\":[\"https:\/\/dicodusport.fr\/blog\/jeep-elite-pro-b-championnats-ne-reprendront-pas\/#respond\"]}],\"copyrightYear\":\"2020\",\"copyrightHolder\":{\"@id\":\"https:\/\/dicodusport.fr\/blog\/#organization\"}},{\"@type\":\"WebPage\",\"@id\":\"https:\/\/dicodusport.fr\/blog\/jeep-elite-pro-b-championnats-ne-reprendront-pas\/\",\"url\":\"https:\/\/dicodusport.fr\/blog\/jeep-elite-pro-b-championnats-ne-reprendront-pas\/\",\"name\":\"Jeep \u00c9lite et Pro B : les championnats ne reprendront pas\",\"isPartOf\":{\"@id\":\"https:\/\/dicodusport.fr\/blog\/#website\"},\"primaryImageOfPage\":{\"@id\":\"https:\/\/dicodusport.fr\/blog\/jeep-elite-pro-b-championnats-ne-reprendront-pas\/#primaryimage\"},\"image\":{\"@id\":\"https:\/\/dicodusport.fr\/blog\/jeep-elite-pro-b-championnats-ne-reprendront-pas\/#primaryimage\"},\"thumbnailUrl\":\"https:\/\/dicodusport.fr\/blog\/wp-content\/uploads\/2020\/04\/Jeep-\u00c9lite-et-Pro-B-_-les-championnats-ne-reprendront-pas-.png\",\"datePublished\":\"2020-04-15T17:52:10+00:00\",\"dateModified\":\"2020-04-16T06:18:41+00:00\",\"description\":\"BASKET - Ce mercredi, la Ligue Nationale de Basket a annonc\u00e9 que la Jeep \u00c9lite et la Pro B ne reprendront pas avant septembre.\",\"breadcrumb\":{\"@id\":\"https:\/\/dicodusport.fr\/blog\/jeep-elite-pro-b-championnats-ne-reprendront-pas\/#breadcrumb\"},\"inLanguage\":\"fr-FR\",\"potentialAction\":[{\"@type\":\"ReadAction\",\"target\":[\"https:\/\/dicodusport.fr\/blog\/jeep-elite-pro-b-championnats-ne-reprendront-pas\/\"]}]},{\"@type\":\"ImageObject\",\"inLanguage\":\"fr-FR\",\"@id\":\"https:\/\/dicodusport.fr\/blog\/jeep-elite-pro-b-championnats-ne-reprendront-pas\/#primaryimage\",\"url\":\"https:\/\/dicodusport.fr\/blog\/wp-content\/uploads\/2020\/04\/Jeep-\u00c9lite-et-Pro-B-_-les-championnats-ne-reprendront-pas-.png\",\"contentUrl\":\"https:\/\/dicodusport.fr\/blog\/wp-content\/uploads\/2020\/04\/Jeep-\u00c9lite-et-Pro-B-_-les-championnats-ne-reprendront-pas-.png\",\"width\":800,\"height\":445,\"caption\":\"Jeep \u00c9lite et Pro B : les championnats ne reprendront pas\"},{\"@type\":\"BreadcrumbList\",\"@id\":\"https:\/\/dicodusport.fr\/blog\/jeep-elite-pro-b-championnats-ne-reprendront-pas\/#breadcrumb\",\"itemListElement\":[{\"@type\":\"ListItem\",\"position\":1,\"name\":\"Accueil\",\"item\":\"https:\/\/dicodusport.fr\/blog\/\"},{\"@type\":\"ListItem\",\"position\":2,\"name\":\"Jeep \u00c9lite et Pro B : les championnats ne reprendront pas\"}]},{\"@type\":\"WebSite\",\"@id\":\"https:\/\/dicodusport.fr\/blog\/#website\",\"url\":\"https:\/\/dicodusport.fr\/blog\/\",\"name\":\"Dicodusport\",\"description\":\"L&#039;encyclop\u00e9die de l&#039;actualit\u00e9 sportive\",\"publisher\":{\"@id\":\"https:\/\/dicodusport.fr\/blog\/#organization\"},\"potentialAction\":[{\"@type\":\"SearchAction\",\"target\":{\"@type\":\"EntryPoint\",\"urlTemplate\":\"https:\/\/dicodusport.fr\/blog\/?s={search_term_string}\"},\"query-input\":{\"@type\":\"PropertyValueSpecification\",\"valueRequired\":true,\"valueName\":\"search_term_string\"}}],\"inLanguage\":\"fr-FR\"},{\"@type\":\"NewsMediaOrganization\",\"@id\":\"https:\/\/dicodusport.fr\/blog\/#organization\",\"name\":\"Dicodusport\",\"url\":\"https:\/\/dicodusport.fr\/blog\/\",\"logo\":{\"@type\":\"ImageObject\",\"inLanguage\":\"fr-FR\",\"@id\":\"https:\/\/dicodusport.fr\/blog\/#\/schema\/logo\/image\/\",\"url\":\"https:\/\/dicodusport.fr\/blog\/wp-content\/uploads\/2020\/06\/cropped-LOGO-DICODUSPORT-2020-SANS-FOND-SANS-TEXTE.png\",\"contentUrl\":\"https:\/\/dicodusport.fr\/blog\/wp-content\/uploads\/2020\/06\/cropped-LOGO-DICODUSPORT-2020-SANS-FOND-SANS-TEXTE.png\",\"width\":512,\"height\":512,\"caption\":\"Dicodusport\"},\"image\":{\"@id\":\"https:\/\/dicodusport.fr\/blog\/#\/schema\/logo\/image\/\"},\"sameAs\":[\"https:\/\/www.facebook.com\/dicodusport\",\"https:\/\/x.com\/dicodusport\",\"https:\/\/www.instagram.com\/dicodusport\/\",\"https:\/\/www.youtube.com\/channel\/UC7V2KZ5sd3htJivAbA4ZG3w\"],\"description\":\"Dicodusport est l'encyclop\u00e9die de l'actualit\u00e9 sportive.\",\"email\":\"bonjour@dicodusport.fr\",\"legalName\":\"DICODUSPORT\",\"foundingDate\":\"2018-01-14\",\"vatID\":\"FR71834470973\",\"taxID\":\"83447097300043\",\"numberOfEmployees\":{\"@type\":\"QuantitativeValue\",\"minValue\":\"1\",\"maxValue\":\"10\"}},{\"@type\":\"Person\",\"@id\":\"https:\/\/dicodusport.fr\/blog\/#\/schema\/person\/cb02af4c173ce4a653b55e9baf388d4a\",\"name\":\"Flo Ostermann\",\"image\":{\"@type\":\"ImageObject\",\"inLanguage\":\"fr-FR\",\"@id\":\"https:\/\/dicodusport.fr\/blog\/#\/schema\/person\/image\/\",\"url\":\"https:\/\/dicodusport.fr\/blog\/wp-content\/uploads\/2021\/05\/Flo-Ostermann-150x150.jpg\",\"contentUrl\":\"https:\/\/dicodusport.fr\/blog\/wp-content\/uploads\/2021\/05\/Flo-Ostermann-150x150.jpg\",\"caption\":\"Flo Ostermann\"},\"description\":\"Journaliste\/R\u00e9dacteur depuis septembre 2015 - Mes premiers souvenirs dans le sport ? Les envol\u00e9es du Stade Toulousain et les duels Villeneuve-Schumacher et H\u00e4kkinen-Schumacher \u00e0 la fin des ann\u00e9es 90, la Coupe du monde de football en 1998, l\u2019exploit du XV de France face aux All Blacks en 1999, mais aussi Richard C\u0153ur de Lion qui vole sur les montagnes du Tour de France. Bien parti pour devenir professeur d\u2019EPS, les \u00e9v\u00e9nements de la vie (et la flemme d\u2019animer des s\u00e9ances de 3x500 m\u00e8tres toute ma vie) m\u2019ont conduit \u00e0 revoir mes plans. Me voil\u00e0 depuis fin 2017 sur Dicodusport, m\u00e9dia gr\u00e2ce (et pour) lequel je partage ma passion : le sport dans tous ses \u00e9tats. Le tout accompagn\u00e9 par les fous furieux et folles furieuses cit\u00e9s sur cette page !\",\"sameAs\":[\"https:\/\/www.facebook.com\/florent.ostermann\",\"https:\/\/x.com\/https:\/\/twitter.com\/FlOstermann\",\"admin\"],\"url\":\"https:\/\/dicodusport.fr\/blog\/author\/flo\/\"}]}<\/script>\n<!-- \/ Yoast SEO Premium plugin. -->","yoast_head_json":{"title":"Jeep \u00c9lite et Pro B : les championnats ne reprendront pas","description":"BASKET - Ce mercredi, la Ligue Nationale de Basket a annonc\u00e9 que la Jeep \u00c9lite et la Pro B ne reprendront pas avant septembre.","robots":{"index":"index","follow":"follow","max-snippet":"max-snippet:-1","max-image-preview":"max-image-preview:large","max-video-preview":"max-video-preview:-1"},"canonical":"https:\/\/dicodusport.fr\/blog\/jeep-elite-pro-b-championnats-ne-reprendront-pas\/","og_locale":"fr_FR","og_type":"article","og_title":"Jeep \u00c9lite et Pro B : les championnats ne reprendront pas","og_description":"BASKET - Ce mercredi, la Ligue Nationale de Basket a annonc\u00e9 que la Jeep \u00c9lite et la Pro B ne reprendront pas avant septembre.","og_url":"https:\/\/dicodusport.fr\/blog\/jeep-elite-pro-b-championnats-ne-reprendront-pas\/","og_site_name":"Dicodusport","article_publisher":"https:\/\/www.facebook.com\/dicodusport","article_author":"https:\/\/www.facebook.com\/florent.ostermann","article_published_time":"2020-04-15T17:52:10+00:00","article_modified_time":"2020-04-16T06:18:41+00:00","og_image":[{"width":800,"height":445,"url":"https:\/\/dicodusport.fr\/blog\/wp-content\/uploads\/2020\/04\/Jeep-\u00c9lite-et-Pro-B-_-les-championnats-ne-reprendront-pas-.png","type":"image\/png"}],"author":"Flo Ostermann","twitter_card":"summary_large_image","twitter_title":"Jeep \u00c9lite et Pro B : les championnats ne reprendront pas","twitter_creator":"@https:\/\/twitter.com\/FlOstermann","twitter_site":"@dicodusport","schema":{"@context":"https:\/\/schema.org","@graph":[{"@type":"NewsArticle","@id":"https:\/\/dicodusport.fr\/blog\/jeep-elite-pro-b-championnats-ne-reprendront-pas\/#article","isPartOf":{"@id":"https:\/\/dicodusport.fr\/blog\/jeep-elite-pro-b-championnats-ne-reprendront-pas\/"},"author":{"name":"Flo Ostermann","@id":"https:\/\/dicodusport.fr\/blog\/#\/schema\/person\/cb02af4c173ce4a653b55e9baf388d4a"},"headline":"Jeep \u00c9lite et Pro B : les championnats ne reprendront pas","datePublished":"2020-04-15T17:52:10+00:00","dateModified":"2020-04-16T06:18:41+00:00","mainEntityOfPage":{"@id":"https:\/\/dicodusport.fr\/blog\/jeep-elite-pro-b-championnats-ne-reprendront-pas\/"},"wordCount":272,"commentCount":0,"publisher":{"@id":"https:\/\/dicodusport.fr\/blog\/#organization"},"image":{"@id":"https:\/\/dicodusport.fr\/blog\/jeep-elite-pro-b-championnats-ne-reprendront-pas\/#primaryimage"},"thumbnailUrl":"https:\/\/dicodusport.fr\/blog\/wp-content\/uploads\/2020\/04\/Jeep-\u00c9lite-et-Pro-B-_-les-championnats-ne-reprendront-pas-.png","keywords":["Basket-ball","Jeep Elite","LNB","Pro B"],"articleSection":["Basket-ball"],"inLanguage":"fr-FR","potentialAction":[{"@type":"CommentAction","name":"Comment","target":["https:\/\/dicodusport.fr\/blog\/jeep-elite-pro-b-championnats-ne-reprendront-pas\/#respond"]}],"copyrightYear":"2020","copyrightHolder":{"@id":"https:\/\/dicodusport.fr\/blog\/#organization"}},{"@type":"WebPage","@id":"https:\/\/dicodusport.fr\/blog\/jeep-elite-pro-b-championnats-ne-reprendront-pas\/","url":"https:\/\/dicodusport.fr\/blog\/jeep-elite-pro-b-championnats-ne-reprendront-pas\/","name":"Jeep \u00c9lite et Pro B : les championnats ne reprendront pas","isPartOf":{"@id":"https:\/\/dicodusport.fr\/blog\/#website"},"primaryImageOfPage":{"@id":"https:\/\/dicodusport.fr\/blog\/jeep-elite-pro-b-championnats-ne-reprendront-pas\/#primaryimage"},"image":{"@id":"https:\/\/dicodusport.fr\/blog\/jeep-elite-pro-b-championnats-ne-reprendront-pas\/#primaryimage"},"thumbnailUrl":"https:\/\/dicodusport.fr\/blog\/wp-content\/uploads\/2020\/04\/Jeep-\u00c9lite-et-Pro-B-_-les-championnats-ne-reprendront-pas-.png","datePublished":"2020-04-15T17:52:10+00:00","dateModified":"2020-04-16T06:18:41+00:00","description":"BASKET - Ce mercredi, la Ligue Nationale de Basket a annonc\u00e9 que la Jeep \u00c9lite et la Pro B ne reprendront pas avant septembre.","breadcrumb":{"@id":"https:\/\/dicodusport.fr\/blog\/jeep-elite-pro-b-championnats-ne-reprendront-pas\/#breadcrumb"},"inLanguage":"fr-FR","potentialAction":[{"@type":"ReadAction","target":["https:\/\/dicodusport.fr\/blog\/jeep-elite-pro-b-championnats-ne-reprendront-pas\/"]}]},{"@type":"ImageObject","inLanguage":"fr-FR","@id":"https:\/\/dicodusport.fr\/blog\/jeep-elite-pro-b-championnats-ne-reprendront-pas\/#primaryimage","url":"https:\/\/dicodusport.fr\/blog\/wp-content\/uploads\/2020\/04\/Jeep-\u00c9lite-et-Pro-B-_-les-championnats-ne-reprendront-pas-.png","contentUrl":"https:\/\/dicodusport.fr\/blog\/wp-content\/uploads\/2020\/04\/Jeep-\u00c9lite-et-Pro-B-_-les-championnats-ne-reprendront-pas-.png","width":800,"height":445,"caption":"Jeep \u00c9lite et Pro B : les championnats ne reprendront pas"},{"@type":"BreadcrumbList","@id":"https:\/\/dicodusport.fr\/blog\/jeep-elite-pro-b-championnats-ne-reprendront-pas\/#breadcrumb","itemListElement":[{"@type":"ListItem","position":1,"name":"Accueil","item":"https:\/\/dicodusport.fr\/blog\/"},{"@type":"ListItem","position":2,"name":"Jeep \u00c9lite et Pro B : les championnats ne reprendront pas"}]},{"@type":"WebSite","@id":"https:\/\/dicodusport.fr\/blog\/#website","url":"https:\/\/dicodusport.fr\/blog\/","name":"Dicodusport","description":"L&#039;encyclop\u00e9die de l&#039;actualit\u00e9 sportive","publisher":{"@id":"https:\/\/dicodusport.fr\/blog\/#organization"},"potentialAction":[{"@type":"SearchAction","target":{"@type":"EntryPoint","urlTemplate":"https:\/\/dicodusport.fr\/blog\/?s={search_term_string}"},"query-input":{"@type":"PropertyValueSpecification","valueRequired":true,"valueName":"search_term_string"}}],"inLanguage":"fr-FR"},{"@type":"NewsMediaOrganization","@id":"https:\/\/dicodusport.fr\/blog\/#organization","name":"Dicodusport","url":"https:\/\/dicodusport.fr\/blog\/","logo":{"@type":"ImageObject","inLanguage":"fr-FR","@id":"https:\/\/dicodusport.fr\/blog\/#\/schema\/logo\/image\/","url":"https:\/\/dicodusport.fr\/blog\/wp-content\/uploads\/2020\/06\/cropped-LOGO-DICODUSPORT-2020-SANS-FOND-SANS-TEXTE.png","contentUrl":"https:\/\/dicodusport.fr\/blog\/wp-content\/uploads\/2020\/06\/cropped-LOGO-DICODUSPORT-2020-SANS-FOND-SANS-TEXTE.png","width":512,"height":512,"caption":"Dicodusport"},"image":{"@id":"https:\/\/dicodusport.fr\/blog\/#\/schema\/logo\/image\/"},"sameAs":["https:\/\/www.facebook.com\/dicodusport","https:\/\/x.com\/dicodusport","https:\/\/www.instagram.com\/dicodusport\/","https:\/\/www.youtube.com\/channel\/UC7V2KZ5sd3htJivAbA4ZG3w"],"description":"Dicodusport est l'encyclop\u00e9die de l'actualit\u00e9 sportive.","email":"bonjour@dicodusport.fr","legalName":"DICODUSPORT","foundingDate":"2018-01-14","vatID":"FR71834470973","taxID":"83447097300043","numberOfEmployees":{"@type":"QuantitativeValue","minValue":"1","maxValue":"10"}},{"@type":"Person","@id":"https:\/\/dicodusport.fr\/blog\/#\/schema\/person\/cb02af4c173ce4a653b55e9baf388d4a","name":"Flo Ostermann","image":{"@type":"ImageObject","inLanguage":"fr-FR","@id":"https:\/\/dicodusport.fr\/blog\/#\/schema\/person\/image\/","url":"https:\/\/dicodusport.fr\/blog\/wp-content\/uploads\/2021\/05\/Flo-Ostermann-150x150.jpg","contentUrl":"https:\/\/dicodusport.fr\/blog\/wp-content\/uploads\/2021\/05\/Flo-Ostermann-150x150.jpg","caption":"Flo Ostermann"},"description":"Journaliste\/R\u00e9dacteur depuis septembre 2015 - Mes premiers souvenirs dans le sport ? Les envol\u00e9es du Stade Toulousain et les duels Villeneuve-Schumacher et H\u00e4kkinen-Schumacher \u00e0 la fin des ann\u00e9es 90, la Coupe du monde de football en 1998, l\u2019exploit du XV de France face aux All Blacks en 1999, mais aussi Richard C\u0153ur de Lion qui vole sur les montagnes du Tour de France. Bien parti pour devenir professeur d\u2019EPS, les \u00e9v\u00e9nements de la vie (et la flemme d\u2019animer des s\u00e9ances de 3x500 m\u00e8tres toute ma vie) m\u2019ont conduit \u00e0 revoir mes plans. Me voil\u00e0 depuis fin 2017 sur Dicodusport, m\u00e9dia gr\u00e2ce (et pour) lequel je partage ma passion : le sport dans tous ses \u00e9tats. Le tout accompagn\u00e9 par les fous furieux et folles furieuses cit\u00e9s sur cette page !","sameAs":["https:\/\/www.facebook.com\/florent.ostermann","https:\/\/x.com\/https:\/\/twitter.com\/FlOstermann","admin"],"url":"https:\/\/dicodusport.fr\/blog\/author\/flo\/"}]}},"_links":{"self":[{"href":"https:\/\/dicodusport.fr\/blog\/wp-json\/wp\/v2\/posts\/65103","targetHints":{"allow":["GET"]}}],"collection":[{"href":"https:\/\/dicodusport.fr\/blog\/wp-json\/wp\/v2\/posts"}],"about":[{"href":"https:\/\/dicodusport.fr\/blog\/wp-json\/wp\/v2\/types\/post"}],"author":[{"embeddable":true,"href":"https:\/\/dicodusport.fr\/blog\/wp-json\/wp\/v2\/users\/4"}],"replies":[{"embeddable":true,"href":"https:\/\/dicodusport.fr\/blog\/wp-json\/wp\/v2\/comments?post=65103"}],"version-history":[{"count":0,"href":"https:\/\/dicodusport.fr\/blog\/wp-json\/wp\/v2\/posts\/65103\/revisions"}],"wp:featuredmedia":[{"embeddable":true,"href":"https:\/\/dicodusport.fr\/blog\/wp-json\/wp\/v2\/media\/65104"}],"wp:attachment":[{"href":"https:\/\/dicodusport.fr\/blog\/wp-json\/wp\/v2\/media?parent=65103"}],"wp:term":[{"taxonomy":"category","embeddable":true,"href":"https:\/\/dicodusport.fr\/blog\/wp-json\/wp\/v2\/categories?post=65103"},{"taxonomy":"post_tag","embeddable":true,"href":"https:\/\/dicodusport.fr\/blog\/wp-json\/wp\/v2\/tags?post=65103"}],"curies":[{"name":"wp","href":"https:\/\/api.w.org\/{rel}","templated":true}]}}