{"id":651356,"date":"2026-02-28T08:17:35","date_gmt":"2026-02-28T07:17:35","guid":{"rendered":"https:\/\/dicodusport.fr\/blog\/?p=651356&#038;preview=true&#038;preview_id=651356"},"modified":"2026-02-28T10:03:06","modified_gmt":"2026-02-28T09:03:06","slug":"perrine-laffont-confirme-sa-forme-et-remonte-sur-le-podium-en-coupe-du-monde-au-japon","status":"publish","type":"post","link":"https:\/\/dicodusport.fr\/blog\/perrine-laffont-confirme-sa-forme-et-remonte-sur-le-podium-en-coupe-du-monde-au-japon\/","title":{"rendered":"Perrine Laffont confirme sa forme et remonte sur le podium en Coupe du monde au Japon"},"content":{"rendered":"<p style=\"text-align: justify;\"><em><strong>COUPE DU MONDE SKI FREESTYLE 2025\/2026 &#8211; Pour la reprise de la Coupe du monde, Perrine Laffont a pris la troisi\u00e8me place des bosses individuelles \u00e0 Nanto-Toyama.<\/strong><\/em><\/p>\n<p style=\"text-align: justify;\">Tout juste descendue du podium olympique,\u00a0<strong>Perrine Laffont<\/strong> a retrouv\u00e9 ses marques en Coupe du monde. Malgr\u00e9 une qualification timide, la m\u00e9daill\u00e9e de bronze des bosses de Milan-Cortina a pris place parmi les 16 premi\u00e8res finalistes. C\u2019est l\u00e0 que la Fran\u00e7aise a hauss\u00e9 le ton pour entrer dans le dernier top 6, note r\u00e9f\u00e9rence dans la poche (73.44).<\/p>\n<div class=\"vlp-link-container vlp-layout-article\"><a href=\"https:\/\/dicodusport.fr\/blog\/perrine-laffont-decroche-le-bronze-en-ski-de-bosses-le-titre-olympique-pour-elizabeth-lemley\/\" class=\"vlp-link\" title=\"Perrine Laffont d\u00e9croche le bronze en ski de bosses, le titre olympique pour Elizabeth Lemley\"><\/a><div class=\"vlp-layout-zone-side\"><div class=\"vlp-block-4 vlp-link-image\"><img loading=\"lazy\" decoding=\"async\" style=\"max-width: 792px;\" width=\"792\" height=\"445\" src=\"https:\/\/dicodusport.fr\/blog\/wp-content\/uploads\/2026\/02\/Perrine-Laffont-decroche-le-bronze-en-ski-de-bosses-le-titre-olympique-pour-Elizabeth-Lemley-1.png\" class=\"attachment-800x445 size-800x445\" alt=\"Perrine Laffont d\u00e9croche le bronze en ski de bosses, le titre olympique pour Elizabeth Lemley (1)\" srcset=\"https:\/\/dicodusport.fr\/blog\/wp-content\/uploads\/2026\/02\/Perrine-Laffont-decroche-le-bronze-en-ski-de-bosses-le-titre-olympique-pour-Elizabeth-Lemley-1.png 1200w, https:\/\/dicodusport.fr\/blog\/wp-content\/uploads\/2026\/02\/Perrine-Laffont-decroche-le-bronze-en-ski-de-bosses-le-titre-olympique-pour-Elizabeth-Lemley-1-300x169.png 300w, https:\/\/dicodusport.fr\/blog\/wp-content\/uploads\/2026\/02\/Perrine-Laffont-decroche-le-bronze-en-ski-de-bosses-le-titre-olympique-pour-Elizabeth-Lemley-1-1024x575.png 1024w, https:\/\/dicodusport.fr\/blog\/wp-content\/uploads\/2026\/02\/Perrine-Laffont-decroche-le-bronze-en-ski-de-bosses-le-titre-olympique-pour-Elizabeth-Lemley-1-768x431.png 768w\" sizes=\"auto, (max-width: 792px) 100vw, 792px\" \/><\/div><\/div><div class=\"vlp-layout-zone-main\"><div class=\"vlp-block-0 vlp-link-title\">Perrine Laffont d\u00e9croche le bronze en ski de bosses, le titre olympique pour Elizabeth Lemley<\/div><div class=\"vlp-block-1 vlp-link-summary\">Perrine Laffont profite d'une erreur d'Anthony Jakarta pour se parer de bronze en ski de bosses aux JO !<\/div><div class=\"vlp-block-2 vlp-link-button\">Lire l'article<\/div><div class=\"vlp-block-3 vlp-link-url\">dicodusport.fr<\/div><\/div><\/div>\n<h2 style=\"text-align: justify;\">Encore du bronze pour la Fran\u00e7aise<\/h2>\n<p style=\"text-align: justify;\">Si elle a une nouvelle fois am\u00e9lior\u00e9 son run dans la course au podium (75.01), elle n\u2019a pu surpasser celui d\u2019<strong>Olivia Giacco<\/strong> (75.31) et de l\u2019h\u00f4tesse <strong>Hinako Tomitaka<\/strong> (75.64). Pour quelques centi\u00e8mes, l\u2019Am\u00e9ricaine monte sur la plus haute marche et en profite pour recoller \u00e0 <strong>Jakara Anthony<\/strong>, sortie en 1<sup>\u00e8re<\/sup> finale, en t\u00eate du classement de la discipline. Perrine Laffont se pare quant \u00e0 elle de bronze et retrouve le podium en Coupe du monde apr\u00e8s une blessure qui l\u2019avait \u00e9loign\u00e9e du circuit avant les JO.<\/p>\n<p style=\"text-align: justify;\">Chez les hommes, la donne est bien diff\u00e9rente. <strong>Benjamin Cavet<\/strong> (8.94) et <strong>Thibaud Mouille<\/strong> (15.54) n\u2019ont pas r\u00e9ussi \u00e0 s\u2019exprimer en qualifications et ont vu leurs espoirs s\u2019\u00e9chapper d&rsquo;entr\u00e9e. Il leur reste l\u2019\u00e9preuve des bosses parall\u00e8les \u00e0 Nanto-Toyama pour retrouver des sensations et se remettre sur le droit chemin pour la fin de saison.<\/p>\n<div id=\"gtx-trans\" style=\"position: absolute; left: -14px; top: 40.9091px;\">\n<div class=\"gtx-trans-icon\" style=\"text-align: justify;\"><\/div>\n<\/div>\n","protected":false},"excerpt":{"rendered":"<p>COUPE DU MONDE SKI FREESTYLE 2025\/2026 &#8211; Pour la reprise de la Coupe du monde, Perrine Laffont a pris la troisi\u00e8me place des bosses individuelles \u00e0 Nanto-Toyama.<\/p>\n","protected":false},"author":18,"featured_media":651389,"comment_status":"open","ping_status":"closed","sticky":false,"template":"","format":"standard","meta":{"_acf_changed":false,"_daextam_enable_autolinks":"1","footnotes":""},"categories":[9217],"tags":[16878,30413,3262],"class_list":["post-651356","post","type-post","status-publish","format-standard","has-post-thumbnail","hentry","category-ski","tag-breve","tag-coupe-du-monde-de-ski-de-bosses","tag-perrine-laffont"],"acf":[],"yoast_head":"<!-- This site is optimized with the Yoast SEO Premium plugin v26.7 (Yoast SEO v26.7) - https:\/\/yoast.com\/wordpress\/plugins\/seo\/ -->\n<title>Perrine Laffont confirme sa forme et remonte sur le podium en Coupe du monde au Japon<\/title>\n<meta name=\"description\" content=\"COUPE DU MONDE SKI FREESTYLE 2025\/2026 - Pour la reprise de la Coupe du monde, Perrine Laffont a pris la troisi\u00e8me place des bosses individuelles \u00e0 Nanto-Toyama.\" \/>\n<meta name=\"robots\" content=\"index, follow, max-snippet:-1, max-image-preview:large, max-video-preview:-1\" \/>\n<link rel=\"canonical\" href=\"https:\/\/dicodusport.fr\/blog\/perrine-laffont-confirme-sa-forme-et-remonte-sur-le-podium-en-coupe-du-monde-au-japon\/\" \/>\n<meta property=\"og:locale\" content=\"fr_FR\" \/>\n<meta property=\"og:type\" content=\"article\" \/>\n<meta property=\"og:title\" content=\"Perrine Laffont confirme sa forme et remonte sur le podium en Coupe du monde au Japon\" \/>\n<meta property=\"og:description\" content=\"COUPE DU MONDE SKI FREESTYLE 2025\/2026 - Pour la reprise de la Coupe du monde, Perrine Laffont a pris la troisi\u00e8me place des bosses individuelles \u00e0 Nanto-Toyama.\" \/>\n<meta property=\"og:url\" content=\"https:\/\/dicodusport.fr\/blog\/perrine-laffont-confirme-sa-forme-et-remonte-sur-le-podium-en-coupe-du-monde-au-japon\/\" \/>\n<meta property=\"og:site_name\" content=\"Dicodusport\" \/>\n<meta property=\"article:publisher\" content=\"https:\/\/www.facebook.com\/dicodusport\" \/>\n<meta property=\"article:author\" content=\"https:\/\/www.facebook.com\/soocube\" \/>\n<meta property=\"article:published_time\" content=\"2026-02-28T07:17:35+00:00\" \/>\n<meta property=\"article:modified_time\" content=\"2026-02-28T09:03:06+00:00\" \/>\n<meta property=\"og:image\" content=\"https:\/\/dicodusport.fr\/blog\/wp-content\/uploads\/2026\/02\/Perrine-Laffont-confirme-sa-forme-et-remonte-sur-le-podium-en-Coupe-du-monde-au-Japon.png\" \/>\n\t<meta property=\"og:image:width\" content=\"1200\" \/>\n\t<meta property=\"og:image:height\" content=\"674\" \/>\n\t<meta property=\"og:image:type\" content=\"image\/png\" \/>\n<meta name=\"author\" content=\"Sophie Clapier\" \/>\n<meta name=\"twitter:card\" content=\"summary_large_image\" \/>\n<meta name=\"twitter:title\" content=\"Perrine Laffont confirme sa forme et remonte sur le podium en Coupe du monde au Japon\" \/>\n<meta name=\"twitter:creator\" content=\"@https:\/\/twitter.com\/soocube\" \/>\n<meta name=\"twitter:site\" content=\"@dicodusport\" \/>\n<script type=\"application\/ld+json\" class=\"yoast-schema-graph\">{\"@context\":\"https:\/\/schema.org\",\"@graph\":[{\"@type\":\"NewsArticle\",\"@id\":\"https:\/\/dicodusport.fr\/blog\/perrine-laffont-confirme-sa-forme-et-remonte-sur-le-podium-en-coupe-du-monde-au-japon\/#article\",\"isPartOf\":{\"@id\":\"https:\/\/dicodusport.fr\/blog\/perrine-laffont-confirme-sa-forme-et-remonte-sur-le-podium-en-coupe-du-monde-au-japon\/\"},\"author\":{\"name\":\"Sophie Clapier\",\"@id\":\"https:\/\/dicodusport.fr\/blog\/#\/schema\/person\/416c975648aca9da8839bdfe333a21c9\"},\"headline\":\"Perrine Laffont confirme sa forme et remonte sur le podium en Coupe du monde au Japon\",\"datePublished\":\"2026-02-28T07:17:35+00:00\",\"dateModified\":\"2026-02-28T09:03:06+00:00\",\"mainEntityOfPage\":{\"@id\":\"https:\/\/dicodusport.fr\/blog\/perrine-laffont-confirme-sa-forme-et-remonte-sur-le-podium-en-coupe-du-monde-au-japon\/\"},\"wordCount\":357,\"commentCount\":0,\"publisher\":{\"@id\":\"https:\/\/dicodusport.fr\/blog\/#organization\"},\"image\":{\"@id\":\"https:\/\/dicodusport.fr\/blog\/perrine-laffont-confirme-sa-forme-et-remonte-sur-le-podium-en-coupe-du-monde-au-japon\/#primaryimage\"},\"thumbnailUrl\":\"https:\/\/dicodusport.fr\/blog\/wp-content\/uploads\/2026\/02\/Perrine-Laffont-confirme-sa-forme-et-remonte-sur-le-podium-en-Coupe-du-monde-au-Japon.png\",\"keywords\":[\"br\u00e8ve\",\"Coupe du monde de ski de bosses\",\"Perrine Laffont\"],\"articleSection\":[\"Ski\"],\"inLanguage\":\"fr-FR\",\"potentialAction\":[{\"@type\":\"CommentAction\",\"name\":\"Comment\",\"target\":[\"https:\/\/dicodusport.fr\/blog\/perrine-laffont-confirme-sa-forme-et-remonte-sur-le-podium-en-coupe-du-monde-au-japon\/#respond\"]}],\"copyrightYear\":\"2026\",\"copyrightHolder\":{\"@id\":\"https:\/\/dicodusport.fr\/blog\/#organization\"}},{\"@type\":\"WebPage\",\"@id\":\"https:\/\/dicodusport.fr\/blog\/perrine-laffont-confirme-sa-forme-et-remonte-sur-le-podium-en-coupe-du-monde-au-japon\/\",\"url\":\"https:\/\/dicodusport.fr\/blog\/perrine-laffont-confirme-sa-forme-et-remonte-sur-le-podium-en-coupe-du-monde-au-japon\/\",\"name\":\"Perrine Laffont confirme sa forme et remonte sur le podium en Coupe du monde au Japon\",\"isPartOf\":{\"@id\":\"https:\/\/dicodusport.fr\/blog\/#website\"},\"primaryImageOfPage\":{\"@id\":\"https:\/\/dicodusport.fr\/blog\/perrine-laffont-confirme-sa-forme-et-remonte-sur-le-podium-en-coupe-du-monde-au-japon\/#primaryimage\"},\"image\":{\"@id\":\"https:\/\/dicodusport.fr\/blog\/perrine-laffont-confirme-sa-forme-et-remonte-sur-le-podium-en-coupe-du-monde-au-japon\/#primaryimage\"},\"thumbnailUrl\":\"https:\/\/dicodusport.fr\/blog\/wp-content\/uploads\/2026\/02\/Perrine-Laffont-confirme-sa-forme-et-remonte-sur-le-podium-en-Coupe-du-monde-au-Japon.png\",\"datePublished\":\"2026-02-28T07:17:35+00:00\",\"dateModified\":\"2026-02-28T09:03:06+00:00\",\"description\":\"COUPE DU MONDE SKI FREESTYLE 2025\/2026 - Pour la reprise de la Coupe du monde, Perrine Laffont a pris la troisi\u00e8me place des bosses individuelles \u00e0 Nanto-Toyama.\",\"breadcrumb\":{\"@id\":\"https:\/\/dicodusport.fr\/blog\/perrine-laffont-confirme-sa-forme-et-remonte-sur-le-podium-en-coupe-du-monde-au-japon\/#breadcrumb\"},\"inLanguage\":\"fr-FR\",\"potentialAction\":[{\"@type\":\"ReadAction\",\"target\":[\"https:\/\/dicodusport.fr\/blog\/perrine-laffont-confirme-sa-forme-et-remonte-sur-le-podium-en-coupe-du-monde-au-japon\/\"]}]},{\"@type\":\"ImageObject\",\"inLanguage\":\"fr-FR\",\"@id\":\"https:\/\/dicodusport.fr\/blog\/perrine-laffont-confirme-sa-forme-et-remonte-sur-le-podium-en-coupe-du-monde-au-japon\/#primaryimage\",\"url\":\"https:\/\/dicodusport.fr\/blog\/wp-content\/uploads\/2026\/02\/Perrine-Laffont-confirme-sa-forme-et-remonte-sur-le-podium-en-Coupe-du-monde-au-Japon.png\",\"contentUrl\":\"https:\/\/dicodusport.fr\/blog\/wp-content\/uploads\/2026\/02\/Perrine-Laffont-confirme-sa-forme-et-remonte-sur-le-podium-en-Coupe-du-monde-au-Japon.png\",\"width\":1200,\"height\":674,\"caption\":\"Perrine Laffont confirme sa forme et remonte sur le podium en Coupe du monde au Japon\"},{\"@type\":\"BreadcrumbList\",\"@id\":\"https:\/\/dicodusport.fr\/blog\/perrine-laffont-confirme-sa-forme-et-remonte-sur-le-podium-en-coupe-du-monde-au-japon\/#breadcrumb\",\"itemListElement\":[{\"@type\":\"ListItem\",\"position\":1,\"name\":\"Accueil\",\"item\":\"https:\/\/dicodusport.fr\/blog\/\"},{\"@type\":\"ListItem\",\"position\":2,\"name\":\"Perrine Laffont confirme sa forme et remonte sur le podium en Coupe du monde au Japon\"}]},{\"@type\":\"WebSite\",\"@id\":\"https:\/\/dicodusport.fr\/blog\/#website\",\"url\":\"https:\/\/dicodusport.fr\/blog\/\",\"name\":\"Dicodusport\",\"description\":\"L&#039;encyclop\u00e9die de l&#039;actualit\u00e9 sportive\",\"publisher\":{\"@id\":\"https:\/\/dicodusport.fr\/blog\/#organization\"},\"potentialAction\":[{\"@type\":\"SearchAction\",\"target\":{\"@type\":\"EntryPoint\",\"urlTemplate\":\"https:\/\/dicodusport.fr\/blog\/?s={search_term_string}\"},\"query-input\":{\"@type\":\"PropertyValueSpecification\",\"valueRequired\":true,\"valueName\":\"search_term_string\"}}],\"inLanguage\":\"fr-FR\"},{\"@type\":\"NewsMediaOrganization\",\"@id\":\"https:\/\/dicodusport.fr\/blog\/#organization\",\"name\":\"Dicodusport\",\"url\":\"https:\/\/dicodusport.fr\/blog\/\",\"logo\":{\"@type\":\"ImageObject\",\"inLanguage\":\"fr-FR\",\"@id\":\"https:\/\/dicodusport.fr\/blog\/#\/schema\/logo\/image\/\",\"url\":\"https:\/\/dicodusport.fr\/blog\/wp-content\/uploads\/2020\/06\/cropped-LOGO-DICODUSPORT-2020-SANS-FOND-SANS-TEXTE.png\",\"contentUrl\":\"https:\/\/dicodusport.fr\/blog\/wp-content\/uploads\/2020\/06\/cropped-LOGO-DICODUSPORT-2020-SANS-FOND-SANS-TEXTE.png\",\"width\":512,\"height\":512,\"caption\":\"Dicodusport\"},\"image\":{\"@id\":\"https:\/\/dicodusport.fr\/blog\/#\/schema\/logo\/image\/\"},\"sameAs\":[\"https:\/\/www.facebook.com\/dicodusport\",\"https:\/\/x.com\/dicodusport\",\"https:\/\/www.instagram.com\/dicodusport\/\",\"https:\/\/www.youtube.com\/channel\/UC7V2KZ5sd3htJivAbA4ZG3w\"],\"description\":\"Dicodusport est l'encyclop\u00e9die de l'actualit\u00e9 sportive.\",\"email\":\"bonjour@dicodusport.fr\",\"legalName\":\"DICODUSPORT\",\"foundingDate\":\"2018-01-14\",\"vatID\":\"FR71834470973\",\"taxID\":\"83447097300043\",\"numberOfEmployees\":{\"@type\":\"QuantitativeValue\",\"minValue\":\"1\",\"maxValue\":\"10\"}},{\"@type\":\"Person\",\"@id\":\"https:\/\/dicodusport.fr\/blog\/#\/schema\/person\/416c975648aca9da8839bdfe333a21c9\",\"name\":\"Sophie Clapier\",\"image\":{\"@type\":\"ImageObject\",\"inLanguage\":\"fr-FR\",\"@id\":\"https:\/\/dicodusport.fr\/blog\/#\/schema\/person\/image\/\",\"url\":\"https:\/\/dicodusport.fr\/blog\/wp-content\/uploads\/2021\/05\/Sophie-Clapier-150x150.jpg\",\"contentUrl\":\"https:\/\/dicodusport.fr\/blog\/wp-content\/uploads\/2021\/05\/Sophie-Clapier-150x150.jpg\",\"caption\":\"Sophie Clapier\"},\"description\":\"Journaliste\/r\u00e9dactrice depuis janvier 2016 - Passionn\u00e9e de sport depuis toujours, j\u2019en ai pratiqu\u00e9 quelques-uns. Judo, football, handball ou encore tennis, je n\u2019ai jamais pu me mettre d\u2019accord sur un en particulier. Mais \u00e7a, c\u2019\u00e9tait avant de d\u00e9couvrir le basket, devenu mon sport de pr\u00e9dilection. Les actions NBA, le All-Star Week-end, la fureur des Game 7 pendant les playoffs ou mieux, lors des Finals, this is why we play. Team Spurs T.P, je m\u2019accroche encore \u00e0 Gregg Popovich (don\u2019t leave !). Team chef Curry, je souhaite qu\u2019il finisse aux Warriors (staaaay !). Non, il n\u2019y a pas qu\u2019eux, des petits nouveaux -et des petites nouvelles \u00e9videmment- arrivent chaque jour dans toutes les disciplines et cr\u00e9ent de nouveaux exploits. Alors pour les grands \u00e9v\u00e9nements et comp\u00e9titions internationales, vive les pulsations 240\/minutes et le d\u00e9fibrillateur pas loin, et allez les Bleu(e)s ! C\u2019est s\u00fbr, j\u2019aurai plus vu ma vie sur un terrain de sport, mais \u00e0 d\u00e9faut d\u2019en faire en haut niveau, je le partage avec vous.\",\"sameAs\":[\"https:\/\/www.facebook.com\/soocube\",\"https:\/\/x.com\/https:\/\/twitter.com\/soocube\",\"admin\"],\"url\":\"https:\/\/dicodusport.fr\/blog\/author\/sophie\/\"}]}<\/script>\n<!-- \/ Yoast SEO Premium plugin. -->","yoast_head_json":{"title":"Perrine Laffont confirme sa forme et remonte sur le podium en Coupe du monde au Japon","description":"COUPE DU MONDE SKI FREESTYLE 2025\/2026 - Pour la reprise de la Coupe du monde, Perrine Laffont a pris la troisi\u00e8me place des bosses individuelles \u00e0 Nanto-Toyama.","robots":{"index":"index","follow":"follow","max-snippet":"max-snippet:-1","max-image-preview":"max-image-preview:large","max-video-preview":"max-video-preview:-1"},"canonical":"https:\/\/dicodusport.fr\/blog\/perrine-laffont-confirme-sa-forme-et-remonte-sur-le-podium-en-coupe-du-monde-au-japon\/","og_locale":"fr_FR","og_type":"article","og_title":"Perrine Laffont confirme sa forme et remonte sur le podium en Coupe du monde au Japon","og_description":"COUPE DU MONDE SKI FREESTYLE 2025\/2026 - Pour la reprise de la Coupe du monde, Perrine Laffont a pris la troisi\u00e8me place des bosses individuelles \u00e0 Nanto-Toyama.","og_url":"https:\/\/dicodusport.fr\/blog\/perrine-laffont-confirme-sa-forme-et-remonte-sur-le-podium-en-coupe-du-monde-au-japon\/","og_site_name":"Dicodusport","article_publisher":"https:\/\/www.facebook.com\/dicodusport","article_author":"https:\/\/www.facebook.com\/soocube","article_published_time":"2026-02-28T07:17:35+00:00","article_modified_time":"2026-02-28T09:03:06+00:00","og_image":[{"width":1200,"height":674,"url":"https:\/\/dicodusport.fr\/blog\/wp-content\/uploads\/2026\/02\/Perrine-Laffont-confirme-sa-forme-et-remonte-sur-le-podium-en-Coupe-du-monde-au-Japon.png","type":"image\/png"}],"author":"Sophie Clapier","twitter_card":"summary_large_image","twitter_title":"Perrine Laffont confirme sa forme et remonte sur le podium en Coupe du monde au Japon","twitter_creator":"@https:\/\/twitter.com\/soocube","twitter_site":"@dicodusport","schema":{"@context":"https:\/\/schema.org","@graph":[{"@type":"NewsArticle","@id":"https:\/\/dicodusport.fr\/blog\/perrine-laffont-confirme-sa-forme-et-remonte-sur-le-podium-en-coupe-du-monde-au-japon\/#article","isPartOf":{"@id":"https:\/\/dicodusport.fr\/blog\/perrine-laffont-confirme-sa-forme-et-remonte-sur-le-podium-en-coupe-du-monde-au-japon\/"},"author":{"name":"Sophie Clapier","@id":"https:\/\/dicodusport.fr\/blog\/#\/schema\/person\/416c975648aca9da8839bdfe333a21c9"},"headline":"Perrine Laffont confirme sa forme et remonte sur le podium en Coupe du monde au Japon","datePublished":"2026-02-28T07:17:35+00:00","dateModified":"2026-02-28T09:03:06+00:00","mainEntityOfPage":{"@id":"https:\/\/dicodusport.fr\/blog\/perrine-laffont-confirme-sa-forme-et-remonte-sur-le-podium-en-coupe-du-monde-au-japon\/"},"wordCount":357,"commentCount":0,"publisher":{"@id":"https:\/\/dicodusport.fr\/blog\/#organization"},"image":{"@id":"https:\/\/dicodusport.fr\/blog\/perrine-laffont-confirme-sa-forme-et-remonte-sur-le-podium-en-coupe-du-monde-au-japon\/#primaryimage"},"thumbnailUrl":"https:\/\/dicodusport.fr\/blog\/wp-content\/uploads\/2026\/02\/Perrine-Laffont-confirme-sa-forme-et-remonte-sur-le-podium-en-Coupe-du-monde-au-Japon.png","keywords":["br\u00e8ve","Coupe du monde de ski de bosses","Perrine Laffont"],"articleSection":["Ski"],"inLanguage":"fr-FR","potentialAction":[{"@type":"CommentAction","name":"Comment","target":["https:\/\/dicodusport.fr\/blog\/perrine-laffont-confirme-sa-forme-et-remonte-sur-le-podium-en-coupe-du-monde-au-japon\/#respond"]}],"copyrightYear":"2026","copyrightHolder":{"@id":"https:\/\/dicodusport.fr\/blog\/#organization"}},{"@type":"WebPage","@id":"https:\/\/dicodusport.fr\/blog\/perrine-laffont-confirme-sa-forme-et-remonte-sur-le-podium-en-coupe-du-monde-au-japon\/","url":"https:\/\/dicodusport.fr\/blog\/perrine-laffont-confirme-sa-forme-et-remonte-sur-le-podium-en-coupe-du-monde-au-japon\/","name":"Perrine Laffont confirme sa forme et remonte sur le podium en Coupe du monde au Japon","isPartOf":{"@id":"https:\/\/dicodusport.fr\/blog\/#website"},"primaryImageOfPage":{"@id":"https:\/\/dicodusport.fr\/blog\/perrine-laffont-confirme-sa-forme-et-remonte-sur-le-podium-en-coupe-du-monde-au-japon\/#primaryimage"},"image":{"@id":"https:\/\/dicodusport.fr\/blog\/perrine-laffont-confirme-sa-forme-et-remonte-sur-le-podium-en-coupe-du-monde-au-japon\/#primaryimage"},"thumbnailUrl":"https:\/\/dicodusport.fr\/blog\/wp-content\/uploads\/2026\/02\/Perrine-Laffont-confirme-sa-forme-et-remonte-sur-le-podium-en-Coupe-du-monde-au-Japon.png","datePublished":"2026-02-28T07:17:35+00:00","dateModified":"2026-02-28T09:03:06+00:00","description":"COUPE DU MONDE SKI FREESTYLE 2025\/2026 - Pour la reprise de la Coupe du monde, Perrine Laffont a pris la troisi\u00e8me place des bosses individuelles \u00e0 Nanto-Toyama.","breadcrumb":{"@id":"https:\/\/dicodusport.fr\/blog\/perrine-laffont-confirme-sa-forme-et-remonte-sur-le-podium-en-coupe-du-monde-au-japon\/#breadcrumb"},"inLanguage":"fr-FR","potentialAction":[{"@type":"ReadAction","target":["https:\/\/dicodusport.fr\/blog\/perrine-laffont-confirme-sa-forme-et-remonte-sur-le-podium-en-coupe-du-monde-au-japon\/"]}]},{"@type":"ImageObject","inLanguage":"fr-FR","@id":"https:\/\/dicodusport.fr\/blog\/perrine-laffont-confirme-sa-forme-et-remonte-sur-le-podium-en-coupe-du-monde-au-japon\/#primaryimage","url":"https:\/\/dicodusport.fr\/blog\/wp-content\/uploads\/2026\/02\/Perrine-Laffont-confirme-sa-forme-et-remonte-sur-le-podium-en-Coupe-du-monde-au-Japon.png","contentUrl":"https:\/\/dicodusport.fr\/blog\/wp-content\/uploads\/2026\/02\/Perrine-Laffont-confirme-sa-forme-et-remonte-sur-le-podium-en-Coupe-du-monde-au-Japon.png","width":1200,"height":674,"caption":"Perrine Laffont confirme sa forme et remonte sur le podium en Coupe du monde au Japon"},{"@type":"BreadcrumbList","@id":"https:\/\/dicodusport.fr\/blog\/perrine-laffont-confirme-sa-forme-et-remonte-sur-le-podium-en-coupe-du-monde-au-japon\/#breadcrumb","itemListElement":[{"@type":"ListItem","position":1,"name":"Accueil","item":"https:\/\/dicodusport.fr\/blog\/"},{"@type":"ListItem","position":2,"name":"Perrine Laffont confirme sa forme et remonte sur le podium en Coupe du monde au Japon"}]},{"@type":"WebSite","@id":"https:\/\/dicodusport.fr\/blog\/#website","url":"https:\/\/dicodusport.fr\/blog\/","name":"Dicodusport","description":"L&#039;encyclop\u00e9die de l&#039;actualit\u00e9 sportive","publisher":{"@id":"https:\/\/dicodusport.fr\/blog\/#organization"},"potentialAction":[{"@type":"SearchAction","target":{"@type":"EntryPoint","urlTemplate":"https:\/\/dicodusport.fr\/blog\/?s={search_term_string}"},"query-input":{"@type":"PropertyValueSpecification","valueRequired":true,"valueName":"search_term_string"}}],"inLanguage":"fr-FR"},{"@type":"NewsMediaOrganization","@id":"https:\/\/dicodusport.fr\/blog\/#organization","name":"Dicodusport","url":"https:\/\/dicodusport.fr\/blog\/","logo":{"@type":"ImageObject","inLanguage":"fr-FR","@id":"https:\/\/dicodusport.fr\/blog\/#\/schema\/logo\/image\/","url":"https:\/\/dicodusport.fr\/blog\/wp-content\/uploads\/2020\/06\/cropped-LOGO-DICODUSPORT-2020-SANS-FOND-SANS-TEXTE.png","contentUrl":"https:\/\/dicodusport.fr\/blog\/wp-content\/uploads\/2020\/06\/cropped-LOGO-DICODUSPORT-2020-SANS-FOND-SANS-TEXTE.png","width":512,"height":512,"caption":"Dicodusport"},"image":{"@id":"https:\/\/dicodusport.fr\/blog\/#\/schema\/logo\/image\/"},"sameAs":["https:\/\/www.facebook.com\/dicodusport","https:\/\/x.com\/dicodusport","https:\/\/www.instagram.com\/dicodusport\/","https:\/\/www.youtube.com\/channel\/UC7V2KZ5sd3htJivAbA4ZG3w"],"description":"Dicodusport est l'encyclop\u00e9die de l'actualit\u00e9 sportive.","email":"bonjour@dicodusport.fr","legalName":"DICODUSPORT","foundingDate":"2018-01-14","vatID":"FR71834470973","taxID":"83447097300043","numberOfEmployees":{"@type":"QuantitativeValue","minValue":"1","maxValue":"10"}},{"@type":"Person","@id":"https:\/\/dicodusport.fr\/blog\/#\/schema\/person\/416c975648aca9da8839bdfe333a21c9","name":"Sophie Clapier","image":{"@type":"ImageObject","inLanguage":"fr-FR","@id":"https:\/\/dicodusport.fr\/blog\/#\/schema\/person\/image\/","url":"https:\/\/dicodusport.fr\/blog\/wp-content\/uploads\/2021\/05\/Sophie-Clapier-150x150.jpg","contentUrl":"https:\/\/dicodusport.fr\/blog\/wp-content\/uploads\/2021\/05\/Sophie-Clapier-150x150.jpg","caption":"Sophie Clapier"},"description":"Journaliste\/r\u00e9dactrice depuis janvier 2016 - Passionn\u00e9e de sport depuis toujours, j\u2019en ai pratiqu\u00e9 quelques-uns. Judo, football, handball ou encore tennis, je n\u2019ai jamais pu me mettre d\u2019accord sur un en particulier. Mais \u00e7a, c\u2019\u00e9tait avant de d\u00e9couvrir le basket, devenu mon sport de pr\u00e9dilection. Les actions NBA, le All-Star Week-end, la fureur des Game 7 pendant les playoffs ou mieux, lors des Finals, this is why we play. Team Spurs T.P, je m\u2019accroche encore \u00e0 Gregg Popovich (don\u2019t leave !). Team chef Curry, je souhaite qu\u2019il finisse aux Warriors (staaaay !). Non, il n\u2019y a pas qu\u2019eux, des petits nouveaux -et des petites nouvelles \u00e9videmment- arrivent chaque jour dans toutes les disciplines et cr\u00e9ent de nouveaux exploits. Alors pour les grands \u00e9v\u00e9nements et comp\u00e9titions internationales, vive les pulsations 240\/minutes et le d\u00e9fibrillateur pas loin, et allez les Bleu(e)s ! C\u2019est s\u00fbr, j\u2019aurai plus vu ma vie sur un terrain de sport, mais \u00e0 d\u00e9faut d\u2019en faire en haut niveau, je le partage avec vous.","sameAs":["https:\/\/www.facebook.com\/soocube","https:\/\/x.com\/https:\/\/twitter.com\/soocube","admin"],"url":"https:\/\/dicodusport.fr\/blog\/author\/sophie\/"}]}},"_links":{"self":[{"href":"https:\/\/dicodusport.fr\/blog\/wp-json\/wp\/v2\/posts\/651356","targetHints":{"allow":["GET"]}}],"collection":[{"href":"https:\/\/dicodusport.fr\/blog\/wp-json\/wp\/v2\/posts"}],"about":[{"href":"https:\/\/dicodusport.fr\/blog\/wp-json\/wp\/v2\/types\/post"}],"author":[{"embeddable":true,"href":"https:\/\/dicodusport.fr\/blog\/wp-json\/wp\/v2\/users\/18"}],"replies":[{"embeddable":true,"href":"https:\/\/dicodusport.fr\/blog\/wp-json\/wp\/v2\/comments?post=651356"}],"version-history":[{"count":4,"href":"https:\/\/dicodusport.fr\/blog\/wp-json\/wp\/v2\/posts\/651356\/revisions"}],"predecessor-version":[{"id":651360,"href":"https:\/\/dicodusport.fr\/blog\/wp-json\/wp\/v2\/posts\/651356\/revisions\/651360"}],"wp:featuredmedia":[{"embeddable":true,"href":"https:\/\/dicodusport.fr\/blog\/wp-json\/wp\/v2\/media\/651389"}],"wp:attachment":[{"href":"https:\/\/dicodusport.fr\/blog\/wp-json\/wp\/v2\/media?parent=651356"}],"wp:term":[{"taxonomy":"category","embeddable":true,"href":"https:\/\/dicodusport.fr\/blog\/wp-json\/wp\/v2\/categories?post=651356"},{"taxonomy":"post_tag","embeddable":true,"href":"https:\/\/dicodusport.fr\/blog\/wp-json\/wp\/v2\/tags?post=651356"}],"curies":[{"name":"wp","href":"https:\/\/api.w.org\/{rel}","templated":true}]}}