{"id":651494,"date":"2026-02-28T15:42:32","date_gmt":"2026-02-28T14:42:32","guid":{"rendered":"https:\/\/dicodusport.fr\/blog\/?p=651494&#038;preview=true&#038;preview_id=651494"},"modified":"2026-02-28T16:02:44","modified_gmt":"2026-02-28T15:02:44","slug":"leo-carlier-debloque-le-compteur-des-bleuets-du-biathlon-et-devient-vice-champion-du-monde-juniors-de-lindividuel","status":"publish","type":"post","link":"https:\/\/dicodusport.fr\/blog\/leo-carlier-debloque-le-compteur-des-bleuets-du-biathlon-et-devient-vice-champion-du-monde-juniors-de-lindividuel\/","title":{"rendered":"L\u00e9o Carlier d\u00e9bloque le compteur des Bleuets du biathlon et devient vice-champion du monde juniors de l\u2019individuel"},"content":{"rendered":"<p style=\"text-align: justify;\"><em><strong>MONDIAUX BIATHLON JEUNES ET JUNIORS 2026 &#8211; Longtemps en t\u00eate avec un 19\/20, L\u00e9o Carlier est tomb\u00e9 sur un Philip Lindkvist-Floetten des grands jours. Avec le plein, le Su\u00e9dois s\u2019offre le titre de l\u2019individuel juniors devant le Fran\u00e7ais et la fus\u00e9e Jakob Kulbin.<\/strong><\/em><\/p>\n<ul style=\"text-align: justify;\">\n<li><strong>\u00c0 ce sujet &#8211; <a href=\"https:\/\/dicodusport.fr\/blog\/biathlon-classement-et-resultats-individuel-hommes-juniors-mondiaux-2026\/\">Classement et r\u00e9sultats individuels juniors hommes Mondiaux 2026<\/a><\/strong><\/li>\n<\/ul>\n<p style=\"text-align: justify;\">L\u2019an pass\u00e9, <strong>L\u00e9o Carlier<\/strong> \u00e9tait mont\u00e9 sur tous les podiums de la cat\u00e9gorie jeunes. Cette saison en juniors, le Fran\u00e7ais a confirm\u00e9, transformant le bronze de l\u2019individuel d\u2019il y a un an en argent sur l\u2019\u00e9chelon sup\u00e9rieur. Un long moment en or, il a \u00e9t\u00e9 devanc\u00e9 par un Philip Lindkvist-Floetten XXL !<\/p>\n<ul>\n<li><strong>\u00c0 voir aussi &#8211; <a href=\"https:\/\/dicodusport.fr\/blog\/mondiaux-jeunes-et-juniors-de-biathlon-2026-le-tableau-des-medailles-actualise\/\">Le tableau des m\u00e9dailles actualis\u00e9 des Mondiaux de biathlon jeunes et juniors 2026<\/a><\/strong><\/li>\n<\/ul>\n<p style=\"text-align: justify;\">Dixi\u00e8me partant, <strong>L\u00e9o Carlier<\/strong> a \u00e9t\u00e9 le premier \u00e0 r\u00e9aliser le plein sur le couch\u00e9 initial, ce qui l\u2019a plac\u00e9 en pole position. Une place confort\u00e9e avec le 10\/10 et toujours d\u2019actualit\u00e9 apr\u00e8s la 3<sup>\u00e8me<\/sup> salve malgr\u00e9 une balle l\u00e2ch\u00e9e. Rare \u00e0 dompter le pas de tir et une qualit\u00e9 de neige qui s\u2019est vite d\u00e9grad\u00e9e, le Fran\u00e7ais a conclu en blanchissant ses 5 derni\u00e8res cibles.<\/p>\n<p style=\"text-align: justify;\">Un 19\/20 sorti au moment opportun pendant qu\u2019autour, les fautes s\u2019enchainaient, \u00e0 l\u2019image du tenant du titre <strong>Kalkenberg<\/strong>, auteur d\u2019un 15\/20. Le podium assur\u00e9, la victoire se rapprochait \u00e9galement.<\/p>\n<h2 style=\"text-align: justify;\">L\u00e9o Carlier en argent sur l\u2019individuel juniors<\/h2>\n<p style=\"text-align: justify;\">Mais <strong>Philip Lindkvist-Floetten<\/strong> est venu jouer les trouble-f\u00eates. Sans le droit \u00e0 l\u2019erreur lors de la derni\u00e8re salve, le Su\u00e9dois a d\u00e9gain\u00e9 vitesse grand V. Le tout en validant un des rares 20\/20 de la journ\u00e9e. Ce dernier n\u2019a eu de cesse d\u2019augmenter sa marge dans le dernier tour, reprenant pr\u00e8s de 30 secondes (!) \u00e0 Carlier pour se parer d\u2019or. L\u2019argent revient au Fran\u00e7ais, parti sur les m\u00eames bases que lors de l\u2019\u00e9dition 2025.<\/p>\n<p style=\"text-align: justify;\">Longtemps dans le coup pour le podium, <strong>Camille Grataloup-Manissolle<\/strong> reste au pied de la boite. En cause\u00a0: la fus\u00e9e <strong>Jakob Kulbin<\/strong>. Plus rapide que tout le monde, l\u2019Estonien a compens\u00e9 ses 5 fautes pour prendre le bronze. Avec 5 et 7 fautes chacun, <strong>Guillaume Poirot<\/strong> et <strong>Antonin Delsol<\/strong> prennent respectivement les 15<sup>\u00e8me<\/sup> et 16<sup>\u00e8me<\/sup> places.<\/p>\n<blockquote class=\"twitter-tweet\">\n<p dir=\"ltr\" lang=\"fr\">\ud83e\udd48L\u00e9o Carlier, vice Champion du Monde Junior de l&rsquo;Individuel !!<\/p>\n<p>\ud83e\udd47\ud83c\uddf8\ud83c\uddeaP.Lindkvist-Floetten (20\/20)<br \/>\n\ud83e\udd48\ud83c\uddeb\ud83c\uddf7L.Carlier (19\/20)<br \/>\n\ud83e\udd49\ud83c\uddea\ud83c\uddeaJ.Kulbin (15\/20)<br \/>\n4.\ud83c\uddeb\ud83c\uddf7C.Grataloup Manissolle (18\/20)<\/p>\n<p>15.\ud83c\uddeb\ud83c\uddf7G.Poirot (15\/20)<br \/>\n16.\ud83c\uddeb\ud83c\uddf7A.Delsol (13\/20) <a href=\"https:\/\/t.co\/hQdOxH7XBI\">pic.twitter.com\/hQdOxH7XBI<\/a><\/p>\n<p>\u2014 Lebiathlonfr (@Lebiathlonfr) <a href=\"https:\/\/twitter.com\/Lebiathlonfr\/status\/2027757658581639657?ref_src=twsrc%5Etfw\">February 28, 2026<\/a><\/p><\/blockquote>\n<p><script async src=\"https:\/\/platform.twitter.com\/widgets.js\" charset=\"utf-8\"><\/script><\/p>\n<ul style=\"text-align: justify;\">\n<li><strong>\u00c0 ce sujet &#8211; <a href=\"https:\/\/dicodusport.fr\/blog\/mondiaux-jeunes-et-juniors-de-biathlon-2026-programme-complet-et-resultats\/\">Programme et r\u00e9sultats Mondiaux biathlon jeunes et juniors 2026<\/a><\/strong><\/li>\n<\/ul>\n<div id=\"gtx-trans\" style=\"position: absolute; left: -14px; top: 40.9091px;\">\n<div class=\"gtx-trans-icon\" style=\"text-align: justify;\"><\/div>\n<\/div>\n","protected":false},"excerpt":{"rendered":"<p>MONDIAUX BIATHLON JEUNES ET JUNIORS 2026 &#8211; Longtemps en t\u00eate avec un 19\/20, L\u00e9o Carlier est tomb\u00e9 sur un Philip Lindkvist-Floetten des grands jours. Avec le plein, le Su\u00e9dois s\u2019offre le titre de l\u2019individuel juniors devant le Fran\u00e7ais et la fus\u00e9e Jakob Kublin.<\/p>\n","protected":false},"author":18,"featured_media":651538,"comment_status":"open","ping_status":"closed","sticky":false,"template":"","format":"standard","meta":{"_acf_changed":false,"_daextam_enable_autolinks":"1","footnotes":""},"categories":[47039],"tags":[2427,16878,38000],"class_list":["post-651494","post","type-post","status-publish","format-standard","has-post-thumbnail","hentry","category-championnats-du-monde-de-biathlon","tag-biathlon","tag-breve","tag-championnats-du-monde-de-biathlon-jeunes-et-juniors"],"acf":[],"yoast_head":"<!-- This site is optimized with the Yoast SEO Premium plugin v26.7 (Yoast SEO v26.7) - https:\/\/yoast.com\/wordpress\/plugins\/seo\/ -->\n<title>L\u00e9o Carlier d\u00e9bloque le compteur des Bleuets du biathlon et devient vice-champion du monde juniors de l\u2019individuel<\/title>\n<meta name=\"description\" content=\"MONDIAUX BIATHLON JEUNES ET JUNIORS 2026 - L\u00e9o Carlier est tomb\u00e9 sur un Philip Lindkvist-Floetten XXL et prend l&#039;argent sur l&#039;individuel.\" \/>\n<meta name=\"robots\" content=\"index, follow, max-snippet:-1, max-image-preview:large, max-video-preview:-1\" \/>\n<link rel=\"canonical\" href=\"https:\/\/dicodusport.fr\/blog\/leo-carlier-debloque-le-compteur-des-bleuets-du-biathlon-et-devient-vice-champion-du-monde-juniors-de-lindividuel\/\" \/>\n<meta property=\"og:locale\" content=\"fr_FR\" \/>\n<meta property=\"og:type\" content=\"article\" \/>\n<meta property=\"og:title\" content=\"L\u00e9o Carlier d\u00e9bloque le compteur des Bleuets du biathlon et devient vice-champion du monde juniors de l\u2019individuel\" \/>\n<meta property=\"og:description\" content=\"MONDIAUX BIATHLON JEUNES ET JUNIORS 2026 - L\u00e9o Carlier est tomb\u00e9 sur un Philip Lindkvist-Floetten XXL et prend l&#039;argent sur l&#039;individuel.\" \/>\n<meta property=\"og:url\" content=\"https:\/\/dicodusport.fr\/blog\/leo-carlier-debloque-le-compteur-des-bleuets-du-biathlon-et-devient-vice-champion-du-monde-juniors-de-lindividuel\/\" \/>\n<meta property=\"og:site_name\" content=\"Dicodusport\" \/>\n<meta property=\"article:publisher\" content=\"https:\/\/www.facebook.com\/dicodusport\" \/>\n<meta property=\"article:author\" content=\"https:\/\/www.facebook.com\/soocube\" \/>\n<meta property=\"article:published_time\" content=\"2026-02-28T14:42:32+00:00\" \/>\n<meta property=\"article:modified_time\" content=\"2026-02-28T15:02:44+00:00\" \/>\n<meta property=\"og:image\" content=\"https:\/\/dicodusport.fr\/blog\/wp-content\/uploads\/2026\/02\/Leo-Carlier-debloque-le-compteur-des-Bleuets-du-biathlon-et-devient-vice-champion-du-monde-juniors-de-lindividuel.png\" \/>\n\t<meta property=\"og:image:width\" content=\"1200\" \/>\n\t<meta property=\"og:image:height\" content=\"674\" \/>\n\t<meta property=\"og:image:type\" content=\"image\/png\" \/>\n<meta name=\"author\" content=\"Sophie Clapier\" \/>\n<meta name=\"twitter:card\" content=\"summary_large_image\" \/>\n<meta name=\"twitter:title\" content=\"L\u00e9o Carlier d\u00e9bloque le compteur des Bleuets du biathlon et devient vice-champion du monde juniors de l\u2019individuel\" \/>\n<meta name=\"twitter:creator\" content=\"@https:\/\/twitter.com\/soocube\" \/>\n<meta name=\"twitter:site\" content=\"@dicodusport\" \/>\n<script type=\"application\/ld+json\" class=\"yoast-schema-graph\">{\"@context\":\"https:\/\/schema.org\",\"@graph\":[{\"@type\":\"NewsArticle\",\"@id\":\"https:\/\/dicodusport.fr\/blog\/leo-carlier-debloque-le-compteur-des-bleuets-du-biathlon-et-devient-vice-champion-du-monde-juniors-de-lindividuel\/#article\",\"isPartOf\":{\"@id\":\"https:\/\/dicodusport.fr\/blog\/leo-carlier-debloque-le-compteur-des-bleuets-du-biathlon-et-devient-vice-champion-du-monde-juniors-de-lindividuel\/\"},\"author\":{\"name\":\"Sophie Clapier\",\"@id\":\"https:\/\/dicodusport.fr\/blog\/#\/schema\/person\/416c975648aca9da8839bdfe333a21c9\"},\"headline\":\"L\u00e9o Carlier d\u00e9bloque le compteur des Bleuets du biathlon et devient vice-champion du monde juniors de l\u2019individuel\",\"datePublished\":\"2026-02-28T14:42:32+00:00\",\"dateModified\":\"2026-02-28T15:02:44+00:00\",\"mainEntityOfPage\":{\"@id\":\"https:\/\/dicodusport.fr\/blog\/leo-carlier-debloque-le-compteur-des-bleuets-du-biathlon-et-devient-vice-champion-du-monde-juniors-de-lindividuel\/\"},\"wordCount\":450,\"commentCount\":0,\"publisher\":{\"@id\":\"https:\/\/dicodusport.fr\/blog\/#organization\"},\"image\":{\"@id\":\"https:\/\/dicodusport.fr\/blog\/leo-carlier-debloque-le-compteur-des-bleuets-du-biathlon-et-devient-vice-champion-du-monde-juniors-de-lindividuel\/#primaryimage\"},\"thumbnailUrl\":\"https:\/\/dicodusport.fr\/blog\/wp-content\/uploads\/2026\/02\/Leo-Carlier-debloque-le-compteur-des-Bleuets-du-biathlon-et-devient-vice-champion-du-monde-juniors-de-lindividuel.png\",\"keywords\":[\"Biathlon\",\"br\u00e8ve\",\"Championnats du monde de biathlon jeunes et juniors\"],\"articleSection\":[\"Championnats du monde de biathlon\"],\"inLanguage\":\"fr-FR\",\"potentialAction\":[{\"@type\":\"CommentAction\",\"name\":\"Comment\",\"target\":[\"https:\/\/dicodusport.fr\/blog\/leo-carlier-debloque-le-compteur-des-bleuets-du-biathlon-et-devient-vice-champion-du-monde-juniors-de-lindividuel\/#respond\"]}],\"copyrightYear\":\"2026\",\"copyrightHolder\":{\"@id\":\"https:\/\/dicodusport.fr\/blog\/#organization\"}},{\"@type\":\"WebPage\",\"@id\":\"https:\/\/dicodusport.fr\/blog\/leo-carlier-debloque-le-compteur-des-bleuets-du-biathlon-et-devient-vice-champion-du-monde-juniors-de-lindividuel\/\",\"url\":\"https:\/\/dicodusport.fr\/blog\/leo-carlier-debloque-le-compteur-des-bleuets-du-biathlon-et-devient-vice-champion-du-monde-juniors-de-lindividuel\/\",\"name\":\"L\u00e9o Carlier d\u00e9bloque le compteur des Bleuets du biathlon et devient vice-champion du monde juniors de l\u2019individuel\",\"isPartOf\":{\"@id\":\"https:\/\/dicodusport.fr\/blog\/#website\"},\"primaryImageOfPage\":{\"@id\":\"https:\/\/dicodusport.fr\/blog\/leo-carlier-debloque-le-compteur-des-bleuets-du-biathlon-et-devient-vice-champion-du-monde-juniors-de-lindividuel\/#primaryimage\"},\"image\":{\"@id\":\"https:\/\/dicodusport.fr\/blog\/leo-carlier-debloque-le-compteur-des-bleuets-du-biathlon-et-devient-vice-champion-du-monde-juniors-de-lindividuel\/#primaryimage\"},\"thumbnailUrl\":\"https:\/\/dicodusport.fr\/blog\/wp-content\/uploads\/2026\/02\/Leo-Carlier-debloque-le-compteur-des-Bleuets-du-biathlon-et-devient-vice-champion-du-monde-juniors-de-lindividuel.png\",\"datePublished\":\"2026-02-28T14:42:32+00:00\",\"dateModified\":\"2026-02-28T15:02:44+00:00\",\"description\":\"MONDIAUX BIATHLON JEUNES ET JUNIORS 2026 - L\u00e9o Carlier est tomb\u00e9 sur un Philip Lindkvist-Floetten XXL et prend l'argent sur l'individuel.\",\"breadcrumb\":{\"@id\":\"https:\/\/dicodusport.fr\/blog\/leo-carlier-debloque-le-compteur-des-bleuets-du-biathlon-et-devient-vice-champion-du-monde-juniors-de-lindividuel\/#breadcrumb\"},\"inLanguage\":\"fr-FR\",\"potentialAction\":[{\"@type\":\"ReadAction\",\"target\":[\"https:\/\/dicodusport.fr\/blog\/leo-carlier-debloque-le-compteur-des-bleuets-du-biathlon-et-devient-vice-champion-du-monde-juniors-de-lindividuel\/\"]}]},{\"@type\":\"ImageObject\",\"inLanguage\":\"fr-FR\",\"@id\":\"https:\/\/dicodusport.fr\/blog\/leo-carlier-debloque-le-compteur-des-bleuets-du-biathlon-et-devient-vice-champion-du-monde-juniors-de-lindividuel\/#primaryimage\",\"url\":\"https:\/\/dicodusport.fr\/blog\/wp-content\/uploads\/2026\/02\/Leo-Carlier-debloque-le-compteur-des-Bleuets-du-biathlon-et-devient-vice-champion-du-monde-juniors-de-lindividuel.png\",\"contentUrl\":\"https:\/\/dicodusport.fr\/blog\/wp-content\/uploads\/2026\/02\/Leo-Carlier-debloque-le-compteur-des-Bleuets-du-biathlon-et-devient-vice-champion-du-monde-juniors-de-lindividuel.png\",\"width\":1200,\"height\":674,\"caption\":\"L\u00e9o Carlier d\u00e9bloque le compteur des Bleuets du biathlon et devient vice-champion du monde juniors de l\u2019individuel\"},{\"@type\":\"BreadcrumbList\",\"@id\":\"https:\/\/dicodusport.fr\/blog\/leo-carlier-debloque-le-compteur-des-bleuets-du-biathlon-et-devient-vice-champion-du-monde-juniors-de-lindividuel\/#breadcrumb\",\"itemListElement\":[{\"@type\":\"ListItem\",\"position\":1,\"name\":\"Accueil\",\"item\":\"https:\/\/dicodusport.fr\/blog\/\"},{\"@type\":\"ListItem\",\"position\":2,\"name\":\"L\u00e9o Carlier d\u00e9bloque le compteur des Bleuets du biathlon et devient vice-champion du monde juniors de l\u2019individuel\"}]},{\"@type\":\"WebSite\",\"@id\":\"https:\/\/dicodusport.fr\/blog\/#website\",\"url\":\"https:\/\/dicodusport.fr\/blog\/\",\"name\":\"Dicodusport\",\"description\":\"L&#039;encyclop\u00e9die de l&#039;actualit\u00e9 sportive\",\"publisher\":{\"@id\":\"https:\/\/dicodusport.fr\/blog\/#organization\"},\"potentialAction\":[{\"@type\":\"SearchAction\",\"target\":{\"@type\":\"EntryPoint\",\"urlTemplate\":\"https:\/\/dicodusport.fr\/blog\/?s={search_term_string}\"},\"query-input\":{\"@type\":\"PropertyValueSpecification\",\"valueRequired\":true,\"valueName\":\"search_term_string\"}}],\"inLanguage\":\"fr-FR\"},{\"@type\":\"NewsMediaOrganization\",\"@id\":\"https:\/\/dicodusport.fr\/blog\/#organization\",\"name\":\"Dicodusport\",\"url\":\"https:\/\/dicodusport.fr\/blog\/\",\"logo\":{\"@type\":\"ImageObject\",\"inLanguage\":\"fr-FR\",\"@id\":\"https:\/\/dicodusport.fr\/blog\/#\/schema\/logo\/image\/\",\"url\":\"https:\/\/dicodusport.fr\/blog\/wp-content\/uploads\/2020\/06\/cropped-LOGO-DICODUSPORT-2020-SANS-FOND-SANS-TEXTE.png\",\"contentUrl\":\"https:\/\/dicodusport.fr\/blog\/wp-content\/uploads\/2020\/06\/cropped-LOGO-DICODUSPORT-2020-SANS-FOND-SANS-TEXTE.png\",\"width\":512,\"height\":512,\"caption\":\"Dicodusport\"},\"image\":{\"@id\":\"https:\/\/dicodusport.fr\/blog\/#\/schema\/logo\/image\/\"},\"sameAs\":[\"https:\/\/www.facebook.com\/dicodusport\",\"https:\/\/x.com\/dicodusport\",\"https:\/\/www.instagram.com\/dicodusport\/\",\"https:\/\/www.youtube.com\/channel\/UC7V2KZ5sd3htJivAbA4ZG3w\"],\"description\":\"Dicodusport est l'encyclop\u00e9die de l'actualit\u00e9 sportive.\",\"email\":\"bonjour@dicodusport.fr\",\"legalName\":\"DICODUSPORT\",\"foundingDate\":\"2018-01-14\",\"vatID\":\"FR71834470973\",\"taxID\":\"83447097300043\",\"numberOfEmployees\":{\"@type\":\"QuantitativeValue\",\"minValue\":\"1\",\"maxValue\":\"10\"}},{\"@type\":\"Person\",\"@id\":\"https:\/\/dicodusport.fr\/blog\/#\/schema\/person\/416c975648aca9da8839bdfe333a21c9\",\"name\":\"Sophie Clapier\",\"image\":{\"@type\":\"ImageObject\",\"inLanguage\":\"fr-FR\",\"@id\":\"https:\/\/dicodusport.fr\/blog\/#\/schema\/person\/image\/\",\"url\":\"https:\/\/dicodusport.fr\/blog\/wp-content\/uploads\/2021\/05\/Sophie-Clapier-150x150.jpg\",\"contentUrl\":\"https:\/\/dicodusport.fr\/blog\/wp-content\/uploads\/2021\/05\/Sophie-Clapier-150x150.jpg\",\"caption\":\"Sophie Clapier\"},\"description\":\"Journaliste\/r\u00e9dactrice depuis janvier 2016 - Passionn\u00e9e de sport depuis toujours, j\u2019en ai pratiqu\u00e9 quelques-uns. Judo, football, handball ou encore tennis, je n\u2019ai jamais pu me mettre d\u2019accord sur un en particulier. Mais \u00e7a, c\u2019\u00e9tait avant de d\u00e9couvrir le basket, devenu mon sport de pr\u00e9dilection. Les actions NBA, le All-Star Week-end, la fureur des Game 7 pendant les playoffs ou mieux, lors des Finals, this is why we play. Team Spurs T.P, je m\u2019accroche encore \u00e0 Gregg Popovich (don\u2019t leave !). Team chef Curry, je souhaite qu\u2019il finisse aux Warriors (staaaay !). Non, il n\u2019y a pas qu\u2019eux, des petits nouveaux -et des petites nouvelles \u00e9videmment- arrivent chaque jour dans toutes les disciplines et cr\u00e9ent de nouveaux exploits. Alors pour les grands \u00e9v\u00e9nements et comp\u00e9titions internationales, vive les pulsations 240\/minutes et le d\u00e9fibrillateur pas loin, et allez les Bleu(e)s ! C\u2019est s\u00fbr, j\u2019aurai plus vu ma vie sur un terrain de sport, mais \u00e0 d\u00e9faut d\u2019en faire en haut niveau, je le partage avec vous.\",\"sameAs\":[\"https:\/\/www.facebook.com\/soocube\",\"https:\/\/x.com\/https:\/\/twitter.com\/soocube\",\"admin\"],\"url\":\"https:\/\/dicodusport.fr\/blog\/author\/sophie\/\"}]}<\/script>\n<!-- \/ Yoast SEO Premium plugin. -->","yoast_head_json":{"title":"L\u00e9o Carlier d\u00e9bloque le compteur des Bleuets du biathlon et devient vice-champion du monde juniors de l\u2019individuel","description":"MONDIAUX BIATHLON JEUNES ET JUNIORS 2026 - L\u00e9o Carlier est tomb\u00e9 sur un Philip Lindkvist-Floetten XXL et prend l'argent sur l'individuel.","robots":{"index":"index","follow":"follow","max-snippet":"max-snippet:-1","max-image-preview":"max-image-preview:large","max-video-preview":"max-video-preview:-1"},"canonical":"https:\/\/dicodusport.fr\/blog\/leo-carlier-debloque-le-compteur-des-bleuets-du-biathlon-et-devient-vice-champion-du-monde-juniors-de-lindividuel\/","og_locale":"fr_FR","og_type":"article","og_title":"L\u00e9o Carlier d\u00e9bloque le compteur des Bleuets du biathlon et devient vice-champion du monde juniors de l\u2019individuel","og_description":"MONDIAUX BIATHLON JEUNES ET JUNIORS 2026 - L\u00e9o Carlier est tomb\u00e9 sur un Philip Lindkvist-Floetten XXL et prend l'argent sur l'individuel.","og_url":"https:\/\/dicodusport.fr\/blog\/leo-carlier-debloque-le-compteur-des-bleuets-du-biathlon-et-devient-vice-champion-du-monde-juniors-de-lindividuel\/","og_site_name":"Dicodusport","article_publisher":"https:\/\/www.facebook.com\/dicodusport","article_author":"https:\/\/www.facebook.com\/soocube","article_published_time":"2026-02-28T14:42:32+00:00","article_modified_time":"2026-02-28T15:02:44+00:00","og_image":[{"width":1200,"height":674,"url":"https:\/\/dicodusport.fr\/blog\/wp-content\/uploads\/2026\/02\/Leo-Carlier-debloque-le-compteur-des-Bleuets-du-biathlon-et-devient-vice-champion-du-monde-juniors-de-lindividuel.png","type":"image\/png"}],"author":"Sophie Clapier","twitter_card":"summary_large_image","twitter_title":"L\u00e9o Carlier d\u00e9bloque le compteur des Bleuets du biathlon et devient vice-champion du monde juniors de l\u2019individuel","twitter_creator":"@https:\/\/twitter.com\/soocube","twitter_site":"@dicodusport","schema":{"@context":"https:\/\/schema.org","@graph":[{"@type":"NewsArticle","@id":"https:\/\/dicodusport.fr\/blog\/leo-carlier-debloque-le-compteur-des-bleuets-du-biathlon-et-devient-vice-champion-du-monde-juniors-de-lindividuel\/#article","isPartOf":{"@id":"https:\/\/dicodusport.fr\/blog\/leo-carlier-debloque-le-compteur-des-bleuets-du-biathlon-et-devient-vice-champion-du-monde-juniors-de-lindividuel\/"},"author":{"name":"Sophie Clapier","@id":"https:\/\/dicodusport.fr\/blog\/#\/schema\/person\/416c975648aca9da8839bdfe333a21c9"},"headline":"L\u00e9o Carlier d\u00e9bloque le compteur des Bleuets du biathlon et devient vice-champion du monde juniors de l\u2019individuel","datePublished":"2026-02-28T14:42:32+00:00","dateModified":"2026-02-28T15:02:44+00:00","mainEntityOfPage":{"@id":"https:\/\/dicodusport.fr\/blog\/leo-carlier-debloque-le-compteur-des-bleuets-du-biathlon-et-devient-vice-champion-du-monde-juniors-de-lindividuel\/"},"wordCount":450,"commentCount":0,"publisher":{"@id":"https:\/\/dicodusport.fr\/blog\/#organization"},"image":{"@id":"https:\/\/dicodusport.fr\/blog\/leo-carlier-debloque-le-compteur-des-bleuets-du-biathlon-et-devient-vice-champion-du-monde-juniors-de-lindividuel\/#primaryimage"},"thumbnailUrl":"https:\/\/dicodusport.fr\/blog\/wp-content\/uploads\/2026\/02\/Leo-Carlier-debloque-le-compteur-des-Bleuets-du-biathlon-et-devient-vice-champion-du-monde-juniors-de-lindividuel.png","keywords":["Biathlon","br\u00e8ve","Championnats du monde de biathlon jeunes et juniors"],"articleSection":["Championnats du monde de biathlon"],"inLanguage":"fr-FR","potentialAction":[{"@type":"CommentAction","name":"Comment","target":["https:\/\/dicodusport.fr\/blog\/leo-carlier-debloque-le-compteur-des-bleuets-du-biathlon-et-devient-vice-champion-du-monde-juniors-de-lindividuel\/#respond"]}],"copyrightYear":"2026","copyrightHolder":{"@id":"https:\/\/dicodusport.fr\/blog\/#organization"}},{"@type":"WebPage","@id":"https:\/\/dicodusport.fr\/blog\/leo-carlier-debloque-le-compteur-des-bleuets-du-biathlon-et-devient-vice-champion-du-monde-juniors-de-lindividuel\/","url":"https:\/\/dicodusport.fr\/blog\/leo-carlier-debloque-le-compteur-des-bleuets-du-biathlon-et-devient-vice-champion-du-monde-juniors-de-lindividuel\/","name":"L\u00e9o Carlier d\u00e9bloque le compteur des Bleuets du biathlon et devient vice-champion du monde juniors de l\u2019individuel","isPartOf":{"@id":"https:\/\/dicodusport.fr\/blog\/#website"},"primaryImageOfPage":{"@id":"https:\/\/dicodusport.fr\/blog\/leo-carlier-debloque-le-compteur-des-bleuets-du-biathlon-et-devient-vice-champion-du-monde-juniors-de-lindividuel\/#primaryimage"},"image":{"@id":"https:\/\/dicodusport.fr\/blog\/leo-carlier-debloque-le-compteur-des-bleuets-du-biathlon-et-devient-vice-champion-du-monde-juniors-de-lindividuel\/#primaryimage"},"thumbnailUrl":"https:\/\/dicodusport.fr\/blog\/wp-content\/uploads\/2026\/02\/Leo-Carlier-debloque-le-compteur-des-Bleuets-du-biathlon-et-devient-vice-champion-du-monde-juniors-de-lindividuel.png","datePublished":"2026-02-28T14:42:32+00:00","dateModified":"2026-02-28T15:02:44+00:00","description":"MONDIAUX BIATHLON JEUNES ET JUNIORS 2026 - L\u00e9o Carlier est tomb\u00e9 sur un Philip Lindkvist-Floetten XXL et prend l'argent sur l'individuel.","breadcrumb":{"@id":"https:\/\/dicodusport.fr\/blog\/leo-carlier-debloque-le-compteur-des-bleuets-du-biathlon-et-devient-vice-champion-du-monde-juniors-de-lindividuel\/#breadcrumb"},"inLanguage":"fr-FR","potentialAction":[{"@type":"ReadAction","target":["https:\/\/dicodusport.fr\/blog\/leo-carlier-debloque-le-compteur-des-bleuets-du-biathlon-et-devient-vice-champion-du-monde-juniors-de-lindividuel\/"]}]},{"@type":"ImageObject","inLanguage":"fr-FR","@id":"https:\/\/dicodusport.fr\/blog\/leo-carlier-debloque-le-compteur-des-bleuets-du-biathlon-et-devient-vice-champion-du-monde-juniors-de-lindividuel\/#primaryimage","url":"https:\/\/dicodusport.fr\/blog\/wp-content\/uploads\/2026\/02\/Leo-Carlier-debloque-le-compteur-des-Bleuets-du-biathlon-et-devient-vice-champion-du-monde-juniors-de-lindividuel.png","contentUrl":"https:\/\/dicodusport.fr\/blog\/wp-content\/uploads\/2026\/02\/Leo-Carlier-debloque-le-compteur-des-Bleuets-du-biathlon-et-devient-vice-champion-du-monde-juniors-de-lindividuel.png","width":1200,"height":674,"caption":"L\u00e9o Carlier d\u00e9bloque le compteur des Bleuets du biathlon et devient vice-champion du monde juniors de l\u2019individuel"},{"@type":"BreadcrumbList","@id":"https:\/\/dicodusport.fr\/blog\/leo-carlier-debloque-le-compteur-des-bleuets-du-biathlon-et-devient-vice-champion-du-monde-juniors-de-lindividuel\/#breadcrumb","itemListElement":[{"@type":"ListItem","position":1,"name":"Accueil","item":"https:\/\/dicodusport.fr\/blog\/"},{"@type":"ListItem","position":2,"name":"L\u00e9o Carlier d\u00e9bloque le compteur des Bleuets du biathlon et devient vice-champion du monde juniors de l\u2019individuel"}]},{"@type":"WebSite","@id":"https:\/\/dicodusport.fr\/blog\/#website","url":"https:\/\/dicodusport.fr\/blog\/","name":"Dicodusport","description":"L&#039;encyclop\u00e9die de l&#039;actualit\u00e9 sportive","publisher":{"@id":"https:\/\/dicodusport.fr\/blog\/#organization"},"potentialAction":[{"@type":"SearchAction","target":{"@type":"EntryPoint","urlTemplate":"https:\/\/dicodusport.fr\/blog\/?s={search_term_string}"},"query-input":{"@type":"PropertyValueSpecification","valueRequired":true,"valueName":"search_term_string"}}],"inLanguage":"fr-FR"},{"@type":"NewsMediaOrganization","@id":"https:\/\/dicodusport.fr\/blog\/#organization","name":"Dicodusport","url":"https:\/\/dicodusport.fr\/blog\/","logo":{"@type":"ImageObject","inLanguage":"fr-FR","@id":"https:\/\/dicodusport.fr\/blog\/#\/schema\/logo\/image\/","url":"https:\/\/dicodusport.fr\/blog\/wp-content\/uploads\/2020\/06\/cropped-LOGO-DICODUSPORT-2020-SANS-FOND-SANS-TEXTE.png","contentUrl":"https:\/\/dicodusport.fr\/blog\/wp-content\/uploads\/2020\/06\/cropped-LOGO-DICODUSPORT-2020-SANS-FOND-SANS-TEXTE.png","width":512,"height":512,"caption":"Dicodusport"},"image":{"@id":"https:\/\/dicodusport.fr\/blog\/#\/schema\/logo\/image\/"},"sameAs":["https:\/\/www.facebook.com\/dicodusport","https:\/\/x.com\/dicodusport","https:\/\/www.instagram.com\/dicodusport\/","https:\/\/www.youtube.com\/channel\/UC7V2KZ5sd3htJivAbA4ZG3w"],"description":"Dicodusport est l'encyclop\u00e9die de l'actualit\u00e9 sportive.","email":"bonjour@dicodusport.fr","legalName":"DICODUSPORT","foundingDate":"2018-01-14","vatID":"FR71834470973","taxID":"83447097300043","numberOfEmployees":{"@type":"QuantitativeValue","minValue":"1","maxValue":"10"}},{"@type":"Person","@id":"https:\/\/dicodusport.fr\/blog\/#\/schema\/person\/416c975648aca9da8839bdfe333a21c9","name":"Sophie Clapier","image":{"@type":"ImageObject","inLanguage":"fr-FR","@id":"https:\/\/dicodusport.fr\/blog\/#\/schema\/person\/image\/","url":"https:\/\/dicodusport.fr\/blog\/wp-content\/uploads\/2021\/05\/Sophie-Clapier-150x150.jpg","contentUrl":"https:\/\/dicodusport.fr\/blog\/wp-content\/uploads\/2021\/05\/Sophie-Clapier-150x150.jpg","caption":"Sophie Clapier"},"description":"Journaliste\/r\u00e9dactrice depuis janvier 2016 - Passionn\u00e9e de sport depuis toujours, j\u2019en ai pratiqu\u00e9 quelques-uns. Judo, football, handball ou encore tennis, je n\u2019ai jamais pu me mettre d\u2019accord sur un en particulier. Mais \u00e7a, c\u2019\u00e9tait avant de d\u00e9couvrir le basket, devenu mon sport de pr\u00e9dilection. Les actions NBA, le All-Star Week-end, la fureur des Game 7 pendant les playoffs ou mieux, lors des Finals, this is why we play. Team Spurs T.P, je m\u2019accroche encore \u00e0 Gregg Popovich (don\u2019t leave !). Team chef Curry, je souhaite qu\u2019il finisse aux Warriors (staaaay !). Non, il n\u2019y a pas qu\u2019eux, des petits nouveaux -et des petites nouvelles \u00e9videmment- arrivent chaque jour dans toutes les disciplines et cr\u00e9ent de nouveaux exploits. Alors pour les grands \u00e9v\u00e9nements et comp\u00e9titions internationales, vive les pulsations 240\/minutes et le d\u00e9fibrillateur pas loin, et allez les Bleu(e)s ! C\u2019est s\u00fbr, j\u2019aurai plus vu ma vie sur un terrain de sport, mais \u00e0 d\u00e9faut d\u2019en faire en haut niveau, je le partage avec vous.","sameAs":["https:\/\/www.facebook.com\/soocube","https:\/\/x.com\/https:\/\/twitter.com\/soocube","admin"],"url":"https:\/\/dicodusport.fr\/blog\/author\/sophie\/"}]}},"_links":{"self":[{"href":"https:\/\/dicodusport.fr\/blog\/wp-json\/wp\/v2\/posts\/651494","targetHints":{"allow":["GET"]}}],"collection":[{"href":"https:\/\/dicodusport.fr\/blog\/wp-json\/wp\/v2\/posts"}],"about":[{"href":"https:\/\/dicodusport.fr\/blog\/wp-json\/wp\/v2\/types\/post"}],"author":[{"embeddable":true,"href":"https:\/\/dicodusport.fr\/blog\/wp-json\/wp\/v2\/users\/18"}],"replies":[{"embeddable":true,"href":"https:\/\/dicodusport.fr\/blog\/wp-json\/wp\/v2\/comments?post=651494"}],"version-history":[{"count":6,"href":"https:\/\/dicodusport.fr\/blog\/wp-json\/wp\/v2\/posts\/651494\/revisions"}],"predecessor-version":[{"id":651555,"href":"https:\/\/dicodusport.fr\/blog\/wp-json\/wp\/v2\/posts\/651494\/revisions\/651555"}],"wp:featuredmedia":[{"embeddable":true,"href":"https:\/\/dicodusport.fr\/blog\/wp-json\/wp\/v2\/media\/651538"}],"wp:attachment":[{"href":"https:\/\/dicodusport.fr\/blog\/wp-json\/wp\/v2\/media?parent=651494"}],"wp:term":[{"taxonomy":"category","embeddable":true,"href":"https:\/\/dicodusport.fr\/blog\/wp-json\/wp\/v2\/categories?post=651494"},{"taxonomy":"post_tag","embeddable":true,"href":"https:\/\/dicodusport.fr\/blog\/wp-json\/wp\/v2\/tags?post=651494"}],"curies":[{"name":"wp","href":"https:\/\/api.w.org\/{rel}","templated":true}]}}