{"id":651683,"date":"2026-03-01T09:44:25","date_gmt":"2026-03-01T08:44:25","guid":{"rendered":"https:\/\/dicodusport.fr\/blog\/?p=651683&#038;preview=true&#038;preview_id=651683"},"modified":"2026-03-01T13:56:32","modified_gmt":"2026-03-01T12:56:32","slug":"motogp-grand-prix-de-thailande-2026-classement-et-resultats-de-la-course","status":"publish","type":"post","link":"https:\/\/dicodusport.fr\/blog\/motogp-grand-prix-de-thailande-2026-classement-et-resultats-de-la-course\/","title":{"rendered":"MotoGP \u2013 Grand Prix de Tha\u00eflande 2026 : Classement et r\u00e9sultats de la course"},"content":{"rendered":"<p style=\"text-align: justify;\"><strong><i>D\u00e9couvrez le classement et les r\u00e9sultats du Grand Prix de Tha\u00eflande MotoGP 2026, disput\u00e9 le dimanche 1er mars sur le circuit de Buriram.<\/i><\/strong><\/p>\n<ul>\n<li style=\"text-align: justify;\"><span style=\"font-size: 16px;\"><strong>\u00c0 ce sujet &#8211; <a href=\"https:\/\/dicodusport.fr\/blog\/grand-prix-de-thailande-motogp-2026-programme-horaires-et-resultats\/\">Grand Prix de Tha\u00eflande MotoGP 2026 : les r\u00e9sultats complets<\/a><\/strong><\/span><span style=\"font-size: 16px;\"><br \/>\n<\/span><\/li>\n<\/ul>\n<p style=\"text-align: justify;\">Le <strong>Grand Prix de Tha\u00eflande 2026 de MotoGP<\/strong> se dispute ce <strong>dimanche 1er mars<\/strong> sur le circuit de <strong>Buriram<\/strong>. Premi\u00e8re manche de la saison, cette course lance officiellement la bataille pour le titre mondial. Apr\u00e8s un samedi d\u00e9j\u00e0 spectaculaire marqu\u00e9 par la premi\u00e8re course sprint de l\u2019ann\u00e9e, les attentes sont \u00e9lev\u00e9es avant ce premier rendez-vous dominical.<\/p>\n<p style=\"text-align: justify;\">La veille, le spectacle a \u00e9t\u00e9 total sur la course sprint, avec la victoire de <strong>Pedro Acosta<\/strong> au terme d\u2019un sc\u00e9nario compl\u00e8tement renversant. Le pilote espagnol a longtemps \u00e9t\u00e9 oppos\u00e9 \u00e0 <strong>Marc M\u00e1rquez<\/strong> dans un duel intense pour la premi\u00e8re place. Les deux hommes se sont rendus coup pour coup dans les derniers tours, avant un d\u00e9nouement inattendu qui a finalement offert le succ\u00e8s au jeune pilote KTM. Ce r\u00e9sultat donne d\u00e9j\u00e0 un premier signal fort dans ce d\u00e9but de championnat : <strong>Acosta<\/strong> semble pr\u00eat \u00e0 jouer les premiers r\u00f4les cette saison.<\/p>\n<div class=\"vlp-link-container vlp-layout-article\"><a href=\"https:\/\/dicodusport.fr\/blog\/pedro-acosta-remporte-la-premiere-course-sprint-de-la-saison-en-thailande-apres-une-fin-rocambolesque\/\" class=\"vlp-link\" title=\"Pedro Acosta remporte la premi\u00e8re course sprint de la saison en Tha\u00eflande apr\u00e8s une fin rocambolesque\"><\/a><div class=\"vlp-layout-zone-side\"><div class=\"vlp-block-4 vlp-link-image\"><img loading=\"lazy\" decoding=\"async\" style=\"max-width: 792px;\" width=\"792\" height=\"445\" src=\"https:\/\/dicodusport.fr\/blog\/wp-content\/uploads\/2026\/02\/Pedro-Acosta-remporte-la-premiere-course-sprint-de-la-saison-en-Thailande-apres-une-fin-rocambolesque-1.png\" class=\"attachment-800x445 size-800x445\" alt=\"Pedro Acosta remporte la premi\u00e8re course sprint de la saison en Tha\u00eflande apr\u00e8s une fin rocambolesque\" srcset=\"https:\/\/dicodusport.fr\/blog\/wp-content\/uploads\/2026\/02\/Pedro-Acosta-remporte-la-premiere-course-sprint-de-la-saison-en-Thailande-apres-une-fin-rocambolesque-1.png 1200w, https:\/\/dicodusport.fr\/blog\/wp-content\/uploads\/2026\/02\/Pedro-Acosta-remporte-la-premiere-course-sprint-de-la-saison-en-Thailande-apres-une-fin-rocambolesque-1-300x169.png 300w, https:\/\/dicodusport.fr\/blog\/wp-content\/uploads\/2026\/02\/Pedro-Acosta-remporte-la-premiere-course-sprint-de-la-saison-en-Thailande-apres-une-fin-rocambolesque-1-1024x575.png 1024w, https:\/\/dicodusport.fr\/blog\/wp-content\/uploads\/2026\/02\/Pedro-Acosta-remporte-la-premiere-course-sprint-de-la-saison-en-Thailande-apres-une-fin-rocambolesque-1-768x431.png 768w\" sizes=\"auto, (max-width: 792px) 100vw, 792px\" \/><\/div><\/div><div class=\"vlp-layout-zone-main\"><div class=\"vlp-block-0 vlp-link-title\">Pedro Acosta remporte la premi\u00e8re course sprint de la saison en Tha\u00eflande apr\u00e8s une fin rocambolesque<\/div><div class=\"vlp-block-1 vlp-link-summary\">MOTOGP - GRAND PRIX DE THA\u00cfLANDE 2026 - Pedro Acosta (Red Bull KTM Factory Racing) remporte la toute premi\u00e8re course sprint de la saison sur le circuit de Buriram. Il devance Marc Marquez (Ducati Lenovo Team) qui a d\u00fb le laisser passer lors du dernier tour apr\u00e8s un accrochage.\u00a0<\/div><div class=\"vlp-block-2 vlp-link-button\">Lire l'article<\/div><div class=\"vlp-block-3 vlp-link-url\">dicodusport.fr<\/div><\/div><\/div>\n<ul>\n<li style=\"text-align: justify;\"><strong>\u00c0 ce sujet &#8211; <a href=\"https:\/\/dicodusport.fr\/blog\/calendrier-motogp-2026-toutes-les-dates-et-le-programme-complet-de-la-saison\/\">Calendrier MotoGP 2026 : toutes les dates et le programme complet de la saison<\/a><\/strong><\/li>\n<\/ul>\n<h2 style=\"text-align: justify;\">Acosta pour le doubl\u00e9 ?<\/h2>\n<p style=\"text-align: justify;\">Mais la course de ce dimanche pourrait rebattre les cartes. Plus longue, plus strat\u00e9gique et souvent plus r\u00e9v\u00e9latrice de la hi\u00e9rarchie r\u00e9elle, elle constitue le premier v\u00e9ritable test de l\u2019ann\u00e9e pour les \u00e9quipes. Ducati reste la r\u00e9f\u00e9rence du plateau et plusieurs de ses pilotes apparaissent encore parmi les favoris. KTM, port\u00e9e par <strong>Acosta,<\/strong> esp\u00e8re confirmer les bonnes impressions du week-end, tandis qu\u2019Aprilia semble \u00e9galement en mesure de se m\u00ealer \u00e0 la lutte pour les premi\u00e8res places.<\/p>\n<p style=\"text-align: justify;\">Derri\u00e8re les pr\u00e9tendants \u00e0 la victoire, d\u2019autres pilotes voudront d\u00e9j\u00e0 marquer des points importants dans la course au championnat. Lors d\u2019une saison de <strong>MotoGP<\/strong> toujours tr\u00e8s dense, chaque r\u00e9sultat compte et une bonne entame peut rapidement peser dans la lutte finale.<\/p>\n<p style=\"text-align: justify;\">Sur un circuit tha\u00eflandais souvent propice aux d\u00e9passements et aux finales serr\u00e9es, tous les ingr\u00e9dients semblent r\u00e9unis pour assister \u00e0 une premi\u00e8re course spectaculaire. Apr\u00e8s une course sprint d\u00e9j\u00e0 anim\u00e9e et pleine de rebondissements, ce<strong> Grand Prix de Tha\u00eflande<\/strong> pourrait bien offrir un premier moment fort de la saison 2026.<\/p>\n<ul>\n<li><strong>\u00c0 ce sujet &#8211; <a href=\"https:\/\/dicodusport.fr\/blog\/motogp-2026-le-classement-du-championnat-du-monde-des-pilotes-mis-a-jour\/\">MotoGP 2026 : le classement du championnat du monde des pilotes mis \u00e0 jour<\/a><\/strong><\/li>\n<\/ul>\n<h2 style=\"text-align: justify;\">Classement du Grand Prix de Tha\u00eflande MotoGP 2026<\/h2>\n<div class=\"su-table su-table-alternate\">\n<table style=\"width: 800px;border-collapse: collapse\" border=\"1\">\n<tbody>\n<tr style=\"height: 24px\">\n<td style=\"border-color: #ebebeb;height: 24px;text-align: center;width: 80px;vertical-align: middle\">\ud83c\udfc6<\/td>\n<td style=\"border-color: #ebebeb;height: 24px;text-align: center;width: 500px;vertical-align: middle\"><span style=\"font-size: 0.9em\"><strong>PILOTES<\/strong><\/span><\/td>\n<td style=\"border-color: #ebebeb;height: 24px;text-align: center;width: 220px;vertical-align: middle\"><span style=\"font-size: 0.9em\"><strong>TEMPS<br \/>\n<\/strong><\/span><\/td>\n<\/tr>\n<tr>\n<td style=\"border-color: #ebebeb;text-align: center;width: 80px;vertical-align: middle\"><strong><span class=\"su-label su-label-type-warning\">1.<\/span><\/strong><\/td>\n<td style=\"border-color: #ebebeb;text-align: center;width: 500px;vertical-align: middle\"><span style=\"font-size: 0.9em\"><strong><img loading=\"lazy\" decoding=\"async\" class=\"alignnone wp-image-651445\" src=\"https:\/\/dicodusport.fr\/blog\/wp-content\/uploads\/2026\/02\/72-MGP-Marco-Bezzecchi.png\" alt=\"\" width=\"30\" height=\"20\" srcset=\"https:\/\/dicodusport.fr\/blog\/wp-content\/uploads\/2026\/02\/72-MGP-Marco-Bezzecchi.png 400w, https:\/\/dicodusport.fr\/blog\/wp-content\/uploads\/2026\/02\/72-MGP-Marco-Bezzecchi-300x200.png 300w\" sizes=\"auto, (max-width: 30px) 100vw, 30px\" \/><br \/>\n\ud83c\uddee\ud83c\uddf9 MARCO BEZZECCHI<br \/>\n<\/strong><span style=\"font-size: 0.8em\">APRILIA RACING<\/span><\/span><\/td>\n<td style=\"border-color: #ebebeb;text-align: center;width: 220px;vertical-align: middle\"><span style=\"font-size: 0.9em\"><strong>39m36.270s<\/strong><\/span><\/td>\n<\/tr>\n<tr>\n<td style=\"border-color: #ebebeb;text-align: center;width: 80px;vertical-align: middle\"><span style=\"font-size: 0.9em\">2.<\/span><\/td>\n<td style=\"border-color: #ebebeb;text-align: center;width: 500px;vertical-align: middle\"><span style=\"font-size: 0.9em\"><strong><img loading=\"lazy\" decoding=\"async\" class=\"alignnone wp-image-651528\" src=\"https:\/\/dicodusport.fr\/blog\/wp-content\/uploads\/2026\/02\/37-MGP-Pedro-Acosta-3.png\" alt=\"\" width=\"30\" height=\"20\" srcset=\"https:\/\/dicodusport.fr\/blog\/wp-content\/uploads\/2026\/02\/37-MGP-Pedro-Acosta-3.png 400w, https:\/\/dicodusport.fr\/blog\/wp-content\/uploads\/2026\/02\/37-MGP-Pedro-Acosta-3-300x200.png 300w\" sizes=\"auto, (max-width: 30px) 100vw, 30px\" \/><br \/>\n\ud83c\uddea\ud83c\uddf8 PEDRO ACOSTA<br style=\"font-size: 14.4px\" \/><\/strong><span style=\"font-size: 0.8em\">RED BULL KTM FACTORY RACING<\/span><\/span><\/td>\n<td style=\"border-color: #ebebeb;text-align: center;width: 220px;vertical-align: middle\"><span style=\"font-size: 0.9em\"><strong>+5.543s<\/strong><\/span><\/td>\n<\/tr>\n<tr style=\"height: 24px\">\n<td style=\"border-color: #ebebeb;height: 24px;text-align: center;width: 80px;vertical-align: middle\"><span style=\"font-size: 0.9em\">3.<\/span><\/td>\n<td style=\"border-color: #ebebeb;height: 24px;text-align: center;width: 500px;vertical-align: middle\"><span style=\"font-size: 0.9em\"><strong><img loading=\"lazy\" decoding=\"async\" class=\"alignnone wp-image-651478\" src=\"https:\/\/dicodusport.fr\/blog\/wp-content\/uploads\/2026\/02\/25-MGP-Raul-Fernandez.png\" alt=\"\" width=\"30\" height=\"20\" srcset=\"https:\/\/dicodusport.fr\/blog\/wp-content\/uploads\/2026\/02\/25-MGP-Raul-Fernandez.png 400w, https:\/\/dicodusport.fr\/blog\/wp-content\/uploads\/2026\/02\/25-MGP-Raul-Fernandez-300x200.png 300w\" sizes=\"auto, (max-width: 30px) 100vw, 30px\" \/><br \/>\n\ud83c\uddea\ud83c\uddf8 RAUL FERNANDEZ<br \/>\n<\/strong><span style=\"font-size: 0.8em\">TRACKHOUSE MOTOGP TEAM<\/span><\/span><\/td>\n<td style=\"border-color: #ebebeb;text-align: center;width: 220px;vertical-align: middle\"><span style=\"font-size: 0.9em\"><strong>+9.259s<\/strong><\/span><\/td>\n<\/tr>\n<tr>\n<td style=\"border-color: #ebebeb;text-align: center;width: 80px;vertical-align: middle\"><span style=\"font-size: 0.9em\">4.<\/span><\/td>\n<td style=\"border-color: #ebebeb;text-align: center;width: 500px;vertical-align: middle\"><span style=\"font-size: 0.9em\"><strong><img loading=\"lazy\" decoding=\"async\" class=\"alignnone wp-image-651445\" src=\"https:\/\/dicodusport.fr\/blog\/wp-content\/uploads\/2026\/02\/72-MGP-Marco-Bezzecchi.png\" alt=\"\" width=\"30\" height=\"20\" srcset=\"https:\/\/dicodusport.fr\/blog\/wp-content\/uploads\/2026\/02\/72-MGP-Marco-Bezzecchi.png 400w, https:\/\/dicodusport.fr\/blog\/wp-content\/uploads\/2026\/02\/72-MGP-Marco-Bezzecchi-300x200.png 300w\" sizes=\"auto, (max-width: 30px) 100vw, 30px\" \/><br \/>\n\ud83c\uddea\ud83c\uddf8 JORGE MARTIN<br style=\"font-size: 14.4px\" \/><\/strong><span style=\"font-size: 0.8em\">APRILIA RACING<\/span><\/span><\/td>\n<td style=\"border-color: #ebebeb;text-align: center;width: 220px;vertical-align: middle\"><span style=\"font-size: 0.9em\"><strong>+12.182s<\/strong><\/span><\/td>\n<\/tr>\n<tr style=\"height: 24px\">\n<td style=\"border-color: #ebebeb;height: 24px;text-align: center;width: 80px;vertical-align: middle\"><span style=\"font-size: 0.9em\">5.<\/span><\/td>\n<td style=\"border-color: #ebebeb;text-align: center;width: 500px;vertical-align: middle\"><span style=\"font-size: 0.9em\"><strong><img loading=\"lazy\" decoding=\"async\" class=\"alignnone wp-image-651478\" src=\"https:\/\/dicodusport.fr\/blog\/wp-content\/uploads\/2026\/02\/25-MGP-Raul-Fernandez.png\" alt=\"\" width=\"30\" height=\"20\" srcset=\"https:\/\/dicodusport.fr\/blog\/wp-content\/uploads\/2026\/02\/25-MGP-Raul-Fernandez.png 400w, https:\/\/dicodusport.fr\/blog\/wp-content\/uploads\/2026\/02\/25-MGP-Raul-Fernandez-300x200.png 300w\" sizes=\"auto, (max-width: 30px) 100vw, 30px\" \/><br \/>\n\ud83c\uddef\ud83c\uddf5 AI OGURA<br \/>\n<\/strong><span style=\"font-size: 0.8em\">TRACKHOUSE MOTOGP TEAM<\/span><\/span><\/td>\n<td style=\"border-color: #ebebeb;text-align: center;width: 220px;vertical-align: middle\"><span style=\"font-size: 0.9em\"><strong>+12.411s<\/strong><\/span><\/td>\n<\/tr>\n<tr>\n<td style=\"border-color: #ebebeb;text-align: center;width: 80px;vertical-align: middle\"><span style=\"font-size: 0.9em\">6.<\/span><\/td>\n<td style=\"border-color: #ebebeb;text-align: center;width: 500px;vertical-align: middle\"><span style=\"font-size: 0.9em\"><strong><img loading=\"lazy\" decoding=\"async\" class=\"alignnone wp-image-651485\" src=\"https:\/\/dicodusport.fr\/blog\/wp-content\/uploads\/2026\/02\/Pertamina-Enduro-VR46-Racing-Team-2026-1.png\" alt=\"\" width=\"30\" height=\"20\" srcset=\"https:\/\/dicodusport.fr\/blog\/wp-content\/uploads\/2026\/02\/Pertamina-Enduro-VR46-Racing-Team-2026-1.png 400w, https:\/\/dicodusport.fr\/blog\/wp-content\/uploads\/2026\/02\/Pertamina-Enduro-VR46-Racing-Team-2026-1-300x200.png 300w\" sizes=\"auto, (max-width: 30px) 100vw, 30px\" \/><br \/>\n\ud83c\uddee\ud83c\uddf9 FABIO DI GIANNANTONIO<br \/>\n<\/strong><span style=\"font-size: 0.8em\">PERTAMINA ENDURO VR46 RACING TEAM<\/span><\/span><\/td>\n<td style=\"border-color: #ebebeb;text-align: center;width: 220px;vertical-align: middle\"><span style=\"font-size: 0.9em\"><strong>+16.845s<\/strong><\/span><\/td>\n<\/tr>\n<tr>\n<td style=\"border-color: #ebebeb;text-align: center;width: 80px;vertical-align: middle\"><span style=\"font-size: 0.9em\">7.<\/span><\/td>\n<td style=\"border-color: #ebebeb;text-align: center;width: 500px;vertical-align: middle\"><span style=\"font-size: 0.9em\"><strong><img loading=\"lazy\" decoding=\"async\" class=\"alignnone wp-image-651528\" src=\"https:\/\/dicodusport.fr\/blog\/wp-content\/uploads\/2026\/02\/37-MGP-Pedro-Acosta-3.png\" alt=\"\" width=\"30\" height=\"20\" srcset=\"https:\/\/dicodusport.fr\/blog\/wp-content\/uploads\/2026\/02\/37-MGP-Pedro-Acosta-3.png 400w, https:\/\/dicodusport.fr\/blog\/wp-content\/uploads\/2026\/02\/37-MGP-Pedro-Acosta-3-300x200.png 300w\" sizes=\"auto, (max-width: 30px) 100vw, 30px\" \/><br \/>\n\ud83c\uddff\ud83c\udde6 BRAD BINDER<br \/>\n<\/strong><span style=\"font-size: 0.8em\">RED BULL KTM FACTORY RACING<\/span><\/span><\/td>\n<td style=\"border-color: #ebebeb;text-align: center;width: 220px;vertical-align: middle\"><span style=\"font-size: 0.9em\"><strong>+17.363s<\/strong><\/span><\/td>\n<\/tr>\n<tr>\n<td style=\"border-color: #ebebeb;text-align: center;width: 80px;vertical-align: middle\"><span style=\"font-size: 0.9em\">8.<\/span><\/td>\n<td style=\"border-color: #ebebeb;height: 24px;text-align: center;width: 500px;vertical-align: middle\"><span style=\"font-size: 0.9em\"><strong><img loading=\"lazy\" decoding=\"async\" class=\"alignnone wp-image-651485\" src=\"https:\/\/dicodusport.fr\/blog\/wp-content\/uploads\/2026\/02\/Pertamina-Enduro-VR46-Racing-Team-2026-1.png\" alt=\"\" width=\"30\" height=\"20\" srcset=\"https:\/\/dicodusport.fr\/blog\/wp-content\/uploads\/2026\/02\/Pertamina-Enduro-VR46-Racing-Team-2026-1.png 400w, https:\/\/dicodusport.fr\/blog\/wp-content\/uploads\/2026\/02\/Pertamina-Enduro-VR46-Racing-Team-2026-1-300x200.png 300w\" sizes=\"auto, (max-width: 30px) 100vw, 30px\" \/><br \/>\n\ud83c\uddee\ud83c\uddf9 FRANCO MORBIDELLI<br \/>\n<\/strong><span style=\"font-size: 0.8em\">PERTAMINA ENDURO VR46 RACING TEAM<\/span><\/span><\/td>\n<td style=\"border-color: #ebebeb;text-align: center;width: 220px;vertical-align: middle\"><span style=\"font-size: 0.9em\"><strong>+18.227s<\/strong><\/span><\/td>\n<\/tr>\n<tr>\n<td style=\"border-color: #ebebeb;text-align: center;width: 80px;vertical-align: middle\"><span style=\"font-size: 0.9em\">9.<\/span><\/td>\n<td style=\"border-color: #ebebeb;text-align: center;width: 500px;vertical-align: middle\"><span style=\"font-size: 0.9em\"><strong><img loading=\"lazy\" decoding=\"async\" class=\"alignnone wp-image-651479\" src=\"https:\/\/dicodusport.fr\/blog\/wp-content\/uploads\/2026\/02\/93-MGP-Marc-Marquez-1.png\" alt=\"\" width=\"30\" height=\"20\" srcset=\"https:\/\/dicodusport.fr\/blog\/wp-content\/uploads\/2026\/02\/93-MGP-Marc-Marquez-1.png 400w, https:\/\/dicodusport.fr\/blog\/wp-content\/uploads\/2026\/02\/93-MGP-Marc-Marquez-1-300x200.png 300w\" sizes=\"auto, (max-width: 30px) 100vw, 30px\" \/><br \/>\n\ud83c\uddee\ud83c\uddf9 FRANCESCO BAGNAIA<br \/>\n<\/strong><span style=\"font-size: 0.8em\">DUCATI LENOVO TEAM<\/span><\/span><\/td>\n<td style=\"border-color: #ebebeb;text-align: center;width: 220px;vertical-align: middle\"><span style=\"font-size: 0.9em\"><strong>+18.340s<\/strong><\/span><\/td>\n<\/tr>\n<tr>\n<td style=\"border-color: #ebebeb;text-align: center;width: 80px;vertical-align: middle\"><span style=\"font-size: 0.9em\">10.<\/span><\/td>\n<td style=\"border-color: #ebebeb;height: 24px;text-align: center;width: 500px;vertical-align: middle\"><span style=\"font-size: 0.9em\"><strong><img loading=\"lazy\" decoding=\"async\" class=\"alignnone wp-image-651527\" src=\"https:\/\/dicodusport.fr\/blog\/wp-content\/uploads\/2026\/02\/10-MGP-Luca-Marini-2.png\" alt=\"\" width=\"30\" height=\"20\" srcset=\"https:\/\/dicodusport.fr\/blog\/wp-content\/uploads\/2026\/02\/10-MGP-Luca-Marini-2.png 400w, https:\/\/dicodusport.fr\/blog\/wp-content\/uploads\/2026\/02\/10-MGP-Luca-Marini-2-300x200.png 300w\" sizes=\"auto, (max-width: 30px) 100vw, 30px\" \/><br \/>\n\ud83c\uddee\ud83c\uddf9 LUCA MARINI<br \/>\n<\/strong><span style=\"font-size: 0.8em\">HONDA HRC CASTROL<\/span><\/span><\/td>\n<td style=\"border-color: #ebebeb;text-align: center;width: 220px;vertical-align: middle\"><span style=\"font-size: 0.9em\"><strong>+19.101s<\/strong><\/span><\/td>\n<\/tr>\n<tr>\n<td style=\"border-color: #ebebeb;text-align: center;width: 80px;vertical-align: middle\"><span style=\"font-size: 0.9em\">11<\/span><span style=\"font-size: 0.9em\">.<\/span><\/td>\n<td style=\"border-color: #ebebeb;text-align: center;width: 500px;vertical-align: middle\"><span style=\"font-size: 0.9em\"><strong><img loading=\"lazy\" decoding=\"async\" class=\"alignnone wp-image-651483\" src=\"https:\/\/dicodusport.fr\/blog\/wp-content\/uploads\/2026\/02\/05-MGP-Johann-Zarco-1.png\" alt=\"\" width=\"30\" height=\"20\" srcset=\"https:\/\/dicodusport.fr\/blog\/wp-content\/uploads\/2026\/02\/05-MGP-Johann-Zarco-1.png 400w, https:\/\/dicodusport.fr\/blog\/wp-content\/uploads\/2026\/02\/05-MGP-Johann-Zarco-1-300x200.png 300w\" sizes=\"auto, (max-width: 30px) 100vw, 30px\" \/><br \/>\n\ud83c\uddeb\ud83c\uddf7 JOHANN ZARCO<br \/>\n<\/strong><span style=\"font-size: 0.8em\">LCR HONDA<\/span><\/span><\/td>\n<td style=\"border-color: #ebebeb;text-align: center;width: 220px;vertical-align: middle\"><span style=\"font-size: 0.9em\"><strong>+19.903<\/strong><\/span><span style=\"font-size: 0.9em\"><strong>s<\/strong><\/span><\/td>\n<\/tr>\n<tr>\n<td style=\"border-color: #ebebeb;text-align: center;width: 80px;vertical-align: middle\"><span style=\"font-size: 0.9em\">12.<\/span><\/td>\n<td style=\"border-color: #ebebeb;text-align: center;width: 500px;vertical-align: middle\"><span style=\"font-size: 0.9em\"><strong><img loading=\"lazy\" decoding=\"async\" class=\"alignnone wp-image-651481\" src=\"https:\/\/dicodusport.fr\/blog\/wp-content\/uploads\/2026\/02\/12-MGP-Maverick-Vinales-3.png\" alt=\"\" width=\"30\" height=\"20\" srcset=\"https:\/\/dicodusport.fr\/blog\/wp-content\/uploads\/2026\/02\/12-MGP-Maverick-Vinales-3.png 400w, https:\/\/dicodusport.fr\/blog\/wp-content\/uploads\/2026\/02\/12-MGP-Maverick-Vinales-3-300x200.png 300w\" sizes=\"auto, (max-width: 30px) 100vw, 30px\" \/><br \/>\n\ud83c\uddee\ud83c\uddf9 ENEA BASTIANINI<br \/>\n<\/strong><span style=\"font-size: 0.8em\">RED BULL KTM TECH3<\/span><\/span><\/td>\n<td style=\"border-color: #ebebeb;text-align: center;width: 220px;vertical-align: middle\"><span style=\"font-size: 0.9em\"><strong>+23.386s<\/strong><\/span><\/td>\n<\/tr>\n<tr>\n<td style=\"border-color: #ebebeb;text-align: center;width: 80px;vertical-align: middle\"><span style=\"font-size: 0.9em\">13.<\/span><\/td>\n<td style=\"border-color: #ebebeb;text-align: center;width: 500px;vertical-align: middle\"><span style=\"font-size: 0.9em\"><strong><img loading=\"lazy\" decoding=\"async\" class=\"alignnone wp-image-651483\" src=\"https:\/\/dicodusport.fr\/blog\/wp-content\/uploads\/2026\/02\/05-MGP-Johann-Zarco-1.png\" alt=\"\" width=\"30\" height=\"20\" srcset=\"https:\/\/dicodusport.fr\/blog\/wp-content\/uploads\/2026\/02\/05-MGP-Johann-Zarco-1.png 400w, https:\/\/dicodusport.fr\/blog\/wp-content\/uploads\/2026\/02\/05-MGP-Johann-Zarco-1-300x200.png 300w\" sizes=\"auto, (max-width: 30px) 100vw, 30px\" \/><br \/>\n\ud83c\udde7\ud83c\uddf7 DIOGO MOREIRA<br \/>\n<\/strong><span style=\"font-size: 0.8em\">LCR HONDA<\/span><\/span><\/td>\n<td style=\"border-color: #ebebeb;text-align: center;width: 220px;vertical-align: middle\"><span style=\"font-size: 0.9em\"><strong>+24.686s<\/strong><\/span><\/td>\n<\/tr>\n<tr>\n<td style=\"border-color: #ebebeb;text-align: center;width: 80px;vertical-align: middle\"><span style=\"font-size: 0.9em\">14.<\/span><\/td>\n<td style=\"border-color: #ebebeb;height: 24px;text-align: center;width: 500px;vertical-align: middle\"><span style=\"font-size: 0.9em\"><strong><img loading=\"lazy\" decoding=\"async\" class=\"alignnone wp-image-651484\" src=\"https:\/\/dicodusport.fr\/blog\/wp-content\/uploads\/2026\/02\/20-MGP-Fabio-Quartararo-3.png\" alt=\"\" width=\"30\" height=\"20\" srcset=\"https:\/\/dicodusport.fr\/blog\/wp-content\/uploads\/2026\/02\/20-MGP-Fabio-Quartararo-3.png 400w, https:\/\/dicodusport.fr\/blog\/wp-content\/uploads\/2026\/02\/20-MGP-Fabio-Quartararo-3-300x200.png 300w\" sizes=\"auto, (max-width: 30px) 100vw, 30px\" \/><br \/>\n\ud83c\uddeb\ud83c\uddf7 FABIO QUARTARARO<strong style=\"font-size: 14.4px\"><br style=\"font-size: 14.4px\" \/><\/strong><\/strong><span style=\"font-size: 0.8em\">MONSTER ENERGY YAMAHA<\/span><\/span><\/td>\n<td style=\"border-color: #ebebeb;text-align: center;width: 220px;vertical-align: middle\"><span style=\"font-size: 0.9em\"><strong>+30.823s<\/strong><\/span><\/td>\n<\/tr>\n<tr>\n<td style=\"border-color: #ebebeb;text-align: center;width: 80px;vertical-align: middle\"><span style=\"font-size: 0.9em\">15.<\/span><\/td>\n<td style=\"border-color: #ebebeb;text-align: center;width: 500px;vertical-align: middle\"><span style=\"font-size: 0.9em\"><strong><img loading=\"lazy\" decoding=\"async\" class=\"alignnone wp-image-651484\" src=\"https:\/\/dicodusport.fr\/blog\/wp-content\/uploads\/2026\/02\/20-MGP-Fabio-Quartararo-3.png\" alt=\"\" width=\"30\" height=\"20\" srcset=\"https:\/\/dicodusport.fr\/blog\/wp-content\/uploads\/2026\/02\/20-MGP-Fabio-Quartararo-3.png 400w, https:\/\/dicodusport.fr\/blog\/wp-content\/uploads\/2026\/02\/20-MGP-Fabio-Quartararo-3-300x200.png 300w\" sizes=\"auto, (max-width: 30px) 100vw, 30px\" \/><br \/>\n\ud83c\uddea\ud83c\uddf8 ALEX RINS<br \/>\n<\/strong><span style=\"font-size: 0.8em\">MONSTER ENERGY YAMAHA<\/span><\/span><\/td>\n<td style=\"border-color: #ebebeb;text-align: center;width: 220px;vertical-align: middle\"><span style=\"font-size: 0.9em\"><strong>+32.955s<\/strong><\/span><\/td>\n<\/tr>\n<tr>\n<td style=\"border-color: #ebebeb;text-align: center;width: 80px;vertical-align: middle\"><span style=\"font-size: 0.9em\">16<\/span><span style=\"font-size: 0.9em\">.<\/span><\/td>\n<td style=\"border-color: #ebebeb;text-align: center;width: 500px;vertical-align: middle\"><span style=\"font-size: 0.9em\"><strong><img loading=\"lazy\" decoding=\"async\" class=\"alignnone wp-image-651481\" src=\"https:\/\/dicodusport.fr\/blog\/wp-content\/uploads\/2026\/02\/12-MGP-Maverick-Vinales-3.png\" alt=\"\" width=\"30\" height=\"20\" srcset=\"https:\/\/dicodusport.fr\/blog\/wp-content\/uploads\/2026\/02\/12-MGP-Maverick-Vinales-3.png 400w, https:\/\/dicodusport.fr\/blog\/wp-content\/uploads\/2026\/02\/12-MGP-Maverick-Vinales-3-300x200.png 300w\" sizes=\"auto, (max-width: 30px) 100vw, 30px\" \/><br \/>\n\ud83c\uddea\ud83c\uddf8 MAVERICK VI\u00d1ALES<br \/>\n<\/strong><span style=\"font-size: 0.8em\">RED BULL KTM TECH3<\/span><\/span><\/td>\n<td style=\"border-color: #ebebeb;text-align: center;width: 220px;vertical-align: middle\"><span style=\"font-size: 0.9em\"><strong>+36.545s<\/strong><\/span><\/td>\n<\/tr>\n<tr>\n<td style=\"border-color: #ebebeb;text-align: center;width: 80px;vertical-align: middle\"><span style=\"font-size: 0.9em\">17.<\/span><\/td>\n<td style=\"border-color: #ebebeb;text-align: center;width: 500px;vertical-align: middle\"><span style=\"font-size: 0.9em\"><strong><img loading=\"lazy\" decoding=\"async\" class=\"alignnone wp-image-651486\" src=\"https:\/\/dicodusport.fr\/blog\/wp-content\/uploads\/2026\/02\/07-MGP-Toprak-Razgatlioglu-1.png\" alt=\"\" width=\"30\" height=\"20\" srcset=\"https:\/\/dicodusport.fr\/blog\/wp-content\/uploads\/2026\/02\/07-MGP-Toprak-Razgatlioglu-1.png 400w, https:\/\/dicodusport.fr\/blog\/wp-content\/uploads\/2026\/02\/07-MGP-Toprak-Razgatlioglu-1-300x200.png 300w\" sizes=\"auto, (max-width: 30px) 100vw, 30px\" \/><br \/>\n\ud83c\uddf9\ud83c\uddf7 TOPRAK RAZGATLIOGLU<br \/>\n<\/strong><span style=\"font-size: 0.8em\">PRIMA PRAMAC YAMAHA<\/span><\/span><\/td>\n<td style=\"border-color: #ebebeb;text-align: center;width: 220px;vertical-align: middle\"><span style=\"font-size: 0.9em\"><strong>+39.194s<\/strong><\/span><\/td>\n<\/tr>\n<tr>\n<td style=\"border-color: #ebebeb;text-align: center;width: 80px;vertical-align: middle\"><span style=\"font-size: 0.9em\">18.<\/span><\/td>\n<td style=\"border-color: #ebebeb;text-align: center;width: 500px;vertical-align: middle\"><strong><span style=\"font-size: 0.9em\"><img loading=\"lazy\" decoding=\"async\" class=\"alignnone wp-image-651486\" src=\"https:\/\/dicodusport.fr\/blog\/wp-content\/uploads\/2026\/02\/07-MGP-Toprak-Razgatlioglu-1.png\" alt=\"\" width=\"30\" height=\"20\" srcset=\"https:\/\/dicodusport.fr\/blog\/wp-content\/uploads\/2026\/02\/07-MGP-Toprak-Razgatlioglu-1.png 400w, https:\/\/dicodusport.fr\/blog\/wp-content\/uploads\/2026\/02\/07-MGP-Toprak-Razgatlioglu-1-300x200.png 300w\" sizes=\"auto, (max-width: 30px) 100vw, 30px\" \/><br \/>\n\ud83c\udde6\ud83c\uddfa JACK MILLER<br \/>\n<\/span><\/strong><span style=\"font-size: 0.9em\"><span style=\"font-size: 0.8em\">PRIMA PRAMAC YAMAHA<\/span><\/span><\/td>\n<td style=\"border-color: #ebebeb;text-align: center;width: 220px;vertical-align: middle\"><span style=\"font-size: 0.9em\"><strong>+47.848s<\/strong><\/span><\/td>\n<\/tr>\n<tr>\n<td style=\"border-color: #ebebeb;text-align: center;width: 80px;vertical-align: middle\"><span style=\"font-size: 0.9em\">19.<\/span><\/td>\n<td style=\"border-color: #ebebeb;text-align: center;width: 500px;vertical-align: middle\"><span style=\"font-size: 0.9em\"><strong><img loading=\"lazy\" decoding=\"async\" class=\"alignnone wp-image-651487\" src=\"https:\/\/dicodusport.fr\/blog\/wp-content\/uploads\/2026\/02\/73-MGP-Alex-Marquez-4.png\" alt=\"\" width=\"30\" height=\"20\" srcset=\"https:\/\/dicodusport.fr\/blog\/wp-content\/uploads\/2026\/02\/73-MGP-Alex-Marquez-4.png 400w, https:\/\/dicodusport.fr\/blog\/wp-content\/uploads\/2026\/02\/73-MGP-Alex-Marquez-4-300x200.png 300w\" sizes=\"auto, (max-width: 30px) 100vw, 30px\" \/><br \/>\n<span style=\"font-size: 1.0em\">\ud83c\uddee\ud83c\uddf9 MICHELE PIRRO<\/span><br \/>\n<\/strong><span style=\"font-size: 0.8em\">BK8 GRESINI RACING<\/span><\/span><\/td>\n<td style=\"border-color: #ebebeb;text-align: center;width: 220px;vertical-align: middle\"><span style=\"font-size: 0.9em\"><strong>+1m03.598s<\/strong><\/span><\/td>\n<\/tr>\n<tr>\n<td style=\"border-color: #ebebeb;text-align: center;width: 80px;vertical-align: middle\"><span style=\"font-size: 0.9em\">20<\/span><span style=\"font-size: 0.9em\">.<\/span><\/td>\n<td style=\"border-color: #ebebeb;text-align: center;width: 500px;vertical-align: middle\"><strong><span style=\"font-size: 0.9em\"><img loading=\"lazy\" decoding=\"async\" class=\"alignnone wp-image-651527\" src=\"https:\/\/dicodusport.fr\/blog\/wp-content\/uploads\/2026\/02\/10-MGP-Luca-Marini-2.png\" alt=\"\" width=\"30\" height=\"20\" srcset=\"https:\/\/dicodusport.fr\/blog\/wp-content\/uploads\/2026\/02\/10-MGP-Luca-Marini-2.png 400w, https:\/\/dicodusport.fr\/blog\/wp-content\/uploads\/2026\/02\/10-MGP-Luca-Marini-2-300x200.png 300w\" sizes=\"auto, (max-width: 30px) 100vw, 30px\" \/><br \/>\n\ud83c\uddea\ud83c\uddf8 JOAN MIR<br \/>\n<\/span><\/strong><span style=\"font-size: 0.9em\"><span style=\"font-size: 0.8em\">HONDA HRC CASTROL<\/span><\/span><\/td>\n<td style=\"border-color: #ebebeb;text-align: center;width: 220px;vertical-align: middle\"><span style=\"font-size: 0.9em\"><strong>DNF<\/strong><\/span><\/td>\n<\/tr>\n<tr>\n<td style=\"border-color: #ebebeb;text-align: center;width: 80px;vertical-align: middle\"><span style=\"font-size: 0.9em\">21.<\/span><\/td>\n<td style=\"border-color: #ebebeb;text-align: center;width: 500px;vertical-align: middle\"><span style=\"font-size: 0.9em\"><strong><img loading=\"lazy\" decoding=\"async\" class=\"alignnone wp-image-651487\" src=\"https:\/\/dicodusport.fr\/blog\/wp-content\/uploads\/2026\/02\/73-MGP-Alex-Marquez-4.png\" alt=\"\" width=\"30\" height=\"20\" srcset=\"https:\/\/dicodusport.fr\/blog\/wp-content\/uploads\/2026\/02\/73-MGP-Alex-Marquez-4.png 400w, https:\/\/dicodusport.fr\/blog\/wp-content\/uploads\/2026\/02\/73-MGP-Alex-Marquez-4-300x200.png 300w\" sizes=\"auto, (max-width: 30px) 100vw, 30px\" \/><br \/>\n\ud83c\uddea\ud83c\uddf8 ALEX MARQUEZ<br \/>\n<\/strong><span style=\"font-size: 0.8em\">BK8 GRESINI RACING<\/span><\/span><\/td>\n<td style=\"border-color: #ebebeb;text-align: center;width: 220px;vertical-align: middle\"><span style=\"font-size: 0.9em\"><strong>DNF<\/strong><\/span><\/td>\n<\/tr>\n<tr>\n<td style=\"border-color: #ebebeb;text-align: center;width: 80px;vertical-align: middle\"><span style=\"font-size: 0.9em\">22.<\/span><\/td>\n<td style=\"border-color: #ebebeb;text-align: center;width: 500px;vertical-align: middle\"><span style=\"font-size: 0.9em\"><strong><img loading=\"lazy\" decoding=\"async\" class=\"alignnone wp-image-651479\" src=\"https:\/\/dicodusport.fr\/blog\/wp-content\/uploads\/2026\/02\/93-MGP-Marc-Marquez-1.png\" alt=\"\" width=\"30\" height=\"20\" srcset=\"https:\/\/dicodusport.fr\/blog\/wp-content\/uploads\/2026\/02\/93-MGP-Marc-Marquez-1.png 400w, https:\/\/dicodusport.fr\/blog\/wp-content\/uploads\/2026\/02\/93-MGP-Marc-Marquez-1-300x200.png 300w\" sizes=\"auto, (max-width: 30px) 100vw, 30px\" \/><br \/>\n\ud83c\uddea\ud83c\uddf8 MARC MARQUEZ<br \/>\n<\/strong><span style=\"font-size: 0.8em\">DUCATI LENOVO TEAM<\/span><\/span><\/td>\n<td style=\"border-color: #ebebeb;text-align: center;width: 220px;vertical-align: middle\"><span style=\"font-size: 0.9em\"><strong>DNF<\/strong><\/span><\/td>\n<\/tr>\n<\/tbody>\n<\/table>\n<\/div>\n","protected":false},"excerpt":{"rendered":"<p>D\u00e9couvrez le classement et les r\u00e9sultats du Grand Prix de Tha\u00eflande MotoGP 2026, disput\u00e9 le dimanche 1er mars sur le circuit de Buriram.<\/p>\n","protected":false},"author":4,"featured_media":651686,"comment_status":"open","ping_status":"closed","sticky":false,"template":"","format":"standard","meta":{"_acf_changed":false,"_daextam_enable_autolinks":"1","footnotes":""},"categories":[47087],"tags":[16878,26930,10938,27004],"class_list":["post-651683","post","type-post","status-publish","format-standard","has-post-thumbnail","hentry","category-motogp","tag-breve","tag-grand-prix-de-thailande-motogp","tag-motogp","tag-motogp-thailande"],"acf":[],"yoast_head":"<!-- This site is optimized with the Yoast SEO Premium plugin v26.7 (Yoast SEO v26.7) - https:\/\/yoast.com\/wordpress\/plugins\/seo\/ -->\n<title>MotoGP \u2013 Grand Prix de Tha\u00eflande 2026 : Classement et r\u00e9sultats de la course<\/title>\n<meta name=\"description\" content=\"D\u00e9couvrez le classement et les r\u00e9sultats du Grand Prix de Tha\u00eflande MotoGP 2026, disput\u00e9 le dimanche 1er mars sur le circuit de Buriram.\" \/>\n<meta name=\"robots\" content=\"index, follow, max-snippet:-1, max-image-preview:large, max-video-preview:-1\" \/>\n<link rel=\"canonical\" href=\"https:\/\/dicodusport.fr\/blog\/motogp-grand-prix-de-thailande-2026-classement-et-resultats-de-la-course\/\" \/>\n<meta property=\"og:locale\" content=\"fr_FR\" \/>\n<meta property=\"og:type\" content=\"article\" \/>\n<meta property=\"og:title\" content=\"Grand Prix de Tha\u00eflande MotoGP 2026 : Le vainqueur, le classement et les r\u00e9sultats\" \/>\n<meta property=\"og:description\" content=\"D\u00e9couvrez le classement et les r\u00e9sultats du Grand Prix de Tha\u00eflande MotoGP 2026, disput\u00e9 le dimanche 1er mars sur le circuit de Buriram.\" \/>\n<meta property=\"og:url\" content=\"https:\/\/dicodusport.fr\/blog\/motogp-grand-prix-de-thailande-2026-classement-et-resultats-de-la-course\/\" \/>\n<meta property=\"og:site_name\" content=\"Dicodusport\" \/>\n<meta property=\"article:publisher\" content=\"https:\/\/www.facebook.com\/dicodusport\" \/>\n<meta property=\"article:author\" content=\"https:\/\/www.facebook.com\/florent.ostermann\" \/>\n<meta property=\"article:published_time\" content=\"2026-03-01T08:44:25+00:00\" \/>\n<meta property=\"article:modified_time\" content=\"2026-03-01T12:56:32+00:00\" \/>\n<meta property=\"og:image\" content=\"https:\/\/dicodusport.fr\/blog\/wp-content\/uploads\/2026\/03\/MotoGP-\u2013-Grand-Prix-de-Thailande-2026-Classement-et-resultats-de-la-course.png\" \/>\n\t<meta property=\"og:image:width\" content=\"1200\" \/>\n\t<meta property=\"og:image:height\" content=\"674\" \/>\n\t<meta property=\"og:image:type\" content=\"image\/png\" \/>\n<meta name=\"author\" content=\"Flo Ostermann\" \/>\n<meta name=\"twitter:card\" content=\"summary_large_image\" \/>\n<meta name=\"twitter:title\" content=\"Grand Prix de Tha\u00eflande MotoGP 2026 : Le vainqueur, le classement et les r\u00e9sultats\" \/>\n<meta name=\"twitter:creator\" content=\"@https:\/\/twitter.com\/FlOstermann\" \/>\n<meta name=\"twitter:site\" content=\"@dicodusport\" \/>\n<script type=\"application\/ld+json\" class=\"yoast-schema-graph\">{\"@context\":\"https:\/\/schema.org\",\"@graph\":[{\"@type\":\"NewsArticle\",\"@id\":\"https:\/\/dicodusport.fr\/blog\/motogp-grand-prix-de-thailande-2026-classement-et-resultats-de-la-course\/#article\",\"isPartOf\":{\"@id\":\"https:\/\/dicodusport.fr\/blog\/motogp-grand-prix-de-thailande-2026-classement-et-resultats-de-la-course\/\"},\"author\":{\"name\":\"Flo Ostermann\",\"@id\":\"https:\/\/dicodusport.fr\/blog\/#\/schema\/person\/cb02af4c173ce4a653b55e9baf388d4a\"},\"headline\":\"MotoGP \u2013 Grand Prix de Tha\u00eflande 2026 : Classement et r\u00e9sultats de la course\",\"datePublished\":\"2026-03-01T08:44:25+00:00\",\"dateModified\":\"2026-03-01T12:56:32+00:00\",\"mainEntityOfPage\":{\"@id\":\"https:\/\/dicodusport.fr\/blog\/motogp-grand-prix-de-thailande-2026-classement-et-resultats-de-la-course\/\"},\"wordCount\":721,\"commentCount\":0,\"publisher\":{\"@id\":\"https:\/\/dicodusport.fr\/blog\/#organization\"},\"image\":{\"@id\":\"https:\/\/dicodusport.fr\/blog\/motogp-grand-prix-de-thailande-2026-classement-et-resultats-de-la-course\/#primaryimage\"},\"thumbnailUrl\":\"https:\/\/dicodusport.fr\/blog\/wp-content\/uploads\/2026\/03\/MotoGP-\u2013-Grand-Prix-de-Thailande-2026-Classement-et-resultats-de-la-course.png\",\"keywords\":[\"br\u00e8ve\",\"Grand Prix de Tha\u00eflande MotoGP\",\"MotoGP\",\"MotoGP Tha\u00eflande\"],\"articleSection\":[\"MotoGP\"],\"inLanguage\":\"fr-FR\",\"potentialAction\":[{\"@type\":\"CommentAction\",\"name\":\"Comment\",\"target\":[\"https:\/\/dicodusport.fr\/blog\/motogp-grand-prix-de-thailande-2026-classement-et-resultats-de-la-course\/#respond\"]}],\"copyrightYear\":\"2026\",\"copyrightHolder\":{\"@id\":\"https:\/\/dicodusport.fr\/blog\/#organization\"}},{\"@type\":\"WebPage\",\"@id\":\"https:\/\/dicodusport.fr\/blog\/motogp-grand-prix-de-thailande-2026-classement-et-resultats-de-la-course\/\",\"url\":\"https:\/\/dicodusport.fr\/blog\/motogp-grand-prix-de-thailande-2026-classement-et-resultats-de-la-course\/\",\"name\":\"MotoGP \u2013 Grand Prix de Tha\u00eflande 2026 : Classement et r\u00e9sultats de la course\",\"isPartOf\":{\"@id\":\"https:\/\/dicodusport.fr\/blog\/#website\"},\"primaryImageOfPage\":{\"@id\":\"https:\/\/dicodusport.fr\/blog\/motogp-grand-prix-de-thailande-2026-classement-et-resultats-de-la-course\/#primaryimage\"},\"image\":{\"@id\":\"https:\/\/dicodusport.fr\/blog\/motogp-grand-prix-de-thailande-2026-classement-et-resultats-de-la-course\/#primaryimage\"},\"thumbnailUrl\":\"https:\/\/dicodusport.fr\/blog\/wp-content\/uploads\/2026\/03\/MotoGP-\u2013-Grand-Prix-de-Thailande-2026-Classement-et-resultats-de-la-course.png\",\"datePublished\":\"2026-03-01T08:44:25+00:00\",\"dateModified\":\"2026-03-01T12:56:32+00:00\",\"description\":\"D\u00e9couvrez le classement et les r\u00e9sultats du Grand Prix de Tha\u00eflande MotoGP 2026, disput\u00e9 le dimanche 1er mars sur le circuit de Buriram.\",\"breadcrumb\":{\"@id\":\"https:\/\/dicodusport.fr\/blog\/motogp-grand-prix-de-thailande-2026-classement-et-resultats-de-la-course\/#breadcrumb\"},\"inLanguage\":\"fr-FR\",\"potentialAction\":[{\"@type\":\"ReadAction\",\"target\":[\"https:\/\/dicodusport.fr\/blog\/motogp-grand-prix-de-thailande-2026-classement-et-resultats-de-la-course\/\"]}]},{\"@type\":\"ImageObject\",\"inLanguage\":\"fr-FR\",\"@id\":\"https:\/\/dicodusport.fr\/blog\/motogp-grand-prix-de-thailande-2026-classement-et-resultats-de-la-course\/#primaryimage\",\"url\":\"https:\/\/dicodusport.fr\/blog\/wp-content\/uploads\/2026\/03\/MotoGP-\u2013-Grand-Prix-de-Thailande-2026-Classement-et-resultats-de-la-course.png\",\"contentUrl\":\"https:\/\/dicodusport.fr\/blog\/wp-content\/uploads\/2026\/03\/MotoGP-\u2013-Grand-Prix-de-Thailande-2026-Classement-et-resultats-de-la-course.png\",\"width\":1200,\"height\":674,\"caption\":\"MotoGP \u2013 Grand Prix de Tha\u00eflande 2026 Classement et r\u00e9sultats de la course\"},{\"@type\":\"BreadcrumbList\",\"@id\":\"https:\/\/dicodusport.fr\/blog\/motogp-grand-prix-de-thailande-2026-classement-et-resultats-de-la-course\/#breadcrumb\",\"itemListElement\":[{\"@type\":\"ListItem\",\"position\":1,\"name\":\"Accueil\",\"item\":\"https:\/\/dicodusport.fr\/blog\/\"},{\"@type\":\"ListItem\",\"position\":2,\"name\":\"MotoGP \u2013 Grand Prix de Tha\u00eflande 2026 : Classement et r\u00e9sultats de la course\"}]},{\"@type\":\"WebSite\",\"@id\":\"https:\/\/dicodusport.fr\/blog\/#website\",\"url\":\"https:\/\/dicodusport.fr\/blog\/\",\"name\":\"Dicodusport\",\"description\":\"L&#039;encyclop\u00e9die de l&#039;actualit\u00e9 sportive\",\"publisher\":{\"@id\":\"https:\/\/dicodusport.fr\/blog\/#organization\"},\"potentialAction\":[{\"@type\":\"SearchAction\",\"target\":{\"@type\":\"EntryPoint\",\"urlTemplate\":\"https:\/\/dicodusport.fr\/blog\/?s={search_term_string}\"},\"query-input\":{\"@type\":\"PropertyValueSpecification\",\"valueRequired\":true,\"valueName\":\"search_term_string\"}}],\"inLanguage\":\"fr-FR\"},{\"@type\":\"NewsMediaOrganization\",\"@id\":\"https:\/\/dicodusport.fr\/blog\/#organization\",\"name\":\"Dicodusport\",\"url\":\"https:\/\/dicodusport.fr\/blog\/\",\"logo\":{\"@type\":\"ImageObject\",\"inLanguage\":\"fr-FR\",\"@id\":\"https:\/\/dicodusport.fr\/blog\/#\/schema\/logo\/image\/\",\"url\":\"https:\/\/dicodusport.fr\/blog\/wp-content\/uploads\/2020\/06\/cropped-LOGO-DICODUSPORT-2020-SANS-FOND-SANS-TEXTE.png\",\"contentUrl\":\"https:\/\/dicodusport.fr\/blog\/wp-content\/uploads\/2020\/06\/cropped-LOGO-DICODUSPORT-2020-SANS-FOND-SANS-TEXTE.png\",\"width\":512,\"height\":512,\"caption\":\"Dicodusport\"},\"image\":{\"@id\":\"https:\/\/dicodusport.fr\/blog\/#\/schema\/logo\/image\/\"},\"sameAs\":[\"https:\/\/www.facebook.com\/dicodusport\",\"https:\/\/x.com\/dicodusport\",\"https:\/\/www.instagram.com\/dicodusport\/\",\"https:\/\/www.youtube.com\/channel\/UC7V2KZ5sd3htJivAbA4ZG3w\"],\"description\":\"Dicodusport est l'encyclop\u00e9die de l'actualit\u00e9 sportive.\",\"email\":\"bonjour@dicodusport.fr\",\"legalName\":\"DICODUSPORT\",\"foundingDate\":\"2018-01-14\",\"vatID\":\"FR71834470973\",\"taxID\":\"83447097300043\",\"numberOfEmployees\":{\"@type\":\"QuantitativeValue\",\"minValue\":\"1\",\"maxValue\":\"10\"}},{\"@type\":\"Person\",\"@id\":\"https:\/\/dicodusport.fr\/blog\/#\/schema\/person\/cb02af4c173ce4a653b55e9baf388d4a\",\"name\":\"Flo Ostermann\",\"image\":{\"@type\":\"ImageObject\",\"inLanguage\":\"fr-FR\",\"@id\":\"https:\/\/dicodusport.fr\/blog\/#\/schema\/person\/image\/\",\"url\":\"https:\/\/dicodusport.fr\/blog\/wp-content\/uploads\/2021\/05\/Flo-Ostermann-150x150.jpg\",\"contentUrl\":\"https:\/\/dicodusport.fr\/blog\/wp-content\/uploads\/2021\/05\/Flo-Ostermann-150x150.jpg\",\"caption\":\"Flo Ostermann\"},\"description\":\"Journaliste\/R\u00e9dacteur depuis septembre 2015 - Mes premiers souvenirs dans le sport ? Les envol\u00e9es du Stade Toulousain et les duels Villeneuve-Schumacher et H\u00e4kkinen-Schumacher \u00e0 la fin des ann\u00e9es 90, la Coupe du monde de football en 1998, l\u2019exploit du XV de France face aux All Blacks en 1999, mais aussi Richard C\u0153ur de Lion qui vole sur les montagnes du Tour de France. Bien parti pour devenir professeur d\u2019EPS, les \u00e9v\u00e9nements de la vie (et la flemme d\u2019animer des s\u00e9ances de 3x500 m\u00e8tres toute ma vie) m\u2019ont conduit \u00e0 revoir mes plans. Me voil\u00e0 depuis fin 2017 sur Dicodusport, m\u00e9dia gr\u00e2ce (et pour) lequel je partage ma passion : le sport dans tous ses \u00e9tats. Le tout accompagn\u00e9 par les fous furieux et folles furieuses cit\u00e9s sur cette page !\",\"sameAs\":[\"https:\/\/www.facebook.com\/florent.ostermann\",\"https:\/\/x.com\/https:\/\/twitter.com\/FlOstermann\",\"admin\"],\"url\":\"https:\/\/dicodusport.fr\/blog\/author\/flo\/\"}]}<\/script>\n<!-- \/ Yoast SEO Premium plugin. -->","yoast_head_json":{"title":"MotoGP \u2013 Grand Prix de Tha\u00eflande 2026 : Classement et r\u00e9sultats de la course","description":"D\u00e9couvrez le classement et les r\u00e9sultats du Grand Prix de Tha\u00eflande MotoGP 2026, disput\u00e9 le dimanche 1er mars sur le circuit de Buriram.","robots":{"index":"index","follow":"follow","max-snippet":"max-snippet:-1","max-image-preview":"max-image-preview:large","max-video-preview":"max-video-preview:-1"},"canonical":"https:\/\/dicodusport.fr\/blog\/motogp-grand-prix-de-thailande-2026-classement-et-resultats-de-la-course\/","og_locale":"fr_FR","og_type":"article","og_title":"Grand Prix de Tha\u00eflande MotoGP 2026 : Le vainqueur, le classement et les r\u00e9sultats","og_description":"D\u00e9couvrez le classement et les r\u00e9sultats du Grand Prix de Tha\u00eflande MotoGP 2026, disput\u00e9 le dimanche 1er mars sur le circuit de Buriram.","og_url":"https:\/\/dicodusport.fr\/blog\/motogp-grand-prix-de-thailande-2026-classement-et-resultats-de-la-course\/","og_site_name":"Dicodusport","article_publisher":"https:\/\/www.facebook.com\/dicodusport","article_author":"https:\/\/www.facebook.com\/florent.ostermann","article_published_time":"2026-03-01T08:44:25+00:00","article_modified_time":"2026-03-01T12:56:32+00:00","og_image":[{"width":1200,"height":674,"url":"https:\/\/dicodusport.fr\/blog\/wp-content\/uploads\/2026\/03\/MotoGP-\u2013-Grand-Prix-de-Thailande-2026-Classement-et-resultats-de-la-course.png","type":"image\/png"}],"author":"Flo Ostermann","twitter_card":"summary_large_image","twitter_title":"Grand Prix de Tha\u00eflande MotoGP 2026 : Le vainqueur, le classement et les r\u00e9sultats","twitter_creator":"@https:\/\/twitter.com\/FlOstermann","twitter_site":"@dicodusport","schema":{"@context":"https:\/\/schema.org","@graph":[{"@type":"NewsArticle","@id":"https:\/\/dicodusport.fr\/blog\/motogp-grand-prix-de-thailande-2026-classement-et-resultats-de-la-course\/#article","isPartOf":{"@id":"https:\/\/dicodusport.fr\/blog\/motogp-grand-prix-de-thailande-2026-classement-et-resultats-de-la-course\/"},"author":{"name":"Flo Ostermann","@id":"https:\/\/dicodusport.fr\/blog\/#\/schema\/person\/cb02af4c173ce4a653b55e9baf388d4a"},"headline":"MotoGP \u2013 Grand Prix de Tha\u00eflande 2026 : Classement et r\u00e9sultats de la course","datePublished":"2026-03-01T08:44:25+00:00","dateModified":"2026-03-01T12:56:32+00:00","mainEntityOfPage":{"@id":"https:\/\/dicodusport.fr\/blog\/motogp-grand-prix-de-thailande-2026-classement-et-resultats-de-la-course\/"},"wordCount":721,"commentCount":0,"publisher":{"@id":"https:\/\/dicodusport.fr\/blog\/#organization"},"image":{"@id":"https:\/\/dicodusport.fr\/blog\/motogp-grand-prix-de-thailande-2026-classement-et-resultats-de-la-course\/#primaryimage"},"thumbnailUrl":"https:\/\/dicodusport.fr\/blog\/wp-content\/uploads\/2026\/03\/MotoGP-\u2013-Grand-Prix-de-Thailande-2026-Classement-et-resultats-de-la-course.png","keywords":["br\u00e8ve","Grand Prix de Tha\u00eflande MotoGP","MotoGP","MotoGP Tha\u00eflande"],"articleSection":["MotoGP"],"inLanguage":"fr-FR","potentialAction":[{"@type":"CommentAction","name":"Comment","target":["https:\/\/dicodusport.fr\/blog\/motogp-grand-prix-de-thailande-2026-classement-et-resultats-de-la-course\/#respond"]}],"copyrightYear":"2026","copyrightHolder":{"@id":"https:\/\/dicodusport.fr\/blog\/#organization"}},{"@type":"WebPage","@id":"https:\/\/dicodusport.fr\/blog\/motogp-grand-prix-de-thailande-2026-classement-et-resultats-de-la-course\/","url":"https:\/\/dicodusport.fr\/blog\/motogp-grand-prix-de-thailande-2026-classement-et-resultats-de-la-course\/","name":"MotoGP \u2013 Grand Prix de Tha\u00eflande 2026 : Classement et r\u00e9sultats de la course","isPartOf":{"@id":"https:\/\/dicodusport.fr\/blog\/#website"},"primaryImageOfPage":{"@id":"https:\/\/dicodusport.fr\/blog\/motogp-grand-prix-de-thailande-2026-classement-et-resultats-de-la-course\/#primaryimage"},"image":{"@id":"https:\/\/dicodusport.fr\/blog\/motogp-grand-prix-de-thailande-2026-classement-et-resultats-de-la-course\/#primaryimage"},"thumbnailUrl":"https:\/\/dicodusport.fr\/blog\/wp-content\/uploads\/2026\/03\/MotoGP-\u2013-Grand-Prix-de-Thailande-2026-Classement-et-resultats-de-la-course.png","datePublished":"2026-03-01T08:44:25+00:00","dateModified":"2026-03-01T12:56:32+00:00","description":"D\u00e9couvrez le classement et les r\u00e9sultats du Grand Prix de Tha\u00eflande MotoGP 2026, disput\u00e9 le dimanche 1er mars sur le circuit de Buriram.","breadcrumb":{"@id":"https:\/\/dicodusport.fr\/blog\/motogp-grand-prix-de-thailande-2026-classement-et-resultats-de-la-course\/#breadcrumb"},"inLanguage":"fr-FR","potentialAction":[{"@type":"ReadAction","target":["https:\/\/dicodusport.fr\/blog\/motogp-grand-prix-de-thailande-2026-classement-et-resultats-de-la-course\/"]}]},{"@type":"ImageObject","inLanguage":"fr-FR","@id":"https:\/\/dicodusport.fr\/blog\/motogp-grand-prix-de-thailande-2026-classement-et-resultats-de-la-course\/#primaryimage","url":"https:\/\/dicodusport.fr\/blog\/wp-content\/uploads\/2026\/03\/MotoGP-\u2013-Grand-Prix-de-Thailande-2026-Classement-et-resultats-de-la-course.png","contentUrl":"https:\/\/dicodusport.fr\/blog\/wp-content\/uploads\/2026\/03\/MotoGP-\u2013-Grand-Prix-de-Thailande-2026-Classement-et-resultats-de-la-course.png","width":1200,"height":674,"caption":"MotoGP \u2013 Grand Prix de Tha\u00eflande 2026 Classement et r\u00e9sultats de la course"},{"@type":"BreadcrumbList","@id":"https:\/\/dicodusport.fr\/blog\/motogp-grand-prix-de-thailande-2026-classement-et-resultats-de-la-course\/#breadcrumb","itemListElement":[{"@type":"ListItem","position":1,"name":"Accueil","item":"https:\/\/dicodusport.fr\/blog\/"},{"@type":"ListItem","position":2,"name":"MotoGP \u2013 Grand Prix de Tha\u00eflande 2026 : Classement et r\u00e9sultats de la course"}]},{"@type":"WebSite","@id":"https:\/\/dicodusport.fr\/blog\/#website","url":"https:\/\/dicodusport.fr\/blog\/","name":"Dicodusport","description":"L&#039;encyclop\u00e9die de l&#039;actualit\u00e9 sportive","publisher":{"@id":"https:\/\/dicodusport.fr\/blog\/#organization"},"potentialAction":[{"@type":"SearchAction","target":{"@type":"EntryPoint","urlTemplate":"https:\/\/dicodusport.fr\/blog\/?s={search_term_string}"},"query-input":{"@type":"PropertyValueSpecification","valueRequired":true,"valueName":"search_term_string"}}],"inLanguage":"fr-FR"},{"@type":"NewsMediaOrganization","@id":"https:\/\/dicodusport.fr\/blog\/#organization","name":"Dicodusport","url":"https:\/\/dicodusport.fr\/blog\/","logo":{"@type":"ImageObject","inLanguage":"fr-FR","@id":"https:\/\/dicodusport.fr\/blog\/#\/schema\/logo\/image\/","url":"https:\/\/dicodusport.fr\/blog\/wp-content\/uploads\/2020\/06\/cropped-LOGO-DICODUSPORT-2020-SANS-FOND-SANS-TEXTE.png","contentUrl":"https:\/\/dicodusport.fr\/blog\/wp-content\/uploads\/2020\/06\/cropped-LOGO-DICODUSPORT-2020-SANS-FOND-SANS-TEXTE.png","width":512,"height":512,"caption":"Dicodusport"},"image":{"@id":"https:\/\/dicodusport.fr\/blog\/#\/schema\/logo\/image\/"},"sameAs":["https:\/\/www.facebook.com\/dicodusport","https:\/\/x.com\/dicodusport","https:\/\/www.instagram.com\/dicodusport\/","https:\/\/www.youtube.com\/channel\/UC7V2KZ5sd3htJivAbA4ZG3w"],"description":"Dicodusport est l'encyclop\u00e9die de l'actualit\u00e9 sportive.","email":"bonjour@dicodusport.fr","legalName":"DICODUSPORT","foundingDate":"2018-01-14","vatID":"FR71834470973","taxID":"83447097300043","numberOfEmployees":{"@type":"QuantitativeValue","minValue":"1","maxValue":"10"}},{"@type":"Person","@id":"https:\/\/dicodusport.fr\/blog\/#\/schema\/person\/cb02af4c173ce4a653b55e9baf388d4a","name":"Flo Ostermann","image":{"@type":"ImageObject","inLanguage":"fr-FR","@id":"https:\/\/dicodusport.fr\/blog\/#\/schema\/person\/image\/","url":"https:\/\/dicodusport.fr\/blog\/wp-content\/uploads\/2021\/05\/Flo-Ostermann-150x150.jpg","contentUrl":"https:\/\/dicodusport.fr\/blog\/wp-content\/uploads\/2021\/05\/Flo-Ostermann-150x150.jpg","caption":"Flo Ostermann"},"description":"Journaliste\/R\u00e9dacteur depuis septembre 2015 - Mes premiers souvenirs dans le sport ? Les envol\u00e9es du Stade Toulousain et les duels Villeneuve-Schumacher et H\u00e4kkinen-Schumacher \u00e0 la fin des ann\u00e9es 90, la Coupe du monde de football en 1998, l\u2019exploit du XV de France face aux All Blacks en 1999, mais aussi Richard C\u0153ur de Lion qui vole sur les montagnes du Tour de France. Bien parti pour devenir professeur d\u2019EPS, les \u00e9v\u00e9nements de la vie (et la flemme d\u2019animer des s\u00e9ances de 3x500 m\u00e8tres toute ma vie) m\u2019ont conduit \u00e0 revoir mes plans. Me voil\u00e0 depuis fin 2017 sur Dicodusport, m\u00e9dia gr\u00e2ce (et pour) lequel je partage ma passion : le sport dans tous ses \u00e9tats. Le tout accompagn\u00e9 par les fous furieux et folles furieuses cit\u00e9s sur cette page !","sameAs":["https:\/\/www.facebook.com\/florent.ostermann","https:\/\/x.com\/https:\/\/twitter.com\/FlOstermann","admin"],"url":"https:\/\/dicodusport.fr\/blog\/author\/flo\/"}]}},"_links":{"self":[{"href":"https:\/\/dicodusport.fr\/blog\/wp-json\/wp\/v2\/posts\/651683","targetHints":{"allow":["GET"]}}],"collection":[{"href":"https:\/\/dicodusport.fr\/blog\/wp-json\/wp\/v2\/posts"}],"about":[{"href":"https:\/\/dicodusport.fr\/blog\/wp-json\/wp\/v2\/types\/post"}],"author":[{"embeddable":true,"href":"https:\/\/dicodusport.fr\/blog\/wp-json\/wp\/v2\/users\/4"}],"replies":[{"embeddable":true,"href":"https:\/\/dicodusport.fr\/blog\/wp-json\/wp\/v2\/comments?post=651683"}],"version-history":[{"count":5,"href":"https:\/\/dicodusport.fr\/blog\/wp-json\/wp\/v2\/posts\/651683\/revisions"}],"predecessor-version":[{"id":651807,"href":"https:\/\/dicodusport.fr\/blog\/wp-json\/wp\/v2\/posts\/651683\/revisions\/651807"}],"wp:featuredmedia":[{"embeddable":true,"href":"https:\/\/dicodusport.fr\/blog\/wp-json\/wp\/v2\/media\/651686"}],"wp:attachment":[{"href":"https:\/\/dicodusport.fr\/blog\/wp-json\/wp\/v2\/media?parent=651683"}],"wp:term":[{"taxonomy":"category","embeddable":true,"href":"https:\/\/dicodusport.fr\/blog\/wp-json\/wp\/v2\/categories?post=651683"},{"taxonomy":"post_tag","embeddable":true,"href":"https:\/\/dicodusport.fr\/blog\/wp-json\/wp\/v2\/tags?post=651683"}],"curies":[{"name":"wp","href":"https:\/\/api.w.org\/{rel}","templated":true}]}}