{"id":652029,"date":"2026-03-03T10:59:27","date_gmt":"2026-03-03T09:59:27","guid":{"rendered":"https:\/\/dicodusport.fr\/blog\/?p=652029&#038;preview=true&#038;preview_id=652029"},"modified":"2026-03-03T10:59:28","modified_gmt":"2026-03-03T09:59:28","slug":"le-samyn-2026-startlist-complete-favoris-horaires-et-diffusion-tv","status":"publish","type":"post","link":"https:\/\/dicodusport.fr\/blog\/le-samyn-2026-startlist-complete-favoris-horaires-et-diffusion-tv\/","title":{"rendered":"Le Samyn 2026 : startlist compl\u00e8te, favoris, horaires et diffusion TV"},"content":{"rendered":"<p style=\"text-align: justify;\"><strong><em>Startlist compl\u00e8te, favoris, horaires et cha\u00eene TV : tout savoir sur Le Samyn 2026, la classique belge entre Quaregnon et Dour avec pav\u00e9s et final explosif.\u00a0<\/em><\/strong><\/p>\n<ul>\n<li style=\"text-align: justify;\"><strong>\u00c0 ce sujet \u2013 <a href=\"https:\/\/dicodusport.fr\/blog\/actualites\/cyclisme\/\">L\u2019actualit\u00e9 du cyclisme<\/a><\/strong><\/li>\n<\/ul>\n<p style=\"text-align: justify;\">Ce mardi 3 mars, le <strong>Samyn 2026<\/strong> s\u2019annonce une nouvelle fois comme une course nerveuse et ouverte entre <strong>Quaregnon<\/strong> et <strong>Dour<\/strong>. Avec ses secteurs pav\u00e9s et ses c\u00f4tes courtes mais explosives dans le final, la classique wallonne attire chaque ann\u00e9e un m\u00e9lange int\u00e9ressant de sprinteurs solides et de sp\u00e9cialistes des courses d\u2019un jour. La startlist de cette \u00e9dition confirme cette tendance avec plusieurs coureurs capables de jouer la victoire.<\/p>\n<h2 style=\"text-align: justify;\">Van Aert sera bien de la partie<\/h2>\n<p style=\"text-align: justify;\">Parmi les principaux favoris, <strong>Wout Van Aert<\/strong> attire logiquement l\u2019attention. Le Belge, <a href=\"https:\/\/dicodusport.fr\/blog\/rentree-reportee-pour-wout-van-aert-le-belge-forfait-pour-lomloop-nieuwsblad-2026\/\">malade et forfait sur le week-end d\u2019ouverture<\/a> lors de l\u2019<a href=\"https:\/\/dicodusport.fr\/blog\/resultats-omloop-nieuwsblad-2026-classement-de-la-course\/\"><strong>Omloop Nieuwsblad<\/strong><\/a> et de <a href=\"https:\/\/dicodusport.fr\/blog\/resultats-kuurne-bruxelles-kuurne-2026-classement-de-la-course\/\"><strong>Kuurne-Bruxelles-Kuurne<\/strong><\/a>, poss\u00e8de toutes les qualit\u00e9s pour briller sur ce type de parcours : puissance sur les pav\u00e9s, capacit\u00e9 \u00e0 encaisser les efforts r\u00e9p\u00e9t\u00e9s et pointe de vitesse suffisante pour conclure dans un groupe r\u00e9duit. Sa pr\u00e9sence pourrait peser lourd sur la physionomie de la course.<\/p>\n<p style=\"text-align: justify;\">Derri\u00e8re lui, plusieurs sprinteurs capables de passer les bosses auront \u00e9galement de grandes ambitions. <strong>Jordi Meeus<\/strong> fait partie de ces profils capables de survivre aux secteurs pav\u00e9s avant de s\u2019imposer au sprint.<\/p>\n<div class=\"vlp-link-container vlp-layout-article\"><a href=\"https:\/\/dicodusport.fr\/blog\/le-samyn-2026-parcours-profil-et-secteurs-paves-de-la-classique-belge\/\" class=\"vlp-link\" title=\"Le Samyn 2026 : parcours, profil et secteurs pav\u00e9s de la classique belge\"><\/a><div class=\"vlp-layout-zone-side\"><div class=\"vlp-block-4 vlp-link-image\"><img loading=\"lazy\" decoding=\"async\" style=\"max-width: 792px;\" width=\"792\" height=\"445\" src=\"https:\/\/dicodusport.fr\/blog\/wp-content\/uploads\/2026\/03\/Le-Samyn-2026-parcours-profil-et-secteurs-paves-de-la-classique-belge.png\" class=\"attachment-800x445 size-800x445\" alt=\"Le Samyn 2026 parcours, profil et secteurs pav\u00e9s de la classique belge\" srcset=\"https:\/\/dicodusport.fr\/blog\/wp-content\/uploads\/2026\/03\/Le-Samyn-2026-parcours-profil-et-secteurs-paves-de-la-classique-belge.png 1200w, https:\/\/dicodusport.fr\/blog\/wp-content\/uploads\/2026\/03\/Le-Samyn-2026-parcours-profil-et-secteurs-paves-de-la-classique-belge-300x169.png 300w, https:\/\/dicodusport.fr\/blog\/wp-content\/uploads\/2026\/03\/Le-Samyn-2026-parcours-profil-et-secteurs-paves-de-la-classique-belge-1024x575.png 1024w, https:\/\/dicodusport.fr\/blog\/wp-content\/uploads\/2026\/03\/Le-Samyn-2026-parcours-profil-et-secteurs-paves-de-la-classique-belge-768x431.png 768w\" sizes=\"auto, (max-width: 792px) 100vw, 792px\" \/><\/div><\/div><div class=\"vlp-layout-zone-main\"><div class=\"vlp-block-0 vlp-link-title\">Le Samyn 2026 : parcours, profil et secteurs pav\u00e9s de la classique belge<\/div><div class=\"vlp-block-1 vlp-link-summary\">D\u00e9couvrez le parcours et le profil du Samyn 2026 : kilom\u00e8tres, c\u00f4tes, secteurs pav\u00e9s et points cl\u00e9s de la classique belge disput\u00e9e entre Quaregnon et Dour.\u00a0<\/div><div class=\"vlp-block-2 vlp-link-button\">Lire l'article<\/div><div class=\"vlp-block-3 vlp-link-url\">dicodusport.fr<\/div><\/div><\/div>\n<p style=\"text-align: justify;\">La course pourrait \u00e9galement sourire \u00e0 des coureurs offensifs. Des profils comme <strong>Lukas Kubis<\/strong> ou <strong>Danny van Poppel<\/strong> ont les armes pour anticiper dans le circuit final et profiter d\u2019un moment d\u2019h\u00e9sitation dans le peloton.<\/p>\n<p style=\"text-align: justify;\">C\u00f4t\u00e9 fran\u00e7ais, quelques coureurs auront une belle carte \u00e0 jouer. <strong>Paul Penho\u00ebt<\/strong>, rapide et de plus en plus solide sur les parcours accident\u00e9s, pourrait tirer son \u00e9pingle du jeu. <strong>Thibaud Gruel<\/strong>, tr\u00e8s \u00e0 l\u2019aise sur les courses nerveuses, fait \u00e9galement partie des outsiders \u00e0 surveiller. Ancien vainqueur de la course, <strong>Hugo Hofstetter<\/strong> sera aussi \u00e0 surveiller.<\/p>\n<p style=\"text-align: justify;\">Avec un parcours pi\u00e9geux et une startlist dense, <strong>Le Samyn 2026<\/strong> pourrait se jouer sur un d\u00e9tail, entre attaque tardive et sprint d\u2019un groupe r\u00e9duit dans les rues de Dour.<\/p>\n<h2 style=\"text-align: justify;\">O\u00f9 regarder le Samyn 2026 \u00e0 la t\u00e9l\u00e9vision ?<\/h2>\n<p style=\"text-align: justify;\">La classique belge est diffus\u00e9e en direct ce <strong>mardi 3 mars<\/strong>. Les t\u00e9l\u00e9spectateurs fran\u00e7ais et belges pourront suivre la course entre Quaregnon et Dour gr\u00e2ce \u00e0 plusieurs diffuseurs.<\/p>\n<h3 style=\"text-align: justify;\">En France :<\/h3>\n<p style=\"text-align: justify;\"><strong>Eurosport 1<\/strong><br \/>\n<strong>HBO Max<\/strong><br \/>\nD\u00e9but du direct : 15h00<\/p>\n<h3 style=\"text-align: justify;\">En Belgique :<\/h3>\n<p style=\"text-align: justify;\"><strong>Tipik<\/strong><br \/>\n<strong>RTBF Auvio<\/strong><br \/>\nD\u00e9but du direct : 15h15<\/p>\n<h3 style=\"text-align: justify;\">C\u00f4t\u00e9 flamand :<\/h3>\n<p style=\"text-align: justify;\"><strong>VRT 1<\/strong><br \/>\n<strong>Sporza.be<\/strong><br \/>\n<strong>VRT Max<\/strong><br \/>\nD\u00e9but du direct : 15h15<\/p>\n<p style=\"text-align: justify;\">Ces diff\u00e9rentes plateformes permettront de suivre l\u2019int\u00e9gralit\u00e9 du final de l\u2019<strong>Ename Samyn Classic 2026<\/strong> et les moments d\u00e9cisifs de cette classique wallonne r\u00e9put\u00e9e pour ses pav\u00e9s et ses routes pi\u00e9geuses.<\/p>\n<h2 style=\"text-align: justify;\">La startlist du Samyn 2026<\/h2>\n<a href=\"https:\/\/dicodusport.fr\/blog\/wp-content\/uploads\/2026\/03\/Startlist-officielle-du-Samyn-2026.pdf\" class=\"pdfemb-viewer\" style=\"\" data-width=\"max\" data-height=\"max\"  data-toolbar=\"both\" data-toolbar-fixed=\"on\">Startlist officielle du Samyn 2026<br\/><\/a>\n<h2 style=\"text-align: justify;\">Le palmar\u00e8s des 14 derni\u00e8res \u00e9ditions du Samyn<\/h2>\n<p style=\"text-align: justify;\"><strong>2025<\/strong> : VAN DER POEL Mathieu &#8211; <a href=\"https:\/\/dicodusport.fr\/blog\/le-samyn-2025-classement-et-resultats-de-la-course\/\"><em>Classement<\/em><\/a><\/p>\n<p style=\"text-align: justify;\"><strong>2024 :<\/strong>\u00a0REX Laurenz \u2013\u00a0<a href=\"https:\/\/dicodusport.fr\/blog\/classement-grand-prix-le-samyn-2024\/\"><em>Classement<\/em><\/a><\/p>\n<p style=\"text-align: justify;\"><strong>2023 :<\/strong>\u00a0MENTEN Milan \u2013\u00a0<a href=\"https:\/\/dicodusport.fr\/blog\/classement-le-samyn-2023\/\"><em>Classement<\/em><\/a><\/p>\n<p style=\"text-align: justify;\"><strong>2022 :<\/strong>\u00a0TRENTIN Matteo \u2013\u00a0<a href=\"https:\/\/dicodusport.fr\/blog\/le-samyn-2022-classement-course\/\"><em>Classement<\/em><\/a><\/p>\n<p style=\"text-align: justify;\"><strong>2021 :<\/strong>\u00a0MERLIER Tim \u2013\u00a0<a href=\"https:\/\/dicodusport.fr\/blog\/le-samyn-2021-classement-course\/\"><em>Classement<\/em><\/a><\/p>\n<p style=\"text-align: justify;\"><strong>2020 :<\/strong>\u00a0HOFSTETTER Hugo<\/p>\n<p style=\"text-align: justify;\"><strong>2019 :<\/strong>\u00a0S\u00c9N\u00c9CHAL Florian<\/p>\n<p style=\"text-align: justify;\"><strong>2018 :<\/strong>\u00a0TERPSTRA Niki<\/p>\n<p style=\"text-align: justify;\"><strong>2017 :<\/strong>\u00a0VAN KEIRSBULCK Guillaume<\/p>\n<p style=\"text-align: justify;\"><strong>2016 :<\/strong>\u00a0TERPSTRA Niki<\/p>\n<p style=\"text-align: justify;\"><strong>2015 :<\/strong>\u00a0BOECKMANS Kris<\/p>\n<p style=\"text-align: justify;\"><strong>2014 :<\/strong>\u00a0VANTOMME Maxime<\/p>\n<p style=\"text-align: justify;\"><strong>2013 :<\/strong>\u00a0TSATEVICH Alexey<\/p>\n<p style=\"text-align: justify;\"><strong>2011 :<\/strong>\u00a0KLEMME Dominic<\/p>\n","protected":false},"excerpt":{"rendered":"<p>Startlist compl\u00e8te, favoris, horaires et cha\u00eene TV : tout savoir sur Le Samyn 2026, la classique belge entre Quaregnon et Dour avec pav\u00e9s et final explosif.\u00a0<\/p>\n","protected":false},"author":4,"featured_media":652065,"comment_status":"open","ping_status":"closed","sticky":false,"template":"","format":"standard","meta":{"_acf_changed":false,"_daextam_enable_autolinks":"1","footnotes":""},"categories":[46994],"tags":[32415,16878,574,11197,7411,7410],"class_list":["post-652029","post","type-post","status-publish","format-standard","has-post-thumbnail","hentry","category-cyclisme-sur-route","tag-actu","tag-breve","tag-cyclisme","tag-cyclisme-sur-route","tag-gp-le-samyn","tag-le-samyn"],"acf":[],"yoast_head":"<!-- This site is optimized with the Yoast SEO Premium plugin v26.7 (Yoast SEO v26.7) - https:\/\/yoast.com\/wordpress\/plugins\/seo\/ -->\n<title>Le Samyn 2026 : startlist compl\u00e8te, favoris, horaires et diffusion TV<\/title>\n<meta name=\"description\" content=\"Startlist compl\u00e8te, favoris, horaires et cha\u00eene TV : tout savoir sur Le Samyn 2026, la classique belge entre Quaregnon et Dour avec pav\u00e9s et final explosif.\u00a0\" \/>\n<meta name=\"robots\" content=\"index, follow, max-snippet:-1, max-image-preview:large, max-video-preview:-1\" \/>\n<link rel=\"canonical\" href=\"https:\/\/dicodusport.fr\/blog\/le-samyn-2026-startlist-complete-favoris-horaires-et-diffusion-tv\/\" \/>\n<meta property=\"og:locale\" content=\"fr_FR\" \/>\n<meta property=\"og:type\" content=\"article\" \/>\n<meta property=\"og:title\" content=\"Le Samyn 2026 : startlist compl\u00e8te, favoris, horaires et diffusion TV\" \/>\n<meta property=\"og:description\" content=\"Startlist compl\u00e8te, favoris, horaires et cha\u00eene TV : tout savoir sur Le Samyn 2026, la classique belge entre Quaregnon et Dour avec pav\u00e9s et final explosif.\u00a0\" \/>\n<meta property=\"og:url\" content=\"https:\/\/dicodusport.fr\/blog\/le-samyn-2026-startlist-complete-favoris-horaires-et-diffusion-tv\/\" \/>\n<meta property=\"og:site_name\" content=\"Dicodusport\" \/>\n<meta property=\"article:publisher\" content=\"https:\/\/www.facebook.com\/dicodusport\" \/>\n<meta property=\"article:author\" content=\"https:\/\/www.facebook.com\/florent.ostermann\" \/>\n<meta property=\"article:published_time\" content=\"2026-03-03T09:59:27+00:00\" \/>\n<meta property=\"article:modified_time\" content=\"2026-03-03T09:59:28+00:00\" \/>\n<meta property=\"og:image\" content=\"https:\/\/dicodusport.fr\/blog\/wp-content\/uploads\/2026\/03\/Le-Samyn-2026-startlist-complete-favoris-horaires-et-diffusion-TV.png\" \/>\n\t<meta property=\"og:image:width\" content=\"1200\" \/>\n\t<meta property=\"og:image:height\" content=\"674\" \/>\n\t<meta property=\"og:image:type\" content=\"image\/png\" \/>\n<meta name=\"author\" content=\"Flo Ostermann\" \/>\n<meta name=\"twitter:card\" content=\"summary_large_image\" \/>\n<meta name=\"twitter:title\" content=\"Le Samyn 2026 : startlist compl\u00e8te, favoris, horaires et diffusion TV\" \/>\n<meta name=\"twitter:creator\" content=\"@https:\/\/twitter.com\/FlOstermann\" \/>\n<meta name=\"twitter:site\" content=\"@dicodusport\" \/>\n<script type=\"application\/ld+json\" class=\"yoast-schema-graph\">{\"@context\":\"https:\/\/schema.org\",\"@graph\":[{\"@type\":\"NewsArticle\",\"@id\":\"https:\/\/dicodusport.fr\/blog\/le-samyn-2026-startlist-complete-favoris-horaires-et-diffusion-tv\/#article\",\"isPartOf\":{\"@id\":\"https:\/\/dicodusport.fr\/blog\/le-samyn-2026-startlist-complete-favoris-horaires-et-diffusion-tv\/\"},\"author\":{\"name\":\"Flo Ostermann\",\"@id\":\"https:\/\/dicodusport.fr\/blog\/#\/schema\/person\/cb02af4c173ce4a653b55e9baf388d4a\"},\"headline\":\"Le Samyn 2026 : startlist compl\u00e8te, favoris, horaires et diffusion TV\",\"datePublished\":\"2026-03-03T09:59:27+00:00\",\"dateModified\":\"2026-03-03T09:59:28+00:00\",\"mainEntityOfPage\":{\"@id\":\"https:\/\/dicodusport.fr\/blog\/le-samyn-2026-startlist-complete-favoris-horaires-et-diffusion-tv\/\"},\"wordCount\":626,\"commentCount\":0,\"publisher\":{\"@id\":\"https:\/\/dicodusport.fr\/blog\/#organization\"},\"image\":{\"@id\":\"https:\/\/dicodusport.fr\/blog\/le-samyn-2026-startlist-complete-favoris-horaires-et-diffusion-tv\/#primaryimage\"},\"thumbnailUrl\":\"https:\/\/dicodusport.fr\/blog\/wp-content\/uploads\/2026\/03\/Le-Samyn-2026-startlist-complete-favoris-horaires-et-diffusion-TV.png\",\"keywords\":[\"actu\",\"br\u00e8ve\",\"Cyclisme\",\"Cyclisme sur route\",\"GP Le Samyn\",\"Le Samyn\"],\"articleSection\":[\"Cyclisme sur route\"],\"inLanguage\":\"fr-FR\",\"potentialAction\":[{\"@type\":\"CommentAction\",\"name\":\"Comment\",\"target\":[\"https:\/\/dicodusport.fr\/blog\/le-samyn-2026-startlist-complete-favoris-horaires-et-diffusion-tv\/#respond\"]}],\"copyrightYear\":\"2026\",\"copyrightHolder\":{\"@id\":\"https:\/\/dicodusport.fr\/blog\/#organization\"}},{\"@type\":\"WebPage\",\"@id\":\"https:\/\/dicodusport.fr\/blog\/le-samyn-2026-startlist-complete-favoris-horaires-et-diffusion-tv\/\",\"url\":\"https:\/\/dicodusport.fr\/blog\/le-samyn-2026-startlist-complete-favoris-horaires-et-diffusion-tv\/\",\"name\":\"Le Samyn 2026 : startlist compl\u00e8te, favoris, horaires et diffusion TV\",\"isPartOf\":{\"@id\":\"https:\/\/dicodusport.fr\/blog\/#website\"},\"primaryImageOfPage\":{\"@id\":\"https:\/\/dicodusport.fr\/blog\/le-samyn-2026-startlist-complete-favoris-horaires-et-diffusion-tv\/#primaryimage\"},\"image\":{\"@id\":\"https:\/\/dicodusport.fr\/blog\/le-samyn-2026-startlist-complete-favoris-horaires-et-diffusion-tv\/#primaryimage\"},\"thumbnailUrl\":\"https:\/\/dicodusport.fr\/blog\/wp-content\/uploads\/2026\/03\/Le-Samyn-2026-startlist-complete-favoris-horaires-et-diffusion-TV.png\",\"datePublished\":\"2026-03-03T09:59:27+00:00\",\"dateModified\":\"2026-03-03T09:59:28+00:00\",\"description\":\"Startlist compl\u00e8te, favoris, horaires et cha\u00eene TV : tout savoir sur Le Samyn 2026, la classique belge entre Quaregnon et Dour avec pav\u00e9s et final explosif.\u00a0\",\"breadcrumb\":{\"@id\":\"https:\/\/dicodusport.fr\/blog\/le-samyn-2026-startlist-complete-favoris-horaires-et-diffusion-tv\/#breadcrumb\"},\"inLanguage\":\"fr-FR\",\"potentialAction\":[{\"@type\":\"ReadAction\",\"target\":[\"https:\/\/dicodusport.fr\/blog\/le-samyn-2026-startlist-complete-favoris-horaires-et-diffusion-tv\/\"]}]},{\"@type\":\"ImageObject\",\"inLanguage\":\"fr-FR\",\"@id\":\"https:\/\/dicodusport.fr\/blog\/le-samyn-2026-startlist-complete-favoris-horaires-et-diffusion-tv\/#primaryimage\",\"url\":\"https:\/\/dicodusport.fr\/blog\/wp-content\/uploads\/2026\/03\/Le-Samyn-2026-startlist-complete-favoris-horaires-et-diffusion-TV.png\",\"contentUrl\":\"https:\/\/dicodusport.fr\/blog\/wp-content\/uploads\/2026\/03\/Le-Samyn-2026-startlist-complete-favoris-horaires-et-diffusion-TV.png\",\"width\":1200,\"height\":674,\"caption\":\"Le Samyn 2026 startlist compl\u00e8te, favoris, horaires et diffusion TV\"},{\"@type\":\"BreadcrumbList\",\"@id\":\"https:\/\/dicodusport.fr\/blog\/le-samyn-2026-startlist-complete-favoris-horaires-et-diffusion-tv\/#breadcrumb\",\"itemListElement\":[{\"@type\":\"ListItem\",\"position\":1,\"name\":\"Accueil\",\"item\":\"https:\/\/dicodusport.fr\/blog\/\"},{\"@type\":\"ListItem\",\"position\":2,\"name\":\"Le Samyn 2026 : startlist compl\u00e8te, favoris, horaires et diffusion TV\"}]},{\"@type\":\"WebSite\",\"@id\":\"https:\/\/dicodusport.fr\/blog\/#website\",\"url\":\"https:\/\/dicodusport.fr\/blog\/\",\"name\":\"Dicodusport\",\"description\":\"L&#039;encyclop\u00e9die de l&#039;actualit\u00e9 sportive\",\"publisher\":{\"@id\":\"https:\/\/dicodusport.fr\/blog\/#organization\"},\"potentialAction\":[{\"@type\":\"SearchAction\",\"target\":{\"@type\":\"EntryPoint\",\"urlTemplate\":\"https:\/\/dicodusport.fr\/blog\/?s={search_term_string}\"},\"query-input\":{\"@type\":\"PropertyValueSpecification\",\"valueRequired\":true,\"valueName\":\"search_term_string\"}}],\"inLanguage\":\"fr-FR\"},{\"@type\":\"NewsMediaOrganization\",\"@id\":\"https:\/\/dicodusport.fr\/blog\/#organization\",\"name\":\"Dicodusport\",\"url\":\"https:\/\/dicodusport.fr\/blog\/\",\"logo\":{\"@type\":\"ImageObject\",\"inLanguage\":\"fr-FR\",\"@id\":\"https:\/\/dicodusport.fr\/blog\/#\/schema\/logo\/image\/\",\"url\":\"https:\/\/dicodusport.fr\/blog\/wp-content\/uploads\/2020\/06\/cropped-LOGO-DICODUSPORT-2020-SANS-FOND-SANS-TEXTE.png\",\"contentUrl\":\"https:\/\/dicodusport.fr\/blog\/wp-content\/uploads\/2020\/06\/cropped-LOGO-DICODUSPORT-2020-SANS-FOND-SANS-TEXTE.png\",\"width\":512,\"height\":512,\"caption\":\"Dicodusport\"},\"image\":{\"@id\":\"https:\/\/dicodusport.fr\/blog\/#\/schema\/logo\/image\/\"},\"sameAs\":[\"https:\/\/www.facebook.com\/dicodusport\",\"https:\/\/x.com\/dicodusport\",\"https:\/\/www.instagram.com\/dicodusport\/\",\"https:\/\/www.youtube.com\/channel\/UC7V2KZ5sd3htJivAbA4ZG3w\"],\"description\":\"Dicodusport est l'encyclop\u00e9die de l'actualit\u00e9 sportive.\",\"email\":\"bonjour@dicodusport.fr\",\"legalName\":\"DICODUSPORT\",\"foundingDate\":\"2018-01-14\",\"vatID\":\"FR71834470973\",\"taxID\":\"83447097300043\",\"numberOfEmployees\":{\"@type\":\"QuantitativeValue\",\"minValue\":\"1\",\"maxValue\":\"10\"}},{\"@type\":\"Person\",\"@id\":\"https:\/\/dicodusport.fr\/blog\/#\/schema\/person\/cb02af4c173ce4a653b55e9baf388d4a\",\"name\":\"Flo Ostermann\",\"image\":{\"@type\":\"ImageObject\",\"inLanguage\":\"fr-FR\",\"@id\":\"https:\/\/dicodusport.fr\/blog\/#\/schema\/person\/image\/\",\"url\":\"https:\/\/dicodusport.fr\/blog\/wp-content\/uploads\/2021\/05\/Flo-Ostermann-150x150.jpg\",\"contentUrl\":\"https:\/\/dicodusport.fr\/blog\/wp-content\/uploads\/2021\/05\/Flo-Ostermann-150x150.jpg\",\"caption\":\"Flo Ostermann\"},\"description\":\"Journaliste\/R\u00e9dacteur depuis septembre 2015 - Mes premiers souvenirs dans le sport ? Les envol\u00e9es du Stade Toulousain et les duels Villeneuve-Schumacher et H\u00e4kkinen-Schumacher \u00e0 la fin des ann\u00e9es 90, la Coupe du monde de football en 1998, l\u2019exploit du XV de France face aux All Blacks en 1999, mais aussi Richard C\u0153ur de Lion qui vole sur les montagnes du Tour de France. Bien parti pour devenir professeur d\u2019EPS, les \u00e9v\u00e9nements de la vie (et la flemme d\u2019animer des s\u00e9ances de 3x500 m\u00e8tres toute ma vie) m\u2019ont conduit \u00e0 revoir mes plans. Me voil\u00e0 depuis fin 2017 sur Dicodusport, m\u00e9dia gr\u00e2ce (et pour) lequel je partage ma passion : le sport dans tous ses \u00e9tats. Le tout accompagn\u00e9 par les fous furieux et folles furieuses cit\u00e9s sur cette page !\",\"sameAs\":[\"https:\/\/www.facebook.com\/florent.ostermann\",\"https:\/\/x.com\/https:\/\/twitter.com\/FlOstermann\",\"admin\"],\"url\":\"https:\/\/dicodusport.fr\/blog\/author\/flo\/\"}]}<\/script>\n<!-- \/ Yoast SEO Premium plugin. -->","yoast_head_json":{"title":"Le Samyn 2026 : startlist compl\u00e8te, favoris, horaires et diffusion TV","description":"Startlist compl\u00e8te, favoris, horaires et cha\u00eene TV : tout savoir sur Le Samyn 2026, la classique belge entre Quaregnon et Dour avec pav\u00e9s et final explosif.\u00a0","robots":{"index":"index","follow":"follow","max-snippet":"max-snippet:-1","max-image-preview":"max-image-preview:large","max-video-preview":"max-video-preview:-1"},"canonical":"https:\/\/dicodusport.fr\/blog\/le-samyn-2026-startlist-complete-favoris-horaires-et-diffusion-tv\/","og_locale":"fr_FR","og_type":"article","og_title":"Le Samyn 2026 : startlist compl\u00e8te, favoris, horaires et diffusion TV","og_description":"Startlist compl\u00e8te, favoris, horaires et cha\u00eene TV : tout savoir sur Le Samyn 2026, la classique belge entre Quaregnon et Dour avec pav\u00e9s et final explosif.\u00a0","og_url":"https:\/\/dicodusport.fr\/blog\/le-samyn-2026-startlist-complete-favoris-horaires-et-diffusion-tv\/","og_site_name":"Dicodusport","article_publisher":"https:\/\/www.facebook.com\/dicodusport","article_author":"https:\/\/www.facebook.com\/florent.ostermann","article_published_time":"2026-03-03T09:59:27+00:00","article_modified_time":"2026-03-03T09:59:28+00:00","og_image":[{"width":1200,"height":674,"url":"https:\/\/dicodusport.fr\/blog\/wp-content\/uploads\/2026\/03\/Le-Samyn-2026-startlist-complete-favoris-horaires-et-diffusion-TV.png","type":"image\/png"}],"author":"Flo Ostermann","twitter_card":"summary_large_image","twitter_title":"Le Samyn 2026 : startlist compl\u00e8te, favoris, horaires et diffusion TV","twitter_creator":"@https:\/\/twitter.com\/FlOstermann","twitter_site":"@dicodusport","schema":{"@context":"https:\/\/schema.org","@graph":[{"@type":"NewsArticle","@id":"https:\/\/dicodusport.fr\/blog\/le-samyn-2026-startlist-complete-favoris-horaires-et-diffusion-tv\/#article","isPartOf":{"@id":"https:\/\/dicodusport.fr\/blog\/le-samyn-2026-startlist-complete-favoris-horaires-et-diffusion-tv\/"},"author":{"name":"Flo Ostermann","@id":"https:\/\/dicodusport.fr\/blog\/#\/schema\/person\/cb02af4c173ce4a653b55e9baf388d4a"},"headline":"Le Samyn 2026 : startlist compl\u00e8te, favoris, horaires et diffusion TV","datePublished":"2026-03-03T09:59:27+00:00","dateModified":"2026-03-03T09:59:28+00:00","mainEntityOfPage":{"@id":"https:\/\/dicodusport.fr\/blog\/le-samyn-2026-startlist-complete-favoris-horaires-et-diffusion-tv\/"},"wordCount":626,"commentCount":0,"publisher":{"@id":"https:\/\/dicodusport.fr\/blog\/#organization"},"image":{"@id":"https:\/\/dicodusport.fr\/blog\/le-samyn-2026-startlist-complete-favoris-horaires-et-diffusion-tv\/#primaryimage"},"thumbnailUrl":"https:\/\/dicodusport.fr\/blog\/wp-content\/uploads\/2026\/03\/Le-Samyn-2026-startlist-complete-favoris-horaires-et-diffusion-TV.png","keywords":["actu","br\u00e8ve","Cyclisme","Cyclisme sur route","GP Le Samyn","Le Samyn"],"articleSection":["Cyclisme sur route"],"inLanguage":"fr-FR","potentialAction":[{"@type":"CommentAction","name":"Comment","target":["https:\/\/dicodusport.fr\/blog\/le-samyn-2026-startlist-complete-favoris-horaires-et-diffusion-tv\/#respond"]}],"copyrightYear":"2026","copyrightHolder":{"@id":"https:\/\/dicodusport.fr\/blog\/#organization"}},{"@type":"WebPage","@id":"https:\/\/dicodusport.fr\/blog\/le-samyn-2026-startlist-complete-favoris-horaires-et-diffusion-tv\/","url":"https:\/\/dicodusport.fr\/blog\/le-samyn-2026-startlist-complete-favoris-horaires-et-diffusion-tv\/","name":"Le Samyn 2026 : startlist compl\u00e8te, favoris, horaires et diffusion TV","isPartOf":{"@id":"https:\/\/dicodusport.fr\/blog\/#website"},"primaryImageOfPage":{"@id":"https:\/\/dicodusport.fr\/blog\/le-samyn-2026-startlist-complete-favoris-horaires-et-diffusion-tv\/#primaryimage"},"image":{"@id":"https:\/\/dicodusport.fr\/blog\/le-samyn-2026-startlist-complete-favoris-horaires-et-diffusion-tv\/#primaryimage"},"thumbnailUrl":"https:\/\/dicodusport.fr\/blog\/wp-content\/uploads\/2026\/03\/Le-Samyn-2026-startlist-complete-favoris-horaires-et-diffusion-TV.png","datePublished":"2026-03-03T09:59:27+00:00","dateModified":"2026-03-03T09:59:28+00:00","description":"Startlist compl\u00e8te, favoris, horaires et cha\u00eene TV : tout savoir sur Le Samyn 2026, la classique belge entre Quaregnon et Dour avec pav\u00e9s et final explosif.\u00a0","breadcrumb":{"@id":"https:\/\/dicodusport.fr\/blog\/le-samyn-2026-startlist-complete-favoris-horaires-et-diffusion-tv\/#breadcrumb"},"inLanguage":"fr-FR","potentialAction":[{"@type":"ReadAction","target":["https:\/\/dicodusport.fr\/blog\/le-samyn-2026-startlist-complete-favoris-horaires-et-diffusion-tv\/"]}]},{"@type":"ImageObject","inLanguage":"fr-FR","@id":"https:\/\/dicodusport.fr\/blog\/le-samyn-2026-startlist-complete-favoris-horaires-et-diffusion-tv\/#primaryimage","url":"https:\/\/dicodusport.fr\/blog\/wp-content\/uploads\/2026\/03\/Le-Samyn-2026-startlist-complete-favoris-horaires-et-diffusion-TV.png","contentUrl":"https:\/\/dicodusport.fr\/blog\/wp-content\/uploads\/2026\/03\/Le-Samyn-2026-startlist-complete-favoris-horaires-et-diffusion-TV.png","width":1200,"height":674,"caption":"Le Samyn 2026 startlist compl\u00e8te, favoris, horaires et diffusion TV"},{"@type":"BreadcrumbList","@id":"https:\/\/dicodusport.fr\/blog\/le-samyn-2026-startlist-complete-favoris-horaires-et-diffusion-tv\/#breadcrumb","itemListElement":[{"@type":"ListItem","position":1,"name":"Accueil","item":"https:\/\/dicodusport.fr\/blog\/"},{"@type":"ListItem","position":2,"name":"Le Samyn 2026 : startlist compl\u00e8te, favoris, horaires et diffusion TV"}]},{"@type":"WebSite","@id":"https:\/\/dicodusport.fr\/blog\/#website","url":"https:\/\/dicodusport.fr\/blog\/","name":"Dicodusport","description":"L&#039;encyclop\u00e9die de l&#039;actualit\u00e9 sportive","publisher":{"@id":"https:\/\/dicodusport.fr\/blog\/#organization"},"potentialAction":[{"@type":"SearchAction","target":{"@type":"EntryPoint","urlTemplate":"https:\/\/dicodusport.fr\/blog\/?s={search_term_string}"},"query-input":{"@type":"PropertyValueSpecification","valueRequired":true,"valueName":"search_term_string"}}],"inLanguage":"fr-FR"},{"@type":"NewsMediaOrganization","@id":"https:\/\/dicodusport.fr\/blog\/#organization","name":"Dicodusport","url":"https:\/\/dicodusport.fr\/blog\/","logo":{"@type":"ImageObject","inLanguage":"fr-FR","@id":"https:\/\/dicodusport.fr\/blog\/#\/schema\/logo\/image\/","url":"https:\/\/dicodusport.fr\/blog\/wp-content\/uploads\/2020\/06\/cropped-LOGO-DICODUSPORT-2020-SANS-FOND-SANS-TEXTE.png","contentUrl":"https:\/\/dicodusport.fr\/blog\/wp-content\/uploads\/2020\/06\/cropped-LOGO-DICODUSPORT-2020-SANS-FOND-SANS-TEXTE.png","width":512,"height":512,"caption":"Dicodusport"},"image":{"@id":"https:\/\/dicodusport.fr\/blog\/#\/schema\/logo\/image\/"},"sameAs":["https:\/\/www.facebook.com\/dicodusport","https:\/\/x.com\/dicodusport","https:\/\/www.instagram.com\/dicodusport\/","https:\/\/www.youtube.com\/channel\/UC7V2KZ5sd3htJivAbA4ZG3w"],"description":"Dicodusport est l'encyclop\u00e9die de l'actualit\u00e9 sportive.","email":"bonjour@dicodusport.fr","legalName":"DICODUSPORT","foundingDate":"2018-01-14","vatID":"FR71834470973","taxID":"83447097300043","numberOfEmployees":{"@type":"QuantitativeValue","minValue":"1","maxValue":"10"}},{"@type":"Person","@id":"https:\/\/dicodusport.fr\/blog\/#\/schema\/person\/cb02af4c173ce4a653b55e9baf388d4a","name":"Flo Ostermann","image":{"@type":"ImageObject","inLanguage":"fr-FR","@id":"https:\/\/dicodusport.fr\/blog\/#\/schema\/person\/image\/","url":"https:\/\/dicodusport.fr\/blog\/wp-content\/uploads\/2021\/05\/Flo-Ostermann-150x150.jpg","contentUrl":"https:\/\/dicodusport.fr\/blog\/wp-content\/uploads\/2021\/05\/Flo-Ostermann-150x150.jpg","caption":"Flo Ostermann"},"description":"Journaliste\/R\u00e9dacteur depuis septembre 2015 - Mes premiers souvenirs dans le sport ? Les envol\u00e9es du Stade Toulousain et les duels Villeneuve-Schumacher et H\u00e4kkinen-Schumacher \u00e0 la fin des ann\u00e9es 90, la Coupe du monde de football en 1998, l\u2019exploit du XV de France face aux All Blacks en 1999, mais aussi Richard C\u0153ur de Lion qui vole sur les montagnes du Tour de France. Bien parti pour devenir professeur d\u2019EPS, les \u00e9v\u00e9nements de la vie (et la flemme d\u2019animer des s\u00e9ances de 3x500 m\u00e8tres toute ma vie) m\u2019ont conduit \u00e0 revoir mes plans. Me voil\u00e0 depuis fin 2017 sur Dicodusport, m\u00e9dia gr\u00e2ce (et pour) lequel je partage ma passion : le sport dans tous ses \u00e9tats. Le tout accompagn\u00e9 par les fous furieux et folles furieuses cit\u00e9s sur cette page !","sameAs":["https:\/\/www.facebook.com\/florent.ostermann","https:\/\/x.com\/https:\/\/twitter.com\/FlOstermann","admin"],"url":"https:\/\/dicodusport.fr\/blog\/author\/flo\/"}]}},"_links":{"self":[{"href":"https:\/\/dicodusport.fr\/blog\/wp-json\/wp\/v2\/posts\/652029","targetHints":{"allow":["GET"]}}],"collection":[{"href":"https:\/\/dicodusport.fr\/blog\/wp-json\/wp\/v2\/posts"}],"about":[{"href":"https:\/\/dicodusport.fr\/blog\/wp-json\/wp\/v2\/types\/post"}],"author":[{"embeddable":true,"href":"https:\/\/dicodusport.fr\/blog\/wp-json\/wp\/v2\/users\/4"}],"replies":[{"embeddable":true,"href":"https:\/\/dicodusport.fr\/blog\/wp-json\/wp\/v2\/comments?post=652029"}],"version-history":[{"count":4,"href":"https:\/\/dicodusport.fr\/blog\/wp-json\/wp\/v2\/posts\/652029\/revisions"}],"predecessor-version":[{"id":652197,"href":"https:\/\/dicodusport.fr\/blog\/wp-json\/wp\/v2\/posts\/652029\/revisions\/652197"}],"wp:featuredmedia":[{"embeddable":true,"href":"https:\/\/dicodusport.fr\/blog\/wp-json\/wp\/v2\/media\/652065"}],"wp:attachment":[{"href":"https:\/\/dicodusport.fr\/blog\/wp-json\/wp\/v2\/media?parent=652029"}],"wp:term":[{"taxonomy":"category","embeddable":true,"href":"https:\/\/dicodusport.fr\/blog\/wp-json\/wp\/v2\/categories?post=652029"},{"taxonomy":"post_tag","embeddable":true,"href":"https:\/\/dicodusport.fr\/blog\/wp-json\/wp\/v2\/tags?post=652029"}],"curies":[{"name":"wp","href":"https:\/\/api.w.org\/{rel}","templated":true}]}}