{"id":652058,"date":"2026-03-04T18:00:01","date_gmt":"2026-03-04T17:00:01","guid":{"rendered":"https:\/\/dicodusport.fr\/blog\/?p=652058&#038;preview=true&#038;preview_id=652058"},"modified":"2026-03-05T16:43:43","modified_gmt":"2026-03-05T15:43:43","slug":"hernandez-bauchet-daviet-les-chances-de-medailles-francaises-aux-jeux-paralympiques-2026","status":"publish","type":"post","link":"https:\/\/dicodusport.fr\/blog\/hernandez-bauchet-daviet-les-chances-de-medailles-francaises-aux-jeux-paralympiques-2026\/","title":{"rendered":"Hernandez, Bauchet, Daviet\u2026 les chances de m\u00e9dailles fran\u00e7aises aux Jeux Paralympiques 2026"},"content":{"rendered":"<p style=\"text-align: justify;\"><em><strong>Les Jeux Paralympiques de Milan-Cortina ouvrent leurs portes le 6 mars avec une petite d\u00e9l\u00e9gation tricolore. Petite\u2026 mais costaude ! Dicodusport vous pr\u00e9sente les chances de m\u00e9dailles fran\u00e7aises durant cette dizaine.<\/strong><\/em><\/p>\n<ul style=\"text-align: justify;\">\n<li style=\"text-align: justify;\"><strong>\u00c0 ce sujet &#8211; <a href=\"https:\/\/dicodusport.fr\/blog\/arthur-bauchet-cecile-hernandez-les-13-athletes-francais-selectionnes-pour-les-jeux-paralympiques-2026\/\">Arthur Bauchet, C\u00e9cile Hernandez&#8230; les 13 athl\u00e8tes s\u00e9lectionn\u00e9s pour les Jeux Paralympiques 2026<\/a><\/strong><\/li>\n<\/ul>\n<p style=\"text-align: justify;\">Ils seront <strong>13 athl\u00e8tes fran\u00e7ais<\/strong>, accompagn\u00e9s de <strong>4 guides<\/strong>, \u00e0 succ\u00e9der aux Olympiens. Une petite d\u00e9l\u00e9gation, mais ce n\u2019est pas le nombre qui fait la force. Car l\u2019\u00e9quipe de France compte bien continuer d\u2019\u00e9crire quelques belles pages de son histoire. Pr\u00e8s de la moiti\u00e9 du collectif a d\u00e9j\u00e0 \u00e9t\u00e9 r\u00e9compens\u00e9e aux Jeux et, malgr\u00e9 la retraite de la multim\u00e9daill\u00e9e <strong>Marie Bochet<\/strong> apr\u00e8s l\u2019\u00e9dition 2022, la rel\u00e8ve est assur\u00e9e.<\/p>\n<div class=\"vlp-link-container vlp-layout-article\"><a href=\"https:\/\/dicodusport.fr\/blog\/aurelie-richard-decroche-le-gros-globe-en-para-ski-alpin-trois-podiums-pour-les-bleus-sur-la-deuxieme-descente-de-tignes\/\" class=\"vlp-link\" title=\"Aur\u00e9lie Richard d\u00e9croche le gros globe en para ski alpin, trois podiums pour les Bleus sur la deuxi\u00e8me descente de Tignes\"><\/a><div class=\"vlp-layout-zone-side\"><div class=\"vlp-block-4 vlp-link-image\"><img loading=\"lazy\" decoding=\"async\" style=\"max-width: 792px;\" width=\"792\" height=\"445\" src=\"https:\/\/dicodusport.fr\/blog\/wp-content\/uploads\/2026\/02\/Aurelie-Richard-decroche-le-gros-globe-en-para-ski-alpin-trois-podiums-pour-les-Bleus-sur-la-deuxieme-descente-de-Tignes.png\" class=\"attachment-800x445 size-800x445\" alt=\"Aur\u00e9lie Richard d\u00e9croche le gros globe en para ski alpin, trois podiums pour les Bleus sur la deuxi\u00e8me descente de Tignes\" srcset=\"https:\/\/dicodusport.fr\/blog\/wp-content\/uploads\/2026\/02\/Aurelie-Richard-decroche-le-gros-globe-en-para-ski-alpin-trois-podiums-pour-les-Bleus-sur-la-deuxieme-descente-de-Tignes.png 1200w, https:\/\/dicodusport.fr\/blog\/wp-content\/uploads\/2026\/02\/Aurelie-Richard-decroche-le-gros-globe-en-para-ski-alpin-trois-podiums-pour-les-Bleus-sur-la-deuxieme-descente-de-Tignes-300x169.png 300w, https:\/\/dicodusport.fr\/blog\/wp-content\/uploads\/2026\/02\/Aurelie-Richard-decroche-le-gros-globe-en-para-ski-alpin-trois-podiums-pour-les-Bleus-sur-la-deuxieme-descente-de-Tignes-1024x575.png 1024w, https:\/\/dicodusport.fr\/blog\/wp-content\/uploads\/2026\/02\/Aurelie-Richard-decroche-le-gros-globe-en-para-ski-alpin-trois-podiums-pour-les-Bleus-sur-la-deuxieme-descente-de-Tignes-768x431.png 768w\" sizes=\"auto, (max-width: 792px) 100vw, 792px\" \/><\/div><\/div><div class=\"vlp-layout-zone-main\"><div class=\"vlp-block-0 vlp-link-title\">Aur\u00e9lie Richard d\u00e9croche le gros globe en para ski alpin, trois podiums pour les Bleus sur la deuxi\u00e8me descente de Tignes<\/div><div class=\"vlp-block-1 vlp-link-summary\">COUPE DU MONDE DE PARA SKI ALPIN 2025\/2026 - D\u00e9j\u00e0 assur\u00e9e du gros globe, Aur\u00e9lie Richard a pris la 2\u00e8me place de la deuxi\u00e8me descente de Tignes. Arthur Bauchet et Hyacinthe Deleplace signent aussi un podium.<\/div><div class=\"vlp-block-2 vlp-link-button\">Lire l'article<\/div><div class=\"vlp-block-3 vlp-link-url\">dicodusport.fr<\/div><\/div><\/div>\n<h2 style=\"text-align: justify;\">Aur\u00e9lie Richard sur les traces de Marie Bochet\u00a0?<\/h2>\n<p style=\"text-align: justify;\">\u00c0 20 ans, <strong>Aur\u00e9lie Richard<\/strong> n\u2019a pas encore le palmar\u00e8s impressionnant de <strong>Marie Bochet<\/strong>. Elle a n\u00e9anmoins toutes les cartes en main pour s\u2019en rapprocher. Et s\u2019il faut y voir un signe, c\u2019est \u00e0 cet \u00e2ge que l\u2019octuple championne a remport\u00e9 ses premiers titres paralympiques, en signant \u00e0 <strong>Sotchi<\/strong> un quadrupl\u00e9 dor\u00e9.<\/p>\n<p style=\"text-align: justify;\">Mont\u00e9e sur le podium au moins une fois lors de chaque \u00e9tape de <strong>Coupe du monde<\/strong> cette saison, <strong>Aur\u00e9lie Richard<\/strong> a d\u00e9croch\u00e9 son premier gros globe de cristal. En confiance, sa polyvalence pourrait bien lui permettre de frapper un grand coup. Le plus gros obstacle reste la Su\u00e9doise <strong>Ebba \u00c5rsj\u00f6<\/strong>, double championne paralympique en titre du slalom et du super-combin\u00e9.<\/p>\n<p style=\"text-align: justify;\">Cinq \u00e9preuves sont au programme du ski alpin. Et <strong>Aur\u00e9lie Richard<\/strong> est loin d\u2019\u00eatre la seule botte secr\u00e8te tricolore, car un autre Bleu vise un Grand Chelem.<\/p>\n<ul>\n<li style=\"text-align: justify;\"><strong>\u00c0 ce sujet &#8211; <a href=\"https:\/\/dicodusport.fr\/blog\/calendrier-des-jeux-paralympiques-dhiver-2026-programme-complet-des-epreuves-jour-par-jour-milan-cortina\/\">Calendrier des Jeux Paralympiques d\u2019hiver 2026 : programme complet des \u00e9preuves jour par jour (Milan-Cortina)<\/a><\/strong><\/li>\n<\/ul>\n<h2 style=\"text-align: justify;\">Le quintupl\u00e9 pour Arthur Bauchet\u00a0?<\/h2>\n<p style=\"text-align: justify;\">D\u00e9\u00e7us des <a href=\"https:\/\/dicodusport.fr\/blog\/ski-alpin-jo-2026-programme-horaires-et-resultats\/\">r\u00e9sultats fran\u00e7ais en ski alpin lors des Jeux Olympiques<\/a>\u00a0? On a ce qu\u2019il vous faut pour vous redonner le sourire. Car c\u2019est bien cette discipline qui devrait garnir majoritairement l\u2019escarcelle tricolore pendant cette quinzaine paralympique. Plus grand pourvoyeur de m\u00e9dailles il y a quatre ans \u00e0 <strong>P\u00e9kin<\/strong> avec <strong>Benjamin Daviet<\/strong> (biathlon\/ski de fond), <strong>Arthur Bauchet<\/strong> s\u2019est lanc\u00e9 un d\u00e9fi fou\u00a0: celui de r\u00e9aliser le Grand Chelem.<\/p>\n<p style=\"text-align: justify;\">Couronn\u00e9 \u00e0 trois reprises il y a quatre ans, il vise cette fois la plus haute marche du podium sur les cinq courses au programme. Des ambitions \u00e0 la hauteur de son statut de leader de la <strong>Coupe du monde<\/strong>, lui qui cumule plus de 100 podiums sur le circuit \u00e0 25 ans. Mais la concurrence sera de taille. Le Suisse <strong>Robin Cuche<\/strong> pourrait bien lui mettre des b\u00e2tons dans les roues, tout comme certains de ses compatriotes.<\/p>\n<p style=\"text-align: justify;\">Dans un collectif tr\u00e8s dense, <strong>Jules Segers<\/strong> ou encore <strong>Oscar Burnham<\/strong> peuvent notamment pr\u00e9tendre \u00e0 la victoire sur certaines sp\u00e9cialit\u00e9s de cette cat\u00e9gorie debout.<\/p>\n<blockquote class=\"twitter-tweet\">\n<p dir=\"ltr\" lang=\"fr\">\ud83c\uddeb\ud83c\uddf7 Le palmar\u00e8s XXL d&rsquo;Arthur Bauchet \ud83e\udd29<\/p>\n<p>Hors norme \u00e0 seulement 25 ans \ud83d\udc4f <a href=\"https:\/\/t.co\/5E9p5h5ycX\">pic.twitter.com\/5E9p5h5ycX<\/a><\/p>\n<p>\u2014 SPORTRICOLORE (@sportricolore) <a href=\"https:\/\/twitter.com\/sportricolore\/status\/2021575014563168439?ref_src=twsrc%5Etfw\">February 11, 2026<\/a><\/p><\/blockquote>\n<p style=\"text-align: justify;\"><script async src=\"https:\/\/platform.twitter.com\/widgets.js\" charset=\"utf-8\"><\/script><\/p>\n<h2 style=\"text-align: justify;\">Les fondeurs sur tous les fronts<\/h2>\n<p style=\"text-align: justify;\">Ils seront trois \u00e0 doubler les disciplines. Entre ski de fond et biathlon, <strong>Benjamin Daviet<\/strong>, <strong>Anthony Chalen\u00e7on<\/strong> et <strong>Karl Tabouret<\/strong> multiplieront les efforts, et on l\u2019esp\u00e8re les m\u00e9dailles. Par leur palmar\u00e8s, les deux premiers cit\u00e9s feront d\u00e9couvrir la ferveur des Jeux au petit nouveau, et par ailleurs plus jeune repr\u00e9sentant de cette d\u00e9l\u00e9gation fran\u00e7aise. Mais du haut de ses 22 ans, <strong>Karl Tabouret<\/strong> a tout pour s\u2019asseoir \u00e0 la table des grands.<\/p>\n<p style=\"text-align: justify;\"><a href=\"https:\/\/dicodusport.fr\/blog\/mondiaux-de-para-ski-de-fond-karl-tabouret-champion-du-monde-du-sprint-classique-benjamin-daviet-en-bronze\/\">Champion du monde de sprint classique<\/a>, <a href=\"https:\/\/dicodusport.fr\/blog\/mondiaux-de-para-ski-de-fond-karl-tabouret-en-argent-sur-le-10-km-classique\/\">vice-champion du monde du 10 km<\/a>, il est le successeur annonc\u00e9 de <strong>Benjamin Daviet<\/strong>. Pour marcher dans les pas de son mod\u00e8le, la confirmation passe par ces premiers Jeux paralympiques. Quand d\u2019autres disputeront l\u00e0 leurs ultimes Olympiades. Normalement\u2026<\/p>\n<div class=\"vlp-link-container vlp-layout-article\"><a href=\"https:\/\/dicodusport.fr\/blog\/predestine-aux-jeux-2030-karl-tabouret-para-ski-de-fond-et-para-biathlon-est-deja-pret-pour-milan-cortina\/\" class=\"vlp-link\" title=\"Pr\u00e9destin\u00e9 aux Jeux 2030, Karl Tabouret (para ski de fond et para biathlon) est d\u00e9j\u00e0 pr\u00eat pour Milan-Cortina\"><\/a><div class=\"vlp-layout-zone-side\"><div class=\"vlp-block-4 vlp-link-image\"><img loading=\"lazy\" decoding=\"async\" style=\"max-width: 792px;\" width=\"792\" height=\"445\" src=\"https:\/\/dicodusport.fr\/blog\/wp-content\/uploads\/2026\/02\/Predestine-aux-Jeux-2030-Karl-Tabouret-para-ski-de-fond-et-para-biathlon-est-deja-pret-pour-Milan-Cortina.png\" class=\"attachment-800x445 size-800x445\" alt=\"Pr\u00e9destin\u00e9 aux Jeux 2030, Karl Tabouret (para ski de fond et para biathlon) est d\u00e9j\u00e0 pr\u00eat pour Milan-Cortina\" srcset=\"https:\/\/dicodusport.fr\/blog\/wp-content\/uploads\/2026\/02\/Predestine-aux-Jeux-2030-Karl-Tabouret-para-ski-de-fond-et-para-biathlon-est-deja-pret-pour-Milan-Cortina.png 1200w, https:\/\/dicodusport.fr\/blog\/wp-content\/uploads\/2026\/02\/Predestine-aux-Jeux-2030-Karl-Tabouret-para-ski-de-fond-et-para-biathlon-est-deja-pret-pour-Milan-Cortina-300x169.png 300w, https:\/\/dicodusport.fr\/blog\/wp-content\/uploads\/2026\/02\/Predestine-aux-Jeux-2030-Karl-Tabouret-para-ski-de-fond-et-para-biathlon-est-deja-pret-pour-Milan-Cortina-1024x575.png 1024w, https:\/\/dicodusport.fr\/blog\/wp-content\/uploads\/2026\/02\/Predestine-aux-Jeux-2030-Karl-Tabouret-para-ski-de-fond-et-para-biathlon-est-deja-pret-pour-Milan-Cortina-768x431.png 768w\" sizes=\"auto, (max-width: 792px) 100vw, 792px\" \/><\/div><\/div><div class=\"vlp-layout-zone-main\"><div class=\"vlp-block-0 vlp-link-title\">Pr\u00e9destin\u00e9 aux Jeux 2030, Karl Tabouret (para ski de fond et para biathlon) est d\u00e9j\u00e0 pr\u00eat pour Milan-Cortina<\/div><div class=\"vlp-block-1 vlp-link-summary\">JEUX PARALYMPIQUES 2026 - Auteur d\u2019un hiver tr\u00e8s solide en Coupe du monde, le jeune Karl Tabouret (22 ans) pourrait \u00eatre la grande r\u00e9v\u00e9lation de Milan-Cortina en para ski de fond et para biathlon.<\/div><div class=\"vlp-block-2 vlp-link-button\">Lire l'article<\/div><div class=\"vlp-block-3 vlp-link-url\">dicodusport.fr<\/div><\/div><\/div>\n<h2 style=\"text-align: justify;\">Une fin en apoth\u00e9ose pour C\u00e9cile Hernandez\u00a0?<\/h2>\n<p style=\"text-align: justify;\">On quitte les skis pour la planche avec la plus exp\u00e9riment\u00e9e des Bleues\u00a0: <strong>C\u00e9cile Hernandez<\/strong>. Si elle \u00e9tait la seule femme \u00e0 pouvoir pr\u00e9tendre au r\u00f4le de porte-drapeau national, sa nomination est amplement m\u00e9rit\u00e9e, et logique. Depuis l\u2019entr\u00e9e du para snowboard aux Jeux de <strong>Sotchi<\/strong> en 2014, elle est mont\u00e9e sur quatre des cinq podiums. Derni\u00e8re r\u00e9compense en date\u00a0: <a href=\"https:\/\/dicodusport.fr\/blog\/jeux-paralympiques-pekin-2022-cecile-hernandez-prend-lor-en-snowboardcross\/\">l\u2019or il y a quatre ans sur le cross<\/a>. Et si elle terminait en beaut\u00e9, pour ses 4<sup>es<\/sup> et derniers Jeux\u00a0? Avant de se muer en porteuse de flamme dans les <strong>Alpes fran\u00e7aises<\/strong> dans quatre ans\u2026 C\u2019est tout ce qu\u2019on lui souhaite.<\/p>\n<blockquote class=\"twitter-tweet\">\n<p dir=\"ltr\" lang=\"fr\">\ud83d\udea8 S\u00c9LECTION OFFICIELLE \ud83d\udea8<br \/>\n\ud835\uddd8\ud835\uddfb \ud835\uddff\ud835\uddfc\ud835\ude02\ud835\ude01\ud835\uddf2 \ud835\uddfd\ud835\uddfc\ud835\ude02\ud835\uddff \ud835\udde0\ud835\uddf6\ud835\uddf9\ud835\uddee\ud835\uddfb-\ud835\uddd6\ud835\uddfc\ud835\uddff\ud835\ude01\ud835\uddf6\ud835\uddfb\ud835\uddee \ud835\udfee\ud835\udfec\ud835\udfee\ud835\udff2<\/p>\n<p>Tous deux champions paralympiques, C\u00e9cile Hernandez et Maxime Montaggioni d\u00e9fendront leurs titres en para snowboard \u2935<br \/>\n\ufe0f<a href=\"https:\/\/twitter.com\/hashtag\/LeRetourDuFrisson?src=hash&amp;ref_src=twsrc%5Etfw\">#LeRetourDuFrisson<\/a> <a href=\"https:\/\/twitter.com\/hashtag\/MilanoCortina2026?src=hash&amp;ref_src=twsrc%5Etfw\">#MilanoCortina2026<\/a> <a href=\"https:\/\/t.co\/CWkUaOmgVj\">pic.twitter.com\/CWkUaOmgVj<\/a><\/p>\n<p>\u2014 Equipe France (@EquipeFRA) <a href=\"https:\/\/twitter.com\/EquipeFRA\/status\/2022212376314208339?ref_src=twsrc%5Etfw\">February 13, 2026<\/a><\/p><\/blockquote>\n<p style=\"text-align: justify;\"><script async src=\"https:\/\/platform.twitter.com\/widgets.js\" charset=\"utf-8\"><\/script><\/p>\n<p style=\"text-align: justify;\">Chez les hommes, <strong>Maxime Montaggioni<\/strong> peut aussi r\u00e9aliser le <em>back-to-back<\/em> en cas de succ\u00e8s en <em>banked slalom<\/em>. Para snowboardeur le plus titr\u00e9 de l\u2019histoire fran\u00e7aise, avec \u00e9galement six titres de champion du monde, il ne lui manque plus que cette m\u00e9daille paralympique en cross pour parachever son \u0153uvre.<\/p>\n<p style=\"text-align: justify;\">Quatre noms (hors guides) manquent \u00e0 l\u2019appel dans cet article\u00a0: les skieurs alpins <strong>Lou Braz-Dagand<\/strong>, <strong>Jordan Broisin<\/strong>, <strong>Hyacinthe Deleplace<\/strong> et <strong>Victor Pierrel<\/strong>. Mais comme leurs compatriotes, ils sont d\u00e9j\u00e0 tous mont\u00e9s sur un podium international, que ce soit en <strong>Coupe du monde<\/strong>, aux Mondiaux ou m\u00eame aux Jeux paralympiques. Ainsi, c\u2019est le collectif fran\u00e7ais au complet qui se transforme en chances de m\u00e9dailles. Rendez-vous le 6 mars\u00a0!<\/p>\n<blockquote class=\"twitter-tweet\">\n<p dir=\"ltr\" lang=\"en\">PARALYMPIC OPENING CEREMONY! \u2b50\ufe0f\u200b<\/p>\n<p>Are you ready for a ONE-OF-A-KIND show?!\u200b<\/p>\n<p>On March 6 at the Arena di Verona, the Opening Ceremony of the Milano Cortina 2026 Paralympic Games will take place!!\u200b<\/p>\n<p>SAVE THE BEST FOR LAST! \ud83d\udd25\u200b<\/p>\n<p>Experience the Ceremony LIVE! <a href=\"https:\/\/t.co\/G3Gq1oKEDZ\">https:\/\/t.co\/G3Gq1oKEDZ<\/a>\u2026 <a href=\"https:\/\/t.co\/QJ2dklNHUN\">pic.twitter.com\/QJ2dklNHUN<\/a><\/p>\n<p>\u2014 Milano Cortina 2026 (@milanocortina26) <a href=\"https:\/\/twitter.com\/milanocortina26\/status\/2028047598284906595?ref_src=twsrc%5Etfw\">March 1, 2026<\/a><\/p><\/blockquote>\n<p style=\"text-align: justify;\"><script async src=\"https:\/\/platform.twitter.com\/widgets.js\" charset=\"utf-8\"><\/script><\/p>\n<div id=\"gtx-trans\" style=\"position: absolute; left: -14px; top: 40.9091px;\">\n<div class=\"gtx-trans-icon\" style=\"text-align: justify;\"><\/div>\n<\/div>\n","protected":false},"excerpt":{"rendered":"<p>Les Jeux Paralympiques de Milan-Cortina ouvrent leurs portes le 6 mars avec une petite d\u00e9l\u00e9gation tricolore. Petite\u2026 mais costaude ! Dicodusport vous pr\u00e9sente les chances de m\u00e9dailles fran\u00e7aises durant cette dizaine.<\/p>\n","protected":false},"author":18,"featured_media":652306,"comment_status":"open","ping_status":"closed","sticky":false,"template":"","format":"standard","meta":{"_acf_changed":false,"_daextam_enable_autolinks":"1","footnotes":""},"categories":[47401],"tags":[4004,2958,16878,2493,1964,20604,43456,3998,24],"class_list":["post-652058","post","type-post","status-publish","format-standard","has-post-thumbnail","hentry","category-jeux-paralympiques-dhiver-2026","tag-arthur-bauchet","tag-benjamin-daviet","tag-breve","tag-cecile-hernandez","tag-jeux-paralympiques","tag-jeux-paralympiques-dhiver","tag-jules-segers","tag-maxime-montaggioni","tag-sport"],"acf":[],"yoast_head":"<!-- This site is optimized with the Yoast SEO Premium plugin v26.7 (Yoast SEO v26.7) - https:\/\/yoast.com\/wordpress\/plugins\/seo\/ -->\n<title>Hernandez, Bauchet, Daviet\u2026 les chances de m\u00e9dailles fran\u00e7aises aux Jeux Paralympiques 2026<\/title>\n<meta name=\"description\" content=\"Dicodusport vous pr\u00e9sente les chances de m\u00e9dailles fran\u00e7aises durant les Jeux Paralympiques de Milan-Cortina 2026.\" \/>\n<meta name=\"robots\" content=\"index, follow, max-snippet:-1, max-image-preview:large, max-video-preview:-1\" \/>\n<link rel=\"canonical\" href=\"https:\/\/dicodusport.fr\/blog\/hernandez-bauchet-daviet-les-chances-de-medailles-francaises-aux-jeux-paralympiques-2026\/\" \/>\n<meta property=\"og:locale\" content=\"fr_FR\" \/>\n<meta property=\"og:type\" content=\"article\" \/>\n<meta property=\"og:title\" content=\"Hernandez, Bauchet, Daviet\u2026 les chances de m\u00e9dailles fran\u00e7aises aux Jeux Paralympiques 2026\" \/>\n<meta property=\"og:description\" content=\"Dicodusport vous pr\u00e9sente les chances de m\u00e9dailles fran\u00e7aises durant les Jeux Paralympiques de Milan-Cortina 2026.\" \/>\n<meta property=\"og:url\" content=\"https:\/\/dicodusport.fr\/blog\/hernandez-bauchet-daviet-les-chances-de-medailles-francaises-aux-jeux-paralympiques-2026\/\" \/>\n<meta property=\"og:site_name\" content=\"Dicodusport\" \/>\n<meta property=\"article:publisher\" content=\"https:\/\/www.facebook.com\/dicodusport\" \/>\n<meta property=\"article:author\" content=\"https:\/\/www.facebook.com\/soocube\" \/>\n<meta property=\"article:published_time\" content=\"2026-03-04T17:00:01+00:00\" \/>\n<meta property=\"article:modified_time\" content=\"2026-03-05T15:43:43+00:00\" \/>\n<meta property=\"og:image\" content=\"https:\/\/dicodusport.fr\/blog\/wp-content\/uploads\/2026\/03\/Hernandez-Bauchet-Daviet-les-chances-de-medailles-francaises-aux-Jeux-Paralympiques-2026.png\" \/>\n\t<meta property=\"og:image:width\" content=\"1200\" \/>\n\t<meta property=\"og:image:height\" content=\"674\" \/>\n\t<meta property=\"og:image:type\" content=\"image\/png\" \/>\n<meta name=\"author\" content=\"Sophie Clapier\" \/>\n<meta name=\"twitter:card\" content=\"summary_large_image\" \/>\n<meta name=\"twitter:title\" content=\"Hernandez, Bauchet, Daviet\u2026 les chances de m\u00e9dailles fran\u00e7aises aux Jeux Paralympiques 2026\" \/>\n<meta name=\"twitter:creator\" content=\"@https:\/\/twitter.com\/soocube\" \/>\n<meta name=\"twitter:site\" content=\"@dicodusport\" \/>\n<script type=\"application\/ld+json\" class=\"yoast-schema-graph\">{\"@context\":\"https:\/\/schema.org\",\"@graph\":[{\"@type\":\"NewsArticle\",\"@id\":\"https:\/\/dicodusport.fr\/blog\/hernandez-bauchet-daviet-les-chances-de-medailles-francaises-aux-jeux-paralympiques-2026\/#article\",\"isPartOf\":{\"@id\":\"https:\/\/dicodusport.fr\/blog\/hernandez-bauchet-daviet-les-chances-de-medailles-francaises-aux-jeux-paralympiques-2026\/\"},\"author\":{\"name\":\"Sophie Clapier\",\"@id\":\"https:\/\/dicodusport.fr\/blog\/#\/schema\/person\/416c975648aca9da8839bdfe333a21c9\"},\"headline\":\"Hernandez, Bauchet, Daviet\u2026 les chances de m\u00e9dailles fran\u00e7aises aux Jeux Paralympiques 2026\",\"datePublished\":\"2026-03-04T17:00:01+00:00\",\"dateModified\":\"2026-03-05T15:43:43+00:00\",\"mainEntityOfPage\":{\"@id\":\"https:\/\/dicodusport.fr\/blog\/hernandez-bauchet-daviet-les-chances-de-medailles-francaises-aux-jeux-paralympiques-2026\/\"},\"wordCount\":1221,\"commentCount\":0,\"publisher\":{\"@id\":\"https:\/\/dicodusport.fr\/blog\/#organization\"},\"image\":{\"@id\":\"https:\/\/dicodusport.fr\/blog\/hernandez-bauchet-daviet-les-chances-de-medailles-francaises-aux-jeux-paralympiques-2026\/#primaryimage\"},\"thumbnailUrl\":\"https:\/\/dicodusport.fr\/blog\/wp-content\/uploads\/2026\/03\/Hernandez-Bauchet-Daviet-les-chances-de-medailles-francaises-aux-Jeux-Paralympiques-2026.png\",\"keywords\":[\"Arthur Bauchet\",\"Benjamin Daviet\",\"br\u00e8ve\",\"C\u00e9cile Hernandez\",\"jeux paralympiques\",\"Jeux Paralympiques d'hiver\",\"Jules Segers\",\"Maxime Montaggioni\",\"sport\"],\"articleSection\":[\"Jeux Paralympiques d'hiver 2026\"],\"inLanguage\":\"fr-FR\",\"potentialAction\":[{\"@type\":\"CommentAction\",\"name\":\"Comment\",\"target\":[\"https:\/\/dicodusport.fr\/blog\/hernandez-bauchet-daviet-les-chances-de-medailles-francaises-aux-jeux-paralympiques-2026\/#respond\"]}],\"copyrightYear\":\"2026\",\"copyrightHolder\":{\"@id\":\"https:\/\/dicodusport.fr\/blog\/#organization\"}},{\"@type\":\"WebPage\",\"@id\":\"https:\/\/dicodusport.fr\/blog\/hernandez-bauchet-daviet-les-chances-de-medailles-francaises-aux-jeux-paralympiques-2026\/\",\"url\":\"https:\/\/dicodusport.fr\/blog\/hernandez-bauchet-daviet-les-chances-de-medailles-francaises-aux-jeux-paralympiques-2026\/\",\"name\":\"Hernandez, Bauchet, Daviet\u2026 les chances de m\u00e9dailles fran\u00e7aises aux Jeux Paralympiques 2026\",\"isPartOf\":{\"@id\":\"https:\/\/dicodusport.fr\/blog\/#website\"},\"primaryImageOfPage\":{\"@id\":\"https:\/\/dicodusport.fr\/blog\/hernandez-bauchet-daviet-les-chances-de-medailles-francaises-aux-jeux-paralympiques-2026\/#primaryimage\"},\"image\":{\"@id\":\"https:\/\/dicodusport.fr\/blog\/hernandez-bauchet-daviet-les-chances-de-medailles-francaises-aux-jeux-paralympiques-2026\/#primaryimage\"},\"thumbnailUrl\":\"https:\/\/dicodusport.fr\/blog\/wp-content\/uploads\/2026\/03\/Hernandez-Bauchet-Daviet-les-chances-de-medailles-francaises-aux-Jeux-Paralympiques-2026.png\",\"datePublished\":\"2026-03-04T17:00:01+00:00\",\"dateModified\":\"2026-03-05T15:43:43+00:00\",\"description\":\"Dicodusport vous pr\u00e9sente les chances de m\u00e9dailles fran\u00e7aises durant les Jeux Paralympiques de Milan-Cortina 2026.\",\"breadcrumb\":{\"@id\":\"https:\/\/dicodusport.fr\/blog\/hernandez-bauchet-daviet-les-chances-de-medailles-francaises-aux-jeux-paralympiques-2026\/#breadcrumb\"},\"inLanguage\":\"fr-FR\",\"potentialAction\":[{\"@type\":\"ReadAction\",\"target\":[\"https:\/\/dicodusport.fr\/blog\/hernandez-bauchet-daviet-les-chances-de-medailles-francaises-aux-jeux-paralympiques-2026\/\"]}]},{\"@type\":\"ImageObject\",\"inLanguage\":\"fr-FR\",\"@id\":\"https:\/\/dicodusport.fr\/blog\/hernandez-bauchet-daviet-les-chances-de-medailles-francaises-aux-jeux-paralympiques-2026\/#primaryimage\",\"url\":\"https:\/\/dicodusport.fr\/blog\/wp-content\/uploads\/2026\/03\/Hernandez-Bauchet-Daviet-les-chances-de-medailles-francaises-aux-Jeux-Paralympiques-2026.png\",\"contentUrl\":\"https:\/\/dicodusport.fr\/blog\/wp-content\/uploads\/2026\/03\/Hernandez-Bauchet-Daviet-les-chances-de-medailles-francaises-aux-Jeux-Paralympiques-2026.png\",\"width\":1200,\"height\":674,\"caption\":\"Hernandez, Bauchet, Daviet les chances de m\u00e9dailles fran\u00e7aises aux Jeux Paralympiques 2026\"},{\"@type\":\"BreadcrumbList\",\"@id\":\"https:\/\/dicodusport.fr\/blog\/hernandez-bauchet-daviet-les-chances-de-medailles-francaises-aux-jeux-paralympiques-2026\/#breadcrumb\",\"itemListElement\":[{\"@type\":\"ListItem\",\"position\":1,\"name\":\"Accueil\",\"item\":\"https:\/\/dicodusport.fr\/blog\/\"},{\"@type\":\"ListItem\",\"position\":2,\"name\":\"Hernandez, Bauchet, Daviet\u2026 les chances de m\u00e9dailles fran\u00e7aises aux Jeux Paralympiques 2026\"}]},{\"@type\":\"WebSite\",\"@id\":\"https:\/\/dicodusport.fr\/blog\/#website\",\"url\":\"https:\/\/dicodusport.fr\/blog\/\",\"name\":\"Dicodusport\",\"description\":\"L&#039;encyclop\u00e9die de l&#039;actualit\u00e9 sportive\",\"publisher\":{\"@id\":\"https:\/\/dicodusport.fr\/blog\/#organization\"},\"potentialAction\":[{\"@type\":\"SearchAction\",\"target\":{\"@type\":\"EntryPoint\",\"urlTemplate\":\"https:\/\/dicodusport.fr\/blog\/?s={search_term_string}\"},\"query-input\":{\"@type\":\"PropertyValueSpecification\",\"valueRequired\":true,\"valueName\":\"search_term_string\"}}],\"inLanguage\":\"fr-FR\"},{\"@type\":\"NewsMediaOrganization\",\"@id\":\"https:\/\/dicodusport.fr\/blog\/#organization\",\"name\":\"Dicodusport\",\"url\":\"https:\/\/dicodusport.fr\/blog\/\",\"logo\":{\"@type\":\"ImageObject\",\"inLanguage\":\"fr-FR\",\"@id\":\"https:\/\/dicodusport.fr\/blog\/#\/schema\/logo\/image\/\",\"url\":\"https:\/\/dicodusport.fr\/blog\/wp-content\/uploads\/2020\/06\/cropped-LOGO-DICODUSPORT-2020-SANS-FOND-SANS-TEXTE.png\",\"contentUrl\":\"https:\/\/dicodusport.fr\/blog\/wp-content\/uploads\/2020\/06\/cropped-LOGO-DICODUSPORT-2020-SANS-FOND-SANS-TEXTE.png\",\"width\":512,\"height\":512,\"caption\":\"Dicodusport\"},\"image\":{\"@id\":\"https:\/\/dicodusport.fr\/blog\/#\/schema\/logo\/image\/\"},\"sameAs\":[\"https:\/\/www.facebook.com\/dicodusport\",\"https:\/\/x.com\/dicodusport\",\"https:\/\/www.instagram.com\/dicodusport\/\",\"https:\/\/www.youtube.com\/channel\/UC7V2KZ5sd3htJivAbA4ZG3w\"],\"description\":\"Dicodusport est l'encyclop\u00e9die de l'actualit\u00e9 sportive.\",\"email\":\"bonjour@dicodusport.fr\",\"legalName\":\"DICODUSPORT\",\"foundingDate\":\"2018-01-14\",\"vatID\":\"FR71834470973\",\"taxID\":\"83447097300043\",\"numberOfEmployees\":{\"@type\":\"QuantitativeValue\",\"minValue\":\"1\",\"maxValue\":\"10\"}},{\"@type\":\"Person\",\"@id\":\"https:\/\/dicodusport.fr\/blog\/#\/schema\/person\/416c975648aca9da8839bdfe333a21c9\",\"name\":\"Sophie Clapier\",\"image\":{\"@type\":\"ImageObject\",\"inLanguage\":\"fr-FR\",\"@id\":\"https:\/\/dicodusport.fr\/blog\/#\/schema\/person\/image\/\",\"url\":\"https:\/\/dicodusport.fr\/blog\/wp-content\/uploads\/2021\/05\/Sophie-Clapier-150x150.jpg\",\"contentUrl\":\"https:\/\/dicodusport.fr\/blog\/wp-content\/uploads\/2021\/05\/Sophie-Clapier-150x150.jpg\",\"caption\":\"Sophie Clapier\"},\"description\":\"Journaliste\/r\u00e9dactrice depuis janvier 2016 - Passionn\u00e9e de sport depuis toujours, j\u2019en ai pratiqu\u00e9 quelques-uns. Judo, football, handball ou encore tennis, je n\u2019ai jamais pu me mettre d\u2019accord sur un en particulier. Mais \u00e7a, c\u2019\u00e9tait avant de d\u00e9couvrir le basket, devenu mon sport de pr\u00e9dilection. Les actions NBA, le All-Star Week-end, la fureur des Game 7 pendant les playoffs ou mieux, lors des Finals, this is why we play. Team Spurs T.P, je m\u2019accroche encore \u00e0 Gregg Popovich (don\u2019t leave !). Team chef Curry, je souhaite qu\u2019il finisse aux Warriors (staaaay !). Non, il n\u2019y a pas qu\u2019eux, des petits nouveaux -et des petites nouvelles \u00e9videmment- arrivent chaque jour dans toutes les disciplines et cr\u00e9ent de nouveaux exploits. Alors pour les grands \u00e9v\u00e9nements et comp\u00e9titions internationales, vive les pulsations 240\/minutes et le d\u00e9fibrillateur pas loin, et allez les Bleu(e)s ! C\u2019est s\u00fbr, j\u2019aurai plus vu ma vie sur un terrain de sport, mais \u00e0 d\u00e9faut d\u2019en faire en haut niveau, je le partage avec vous.\",\"sameAs\":[\"https:\/\/www.facebook.com\/soocube\",\"https:\/\/x.com\/https:\/\/twitter.com\/soocube\",\"admin\"],\"url\":\"https:\/\/dicodusport.fr\/blog\/author\/sophie\/\"}]}<\/script>\n<!-- \/ Yoast SEO Premium plugin. -->","yoast_head_json":{"title":"Hernandez, Bauchet, Daviet\u2026 les chances de m\u00e9dailles fran\u00e7aises aux Jeux Paralympiques 2026","description":"Dicodusport vous pr\u00e9sente les chances de m\u00e9dailles fran\u00e7aises durant les Jeux Paralympiques de Milan-Cortina 2026.","robots":{"index":"index","follow":"follow","max-snippet":"max-snippet:-1","max-image-preview":"max-image-preview:large","max-video-preview":"max-video-preview:-1"},"canonical":"https:\/\/dicodusport.fr\/blog\/hernandez-bauchet-daviet-les-chances-de-medailles-francaises-aux-jeux-paralympiques-2026\/","og_locale":"fr_FR","og_type":"article","og_title":"Hernandez, Bauchet, Daviet\u2026 les chances de m\u00e9dailles fran\u00e7aises aux Jeux Paralympiques 2026","og_description":"Dicodusport vous pr\u00e9sente les chances de m\u00e9dailles fran\u00e7aises durant les Jeux Paralympiques de Milan-Cortina 2026.","og_url":"https:\/\/dicodusport.fr\/blog\/hernandez-bauchet-daviet-les-chances-de-medailles-francaises-aux-jeux-paralympiques-2026\/","og_site_name":"Dicodusport","article_publisher":"https:\/\/www.facebook.com\/dicodusport","article_author":"https:\/\/www.facebook.com\/soocube","article_published_time":"2026-03-04T17:00:01+00:00","article_modified_time":"2026-03-05T15:43:43+00:00","og_image":[{"width":1200,"height":674,"url":"https:\/\/dicodusport.fr\/blog\/wp-content\/uploads\/2026\/03\/Hernandez-Bauchet-Daviet-les-chances-de-medailles-francaises-aux-Jeux-Paralympiques-2026.png","type":"image\/png"}],"author":"Sophie Clapier","twitter_card":"summary_large_image","twitter_title":"Hernandez, Bauchet, Daviet\u2026 les chances de m\u00e9dailles fran\u00e7aises aux Jeux Paralympiques 2026","twitter_creator":"@https:\/\/twitter.com\/soocube","twitter_site":"@dicodusport","schema":{"@context":"https:\/\/schema.org","@graph":[{"@type":"NewsArticle","@id":"https:\/\/dicodusport.fr\/blog\/hernandez-bauchet-daviet-les-chances-de-medailles-francaises-aux-jeux-paralympiques-2026\/#article","isPartOf":{"@id":"https:\/\/dicodusport.fr\/blog\/hernandez-bauchet-daviet-les-chances-de-medailles-francaises-aux-jeux-paralympiques-2026\/"},"author":{"name":"Sophie Clapier","@id":"https:\/\/dicodusport.fr\/blog\/#\/schema\/person\/416c975648aca9da8839bdfe333a21c9"},"headline":"Hernandez, Bauchet, Daviet\u2026 les chances de m\u00e9dailles fran\u00e7aises aux Jeux Paralympiques 2026","datePublished":"2026-03-04T17:00:01+00:00","dateModified":"2026-03-05T15:43:43+00:00","mainEntityOfPage":{"@id":"https:\/\/dicodusport.fr\/blog\/hernandez-bauchet-daviet-les-chances-de-medailles-francaises-aux-jeux-paralympiques-2026\/"},"wordCount":1221,"commentCount":0,"publisher":{"@id":"https:\/\/dicodusport.fr\/blog\/#organization"},"image":{"@id":"https:\/\/dicodusport.fr\/blog\/hernandez-bauchet-daviet-les-chances-de-medailles-francaises-aux-jeux-paralympiques-2026\/#primaryimage"},"thumbnailUrl":"https:\/\/dicodusport.fr\/blog\/wp-content\/uploads\/2026\/03\/Hernandez-Bauchet-Daviet-les-chances-de-medailles-francaises-aux-Jeux-Paralympiques-2026.png","keywords":["Arthur Bauchet","Benjamin Daviet","br\u00e8ve","C\u00e9cile Hernandez","jeux paralympiques","Jeux Paralympiques d'hiver","Jules Segers","Maxime Montaggioni","sport"],"articleSection":["Jeux Paralympiques d'hiver 2026"],"inLanguage":"fr-FR","potentialAction":[{"@type":"CommentAction","name":"Comment","target":["https:\/\/dicodusport.fr\/blog\/hernandez-bauchet-daviet-les-chances-de-medailles-francaises-aux-jeux-paralympiques-2026\/#respond"]}],"copyrightYear":"2026","copyrightHolder":{"@id":"https:\/\/dicodusport.fr\/blog\/#organization"}},{"@type":"WebPage","@id":"https:\/\/dicodusport.fr\/blog\/hernandez-bauchet-daviet-les-chances-de-medailles-francaises-aux-jeux-paralympiques-2026\/","url":"https:\/\/dicodusport.fr\/blog\/hernandez-bauchet-daviet-les-chances-de-medailles-francaises-aux-jeux-paralympiques-2026\/","name":"Hernandez, Bauchet, Daviet\u2026 les chances de m\u00e9dailles fran\u00e7aises aux Jeux Paralympiques 2026","isPartOf":{"@id":"https:\/\/dicodusport.fr\/blog\/#website"},"primaryImageOfPage":{"@id":"https:\/\/dicodusport.fr\/blog\/hernandez-bauchet-daviet-les-chances-de-medailles-francaises-aux-jeux-paralympiques-2026\/#primaryimage"},"image":{"@id":"https:\/\/dicodusport.fr\/blog\/hernandez-bauchet-daviet-les-chances-de-medailles-francaises-aux-jeux-paralympiques-2026\/#primaryimage"},"thumbnailUrl":"https:\/\/dicodusport.fr\/blog\/wp-content\/uploads\/2026\/03\/Hernandez-Bauchet-Daviet-les-chances-de-medailles-francaises-aux-Jeux-Paralympiques-2026.png","datePublished":"2026-03-04T17:00:01+00:00","dateModified":"2026-03-05T15:43:43+00:00","description":"Dicodusport vous pr\u00e9sente les chances de m\u00e9dailles fran\u00e7aises durant les Jeux Paralympiques de Milan-Cortina 2026.","breadcrumb":{"@id":"https:\/\/dicodusport.fr\/blog\/hernandez-bauchet-daviet-les-chances-de-medailles-francaises-aux-jeux-paralympiques-2026\/#breadcrumb"},"inLanguage":"fr-FR","potentialAction":[{"@type":"ReadAction","target":["https:\/\/dicodusport.fr\/blog\/hernandez-bauchet-daviet-les-chances-de-medailles-francaises-aux-jeux-paralympiques-2026\/"]}]},{"@type":"ImageObject","inLanguage":"fr-FR","@id":"https:\/\/dicodusport.fr\/blog\/hernandez-bauchet-daviet-les-chances-de-medailles-francaises-aux-jeux-paralympiques-2026\/#primaryimage","url":"https:\/\/dicodusport.fr\/blog\/wp-content\/uploads\/2026\/03\/Hernandez-Bauchet-Daviet-les-chances-de-medailles-francaises-aux-Jeux-Paralympiques-2026.png","contentUrl":"https:\/\/dicodusport.fr\/blog\/wp-content\/uploads\/2026\/03\/Hernandez-Bauchet-Daviet-les-chances-de-medailles-francaises-aux-Jeux-Paralympiques-2026.png","width":1200,"height":674,"caption":"Hernandez, Bauchet, Daviet les chances de m\u00e9dailles fran\u00e7aises aux Jeux Paralympiques 2026"},{"@type":"BreadcrumbList","@id":"https:\/\/dicodusport.fr\/blog\/hernandez-bauchet-daviet-les-chances-de-medailles-francaises-aux-jeux-paralympiques-2026\/#breadcrumb","itemListElement":[{"@type":"ListItem","position":1,"name":"Accueil","item":"https:\/\/dicodusport.fr\/blog\/"},{"@type":"ListItem","position":2,"name":"Hernandez, Bauchet, Daviet\u2026 les chances de m\u00e9dailles fran\u00e7aises aux Jeux Paralympiques 2026"}]},{"@type":"WebSite","@id":"https:\/\/dicodusport.fr\/blog\/#website","url":"https:\/\/dicodusport.fr\/blog\/","name":"Dicodusport","description":"L&#039;encyclop\u00e9die de l&#039;actualit\u00e9 sportive","publisher":{"@id":"https:\/\/dicodusport.fr\/blog\/#organization"},"potentialAction":[{"@type":"SearchAction","target":{"@type":"EntryPoint","urlTemplate":"https:\/\/dicodusport.fr\/blog\/?s={search_term_string}"},"query-input":{"@type":"PropertyValueSpecification","valueRequired":true,"valueName":"search_term_string"}}],"inLanguage":"fr-FR"},{"@type":"NewsMediaOrganization","@id":"https:\/\/dicodusport.fr\/blog\/#organization","name":"Dicodusport","url":"https:\/\/dicodusport.fr\/blog\/","logo":{"@type":"ImageObject","inLanguage":"fr-FR","@id":"https:\/\/dicodusport.fr\/blog\/#\/schema\/logo\/image\/","url":"https:\/\/dicodusport.fr\/blog\/wp-content\/uploads\/2020\/06\/cropped-LOGO-DICODUSPORT-2020-SANS-FOND-SANS-TEXTE.png","contentUrl":"https:\/\/dicodusport.fr\/blog\/wp-content\/uploads\/2020\/06\/cropped-LOGO-DICODUSPORT-2020-SANS-FOND-SANS-TEXTE.png","width":512,"height":512,"caption":"Dicodusport"},"image":{"@id":"https:\/\/dicodusport.fr\/blog\/#\/schema\/logo\/image\/"},"sameAs":["https:\/\/www.facebook.com\/dicodusport","https:\/\/x.com\/dicodusport","https:\/\/www.instagram.com\/dicodusport\/","https:\/\/www.youtube.com\/channel\/UC7V2KZ5sd3htJivAbA4ZG3w"],"description":"Dicodusport est l'encyclop\u00e9die de l'actualit\u00e9 sportive.","email":"bonjour@dicodusport.fr","legalName":"DICODUSPORT","foundingDate":"2018-01-14","vatID":"FR71834470973","taxID":"83447097300043","numberOfEmployees":{"@type":"QuantitativeValue","minValue":"1","maxValue":"10"}},{"@type":"Person","@id":"https:\/\/dicodusport.fr\/blog\/#\/schema\/person\/416c975648aca9da8839bdfe333a21c9","name":"Sophie Clapier","image":{"@type":"ImageObject","inLanguage":"fr-FR","@id":"https:\/\/dicodusport.fr\/blog\/#\/schema\/person\/image\/","url":"https:\/\/dicodusport.fr\/blog\/wp-content\/uploads\/2021\/05\/Sophie-Clapier-150x150.jpg","contentUrl":"https:\/\/dicodusport.fr\/blog\/wp-content\/uploads\/2021\/05\/Sophie-Clapier-150x150.jpg","caption":"Sophie Clapier"},"description":"Journaliste\/r\u00e9dactrice depuis janvier 2016 - Passionn\u00e9e de sport depuis toujours, j\u2019en ai pratiqu\u00e9 quelques-uns. Judo, football, handball ou encore tennis, je n\u2019ai jamais pu me mettre d\u2019accord sur un en particulier. Mais \u00e7a, c\u2019\u00e9tait avant de d\u00e9couvrir le basket, devenu mon sport de pr\u00e9dilection. Les actions NBA, le All-Star Week-end, la fureur des Game 7 pendant les playoffs ou mieux, lors des Finals, this is why we play. Team Spurs T.P, je m\u2019accroche encore \u00e0 Gregg Popovich (don\u2019t leave !). Team chef Curry, je souhaite qu\u2019il finisse aux Warriors (staaaay !). Non, il n\u2019y a pas qu\u2019eux, des petits nouveaux -et des petites nouvelles \u00e9videmment- arrivent chaque jour dans toutes les disciplines et cr\u00e9ent de nouveaux exploits. Alors pour les grands \u00e9v\u00e9nements et comp\u00e9titions internationales, vive les pulsations 240\/minutes et le d\u00e9fibrillateur pas loin, et allez les Bleu(e)s ! C\u2019est s\u00fbr, j\u2019aurai plus vu ma vie sur un terrain de sport, mais \u00e0 d\u00e9faut d\u2019en faire en haut niveau, je le partage avec vous.","sameAs":["https:\/\/www.facebook.com\/soocube","https:\/\/x.com\/https:\/\/twitter.com\/soocube","admin"],"url":"https:\/\/dicodusport.fr\/blog\/author\/sophie\/"}]}},"_links":{"self":[{"href":"https:\/\/dicodusport.fr\/blog\/wp-json\/wp\/v2\/posts\/652058","targetHints":{"allow":["GET"]}}],"collection":[{"href":"https:\/\/dicodusport.fr\/blog\/wp-json\/wp\/v2\/posts"}],"about":[{"href":"https:\/\/dicodusport.fr\/blog\/wp-json\/wp\/v2\/types\/post"}],"author":[{"embeddable":true,"href":"https:\/\/dicodusport.fr\/blog\/wp-json\/wp\/v2\/users\/18"}],"replies":[{"embeddable":true,"href":"https:\/\/dicodusport.fr\/blog\/wp-json\/wp\/v2\/comments?post=652058"}],"version-history":[{"count":5,"href":"https:\/\/dicodusport.fr\/blog\/wp-json\/wp\/v2\/posts\/652058\/revisions"}],"predecessor-version":[{"id":652674,"href":"https:\/\/dicodusport.fr\/blog\/wp-json\/wp\/v2\/posts\/652058\/revisions\/652674"}],"wp:featuredmedia":[{"embeddable":true,"href":"https:\/\/dicodusport.fr\/blog\/wp-json\/wp\/v2\/media\/652306"}],"wp:attachment":[{"href":"https:\/\/dicodusport.fr\/blog\/wp-json\/wp\/v2\/media?parent=652058"}],"wp:term":[{"taxonomy":"category","embeddable":true,"href":"https:\/\/dicodusport.fr\/blog\/wp-json\/wp\/v2\/categories?post=652058"},{"taxonomy":"post_tag","embeddable":true,"href":"https:\/\/dicodusport.fr\/blog\/wp-json\/wp\/v2\/tags?post=652058"}],"curies":[{"name":"wp","href":"https:\/\/api.w.org\/{rel}","templated":true}]}}