{"id":652381,"date":"2026-03-08T18:00:07","date_gmt":"2026-03-08T17:00:07","guid":{"rendered":"https:\/\/dicodusport.fr\/blog\/?p=652381&#038;preview=true&#038;preview_id=652381"},"modified":"2026-03-09T08:38:33","modified_gmt":"2026-03-09T07:38:33","slug":"paris-nice-2026-parcours-et-profil-de-la-2e-etape-vers-le-loiret","status":"publish","type":"post","link":"https:\/\/dicodusport.fr\/blog\/paris-nice-2026-parcours-et-profil-de-la-2e-etape-vers-le-loiret\/","title":{"rendered":"Paris-Nice 2026 : Parcours et profil de la 2e \u00e9tape vers le Loiret"},"content":{"rendered":"<h4 style=\"text-align: justify;\"><i>La 2\u00e8me \u00e9tape de Paris-Nice 2026 sera la plus plate de la semaine, 187 kilom\u00e8tres entre \u00c9p\u00f4ne et Montargis. U<\/i><i>ne aubaine pour les sprinteurs.<\/i><\/h4>\n<ul style=\"text-align: justify;\">\n<li><strong>\u00c0 ce sujet \u2013\u00a0<a href=\"https:\/\/dicodusport.fr\/blog\/paris-nice-2026-le-parcours-complet-et-le-profil-des-8-etapes\/\">Paris-Nice 2026 : le parcours complet et le profil des 8 \u00e9tapes<\/a><\/strong><\/li>\n<\/ul>\n<h2 style=\"text-align: justify;\">Paris-Nice 2026 : une deuxi\u00e8me \u00e9tape pour sprinteurs \u00e0 Montargis<\/h2>\n<p style=\"text-align: justify;\">D&rsquo;abord, la deuxi\u00e8me \u00e9tape partira depuis <strong>\u00c9p\u00f4ne,<\/strong> au nord-ouest des Yvelines, sur la rive gauche de la Seine. Les 29 premiers kilom\u00e8tres seront plats par <strong>Thoiry.<\/strong><\/p>\n<p style=\"text-align: justify;\">Puis, les coureurs graviront la C\u00f4te des Mesnuls (1300 m \u00e0 5,6 %) dans le massif forestier de Rambouillet. Ensuite, ce sera 50 kilom\u00e8tres en plaine par <strong>Clairefontaine-en-Yvelines<\/strong> et <strong>Dourdain<\/strong> afin de p\u00e9n\u00e9trer en Essonne.<\/p>\n<p style=\"text-align: justify;\">Ensuite, la <strong>C\u00f4te de Villeconin<\/strong> (1 km \u00e0 6,1 %) fera face aux coureurs avant une descente sur <strong>Etr\u00e9chy.<\/strong> La route redeviendra plate pendant 27 kilom\u00e8tres par <strong>Bouville.<\/strong> Par la suite, les coureurs grimperont la C\u00f4te du Pressoir (1 km \u00e0 6,5 %) pour entrer en Seine-et-Marne.<\/p>\n<ul style=\"text-align: justify;\">\n<li><strong>\u00c0 ce sujet \u2013\u00a0<a href=\"https:\/\/dicodusport.fr\/blog\/paris-nice-2026-a-quelle-heure-et-sur-quelle-chaine-tv-suivre-la-course-en-direct\/\">Paris-Nice 2026 : \u00c0 quelle heure et sur quelle cha\u00eene TV suivre la course en direct<\/a><\/strong><\/li>\n<li><strong>\u00c0 ce sujet \u2013\u00a0<a href=\"https:\/\/dicodusport.fr\/blog\/classement-general-paris-nice-2026-mis-a-jour\/\">Classement g\u00e9n\u00e9ral Paris-Nice 2026 mis \u00e0 jour<\/a><\/strong><\/li>\n<\/ul>\n<p style=\"text-align: justify;\">Les 72 derniers kilom\u00e8tres seront plats par <strong>La Chapelle-la-Reine,<\/strong> par <strong>Fromont<\/strong> avec le sprint interm\u00e9diaire, et par <strong>Sceaux-du-G\u00e2tinais<\/strong> et<strong> Pannes<\/strong> pour p\u00e9n\u00e9trer dans le Loiret sur des routes tr\u00e8s majoritairement rectilignes.<\/p>\n<p style=\"text-align: justify;\">Enfin, l&rsquo;arriv\u00e9e sera jug\u00e9e \u00e0 <strong>Montargis<\/strong> dans la r\u00e9gion naturelle du G\u00e2tinais sur l\u2019Avenue du G\u00e9n\u00e9ral De Gaulle, au bout d\u2019une ligne droite de 800 m\u00e8tres. Il y a deux ans, le N\u00e9erlandais <strong>Arvid de Kleijn<\/strong> remportait \u00e0 Montargis la plus belle victoire de sa carri\u00e8re <a href=\"https:\/\/dicodusport.fr\/blog\/paris-nice-2024-arvid-de-kleijn-remporte-au-sprint-la-2e-etape-laurence-pithie-prend-le-jaune\/\">lors de la 2\u00e8me \u00e9tape de Paris-Nice<\/a>, en prenant le meilleur au sprint sur <strong>Laurence Pithie<\/strong> et sur <strong>Dylan Groenewegen<\/strong>.<\/p>\n<div id=\"attachment_652894\" style=\"width: 1210px\" class=\"wp-caption alignnone\"><img loading=\"lazy\" decoding=\"async\" aria-describedby=\"caption-attachment-652894\" class=\"size-full wp-image-652894\" src=\"https:\/\/dicodusport.fr\/blog\/wp-content\/uploads\/2026\/03\/Profil-de-la-2eme-etape-de-Paris-Nice-2026.webp\" alt=\"Profil de la 2\u00e8me \u00e9tape de Paris-Nice 2026\" width=\"1200\" height=\"725\" srcset=\"https:\/\/dicodusport.fr\/blog\/wp-content\/uploads\/2026\/03\/Profil-de-la-2eme-etape-de-Paris-Nice-2026.webp 1200w, https:\/\/dicodusport.fr\/blog\/wp-content\/uploads\/2026\/03\/Profil-de-la-2eme-etape-de-Paris-Nice-2026-300x181.webp 300w, https:\/\/dicodusport.fr\/blog\/wp-content\/uploads\/2026\/03\/Profil-de-la-2eme-etape-de-Paris-Nice-2026-1024x619.webp 1024w, https:\/\/dicodusport.fr\/blog\/wp-content\/uploads\/2026\/03\/Profil-de-la-2eme-etape-de-Paris-Nice-2026-768x464.webp 768w\" sizes=\"auto, (max-width: 1200px) 100vw, 1200px\" \/><p id=\"caption-attachment-652894\" class=\"wp-caption-text\">Profil de la 2\u00e8me \u00e9tape de Paris-Nice 2026<\/p><\/div>\n","protected":false},"excerpt":{"rendered":"<p>La 2\u00e8me \u00e9tape de Paris-Nice 2026 sera la plus plate de la semaine, 187 kilom\u00e8tres entre \u00c9p\u00f4ne et Montargis. Une aubaine pour les sprinteurs.<\/p>\n","protected":false},"author":48,"featured_media":653848,"comment_status":"open","ping_status":"closed","sticky":false,"template":"","format":"standard","meta":{"_acf_changed":false,"_daextam_enable_autolinks":"1","footnotes":""},"categories":[46994],"tags":[32415,16878,574,11197,4045],"class_list":["post-652381","post","type-post","status-publish","format-standard","has-post-thumbnail","hentry","category-cyclisme-sur-route","tag-actu","tag-breve","tag-cyclisme","tag-cyclisme-sur-route","tag-paris-nice"],"acf":[],"yoast_head":"<!-- This site is optimized with the Yoast SEO Premium plugin v26.7 (Yoast SEO v26.7) - https:\/\/yoast.com\/wordpress\/plugins\/seo\/ -->\n<title>Paris-Nice 2026 : Parcours et profil de la 2e \u00e9tape vers le Loiret<\/title>\n<meta name=\"description\" content=\"La 2\u00e8me \u00e9tape de Paris-Nice 2026 sera la plus plate de la semaine, 187 kilom\u00e8tres entre \u00c9p\u00f4ne et Montargis. Une aubaine pour les sprinteurs.\" \/>\n<meta name=\"robots\" content=\"index, follow, max-snippet:-1, max-image-preview:large, max-video-preview:-1\" \/>\n<link rel=\"canonical\" href=\"https:\/\/dicodusport.fr\/blog\/paris-nice-2026-parcours-et-profil-de-la-2e-etape-vers-le-loiret\/\" \/>\n<meta property=\"og:locale\" content=\"fr_FR\" \/>\n<meta property=\"og:type\" content=\"article\" \/>\n<meta property=\"og:title\" content=\"Paris-Nice 2026 : Parcours et profil de la 2e \u00e9tape vers le Loiret\" \/>\n<meta property=\"og:description\" content=\"La 2\u00e8me \u00e9tape de Paris-Nice 2026 sera la plus plate de la semaine, 187 kilom\u00e8tres entre \u00c9p\u00f4ne et Montargis. Une aubaine pour les sprinteurs.\" \/>\n<meta property=\"og:url\" content=\"https:\/\/dicodusport.fr\/blog\/paris-nice-2026-parcours-et-profil-de-la-2e-etape-vers-le-loiret\/\" \/>\n<meta property=\"og:site_name\" content=\"Dicodusport\" \/>\n<meta property=\"article:publisher\" content=\"https:\/\/www.facebook.com\/dicodusport\" \/>\n<meta property=\"article:author\" content=\"https:\/\/www.facebook.com\/groups\/LesRoisDuPeloton\" \/>\n<meta property=\"article:published_time\" content=\"2026-03-08T17:00:07+00:00\" \/>\n<meta property=\"article:modified_time\" content=\"2026-03-09T07:38:33+00:00\" \/>\n<meta property=\"og:image\" content=\"https:\/\/dicodusport.fr\/blog\/wp-content\/uploads\/2026\/03\/Paris-Nice-2026-Parcours-et-profil-de-la-2e-etape-vers-le-Loiret.png\" \/>\n\t<meta property=\"og:image:width\" content=\"1200\" \/>\n\t<meta property=\"og:image:height\" content=\"674\" \/>\n\t<meta property=\"og:image:type\" content=\"image\/png\" \/>\n<meta name=\"author\" content=\"Emilien Descampiaux\" \/>\n<meta name=\"twitter:card\" content=\"summary_large_image\" \/>\n<meta name=\"twitter:title\" content=\"Paris-Nice 2026 : Parcours et profil de la 2e \u00e9tape vers le Loiret\" \/>\n<meta name=\"twitter:creator\" content=\"@https:\/\/twitter.com\/LRoisDuPeloton\" \/>\n<meta name=\"twitter:site\" content=\"@dicodusport\" \/>\n<script type=\"application\/ld+json\" class=\"yoast-schema-graph\">{\"@context\":\"https:\/\/schema.org\",\"@graph\":[{\"@type\":\"NewsArticle\",\"@id\":\"https:\/\/dicodusport.fr\/blog\/paris-nice-2026-parcours-et-profil-de-la-2e-etape-vers-le-loiret\/#article\",\"isPartOf\":{\"@id\":\"https:\/\/dicodusport.fr\/blog\/paris-nice-2026-parcours-et-profil-de-la-2e-etape-vers-le-loiret\/\"},\"author\":{\"name\":\"Emilien Descampiaux\",\"@id\":\"https:\/\/dicodusport.fr\/blog\/#\/schema\/person\/6db4bae06b171592211be385b32876a7\"},\"headline\":\"Paris-Nice 2026 : Parcours et profil de la 2e \u00e9tape vers le Loiret\",\"datePublished\":\"2026-03-08T17:00:07+00:00\",\"dateModified\":\"2026-03-09T07:38:33+00:00\",\"mainEntityOfPage\":{\"@id\":\"https:\/\/dicodusport.fr\/blog\/paris-nice-2026-parcours-et-profil-de-la-2e-etape-vers-le-loiret\/\"},\"wordCount\":310,\"commentCount\":0,\"publisher\":{\"@id\":\"https:\/\/dicodusport.fr\/blog\/#organization\"},\"image\":{\"@id\":\"https:\/\/dicodusport.fr\/blog\/paris-nice-2026-parcours-et-profil-de-la-2e-etape-vers-le-loiret\/#primaryimage\"},\"thumbnailUrl\":\"https:\/\/dicodusport.fr\/blog\/wp-content\/uploads\/2026\/03\/Paris-Nice-2026-Parcours-et-profil-de-la-2e-etape-vers-le-Loiret.png\",\"keywords\":[\"actu\",\"br\u00e8ve\",\"Cyclisme\",\"Cyclisme sur route\",\"Paris-Nice\"],\"articleSection\":[\"Cyclisme sur route\"],\"inLanguage\":\"fr-FR\",\"potentialAction\":[{\"@type\":\"CommentAction\",\"name\":\"Comment\",\"target\":[\"https:\/\/dicodusport.fr\/blog\/paris-nice-2026-parcours-et-profil-de-la-2e-etape-vers-le-loiret\/#respond\"]}],\"copyrightYear\":\"2026\",\"copyrightHolder\":{\"@id\":\"https:\/\/dicodusport.fr\/blog\/#organization\"}},{\"@type\":\"WebPage\",\"@id\":\"https:\/\/dicodusport.fr\/blog\/paris-nice-2026-parcours-et-profil-de-la-2e-etape-vers-le-loiret\/\",\"url\":\"https:\/\/dicodusport.fr\/blog\/paris-nice-2026-parcours-et-profil-de-la-2e-etape-vers-le-loiret\/\",\"name\":\"Paris-Nice 2026 : Parcours et profil de la 2e \u00e9tape vers le Loiret\",\"isPartOf\":{\"@id\":\"https:\/\/dicodusport.fr\/blog\/#website\"},\"primaryImageOfPage\":{\"@id\":\"https:\/\/dicodusport.fr\/blog\/paris-nice-2026-parcours-et-profil-de-la-2e-etape-vers-le-loiret\/#primaryimage\"},\"image\":{\"@id\":\"https:\/\/dicodusport.fr\/blog\/paris-nice-2026-parcours-et-profil-de-la-2e-etape-vers-le-loiret\/#primaryimage\"},\"thumbnailUrl\":\"https:\/\/dicodusport.fr\/blog\/wp-content\/uploads\/2026\/03\/Paris-Nice-2026-Parcours-et-profil-de-la-2e-etape-vers-le-Loiret.png\",\"datePublished\":\"2026-03-08T17:00:07+00:00\",\"dateModified\":\"2026-03-09T07:38:33+00:00\",\"description\":\"La 2\u00e8me \u00e9tape de Paris-Nice 2026 sera la plus plate de la semaine, 187 kilom\u00e8tres entre \u00c9p\u00f4ne et Montargis. Une aubaine pour les sprinteurs.\",\"breadcrumb\":{\"@id\":\"https:\/\/dicodusport.fr\/blog\/paris-nice-2026-parcours-et-profil-de-la-2e-etape-vers-le-loiret\/#breadcrumb\"},\"inLanguage\":\"fr-FR\",\"potentialAction\":[{\"@type\":\"ReadAction\",\"target\":[\"https:\/\/dicodusport.fr\/blog\/paris-nice-2026-parcours-et-profil-de-la-2e-etape-vers-le-loiret\/\"]}]},{\"@type\":\"ImageObject\",\"inLanguage\":\"fr-FR\",\"@id\":\"https:\/\/dicodusport.fr\/blog\/paris-nice-2026-parcours-et-profil-de-la-2e-etape-vers-le-loiret\/#primaryimage\",\"url\":\"https:\/\/dicodusport.fr\/blog\/wp-content\/uploads\/2026\/03\/Paris-Nice-2026-Parcours-et-profil-de-la-2e-etape-vers-le-Loiret.png\",\"contentUrl\":\"https:\/\/dicodusport.fr\/blog\/wp-content\/uploads\/2026\/03\/Paris-Nice-2026-Parcours-et-profil-de-la-2e-etape-vers-le-Loiret.png\",\"width\":1200,\"height\":674,\"caption\":\"Paris-Nice 2026 Parcours et profil de la 2e \u00e9tape vers le Loiret\"},{\"@type\":\"BreadcrumbList\",\"@id\":\"https:\/\/dicodusport.fr\/blog\/paris-nice-2026-parcours-et-profil-de-la-2e-etape-vers-le-loiret\/#breadcrumb\",\"itemListElement\":[{\"@type\":\"ListItem\",\"position\":1,\"name\":\"Accueil\",\"item\":\"https:\/\/dicodusport.fr\/blog\/\"},{\"@type\":\"ListItem\",\"position\":2,\"name\":\"Paris-Nice 2026 : Parcours et profil de la 2e \u00e9tape vers le Loiret\"}]},{\"@type\":\"WebSite\",\"@id\":\"https:\/\/dicodusport.fr\/blog\/#website\",\"url\":\"https:\/\/dicodusport.fr\/blog\/\",\"name\":\"Dicodusport\",\"description\":\"L&#039;encyclop\u00e9die de l&#039;actualit\u00e9 sportive\",\"publisher\":{\"@id\":\"https:\/\/dicodusport.fr\/blog\/#organization\"},\"potentialAction\":[{\"@type\":\"SearchAction\",\"target\":{\"@type\":\"EntryPoint\",\"urlTemplate\":\"https:\/\/dicodusport.fr\/blog\/?s={search_term_string}\"},\"query-input\":{\"@type\":\"PropertyValueSpecification\",\"valueRequired\":true,\"valueName\":\"search_term_string\"}}],\"inLanguage\":\"fr-FR\"},{\"@type\":\"NewsMediaOrganization\",\"@id\":\"https:\/\/dicodusport.fr\/blog\/#organization\",\"name\":\"Dicodusport\",\"url\":\"https:\/\/dicodusport.fr\/blog\/\",\"logo\":{\"@type\":\"ImageObject\",\"inLanguage\":\"fr-FR\",\"@id\":\"https:\/\/dicodusport.fr\/blog\/#\/schema\/logo\/image\/\",\"url\":\"https:\/\/dicodusport.fr\/blog\/wp-content\/uploads\/2020\/06\/cropped-LOGO-DICODUSPORT-2020-SANS-FOND-SANS-TEXTE.png\",\"contentUrl\":\"https:\/\/dicodusport.fr\/blog\/wp-content\/uploads\/2020\/06\/cropped-LOGO-DICODUSPORT-2020-SANS-FOND-SANS-TEXTE.png\",\"width\":512,\"height\":512,\"caption\":\"Dicodusport\"},\"image\":{\"@id\":\"https:\/\/dicodusport.fr\/blog\/#\/schema\/logo\/image\/\"},\"sameAs\":[\"https:\/\/www.facebook.com\/dicodusport\",\"https:\/\/x.com\/dicodusport\",\"https:\/\/www.instagram.com\/dicodusport\/\",\"https:\/\/www.youtube.com\/channel\/UC7V2KZ5sd3htJivAbA4ZG3w\"],\"description\":\"Dicodusport est l'encyclop\u00e9die de l'actualit\u00e9 sportive.\",\"email\":\"bonjour@dicodusport.fr\",\"legalName\":\"DICODUSPORT\",\"foundingDate\":\"2018-01-14\",\"vatID\":\"FR71834470973\",\"taxID\":\"83447097300043\",\"numberOfEmployees\":{\"@type\":\"QuantitativeValue\",\"minValue\":\"1\",\"maxValue\":\"10\"}},{\"@type\":\"Person\",\"@id\":\"https:\/\/dicodusport.fr\/blog\/#\/schema\/person\/6db4bae06b171592211be385b32876a7\",\"name\":\"Emilien Descampiaux\",\"image\":{\"@type\":\"ImageObject\",\"inLanguage\":\"fr-FR\",\"@id\":\"https:\/\/dicodusport.fr\/blog\/#\/schema\/person\/image\/\",\"url\":\"https:\/\/dicodusport.fr\/blog\/wp-content\/uploads\/2021\/05\/Emilien-Descampiaux-150x150.jpg\",\"contentUrl\":\"https:\/\/dicodusport.fr\/blog\/wp-content\/uploads\/2021\/05\/Emilien-Descampiaux-150x150.jpg\",\"caption\":\"Emilien Descampiaux\"},\"description\":\"Journaliste\/r\u00e9dacteur depuis 2014 - Fan de la classe de Frank Vandenbroucke, je vis cyclisme (et de ses paysages) depuis plus de 20 ans. Je suis tr\u00e8s impliqu\u00e9 sur mes diff\u00e9rents r\u00e9seaux sociaux pour partager ma passion sur le monde et l'Histoire de la bicyclette avec ma voix sur les images en noir et blanc du succ\u00e8s de Rik Van Steenbergen lors du Ronde sur le V\u00e9lodrome de Gand.\",\"sameAs\":[\"https:\/\/www.facebook.com\/groups\/LesRoisDuPeloton\",\"https:\/\/x.com\/https:\/\/twitter.com\/LRoisDuPeloton\"],\"url\":\"https:\/\/dicodusport.fr\/blog\/author\/emiliend\/\"}]}<\/script>\n<!-- \/ Yoast SEO Premium plugin. -->","yoast_head_json":{"title":"Paris-Nice 2026 : Parcours et profil de la 2e \u00e9tape vers le Loiret","description":"La 2\u00e8me \u00e9tape de Paris-Nice 2026 sera la plus plate de la semaine, 187 kilom\u00e8tres entre \u00c9p\u00f4ne et Montargis. Une aubaine pour les sprinteurs.","robots":{"index":"index","follow":"follow","max-snippet":"max-snippet:-1","max-image-preview":"max-image-preview:large","max-video-preview":"max-video-preview:-1"},"canonical":"https:\/\/dicodusport.fr\/blog\/paris-nice-2026-parcours-et-profil-de-la-2e-etape-vers-le-loiret\/","og_locale":"fr_FR","og_type":"article","og_title":"Paris-Nice 2026 : Parcours et profil de la 2e \u00e9tape vers le Loiret","og_description":"La 2\u00e8me \u00e9tape de Paris-Nice 2026 sera la plus plate de la semaine, 187 kilom\u00e8tres entre \u00c9p\u00f4ne et Montargis. Une aubaine pour les sprinteurs.","og_url":"https:\/\/dicodusport.fr\/blog\/paris-nice-2026-parcours-et-profil-de-la-2e-etape-vers-le-loiret\/","og_site_name":"Dicodusport","article_publisher":"https:\/\/www.facebook.com\/dicodusport","article_author":"https:\/\/www.facebook.com\/groups\/LesRoisDuPeloton","article_published_time":"2026-03-08T17:00:07+00:00","article_modified_time":"2026-03-09T07:38:33+00:00","og_image":[{"width":1200,"height":674,"url":"https:\/\/dicodusport.fr\/blog\/wp-content\/uploads\/2026\/03\/Paris-Nice-2026-Parcours-et-profil-de-la-2e-etape-vers-le-Loiret.png","type":"image\/png"}],"author":"Emilien Descampiaux","twitter_card":"summary_large_image","twitter_title":"Paris-Nice 2026 : Parcours et profil de la 2e \u00e9tape vers le Loiret","twitter_creator":"@https:\/\/twitter.com\/LRoisDuPeloton","twitter_site":"@dicodusport","schema":{"@context":"https:\/\/schema.org","@graph":[{"@type":"NewsArticle","@id":"https:\/\/dicodusport.fr\/blog\/paris-nice-2026-parcours-et-profil-de-la-2e-etape-vers-le-loiret\/#article","isPartOf":{"@id":"https:\/\/dicodusport.fr\/blog\/paris-nice-2026-parcours-et-profil-de-la-2e-etape-vers-le-loiret\/"},"author":{"name":"Emilien Descampiaux","@id":"https:\/\/dicodusport.fr\/blog\/#\/schema\/person\/6db4bae06b171592211be385b32876a7"},"headline":"Paris-Nice 2026 : Parcours et profil de la 2e \u00e9tape vers le Loiret","datePublished":"2026-03-08T17:00:07+00:00","dateModified":"2026-03-09T07:38:33+00:00","mainEntityOfPage":{"@id":"https:\/\/dicodusport.fr\/blog\/paris-nice-2026-parcours-et-profil-de-la-2e-etape-vers-le-loiret\/"},"wordCount":310,"commentCount":0,"publisher":{"@id":"https:\/\/dicodusport.fr\/blog\/#organization"},"image":{"@id":"https:\/\/dicodusport.fr\/blog\/paris-nice-2026-parcours-et-profil-de-la-2e-etape-vers-le-loiret\/#primaryimage"},"thumbnailUrl":"https:\/\/dicodusport.fr\/blog\/wp-content\/uploads\/2026\/03\/Paris-Nice-2026-Parcours-et-profil-de-la-2e-etape-vers-le-Loiret.png","keywords":["actu","br\u00e8ve","Cyclisme","Cyclisme sur route","Paris-Nice"],"articleSection":["Cyclisme sur route"],"inLanguage":"fr-FR","potentialAction":[{"@type":"CommentAction","name":"Comment","target":["https:\/\/dicodusport.fr\/blog\/paris-nice-2026-parcours-et-profil-de-la-2e-etape-vers-le-loiret\/#respond"]}],"copyrightYear":"2026","copyrightHolder":{"@id":"https:\/\/dicodusport.fr\/blog\/#organization"}},{"@type":"WebPage","@id":"https:\/\/dicodusport.fr\/blog\/paris-nice-2026-parcours-et-profil-de-la-2e-etape-vers-le-loiret\/","url":"https:\/\/dicodusport.fr\/blog\/paris-nice-2026-parcours-et-profil-de-la-2e-etape-vers-le-loiret\/","name":"Paris-Nice 2026 : Parcours et profil de la 2e \u00e9tape vers le Loiret","isPartOf":{"@id":"https:\/\/dicodusport.fr\/blog\/#website"},"primaryImageOfPage":{"@id":"https:\/\/dicodusport.fr\/blog\/paris-nice-2026-parcours-et-profil-de-la-2e-etape-vers-le-loiret\/#primaryimage"},"image":{"@id":"https:\/\/dicodusport.fr\/blog\/paris-nice-2026-parcours-et-profil-de-la-2e-etape-vers-le-loiret\/#primaryimage"},"thumbnailUrl":"https:\/\/dicodusport.fr\/blog\/wp-content\/uploads\/2026\/03\/Paris-Nice-2026-Parcours-et-profil-de-la-2e-etape-vers-le-Loiret.png","datePublished":"2026-03-08T17:00:07+00:00","dateModified":"2026-03-09T07:38:33+00:00","description":"La 2\u00e8me \u00e9tape de Paris-Nice 2026 sera la plus plate de la semaine, 187 kilom\u00e8tres entre \u00c9p\u00f4ne et Montargis. Une aubaine pour les sprinteurs.","breadcrumb":{"@id":"https:\/\/dicodusport.fr\/blog\/paris-nice-2026-parcours-et-profil-de-la-2e-etape-vers-le-loiret\/#breadcrumb"},"inLanguage":"fr-FR","potentialAction":[{"@type":"ReadAction","target":["https:\/\/dicodusport.fr\/blog\/paris-nice-2026-parcours-et-profil-de-la-2e-etape-vers-le-loiret\/"]}]},{"@type":"ImageObject","inLanguage":"fr-FR","@id":"https:\/\/dicodusport.fr\/blog\/paris-nice-2026-parcours-et-profil-de-la-2e-etape-vers-le-loiret\/#primaryimage","url":"https:\/\/dicodusport.fr\/blog\/wp-content\/uploads\/2026\/03\/Paris-Nice-2026-Parcours-et-profil-de-la-2e-etape-vers-le-Loiret.png","contentUrl":"https:\/\/dicodusport.fr\/blog\/wp-content\/uploads\/2026\/03\/Paris-Nice-2026-Parcours-et-profil-de-la-2e-etape-vers-le-Loiret.png","width":1200,"height":674,"caption":"Paris-Nice 2026 Parcours et profil de la 2e \u00e9tape vers le Loiret"},{"@type":"BreadcrumbList","@id":"https:\/\/dicodusport.fr\/blog\/paris-nice-2026-parcours-et-profil-de-la-2e-etape-vers-le-loiret\/#breadcrumb","itemListElement":[{"@type":"ListItem","position":1,"name":"Accueil","item":"https:\/\/dicodusport.fr\/blog\/"},{"@type":"ListItem","position":2,"name":"Paris-Nice 2026 : Parcours et profil de la 2e \u00e9tape vers le Loiret"}]},{"@type":"WebSite","@id":"https:\/\/dicodusport.fr\/blog\/#website","url":"https:\/\/dicodusport.fr\/blog\/","name":"Dicodusport","description":"L&#039;encyclop\u00e9die de l&#039;actualit\u00e9 sportive","publisher":{"@id":"https:\/\/dicodusport.fr\/blog\/#organization"},"potentialAction":[{"@type":"SearchAction","target":{"@type":"EntryPoint","urlTemplate":"https:\/\/dicodusport.fr\/blog\/?s={search_term_string}"},"query-input":{"@type":"PropertyValueSpecification","valueRequired":true,"valueName":"search_term_string"}}],"inLanguage":"fr-FR"},{"@type":"NewsMediaOrganization","@id":"https:\/\/dicodusport.fr\/blog\/#organization","name":"Dicodusport","url":"https:\/\/dicodusport.fr\/blog\/","logo":{"@type":"ImageObject","inLanguage":"fr-FR","@id":"https:\/\/dicodusport.fr\/blog\/#\/schema\/logo\/image\/","url":"https:\/\/dicodusport.fr\/blog\/wp-content\/uploads\/2020\/06\/cropped-LOGO-DICODUSPORT-2020-SANS-FOND-SANS-TEXTE.png","contentUrl":"https:\/\/dicodusport.fr\/blog\/wp-content\/uploads\/2020\/06\/cropped-LOGO-DICODUSPORT-2020-SANS-FOND-SANS-TEXTE.png","width":512,"height":512,"caption":"Dicodusport"},"image":{"@id":"https:\/\/dicodusport.fr\/blog\/#\/schema\/logo\/image\/"},"sameAs":["https:\/\/www.facebook.com\/dicodusport","https:\/\/x.com\/dicodusport","https:\/\/www.instagram.com\/dicodusport\/","https:\/\/www.youtube.com\/channel\/UC7V2KZ5sd3htJivAbA4ZG3w"],"description":"Dicodusport est l'encyclop\u00e9die de l'actualit\u00e9 sportive.","email":"bonjour@dicodusport.fr","legalName":"DICODUSPORT","foundingDate":"2018-01-14","vatID":"FR71834470973","taxID":"83447097300043","numberOfEmployees":{"@type":"QuantitativeValue","minValue":"1","maxValue":"10"}},{"@type":"Person","@id":"https:\/\/dicodusport.fr\/blog\/#\/schema\/person\/6db4bae06b171592211be385b32876a7","name":"Emilien Descampiaux","image":{"@type":"ImageObject","inLanguage":"fr-FR","@id":"https:\/\/dicodusport.fr\/blog\/#\/schema\/person\/image\/","url":"https:\/\/dicodusport.fr\/blog\/wp-content\/uploads\/2021\/05\/Emilien-Descampiaux-150x150.jpg","contentUrl":"https:\/\/dicodusport.fr\/blog\/wp-content\/uploads\/2021\/05\/Emilien-Descampiaux-150x150.jpg","caption":"Emilien Descampiaux"},"description":"Journaliste\/r\u00e9dacteur depuis 2014 - Fan de la classe de Frank Vandenbroucke, je vis cyclisme (et de ses paysages) depuis plus de 20 ans. Je suis tr\u00e8s impliqu\u00e9 sur mes diff\u00e9rents r\u00e9seaux sociaux pour partager ma passion sur le monde et l'Histoire de la bicyclette avec ma voix sur les images en noir et blanc du succ\u00e8s de Rik Van Steenbergen lors du Ronde sur le V\u00e9lodrome de Gand.","sameAs":["https:\/\/www.facebook.com\/groups\/LesRoisDuPeloton","https:\/\/x.com\/https:\/\/twitter.com\/LRoisDuPeloton"],"url":"https:\/\/dicodusport.fr\/blog\/author\/emiliend\/"}]}},"_links":{"self":[{"href":"https:\/\/dicodusport.fr\/blog\/wp-json\/wp\/v2\/posts\/652381","targetHints":{"allow":["GET"]}}],"collection":[{"href":"https:\/\/dicodusport.fr\/blog\/wp-json\/wp\/v2\/posts"}],"about":[{"href":"https:\/\/dicodusport.fr\/blog\/wp-json\/wp\/v2\/types\/post"}],"author":[{"embeddable":true,"href":"https:\/\/dicodusport.fr\/blog\/wp-json\/wp\/v2\/users\/48"}],"replies":[{"embeddable":true,"href":"https:\/\/dicodusport.fr\/blog\/wp-json\/wp\/v2\/comments?post=652381"}],"version-history":[{"count":5,"href":"https:\/\/dicodusport.fr\/blog\/wp-json\/wp\/v2\/posts\/652381\/revisions"}],"predecessor-version":[{"id":653943,"href":"https:\/\/dicodusport.fr\/blog\/wp-json\/wp\/v2\/posts\/652381\/revisions\/653943"}],"wp:featuredmedia":[{"embeddable":true,"href":"https:\/\/dicodusport.fr\/blog\/wp-json\/wp\/v2\/media\/653848"}],"wp:attachment":[{"href":"https:\/\/dicodusport.fr\/blog\/wp-json\/wp\/v2\/media?parent=652381"}],"wp:term":[{"taxonomy":"category","embeddable":true,"href":"https:\/\/dicodusport.fr\/blog\/wp-json\/wp\/v2\/categories?post=652381"},{"taxonomy":"post_tag","embeddable":true,"href":"https:\/\/dicodusport.fr\/blog\/wp-json\/wp\/v2\/tags?post=652381"}],"curies":[{"name":"wp","href":"https:\/\/api.w.org\/{rel}","templated":true}]}}