{"id":652400,"date":"2026-03-04T14:00:23","date_gmt":"2026-03-04T13:00:23","guid":{"rendered":"https:\/\/dicodusport.fr\/blog\/?p=652400&#038;preview=true&#038;preview_id=652400"},"modified":"2026-03-04T13:43:47","modified_gmt":"2026-03-04T12:43:47","slug":"gessime-yassine-a-fait-feu-de-tout-bois-pour-sa-premiere-titularisation-avec-strasbourg","status":"publish","type":"post","link":"https:\/\/dicodusport.fr\/blog\/gessime-yassine-a-fait-feu-de-tout-bois-pour-sa-premiere-titularisation-avec-strasbourg\/","title":{"rendered":"Gessime Yassine a fait feu de tout bois pour sa premi\u00e8re titularisation avec Strasbourg"},"content":{"rendered":"<p style=\"text-align: justify;\"><strong><em>COUPE DE FRANCE 2025\/2026 \u2013 Titularis\u00e9 pour la premi\u00e8re fois avec Strasbourg en Coupe de France face \u00e0 Reims (2-0), Gessime Yassine a \u00e9clabouss\u00e9 la Meinau de son talent mardi soir.<\/em><\/strong><\/p>\n<ul style=\"text-align: justify;\">\n<li><strong>\u00c0 ce sujet \u2013\u00a0<a href=\"https:\/\/dicodusport.fr\/blog\/classement-ligue-1-2025-2026\/\">Classement Ligue 1 2025-2026<\/a><\/strong><\/li>\n<\/ul>\n<p style=\"text-align: justify;\">Depuis le passage du club entre les mains du groupe <strong>BlueCo<\/strong>, le <strong>Racing Club de Strasbourg<\/strong> est devenu une sorte de hub international o\u00f9 naviguent sans cesse des jeunes talents venus du monde entier, et principalement en provenance de <strong>Chelsea<\/strong>, \u00ab club m\u00e8re \u00bb de cette galaxie BlueCo.<\/p>\n<h2 style=\"text-align: justify;\">Gessime Yassine, une p\u00e9pite devenue trop grande pour Dunkerque<\/h2>\n<p style=\"text-align: justify;\">Au milieu de cette constellation de joueurs, <strong>Gessime Yassine<\/strong> est un gamin parmi tant d\u2019autres \u00e0 avoir rejoint l\u2019Alsace cet hiver. Cependant, ce dernier \u00e9tait loin d\u2019\u00eatre inconnu dans l&rsquo;Hexagone. Rep\u00e9r\u00e9 par <strong>Demba Ba<\/strong> alors qu\u2019il \u00e9voluait \u00e0 <strong>Marignane<\/strong> \u00e0 la fin de l\u2019adolescence, le jeune Marocain s\u2019est r\u00e9v\u00e9l\u00e9 sous les couleurs de <strong>Dunkerque<\/strong> en <strong>Ligue 2<\/strong>.<\/p>\n<p style=\"text-align: justify;\">D\u00e9barqu\u00e9 en janvier 2024 dans le Nord, il avait imm\u00e9diatement obtenu un r\u00f4le dans le syst\u00e8me mis en place par <strong>Luis Castro<\/strong>, avant de jouer un r\u00f4le pr\u00e9pond\u00e9rant dans l\u2019excellent exercice 2024-2025 de l\u2019<strong>USL Dunkerque<\/strong>. Le joueur a ensuite pleinement profit\u00e9 de la <strong>Coupe du monde U20<\/strong> pour faire grimper en fl\u00e8che sa cote, en \u00e9tant l\u2019un des meilleurs joueurs d\u2019un <strong>Maroc<\/strong> titr\u00e9.<\/p>\n<div class=\"vlp-link-container vlp-layout-article\"><a href=\"https:\/\/dicodusport.fr\/blog\/coupe-du-monde-de-football-u20-2025-h-la-france-cede-aux-portes-de-la-finale\/\" class=\"vlp-link\" title=\"Coupe du monde de football U20 2025 (H) : La France c\u00e8de aux portes de la finale\"><\/a><div class=\"vlp-layout-zone-side\"><div class=\"vlp-block-4 vlp-link-image\"><img loading=\"lazy\" decoding=\"async\" style=\"max-width: 792px;\" width=\"792\" height=\"445\" src=\"https:\/\/dicodusport.fr\/blog\/wp-content\/uploads\/2025\/10\/Coupe-du-monde-de-football-U20-2025-H-La-France-cede-aux-portes-de-la-finale.png\" class=\"attachment-800x445 size-800x445\" alt=\"Coupe du monde de football U20 2025 (H) La France c\u00e8de aux portes de la finale\" srcset=\"https:\/\/dicodusport.fr\/blog\/wp-content\/uploads\/2025\/10\/Coupe-du-monde-de-football-U20-2025-H-La-France-cede-aux-portes-de-la-finale.png 1200w, https:\/\/dicodusport.fr\/blog\/wp-content\/uploads\/2025\/10\/Coupe-du-monde-de-football-U20-2025-H-La-France-cede-aux-portes-de-la-finale-300x169.png 300w, https:\/\/dicodusport.fr\/blog\/wp-content\/uploads\/2025\/10\/Coupe-du-monde-de-football-U20-2025-H-La-France-cede-aux-portes-de-la-finale-1024x575.png 1024w, https:\/\/dicodusport.fr\/blog\/wp-content\/uploads\/2025\/10\/Coupe-du-monde-de-football-U20-2025-H-La-France-cede-aux-portes-de-la-finale-768x431.png 768w\" sizes=\"auto, (max-width: 792px) 100vw, 792px\" \/><\/div><\/div><div class=\"vlp-layout-zone-main\"><div class=\"vlp-block-0 vlp-link-title\">Coupe du monde de football U20 2025 (H) : La France c\u00e8de aux portes de la finale<\/div><div class=\"vlp-block-1 vlp-link-summary\">COUPE DU MONDE U20 GAR\u00c7ONS DE FOOTBALL 2025 - D\u00e9ception pour les Bleuets, qui ont r\u00e9sist\u00e9 mais ont fini par craquer aux tirs au but en demi-finale contre le Maroc.\u00a0<\/div><div class=\"vlp-block-2 vlp-link-button\">Lire l'article<\/div><div class=\"vlp-block-3 vlp-link-url\">dicodusport.fr<\/div><\/div><\/div>\n<p style=\"text-align: justify;\">\u00c0 20 ans, la <strong>Ligue 2<\/strong> \u00e9tait devenue trop petite pour lui, et c\u2019est donc <strong>Strasbourg<\/strong> qui a rafl\u00e9 la mise en d\u00e9boursant <strong>7 millions d\u2019euros<\/strong>. Un ch\u00e8que cons\u00e9quent pour un joueur de Ligue 2, mais qui appara\u00eet presque d\u00e9risoire au vu du grand potentiel du joueur.<\/p>\n<blockquote class=\"twitter-tweet\">\n<p dir=\"ltr\" lang=\"fr\">\ud835\ude42\ud835\ude5a\ud835\ude68\ud835\ude68\ud835\ude5e\ud835\ude62\ud835\ude5a \ud835\ude54\ud835\ude56\ud835\ude68\ud835\ude68\ud835\ude5e\ud835\ude63\ud835\ude5a \ud835\ude56\ud835\ude6a \ud835\ude4d\ud835\ude56\ud835\ude58\ud835\ude5e\ud835\ude63\ud835\ude5c \ud83c\uddf2\ud83c\udde6\ud83e\udd1d<\/p>\n<p>Le Racing et l&rsquo;USL Dunkerque ont trouv\u00e9 un accord pour l&rsquo;arriv\u00e9e de Gessime Yassine.<\/p>\n<p>L&rsquo;attaquant de 20 ans s&rsquo;est engag\u00e9 pour une dur\u00e9e de 4 saisons et demi \ud83d\udc4b<\/p>\n<p>Le communiqu\u00e9 \ud83d\udc47<\/p>\n<p>\u25b8 <a href=\"https:\/\/twitter.com\/hashtag\/Yassine2030?src=hash&amp;ref_src=twsrc%5Etfw\">#Yassine2030<\/a><\/p>\n<p>\u2014 Racing Club de Strasbourg Alsace (@RCSA) <a href=\"https:\/\/twitter.com\/RCSA\/status\/2012594267860963618?ref_src=twsrc%5Etfw\">January 17, 2026<\/a><\/p><\/blockquote>\n<p style=\"text-align: justify;\"><script async src=\"https:\/\/platform.twitter.com\/widgets.js\" charset=\"utf-8\"><\/script><\/p>\n<h2 style=\"text-align: justify;\">Un mois \u00e0 ronger son frein sur le banc<\/h2>\n<p style=\"text-align: justify;\">Au sein d\u2019un club engag\u00e9 sur plusieurs tableaux, mais disposant d\u2019un effectif dantesque, le Marocain a d\u00fb faire preuve de patience pour obtenir une premi\u00e8re r\u00e9elle opportunit\u00e9. Depuis son arriv\u00e9e, il s\u2019\u00e9tait ainsi content\u00e9 de <strong>cinq br\u00e8ves apparitions<\/strong>, pour un total minime de <strong>40 minutes de jeu<\/strong>.<\/p>\n<p style=\"text-align: justify;\">Mais mardi soir, <strong>Gary O\u2019Neil<\/strong> a d\u00e9cid\u00e9 de lancer sa recrue hivernale en lui offrant sa <strong>premi\u00e8re titularisation<\/strong> lors du <strong>quart de finale<\/strong> de <strong>Coupe de France<\/strong> disput\u00e9 face au <strong>Stade de Reims<\/strong>. Apr\u00e8s un mois \u00e0 ronger son frein, le natif de <strong>Salon-de-Provence<\/strong> n\u2019a pas laiss\u00e9 passer cette opportunit\u00e9 en or de montrer ses qualit\u00e9s \u00e0 la <strong>Meinau<\/strong>.<\/p>\n<h2 style=\"text-align: justify;\">Une premi\u00e8re titularisation brillante<\/h2>\n<p style=\"text-align: justify;\">Tout au long de la soir\u00e9e, <strong>Gessime Yassine<\/strong> a \u00e9t\u00e9 l\u2019un des d\u00e9tonateurs de l\u2019offensive strasbourgeoise. Il a fait valoir sa qualit\u00e9 technique au-dessus de la moyenne en \u00e9liminant des joueurs adverses \u00e0 r\u00e9p\u00e9tition. Les chiffres sont parlants puisqu\u2019il a tent\u00e9 <strong>9 dribbles, dont 6 r\u00e9ussis<\/strong>.<\/p>\n<p style=\"text-align: justify;\">Son habilet\u00e9 dans les petits espaces a \u00e9t\u00e9 un v\u00e9ritable poison pour les d\u00e9fenseurs r\u00e9mois. Il aurait m\u00eame pu obtenir un penalty gr\u00e2ce \u00e0 ses dribbles chaloup\u00e9s en premi\u00e8re p\u00e9riode, s\u2019il n\u2019avait pas trop anticip\u00e9 le contact, transformant ainsi un penalty qui semblait in\u00e9vitable\u2026 en simulation.<\/p>\n<p style=\"text-align: justify;\">Au-del\u00e0 de cette situation particuli\u00e8re, il a \u00e9galement distill\u00e9 de nombreux ballons qui auraient pu se transformer en occasions franches. Notamment en deuxi\u00e8me p\u00e9riode, o\u00f9 <strong>Nicolas Pallois<\/strong> a \u00e9t\u00e9 contraint de le ceinturer grossi\u00e8rement pour \u00e9viter la correctionnelle. Au total, il a ainsi <strong>cr\u00e9\u00e9 3 occasions<\/strong> gr\u00e2ce \u00e0 ses provocations incessantes (<strong>14 duels remport\u00e9s<\/strong>, record du match). Enfin, le joueur a \u00e9galement \u00e9t\u00e9 activement impliqu\u00e9 dans le pressing collectif, au point de cumuler <strong>8 ballons r\u00e9cup\u00e9r\u00e9s<\/strong>. Solide pour un joueur disposant d&rsquo;un profil tr\u00e8s offensif.<\/p>\n<p><span class=\"6fBjp7w1Vd9Aszaxt\"><iframe loading=\"lazy\" title=\"R\u00e9sum\u00e9 : MASTERCLASS de Yassine, Panichelli surpuissant, Strasbourg en 1\/2\" width=\"740\" height=\"416\" src=\"https:\/\/www.youtube.com\/embed\/bqhzAFAsSrU?feature=oembed\" frameborder=\"0\" allow=\"accelerometer; autoplay; clipboard-write; encrypted-media; gyroscope; picture-in-picture; web-share\" referrerpolicy=\"strict-origin-when-cross-origin\" allowfullscreen><\/iframe><\/span><\/p>\n<h2 style=\"text-align: justify;\">\u00ab J&rsquo;esp\u00e8re que je ne vais pas \u00eatre bon seulement aujourd&rsquo;hui \u00bb<\/h2>\n<p style=\"text-align: justify;\">D\u00e9tendu et satisfait suite \u00e0 cette premi\u00e8re titularisation couronn\u00e9e de succ\u00e8s, <strong>Gessime Yassine<\/strong> a savour\u00e9 sa prestation, tout en se projetant sur la suite, dans des propos retranscrits par <a href=\"https:\/\/rmcsport.bfmtv.com\/football\/coupe-de-france\/strasbourg-j-ai-dit-a-l-arbitre-je-suis-desole-pour-vous-la-defense-deroutante-de-gessime-yassine-apres-son-carton-jaune-pour-simulation_AV-202603040104.html\"><em>RMC Sport<\/em><\/a>\u00a0:<\/p>\n<blockquote>\n<p style=\"text-align: justify;\">Je me suis bien senti. Comme je l&rsquo;ai dit, j&rsquo;ai bien travaill\u00e9 pour que le coach me fasse jouer et apr\u00e8s, comme je travaille bien, j&rsquo;ai \u00e9t\u00e9 r\u00e9compens\u00e9 sur le terrain, j&rsquo;ai \u00e9t\u00e9 s\u00e9rieux et \u00e7a se refl\u00e8te sur le terrain. Du coup, tant mieux. Mais apr\u00e8s, j&rsquo;esp\u00e8re que je ne vais pas \u00eatre bon seulement aujourd&rsquo;hui. Je vais continuer \u00e0 travailler et continuer \u00e0 \u00eatre bon.<\/p>\n<\/blockquote>\n<p style=\"text-align: justify;\">Dans un onze de d\u00e9part o\u00f9 <strong>Martial Godo <\/strong>et <strong>Diego Moreira<\/strong> sont solidement install\u00e9s sur les ailes de l\u2019attaque strasbourgeoise, le Marocain sait sans doute qu\u2019il faudra en faire bien plus pour pr\u00e9tendre \u00e0 une place de titulaire. Mais au vu du calendrier \u00e9toff\u00e9 \u00e0 venir du Racing, <strong>nul doute que le gar\u00e7on disposera de nouvelles opportunit\u00e9s<\/strong> pour marquer des points, et les esprits. D&rsquo;autant plus que son coach <strong>Gary O&rsquo;Neil<\/strong> a aussi appr\u00e9ci\u00e9 la performance, comme il l&rsquo;a exprim\u00e9 au micro du club :<\/p>\n<blockquote>\n<p style=\"text-align: justify;\">Gessime a r\u00e9alis\u00e9 un tr\u00e8s bon match face \u00e0 un bloc bas. J&rsquo;avais h\u00e2te de le voir sur le terrain, et il n&rsquo;a pas d\u00e9\u00e7u. Il est tr\u00e8s bon dans les espaces restreints, et c&rsquo;est une option suppl\u00e9mentaire.<\/p>\n<\/blockquote>\n<p style=\"text-align: justify;\">Et si cette simple option suppl\u00e9mentaire devenait rapidement une option de premier choix ?<\/p>\n<blockquote class=\"twitter-tweet\">\n<p dir=\"ltr\" lang=\"en\">Gessime Yassine. \ud83d\ude0d<\/p>\n<p>A joy to watch. Plays football with a smile on his face. Top performance last night. \ud83d\udc99\ud83c\uddf2\ud83c\udde6 <a href=\"https:\/\/t.co\/xQ8O8eXH23\">pic.twitter.com\/xQ8O8eXH23<\/a><\/p>\n<p>\u2014 Racing Club de Strasbourg Alsace English (@RCSA_English) <a href=\"https:\/\/twitter.com\/RCSA_English\/status\/2029125764008853825?ref_src=twsrc%5Etfw\">March 4, 2026<\/a><\/p><\/blockquote>\n<p style=\"text-align: justify;\"><script async src=\"https:\/\/platform.twitter.com\/widgets.js\" charset=\"utf-8\"><\/script><\/p>\n<div id=\"gtx-trans\" style=\"position: absolute; left: -14px; top: 40.9091px;\">\n<div class=\"gtx-trans-icon\" style=\"text-align: justify;\"><\/div>\n<\/div>\n","protected":false},"excerpt":{"rendered":"<p>COUPE DE FRANCE 2025\/2026 \u2013 Titularis\u00e9 pour la premi\u00e8re fois avec Strasbourg mardi en Coupe de France, Gessime Yassine a \u00e9clabouss\u00e9 la Meinau de son talent.<\/p>\n","protected":false},"author":55,"featured_media":652401,"comment_status":"open","ping_status":"closed","sticky":false,"template":"","format":"standard","meta":{"_acf_changed":false,"_daextam_enable_autolinks":"1","footnotes":""},"categories":[2301],"tags":[16878,2870,2987,1619],"class_list":["post-652400","post","type-post","status-publish","format-standard","has-post-thumbnail","hentry","category-football","tag-breve","tag-coupe-de-france","tag-rc-strasbourg","tag-strasbourg"],"acf":[],"yoast_head":"<!-- This site is optimized with the Yoast SEO Premium plugin v26.7 (Yoast SEO v26.7) - https:\/\/yoast.com\/wordpress\/plugins\/seo\/ -->\n<title>Gessime Yassine a fait feu de tout bois pour sa premi\u00e8re titularisation avec Strasbourg<\/title>\n<meta name=\"description\" content=\"COUPE DE FRANCE 2025\/2026 \u2013 Titularis\u00e9 pour la premi\u00e8re fois avec Strasbourg mardi en Coupe de France, Gessime Yassine a \u00e9clabouss\u00e9 la Meinau de son talent.\" \/>\n<meta name=\"robots\" content=\"index, follow, max-snippet:-1, max-image-preview:large, max-video-preview:-1\" \/>\n<link rel=\"canonical\" href=\"https:\/\/dicodusport.fr\/blog\/gessime-yassine-a-fait-feu-de-tout-bois-pour-sa-premiere-titularisation-avec-strasbourg\/\" \/>\n<meta property=\"og:locale\" content=\"fr_FR\" \/>\n<meta property=\"og:type\" content=\"article\" \/>\n<meta property=\"og:title\" content=\"Gessime Yassine a fait feu de tout bois pour sa premi\u00e8re titularisation avec Strasbourg\" \/>\n<meta property=\"og:description\" content=\"COUPE DE FRANCE 2025\/2026 \u2013 Titularis\u00e9 pour la premi\u00e8re fois avec Strasbourg mardi en Coupe de France, Gessime Yassine a \u00e9clabouss\u00e9 la Meinau de son talent.\" \/>\n<meta property=\"og:url\" content=\"https:\/\/dicodusport.fr\/blog\/gessime-yassine-a-fait-feu-de-tout-bois-pour-sa-premiere-titularisation-avec-strasbourg\/\" \/>\n<meta property=\"og:site_name\" content=\"Dicodusport\" \/>\n<meta property=\"article:publisher\" content=\"https:\/\/www.facebook.com\/dicodusport\" \/>\n<meta property=\"article:published_time\" content=\"2026-03-04T13:00:23+00:00\" \/>\n<meta property=\"og:image\" content=\"https:\/\/dicodusport.fr\/blog\/wp-content\/uploads\/2026\/03\/Gessime-Yassine-a-fait-feu-de-tout-bois-pour-sa-premiere-titularisation-avec-Strasbourg.png\" \/>\n\t<meta property=\"og:image:width\" content=\"1200\" \/>\n\t<meta property=\"og:image:height\" content=\"674\" \/>\n\t<meta property=\"og:image:type\" content=\"image\/png\" \/>\n<meta name=\"author\" content=\"Maxime Cazenave\" \/>\n<meta name=\"twitter:card\" content=\"summary_large_image\" \/>\n<meta name=\"twitter:title\" content=\"Gessime Yassine a fait feu de tout bois pour sa premi\u00e8re titularisation avec Strasbourg\" \/>\n<meta name=\"twitter:creator\" content=\"@https:\/\/twitter.com\/Maxime_Caze\" \/>\n<meta name=\"twitter:site\" content=\"@dicodusport\" \/>\n<script type=\"application\/ld+json\" class=\"yoast-schema-graph\">{\"@context\":\"https:\/\/schema.org\",\"@graph\":[{\"@type\":\"NewsArticle\",\"@id\":\"https:\/\/dicodusport.fr\/blog\/gessime-yassine-a-fait-feu-de-tout-bois-pour-sa-premiere-titularisation-avec-strasbourg\/#article\",\"isPartOf\":{\"@id\":\"https:\/\/dicodusport.fr\/blog\/gessime-yassine-a-fait-feu-de-tout-bois-pour-sa-premiere-titularisation-avec-strasbourg\/\"},\"author\":{\"name\":\"Maxime Cazenave\",\"@id\":\"https:\/\/dicodusport.fr\/blog\/#\/schema\/person\/37def232098a7a5cbab3974a3690abb0\"},\"headline\":\"Gessime Yassine a fait feu de tout bois pour sa premi\u00e8re titularisation avec Strasbourg\",\"datePublished\":\"2026-03-04T13:00:23+00:00\",\"mainEntityOfPage\":{\"@id\":\"https:\/\/dicodusport.fr\/blog\/gessime-yassine-a-fait-feu-de-tout-bois-pour-sa-premiere-titularisation-avec-strasbourg\/\"},\"wordCount\":1072,\"commentCount\":0,\"publisher\":{\"@id\":\"https:\/\/dicodusport.fr\/blog\/#organization\"},\"image\":{\"@id\":\"https:\/\/dicodusport.fr\/blog\/gessime-yassine-a-fait-feu-de-tout-bois-pour-sa-premiere-titularisation-avec-strasbourg\/#primaryimage\"},\"thumbnailUrl\":\"https:\/\/dicodusport.fr\/blog\/wp-content\/uploads\/2026\/03\/Gessime-Yassine-a-fait-feu-de-tout-bois-pour-sa-premiere-titularisation-avec-Strasbourg.png\",\"keywords\":[\"br\u00e8ve\",\"Coupe de France\",\"RC Strasbourg\",\"Strasbourg\"],\"articleSection\":[\"Football\"],\"inLanguage\":\"fr-FR\",\"potentialAction\":[{\"@type\":\"CommentAction\",\"name\":\"Comment\",\"target\":[\"https:\/\/dicodusport.fr\/blog\/gessime-yassine-a-fait-feu-de-tout-bois-pour-sa-premiere-titularisation-avec-strasbourg\/#respond\"]}],\"copyrightYear\":\"2026\",\"copyrightHolder\":{\"@id\":\"https:\/\/dicodusport.fr\/blog\/#organization\"}},{\"@type\":\"WebPage\",\"@id\":\"https:\/\/dicodusport.fr\/blog\/gessime-yassine-a-fait-feu-de-tout-bois-pour-sa-premiere-titularisation-avec-strasbourg\/\",\"url\":\"https:\/\/dicodusport.fr\/blog\/gessime-yassine-a-fait-feu-de-tout-bois-pour-sa-premiere-titularisation-avec-strasbourg\/\",\"name\":\"Gessime Yassine a fait feu de tout bois pour sa premi\u00e8re titularisation avec Strasbourg\",\"isPartOf\":{\"@id\":\"https:\/\/dicodusport.fr\/blog\/#website\"},\"primaryImageOfPage\":{\"@id\":\"https:\/\/dicodusport.fr\/blog\/gessime-yassine-a-fait-feu-de-tout-bois-pour-sa-premiere-titularisation-avec-strasbourg\/#primaryimage\"},\"image\":{\"@id\":\"https:\/\/dicodusport.fr\/blog\/gessime-yassine-a-fait-feu-de-tout-bois-pour-sa-premiere-titularisation-avec-strasbourg\/#primaryimage\"},\"thumbnailUrl\":\"https:\/\/dicodusport.fr\/blog\/wp-content\/uploads\/2026\/03\/Gessime-Yassine-a-fait-feu-de-tout-bois-pour-sa-premiere-titularisation-avec-Strasbourg.png\",\"datePublished\":\"2026-03-04T13:00:23+00:00\",\"description\":\"COUPE DE FRANCE 2025\/2026 \u2013 Titularis\u00e9 pour la premi\u00e8re fois avec Strasbourg mardi en Coupe de France, Gessime Yassine a \u00e9clabouss\u00e9 la Meinau de son talent.\",\"breadcrumb\":{\"@id\":\"https:\/\/dicodusport.fr\/blog\/gessime-yassine-a-fait-feu-de-tout-bois-pour-sa-premiere-titularisation-avec-strasbourg\/#breadcrumb\"},\"inLanguage\":\"fr-FR\",\"potentialAction\":[{\"@type\":\"ReadAction\",\"target\":[\"https:\/\/dicodusport.fr\/blog\/gessime-yassine-a-fait-feu-de-tout-bois-pour-sa-premiere-titularisation-avec-strasbourg\/\"]}]},{\"@type\":\"ImageObject\",\"inLanguage\":\"fr-FR\",\"@id\":\"https:\/\/dicodusport.fr\/blog\/gessime-yassine-a-fait-feu-de-tout-bois-pour-sa-premiere-titularisation-avec-strasbourg\/#primaryimage\",\"url\":\"https:\/\/dicodusport.fr\/blog\/wp-content\/uploads\/2026\/03\/Gessime-Yassine-a-fait-feu-de-tout-bois-pour-sa-premiere-titularisation-avec-Strasbourg.png\",\"contentUrl\":\"https:\/\/dicodusport.fr\/blog\/wp-content\/uploads\/2026\/03\/Gessime-Yassine-a-fait-feu-de-tout-bois-pour-sa-premiere-titularisation-avec-Strasbourg.png\",\"width\":1200,\"height\":674,\"caption\":\"Gessime Yassine a fait feu de tout bois pour sa premi\u00e8re titularisation avec Strasbourg\"},{\"@type\":\"BreadcrumbList\",\"@id\":\"https:\/\/dicodusport.fr\/blog\/gessime-yassine-a-fait-feu-de-tout-bois-pour-sa-premiere-titularisation-avec-strasbourg\/#breadcrumb\",\"itemListElement\":[{\"@type\":\"ListItem\",\"position\":1,\"name\":\"Accueil\",\"item\":\"https:\/\/dicodusport.fr\/blog\/\"},{\"@type\":\"ListItem\",\"position\":2,\"name\":\"Gessime Yassine a fait feu de tout bois pour sa premi\u00e8re titularisation avec Strasbourg\"}]},{\"@type\":\"WebSite\",\"@id\":\"https:\/\/dicodusport.fr\/blog\/#website\",\"url\":\"https:\/\/dicodusport.fr\/blog\/\",\"name\":\"Dicodusport\",\"description\":\"L&#039;encyclop\u00e9die de l&#039;actualit\u00e9 sportive\",\"publisher\":{\"@id\":\"https:\/\/dicodusport.fr\/blog\/#organization\"},\"potentialAction\":[{\"@type\":\"SearchAction\",\"target\":{\"@type\":\"EntryPoint\",\"urlTemplate\":\"https:\/\/dicodusport.fr\/blog\/?s={search_term_string}\"},\"query-input\":{\"@type\":\"PropertyValueSpecification\",\"valueRequired\":true,\"valueName\":\"search_term_string\"}}],\"inLanguage\":\"fr-FR\"},{\"@type\":\"NewsMediaOrganization\",\"@id\":\"https:\/\/dicodusport.fr\/blog\/#organization\",\"name\":\"Dicodusport\",\"url\":\"https:\/\/dicodusport.fr\/blog\/\",\"logo\":{\"@type\":\"ImageObject\",\"inLanguage\":\"fr-FR\",\"@id\":\"https:\/\/dicodusport.fr\/blog\/#\/schema\/logo\/image\/\",\"url\":\"https:\/\/dicodusport.fr\/blog\/wp-content\/uploads\/2020\/06\/cropped-LOGO-DICODUSPORT-2020-SANS-FOND-SANS-TEXTE.png\",\"contentUrl\":\"https:\/\/dicodusport.fr\/blog\/wp-content\/uploads\/2020\/06\/cropped-LOGO-DICODUSPORT-2020-SANS-FOND-SANS-TEXTE.png\",\"width\":512,\"height\":512,\"caption\":\"Dicodusport\"},\"image\":{\"@id\":\"https:\/\/dicodusport.fr\/blog\/#\/schema\/logo\/image\/\"},\"sameAs\":[\"https:\/\/www.facebook.com\/dicodusport\",\"https:\/\/x.com\/dicodusport\",\"https:\/\/www.instagram.com\/dicodusport\/\",\"https:\/\/www.youtube.com\/channel\/UC7V2KZ5sd3htJivAbA4ZG3w\"],\"description\":\"Dicodusport est l'encyclop\u00e9die de l'actualit\u00e9 sportive.\",\"email\":\"bonjour@dicodusport.fr\",\"legalName\":\"DICODUSPORT\",\"foundingDate\":\"2018-01-14\",\"vatID\":\"FR71834470973\",\"taxID\":\"83447097300043\",\"numberOfEmployees\":{\"@type\":\"QuantitativeValue\",\"minValue\":\"1\",\"maxValue\":\"10\"}},{\"@type\":\"Person\",\"@id\":\"https:\/\/dicodusport.fr\/blog\/#\/schema\/person\/37def232098a7a5cbab3974a3690abb0\",\"name\":\"Maxime Cazenave\",\"image\":{\"@type\":\"ImageObject\",\"inLanguage\":\"fr-FR\",\"@id\":\"https:\/\/dicodusport.fr\/blog\/#\/schema\/person\/image\/\",\"url\":\"https:\/\/dicodusport.fr\/blog\/wp-content\/uploads\/2021\/05\/Maxime-Cazenave-150x150.jpg\",\"contentUrl\":\"https:\/\/dicodusport.fr\/blog\/wp-content\/uploads\/2021\/05\/Maxime-Cazenave-150x150.jpg\",\"caption\":\"Maxime Cazenave\"},\"description\":\"Journaliste\/R\u00e9dacteur depuis 2012 - Berc\u00e9 par l\u2019amour des Girondins de Bordeaux, les \u00e9checs de Christophe Moreau sur le Tour de France sous l'\u00e8re Lance Armstrong et le fade-away l\u00e9tal de Dirk Nowitzki, ma passion d\u00e9vorante pour le sport a toujours \u00e9t\u00e9 un pan incontournable de ma vie. Transmettre ma passion \u00e0 l\u2019\u00e9crit a \u00e9t\u00e9 une transition naturelle. Suiveur assidu de basket et de hockey sur glace, je garde toujours un peu de place pour suivre le cyclisme, le football et le maximum de performances fran\u00e7aises.\",\"sameAs\":[\"https:\/\/x.com\/https:\/\/twitter.com\/Maxime_Caze\"],\"url\":\"https:\/\/dicodusport.fr\/blog\/author\/maximec\/\"}]}<\/script>\n<!-- \/ Yoast SEO Premium plugin. -->","yoast_head_json":{"title":"Gessime Yassine a fait feu de tout bois pour sa premi\u00e8re titularisation avec Strasbourg","description":"COUPE DE FRANCE 2025\/2026 \u2013 Titularis\u00e9 pour la premi\u00e8re fois avec Strasbourg mardi en Coupe de France, Gessime Yassine a \u00e9clabouss\u00e9 la Meinau de son talent.","robots":{"index":"index","follow":"follow","max-snippet":"max-snippet:-1","max-image-preview":"max-image-preview:large","max-video-preview":"max-video-preview:-1"},"canonical":"https:\/\/dicodusport.fr\/blog\/gessime-yassine-a-fait-feu-de-tout-bois-pour-sa-premiere-titularisation-avec-strasbourg\/","og_locale":"fr_FR","og_type":"article","og_title":"Gessime Yassine a fait feu de tout bois pour sa premi\u00e8re titularisation avec Strasbourg","og_description":"COUPE DE FRANCE 2025\/2026 \u2013 Titularis\u00e9 pour la premi\u00e8re fois avec Strasbourg mardi en Coupe de France, Gessime Yassine a \u00e9clabouss\u00e9 la Meinau de son talent.","og_url":"https:\/\/dicodusport.fr\/blog\/gessime-yassine-a-fait-feu-de-tout-bois-pour-sa-premiere-titularisation-avec-strasbourg\/","og_site_name":"Dicodusport","article_publisher":"https:\/\/www.facebook.com\/dicodusport","article_published_time":"2026-03-04T13:00:23+00:00","og_image":[{"width":1200,"height":674,"url":"https:\/\/dicodusport.fr\/blog\/wp-content\/uploads\/2026\/03\/Gessime-Yassine-a-fait-feu-de-tout-bois-pour-sa-premiere-titularisation-avec-Strasbourg.png","type":"image\/png"}],"author":"Maxime Cazenave","twitter_card":"summary_large_image","twitter_title":"Gessime Yassine a fait feu de tout bois pour sa premi\u00e8re titularisation avec Strasbourg","twitter_creator":"@https:\/\/twitter.com\/Maxime_Caze","twitter_site":"@dicodusport","schema":{"@context":"https:\/\/schema.org","@graph":[{"@type":"NewsArticle","@id":"https:\/\/dicodusport.fr\/blog\/gessime-yassine-a-fait-feu-de-tout-bois-pour-sa-premiere-titularisation-avec-strasbourg\/#article","isPartOf":{"@id":"https:\/\/dicodusport.fr\/blog\/gessime-yassine-a-fait-feu-de-tout-bois-pour-sa-premiere-titularisation-avec-strasbourg\/"},"author":{"name":"Maxime Cazenave","@id":"https:\/\/dicodusport.fr\/blog\/#\/schema\/person\/37def232098a7a5cbab3974a3690abb0"},"headline":"Gessime Yassine a fait feu de tout bois pour sa premi\u00e8re titularisation avec Strasbourg","datePublished":"2026-03-04T13:00:23+00:00","mainEntityOfPage":{"@id":"https:\/\/dicodusport.fr\/blog\/gessime-yassine-a-fait-feu-de-tout-bois-pour-sa-premiere-titularisation-avec-strasbourg\/"},"wordCount":1072,"commentCount":0,"publisher":{"@id":"https:\/\/dicodusport.fr\/blog\/#organization"},"image":{"@id":"https:\/\/dicodusport.fr\/blog\/gessime-yassine-a-fait-feu-de-tout-bois-pour-sa-premiere-titularisation-avec-strasbourg\/#primaryimage"},"thumbnailUrl":"https:\/\/dicodusport.fr\/blog\/wp-content\/uploads\/2026\/03\/Gessime-Yassine-a-fait-feu-de-tout-bois-pour-sa-premiere-titularisation-avec-Strasbourg.png","keywords":["br\u00e8ve","Coupe de France","RC Strasbourg","Strasbourg"],"articleSection":["Football"],"inLanguage":"fr-FR","potentialAction":[{"@type":"CommentAction","name":"Comment","target":["https:\/\/dicodusport.fr\/blog\/gessime-yassine-a-fait-feu-de-tout-bois-pour-sa-premiere-titularisation-avec-strasbourg\/#respond"]}],"copyrightYear":"2026","copyrightHolder":{"@id":"https:\/\/dicodusport.fr\/blog\/#organization"}},{"@type":"WebPage","@id":"https:\/\/dicodusport.fr\/blog\/gessime-yassine-a-fait-feu-de-tout-bois-pour-sa-premiere-titularisation-avec-strasbourg\/","url":"https:\/\/dicodusport.fr\/blog\/gessime-yassine-a-fait-feu-de-tout-bois-pour-sa-premiere-titularisation-avec-strasbourg\/","name":"Gessime Yassine a fait feu de tout bois pour sa premi\u00e8re titularisation avec Strasbourg","isPartOf":{"@id":"https:\/\/dicodusport.fr\/blog\/#website"},"primaryImageOfPage":{"@id":"https:\/\/dicodusport.fr\/blog\/gessime-yassine-a-fait-feu-de-tout-bois-pour-sa-premiere-titularisation-avec-strasbourg\/#primaryimage"},"image":{"@id":"https:\/\/dicodusport.fr\/blog\/gessime-yassine-a-fait-feu-de-tout-bois-pour-sa-premiere-titularisation-avec-strasbourg\/#primaryimage"},"thumbnailUrl":"https:\/\/dicodusport.fr\/blog\/wp-content\/uploads\/2026\/03\/Gessime-Yassine-a-fait-feu-de-tout-bois-pour-sa-premiere-titularisation-avec-Strasbourg.png","datePublished":"2026-03-04T13:00:23+00:00","description":"COUPE DE FRANCE 2025\/2026 \u2013 Titularis\u00e9 pour la premi\u00e8re fois avec Strasbourg mardi en Coupe de France, Gessime Yassine a \u00e9clabouss\u00e9 la Meinau de son talent.","breadcrumb":{"@id":"https:\/\/dicodusport.fr\/blog\/gessime-yassine-a-fait-feu-de-tout-bois-pour-sa-premiere-titularisation-avec-strasbourg\/#breadcrumb"},"inLanguage":"fr-FR","potentialAction":[{"@type":"ReadAction","target":["https:\/\/dicodusport.fr\/blog\/gessime-yassine-a-fait-feu-de-tout-bois-pour-sa-premiere-titularisation-avec-strasbourg\/"]}]},{"@type":"ImageObject","inLanguage":"fr-FR","@id":"https:\/\/dicodusport.fr\/blog\/gessime-yassine-a-fait-feu-de-tout-bois-pour-sa-premiere-titularisation-avec-strasbourg\/#primaryimage","url":"https:\/\/dicodusport.fr\/blog\/wp-content\/uploads\/2026\/03\/Gessime-Yassine-a-fait-feu-de-tout-bois-pour-sa-premiere-titularisation-avec-Strasbourg.png","contentUrl":"https:\/\/dicodusport.fr\/blog\/wp-content\/uploads\/2026\/03\/Gessime-Yassine-a-fait-feu-de-tout-bois-pour-sa-premiere-titularisation-avec-Strasbourg.png","width":1200,"height":674,"caption":"Gessime Yassine a fait feu de tout bois pour sa premi\u00e8re titularisation avec Strasbourg"},{"@type":"BreadcrumbList","@id":"https:\/\/dicodusport.fr\/blog\/gessime-yassine-a-fait-feu-de-tout-bois-pour-sa-premiere-titularisation-avec-strasbourg\/#breadcrumb","itemListElement":[{"@type":"ListItem","position":1,"name":"Accueil","item":"https:\/\/dicodusport.fr\/blog\/"},{"@type":"ListItem","position":2,"name":"Gessime Yassine a fait feu de tout bois pour sa premi\u00e8re titularisation avec Strasbourg"}]},{"@type":"WebSite","@id":"https:\/\/dicodusport.fr\/blog\/#website","url":"https:\/\/dicodusport.fr\/blog\/","name":"Dicodusport","description":"L&#039;encyclop\u00e9die de l&#039;actualit\u00e9 sportive","publisher":{"@id":"https:\/\/dicodusport.fr\/blog\/#organization"},"potentialAction":[{"@type":"SearchAction","target":{"@type":"EntryPoint","urlTemplate":"https:\/\/dicodusport.fr\/blog\/?s={search_term_string}"},"query-input":{"@type":"PropertyValueSpecification","valueRequired":true,"valueName":"search_term_string"}}],"inLanguage":"fr-FR"},{"@type":"NewsMediaOrganization","@id":"https:\/\/dicodusport.fr\/blog\/#organization","name":"Dicodusport","url":"https:\/\/dicodusport.fr\/blog\/","logo":{"@type":"ImageObject","inLanguage":"fr-FR","@id":"https:\/\/dicodusport.fr\/blog\/#\/schema\/logo\/image\/","url":"https:\/\/dicodusport.fr\/blog\/wp-content\/uploads\/2020\/06\/cropped-LOGO-DICODUSPORT-2020-SANS-FOND-SANS-TEXTE.png","contentUrl":"https:\/\/dicodusport.fr\/blog\/wp-content\/uploads\/2020\/06\/cropped-LOGO-DICODUSPORT-2020-SANS-FOND-SANS-TEXTE.png","width":512,"height":512,"caption":"Dicodusport"},"image":{"@id":"https:\/\/dicodusport.fr\/blog\/#\/schema\/logo\/image\/"},"sameAs":["https:\/\/www.facebook.com\/dicodusport","https:\/\/x.com\/dicodusport","https:\/\/www.instagram.com\/dicodusport\/","https:\/\/www.youtube.com\/channel\/UC7V2KZ5sd3htJivAbA4ZG3w"],"description":"Dicodusport est l'encyclop\u00e9die de l'actualit\u00e9 sportive.","email":"bonjour@dicodusport.fr","legalName":"DICODUSPORT","foundingDate":"2018-01-14","vatID":"FR71834470973","taxID":"83447097300043","numberOfEmployees":{"@type":"QuantitativeValue","minValue":"1","maxValue":"10"}},{"@type":"Person","@id":"https:\/\/dicodusport.fr\/blog\/#\/schema\/person\/37def232098a7a5cbab3974a3690abb0","name":"Maxime Cazenave","image":{"@type":"ImageObject","inLanguage":"fr-FR","@id":"https:\/\/dicodusport.fr\/blog\/#\/schema\/person\/image\/","url":"https:\/\/dicodusport.fr\/blog\/wp-content\/uploads\/2021\/05\/Maxime-Cazenave-150x150.jpg","contentUrl":"https:\/\/dicodusport.fr\/blog\/wp-content\/uploads\/2021\/05\/Maxime-Cazenave-150x150.jpg","caption":"Maxime Cazenave"},"description":"Journaliste\/R\u00e9dacteur depuis 2012 - Berc\u00e9 par l\u2019amour des Girondins de Bordeaux, les \u00e9checs de Christophe Moreau sur le Tour de France sous l'\u00e8re Lance Armstrong et le fade-away l\u00e9tal de Dirk Nowitzki, ma passion d\u00e9vorante pour le sport a toujours \u00e9t\u00e9 un pan incontournable de ma vie. Transmettre ma passion \u00e0 l\u2019\u00e9crit a \u00e9t\u00e9 une transition naturelle. Suiveur assidu de basket et de hockey sur glace, je garde toujours un peu de place pour suivre le cyclisme, le football et le maximum de performances fran\u00e7aises.","sameAs":["https:\/\/x.com\/https:\/\/twitter.com\/Maxime_Caze"],"url":"https:\/\/dicodusport.fr\/blog\/author\/maximec\/"}]}},"_links":{"self":[{"href":"https:\/\/dicodusport.fr\/blog\/wp-json\/wp\/v2\/posts\/652400","targetHints":{"allow":["GET"]}}],"collection":[{"href":"https:\/\/dicodusport.fr\/blog\/wp-json\/wp\/v2\/posts"}],"about":[{"href":"https:\/\/dicodusport.fr\/blog\/wp-json\/wp\/v2\/types\/post"}],"author":[{"embeddable":true,"href":"https:\/\/dicodusport.fr\/blog\/wp-json\/wp\/v2\/users\/55"}],"replies":[{"embeddable":true,"href":"https:\/\/dicodusport.fr\/blog\/wp-json\/wp\/v2\/comments?post=652400"}],"version-history":[{"count":5,"href":"https:\/\/dicodusport.fr\/blog\/wp-json\/wp\/v2\/posts\/652400\/revisions"}],"predecessor-version":[{"id":652434,"href":"https:\/\/dicodusport.fr\/blog\/wp-json\/wp\/v2\/posts\/652400\/revisions\/652434"}],"wp:featuredmedia":[{"embeddable":true,"href":"https:\/\/dicodusport.fr\/blog\/wp-json\/wp\/v2\/media\/652401"}],"wp:attachment":[{"href":"https:\/\/dicodusport.fr\/blog\/wp-json\/wp\/v2\/media?parent=652400"}],"wp:term":[{"taxonomy":"category","embeddable":true,"href":"https:\/\/dicodusport.fr\/blog\/wp-json\/wp\/v2\/categories?post=652400"},{"taxonomy":"post_tag","embeddable":true,"href":"https:\/\/dicodusport.fr\/blog\/wp-json\/wp\/v2\/tags?post=652400"}],"curies":[{"name":"wp","href":"https:\/\/api.w.org\/{rel}","templated":true}]}}