{"id":652517,"date":"2026-03-04T21:14:34","date_gmt":"2026-03-04T20:14:34","guid":{"rendered":"https:\/\/dicodusport.fr\/blog\/?p=652517&#038;preview=true&#038;preview_id=652517"},"modified":"2026-03-04T22:48:41","modified_gmt":"2026-03-04T21:48:41","slug":"gaetan-paturel-rafle-tout-sur-le-dernier-sprint-de-lannee-en-ibu-cup-la-victoire-et-le-petit-globe","status":"publish","type":"post","link":"https:\/\/dicodusport.fr\/blog\/gaetan-paturel-rafle-tout-sur-le-dernier-sprint-de-lannee-en-ibu-cup-la-victoire-et-le-petit-globe\/","title":{"rendered":"Ga\u00ebtan Paturel rafle tout sur le dernier sprint de l&rsquo;ann\u00e9e en IBU Cup : la victoire et le petit globe"},"content":{"rendered":"<p style=\"text-align: justify;\"><strong><em>IBU CUP 2025\/2026 &#8211; Auteur d&rsquo;un sans-faute sur le dernier sprint de l&rsquo;ann\u00e9e, Ga\u00ebtan Paturel a rafl\u00e9 une victoire synonyme de petit globe \u00e0 Lake Placid.<\/em><\/strong><\/p>\n<p style=\"text-align: justify;\">Journ\u00e9e royale pour le biathlon fran\u00e7ais \u00e0 <strong>Lake Placid<\/strong>, dans le cadre de la derni\u00e8re \u00e9tape de la saison en <strong>IBU Cup<\/strong>. Plus t\u00f4t dans la journ\u00e9e, les filles avaient ouvert le bal de mani\u00e8re id\u00e9ale sur le sprint : la victoire pour <strong>Amandine Mengin<\/strong> et le gros globe pour <strong>Paula Botet<\/strong>.<\/p>\n<div class=\"vlp-link-container vlp-layout-article\"><a href=\"https:\/\/dicodusport.fr\/blog\/coup-double-pour-les-bleues-de-libu-cup-la-victoire-du-sprint-pour-amandine-mengin-le-gros-globe-pour-paula-botet\/\" class=\"vlp-link\" title=\"Coup double pour les Bleues de l\u2019IBU Cup : la victoire du sprint pour Amandine Mengin, le gros globe pour Paula Botet\"><\/a><div class=\"vlp-layout-zone-side\"><div class=\"vlp-block-4 vlp-link-image\"><img loading=\"lazy\" decoding=\"async\" style=\"max-width: 792px;\" width=\"792\" height=\"445\" src=\"https:\/\/dicodusport.fr\/blog\/wp-content\/uploads\/2026\/03\/Coup-double-pour-les-Bleues-de-lIBU-Cup-la-victoire-du-sprint-pour-Amandine-Mengin-le-gros-globe-pour-Paula-Botet.png\" class=\"attachment-800x445 size-800x445\" alt=\"La r\u00e9ussite est totale pour les Bleues de l\u2019IBU Cup : le petit globe de la mass start pour Amandine Mengin\" srcset=\"https:\/\/dicodusport.fr\/blog\/wp-content\/uploads\/2026\/03\/Coup-double-pour-les-Bleues-de-lIBU-Cup-la-victoire-du-sprint-pour-Amandine-Mengin-le-gros-globe-pour-Paula-Botet.png 1200w, https:\/\/dicodusport.fr\/blog\/wp-content\/uploads\/2026\/03\/Coup-double-pour-les-Bleues-de-lIBU-Cup-la-victoire-du-sprint-pour-Amandine-Mengin-le-gros-globe-pour-Paula-Botet-300x169.png 300w, https:\/\/dicodusport.fr\/blog\/wp-content\/uploads\/2026\/03\/Coup-double-pour-les-Bleues-de-lIBU-Cup-la-victoire-du-sprint-pour-Amandine-Mengin-le-gros-globe-pour-Paula-Botet-1024x575.png 1024w, https:\/\/dicodusport.fr\/blog\/wp-content\/uploads\/2026\/03\/Coup-double-pour-les-Bleues-de-lIBU-Cup-la-victoire-du-sprint-pour-Amandine-Mengin-le-gros-globe-pour-Paula-Botet-768x431.png 768w\" sizes=\"auto, (max-width: 792px) 100vw, 792px\" \/><\/div><\/div><div class=\"vlp-layout-zone-main\"><div class=\"vlp-block-0 vlp-link-title\">Coup double pour les Bleues de l\u2019IBU Cup : la victoire du sprint pour Amandine Mengin, le gros globe pour Paula Botet<\/div><div class=\"vlp-block-1 vlp-link-summary\">IBU CUP 2025\/2026 - Les Bleues retrouvent le podium \u00e0 Lake Placid. Amandine Mengin remporte le sprint devant Samuela Comola et Gro Randby. Paula Botet s\u2019assure quant \u00e0 elle le gros globe de cristal.<\/div><div class=\"vlp-block-2 vlp-link-button\">Lire l'article<\/div><div class=\"vlp-block-3 vlp-link-url\">dicodusport.fr<\/div><\/div><\/div>\n<h2 style=\"text-align: justify;\">Ga\u00ebtan Paturel rafle tout sur le sprint<\/h2>\n<p style=\"text-align: justify;\">Sur le sprint masculin, le <strong>petit globe<\/strong> \u00e9tait \u00e9galement assur\u00e9 d\u2019atterrir entre des mains tricolores. Restait toutefois \u00e0 savoir qui allait le d\u00e9crocher. Disposant de 24 points d\u2019avance sur <strong>Ga\u00ebtan Paturel<\/strong>, <strong>Damien Levet<\/strong> avait les cartes en main. Cependant, ce dernier ne s\u2019attendait peut-\u00eatre pas \u00e0 tomber sur un Paturel des grands jours.<\/p>\n<p style=\"text-align: justify;\">Auteur d\u2019un sans-faute sur le pas de tir, celui qui avait d\u00e9j\u00e0 remport\u00e9 le petit globe de la poursuite la veille a saisi sa chance \u00e0 pleines mains en r\u00e9alisant un excellent temps \u00e0 ski. Sorti avec plus de 15 secondes d\u2019avance sur un <strong>Ole Suhrke<\/strong> (8\/10) supersonique, il est parvenu \u00e0 r\u00e9sister dans la derni\u00e8re ligne droite pour aller chercher une magnifique victoire avec un dixi\u00e8me d\u2019avance sur le Norv\u00e9gien.<\/p>\n<h2 style=\"text-align: justify;\">Le gros globe se rapproche \u00e9galement<\/h2>\n<p style=\"text-align: justify;\">Une victoire accompagn\u00e9e du petit globe puisque <strong>Damien Levet<\/strong> n\u2019a pu faire mieux qu\u2019une <strong>19e place<\/strong> avec un 9\/10, et surtout un temps de ski bien plus en retrait que son compatriote. En cons\u00e9quence, <strong>Ga\u00ebtan Paturel<\/strong> accroche son <a href=\"https:\/\/dicodusport.fr\/blog\/nouvelle-recompense-pour-les-bleus-de-libu-cup-le-petit-globe-de-la-poursuite-pour-gaetan-paturel\/\"><strong>2e petit globe<\/strong><\/a>. Mais il r\u00e9alise \u00e9galement une <strong>excellente op\u00e9ration au classement g\u00e9n\u00e9ral<\/strong>.<\/p>\n<p style=\"text-align: justify;\">Alors qu\u2019il ne disposait que de 18 petits points d\u2019avance sur Levet avant la course, il poss\u00e8de d\u00e9sormais une <strong>marge de 86 points<\/strong> avant la derni\u00e8re \u00e9preuve individuelle de la saison (la mass start, vendredi). En cons\u00e9quence, seule une victoire de son compatriote pourrait remettre en cause son succ\u00e8s final. Le gros globe est donc \u00e0 port\u00e9e de main.<\/p>\n<p style=\"text-align: justify;\">\u00c0 noter \u00e9galement la belle <strong>6e place<\/strong> obtenue par <strong>Th\u00e9o Guiraud-Poillot<\/strong> c\u00f4t\u00e9 fran\u00e7ais. <strong>Antonin Guigonnat<\/strong> a, lui, termin\u00e9 en fond de top 20 (<strong>18e<\/strong>).<\/p>\n<blockquote class=\"twitter-tweet\">\n<p dir=\"ltr\" lang=\"fr\">\ud83d\udd2e\ud83c\uddeb\ud83c\uddf7 Gaetan Paturel empoche le petit globe du Sprint !<\/p>\n<p>Deuxi\u00e8me globe de la saison apr\u00e8s celui de la Poursuite ! <a href=\"https:\/\/twitter.com\/hashtag\/IBUCup?src=hash&amp;ref_src=twsrc%5Etfw\">#IBUCup<\/a> <a href=\"https:\/\/t.co\/EctnE1OfMm\">pic.twitter.com\/EctnE1OfMm<\/a><\/p>\n<p>\u2014 Biathlon_FRA\ud83c\udfbf (@Biathlon_FRA) <a href=\"https:\/\/twitter.com\/Biathlon_FRA\/status\/2029289581607063711?ref_src=twsrc%5Etfw\">March 4, 2026<\/a><\/p><\/blockquote>\n<p><script async src=\"https:\/\/platform.twitter.com\/widgets.js\" charset=\"utf-8\"><\/script><\/p>\n<div id=\"gtx-trans\" style=\"position: absolute; left: -14px; top: 40.9091px;\">\n<div class=\"gtx-trans-icon\"><\/div>\n<\/div>\n","protected":false},"excerpt":{"rendered":"<p>IBU CUP 2025\/2026 &#8211; Auteur d&rsquo;un sans-faute sur le dernier sprint de l&rsquo;ann\u00e9e, Ga\u00ebtan Paturel a rafl\u00e9 une victoire synonyme de petit globe \u00e0 Lake Placid.<\/p>\n","protected":false},"author":55,"featured_media":652578,"comment_status":"open","ping_status":"closed","sticky":false,"template":"","format":"standard","meta":{"_acf_changed":false,"_daextam_enable_autolinks":"1","footnotes":""},"categories":[2426],"tags":[2427,16878,2696,24],"class_list":["post-652517","post","type-post","status-publish","format-standard","has-post-thumbnail","hentry","category-biathlon","tag-biathlon","tag-breve","tag-ibu-cup","tag-sport"],"acf":[],"yoast_head":"<!-- This site is optimized with the Yoast SEO Premium plugin v26.7 (Yoast SEO v26.7) - https:\/\/yoast.com\/wordpress\/plugins\/seo\/ -->\n<title>Ga\u00ebtan Paturel rafle tout sur le dernier sprint de l&#039;ann\u00e9e en IBU Cup : la victoire et le petit globe<\/title>\n<meta name=\"description\" content=\"IBU CUP 2025\/2026 - Auteur d&#039;un sans-faute sur le dernier sprint de l&#039;ann\u00e9e, Ga\u00ebtan Paturel a rafl\u00e9 une victoire synonyme de petit globe \u00e0 Lake Placid.\" \/>\n<meta name=\"robots\" content=\"index, follow, max-snippet:-1, max-image-preview:large, max-video-preview:-1\" \/>\n<link rel=\"canonical\" href=\"https:\/\/dicodusport.fr\/blog\/gaetan-paturel-rafle-tout-sur-le-dernier-sprint-de-lannee-en-ibu-cup-la-victoire-et-le-petit-globe\/\" \/>\n<meta property=\"og:locale\" content=\"fr_FR\" \/>\n<meta property=\"og:type\" content=\"article\" \/>\n<meta property=\"og:title\" content=\"Ga\u00ebtan Paturel rafle tout sur le dernier sprint de l&#039;ann\u00e9e en IBU Cup : la victoire et le petit globe\" \/>\n<meta property=\"og:description\" content=\"IBU CUP 2025\/2026 - Auteur d&#039;un sans-faute sur le dernier sprint de l&#039;ann\u00e9e, Ga\u00ebtan Paturel a rafl\u00e9 une victoire synonyme de petit globe \u00e0 Lake Placid.\" \/>\n<meta property=\"og:url\" content=\"https:\/\/dicodusport.fr\/blog\/gaetan-paturel-rafle-tout-sur-le-dernier-sprint-de-lannee-en-ibu-cup-la-victoire-et-le-petit-globe\/\" \/>\n<meta property=\"og:site_name\" content=\"Dicodusport\" \/>\n<meta property=\"article:publisher\" content=\"https:\/\/www.facebook.com\/dicodusport\" \/>\n<meta property=\"article:published_time\" content=\"2026-03-04T20:14:34+00:00\" \/>\n<meta property=\"article:modified_time\" content=\"2026-03-04T21:48:41+00:00\" \/>\n<meta property=\"og:image\" content=\"https:\/\/dicodusport.fr\/blog\/wp-content\/uploads\/2026\/03\/Gaetan-Paturel-rafle-tout-sur-le-dernier-sprint-de-lannee-en-IBU-Cup-la-victoire-et-le-petit-globe-1.png\" \/>\n\t<meta property=\"og:image:width\" content=\"1200\" \/>\n\t<meta property=\"og:image:height\" content=\"674\" \/>\n\t<meta property=\"og:image:type\" content=\"image\/png\" \/>\n<meta name=\"author\" content=\"Maxime Cazenave\" \/>\n<meta name=\"twitter:card\" content=\"summary_large_image\" \/>\n<meta name=\"twitter:title\" content=\"Ga\u00ebtan Paturel rafle tout sur le dernier sprint de l&#039;ann\u00e9e en IBU Cup : la victoire et le petit globe\" \/>\n<meta name=\"twitter:creator\" content=\"@https:\/\/twitter.com\/Maxime_Caze\" \/>\n<meta name=\"twitter:site\" content=\"@dicodusport\" \/>\n<script type=\"application\/ld+json\" class=\"yoast-schema-graph\">{\"@context\":\"https:\/\/schema.org\",\"@graph\":[{\"@type\":\"NewsArticle\",\"@id\":\"https:\/\/dicodusport.fr\/blog\/gaetan-paturel-rafle-tout-sur-le-dernier-sprint-de-lannee-en-ibu-cup-la-victoire-et-le-petit-globe\/#article\",\"isPartOf\":{\"@id\":\"https:\/\/dicodusport.fr\/blog\/gaetan-paturel-rafle-tout-sur-le-dernier-sprint-de-lannee-en-ibu-cup-la-victoire-et-le-petit-globe\/\"},\"author\":{\"name\":\"Maxime Cazenave\",\"@id\":\"https:\/\/dicodusport.fr\/blog\/#\/schema\/person\/37def232098a7a5cbab3974a3690abb0\"},\"headline\":\"Ga\u00ebtan Paturel rafle tout sur le dernier sprint de l&rsquo;ann\u00e9e en IBU Cup : la victoire et le petit globe\",\"datePublished\":\"2026-03-04T20:14:34+00:00\",\"dateModified\":\"2026-03-04T21:48:41+00:00\",\"mainEntityOfPage\":{\"@id\":\"https:\/\/dicodusport.fr\/blog\/gaetan-paturel-rafle-tout-sur-le-dernier-sprint-de-lannee-en-ibu-cup-la-victoire-et-le-petit-globe\/\"},\"wordCount\":539,\"commentCount\":0,\"publisher\":{\"@id\":\"https:\/\/dicodusport.fr\/blog\/#organization\"},\"image\":{\"@id\":\"https:\/\/dicodusport.fr\/blog\/gaetan-paturel-rafle-tout-sur-le-dernier-sprint-de-lannee-en-ibu-cup-la-victoire-et-le-petit-globe\/#primaryimage\"},\"thumbnailUrl\":\"https:\/\/dicodusport.fr\/blog\/wp-content\/uploads\/2026\/03\/Gaetan-Paturel-rafle-tout-sur-le-dernier-sprint-de-lannee-en-IBU-Cup-la-victoire-et-le-petit-globe-1.png\",\"keywords\":[\"Biathlon\",\"br\u00e8ve\",\"IBU Cup\",\"sport\"],\"articleSection\":[\"Biathlon\"],\"inLanguage\":\"fr-FR\",\"potentialAction\":[{\"@type\":\"CommentAction\",\"name\":\"Comment\",\"target\":[\"https:\/\/dicodusport.fr\/blog\/gaetan-paturel-rafle-tout-sur-le-dernier-sprint-de-lannee-en-ibu-cup-la-victoire-et-le-petit-globe\/#respond\"]}],\"copyrightYear\":\"2026\",\"copyrightHolder\":{\"@id\":\"https:\/\/dicodusport.fr\/blog\/#organization\"}},{\"@type\":\"WebPage\",\"@id\":\"https:\/\/dicodusport.fr\/blog\/gaetan-paturel-rafle-tout-sur-le-dernier-sprint-de-lannee-en-ibu-cup-la-victoire-et-le-petit-globe\/\",\"url\":\"https:\/\/dicodusport.fr\/blog\/gaetan-paturel-rafle-tout-sur-le-dernier-sprint-de-lannee-en-ibu-cup-la-victoire-et-le-petit-globe\/\",\"name\":\"Ga\u00ebtan Paturel rafle tout sur le dernier sprint de l'ann\u00e9e en IBU Cup : la victoire et le petit globe\",\"isPartOf\":{\"@id\":\"https:\/\/dicodusport.fr\/blog\/#website\"},\"primaryImageOfPage\":{\"@id\":\"https:\/\/dicodusport.fr\/blog\/gaetan-paturel-rafle-tout-sur-le-dernier-sprint-de-lannee-en-ibu-cup-la-victoire-et-le-petit-globe\/#primaryimage\"},\"image\":{\"@id\":\"https:\/\/dicodusport.fr\/blog\/gaetan-paturel-rafle-tout-sur-le-dernier-sprint-de-lannee-en-ibu-cup-la-victoire-et-le-petit-globe\/#primaryimage\"},\"thumbnailUrl\":\"https:\/\/dicodusport.fr\/blog\/wp-content\/uploads\/2026\/03\/Gaetan-Paturel-rafle-tout-sur-le-dernier-sprint-de-lannee-en-IBU-Cup-la-victoire-et-le-petit-globe-1.png\",\"datePublished\":\"2026-03-04T20:14:34+00:00\",\"dateModified\":\"2026-03-04T21:48:41+00:00\",\"description\":\"IBU CUP 2025\/2026 - Auteur d'un sans-faute sur le dernier sprint de l'ann\u00e9e, Ga\u00ebtan Paturel a rafl\u00e9 une victoire synonyme de petit globe \u00e0 Lake Placid.\",\"breadcrumb\":{\"@id\":\"https:\/\/dicodusport.fr\/blog\/gaetan-paturel-rafle-tout-sur-le-dernier-sprint-de-lannee-en-ibu-cup-la-victoire-et-le-petit-globe\/#breadcrumb\"},\"inLanguage\":\"fr-FR\",\"potentialAction\":[{\"@type\":\"ReadAction\",\"target\":[\"https:\/\/dicodusport.fr\/blog\/gaetan-paturel-rafle-tout-sur-le-dernier-sprint-de-lannee-en-ibu-cup-la-victoire-et-le-petit-globe\/\"]}]},{\"@type\":\"ImageObject\",\"inLanguage\":\"fr-FR\",\"@id\":\"https:\/\/dicodusport.fr\/blog\/gaetan-paturel-rafle-tout-sur-le-dernier-sprint-de-lannee-en-ibu-cup-la-victoire-et-le-petit-globe\/#primaryimage\",\"url\":\"https:\/\/dicodusport.fr\/blog\/wp-content\/uploads\/2026\/03\/Gaetan-Paturel-rafle-tout-sur-le-dernier-sprint-de-lannee-en-IBU-Cup-la-victoire-et-le-petit-globe-1.png\",\"contentUrl\":\"https:\/\/dicodusport.fr\/blog\/wp-content\/uploads\/2026\/03\/Gaetan-Paturel-rafle-tout-sur-le-dernier-sprint-de-lannee-en-IBU-Cup-la-victoire-et-le-petit-globe-1.png\",\"width\":1200,\"height\":674,\"caption\":\"Ga\u00ebtan Paturel rafle tout sur le dernier sprint de l'ann\u00e9e en IBU Cup la victoire et le petit globe\"},{\"@type\":\"BreadcrumbList\",\"@id\":\"https:\/\/dicodusport.fr\/blog\/gaetan-paturel-rafle-tout-sur-le-dernier-sprint-de-lannee-en-ibu-cup-la-victoire-et-le-petit-globe\/#breadcrumb\",\"itemListElement\":[{\"@type\":\"ListItem\",\"position\":1,\"name\":\"Accueil\",\"item\":\"https:\/\/dicodusport.fr\/blog\/\"},{\"@type\":\"ListItem\",\"position\":2,\"name\":\"Ga\u00ebtan Paturel rafle tout sur le dernier sprint de l&rsquo;ann\u00e9e en IBU Cup : la victoire et le petit globe\"}]},{\"@type\":\"WebSite\",\"@id\":\"https:\/\/dicodusport.fr\/blog\/#website\",\"url\":\"https:\/\/dicodusport.fr\/blog\/\",\"name\":\"Dicodusport\",\"description\":\"L&#039;encyclop\u00e9die de l&#039;actualit\u00e9 sportive\",\"publisher\":{\"@id\":\"https:\/\/dicodusport.fr\/blog\/#organization\"},\"potentialAction\":[{\"@type\":\"SearchAction\",\"target\":{\"@type\":\"EntryPoint\",\"urlTemplate\":\"https:\/\/dicodusport.fr\/blog\/?s={search_term_string}\"},\"query-input\":{\"@type\":\"PropertyValueSpecification\",\"valueRequired\":true,\"valueName\":\"search_term_string\"}}],\"inLanguage\":\"fr-FR\"},{\"@type\":\"NewsMediaOrganization\",\"@id\":\"https:\/\/dicodusport.fr\/blog\/#organization\",\"name\":\"Dicodusport\",\"url\":\"https:\/\/dicodusport.fr\/blog\/\",\"logo\":{\"@type\":\"ImageObject\",\"inLanguage\":\"fr-FR\",\"@id\":\"https:\/\/dicodusport.fr\/blog\/#\/schema\/logo\/image\/\",\"url\":\"https:\/\/dicodusport.fr\/blog\/wp-content\/uploads\/2020\/06\/cropped-LOGO-DICODUSPORT-2020-SANS-FOND-SANS-TEXTE.png\",\"contentUrl\":\"https:\/\/dicodusport.fr\/blog\/wp-content\/uploads\/2020\/06\/cropped-LOGO-DICODUSPORT-2020-SANS-FOND-SANS-TEXTE.png\",\"width\":512,\"height\":512,\"caption\":\"Dicodusport\"},\"image\":{\"@id\":\"https:\/\/dicodusport.fr\/blog\/#\/schema\/logo\/image\/\"},\"sameAs\":[\"https:\/\/www.facebook.com\/dicodusport\",\"https:\/\/x.com\/dicodusport\",\"https:\/\/www.instagram.com\/dicodusport\/\",\"https:\/\/www.youtube.com\/channel\/UC7V2KZ5sd3htJivAbA4ZG3w\"],\"description\":\"Dicodusport est l'encyclop\u00e9die de l'actualit\u00e9 sportive.\",\"email\":\"bonjour@dicodusport.fr\",\"legalName\":\"DICODUSPORT\",\"foundingDate\":\"2018-01-14\",\"vatID\":\"FR71834470973\",\"taxID\":\"83447097300043\",\"numberOfEmployees\":{\"@type\":\"QuantitativeValue\",\"minValue\":\"1\",\"maxValue\":\"10\"}},{\"@type\":\"Person\",\"@id\":\"https:\/\/dicodusport.fr\/blog\/#\/schema\/person\/37def232098a7a5cbab3974a3690abb0\",\"name\":\"Maxime Cazenave\",\"image\":{\"@type\":\"ImageObject\",\"inLanguage\":\"fr-FR\",\"@id\":\"https:\/\/dicodusport.fr\/blog\/#\/schema\/person\/image\/\",\"url\":\"https:\/\/dicodusport.fr\/blog\/wp-content\/uploads\/2021\/05\/Maxime-Cazenave-150x150.jpg\",\"contentUrl\":\"https:\/\/dicodusport.fr\/blog\/wp-content\/uploads\/2021\/05\/Maxime-Cazenave-150x150.jpg\",\"caption\":\"Maxime Cazenave\"},\"description\":\"Journaliste\/R\u00e9dacteur depuis 2012 - Berc\u00e9 par l\u2019amour des Girondins de Bordeaux, les \u00e9checs de Christophe Moreau sur le Tour de France sous l'\u00e8re Lance Armstrong et le fade-away l\u00e9tal de Dirk Nowitzki, ma passion d\u00e9vorante pour le sport a toujours \u00e9t\u00e9 un pan incontournable de ma vie. Transmettre ma passion \u00e0 l\u2019\u00e9crit a \u00e9t\u00e9 une transition naturelle. Suiveur assidu de basket et de hockey sur glace, je garde toujours un peu de place pour suivre le cyclisme, le football et le maximum de performances fran\u00e7aises.\",\"sameAs\":[\"https:\/\/x.com\/https:\/\/twitter.com\/Maxime_Caze\"],\"url\":\"https:\/\/dicodusport.fr\/blog\/author\/maximec\/\"}]}<\/script>\n<!-- \/ Yoast SEO Premium plugin. -->","yoast_head_json":{"title":"Ga\u00ebtan Paturel rafle tout sur le dernier sprint de l'ann\u00e9e en IBU Cup : la victoire et le petit globe","description":"IBU CUP 2025\/2026 - Auteur d'un sans-faute sur le dernier sprint de l'ann\u00e9e, Ga\u00ebtan Paturel a rafl\u00e9 une victoire synonyme de petit globe \u00e0 Lake Placid.","robots":{"index":"index","follow":"follow","max-snippet":"max-snippet:-1","max-image-preview":"max-image-preview:large","max-video-preview":"max-video-preview:-1"},"canonical":"https:\/\/dicodusport.fr\/blog\/gaetan-paturel-rafle-tout-sur-le-dernier-sprint-de-lannee-en-ibu-cup-la-victoire-et-le-petit-globe\/","og_locale":"fr_FR","og_type":"article","og_title":"Ga\u00ebtan Paturel rafle tout sur le dernier sprint de l'ann\u00e9e en IBU Cup : la victoire et le petit globe","og_description":"IBU CUP 2025\/2026 - Auteur d'un sans-faute sur le dernier sprint de l'ann\u00e9e, Ga\u00ebtan Paturel a rafl\u00e9 une victoire synonyme de petit globe \u00e0 Lake Placid.","og_url":"https:\/\/dicodusport.fr\/blog\/gaetan-paturel-rafle-tout-sur-le-dernier-sprint-de-lannee-en-ibu-cup-la-victoire-et-le-petit-globe\/","og_site_name":"Dicodusport","article_publisher":"https:\/\/www.facebook.com\/dicodusport","article_published_time":"2026-03-04T20:14:34+00:00","article_modified_time":"2026-03-04T21:48:41+00:00","og_image":[{"width":1200,"height":674,"url":"https:\/\/dicodusport.fr\/blog\/wp-content\/uploads\/2026\/03\/Gaetan-Paturel-rafle-tout-sur-le-dernier-sprint-de-lannee-en-IBU-Cup-la-victoire-et-le-petit-globe-1.png","type":"image\/png"}],"author":"Maxime Cazenave","twitter_card":"summary_large_image","twitter_title":"Ga\u00ebtan Paturel rafle tout sur le dernier sprint de l'ann\u00e9e en IBU Cup : la victoire et le petit globe","twitter_creator":"@https:\/\/twitter.com\/Maxime_Caze","twitter_site":"@dicodusport","schema":{"@context":"https:\/\/schema.org","@graph":[{"@type":"NewsArticle","@id":"https:\/\/dicodusport.fr\/blog\/gaetan-paturel-rafle-tout-sur-le-dernier-sprint-de-lannee-en-ibu-cup-la-victoire-et-le-petit-globe\/#article","isPartOf":{"@id":"https:\/\/dicodusport.fr\/blog\/gaetan-paturel-rafle-tout-sur-le-dernier-sprint-de-lannee-en-ibu-cup-la-victoire-et-le-petit-globe\/"},"author":{"name":"Maxime Cazenave","@id":"https:\/\/dicodusport.fr\/blog\/#\/schema\/person\/37def232098a7a5cbab3974a3690abb0"},"headline":"Ga\u00ebtan Paturel rafle tout sur le dernier sprint de l&rsquo;ann\u00e9e en IBU Cup : la victoire et le petit globe","datePublished":"2026-03-04T20:14:34+00:00","dateModified":"2026-03-04T21:48:41+00:00","mainEntityOfPage":{"@id":"https:\/\/dicodusport.fr\/blog\/gaetan-paturel-rafle-tout-sur-le-dernier-sprint-de-lannee-en-ibu-cup-la-victoire-et-le-petit-globe\/"},"wordCount":539,"commentCount":0,"publisher":{"@id":"https:\/\/dicodusport.fr\/blog\/#organization"},"image":{"@id":"https:\/\/dicodusport.fr\/blog\/gaetan-paturel-rafle-tout-sur-le-dernier-sprint-de-lannee-en-ibu-cup-la-victoire-et-le-petit-globe\/#primaryimage"},"thumbnailUrl":"https:\/\/dicodusport.fr\/blog\/wp-content\/uploads\/2026\/03\/Gaetan-Paturel-rafle-tout-sur-le-dernier-sprint-de-lannee-en-IBU-Cup-la-victoire-et-le-petit-globe-1.png","keywords":["Biathlon","br\u00e8ve","IBU Cup","sport"],"articleSection":["Biathlon"],"inLanguage":"fr-FR","potentialAction":[{"@type":"CommentAction","name":"Comment","target":["https:\/\/dicodusport.fr\/blog\/gaetan-paturel-rafle-tout-sur-le-dernier-sprint-de-lannee-en-ibu-cup-la-victoire-et-le-petit-globe\/#respond"]}],"copyrightYear":"2026","copyrightHolder":{"@id":"https:\/\/dicodusport.fr\/blog\/#organization"}},{"@type":"WebPage","@id":"https:\/\/dicodusport.fr\/blog\/gaetan-paturel-rafle-tout-sur-le-dernier-sprint-de-lannee-en-ibu-cup-la-victoire-et-le-petit-globe\/","url":"https:\/\/dicodusport.fr\/blog\/gaetan-paturel-rafle-tout-sur-le-dernier-sprint-de-lannee-en-ibu-cup-la-victoire-et-le-petit-globe\/","name":"Ga\u00ebtan Paturel rafle tout sur le dernier sprint de l'ann\u00e9e en IBU Cup : la victoire et le petit globe","isPartOf":{"@id":"https:\/\/dicodusport.fr\/blog\/#website"},"primaryImageOfPage":{"@id":"https:\/\/dicodusport.fr\/blog\/gaetan-paturel-rafle-tout-sur-le-dernier-sprint-de-lannee-en-ibu-cup-la-victoire-et-le-petit-globe\/#primaryimage"},"image":{"@id":"https:\/\/dicodusport.fr\/blog\/gaetan-paturel-rafle-tout-sur-le-dernier-sprint-de-lannee-en-ibu-cup-la-victoire-et-le-petit-globe\/#primaryimage"},"thumbnailUrl":"https:\/\/dicodusport.fr\/blog\/wp-content\/uploads\/2026\/03\/Gaetan-Paturel-rafle-tout-sur-le-dernier-sprint-de-lannee-en-IBU-Cup-la-victoire-et-le-petit-globe-1.png","datePublished":"2026-03-04T20:14:34+00:00","dateModified":"2026-03-04T21:48:41+00:00","description":"IBU CUP 2025\/2026 - Auteur d'un sans-faute sur le dernier sprint de l'ann\u00e9e, Ga\u00ebtan Paturel a rafl\u00e9 une victoire synonyme de petit globe \u00e0 Lake Placid.","breadcrumb":{"@id":"https:\/\/dicodusport.fr\/blog\/gaetan-paturel-rafle-tout-sur-le-dernier-sprint-de-lannee-en-ibu-cup-la-victoire-et-le-petit-globe\/#breadcrumb"},"inLanguage":"fr-FR","potentialAction":[{"@type":"ReadAction","target":["https:\/\/dicodusport.fr\/blog\/gaetan-paturel-rafle-tout-sur-le-dernier-sprint-de-lannee-en-ibu-cup-la-victoire-et-le-petit-globe\/"]}]},{"@type":"ImageObject","inLanguage":"fr-FR","@id":"https:\/\/dicodusport.fr\/blog\/gaetan-paturel-rafle-tout-sur-le-dernier-sprint-de-lannee-en-ibu-cup-la-victoire-et-le-petit-globe\/#primaryimage","url":"https:\/\/dicodusport.fr\/blog\/wp-content\/uploads\/2026\/03\/Gaetan-Paturel-rafle-tout-sur-le-dernier-sprint-de-lannee-en-IBU-Cup-la-victoire-et-le-petit-globe-1.png","contentUrl":"https:\/\/dicodusport.fr\/blog\/wp-content\/uploads\/2026\/03\/Gaetan-Paturel-rafle-tout-sur-le-dernier-sprint-de-lannee-en-IBU-Cup-la-victoire-et-le-petit-globe-1.png","width":1200,"height":674,"caption":"Ga\u00ebtan Paturel rafle tout sur le dernier sprint de l'ann\u00e9e en IBU Cup la victoire et le petit globe"},{"@type":"BreadcrumbList","@id":"https:\/\/dicodusport.fr\/blog\/gaetan-paturel-rafle-tout-sur-le-dernier-sprint-de-lannee-en-ibu-cup-la-victoire-et-le-petit-globe\/#breadcrumb","itemListElement":[{"@type":"ListItem","position":1,"name":"Accueil","item":"https:\/\/dicodusport.fr\/blog\/"},{"@type":"ListItem","position":2,"name":"Ga\u00ebtan Paturel rafle tout sur le dernier sprint de l&rsquo;ann\u00e9e en IBU Cup : la victoire et le petit globe"}]},{"@type":"WebSite","@id":"https:\/\/dicodusport.fr\/blog\/#website","url":"https:\/\/dicodusport.fr\/blog\/","name":"Dicodusport","description":"L&#039;encyclop\u00e9die de l&#039;actualit\u00e9 sportive","publisher":{"@id":"https:\/\/dicodusport.fr\/blog\/#organization"},"potentialAction":[{"@type":"SearchAction","target":{"@type":"EntryPoint","urlTemplate":"https:\/\/dicodusport.fr\/blog\/?s={search_term_string}"},"query-input":{"@type":"PropertyValueSpecification","valueRequired":true,"valueName":"search_term_string"}}],"inLanguage":"fr-FR"},{"@type":"NewsMediaOrganization","@id":"https:\/\/dicodusport.fr\/blog\/#organization","name":"Dicodusport","url":"https:\/\/dicodusport.fr\/blog\/","logo":{"@type":"ImageObject","inLanguage":"fr-FR","@id":"https:\/\/dicodusport.fr\/blog\/#\/schema\/logo\/image\/","url":"https:\/\/dicodusport.fr\/blog\/wp-content\/uploads\/2020\/06\/cropped-LOGO-DICODUSPORT-2020-SANS-FOND-SANS-TEXTE.png","contentUrl":"https:\/\/dicodusport.fr\/blog\/wp-content\/uploads\/2020\/06\/cropped-LOGO-DICODUSPORT-2020-SANS-FOND-SANS-TEXTE.png","width":512,"height":512,"caption":"Dicodusport"},"image":{"@id":"https:\/\/dicodusport.fr\/blog\/#\/schema\/logo\/image\/"},"sameAs":["https:\/\/www.facebook.com\/dicodusport","https:\/\/x.com\/dicodusport","https:\/\/www.instagram.com\/dicodusport\/","https:\/\/www.youtube.com\/channel\/UC7V2KZ5sd3htJivAbA4ZG3w"],"description":"Dicodusport est l'encyclop\u00e9die de l'actualit\u00e9 sportive.","email":"bonjour@dicodusport.fr","legalName":"DICODUSPORT","foundingDate":"2018-01-14","vatID":"FR71834470973","taxID":"83447097300043","numberOfEmployees":{"@type":"QuantitativeValue","minValue":"1","maxValue":"10"}},{"@type":"Person","@id":"https:\/\/dicodusport.fr\/blog\/#\/schema\/person\/37def232098a7a5cbab3974a3690abb0","name":"Maxime Cazenave","image":{"@type":"ImageObject","inLanguage":"fr-FR","@id":"https:\/\/dicodusport.fr\/blog\/#\/schema\/person\/image\/","url":"https:\/\/dicodusport.fr\/blog\/wp-content\/uploads\/2021\/05\/Maxime-Cazenave-150x150.jpg","contentUrl":"https:\/\/dicodusport.fr\/blog\/wp-content\/uploads\/2021\/05\/Maxime-Cazenave-150x150.jpg","caption":"Maxime Cazenave"},"description":"Journaliste\/R\u00e9dacteur depuis 2012 - Berc\u00e9 par l\u2019amour des Girondins de Bordeaux, les \u00e9checs de Christophe Moreau sur le Tour de France sous l'\u00e8re Lance Armstrong et le fade-away l\u00e9tal de Dirk Nowitzki, ma passion d\u00e9vorante pour le sport a toujours \u00e9t\u00e9 un pan incontournable de ma vie. Transmettre ma passion \u00e0 l\u2019\u00e9crit a \u00e9t\u00e9 une transition naturelle. Suiveur assidu de basket et de hockey sur glace, je garde toujours un peu de place pour suivre le cyclisme, le football et le maximum de performances fran\u00e7aises.","sameAs":["https:\/\/x.com\/https:\/\/twitter.com\/Maxime_Caze"],"url":"https:\/\/dicodusport.fr\/blog\/author\/maximec\/"}]}},"_links":{"self":[{"href":"https:\/\/dicodusport.fr\/blog\/wp-json\/wp\/v2\/posts\/652517","targetHints":{"allow":["GET"]}}],"collection":[{"href":"https:\/\/dicodusport.fr\/blog\/wp-json\/wp\/v2\/posts"}],"about":[{"href":"https:\/\/dicodusport.fr\/blog\/wp-json\/wp\/v2\/types\/post"}],"author":[{"embeddable":true,"href":"https:\/\/dicodusport.fr\/blog\/wp-json\/wp\/v2\/users\/55"}],"replies":[{"embeddable":true,"href":"https:\/\/dicodusport.fr\/blog\/wp-json\/wp\/v2\/comments?post=652517"}],"version-history":[{"count":5,"href":"https:\/\/dicodusport.fr\/blog\/wp-json\/wp\/v2\/posts\/652517\/revisions"}],"predecessor-version":[{"id":652554,"href":"https:\/\/dicodusport.fr\/blog\/wp-json\/wp\/v2\/posts\/652517\/revisions\/652554"}],"wp:featuredmedia":[{"embeddable":true,"href":"https:\/\/dicodusport.fr\/blog\/wp-json\/wp\/v2\/media\/652578"}],"wp:attachment":[{"href":"https:\/\/dicodusport.fr\/blog\/wp-json\/wp\/v2\/media?parent=652517"}],"wp:term":[{"taxonomy":"category","embeddable":true,"href":"https:\/\/dicodusport.fr\/blog\/wp-json\/wp\/v2\/categories?post=652517"},{"taxonomy":"post_tag","embeddable":true,"href":"https:\/\/dicodusport.fr\/blog\/wp-json\/wp\/v2\/tags?post=652517"}],"curies":[{"name":"wp","href":"https:\/\/api.w.org\/{rel}","templated":true}]}}