{"id":652530,"date":"2026-03-08T18:15:58","date_gmt":"2026-03-08T17:15:58","guid":{"rendered":"https:\/\/dicodusport.fr\/blog\/?p=652530&#038;preview=true&#038;preview_id=652530"},"modified":"2026-03-09T11:27:56","modified_gmt":"2026-03-09T10:27:56","slug":"tirreno-adriatico-2026-parcours-et-profil-de-la-1re-etape-autour-de-lido-di-camaiore","status":"publish","type":"post","link":"https:\/\/dicodusport.fr\/blog\/tirreno-adriatico-2026-parcours-et-profil-de-la-1re-etape-autour-de-lido-di-camaiore\/","title":{"rendered":"Tirreno-Adriatico 2026 : Parcours et profil de la 1re \u00e9tape autour de Lido di Camaiore"},"content":{"rendered":"<p style=\"text-align: justify;\"><em><strong>La premi\u00e8re \u00e9tape de Tirreno-Adriatico 2026 sera un contre-la-montre individuel de 11,5 kilom\u00e8tres \u00e0 Lido di Camaiore sur une route parfaitement plate.<\/strong><\/em><\/p>\n<ul style=\"text-align: justify;\">\n<li><strong>\u00c0 ce sujet &#8211; <a href=\"https:\/\/dicodusport.fr\/blog\/tirreno-adriatico-2026-le-parcours-complet-et-le-profil-des-7-etapes\/\">Tirreno-Adriatico 2026 : le parcours complet et le profil des 7 \u00e9tapes<\/a><\/strong><\/li>\n<\/ul>\n<h2 style=\"text-align: justify;\">Tirreno-Adriatico : un chrono pour d\u00e9signer le premier leader<\/h2>\n<p style=\"text-align: justify;\">Tirreno-Adriatico 2026 d\u00e9butera par un contre-la-montre individuel de 11,5 kilom\u00e8tres \u00e0 <strong>Lido di Camaiore<\/strong> sur une route parfaitement plate, en longeant la mer Tyrrh\u00e9nienne. Le parcours est identique \u00e0 celui de l&rsquo;an dernier, o\u00f9 <strong>Filippo Ganna<\/strong> avait r\u00e9alis\u00e9 <a href=\"https:\/\/dicodusport.fr\/blog\/tirreno-adriatico-2025-filippo-ganna-remporte-la-premiere-etape\/\">le meilleur temps<\/a>. L&rsquo;itin\u00e9raire sera presque sur de grandes lignes droites avec juste un premier virage juste apr\u00e8s la rampe de lancement, et un demi-tour \u00e0 <strong>Fiumetto.<\/strong><\/p>\n<ul style=\"text-align: justify;\">\n<li><strong>\u00c0 ce sujet &#8211; <a href=\"https:\/\/dicodusport.fr\/blog\/tirreno-adriatico-2026-la-startlist-complete-et-les-favoris-pour-le-general\/\">Tirreno-Adriatico 2026 : la startlist compl\u00e8te et les favoris pour le g\u00e9n\u00e9ral<\/a><\/strong><\/li>\n<li><strong>\u00c0 ce sujet &#8211; <a href=\"https:\/\/dicodusport.fr\/blog\/tirreno-adriatico-2026-a-quelle-heure-et-sur-quelle-chaine-tv-suivre-la-course-en-direct\/\">Tirreno-Adriatico 2026 : \u00c0 quelle heure et sur quelle cha\u00eene TV suivre la course en direct<\/a><\/strong><\/li>\n<\/ul>\n<p style=\"text-align: justify;\">Les coureurs effectueront donc un aller-retour sur la m\u00eame route, sur pr\u00e8s de 5 kilom\u00e8tres. \u00c0 1 200 m\u00e8tres de l&rsquo;arriv\u00e9e, la seule difficult\u00e9 sera un virage en S (droite-gauche) avec une chauss\u00e9e \u00e9troite menant au dernier kilom\u00e8tre en ligne droite sur la Viale Ermenegildo Pistelli.<\/p>\n<div id=\"attachment_653372\" style=\"width: 1310px\" class=\"wp-caption alignnone\"><img loading=\"lazy\" decoding=\"async\" aria-describedby=\"caption-attachment-653372\" class=\"size-full wp-image-653372\" src=\"https:\/\/dicodusport.fr\/blog\/wp-content\/uploads\/2026\/03\/Profil-de-la-1ere-etape-de-Tirreno-Adriatico-2026.webp\" alt=\"Profil de la 1\u00e8re \u00e9tape de Tirreno-Adriatico 2026\" width=\"1300\" height=\"496\" srcset=\"https:\/\/dicodusport.fr\/blog\/wp-content\/uploads\/2026\/03\/Profil-de-la-1ere-etape-de-Tirreno-Adriatico-2026.webp 1300w, https:\/\/dicodusport.fr\/blog\/wp-content\/uploads\/2026\/03\/Profil-de-la-1ere-etape-de-Tirreno-Adriatico-2026-300x114.webp 300w, https:\/\/dicodusport.fr\/blog\/wp-content\/uploads\/2026\/03\/Profil-de-la-1ere-etape-de-Tirreno-Adriatico-2026-1024x391.webp 1024w, https:\/\/dicodusport.fr\/blog\/wp-content\/uploads\/2026\/03\/Profil-de-la-1ere-etape-de-Tirreno-Adriatico-2026-768x293.webp 768w\" sizes=\"auto, (max-width: 1300px) 100vw, 1300px\" \/><p id=\"caption-attachment-653372\" class=\"wp-caption-text\">Profil de la 1\u00e8re \u00e9tape de Tirreno-Adriatico 2026<\/p><\/div>\n<ul>\n<li style=\"text-align: justify;\"><strong>\u00c0 ce sujet &#8211; <a href=\"https:\/\/dicodusport.fr\/blog\/tirreno-adriatico-2026-1re-etape-horaires-et-ordre-de-depart-du-contre-la-montre\/\">Tirreno-Adriatico 2026 \u2013 1re \u00e9tape : horaires et ordre de d\u00e9part du contre-la-montre<\/a><\/strong><\/li>\n<\/ul>\n","protected":false},"excerpt":{"rendered":"<p>La premi\u00e8re \u00e9tape de Tirreno-Adriatico 2026 sera un contre-la-montre individuel de 11,5 kilom\u00e8tres \u00e0 Lido di Camaiore sur une route parfaitement plate.<\/p>\n","protected":false},"author":48,"featured_media":653853,"comment_status":"open","ping_status":"closed","sticky":false,"template":"","format":"standard","meta":{"_acf_changed":false,"_daextam_enable_autolinks":"1","footnotes":""},"categories":[46994],"tags":[32415,16878,574,11197,7435],"class_list":["post-652530","post","type-post","status-publish","format-standard","has-post-thumbnail","hentry","category-cyclisme-sur-route","tag-actu","tag-breve","tag-cyclisme","tag-cyclisme-sur-route","tag-tirreno-adriatico"],"acf":[],"yoast_head":"<!-- This site is optimized with the Yoast SEO Premium plugin v26.7 (Yoast SEO v26.7) - https:\/\/yoast.com\/wordpress\/plugins\/seo\/ -->\n<title>Tirreno-Adriatico 2026 : Parcours et profil de la 1re \u00e9tape autour de Lido di Camaiore<\/title>\n<meta name=\"description\" content=\"La premi\u00e8re \u00e9tape de Tirreno-Adriatico 2026 sera un contre-la-montre individuel de 11,5 kilom\u00e8tres \u00e0 Lido di Camaiore sur une route parfaitement plate.\" \/>\n<meta name=\"robots\" content=\"index, follow, max-snippet:-1, max-image-preview:large, max-video-preview:-1\" \/>\n<link rel=\"canonical\" href=\"https:\/\/dicodusport.fr\/blog\/tirreno-adriatico-2026-parcours-et-profil-de-la-1re-etape-autour-de-lido-di-camaiore\/\" \/>\n<meta property=\"og:locale\" content=\"fr_FR\" \/>\n<meta property=\"og:type\" content=\"article\" \/>\n<meta property=\"og:title\" content=\"Tirreno-Adriatico 2026 : Parcours et profil de la 1re \u00e9tape autour de Lido di Camaiore\" \/>\n<meta property=\"og:description\" content=\"La premi\u00e8re \u00e9tape de Tirreno-Adriatico 2026 sera un contre-la-montre individuel de 11,5 kilom\u00e8tres \u00e0 Lido di Camaiore sur une route parfaitement plate.\" \/>\n<meta property=\"og:url\" content=\"https:\/\/dicodusport.fr\/blog\/tirreno-adriatico-2026-parcours-et-profil-de-la-1re-etape-autour-de-lido-di-camaiore\/\" \/>\n<meta property=\"og:site_name\" content=\"Dicodusport\" \/>\n<meta property=\"article:publisher\" content=\"https:\/\/www.facebook.com\/dicodusport\" \/>\n<meta property=\"article:author\" content=\"https:\/\/www.facebook.com\/groups\/LesRoisDuPeloton\" \/>\n<meta property=\"article:published_time\" content=\"2026-03-08T17:15:58+00:00\" \/>\n<meta property=\"article:modified_time\" content=\"2026-03-09T10:27:56+00:00\" \/>\n<meta property=\"og:image\" content=\"https:\/\/dicodusport.fr\/blog\/wp-content\/uploads\/2026\/03\/Tirreno-Adriatico-2026-Parcours-et-profil-de-la-1re-etape-autour-de-Lido-di-Camaiore.png\" \/>\n\t<meta property=\"og:image:width\" content=\"1200\" \/>\n\t<meta property=\"og:image:height\" content=\"674\" \/>\n\t<meta property=\"og:image:type\" content=\"image\/png\" \/>\n<meta name=\"author\" content=\"Emilien Descampiaux\" \/>\n<meta name=\"twitter:card\" content=\"summary_large_image\" \/>\n<meta name=\"twitter:title\" content=\"Tirreno-Adriatico 2026 : Parcours et profil de la 1re \u00e9tape autour de Lido di Camaiore\" \/>\n<meta name=\"twitter:creator\" content=\"@https:\/\/twitter.com\/LRoisDuPeloton\" \/>\n<meta name=\"twitter:site\" content=\"@dicodusport\" \/>\n<script type=\"application\/ld+json\" class=\"yoast-schema-graph\">{\"@context\":\"https:\/\/schema.org\",\"@graph\":[{\"@type\":\"NewsArticle\",\"@id\":\"https:\/\/dicodusport.fr\/blog\/tirreno-adriatico-2026-parcours-et-profil-de-la-1re-etape-autour-de-lido-di-camaiore\/#article\",\"isPartOf\":{\"@id\":\"https:\/\/dicodusport.fr\/blog\/tirreno-adriatico-2026-parcours-et-profil-de-la-1re-etape-autour-de-lido-di-camaiore\/\"},\"author\":{\"name\":\"Emilien Descampiaux\",\"@id\":\"https:\/\/dicodusport.fr\/blog\/#\/schema\/person\/6db4bae06b171592211be385b32876a7\"},\"headline\":\"Tirreno-Adriatico 2026 : Parcours et profil de la 1re \u00e9tape autour de Lido di Camaiore\",\"datePublished\":\"2026-03-08T17:15:58+00:00\",\"dateModified\":\"2026-03-09T10:27:56+00:00\",\"mainEntityOfPage\":{\"@id\":\"https:\/\/dicodusport.fr\/blog\/tirreno-adriatico-2026-parcours-et-profil-de-la-1re-etape-autour-de-lido-di-camaiore\/\"},\"wordCount\":234,\"commentCount\":0,\"publisher\":{\"@id\":\"https:\/\/dicodusport.fr\/blog\/#organization\"},\"image\":{\"@id\":\"https:\/\/dicodusport.fr\/blog\/tirreno-adriatico-2026-parcours-et-profil-de-la-1re-etape-autour-de-lido-di-camaiore\/#primaryimage\"},\"thumbnailUrl\":\"https:\/\/dicodusport.fr\/blog\/wp-content\/uploads\/2026\/03\/Tirreno-Adriatico-2026-Parcours-et-profil-de-la-1re-etape-autour-de-Lido-di-Camaiore.png\",\"keywords\":[\"actu\",\"br\u00e8ve\",\"Cyclisme\",\"Cyclisme sur route\",\"Tirreno-Adriatico\"],\"articleSection\":[\"Cyclisme sur route\"],\"inLanguage\":\"fr-FR\",\"potentialAction\":[{\"@type\":\"CommentAction\",\"name\":\"Comment\",\"target\":[\"https:\/\/dicodusport.fr\/blog\/tirreno-adriatico-2026-parcours-et-profil-de-la-1re-etape-autour-de-lido-di-camaiore\/#respond\"]}],\"copyrightYear\":\"2026\",\"copyrightHolder\":{\"@id\":\"https:\/\/dicodusport.fr\/blog\/#organization\"}},{\"@type\":\"WebPage\",\"@id\":\"https:\/\/dicodusport.fr\/blog\/tirreno-adriatico-2026-parcours-et-profil-de-la-1re-etape-autour-de-lido-di-camaiore\/\",\"url\":\"https:\/\/dicodusport.fr\/blog\/tirreno-adriatico-2026-parcours-et-profil-de-la-1re-etape-autour-de-lido-di-camaiore\/\",\"name\":\"Tirreno-Adriatico 2026 : Parcours et profil de la 1re \u00e9tape autour de Lido di Camaiore\",\"isPartOf\":{\"@id\":\"https:\/\/dicodusport.fr\/blog\/#website\"},\"primaryImageOfPage\":{\"@id\":\"https:\/\/dicodusport.fr\/blog\/tirreno-adriatico-2026-parcours-et-profil-de-la-1re-etape-autour-de-lido-di-camaiore\/#primaryimage\"},\"image\":{\"@id\":\"https:\/\/dicodusport.fr\/blog\/tirreno-adriatico-2026-parcours-et-profil-de-la-1re-etape-autour-de-lido-di-camaiore\/#primaryimage\"},\"thumbnailUrl\":\"https:\/\/dicodusport.fr\/blog\/wp-content\/uploads\/2026\/03\/Tirreno-Adriatico-2026-Parcours-et-profil-de-la-1re-etape-autour-de-Lido-di-Camaiore.png\",\"datePublished\":\"2026-03-08T17:15:58+00:00\",\"dateModified\":\"2026-03-09T10:27:56+00:00\",\"description\":\"La premi\u00e8re \u00e9tape de Tirreno-Adriatico 2026 sera un contre-la-montre individuel de 11,5 kilom\u00e8tres \u00e0 Lido di Camaiore sur une route parfaitement plate.\",\"breadcrumb\":{\"@id\":\"https:\/\/dicodusport.fr\/blog\/tirreno-adriatico-2026-parcours-et-profil-de-la-1re-etape-autour-de-lido-di-camaiore\/#breadcrumb\"},\"inLanguage\":\"fr-FR\",\"potentialAction\":[{\"@type\":\"ReadAction\",\"target\":[\"https:\/\/dicodusport.fr\/blog\/tirreno-adriatico-2026-parcours-et-profil-de-la-1re-etape-autour-de-lido-di-camaiore\/\"]}]},{\"@type\":\"ImageObject\",\"inLanguage\":\"fr-FR\",\"@id\":\"https:\/\/dicodusport.fr\/blog\/tirreno-adriatico-2026-parcours-et-profil-de-la-1re-etape-autour-de-lido-di-camaiore\/#primaryimage\",\"url\":\"https:\/\/dicodusport.fr\/blog\/wp-content\/uploads\/2026\/03\/Tirreno-Adriatico-2026-Parcours-et-profil-de-la-1re-etape-autour-de-Lido-di-Camaiore.png\",\"contentUrl\":\"https:\/\/dicodusport.fr\/blog\/wp-content\/uploads\/2026\/03\/Tirreno-Adriatico-2026-Parcours-et-profil-de-la-1re-etape-autour-de-Lido-di-Camaiore.png\",\"width\":1200,\"height\":674,\"caption\":\"Tirreno-Adriatico 2026 Parcours et profil de la 1re \u00e9tape autour de Lido di Camaiore\"},{\"@type\":\"BreadcrumbList\",\"@id\":\"https:\/\/dicodusport.fr\/blog\/tirreno-adriatico-2026-parcours-et-profil-de-la-1re-etape-autour-de-lido-di-camaiore\/#breadcrumb\",\"itemListElement\":[{\"@type\":\"ListItem\",\"position\":1,\"name\":\"Accueil\",\"item\":\"https:\/\/dicodusport.fr\/blog\/\"},{\"@type\":\"ListItem\",\"position\":2,\"name\":\"Tirreno-Adriatico 2026 : Parcours et profil de la 1re \u00e9tape autour de Lido di Camaiore\"}]},{\"@type\":\"WebSite\",\"@id\":\"https:\/\/dicodusport.fr\/blog\/#website\",\"url\":\"https:\/\/dicodusport.fr\/blog\/\",\"name\":\"Dicodusport\",\"description\":\"L&#039;encyclop\u00e9die de l&#039;actualit\u00e9 sportive\",\"publisher\":{\"@id\":\"https:\/\/dicodusport.fr\/blog\/#organization\"},\"potentialAction\":[{\"@type\":\"SearchAction\",\"target\":{\"@type\":\"EntryPoint\",\"urlTemplate\":\"https:\/\/dicodusport.fr\/blog\/?s={search_term_string}\"},\"query-input\":{\"@type\":\"PropertyValueSpecification\",\"valueRequired\":true,\"valueName\":\"search_term_string\"}}],\"inLanguage\":\"fr-FR\"},{\"@type\":\"NewsMediaOrganization\",\"@id\":\"https:\/\/dicodusport.fr\/blog\/#organization\",\"name\":\"Dicodusport\",\"url\":\"https:\/\/dicodusport.fr\/blog\/\",\"logo\":{\"@type\":\"ImageObject\",\"inLanguage\":\"fr-FR\",\"@id\":\"https:\/\/dicodusport.fr\/blog\/#\/schema\/logo\/image\/\",\"url\":\"https:\/\/dicodusport.fr\/blog\/wp-content\/uploads\/2020\/06\/cropped-LOGO-DICODUSPORT-2020-SANS-FOND-SANS-TEXTE.png\",\"contentUrl\":\"https:\/\/dicodusport.fr\/blog\/wp-content\/uploads\/2020\/06\/cropped-LOGO-DICODUSPORT-2020-SANS-FOND-SANS-TEXTE.png\",\"width\":512,\"height\":512,\"caption\":\"Dicodusport\"},\"image\":{\"@id\":\"https:\/\/dicodusport.fr\/blog\/#\/schema\/logo\/image\/\"},\"sameAs\":[\"https:\/\/www.facebook.com\/dicodusport\",\"https:\/\/x.com\/dicodusport\",\"https:\/\/www.instagram.com\/dicodusport\/\",\"https:\/\/www.youtube.com\/channel\/UC7V2KZ5sd3htJivAbA4ZG3w\"],\"description\":\"Dicodusport est l'encyclop\u00e9die de l'actualit\u00e9 sportive.\",\"email\":\"bonjour@dicodusport.fr\",\"legalName\":\"DICODUSPORT\",\"foundingDate\":\"2018-01-14\",\"vatID\":\"FR71834470973\",\"taxID\":\"83447097300043\",\"numberOfEmployees\":{\"@type\":\"QuantitativeValue\",\"minValue\":\"1\",\"maxValue\":\"10\"}},{\"@type\":\"Person\",\"@id\":\"https:\/\/dicodusport.fr\/blog\/#\/schema\/person\/6db4bae06b171592211be385b32876a7\",\"name\":\"Emilien Descampiaux\",\"image\":{\"@type\":\"ImageObject\",\"inLanguage\":\"fr-FR\",\"@id\":\"https:\/\/dicodusport.fr\/blog\/#\/schema\/person\/image\/\",\"url\":\"https:\/\/dicodusport.fr\/blog\/wp-content\/uploads\/2021\/05\/Emilien-Descampiaux-150x150.jpg\",\"contentUrl\":\"https:\/\/dicodusport.fr\/blog\/wp-content\/uploads\/2021\/05\/Emilien-Descampiaux-150x150.jpg\",\"caption\":\"Emilien Descampiaux\"},\"description\":\"Journaliste\/r\u00e9dacteur depuis 2014 - Fan de la classe de Frank Vandenbroucke, je vis cyclisme (et de ses paysages) depuis plus de 20 ans. Je suis tr\u00e8s impliqu\u00e9 sur mes diff\u00e9rents r\u00e9seaux sociaux pour partager ma passion sur le monde et l'Histoire de la bicyclette avec ma voix sur les images en noir et blanc du succ\u00e8s de Rik Van Steenbergen lors du Ronde sur le V\u00e9lodrome de Gand.\",\"sameAs\":[\"https:\/\/www.facebook.com\/groups\/LesRoisDuPeloton\",\"https:\/\/x.com\/https:\/\/twitter.com\/LRoisDuPeloton\"],\"url\":\"https:\/\/dicodusport.fr\/blog\/author\/emiliend\/\"}]}<\/script>\n<!-- \/ Yoast SEO Premium plugin. -->","yoast_head_json":{"title":"Tirreno-Adriatico 2026 : Parcours et profil de la 1re \u00e9tape autour de Lido di Camaiore","description":"La premi\u00e8re \u00e9tape de Tirreno-Adriatico 2026 sera un contre-la-montre individuel de 11,5 kilom\u00e8tres \u00e0 Lido di Camaiore sur une route parfaitement plate.","robots":{"index":"index","follow":"follow","max-snippet":"max-snippet:-1","max-image-preview":"max-image-preview:large","max-video-preview":"max-video-preview:-1"},"canonical":"https:\/\/dicodusport.fr\/blog\/tirreno-adriatico-2026-parcours-et-profil-de-la-1re-etape-autour-de-lido-di-camaiore\/","og_locale":"fr_FR","og_type":"article","og_title":"Tirreno-Adriatico 2026 : Parcours et profil de la 1re \u00e9tape autour de Lido di Camaiore","og_description":"La premi\u00e8re \u00e9tape de Tirreno-Adriatico 2026 sera un contre-la-montre individuel de 11,5 kilom\u00e8tres \u00e0 Lido di Camaiore sur une route parfaitement plate.","og_url":"https:\/\/dicodusport.fr\/blog\/tirreno-adriatico-2026-parcours-et-profil-de-la-1re-etape-autour-de-lido-di-camaiore\/","og_site_name":"Dicodusport","article_publisher":"https:\/\/www.facebook.com\/dicodusport","article_author":"https:\/\/www.facebook.com\/groups\/LesRoisDuPeloton","article_published_time":"2026-03-08T17:15:58+00:00","article_modified_time":"2026-03-09T10:27:56+00:00","og_image":[{"width":1200,"height":674,"url":"https:\/\/dicodusport.fr\/blog\/wp-content\/uploads\/2026\/03\/Tirreno-Adriatico-2026-Parcours-et-profil-de-la-1re-etape-autour-de-Lido-di-Camaiore.png","type":"image\/png"}],"author":"Emilien Descampiaux","twitter_card":"summary_large_image","twitter_title":"Tirreno-Adriatico 2026 : Parcours et profil de la 1re \u00e9tape autour de Lido di Camaiore","twitter_creator":"@https:\/\/twitter.com\/LRoisDuPeloton","twitter_site":"@dicodusport","schema":{"@context":"https:\/\/schema.org","@graph":[{"@type":"NewsArticle","@id":"https:\/\/dicodusport.fr\/blog\/tirreno-adriatico-2026-parcours-et-profil-de-la-1re-etape-autour-de-lido-di-camaiore\/#article","isPartOf":{"@id":"https:\/\/dicodusport.fr\/blog\/tirreno-adriatico-2026-parcours-et-profil-de-la-1re-etape-autour-de-lido-di-camaiore\/"},"author":{"name":"Emilien Descampiaux","@id":"https:\/\/dicodusport.fr\/blog\/#\/schema\/person\/6db4bae06b171592211be385b32876a7"},"headline":"Tirreno-Adriatico 2026 : Parcours et profil de la 1re \u00e9tape autour de Lido di Camaiore","datePublished":"2026-03-08T17:15:58+00:00","dateModified":"2026-03-09T10:27:56+00:00","mainEntityOfPage":{"@id":"https:\/\/dicodusport.fr\/blog\/tirreno-adriatico-2026-parcours-et-profil-de-la-1re-etape-autour-de-lido-di-camaiore\/"},"wordCount":234,"commentCount":0,"publisher":{"@id":"https:\/\/dicodusport.fr\/blog\/#organization"},"image":{"@id":"https:\/\/dicodusport.fr\/blog\/tirreno-adriatico-2026-parcours-et-profil-de-la-1re-etape-autour-de-lido-di-camaiore\/#primaryimage"},"thumbnailUrl":"https:\/\/dicodusport.fr\/blog\/wp-content\/uploads\/2026\/03\/Tirreno-Adriatico-2026-Parcours-et-profil-de-la-1re-etape-autour-de-Lido-di-Camaiore.png","keywords":["actu","br\u00e8ve","Cyclisme","Cyclisme sur route","Tirreno-Adriatico"],"articleSection":["Cyclisme sur route"],"inLanguage":"fr-FR","potentialAction":[{"@type":"CommentAction","name":"Comment","target":["https:\/\/dicodusport.fr\/blog\/tirreno-adriatico-2026-parcours-et-profil-de-la-1re-etape-autour-de-lido-di-camaiore\/#respond"]}],"copyrightYear":"2026","copyrightHolder":{"@id":"https:\/\/dicodusport.fr\/blog\/#organization"}},{"@type":"WebPage","@id":"https:\/\/dicodusport.fr\/blog\/tirreno-adriatico-2026-parcours-et-profil-de-la-1re-etape-autour-de-lido-di-camaiore\/","url":"https:\/\/dicodusport.fr\/blog\/tirreno-adriatico-2026-parcours-et-profil-de-la-1re-etape-autour-de-lido-di-camaiore\/","name":"Tirreno-Adriatico 2026 : Parcours et profil de la 1re \u00e9tape autour de Lido di Camaiore","isPartOf":{"@id":"https:\/\/dicodusport.fr\/blog\/#website"},"primaryImageOfPage":{"@id":"https:\/\/dicodusport.fr\/blog\/tirreno-adriatico-2026-parcours-et-profil-de-la-1re-etape-autour-de-lido-di-camaiore\/#primaryimage"},"image":{"@id":"https:\/\/dicodusport.fr\/blog\/tirreno-adriatico-2026-parcours-et-profil-de-la-1re-etape-autour-de-lido-di-camaiore\/#primaryimage"},"thumbnailUrl":"https:\/\/dicodusport.fr\/blog\/wp-content\/uploads\/2026\/03\/Tirreno-Adriatico-2026-Parcours-et-profil-de-la-1re-etape-autour-de-Lido-di-Camaiore.png","datePublished":"2026-03-08T17:15:58+00:00","dateModified":"2026-03-09T10:27:56+00:00","description":"La premi\u00e8re \u00e9tape de Tirreno-Adriatico 2026 sera un contre-la-montre individuel de 11,5 kilom\u00e8tres \u00e0 Lido di Camaiore sur une route parfaitement plate.","breadcrumb":{"@id":"https:\/\/dicodusport.fr\/blog\/tirreno-adriatico-2026-parcours-et-profil-de-la-1re-etape-autour-de-lido-di-camaiore\/#breadcrumb"},"inLanguage":"fr-FR","potentialAction":[{"@type":"ReadAction","target":["https:\/\/dicodusport.fr\/blog\/tirreno-adriatico-2026-parcours-et-profil-de-la-1re-etape-autour-de-lido-di-camaiore\/"]}]},{"@type":"ImageObject","inLanguage":"fr-FR","@id":"https:\/\/dicodusport.fr\/blog\/tirreno-adriatico-2026-parcours-et-profil-de-la-1re-etape-autour-de-lido-di-camaiore\/#primaryimage","url":"https:\/\/dicodusport.fr\/blog\/wp-content\/uploads\/2026\/03\/Tirreno-Adriatico-2026-Parcours-et-profil-de-la-1re-etape-autour-de-Lido-di-Camaiore.png","contentUrl":"https:\/\/dicodusport.fr\/blog\/wp-content\/uploads\/2026\/03\/Tirreno-Adriatico-2026-Parcours-et-profil-de-la-1re-etape-autour-de-Lido-di-Camaiore.png","width":1200,"height":674,"caption":"Tirreno-Adriatico 2026 Parcours et profil de la 1re \u00e9tape autour de Lido di Camaiore"},{"@type":"BreadcrumbList","@id":"https:\/\/dicodusport.fr\/blog\/tirreno-adriatico-2026-parcours-et-profil-de-la-1re-etape-autour-de-lido-di-camaiore\/#breadcrumb","itemListElement":[{"@type":"ListItem","position":1,"name":"Accueil","item":"https:\/\/dicodusport.fr\/blog\/"},{"@type":"ListItem","position":2,"name":"Tirreno-Adriatico 2026 : Parcours et profil de la 1re \u00e9tape autour de Lido di Camaiore"}]},{"@type":"WebSite","@id":"https:\/\/dicodusport.fr\/blog\/#website","url":"https:\/\/dicodusport.fr\/blog\/","name":"Dicodusport","description":"L&#039;encyclop\u00e9die de l&#039;actualit\u00e9 sportive","publisher":{"@id":"https:\/\/dicodusport.fr\/blog\/#organization"},"potentialAction":[{"@type":"SearchAction","target":{"@type":"EntryPoint","urlTemplate":"https:\/\/dicodusport.fr\/blog\/?s={search_term_string}"},"query-input":{"@type":"PropertyValueSpecification","valueRequired":true,"valueName":"search_term_string"}}],"inLanguage":"fr-FR"},{"@type":"NewsMediaOrganization","@id":"https:\/\/dicodusport.fr\/blog\/#organization","name":"Dicodusport","url":"https:\/\/dicodusport.fr\/blog\/","logo":{"@type":"ImageObject","inLanguage":"fr-FR","@id":"https:\/\/dicodusport.fr\/blog\/#\/schema\/logo\/image\/","url":"https:\/\/dicodusport.fr\/blog\/wp-content\/uploads\/2020\/06\/cropped-LOGO-DICODUSPORT-2020-SANS-FOND-SANS-TEXTE.png","contentUrl":"https:\/\/dicodusport.fr\/blog\/wp-content\/uploads\/2020\/06\/cropped-LOGO-DICODUSPORT-2020-SANS-FOND-SANS-TEXTE.png","width":512,"height":512,"caption":"Dicodusport"},"image":{"@id":"https:\/\/dicodusport.fr\/blog\/#\/schema\/logo\/image\/"},"sameAs":["https:\/\/www.facebook.com\/dicodusport","https:\/\/x.com\/dicodusport","https:\/\/www.instagram.com\/dicodusport\/","https:\/\/www.youtube.com\/channel\/UC7V2KZ5sd3htJivAbA4ZG3w"],"description":"Dicodusport est l'encyclop\u00e9die de l'actualit\u00e9 sportive.","email":"bonjour@dicodusport.fr","legalName":"DICODUSPORT","foundingDate":"2018-01-14","vatID":"FR71834470973","taxID":"83447097300043","numberOfEmployees":{"@type":"QuantitativeValue","minValue":"1","maxValue":"10"}},{"@type":"Person","@id":"https:\/\/dicodusport.fr\/blog\/#\/schema\/person\/6db4bae06b171592211be385b32876a7","name":"Emilien Descampiaux","image":{"@type":"ImageObject","inLanguage":"fr-FR","@id":"https:\/\/dicodusport.fr\/blog\/#\/schema\/person\/image\/","url":"https:\/\/dicodusport.fr\/blog\/wp-content\/uploads\/2021\/05\/Emilien-Descampiaux-150x150.jpg","contentUrl":"https:\/\/dicodusport.fr\/blog\/wp-content\/uploads\/2021\/05\/Emilien-Descampiaux-150x150.jpg","caption":"Emilien Descampiaux"},"description":"Journaliste\/r\u00e9dacteur depuis 2014 - Fan de la classe de Frank Vandenbroucke, je vis cyclisme (et de ses paysages) depuis plus de 20 ans. Je suis tr\u00e8s impliqu\u00e9 sur mes diff\u00e9rents r\u00e9seaux sociaux pour partager ma passion sur le monde et l'Histoire de la bicyclette avec ma voix sur les images en noir et blanc du succ\u00e8s de Rik Van Steenbergen lors du Ronde sur le V\u00e9lodrome de Gand.","sameAs":["https:\/\/www.facebook.com\/groups\/LesRoisDuPeloton","https:\/\/x.com\/https:\/\/twitter.com\/LRoisDuPeloton"],"url":"https:\/\/dicodusport.fr\/blog\/author\/emiliend\/"}]}},"_links":{"self":[{"href":"https:\/\/dicodusport.fr\/blog\/wp-json\/wp\/v2\/posts\/652530","targetHints":{"allow":["GET"]}}],"collection":[{"href":"https:\/\/dicodusport.fr\/blog\/wp-json\/wp\/v2\/posts"}],"about":[{"href":"https:\/\/dicodusport.fr\/blog\/wp-json\/wp\/v2\/types\/post"}],"author":[{"embeddable":true,"href":"https:\/\/dicodusport.fr\/blog\/wp-json\/wp\/v2\/users\/48"}],"replies":[{"embeddable":true,"href":"https:\/\/dicodusport.fr\/blog\/wp-json\/wp\/v2\/comments?post=652530"}],"version-history":[{"count":5,"href":"https:\/\/dicodusport.fr\/blog\/wp-json\/wp\/v2\/posts\/652530\/revisions"}],"predecessor-version":[{"id":653999,"href":"https:\/\/dicodusport.fr\/blog\/wp-json\/wp\/v2\/posts\/652530\/revisions\/653999"}],"wp:featuredmedia":[{"embeddable":true,"href":"https:\/\/dicodusport.fr\/blog\/wp-json\/wp\/v2\/media\/653853"}],"wp:attachment":[{"href":"https:\/\/dicodusport.fr\/blog\/wp-json\/wp\/v2\/media?parent=652530"}],"wp:term":[{"taxonomy":"category","embeddable":true,"href":"https:\/\/dicodusport.fr\/blog\/wp-json\/wp\/v2\/categories?post=652530"},{"taxonomy":"post_tag","embeddable":true,"href":"https:\/\/dicodusport.fr\/blog\/wp-json\/wp\/v2\/tags?post=652530"}],"curies":[{"name":"wp","href":"https:\/\/api.w.org\/{rel}","templated":true}]}}