{"id":652538,"date":"2026-03-10T17:20:26","date_gmt":"2026-03-10T16:20:26","guid":{"rendered":"https:\/\/dicodusport.fr\/blog\/?p=652538&#038;preview=true&#038;preview_id=652538"},"modified":"2026-03-11T07:49:22","modified_gmt":"2026-03-11T06:49:22","slug":"tirreno-adriatico-2026-decouvrez-le-parcours-et-le-profil-de-la-3e-etape","status":"publish","type":"post","link":"https:\/\/dicodusport.fr\/blog\/tirreno-adriatico-2026-decouvrez-le-parcours-et-le-profil-de-la-3e-etape\/","title":{"rendered":"Tirreno-Adriatico 2026 : d\u00e9couvrez le parcours et le profil de la 3e \u00e9tape"},"content":{"rendered":"<p style=\"text-align: justify;\"><em><strong>D\u00e9couvrez le parcours et le profil de la 3e \u00e9tape de Tirreno-Adriatico 2026 : 225 km loin d\u2019\u00eatre plats, mais un final taill\u00e9 pour les sprinteurs.<\/strong><\/em><\/p>\n<ul style=\"text-align: justify;\">\n<li style=\"text-align: justify;\"><strong>\u00c0 ce sujet \u2013\u00a0<a href=\"https:\/\/dicodusport.fr\/blog\/tirreno-adriatico-2026-le-parcours-complet-et-le-profil-des-7-etapes\/\">Tirreno-Adriatico 2026 : le parcours complet et le profil des 7 \u00e9tapes<\/a><\/strong><\/li>\n<\/ul>\n<h2 style=\"text-align: justify;\">Le parcours et le profil de la 3e \u00e9tape de Tirreno-Adriatico 2026<\/h2>\n<p style=\"text-align: justify;\">Apr\u00e8s un d\u00e9part donn\u00e9 \u00e0 <strong>Cortona<\/strong>, les coureurs entameront une longue premi\u00e8re partie d\u2019\u00e9tape relativement tranquille. Hormis quelques l\u00e9g\u00e8res ondulations, les 80 premiers kilom\u00e8tres seront essentiellement plats et devraient permettre aux \u00e9quipes de sprinteurs de contr\u00f4ler facilement la course.<\/p>\n<p style=\"text-align: justify;\">La premi\u00e8re v\u00e9ritable difficult\u00e9 appara\u00eetra \u00e0 hauteur de <strong>Todi<\/strong>, avec une mont\u00e9e courte mais r\u00e9guli\u00e8re de <strong>2,3 kilom\u00e8tres \u00e0 5,4 %<\/strong> menant vers <strong>Collevalenza<\/strong>. Apr\u00e8s la travers\u00e9e du village, la route s\u2019inclinera l\u00e9g\u00e8rement \u00e0 la descente avant de reprendre progressivement de la hauteur. Dans ce secteur vallonn\u00e9, deux petites ascensions aux alentours de <strong>4 %<\/strong> viendront rythmer la progression du peloton.<\/p>\n<p style=\"text-align: justify;\">Le passage le plus exigeant interviendra ensuite sur un tron\u00e7on d\u2019un peu plus de <strong>5 kilom\u00e8tres<\/strong> en direction de <strong>Marmore<\/strong>. \u00c0 cet endroit, il restera encore environ <strong>100 kilom\u00e8tres<\/strong> \u00e0 parcourir jusqu\u2019\u00e0 l\u2019arriv\u00e9e. Cette seconde partie d\u00e9butera par pr\u00e8s de <strong>40 kilom\u00e8tres de plat<\/strong>, avant une ascension r\u00e9guli\u00e8re de <strong>7 kilom\u00e8tres \u00e0 4 %<\/strong> menant \u00e0 <strong>Petrella Salto<\/strong>. Une fois ce sommet franchi, les coureurs n\u2019auront plus aucune mont\u00e9e significative \u00e0 affronter.<\/p>\n<ul>\n<li style=\"text-align: justify;\"><strong>\u00c0 ce sujet \u2013\u00a0<a href=\"https:\/\/dicodusport.fr\/blog\/classement-general-tirreno-adriatico-2026-mis-a-jour\/\">Classement g\u00e9n\u00e9ral Tirreno-Adriatico 2026 mis \u00e0 jour<\/a><\/strong><\/li>\n<li style=\"text-align: justify;\"><strong>\u00c0 ce sujet \u2013\u00a0<a href=\"https:\/\/dicodusport.fr\/blog\/tirreno-adriatico-2026-a-quelle-heure-et-sur-quelle-chaine-tv-suivre-la-course-en-direct\/\">Tirreno-Adriatico 2026 : \u00c0 quelle heure et sur quelle cha\u00eene TV suivre la course en direct<\/a><\/strong><\/li>\n<\/ul>\n<h3 style=\"text-align: justify;\">Un final rectiligne id\u00e9al pour les sprinteurs<\/h3>\n<p style=\"text-align: justify;\">Le final sera ensuite tr\u00e8s favorable aux sprinteurs. Les derniers kilom\u00e8tres seront presque enti\u00e8rement plats et largement rectilignes. Apr\u00e8s l\u2019entr\u00e9e dans <strong>Magliano de&rsquo; Marsi<\/strong>, la route s\u2019\u00e9l\u00e8vera l\u00e9g\u00e8rement \u2014 autour de <strong>2 %<\/strong> \u2014 avant de d\u00e9boucher sur la derni\u00e8re ligne droite trac\u00e9e sur la <strong>Via Avezzano<\/strong>.<\/p>\n<p style=\"text-align: justify;\">Lors de la pr\u00e9c\u00e9dente \u00e9dition de <strong>Tirreno-Adriatico<\/strong>, la ville de <strong>Magliano de&rsquo; Marsi<\/strong> avait d\u00e9j\u00e0 \u00e9t\u00e9 le th\u00e9\u00e2tre de plusieurs arriv\u00e9es massives. Sur les quatre sprints disput\u00e9s, <strong>Jonathan Milan<\/strong> s\u2019\u00e9tait impos\u00e9 \u00e0 deux reprises, tandis que <strong>Olav Kooij<\/strong> et <strong>Andrea Vendrame<\/strong> avaient chacun lev\u00e9 les bras une fois.<\/p>\n<div id=\"attachment_653367\" style=\"width: 1310px\" class=\"wp-caption aligncenter\"><img loading=\"lazy\" decoding=\"async\" aria-describedby=\"caption-attachment-653367\" class=\"size-full wp-image-653367\" src=\"https:\/\/dicodusport.fr\/blog\/wp-content\/uploads\/2026\/03\/Profil-3eme-etape-Tirreno-Adriatico-2026.webp\" alt=\"Profil 3\u00e8me \u00e9tape Tirreno-Adriatico 2026\" width=\"1300\" height=\"674\" srcset=\"https:\/\/dicodusport.fr\/blog\/wp-content\/uploads\/2026\/03\/Profil-3eme-etape-Tirreno-Adriatico-2026.webp 1300w, https:\/\/dicodusport.fr\/blog\/wp-content\/uploads\/2026\/03\/Profil-3eme-etape-Tirreno-Adriatico-2026-300x156.webp 300w, https:\/\/dicodusport.fr\/blog\/wp-content\/uploads\/2026\/03\/Profil-3eme-etape-Tirreno-Adriatico-2026-1024x531.webp 1024w, https:\/\/dicodusport.fr\/blog\/wp-content\/uploads\/2026\/03\/Profil-3eme-etape-Tirreno-Adriatico-2026-768x398.webp 768w\" sizes=\"auto, (max-width: 1300px) 100vw, 1300px\" \/><p id=\"caption-attachment-653367\" class=\"wp-caption-text\">Profil 3\u00e8me \u00e9tape Tirreno-Adriatico 2026<\/p><\/div>\n","protected":false},"excerpt":{"rendered":"<p>D\u00e9couvrez le parcours et le profil de la 3e \u00e9tape de Tirreno-Adriatico 2026 : 225 km loin d\u2019\u00eatre plats, mais un final taill\u00e9 pour les sprinteurs.<\/p>\n","protected":false},"author":48,"featured_media":654263,"comment_status":"open","ping_status":"closed","sticky":false,"template":"","format":"standard","meta":{"_acf_changed":false,"_daextam_enable_autolinks":"1","footnotes":""},"categories":[46994],"tags":[32415,16878,574,11197,7435],"class_list":["post-652538","post","type-post","status-publish","format-standard","has-post-thumbnail","hentry","category-cyclisme-sur-route","tag-actu","tag-breve","tag-cyclisme","tag-cyclisme-sur-route","tag-tirreno-adriatico"],"acf":[],"yoast_head":"<!-- This site is optimized with the Yoast SEO Premium plugin v26.7 (Yoast SEO v26.7) - https:\/\/yoast.com\/wordpress\/plugins\/seo\/ -->\n<title>Tirreno-Adriatico 2026 : d\u00e9couvrez le parcours et le profil de la 3e \u00e9tape<\/title>\n<meta name=\"description\" content=\"D\u00e9couvrez le parcours et le profil de la 3e \u00e9tape de Tirreno-Adriatico 2026 : 225 km loin d\u2019\u00eatre plats, mais un final taill\u00e9 pour les sprinteurs.\" \/>\n<meta name=\"robots\" content=\"index, follow, max-snippet:-1, max-image-preview:large, max-video-preview:-1\" \/>\n<link rel=\"canonical\" href=\"https:\/\/dicodusport.fr\/blog\/tirreno-adriatico-2026-decouvrez-le-parcours-et-le-profil-de-la-3e-etape\/\" \/>\n<meta property=\"og:locale\" content=\"fr_FR\" \/>\n<meta property=\"og:type\" content=\"article\" \/>\n<meta property=\"og:title\" content=\"Tirreno-Adriatico 2026 : d\u00e9couvrez le parcours et le profil de la 3e \u00e9tape\" \/>\n<meta property=\"og:description\" content=\"D\u00e9couvrez le parcours et le profil de la 3e \u00e9tape de Tirreno-Adriatico 2026 : 225 km loin d\u2019\u00eatre plats, mais un final taill\u00e9 pour les sprinteurs.\" \/>\n<meta property=\"og:url\" content=\"https:\/\/dicodusport.fr\/blog\/tirreno-adriatico-2026-decouvrez-le-parcours-et-le-profil-de-la-3e-etape\/\" \/>\n<meta property=\"og:site_name\" content=\"Dicodusport\" \/>\n<meta property=\"article:publisher\" content=\"https:\/\/www.facebook.com\/dicodusport\" \/>\n<meta property=\"article:author\" content=\"https:\/\/www.facebook.com\/groups\/LesRoisDuPeloton\" \/>\n<meta property=\"article:published_time\" content=\"2026-03-10T16:20:26+00:00\" \/>\n<meta property=\"article:modified_time\" content=\"2026-03-11T06:49:22+00:00\" \/>\n<meta property=\"og:image\" content=\"https:\/\/dicodusport.fr\/blog\/wp-content\/uploads\/2026\/03\/Tirreno-Adriatico-2026-decouvrez-le-parcours-et-le-profil-de-la-3e-etape.png\" \/>\n\t<meta property=\"og:image:width\" content=\"1200\" \/>\n\t<meta property=\"og:image:height\" content=\"674\" \/>\n\t<meta property=\"og:image:type\" content=\"image\/png\" \/>\n<meta name=\"author\" content=\"Emilien Descampiaux\" \/>\n<meta name=\"twitter:card\" content=\"summary_large_image\" \/>\n<meta name=\"twitter:title\" content=\"Tirreno-Adriatico 2026 : d\u00e9couvrez le parcours et le profil de la 3e \u00e9tape\" \/>\n<meta name=\"twitter:creator\" content=\"@https:\/\/twitter.com\/LRoisDuPeloton\" \/>\n<meta name=\"twitter:site\" content=\"@dicodusport\" \/>\n<script type=\"application\/ld+json\" class=\"yoast-schema-graph\">{\"@context\":\"https:\/\/schema.org\",\"@graph\":[{\"@type\":\"NewsArticle\",\"@id\":\"https:\/\/dicodusport.fr\/blog\/tirreno-adriatico-2026-decouvrez-le-parcours-et-le-profil-de-la-3e-etape\/#article\",\"isPartOf\":{\"@id\":\"https:\/\/dicodusport.fr\/blog\/tirreno-adriatico-2026-decouvrez-le-parcours-et-le-profil-de-la-3e-etape\/\"},\"author\":{\"name\":\"Emilien Descampiaux\",\"@id\":\"https:\/\/dicodusport.fr\/blog\/#\/schema\/person\/6db4bae06b171592211be385b32876a7\"},\"headline\":\"Tirreno-Adriatico 2026 : d\u00e9couvrez le parcours et le profil de la 3e \u00e9tape\",\"datePublished\":\"2026-03-10T16:20:26+00:00\",\"dateModified\":\"2026-03-11T06:49:22+00:00\",\"mainEntityOfPage\":{\"@id\":\"https:\/\/dicodusport.fr\/blog\/tirreno-adriatico-2026-decouvrez-le-parcours-et-le-profil-de-la-3e-etape\/\"},\"wordCount\":398,\"commentCount\":0,\"publisher\":{\"@id\":\"https:\/\/dicodusport.fr\/blog\/#organization\"},\"image\":{\"@id\":\"https:\/\/dicodusport.fr\/blog\/tirreno-adriatico-2026-decouvrez-le-parcours-et-le-profil-de-la-3e-etape\/#primaryimage\"},\"thumbnailUrl\":\"https:\/\/dicodusport.fr\/blog\/wp-content\/uploads\/2026\/03\/Tirreno-Adriatico-2026-decouvrez-le-parcours-et-le-profil-de-la-3e-etape.png\",\"keywords\":[\"actu\",\"br\u00e8ve\",\"Cyclisme\",\"Cyclisme sur route\",\"Tirreno-Adriatico\"],\"articleSection\":[\"Cyclisme sur route\"],\"inLanguage\":\"fr-FR\",\"potentialAction\":[{\"@type\":\"CommentAction\",\"name\":\"Comment\",\"target\":[\"https:\/\/dicodusport.fr\/blog\/tirreno-adriatico-2026-decouvrez-le-parcours-et-le-profil-de-la-3e-etape\/#respond\"]}],\"copyrightYear\":\"2026\",\"copyrightHolder\":{\"@id\":\"https:\/\/dicodusport.fr\/blog\/#organization\"}},{\"@type\":\"WebPage\",\"@id\":\"https:\/\/dicodusport.fr\/blog\/tirreno-adriatico-2026-decouvrez-le-parcours-et-le-profil-de-la-3e-etape\/\",\"url\":\"https:\/\/dicodusport.fr\/blog\/tirreno-adriatico-2026-decouvrez-le-parcours-et-le-profil-de-la-3e-etape\/\",\"name\":\"Tirreno-Adriatico 2026 : d\u00e9couvrez le parcours et le profil de la 3e \u00e9tape\",\"isPartOf\":{\"@id\":\"https:\/\/dicodusport.fr\/blog\/#website\"},\"primaryImageOfPage\":{\"@id\":\"https:\/\/dicodusport.fr\/blog\/tirreno-adriatico-2026-decouvrez-le-parcours-et-le-profil-de-la-3e-etape\/#primaryimage\"},\"image\":{\"@id\":\"https:\/\/dicodusport.fr\/blog\/tirreno-adriatico-2026-decouvrez-le-parcours-et-le-profil-de-la-3e-etape\/#primaryimage\"},\"thumbnailUrl\":\"https:\/\/dicodusport.fr\/blog\/wp-content\/uploads\/2026\/03\/Tirreno-Adriatico-2026-decouvrez-le-parcours-et-le-profil-de-la-3e-etape.png\",\"datePublished\":\"2026-03-10T16:20:26+00:00\",\"dateModified\":\"2026-03-11T06:49:22+00:00\",\"description\":\"D\u00e9couvrez le parcours et le profil de la 3e \u00e9tape de Tirreno-Adriatico 2026 : 225 km loin d\u2019\u00eatre plats, mais un final taill\u00e9 pour les sprinteurs.\",\"breadcrumb\":{\"@id\":\"https:\/\/dicodusport.fr\/blog\/tirreno-adriatico-2026-decouvrez-le-parcours-et-le-profil-de-la-3e-etape\/#breadcrumb\"},\"inLanguage\":\"fr-FR\",\"potentialAction\":[{\"@type\":\"ReadAction\",\"target\":[\"https:\/\/dicodusport.fr\/blog\/tirreno-adriatico-2026-decouvrez-le-parcours-et-le-profil-de-la-3e-etape\/\"]}]},{\"@type\":\"ImageObject\",\"inLanguage\":\"fr-FR\",\"@id\":\"https:\/\/dicodusport.fr\/blog\/tirreno-adriatico-2026-decouvrez-le-parcours-et-le-profil-de-la-3e-etape\/#primaryimage\",\"url\":\"https:\/\/dicodusport.fr\/blog\/wp-content\/uploads\/2026\/03\/Tirreno-Adriatico-2026-decouvrez-le-parcours-et-le-profil-de-la-3e-etape.png\",\"contentUrl\":\"https:\/\/dicodusport.fr\/blog\/wp-content\/uploads\/2026\/03\/Tirreno-Adriatico-2026-decouvrez-le-parcours-et-le-profil-de-la-3e-etape.png\",\"width\":1200,\"height\":674,\"caption\":\"Tirreno-Adriatico 2026 d\u00e9couvrez le parcours et le profil de la 3e \u00e9tape\"},{\"@type\":\"BreadcrumbList\",\"@id\":\"https:\/\/dicodusport.fr\/blog\/tirreno-adriatico-2026-decouvrez-le-parcours-et-le-profil-de-la-3e-etape\/#breadcrumb\",\"itemListElement\":[{\"@type\":\"ListItem\",\"position\":1,\"name\":\"Accueil\",\"item\":\"https:\/\/dicodusport.fr\/blog\/\"},{\"@type\":\"ListItem\",\"position\":2,\"name\":\"Tirreno-Adriatico 2026 : d\u00e9couvrez le parcours et le profil de la 3e \u00e9tape\"}]},{\"@type\":\"WebSite\",\"@id\":\"https:\/\/dicodusport.fr\/blog\/#website\",\"url\":\"https:\/\/dicodusport.fr\/blog\/\",\"name\":\"Dicodusport\",\"description\":\"L&#039;encyclop\u00e9die de l&#039;actualit\u00e9 sportive\",\"publisher\":{\"@id\":\"https:\/\/dicodusport.fr\/blog\/#organization\"},\"potentialAction\":[{\"@type\":\"SearchAction\",\"target\":{\"@type\":\"EntryPoint\",\"urlTemplate\":\"https:\/\/dicodusport.fr\/blog\/?s={search_term_string}\"},\"query-input\":{\"@type\":\"PropertyValueSpecification\",\"valueRequired\":true,\"valueName\":\"search_term_string\"}}],\"inLanguage\":\"fr-FR\"},{\"@type\":\"NewsMediaOrganization\",\"@id\":\"https:\/\/dicodusport.fr\/blog\/#organization\",\"name\":\"Dicodusport\",\"url\":\"https:\/\/dicodusport.fr\/blog\/\",\"logo\":{\"@type\":\"ImageObject\",\"inLanguage\":\"fr-FR\",\"@id\":\"https:\/\/dicodusport.fr\/blog\/#\/schema\/logo\/image\/\",\"url\":\"https:\/\/dicodusport.fr\/blog\/wp-content\/uploads\/2020\/06\/cropped-LOGO-DICODUSPORT-2020-SANS-FOND-SANS-TEXTE.png\",\"contentUrl\":\"https:\/\/dicodusport.fr\/blog\/wp-content\/uploads\/2020\/06\/cropped-LOGO-DICODUSPORT-2020-SANS-FOND-SANS-TEXTE.png\",\"width\":512,\"height\":512,\"caption\":\"Dicodusport\"},\"image\":{\"@id\":\"https:\/\/dicodusport.fr\/blog\/#\/schema\/logo\/image\/\"},\"sameAs\":[\"https:\/\/www.facebook.com\/dicodusport\",\"https:\/\/x.com\/dicodusport\",\"https:\/\/www.instagram.com\/dicodusport\/\",\"https:\/\/www.youtube.com\/channel\/UC7V2KZ5sd3htJivAbA4ZG3w\"],\"description\":\"Dicodusport est l'encyclop\u00e9die de l'actualit\u00e9 sportive.\",\"email\":\"bonjour@dicodusport.fr\",\"legalName\":\"DICODUSPORT\",\"foundingDate\":\"2018-01-14\",\"vatID\":\"FR71834470973\",\"taxID\":\"83447097300043\",\"numberOfEmployees\":{\"@type\":\"QuantitativeValue\",\"minValue\":\"1\",\"maxValue\":\"10\"}},{\"@type\":\"Person\",\"@id\":\"https:\/\/dicodusport.fr\/blog\/#\/schema\/person\/6db4bae06b171592211be385b32876a7\",\"name\":\"Emilien Descampiaux\",\"image\":{\"@type\":\"ImageObject\",\"inLanguage\":\"fr-FR\",\"@id\":\"https:\/\/dicodusport.fr\/blog\/#\/schema\/person\/image\/\",\"url\":\"https:\/\/dicodusport.fr\/blog\/wp-content\/uploads\/2021\/05\/Emilien-Descampiaux-150x150.jpg\",\"contentUrl\":\"https:\/\/dicodusport.fr\/blog\/wp-content\/uploads\/2021\/05\/Emilien-Descampiaux-150x150.jpg\",\"caption\":\"Emilien Descampiaux\"},\"description\":\"Journaliste\/r\u00e9dacteur depuis 2014 - Fan de la classe de Frank Vandenbroucke, je vis cyclisme (et de ses paysages) depuis plus de 20 ans. Je suis tr\u00e8s impliqu\u00e9 sur mes diff\u00e9rents r\u00e9seaux sociaux pour partager ma passion sur le monde et l'Histoire de la bicyclette avec ma voix sur les images en noir et blanc du succ\u00e8s de Rik Van Steenbergen lors du Ronde sur le V\u00e9lodrome de Gand.\",\"sameAs\":[\"https:\/\/www.facebook.com\/groups\/LesRoisDuPeloton\",\"https:\/\/x.com\/https:\/\/twitter.com\/LRoisDuPeloton\"],\"url\":\"https:\/\/dicodusport.fr\/blog\/author\/emiliend\/\"}]}<\/script>\n<!-- \/ Yoast SEO Premium plugin. -->","yoast_head_json":{"title":"Tirreno-Adriatico 2026 : d\u00e9couvrez le parcours et le profil de la 3e \u00e9tape","description":"D\u00e9couvrez le parcours et le profil de la 3e \u00e9tape de Tirreno-Adriatico 2026 : 225 km loin d\u2019\u00eatre plats, mais un final taill\u00e9 pour les sprinteurs.","robots":{"index":"index","follow":"follow","max-snippet":"max-snippet:-1","max-image-preview":"max-image-preview:large","max-video-preview":"max-video-preview:-1"},"canonical":"https:\/\/dicodusport.fr\/blog\/tirreno-adriatico-2026-decouvrez-le-parcours-et-le-profil-de-la-3e-etape\/","og_locale":"fr_FR","og_type":"article","og_title":"Tirreno-Adriatico 2026 : d\u00e9couvrez le parcours et le profil de la 3e \u00e9tape","og_description":"D\u00e9couvrez le parcours et le profil de la 3e \u00e9tape de Tirreno-Adriatico 2026 : 225 km loin d\u2019\u00eatre plats, mais un final taill\u00e9 pour les sprinteurs.","og_url":"https:\/\/dicodusport.fr\/blog\/tirreno-adriatico-2026-decouvrez-le-parcours-et-le-profil-de-la-3e-etape\/","og_site_name":"Dicodusport","article_publisher":"https:\/\/www.facebook.com\/dicodusport","article_author":"https:\/\/www.facebook.com\/groups\/LesRoisDuPeloton","article_published_time":"2026-03-10T16:20:26+00:00","article_modified_time":"2026-03-11T06:49:22+00:00","og_image":[{"width":1200,"height":674,"url":"https:\/\/dicodusport.fr\/blog\/wp-content\/uploads\/2026\/03\/Tirreno-Adriatico-2026-decouvrez-le-parcours-et-le-profil-de-la-3e-etape.png","type":"image\/png"}],"author":"Emilien Descampiaux","twitter_card":"summary_large_image","twitter_title":"Tirreno-Adriatico 2026 : d\u00e9couvrez le parcours et le profil de la 3e \u00e9tape","twitter_creator":"@https:\/\/twitter.com\/LRoisDuPeloton","twitter_site":"@dicodusport","schema":{"@context":"https:\/\/schema.org","@graph":[{"@type":"NewsArticle","@id":"https:\/\/dicodusport.fr\/blog\/tirreno-adriatico-2026-decouvrez-le-parcours-et-le-profil-de-la-3e-etape\/#article","isPartOf":{"@id":"https:\/\/dicodusport.fr\/blog\/tirreno-adriatico-2026-decouvrez-le-parcours-et-le-profil-de-la-3e-etape\/"},"author":{"name":"Emilien Descampiaux","@id":"https:\/\/dicodusport.fr\/blog\/#\/schema\/person\/6db4bae06b171592211be385b32876a7"},"headline":"Tirreno-Adriatico 2026 : d\u00e9couvrez le parcours et le profil de la 3e \u00e9tape","datePublished":"2026-03-10T16:20:26+00:00","dateModified":"2026-03-11T06:49:22+00:00","mainEntityOfPage":{"@id":"https:\/\/dicodusport.fr\/blog\/tirreno-adriatico-2026-decouvrez-le-parcours-et-le-profil-de-la-3e-etape\/"},"wordCount":398,"commentCount":0,"publisher":{"@id":"https:\/\/dicodusport.fr\/blog\/#organization"},"image":{"@id":"https:\/\/dicodusport.fr\/blog\/tirreno-adriatico-2026-decouvrez-le-parcours-et-le-profil-de-la-3e-etape\/#primaryimage"},"thumbnailUrl":"https:\/\/dicodusport.fr\/blog\/wp-content\/uploads\/2026\/03\/Tirreno-Adriatico-2026-decouvrez-le-parcours-et-le-profil-de-la-3e-etape.png","keywords":["actu","br\u00e8ve","Cyclisme","Cyclisme sur route","Tirreno-Adriatico"],"articleSection":["Cyclisme sur route"],"inLanguage":"fr-FR","potentialAction":[{"@type":"CommentAction","name":"Comment","target":["https:\/\/dicodusport.fr\/blog\/tirreno-adriatico-2026-decouvrez-le-parcours-et-le-profil-de-la-3e-etape\/#respond"]}],"copyrightYear":"2026","copyrightHolder":{"@id":"https:\/\/dicodusport.fr\/blog\/#organization"}},{"@type":"WebPage","@id":"https:\/\/dicodusport.fr\/blog\/tirreno-adriatico-2026-decouvrez-le-parcours-et-le-profil-de-la-3e-etape\/","url":"https:\/\/dicodusport.fr\/blog\/tirreno-adriatico-2026-decouvrez-le-parcours-et-le-profil-de-la-3e-etape\/","name":"Tirreno-Adriatico 2026 : d\u00e9couvrez le parcours et le profil de la 3e \u00e9tape","isPartOf":{"@id":"https:\/\/dicodusport.fr\/blog\/#website"},"primaryImageOfPage":{"@id":"https:\/\/dicodusport.fr\/blog\/tirreno-adriatico-2026-decouvrez-le-parcours-et-le-profil-de-la-3e-etape\/#primaryimage"},"image":{"@id":"https:\/\/dicodusport.fr\/blog\/tirreno-adriatico-2026-decouvrez-le-parcours-et-le-profil-de-la-3e-etape\/#primaryimage"},"thumbnailUrl":"https:\/\/dicodusport.fr\/blog\/wp-content\/uploads\/2026\/03\/Tirreno-Adriatico-2026-decouvrez-le-parcours-et-le-profil-de-la-3e-etape.png","datePublished":"2026-03-10T16:20:26+00:00","dateModified":"2026-03-11T06:49:22+00:00","description":"D\u00e9couvrez le parcours et le profil de la 3e \u00e9tape de Tirreno-Adriatico 2026 : 225 km loin d\u2019\u00eatre plats, mais un final taill\u00e9 pour les sprinteurs.","breadcrumb":{"@id":"https:\/\/dicodusport.fr\/blog\/tirreno-adriatico-2026-decouvrez-le-parcours-et-le-profil-de-la-3e-etape\/#breadcrumb"},"inLanguage":"fr-FR","potentialAction":[{"@type":"ReadAction","target":["https:\/\/dicodusport.fr\/blog\/tirreno-adriatico-2026-decouvrez-le-parcours-et-le-profil-de-la-3e-etape\/"]}]},{"@type":"ImageObject","inLanguage":"fr-FR","@id":"https:\/\/dicodusport.fr\/blog\/tirreno-adriatico-2026-decouvrez-le-parcours-et-le-profil-de-la-3e-etape\/#primaryimage","url":"https:\/\/dicodusport.fr\/blog\/wp-content\/uploads\/2026\/03\/Tirreno-Adriatico-2026-decouvrez-le-parcours-et-le-profil-de-la-3e-etape.png","contentUrl":"https:\/\/dicodusport.fr\/blog\/wp-content\/uploads\/2026\/03\/Tirreno-Adriatico-2026-decouvrez-le-parcours-et-le-profil-de-la-3e-etape.png","width":1200,"height":674,"caption":"Tirreno-Adriatico 2026 d\u00e9couvrez le parcours et le profil de la 3e \u00e9tape"},{"@type":"BreadcrumbList","@id":"https:\/\/dicodusport.fr\/blog\/tirreno-adriatico-2026-decouvrez-le-parcours-et-le-profil-de-la-3e-etape\/#breadcrumb","itemListElement":[{"@type":"ListItem","position":1,"name":"Accueil","item":"https:\/\/dicodusport.fr\/blog\/"},{"@type":"ListItem","position":2,"name":"Tirreno-Adriatico 2026 : d\u00e9couvrez le parcours et le profil de la 3e \u00e9tape"}]},{"@type":"WebSite","@id":"https:\/\/dicodusport.fr\/blog\/#website","url":"https:\/\/dicodusport.fr\/blog\/","name":"Dicodusport","description":"L&#039;encyclop\u00e9die de l&#039;actualit\u00e9 sportive","publisher":{"@id":"https:\/\/dicodusport.fr\/blog\/#organization"},"potentialAction":[{"@type":"SearchAction","target":{"@type":"EntryPoint","urlTemplate":"https:\/\/dicodusport.fr\/blog\/?s={search_term_string}"},"query-input":{"@type":"PropertyValueSpecification","valueRequired":true,"valueName":"search_term_string"}}],"inLanguage":"fr-FR"},{"@type":"NewsMediaOrganization","@id":"https:\/\/dicodusport.fr\/blog\/#organization","name":"Dicodusport","url":"https:\/\/dicodusport.fr\/blog\/","logo":{"@type":"ImageObject","inLanguage":"fr-FR","@id":"https:\/\/dicodusport.fr\/blog\/#\/schema\/logo\/image\/","url":"https:\/\/dicodusport.fr\/blog\/wp-content\/uploads\/2020\/06\/cropped-LOGO-DICODUSPORT-2020-SANS-FOND-SANS-TEXTE.png","contentUrl":"https:\/\/dicodusport.fr\/blog\/wp-content\/uploads\/2020\/06\/cropped-LOGO-DICODUSPORT-2020-SANS-FOND-SANS-TEXTE.png","width":512,"height":512,"caption":"Dicodusport"},"image":{"@id":"https:\/\/dicodusport.fr\/blog\/#\/schema\/logo\/image\/"},"sameAs":["https:\/\/www.facebook.com\/dicodusport","https:\/\/x.com\/dicodusport","https:\/\/www.instagram.com\/dicodusport\/","https:\/\/www.youtube.com\/channel\/UC7V2KZ5sd3htJivAbA4ZG3w"],"description":"Dicodusport est l'encyclop\u00e9die de l'actualit\u00e9 sportive.","email":"bonjour@dicodusport.fr","legalName":"DICODUSPORT","foundingDate":"2018-01-14","vatID":"FR71834470973","taxID":"83447097300043","numberOfEmployees":{"@type":"QuantitativeValue","minValue":"1","maxValue":"10"}},{"@type":"Person","@id":"https:\/\/dicodusport.fr\/blog\/#\/schema\/person\/6db4bae06b171592211be385b32876a7","name":"Emilien Descampiaux","image":{"@type":"ImageObject","inLanguage":"fr-FR","@id":"https:\/\/dicodusport.fr\/blog\/#\/schema\/person\/image\/","url":"https:\/\/dicodusport.fr\/blog\/wp-content\/uploads\/2021\/05\/Emilien-Descampiaux-150x150.jpg","contentUrl":"https:\/\/dicodusport.fr\/blog\/wp-content\/uploads\/2021\/05\/Emilien-Descampiaux-150x150.jpg","caption":"Emilien Descampiaux"},"description":"Journaliste\/r\u00e9dacteur depuis 2014 - Fan de la classe de Frank Vandenbroucke, je vis cyclisme (et de ses paysages) depuis plus de 20 ans. Je suis tr\u00e8s impliqu\u00e9 sur mes diff\u00e9rents r\u00e9seaux sociaux pour partager ma passion sur le monde et l'Histoire de la bicyclette avec ma voix sur les images en noir et blanc du succ\u00e8s de Rik Van Steenbergen lors du Ronde sur le V\u00e9lodrome de Gand.","sameAs":["https:\/\/www.facebook.com\/groups\/LesRoisDuPeloton","https:\/\/x.com\/https:\/\/twitter.com\/LRoisDuPeloton"],"url":"https:\/\/dicodusport.fr\/blog\/author\/emiliend\/"}]}},"_links":{"self":[{"href":"https:\/\/dicodusport.fr\/blog\/wp-json\/wp\/v2\/posts\/652538","targetHints":{"allow":["GET"]}}],"collection":[{"href":"https:\/\/dicodusport.fr\/blog\/wp-json\/wp\/v2\/posts"}],"about":[{"href":"https:\/\/dicodusport.fr\/blog\/wp-json\/wp\/v2\/types\/post"}],"author":[{"embeddable":true,"href":"https:\/\/dicodusport.fr\/blog\/wp-json\/wp\/v2\/users\/48"}],"replies":[{"embeddable":true,"href":"https:\/\/dicodusport.fr\/blog\/wp-json\/wp\/v2\/comments?post=652538"}],"version-history":[{"count":4,"href":"https:\/\/dicodusport.fr\/blog\/wp-json\/wp\/v2\/posts\/652538\/revisions"}],"predecessor-version":[{"id":654360,"href":"https:\/\/dicodusport.fr\/blog\/wp-json\/wp\/v2\/posts\/652538\/revisions\/654360"}],"wp:featuredmedia":[{"embeddable":true,"href":"https:\/\/dicodusport.fr\/blog\/wp-json\/wp\/v2\/media\/654263"}],"wp:attachment":[{"href":"https:\/\/dicodusport.fr\/blog\/wp-json\/wp\/v2\/media?parent=652538"}],"wp:term":[{"taxonomy":"category","embeddable":true,"href":"https:\/\/dicodusport.fr\/blog\/wp-json\/wp\/v2\/categories?post=652538"},{"taxonomy":"post_tag","embeddable":true,"href":"https:\/\/dicodusport.fr\/blog\/wp-json\/wp\/v2\/tags?post=652538"}],"curies":[{"name":"wp","href":"https:\/\/api.w.org\/{rel}","templated":true}]}}