{"id":652557,"date":"2026-03-07T08:16:23","date_gmt":"2026-03-07T07:16:23","guid":{"rendered":"https:\/\/dicodusport.fr\/blog\/?p=652557&#038;preview=true&#038;preview_id=652557"},"modified":"2026-03-07T08:16:17","modified_gmt":"2026-03-07T07:16:17","slug":"strade-bianche-2026-startlist-complete-et-favoris-de-la-course","status":"publish","type":"post","link":"https:\/\/dicodusport.fr\/blog\/strade-bianche-2026-startlist-complete-et-favoris-de-la-course\/","title":{"rendered":"Strade Bianche 2026 : startlist compl\u00e8te et favoris de la course"},"content":{"rendered":"<p style=\"text-align: justify;\"><em><strong>D\u00e9couvrez la startlist compl\u00e8te des Strade Bianche 2026 et les principaux favoris pour la victoire, avec notamment Tadej Pogacar et les coureurs \u00e0 suivre.\u00a0<\/strong><\/em><\/p>\n<ul>\n<li style=\"text-align: justify;\"><strong>\u00c0 ce sujet &#8211; <a href=\"https:\/\/dicodusport.fr\/blog\/actualites\/cyclisme\/\">L&rsquo;actualit\u00e9 du cyclisme<\/a><\/strong><\/li>\n<\/ul>\n<h2>Pogacar vs Pidcock, acte 2 ?<\/h2>\n<p style=\"text-align: justify;\">Commen\u00e7ons par le grand favori. M\u00eame s\u2019il n\u2019a pas encore couru en 2026, cela ne devrait pas poser de probl\u00e8me \u00e0 <strong>Tadej Pogacar<\/strong>. Il l\u2019a d\u00e9j\u00e0 d\u00e9montr\u00e9 en 2023 et en 2024 en r\u00e9alisant des sorties en solitaire impressionnantes : 36 kilom\u00e8tres lors de la <strong>Cl\u00e1sica Ja\u00e9n 2023<\/strong> et 82 kilom\u00e8tres sur les <strong>Strade Bianche 2024<\/strong>, \u00e0 chaque fois pour sa premi\u00e8re course de la saison.<\/p>\n<p style=\"text-align: justify;\">Il a \u00e9galement remport\u00e9 trois des quatre derni\u00e8res \u00e9ditions de cette classique des <em>Sterrati<\/em>. Le Slov\u00e8ne n\u2019avait m\u00eame pas pris le d\u00e9part lors de l\u2019\u00e9dition manquante. Avec son explosivit\u00e9, son sens de la course et sa puissance, il faudra \u00eatre incroyablement fort pour le battre.<\/p>\n<div class=\"vlp-link-container vlp-layout-article\"><a href=\"https:\/\/dicodusport.fr\/blog\/strade-bianche-2025-la-passe-de-trois-pour-tadej-pogacar\/\" class=\"vlp-link\" title=\"Strade Bianche 2025 : La passe de trois pour Tadej Pogacar\"><\/a><div class=\"vlp-layout-zone-side\"><div class=\"vlp-block-4 vlp-link-image\"><img loading=\"lazy\" decoding=\"async\" style=\"max-width: 792px;\" width=\"792\" height=\"445\" src=\"https:\/\/dicodusport.fr\/blog\/wp-content\/uploads\/2025\/03\/Strade-Bianche-2025-La-passe-de-trois-pour-Tadej-Pogacar-1.png\" class=\"attachment-800x445 size-800x445\" alt=\"Strade Bianche 2025 La passe de trois pour Tadej Pogacar (1)\" srcset=\"https:\/\/dicodusport.fr\/blog\/wp-content\/uploads\/2025\/03\/Strade-Bianche-2025-La-passe-de-trois-pour-Tadej-Pogacar-1.png 1200w, https:\/\/dicodusport.fr\/blog\/wp-content\/uploads\/2025\/03\/Strade-Bianche-2025-La-passe-de-trois-pour-Tadej-Pogacar-1-300x169.png 300w, https:\/\/dicodusport.fr\/blog\/wp-content\/uploads\/2025\/03\/Strade-Bianche-2025-La-passe-de-trois-pour-Tadej-Pogacar-1-1024x575.png 1024w, https:\/\/dicodusport.fr\/blog\/wp-content\/uploads\/2025\/03\/Strade-Bianche-2025-La-passe-de-trois-pour-Tadej-Pogacar-1-768x431.png 768w\" sizes=\"auto, (max-width: 792px) 100vw, 792px\" \/><\/div><\/div><div class=\"vlp-layout-zone-main\"><div class=\"vlp-block-0 vlp-link-title\">Strade Bianche 2025 : La passe de trois pour Tadej Pogacar<\/div><div class=\"vlp-block-1 vlp-link-summary\">La passe de trois pour Tadej Pogacar<\/div><div class=\"vlp-block-2 vlp-link-button\">Lire l'article<\/div><div class=\"vlp-block-3 vlp-link-url\">dicodusport.fr<\/div><\/div><\/div>\n<p style=\"text-align: justify;\"><strong>Tom Pidcock<\/strong> pourrait th\u00e9oriquement \u00eatre le principal rival du Slov\u00e8ne. Le Britannique de 26 ans a particip\u00e9 trois fois aux Strade Bianche depuis ses d\u00e9buts en 2021 et affiche un palmar\u00e8s impressionnant (quoique l\u00e9g\u00e8rement inf\u00e9rieur \u00e0 celui de Poga\u010dar) : le leader de l\u2019\u00e9quipe <strong>Pinarello<\/strong> <strong>Q36.5 Pro Cycling Team<\/strong> n\u2019a jamais termin\u00e9 hors du top 5.<\/p>\n<p style=\"text-align: justify;\">En 2023, il s\u2019\u00e9tait impos\u00e9, et l\u2019an dernier il avait audacieusement attaqu\u00e9 le champion du monde avant de s\u2019incliner face \u00e0 <strong>Pogacar<\/strong> dans le final. Mais qui dit nouvelle \u00e9dition dit nouvelles opportunit\u00e9s. <strong>Pidcock<\/strong> a bien d\u00e9but\u00e9 la saison et a impressionn\u00e9 <a href=\"https:\/\/dicodusport.fr\/blog\/tom-pidcock-gagne-la-5eme-etape-ivan-romeo-remporte-le-general-du-tour-dandalousie-2026\/\">lors de la derni\u00e8re \u00e9tape de la <strong>Ruta del Sol<\/strong>, qu\u2019il a remport\u00e9e<\/a>.<\/p>\n<ul>\n<li style=\"text-align: justify;\"><strong>\u00c0 ce sujet &#8211; <a href=\"https:\/\/dicodusport.fr\/blog\/strade-bianche-2026-decouvrez-le-parcours-et-le-profil-de-la-classique-toscane\/\">Strade Bianche 2026 : D\u00e9couvrez le parcours et le profil de la classique toscane<\/a><\/strong><\/li>\n<\/ul>\n<h2 style=\"text-align: justify;\">Poga\u010dcar et Pidcock devront se m\u00e9fier de la nouvelle vague<\/h2>\n<p style=\"text-align: justify;\">Dans cette nouvelle vague figure <strong>Isaac Del Toro<\/strong>. S\u2019il n\u2019a jamais fait mieux que 33e aux Strade Bianche, le Mexicain de 22 ans poss\u00e8de n\u00e9anmoins les atouts pour briller sur cette course. Reste \u00e0 voir comment les r\u00f4les se r\u00e9partiront au sein de l\u2019\u00e9quipe <strong>UAE Team Emirates XRG<\/strong>.<\/p>\n<p style=\"text-align: justify;\"><strong>Pogacar<\/strong> est clairement le leader, mais <strong>Del Toro<\/strong> a impressionn\u00e9 lors de l\u2019<strong>UAE Tour<\/strong> en remportant deux \u00e9tapes et <a href=\"https:\/\/dicodusport.fr\/blog\/classement-general-uae-tour-2026-mis-a-jour\/\">le classement g\u00e9n\u00e9ral<\/a>. De plus, l\u2019an dernier, le Mexicain avait marqu\u00e9 les esprits lors de l\u2019\u00e9tape des routes blanches sur le <strong>Tour d\u2019Italie<\/strong>, empruntant plusieurs portions embl\u00e9matiques des Strade Bianche.<\/p>\n<p style=\"text-align: justify;\">Une autre future superstar sera au d\u00e9part : <strong>Paul Seixas<\/strong>. Le Fran\u00e7ais de 19 ans a fait ses d\u00e9buts professionnels l\u2019an dernier et a r\u00e9alis\u00e9 un automne remarquable : victoire sur le <strong>Tour de l\u2019Avenir<\/strong>, 13e des <strong>Championnats du monde<\/strong> au Rwanda, 3e des <strong>Championnats d\u2019Europe<\/strong> et 7e du <strong>Tour de Lombardie<\/strong>. Ces derni\u00e8res semaines, <a href=\"https:\/\/dicodusport.fr\/blog\/grande-premiere-pour-paul-seixas-le-francais-remporte-en-costaud-la-2eme-etape-du-tour-dalgarve\/\">il a remport\u00e9 une \u00e9tape difficile du <strong>Tour de l\u2019Algarve<\/strong><\/a> et s\u2019est impos\u00e9 en solitaire lors de la <strong>Faun-Ard\u00e8che Classic<\/strong>. Reste \u00e0 savoir comment se d\u00e9roulera sa d\u00e9couverte des routes blanches.<\/p>\n<div class=\"vlp-link-container vlp-layout-article\"><a href=\"https:\/\/dicodusport.fr\/blog\/paul-seixas-etouffe-la-concurrence-et-fait-une-demonstration-sur-la-faun-ardeche-classic\/\" class=\"vlp-link\" title=\"Paul Seixas \u00e9touffe la concurrence et fait une d\u00e9monstration sur la Faun-Ard\u00e8che Classic !\"><\/a><div class=\"vlp-layout-zone-side\"><div class=\"vlp-block-4 vlp-link-image\"><img loading=\"lazy\" decoding=\"async\" style=\"max-width: 792px;\" width=\"792\" height=\"445\" src=\"https:\/\/dicodusport.fr\/blog\/wp-content\/uploads\/2026\/02\/Paul-Seixas-etouffe-la-concurrence-et-fait-une-demonstration-sur-la-Faun-Ardeche-Classic-1-1.png\" class=\"attachment-800x445 size-800x445\" alt=\"Paul Seixas \u00e9touffe la concurrence et fait une d\u00e9monstration sur la Faun-Ard\u00e8che Classic !\" srcset=\"https:\/\/dicodusport.fr\/blog\/wp-content\/uploads\/2026\/02\/Paul-Seixas-etouffe-la-concurrence-et-fait-une-demonstration-sur-la-Faun-Ardeche-Classic-1-1.png 1200w, https:\/\/dicodusport.fr\/blog\/wp-content\/uploads\/2026\/02\/Paul-Seixas-etouffe-la-concurrence-et-fait-une-demonstration-sur-la-Faun-Ardeche-Classic-1-1-300x169.png 300w, https:\/\/dicodusport.fr\/blog\/wp-content\/uploads\/2026\/02\/Paul-Seixas-etouffe-la-concurrence-et-fait-une-demonstration-sur-la-Faun-Ardeche-Classic-1-1-1024x575.png 1024w, https:\/\/dicodusport.fr\/blog\/wp-content\/uploads\/2026\/02\/Paul-Seixas-etouffe-la-concurrence-et-fait-une-demonstration-sur-la-Faun-Ardeche-Classic-1-1-768x431.png 768w\" sizes=\"auto, (max-width: 792px) 100vw, 792px\" \/><\/div><\/div><div class=\"vlp-layout-zone-main\"><div class=\"vlp-block-0 vlp-link-title\">Paul Seixas \u00e9touffe la concurrence et fait une d\u00e9monstration sur la Faun-Ard\u00e8che Classic !<\/div><div class=\"vlp-block-1 vlp-link-summary\">FAUN-ARD\u00c8CHE CLASSIC 2026 - \u00c0 19 ans, Paul Seixas (Decathlon CMA CGM) continue d'\u00e9crire sa l\u00e9gende en s'imposant en solitaire sur l'exigeante classique ard\u00e9choise.<\/div><div class=\"vlp-block-2 vlp-link-button\">Lire l'article<\/div><div class=\"vlp-block-3 vlp-link-url\">dicodusport.fr<\/div><\/div><\/div>\n<p style=\"text-align: justify;\"><strong>Romain Gr\u00e9goire<\/strong> a r\u00e9cemment f\u00eat\u00e9 ses 23 ans et poss\u00e8de un profil de puncheur parfaitement adapt\u00e9 \u00e0 une arriv\u00e9e comme celle de <strong>Sienne<\/strong>. Le Fran\u00e7ais reste capable de survivre aux secteurs exigeants et d\u2019\u00eatre encore pr\u00e9sent dans le final. Le week-end dernier, <a href=\"https:\/\/dicodusport.fr\/blog\/en-puncheur-romain-gregoire-remporte-la-faun-drome-classic\/\">il a remport\u00e9 la <strong>Faun-Dr\u00f4me Classic<\/strong><\/a> avant <a href=\"https:\/\/dicodusport.fr\/blog\/santiago-buitrago-remporte-le-trofeo-laigueglia-devant-romain-gregoire\/\">de terminer deuxi\u00e8me du <strong>Trofeo Laigueglia<\/strong><\/a>. Gr\u00e9goire avait d\u00e9j\u00e0 pris la 8e place pour sa premi\u00e8re participation aux Strade Bianche en 2023.<\/p>\n<h2 style=\"text-align: justify;\">L\u2019\u00e9nigme Van Aert<\/h2>\n<p style=\"text-align: justify;\">Lors de la <strong>Faun-Dr\u00f4me Classic<\/strong>, Gr\u00e9goire avait devanc\u00e9 <strong>Matteo Jorgenson<\/strong>. L\u2019Am\u00e9ricain de 26 ans avait \u00e9galement fait forte impression lors de sa rentr\u00e9e sur la <strong>Faun-Ard\u00e8che Classic<\/strong>, o\u00f9 il avait termin\u00e9 quatri\u00e8me. Il sera l\u2019un des principaux atouts de la formation <strong>Visma | Lease a Bike<\/strong>.<\/p>\n<p style=\"text-align: justify;\">\u00c0 moins que l\u2019on retrouve le grand <strong>Wout Van Aert<\/strong>. Son niveau de forme reste encore une inconnue apr\u00e8s son abandon sur l\u2019<strong>Omloop Nieuwsblad<\/strong> pour maladie et sa crevaison dans le final du <strong>Samyn<\/strong>. Pourtant, le Belge adore ce type de terrain : deux troisi\u00e8mes places (2018, 2019), une victoire (2020) et une quatri\u00e8me place (2021) sur les Strade Bianche, ainsi qu\u2019un succ\u00e8s d\u2019\u00e9tape \u00e0 <strong>Sienne<\/strong> lors du dernier <strong>Giro<\/strong>.<\/p>\n<div class=\"vlp-link-container vlp-layout-article\"><a href=\"https:\/\/dicodusport.fr\/blog\/tour-ditalie-2025-wout-van-aert-triomphe-a-sienne-isaac-del-toro-prend-le-rose\/\" class=\"vlp-link\" title=\"Tour d&#039;Italie 2025 : Wout Van Aert triomphe \u00e0 Sienne, Isaac Del Toro prend le rose\"><\/a><div class=\"vlp-layout-zone-side\"><div class=\"vlp-block-4 vlp-link-image\"><img loading=\"lazy\" decoding=\"async\" style=\"max-width: 792px;\" width=\"792\" height=\"445\" src=\"https:\/\/dicodusport.fr\/blog\/wp-content\/uploads\/2025\/05\/Tour-dItalie-2025-Wout-Van-Aert-triomphe-a-Sienne-Isaac-Del-Toro-prend-le-rose-1.png\" class=\"attachment-800x445 size-800x445\" alt=\"Tour d&#039;Italie 2025 Wout Van Aert triomphe \u00e0 Sienne, Isaac Del Toro prend le rose\" srcset=\"https:\/\/dicodusport.fr\/blog\/wp-content\/uploads\/2025\/05\/Tour-dItalie-2025-Wout-Van-Aert-triomphe-a-Sienne-Isaac-Del-Toro-prend-le-rose-1.png 1200w, https:\/\/dicodusport.fr\/blog\/wp-content\/uploads\/2025\/05\/Tour-dItalie-2025-Wout-Van-Aert-triomphe-a-Sienne-Isaac-Del-Toro-prend-le-rose-1-300x169.png 300w, https:\/\/dicodusport.fr\/blog\/wp-content\/uploads\/2025\/05\/Tour-dItalie-2025-Wout-Van-Aert-triomphe-a-Sienne-Isaac-Del-Toro-prend-le-rose-1-1024x575.png 1024w, https:\/\/dicodusport.fr\/blog\/wp-content\/uploads\/2025\/05\/Tour-dItalie-2025-Wout-Van-Aert-triomphe-a-Sienne-Isaac-Del-Toro-prend-le-rose-1-768x431.png 768w\" sizes=\"auto, (max-width: 792px) 100vw, 792px\" \/><\/div><\/div><div class=\"vlp-layout-zone-main\"><div class=\"vlp-block-0 vlp-link-title\">Tour d'Italie 2025 : Wout Van Aert triomphe \u00e0 Sienne, Isaac Del Toro prend le rose<\/div><div class=\"vlp-block-1 vlp-link-summary\">TOUR D'ITALIE 2025 - Wout Van Aert s'est impos\u00e9 \u00e0 Sienne, sur les routes des Strade Bianche, en se d\u00e9faisant d'Isaac Del Toro dans le mur final. Le Mexicain peut se consoler en s'emparant du maillot rose \u00e0 l'issue d'une journ\u00e9e \u00e0 rebondissements, qui a notamment vu Primoz Roglic perdre plus d'une minute sur la plupart de ses concurrents pour la victoire finale.<\/div><div class=\"vlp-block-2 vlp-link-button\">Lire l'article<\/div><div class=\"vlp-block-3 vlp-link-url\">dicodusport.fr<\/div><\/div><\/div>\n<p style=\"text-align: justify;\">En plus de <strong>Seixas<\/strong> et <strong>Gr\u00e9goire<\/strong>, les supporters fran\u00e7ais suivront \u00e9galement la performance de <strong>Paul Lapeira<\/strong>. L\u2019an dernier, il avait manqu\u00e9 toute la campagne printani\u00e8re en raison d\u2019une blessure, mais il avait termin\u00e9 la saison avec une s\u00e9rie convaincante de r\u00e9sultats. Il a poursuivi sur sa lanc\u00e9e en ce d\u00e9but d\u2019ann\u00e9e 2026 <a href=\"https:\/\/dicodusport.fr\/blog\/paul-lapeira-remporte-le-tour-des-alpes-maritimes-en-costaud\/\">en remportant le <strong>Tour des Alpes-Maritimes<\/strong><\/a>, avant de prendre la 5e place de la <strong>Faun-Dr\u00f4me Classic<\/strong>.<\/p>\n<p style=\"text-align: justify;\">Parmi les autres pr\u00e9tendants \u00e0 une belle place figurent <strong>Ben Healy<\/strong> (4e l\u2019an dernier mais victime d\u2019une chute le week-end dernier lors des classiques ard\u00e9choises), <strong>Giulio Pellizzari<\/strong> (le jeune talent italien de l\u2019\u00e9quipe <strong>Red Bull-BORA-hansgrohe<\/strong>), ou encore <strong>Lennert Van Eetvelt<\/strong>, tr\u00e8s en vue sur l\u2019<strong>UAE Tour<\/strong> avec <strong>Lotto<\/strong> et d\u00e9j\u00e0 11e et 9e des Strade Bianche lors des deux derni\u00e8res \u00e9ditions.<\/p>\n<p style=\"text-align: justify;\">Il faudra aussi surveiller le vainqueur de l\u2019\u00e9dition 2019 <strong>Julian Alaphilippe<\/strong>, <strong>Roger Adri\u00e0<\/strong> (10e l\u2019an dernier), <strong>Egan Bernal<\/strong> (3e en 2021), <strong>Pello Bilbao<\/strong> (5e en 2022 et 2025), <strong>Valentin Madouas<\/strong> (2e en 2023), <strong>Matej Mohori\u010d<\/strong> (5e en 2024, 6e en 2023), <strong>Quinn Simmons<\/strong> (7e en 2022), <strong>Attila Valter<\/strong> (4e en 2022, 5e en 2023), <strong>Gianni Vermeersch<\/strong> (7e en 2025), <strong>Tibor Del Grosso<\/strong>, <strong>Axel Laurance<\/strong>, <strong>Tobias Halland Johannessen<\/strong> et <strong>Cl\u00e9ment Champoussin<\/strong>.<\/p>\n<div class=\"vlp-link-container vlp-layout-article\"><a href=\"https:\/\/dicodusport.fr\/blog\/strade-bianche-2026-a-quelle-heure-et-sur-quelle-chaine-tv-suivre-la-course-en-direct\/\" class=\"vlp-link\" title=\"Strade Bianche 2026 : \u00c0 quelle heure et sur quelle cha\u00eene TV suivre la course en direct\"><\/a><div class=\"vlp-layout-zone-side\"><div class=\"vlp-block-4 vlp-link-image\"><img loading=\"lazy\" decoding=\"async\" style=\"max-width: 792px;\" width=\"792\" height=\"445\" src=\"https:\/\/dicodusport.fr\/blog\/wp-content\/uploads\/2026\/03\/Strade-Bianche-2026-A-quelle-heure-et-sur-quelle-chaine-TV-suivre-la-course-en-direct.png\" class=\"attachment-800x445 size-800x445\" alt=\"Strade Bianche 2026 \u00c0 quelle heure et sur quelle cha\u00eene TV suivre la course en direct\" srcset=\"https:\/\/dicodusport.fr\/blog\/wp-content\/uploads\/2026\/03\/Strade-Bianche-2026-A-quelle-heure-et-sur-quelle-chaine-TV-suivre-la-course-en-direct.png 1200w, https:\/\/dicodusport.fr\/blog\/wp-content\/uploads\/2026\/03\/Strade-Bianche-2026-A-quelle-heure-et-sur-quelle-chaine-TV-suivre-la-course-en-direct-300x169.png 300w, https:\/\/dicodusport.fr\/blog\/wp-content\/uploads\/2026\/03\/Strade-Bianche-2026-A-quelle-heure-et-sur-quelle-chaine-TV-suivre-la-course-en-direct-1024x575.png 1024w, https:\/\/dicodusport.fr\/blog\/wp-content\/uploads\/2026\/03\/Strade-Bianche-2026-A-quelle-heure-et-sur-quelle-chaine-TV-suivre-la-course-en-direct-768x431.png 768w\" sizes=\"auto, (max-width: 792px) 100vw, 792px\" \/><\/div><\/div><div class=\"vlp-layout-zone-main\"><div class=\"vlp-block-0 vlp-link-title\">Strade Bianche 2026 : \u00c0 quelle heure et sur quelle cha\u00eene TV suivre la course en direct<\/div><div class=\"vlp-block-1 vlp-link-summary\">D\u00e9couvrez sur quelle cha\u00eene et \u00e0 quelle heure suivre les Strade Bianche 2026 en direct \u00e0 la t\u00e9l\u00e9vision et en streaming : diffuseurs, horaires et programme TV.<\/div><div class=\"vlp-block-2 vlp-link-button\">Lire l'article<\/div><div class=\"vlp-block-3 vlp-link-url\">dicodusport.fr<\/div><\/div><\/div>\n<h2 style=\"text-align: justify;\">La startlist compl\u00e8te des Strade Bianche 2026<\/h2>\n<a href=\"https:\/\/dicodusport.fr\/blog\/wp-content\/uploads\/2026\/03\/La-startlist-officielle-des-Strade-Bianche-2026.pdf\" class=\"pdfemb-viewer\" style=\"\" data-width=\"max\" data-height=\"max\"  data-toolbar=\"both\" data-toolbar-fixed=\"on\">La startlist officielle des Strade Bianche 2026<br\/><\/a>\n<h2 style=\"text-align: justify;\">Le palmar\u00e8s des Strade Bianche<\/h2>\n<p style=\"text-align: justify;\"><strong>2025 :<\/strong> Tadej Pogacar &#8211; <a href=\"https:\/\/dicodusport.fr\/blog\/strade-bianche-2025-classement-et-resultats-de-la-course\/\"><em>Classement<\/em><\/a><\/p>\n<p style=\"text-align: justify;\"><strong>2024 :<\/strong> Tadej Pogacar &#8211; <a href=\"https:\/\/dicodusport.fr\/blog\/classement-strade-bianche-2024\/\"><em>Classement<\/em><\/a><\/p>\n<p style=\"text-align: justify;\"><strong>2023 :<\/strong> Tom Pidcock &#8211; <a href=\"https:\/\/dicodusport.fr\/blog\/classement-strade-bianche-2023\/\"><em>Classement<\/em><\/a><\/p>\n<p style=\"text-align: justify;\"><strong>2022 :<\/strong> Tadej Pogacar &#8211; <a href=\"https:\/\/dicodusport.fr\/blog\/strade-bianche-2022-le-classement\/\"><em>Classement<\/em><\/a><\/p>\n<p style=\"text-align: justify;\"><strong>2021 :<\/strong> Mathieu van der Poel &#8211; <a href=\"https:\/\/dicodusport.fr\/blog\/strade-bianche-2021-classement-course\/\"><em>Classement<\/em><\/a><\/p>\n<p style=\"text-align: justify;\"><strong>2020 :<\/strong> Wout Van Aert<\/p>\n<p style=\"text-align: justify;\"><strong>2019 :<\/strong> Julian Alaphilippe<\/p>\n<p style=\"text-align: justify;\"><strong>2018 :<\/strong> Tiesj Benoot<\/p>\n<p style=\"text-align: justify;\"><strong>2017 :<\/strong> Michal Kwiatkowski<\/p>\n<p style=\"text-align: justify;\"><strong>2016 :<\/strong> Fabian Cancellara<\/p>\n<p style=\"text-align: justify;\"><strong>2015 :<\/strong> Zdenek \u0160tybar<\/p>\n<p style=\"text-align: justify;\"><strong>2014 :<\/strong> Michal Kwiatkowski<\/p>\n<p style=\"text-align: justify;\"><strong>2013 :<\/strong> Moreno Moser<\/p>\n<p style=\"text-align: justify;\"><strong>2012 :<\/strong> Fabian Cancellara<\/p>\n<p>&nbsp;<\/p>\n","protected":false},"excerpt":{"rendered":"<p>D\u00e9couvrez la startlist compl\u00e8te des Strade Bianche 2026 et les principaux favoris pour la victoire, avec notamment Tadej Pogacar et les coureurs \u00e0 suivre.\u00a0<\/p>\n","protected":false},"author":48,"featured_media":652590,"comment_status":"open","ping_status":"closed","sticky":false,"template":"","format":"standard","meta":{"_acf_changed":false,"_daextam_enable_autolinks":"1","footnotes":""},"categories":[46994],"tags":[32415,16878,574,11197,4012],"class_list":["post-652557","post","type-post","status-publish","format-standard","has-post-thumbnail","hentry","category-cyclisme-sur-route","tag-actu","tag-breve","tag-cyclisme","tag-cyclisme-sur-route","tag-strade-bianche"],"acf":[],"yoast_head":"<!-- This site is optimized with the Yoast SEO Premium plugin v26.7 (Yoast SEO v26.7) - https:\/\/yoast.com\/wordpress\/plugins\/seo\/ -->\n<title>Strade Bianche 2026 : startlist compl\u00e8te et favoris de la course<\/title>\n<meta name=\"description\" content=\"D\u00e9couvrez la startlist compl\u00e8te des Strade Bianche 2026 et les principaux favoris pour la victoire, avec notamment Tadej Pogacar et les coureurs \u00e0 suivre.\u00a0\" \/>\n<meta name=\"robots\" content=\"index, follow, max-snippet:-1, max-image-preview:large, max-video-preview:-1\" \/>\n<link rel=\"canonical\" href=\"https:\/\/dicodusport.fr\/blog\/strade-bianche-2026-startlist-complete-et-favoris-de-la-course\/\" \/>\n<meta property=\"og:locale\" content=\"fr_FR\" \/>\n<meta property=\"og:type\" content=\"article\" \/>\n<meta property=\"og:title\" content=\"Strade Bianche 2026 : startlist compl\u00e8te et favoris de la course\" \/>\n<meta property=\"og:description\" content=\"D\u00e9couvrez la startlist compl\u00e8te des Strade Bianche 2026 et les principaux favoris pour la victoire, avec notamment Tadej Pogacar et les coureurs \u00e0 suivre.\u00a0\" \/>\n<meta property=\"og:url\" content=\"https:\/\/dicodusport.fr\/blog\/strade-bianche-2026-startlist-complete-et-favoris-de-la-course\/\" \/>\n<meta property=\"og:site_name\" content=\"Dicodusport\" \/>\n<meta property=\"article:publisher\" content=\"https:\/\/www.facebook.com\/dicodusport\" \/>\n<meta property=\"article:author\" content=\"https:\/\/www.facebook.com\/groups\/LesRoisDuPeloton\" \/>\n<meta property=\"article:published_time\" content=\"2026-03-07T07:16:23+00:00\" \/>\n<meta property=\"og:image\" content=\"https:\/\/dicodusport.fr\/blog\/wp-content\/uploads\/2026\/03\/Strade-Bianche-2026-startlist-complete-et-favoris-de-la-course.png\" \/>\n\t<meta property=\"og:image:width\" content=\"1200\" \/>\n\t<meta property=\"og:image:height\" content=\"674\" \/>\n\t<meta property=\"og:image:type\" content=\"image\/png\" \/>\n<meta name=\"author\" content=\"Emilien Descampiaux\" \/>\n<meta name=\"twitter:card\" content=\"summary_large_image\" \/>\n<meta name=\"twitter:title\" content=\"Strade Bianche 2026 : startlist compl\u00e8te et favoris de la course\" \/>\n<meta name=\"twitter:creator\" content=\"@https:\/\/twitter.com\/LRoisDuPeloton\" \/>\n<meta name=\"twitter:site\" content=\"@dicodusport\" \/>\n<script type=\"application\/ld+json\" class=\"yoast-schema-graph\">{\"@context\":\"https:\/\/schema.org\",\"@graph\":[{\"@type\":\"NewsArticle\",\"@id\":\"https:\/\/dicodusport.fr\/blog\/strade-bianche-2026-startlist-complete-et-favoris-de-la-course\/#article\",\"isPartOf\":{\"@id\":\"https:\/\/dicodusport.fr\/blog\/strade-bianche-2026-startlist-complete-et-favoris-de-la-course\/\"},\"author\":{\"name\":\"Emilien Descampiaux\",\"@id\":\"https:\/\/dicodusport.fr\/blog\/#\/schema\/person\/6db4bae06b171592211be385b32876a7\"},\"headline\":\"Strade Bianche 2026 : startlist compl\u00e8te et favoris de la course\",\"datePublished\":\"2026-03-07T07:16:23+00:00\",\"mainEntityOfPage\":{\"@id\":\"https:\/\/dicodusport.fr\/blog\/strade-bianche-2026-startlist-complete-et-favoris-de-la-course\/\"},\"wordCount\":1386,\"commentCount\":0,\"publisher\":{\"@id\":\"https:\/\/dicodusport.fr\/blog\/#organization\"},\"image\":{\"@id\":\"https:\/\/dicodusport.fr\/blog\/strade-bianche-2026-startlist-complete-et-favoris-de-la-course\/#primaryimage\"},\"thumbnailUrl\":\"https:\/\/dicodusport.fr\/blog\/wp-content\/uploads\/2026\/03\/Strade-Bianche-2026-startlist-complete-et-favoris-de-la-course.png\",\"keywords\":[\"actu\",\"br\u00e8ve\",\"Cyclisme\",\"Cyclisme sur route\",\"Strade Bianche\"],\"articleSection\":[\"Cyclisme sur route\"],\"inLanguage\":\"fr-FR\",\"potentialAction\":[{\"@type\":\"CommentAction\",\"name\":\"Comment\",\"target\":[\"https:\/\/dicodusport.fr\/blog\/strade-bianche-2026-startlist-complete-et-favoris-de-la-course\/#respond\"]}],\"copyrightYear\":\"2026\",\"copyrightHolder\":{\"@id\":\"https:\/\/dicodusport.fr\/blog\/#organization\"}},{\"@type\":\"WebPage\",\"@id\":\"https:\/\/dicodusport.fr\/blog\/strade-bianche-2026-startlist-complete-et-favoris-de-la-course\/\",\"url\":\"https:\/\/dicodusport.fr\/blog\/strade-bianche-2026-startlist-complete-et-favoris-de-la-course\/\",\"name\":\"Strade Bianche 2026 : startlist compl\u00e8te et favoris de la course\",\"isPartOf\":{\"@id\":\"https:\/\/dicodusport.fr\/blog\/#website\"},\"primaryImageOfPage\":{\"@id\":\"https:\/\/dicodusport.fr\/blog\/strade-bianche-2026-startlist-complete-et-favoris-de-la-course\/#primaryimage\"},\"image\":{\"@id\":\"https:\/\/dicodusport.fr\/blog\/strade-bianche-2026-startlist-complete-et-favoris-de-la-course\/#primaryimage\"},\"thumbnailUrl\":\"https:\/\/dicodusport.fr\/blog\/wp-content\/uploads\/2026\/03\/Strade-Bianche-2026-startlist-complete-et-favoris-de-la-course.png\",\"datePublished\":\"2026-03-07T07:16:23+00:00\",\"description\":\"D\u00e9couvrez la startlist compl\u00e8te des Strade Bianche 2026 et les principaux favoris pour la victoire, avec notamment Tadej Pogacar et les coureurs \u00e0 suivre.\u00a0\",\"breadcrumb\":{\"@id\":\"https:\/\/dicodusport.fr\/blog\/strade-bianche-2026-startlist-complete-et-favoris-de-la-course\/#breadcrumb\"},\"inLanguage\":\"fr-FR\",\"potentialAction\":[{\"@type\":\"ReadAction\",\"target\":[\"https:\/\/dicodusport.fr\/blog\/strade-bianche-2026-startlist-complete-et-favoris-de-la-course\/\"]}]},{\"@type\":\"ImageObject\",\"inLanguage\":\"fr-FR\",\"@id\":\"https:\/\/dicodusport.fr\/blog\/strade-bianche-2026-startlist-complete-et-favoris-de-la-course\/#primaryimage\",\"url\":\"https:\/\/dicodusport.fr\/blog\/wp-content\/uploads\/2026\/03\/Strade-Bianche-2026-startlist-complete-et-favoris-de-la-course.png\",\"contentUrl\":\"https:\/\/dicodusport.fr\/blog\/wp-content\/uploads\/2026\/03\/Strade-Bianche-2026-startlist-complete-et-favoris-de-la-course.png\",\"width\":1200,\"height\":674,\"caption\":\"Strade Bianche 2026 startlist compl\u00e8te et favoris de la course\"},{\"@type\":\"BreadcrumbList\",\"@id\":\"https:\/\/dicodusport.fr\/blog\/strade-bianche-2026-startlist-complete-et-favoris-de-la-course\/#breadcrumb\",\"itemListElement\":[{\"@type\":\"ListItem\",\"position\":1,\"name\":\"Accueil\",\"item\":\"https:\/\/dicodusport.fr\/blog\/\"},{\"@type\":\"ListItem\",\"position\":2,\"name\":\"Strade Bianche 2026 : startlist compl\u00e8te et favoris de la course\"}]},{\"@type\":\"WebSite\",\"@id\":\"https:\/\/dicodusport.fr\/blog\/#website\",\"url\":\"https:\/\/dicodusport.fr\/blog\/\",\"name\":\"Dicodusport\",\"description\":\"L&#039;encyclop\u00e9die de l&#039;actualit\u00e9 sportive\",\"publisher\":{\"@id\":\"https:\/\/dicodusport.fr\/blog\/#organization\"},\"potentialAction\":[{\"@type\":\"SearchAction\",\"target\":{\"@type\":\"EntryPoint\",\"urlTemplate\":\"https:\/\/dicodusport.fr\/blog\/?s={search_term_string}\"},\"query-input\":{\"@type\":\"PropertyValueSpecification\",\"valueRequired\":true,\"valueName\":\"search_term_string\"}}],\"inLanguage\":\"fr-FR\"},{\"@type\":\"NewsMediaOrganization\",\"@id\":\"https:\/\/dicodusport.fr\/blog\/#organization\",\"name\":\"Dicodusport\",\"url\":\"https:\/\/dicodusport.fr\/blog\/\",\"logo\":{\"@type\":\"ImageObject\",\"inLanguage\":\"fr-FR\",\"@id\":\"https:\/\/dicodusport.fr\/blog\/#\/schema\/logo\/image\/\",\"url\":\"https:\/\/dicodusport.fr\/blog\/wp-content\/uploads\/2020\/06\/cropped-LOGO-DICODUSPORT-2020-SANS-FOND-SANS-TEXTE.png\",\"contentUrl\":\"https:\/\/dicodusport.fr\/blog\/wp-content\/uploads\/2020\/06\/cropped-LOGO-DICODUSPORT-2020-SANS-FOND-SANS-TEXTE.png\",\"width\":512,\"height\":512,\"caption\":\"Dicodusport\"},\"image\":{\"@id\":\"https:\/\/dicodusport.fr\/blog\/#\/schema\/logo\/image\/\"},\"sameAs\":[\"https:\/\/www.facebook.com\/dicodusport\",\"https:\/\/x.com\/dicodusport\",\"https:\/\/www.instagram.com\/dicodusport\/\",\"https:\/\/www.youtube.com\/channel\/UC7V2KZ5sd3htJivAbA4ZG3w\"],\"description\":\"Dicodusport est l'encyclop\u00e9die de l'actualit\u00e9 sportive.\",\"email\":\"bonjour@dicodusport.fr\",\"legalName\":\"DICODUSPORT\",\"foundingDate\":\"2018-01-14\",\"vatID\":\"FR71834470973\",\"taxID\":\"83447097300043\",\"numberOfEmployees\":{\"@type\":\"QuantitativeValue\",\"minValue\":\"1\",\"maxValue\":\"10\"}},{\"@type\":\"Person\",\"@id\":\"https:\/\/dicodusport.fr\/blog\/#\/schema\/person\/6db4bae06b171592211be385b32876a7\",\"name\":\"Emilien Descampiaux\",\"image\":{\"@type\":\"ImageObject\",\"inLanguage\":\"fr-FR\",\"@id\":\"https:\/\/dicodusport.fr\/blog\/#\/schema\/person\/image\/\",\"url\":\"https:\/\/dicodusport.fr\/blog\/wp-content\/uploads\/2021\/05\/Emilien-Descampiaux-150x150.jpg\",\"contentUrl\":\"https:\/\/dicodusport.fr\/blog\/wp-content\/uploads\/2021\/05\/Emilien-Descampiaux-150x150.jpg\",\"caption\":\"Emilien Descampiaux\"},\"description\":\"Journaliste\/r\u00e9dacteur depuis 2014 - Fan de la classe de Frank Vandenbroucke, je vis cyclisme (et de ses paysages) depuis plus de 20 ans. Je suis tr\u00e8s impliqu\u00e9 sur mes diff\u00e9rents r\u00e9seaux sociaux pour partager ma passion sur le monde et l'Histoire de la bicyclette avec ma voix sur les images en noir et blanc du succ\u00e8s de Rik Van Steenbergen lors du Ronde sur le V\u00e9lodrome de Gand.\",\"sameAs\":[\"https:\/\/www.facebook.com\/groups\/LesRoisDuPeloton\",\"https:\/\/x.com\/https:\/\/twitter.com\/LRoisDuPeloton\"],\"url\":\"https:\/\/dicodusport.fr\/blog\/author\/emiliend\/\"}]}<\/script>\n<!-- \/ Yoast SEO Premium plugin. -->","yoast_head_json":{"title":"Strade Bianche 2026 : startlist compl\u00e8te et favoris de la course","description":"D\u00e9couvrez la startlist compl\u00e8te des Strade Bianche 2026 et les principaux favoris pour la victoire, avec notamment Tadej Pogacar et les coureurs \u00e0 suivre.\u00a0","robots":{"index":"index","follow":"follow","max-snippet":"max-snippet:-1","max-image-preview":"max-image-preview:large","max-video-preview":"max-video-preview:-1"},"canonical":"https:\/\/dicodusport.fr\/blog\/strade-bianche-2026-startlist-complete-et-favoris-de-la-course\/","og_locale":"fr_FR","og_type":"article","og_title":"Strade Bianche 2026 : startlist compl\u00e8te et favoris de la course","og_description":"D\u00e9couvrez la startlist compl\u00e8te des Strade Bianche 2026 et les principaux favoris pour la victoire, avec notamment Tadej Pogacar et les coureurs \u00e0 suivre.\u00a0","og_url":"https:\/\/dicodusport.fr\/blog\/strade-bianche-2026-startlist-complete-et-favoris-de-la-course\/","og_site_name":"Dicodusport","article_publisher":"https:\/\/www.facebook.com\/dicodusport","article_author":"https:\/\/www.facebook.com\/groups\/LesRoisDuPeloton","article_published_time":"2026-03-07T07:16:23+00:00","og_image":[{"width":1200,"height":674,"url":"https:\/\/dicodusport.fr\/blog\/wp-content\/uploads\/2026\/03\/Strade-Bianche-2026-startlist-complete-et-favoris-de-la-course.png","type":"image\/png"}],"author":"Emilien Descampiaux","twitter_card":"summary_large_image","twitter_title":"Strade Bianche 2026 : startlist compl\u00e8te et favoris de la course","twitter_creator":"@https:\/\/twitter.com\/LRoisDuPeloton","twitter_site":"@dicodusport","schema":{"@context":"https:\/\/schema.org","@graph":[{"@type":"NewsArticle","@id":"https:\/\/dicodusport.fr\/blog\/strade-bianche-2026-startlist-complete-et-favoris-de-la-course\/#article","isPartOf":{"@id":"https:\/\/dicodusport.fr\/blog\/strade-bianche-2026-startlist-complete-et-favoris-de-la-course\/"},"author":{"name":"Emilien Descampiaux","@id":"https:\/\/dicodusport.fr\/blog\/#\/schema\/person\/6db4bae06b171592211be385b32876a7"},"headline":"Strade Bianche 2026 : startlist compl\u00e8te et favoris de la course","datePublished":"2026-03-07T07:16:23+00:00","mainEntityOfPage":{"@id":"https:\/\/dicodusport.fr\/blog\/strade-bianche-2026-startlist-complete-et-favoris-de-la-course\/"},"wordCount":1386,"commentCount":0,"publisher":{"@id":"https:\/\/dicodusport.fr\/blog\/#organization"},"image":{"@id":"https:\/\/dicodusport.fr\/blog\/strade-bianche-2026-startlist-complete-et-favoris-de-la-course\/#primaryimage"},"thumbnailUrl":"https:\/\/dicodusport.fr\/blog\/wp-content\/uploads\/2026\/03\/Strade-Bianche-2026-startlist-complete-et-favoris-de-la-course.png","keywords":["actu","br\u00e8ve","Cyclisme","Cyclisme sur route","Strade Bianche"],"articleSection":["Cyclisme sur route"],"inLanguage":"fr-FR","potentialAction":[{"@type":"CommentAction","name":"Comment","target":["https:\/\/dicodusport.fr\/blog\/strade-bianche-2026-startlist-complete-et-favoris-de-la-course\/#respond"]}],"copyrightYear":"2026","copyrightHolder":{"@id":"https:\/\/dicodusport.fr\/blog\/#organization"}},{"@type":"WebPage","@id":"https:\/\/dicodusport.fr\/blog\/strade-bianche-2026-startlist-complete-et-favoris-de-la-course\/","url":"https:\/\/dicodusport.fr\/blog\/strade-bianche-2026-startlist-complete-et-favoris-de-la-course\/","name":"Strade Bianche 2026 : startlist compl\u00e8te et favoris de la course","isPartOf":{"@id":"https:\/\/dicodusport.fr\/blog\/#website"},"primaryImageOfPage":{"@id":"https:\/\/dicodusport.fr\/blog\/strade-bianche-2026-startlist-complete-et-favoris-de-la-course\/#primaryimage"},"image":{"@id":"https:\/\/dicodusport.fr\/blog\/strade-bianche-2026-startlist-complete-et-favoris-de-la-course\/#primaryimage"},"thumbnailUrl":"https:\/\/dicodusport.fr\/blog\/wp-content\/uploads\/2026\/03\/Strade-Bianche-2026-startlist-complete-et-favoris-de-la-course.png","datePublished":"2026-03-07T07:16:23+00:00","description":"D\u00e9couvrez la startlist compl\u00e8te des Strade Bianche 2026 et les principaux favoris pour la victoire, avec notamment Tadej Pogacar et les coureurs \u00e0 suivre.\u00a0","breadcrumb":{"@id":"https:\/\/dicodusport.fr\/blog\/strade-bianche-2026-startlist-complete-et-favoris-de-la-course\/#breadcrumb"},"inLanguage":"fr-FR","potentialAction":[{"@type":"ReadAction","target":["https:\/\/dicodusport.fr\/blog\/strade-bianche-2026-startlist-complete-et-favoris-de-la-course\/"]}]},{"@type":"ImageObject","inLanguage":"fr-FR","@id":"https:\/\/dicodusport.fr\/blog\/strade-bianche-2026-startlist-complete-et-favoris-de-la-course\/#primaryimage","url":"https:\/\/dicodusport.fr\/blog\/wp-content\/uploads\/2026\/03\/Strade-Bianche-2026-startlist-complete-et-favoris-de-la-course.png","contentUrl":"https:\/\/dicodusport.fr\/blog\/wp-content\/uploads\/2026\/03\/Strade-Bianche-2026-startlist-complete-et-favoris-de-la-course.png","width":1200,"height":674,"caption":"Strade Bianche 2026 startlist compl\u00e8te et favoris de la course"},{"@type":"BreadcrumbList","@id":"https:\/\/dicodusport.fr\/blog\/strade-bianche-2026-startlist-complete-et-favoris-de-la-course\/#breadcrumb","itemListElement":[{"@type":"ListItem","position":1,"name":"Accueil","item":"https:\/\/dicodusport.fr\/blog\/"},{"@type":"ListItem","position":2,"name":"Strade Bianche 2026 : startlist compl\u00e8te et favoris de la course"}]},{"@type":"WebSite","@id":"https:\/\/dicodusport.fr\/blog\/#website","url":"https:\/\/dicodusport.fr\/blog\/","name":"Dicodusport","description":"L&#039;encyclop\u00e9die de l&#039;actualit\u00e9 sportive","publisher":{"@id":"https:\/\/dicodusport.fr\/blog\/#organization"},"potentialAction":[{"@type":"SearchAction","target":{"@type":"EntryPoint","urlTemplate":"https:\/\/dicodusport.fr\/blog\/?s={search_term_string}"},"query-input":{"@type":"PropertyValueSpecification","valueRequired":true,"valueName":"search_term_string"}}],"inLanguage":"fr-FR"},{"@type":"NewsMediaOrganization","@id":"https:\/\/dicodusport.fr\/blog\/#organization","name":"Dicodusport","url":"https:\/\/dicodusport.fr\/blog\/","logo":{"@type":"ImageObject","inLanguage":"fr-FR","@id":"https:\/\/dicodusport.fr\/blog\/#\/schema\/logo\/image\/","url":"https:\/\/dicodusport.fr\/blog\/wp-content\/uploads\/2020\/06\/cropped-LOGO-DICODUSPORT-2020-SANS-FOND-SANS-TEXTE.png","contentUrl":"https:\/\/dicodusport.fr\/blog\/wp-content\/uploads\/2020\/06\/cropped-LOGO-DICODUSPORT-2020-SANS-FOND-SANS-TEXTE.png","width":512,"height":512,"caption":"Dicodusport"},"image":{"@id":"https:\/\/dicodusport.fr\/blog\/#\/schema\/logo\/image\/"},"sameAs":["https:\/\/www.facebook.com\/dicodusport","https:\/\/x.com\/dicodusport","https:\/\/www.instagram.com\/dicodusport\/","https:\/\/www.youtube.com\/channel\/UC7V2KZ5sd3htJivAbA4ZG3w"],"description":"Dicodusport est l'encyclop\u00e9die de l'actualit\u00e9 sportive.","email":"bonjour@dicodusport.fr","legalName":"DICODUSPORT","foundingDate":"2018-01-14","vatID":"FR71834470973","taxID":"83447097300043","numberOfEmployees":{"@type":"QuantitativeValue","minValue":"1","maxValue":"10"}},{"@type":"Person","@id":"https:\/\/dicodusport.fr\/blog\/#\/schema\/person\/6db4bae06b171592211be385b32876a7","name":"Emilien Descampiaux","image":{"@type":"ImageObject","inLanguage":"fr-FR","@id":"https:\/\/dicodusport.fr\/blog\/#\/schema\/person\/image\/","url":"https:\/\/dicodusport.fr\/blog\/wp-content\/uploads\/2021\/05\/Emilien-Descampiaux-150x150.jpg","contentUrl":"https:\/\/dicodusport.fr\/blog\/wp-content\/uploads\/2021\/05\/Emilien-Descampiaux-150x150.jpg","caption":"Emilien Descampiaux"},"description":"Journaliste\/r\u00e9dacteur depuis 2014 - Fan de la classe de Frank Vandenbroucke, je vis cyclisme (et de ses paysages) depuis plus de 20 ans. Je suis tr\u00e8s impliqu\u00e9 sur mes diff\u00e9rents r\u00e9seaux sociaux pour partager ma passion sur le monde et l'Histoire de la bicyclette avec ma voix sur les images en noir et blanc du succ\u00e8s de Rik Van Steenbergen lors du Ronde sur le V\u00e9lodrome de Gand.","sameAs":["https:\/\/www.facebook.com\/groups\/LesRoisDuPeloton","https:\/\/x.com\/https:\/\/twitter.com\/LRoisDuPeloton"],"url":"https:\/\/dicodusport.fr\/blog\/author\/emiliend\/"}]}},"_links":{"self":[{"href":"https:\/\/dicodusport.fr\/blog\/wp-json\/wp\/v2\/posts\/652557","targetHints":{"allow":["GET"]}}],"collection":[{"href":"https:\/\/dicodusport.fr\/blog\/wp-json\/wp\/v2\/posts"}],"about":[{"href":"https:\/\/dicodusport.fr\/blog\/wp-json\/wp\/v2\/types\/post"}],"author":[{"embeddable":true,"href":"https:\/\/dicodusport.fr\/blog\/wp-json\/wp\/v2\/users\/48"}],"replies":[{"embeddable":true,"href":"https:\/\/dicodusport.fr\/blog\/wp-json\/wp\/v2\/comments?post=652557"}],"version-history":[{"count":5,"href":"https:\/\/dicodusport.fr\/blog\/wp-json\/wp\/v2\/posts\/652557\/revisions"}],"predecessor-version":[{"id":653160,"href":"https:\/\/dicodusport.fr\/blog\/wp-json\/wp\/v2\/posts\/652557\/revisions\/653160"}],"wp:featuredmedia":[{"embeddable":true,"href":"https:\/\/dicodusport.fr\/blog\/wp-json\/wp\/v2\/media\/652590"}],"wp:attachment":[{"href":"https:\/\/dicodusport.fr\/blog\/wp-json\/wp\/v2\/media?parent=652557"}],"wp:term":[{"taxonomy":"category","embeddable":true,"href":"https:\/\/dicodusport.fr\/blog\/wp-json\/wp\/v2\/categories?post=652557"},{"taxonomy":"post_tag","embeddable":true,"href":"https:\/\/dicodusport.fr\/blog\/wp-json\/wp\/v2\/tags?post=652557"}],"curies":[{"name":"wp","href":"https:\/\/api.w.org\/{rel}","templated":true}]}}