{"id":652607,"date":"2026-03-06T13:44:28","date_gmt":"2026-03-06T12:44:28","guid":{"rendered":"https:\/\/dicodusport.fr\/blog\/?p=652607&#038;preview=true&#038;preview_id=652607"},"modified":"2026-03-06T13:44:28","modified_gmt":"2026-03-06T12:44:28","slug":"strade-bianche-2026-vollering-ferrand-prevot-les-grandes-favorites-de-la-classique-toscane","status":"publish","type":"post","link":"https:\/\/dicodusport.fr\/blog\/strade-bianche-2026-vollering-ferrand-prevot-les-grandes-favorites-de-la-classique-toscane\/","title":{"rendered":"Strade Bianche 2026 : Vollering, Ferrand-Pr\u00e9vot\u2026 les grandes favorites de la classique toscane"},"content":{"rendered":"<p style=\"text-align: justify;\"><strong><em>Demi Vollering, Pauline Ferrand-Pr\u00e9vot, Elisa Longo Borghini\u2026 d\u00e9couvrez les grandes favorites des Strade Bianche 2026 et les coureuses \u00e0 suivre sur les routes toscanes.<\/em><\/strong><\/p>\n<h2 style=\"text-align: justify;\">Demi Vollering vs Pauline Ferrand-Pr\u00e9vot : acte 1 en 2026<\/h2>\n<p style=\"text-align: justify;\">En Italie, les regards pourraient bien \u00eatre braqu\u00e9s sur deux coureuses : <strong>Demi Vollering<\/strong> (FDJ United-Suez) et <strong>Pauline Ferrand-Pr\u00e9vot<\/strong> (Team Visma | Lease a Bike). Les deux championnes, toutes deux vainqueures du Tour de France, se retrouvent pour la premi\u00e8re fois en 2026.<\/p>\n<p style=\"text-align: justify;\">Du c\u00f4t\u00e9 de la N\u00e9erlandaise, il y a sans doute un peu plus de certitudes que pour la Fran\u00e7aise. Elle a d\u00e9j\u00e0 lev\u00e9 les bras \u00e0 quatre reprises cette ann\u00e9e : <a href=\"https:\/\/dicodusport.fr\/blog\/demi-vollering-frappe-fort-des-sa-reprise-sur-la-premiere-etape-de-la-setmana-ciclista-volta-femenina\/\">deux victoires<\/a> et le classement g\u00e9n\u00e9ral du Tour de Valence Femmes. Surtout, elle a impressionn\u00e9 lors de l\u2019Omloop Nieuwsblad, <a href=\"https:\/\/dicodusport.fr\/blog\/demi-vollering-dispose-aisement-de-kasia-niewiadoma-et-remporte-pour-la-premiere-fois-lomloop-nieuwsblad\/\">remportant la course devant toutes les autres grandes favorites<\/a>. Pas de doute, la forme est pr\u00e9sente au moment de d\u00e9fendre son titre, <a href=\"https:\/\/dicodusport.fr\/blog\/strade-bianche-femmes-2025-demi-vollering-triomphe-a-sienne-pauline-ferrand-prevot-sur-le-podium\/\">apr\u00e8s sa victoire obtenue en 2025<\/a>.<\/p>\n<div class=\"vlp-link-container vlp-layout-article\"><a href=\"https:\/\/dicodusport.fr\/blog\/pauline-ferrand-prevot-10-chiffres-fous-sur-sa-carriere-xxl\/\" class=\"vlp-link\" title=\"Pauline Ferrand-Pr\u00e9vot, 10 chiffres fous sur sa carri\u00e8re XXL\"><\/a><div class=\"vlp-layout-zone-side\"><div class=\"vlp-block-4 vlp-link-image\"><img loading=\"lazy\" decoding=\"async\" style=\"max-width: 792px;\" width=\"792\" height=\"445\" src=\"https:\/\/dicodusport.fr\/blog\/wp-content\/uploads\/2025\/08\/Pauline-Ferrand-Prevot-10-chiffres-fous-sur-sa-carriere-XXL.png\" class=\"attachment-800x445 size-800x445\" alt=\"Pauline Ferrand-Pr\u00e9vot, 10 chiffres fous sur sa carri\u00e8re XXL\" srcset=\"https:\/\/dicodusport.fr\/blog\/wp-content\/uploads\/2025\/08\/Pauline-Ferrand-Prevot-10-chiffres-fous-sur-sa-carriere-XXL.png 1200w, https:\/\/dicodusport.fr\/blog\/wp-content\/uploads\/2025\/08\/Pauline-Ferrand-Prevot-10-chiffres-fous-sur-sa-carriere-XXL-300x169.png 300w, https:\/\/dicodusport.fr\/blog\/wp-content\/uploads\/2025\/08\/Pauline-Ferrand-Prevot-10-chiffres-fous-sur-sa-carriere-XXL-1024x575.png 1024w, https:\/\/dicodusport.fr\/blog\/wp-content\/uploads\/2025\/08\/Pauline-Ferrand-Prevot-10-chiffres-fous-sur-sa-carriere-XXL-768x431.png 768w\" sizes=\"auto, (max-width: 792px) 100vw, 792px\" \/><\/div><\/div><div class=\"vlp-layout-zone-main\"><div class=\"vlp-block-0 vlp-link-title\">Pauline Ferrand-Pr\u00e9vot, 10 chiffres fous sur sa carri\u00e8re XXL<\/div><div class=\"vlp-block-1 vlp-link-summary\">En remportant le Tour de France Femmes 2025, et ce, d\u00e8s sa premi\u00e8re participation \u00e0 l'\u00e9preuve, Pauline Ferrand-Pr\u00e9vot a continu\u00e9 de marquer l'histoire du cyclisme. Retour en chiffres sur sa carri\u00e8re.<\/div><div class=\"vlp-block-2 vlp-link-button\">Lire l'article<\/div><div class=\"vlp-block-3 vlp-link-url\">dicodusport.fr<\/div><\/div><\/div>\n<p style=\"text-align: justify;\">Pour la Fran\u00e7aise, il y a forc\u00e9ment un peu plus d\u2019incertitudes. La vainqueure du Tour de France 2025 d\u00e9bute sa saison en Italie. L\u2019an pass\u00e9, on a vu qu\u2019elle avait besoin d\u2019un peu de rodage sur l\u2019UAE Tour. N\u00e9anmoins, troisi\u00e8me en 2025, on sait qu\u2019elle peut briller sur les chemins. Il ne faut pas oublier que son retour sur la route \u00e9tait encore assez r\u00e9cent. Son palmar\u00e8s en 2025 s\u2019est construit par la suite, et son aventure avait vraiment pris son envol sur les Strade Bianche Donne. Exclure la Fran\u00e7aise des favorites serait une grosse erreur de la part de ses rivales.<\/p>\n<div class=\"vlp-link-container vlp-layout-article\"><a href=\"https:\/\/dicodusport.fr\/blog\/fdj-united-suez-2026-lannee-de-la-confirmation-et-de-la-revanche\/\" class=\"vlp-link\" title=\"FDJ United-Suez : 2026, l&#039;ann\u00e9e de la confirmation et de la revanche\"><\/a><div class=\"vlp-layout-zone-side\"><div class=\"vlp-block-4 vlp-link-image\"><img loading=\"lazy\" decoding=\"async\" style=\"max-width: 792px;\" width=\"792\" height=\"445\" src=\"https:\/\/dicodusport.fr\/blog\/wp-content\/uploads\/2026\/01\/FDJ-United-Suez-2026-lannee-de-la-confirmation-et-de-la-revanche.png\" class=\"attachment-800x445 size-800x445\" alt=\"FDJ United-Suez 2026, l&#039;ann\u00e9e de la confirmation et de la revanche\" srcset=\"https:\/\/dicodusport.fr\/blog\/wp-content\/uploads\/2026\/01\/FDJ-United-Suez-2026-lannee-de-la-confirmation-et-de-la-revanche.png 1200w, https:\/\/dicodusport.fr\/blog\/wp-content\/uploads\/2026\/01\/FDJ-United-Suez-2026-lannee-de-la-confirmation-et-de-la-revanche-300x169.png 300w, https:\/\/dicodusport.fr\/blog\/wp-content\/uploads\/2026\/01\/FDJ-United-Suez-2026-lannee-de-la-confirmation-et-de-la-revanche-1024x575.png 1024w, https:\/\/dicodusport.fr\/blog\/wp-content\/uploads\/2026\/01\/FDJ-United-Suez-2026-lannee-de-la-confirmation-et-de-la-revanche-768x431.png 768w\" sizes=\"auto, (max-width: 792px) 100vw, 792px\" \/><\/div><\/div><div class=\"vlp-layout-zone-main\"><div class=\"vlp-block-0 vlp-link-title\">FDJ United-Suez : 2026, l'ann\u00e9e de la confirmation et de la revanche<\/div><div class=\"vlp-block-1 vlp-link-summary\">Focus sur la formation FDJ United-Suez, devenue en 2025 la meilleure \u00e9quipe du monde et en qu\u00eate du Tour de France.<\/div><div class=\"vlp-block-2 vlp-link-button\">Lire l'article<\/div><div class=\"vlp-block-3 vlp-link-url\">dicodusport.fr<\/div><\/div><\/div>\n<h2>Kasia Niewiadoma tout autant favorite mais&#8230;<\/h2>\n<p style=\"text-align: justify;\">Souvent oubli\u00e9e lorsqu\u2019il s\u2019agit de dresser la liste des grandes favorites, la Polonaise <strong>Kasia Niewiadoma<\/strong> (CANYON\/\/SRAM zondacrypto) a pourtant montr\u00e9 de tr\u00e8s belles choses depuis le d\u00e9but de la saison, notamment sur l\u2019Omloop Nieuwsblad. Une course dans laquelle elle a \u00e9t\u00e9 la seule \u00e0 suivre l\u2019offensive de <strong>Demi Vollering<\/strong>, avant de s\u2019incliner au sprint face \u00e0 son adversaire. C\u2019est un peu le souci de la vainqueure du Tour de France 2024, qui manque parfois de punch et de pointe de vitesse. Cela dit, elle a su remporter La Fl\u00e8che Wallonne en 2024\u2026 face \u00e0 <strong>Demi Vollering<\/strong>. Attention \u00e0 ne pas sous-estimer la Polonaise.<\/p>\n<h2>Les autres favorites des Strade Bianche Donne<\/h2>\n<p style=\"text-align: justify;\">Dans une course avec son lot d\u2019incertitudes et qui reste une \u00e9preuve de d\u00e9but de saison \u2014 voire de reprise pour certaines, comme <strong>Pauline Ferrand-Pr\u00e9vot<\/strong> \u2014 le nombre de pr\u00e9tendantes sera \u00e9lev\u00e9. Seule <strong>Annemiek van Vleuten<\/strong>, en 2019 et 2020, est parvenue \u00e0 conserver sa couronne sur la course italienne. Tandis que <strong>Demi Vollering<\/strong> (2023 et 2025) et <strong>Lotte Kopecky<\/strong> (2022 et 2024) sont les deux derni\u00e8res \u00e0 avoir lev\u00e9 les bras \u00e0 Sienne.<\/p>\n<h3>Kimberley Le Court davantage surveill\u00e9e<\/h3>\n<p style=\"text-align: justify;\">On \u00e9voquait le manque de punch de <strong>Kasia Niewiadoma<\/strong>. Un punch que peut poss\u00e9der <strong>Kimberley Le Court<\/strong> (AG Insurance-Soudal Team). <a href=\"https:\/\/dicodusport.fr\/blog\/liege-bastogne-liege-femmes-2025-kimberley-le-court-surprend-les-cadors-a-liege\/\">La Mauricienne, vainqueure de Li\u00e8ge-Bastogne-Li\u00e8ge 2025<\/a> et maillot jaune sur le Tour de France 2025, est entr\u00e9e dans la cour des grandes l\u2019an pass\u00e9. Sur l\u2019UAE Tour, elle a liss\u00e9 son effort sur Jebel Hafeet, mais n\u2019a jamais vraiment \u00e9t\u00e9 en mesure de contester <a href=\"https:\/\/dicodusport.fr\/blog\/elisa-longo-borghini-remporte-letape-reine-et-poursuit-son-regne-sur-luae-tour\/\">la supr\u00e9matie d\u2019<strong>Elisa Longo Borghini<\/strong><\/a> (4\u00e8me du classement g\u00e9n\u00e9ral). En changeant de statut en 2025, elle a aussi chang\u00e9 dans le regard de ses adversaires et sera beaucoup plus surveill\u00e9e.<\/p>\n<div class=\"vlp-link-container vlp-layout-article\"><a href=\"https:\/\/dicodusport.fr\/blog\/cyclisme-kimberley-le-court-place-lile-maurice-sur-la-carte\/\" class=\"vlp-link\" title=\"Cyclisme : Kimberley Le Court place l&#039;\u00cele Maurice sur la carte\"><\/a><div class=\"vlp-layout-zone-side\"><div class=\"vlp-block-4 vlp-link-image\"><img loading=\"lazy\" decoding=\"async\" style=\"max-width: 792px;\" width=\"792\" height=\"445\" src=\"https:\/\/dicodusport.fr\/blog\/wp-content\/uploads\/2025\/03\/Cyclisme-Kimberley-Le-Court-place-lIle-Maurice-sur-la-carte.png\" class=\"attachment-800x445 size-800x445\" alt=\"Cyclisme Kimberley Le Court place l&#039;\u00cele Maurice sur la carte\" srcset=\"https:\/\/dicodusport.fr\/blog\/wp-content\/uploads\/2025\/03\/Cyclisme-Kimberley-Le-Court-place-lIle-Maurice-sur-la-carte.png 1200w, https:\/\/dicodusport.fr\/blog\/wp-content\/uploads\/2025\/03\/Cyclisme-Kimberley-Le-Court-place-lIle-Maurice-sur-la-carte-300x169.png 300w, https:\/\/dicodusport.fr\/blog\/wp-content\/uploads\/2025\/03\/Cyclisme-Kimberley-Le-Court-place-lIle-Maurice-sur-la-carte-1024x575.png 1024w, https:\/\/dicodusport.fr\/blog\/wp-content\/uploads\/2025\/03\/Cyclisme-Kimberley-Le-Court-place-lIle-Maurice-sur-la-carte-768x431.png 768w\" sizes=\"auto, (max-width: 792px) 100vw, 792px\" \/><\/div><\/div><div class=\"vlp-layout-zone-main\"><div class=\"vlp-block-0 vlp-link-title\">Cyclisme : Kimberley Le Court place l'\u00cele Maurice sur la carte<\/div><div class=\"vlp-block-1 vlp-link-summary\">CYCLISME SUR ROUTE - Auteure d'un d\u00e9but de saison canon, Kimberley Le Court fait honneur \u00e0 l'\u00cele Maurice et devient une des meilleures cyclistes au monde.<\/div><div class=\"vlp-block-2 vlp-link-button\">Lire l'article<\/div><div class=\"vlp-block-3 vlp-link-url\">dicodusport.fr<\/div><\/div><\/div>\n<h3>L&rsquo;interrogation Lotte Kopecky<\/h3>\n<p style=\"text-align: justify;\">On \u00e9voquait aussi les incertitudes de \u00ab PFP \u00bb. Elles seront au moins aussi grandes pour <strong>Lotte Kopecky<\/strong> (Team SD Worx &#8211; Protime). La Belge a connu une ann\u00e9e 2025 plus que compliqu\u00e9e, <a href=\"https:\/\/dicodusport.fr\/blog\/tour-des-flandres-femmes-2025-lotte-kopecky-simpose-et-marque-lhistoire-pauline-ferrand-prevot-2eme\/\">malgr\u00e9 sa victoire sur le Tour des Flandres<\/a>. Sa reprise a \u00e9t\u00e9 marqu\u00e9e par la malchance sur l\u2019Omloop (39\u00e8me), mais cela ne suffira pas \u00e0 gommer les interrogations autour d\u2019elle.<\/p>\n<p style=\"text-align: justify;\"><strong>Elisa Longo Borghini<\/strong> a connu une reprise victorieuse sur l\u2019UAE Tour. Vainqueure des Strade Bianche en 2017, l\u2019Italienne s\u2019est constitu\u00e9e un tr\u00e8s beau palmar\u00e8s, mais elle est souvent \u00e0 la peine depuis 2025 lorsque toutes les cadors sont align\u00e9es. On peut \u00e9galement citer <strong>Liane Lippert<\/strong> (Movistar), souvent \u00e0 l\u2019offensive et capable de lancer la course de loin. Tout comme <strong>Puck Pieterse<\/strong> (Fenix-Premier Tech), vainqueure de La Fl\u00e8che Wallonne 2025, sa compatriote <strong>Shirin van Anrooij<\/strong> (Lidl-Trek), <strong>Monica Trinca Colonel<\/strong> (Liv AlUla Jayco), <strong>Eleonora Ciabocco<\/strong> (Team Picnic PostNL) et m\u00eame la championne du monde <strong>Magdeleine Valli\u00e8res<\/strong> (EF Education-Oatly).<\/p>\n<div id=\"gtx-trans\" style=\"position: absolute; left: -14px; top: 40.9091px;\">\n<div class=\"gtx-trans-icon\"><\/div>\n<\/div>\n","protected":false},"excerpt":{"rendered":"<p>Demi Vollering, Pauline Ferrand-Pr\u00e9vot, Elisa Longo Borghini\u2026 d\u00e9couvrez les grandes favorites des Strade Bianche 2026 et les coureuses \u00e0 suivre sur les routes toscanes.<\/p>\n","protected":false},"author":83,"featured_media":652876,"comment_status":"open","ping_status":"closed","sticky":false,"template":"","format":"standard","meta":{"_acf_changed":false,"_daextam_enable_autolinks":"1","footnotes":""},"categories":[46994],"tags":[32415,16878,11197,30091,1340,4012],"class_list":["post-652607","post","type-post","status-publish","format-standard","has-post-thumbnail","hentry","category-cyclisme-sur-route","tag-actu","tag-breve","tag-cyclisme-sur-route","tag-demi-vollering","tag-pauline-ferrand-prevot","tag-strade-bianche"],"acf":[],"yoast_head":"<!-- This site is optimized with the Yoast SEO Premium plugin v26.7 (Yoast SEO v26.7) - https:\/\/yoast.com\/wordpress\/plugins\/seo\/ -->\n<title>Strade Bianche 2026 : Vollering, Ferrand-Pr\u00e9vot\u2026 les grandes favorites de la classique toscane<\/title>\n<meta name=\"description\" content=\"Demi Vollering, Pauline Ferrand-Pr\u00e9vot, Elisa Longo Borghini\u2026 d\u00e9couvrez les grandes favorites des Strade Bianche 2026 et les coureuses \u00e0 suivre sur les routes toscanes.\" \/>\n<meta name=\"robots\" content=\"index, follow, max-snippet:-1, max-image-preview:large, max-video-preview:-1\" \/>\n<link rel=\"canonical\" href=\"https:\/\/dicodusport.fr\/blog\/strade-bianche-2026-vollering-ferrand-prevot-les-grandes-favorites-de-la-classique-toscane\/\" \/>\n<meta property=\"og:locale\" content=\"fr_FR\" \/>\n<meta property=\"og:type\" content=\"article\" \/>\n<meta property=\"og:title\" content=\"Strade Bianche 2026 : Vollering, Ferrand-Pr\u00e9vot\u2026 les grandes favorites de la classique toscane\" \/>\n<meta property=\"og:description\" content=\"Demi Vollering, Pauline Ferrand-Pr\u00e9vot, Elisa Longo Borghini\u2026 d\u00e9couvrez les grandes favorites des Strade Bianche 2026 et les coureuses \u00e0 suivre sur les routes toscanes.\" \/>\n<meta property=\"og:url\" content=\"https:\/\/dicodusport.fr\/blog\/strade-bianche-2026-vollering-ferrand-prevot-les-grandes-favorites-de-la-classique-toscane\/\" \/>\n<meta property=\"og:site_name\" content=\"Dicodusport\" \/>\n<meta property=\"article:publisher\" content=\"https:\/\/www.facebook.com\/dicodusport\" \/>\n<meta property=\"article:published_time\" content=\"2026-03-06T12:44:28+00:00\" \/>\n<meta property=\"og:image\" content=\"https:\/\/dicodusport.fr\/blog\/wp-content\/uploads\/2026\/03\/Strade-Bianche-2026-Vollering-Ferrand-Prevot-les-grandes-favorites-de-la-classique.png\" \/>\n\t<meta property=\"og:image:width\" content=\"1200\" \/>\n\t<meta property=\"og:image:height\" content=\"674\" \/>\n\t<meta property=\"og:image:type\" content=\"image\/png\" \/>\n<meta name=\"author\" content=\"Etienne Goursaud\" \/>\n<meta name=\"twitter:card\" content=\"summary_large_image\" \/>\n<meta name=\"twitter:title\" content=\"Strade Bianche 2026 : Vollering, Ferrand-Pr\u00e9vot\u2026 les grandes favorites de la classique toscane\" \/>\n<meta name=\"twitter:creator\" content=\"@dicodusport\" \/>\n<meta name=\"twitter:site\" content=\"@dicodusport\" \/>\n<script type=\"application\/ld+json\" class=\"yoast-schema-graph\">{\"@context\":\"https:\/\/schema.org\",\"@graph\":[{\"@type\":\"NewsArticle\",\"@id\":\"https:\/\/dicodusport.fr\/blog\/strade-bianche-2026-vollering-ferrand-prevot-les-grandes-favorites-de-la-classique-toscane\/#article\",\"isPartOf\":{\"@id\":\"https:\/\/dicodusport.fr\/blog\/strade-bianche-2026-vollering-ferrand-prevot-les-grandes-favorites-de-la-classique-toscane\/\"},\"author\":{\"name\":\"Etienne Goursaud\",\"@id\":\"https:\/\/dicodusport.fr\/blog\/#\/schema\/person\/d603dd7da31fb2b46c82b9835a77ec13\"},\"headline\":\"Strade Bianche 2026 : Vollering, Ferrand-Pr\u00e9vot\u2026 les grandes favorites de la classique toscane\",\"datePublished\":\"2026-03-06T12:44:28+00:00\",\"mainEntityOfPage\":{\"@id\":\"https:\/\/dicodusport.fr\/blog\/strade-bianche-2026-vollering-ferrand-prevot-les-grandes-favorites-de-la-classique-toscane\/\"},\"wordCount\":1002,\"commentCount\":0,\"publisher\":{\"@id\":\"https:\/\/dicodusport.fr\/blog\/#organization\"},\"image\":{\"@id\":\"https:\/\/dicodusport.fr\/blog\/strade-bianche-2026-vollering-ferrand-prevot-les-grandes-favorites-de-la-classique-toscane\/#primaryimage\"},\"thumbnailUrl\":\"https:\/\/dicodusport.fr\/blog\/wp-content\/uploads\/2026\/03\/Strade-Bianche-2026-Vollering-Ferrand-Prevot-les-grandes-favorites-de-la-classique.png\",\"keywords\":[\"actu\",\"br\u00e8ve\",\"Cyclisme sur route\",\"Demi Vollering\",\"Pauline Ferrand-Pr\u00e9vot\",\"Strade Bianche\"],\"articleSection\":[\"Cyclisme sur route\"],\"inLanguage\":\"fr-FR\",\"potentialAction\":[{\"@type\":\"CommentAction\",\"name\":\"Comment\",\"target\":[\"https:\/\/dicodusport.fr\/blog\/strade-bianche-2026-vollering-ferrand-prevot-les-grandes-favorites-de-la-classique-toscane\/#respond\"]}],\"copyrightYear\":\"2026\",\"copyrightHolder\":{\"@id\":\"https:\/\/dicodusport.fr\/blog\/#organization\"}},{\"@type\":\"WebPage\",\"@id\":\"https:\/\/dicodusport.fr\/blog\/strade-bianche-2026-vollering-ferrand-prevot-les-grandes-favorites-de-la-classique-toscane\/\",\"url\":\"https:\/\/dicodusport.fr\/blog\/strade-bianche-2026-vollering-ferrand-prevot-les-grandes-favorites-de-la-classique-toscane\/\",\"name\":\"Strade Bianche 2026 : Vollering, Ferrand-Pr\u00e9vot\u2026 les grandes favorites de la classique toscane\",\"isPartOf\":{\"@id\":\"https:\/\/dicodusport.fr\/blog\/#website\"},\"primaryImageOfPage\":{\"@id\":\"https:\/\/dicodusport.fr\/blog\/strade-bianche-2026-vollering-ferrand-prevot-les-grandes-favorites-de-la-classique-toscane\/#primaryimage\"},\"image\":{\"@id\":\"https:\/\/dicodusport.fr\/blog\/strade-bianche-2026-vollering-ferrand-prevot-les-grandes-favorites-de-la-classique-toscane\/#primaryimage\"},\"thumbnailUrl\":\"https:\/\/dicodusport.fr\/blog\/wp-content\/uploads\/2026\/03\/Strade-Bianche-2026-Vollering-Ferrand-Prevot-les-grandes-favorites-de-la-classique.png\",\"datePublished\":\"2026-03-06T12:44:28+00:00\",\"description\":\"Demi Vollering, Pauline Ferrand-Pr\u00e9vot, Elisa Longo Borghini\u2026 d\u00e9couvrez les grandes favorites des Strade Bianche 2026 et les coureuses \u00e0 suivre sur les routes toscanes.\",\"breadcrumb\":{\"@id\":\"https:\/\/dicodusport.fr\/blog\/strade-bianche-2026-vollering-ferrand-prevot-les-grandes-favorites-de-la-classique-toscane\/#breadcrumb\"},\"inLanguage\":\"fr-FR\",\"potentialAction\":[{\"@type\":\"ReadAction\",\"target\":[\"https:\/\/dicodusport.fr\/blog\/strade-bianche-2026-vollering-ferrand-prevot-les-grandes-favorites-de-la-classique-toscane\/\"]}]},{\"@type\":\"ImageObject\",\"inLanguage\":\"fr-FR\",\"@id\":\"https:\/\/dicodusport.fr\/blog\/strade-bianche-2026-vollering-ferrand-prevot-les-grandes-favorites-de-la-classique-toscane\/#primaryimage\",\"url\":\"https:\/\/dicodusport.fr\/blog\/wp-content\/uploads\/2026\/03\/Strade-Bianche-2026-Vollering-Ferrand-Prevot-les-grandes-favorites-de-la-classique.png\",\"contentUrl\":\"https:\/\/dicodusport.fr\/blog\/wp-content\/uploads\/2026\/03\/Strade-Bianche-2026-Vollering-Ferrand-Prevot-les-grandes-favorites-de-la-classique.png\",\"width\":1200,\"height\":674,\"caption\":\"Strade Bianche 2026 Vollering, Ferrand-Pr\u00e9vot, les grandes favorites de la classique\"},{\"@type\":\"BreadcrumbList\",\"@id\":\"https:\/\/dicodusport.fr\/blog\/strade-bianche-2026-vollering-ferrand-prevot-les-grandes-favorites-de-la-classique-toscane\/#breadcrumb\",\"itemListElement\":[{\"@type\":\"ListItem\",\"position\":1,\"name\":\"Accueil\",\"item\":\"https:\/\/dicodusport.fr\/blog\/\"},{\"@type\":\"ListItem\",\"position\":2,\"name\":\"Strade Bianche 2026 : Vollering, Ferrand-Pr\u00e9vot\u2026 les grandes favorites de la classique toscane\"}]},{\"@type\":\"WebSite\",\"@id\":\"https:\/\/dicodusport.fr\/blog\/#website\",\"url\":\"https:\/\/dicodusport.fr\/blog\/\",\"name\":\"Dicodusport\",\"description\":\"L&#039;encyclop\u00e9die de l&#039;actualit\u00e9 sportive\",\"publisher\":{\"@id\":\"https:\/\/dicodusport.fr\/blog\/#organization\"},\"potentialAction\":[{\"@type\":\"SearchAction\",\"target\":{\"@type\":\"EntryPoint\",\"urlTemplate\":\"https:\/\/dicodusport.fr\/blog\/?s={search_term_string}\"},\"query-input\":{\"@type\":\"PropertyValueSpecification\",\"valueRequired\":true,\"valueName\":\"search_term_string\"}}],\"inLanguage\":\"fr-FR\"},{\"@type\":\"NewsMediaOrganization\",\"@id\":\"https:\/\/dicodusport.fr\/blog\/#organization\",\"name\":\"Dicodusport\",\"url\":\"https:\/\/dicodusport.fr\/blog\/\",\"logo\":{\"@type\":\"ImageObject\",\"inLanguage\":\"fr-FR\",\"@id\":\"https:\/\/dicodusport.fr\/blog\/#\/schema\/logo\/image\/\",\"url\":\"https:\/\/dicodusport.fr\/blog\/wp-content\/uploads\/2020\/06\/cropped-LOGO-DICODUSPORT-2020-SANS-FOND-SANS-TEXTE.png\",\"contentUrl\":\"https:\/\/dicodusport.fr\/blog\/wp-content\/uploads\/2020\/06\/cropped-LOGO-DICODUSPORT-2020-SANS-FOND-SANS-TEXTE.png\",\"width\":512,\"height\":512,\"caption\":\"Dicodusport\"},\"image\":{\"@id\":\"https:\/\/dicodusport.fr\/blog\/#\/schema\/logo\/image\/\"},\"sameAs\":[\"https:\/\/www.facebook.com\/dicodusport\",\"https:\/\/x.com\/dicodusport\",\"https:\/\/www.instagram.com\/dicodusport\/\",\"https:\/\/www.youtube.com\/channel\/UC7V2KZ5sd3htJivAbA4ZG3w\"],\"description\":\"Dicodusport est l'encyclop\u00e9die de l'actualit\u00e9 sportive.\",\"email\":\"bonjour@dicodusport.fr\",\"legalName\":\"DICODUSPORT\",\"foundingDate\":\"2018-01-14\",\"vatID\":\"FR71834470973\",\"taxID\":\"83447097300043\",\"numberOfEmployees\":{\"@type\":\"QuantitativeValue\",\"minValue\":\"1\",\"maxValue\":\"10\"}},{\"@type\":\"Person\",\"@id\":\"https:\/\/dicodusport.fr\/blog\/#\/schema\/person\/d603dd7da31fb2b46c82b9835a77ec13\",\"name\":\"Etienne Goursaud\",\"image\":{\"@type\":\"ImageObject\",\"inLanguage\":\"fr-FR\",\"@id\":\"https:\/\/dicodusport.fr\/blog\/#\/schema\/person\/image\/\",\"url\":\"https:\/\/dicodusport.fr\/blog\/wp-content\/uploads\/2023\/12\/410122264_10231602061736049_5565839791558026645_n-150x150.jpg\",\"contentUrl\":\"https:\/\/dicodusport.fr\/blog\/wp-content\/uploads\/2023\/12\/410122264_10231602061736049_5565839791558026645_n-150x150.jpg\",\"caption\":\"Etienne Goursaud\"},\"description\":\"Journaliste et amoureux de sport. Ancien footballeur reconverti athl\u00e8te quand ses muscles le laissent tranquille. \u00c9lev\u00e9 \u00e0 la sauce des exploits de Thomas Voeckler en 2004, du dernier essai de l\u00e9gende de Eunice Barber \u00e0 la longueur lors des championnats du monde d'athl\u00e9tisme de 2003 mais aussi Zidane, Omeyer et Titou Lamaison.\",\"url\":\"https:\/\/dicodusport.fr\/blog\/author\/etienne-goursaud\/\"}]}<\/script>\n<!-- \/ Yoast SEO Premium plugin. -->","yoast_head_json":{"title":"Strade Bianche 2026 : Vollering, Ferrand-Pr\u00e9vot\u2026 les grandes favorites de la classique toscane","description":"Demi Vollering, Pauline Ferrand-Pr\u00e9vot, Elisa Longo Borghini\u2026 d\u00e9couvrez les grandes favorites des Strade Bianche 2026 et les coureuses \u00e0 suivre sur les routes toscanes.","robots":{"index":"index","follow":"follow","max-snippet":"max-snippet:-1","max-image-preview":"max-image-preview:large","max-video-preview":"max-video-preview:-1"},"canonical":"https:\/\/dicodusport.fr\/blog\/strade-bianche-2026-vollering-ferrand-prevot-les-grandes-favorites-de-la-classique-toscane\/","og_locale":"fr_FR","og_type":"article","og_title":"Strade Bianche 2026 : Vollering, Ferrand-Pr\u00e9vot\u2026 les grandes favorites de la classique toscane","og_description":"Demi Vollering, Pauline Ferrand-Pr\u00e9vot, Elisa Longo Borghini\u2026 d\u00e9couvrez les grandes favorites des Strade Bianche 2026 et les coureuses \u00e0 suivre sur les routes toscanes.","og_url":"https:\/\/dicodusport.fr\/blog\/strade-bianche-2026-vollering-ferrand-prevot-les-grandes-favorites-de-la-classique-toscane\/","og_site_name":"Dicodusport","article_publisher":"https:\/\/www.facebook.com\/dicodusport","article_published_time":"2026-03-06T12:44:28+00:00","og_image":[{"width":1200,"height":674,"url":"https:\/\/dicodusport.fr\/blog\/wp-content\/uploads\/2026\/03\/Strade-Bianche-2026-Vollering-Ferrand-Prevot-les-grandes-favorites-de-la-classique.png","type":"image\/png"}],"author":"Etienne Goursaud","twitter_card":"summary_large_image","twitter_title":"Strade Bianche 2026 : Vollering, Ferrand-Pr\u00e9vot\u2026 les grandes favorites de la classique toscane","twitter_creator":"@dicodusport","twitter_site":"@dicodusport","schema":{"@context":"https:\/\/schema.org","@graph":[{"@type":"NewsArticle","@id":"https:\/\/dicodusport.fr\/blog\/strade-bianche-2026-vollering-ferrand-prevot-les-grandes-favorites-de-la-classique-toscane\/#article","isPartOf":{"@id":"https:\/\/dicodusport.fr\/blog\/strade-bianche-2026-vollering-ferrand-prevot-les-grandes-favorites-de-la-classique-toscane\/"},"author":{"name":"Etienne Goursaud","@id":"https:\/\/dicodusport.fr\/blog\/#\/schema\/person\/d603dd7da31fb2b46c82b9835a77ec13"},"headline":"Strade Bianche 2026 : Vollering, Ferrand-Pr\u00e9vot\u2026 les grandes favorites de la classique toscane","datePublished":"2026-03-06T12:44:28+00:00","mainEntityOfPage":{"@id":"https:\/\/dicodusport.fr\/blog\/strade-bianche-2026-vollering-ferrand-prevot-les-grandes-favorites-de-la-classique-toscane\/"},"wordCount":1002,"commentCount":0,"publisher":{"@id":"https:\/\/dicodusport.fr\/blog\/#organization"},"image":{"@id":"https:\/\/dicodusport.fr\/blog\/strade-bianche-2026-vollering-ferrand-prevot-les-grandes-favorites-de-la-classique-toscane\/#primaryimage"},"thumbnailUrl":"https:\/\/dicodusport.fr\/blog\/wp-content\/uploads\/2026\/03\/Strade-Bianche-2026-Vollering-Ferrand-Prevot-les-grandes-favorites-de-la-classique.png","keywords":["actu","br\u00e8ve","Cyclisme sur route","Demi Vollering","Pauline Ferrand-Pr\u00e9vot","Strade Bianche"],"articleSection":["Cyclisme sur route"],"inLanguage":"fr-FR","potentialAction":[{"@type":"CommentAction","name":"Comment","target":["https:\/\/dicodusport.fr\/blog\/strade-bianche-2026-vollering-ferrand-prevot-les-grandes-favorites-de-la-classique-toscane\/#respond"]}],"copyrightYear":"2026","copyrightHolder":{"@id":"https:\/\/dicodusport.fr\/blog\/#organization"}},{"@type":"WebPage","@id":"https:\/\/dicodusport.fr\/blog\/strade-bianche-2026-vollering-ferrand-prevot-les-grandes-favorites-de-la-classique-toscane\/","url":"https:\/\/dicodusport.fr\/blog\/strade-bianche-2026-vollering-ferrand-prevot-les-grandes-favorites-de-la-classique-toscane\/","name":"Strade Bianche 2026 : Vollering, Ferrand-Pr\u00e9vot\u2026 les grandes favorites de la classique toscane","isPartOf":{"@id":"https:\/\/dicodusport.fr\/blog\/#website"},"primaryImageOfPage":{"@id":"https:\/\/dicodusport.fr\/blog\/strade-bianche-2026-vollering-ferrand-prevot-les-grandes-favorites-de-la-classique-toscane\/#primaryimage"},"image":{"@id":"https:\/\/dicodusport.fr\/blog\/strade-bianche-2026-vollering-ferrand-prevot-les-grandes-favorites-de-la-classique-toscane\/#primaryimage"},"thumbnailUrl":"https:\/\/dicodusport.fr\/blog\/wp-content\/uploads\/2026\/03\/Strade-Bianche-2026-Vollering-Ferrand-Prevot-les-grandes-favorites-de-la-classique.png","datePublished":"2026-03-06T12:44:28+00:00","description":"Demi Vollering, Pauline Ferrand-Pr\u00e9vot, Elisa Longo Borghini\u2026 d\u00e9couvrez les grandes favorites des Strade Bianche 2026 et les coureuses \u00e0 suivre sur les routes toscanes.","breadcrumb":{"@id":"https:\/\/dicodusport.fr\/blog\/strade-bianche-2026-vollering-ferrand-prevot-les-grandes-favorites-de-la-classique-toscane\/#breadcrumb"},"inLanguage":"fr-FR","potentialAction":[{"@type":"ReadAction","target":["https:\/\/dicodusport.fr\/blog\/strade-bianche-2026-vollering-ferrand-prevot-les-grandes-favorites-de-la-classique-toscane\/"]}]},{"@type":"ImageObject","inLanguage":"fr-FR","@id":"https:\/\/dicodusport.fr\/blog\/strade-bianche-2026-vollering-ferrand-prevot-les-grandes-favorites-de-la-classique-toscane\/#primaryimage","url":"https:\/\/dicodusport.fr\/blog\/wp-content\/uploads\/2026\/03\/Strade-Bianche-2026-Vollering-Ferrand-Prevot-les-grandes-favorites-de-la-classique.png","contentUrl":"https:\/\/dicodusport.fr\/blog\/wp-content\/uploads\/2026\/03\/Strade-Bianche-2026-Vollering-Ferrand-Prevot-les-grandes-favorites-de-la-classique.png","width":1200,"height":674,"caption":"Strade Bianche 2026 Vollering, Ferrand-Pr\u00e9vot, les grandes favorites de la classique"},{"@type":"BreadcrumbList","@id":"https:\/\/dicodusport.fr\/blog\/strade-bianche-2026-vollering-ferrand-prevot-les-grandes-favorites-de-la-classique-toscane\/#breadcrumb","itemListElement":[{"@type":"ListItem","position":1,"name":"Accueil","item":"https:\/\/dicodusport.fr\/blog\/"},{"@type":"ListItem","position":2,"name":"Strade Bianche 2026 : Vollering, Ferrand-Pr\u00e9vot\u2026 les grandes favorites de la classique toscane"}]},{"@type":"WebSite","@id":"https:\/\/dicodusport.fr\/blog\/#website","url":"https:\/\/dicodusport.fr\/blog\/","name":"Dicodusport","description":"L&#039;encyclop\u00e9die de l&#039;actualit\u00e9 sportive","publisher":{"@id":"https:\/\/dicodusport.fr\/blog\/#organization"},"potentialAction":[{"@type":"SearchAction","target":{"@type":"EntryPoint","urlTemplate":"https:\/\/dicodusport.fr\/blog\/?s={search_term_string}"},"query-input":{"@type":"PropertyValueSpecification","valueRequired":true,"valueName":"search_term_string"}}],"inLanguage":"fr-FR"},{"@type":"NewsMediaOrganization","@id":"https:\/\/dicodusport.fr\/blog\/#organization","name":"Dicodusport","url":"https:\/\/dicodusport.fr\/blog\/","logo":{"@type":"ImageObject","inLanguage":"fr-FR","@id":"https:\/\/dicodusport.fr\/blog\/#\/schema\/logo\/image\/","url":"https:\/\/dicodusport.fr\/blog\/wp-content\/uploads\/2020\/06\/cropped-LOGO-DICODUSPORT-2020-SANS-FOND-SANS-TEXTE.png","contentUrl":"https:\/\/dicodusport.fr\/blog\/wp-content\/uploads\/2020\/06\/cropped-LOGO-DICODUSPORT-2020-SANS-FOND-SANS-TEXTE.png","width":512,"height":512,"caption":"Dicodusport"},"image":{"@id":"https:\/\/dicodusport.fr\/blog\/#\/schema\/logo\/image\/"},"sameAs":["https:\/\/www.facebook.com\/dicodusport","https:\/\/x.com\/dicodusport","https:\/\/www.instagram.com\/dicodusport\/","https:\/\/www.youtube.com\/channel\/UC7V2KZ5sd3htJivAbA4ZG3w"],"description":"Dicodusport est l'encyclop\u00e9die de l'actualit\u00e9 sportive.","email":"bonjour@dicodusport.fr","legalName":"DICODUSPORT","foundingDate":"2018-01-14","vatID":"FR71834470973","taxID":"83447097300043","numberOfEmployees":{"@type":"QuantitativeValue","minValue":"1","maxValue":"10"}},{"@type":"Person","@id":"https:\/\/dicodusport.fr\/blog\/#\/schema\/person\/d603dd7da31fb2b46c82b9835a77ec13","name":"Etienne Goursaud","image":{"@type":"ImageObject","inLanguage":"fr-FR","@id":"https:\/\/dicodusport.fr\/blog\/#\/schema\/person\/image\/","url":"https:\/\/dicodusport.fr\/blog\/wp-content\/uploads\/2023\/12\/410122264_10231602061736049_5565839791558026645_n-150x150.jpg","contentUrl":"https:\/\/dicodusport.fr\/blog\/wp-content\/uploads\/2023\/12\/410122264_10231602061736049_5565839791558026645_n-150x150.jpg","caption":"Etienne Goursaud"},"description":"Journaliste et amoureux de sport. Ancien footballeur reconverti athl\u00e8te quand ses muscles le laissent tranquille. \u00c9lev\u00e9 \u00e0 la sauce des exploits de Thomas Voeckler en 2004, du dernier essai de l\u00e9gende de Eunice Barber \u00e0 la longueur lors des championnats du monde d'athl\u00e9tisme de 2003 mais aussi Zidane, Omeyer et Titou Lamaison.","url":"https:\/\/dicodusport.fr\/blog\/author\/etienne-goursaud\/"}]}},"_links":{"self":[{"href":"https:\/\/dicodusport.fr\/blog\/wp-json\/wp\/v2\/posts\/652607","targetHints":{"allow":["GET"]}}],"collection":[{"href":"https:\/\/dicodusport.fr\/blog\/wp-json\/wp\/v2\/posts"}],"about":[{"href":"https:\/\/dicodusport.fr\/blog\/wp-json\/wp\/v2\/types\/post"}],"author":[{"embeddable":true,"href":"https:\/\/dicodusport.fr\/blog\/wp-json\/wp\/v2\/users\/83"}],"replies":[{"embeddable":true,"href":"https:\/\/dicodusport.fr\/blog\/wp-json\/wp\/v2\/comments?post=652607"}],"version-history":[{"count":5,"href":"https:\/\/dicodusport.fr\/blog\/wp-json\/wp\/v2\/posts\/652607\/revisions"}],"predecessor-version":[{"id":652877,"href":"https:\/\/dicodusport.fr\/blog\/wp-json\/wp\/v2\/posts\/652607\/revisions\/652877"}],"wp:featuredmedia":[{"embeddable":true,"href":"https:\/\/dicodusport.fr\/blog\/wp-json\/wp\/v2\/media\/652876"}],"wp:attachment":[{"href":"https:\/\/dicodusport.fr\/blog\/wp-json\/wp\/v2\/media?parent=652607"}],"wp:term":[{"taxonomy":"category","embeddable":true,"href":"https:\/\/dicodusport.fr\/blog\/wp-json\/wp\/v2\/categories?post=652607"},{"taxonomy":"post_tag","embeddable":true,"href":"https:\/\/dicodusport.fr\/blog\/wp-json\/wp\/v2\/tags?post=652607"}],"curies":[{"name":"wp","href":"https:\/\/api.w.org\/{rel}","templated":true}]}}