{"id":652665,"date":"2026-03-05T16:41:23","date_gmt":"2026-03-05T15:41:23","guid":{"rendered":"https:\/\/dicodusport.fr\/blog\/?p=652665&#038;preview=true&#038;preview_id=652665"},"modified":"2026-03-07T10:23:33","modified_gmt":"2026-03-07T09:23:33","slug":"calendrier-des-jeux-paralympiques-dhiver-2026-programme-complet-des-epreuves-jour-par-jour-milan-cortina","status":"publish","type":"post","link":"https:\/\/dicodusport.fr\/blog\/calendrier-des-jeux-paralympiques-dhiver-2026-programme-complet-des-epreuves-jour-par-jour-milan-cortina\/","title":{"rendered":"Calendrier des Jeux Paralympiques d\u2019hiver 2026 : programme complet des \u00e9preuves jour par jour (Milan-Cortina)"},"content":{"rendered":"<p style=\"text-align: justify;\"><strong><em>D\u00e9couvrez le calendrier et le programme complet des Jeux Paralympiques d\u2019hiver 2026 \u00e0 Milan-Cortina : toutes les \u00e9preuves et horaires jour par jour.<\/em><\/strong><\/p>\n<ul>\n<li style=\"text-align: justify;\"><strong>\u00c0 ce sujet &#8211; <a href=\"https:\/\/dicodusport.fr\/blog\/tableau-des-medailles-jeux-paralympiques-2026-classement-mis-a-jour-en-temps-reel\/\">Tableau des m\u00e9dailles Jeux Paralympiques 2026 : classement mis \u00e0 jour en temps r\u00e9el<\/a><\/strong><\/li>\n<\/ul>\n<p style=\"text-align: justify;\">Les <strong>Jeux Paralympiques d\u2019hiver 2026<\/strong> se d\u00e9roulent du <strong>6 au 15 mars 2026<\/strong> en Italie, sur les sites de <strong>Milan<\/strong> et <strong>Cortina d\u2019Ampezzo<\/strong>. Pendant dix jours, les meilleurs athl\u00e8tes paralympiques du monde se disputent les m\u00e9dailles dans un programme tr\u00e8s dense. Au menu : <strong>para ski alpin<\/strong>, <strong>para biathlon<\/strong>, <strong>para ski de fond<\/strong>, <strong>para snowboard<\/strong>, <strong>para hockey sur glace<\/strong> et <strong>curling fauteuil<\/strong>, avec des \u00e9preuves r\u00e9parties tout au long de la quinzaine.<\/p>\n<p style=\"text-align: justify;\">La comp\u00e9tition s\u2019ouvre officiellement avec la <strong>c\u00e9r\u00e9monie d\u2019ouverture le 6 mars<\/strong>, m\u00eame si le <strong>curling fauteuil (double mixte)<\/strong> peut d\u00e9j\u00e0 lancer la dynamique d\u00e8s les jours pr\u00e9c\u00e9dents. Les premi\u00e8res journ\u00e9es sont notamment rythm\u00e9es par les <strong>\u00e9preuves de vitesse en para ski alpin<\/strong>, mais aussi par les d\u00e9buts du <strong>para snowboard cross<\/strong> et des <strong>sprints en para biathlon<\/strong>, souvent d\u00e9cisifs pour installer les hi\u00e9rarchies.<\/p>\n<div class=\"vlp-link-container vlp-layout-article\"><a href=\"https:\/\/dicodusport.fr\/blog\/les-10-choses-a-savoir-avant-les-jeux-paralympiques-2026\/\" class=\"vlp-link\" title=\"Les 10 choses \u00e0 savoir avant les Jeux Paralympiques 2026\"><\/a><div class=\"vlp-layout-zone-side\"><div class=\"vlp-block-4 vlp-link-image\"><img loading=\"lazy\" decoding=\"async\" style=\"max-width: 792px;\" width=\"792\" height=\"445\" src=\"https:\/\/dicodusport.fr\/blog\/wp-content\/uploads\/2026\/03\/Les-10-choses-a-savoir-avant-les-Jeux-Paralympiques-2026.png\" class=\"attachment-800x445 size-800x445\" alt=\"Les 10 choses \u00e0 savoir avant les Jeux Paralympiques 2026\" srcset=\"https:\/\/dicodusport.fr\/blog\/wp-content\/uploads\/2026\/03\/Les-10-choses-a-savoir-avant-les-Jeux-Paralympiques-2026.png 1200w, https:\/\/dicodusport.fr\/blog\/wp-content\/uploads\/2026\/03\/Les-10-choses-a-savoir-avant-les-Jeux-Paralympiques-2026-300x169.png 300w, https:\/\/dicodusport.fr\/blog\/wp-content\/uploads\/2026\/03\/Les-10-choses-a-savoir-avant-les-Jeux-Paralympiques-2026-1024x575.png 1024w, https:\/\/dicodusport.fr\/blog\/wp-content\/uploads\/2026\/03\/Les-10-choses-a-savoir-avant-les-Jeux-Paralympiques-2026-768x431.png 768w\" sizes=\"auto, (max-width: 792px) 100vw, 792px\" \/><\/div><\/div><div class=\"vlp-layout-zone-main\"><div class=\"vlp-block-0 vlp-link-title\">Les 10 choses \u00e0 savoir avant les Jeux Paralympiques 2026<\/div><div class=\"vlp-block-1 vlp-link-summary\">JEUX PARALYMPIQUES D\u2019HIVER 2026 \u2013 Avant le d\u00e9but de la comp\u00e9tition, d\u00e9couvrez les 10 choses \u00e0 savoir sur cette \u00e9dition particuli\u00e8re.<\/div><div class=\"vlp-block-2 vlp-link-button\">Lire l'article<\/div><div class=\"vlp-block-3 vlp-link-url\">dicodusport.fr<\/div><\/div><\/div>\n<p style=\"text-align: justify;\">Au fil de la semaine, le programme s\u2019\u00e9toffe avec l\u2019entr\u00e9e en sc\u00e8ne du <strong>para ski de fond<\/strong>, dont les sprints puis les courses de distance promettent des temps forts. Tr\u00e8s spectaculaire, le <strong>para hockey sur glace<\/strong> encha\u00eene les matchs de groupes avant les demi-finales et la finale pr\u00e9vues lors du dernier week-end. Les derniers jours sont \u00e9galement marqu\u00e9s par les \u00e9preuves techniques du <strong>para ski alpin<\/strong> (slalom g\u00e9ant, slalom), ainsi que par les relais en ski de fond et les finales du <strong>curling fauteuil<\/strong>. Le tournoi de hockey sur glace se conclut le <strong>15 mars<\/strong>, quelques heures avant la <strong>c\u00e9r\u00e9monie de cl\u00f4ture<\/strong>.<\/p>\n<p style=\"text-align: justify;\">Gr\u00e2ce \u00e0 ce <strong>calendrier complet des Jeux Paralympiques d\u2019hiver Milan-Cortina 2026<\/strong>, les fans peuvent suivre <strong>le programme des \u00e9preuves jour par jour<\/strong> et ne rien manquer, des premi\u00e8res comp\u00e9titions jusqu\u2019aux finales qui attribueront les derni\u00e8res m\u00e9dailles.<\/p>\n<h2 style=\"text-align: justify;\">Programme complet des Jeux Paralympiques d\u2019hiver 2026 jour par jour<\/h2>\n<h3 style=\"text-align: justify;\">Mercredi 4 mars<\/h3>\n<h4 style=\"text-align: justify;\">Curling fauteuil \u2013 Double mixte<\/h4>\n<ul style=\"text-align: justify;\">\n<li>19h05 : Italie \u2013 Cor\u00e9e du Sud<\/li>\n<li>19h05 : Japon \u2013 Chine<\/li>\n<li>19h05 : Grande-Bretagne \u2013 Estonie<\/li>\n<li>19h05 : Lettonie \u2013 \u00c9tats-Unis<\/li>\n<\/ul>\n<h3 style=\"text-align: justify;\">Jeudi 5 mars<\/h3>\n<h4 style=\"text-align: justify;\">Curling fauteuil \u2013 Double mixte<\/h4>\n<p style=\"text-align: justify;\"><strong>10h05<\/strong><\/p>\n<ul style=\"text-align: justify;\">\n<li>Chine \u2013 Lettonie<\/li>\n<li>Estonie \u2013 Italie<\/li>\n<li>Japon \u2013 \u00c9tats-Unis<\/li>\n<li>Grande-Bretagne \u2013 Cor\u00e9e du Sud<\/li>\n<\/ul>\n<p style=\"text-align: justify;\"><strong>19h05<\/strong><\/p>\n<ul style=\"text-align: justify;\">\n<li>\u00c9tats-Unis \u2013 Estonie<\/li>\n<li>Cor\u00e9e du Sud \u2013 Japon<\/li>\n<li>Lettonie \u2013 Grande-Bretagne<\/li>\n<li>Italie \u2013 Chine<\/li>\n<\/ul>\n<h3 style=\"text-align: justify;\">Vendredi 6 mars<\/h3>\n<h4 style=\"text-align: justify;\">Curling fauteuil \u2013 Double mixte<\/h4>\n<ul style=\"text-align: justify;\">\n<li>9h05 : Japon \u2013 Italie<\/li>\n<li>9h05 : Grande-Bretagne \u2013 \u00c9tats-Unis<\/li>\n<li>9h05 : Chine \u2013 Cor\u00e9e du Sud<\/li>\n<li>9h05 : Estonie \u2013 Lettonie<\/li>\n<\/ul>\n<h4 style=\"text-align: justify;\">C\u00e9r\u00e9monie<\/h4>\n<ul style=\"text-align: justify;\">\n<li>20h : C\u00e9r\u00e9monie d&rsquo;ouverture<\/li>\n<\/ul>\n<h3 style=\"text-align: justify;\">Samedi 7 mars<\/h3>\n<h4 style=\"text-align: justify;\">Para ski alpin<\/h4>\n<ul style=\"text-align: justify;\">\n<li>9h30 : Descente f\u00e9minine<\/li>\n<li>10h50 : Descente masculine<\/li>\n<\/ul>\n<h4 style=\"text-align: justify;\">Para biathlon<\/h4>\n<ul style=\"text-align: justify;\">\n<li>10h00 : Sprint femmes assis<\/li>\n<li>10h35 : Sprint hommes assis<\/li>\n<li>12h00 : Sprint femmes debout<\/li>\n<li>13h15 : Sprint femmes d\u00e9ficience visuelle<\/li>\n<li>13h50 : Sprint hommes d\u00e9ficience visuelle<\/li>\n<\/ul>\n<h4 style=\"text-align: justify;\">Para snowboard<\/h4>\n<ul style=\"text-align: justify;\">\n<li>11h00 : SBX femmes SB-LL2<\/li>\n<li>11h21 : Snowboard cross hommes SB-UL<\/li>\n<li>11h42 : Snowboard cross hommes SB-LL1<\/li>\n<li>12h03 : Snowboard cross hommes SB-LL2<\/li>\n<\/ul>\n<h4 style=\"text-align: justify;\">Para hockey sur glace<\/h4>\n<ul style=\"text-align: justify;\">\n<li>10h05 : R\u00e9publique tch\u00e8que \u2013 Japon (groupe B)<\/li>\n<li>13h35 : Chine \u2013 Allemagne (groupe A)<\/li>\n<li>17h05 : \u00c9tats-Unis \u2013 Italie (groupe A)<\/li>\n<li>20h35 : Canada \u2013 Slovaquie (groupe B)<\/li>\n<\/ul>\n<h4 style=\"text-align: justify;\">Curling fauteuil<\/h4>\n<p style=\"text-align: justify;\"><strong>\u00c9quipes mixtes \u2013 9h35<\/strong><\/p>\n<ul style=\"text-align: justify;\">\n<li>Grande-Bretagne \u2013 Slovaquie<\/li>\n<li>\u00c9tats-Unis \u2013 Chine<\/li>\n<li>Norv\u00e8ge \u2013 Su\u00e8de<\/li>\n<\/ul>\n<p style=\"text-align: justify;\"><strong>Double mixte \u2013 14h35<\/strong><\/p>\n<ul style=\"text-align: justify;\">\n<li>Cor\u00e9e du Sud \u2013 \u00c9tats-Unis<\/li>\n<li>Chine \u2013 Estonie<\/li>\n<li>Italie \u2013 Lettonie<\/li>\n<li>Japon \u2013 Grande-Bretagne<\/li>\n<\/ul>\n<p style=\"text-align: justify;\"><strong>\u00c9quipes mixtes \u2013 18h35<\/strong><\/p>\n<ul style=\"text-align: justify;\">\n<li>Italie \u2013 Canada<\/li>\n<li>\u00c9tats-Unis \u2013 Grande-Bretagne<\/li>\n<li>Su\u00e8de \u2013 Cor\u00e9e du Sud<\/li>\n<li>Lettonie \u2013 Slovaquie<\/li>\n<\/ul>\n<h3 style=\"text-align: justify;\">Dimanche 8 mars<\/h3>\n<h4 style=\"text-align: justify;\">Para biathlon<\/h4>\n<ul style=\"text-align: justify;\">\n<li>10h00 : Individuel femmes assis<\/li>\n<li>10h30 : Individuel hommes assis<\/li>\n<li>12h10 : Individuel femmes debout<\/li>\n<li>12h30 : Individuel hommes debout<\/li>\n<li>13h15 : Individuel femmes malvoyantes<\/li>\n<li>14h00 : Individuel hommes malvoyants<\/li>\n<\/ul>\n<h4 style=\"text-align: justify;\">Curling fauteuil<\/h4>\n<p style=\"text-align: justify;\"><strong>\u00c9quipes mixtes \u2013 9h35<\/strong><\/p>\n<ul style=\"text-align: justify;\">\n<li>Italie \u2013 Chine<\/li>\n<li>Slovaquie \u2013 Norv\u00e8ge<\/li>\n<li>Canada \u2013 Grande-Bretagne<\/li>\n<\/ul>\n<p style=\"text-align: justify;\"><strong>Double mixte \u2013 14h35<\/strong><\/p>\n<ul style=\"text-align: justify;\">\n<li>Grande-Bretagne \u2013 Chine<\/li>\n<li>Lettonie \u2013 Cor\u00e9e du Sud<\/li>\n<li>Estonie \u2013 Japon<\/li>\n<li>\u00c9tats-Unis \u2013 Italie<\/li>\n<\/ul>\n<p style=\"text-align: justify;\"><strong>\u00c9quipes mixtes \u2013 18h35<\/strong><\/p>\n<ul style=\"text-align: justify;\">\n<li>Canada \u2013 Norv\u00e8ge<\/li>\n<li>Chine \u2013 Cor\u00e9e du Sud<\/li>\n<li>\u00c9tats-Unis \u2013 Italie<\/li>\n<\/ul>\n<h3 style=\"text-align: justify;\">Lundi 9 mars<\/h3>\n<h4 style=\"text-align: justify;\">Para ski alpin<\/h4>\n<ul style=\"text-align: justify;\">\n<li>9h30 : Super-G f\u00e9minin<\/li>\n<li>10h50 : Super-G masculin<\/li>\n<\/ul>\n<h4 style=\"text-align: justify;\">Para hockey sur glace<\/h4>\n<ul style=\"text-align: justify;\">\n<li>10h05 : Chine \u2013 Italie<\/li>\n<li>13h35 : R\u00e9publique tch\u00e8que \u2013 Slovaquie<\/li>\n<li>17h05 : Allemagne \u2013 \u00c9tats-Unis<\/li>\n<li>20h35 : Japon \u2013 Canada<\/li>\n<\/ul>\n<h3 style=\"text-align: justify;\">Mardi 10 mars<\/h3>\n<h4 style=\"text-align: justify;\">Para ski alpin<\/h4>\n<ul style=\"text-align: justify;\">\n<li>9h00 : Super-G f\u00e9minin<\/li>\n<li>10h10 : Super-G masculin<\/li>\n<\/ul>\n<h4 style=\"text-align: justify;\">Para ski de fond \u2013 Sprint classique<\/h4>\n<ul style=\"text-align: justify;\">\n<li>9h45 : Qualifications femmes<\/li>\n<li>9h55 : Qualifications hommes<\/li>\n<li>13h22 : Finale sprint femmes assis<\/li>\n<li>13h29 : Finale sprint hommes assis<\/li>\n<li>13h38 : Finale sprint femmes debout<\/li>\n<li>13h45 : Finale sprint hommes debout<\/li>\n<li>13h54 : Finale sprint femmes VI<\/li>\n<li>14h01 : Finale sprint hommes VI<\/li>\n<\/ul>\n<h3 style=\"text-align: justify;\">Mercredi 11 mars<\/h3>\n<h4 style=\"text-align: justify;\">Para ski de fond \u2013 10 km classique<\/h4>\n<ul style=\"text-align: justify;\">\n<li>9h45 : Femmes assises<\/li>\n<li>10h10 : Hommes assis<\/li>\n<li>11h05 : Femmes debout<\/li>\n<li>11h35 : Hommes debout<\/li>\n<li>12h25 : Femmes VI<\/li>\n<li>12h55 : Hommes VI<\/li>\n<\/ul>\n<h3 style=\"text-align: justify;\">Jeudi 12 mars<\/h3>\n<h4 style=\"text-align: justify;\">Para ski alpin<\/h4>\n<ul style=\"text-align: justify;\">\n<li>9h00 : Slalom g\u00e9ant femmes<\/li>\n<li>12h30 : Slalom g\u00e9ant femmes VI<\/li>\n<\/ul>\n<h4 style=\"text-align: justify;\">Para hockey sur glace<\/h4>\n<ul style=\"text-align: justify;\">\n<li>14h35 : Match de classement 5-8<\/li>\n<li>19h05 : Match de classement 5-8<\/li>\n<\/ul>\n<h3 style=\"text-align: justify;\">Vendredi 13 mars<\/h3>\n<h4 style=\"text-align: justify;\">Para ski alpin<\/h4>\n<ul style=\"text-align: justify;\">\n<li>9h00 : Slalom g\u00e9ant hommes<\/li>\n<li>12h30 : Slalom g\u00e9ant hommes VI<\/li>\n<\/ul>\n<h4 style=\"text-align: justify;\">Para biathlon<\/h4>\n<ul style=\"text-align: justify;\">\n<li>12h30 : Finale poursuite sprint femmes assis<\/li>\n<li>12h45 : Finale poursuite sprint hommes assis<\/li>\n<li>13h10 : Finale poursuite sprint femmes debout<\/li>\n<li>13h25 : Finale poursuite sprint hommes debout<\/li>\n<li>13h50 : Finale poursuite sprint hommes VI<\/li>\n<li>14h05 : Finale poursuite sprint femmes VI<\/li>\n<\/ul>\n<h3 style=\"text-align: justify;\">Samedi 14 mars<\/h3>\n<h4 style=\"text-align: justify;\">Para ski alpin<\/h4>\n<ul style=\"text-align: justify;\">\n<li>9h00 : Slalom femmes<\/li>\n<\/ul>\n<h4 style=\"text-align: justify;\">Para ski de fond<\/h4>\n<ul style=\"text-align: justify;\">\n<li>10h00 : Relais mixte 4 \u00d7 2,5 km<\/li>\n<li>11h15 : Relais ouvert 4 \u00d7 2,5 km<\/li>\n<\/ul>\n<h4 style=\"text-align: justify;\">Para hockey sur glace<\/h4>\n<ul style=\"text-align: justify;\">\n<li>12h05 : Classement 7-8<\/li>\n<li>16h05 : Classement 5-6<\/li>\n<\/ul>\n<h3 style=\"text-align: justify;\">Dimanche 15 mars<\/h3>\n<h4 style=\"text-align: justify;\">Para ski alpin<\/h4>\n<ul style=\"text-align: justify;\">\n<li>9h00 : Slalom hommes VI<\/li>\n<\/ul>\n<h4 style=\"text-align: justify;\">Para ski de fond \u2013 20 km<\/h4>\n<ul style=\"text-align: justify;\">\n<li>9h00 : Femmes assis<\/li>\n<li>9h15 : Hommes assis<\/li>\n<li>10h20 : Femmes debout<\/li>\n<li>10h30 : Hommes debout<\/li>\n<li>11h45 : Femmes VI<\/li>\n<li>11h55 : Hommes VI<\/li>\n<\/ul>\n<h4 style=\"text-align: justify;\">Para hockey sur glace<\/h4>\n<ul style=\"text-align: justify;\">\n<li>12h05 : Petite finale<\/li>\n<li>16h05 : Finale<\/li>\n<\/ul>\n<h4 style=\"text-align: justify;\">C\u00e9r\u00e9monie<\/h4>\n<ul>\n<li style=\"text-align: justify;\">20h30 : C\u00e9r\u00e9monie de cl\u00f4ture<\/li>\n<\/ul>\n<p>&nbsp;<\/p>\n<div id=\"gtx-trans\" style=\"position: absolute; left: -14px; top: 40.9091px;\">\n<div class=\"gtx-trans-icon\" style=\"text-align: justify;\"><\/div>\n<\/div>\n","protected":false},"excerpt":{"rendered":"<p>D\u00e9couvrez le calendrier et le programme complet des Jeux Paralympiques d\u2019hiver 2026 \u00e0 Milan-Cortina : toutes les \u00e9preuves et horaires jour par jour.<\/p>\n","protected":false},"author":4,"featured_media":652670,"comment_status":"open","ping_status":"closed","sticky":false,"template":"","format":"standard","meta":{"_acf_changed":false,"_daextam_enable_autolinks":"1","footnotes":""},"categories":[47401],"tags":[32415,16878,1964,20604],"class_list":["post-652665","post","type-post","status-publish","format-standard","has-post-thumbnail","hentry","category-jeux-paralympiques-dhiver-2026","tag-actu","tag-breve","tag-jeux-paralympiques","tag-jeux-paralympiques-dhiver"],"acf":[],"yoast_head":"<!-- This site is optimized with the Yoast SEO Premium plugin v26.7 (Yoast SEO v26.7) - https:\/\/yoast.com\/wordpress\/plugins\/seo\/ -->\n<title>Calendrier des Jeux Paralympiques d\u2019hiver 2026 : programme complet des \u00e9preuves jour par jour (Milan-Cortina)<\/title>\n<meta name=\"description\" content=\"D\u00e9couvrez le calendrier et le programme complet des Jeux Paralympiques d\u2019hiver 2026 \u00e0 Milan-Cortina : toutes les \u00e9preuves et horaires jour par jour.\" \/>\n<meta name=\"robots\" content=\"index, follow, max-snippet:-1, max-image-preview:large, max-video-preview:-1\" \/>\n<link rel=\"canonical\" href=\"https:\/\/dicodusport.fr\/blog\/calendrier-des-jeux-paralympiques-dhiver-2026-programme-complet-des-epreuves-jour-par-jour-milan-cortina\/\" \/>\n<meta property=\"og:locale\" content=\"fr_FR\" \/>\n<meta property=\"og:type\" content=\"article\" \/>\n<meta property=\"og:title\" content=\"Calendrier des Jeux Paralympiques d\u2019hiver 2026 : programme complet des \u00e9preuves jour par jour (Milan-Cortina)\" \/>\n<meta property=\"og:description\" content=\"D\u00e9couvrez le calendrier et le programme complet des Jeux Paralympiques d\u2019hiver 2026 \u00e0 Milan-Cortina : toutes les \u00e9preuves et horaires jour par jour.\" \/>\n<meta property=\"og:url\" content=\"https:\/\/dicodusport.fr\/blog\/calendrier-des-jeux-paralympiques-dhiver-2026-programme-complet-des-epreuves-jour-par-jour-milan-cortina\/\" \/>\n<meta property=\"og:site_name\" content=\"Dicodusport\" \/>\n<meta property=\"article:publisher\" content=\"https:\/\/www.facebook.com\/dicodusport\" \/>\n<meta property=\"article:author\" content=\"https:\/\/www.facebook.com\/florent.ostermann\" \/>\n<meta property=\"article:published_time\" content=\"2026-03-05T15:41:23+00:00\" \/>\n<meta property=\"article:modified_time\" content=\"2026-03-07T09:23:33+00:00\" \/>\n<meta property=\"og:image\" content=\"https:\/\/dicodusport.fr\/blog\/wp-content\/uploads\/2026\/03\/Calendrier-des-Jeux-Paralympiques-dhiver-2026-programme-complet-des-epreuves-jour-par-jour-Milan-Cortina.png\" \/>\n\t<meta property=\"og:image:width\" content=\"1200\" \/>\n\t<meta property=\"og:image:height\" content=\"674\" \/>\n\t<meta property=\"og:image:type\" content=\"image\/png\" \/>\n<meta name=\"author\" content=\"Flo Ostermann\" \/>\n<meta name=\"twitter:card\" content=\"summary_large_image\" \/>\n<meta name=\"twitter:title\" content=\"Calendrier des Jeux Paralympiques d\u2019hiver 2026 : programme complet des \u00e9preuves jour par jour (Milan-Cortina)\" \/>\n<meta name=\"twitter:creator\" content=\"@https:\/\/twitter.com\/FlOstermann\" \/>\n<meta name=\"twitter:site\" content=\"@dicodusport\" \/>\n<script type=\"application\/ld+json\" class=\"yoast-schema-graph\">{\"@context\":\"https:\/\/schema.org\",\"@graph\":[{\"@type\":\"NewsArticle\",\"@id\":\"https:\/\/dicodusport.fr\/blog\/calendrier-des-jeux-paralympiques-dhiver-2026-programme-complet-des-epreuves-jour-par-jour-milan-cortina\/#article\",\"isPartOf\":{\"@id\":\"https:\/\/dicodusport.fr\/blog\/calendrier-des-jeux-paralympiques-dhiver-2026-programme-complet-des-epreuves-jour-par-jour-milan-cortina\/\"},\"author\":{\"name\":\"Flo Ostermann\",\"@id\":\"https:\/\/dicodusport.fr\/blog\/#\/schema\/person\/cb02af4c173ce4a653b55e9baf388d4a\"},\"headline\":\"Calendrier des Jeux Paralympiques d\u2019hiver 2026 : programme complet des \u00e9preuves jour par jour (Milan-Cortina)\",\"datePublished\":\"2026-03-05T15:41:23+00:00\",\"dateModified\":\"2026-03-07T09:23:33+00:00\",\"mainEntityOfPage\":{\"@id\":\"https:\/\/dicodusport.fr\/blog\/calendrier-des-jeux-paralympiques-dhiver-2026-programme-complet-des-epreuves-jour-par-jour-milan-cortina\/\"},\"wordCount\":1008,\"commentCount\":0,\"publisher\":{\"@id\":\"https:\/\/dicodusport.fr\/blog\/#organization\"},\"image\":{\"@id\":\"https:\/\/dicodusport.fr\/blog\/calendrier-des-jeux-paralympiques-dhiver-2026-programme-complet-des-epreuves-jour-par-jour-milan-cortina\/#primaryimage\"},\"thumbnailUrl\":\"https:\/\/dicodusport.fr\/blog\/wp-content\/uploads\/2026\/03\/Calendrier-des-Jeux-Paralympiques-dhiver-2026-programme-complet-des-epreuves-jour-par-jour-Milan-Cortina.png\",\"keywords\":[\"actu\",\"br\u00e8ve\",\"jeux paralympiques\",\"Jeux Paralympiques d'hiver\"],\"articleSection\":[\"Jeux Paralympiques d'hiver 2026\"],\"inLanguage\":\"fr-FR\",\"potentialAction\":[{\"@type\":\"CommentAction\",\"name\":\"Comment\",\"target\":[\"https:\/\/dicodusport.fr\/blog\/calendrier-des-jeux-paralympiques-dhiver-2026-programme-complet-des-epreuves-jour-par-jour-milan-cortina\/#respond\"]}],\"copyrightYear\":\"2026\",\"copyrightHolder\":{\"@id\":\"https:\/\/dicodusport.fr\/blog\/#organization\"}},{\"@type\":\"WebPage\",\"@id\":\"https:\/\/dicodusport.fr\/blog\/calendrier-des-jeux-paralympiques-dhiver-2026-programme-complet-des-epreuves-jour-par-jour-milan-cortina\/\",\"url\":\"https:\/\/dicodusport.fr\/blog\/calendrier-des-jeux-paralympiques-dhiver-2026-programme-complet-des-epreuves-jour-par-jour-milan-cortina\/\",\"name\":\"Calendrier des Jeux Paralympiques d\u2019hiver 2026 : programme complet des \u00e9preuves jour par jour (Milan-Cortina)\",\"isPartOf\":{\"@id\":\"https:\/\/dicodusport.fr\/blog\/#website\"},\"primaryImageOfPage\":{\"@id\":\"https:\/\/dicodusport.fr\/blog\/calendrier-des-jeux-paralympiques-dhiver-2026-programme-complet-des-epreuves-jour-par-jour-milan-cortina\/#primaryimage\"},\"image\":{\"@id\":\"https:\/\/dicodusport.fr\/blog\/calendrier-des-jeux-paralympiques-dhiver-2026-programme-complet-des-epreuves-jour-par-jour-milan-cortina\/#primaryimage\"},\"thumbnailUrl\":\"https:\/\/dicodusport.fr\/blog\/wp-content\/uploads\/2026\/03\/Calendrier-des-Jeux-Paralympiques-dhiver-2026-programme-complet-des-epreuves-jour-par-jour-Milan-Cortina.png\",\"datePublished\":\"2026-03-05T15:41:23+00:00\",\"dateModified\":\"2026-03-07T09:23:33+00:00\",\"description\":\"D\u00e9couvrez le calendrier et le programme complet des Jeux Paralympiques d\u2019hiver 2026 \u00e0 Milan-Cortina : toutes les \u00e9preuves et horaires jour par jour.\",\"breadcrumb\":{\"@id\":\"https:\/\/dicodusport.fr\/blog\/calendrier-des-jeux-paralympiques-dhiver-2026-programme-complet-des-epreuves-jour-par-jour-milan-cortina\/#breadcrumb\"},\"inLanguage\":\"fr-FR\",\"potentialAction\":[{\"@type\":\"ReadAction\",\"target\":[\"https:\/\/dicodusport.fr\/blog\/calendrier-des-jeux-paralympiques-dhiver-2026-programme-complet-des-epreuves-jour-par-jour-milan-cortina\/\"]}]},{\"@type\":\"ImageObject\",\"inLanguage\":\"fr-FR\",\"@id\":\"https:\/\/dicodusport.fr\/blog\/calendrier-des-jeux-paralympiques-dhiver-2026-programme-complet-des-epreuves-jour-par-jour-milan-cortina\/#primaryimage\",\"url\":\"https:\/\/dicodusport.fr\/blog\/wp-content\/uploads\/2026\/03\/Calendrier-des-Jeux-Paralympiques-dhiver-2026-programme-complet-des-epreuves-jour-par-jour-Milan-Cortina.png\",\"contentUrl\":\"https:\/\/dicodusport.fr\/blog\/wp-content\/uploads\/2026\/03\/Calendrier-des-Jeux-Paralympiques-dhiver-2026-programme-complet-des-epreuves-jour-par-jour-Milan-Cortina.png\",\"width\":1200,\"height\":674,\"caption\":\"Calendrier des Jeux Paralympiques d\u2019hiver 2026 programme complet des \u00e9preuves jour par jour (Milan-Cortina)\"},{\"@type\":\"BreadcrumbList\",\"@id\":\"https:\/\/dicodusport.fr\/blog\/calendrier-des-jeux-paralympiques-dhiver-2026-programme-complet-des-epreuves-jour-par-jour-milan-cortina\/#breadcrumb\",\"itemListElement\":[{\"@type\":\"ListItem\",\"position\":1,\"name\":\"Accueil\",\"item\":\"https:\/\/dicodusport.fr\/blog\/\"},{\"@type\":\"ListItem\",\"position\":2,\"name\":\"Calendrier des Jeux Paralympiques d\u2019hiver 2026 : programme complet des \u00e9preuves jour par jour (Milan-Cortina)\"}]},{\"@type\":\"WebSite\",\"@id\":\"https:\/\/dicodusport.fr\/blog\/#website\",\"url\":\"https:\/\/dicodusport.fr\/blog\/\",\"name\":\"Dicodusport\",\"description\":\"L&#039;encyclop\u00e9die de l&#039;actualit\u00e9 sportive\",\"publisher\":{\"@id\":\"https:\/\/dicodusport.fr\/blog\/#organization\"},\"potentialAction\":[{\"@type\":\"SearchAction\",\"target\":{\"@type\":\"EntryPoint\",\"urlTemplate\":\"https:\/\/dicodusport.fr\/blog\/?s={search_term_string}\"},\"query-input\":{\"@type\":\"PropertyValueSpecification\",\"valueRequired\":true,\"valueName\":\"search_term_string\"}}],\"inLanguage\":\"fr-FR\"},{\"@type\":\"NewsMediaOrganization\",\"@id\":\"https:\/\/dicodusport.fr\/blog\/#organization\",\"name\":\"Dicodusport\",\"url\":\"https:\/\/dicodusport.fr\/blog\/\",\"logo\":{\"@type\":\"ImageObject\",\"inLanguage\":\"fr-FR\",\"@id\":\"https:\/\/dicodusport.fr\/blog\/#\/schema\/logo\/image\/\",\"url\":\"https:\/\/dicodusport.fr\/blog\/wp-content\/uploads\/2020\/06\/cropped-LOGO-DICODUSPORT-2020-SANS-FOND-SANS-TEXTE.png\",\"contentUrl\":\"https:\/\/dicodusport.fr\/blog\/wp-content\/uploads\/2020\/06\/cropped-LOGO-DICODUSPORT-2020-SANS-FOND-SANS-TEXTE.png\",\"width\":512,\"height\":512,\"caption\":\"Dicodusport\"},\"image\":{\"@id\":\"https:\/\/dicodusport.fr\/blog\/#\/schema\/logo\/image\/\"},\"sameAs\":[\"https:\/\/www.facebook.com\/dicodusport\",\"https:\/\/x.com\/dicodusport\",\"https:\/\/www.instagram.com\/dicodusport\/\",\"https:\/\/www.youtube.com\/channel\/UC7V2KZ5sd3htJivAbA4ZG3w\"],\"description\":\"Dicodusport est l'encyclop\u00e9die de l'actualit\u00e9 sportive.\",\"email\":\"bonjour@dicodusport.fr\",\"legalName\":\"DICODUSPORT\",\"foundingDate\":\"2018-01-14\",\"vatID\":\"FR71834470973\",\"taxID\":\"83447097300043\",\"numberOfEmployees\":{\"@type\":\"QuantitativeValue\",\"minValue\":\"1\",\"maxValue\":\"10\"}},{\"@type\":\"Person\",\"@id\":\"https:\/\/dicodusport.fr\/blog\/#\/schema\/person\/cb02af4c173ce4a653b55e9baf388d4a\",\"name\":\"Flo Ostermann\",\"image\":{\"@type\":\"ImageObject\",\"inLanguage\":\"fr-FR\",\"@id\":\"https:\/\/dicodusport.fr\/blog\/#\/schema\/person\/image\/\",\"url\":\"https:\/\/dicodusport.fr\/blog\/wp-content\/uploads\/2021\/05\/Flo-Ostermann-150x150.jpg\",\"contentUrl\":\"https:\/\/dicodusport.fr\/blog\/wp-content\/uploads\/2021\/05\/Flo-Ostermann-150x150.jpg\",\"caption\":\"Flo Ostermann\"},\"description\":\"Journaliste\/R\u00e9dacteur depuis septembre 2015 - Mes premiers souvenirs dans le sport ? Les envol\u00e9es du Stade Toulousain et les duels Villeneuve-Schumacher et H\u00e4kkinen-Schumacher \u00e0 la fin des ann\u00e9es 90, la Coupe du monde de football en 1998, l\u2019exploit du XV de France face aux All Blacks en 1999, mais aussi Richard C\u0153ur de Lion qui vole sur les montagnes du Tour de France. Bien parti pour devenir professeur d\u2019EPS, les \u00e9v\u00e9nements de la vie (et la flemme d\u2019animer des s\u00e9ances de 3x500 m\u00e8tres toute ma vie) m\u2019ont conduit \u00e0 revoir mes plans. Me voil\u00e0 depuis fin 2017 sur Dicodusport, m\u00e9dia gr\u00e2ce (et pour) lequel je partage ma passion : le sport dans tous ses \u00e9tats. Le tout accompagn\u00e9 par les fous furieux et folles furieuses cit\u00e9s sur cette page !\",\"sameAs\":[\"https:\/\/www.facebook.com\/florent.ostermann\",\"https:\/\/x.com\/https:\/\/twitter.com\/FlOstermann\",\"admin\"],\"url\":\"https:\/\/dicodusport.fr\/blog\/author\/flo\/\"}]}<\/script>\n<!-- \/ Yoast SEO Premium plugin. -->","yoast_head_json":{"title":"Calendrier des Jeux Paralympiques d\u2019hiver 2026 : programme complet des \u00e9preuves jour par jour (Milan-Cortina)","description":"D\u00e9couvrez le calendrier et le programme complet des Jeux Paralympiques d\u2019hiver 2026 \u00e0 Milan-Cortina : toutes les \u00e9preuves et horaires jour par jour.","robots":{"index":"index","follow":"follow","max-snippet":"max-snippet:-1","max-image-preview":"max-image-preview:large","max-video-preview":"max-video-preview:-1"},"canonical":"https:\/\/dicodusport.fr\/blog\/calendrier-des-jeux-paralympiques-dhiver-2026-programme-complet-des-epreuves-jour-par-jour-milan-cortina\/","og_locale":"fr_FR","og_type":"article","og_title":"Calendrier des Jeux Paralympiques d\u2019hiver 2026 : programme complet des \u00e9preuves jour par jour (Milan-Cortina)","og_description":"D\u00e9couvrez le calendrier et le programme complet des Jeux Paralympiques d\u2019hiver 2026 \u00e0 Milan-Cortina : toutes les \u00e9preuves et horaires jour par jour.","og_url":"https:\/\/dicodusport.fr\/blog\/calendrier-des-jeux-paralympiques-dhiver-2026-programme-complet-des-epreuves-jour-par-jour-milan-cortina\/","og_site_name":"Dicodusport","article_publisher":"https:\/\/www.facebook.com\/dicodusport","article_author":"https:\/\/www.facebook.com\/florent.ostermann","article_published_time":"2026-03-05T15:41:23+00:00","article_modified_time":"2026-03-07T09:23:33+00:00","og_image":[{"width":1200,"height":674,"url":"https:\/\/dicodusport.fr\/blog\/wp-content\/uploads\/2026\/03\/Calendrier-des-Jeux-Paralympiques-dhiver-2026-programme-complet-des-epreuves-jour-par-jour-Milan-Cortina.png","type":"image\/png"}],"author":"Flo Ostermann","twitter_card":"summary_large_image","twitter_title":"Calendrier des Jeux Paralympiques d\u2019hiver 2026 : programme complet des \u00e9preuves jour par jour (Milan-Cortina)","twitter_creator":"@https:\/\/twitter.com\/FlOstermann","twitter_site":"@dicodusport","schema":{"@context":"https:\/\/schema.org","@graph":[{"@type":"NewsArticle","@id":"https:\/\/dicodusport.fr\/blog\/calendrier-des-jeux-paralympiques-dhiver-2026-programme-complet-des-epreuves-jour-par-jour-milan-cortina\/#article","isPartOf":{"@id":"https:\/\/dicodusport.fr\/blog\/calendrier-des-jeux-paralympiques-dhiver-2026-programme-complet-des-epreuves-jour-par-jour-milan-cortina\/"},"author":{"name":"Flo Ostermann","@id":"https:\/\/dicodusport.fr\/blog\/#\/schema\/person\/cb02af4c173ce4a653b55e9baf388d4a"},"headline":"Calendrier des Jeux Paralympiques d\u2019hiver 2026 : programme complet des \u00e9preuves jour par jour (Milan-Cortina)","datePublished":"2026-03-05T15:41:23+00:00","dateModified":"2026-03-07T09:23:33+00:00","mainEntityOfPage":{"@id":"https:\/\/dicodusport.fr\/blog\/calendrier-des-jeux-paralympiques-dhiver-2026-programme-complet-des-epreuves-jour-par-jour-milan-cortina\/"},"wordCount":1008,"commentCount":0,"publisher":{"@id":"https:\/\/dicodusport.fr\/blog\/#organization"},"image":{"@id":"https:\/\/dicodusport.fr\/blog\/calendrier-des-jeux-paralympiques-dhiver-2026-programme-complet-des-epreuves-jour-par-jour-milan-cortina\/#primaryimage"},"thumbnailUrl":"https:\/\/dicodusport.fr\/blog\/wp-content\/uploads\/2026\/03\/Calendrier-des-Jeux-Paralympiques-dhiver-2026-programme-complet-des-epreuves-jour-par-jour-Milan-Cortina.png","keywords":["actu","br\u00e8ve","jeux paralympiques","Jeux Paralympiques d'hiver"],"articleSection":["Jeux Paralympiques d'hiver 2026"],"inLanguage":"fr-FR","potentialAction":[{"@type":"CommentAction","name":"Comment","target":["https:\/\/dicodusport.fr\/blog\/calendrier-des-jeux-paralympiques-dhiver-2026-programme-complet-des-epreuves-jour-par-jour-milan-cortina\/#respond"]}],"copyrightYear":"2026","copyrightHolder":{"@id":"https:\/\/dicodusport.fr\/blog\/#organization"}},{"@type":"WebPage","@id":"https:\/\/dicodusport.fr\/blog\/calendrier-des-jeux-paralympiques-dhiver-2026-programme-complet-des-epreuves-jour-par-jour-milan-cortina\/","url":"https:\/\/dicodusport.fr\/blog\/calendrier-des-jeux-paralympiques-dhiver-2026-programme-complet-des-epreuves-jour-par-jour-milan-cortina\/","name":"Calendrier des Jeux Paralympiques d\u2019hiver 2026 : programme complet des \u00e9preuves jour par jour (Milan-Cortina)","isPartOf":{"@id":"https:\/\/dicodusport.fr\/blog\/#website"},"primaryImageOfPage":{"@id":"https:\/\/dicodusport.fr\/blog\/calendrier-des-jeux-paralympiques-dhiver-2026-programme-complet-des-epreuves-jour-par-jour-milan-cortina\/#primaryimage"},"image":{"@id":"https:\/\/dicodusport.fr\/blog\/calendrier-des-jeux-paralympiques-dhiver-2026-programme-complet-des-epreuves-jour-par-jour-milan-cortina\/#primaryimage"},"thumbnailUrl":"https:\/\/dicodusport.fr\/blog\/wp-content\/uploads\/2026\/03\/Calendrier-des-Jeux-Paralympiques-dhiver-2026-programme-complet-des-epreuves-jour-par-jour-Milan-Cortina.png","datePublished":"2026-03-05T15:41:23+00:00","dateModified":"2026-03-07T09:23:33+00:00","description":"D\u00e9couvrez le calendrier et le programme complet des Jeux Paralympiques d\u2019hiver 2026 \u00e0 Milan-Cortina : toutes les \u00e9preuves et horaires jour par jour.","breadcrumb":{"@id":"https:\/\/dicodusport.fr\/blog\/calendrier-des-jeux-paralympiques-dhiver-2026-programme-complet-des-epreuves-jour-par-jour-milan-cortina\/#breadcrumb"},"inLanguage":"fr-FR","potentialAction":[{"@type":"ReadAction","target":["https:\/\/dicodusport.fr\/blog\/calendrier-des-jeux-paralympiques-dhiver-2026-programme-complet-des-epreuves-jour-par-jour-milan-cortina\/"]}]},{"@type":"ImageObject","inLanguage":"fr-FR","@id":"https:\/\/dicodusport.fr\/blog\/calendrier-des-jeux-paralympiques-dhiver-2026-programme-complet-des-epreuves-jour-par-jour-milan-cortina\/#primaryimage","url":"https:\/\/dicodusport.fr\/blog\/wp-content\/uploads\/2026\/03\/Calendrier-des-Jeux-Paralympiques-dhiver-2026-programme-complet-des-epreuves-jour-par-jour-Milan-Cortina.png","contentUrl":"https:\/\/dicodusport.fr\/blog\/wp-content\/uploads\/2026\/03\/Calendrier-des-Jeux-Paralympiques-dhiver-2026-programme-complet-des-epreuves-jour-par-jour-Milan-Cortina.png","width":1200,"height":674,"caption":"Calendrier des Jeux Paralympiques d\u2019hiver 2026 programme complet des \u00e9preuves jour par jour (Milan-Cortina)"},{"@type":"BreadcrumbList","@id":"https:\/\/dicodusport.fr\/blog\/calendrier-des-jeux-paralympiques-dhiver-2026-programme-complet-des-epreuves-jour-par-jour-milan-cortina\/#breadcrumb","itemListElement":[{"@type":"ListItem","position":1,"name":"Accueil","item":"https:\/\/dicodusport.fr\/blog\/"},{"@type":"ListItem","position":2,"name":"Calendrier des Jeux Paralympiques d\u2019hiver 2026 : programme complet des \u00e9preuves jour par jour (Milan-Cortina)"}]},{"@type":"WebSite","@id":"https:\/\/dicodusport.fr\/blog\/#website","url":"https:\/\/dicodusport.fr\/blog\/","name":"Dicodusport","description":"L&#039;encyclop\u00e9die de l&#039;actualit\u00e9 sportive","publisher":{"@id":"https:\/\/dicodusport.fr\/blog\/#organization"},"potentialAction":[{"@type":"SearchAction","target":{"@type":"EntryPoint","urlTemplate":"https:\/\/dicodusport.fr\/blog\/?s={search_term_string}"},"query-input":{"@type":"PropertyValueSpecification","valueRequired":true,"valueName":"search_term_string"}}],"inLanguage":"fr-FR"},{"@type":"NewsMediaOrganization","@id":"https:\/\/dicodusport.fr\/blog\/#organization","name":"Dicodusport","url":"https:\/\/dicodusport.fr\/blog\/","logo":{"@type":"ImageObject","inLanguage":"fr-FR","@id":"https:\/\/dicodusport.fr\/blog\/#\/schema\/logo\/image\/","url":"https:\/\/dicodusport.fr\/blog\/wp-content\/uploads\/2020\/06\/cropped-LOGO-DICODUSPORT-2020-SANS-FOND-SANS-TEXTE.png","contentUrl":"https:\/\/dicodusport.fr\/blog\/wp-content\/uploads\/2020\/06\/cropped-LOGO-DICODUSPORT-2020-SANS-FOND-SANS-TEXTE.png","width":512,"height":512,"caption":"Dicodusport"},"image":{"@id":"https:\/\/dicodusport.fr\/blog\/#\/schema\/logo\/image\/"},"sameAs":["https:\/\/www.facebook.com\/dicodusport","https:\/\/x.com\/dicodusport","https:\/\/www.instagram.com\/dicodusport\/","https:\/\/www.youtube.com\/channel\/UC7V2KZ5sd3htJivAbA4ZG3w"],"description":"Dicodusport est l'encyclop\u00e9die de l'actualit\u00e9 sportive.","email":"bonjour@dicodusport.fr","legalName":"DICODUSPORT","foundingDate":"2018-01-14","vatID":"FR71834470973","taxID":"83447097300043","numberOfEmployees":{"@type":"QuantitativeValue","minValue":"1","maxValue":"10"}},{"@type":"Person","@id":"https:\/\/dicodusport.fr\/blog\/#\/schema\/person\/cb02af4c173ce4a653b55e9baf388d4a","name":"Flo Ostermann","image":{"@type":"ImageObject","inLanguage":"fr-FR","@id":"https:\/\/dicodusport.fr\/blog\/#\/schema\/person\/image\/","url":"https:\/\/dicodusport.fr\/blog\/wp-content\/uploads\/2021\/05\/Flo-Ostermann-150x150.jpg","contentUrl":"https:\/\/dicodusport.fr\/blog\/wp-content\/uploads\/2021\/05\/Flo-Ostermann-150x150.jpg","caption":"Flo Ostermann"},"description":"Journaliste\/R\u00e9dacteur depuis septembre 2015 - Mes premiers souvenirs dans le sport ? Les envol\u00e9es du Stade Toulousain et les duels Villeneuve-Schumacher et H\u00e4kkinen-Schumacher \u00e0 la fin des ann\u00e9es 90, la Coupe du monde de football en 1998, l\u2019exploit du XV de France face aux All Blacks en 1999, mais aussi Richard C\u0153ur de Lion qui vole sur les montagnes du Tour de France. Bien parti pour devenir professeur d\u2019EPS, les \u00e9v\u00e9nements de la vie (et la flemme d\u2019animer des s\u00e9ances de 3x500 m\u00e8tres toute ma vie) m\u2019ont conduit \u00e0 revoir mes plans. Me voil\u00e0 depuis fin 2017 sur Dicodusport, m\u00e9dia gr\u00e2ce (et pour) lequel je partage ma passion : le sport dans tous ses \u00e9tats. Le tout accompagn\u00e9 par les fous furieux et folles furieuses cit\u00e9s sur cette page !","sameAs":["https:\/\/www.facebook.com\/florent.ostermann","https:\/\/x.com\/https:\/\/twitter.com\/FlOstermann","admin"],"url":"https:\/\/dicodusport.fr\/blog\/author\/flo\/"}]}},"_links":{"self":[{"href":"https:\/\/dicodusport.fr\/blog\/wp-json\/wp\/v2\/posts\/652665","targetHints":{"allow":["GET"]}}],"collection":[{"href":"https:\/\/dicodusport.fr\/blog\/wp-json\/wp\/v2\/posts"}],"about":[{"href":"https:\/\/dicodusport.fr\/blog\/wp-json\/wp\/v2\/types\/post"}],"author":[{"embeddable":true,"href":"https:\/\/dicodusport.fr\/blog\/wp-json\/wp\/v2\/users\/4"}],"replies":[{"embeddable":true,"href":"https:\/\/dicodusport.fr\/blog\/wp-json\/wp\/v2\/comments?post=652665"}],"version-history":[{"count":3,"href":"https:\/\/dicodusport.fr\/blog\/wp-json\/wp\/v2\/posts\/652665\/revisions"}],"predecessor-version":[{"id":653200,"href":"https:\/\/dicodusport.fr\/blog\/wp-json\/wp\/v2\/posts\/652665\/revisions\/653200"}],"wp:featuredmedia":[{"embeddable":true,"href":"https:\/\/dicodusport.fr\/blog\/wp-json\/wp\/v2\/media\/652670"}],"wp:attachment":[{"href":"https:\/\/dicodusport.fr\/blog\/wp-json\/wp\/v2\/media?parent=652665"}],"wp:term":[{"taxonomy":"category","embeddable":true,"href":"https:\/\/dicodusport.fr\/blog\/wp-json\/wp\/v2\/categories?post=652665"},{"taxonomy":"post_tag","embeddable":true,"href":"https:\/\/dicodusport.fr\/blog\/wp-json\/wp\/v2\/tags?post=652665"}],"curies":[{"name":"wp","href":"https:\/\/api.w.org\/{rel}","templated":true}]}}