{"id":652823,"date":"2026-03-06T12:39:25","date_gmt":"2026-03-06T11:39:25","guid":{"rendered":"https:\/\/dicodusport.fr\/blog\/?p=652823&#038;preview=true&#038;preview_id=652823"},"modified":"2026-03-06T16:44:38","modified_gmt":"2026-03-06T15:44:38","slug":"laura-pirovano-brille-sur-la-descente-de-val-di-fassa-et-soffre-une-premiere-victoire-en-coupe-du-monde","status":"publish","type":"post","link":"https:\/\/dicodusport.fr\/blog\/laura-pirovano-brille-sur-la-descente-de-val-di-fassa-et-soffre-une-premiere-victoire-en-coupe-du-monde\/","title":{"rendered":"Laura Pirovano brille sur la descente de Val di Fassa et s\u2019offre une premi\u00e8re victoire en Coupe du monde"},"content":{"rendered":"<p style=\"text-align: justify;\"><em><strong>COUPE DU MONDE DE SKI ALPIN 2025\/2026 &#8211; Sensation sur la descente de Val di Fassa ! Laura Pirovano s\u2019offre un premier podium en Coupe du monde et monte directement sur la plus haute marche. L\u2019Italienne devance Emma Aicher d\u2019un centi\u00e8me, et la championne olympique Breezy Johnson.<\/strong><\/em><\/p>\n<ul style=\"text-align: justify;\">\n<li><strong>\u00c0 ce sujet \u2013\u00a0<a href=\"https:\/\/dicodusport.fr\/blog\/ski-alpin-coupe-du-monde-2025-2026-le-calendrier-complet\/\">Ski alpin Coupe du monde 2025-2026 \u2013 Le calendrier complet<\/a><\/strong><\/li>\n<li><strong>\u00c0 ce sujet &#8211; <a href=\"https:\/\/dicodusport.fr\/blog\/descente-femmes-val-di-fassa-2026-classement-et-resultats\/\">Classement et r\u00e9sultats descente femmes Val di Fassa 2026<\/a><\/strong><\/li>\n<\/ul>\n<p style=\"text-align: justify;\">Apr\u00e8s une escale en Andorre, la Coupe du monde f\u00e9minine de ski alpin reprend ses marques ce week-end en Italie, \u00e0 pr\u00e8s de 70 kilom\u00e8tres des \u00e9preuves olympiques de Cortina d\u2019Ampezzo. Apr\u00e8s avoir vu ses courses annul\u00e9es en 2024, cela faisait 5 ans que Val di Fassa attendait d\u2019accueillir de nouveau les skieuses.<\/p>\n<p style=\"text-align: justify;\">Pour l\u2019occasion, place \u00e0 trois \u00e9preuves de vitesse\u00a0: deux descentes et un Super-G. L\u2019opportunit\u00e9 pour <strong>Sofia Goggia<\/strong> ou encore <strong>Emma Aicher<\/strong> de se rapprocher de <strong>Lindsey Vonn<\/strong>, actuellement en t\u00eate dans la course au petit globe mais \u00e9loign\u00e9e des pistes depuis sa lourde blessure aux Jeux.<\/p>\n<div class=\"vlp-link-container vlp-layout-article\"><a href=\"https:\/\/dicodusport.fr\/blog\/au-depart-avec-un-ligament-croise-rompu-lindsey-vonn-victime-dune-lourde-chute-sur-la-descente-des-jo-2026\/\" class=\"vlp-link\" title=\"Au d\u00e9part avec un ligament crois\u00e9 rompu, Lindsey Vonn victime d&#039;une lourde chute sur la descente des JO 2026\"><\/a><div class=\"vlp-layout-zone-side\"><div class=\"vlp-block-4 vlp-link-image\"><img loading=\"lazy\" decoding=\"async\" style=\"max-width: 792px;\" width=\"792\" height=\"445\" src=\"https:\/\/dicodusport.fr\/blog\/wp-content\/uploads\/2026\/02\/Au-depart-avec-un-ligament-croise-rompu-Lindsey-Vonn-victime-dune-lourde-chute-sur-la-descente-des-JO-2026.png\" class=\"attachment-800x445 size-800x445\" alt=\"Au d\u00e9part avec un ligament crois\u00e9 rompu, Lindsey Vonn victime d&#039;une lourde chute sur la descente des JO 2026\" srcset=\"https:\/\/dicodusport.fr\/blog\/wp-content\/uploads\/2026\/02\/Au-depart-avec-un-ligament-croise-rompu-Lindsey-Vonn-victime-dune-lourde-chute-sur-la-descente-des-JO-2026.png 1200w, https:\/\/dicodusport.fr\/blog\/wp-content\/uploads\/2026\/02\/Au-depart-avec-un-ligament-croise-rompu-Lindsey-Vonn-victime-dune-lourde-chute-sur-la-descente-des-JO-2026-300x169.png 300w, https:\/\/dicodusport.fr\/blog\/wp-content\/uploads\/2026\/02\/Au-depart-avec-un-ligament-croise-rompu-Lindsey-Vonn-victime-dune-lourde-chute-sur-la-descente-des-JO-2026-1024x575.png 1024w, https:\/\/dicodusport.fr\/blog\/wp-content\/uploads\/2026\/02\/Au-depart-avec-un-ligament-croise-rompu-Lindsey-Vonn-victime-dune-lourde-chute-sur-la-descente-des-JO-2026-768x431.png 768w\" sizes=\"auto, (max-width: 792px) 100vw, 792px\" \/><\/div><\/div><div class=\"vlp-layout-zone-main\"><div class=\"vlp-block-0 vlp-link-title\">Au d\u00e9part avec un ligament crois\u00e9 rompu, Lindsey Vonn victime d'une lourde chute sur la descente des JO 2026<\/div><div class=\"vlp-block-1 vlp-link-summary\">D\u00e9nouement terrible \u00e0 Cortina : Lindsey Vonn a chut\u00e9 sur la descente olympique, aggravant tr\u00e8s probablement sa blessure au genou.<\/div><div class=\"vlp-block-2 vlp-link-button\">Lire l'article<\/div><div class=\"vlp-block-3 vlp-link-url\">dicodusport.fr<\/div><\/div><\/div>\n<h2 style=\"text-align: justify;\">Laura Pirovano brille \u00e0 domicile, Sofia Goggia passe au travers<\/h2>\n<p style=\"text-align: justify;\"><strong>Kira Weidle-Winklemann<\/strong> peut aussi pr\u00e9tendre au classement de la descente. Elle a d\u2019ailleurs r\u00e9alis\u00e9 la belle op\u00e9ration en prenant le temps r\u00e9f\u00e9rence des 7 premiers dossards. Mais elle a \u00e9t\u00e9 s\u00e9ch\u00e9e dans la foul\u00e9e par <strong>Laura Pirovano<\/strong>. La locale a frapp\u00e9 tr\u00e8s fort en mettant plus de 3 dixi\u00e8mes \u00e0 l\u2019Allemande. M\u00eame <strong>Breezy Johnson<\/strong>, championne olympique du format, n\u2019a pu rivaliser (+0.29). Dans le match jusqu\u2019au bout, <strong>Emma Aicher<\/strong> a quant \u00e0 elle \u00e9chou\u00e9 \u00e0 un minuscule centi\u00e8me.<\/p>\n<p style=\"text-align: justify;\">En retard d\u00e8s le d\u00e9part, <strong>Sofia Goggia<\/strong> n\u2019a pu reprendre du temps. Sa compatriote avait d\u00e9roul\u00e9 sur la deuxi\u00e8me moiti\u00e9 du trac\u00e9 et <a href=\"https:\/\/dicodusport.fr\/blog\/sofia-goggia-prend-sa-revanche-sur-le-deuxieme-super-g-de-soldeu-et-frappe-fort-en-vue-du-petit-globe\/\">la r\u00e9cente vainqueure du Super-G de Soldeu<\/a> a continu\u00e9 de perdre des dixi\u00e8mes pour finir \u00e0 pr\u00e8s d\u2019une seconde de la leader, hors du top 15. <strong>Corinne Suter<\/strong> a challeng\u00e9 Pirovano et m\u00eame tenu la victoire un moment avant de conc\u00e9der 6 dixi\u00e8mes dans le 4<sup>\u00e8me<\/sup> secteur, fatals pour monter sur la bo\u00eete.<\/p>\n<blockquote class=\"twitter-tweet\">\n<p dir=\"ltr\" lang=\"it\">LAURAAAAAAAAAAAAAAAAAAAAAAAAAAA \ud83d\udc99\ud83d\udc99\ud83d\udc99<\/p>\n<p>Laura Pirovano conquista la prima vittoria in Coppa del Mondo: l&rsquo;azzurra vince la discesa libera in Val di Fassa \u26f7\ufe0f\ud83c\udfc6\ud83c\uddee\ud83c\uddf9<\/p>\n<p>Il podio \u00e8 completato dalla tedesca Emma Aicher (+0.01) e dalla statunitense Breezy Johnson \ud83d\udcca\ud83c\udde9\ud83c\uddea\ud83c\uddfa\ud83c\uddf8<a href=\"https:\/\/twitter.com\/hashtag\/EurosportSCI?src=hash&amp;ref_src=twsrc%5Etfw\">#EurosportSCI<\/a> <a href=\"https:\/\/t.co\/bMNjxWhzPN\">pic.twitter.com\/bMNjxWhzPN<\/a><\/p>\n<p>\u2014 Eurosport IT (@Eurosport_IT) <a href=\"https:\/\/twitter.com\/Eurosport_IT\/status\/2029883014113599592?ref_src=twsrc%5Etfw\">March 6, 2026<\/a><\/p><\/blockquote>\n<p><script async src=\"https:\/\/platform.twitter.com\/widgets.js\" charset=\"utf-8\"><\/script><\/p>\n<p style=\"text-align: justify;\">Les passages ont eu beau se succ\u00e9der, aucune femme n\u2019a r\u00e9ussi \u00e0 d\u00e9loger <strong>Laura Pirovano<\/strong>. Jamais m\u00e9daill\u00e9e en Coupe du monde, la Transalpine s\u2019offre pour son premier podium le plus beau des m\u00e9taux. Elle devance <strong>Emma Aicher<\/strong> et <strong>Breezy Johnson<\/strong>.<\/p>\n<h2 style=\"text-align: justify;\">Les Fran\u00e7aises chahut\u00e9es<\/h2>\n<p style=\"text-align: justify;\">Loin derri\u00e8re, les Bleues n\u2019ont pas pes\u00e9 sur la course. Premi\u00e8re Fran\u00e7aise \u00e0 s\u2019\u00e9lancer avec le dossard 4, <strong>Romane Miradoli<\/strong> a bien engag\u00e9 sa partition mais a parcouru beaucoup de chemin sur deux courbes \u00e0 mi-parcours, ce qui lui a aussit\u00f4t ferm\u00e9 les portes d\u2019un bon r\u00e9sultat (19<sup>\u00e8me<\/sup>).<\/p>\n<p style=\"text-align: justify;\">Jamais dans le coup, <strong>Laura Gauch\u00e9<\/strong> a quant \u00e0 elle \u00e9t\u00e9 constamment bouscul\u00e9e dans cette descente de Val di Fassa et n&rsquo;a pas r\u00e9ussi \u00e0 prendre de points (+1.67, 34<sup>\u00e8me<\/sup>). Il en a \u00e9t\u00e9 de m\u00eame pour <strong>Garance Meyer<\/strong>, pass\u00e9e pas loin d&rsquo;int\u00e9grer le top 30 (32<sup>\u00e8me<\/sup>). <strong>Camille Cerutti<\/strong>, trop large sur ses trajectoires, y entre de peu avec une 28<sup>\u00e8me<\/sup> place (+1.47).<\/p>\n<ul style=\"text-align: justify;\">\n<li><strong>\u00c0 ce sujet \u2013\u00a0<a href=\"https:\/\/dicodusport.fr\/blog\/ski-alpin-coupe-du-monde-classement-general-femmes-actualise\/\">Ski alpin Coupe du monde : Classement g\u00e9n\u00e9ral femmes actualis\u00e9<\/a><\/strong><\/li>\n<\/ul>\n<div id=\"gtx-trans\" style=\"position: absolute; left: -14px; top: 40.9091px;\">\n<div class=\"gtx-trans-icon\" style=\"text-align: justify;\"><\/div>\n<\/div>\n","protected":false},"excerpt":{"rendered":"<p>COUPE DU MONDE DE SKI ALPIN 2025\/2026 &#8211; Sensation sur la descente de Val di Fassa ! Laura Pirovano s\u2019offre un premier podium en Coupe du monde et monte directement sur la plus haute marche. L\u2019Italienne devance Emma Aicher d\u2019un centi\u00e8me, et la championne olympique Breezy Johnson.<\/p>\n","protected":false},"author":18,"featured_media":652945,"comment_status":"open","ping_status":"closed","sticky":false,"template":"","format":"standard","meta":{"_acf_changed":false,"_daextam_enable_autolinks":"1","footnotes":""},"categories":[47084],"tags":[16878,47418,47417],"class_list":["post-652823","post","type-post","status-publish","format-standard","has-post-thumbnail","hentry","category-coupe-du-monde-ski-alpin","tag-breve","tag-coupe-du-monde-ski-alpin","tag-descente-val-di-fassa"],"acf":[],"yoast_head":"<!-- This site is optimized with the Yoast SEO Premium plugin v26.7 (Yoast SEO v26.7) - https:\/\/yoast.com\/wordpress\/plugins\/seo\/ -->\n<title>Laura Pirovano brille sur la descente de Val di Fassa et s\u2019offre une premi\u00e8re victoire en Coupe du monde<\/title>\n<meta name=\"description\" content=\"COUPE DU MONDE DE SKI ALPIN 2025\/2026 - Laura Pirovano s\u2019offre une premi\u00e8re victoire en Coupe du monde sur la descente de Val di Fassa.\" \/>\n<meta name=\"robots\" content=\"index, follow, max-snippet:-1, max-image-preview:large, max-video-preview:-1\" \/>\n<link rel=\"canonical\" href=\"https:\/\/dicodusport.fr\/blog\/laura-pirovano-brille-sur-la-descente-de-val-di-fassa-et-soffre-une-premiere-victoire-en-coupe-du-monde\/\" \/>\n<meta property=\"og:locale\" content=\"fr_FR\" \/>\n<meta property=\"og:type\" content=\"article\" \/>\n<meta property=\"og:title\" content=\"Laura Pirovano brille sur la descente de Val di Fassa et s\u2019offre une premi\u00e8re victoire en Coupe du monde\" \/>\n<meta property=\"og:description\" content=\"COUPE DU MONDE DE SKI ALPIN 2025\/2026 - Laura Pirovano s\u2019offre une premi\u00e8re victoire en Coupe du monde sur la descente de Val di Fassa.\" \/>\n<meta property=\"og:url\" content=\"https:\/\/dicodusport.fr\/blog\/laura-pirovano-brille-sur-la-descente-de-val-di-fassa-et-soffre-une-premiere-victoire-en-coupe-du-monde\/\" \/>\n<meta property=\"og:site_name\" content=\"Dicodusport\" \/>\n<meta property=\"article:publisher\" content=\"https:\/\/www.facebook.com\/dicodusport\" \/>\n<meta property=\"article:author\" content=\"https:\/\/www.facebook.com\/soocube\" \/>\n<meta property=\"article:published_time\" content=\"2026-03-06T11:39:25+00:00\" \/>\n<meta property=\"article:modified_time\" content=\"2026-03-06T15:44:38+00:00\" \/>\n<meta property=\"og:image\" content=\"https:\/\/dicodusport.fr\/blog\/wp-content\/uploads\/2026\/03\/Laura-Pirovano-brille-sur-la-descente-de-Val-di-Fassa-et-soffre-une-premiere-victoire-en-Coupe-du-monde-1.png\" \/>\n\t<meta property=\"og:image:width\" content=\"1200\" \/>\n\t<meta property=\"og:image:height\" content=\"674\" \/>\n\t<meta property=\"og:image:type\" content=\"image\/png\" \/>\n<meta name=\"author\" content=\"Sophie Clapier\" \/>\n<meta name=\"twitter:card\" content=\"summary_large_image\" \/>\n<meta name=\"twitter:title\" content=\"Laura Pirovano brille sur la descente de Val di Fassa et s\u2019offre une premi\u00e8re victoire en Coupe du monde\" \/>\n<meta name=\"twitter:creator\" content=\"@https:\/\/twitter.com\/soocube\" \/>\n<meta name=\"twitter:site\" content=\"@dicodusport\" \/>\n<script type=\"application\/ld+json\" class=\"yoast-schema-graph\">{\"@context\":\"https:\/\/schema.org\",\"@graph\":[{\"@type\":\"NewsArticle\",\"@id\":\"https:\/\/dicodusport.fr\/blog\/laura-pirovano-brille-sur-la-descente-de-val-di-fassa-et-soffre-une-premiere-victoire-en-coupe-du-monde\/#article\",\"isPartOf\":{\"@id\":\"https:\/\/dicodusport.fr\/blog\/laura-pirovano-brille-sur-la-descente-de-val-di-fassa-et-soffre-une-premiere-victoire-en-coupe-du-monde\/\"},\"author\":{\"name\":\"Sophie Clapier\",\"@id\":\"https:\/\/dicodusport.fr\/blog\/#\/schema\/person\/416c975648aca9da8839bdfe333a21c9\"},\"headline\":\"Laura Pirovano brille sur la descente de Val di Fassa et s\u2019offre une premi\u00e8re victoire en Coupe du monde\",\"datePublished\":\"2026-03-06T11:39:25+00:00\",\"dateModified\":\"2026-03-06T15:44:38+00:00\",\"mainEntityOfPage\":{\"@id\":\"https:\/\/dicodusport.fr\/blog\/laura-pirovano-brille-sur-la-descente-de-val-di-fassa-et-soffre-une-premiere-victoire-en-coupe-du-monde\/\"},\"wordCount\":718,\"commentCount\":0,\"publisher\":{\"@id\":\"https:\/\/dicodusport.fr\/blog\/#organization\"},\"image\":{\"@id\":\"https:\/\/dicodusport.fr\/blog\/laura-pirovano-brille-sur-la-descente-de-val-di-fassa-et-soffre-une-premiere-victoire-en-coupe-du-monde\/#primaryimage\"},\"thumbnailUrl\":\"https:\/\/dicodusport.fr\/blog\/wp-content\/uploads\/2026\/03\/Laura-Pirovano-brille-sur-la-descente-de-Val-di-Fassa-et-soffre-une-premiere-victoire-en-Coupe-du-monde-1.png\",\"keywords\":[\"br\u00e8ve\",\"Coupe du monde ski alpin\",\"Descente Val di Fassa\"],\"articleSection\":[\"Coupe du monde de ski alpin\"],\"inLanguage\":\"fr-FR\",\"potentialAction\":[{\"@type\":\"CommentAction\",\"name\":\"Comment\",\"target\":[\"https:\/\/dicodusport.fr\/blog\/laura-pirovano-brille-sur-la-descente-de-val-di-fassa-et-soffre-une-premiere-victoire-en-coupe-du-monde\/#respond\"]}],\"copyrightYear\":\"2026\",\"copyrightHolder\":{\"@id\":\"https:\/\/dicodusport.fr\/blog\/#organization\"}},{\"@type\":\"WebPage\",\"@id\":\"https:\/\/dicodusport.fr\/blog\/laura-pirovano-brille-sur-la-descente-de-val-di-fassa-et-soffre-une-premiere-victoire-en-coupe-du-monde\/\",\"url\":\"https:\/\/dicodusport.fr\/blog\/laura-pirovano-brille-sur-la-descente-de-val-di-fassa-et-soffre-une-premiere-victoire-en-coupe-du-monde\/\",\"name\":\"Laura Pirovano brille sur la descente de Val di Fassa et s\u2019offre une premi\u00e8re victoire en Coupe du monde\",\"isPartOf\":{\"@id\":\"https:\/\/dicodusport.fr\/blog\/#website\"},\"primaryImageOfPage\":{\"@id\":\"https:\/\/dicodusport.fr\/blog\/laura-pirovano-brille-sur-la-descente-de-val-di-fassa-et-soffre-une-premiere-victoire-en-coupe-du-monde\/#primaryimage\"},\"image\":{\"@id\":\"https:\/\/dicodusport.fr\/blog\/laura-pirovano-brille-sur-la-descente-de-val-di-fassa-et-soffre-une-premiere-victoire-en-coupe-du-monde\/#primaryimage\"},\"thumbnailUrl\":\"https:\/\/dicodusport.fr\/blog\/wp-content\/uploads\/2026\/03\/Laura-Pirovano-brille-sur-la-descente-de-Val-di-Fassa-et-soffre-une-premiere-victoire-en-Coupe-du-monde-1.png\",\"datePublished\":\"2026-03-06T11:39:25+00:00\",\"dateModified\":\"2026-03-06T15:44:38+00:00\",\"description\":\"COUPE DU MONDE DE SKI ALPIN 2025\/2026 - Laura Pirovano s\u2019offre une premi\u00e8re victoire en Coupe du monde sur la descente de Val di Fassa.\",\"breadcrumb\":{\"@id\":\"https:\/\/dicodusport.fr\/blog\/laura-pirovano-brille-sur-la-descente-de-val-di-fassa-et-soffre-une-premiere-victoire-en-coupe-du-monde\/#breadcrumb\"},\"inLanguage\":\"fr-FR\",\"potentialAction\":[{\"@type\":\"ReadAction\",\"target\":[\"https:\/\/dicodusport.fr\/blog\/laura-pirovano-brille-sur-la-descente-de-val-di-fassa-et-soffre-une-premiere-victoire-en-coupe-du-monde\/\"]}]},{\"@type\":\"ImageObject\",\"inLanguage\":\"fr-FR\",\"@id\":\"https:\/\/dicodusport.fr\/blog\/laura-pirovano-brille-sur-la-descente-de-val-di-fassa-et-soffre-une-premiere-victoire-en-coupe-du-monde\/#primaryimage\",\"url\":\"https:\/\/dicodusport.fr\/blog\/wp-content\/uploads\/2026\/03\/Laura-Pirovano-brille-sur-la-descente-de-Val-di-Fassa-et-soffre-une-premiere-victoire-en-Coupe-du-monde-1.png\",\"contentUrl\":\"https:\/\/dicodusport.fr\/blog\/wp-content\/uploads\/2026\/03\/Laura-Pirovano-brille-sur-la-descente-de-Val-di-Fassa-et-soffre-une-premiere-victoire-en-Coupe-du-monde-1.png\",\"width\":1200,\"height\":674,\"caption\":\"Laura Pirovano brille sur la descente de Val di Fassa et s\u2019offre une premi\u00e8re victoire en Coupe du monde\"},{\"@type\":\"BreadcrumbList\",\"@id\":\"https:\/\/dicodusport.fr\/blog\/laura-pirovano-brille-sur-la-descente-de-val-di-fassa-et-soffre-une-premiere-victoire-en-coupe-du-monde\/#breadcrumb\",\"itemListElement\":[{\"@type\":\"ListItem\",\"position\":1,\"name\":\"Accueil\",\"item\":\"https:\/\/dicodusport.fr\/blog\/\"},{\"@type\":\"ListItem\",\"position\":2,\"name\":\"Laura Pirovano brille sur la descente de Val di Fassa et s\u2019offre une premi\u00e8re victoire en Coupe du monde\"}]},{\"@type\":\"WebSite\",\"@id\":\"https:\/\/dicodusport.fr\/blog\/#website\",\"url\":\"https:\/\/dicodusport.fr\/blog\/\",\"name\":\"Dicodusport\",\"description\":\"L&#039;encyclop\u00e9die de l&#039;actualit\u00e9 sportive\",\"publisher\":{\"@id\":\"https:\/\/dicodusport.fr\/blog\/#organization\"},\"potentialAction\":[{\"@type\":\"SearchAction\",\"target\":{\"@type\":\"EntryPoint\",\"urlTemplate\":\"https:\/\/dicodusport.fr\/blog\/?s={search_term_string}\"},\"query-input\":{\"@type\":\"PropertyValueSpecification\",\"valueRequired\":true,\"valueName\":\"search_term_string\"}}],\"inLanguage\":\"fr-FR\"},{\"@type\":\"NewsMediaOrganization\",\"@id\":\"https:\/\/dicodusport.fr\/blog\/#organization\",\"name\":\"Dicodusport\",\"url\":\"https:\/\/dicodusport.fr\/blog\/\",\"logo\":{\"@type\":\"ImageObject\",\"inLanguage\":\"fr-FR\",\"@id\":\"https:\/\/dicodusport.fr\/blog\/#\/schema\/logo\/image\/\",\"url\":\"https:\/\/dicodusport.fr\/blog\/wp-content\/uploads\/2020\/06\/cropped-LOGO-DICODUSPORT-2020-SANS-FOND-SANS-TEXTE.png\",\"contentUrl\":\"https:\/\/dicodusport.fr\/blog\/wp-content\/uploads\/2020\/06\/cropped-LOGO-DICODUSPORT-2020-SANS-FOND-SANS-TEXTE.png\",\"width\":512,\"height\":512,\"caption\":\"Dicodusport\"},\"image\":{\"@id\":\"https:\/\/dicodusport.fr\/blog\/#\/schema\/logo\/image\/\"},\"sameAs\":[\"https:\/\/www.facebook.com\/dicodusport\",\"https:\/\/x.com\/dicodusport\",\"https:\/\/www.instagram.com\/dicodusport\/\",\"https:\/\/www.youtube.com\/channel\/UC7V2KZ5sd3htJivAbA4ZG3w\"],\"description\":\"Dicodusport est l'encyclop\u00e9die de l'actualit\u00e9 sportive.\",\"email\":\"bonjour@dicodusport.fr\",\"legalName\":\"DICODUSPORT\",\"foundingDate\":\"2018-01-14\",\"vatID\":\"FR71834470973\",\"taxID\":\"83447097300043\",\"numberOfEmployees\":{\"@type\":\"QuantitativeValue\",\"minValue\":\"1\",\"maxValue\":\"10\"}},{\"@type\":\"Person\",\"@id\":\"https:\/\/dicodusport.fr\/blog\/#\/schema\/person\/416c975648aca9da8839bdfe333a21c9\",\"name\":\"Sophie Clapier\",\"image\":{\"@type\":\"ImageObject\",\"inLanguage\":\"fr-FR\",\"@id\":\"https:\/\/dicodusport.fr\/blog\/#\/schema\/person\/image\/\",\"url\":\"https:\/\/dicodusport.fr\/blog\/wp-content\/uploads\/2021\/05\/Sophie-Clapier-150x150.jpg\",\"contentUrl\":\"https:\/\/dicodusport.fr\/blog\/wp-content\/uploads\/2021\/05\/Sophie-Clapier-150x150.jpg\",\"caption\":\"Sophie Clapier\"},\"description\":\"Journaliste\/r\u00e9dactrice depuis janvier 2016 - Passionn\u00e9e de sport depuis toujours, j\u2019en ai pratiqu\u00e9 quelques-uns. Judo, football, handball ou encore tennis, je n\u2019ai jamais pu me mettre d\u2019accord sur un en particulier. Mais \u00e7a, c\u2019\u00e9tait avant de d\u00e9couvrir le basket, devenu mon sport de pr\u00e9dilection. Les actions NBA, le All-Star Week-end, la fureur des Game 7 pendant les playoffs ou mieux, lors des Finals, this is why we play. Team Spurs T.P, je m\u2019accroche encore \u00e0 Gregg Popovich (don\u2019t leave !). Team chef Curry, je souhaite qu\u2019il finisse aux Warriors (staaaay !). Non, il n\u2019y a pas qu\u2019eux, des petits nouveaux -et des petites nouvelles \u00e9videmment- arrivent chaque jour dans toutes les disciplines et cr\u00e9ent de nouveaux exploits. Alors pour les grands \u00e9v\u00e9nements et comp\u00e9titions internationales, vive les pulsations 240\/minutes et le d\u00e9fibrillateur pas loin, et allez les Bleu(e)s ! C\u2019est s\u00fbr, j\u2019aurai plus vu ma vie sur un terrain de sport, mais \u00e0 d\u00e9faut d\u2019en faire en haut niveau, je le partage avec vous.\",\"sameAs\":[\"https:\/\/www.facebook.com\/soocube\",\"https:\/\/x.com\/https:\/\/twitter.com\/soocube\",\"admin\"],\"url\":\"https:\/\/dicodusport.fr\/blog\/author\/sophie\/\"}]}<\/script>\n<!-- \/ Yoast SEO Premium plugin. -->","yoast_head_json":{"title":"Laura Pirovano brille sur la descente de Val di Fassa et s\u2019offre une premi\u00e8re victoire en Coupe du monde","description":"COUPE DU MONDE DE SKI ALPIN 2025\/2026 - Laura Pirovano s\u2019offre une premi\u00e8re victoire en Coupe du monde sur la descente de Val di Fassa.","robots":{"index":"index","follow":"follow","max-snippet":"max-snippet:-1","max-image-preview":"max-image-preview:large","max-video-preview":"max-video-preview:-1"},"canonical":"https:\/\/dicodusport.fr\/blog\/laura-pirovano-brille-sur-la-descente-de-val-di-fassa-et-soffre-une-premiere-victoire-en-coupe-du-monde\/","og_locale":"fr_FR","og_type":"article","og_title":"Laura Pirovano brille sur la descente de Val di Fassa et s\u2019offre une premi\u00e8re victoire en Coupe du monde","og_description":"COUPE DU MONDE DE SKI ALPIN 2025\/2026 - Laura Pirovano s\u2019offre une premi\u00e8re victoire en Coupe du monde sur la descente de Val di Fassa.","og_url":"https:\/\/dicodusport.fr\/blog\/laura-pirovano-brille-sur-la-descente-de-val-di-fassa-et-soffre-une-premiere-victoire-en-coupe-du-monde\/","og_site_name":"Dicodusport","article_publisher":"https:\/\/www.facebook.com\/dicodusport","article_author":"https:\/\/www.facebook.com\/soocube","article_published_time":"2026-03-06T11:39:25+00:00","article_modified_time":"2026-03-06T15:44:38+00:00","og_image":[{"width":1200,"height":674,"url":"https:\/\/dicodusport.fr\/blog\/wp-content\/uploads\/2026\/03\/Laura-Pirovano-brille-sur-la-descente-de-Val-di-Fassa-et-soffre-une-premiere-victoire-en-Coupe-du-monde-1.png","type":"image\/png"}],"author":"Sophie Clapier","twitter_card":"summary_large_image","twitter_title":"Laura Pirovano brille sur la descente de Val di Fassa et s\u2019offre une premi\u00e8re victoire en Coupe du monde","twitter_creator":"@https:\/\/twitter.com\/soocube","twitter_site":"@dicodusport","schema":{"@context":"https:\/\/schema.org","@graph":[{"@type":"NewsArticle","@id":"https:\/\/dicodusport.fr\/blog\/laura-pirovano-brille-sur-la-descente-de-val-di-fassa-et-soffre-une-premiere-victoire-en-coupe-du-monde\/#article","isPartOf":{"@id":"https:\/\/dicodusport.fr\/blog\/laura-pirovano-brille-sur-la-descente-de-val-di-fassa-et-soffre-une-premiere-victoire-en-coupe-du-monde\/"},"author":{"name":"Sophie Clapier","@id":"https:\/\/dicodusport.fr\/blog\/#\/schema\/person\/416c975648aca9da8839bdfe333a21c9"},"headline":"Laura Pirovano brille sur la descente de Val di Fassa et s\u2019offre une premi\u00e8re victoire en Coupe du monde","datePublished":"2026-03-06T11:39:25+00:00","dateModified":"2026-03-06T15:44:38+00:00","mainEntityOfPage":{"@id":"https:\/\/dicodusport.fr\/blog\/laura-pirovano-brille-sur-la-descente-de-val-di-fassa-et-soffre-une-premiere-victoire-en-coupe-du-monde\/"},"wordCount":718,"commentCount":0,"publisher":{"@id":"https:\/\/dicodusport.fr\/blog\/#organization"},"image":{"@id":"https:\/\/dicodusport.fr\/blog\/laura-pirovano-brille-sur-la-descente-de-val-di-fassa-et-soffre-une-premiere-victoire-en-coupe-du-monde\/#primaryimage"},"thumbnailUrl":"https:\/\/dicodusport.fr\/blog\/wp-content\/uploads\/2026\/03\/Laura-Pirovano-brille-sur-la-descente-de-Val-di-Fassa-et-soffre-une-premiere-victoire-en-Coupe-du-monde-1.png","keywords":["br\u00e8ve","Coupe du monde ski alpin","Descente Val di Fassa"],"articleSection":["Coupe du monde de ski alpin"],"inLanguage":"fr-FR","potentialAction":[{"@type":"CommentAction","name":"Comment","target":["https:\/\/dicodusport.fr\/blog\/laura-pirovano-brille-sur-la-descente-de-val-di-fassa-et-soffre-une-premiere-victoire-en-coupe-du-monde\/#respond"]}],"copyrightYear":"2026","copyrightHolder":{"@id":"https:\/\/dicodusport.fr\/blog\/#organization"}},{"@type":"WebPage","@id":"https:\/\/dicodusport.fr\/blog\/laura-pirovano-brille-sur-la-descente-de-val-di-fassa-et-soffre-une-premiere-victoire-en-coupe-du-monde\/","url":"https:\/\/dicodusport.fr\/blog\/laura-pirovano-brille-sur-la-descente-de-val-di-fassa-et-soffre-une-premiere-victoire-en-coupe-du-monde\/","name":"Laura Pirovano brille sur la descente de Val di Fassa et s\u2019offre une premi\u00e8re victoire en Coupe du monde","isPartOf":{"@id":"https:\/\/dicodusport.fr\/blog\/#website"},"primaryImageOfPage":{"@id":"https:\/\/dicodusport.fr\/blog\/laura-pirovano-brille-sur-la-descente-de-val-di-fassa-et-soffre-une-premiere-victoire-en-coupe-du-monde\/#primaryimage"},"image":{"@id":"https:\/\/dicodusport.fr\/blog\/laura-pirovano-brille-sur-la-descente-de-val-di-fassa-et-soffre-une-premiere-victoire-en-coupe-du-monde\/#primaryimage"},"thumbnailUrl":"https:\/\/dicodusport.fr\/blog\/wp-content\/uploads\/2026\/03\/Laura-Pirovano-brille-sur-la-descente-de-Val-di-Fassa-et-soffre-une-premiere-victoire-en-Coupe-du-monde-1.png","datePublished":"2026-03-06T11:39:25+00:00","dateModified":"2026-03-06T15:44:38+00:00","description":"COUPE DU MONDE DE SKI ALPIN 2025\/2026 - Laura Pirovano s\u2019offre une premi\u00e8re victoire en Coupe du monde sur la descente de Val di Fassa.","breadcrumb":{"@id":"https:\/\/dicodusport.fr\/blog\/laura-pirovano-brille-sur-la-descente-de-val-di-fassa-et-soffre-une-premiere-victoire-en-coupe-du-monde\/#breadcrumb"},"inLanguage":"fr-FR","potentialAction":[{"@type":"ReadAction","target":["https:\/\/dicodusport.fr\/blog\/laura-pirovano-brille-sur-la-descente-de-val-di-fassa-et-soffre-une-premiere-victoire-en-coupe-du-monde\/"]}]},{"@type":"ImageObject","inLanguage":"fr-FR","@id":"https:\/\/dicodusport.fr\/blog\/laura-pirovano-brille-sur-la-descente-de-val-di-fassa-et-soffre-une-premiere-victoire-en-coupe-du-monde\/#primaryimage","url":"https:\/\/dicodusport.fr\/blog\/wp-content\/uploads\/2026\/03\/Laura-Pirovano-brille-sur-la-descente-de-Val-di-Fassa-et-soffre-une-premiere-victoire-en-Coupe-du-monde-1.png","contentUrl":"https:\/\/dicodusport.fr\/blog\/wp-content\/uploads\/2026\/03\/Laura-Pirovano-brille-sur-la-descente-de-Val-di-Fassa-et-soffre-une-premiere-victoire-en-Coupe-du-monde-1.png","width":1200,"height":674,"caption":"Laura Pirovano brille sur la descente de Val di Fassa et s\u2019offre une premi\u00e8re victoire en Coupe du monde"},{"@type":"BreadcrumbList","@id":"https:\/\/dicodusport.fr\/blog\/laura-pirovano-brille-sur-la-descente-de-val-di-fassa-et-soffre-une-premiere-victoire-en-coupe-du-monde\/#breadcrumb","itemListElement":[{"@type":"ListItem","position":1,"name":"Accueil","item":"https:\/\/dicodusport.fr\/blog\/"},{"@type":"ListItem","position":2,"name":"Laura Pirovano brille sur la descente de Val di Fassa et s\u2019offre une premi\u00e8re victoire en Coupe du monde"}]},{"@type":"WebSite","@id":"https:\/\/dicodusport.fr\/blog\/#website","url":"https:\/\/dicodusport.fr\/blog\/","name":"Dicodusport","description":"L&#039;encyclop\u00e9die de l&#039;actualit\u00e9 sportive","publisher":{"@id":"https:\/\/dicodusport.fr\/blog\/#organization"},"potentialAction":[{"@type":"SearchAction","target":{"@type":"EntryPoint","urlTemplate":"https:\/\/dicodusport.fr\/blog\/?s={search_term_string}"},"query-input":{"@type":"PropertyValueSpecification","valueRequired":true,"valueName":"search_term_string"}}],"inLanguage":"fr-FR"},{"@type":"NewsMediaOrganization","@id":"https:\/\/dicodusport.fr\/blog\/#organization","name":"Dicodusport","url":"https:\/\/dicodusport.fr\/blog\/","logo":{"@type":"ImageObject","inLanguage":"fr-FR","@id":"https:\/\/dicodusport.fr\/blog\/#\/schema\/logo\/image\/","url":"https:\/\/dicodusport.fr\/blog\/wp-content\/uploads\/2020\/06\/cropped-LOGO-DICODUSPORT-2020-SANS-FOND-SANS-TEXTE.png","contentUrl":"https:\/\/dicodusport.fr\/blog\/wp-content\/uploads\/2020\/06\/cropped-LOGO-DICODUSPORT-2020-SANS-FOND-SANS-TEXTE.png","width":512,"height":512,"caption":"Dicodusport"},"image":{"@id":"https:\/\/dicodusport.fr\/blog\/#\/schema\/logo\/image\/"},"sameAs":["https:\/\/www.facebook.com\/dicodusport","https:\/\/x.com\/dicodusport","https:\/\/www.instagram.com\/dicodusport\/","https:\/\/www.youtube.com\/channel\/UC7V2KZ5sd3htJivAbA4ZG3w"],"description":"Dicodusport est l'encyclop\u00e9die de l'actualit\u00e9 sportive.","email":"bonjour@dicodusport.fr","legalName":"DICODUSPORT","foundingDate":"2018-01-14","vatID":"FR71834470973","taxID":"83447097300043","numberOfEmployees":{"@type":"QuantitativeValue","minValue":"1","maxValue":"10"}},{"@type":"Person","@id":"https:\/\/dicodusport.fr\/blog\/#\/schema\/person\/416c975648aca9da8839bdfe333a21c9","name":"Sophie Clapier","image":{"@type":"ImageObject","inLanguage":"fr-FR","@id":"https:\/\/dicodusport.fr\/blog\/#\/schema\/person\/image\/","url":"https:\/\/dicodusport.fr\/blog\/wp-content\/uploads\/2021\/05\/Sophie-Clapier-150x150.jpg","contentUrl":"https:\/\/dicodusport.fr\/blog\/wp-content\/uploads\/2021\/05\/Sophie-Clapier-150x150.jpg","caption":"Sophie Clapier"},"description":"Journaliste\/r\u00e9dactrice depuis janvier 2016 - Passionn\u00e9e de sport depuis toujours, j\u2019en ai pratiqu\u00e9 quelques-uns. Judo, football, handball ou encore tennis, je n\u2019ai jamais pu me mettre d\u2019accord sur un en particulier. Mais \u00e7a, c\u2019\u00e9tait avant de d\u00e9couvrir le basket, devenu mon sport de pr\u00e9dilection. Les actions NBA, le All-Star Week-end, la fureur des Game 7 pendant les playoffs ou mieux, lors des Finals, this is why we play. Team Spurs T.P, je m\u2019accroche encore \u00e0 Gregg Popovich (don\u2019t leave !). Team chef Curry, je souhaite qu\u2019il finisse aux Warriors (staaaay !). Non, il n\u2019y a pas qu\u2019eux, des petits nouveaux -et des petites nouvelles \u00e9videmment- arrivent chaque jour dans toutes les disciplines et cr\u00e9ent de nouveaux exploits. Alors pour les grands \u00e9v\u00e9nements et comp\u00e9titions internationales, vive les pulsations 240\/minutes et le d\u00e9fibrillateur pas loin, et allez les Bleu(e)s ! C\u2019est s\u00fbr, j\u2019aurai plus vu ma vie sur un terrain de sport, mais \u00e0 d\u00e9faut d\u2019en faire en haut niveau, je le partage avec vous.","sameAs":["https:\/\/www.facebook.com\/soocube","https:\/\/x.com\/https:\/\/twitter.com\/soocube","admin"],"url":"https:\/\/dicodusport.fr\/blog\/author\/sophie\/"}]}},"_links":{"self":[{"href":"https:\/\/dicodusport.fr\/blog\/wp-json\/wp\/v2\/posts\/652823","targetHints":{"allow":["GET"]}}],"collection":[{"href":"https:\/\/dicodusport.fr\/blog\/wp-json\/wp\/v2\/posts"}],"about":[{"href":"https:\/\/dicodusport.fr\/blog\/wp-json\/wp\/v2\/types\/post"}],"author":[{"embeddable":true,"href":"https:\/\/dicodusport.fr\/blog\/wp-json\/wp\/v2\/users\/18"}],"replies":[{"embeddable":true,"href":"https:\/\/dicodusport.fr\/blog\/wp-json\/wp\/v2\/comments?post=652823"}],"version-history":[{"count":5,"href":"https:\/\/dicodusport.fr\/blog\/wp-json\/wp\/v2\/posts\/652823\/revisions"}],"predecessor-version":[{"id":652869,"href":"https:\/\/dicodusport.fr\/blog\/wp-json\/wp\/v2\/posts\/652823\/revisions\/652869"}],"wp:featuredmedia":[{"embeddable":true,"href":"https:\/\/dicodusport.fr\/blog\/wp-json\/wp\/v2\/media\/652945"}],"wp:attachment":[{"href":"https:\/\/dicodusport.fr\/blog\/wp-json\/wp\/v2\/media?parent=652823"}],"wp:term":[{"taxonomy":"category","embeddable":true,"href":"https:\/\/dicodusport.fr\/blog\/wp-json\/wp\/v2\/categories?post=652823"},{"taxonomy":"post_tag","embeddable":true,"href":"https:\/\/dicodusport.fr\/blog\/wp-json\/wp\/v2\/tags?post=652823"}],"curies":[{"name":"wp","href":"https:\/\/api.w.org\/{rel}","templated":true}]}}