{"id":6529,"date":"2017-11-09T08:00:48","date_gmt":"2017-11-09T07:00:48","guid":{"rendered":"http:\/\/dicodusport.fr\/blog\/?p=6529"},"modified":"2017-11-08T09:10:06","modified_gmt":"2017-11-08T08:10:06","slug":"regates-de-medias-aviron-2-nouvelle-saison-chasse-precedente","status":"publish","type":"post","link":"https:\/\/dicodusport.fr\/blog\/regates-de-medias-aviron-2-nouvelle-saison-chasse-precedente\/","title":{"rendered":"Les r\u00e9gates de M\u00e9dias Aviron #2 : La nouvelle saison chasse la pr\u00e9c\u00e9dente"},"content":{"rendered":"<p style=\"text-align: justify;\"><strong><em>Chaque mois, retrouvez \u00ab\u00a0<span style=\"color: #0000ff;\"><a style=\"color: #0000ff;\" href=\"https:\/\/dicodusport.fr\/blog\/regates-de-medias-aviron-mois-dicodusport-fr\/\" target=\"_blank\" rel=\"noopener noreferrer\">Les r\u00e9gates de M\u00e9dias Aviron<\/a>\u00a0<span style=\"color: #000000;\">\u00bb<\/span><\/span>, votre tour d&rsquo;actualit\u00e9 de la sph\u00e8re aviron en quelques lignes et r\u00e9alis\u00e9 par une \u00e9quipe de sp\u00e9cialistes. Pour ce\u00a0deuxi\u00e8me \u00e9pisode retour sur la fin de la saison 2017 pendant que la nouvelle saison d\u00e9bute d\u00e9j\u00e0.<\/em><\/strong><\/p>\n<p style=\"text-align: justify;\">La saison 2017 s&rsquo;est achev\u00e9e \u00e0 Mantes-la-Jolie avec les championnats de France sprint, mais la saison 2018 a d\u00e9j\u00e0 commenc\u00e9 pour les rameurs de France et de Navarre.<\/p>\n<p style=\"text-align: justify;\">C&rsquo;est non pas sur 2 000 mais sur 500 m\u00e8tres que le mois d&rsquo;octobre a commenc\u00e9, \u00e0 Mantes-la-Jolie. Le stade nautique Didier-Simond a accueilli les Championnats de France sprint sur 500, quatre ans apr\u00e8s avoir inaugur\u00e9 ce format. L&rsquo;\u00e9ch\u00e9ance a un int\u00e9r\u00eat particulier : elle permet de mettre sur le devant de la sc\u00e8ne les rameurs de clubs pour lesquels les 2 000 m\u00e8tres sont une distance compliqu\u00e9e pour s&rsquo;exprimer par rapport aux t\u00eates d&rsquo;affichs aguerries, mais elle offre aussi la possibilit\u00e9 de mixer les \u00e9quipages entre hommes et femmes sur le deux de couple, le quatre de couple et le huit. Le huit qui reste l&rsquo;\u00e9preuve reine avec une concurrence acharn\u00e9e pour d\u00e9crocher le prestigieux titre, et c&rsquo;est le Cercle de l&rsquo;aviron de Lyon qui a remport\u00e9 le fanion bleu blanc rouge. Plusieurs rameurs de l&rsquo;\u00e9quipe de France qui avaient pris part aux Mondiaux en Floride \u00e9taient pr\u00e9sents avec leurs co\u00e9quipiers de club.<\/p>\n<p style=\"text-align: justify;\">\nLa saison 2017 f\u00fbt v\u00e9ritablement boucl\u00e9e avec les premi\u00e8res annonces, celles des \u00ab\u00a0d\u00e9parts en retraite\u00a0\u00bb. Ce f\u00fbt le cas pour deux poids l\u00e9gers, champions du monde cette ann\u00e9e. Le premier \u00e0 annoncer raccrocher les pelles tricolores est l&rsquo;Ann\u00e9cien Damien Piqueras ; dipl\u00f4me en poche, il va se concentrer sur sa carri\u00e8re professionnelle. Le second a fait davantage de bruit m\u00e9diatique : lors de l&rsquo;inauguration de la base nautique portant son nom \u00e0 Avignon, J\u00e9r\u00e9mie Azou a d\u00e9clar\u00e9 lui aussi mettre un terme \u00e0 sa carri\u00e8re internationale ; \u00e0 la t\u00eate d&rsquo;un impressionnant palmar\u00e8s, le rameur fran\u00e7ais s&rsquo;arr\u00eate ainsi au sommet de son art.<br \/>\nLe mois d&rsquo;octobre est \u00e9galement celui des mutations, les rameurs terminant leur saison pour en entamer une nouvelle dans un autre club. Deux des plus notables sont celles de rameurs du quatre de couple tricolore pr\u00e9sent \u00e0 Sarasota pour les Mondiaux fin septembre. En effet, Micka\u00ebl Marteau a choisi de quitter le CA Nantes pour le SNOS (Saint-Nazaire OmniSport), tandis que Bastien Quiqueret part de Gravelines USA pour l&rsquo;ACBB (Athletic Club Boulogne-Billancourt).<\/p>\n<p style=\"text-align: justify;\">\nLes Mondiaux de Sarasota et les France sprint derri\u00e8re eux, les rameurs hexagonaux se concentrent d\u00e9j\u00e0 sur le prochain objectif : la saison 2018 qui a d\u00e9j\u00e0 d\u00e9marr\u00e9 dans les clubs, avec les premi\u00e8res t\u00eates de rivi\u00e8re interr\u00e9gionales les 11 et 12 novembre.<\/p>\n<p style=\"text-align: justify;\"><strong><em>M\u00e9dias Aviron<br \/>\n<a href=\"http:\/\/www.magaviron.fr\/\" target=\"_blank\" rel=\"noopener noreferrer\"><img loading=\"lazy\" decoding=\"async\" class=\"alignnone wp-image-5480\" src=\"http:\/\/dicodusport.fr\/blog\/wp-content\/uploads\/2017\/10\/logo-site-web-150x150.png\" alt=\"\" width=\"37\" height=\"37\" srcset=\"https:\/\/dicodusport.fr\/blog\/wp-content\/uploads\/2017\/10\/logo-site-web-150x150.png 150w, https:\/\/dicodusport.fr\/blog\/wp-content\/uploads\/2017\/10\/logo-site-web-300x300.png 300w, https:\/\/dicodusport.fr\/blog\/wp-content\/uploads\/2017\/10\/logo-site-web-768x768.png 768w, https:\/\/dicodusport.fr\/blog\/wp-content\/uploads\/2017\/10\/logo-site-web.png 800w\" sizes=\"auto, (max-width: 37px) 100vw, 37px\" \/><\/a><a style=\"color: #000000;\" href=\"https:\/\/twitter.com\/MediasAviron\" target=\"_blank\" rel=\"noopener noreferrer\"><img loading=\"lazy\" decoding=\"async\" class=\"alignnone wp-image-2908\" src=\"http:\/\/dicodusport.fr\/blog\/wp-content\/uploads\/2017\/07\/logo-twitter-150x150.png\" alt=\"\" width=\"39\" height=\"39\" \/><\/a><a style=\"color: #000000;\" href=\"https:\/\/www.facebook.com\/magaviron\/\" target=\"_blank\" rel=\"noopener noreferrer\"><img loading=\"lazy\" decoding=\"async\" class=\"alignnone wp-image-2909\" src=\"http:\/\/dicodusport.fr\/blog\/wp-content\/uploads\/2017\/07\/logo-facebook-150x150.png\" alt=\"\" width=\"40\" height=\"40\" \/><\/a><\/em><\/strong><\/p>\n","protected":false},"excerpt":{"rendered":"<p>Chaque mois, retrouvez \u00ab\u00a0Les r\u00e9gates de M\u00e9dias Aviron\u00a0\u00bb, votre tour d&rsquo;actualit\u00e9 de la sph\u00e8re aviron en quelques lignes et r\u00e9alis\u00e9 par une \u00e9quipe de sp\u00e9cialistes. Pour ce\u00a0deuxi\u00e8me \u00e9pisode retour sur la fin de la saison 2017 pendant que la nouvelle saison d\u00e9bute d\u00e9j\u00e0. La saison 2017 s&rsquo;est achev\u00e9e \u00e0 Mantes-la-Jolie avec les championnats de France [&hellip;]<\/p>\n","protected":false},"author":1,"featured_media":6532,"comment_status":"open","ping_status":"closed","sticky":false,"template":"","format":"standard","meta":{"_acf_changed":false,"_daextam_enable_autolinks":"","footnotes":""},"categories":[2,2309],"tags":[739,738,1048],"class_list":["post-6529","post","type-post","status-publish","format-standard","has-post-thumbnail","hentry","category-actualites","category-aviron","tag-aviron","tag-jeremie-azou","tag-medias-aviron"],"acf":[],"yoast_head":"<!-- This site is optimized with the Yoast SEO Premium plugin v26.7 (Yoast SEO v26.7) - https:\/\/yoast.com\/wordpress\/plugins\/seo\/ -->\n<title>Les r\u00e9gates de M\u00e9dias Aviron #2 : La nouvelle saison chasse la pr\u00e9c\u00e9dente<\/title>\n<meta name=\"description\" content=\"Pour ce deuxi\u00e8me \u00e9pisode retour sur la fin de la saison 2017 pendant que la nouvelle saison d&#039;aviron d\u00e9bute d\u00e9j\u00e0.\" \/>\n<meta name=\"robots\" content=\"index, follow, max-snippet:-1, max-image-preview:large, max-video-preview:-1\" \/>\n<link rel=\"canonical\" href=\"https:\/\/dicodusport.fr\/blog\/regates-de-medias-aviron-2-nouvelle-saison-chasse-precedente\/\" \/>\n<meta property=\"og:locale\" content=\"fr_FR\" \/>\n<meta property=\"og:type\" content=\"article\" \/>\n<meta property=\"og:title\" content=\"Les r\u00e9gates de M\u00e9dias Aviron #2 : La nouvelle saison chasse la pr\u00e9c\u00e9dente\" \/>\n<meta property=\"og:description\" content=\"Pour ce deuxi\u00e8me \u00e9pisode retour sur la fin de la saison 2017 pendant que la nouvelle saison d&#039;aviron d\u00e9bute d\u00e9j\u00e0.\" \/>\n<meta property=\"og:url\" content=\"https:\/\/dicodusport.fr\/blog\/regates-de-medias-aviron-2-nouvelle-saison-chasse-precedente\/\" \/>\n<meta property=\"og:site_name\" content=\"Dicodusport\" \/>\n<meta property=\"article:publisher\" content=\"https:\/\/www.facebook.com\/dicodusport\" \/>\n<meta property=\"article:author\" content=\"https:\/\/www.facebook.com\/dicodusport\" \/>\n<meta property=\"article:published_time\" content=\"2017-11-09T07:00:48+00:00\" \/>\n<meta property=\"og:image\" content=\"https:\/\/dicodusport.fr\/blog\/wp-content\/uploads\/2017\/11\/Lyon-Aviron-Sprint.png\" \/>\n\t<meta property=\"og:image:width\" content=\"1200\" \/>\n\t<meta property=\"og:image:height\" content=\"670\" \/>\n\t<meta property=\"og:image:type\" content=\"image\/png\" \/>\n<meta name=\"author\" content=\"Nicolas Jacquemard\" \/>\n<meta name=\"twitter:card\" content=\"summary_large_image\" \/>\n<meta name=\"twitter:creator\" content=\"@https:\/\/twitter.com\/Nico_Jacquemard\" \/>\n<meta name=\"twitter:site\" content=\"@dicodusport\" \/>\n<script type=\"application\/ld+json\" class=\"yoast-schema-graph\">{\"@context\":\"https:\/\/schema.org\",\"@graph\":[{\"@type\":\"NewsArticle\",\"@id\":\"https:\/\/dicodusport.fr\/blog\/regates-de-medias-aviron-2-nouvelle-saison-chasse-precedente\/#article\",\"isPartOf\":{\"@id\":\"https:\/\/dicodusport.fr\/blog\/regates-de-medias-aviron-2-nouvelle-saison-chasse-precedente\/\"},\"author\":{\"name\":\"Nicolas Jacquemard\",\"@id\":\"https:\/\/dicodusport.fr\/blog\/#\/schema\/person\/55dcb50ad410894e431ed812bbb70191\"},\"headline\":\"Les r\u00e9gates de M\u00e9dias Aviron #2 : La nouvelle saison chasse la pr\u00e9c\u00e9dente\",\"datePublished\":\"2017-11-09T07:00:48+00:00\",\"mainEntityOfPage\":{\"@id\":\"https:\/\/dicodusport.fr\/blog\/regates-de-medias-aviron-2-nouvelle-saison-chasse-precedente\/\"},\"wordCount\":507,\"commentCount\":0,\"publisher\":{\"@id\":\"https:\/\/dicodusport.fr\/blog\/#organization\"},\"image\":{\"@id\":\"https:\/\/dicodusport.fr\/blog\/regates-de-medias-aviron-2-nouvelle-saison-chasse-precedente\/#primaryimage\"},\"thumbnailUrl\":\"https:\/\/dicodusport.fr\/blog\/wp-content\/uploads\/2017\/11\/Lyon-Aviron-Sprint.png\",\"keywords\":[\"aviron\",\"j\u00e9r\u00e9mie azou\",\"m\u00e9dias aviron\"],\"articleSection\":[\"Actualit\u00e9s\",\"Aviron\"],\"inLanguage\":\"fr-FR\",\"potentialAction\":[{\"@type\":\"CommentAction\",\"name\":\"Comment\",\"target\":[\"https:\/\/dicodusport.fr\/blog\/regates-de-medias-aviron-2-nouvelle-saison-chasse-precedente\/#respond\"]}],\"copyrightYear\":\"2017\",\"copyrightHolder\":{\"@id\":\"https:\/\/dicodusport.fr\/blog\/#organization\"}},{\"@type\":\"WebPage\",\"@id\":\"https:\/\/dicodusport.fr\/blog\/regates-de-medias-aviron-2-nouvelle-saison-chasse-precedente\/\",\"url\":\"https:\/\/dicodusport.fr\/blog\/regates-de-medias-aviron-2-nouvelle-saison-chasse-precedente\/\",\"name\":\"Les r\u00e9gates de M\u00e9dias Aviron #2 : La nouvelle saison chasse la pr\u00e9c\u00e9dente\",\"isPartOf\":{\"@id\":\"https:\/\/dicodusport.fr\/blog\/#website\"},\"primaryImageOfPage\":{\"@id\":\"https:\/\/dicodusport.fr\/blog\/regates-de-medias-aviron-2-nouvelle-saison-chasse-precedente\/#primaryimage\"},\"image\":{\"@id\":\"https:\/\/dicodusport.fr\/blog\/regates-de-medias-aviron-2-nouvelle-saison-chasse-precedente\/#primaryimage\"},\"thumbnailUrl\":\"https:\/\/dicodusport.fr\/blog\/wp-content\/uploads\/2017\/11\/Lyon-Aviron-Sprint.png\",\"datePublished\":\"2017-11-09T07:00:48+00:00\",\"description\":\"Pour ce deuxi\u00e8me \u00e9pisode retour sur la fin de la saison 2017 pendant que la nouvelle saison d'aviron d\u00e9bute d\u00e9j\u00e0.\",\"breadcrumb\":{\"@id\":\"https:\/\/dicodusport.fr\/blog\/regates-de-medias-aviron-2-nouvelle-saison-chasse-precedente\/#breadcrumb\"},\"inLanguage\":\"fr-FR\",\"potentialAction\":[{\"@type\":\"ReadAction\",\"target\":[\"https:\/\/dicodusport.fr\/blog\/regates-de-medias-aviron-2-nouvelle-saison-chasse-precedente\/\"]}]},{\"@type\":\"ImageObject\",\"inLanguage\":\"fr-FR\",\"@id\":\"https:\/\/dicodusport.fr\/blog\/regates-de-medias-aviron-2-nouvelle-saison-chasse-precedente\/#primaryimage\",\"url\":\"https:\/\/dicodusport.fr\/blog\/wp-content\/uploads\/2017\/11\/Lyon-Aviron-Sprint.png\",\"contentUrl\":\"https:\/\/dicodusport.fr\/blog\/wp-content\/uploads\/2017\/11\/Lyon-Aviron-Sprint.png\",\"width\":1200,\"height\":670,\"caption\":\"Lyon Aviron Sprint\"},{\"@type\":\"BreadcrumbList\",\"@id\":\"https:\/\/dicodusport.fr\/blog\/regates-de-medias-aviron-2-nouvelle-saison-chasse-precedente\/#breadcrumb\",\"itemListElement\":[{\"@type\":\"ListItem\",\"position\":1,\"name\":\"Accueil\",\"item\":\"https:\/\/dicodusport.fr\/blog\/\"},{\"@type\":\"ListItem\",\"position\":2,\"name\":\"Les r\u00e9gates de M\u00e9dias Aviron #2 : La nouvelle saison chasse la pr\u00e9c\u00e9dente\"}]},{\"@type\":\"WebSite\",\"@id\":\"https:\/\/dicodusport.fr\/blog\/#website\",\"url\":\"https:\/\/dicodusport.fr\/blog\/\",\"name\":\"Dicodusport\",\"description\":\"L&#039;encyclop\u00e9die de l&#039;actualit\u00e9 sportive\",\"publisher\":{\"@id\":\"https:\/\/dicodusport.fr\/blog\/#organization\"},\"potentialAction\":[{\"@type\":\"SearchAction\",\"target\":{\"@type\":\"EntryPoint\",\"urlTemplate\":\"https:\/\/dicodusport.fr\/blog\/?s={search_term_string}\"},\"query-input\":{\"@type\":\"PropertyValueSpecification\",\"valueRequired\":true,\"valueName\":\"search_term_string\"}}],\"inLanguage\":\"fr-FR\"},{\"@type\":\"NewsMediaOrganization\",\"@id\":\"https:\/\/dicodusport.fr\/blog\/#organization\",\"name\":\"Dicodusport\",\"url\":\"https:\/\/dicodusport.fr\/blog\/\",\"logo\":{\"@type\":\"ImageObject\",\"inLanguage\":\"fr-FR\",\"@id\":\"https:\/\/dicodusport.fr\/blog\/#\/schema\/logo\/image\/\",\"url\":\"https:\/\/dicodusport.fr\/blog\/wp-content\/uploads\/2020\/06\/cropped-LOGO-DICODUSPORT-2020-SANS-FOND-SANS-TEXTE.png\",\"contentUrl\":\"https:\/\/dicodusport.fr\/blog\/wp-content\/uploads\/2020\/06\/cropped-LOGO-DICODUSPORT-2020-SANS-FOND-SANS-TEXTE.png\",\"width\":512,\"height\":512,\"caption\":\"Dicodusport\"},\"image\":{\"@id\":\"https:\/\/dicodusport.fr\/blog\/#\/schema\/logo\/image\/\"},\"sameAs\":[\"https:\/\/www.facebook.com\/dicodusport\",\"https:\/\/x.com\/dicodusport\",\"https:\/\/www.instagram.com\/dicodusport\/\",\"https:\/\/www.youtube.com\/channel\/UC7V2KZ5sd3htJivAbA4ZG3w\"],\"description\":\"Dicodusport est l'encyclop\u00e9die de l'actualit\u00e9 sportive.\",\"email\":\"bonjour@dicodusport.fr\",\"legalName\":\"DICODUSPORT\",\"foundingDate\":\"2018-01-14\",\"vatID\":\"FR71834470973\",\"taxID\":\"83447097300043\",\"numberOfEmployees\":{\"@type\":\"QuantitativeValue\",\"minValue\":\"1\",\"maxValue\":\"10\"}},{\"@type\":\"Person\",\"@id\":\"https:\/\/dicodusport.fr\/blog\/#\/schema\/person\/55dcb50ad410894e431ed812bbb70191\",\"name\":\"Nicolas Jacquemard\",\"image\":{\"@type\":\"ImageObject\",\"inLanguage\":\"fr-FR\",\"@id\":\"https:\/\/dicodusport.fr\/blog\/#\/schema\/person\/image\/\",\"url\":\"https:\/\/dicodusport.fr\/blog\/wp-content\/uploads\/2021\/05\/Nicolas-Jacquemard-150x150.jpeg\",\"contentUrl\":\"https:\/\/dicodusport.fr\/blog\/wp-content\/uploads\/2021\/05\/Nicolas-Jacquemard-150x150.jpeg\",\"caption\":\"Nicolas Jacquemard\"},\"description\":\"Passionn\u00e9 de sport et entrepreneur depuis mes 18 ans, la cr\u00e9ation de Dicodusport m'a sembl\u00e9 \u00e9vidente pour participer \u00e0 la m\u00e9diatisation d'un plus grand nombre de sports. Le chemin est long mais avec une \u00e9quipe des plus motiv\u00e9es et les Jeux Olympiques de Paris 2024 en point de mire, nous y arriverons ! Journaliste dans le monde du sport depuis plus de 5 ans, je traite aussi bien de football, de rugby, de biathlon que de cyclisme.\",\"sameAs\":[\"https:\/\/www.facebook.com\/dicodusport\",\"https:\/\/x.com\/https:\/\/twitter.com\/Nico_Jacquemard\"],\"url\":\"https:\/\/dicodusport.fr\/blog\/author\/dicodusport\/\"}]}<\/script>\n<!-- \/ Yoast SEO Premium plugin. -->","yoast_head_json":{"title":"Les r\u00e9gates de M\u00e9dias Aviron #2 : La nouvelle saison chasse la pr\u00e9c\u00e9dente","description":"Pour ce deuxi\u00e8me \u00e9pisode retour sur la fin de la saison 2017 pendant que la nouvelle saison d'aviron d\u00e9bute d\u00e9j\u00e0.","robots":{"index":"index","follow":"follow","max-snippet":"max-snippet:-1","max-image-preview":"max-image-preview:large","max-video-preview":"max-video-preview:-1"},"canonical":"https:\/\/dicodusport.fr\/blog\/regates-de-medias-aviron-2-nouvelle-saison-chasse-precedente\/","og_locale":"fr_FR","og_type":"article","og_title":"Les r\u00e9gates de M\u00e9dias Aviron #2 : La nouvelle saison chasse la pr\u00e9c\u00e9dente","og_description":"Pour ce deuxi\u00e8me \u00e9pisode retour sur la fin de la saison 2017 pendant que la nouvelle saison d'aviron d\u00e9bute d\u00e9j\u00e0.","og_url":"https:\/\/dicodusport.fr\/blog\/regates-de-medias-aviron-2-nouvelle-saison-chasse-precedente\/","og_site_name":"Dicodusport","article_publisher":"https:\/\/www.facebook.com\/dicodusport","article_author":"https:\/\/www.facebook.com\/dicodusport","article_published_time":"2017-11-09T07:00:48+00:00","og_image":[{"width":1200,"height":670,"url":"https:\/\/dicodusport.fr\/blog\/wp-content\/uploads\/2017\/11\/Lyon-Aviron-Sprint.png","type":"image\/png"}],"author":"Nicolas Jacquemard","twitter_card":"summary_large_image","twitter_creator":"@https:\/\/twitter.com\/Nico_Jacquemard","twitter_site":"@dicodusport","schema":{"@context":"https:\/\/schema.org","@graph":[{"@type":"NewsArticle","@id":"https:\/\/dicodusport.fr\/blog\/regates-de-medias-aviron-2-nouvelle-saison-chasse-precedente\/#article","isPartOf":{"@id":"https:\/\/dicodusport.fr\/blog\/regates-de-medias-aviron-2-nouvelle-saison-chasse-precedente\/"},"author":{"name":"Nicolas Jacquemard","@id":"https:\/\/dicodusport.fr\/blog\/#\/schema\/person\/55dcb50ad410894e431ed812bbb70191"},"headline":"Les r\u00e9gates de M\u00e9dias Aviron #2 : La nouvelle saison chasse la pr\u00e9c\u00e9dente","datePublished":"2017-11-09T07:00:48+00:00","mainEntityOfPage":{"@id":"https:\/\/dicodusport.fr\/blog\/regates-de-medias-aviron-2-nouvelle-saison-chasse-precedente\/"},"wordCount":507,"commentCount":0,"publisher":{"@id":"https:\/\/dicodusport.fr\/blog\/#organization"},"image":{"@id":"https:\/\/dicodusport.fr\/blog\/regates-de-medias-aviron-2-nouvelle-saison-chasse-precedente\/#primaryimage"},"thumbnailUrl":"https:\/\/dicodusport.fr\/blog\/wp-content\/uploads\/2017\/11\/Lyon-Aviron-Sprint.png","keywords":["aviron","j\u00e9r\u00e9mie azou","m\u00e9dias aviron"],"articleSection":["Actualit\u00e9s","Aviron"],"inLanguage":"fr-FR","potentialAction":[{"@type":"CommentAction","name":"Comment","target":["https:\/\/dicodusport.fr\/blog\/regates-de-medias-aviron-2-nouvelle-saison-chasse-precedente\/#respond"]}],"copyrightYear":"2017","copyrightHolder":{"@id":"https:\/\/dicodusport.fr\/blog\/#organization"}},{"@type":"WebPage","@id":"https:\/\/dicodusport.fr\/blog\/regates-de-medias-aviron-2-nouvelle-saison-chasse-precedente\/","url":"https:\/\/dicodusport.fr\/blog\/regates-de-medias-aviron-2-nouvelle-saison-chasse-precedente\/","name":"Les r\u00e9gates de M\u00e9dias Aviron #2 : La nouvelle saison chasse la pr\u00e9c\u00e9dente","isPartOf":{"@id":"https:\/\/dicodusport.fr\/blog\/#website"},"primaryImageOfPage":{"@id":"https:\/\/dicodusport.fr\/blog\/regates-de-medias-aviron-2-nouvelle-saison-chasse-precedente\/#primaryimage"},"image":{"@id":"https:\/\/dicodusport.fr\/blog\/regates-de-medias-aviron-2-nouvelle-saison-chasse-precedente\/#primaryimage"},"thumbnailUrl":"https:\/\/dicodusport.fr\/blog\/wp-content\/uploads\/2017\/11\/Lyon-Aviron-Sprint.png","datePublished":"2017-11-09T07:00:48+00:00","description":"Pour ce deuxi\u00e8me \u00e9pisode retour sur la fin de la saison 2017 pendant que la nouvelle saison d'aviron d\u00e9bute d\u00e9j\u00e0.","breadcrumb":{"@id":"https:\/\/dicodusport.fr\/blog\/regates-de-medias-aviron-2-nouvelle-saison-chasse-precedente\/#breadcrumb"},"inLanguage":"fr-FR","potentialAction":[{"@type":"ReadAction","target":["https:\/\/dicodusport.fr\/blog\/regates-de-medias-aviron-2-nouvelle-saison-chasse-precedente\/"]}]},{"@type":"ImageObject","inLanguage":"fr-FR","@id":"https:\/\/dicodusport.fr\/blog\/regates-de-medias-aviron-2-nouvelle-saison-chasse-precedente\/#primaryimage","url":"https:\/\/dicodusport.fr\/blog\/wp-content\/uploads\/2017\/11\/Lyon-Aviron-Sprint.png","contentUrl":"https:\/\/dicodusport.fr\/blog\/wp-content\/uploads\/2017\/11\/Lyon-Aviron-Sprint.png","width":1200,"height":670,"caption":"Lyon Aviron Sprint"},{"@type":"BreadcrumbList","@id":"https:\/\/dicodusport.fr\/blog\/regates-de-medias-aviron-2-nouvelle-saison-chasse-precedente\/#breadcrumb","itemListElement":[{"@type":"ListItem","position":1,"name":"Accueil","item":"https:\/\/dicodusport.fr\/blog\/"},{"@type":"ListItem","position":2,"name":"Les r\u00e9gates de M\u00e9dias Aviron #2 : La nouvelle saison chasse la pr\u00e9c\u00e9dente"}]},{"@type":"WebSite","@id":"https:\/\/dicodusport.fr\/blog\/#website","url":"https:\/\/dicodusport.fr\/blog\/","name":"Dicodusport","description":"L&#039;encyclop\u00e9die de l&#039;actualit\u00e9 sportive","publisher":{"@id":"https:\/\/dicodusport.fr\/blog\/#organization"},"potentialAction":[{"@type":"SearchAction","target":{"@type":"EntryPoint","urlTemplate":"https:\/\/dicodusport.fr\/blog\/?s={search_term_string}"},"query-input":{"@type":"PropertyValueSpecification","valueRequired":true,"valueName":"search_term_string"}}],"inLanguage":"fr-FR"},{"@type":"NewsMediaOrganization","@id":"https:\/\/dicodusport.fr\/blog\/#organization","name":"Dicodusport","url":"https:\/\/dicodusport.fr\/blog\/","logo":{"@type":"ImageObject","inLanguage":"fr-FR","@id":"https:\/\/dicodusport.fr\/blog\/#\/schema\/logo\/image\/","url":"https:\/\/dicodusport.fr\/blog\/wp-content\/uploads\/2020\/06\/cropped-LOGO-DICODUSPORT-2020-SANS-FOND-SANS-TEXTE.png","contentUrl":"https:\/\/dicodusport.fr\/blog\/wp-content\/uploads\/2020\/06\/cropped-LOGO-DICODUSPORT-2020-SANS-FOND-SANS-TEXTE.png","width":512,"height":512,"caption":"Dicodusport"},"image":{"@id":"https:\/\/dicodusport.fr\/blog\/#\/schema\/logo\/image\/"},"sameAs":["https:\/\/www.facebook.com\/dicodusport","https:\/\/x.com\/dicodusport","https:\/\/www.instagram.com\/dicodusport\/","https:\/\/www.youtube.com\/channel\/UC7V2KZ5sd3htJivAbA4ZG3w"],"description":"Dicodusport est l'encyclop\u00e9die de l'actualit\u00e9 sportive.","email":"bonjour@dicodusport.fr","legalName":"DICODUSPORT","foundingDate":"2018-01-14","vatID":"FR71834470973","taxID":"83447097300043","numberOfEmployees":{"@type":"QuantitativeValue","minValue":"1","maxValue":"10"}},{"@type":"Person","@id":"https:\/\/dicodusport.fr\/blog\/#\/schema\/person\/55dcb50ad410894e431ed812bbb70191","name":"Nicolas Jacquemard","image":{"@type":"ImageObject","inLanguage":"fr-FR","@id":"https:\/\/dicodusport.fr\/blog\/#\/schema\/person\/image\/","url":"https:\/\/dicodusport.fr\/blog\/wp-content\/uploads\/2021\/05\/Nicolas-Jacquemard-150x150.jpeg","contentUrl":"https:\/\/dicodusport.fr\/blog\/wp-content\/uploads\/2021\/05\/Nicolas-Jacquemard-150x150.jpeg","caption":"Nicolas Jacquemard"},"description":"Passionn\u00e9 de sport et entrepreneur depuis mes 18 ans, la cr\u00e9ation de Dicodusport m'a sembl\u00e9 \u00e9vidente pour participer \u00e0 la m\u00e9diatisation d'un plus grand nombre de sports. Le chemin est long mais avec une \u00e9quipe des plus motiv\u00e9es et les Jeux Olympiques de Paris 2024 en point de mire, nous y arriverons ! Journaliste dans le monde du sport depuis plus de 5 ans, je traite aussi bien de football, de rugby, de biathlon que de cyclisme.","sameAs":["https:\/\/www.facebook.com\/dicodusport","https:\/\/x.com\/https:\/\/twitter.com\/Nico_Jacquemard"],"url":"https:\/\/dicodusport.fr\/blog\/author\/dicodusport\/"}]}},"_links":{"self":[{"href":"https:\/\/dicodusport.fr\/blog\/wp-json\/wp\/v2\/posts\/6529","targetHints":{"allow":["GET"]}}],"collection":[{"href":"https:\/\/dicodusport.fr\/blog\/wp-json\/wp\/v2\/posts"}],"about":[{"href":"https:\/\/dicodusport.fr\/blog\/wp-json\/wp\/v2\/types\/post"}],"author":[{"embeddable":true,"href":"https:\/\/dicodusport.fr\/blog\/wp-json\/wp\/v2\/users\/1"}],"replies":[{"embeddable":true,"href":"https:\/\/dicodusport.fr\/blog\/wp-json\/wp\/v2\/comments?post=6529"}],"version-history":[{"count":0,"href":"https:\/\/dicodusport.fr\/blog\/wp-json\/wp\/v2\/posts\/6529\/revisions"}],"wp:featuredmedia":[{"embeddable":true,"href":"https:\/\/dicodusport.fr\/blog\/wp-json\/wp\/v2\/media\/6532"}],"wp:attachment":[{"href":"https:\/\/dicodusport.fr\/blog\/wp-json\/wp\/v2\/media?parent=6529"}],"wp:term":[{"taxonomy":"category","embeddable":true,"href":"https:\/\/dicodusport.fr\/blog\/wp-json\/wp\/v2\/categories?post=6529"},{"taxonomy":"post_tag","embeddable":true,"href":"https:\/\/dicodusport.fr\/blog\/wp-json\/wp\/v2\/tags?post=6529"}],"curies":[{"name":"wp","href":"https:\/\/api.w.org\/{rel}","templated":true}]}}