{"id":652915,"date":"2026-03-06T16:21:06","date_gmt":"2026-03-06T15:21:06","guid":{"rendered":"https:\/\/dicodusport.fr\/blog\/?p=652915&#038;preview=true&#038;preview_id=652915"},"modified":"2026-03-06T23:36:34","modified_gmt":"2026-03-06T22:36:34","slug":"la-francaise-adele-ouvrier-buffet-vice-championne-du-monde-jeunes-de-la-mass-start-60-selina-ganner-se-pare-dor","status":"publish","type":"post","link":"https:\/\/dicodusport.fr\/blog\/la-francaise-adele-ouvrier-buffet-vice-championne-du-monde-jeunes-de-la-mass-start-60-selina-ganner-se-pare-dor\/","title":{"rendered":"La Fran\u00e7aise Ad\u00e8le Ouvrier-Buffet vice-championne du monde jeunes de la mass start 60, Selina Ganner se pare d&rsquo;or"},"content":{"rendered":"<p style=\"text-align: justify;\"><strong><em>MONDIAUX DE BIATHLON JEUNES ET JUNIORS 2026 &#8211; Selina Ganner est devenue championne du monde de la mass start 60 chez les jeunes. Ad\u00e8le Ouvrier-Buffet est deuxi\u00e8me.<\/em><\/strong><\/p>\n<ul>\n<li style=\"text-align: justify;\"><strong>\u00c0 ce sujet \u2014\u00a0<a href=\"https:\/\/dicodusport.fr\/blog\/mondiaux-jeunes-et-juniors-de-biathlon-2026-programme-complet-et-resultats\/\">Mondiaux jeunes et juniors de biathlon 2026 : programme complet et r\u00e9sultats<\/a><\/strong><\/li>\n<\/ul>\n<h2 style=\"text-align: justify;\">Michaela Strakova, un tripl\u00e9 quasi in\u00e9dit dans le viseur<\/h2>\n<p style=\"text-align: justify;\">Derni\u00e8re course individuelle au programme de ces Mondiaux jeunes-juniors, la lutte pour le podium sur la mass start 60 jeunes filles s\u2019annon\u00e7ait ind\u00e9cise. Les s\u0153urs <strong>Romane Ouvrier-Buffet<\/strong> et <strong>Ad\u00e8le Ouvrier-Buffet<\/strong>, ainsi que <strong>Juliette Oliva<\/strong> et <strong>Matilda Dodos<\/strong>, portaient les espoirs du clan fran\u00e7ais.<\/p>\n<p style=\"text-align: justify;\">La t\u00e2che s\u2019annon\u00e7ait toutefois compliqu\u00e9e, puisque seule <strong>Ad\u00e8le Ouvrier-Buffet<\/strong> \u00e9tait parvenue \u00e0 s\u2019immiscer dans un top 10 depuis le d\u00e9but de ces championnats, avec une huiti\u00e8me place sur le sprint. En revanche, une favorite se d\u00e9tachait pour l\u2019or : la Slovaque <strong>Michaela Strakova<\/strong>, en qu\u00eate d\u2019un tripl\u00e9 <a href=\"https:\/\/dicodusport.fr\/blog\/michaela-strakova-championne-du-monde-jeunes-de-lindividuel-les-francaises-hors-du-coup\/\">apr\u00e8s avoir \u00e9t\u00e9 sacr\u00e9e sur l\u2019individuel<\/a> et <a href=\"https:\/\/dicodusport.fr\/blog\/apres-lindividuel-michaela-strakova-bisse-et-devient-championne-du-monde-sur-le-sprint-jeunes\/\">sur le sprint<\/a>.<\/p>\n<p style=\"text-align: justify;\">Dans le pass\u00e9, <strong>Elvira Oeberg<\/strong> \u00e9tait pass\u00e9e proche de l\u2019exploit, en r\u00e9alisant le doubl\u00e9 individuel-sprint en 2018 avant d\u2019\u00e9chouer dans sa qu\u00eate de tripl\u00e9 sur la poursuite, qu\u2019elle avait termin\u00e9e cinqui\u00e8me. M\u00eame constat pour <strong>Lisa Vittozzi<\/strong>, qui, en 2014, avait d\u00e9but\u00e9 par un doubl\u00e9 sprint-poursuite avant de finir deuxi\u00e8me de l\u2019individuel.<\/p>\n<p style=\"text-align: justify;\">Ainsi, dans l\u2019histoire, seule <strong>Ulyana Nigmatullina<\/strong>, n\u00e9e <strong>Kaisheva<\/strong>, est parvenue \u00e0 signer un tripl\u00e9, en 2013, lors des championnats du monde jeunes. Contrairement aux deux autres biathl\u00e8tes, la Russe n\u2019a jamais v\u00e9ritablement explos\u00e9 au plus haut niveau chez les seniors, se contentant notamment de podiums en relais, dont une m\u00e9daille d\u2019argent et une de bronze aux Jeux en 2022.<\/p>\n<p style=\"text-align: justify;\">C\u2019est dire le d\u00e9fi immense qui se dressait devant <strong>Michaela Strakova<\/strong>. Apr\u00e8s une faute sur son premier tir couch\u00e9, la Slovaque a ensuite enclench\u00e9 la vitesse sup\u00e9rieure, en r\u00e9alisant le plein sur son deuxi\u00e8me passage face aux cibles. Deuxi\u00e8me \u00e0 ce moment-l\u00e0, elle prenait la t\u00eate dans le troisi\u00e8me tour.<\/p>\n<h2 style=\"text-align: justify;\">Le titre pour Ganner, la m\u00e9daille pour Ad\u00e8le Ouvrier-Buffet<\/h2>\n<p style=\"text-align: justify;\">Un peu plus t\u00f4t, <strong>Matilda Dodos<\/strong>, ressortie troisi\u00e8me du premier tir couch\u00e9, emmenait dans son sillage un groupe fourni vers le deuxi\u00e8me passage devant les cibles, \u00e0 distance n\u00e9anmoins d\u2019<strong>Ilvy Giestheuer<\/strong>, alors en t\u00eate. Rapide sur les skis, la Fran\u00e7aise reprenait cependant 18 secondes sur la deuxi\u00e8me boucle pour se rapprocher de l\u2019Autrichienne. Un peu plus loin, on retrouvait <strong>Ad\u00e8le Ouvrier-Buffet<\/strong>. La Fran\u00e7aise r\u00e9alisait alors la belle op\u00e9ration, en ressortant troisi\u00e8me du deuxi\u00e8me tir, juste devant <strong>Matilda Dodos<\/strong>, gagnant ainsi huit positions par rapport au premier passage. Le groupe de cinq \u2014 avec <strong>Michaela Strakova<\/strong> et <strong>Juliette Oliva<\/strong>, parvenue \u00e0 faire la jonction \u2014 disposait d\u2019une marge cons\u00e9quente au moment d\u2019aborder les tirs debout.<\/p>\n<p style=\"text-align: justify;\">Une avance pr\u00e9cieuse, au vu des nombreuses balles laiss\u00e9es en route. Finalement, la Slovaque gardait la t\u00eate, en compagnie d\u2019<strong>Ad\u00e8le Ouvrier-Buffet<\/strong>. Derri\u00e8re, <strong>Giannina Piller<\/strong>, partie avec 46 secondes de retard, r\u00e9alisait le plein et ressortait troisi\u00e8me \u00e0 19 secondes. <strong>Matilda Dodos<\/strong> et <strong>Juliette Oliva<\/strong> redescendaient aux cinqui\u00e8me et septi\u00e8me places. En t\u00eate, <strong>Ad\u00e8le Ouvrier-Buffet<\/strong>, plus rapide sur les skis, creusait un petit \u00e9cart pour se pr\u00e9senter seule dans la lutte pour la victoire.<\/p>\n<p style=\"text-align: justify;\">N\u00e9anmoins, un nouveau tour de p\u00e9nalit\u00e9, comme pour <strong>Michaela Strakova<\/strong>, la renvoyait \u00e0 la deuxi\u00e8me place, \u00e0 onze secondes de <strong>Giannina Piller<\/strong>, qui faisait le plein. Mais c\u2019est l\u2019Autrichienne <strong>Selina Ganner<\/strong> qui s\u2019est impos\u00e9e \u00e0 la faveur d\u2019une derni\u00e8re boucle supersonique. Ressortie troisi\u00e8me \u00e0 seize secondes, <strong>Selina Ganner<\/strong> n\u2019a laiss\u00e9 aucune chance \u00e0 <strong>Ad\u00e8le Ouvrier-Buffet<\/strong>, qui avait pourtant refait son d\u00e9bours sur <strong>Giannina Piller<\/strong>. La Fran\u00e7aise prend ainsi la deuxi\u00e8me place devant une autre biathl\u00e8te autrichienne, <strong>Ilvy Giestheuer<\/strong>, victorieuse du sprint, qui compl\u00e8te le podium, devant la Suissesse.<\/p>\n<ul>\n<li><strong>\u00c0 ce sujet \u2014 <a href=\"https:\/\/dicodusport.fr\/blog\/mondiaux-jeunes-et-juniors-de-biathlon-2026-le-tableau-des-medailles-actualise\/\">Mondiaux jeunes et juniors de biathlon 2026 : le tableau des m\u00e9dailles actualis\u00e9<\/a><\/strong><\/li>\n<\/ul>\n<h2 style=\"text-align: justify;\">Pas de tripl\u00e9 pour Strakova<\/h2>\n<p style=\"text-align: justify;\">Comme <strong>Elvira Oeberg<\/strong> et <strong>Lisa Vittozzi<\/strong> avant elle, <strong>Michaela Strakova<\/strong> \u00e9choue dans sa qu\u00eate de tripl\u00e9, avec une cinqui\u00e8me place finale. <strong>Matilda Dodos<\/strong> prend la sixi\u00e8me place. Les autres Fran\u00e7aises sont plus loin, <strong>Juliette Oliva<\/strong> terminant onzi\u00e8me et <strong>Romane Ouvrier-Buffet<\/strong> seulement vingt-septi\u00e8me.<\/p>\n<ul>\n<li><strong>\u00c0 ce sujet \u2014 <a href=\"https:\/\/dicodusport.fr\/blog\/biathlon-classement-et-resultats-mass-start-60-femmes-jeunes-mondiaux-2026\/\">Biathlon : Classement et r\u00e9sultats Mass start 60 femmes jeunes Mondiaux 2026<\/a><\/strong><\/li>\n<\/ul>\n<blockquote class=\"twitter-tweet\">\n<p dir=\"ltr\" lang=\"fr\">Championnats du Monde Jeune (U19) de <a href=\"https:\/\/twitter.com\/hashtag\/biathlon?src=hash&amp;ref_src=twsrc%5Etfw\">#biathlon<\/a> &#8211; Mass Start 60 Femmes<br \/>\n\ud83e\udd48M\u00e9daille d&rsquo;argent pour Ad\u00e8le Ouvrier Buffet !<\/p>\n<p>\ud83e\udd47\ud83c\udde6\ud83c\uddf9S.Ganner (17\/20)<br \/>\n\ud83e\udd48\ud83c\uddeb\ud83c\uddf7Ad\u00e8le Ouvrier Buffet (17\/20)<br \/>\n\ud83e\udd49\ud83c\udde6\ud83c\uddf9I.Giesthauer (16\/20)<\/p>\n<p>6.\ud83c\uddeb\ud83c\uddf7M.Dodos (14\/20)<br \/>\n11.\ud83c\uddeb\ud83c\uddf7J.Oliva (13\/20)<br \/>\n26.\ud83c\uddeb\ud83c\uddf7R.Ouvrier Buffet (12\/20) <a href=\"https:\/\/t.co\/uDOtdfmIDQ\">pic.twitter.com\/uDOtdfmIDQ<\/a><\/p>\n<p>\u2014 Lebiathlonfr (@Lebiathlonfr) <a href=\"https:\/\/twitter.com\/Lebiathlonfr\/status\/2029939634193502279?ref_src=twsrc%5Etfw\">March 6, 2026<\/a><\/p><\/blockquote>\n<p><script async src=\"https:\/\/platform.twitter.com\/widgets.js\" charset=\"utf-8\"><\/script><\/p>\n<div id=\"gtx-trans\" style=\"position: absolute; left: -14px; top: 40.9091px;\">\n<div class=\"gtx-trans-icon\"><\/div>\n<\/div>\n","protected":false},"excerpt":{"rendered":"<p>MONDIAUX DE BIATHLON JEUNES ET JUNIORS 2026 &#8211; Selina\u00a0Ganner\u00a0est devenue championne du monde de la mass start 60 chez les jeunes. Ad\u00e8le Ouvrier-Buffet est deuxi\u00e8me.<\/p>\n","protected":false},"author":91,"featured_media":653124,"comment_status":"open","ping_status":"closed","sticky":false,"template":"","format":"standard","meta":{"_acf_changed":false,"_daextam_enable_autolinks":"1","footnotes":""},"categories":[47039],"tags":[2427,44689,16878],"class_list":["post-652915","post","type-post","status-publish","format-standard","has-post-thumbnail","hentry","category-championnats-du-monde-de-biathlon","tag-biathlon","tag-biathlon-championnats-du-monde","tag-breve"],"acf":[],"yoast_head":"<!-- This site is optimized with the Yoast SEO Premium plugin v26.7 (Yoast SEO v26.7) - https:\/\/yoast.com\/wordpress\/plugins\/seo\/ -->\n<title>La Fran\u00e7aise Ad\u00e8le Ouvrier-Buffet vice-championne du monde jeunes de la mass start 60, Selina Ganner se pare d&#039;or<\/title>\n<meta name=\"description\" content=\"MONDIAUX DE BIATHLON JEUNES ET JUNIORS 2026 - Selina\u00a0Ganner\u00a0s&#039;impose sur la mass start 60 chez les jeunes devant Ad\u00e8le Ouvrier-Buffet.\" \/>\n<meta name=\"robots\" content=\"index, follow, max-snippet:-1, max-image-preview:large, max-video-preview:-1\" \/>\n<link rel=\"canonical\" href=\"https:\/\/dicodusport.fr\/blog\/la-francaise-adele-ouvrier-buffet-vice-championne-du-monde-jeunes-de-la-mass-start-60-selina-ganner-se-pare-dor\/\" \/>\n<meta property=\"og:locale\" content=\"fr_FR\" \/>\n<meta property=\"og:type\" content=\"article\" \/>\n<meta property=\"og:title\" content=\"La Fran\u00e7aise Ad\u00e8le Ouvrier-Buffet vice-championne du monde jeunes de la mass start 60, Selina Ganner se pare d&#039;or\" \/>\n<meta property=\"og:description\" content=\"MONDIAUX DE BIATHLON JEUNES ET JUNIORS 2026 - Selina\u00a0Ganner\u00a0s&#039;impose sur la mass start 60 chez les jeunes devant Ad\u00e8le Ouvrier-Buffet.\" \/>\n<meta property=\"og:url\" content=\"https:\/\/dicodusport.fr\/blog\/la-francaise-adele-ouvrier-buffet-vice-championne-du-monde-jeunes-de-la-mass-start-60-selina-ganner-se-pare-dor\/\" \/>\n<meta property=\"og:site_name\" content=\"Dicodusport\" \/>\n<meta property=\"article:publisher\" content=\"https:\/\/www.facebook.com\/dicodusport\" \/>\n<meta property=\"article:published_time\" content=\"2026-03-06T15:21:06+00:00\" \/>\n<meta property=\"article:modified_time\" content=\"2026-03-06T22:36:34+00:00\" \/>\n<meta property=\"og:image\" content=\"https:\/\/dicodusport.fr\/blog\/wp-content\/uploads\/2026\/03\/La-Francaise-Adele-Ouvrier-Buffet-vice-championne-du-monde-jeunes-de-la-mass-start-60-Selina-Ganner-se-pare-dor-2.png\" \/>\n\t<meta property=\"og:image:width\" content=\"1200\" \/>\n\t<meta property=\"og:image:height\" content=\"674\" \/>\n\t<meta property=\"og:image:type\" content=\"image\/png\" \/>\n<meta name=\"author\" content=\"Victor Clot-Amiot\" \/>\n<meta name=\"twitter:card\" content=\"summary_large_image\" \/>\n<meta name=\"twitter:title\" content=\"La Fran\u00e7aise Ad\u00e8le Ouvrier-Buffet vice-championne du monde jeunes de la mass start 60, Selina Ganner se pare d&#039;or\" \/>\n<meta name=\"twitter:creator\" content=\"@https:\/\/x.com\/VictorClotAmiot\" \/>\n<meta name=\"twitter:site\" content=\"@dicodusport\" \/>\n<script type=\"application\/ld+json\" class=\"yoast-schema-graph\">{\"@context\":\"https:\/\/schema.org\",\"@graph\":[{\"@type\":\"NewsArticle\",\"@id\":\"https:\/\/dicodusport.fr\/blog\/la-francaise-adele-ouvrier-buffet-vice-championne-du-monde-jeunes-de-la-mass-start-60-selina-ganner-se-pare-dor\/#article\",\"isPartOf\":{\"@id\":\"https:\/\/dicodusport.fr\/blog\/la-francaise-adele-ouvrier-buffet-vice-championne-du-monde-jeunes-de-la-mass-start-60-selina-ganner-se-pare-dor\/\"},\"author\":{\"name\":\"Victor Clot-Amiot\",\"@id\":\"https:\/\/dicodusport.fr\/blog\/#\/schema\/person\/b623199cba9ba90fe84a3d16e9282360\"},\"headline\":\"La Fran\u00e7aise Ad\u00e8le Ouvrier-Buffet vice-championne du monde jeunes de la mass start 60, Selina Ganner se pare d&rsquo;or\",\"datePublished\":\"2026-03-06T15:21:06+00:00\",\"dateModified\":\"2026-03-06T22:36:34+00:00\",\"mainEntityOfPage\":{\"@id\":\"https:\/\/dicodusport.fr\/blog\/la-francaise-adele-ouvrier-buffet-vice-championne-du-monde-jeunes-de-la-mass-start-60-selina-ganner-se-pare-dor\/\"},\"wordCount\":812,\"commentCount\":0,\"publisher\":{\"@id\":\"https:\/\/dicodusport.fr\/blog\/#organization\"},\"image\":{\"@id\":\"https:\/\/dicodusport.fr\/blog\/la-francaise-adele-ouvrier-buffet-vice-championne-du-monde-jeunes-de-la-mass-start-60-selina-ganner-se-pare-dor\/#primaryimage\"},\"thumbnailUrl\":\"https:\/\/dicodusport.fr\/blog\/wp-content\/uploads\/2026\/03\/La-Francaise-Adele-Ouvrier-Buffet-vice-championne-du-monde-jeunes-de-la-mass-start-60-Selina-Ganner-se-pare-dor-2.png\",\"keywords\":[\"Biathlon\",\"Biathlon Championnats du monde\",\"br\u00e8ve\"],\"articleSection\":[\"Championnats du monde de biathlon\"],\"inLanguage\":\"fr-FR\",\"potentialAction\":[{\"@type\":\"CommentAction\",\"name\":\"Comment\",\"target\":[\"https:\/\/dicodusport.fr\/blog\/la-francaise-adele-ouvrier-buffet-vice-championne-du-monde-jeunes-de-la-mass-start-60-selina-ganner-se-pare-dor\/#respond\"]}],\"copyrightYear\":\"2026\",\"copyrightHolder\":{\"@id\":\"https:\/\/dicodusport.fr\/blog\/#organization\"}},{\"@type\":\"WebPage\",\"@id\":\"https:\/\/dicodusport.fr\/blog\/la-francaise-adele-ouvrier-buffet-vice-championne-du-monde-jeunes-de-la-mass-start-60-selina-ganner-se-pare-dor\/\",\"url\":\"https:\/\/dicodusport.fr\/blog\/la-francaise-adele-ouvrier-buffet-vice-championne-du-monde-jeunes-de-la-mass-start-60-selina-ganner-se-pare-dor\/\",\"name\":\"La Fran\u00e7aise Ad\u00e8le Ouvrier-Buffet vice-championne du monde jeunes de la mass start 60, Selina Ganner se pare d'or\",\"isPartOf\":{\"@id\":\"https:\/\/dicodusport.fr\/blog\/#website\"},\"primaryImageOfPage\":{\"@id\":\"https:\/\/dicodusport.fr\/blog\/la-francaise-adele-ouvrier-buffet-vice-championne-du-monde-jeunes-de-la-mass-start-60-selina-ganner-se-pare-dor\/#primaryimage\"},\"image\":{\"@id\":\"https:\/\/dicodusport.fr\/blog\/la-francaise-adele-ouvrier-buffet-vice-championne-du-monde-jeunes-de-la-mass-start-60-selina-ganner-se-pare-dor\/#primaryimage\"},\"thumbnailUrl\":\"https:\/\/dicodusport.fr\/blog\/wp-content\/uploads\/2026\/03\/La-Francaise-Adele-Ouvrier-Buffet-vice-championne-du-monde-jeunes-de-la-mass-start-60-Selina-Ganner-se-pare-dor-2.png\",\"datePublished\":\"2026-03-06T15:21:06+00:00\",\"dateModified\":\"2026-03-06T22:36:34+00:00\",\"description\":\"MONDIAUX DE BIATHLON JEUNES ET JUNIORS 2026 - Selina\u00a0Ganner\u00a0s'impose sur la mass start 60 chez les jeunes devant Ad\u00e8le Ouvrier-Buffet.\",\"breadcrumb\":{\"@id\":\"https:\/\/dicodusport.fr\/blog\/la-francaise-adele-ouvrier-buffet-vice-championne-du-monde-jeunes-de-la-mass-start-60-selina-ganner-se-pare-dor\/#breadcrumb\"},\"inLanguage\":\"fr-FR\",\"potentialAction\":[{\"@type\":\"ReadAction\",\"target\":[\"https:\/\/dicodusport.fr\/blog\/la-francaise-adele-ouvrier-buffet-vice-championne-du-monde-jeunes-de-la-mass-start-60-selina-ganner-se-pare-dor\/\"]}]},{\"@type\":\"ImageObject\",\"inLanguage\":\"fr-FR\",\"@id\":\"https:\/\/dicodusport.fr\/blog\/la-francaise-adele-ouvrier-buffet-vice-championne-du-monde-jeunes-de-la-mass-start-60-selina-ganner-se-pare-dor\/#primaryimage\",\"url\":\"https:\/\/dicodusport.fr\/blog\/wp-content\/uploads\/2026\/03\/La-Francaise-Adele-Ouvrier-Buffet-vice-championne-du-monde-jeunes-de-la-mass-start-60-Selina-Ganner-se-pare-dor-2.png\",\"contentUrl\":\"https:\/\/dicodusport.fr\/blog\/wp-content\/uploads\/2026\/03\/La-Francaise-Adele-Ouvrier-Buffet-vice-championne-du-monde-jeunes-de-la-mass-start-60-Selina-Ganner-se-pare-dor-2.png\",\"width\":1200,\"height\":674,\"caption\":\"La Fran\u00e7aise Ad\u00e8le Ouvrier-Buffet vice-championne du monde jeunes de la mass start 60, Selina Ganner se pare d'or (2)\"},{\"@type\":\"BreadcrumbList\",\"@id\":\"https:\/\/dicodusport.fr\/blog\/la-francaise-adele-ouvrier-buffet-vice-championne-du-monde-jeunes-de-la-mass-start-60-selina-ganner-se-pare-dor\/#breadcrumb\",\"itemListElement\":[{\"@type\":\"ListItem\",\"position\":1,\"name\":\"Accueil\",\"item\":\"https:\/\/dicodusport.fr\/blog\/\"},{\"@type\":\"ListItem\",\"position\":2,\"name\":\"La Fran\u00e7aise Ad\u00e8le Ouvrier-Buffet vice-championne du monde jeunes de la mass start 60, Selina Ganner se pare d&rsquo;or\"}]},{\"@type\":\"WebSite\",\"@id\":\"https:\/\/dicodusport.fr\/blog\/#website\",\"url\":\"https:\/\/dicodusport.fr\/blog\/\",\"name\":\"Dicodusport\",\"description\":\"L&#039;encyclop\u00e9die de l&#039;actualit\u00e9 sportive\",\"publisher\":{\"@id\":\"https:\/\/dicodusport.fr\/blog\/#organization\"},\"potentialAction\":[{\"@type\":\"SearchAction\",\"target\":{\"@type\":\"EntryPoint\",\"urlTemplate\":\"https:\/\/dicodusport.fr\/blog\/?s={search_term_string}\"},\"query-input\":{\"@type\":\"PropertyValueSpecification\",\"valueRequired\":true,\"valueName\":\"search_term_string\"}}],\"inLanguage\":\"fr-FR\"},{\"@type\":\"NewsMediaOrganization\",\"@id\":\"https:\/\/dicodusport.fr\/blog\/#organization\",\"name\":\"Dicodusport\",\"url\":\"https:\/\/dicodusport.fr\/blog\/\",\"logo\":{\"@type\":\"ImageObject\",\"inLanguage\":\"fr-FR\",\"@id\":\"https:\/\/dicodusport.fr\/blog\/#\/schema\/logo\/image\/\",\"url\":\"https:\/\/dicodusport.fr\/blog\/wp-content\/uploads\/2020\/06\/cropped-LOGO-DICODUSPORT-2020-SANS-FOND-SANS-TEXTE.png\",\"contentUrl\":\"https:\/\/dicodusport.fr\/blog\/wp-content\/uploads\/2020\/06\/cropped-LOGO-DICODUSPORT-2020-SANS-FOND-SANS-TEXTE.png\",\"width\":512,\"height\":512,\"caption\":\"Dicodusport\"},\"image\":{\"@id\":\"https:\/\/dicodusport.fr\/blog\/#\/schema\/logo\/image\/\"},\"sameAs\":[\"https:\/\/www.facebook.com\/dicodusport\",\"https:\/\/x.com\/dicodusport\",\"https:\/\/www.instagram.com\/dicodusport\/\",\"https:\/\/www.youtube.com\/channel\/UC7V2KZ5sd3htJivAbA4ZG3w\"],\"description\":\"Dicodusport est l'encyclop\u00e9die de l'actualit\u00e9 sportive.\",\"email\":\"bonjour@dicodusport.fr\",\"legalName\":\"DICODUSPORT\",\"foundingDate\":\"2018-01-14\",\"vatID\":\"FR71834470973\",\"taxID\":\"83447097300043\",\"numberOfEmployees\":{\"@type\":\"QuantitativeValue\",\"minValue\":\"1\",\"maxValue\":\"10\"}},{\"@type\":\"Person\",\"@id\":\"https:\/\/dicodusport.fr\/blog\/#\/schema\/person\/b623199cba9ba90fe84a3d16e9282360\",\"name\":\"Victor Clot-Amiot\",\"image\":{\"@type\":\"ImageObject\",\"inLanguage\":\"fr-FR\",\"@id\":\"https:\/\/dicodusport.fr\/blog\/#\/schema\/person\/image\/\",\"url\":\"https:\/\/dicodusport.fr\/blog\/wp-content\/uploads\/2023\/09\/IMG_20190826_114722-150x150.jpg\",\"contentUrl\":\"https:\/\/dicodusport.fr\/blog\/wp-content\/uploads\/2023\/09\/IMG_20190826_114722-150x150.jpg\",\"caption\":\"Victor Clot-Amiot\"},\"description\":\"Passionn\u00e9 de sport depuis toujours, un jour \u00e0 l'adolescence mes parents m'ont dit : \\\"quitte \u00e0 passer ton temps \u00e0 regarder du sport, au moins va le voir en vrai\\\" ! Depuis, cette remarque ne m'a plus quitt\u00e9 et je passe une grande partie de mon temps libre \u00e0 assister \u00e0 des comp\u00e9titions de tous sports. Je m\u00eale d'ailleurs mes deux passions, le sport et les voyages afin de faire une pierre deux coups ! Outre l'US Open ou l'Euro 2021 par exemple, j'ai assist\u00e9 cet \u00e9t\u00e9 aux Mondiaux d'athl\u00e9tisme \u00e0 Budapest. Mon plus gros coup dur est et restera les JO 2020-2021 pour lesquels j'avais r\u00e9serv\u00e9 17 \u00e9preuves. La suite, vous la connaissez...\",\"sameAs\":[\"https:\/\/x.com\/https:\/\/x.com\/VictorClotAmiot\"],\"url\":\"https:\/\/dicodusport.fr\/blog\/author\/victor-clot-amiot\/\"}]}<\/script>\n<!-- \/ Yoast SEO Premium plugin. -->","yoast_head_json":{"title":"La Fran\u00e7aise Ad\u00e8le Ouvrier-Buffet vice-championne du monde jeunes de la mass start 60, Selina Ganner se pare d'or","description":"MONDIAUX DE BIATHLON JEUNES ET JUNIORS 2026 - Selina\u00a0Ganner\u00a0s'impose sur la mass start 60 chez les jeunes devant Ad\u00e8le Ouvrier-Buffet.","robots":{"index":"index","follow":"follow","max-snippet":"max-snippet:-1","max-image-preview":"max-image-preview:large","max-video-preview":"max-video-preview:-1"},"canonical":"https:\/\/dicodusport.fr\/blog\/la-francaise-adele-ouvrier-buffet-vice-championne-du-monde-jeunes-de-la-mass-start-60-selina-ganner-se-pare-dor\/","og_locale":"fr_FR","og_type":"article","og_title":"La Fran\u00e7aise Ad\u00e8le Ouvrier-Buffet vice-championne du monde jeunes de la mass start 60, Selina Ganner se pare d'or","og_description":"MONDIAUX DE BIATHLON JEUNES ET JUNIORS 2026 - Selina\u00a0Ganner\u00a0s'impose sur la mass start 60 chez les jeunes devant Ad\u00e8le Ouvrier-Buffet.","og_url":"https:\/\/dicodusport.fr\/blog\/la-francaise-adele-ouvrier-buffet-vice-championne-du-monde-jeunes-de-la-mass-start-60-selina-ganner-se-pare-dor\/","og_site_name":"Dicodusport","article_publisher":"https:\/\/www.facebook.com\/dicodusport","article_published_time":"2026-03-06T15:21:06+00:00","article_modified_time":"2026-03-06T22:36:34+00:00","og_image":[{"width":1200,"height":674,"url":"https:\/\/dicodusport.fr\/blog\/wp-content\/uploads\/2026\/03\/La-Francaise-Adele-Ouvrier-Buffet-vice-championne-du-monde-jeunes-de-la-mass-start-60-Selina-Ganner-se-pare-dor-2.png","type":"image\/png"}],"author":"Victor Clot-Amiot","twitter_card":"summary_large_image","twitter_title":"La Fran\u00e7aise Ad\u00e8le Ouvrier-Buffet vice-championne du monde jeunes de la mass start 60, Selina Ganner se pare d'or","twitter_creator":"@https:\/\/x.com\/VictorClotAmiot","twitter_site":"@dicodusport","schema":{"@context":"https:\/\/schema.org","@graph":[{"@type":"NewsArticle","@id":"https:\/\/dicodusport.fr\/blog\/la-francaise-adele-ouvrier-buffet-vice-championne-du-monde-jeunes-de-la-mass-start-60-selina-ganner-se-pare-dor\/#article","isPartOf":{"@id":"https:\/\/dicodusport.fr\/blog\/la-francaise-adele-ouvrier-buffet-vice-championne-du-monde-jeunes-de-la-mass-start-60-selina-ganner-se-pare-dor\/"},"author":{"name":"Victor Clot-Amiot","@id":"https:\/\/dicodusport.fr\/blog\/#\/schema\/person\/b623199cba9ba90fe84a3d16e9282360"},"headline":"La Fran\u00e7aise Ad\u00e8le Ouvrier-Buffet vice-championne du monde jeunes de la mass start 60, Selina Ganner se pare d&rsquo;or","datePublished":"2026-03-06T15:21:06+00:00","dateModified":"2026-03-06T22:36:34+00:00","mainEntityOfPage":{"@id":"https:\/\/dicodusport.fr\/blog\/la-francaise-adele-ouvrier-buffet-vice-championne-du-monde-jeunes-de-la-mass-start-60-selina-ganner-se-pare-dor\/"},"wordCount":812,"commentCount":0,"publisher":{"@id":"https:\/\/dicodusport.fr\/blog\/#organization"},"image":{"@id":"https:\/\/dicodusport.fr\/blog\/la-francaise-adele-ouvrier-buffet-vice-championne-du-monde-jeunes-de-la-mass-start-60-selina-ganner-se-pare-dor\/#primaryimage"},"thumbnailUrl":"https:\/\/dicodusport.fr\/blog\/wp-content\/uploads\/2026\/03\/La-Francaise-Adele-Ouvrier-Buffet-vice-championne-du-monde-jeunes-de-la-mass-start-60-Selina-Ganner-se-pare-dor-2.png","keywords":["Biathlon","Biathlon Championnats du monde","br\u00e8ve"],"articleSection":["Championnats du monde de biathlon"],"inLanguage":"fr-FR","potentialAction":[{"@type":"CommentAction","name":"Comment","target":["https:\/\/dicodusport.fr\/blog\/la-francaise-adele-ouvrier-buffet-vice-championne-du-monde-jeunes-de-la-mass-start-60-selina-ganner-se-pare-dor\/#respond"]}],"copyrightYear":"2026","copyrightHolder":{"@id":"https:\/\/dicodusport.fr\/blog\/#organization"}},{"@type":"WebPage","@id":"https:\/\/dicodusport.fr\/blog\/la-francaise-adele-ouvrier-buffet-vice-championne-du-monde-jeunes-de-la-mass-start-60-selina-ganner-se-pare-dor\/","url":"https:\/\/dicodusport.fr\/blog\/la-francaise-adele-ouvrier-buffet-vice-championne-du-monde-jeunes-de-la-mass-start-60-selina-ganner-se-pare-dor\/","name":"La Fran\u00e7aise Ad\u00e8le Ouvrier-Buffet vice-championne du monde jeunes de la mass start 60, Selina Ganner se pare d'or","isPartOf":{"@id":"https:\/\/dicodusport.fr\/blog\/#website"},"primaryImageOfPage":{"@id":"https:\/\/dicodusport.fr\/blog\/la-francaise-adele-ouvrier-buffet-vice-championne-du-monde-jeunes-de-la-mass-start-60-selina-ganner-se-pare-dor\/#primaryimage"},"image":{"@id":"https:\/\/dicodusport.fr\/blog\/la-francaise-adele-ouvrier-buffet-vice-championne-du-monde-jeunes-de-la-mass-start-60-selina-ganner-se-pare-dor\/#primaryimage"},"thumbnailUrl":"https:\/\/dicodusport.fr\/blog\/wp-content\/uploads\/2026\/03\/La-Francaise-Adele-Ouvrier-Buffet-vice-championne-du-monde-jeunes-de-la-mass-start-60-Selina-Ganner-se-pare-dor-2.png","datePublished":"2026-03-06T15:21:06+00:00","dateModified":"2026-03-06T22:36:34+00:00","description":"MONDIAUX DE BIATHLON JEUNES ET JUNIORS 2026 - Selina\u00a0Ganner\u00a0s'impose sur la mass start 60 chez les jeunes devant Ad\u00e8le Ouvrier-Buffet.","breadcrumb":{"@id":"https:\/\/dicodusport.fr\/blog\/la-francaise-adele-ouvrier-buffet-vice-championne-du-monde-jeunes-de-la-mass-start-60-selina-ganner-se-pare-dor\/#breadcrumb"},"inLanguage":"fr-FR","potentialAction":[{"@type":"ReadAction","target":["https:\/\/dicodusport.fr\/blog\/la-francaise-adele-ouvrier-buffet-vice-championne-du-monde-jeunes-de-la-mass-start-60-selina-ganner-se-pare-dor\/"]}]},{"@type":"ImageObject","inLanguage":"fr-FR","@id":"https:\/\/dicodusport.fr\/blog\/la-francaise-adele-ouvrier-buffet-vice-championne-du-monde-jeunes-de-la-mass-start-60-selina-ganner-se-pare-dor\/#primaryimage","url":"https:\/\/dicodusport.fr\/blog\/wp-content\/uploads\/2026\/03\/La-Francaise-Adele-Ouvrier-Buffet-vice-championne-du-monde-jeunes-de-la-mass-start-60-Selina-Ganner-se-pare-dor-2.png","contentUrl":"https:\/\/dicodusport.fr\/blog\/wp-content\/uploads\/2026\/03\/La-Francaise-Adele-Ouvrier-Buffet-vice-championne-du-monde-jeunes-de-la-mass-start-60-Selina-Ganner-se-pare-dor-2.png","width":1200,"height":674,"caption":"La Fran\u00e7aise Ad\u00e8le Ouvrier-Buffet vice-championne du monde jeunes de la mass start 60, Selina Ganner se pare d'or (2)"},{"@type":"BreadcrumbList","@id":"https:\/\/dicodusport.fr\/blog\/la-francaise-adele-ouvrier-buffet-vice-championne-du-monde-jeunes-de-la-mass-start-60-selina-ganner-se-pare-dor\/#breadcrumb","itemListElement":[{"@type":"ListItem","position":1,"name":"Accueil","item":"https:\/\/dicodusport.fr\/blog\/"},{"@type":"ListItem","position":2,"name":"La Fran\u00e7aise Ad\u00e8le Ouvrier-Buffet vice-championne du monde jeunes de la mass start 60, Selina Ganner se pare d&rsquo;or"}]},{"@type":"WebSite","@id":"https:\/\/dicodusport.fr\/blog\/#website","url":"https:\/\/dicodusport.fr\/blog\/","name":"Dicodusport","description":"L&#039;encyclop\u00e9die de l&#039;actualit\u00e9 sportive","publisher":{"@id":"https:\/\/dicodusport.fr\/blog\/#organization"},"potentialAction":[{"@type":"SearchAction","target":{"@type":"EntryPoint","urlTemplate":"https:\/\/dicodusport.fr\/blog\/?s={search_term_string}"},"query-input":{"@type":"PropertyValueSpecification","valueRequired":true,"valueName":"search_term_string"}}],"inLanguage":"fr-FR"},{"@type":"NewsMediaOrganization","@id":"https:\/\/dicodusport.fr\/blog\/#organization","name":"Dicodusport","url":"https:\/\/dicodusport.fr\/blog\/","logo":{"@type":"ImageObject","inLanguage":"fr-FR","@id":"https:\/\/dicodusport.fr\/blog\/#\/schema\/logo\/image\/","url":"https:\/\/dicodusport.fr\/blog\/wp-content\/uploads\/2020\/06\/cropped-LOGO-DICODUSPORT-2020-SANS-FOND-SANS-TEXTE.png","contentUrl":"https:\/\/dicodusport.fr\/blog\/wp-content\/uploads\/2020\/06\/cropped-LOGO-DICODUSPORT-2020-SANS-FOND-SANS-TEXTE.png","width":512,"height":512,"caption":"Dicodusport"},"image":{"@id":"https:\/\/dicodusport.fr\/blog\/#\/schema\/logo\/image\/"},"sameAs":["https:\/\/www.facebook.com\/dicodusport","https:\/\/x.com\/dicodusport","https:\/\/www.instagram.com\/dicodusport\/","https:\/\/www.youtube.com\/channel\/UC7V2KZ5sd3htJivAbA4ZG3w"],"description":"Dicodusport est l'encyclop\u00e9die de l'actualit\u00e9 sportive.","email":"bonjour@dicodusport.fr","legalName":"DICODUSPORT","foundingDate":"2018-01-14","vatID":"FR71834470973","taxID":"83447097300043","numberOfEmployees":{"@type":"QuantitativeValue","minValue":"1","maxValue":"10"}},{"@type":"Person","@id":"https:\/\/dicodusport.fr\/blog\/#\/schema\/person\/b623199cba9ba90fe84a3d16e9282360","name":"Victor Clot-Amiot","image":{"@type":"ImageObject","inLanguage":"fr-FR","@id":"https:\/\/dicodusport.fr\/blog\/#\/schema\/person\/image\/","url":"https:\/\/dicodusport.fr\/blog\/wp-content\/uploads\/2023\/09\/IMG_20190826_114722-150x150.jpg","contentUrl":"https:\/\/dicodusport.fr\/blog\/wp-content\/uploads\/2023\/09\/IMG_20190826_114722-150x150.jpg","caption":"Victor Clot-Amiot"},"description":"Passionn\u00e9 de sport depuis toujours, un jour \u00e0 l'adolescence mes parents m'ont dit : \"quitte \u00e0 passer ton temps \u00e0 regarder du sport, au moins va le voir en vrai\" ! Depuis, cette remarque ne m'a plus quitt\u00e9 et je passe une grande partie de mon temps libre \u00e0 assister \u00e0 des comp\u00e9titions de tous sports. Je m\u00eale d'ailleurs mes deux passions, le sport et les voyages afin de faire une pierre deux coups ! Outre l'US Open ou l'Euro 2021 par exemple, j'ai assist\u00e9 cet \u00e9t\u00e9 aux Mondiaux d'athl\u00e9tisme \u00e0 Budapest. Mon plus gros coup dur est et restera les JO 2020-2021 pour lesquels j'avais r\u00e9serv\u00e9 17 \u00e9preuves. La suite, vous la connaissez...","sameAs":["https:\/\/x.com\/https:\/\/x.com\/VictorClotAmiot"],"url":"https:\/\/dicodusport.fr\/blog\/author\/victor-clot-amiot\/"}]}},"_links":{"self":[{"href":"https:\/\/dicodusport.fr\/blog\/wp-json\/wp\/v2\/posts\/652915","targetHints":{"allow":["GET"]}}],"collection":[{"href":"https:\/\/dicodusport.fr\/blog\/wp-json\/wp\/v2\/posts"}],"about":[{"href":"https:\/\/dicodusport.fr\/blog\/wp-json\/wp\/v2\/types\/post"}],"author":[{"embeddable":true,"href":"https:\/\/dicodusport.fr\/blog\/wp-json\/wp\/v2\/users\/91"}],"replies":[{"embeddable":true,"href":"https:\/\/dicodusport.fr\/blog\/wp-json\/wp\/v2\/comments?post=652915"}],"version-history":[{"count":5,"href":"https:\/\/dicodusport.fr\/blog\/wp-json\/wp\/v2\/posts\/652915\/revisions"}],"predecessor-version":[{"id":652944,"href":"https:\/\/dicodusport.fr\/blog\/wp-json\/wp\/v2\/posts\/652915\/revisions\/652944"}],"wp:featuredmedia":[{"embeddable":true,"href":"https:\/\/dicodusport.fr\/blog\/wp-json\/wp\/v2\/media\/653124"}],"wp:attachment":[{"href":"https:\/\/dicodusport.fr\/blog\/wp-json\/wp\/v2\/media?parent=652915"}],"wp:term":[{"taxonomy":"category","embeddable":true,"href":"https:\/\/dicodusport.fr\/blog\/wp-json\/wp\/v2\/categories?post=652915"},{"taxonomy":"post_tag","embeddable":true,"href":"https:\/\/dicodusport.fr\/blog\/wp-json\/wp\/v2\/tags?post=652915"}],"curies":[{"name":"wp","href":"https:\/\/api.w.org\/{rel}","templated":true}]}}