{"id":652917,"date":"2026-03-06T16:17:56","date_gmt":"2026-03-06T15:17:56","guid":{"rendered":"https:\/\/dicodusport.fr\/blog\/?p=652917&#038;preview=true&#038;preview_id=652917"},"modified":"2026-03-06T16:17:56","modified_gmt":"2026-03-06T15:17:56","slug":"lubin-martin-sacre-vice-champion-du-monde-juniors-de-combine-nordique-a-lillehammer","status":"publish","type":"post","link":"https:\/\/dicodusport.fr\/blog\/lubin-martin-sacre-vice-champion-du-monde-juniors-de-combine-nordique-a-lillehammer\/","title":{"rendered":"Lubin Martin sacr\u00e9 vice-champion du monde juniors de combin\u00e9 nordique \u00e0 Lillehammer !"},"content":{"rendered":"<p style=\"text-align: justify;\"><strong><em>MONDIAUX JUNIORS DE SKI NORDIQUE 2026 &#8211; Apr\u00e8s une belle bataille, Lubin Martin a arrach\u00e9 la m\u00e9daille d&rsquo;argent de la comp\u00e9tition individuelle derri\u00e8re Luk\u00e1\u0161 Dole\u017eal.<\/em><\/strong><\/p>\n<p style=\"text-align: justify;\">Dans l&rsquo;histoire des Championnats du monde juniors de ski nordique, un seul Fran\u00e7ais avait \u00e9t\u00e9 sacr\u00e9 en individuel en combin\u00e9 nordique : <strong>Fran\u00e7ois Braud<\/strong> en 2006. 20 ans plus tard,<strong> Lubin Martin<\/strong> et <strong>Simon Pagnier<\/strong> \u00e9taient sur la ligne de d\u00e9part apr\u00e8s avoir \u00e9chou\u00e9 par \u00e9quipes en d\u00e9but de semaine. Mais on ignorait quelles \u00e9taient leurs chances r\u00e9elles.<\/p>\n<h2 style=\"text-align: justify;\">Argent content ?<\/h2>\n<p style=\"text-align: justify;\">Apr\u00e8s le saut \u00e0 skis, seul <strong>Lubin Martin<\/strong> semblait dans le coup. Un saut \u00e0 93 m\u00e8tres et des notes de style appr\u00e9ciables, le Bleuet s&rsquo;incrustait en 8\u00e8me position. Et \u00e0 \u00ab\u00a0seulement\u00a0\u00bb 32 secondes de la t\u00eate, occup\u00e9e alors par <strong>Lovro Percl Seru\u010dnik<\/strong>. Clairement, l&rsquo;\u00e9cart \u00e9tait suffisamment faible pour croire en une m\u00e9daille. <strong>Pour Simon Pagnier<\/strong>, qui allait s&rsquo;\u00e9lancer \u00e0 1.24, un top 10 final pouvait \u00eatre un sacr\u00e9 r\u00e9sultat, mais cela n&rsquo;allait pas arriver (28\u00e8me).<\/p>\n<p style=\"text-align: justify;\"><strong>Lubin Martin<\/strong> s&rsquo;\u00e9lan\u00e7ait donc avec des ambitions, et les mat\u00e9rialisait rapidement. Il faisait l&rsquo;effort d\u00e8s le d\u00e9but de course, revenait en t\u00eate dans un groupe de moins de dix athl\u00e8tes. Et ses efforts allaient porter leurs fruits : tr\u00e8s vite, il se d\u00e9tachait en compagnie du Tch\u00e8que <strong>Luk\u00e1\u0161 Dole\u017eal\u00a0<\/strong>et du Norv\u00e9gien <strong>Sverre Kumar Lundeby<\/strong>.<\/p>\n<p style=\"text-align: justify;\">Le Fran\u00e7ais faisait le travail, et en faisait sans doute trop. Mais gr\u00e2ce \u00e0 ses gros relais, le trio s&rsquo;assurait la m\u00e9daille. Dans les derniers instants, c&rsquo;est toutefois <strong>Luk\u00e1\u0161 Dole\u017eal\u00a0<\/strong>qui allait r\u00e9colter le b\u00e9n\u00e9fice en pla\u00e7ant une attaque meurtri\u00e8re dans la derni\u00e8re bosse, \u00e9teignant le Norv\u00e9gien pendant que <strong>Lubin Martin<\/strong> s&rsquo;accrochait jusqu&rsquo;au bout, mais pas assez pour jouer au sprint. M\u00e9daille d&rsquo;argent, la premi\u00e8re pour la France dans cette discipline aux Mondiaux juniors depuis <strong>Matteo Baud<\/strong>, lui aussi deuxi\u00e8me en 2021. Et sans doute l&rsquo;\u00e9closion d&rsquo;un grand talent du combin\u00e9 nordique fran\u00e7ais.<\/p>\n","protected":false},"excerpt":{"rendered":"<p>MONDIAUX JUNIORS DE SKI NORDIQUE 2026 &#8211; Apr\u00e8s une belle bataille, Lubin Martin a arrach\u00e9 la m\u00e9daille d&rsquo;argent de la comp\u00e9tition individuelle derri\u00e8re Luk\u00e1\u0161 Dole\u017eal.<\/p>\n","protected":false},"author":59,"featured_media":652924,"comment_status":"open","ping_status":"closed","sticky":false,"template":"","format":"standard","meta":{"_acf_changed":false,"_daextam_enable_autolinks":"1","footnotes":""},"categories":[2313],"tags":[16878,2792,47419],"class_list":["post-652917","post","type-post","status-publish","format-standard","has-post-thumbnail","hentry","category-sports-dhiver","tag-breve","tag-combine-nordique","tag-lubin-martin"],"acf":[],"yoast_head":"<!-- This site is optimized with the Yoast SEO Premium plugin v26.7 (Yoast SEO v26.7) - https:\/\/yoast.com\/wordpress\/plugins\/seo\/ -->\n<title>Lubin Martin sacr\u00e9 vice-champion du monde juniors de combin\u00e9 nordique \u00e0 Lillehammer !<\/title>\n<meta name=\"description\" content=\"MONDIAUX JUNIORS DE SKI NORDIQUE 2026 - Apr\u00e8s une belle bataille, Lubin Martin a arrach\u00e9 la m\u00e9daille d&#039;argent de la comp\u00e9tition individuelle derri\u00e8re Luk\u00e1\u0161 Dole\u017eal.\" \/>\n<meta name=\"robots\" content=\"index, follow, max-snippet:-1, max-image-preview:large, max-video-preview:-1\" \/>\n<link rel=\"canonical\" href=\"https:\/\/dicodusport.fr\/blog\/lubin-martin-sacre-vice-champion-du-monde-juniors-de-combine-nordique-a-lillehammer\/\" \/>\n<meta property=\"og:locale\" content=\"fr_FR\" \/>\n<meta property=\"og:type\" content=\"article\" \/>\n<meta property=\"og:title\" content=\"Lubin Martin sacr\u00e9 vice-champion du monde juniors de combin\u00e9 nordique \u00e0 Lillehammer !\" \/>\n<meta property=\"og:description\" content=\"MONDIAUX JUNIORS DE SKI NORDIQUE 2026 - Apr\u00e8s une belle bataille, Lubin Martin a arrach\u00e9 la m\u00e9daille d&#039;argent de la comp\u00e9tition individuelle derri\u00e8re Luk\u00e1\u0161 Dole\u017eal.\" \/>\n<meta property=\"og:url\" content=\"https:\/\/dicodusport.fr\/blog\/lubin-martin-sacre-vice-champion-du-monde-juniors-de-combine-nordique-a-lillehammer\/\" \/>\n<meta property=\"og:site_name\" content=\"Dicodusport\" \/>\n<meta property=\"article:publisher\" content=\"https:\/\/www.facebook.com\/dicodusport\" \/>\n<meta property=\"article:author\" content=\"https:\/\/www.facebook.com\/sebastien.gente\/\" \/>\n<meta property=\"article:published_time\" content=\"2026-03-06T15:17:56+00:00\" \/>\n<meta property=\"og:image\" content=\"https:\/\/dicodusport.fr\/blog\/wp-content\/uploads\/2026\/03\/Lubin-Martin-sacre-vice-champion-du-monde-juniors-de-combine-nordique-a-Lillehammer-.png\" \/>\n\t<meta property=\"og:image:width\" content=\"1200\" \/>\n\t<meta property=\"og:image:height\" content=\"674\" \/>\n\t<meta property=\"og:image:type\" content=\"image\/png\" \/>\n<meta name=\"author\" content=\"S\u00e9bastien Gente\" \/>\n<meta name=\"twitter:card\" content=\"summary_large_image\" \/>\n<meta name=\"twitter:title\" content=\"Lubin Martin sacr\u00e9 vice-champion du monde juniors de combin\u00e9 nordique \u00e0 Lillehammer !\" \/>\n<meta name=\"twitter:creator\" content=\"@https:\/\/twitter.com\/globulo24\" \/>\n<meta name=\"twitter:site\" content=\"@dicodusport\" \/>\n<script type=\"application\/ld+json\" class=\"yoast-schema-graph\">{\"@context\":\"https:\/\/schema.org\",\"@graph\":[{\"@type\":\"NewsArticle\",\"@id\":\"https:\/\/dicodusport.fr\/blog\/lubin-martin-sacre-vice-champion-du-monde-juniors-de-combine-nordique-a-lillehammer\/#article\",\"isPartOf\":{\"@id\":\"https:\/\/dicodusport.fr\/blog\/lubin-martin-sacre-vice-champion-du-monde-juniors-de-combine-nordique-a-lillehammer\/\"},\"author\":{\"name\":\"S\u00e9bastien Gente\",\"@id\":\"https:\/\/dicodusport.fr\/blog\/#\/schema\/person\/627966a6cde45dbd8c5e36ac85d783da\"},\"headline\":\"Lubin Martin sacr\u00e9 vice-champion du monde juniors de combin\u00e9 nordique \u00e0 Lillehammer !\",\"datePublished\":\"2026-03-06T15:17:56+00:00\",\"mainEntityOfPage\":{\"@id\":\"https:\/\/dicodusport.fr\/blog\/lubin-martin-sacre-vice-champion-du-monde-juniors-de-combine-nordique-a-lillehammer\/\"},\"wordCount\":365,\"commentCount\":0,\"publisher\":{\"@id\":\"https:\/\/dicodusport.fr\/blog\/#organization\"},\"image\":{\"@id\":\"https:\/\/dicodusport.fr\/blog\/lubin-martin-sacre-vice-champion-du-monde-juniors-de-combine-nordique-a-lillehammer\/#primaryimage\"},\"thumbnailUrl\":\"https:\/\/dicodusport.fr\/blog\/wp-content\/uploads\/2026\/03\/Lubin-Martin-sacre-vice-champion-du-monde-juniors-de-combine-nordique-a-Lillehammer-.png\",\"keywords\":[\"br\u00e8ve\",\"combin\u00e9 nordique\",\"Lubin Martin\"],\"articleSection\":[\"Sports d'hiver\"],\"inLanguage\":\"fr-FR\",\"potentialAction\":[{\"@type\":\"CommentAction\",\"name\":\"Comment\",\"target\":[\"https:\/\/dicodusport.fr\/blog\/lubin-martin-sacre-vice-champion-du-monde-juniors-de-combine-nordique-a-lillehammer\/#respond\"]}],\"copyrightYear\":\"2026\",\"copyrightHolder\":{\"@id\":\"https:\/\/dicodusport.fr\/blog\/#organization\"}},{\"@type\":\"WebPage\",\"@id\":\"https:\/\/dicodusport.fr\/blog\/lubin-martin-sacre-vice-champion-du-monde-juniors-de-combine-nordique-a-lillehammer\/\",\"url\":\"https:\/\/dicodusport.fr\/blog\/lubin-martin-sacre-vice-champion-du-monde-juniors-de-combine-nordique-a-lillehammer\/\",\"name\":\"Lubin Martin sacr\u00e9 vice-champion du monde juniors de combin\u00e9 nordique \u00e0 Lillehammer !\",\"isPartOf\":{\"@id\":\"https:\/\/dicodusport.fr\/blog\/#website\"},\"primaryImageOfPage\":{\"@id\":\"https:\/\/dicodusport.fr\/blog\/lubin-martin-sacre-vice-champion-du-monde-juniors-de-combine-nordique-a-lillehammer\/#primaryimage\"},\"image\":{\"@id\":\"https:\/\/dicodusport.fr\/blog\/lubin-martin-sacre-vice-champion-du-monde-juniors-de-combine-nordique-a-lillehammer\/#primaryimage\"},\"thumbnailUrl\":\"https:\/\/dicodusport.fr\/blog\/wp-content\/uploads\/2026\/03\/Lubin-Martin-sacre-vice-champion-du-monde-juniors-de-combine-nordique-a-Lillehammer-.png\",\"datePublished\":\"2026-03-06T15:17:56+00:00\",\"description\":\"MONDIAUX JUNIORS DE SKI NORDIQUE 2026 - Apr\u00e8s une belle bataille, Lubin Martin a arrach\u00e9 la m\u00e9daille d'argent de la comp\u00e9tition individuelle derri\u00e8re Luk\u00e1\u0161 Dole\u017eal.\",\"breadcrumb\":{\"@id\":\"https:\/\/dicodusport.fr\/blog\/lubin-martin-sacre-vice-champion-du-monde-juniors-de-combine-nordique-a-lillehammer\/#breadcrumb\"},\"inLanguage\":\"fr-FR\",\"potentialAction\":[{\"@type\":\"ReadAction\",\"target\":[\"https:\/\/dicodusport.fr\/blog\/lubin-martin-sacre-vice-champion-du-monde-juniors-de-combine-nordique-a-lillehammer\/\"]}]},{\"@type\":\"ImageObject\",\"inLanguage\":\"fr-FR\",\"@id\":\"https:\/\/dicodusport.fr\/blog\/lubin-martin-sacre-vice-champion-du-monde-juniors-de-combine-nordique-a-lillehammer\/#primaryimage\",\"url\":\"https:\/\/dicodusport.fr\/blog\/wp-content\/uploads\/2026\/03\/Lubin-Martin-sacre-vice-champion-du-monde-juniors-de-combine-nordique-a-Lillehammer-.png\",\"contentUrl\":\"https:\/\/dicodusport.fr\/blog\/wp-content\/uploads\/2026\/03\/Lubin-Martin-sacre-vice-champion-du-monde-juniors-de-combine-nordique-a-Lillehammer-.png\",\"width\":1200,\"height\":674,\"caption\":\"Lubin Martin sacr\u00e9 vice-champion du monde juniors de combin\u00e9 nordique \u00e0 Lillehammer !\"},{\"@type\":\"BreadcrumbList\",\"@id\":\"https:\/\/dicodusport.fr\/blog\/lubin-martin-sacre-vice-champion-du-monde-juniors-de-combine-nordique-a-lillehammer\/#breadcrumb\",\"itemListElement\":[{\"@type\":\"ListItem\",\"position\":1,\"name\":\"Accueil\",\"item\":\"https:\/\/dicodusport.fr\/blog\/\"},{\"@type\":\"ListItem\",\"position\":2,\"name\":\"Lubin Martin sacr\u00e9 vice-champion du monde juniors de combin\u00e9 nordique \u00e0 Lillehammer !\"}]},{\"@type\":\"WebSite\",\"@id\":\"https:\/\/dicodusport.fr\/blog\/#website\",\"url\":\"https:\/\/dicodusport.fr\/blog\/\",\"name\":\"Dicodusport\",\"description\":\"L&#039;encyclop\u00e9die de l&#039;actualit\u00e9 sportive\",\"publisher\":{\"@id\":\"https:\/\/dicodusport.fr\/blog\/#organization\"},\"potentialAction\":[{\"@type\":\"SearchAction\",\"target\":{\"@type\":\"EntryPoint\",\"urlTemplate\":\"https:\/\/dicodusport.fr\/blog\/?s={search_term_string}\"},\"query-input\":{\"@type\":\"PropertyValueSpecification\",\"valueRequired\":true,\"valueName\":\"search_term_string\"}}],\"inLanguage\":\"fr-FR\"},{\"@type\":\"NewsMediaOrganization\",\"@id\":\"https:\/\/dicodusport.fr\/blog\/#organization\",\"name\":\"Dicodusport\",\"url\":\"https:\/\/dicodusport.fr\/blog\/\",\"logo\":{\"@type\":\"ImageObject\",\"inLanguage\":\"fr-FR\",\"@id\":\"https:\/\/dicodusport.fr\/blog\/#\/schema\/logo\/image\/\",\"url\":\"https:\/\/dicodusport.fr\/blog\/wp-content\/uploads\/2020\/06\/cropped-LOGO-DICODUSPORT-2020-SANS-FOND-SANS-TEXTE.png\",\"contentUrl\":\"https:\/\/dicodusport.fr\/blog\/wp-content\/uploads\/2020\/06\/cropped-LOGO-DICODUSPORT-2020-SANS-FOND-SANS-TEXTE.png\",\"width\":512,\"height\":512,\"caption\":\"Dicodusport\"},\"image\":{\"@id\":\"https:\/\/dicodusport.fr\/blog\/#\/schema\/logo\/image\/\"},\"sameAs\":[\"https:\/\/www.facebook.com\/dicodusport\",\"https:\/\/x.com\/dicodusport\",\"https:\/\/www.instagram.com\/dicodusport\/\",\"https:\/\/www.youtube.com\/channel\/UC7V2KZ5sd3htJivAbA4ZG3w\"],\"description\":\"Dicodusport est l'encyclop\u00e9die de l'actualit\u00e9 sportive.\",\"email\":\"bonjour@dicodusport.fr\",\"legalName\":\"DICODUSPORT\",\"foundingDate\":\"2018-01-14\",\"vatID\":\"FR71834470973\",\"taxID\":\"83447097300043\",\"numberOfEmployees\":{\"@type\":\"QuantitativeValue\",\"minValue\":\"1\",\"maxValue\":\"10\"}},{\"@type\":\"Person\",\"@id\":\"https:\/\/dicodusport.fr\/blog\/#\/schema\/person\/627966a6cde45dbd8c5e36ac85d783da\",\"name\":\"S\u00e9bastien Gente\",\"image\":{\"@type\":\"ImageObject\",\"inLanguage\":\"fr-FR\",\"@id\":\"https:\/\/dicodusport.fr\/blog\/#\/schema\/person\/image\/\",\"url\":\"https:\/\/dicodusport.fr\/blog\/wp-content\/uploads\/2021\/09\/1510990_10205810251400683_4124423575079401707_n-150x150.jpg\",\"contentUrl\":\"https:\/\/dicodusport.fr\/blog\/wp-content\/uploads\/2021\/09\/1510990_10205810251400683_4124423575079401707_n-150x150.jpg\",\"caption\":\"S\u00e9bastien Gente\"},\"description\":\"John Stockton, Gianni Bugno, Zinedine Zidane, Steffi Graf, Frode Andresen, St\u00e9phane Stoecklin, Davis Kamoga, Primoz Peterka, Werner Schlager et Aur\u00e9lien Rougerie. Point commun entre ces sportifs? Ils m'ont fait r\u00eaver et ont berc\u00e9 mon adolescence. Je suis un fondu de sports et j'essaie de retranscrire ma passion \u00e0 travers mes articles. Originaire du P\u00e9rigord, ma passion pour les Girondins, les Jaunards et les Jazzmen transpire dans mes \u00e9crits. \u00c0 Dicodusport depuis 2021, je d\u00e9niche les sports m\u00e9connus dans lesquels la France brille, et il y en a !\",\"sameAs\":[\"https:\/\/www.facebook.com\/sebastien.gente\/\",\"https:\/\/www.instagram.com\/sebgente\/\",\"https:\/\/www.linkedin.com\/in\/sbastien-gente-a29583169\/\",\"https:\/\/x.com\/https:\/\/twitter.com\/globulo24\",\"SebastienGente\"],\"worksFor\":\"S\u00e9bastien GENTE\",\"url\":\"https:\/\/dicodusport.fr\/blog\/author\/sebastiengente\/\"}]}<\/script>\n<!-- \/ Yoast SEO Premium plugin. -->","yoast_head_json":{"title":"Lubin Martin sacr\u00e9 vice-champion du monde juniors de combin\u00e9 nordique \u00e0 Lillehammer !","description":"MONDIAUX JUNIORS DE SKI NORDIQUE 2026 - Apr\u00e8s une belle bataille, Lubin Martin a arrach\u00e9 la m\u00e9daille d'argent de la comp\u00e9tition individuelle derri\u00e8re Luk\u00e1\u0161 Dole\u017eal.","robots":{"index":"index","follow":"follow","max-snippet":"max-snippet:-1","max-image-preview":"max-image-preview:large","max-video-preview":"max-video-preview:-1"},"canonical":"https:\/\/dicodusport.fr\/blog\/lubin-martin-sacre-vice-champion-du-monde-juniors-de-combine-nordique-a-lillehammer\/","og_locale":"fr_FR","og_type":"article","og_title":"Lubin Martin sacr\u00e9 vice-champion du monde juniors de combin\u00e9 nordique \u00e0 Lillehammer !","og_description":"MONDIAUX JUNIORS DE SKI NORDIQUE 2026 - Apr\u00e8s une belle bataille, Lubin Martin a arrach\u00e9 la m\u00e9daille d'argent de la comp\u00e9tition individuelle derri\u00e8re Luk\u00e1\u0161 Dole\u017eal.","og_url":"https:\/\/dicodusport.fr\/blog\/lubin-martin-sacre-vice-champion-du-monde-juniors-de-combine-nordique-a-lillehammer\/","og_site_name":"Dicodusport","article_publisher":"https:\/\/www.facebook.com\/dicodusport","article_author":"https:\/\/www.facebook.com\/sebastien.gente\/","article_published_time":"2026-03-06T15:17:56+00:00","og_image":[{"width":1200,"height":674,"url":"https:\/\/dicodusport.fr\/blog\/wp-content\/uploads\/2026\/03\/Lubin-Martin-sacre-vice-champion-du-monde-juniors-de-combine-nordique-a-Lillehammer-.png","type":"image\/png"}],"author":"S\u00e9bastien Gente","twitter_card":"summary_large_image","twitter_title":"Lubin Martin sacr\u00e9 vice-champion du monde juniors de combin\u00e9 nordique \u00e0 Lillehammer !","twitter_creator":"@https:\/\/twitter.com\/globulo24","twitter_site":"@dicodusport","schema":{"@context":"https:\/\/schema.org","@graph":[{"@type":"NewsArticle","@id":"https:\/\/dicodusport.fr\/blog\/lubin-martin-sacre-vice-champion-du-monde-juniors-de-combine-nordique-a-lillehammer\/#article","isPartOf":{"@id":"https:\/\/dicodusport.fr\/blog\/lubin-martin-sacre-vice-champion-du-monde-juniors-de-combine-nordique-a-lillehammer\/"},"author":{"name":"S\u00e9bastien Gente","@id":"https:\/\/dicodusport.fr\/blog\/#\/schema\/person\/627966a6cde45dbd8c5e36ac85d783da"},"headline":"Lubin Martin sacr\u00e9 vice-champion du monde juniors de combin\u00e9 nordique \u00e0 Lillehammer !","datePublished":"2026-03-06T15:17:56+00:00","mainEntityOfPage":{"@id":"https:\/\/dicodusport.fr\/blog\/lubin-martin-sacre-vice-champion-du-monde-juniors-de-combine-nordique-a-lillehammer\/"},"wordCount":365,"commentCount":0,"publisher":{"@id":"https:\/\/dicodusport.fr\/blog\/#organization"},"image":{"@id":"https:\/\/dicodusport.fr\/blog\/lubin-martin-sacre-vice-champion-du-monde-juniors-de-combine-nordique-a-lillehammer\/#primaryimage"},"thumbnailUrl":"https:\/\/dicodusport.fr\/blog\/wp-content\/uploads\/2026\/03\/Lubin-Martin-sacre-vice-champion-du-monde-juniors-de-combine-nordique-a-Lillehammer-.png","keywords":["br\u00e8ve","combin\u00e9 nordique","Lubin Martin"],"articleSection":["Sports d'hiver"],"inLanguage":"fr-FR","potentialAction":[{"@type":"CommentAction","name":"Comment","target":["https:\/\/dicodusport.fr\/blog\/lubin-martin-sacre-vice-champion-du-monde-juniors-de-combine-nordique-a-lillehammer\/#respond"]}],"copyrightYear":"2026","copyrightHolder":{"@id":"https:\/\/dicodusport.fr\/blog\/#organization"}},{"@type":"WebPage","@id":"https:\/\/dicodusport.fr\/blog\/lubin-martin-sacre-vice-champion-du-monde-juniors-de-combine-nordique-a-lillehammer\/","url":"https:\/\/dicodusport.fr\/blog\/lubin-martin-sacre-vice-champion-du-monde-juniors-de-combine-nordique-a-lillehammer\/","name":"Lubin Martin sacr\u00e9 vice-champion du monde juniors de combin\u00e9 nordique \u00e0 Lillehammer !","isPartOf":{"@id":"https:\/\/dicodusport.fr\/blog\/#website"},"primaryImageOfPage":{"@id":"https:\/\/dicodusport.fr\/blog\/lubin-martin-sacre-vice-champion-du-monde-juniors-de-combine-nordique-a-lillehammer\/#primaryimage"},"image":{"@id":"https:\/\/dicodusport.fr\/blog\/lubin-martin-sacre-vice-champion-du-monde-juniors-de-combine-nordique-a-lillehammer\/#primaryimage"},"thumbnailUrl":"https:\/\/dicodusport.fr\/blog\/wp-content\/uploads\/2026\/03\/Lubin-Martin-sacre-vice-champion-du-monde-juniors-de-combine-nordique-a-Lillehammer-.png","datePublished":"2026-03-06T15:17:56+00:00","description":"MONDIAUX JUNIORS DE SKI NORDIQUE 2026 - Apr\u00e8s une belle bataille, Lubin Martin a arrach\u00e9 la m\u00e9daille d'argent de la comp\u00e9tition individuelle derri\u00e8re Luk\u00e1\u0161 Dole\u017eal.","breadcrumb":{"@id":"https:\/\/dicodusport.fr\/blog\/lubin-martin-sacre-vice-champion-du-monde-juniors-de-combine-nordique-a-lillehammer\/#breadcrumb"},"inLanguage":"fr-FR","potentialAction":[{"@type":"ReadAction","target":["https:\/\/dicodusport.fr\/blog\/lubin-martin-sacre-vice-champion-du-monde-juniors-de-combine-nordique-a-lillehammer\/"]}]},{"@type":"ImageObject","inLanguage":"fr-FR","@id":"https:\/\/dicodusport.fr\/blog\/lubin-martin-sacre-vice-champion-du-monde-juniors-de-combine-nordique-a-lillehammer\/#primaryimage","url":"https:\/\/dicodusport.fr\/blog\/wp-content\/uploads\/2026\/03\/Lubin-Martin-sacre-vice-champion-du-monde-juniors-de-combine-nordique-a-Lillehammer-.png","contentUrl":"https:\/\/dicodusport.fr\/blog\/wp-content\/uploads\/2026\/03\/Lubin-Martin-sacre-vice-champion-du-monde-juniors-de-combine-nordique-a-Lillehammer-.png","width":1200,"height":674,"caption":"Lubin Martin sacr\u00e9 vice-champion du monde juniors de combin\u00e9 nordique \u00e0 Lillehammer !"},{"@type":"BreadcrumbList","@id":"https:\/\/dicodusport.fr\/blog\/lubin-martin-sacre-vice-champion-du-monde-juniors-de-combine-nordique-a-lillehammer\/#breadcrumb","itemListElement":[{"@type":"ListItem","position":1,"name":"Accueil","item":"https:\/\/dicodusport.fr\/blog\/"},{"@type":"ListItem","position":2,"name":"Lubin Martin sacr\u00e9 vice-champion du monde juniors de combin\u00e9 nordique \u00e0 Lillehammer !"}]},{"@type":"WebSite","@id":"https:\/\/dicodusport.fr\/blog\/#website","url":"https:\/\/dicodusport.fr\/blog\/","name":"Dicodusport","description":"L&#039;encyclop\u00e9die de l&#039;actualit\u00e9 sportive","publisher":{"@id":"https:\/\/dicodusport.fr\/blog\/#organization"},"potentialAction":[{"@type":"SearchAction","target":{"@type":"EntryPoint","urlTemplate":"https:\/\/dicodusport.fr\/blog\/?s={search_term_string}"},"query-input":{"@type":"PropertyValueSpecification","valueRequired":true,"valueName":"search_term_string"}}],"inLanguage":"fr-FR"},{"@type":"NewsMediaOrganization","@id":"https:\/\/dicodusport.fr\/blog\/#organization","name":"Dicodusport","url":"https:\/\/dicodusport.fr\/blog\/","logo":{"@type":"ImageObject","inLanguage":"fr-FR","@id":"https:\/\/dicodusport.fr\/blog\/#\/schema\/logo\/image\/","url":"https:\/\/dicodusport.fr\/blog\/wp-content\/uploads\/2020\/06\/cropped-LOGO-DICODUSPORT-2020-SANS-FOND-SANS-TEXTE.png","contentUrl":"https:\/\/dicodusport.fr\/blog\/wp-content\/uploads\/2020\/06\/cropped-LOGO-DICODUSPORT-2020-SANS-FOND-SANS-TEXTE.png","width":512,"height":512,"caption":"Dicodusport"},"image":{"@id":"https:\/\/dicodusport.fr\/blog\/#\/schema\/logo\/image\/"},"sameAs":["https:\/\/www.facebook.com\/dicodusport","https:\/\/x.com\/dicodusport","https:\/\/www.instagram.com\/dicodusport\/","https:\/\/www.youtube.com\/channel\/UC7V2KZ5sd3htJivAbA4ZG3w"],"description":"Dicodusport est l'encyclop\u00e9die de l'actualit\u00e9 sportive.","email":"bonjour@dicodusport.fr","legalName":"DICODUSPORT","foundingDate":"2018-01-14","vatID":"FR71834470973","taxID":"83447097300043","numberOfEmployees":{"@type":"QuantitativeValue","minValue":"1","maxValue":"10"}},{"@type":"Person","@id":"https:\/\/dicodusport.fr\/blog\/#\/schema\/person\/627966a6cde45dbd8c5e36ac85d783da","name":"S\u00e9bastien Gente","image":{"@type":"ImageObject","inLanguage":"fr-FR","@id":"https:\/\/dicodusport.fr\/blog\/#\/schema\/person\/image\/","url":"https:\/\/dicodusport.fr\/blog\/wp-content\/uploads\/2021\/09\/1510990_10205810251400683_4124423575079401707_n-150x150.jpg","contentUrl":"https:\/\/dicodusport.fr\/blog\/wp-content\/uploads\/2021\/09\/1510990_10205810251400683_4124423575079401707_n-150x150.jpg","caption":"S\u00e9bastien Gente"},"description":"John Stockton, Gianni Bugno, Zinedine Zidane, Steffi Graf, Frode Andresen, St\u00e9phane Stoecklin, Davis Kamoga, Primoz Peterka, Werner Schlager et Aur\u00e9lien Rougerie. Point commun entre ces sportifs? Ils m'ont fait r\u00eaver et ont berc\u00e9 mon adolescence. Je suis un fondu de sports et j'essaie de retranscrire ma passion \u00e0 travers mes articles. Originaire du P\u00e9rigord, ma passion pour les Girondins, les Jaunards et les Jazzmen transpire dans mes \u00e9crits. \u00c0 Dicodusport depuis 2021, je d\u00e9niche les sports m\u00e9connus dans lesquels la France brille, et il y en a !","sameAs":["https:\/\/www.facebook.com\/sebastien.gente\/","https:\/\/www.instagram.com\/sebgente\/","https:\/\/www.linkedin.com\/in\/sbastien-gente-a29583169\/","https:\/\/x.com\/https:\/\/twitter.com\/globulo24","SebastienGente"],"worksFor":"S\u00e9bastien GENTE","url":"https:\/\/dicodusport.fr\/blog\/author\/sebastiengente\/"}]}},"_links":{"self":[{"href":"https:\/\/dicodusport.fr\/blog\/wp-json\/wp\/v2\/posts\/652917","targetHints":{"allow":["GET"]}}],"collection":[{"href":"https:\/\/dicodusport.fr\/blog\/wp-json\/wp\/v2\/posts"}],"about":[{"href":"https:\/\/dicodusport.fr\/blog\/wp-json\/wp\/v2\/types\/post"}],"author":[{"embeddable":true,"href":"https:\/\/dicodusport.fr\/blog\/wp-json\/wp\/v2\/users\/59"}],"replies":[{"embeddable":true,"href":"https:\/\/dicodusport.fr\/blog\/wp-json\/wp\/v2\/comments?post=652917"}],"version-history":[{"count":1,"href":"https:\/\/dicodusport.fr\/blog\/wp-json\/wp\/v2\/posts\/652917\/revisions"}],"predecessor-version":[{"id":652926,"href":"https:\/\/dicodusport.fr\/blog\/wp-json\/wp\/v2\/posts\/652917\/revisions\/652926"}],"wp:featuredmedia":[{"embeddable":true,"href":"https:\/\/dicodusport.fr\/blog\/wp-json\/wp\/v2\/media\/652924"}],"wp:attachment":[{"href":"https:\/\/dicodusport.fr\/blog\/wp-json\/wp\/v2\/media?parent=652917"}],"wp:term":[{"taxonomy":"category","embeddable":true,"href":"https:\/\/dicodusport.fr\/blog\/wp-json\/wp\/v2\/categories?post=652917"},{"taxonomy":"post_tag","embeddable":true,"href":"https:\/\/dicodusport.fr\/blog\/wp-json\/wp\/v2\/tags?post=652917"}],"curies":[{"name":"wp","href":"https:\/\/api.w.org\/{rel}","templated":true}]}}