{"id":653069,"date":"2026-03-06T22:06:38","date_gmt":"2026-03-06T21:06:38","guid":{"rendered":"https:\/\/dicodusport.fr\/blog\/?p=653069&#038;preview=true&#038;preview_id=653069"},"modified":"2026-03-06T22:24:38","modified_gmt":"2026-03-06T21:24:38","slug":"mass-start-femmes-kontiolahti-2026-startlist-et-dossards-des-francaises-engagees","status":"publish","type":"post","link":"https:\/\/dicodusport.fr\/blog\/mass-start-femmes-kontiolahti-2026-startlist-et-dossards-des-francaises-engagees\/","title":{"rendered":"Mass start femmes Kontiolahti 2026 \u2013 Startlist et dossards des Fran\u00e7aises engag\u00e9es"},"content":{"rendered":"<p style=\"text-align: justify;\"><strong><em>Retrouvez la startlist et les dossards des Fran\u00e7aises engag\u00e9es sur la mass start femmes de Kontiolahti (Finlande), dont le d\u00e9part est pr\u00e9vu le samedi 7 mars 2026 \u00e0 13h40.<\/em><\/strong><\/p>\n<ul>\n<li style=\"text-align: justify;\"><strong>\u00c0 ce sujet &#8211; <a href=\"https:\/\/dicodusport.fr\/blog\/biathlon-kontiolahti-2026-programme-horaires-et-resultats\/\" target=\"_blank\" rel=\"noopener\">Biathlon Kontiolahti 2026 : Programme, Horaires et R\u00e9sultats<\/a><\/strong><\/li>\n<\/ul>\n<h2 style=\"text-align: justify;\">Cinq Fran\u00e7aises en lice<\/h2>\n<p style=\"text-align: justify;\">La <strong>mass start femmes<\/strong> (12,5 km) de la Coupe du monde de biathlon \u00e0 <strong>Kontiolahti<\/strong>, programm\u00e9e ce samedi 7 mars 2026 \u00e0 14h40, r\u00e9unit les 30 meilleures biathl\u00e8tes du moment. Les 25 premi\u00e8res du classement g\u00e9n\u00e9ral de la Coupe du monde sont qualifi\u00e9es d\u2019office, compl\u00e9t\u00e9es par les cinq meilleures athl\u00e8tes du week-end finlandais.<\/p>\n<p style=\"text-align: justify;\">La France sera particuli\u00e8rement bien repr\u00e9sent\u00e9e avec cinq biathl\u00e8tes au d\u00e9part. <strong>Lou Jeanmonnot<\/strong> portera le dossard 1, <strong>Camille Bened<\/strong> le dossard 8, <strong>Justine Braisaz-Bouchet<\/strong> le dossard 9, <strong>Oc\u00e9ane Michelon<\/strong> le dossard 10 et <strong>Julia Simon<\/strong> le dossard 11.<\/p>\n<p style=\"text-align: justify;\">Face aux Fran\u00e7aises, la concurrence s\u2019annonce relev\u00e9e avec notamment <strong>Suvi Minkkinen<\/strong> (2), <strong>Hanna Oeberg<\/strong> (3), <strong>Anna Magnusson<\/strong> (4) et <strong>Elvira Oeberg<\/strong> (5), mais aussi <strong>Lisa Vittozzi<\/strong> (7), toutes capables de jouer les premiers r\u00f4les dans ce format tr\u00e8s exigeant m\u00ealant intensit\u00e9 sur les skis et pr\u00e9cision au tir.<\/p>\n<ul>\n<li style=\"text-align: justify;\"><strong>\u00c0 ce sujet &#8211; <a href=\"https:\/\/dicodusport.fr\/blog\/biathlon-kontiolahti-2026-pronostic-mass-start-femmes\/\">Biathlon Kontiolahti 2026 \u2013 Pronostic Mass start femmes<\/a><\/strong><\/li>\n<\/ul>\n<h2 style=\"text-align: justify;\" align=\"justify\">La startlist de la mass start femmes de Kontiolahti<\/h2>\n<a href=\"https:\/\/dicodusport.fr\/blog\/wp-content\/uploads\/2026\/03\/Startlist-Mass-start-femmes-de-Kontiolahti-2026.pdf\" class=\"pdfemb-viewer\" style=\"\" data-width=\"max\" data-height=\"max\"  data-toolbar=\"both\" data-toolbar-fixed=\"on\">Startlist Mass start femmes de Kontiolahti 2026<br\/><\/a>\n<h3 style=\"text-align: justify;\">Dicodusport vous conseille<\/h3>\n<ul>\n<li style=\"text-align: justify;\"><strong><a href=\"https:\/\/dicodusport.fr\/blog\/biathlon-coupe-du-monde-2025-2026-le-calendrier-complet\/\">Biathlon Coupe du monde 2025-2026 &#8211; Le calendrier complet<\/a><\/strong><\/li>\n<\/ul>\n<p>&nbsp;<\/p>\n","protected":false},"excerpt":{"rendered":"<p>Retrouvez la startlist et les dossards des Fran\u00e7aises engag\u00e9es sur la mass start femmes de Kontiolahti (Finlande), dont le d\u00e9part est pr\u00e9vu le samedi 7 mars 2026 \u00e0 13h40.<\/p>\n","protected":false},"author":4,"featured_media":653071,"comment_status":"open","ping_status":"closed","sticky":false,"template":"","format":"standard","meta":{"_acf_changed":false,"_daextam_enable_autolinks":"1","footnotes":""},"categories":[47040],"tags":[32415,2427,12759,16878,2695,7454],"class_list":["post-653069","post","type-post","status-publish","format-standard","has-post-thumbnail","hentry","category-coupe-du-monde-de-biathlon","tag-actu","tag-biathlon","tag-biathlon-kontiolahti","tag-breve","tag-coupe-du-monde-de-biathlon","tag-mass-start-femmes"],"acf":[],"yoast_head":"<!-- This site is optimized with the Yoast SEO Premium plugin v26.7 (Yoast SEO v26.7) - https:\/\/yoast.com\/wordpress\/plugins\/seo\/ -->\n<title>Mass start femmes Kontiolahti 2026 \u2013 Startlist et dossards des Fran\u00e7aises engag\u00e9es<\/title>\n<meta name=\"description\" content=\"Retrouvez la startlist et les dossards des Fran\u00e7aises engag\u00e9es sur la mass start femmes de Kontiolahti (Finlande), dont le d\u00e9part est pr\u00e9vu le samedi 7 mars 2026 \u00e0 13h40.\" \/>\n<meta name=\"robots\" content=\"index, follow, max-snippet:-1, max-image-preview:large, max-video-preview:-1\" \/>\n<link rel=\"canonical\" href=\"https:\/\/dicodusport.fr\/blog\/mass-start-femmes-kontiolahti-2026-startlist-et-dossards-des-francaises-engagees\/\" \/>\n<meta property=\"og:locale\" content=\"fr_FR\" \/>\n<meta property=\"og:type\" content=\"article\" \/>\n<meta property=\"og:title\" content=\"Mass start femmes Kontiolahti 2026 \u2013 Startlist et dossards des Fran\u00e7aises engag\u00e9es\" \/>\n<meta property=\"og:description\" content=\"Retrouvez la startlist et les dossards des Fran\u00e7aises engag\u00e9es sur la mass start femmes de Kontiolahti (Finlande), dont le d\u00e9part est pr\u00e9vu le samedi 7 mars 2026 \u00e0 13h40.\" \/>\n<meta property=\"og:url\" content=\"https:\/\/dicodusport.fr\/blog\/mass-start-femmes-kontiolahti-2026-startlist-et-dossards-des-francaises-engagees\/\" \/>\n<meta property=\"og:site_name\" content=\"Dicodusport\" \/>\n<meta property=\"article:publisher\" content=\"https:\/\/www.facebook.com\/dicodusport\" \/>\n<meta property=\"article:author\" content=\"https:\/\/www.facebook.com\/florent.ostermann\" \/>\n<meta property=\"article:published_time\" content=\"2026-03-06T21:06:38+00:00\" \/>\n<meta property=\"article:modified_time\" content=\"2026-03-06T21:24:38+00:00\" \/>\n<meta property=\"og:image\" content=\"https:\/\/dicodusport.fr\/blog\/wp-content\/uploads\/2026\/03\/Mass-start-femmes-Kontiolahti-2026-\u2013-Startlist-et-dossards-des-Francaises-engagees.png\" \/>\n\t<meta property=\"og:image:width\" content=\"1200\" \/>\n\t<meta property=\"og:image:height\" content=\"674\" \/>\n\t<meta property=\"og:image:type\" content=\"image\/png\" \/>\n<meta name=\"author\" content=\"Flo Ostermann\" \/>\n<meta name=\"twitter:card\" content=\"summary_large_image\" \/>\n<meta name=\"twitter:title\" content=\"Mass start femmes Kontiolahti 2026 \u2013 Startlist et dossards des Fran\u00e7aises engag\u00e9es\" \/>\n<meta name=\"twitter:creator\" content=\"@https:\/\/twitter.com\/FlOstermann\" \/>\n<meta name=\"twitter:site\" content=\"@dicodusport\" \/>\n<script type=\"application\/ld+json\" class=\"yoast-schema-graph\">{\"@context\":\"https:\/\/schema.org\",\"@graph\":[{\"@type\":\"NewsArticle\",\"@id\":\"https:\/\/dicodusport.fr\/blog\/mass-start-femmes-kontiolahti-2026-startlist-et-dossards-des-francaises-engagees\/#article\",\"isPartOf\":{\"@id\":\"https:\/\/dicodusport.fr\/blog\/mass-start-femmes-kontiolahti-2026-startlist-et-dossards-des-francaises-engagees\/\"},\"author\":{\"name\":\"Flo Ostermann\",\"@id\":\"https:\/\/dicodusport.fr\/blog\/#\/schema\/person\/cb02af4c173ce4a653b55e9baf388d4a\"},\"headline\":\"Mass start femmes Kontiolahti 2026 \u2013 Startlist et dossards des Fran\u00e7aises engag\u00e9es\",\"datePublished\":\"2026-03-06T21:06:38+00:00\",\"dateModified\":\"2026-03-06T21:24:38+00:00\",\"mainEntityOfPage\":{\"@id\":\"https:\/\/dicodusport.fr\/blog\/mass-start-femmes-kontiolahti-2026-startlist-et-dossards-des-francaises-engagees\/\"},\"wordCount\":251,\"commentCount\":0,\"publisher\":{\"@id\":\"https:\/\/dicodusport.fr\/blog\/#organization\"},\"image\":{\"@id\":\"https:\/\/dicodusport.fr\/blog\/mass-start-femmes-kontiolahti-2026-startlist-et-dossards-des-francaises-engagees\/#primaryimage\"},\"thumbnailUrl\":\"https:\/\/dicodusport.fr\/blog\/wp-content\/uploads\/2026\/03\/Mass-start-femmes-Kontiolahti-2026-\u2013-Startlist-et-dossards-des-Francaises-engagees.png\",\"keywords\":[\"actu\",\"Biathlon\",\"Biathlon Kontiolahti\",\"br\u00e8ve\",\"Coupe du monde de Biathlon\",\"Mass start femmes\"],\"articleSection\":[\"Coupe du monde de biathlon\"],\"inLanguage\":\"fr-FR\",\"potentialAction\":[{\"@type\":\"CommentAction\",\"name\":\"Comment\",\"target\":[\"https:\/\/dicodusport.fr\/blog\/mass-start-femmes-kontiolahti-2026-startlist-et-dossards-des-francaises-engagees\/#respond\"]}],\"copyrightYear\":\"2026\",\"copyrightHolder\":{\"@id\":\"https:\/\/dicodusport.fr\/blog\/#organization\"}},{\"@type\":\"WebPage\",\"@id\":\"https:\/\/dicodusport.fr\/blog\/mass-start-femmes-kontiolahti-2026-startlist-et-dossards-des-francaises-engagees\/\",\"url\":\"https:\/\/dicodusport.fr\/blog\/mass-start-femmes-kontiolahti-2026-startlist-et-dossards-des-francaises-engagees\/\",\"name\":\"Mass start femmes Kontiolahti 2026 \u2013 Startlist et dossards des Fran\u00e7aises engag\u00e9es\",\"isPartOf\":{\"@id\":\"https:\/\/dicodusport.fr\/blog\/#website\"},\"primaryImageOfPage\":{\"@id\":\"https:\/\/dicodusport.fr\/blog\/mass-start-femmes-kontiolahti-2026-startlist-et-dossards-des-francaises-engagees\/#primaryimage\"},\"image\":{\"@id\":\"https:\/\/dicodusport.fr\/blog\/mass-start-femmes-kontiolahti-2026-startlist-et-dossards-des-francaises-engagees\/#primaryimage\"},\"thumbnailUrl\":\"https:\/\/dicodusport.fr\/blog\/wp-content\/uploads\/2026\/03\/Mass-start-femmes-Kontiolahti-2026-\u2013-Startlist-et-dossards-des-Francaises-engagees.png\",\"datePublished\":\"2026-03-06T21:06:38+00:00\",\"dateModified\":\"2026-03-06T21:24:38+00:00\",\"description\":\"Retrouvez la startlist et les dossards des Fran\u00e7aises engag\u00e9es sur la mass start femmes de Kontiolahti (Finlande), dont le d\u00e9part est pr\u00e9vu le samedi 7 mars 2026 \u00e0 13h40.\",\"breadcrumb\":{\"@id\":\"https:\/\/dicodusport.fr\/blog\/mass-start-femmes-kontiolahti-2026-startlist-et-dossards-des-francaises-engagees\/#breadcrumb\"},\"inLanguage\":\"fr-FR\",\"potentialAction\":[{\"@type\":\"ReadAction\",\"target\":[\"https:\/\/dicodusport.fr\/blog\/mass-start-femmes-kontiolahti-2026-startlist-et-dossards-des-francaises-engagees\/\"]}]},{\"@type\":\"ImageObject\",\"inLanguage\":\"fr-FR\",\"@id\":\"https:\/\/dicodusport.fr\/blog\/mass-start-femmes-kontiolahti-2026-startlist-et-dossards-des-francaises-engagees\/#primaryimage\",\"url\":\"https:\/\/dicodusport.fr\/blog\/wp-content\/uploads\/2026\/03\/Mass-start-femmes-Kontiolahti-2026-\u2013-Startlist-et-dossards-des-Francaises-engagees.png\",\"contentUrl\":\"https:\/\/dicodusport.fr\/blog\/wp-content\/uploads\/2026\/03\/Mass-start-femmes-Kontiolahti-2026-\u2013-Startlist-et-dossards-des-Francaises-engagees.png\",\"width\":1200,\"height\":674,\"caption\":\"Mass start femmes Kontiolahti 2026 \u2013 Startlist et dossards des Fran\u00e7aises engag\u00e9es\"},{\"@type\":\"BreadcrumbList\",\"@id\":\"https:\/\/dicodusport.fr\/blog\/mass-start-femmes-kontiolahti-2026-startlist-et-dossards-des-francaises-engagees\/#breadcrumb\",\"itemListElement\":[{\"@type\":\"ListItem\",\"position\":1,\"name\":\"Accueil\",\"item\":\"https:\/\/dicodusport.fr\/blog\/\"},{\"@type\":\"ListItem\",\"position\":2,\"name\":\"Mass start femmes Kontiolahti 2026 \u2013 Startlist et dossards des Fran\u00e7aises engag\u00e9es\"}]},{\"@type\":\"WebSite\",\"@id\":\"https:\/\/dicodusport.fr\/blog\/#website\",\"url\":\"https:\/\/dicodusport.fr\/blog\/\",\"name\":\"Dicodusport\",\"description\":\"L&#039;encyclop\u00e9die de l&#039;actualit\u00e9 sportive\",\"publisher\":{\"@id\":\"https:\/\/dicodusport.fr\/blog\/#organization\"},\"potentialAction\":[{\"@type\":\"SearchAction\",\"target\":{\"@type\":\"EntryPoint\",\"urlTemplate\":\"https:\/\/dicodusport.fr\/blog\/?s={search_term_string}\"},\"query-input\":{\"@type\":\"PropertyValueSpecification\",\"valueRequired\":true,\"valueName\":\"search_term_string\"}}],\"inLanguage\":\"fr-FR\"},{\"@type\":\"NewsMediaOrganization\",\"@id\":\"https:\/\/dicodusport.fr\/blog\/#organization\",\"name\":\"Dicodusport\",\"url\":\"https:\/\/dicodusport.fr\/blog\/\",\"logo\":{\"@type\":\"ImageObject\",\"inLanguage\":\"fr-FR\",\"@id\":\"https:\/\/dicodusport.fr\/blog\/#\/schema\/logo\/image\/\",\"url\":\"https:\/\/dicodusport.fr\/blog\/wp-content\/uploads\/2020\/06\/cropped-LOGO-DICODUSPORT-2020-SANS-FOND-SANS-TEXTE.png\",\"contentUrl\":\"https:\/\/dicodusport.fr\/blog\/wp-content\/uploads\/2020\/06\/cropped-LOGO-DICODUSPORT-2020-SANS-FOND-SANS-TEXTE.png\",\"width\":512,\"height\":512,\"caption\":\"Dicodusport\"},\"image\":{\"@id\":\"https:\/\/dicodusport.fr\/blog\/#\/schema\/logo\/image\/\"},\"sameAs\":[\"https:\/\/www.facebook.com\/dicodusport\",\"https:\/\/x.com\/dicodusport\",\"https:\/\/www.instagram.com\/dicodusport\/\",\"https:\/\/www.youtube.com\/channel\/UC7V2KZ5sd3htJivAbA4ZG3w\"],\"description\":\"Dicodusport est l'encyclop\u00e9die de l'actualit\u00e9 sportive.\",\"email\":\"bonjour@dicodusport.fr\",\"legalName\":\"DICODUSPORT\",\"foundingDate\":\"2018-01-14\",\"vatID\":\"FR71834470973\",\"taxID\":\"83447097300043\",\"numberOfEmployees\":{\"@type\":\"QuantitativeValue\",\"minValue\":\"1\",\"maxValue\":\"10\"}},{\"@type\":\"Person\",\"@id\":\"https:\/\/dicodusport.fr\/blog\/#\/schema\/person\/cb02af4c173ce4a653b55e9baf388d4a\",\"name\":\"Flo Ostermann\",\"image\":{\"@type\":\"ImageObject\",\"inLanguage\":\"fr-FR\",\"@id\":\"https:\/\/dicodusport.fr\/blog\/#\/schema\/person\/image\/\",\"url\":\"https:\/\/dicodusport.fr\/blog\/wp-content\/uploads\/2021\/05\/Flo-Ostermann-150x150.jpg\",\"contentUrl\":\"https:\/\/dicodusport.fr\/blog\/wp-content\/uploads\/2021\/05\/Flo-Ostermann-150x150.jpg\",\"caption\":\"Flo Ostermann\"},\"description\":\"Journaliste\/R\u00e9dacteur depuis septembre 2015 - Mes premiers souvenirs dans le sport ? Les envol\u00e9es du Stade Toulousain et les duels Villeneuve-Schumacher et H\u00e4kkinen-Schumacher \u00e0 la fin des ann\u00e9es 90, la Coupe du monde de football en 1998, l\u2019exploit du XV de France face aux All Blacks en 1999, mais aussi Richard C\u0153ur de Lion qui vole sur les montagnes du Tour de France. Bien parti pour devenir professeur d\u2019EPS, les \u00e9v\u00e9nements de la vie (et la flemme d\u2019animer des s\u00e9ances de 3x500 m\u00e8tres toute ma vie) m\u2019ont conduit \u00e0 revoir mes plans. Me voil\u00e0 depuis fin 2017 sur Dicodusport, m\u00e9dia gr\u00e2ce (et pour) lequel je partage ma passion : le sport dans tous ses \u00e9tats. Le tout accompagn\u00e9 par les fous furieux et folles furieuses cit\u00e9s sur cette page !\",\"sameAs\":[\"https:\/\/www.facebook.com\/florent.ostermann\",\"https:\/\/x.com\/https:\/\/twitter.com\/FlOstermann\",\"admin\"],\"url\":\"https:\/\/dicodusport.fr\/blog\/author\/flo\/\"}]}<\/script>\n<!-- \/ Yoast SEO Premium plugin. -->","yoast_head_json":{"title":"Mass start femmes Kontiolahti 2026 \u2013 Startlist et dossards des Fran\u00e7aises engag\u00e9es","description":"Retrouvez la startlist et les dossards des Fran\u00e7aises engag\u00e9es sur la mass start femmes de Kontiolahti (Finlande), dont le d\u00e9part est pr\u00e9vu le samedi 7 mars 2026 \u00e0 13h40.","robots":{"index":"index","follow":"follow","max-snippet":"max-snippet:-1","max-image-preview":"max-image-preview:large","max-video-preview":"max-video-preview:-1"},"canonical":"https:\/\/dicodusport.fr\/blog\/mass-start-femmes-kontiolahti-2026-startlist-et-dossards-des-francaises-engagees\/","og_locale":"fr_FR","og_type":"article","og_title":"Mass start femmes Kontiolahti 2026 \u2013 Startlist et dossards des Fran\u00e7aises engag\u00e9es","og_description":"Retrouvez la startlist et les dossards des Fran\u00e7aises engag\u00e9es sur la mass start femmes de Kontiolahti (Finlande), dont le d\u00e9part est pr\u00e9vu le samedi 7 mars 2026 \u00e0 13h40.","og_url":"https:\/\/dicodusport.fr\/blog\/mass-start-femmes-kontiolahti-2026-startlist-et-dossards-des-francaises-engagees\/","og_site_name":"Dicodusport","article_publisher":"https:\/\/www.facebook.com\/dicodusport","article_author":"https:\/\/www.facebook.com\/florent.ostermann","article_published_time":"2026-03-06T21:06:38+00:00","article_modified_time":"2026-03-06T21:24:38+00:00","og_image":[{"width":1200,"height":674,"url":"https:\/\/dicodusport.fr\/blog\/wp-content\/uploads\/2026\/03\/Mass-start-femmes-Kontiolahti-2026-\u2013-Startlist-et-dossards-des-Francaises-engagees.png","type":"image\/png"}],"author":"Flo Ostermann","twitter_card":"summary_large_image","twitter_title":"Mass start femmes Kontiolahti 2026 \u2013 Startlist et dossards des Fran\u00e7aises engag\u00e9es","twitter_creator":"@https:\/\/twitter.com\/FlOstermann","twitter_site":"@dicodusport","schema":{"@context":"https:\/\/schema.org","@graph":[{"@type":"NewsArticle","@id":"https:\/\/dicodusport.fr\/blog\/mass-start-femmes-kontiolahti-2026-startlist-et-dossards-des-francaises-engagees\/#article","isPartOf":{"@id":"https:\/\/dicodusport.fr\/blog\/mass-start-femmes-kontiolahti-2026-startlist-et-dossards-des-francaises-engagees\/"},"author":{"name":"Flo Ostermann","@id":"https:\/\/dicodusport.fr\/blog\/#\/schema\/person\/cb02af4c173ce4a653b55e9baf388d4a"},"headline":"Mass start femmes Kontiolahti 2026 \u2013 Startlist et dossards des Fran\u00e7aises engag\u00e9es","datePublished":"2026-03-06T21:06:38+00:00","dateModified":"2026-03-06T21:24:38+00:00","mainEntityOfPage":{"@id":"https:\/\/dicodusport.fr\/blog\/mass-start-femmes-kontiolahti-2026-startlist-et-dossards-des-francaises-engagees\/"},"wordCount":251,"commentCount":0,"publisher":{"@id":"https:\/\/dicodusport.fr\/blog\/#organization"},"image":{"@id":"https:\/\/dicodusport.fr\/blog\/mass-start-femmes-kontiolahti-2026-startlist-et-dossards-des-francaises-engagees\/#primaryimage"},"thumbnailUrl":"https:\/\/dicodusport.fr\/blog\/wp-content\/uploads\/2026\/03\/Mass-start-femmes-Kontiolahti-2026-\u2013-Startlist-et-dossards-des-Francaises-engagees.png","keywords":["actu","Biathlon","Biathlon Kontiolahti","br\u00e8ve","Coupe du monde de Biathlon","Mass start femmes"],"articleSection":["Coupe du monde de biathlon"],"inLanguage":"fr-FR","potentialAction":[{"@type":"CommentAction","name":"Comment","target":["https:\/\/dicodusport.fr\/blog\/mass-start-femmes-kontiolahti-2026-startlist-et-dossards-des-francaises-engagees\/#respond"]}],"copyrightYear":"2026","copyrightHolder":{"@id":"https:\/\/dicodusport.fr\/blog\/#organization"}},{"@type":"WebPage","@id":"https:\/\/dicodusport.fr\/blog\/mass-start-femmes-kontiolahti-2026-startlist-et-dossards-des-francaises-engagees\/","url":"https:\/\/dicodusport.fr\/blog\/mass-start-femmes-kontiolahti-2026-startlist-et-dossards-des-francaises-engagees\/","name":"Mass start femmes Kontiolahti 2026 \u2013 Startlist et dossards des Fran\u00e7aises engag\u00e9es","isPartOf":{"@id":"https:\/\/dicodusport.fr\/blog\/#website"},"primaryImageOfPage":{"@id":"https:\/\/dicodusport.fr\/blog\/mass-start-femmes-kontiolahti-2026-startlist-et-dossards-des-francaises-engagees\/#primaryimage"},"image":{"@id":"https:\/\/dicodusport.fr\/blog\/mass-start-femmes-kontiolahti-2026-startlist-et-dossards-des-francaises-engagees\/#primaryimage"},"thumbnailUrl":"https:\/\/dicodusport.fr\/blog\/wp-content\/uploads\/2026\/03\/Mass-start-femmes-Kontiolahti-2026-\u2013-Startlist-et-dossards-des-Francaises-engagees.png","datePublished":"2026-03-06T21:06:38+00:00","dateModified":"2026-03-06T21:24:38+00:00","description":"Retrouvez la startlist et les dossards des Fran\u00e7aises engag\u00e9es sur la mass start femmes de Kontiolahti (Finlande), dont le d\u00e9part est pr\u00e9vu le samedi 7 mars 2026 \u00e0 13h40.","breadcrumb":{"@id":"https:\/\/dicodusport.fr\/blog\/mass-start-femmes-kontiolahti-2026-startlist-et-dossards-des-francaises-engagees\/#breadcrumb"},"inLanguage":"fr-FR","potentialAction":[{"@type":"ReadAction","target":["https:\/\/dicodusport.fr\/blog\/mass-start-femmes-kontiolahti-2026-startlist-et-dossards-des-francaises-engagees\/"]}]},{"@type":"ImageObject","inLanguage":"fr-FR","@id":"https:\/\/dicodusport.fr\/blog\/mass-start-femmes-kontiolahti-2026-startlist-et-dossards-des-francaises-engagees\/#primaryimage","url":"https:\/\/dicodusport.fr\/blog\/wp-content\/uploads\/2026\/03\/Mass-start-femmes-Kontiolahti-2026-\u2013-Startlist-et-dossards-des-Francaises-engagees.png","contentUrl":"https:\/\/dicodusport.fr\/blog\/wp-content\/uploads\/2026\/03\/Mass-start-femmes-Kontiolahti-2026-\u2013-Startlist-et-dossards-des-Francaises-engagees.png","width":1200,"height":674,"caption":"Mass start femmes Kontiolahti 2026 \u2013 Startlist et dossards des Fran\u00e7aises engag\u00e9es"},{"@type":"BreadcrumbList","@id":"https:\/\/dicodusport.fr\/blog\/mass-start-femmes-kontiolahti-2026-startlist-et-dossards-des-francaises-engagees\/#breadcrumb","itemListElement":[{"@type":"ListItem","position":1,"name":"Accueil","item":"https:\/\/dicodusport.fr\/blog\/"},{"@type":"ListItem","position":2,"name":"Mass start femmes Kontiolahti 2026 \u2013 Startlist et dossards des Fran\u00e7aises engag\u00e9es"}]},{"@type":"WebSite","@id":"https:\/\/dicodusport.fr\/blog\/#website","url":"https:\/\/dicodusport.fr\/blog\/","name":"Dicodusport","description":"L&#039;encyclop\u00e9die de l&#039;actualit\u00e9 sportive","publisher":{"@id":"https:\/\/dicodusport.fr\/blog\/#organization"},"potentialAction":[{"@type":"SearchAction","target":{"@type":"EntryPoint","urlTemplate":"https:\/\/dicodusport.fr\/blog\/?s={search_term_string}"},"query-input":{"@type":"PropertyValueSpecification","valueRequired":true,"valueName":"search_term_string"}}],"inLanguage":"fr-FR"},{"@type":"NewsMediaOrganization","@id":"https:\/\/dicodusport.fr\/blog\/#organization","name":"Dicodusport","url":"https:\/\/dicodusport.fr\/blog\/","logo":{"@type":"ImageObject","inLanguage":"fr-FR","@id":"https:\/\/dicodusport.fr\/blog\/#\/schema\/logo\/image\/","url":"https:\/\/dicodusport.fr\/blog\/wp-content\/uploads\/2020\/06\/cropped-LOGO-DICODUSPORT-2020-SANS-FOND-SANS-TEXTE.png","contentUrl":"https:\/\/dicodusport.fr\/blog\/wp-content\/uploads\/2020\/06\/cropped-LOGO-DICODUSPORT-2020-SANS-FOND-SANS-TEXTE.png","width":512,"height":512,"caption":"Dicodusport"},"image":{"@id":"https:\/\/dicodusport.fr\/blog\/#\/schema\/logo\/image\/"},"sameAs":["https:\/\/www.facebook.com\/dicodusport","https:\/\/x.com\/dicodusport","https:\/\/www.instagram.com\/dicodusport\/","https:\/\/www.youtube.com\/channel\/UC7V2KZ5sd3htJivAbA4ZG3w"],"description":"Dicodusport est l'encyclop\u00e9die de l'actualit\u00e9 sportive.","email":"bonjour@dicodusport.fr","legalName":"DICODUSPORT","foundingDate":"2018-01-14","vatID":"FR71834470973","taxID":"83447097300043","numberOfEmployees":{"@type":"QuantitativeValue","minValue":"1","maxValue":"10"}},{"@type":"Person","@id":"https:\/\/dicodusport.fr\/blog\/#\/schema\/person\/cb02af4c173ce4a653b55e9baf388d4a","name":"Flo Ostermann","image":{"@type":"ImageObject","inLanguage":"fr-FR","@id":"https:\/\/dicodusport.fr\/blog\/#\/schema\/person\/image\/","url":"https:\/\/dicodusport.fr\/blog\/wp-content\/uploads\/2021\/05\/Flo-Ostermann-150x150.jpg","contentUrl":"https:\/\/dicodusport.fr\/blog\/wp-content\/uploads\/2021\/05\/Flo-Ostermann-150x150.jpg","caption":"Flo Ostermann"},"description":"Journaliste\/R\u00e9dacteur depuis septembre 2015 - Mes premiers souvenirs dans le sport ? Les envol\u00e9es du Stade Toulousain et les duels Villeneuve-Schumacher et H\u00e4kkinen-Schumacher \u00e0 la fin des ann\u00e9es 90, la Coupe du monde de football en 1998, l\u2019exploit du XV de France face aux All Blacks en 1999, mais aussi Richard C\u0153ur de Lion qui vole sur les montagnes du Tour de France. Bien parti pour devenir professeur d\u2019EPS, les \u00e9v\u00e9nements de la vie (et la flemme d\u2019animer des s\u00e9ances de 3x500 m\u00e8tres toute ma vie) m\u2019ont conduit \u00e0 revoir mes plans. Me voil\u00e0 depuis fin 2017 sur Dicodusport, m\u00e9dia gr\u00e2ce (et pour) lequel je partage ma passion : le sport dans tous ses \u00e9tats. Le tout accompagn\u00e9 par les fous furieux et folles furieuses cit\u00e9s sur cette page !","sameAs":["https:\/\/www.facebook.com\/florent.ostermann","https:\/\/x.com\/https:\/\/twitter.com\/FlOstermann","admin"],"url":"https:\/\/dicodusport.fr\/blog\/author\/flo\/"}]}},"_links":{"self":[{"href":"https:\/\/dicodusport.fr\/blog\/wp-json\/wp\/v2\/posts\/653069","targetHints":{"allow":["GET"]}}],"collection":[{"href":"https:\/\/dicodusport.fr\/blog\/wp-json\/wp\/v2\/posts"}],"about":[{"href":"https:\/\/dicodusport.fr\/blog\/wp-json\/wp\/v2\/types\/post"}],"author":[{"embeddable":true,"href":"https:\/\/dicodusport.fr\/blog\/wp-json\/wp\/v2\/users\/4"}],"replies":[{"embeddable":true,"href":"https:\/\/dicodusport.fr\/blog\/wp-json\/wp\/v2\/comments?post=653069"}],"version-history":[{"count":3,"href":"https:\/\/dicodusport.fr\/blog\/wp-json\/wp\/v2\/posts\/653069\/revisions"}],"predecessor-version":[{"id":653084,"href":"https:\/\/dicodusport.fr\/blog\/wp-json\/wp\/v2\/posts\/653069\/revisions\/653084"}],"wp:featuredmedia":[{"embeddable":true,"href":"https:\/\/dicodusport.fr\/blog\/wp-json\/wp\/v2\/media\/653071"}],"wp:attachment":[{"href":"https:\/\/dicodusport.fr\/blog\/wp-json\/wp\/v2\/media?parent=653069"}],"wp:term":[{"taxonomy":"category","embeddable":true,"href":"https:\/\/dicodusport.fr\/blog\/wp-json\/wp\/v2\/categories?post=653069"},{"taxonomy":"post_tag","embeddable":true,"href":"https:\/\/dicodusport.fr\/blog\/wp-json\/wp\/v2\/tags?post=653069"}],"curies":[{"name":"wp","href":"https:\/\/api.w.org\/{rel}","templated":true}]}}