{"id":653114,"date":"2026-03-07T07:27:27","date_gmt":"2026-03-07T06:27:27","guid":{"rendered":"https:\/\/dicodusport.fr\/blog\/?p=653114&#038;preview=true&#038;preview_id=653114"},"modified":"2026-03-07T15:48:09","modified_gmt":"2026-03-07T14:48:09","slug":"f1-grand-prix-daustralie-2026-la-grille-de-depart-complete","status":"publish","type":"post","link":"https:\/\/dicodusport.fr\/blog\/f1-grand-prix-daustralie-2026-la-grille-de-depart-complete\/","title":{"rendered":"F1 \u2013 Grand Prix d\u2019Australie 2026 : la grille de d\u00e9part compl\u00e8te"},"content":{"rendered":"<p style=\"text-align: justify;\"><strong><em>D\u00e9couvrez la grille de d\u00e9part compl\u00e8te du Grand Prix d&rsquo;Australie de F1 2026, apr\u00e8s les qualifications de ce samedi 7 mars 2026.<\/em><\/strong><\/p>\n<ul>\n<li style=\"text-align: justify;\"><strong>\u00c0 ce sujet &#8211; <a href=\"https:\/\/dicodusport.fr\/blog\/grand-prix-daustralie-f1-2026-programme-horaires-et-resultats\/\">Grand Prix d\u2019Australie F1 2026 : Programme, Horaires et R\u00e9sultats<\/a><\/strong><\/li>\n<\/ul>\n<p style=\"text-align: justify;\">Les qualifications du <strong>Grand Prix d\u2019Australie 2026 de Formule 1<\/strong> s\u2019annoncent particuli\u00e8rement disput\u00e9es sur le circuit de <strong>l\u2019Albert Park \u00e0 Melbourne<\/strong>. Premi\u00e8re s\u00e9ance qualificative de la saison, elle permettra de d\u00e9terminer la <strong>grille de d\u00e9part<\/strong> de la course et surtout l\u2019identit\u00e9 du pilote qui d\u00e9crochera la tr\u00e8s convoit\u00e9e <strong>pole position<\/strong>.<\/p>\n<p style=\"text-align: justify;\">Comme le veut la tradition en <strong>F1<\/strong>, la s\u00e9ance se d\u00e9roule selon le format \u00e9liminatoire en trois parties : <strong>Q1, Q2 et Q3<\/strong>. Avec une grille \u00e9largie \u00e0 <strong>22 pilotes en 2026<\/strong>, la premi\u00e8re phase voit l\u2019ensemble du plateau tenter de signer l\u2019un des meilleurs chronos pour \u00e9viter l\u2019\u00e9limination. Les pilotes doivent rapidement trouver le bon rythme sur un trac\u00e9 urbain exigeant, o\u00f9 la moindre erreur peut co\u00fbter cher.<\/p>\n<p style=\"text-align: justify;\">Apr\u00e8s une premi\u00e8re s\u00e9lection en Q1, les pilotes encore en lice se disputent les dix places qualificatives pour la <strong>Q3<\/strong>. Cette ultime session est toujours la plus intense : les meilleurs pilotes du plateau jouent la pole position dans les derni\u00e8res minutes, souvent sur un tour lanc\u00e9 parfaitement ma\u00eetris\u00e9. Sur un circuit rapide et technique comme Melbourne, la bataille pour la premi\u00e8re place sur la grille promet une lutte serr\u00e9e.<\/p>\n<h2>Le format de la s\u00e9ance de qualifications en Formule 1<\/h2>\n<p style=\"text-align: justify;\">La s\u00e9ance de qualifications du <strong>Grand Prix d\u2019Australie 2026<\/strong> suit toujours le format \u00e9liminatoire en trois parties utilis\u00e9 en <strong>Formule 1<\/strong>, avec les sessions <strong>Q1, Q2 et Q3<\/strong>. Avec une grille \u00e9largie \u00e0 <strong>22 pilotes<\/strong> en 2026, le principe reste identique : les pilotes sont progressivement \u00e9limin\u00e9s jusqu\u2019\u00e0 la derni\u00e8re phase qui d\u00e9termine la pole position.<\/p>\n<p style=\"text-align: justify;\"><strong>Q1 (18 minutes)<\/strong> : les vingt-deux pilotes prennent la piste pour tenter de signer l\u2019un des meilleurs temps. \u00c0 l\u2019issue de cette premi\u00e8re session, les <strong>six pilotes les plus lents sont \u00e9limin\u00e9s<\/strong> et occuperont les derni\u00e8res places sur la grille de d\u00e9part.<\/p>\n<p style=\"text-align: justify;\"><strong>Q2 (15 minutes)<\/strong> : les <strong>16 pilotes restants<\/strong> se battent pour int\u00e9grer le top 10. \u00c0 la fin de cette deuxi\u00e8me phase, les <strong>six pilotes les moins rapides sont \u00e9limin\u00e9s<\/strong> et se classent entre la 11e et la 16e position sur la grille.<\/p>\n<p style=\"text-align: justify;\"><strong>Q3 (12 minutes)<\/strong> : les <strong>dix pilotes les plus rapides<\/strong> disputent la derni\u00e8re partie des qualifications. Celui qui r\u00e9alise le <strong>meilleur tour chronom\u00e9tr\u00e9<\/strong> d\u00e9croche la <strong>pole position<\/strong> et s\u2019\u00e9lancera en t\u00eate lors du d\u00e9part du Grand Prix.<\/p>\n<p><strong>D\u00e9couvrez la grille compl\u00e8te ci-dessous<\/strong>.<\/p>\n<hr \/>\n<h2 style=\"text-align: center;\">Grille de d\u00e9part du Grand Prix d\u2019Australie 2026 de F1<br \/>\n<span style=\"font-size: 14px;\">Grille officielle mise \u00e0 jour \u00e0 l&rsquo;issue des qualifications.<\/span><\/h2>\n<hr \/>\n<table style=\"width: 800px; border-collapse: collapse;\">\n<tbody>\n<tr>\n<td style=\"vertical-align: top; text-align: center; border-style: none; background-color: #ffffff; width: 400px; height: 120px;\"><span style=\"font-size: 1.0em;\"><strong><img loading=\"lazy\" decoding=\"async\" class=\"\" src=\"https:\/\/media.formula1.com\/image\/upload\/c_lfill,h_224\/q_auto\/d_common:f1:2026:fallback:car:2026fallbackcarright.webp\/v1740000000\/common\/f1\/2026\/mercedes\/2026mercedescarright.webp\" width=\"100\" height=\"22\" \/><br \/>\n1. \ud83c\uddec\ud83c\udde7 GEORGE RUSSELL<br \/>\n<\/strong><span style=\"font-size: 0.8em;\">MERCEDES<\/span><\/span><\/td>\n<td style=\"vertical-align: bottom; text-align: center; border-style: none; background-color: #ffffff; width: 400px; height: 120px;\"><span style=\"font-size: 1.0em;\"><strong><img loading=\"lazy\" decoding=\"async\" class=\"\" src=\"https:\/\/media.formula1.com\/image\/upload\/c_lfill,h_224\/q_auto\/d_common:f1:2026:fallback:car:2026fallbackcarright.webp\/v1740000000\/common\/f1\/2026\/mercedes\/2026mercedescarright.webp\" width=\"100\" height=\"22\" \/><br \/>\n2. \ud83c\uddee\ud83c\uddf9 KIMI ANTONELLI<br \/>\n<\/strong><span style=\"font-size: 0.8em;\">MERCEDES<\/span><\/span><\/td>\n<\/tr>\n<tr>\n<td style=\"text-align: center; border-style: none; vertical-align: top; background-color: #ffffff; width: 400px; height: 120px;\"><span style=\"font-size: 1.0em;\"><strong><span style=\"font-size: 0.9em;\"><img loading=\"lazy\" decoding=\"async\" class=\"\" src=\"https:\/\/media.formula1.com\/image\/upload\/c_lfill,h_224\/q_auto\/d_common:f1:2026:fallback:car:2026fallbackcarright.webp\/v1740000000\/common\/f1\/2026\/redbullracing\/2026redbullracingcarright.webp\" width=\"100\" height=\"22\" \/><\/span><br \/>\n<\/strong><strong>3. \ud83c\uddeb\ud83c\uddf7 ISACK HADJAR<\/strong><\/span><br \/>\n<span style=\"font-size: 1.0em;\"><span style=\"font-size: 0.8em;\">RED BULL<\/span><\/span><\/td>\n<td style=\"text-align: center; border-style: none; vertical-align: bottom; background-color: #ffffff; width: 400px; height: 120px;\"><span style=\"font-size: 1.0em;\"><strong><span style=\"font-size: 0.9em;\"><img loading=\"lazy\" decoding=\"async\" class=\"\" src=\"https:\/\/media.formula1.com\/image\/upload\/c_lfill,h_224\/q_auto\/d_common:f1:2026:fallback:car:2026fallbackcarright.webp\/v1740000000\/common\/f1\/2026\/ferrari\/2026ferraricarright.webp\" width=\"100\" height=\"22\" \/><\/span><br \/>\n4. \ud83c\uddf2\ud83c\udde8 CHARLES LECLERC<br \/>\n<\/strong><span style=\"font-size: 0.8em;\">FERRARI<\/span><\/span><\/td>\n<\/tr>\n<tr>\n<td style=\"text-align: center; border-style: none; vertical-align: top; background-color: #ffffff; width: 400px; height: 120px;\"><span style=\"font-size: 1.0em;\"><strong><span style=\"font-size: 0.9em;\"><img loading=\"lazy\" decoding=\"async\" class=\"\" src=\"https:\/\/media.formula1.com\/image\/upload\/c_lfill,h_224\/q_auto\/d_common:f1:2026:fallback:car:2026fallbackcarright.webp\/v1740000000\/common\/f1\/2026\/mclaren\/2026mclarencarright.webp\" width=\"100\" height=\"22\" \/><\/span><br \/>\n<\/strong><strong>5. \ud83c\udde6\ud83c\uddfa OSCAR PIASTRI<\/strong><\/span><br \/>\n<span style=\"font-size: 0.8em;\">MCLAREN<\/span><\/td>\n<td style=\"text-align: center; border-style: none; vertical-align: bottom; background-color: #ffffff; width: 400px; height: 120px;\"><span style=\"font-size: 1.0em;\"><strong><span style=\"font-size: 0.9em;\"><img loading=\"lazy\" decoding=\"async\" class=\"\" src=\"https:\/\/media.formula1.com\/image\/upload\/c_lfill,h_224\/q_auto\/d_common:f1:2026:fallback:car:2026fallbackcarright.webp\/v1740000000\/common\/f1\/2026\/mclaren\/2026mclarencarright.webp\" width=\"100\" height=\"22\" \/><\/span><br \/>\n<\/strong><strong>6. \ud83c\uddec\ud83c\udde7 LANDO NORRIS<\/strong><\/span><br \/>\n<span style=\"font-size: 0.8em;\">MCLAREN<\/span><\/td>\n<\/tr>\n<tr>\n<td style=\"text-align: center; border-style: none; vertical-align: top; background-color: #ffffff; width: 400px; height: 120px;\"><span style=\"font-size: 1.0em;\"><strong><span style=\"font-size: 0.9em;\"><img loading=\"lazy\" decoding=\"async\" class=\"\" src=\"https:\/\/media.formula1.com\/image\/upload\/c_lfill,h_224\/q_auto\/d_common:f1:2026:fallback:car:2026fallbackcarright.webp\/v1740000000\/common\/f1\/2026\/ferrari\/2026ferraricarright.webp\" width=\"100\" height=\"22\" \/><br \/>\n<\/span><\/strong><strong>7. \ud83c\uddec\ud83c\udde7 LEWIS HAMILTON<br \/>\n<\/strong><span style=\"font-size: 0.8em;\">FERRARI<\/span><\/span><\/td>\n<td style=\"text-align: center; border-style: none; vertical-align: bottom; background-color: #ffffff; width: 400px; height: 120px;\"><span style=\"font-size: 1.0em;\"><strong><span style=\"font-size: 0.9em;\"><img loading=\"lazy\" decoding=\"async\" class=\"\" src=\"https:\/\/media.formula1.com\/image\/upload\/c_lfill,h_224\/q_auto\/d_common:f1:2026:fallback:car:2026fallbackcarright.webp\/v1740000000\/common\/f1\/2026\/racingbulls\/2026racingbullscarright.webp\" width=\"100\" height=\"22\" \/><\/span><br \/>\n8. \ud83c\uddf3\ud83c\uddff LIAM LAWSON<br \/>\n<\/strong><span style=\"font-size: 0.8em;\">RACING BULLS<\/span><\/span><\/td>\n<\/tr>\n<tr>\n<td style=\"text-align: center; border-style: none; vertical-align: top; background-color: #ffffff; width: 400px; height: 120px;\"><span style=\"font-size: 1.0em;\"><strong><span style=\"font-size: 0.9em;\"><img loading=\"lazy\" decoding=\"async\" class=\"\" src=\"https:\/\/media.formula1.com\/image\/upload\/c_lfill,h_224\/q_auto\/d_common:f1:2026:fallback:car:2026fallbackcarright.webp\/v1740000000\/common\/f1\/2026\/racingbulls\/2026racingbullscarright.webp\" width=\"100\" height=\"22\" \/><\/span><br \/>\n<\/strong><strong>9. \ud83c\uddec\ud83c\udde7 ARVID LINDBLAD<\/strong><\/span><br \/>\n<span style=\"font-size: 0.8em;\">RACING BULLS<\/span><\/td>\n<td style=\"text-align: center; border-style: none; vertical-align: bottom; background-color: #ffffff; width: 400px; height: 120px;\"><span style=\"font-size: 1.0em;\"><strong><img loading=\"lazy\" decoding=\"async\" class=\"\" src=\"https:\/\/media.formula1.com\/image\/upload\/c_lfill,h_224\/q_auto\/d_common:f1:2026:fallback:car:2026fallbackcarright.webp\/v1740000000\/common\/f1\/2026\/audi\/2026audicarright.webp\" width=\"100\" height=\"22\" \/><br \/>\n<\/strong><strong>10. \ud83c\udde7\ud83c\uddf7 GABRIEL BORTOLETO<\/strong><\/span><br \/>\n<span style=\"font-size: 0.8em;\">AUDI<\/span><\/td>\n<\/tr>\n<tr>\n<td style=\"text-align: center; border-style: none; vertical-align: top; background-color: #ffffff; width: 400px; height: 120px;\"><span style=\"font-size: 1.0em;\"><strong><img loading=\"lazy\" decoding=\"async\" class=\"\" src=\"https:\/\/media.formula1.com\/image\/upload\/c_lfill,h_224\/q_auto\/d_common:f1:2026:fallback:car:2026fallbackcarright.webp\/v1740000000\/common\/f1\/2026\/audi\/2026audicarright.webp\" width=\"100\" height=\"22\" \/><br \/>\n11. \ud83c\udde9\ud83c\uddea NICO H\u00dcLKENBERG<br \/>\n<\/strong><span style=\"font-size: 0.8em;\">AUDI<\/span><\/span><\/td>\n<td style=\"text-align: center; border-style: none; vertical-align: bottom; background-color: #ffffff; width: 400px; height: 120px;\"><span style=\"font-size: 1.0em;\"><strong><img loading=\"lazy\" decoding=\"async\" class=\"\" src=\"https:\/\/media.formula1.com\/image\/upload\/c_lfill,h_224\/q_auto\/d_common:f1:2026:fallback:car:2026fallbackcarright.webp\/v1740000000\/common\/f1\/2026\/haasf1team\/2026haasf1teamcarright.webp\" width=\"100\" height=\"23\" \/><br \/>\n<\/strong><strong>12. \ud83c\uddec\ud83c\udde7 OLIVER BEARMAN<\/strong><\/span><br \/>\n<span style=\"font-size: 0.8em;\">HAAS<\/span><\/td>\n<\/tr>\n<tr>\n<td style=\"text-align: center; border-style: none; vertical-align: top; background-color: #ffffff; width: 400px; height: 120px;\"><span style=\"font-size: 1.0em;\"><strong><img loading=\"lazy\" decoding=\"async\" class=\"\" src=\"https:\/\/media.formula1.com\/image\/upload\/c_lfill,h_224\/q_auto\/d_common:f1:2026:fallback:car:2026fallbackcarright.webp\/v1740000000\/common\/f1\/2026\/haasf1team\/2026haasf1teamcarright.webp\" width=\"100\" height=\"23\" \/><br \/>\n13. \ud83c\uddeb\ud83c\uddf7 ESTEBAN OCON<br \/>\n<\/strong><span style=\"font-size: 0.8em;\">HAAS<\/span><\/span><\/td>\n<td style=\"text-align: center; border-style: none; vertical-align: bottom; background-color: #ffffff; width: 400px; height: 120px;\"><span style=\"font-size: 1.0em;\"><strong><span style=\"font-size: 0.9em;\"><img loading=\"lazy\" decoding=\"async\" class=\"\" src=\"https:\/\/media.formula1.com\/image\/upload\/c_lfill,h_224\/q_auto\/d_common:f1:2026:fallback:car:2026fallbackcarright.webp\/v1740000000\/common\/f1\/2026\/alpine\/2026alpinecarright.webp\" width=\"100\" height=\"22\" \/><\/span><br \/>\n14. \ud83c\uddeb\ud83c\uddf7 PIERRE GASLY<br \/>\n<\/strong><span style=\"font-size: 0.8em;\">ALPINE<\/span><\/span><\/td>\n<\/tr>\n<tr>\n<td style=\"text-align: center; border-style: none; vertical-align: top; background-color: #ffffff; width: 400px; height: 120px;\"><span style=\"font-size: 1.0em;\"><strong><span style=\"font-size: 0.9em;\"><img loading=\"lazy\" decoding=\"async\" class=\"\" src=\"https:\/\/media.formula1.com\/image\/upload\/c_lfill,h_224\/q_auto\/d_common:f1:2026:fallback:car:2026fallbackcarright.webp\/v1740000000\/common\/f1\/2026\/williams\/2026williamscarright.webp\" width=\"100\" height=\"22\" \/><\/span><br \/>\n<\/strong><strong>15. \ud83c\uddf9\ud83c\udded ALEXANDER ALBON<\/strong><\/span><br \/>\n<span style=\"font-size: 0.8em;\">WILLIAMS<\/span><\/td>\n<td style=\"text-align: center; border-style: none; vertical-align: bottom; background-color: #ffffff; width: 400px; height: 120px;\"><span style=\"font-size: 1.0em;\"><strong><span style=\"font-size: 0.9em;\"><img loading=\"lazy\" decoding=\"async\" class=\"\" src=\"https:\/\/media.formula1.com\/image\/upload\/c_lfill,h_224\/q_auto\/d_common:f1:2026:fallback:car:2026fallbackcarright.webp\/v1740000000\/common\/f1\/2026\/alpine\/2026alpinecarright.webp\" width=\"100\" height=\"22\" \/><\/span><br \/>\n16. \ud83c\udde6\ud83c\uddf7 FRANCO COLAPINTO<br \/>\n<\/strong><span style=\"font-size: 0.8em;\">ALPINE<\/span><\/span><\/td>\n<\/tr>\n<tr>\n<td style=\"text-align: center; border-style: none; vertical-align: top; background-color: #ffffff; width: 400px; height: 120px;\"><span style=\"font-size: 1.0em;\"><strong><img loading=\"lazy\" decoding=\"async\" class=\"\" src=\"https:\/\/media.formula1.com\/image\/upload\/c_lfill,h_224\/q_auto\/d_common:f1:2026:fallback:car:2026fallbackcarright.webp\/v1740000000\/common\/f1\/2026\/astonmartin\/2026astonmartincarright.webp\" width=\"100\" height=\"22\" \/><br \/>\n17. \ud83c\uddea\ud83c\uddf8 FERNANDO ALONSO<br \/>\n<\/strong><span style=\"font-size: 0.8em;\">ASTON MARTIN<\/span><\/span><\/td>\n<td style=\"text-align: center; border-style: none; vertical-align: bottom; background-color: #ffffff; width: 400px; height: 120px;\"><span style=\"font-size: 1.0em;\"><strong><span style=\"font-size: 0.9em;\"><img loading=\"lazy\" decoding=\"async\" class=\"\" src=\"https:\/\/media.formula1.com\/image\/upload\/c_lfill,h_224\/q_auto\/d_common:f1:2026:fallback:car:2026fallbackcarright.webp\/v1740000000\/common\/f1\/2026\/cadillac\/2026cadillaccarright.webp\" width=\"100\" height=\"22\" \/><\/span><br \/>\n18. \ud83c\uddf2\ud83c\uddfd SERGIO PEREZ<br \/>\n<\/strong><span style=\"font-size: 0.8em;\">CADILLAC<\/span><\/span><\/td>\n<\/tr>\n<tr>\n<td style=\"text-align: center; border-style: none; vertical-align: top; background-color: #ffffff; width: 400px; height: 120px;\"><span style=\"font-size: 1.0em;\"><strong><span style=\"font-size: 0.9em;\"><img loading=\"lazy\" decoding=\"async\" class=\"\" src=\"https:\/\/media.formula1.com\/image\/upload\/c_lfill,h_224\/q_auto\/d_common:f1:2026:fallback:car:2026fallbackcarright.webp\/v1740000000\/common\/f1\/2026\/cadillac\/2026cadillaccarright.webp\" width=\"100\" height=\"22\" \/><\/span><br \/>\n19. \ud83c\uddeb\ud83c\uddee VALTTERI BOTTAS<br \/>\n<\/strong><span style=\"font-size: 0.8em;\">CADILLAC<\/span><\/span><\/td>\n<td style=\"text-align: center; border-style: none; vertical-align: bottom; background-color: #ffffff; width: 400px; height: 120px;\"><span style=\"font-size: 1.0em;\"><strong><span style=\"font-size: 0.9em;\"><img loading=\"lazy\" decoding=\"async\" class=\"\" src=\"https:\/\/media.formula1.com\/image\/upload\/c_lfill,h_224\/q_auto\/d_common:f1:2026:fallback:car:2026fallbackcarright.webp\/v1740000000\/common\/f1\/2026\/redbullracing\/2026redbullracingcarright.webp\" width=\"100\" height=\"22\" \/><\/span><br \/>\n20. \ud83c\uddf3\ud83c\uddf1 MAX VERSTAPPEN<br \/>\n<\/strong><span style=\"font-size: 0.8em;\">RED BULL<\/span><\/span><\/td>\n<\/tr>\n<tr>\n<td style=\"text-align: center; border-style: none; vertical-align: top; background-color: #ffffff; width: 400px; height: 120px;\"><span style=\"font-size: 1.0em;\"><strong><span style=\"font-size: 0.9em;\"><img loading=\"lazy\" decoding=\"async\" class=\"\" src=\"https:\/\/media.formula1.com\/image\/upload\/c_lfill,h_224\/q_auto\/d_common:f1:2026:fallback:car:2026fallbackcarright.webp\/v1740000000\/common\/f1\/2026\/williams\/2026williamscarright.webp\" width=\"100\" height=\"22\" \/><\/span><br \/>\n21. \ud83c\uddea\ud83c\uddf8 CARLOS SAINZ<br \/>\n<\/strong><span style=\"font-size: 0.8em;\">WILLIAMS<\/span><\/span><\/td>\n<td style=\"text-align: center; border-style: none; vertical-align: bottom; background-color: #ffffff; width: 400px; height: 120px;\"><img loading=\"lazy\" decoding=\"async\" class=\"\" src=\"https:\/\/media.formula1.com\/image\/upload\/c_lfill,h_224\/q_auto\/d_common:f1:2026:fallback:car:2026fallbackcarright.webp\/v1740000000\/common\/f1\/2026\/astonmartin\/2026astonmartincarright.webp\" width=\"100\" height=\"22\" \/><br \/>\n<span style=\"font-size: 1.0em;\"><strong>22. \ud83c\udde8\ud83c\udde6 LANCE STROLL<br \/>\n<\/strong><span style=\"font-size: 0.8em;\">ASTON MARTIN<\/span><\/span><\/td>\n<\/tr>\n<\/tbody>\n<\/table>\n<h3 style=\"text-align: justify;\">\u00c0 ce sujet<\/h3>\n<div class=\"vlp-link-container vlp-layout-article\"><a href=\"https:\/\/dicodusport.fr\/blog\/calendrier-f1-2026-toutes-les-dates-et-tous-les-grands-prix\/\" class=\"vlp-link\" title=\"Calendrier F1 2026 : toutes les dates et tous les Grands Prix\"><\/a><div class=\"vlp-layout-zone-side\"><div class=\"vlp-block-4 vlp-link-image\"><img loading=\"lazy\" decoding=\"async\" style=\"max-width: 792px;\" width=\"792\" height=\"445\" src=\"https:\/\/dicodusport.fr\/blog\/wp-content\/uploads\/2026\/03\/Calendrier-F1-2026-toutes-les-dates-et-tous-les-Grands-Prix.png\" class=\"attachment-800x445 size-800x445\" alt=\"Calendrier F1 2026 toutes les dates et tous les Grands Prix\" srcset=\"https:\/\/dicodusport.fr\/blog\/wp-content\/uploads\/2026\/03\/Calendrier-F1-2026-toutes-les-dates-et-tous-les-Grands-Prix.png 1200w, https:\/\/dicodusport.fr\/blog\/wp-content\/uploads\/2026\/03\/Calendrier-F1-2026-toutes-les-dates-et-tous-les-Grands-Prix-300x169.png 300w, https:\/\/dicodusport.fr\/blog\/wp-content\/uploads\/2026\/03\/Calendrier-F1-2026-toutes-les-dates-et-tous-les-Grands-Prix-1024x575.png 1024w, https:\/\/dicodusport.fr\/blog\/wp-content\/uploads\/2026\/03\/Calendrier-F1-2026-toutes-les-dates-et-tous-les-Grands-Prix-768x431.png 768w\" sizes=\"auto, (max-width: 792px) 100vw, 792px\" \/><\/div><\/div><div class=\"vlp-layout-zone-main\"><div class=\"vlp-block-0 vlp-link-title\">Calendrier F1 2026 : toutes les dates et tous les Grands Prix<\/div><div class=\"vlp-block-1 vlp-link-summary\">D\u00e9couvrez le calendrier complet de la F1 2026 : les 24 Grands Prix de la saison, les dates, les circuits et les six week-ends avec course sprint.\u00a0<\/div><div class=\"vlp-block-2 vlp-link-button\">Lire l'article<\/div><div class=\"vlp-block-3 vlp-link-url\">dicodusport.fr<\/div><\/div><\/div>\n","protected":false},"excerpt":{"rendered":"<p>D\u00e9couvrez la grille de d\u00e9part compl\u00e8te du Grand Prix d&rsquo;Australie de F1 2026, apr\u00e8s les qualifications de ce samedi 7 mars 2026.<\/p>\n","protected":false},"author":4,"featured_media":653117,"comment_status":"open","ping_status":"closed","sticky":false,"template":"","format":"standard","meta":{"_acf_changed":false,"_daextam_enable_autolinks":"1","footnotes":""},"categories":[8653],"tags":[16878,3166,22784,2065,22844],"class_list":["post-653114","post","type-post","status-publish","format-standard","has-post-thumbnail","hentry","category-formule-1","tag-breve","tag-f1","tag-f1-australie","tag-formule-1","tag-grand-prix-daustralie-f1"],"acf":[],"yoast_head":"<!-- This site is optimized with the Yoast SEO Premium plugin v26.7 (Yoast SEO v26.7) - https:\/\/yoast.com\/wordpress\/plugins\/seo\/ -->\n<title>F1 \u2013 Grand Prix d\u2019Australie 2026 : la grille de d\u00e9part compl\u00e8te<\/title>\n<meta name=\"description\" content=\"D\u00e9couvrez la grille de d\u00e9part compl\u00e8te du Grand Prix d&#039;Australie de F1 2026, apr\u00e8s les qualifications de ce samedi 7 mars 2026.\" \/>\n<meta name=\"robots\" content=\"index, follow, max-snippet:-1, max-image-preview:large, max-video-preview:-1\" \/>\n<link rel=\"canonical\" href=\"https:\/\/dicodusport.fr\/blog\/f1-grand-prix-daustralie-2026-la-grille-de-depart-complete\/\" \/>\n<meta property=\"og:locale\" content=\"fr_FR\" \/>\n<meta property=\"og:type\" content=\"article\" \/>\n<meta property=\"og:title\" content=\"F1 \u2013 Grand Prix d\u2019Australie 2026 : Qui partira en pole position ? La grille de d\u00e9part compl\u00e8te\" \/>\n<meta property=\"og:description\" content=\"D\u00e9couvrez la grille de d\u00e9part compl\u00e8te du Grand Prix d&#039;Australie de F1 2026, apr\u00e8s les qualifications de ce samedi 7 mars 2026.\" \/>\n<meta property=\"og:url\" content=\"https:\/\/dicodusport.fr\/blog\/f1-grand-prix-daustralie-2026-la-grille-de-depart-complete\/\" \/>\n<meta property=\"og:site_name\" content=\"Dicodusport\" \/>\n<meta property=\"article:publisher\" content=\"https:\/\/www.facebook.com\/dicodusport\" \/>\n<meta property=\"article:author\" content=\"https:\/\/www.facebook.com\/florent.ostermann\" \/>\n<meta property=\"article:published_time\" content=\"2026-03-07T06:27:27+00:00\" \/>\n<meta property=\"article:modified_time\" content=\"2026-03-07T14:48:09+00:00\" \/>\n<meta property=\"og:image\" content=\"https:\/\/dicodusport.fr\/blog\/wp-content\/uploads\/2026\/03\/F1-Grand-Prix-dAustralie-2026-la-grille-de-depart-complete.png\" \/>\n\t<meta property=\"og:image:width\" content=\"1200\" \/>\n\t<meta property=\"og:image:height\" content=\"674\" \/>\n\t<meta property=\"og:image:type\" content=\"image\/png\" \/>\n<meta name=\"author\" content=\"Flo Ostermann\" \/>\n<meta name=\"twitter:card\" content=\"summary_large_image\" \/>\n<meta name=\"twitter:title\" content=\"F1 \u2013 Grand Prix d\u2019Australie 2026 : Qui partira en pole position ? La grille de d\u00e9part compl\u00e8te\" \/>\n<meta name=\"twitter:creator\" content=\"@https:\/\/twitter.com\/FlOstermann\" \/>\n<meta name=\"twitter:site\" content=\"@dicodusport\" \/>\n<script type=\"application\/ld+json\" class=\"yoast-schema-graph\">{\"@context\":\"https:\/\/schema.org\",\"@graph\":[{\"@type\":\"NewsArticle\",\"@id\":\"https:\/\/dicodusport.fr\/blog\/f1-grand-prix-daustralie-2026-la-grille-de-depart-complete\/#article\",\"isPartOf\":{\"@id\":\"https:\/\/dicodusport.fr\/blog\/f1-grand-prix-daustralie-2026-la-grille-de-depart-complete\/\"},\"author\":{\"name\":\"Flo Ostermann\",\"@id\":\"https:\/\/dicodusport.fr\/blog\/#\/schema\/person\/cb02af4c173ce4a653b55e9baf388d4a\"},\"headline\":\"F1 \u2013 Grand Prix d\u2019Australie 2026 : la grille de d\u00e9part compl\u00e8te\",\"datePublished\":\"2026-03-07T06:27:27+00:00\",\"dateModified\":\"2026-03-07T14:48:09+00:00\",\"mainEntityOfPage\":{\"@id\":\"https:\/\/dicodusport.fr\/blog\/f1-grand-prix-daustralie-2026-la-grille-de-depart-complete\/\"},\"wordCount\":628,\"commentCount\":1,\"publisher\":{\"@id\":\"https:\/\/dicodusport.fr\/blog\/#organization\"},\"image\":{\"@id\":\"https:\/\/dicodusport.fr\/blog\/f1-grand-prix-daustralie-2026-la-grille-de-depart-complete\/#primaryimage\"},\"thumbnailUrl\":\"https:\/\/dicodusport.fr\/blog\/wp-content\/uploads\/2026\/03\/F1-Grand-Prix-dAustralie-2026-la-grille-de-depart-complete.png\",\"keywords\":[\"br\u00e8ve\",\"F1\",\"F1 Australie\",\"Formule 1\",\"Grand Prix d'Australie F1\"],\"articleSection\":[\"Formule 1\"],\"inLanguage\":\"fr-FR\",\"potentialAction\":[{\"@type\":\"CommentAction\",\"name\":\"Comment\",\"target\":[\"https:\/\/dicodusport.fr\/blog\/f1-grand-prix-daustralie-2026-la-grille-de-depart-complete\/#respond\"]}],\"copyrightYear\":\"2026\",\"copyrightHolder\":{\"@id\":\"https:\/\/dicodusport.fr\/blog\/#organization\"}},{\"@type\":\"WebPage\",\"@id\":\"https:\/\/dicodusport.fr\/blog\/f1-grand-prix-daustralie-2026-la-grille-de-depart-complete\/\",\"url\":\"https:\/\/dicodusport.fr\/blog\/f1-grand-prix-daustralie-2026-la-grille-de-depart-complete\/\",\"name\":\"F1 \u2013 Grand Prix d\u2019Australie 2026 : la grille de d\u00e9part compl\u00e8te\",\"isPartOf\":{\"@id\":\"https:\/\/dicodusport.fr\/blog\/#website\"},\"primaryImageOfPage\":{\"@id\":\"https:\/\/dicodusport.fr\/blog\/f1-grand-prix-daustralie-2026-la-grille-de-depart-complete\/#primaryimage\"},\"image\":{\"@id\":\"https:\/\/dicodusport.fr\/blog\/f1-grand-prix-daustralie-2026-la-grille-de-depart-complete\/#primaryimage\"},\"thumbnailUrl\":\"https:\/\/dicodusport.fr\/blog\/wp-content\/uploads\/2026\/03\/F1-Grand-Prix-dAustralie-2026-la-grille-de-depart-complete.png\",\"datePublished\":\"2026-03-07T06:27:27+00:00\",\"dateModified\":\"2026-03-07T14:48:09+00:00\",\"description\":\"D\u00e9couvrez la grille de d\u00e9part compl\u00e8te du Grand Prix d'Australie de F1 2026, apr\u00e8s les qualifications de ce samedi 7 mars 2026.\",\"breadcrumb\":{\"@id\":\"https:\/\/dicodusport.fr\/blog\/f1-grand-prix-daustralie-2026-la-grille-de-depart-complete\/#breadcrumb\"},\"inLanguage\":\"fr-FR\",\"potentialAction\":[{\"@type\":\"ReadAction\",\"target\":[\"https:\/\/dicodusport.fr\/blog\/f1-grand-prix-daustralie-2026-la-grille-de-depart-complete\/\"]}]},{\"@type\":\"ImageObject\",\"inLanguage\":\"fr-FR\",\"@id\":\"https:\/\/dicodusport.fr\/blog\/f1-grand-prix-daustralie-2026-la-grille-de-depart-complete\/#primaryimage\",\"url\":\"https:\/\/dicodusport.fr\/blog\/wp-content\/uploads\/2026\/03\/F1-Grand-Prix-dAustralie-2026-la-grille-de-depart-complete.png\",\"contentUrl\":\"https:\/\/dicodusport.fr\/blog\/wp-content\/uploads\/2026\/03\/F1-Grand-Prix-dAustralie-2026-la-grille-de-depart-complete.png\",\"width\":1200,\"height\":674,\"caption\":\"F1 - Grand Prix d\u2019Australie 2026 la grille de d\u00e9part compl\u00e8te\"},{\"@type\":\"BreadcrumbList\",\"@id\":\"https:\/\/dicodusport.fr\/blog\/f1-grand-prix-daustralie-2026-la-grille-de-depart-complete\/#breadcrumb\",\"itemListElement\":[{\"@type\":\"ListItem\",\"position\":1,\"name\":\"Accueil\",\"item\":\"https:\/\/dicodusport.fr\/blog\/\"},{\"@type\":\"ListItem\",\"position\":2,\"name\":\"F1 \u2013 Grand Prix d\u2019Australie 2026 : la grille de d\u00e9part compl\u00e8te\"}]},{\"@type\":\"WebSite\",\"@id\":\"https:\/\/dicodusport.fr\/blog\/#website\",\"url\":\"https:\/\/dicodusport.fr\/blog\/\",\"name\":\"Dicodusport\",\"description\":\"L&#039;encyclop\u00e9die de l&#039;actualit\u00e9 sportive\",\"publisher\":{\"@id\":\"https:\/\/dicodusport.fr\/blog\/#organization\"},\"potentialAction\":[{\"@type\":\"SearchAction\",\"target\":{\"@type\":\"EntryPoint\",\"urlTemplate\":\"https:\/\/dicodusport.fr\/blog\/?s={search_term_string}\"},\"query-input\":{\"@type\":\"PropertyValueSpecification\",\"valueRequired\":true,\"valueName\":\"search_term_string\"}}],\"inLanguage\":\"fr-FR\"},{\"@type\":\"NewsMediaOrganization\",\"@id\":\"https:\/\/dicodusport.fr\/blog\/#organization\",\"name\":\"Dicodusport\",\"url\":\"https:\/\/dicodusport.fr\/blog\/\",\"logo\":{\"@type\":\"ImageObject\",\"inLanguage\":\"fr-FR\",\"@id\":\"https:\/\/dicodusport.fr\/blog\/#\/schema\/logo\/image\/\",\"url\":\"https:\/\/dicodusport.fr\/blog\/wp-content\/uploads\/2020\/06\/cropped-LOGO-DICODUSPORT-2020-SANS-FOND-SANS-TEXTE.png\",\"contentUrl\":\"https:\/\/dicodusport.fr\/blog\/wp-content\/uploads\/2020\/06\/cropped-LOGO-DICODUSPORT-2020-SANS-FOND-SANS-TEXTE.png\",\"width\":512,\"height\":512,\"caption\":\"Dicodusport\"},\"image\":{\"@id\":\"https:\/\/dicodusport.fr\/blog\/#\/schema\/logo\/image\/\"},\"sameAs\":[\"https:\/\/www.facebook.com\/dicodusport\",\"https:\/\/x.com\/dicodusport\",\"https:\/\/www.instagram.com\/dicodusport\/\",\"https:\/\/www.youtube.com\/channel\/UC7V2KZ5sd3htJivAbA4ZG3w\"],\"description\":\"Dicodusport est l'encyclop\u00e9die de l'actualit\u00e9 sportive.\",\"email\":\"bonjour@dicodusport.fr\",\"legalName\":\"DICODUSPORT\",\"foundingDate\":\"2018-01-14\",\"vatID\":\"FR71834470973\",\"taxID\":\"83447097300043\",\"numberOfEmployees\":{\"@type\":\"QuantitativeValue\",\"minValue\":\"1\",\"maxValue\":\"10\"}},{\"@type\":\"Person\",\"@id\":\"https:\/\/dicodusport.fr\/blog\/#\/schema\/person\/cb02af4c173ce4a653b55e9baf388d4a\",\"name\":\"Flo Ostermann\",\"image\":{\"@type\":\"ImageObject\",\"inLanguage\":\"fr-FR\",\"@id\":\"https:\/\/dicodusport.fr\/blog\/#\/schema\/person\/image\/\",\"url\":\"https:\/\/dicodusport.fr\/blog\/wp-content\/uploads\/2021\/05\/Flo-Ostermann-150x150.jpg\",\"contentUrl\":\"https:\/\/dicodusport.fr\/blog\/wp-content\/uploads\/2021\/05\/Flo-Ostermann-150x150.jpg\",\"caption\":\"Flo Ostermann\"},\"description\":\"Journaliste\/R\u00e9dacteur depuis septembre 2015 - Mes premiers souvenirs dans le sport ? Les envol\u00e9es du Stade Toulousain et les duels Villeneuve-Schumacher et H\u00e4kkinen-Schumacher \u00e0 la fin des ann\u00e9es 90, la Coupe du monde de football en 1998, l\u2019exploit du XV de France face aux All Blacks en 1999, mais aussi Richard C\u0153ur de Lion qui vole sur les montagnes du Tour de France. Bien parti pour devenir professeur d\u2019EPS, les \u00e9v\u00e9nements de la vie (et la flemme d\u2019animer des s\u00e9ances de 3x500 m\u00e8tres toute ma vie) m\u2019ont conduit \u00e0 revoir mes plans. Me voil\u00e0 depuis fin 2017 sur Dicodusport, m\u00e9dia gr\u00e2ce (et pour) lequel je partage ma passion : le sport dans tous ses \u00e9tats. Le tout accompagn\u00e9 par les fous furieux et folles furieuses cit\u00e9s sur cette page !\",\"sameAs\":[\"https:\/\/www.facebook.com\/florent.ostermann\",\"https:\/\/x.com\/https:\/\/twitter.com\/FlOstermann\",\"admin\"],\"url\":\"https:\/\/dicodusport.fr\/blog\/author\/flo\/\"}]}<\/script>\n<!-- \/ Yoast SEO Premium plugin. -->","yoast_head_json":{"title":"F1 \u2013 Grand Prix d\u2019Australie 2026 : la grille de d\u00e9part compl\u00e8te","description":"D\u00e9couvrez la grille de d\u00e9part compl\u00e8te du Grand Prix d'Australie de F1 2026, apr\u00e8s les qualifications de ce samedi 7 mars 2026.","robots":{"index":"index","follow":"follow","max-snippet":"max-snippet:-1","max-image-preview":"max-image-preview:large","max-video-preview":"max-video-preview:-1"},"canonical":"https:\/\/dicodusport.fr\/blog\/f1-grand-prix-daustralie-2026-la-grille-de-depart-complete\/","og_locale":"fr_FR","og_type":"article","og_title":"F1 \u2013 Grand Prix d\u2019Australie 2026 : Qui partira en pole position ? La grille de d\u00e9part compl\u00e8te","og_description":"D\u00e9couvrez la grille de d\u00e9part compl\u00e8te du Grand Prix d'Australie de F1 2026, apr\u00e8s les qualifications de ce samedi 7 mars 2026.","og_url":"https:\/\/dicodusport.fr\/blog\/f1-grand-prix-daustralie-2026-la-grille-de-depart-complete\/","og_site_name":"Dicodusport","article_publisher":"https:\/\/www.facebook.com\/dicodusport","article_author":"https:\/\/www.facebook.com\/florent.ostermann","article_published_time":"2026-03-07T06:27:27+00:00","article_modified_time":"2026-03-07T14:48:09+00:00","og_image":[{"width":1200,"height":674,"url":"https:\/\/dicodusport.fr\/blog\/wp-content\/uploads\/2026\/03\/F1-Grand-Prix-dAustralie-2026-la-grille-de-depart-complete.png","type":"image\/png"}],"author":"Flo Ostermann","twitter_card":"summary_large_image","twitter_title":"F1 \u2013 Grand Prix d\u2019Australie 2026 : Qui partira en pole position ? La grille de d\u00e9part compl\u00e8te","twitter_creator":"@https:\/\/twitter.com\/FlOstermann","twitter_site":"@dicodusport","schema":{"@context":"https:\/\/schema.org","@graph":[{"@type":"NewsArticle","@id":"https:\/\/dicodusport.fr\/blog\/f1-grand-prix-daustralie-2026-la-grille-de-depart-complete\/#article","isPartOf":{"@id":"https:\/\/dicodusport.fr\/blog\/f1-grand-prix-daustralie-2026-la-grille-de-depart-complete\/"},"author":{"name":"Flo Ostermann","@id":"https:\/\/dicodusport.fr\/blog\/#\/schema\/person\/cb02af4c173ce4a653b55e9baf388d4a"},"headline":"F1 \u2013 Grand Prix d\u2019Australie 2026 : la grille de d\u00e9part compl\u00e8te","datePublished":"2026-03-07T06:27:27+00:00","dateModified":"2026-03-07T14:48:09+00:00","mainEntityOfPage":{"@id":"https:\/\/dicodusport.fr\/blog\/f1-grand-prix-daustralie-2026-la-grille-de-depart-complete\/"},"wordCount":628,"commentCount":1,"publisher":{"@id":"https:\/\/dicodusport.fr\/blog\/#organization"},"image":{"@id":"https:\/\/dicodusport.fr\/blog\/f1-grand-prix-daustralie-2026-la-grille-de-depart-complete\/#primaryimage"},"thumbnailUrl":"https:\/\/dicodusport.fr\/blog\/wp-content\/uploads\/2026\/03\/F1-Grand-Prix-dAustralie-2026-la-grille-de-depart-complete.png","keywords":["br\u00e8ve","F1","F1 Australie","Formule 1","Grand Prix d'Australie F1"],"articleSection":["Formule 1"],"inLanguage":"fr-FR","potentialAction":[{"@type":"CommentAction","name":"Comment","target":["https:\/\/dicodusport.fr\/blog\/f1-grand-prix-daustralie-2026-la-grille-de-depart-complete\/#respond"]}],"copyrightYear":"2026","copyrightHolder":{"@id":"https:\/\/dicodusport.fr\/blog\/#organization"}},{"@type":"WebPage","@id":"https:\/\/dicodusport.fr\/blog\/f1-grand-prix-daustralie-2026-la-grille-de-depart-complete\/","url":"https:\/\/dicodusport.fr\/blog\/f1-grand-prix-daustralie-2026-la-grille-de-depart-complete\/","name":"F1 \u2013 Grand Prix d\u2019Australie 2026 : la grille de d\u00e9part compl\u00e8te","isPartOf":{"@id":"https:\/\/dicodusport.fr\/blog\/#website"},"primaryImageOfPage":{"@id":"https:\/\/dicodusport.fr\/blog\/f1-grand-prix-daustralie-2026-la-grille-de-depart-complete\/#primaryimage"},"image":{"@id":"https:\/\/dicodusport.fr\/blog\/f1-grand-prix-daustralie-2026-la-grille-de-depart-complete\/#primaryimage"},"thumbnailUrl":"https:\/\/dicodusport.fr\/blog\/wp-content\/uploads\/2026\/03\/F1-Grand-Prix-dAustralie-2026-la-grille-de-depart-complete.png","datePublished":"2026-03-07T06:27:27+00:00","dateModified":"2026-03-07T14:48:09+00:00","description":"D\u00e9couvrez la grille de d\u00e9part compl\u00e8te du Grand Prix d'Australie de F1 2026, apr\u00e8s les qualifications de ce samedi 7 mars 2026.","breadcrumb":{"@id":"https:\/\/dicodusport.fr\/blog\/f1-grand-prix-daustralie-2026-la-grille-de-depart-complete\/#breadcrumb"},"inLanguage":"fr-FR","potentialAction":[{"@type":"ReadAction","target":["https:\/\/dicodusport.fr\/blog\/f1-grand-prix-daustralie-2026-la-grille-de-depart-complete\/"]}]},{"@type":"ImageObject","inLanguage":"fr-FR","@id":"https:\/\/dicodusport.fr\/blog\/f1-grand-prix-daustralie-2026-la-grille-de-depart-complete\/#primaryimage","url":"https:\/\/dicodusport.fr\/blog\/wp-content\/uploads\/2026\/03\/F1-Grand-Prix-dAustralie-2026-la-grille-de-depart-complete.png","contentUrl":"https:\/\/dicodusport.fr\/blog\/wp-content\/uploads\/2026\/03\/F1-Grand-Prix-dAustralie-2026-la-grille-de-depart-complete.png","width":1200,"height":674,"caption":"F1 - Grand Prix d\u2019Australie 2026 la grille de d\u00e9part compl\u00e8te"},{"@type":"BreadcrumbList","@id":"https:\/\/dicodusport.fr\/blog\/f1-grand-prix-daustralie-2026-la-grille-de-depart-complete\/#breadcrumb","itemListElement":[{"@type":"ListItem","position":1,"name":"Accueil","item":"https:\/\/dicodusport.fr\/blog\/"},{"@type":"ListItem","position":2,"name":"F1 \u2013 Grand Prix d\u2019Australie 2026 : la grille de d\u00e9part compl\u00e8te"}]},{"@type":"WebSite","@id":"https:\/\/dicodusport.fr\/blog\/#website","url":"https:\/\/dicodusport.fr\/blog\/","name":"Dicodusport","description":"L&#039;encyclop\u00e9die de l&#039;actualit\u00e9 sportive","publisher":{"@id":"https:\/\/dicodusport.fr\/blog\/#organization"},"potentialAction":[{"@type":"SearchAction","target":{"@type":"EntryPoint","urlTemplate":"https:\/\/dicodusport.fr\/blog\/?s={search_term_string}"},"query-input":{"@type":"PropertyValueSpecification","valueRequired":true,"valueName":"search_term_string"}}],"inLanguage":"fr-FR"},{"@type":"NewsMediaOrganization","@id":"https:\/\/dicodusport.fr\/blog\/#organization","name":"Dicodusport","url":"https:\/\/dicodusport.fr\/blog\/","logo":{"@type":"ImageObject","inLanguage":"fr-FR","@id":"https:\/\/dicodusport.fr\/blog\/#\/schema\/logo\/image\/","url":"https:\/\/dicodusport.fr\/blog\/wp-content\/uploads\/2020\/06\/cropped-LOGO-DICODUSPORT-2020-SANS-FOND-SANS-TEXTE.png","contentUrl":"https:\/\/dicodusport.fr\/blog\/wp-content\/uploads\/2020\/06\/cropped-LOGO-DICODUSPORT-2020-SANS-FOND-SANS-TEXTE.png","width":512,"height":512,"caption":"Dicodusport"},"image":{"@id":"https:\/\/dicodusport.fr\/blog\/#\/schema\/logo\/image\/"},"sameAs":["https:\/\/www.facebook.com\/dicodusport","https:\/\/x.com\/dicodusport","https:\/\/www.instagram.com\/dicodusport\/","https:\/\/www.youtube.com\/channel\/UC7V2KZ5sd3htJivAbA4ZG3w"],"description":"Dicodusport est l'encyclop\u00e9die de l'actualit\u00e9 sportive.","email":"bonjour@dicodusport.fr","legalName":"DICODUSPORT","foundingDate":"2018-01-14","vatID":"FR71834470973","taxID":"83447097300043","numberOfEmployees":{"@type":"QuantitativeValue","minValue":"1","maxValue":"10"}},{"@type":"Person","@id":"https:\/\/dicodusport.fr\/blog\/#\/schema\/person\/cb02af4c173ce4a653b55e9baf388d4a","name":"Flo Ostermann","image":{"@type":"ImageObject","inLanguage":"fr-FR","@id":"https:\/\/dicodusport.fr\/blog\/#\/schema\/person\/image\/","url":"https:\/\/dicodusport.fr\/blog\/wp-content\/uploads\/2021\/05\/Flo-Ostermann-150x150.jpg","contentUrl":"https:\/\/dicodusport.fr\/blog\/wp-content\/uploads\/2021\/05\/Flo-Ostermann-150x150.jpg","caption":"Flo Ostermann"},"description":"Journaliste\/R\u00e9dacteur depuis septembre 2015 - Mes premiers souvenirs dans le sport ? Les envol\u00e9es du Stade Toulousain et les duels Villeneuve-Schumacher et H\u00e4kkinen-Schumacher \u00e0 la fin des ann\u00e9es 90, la Coupe du monde de football en 1998, l\u2019exploit du XV de France face aux All Blacks en 1999, mais aussi Richard C\u0153ur de Lion qui vole sur les montagnes du Tour de France. Bien parti pour devenir professeur d\u2019EPS, les \u00e9v\u00e9nements de la vie (et la flemme d\u2019animer des s\u00e9ances de 3x500 m\u00e8tres toute ma vie) m\u2019ont conduit \u00e0 revoir mes plans. Me voil\u00e0 depuis fin 2017 sur Dicodusport, m\u00e9dia gr\u00e2ce (et pour) lequel je partage ma passion : le sport dans tous ses \u00e9tats. Le tout accompagn\u00e9 par les fous furieux et folles furieuses cit\u00e9s sur cette page !","sameAs":["https:\/\/www.facebook.com\/florent.ostermann","https:\/\/x.com\/https:\/\/twitter.com\/FlOstermann","admin"],"url":"https:\/\/dicodusport.fr\/blog\/author\/flo\/"}]}},"_links":{"self":[{"href":"https:\/\/dicodusport.fr\/blog\/wp-json\/wp\/v2\/posts\/653114","targetHints":{"allow":["GET"]}}],"collection":[{"href":"https:\/\/dicodusport.fr\/blog\/wp-json\/wp\/v2\/posts"}],"about":[{"href":"https:\/\/dicodusport.fr\/blog\/wp-json\/wp\/v2\/types\/post"}],"author":[{"embeddable":true,"href":"https:\/\/dicodusport.fr\/blog\/wp-json\/wp\/v2\/users\/4"}],"replies":[{"embeddable":true,"href":"https:\/\/dicodusport.fr\/blog\/wp-json\/wp\/v2\/comments?post=653114"}],"version-history":[{"count":5,"href":"https:\/\/dicodusport.fr\/blog\/wp-json\/wp\/v2\/posts\/653114\/revisions"}],"predecessor-version":[{"id":653376,"href":"https:\/\/dicodusport.fr\/blog\/wp-json\/wp\/v2\/posts\/653114\/revisions\/653376"}],"wp:featuredmedia":[{"embeddable":true,"href":"https:\/\/dicodusport.fr\/blog\/wp-json\/wp\/v2\/media\/653117"}],"wp:attachment":[{"href":"https:\/\/dicodusport.fr\/blog\/wp-json\/wp\/v2\/media?parent=653114"}],"wp:term":[{"taxonomy":"category","embeddable":true,"href":"https:\/\/dicodusport.fr\/blog\/wp-json\/wp\/v2\/categories?post=653114"},{"taxonomy":"post_tag","embeddable":true,"href":"https:\/\/dicodusport.fr\/blog\/wp-json\/wp\/v2\/tags?post=653114"}],"curies":[{"name":"wp","href":"https:\/\/api.w.org\/{rel}","templated":true}]}}