{"id":653301,"date":"2026-03-07T13:56:53","date_gmt":"2026-03-07T12:56:53","guid":{"rendered":"https:\/\/dicodusport.fr\/blog\/?p=653301&#038;preview=true&#038;preview_id=653301"},"modified":"2026-03-07T17:34:47","modified_gmt":"2026-03-07T16:34:47","slug":"deuxieme-medaille-pour-leonie-perry-encore-en-bronze-sur-le-10-km-aux-mondiaux-u23-de-ski-de-fond","status":"publish","type":"post","link":"https:\/\/dicodusport.fr\/blog\/deuxieme-medaille-pour-leonie-perry-encore-en-bronze-sur-le-10-km-aux-mondiaux-u23-de-ski-de-fond\/","title":{"rendered":"Deuxi\u00e8me m\u00e9daille pour L\u00e9onie Perry, encore en bronze sur le 10 km aux Mondiaux U23 de ski de fond"},"content":{"rendered":"<p style=\"text-align: justify;\"><strong><em>MONDIAUX JUNIORS\/U23 DE SKI NORDIQUE 2026 &#8211; Deuxi\u00e8me m\u00e9daille de bronze pour L\u00e9onie Perry, qui a encore tenu son rang sur le 10 km individuel classique.<\/em><\/strong><\/p>\n<p style=\"text-align: justify;\">Jeudi, <strong>L\u00e9onie Perry<\/strong> avait livr\u00e9 une belle course sur la mass start 30 km style libre. Actrice majeure, elle a pass\u00e9 la course \u00e0 l&rsquo;avant et a \u00e9t\u00e9 r\u00e9compens\u00e9e par du bronze. De quoi lui donner confiance pour le reste de la comp\u00e9tition, et notamment le 10 km individuel classique au programme aujourd&rsquo;hui.<\/p>\n<div class=\"vlp-link-container vlp-layout-article\"><a href=\"https:\/\/dicodusport.fr\/blog\/leonie-perry-soffre-une-medaille-de-bronze-sur-la-mass-start-aux-mondiaux-u23-de-ski-de-fond\/\" class=\"vlp-link\" title=\"L\u00e9onie Perry s&#039;offre une m\u00e9daille de bronze sur la mass start aux Mondiaux U23 de ski de fond\"><\/a><div class=\"vlp-layout-zone-side\"><div class=\"vlp-block-4 vlp-link-image\"><img loading=\"lazy\" decoding=\"async\" style=\"max-width: 792px;\" width=\"792\" height=\"445\" src=\"https:\/\/dicodusport.fr\/blog\/wp-content\/uploads\/2026\/03\/Leonie-Perry-soffre-une-medaille-de-bronze-sur-la-mass-start-aux-Mondiaux-U23-de-ski-de-fond-1.png\" class=\"attachment-800x445 size-800x445\" alt=\"L\u00e9onie Perry s&#039;offre une m\u00e9daille de bronze sur la mass start aux Mondiaux U23 de ski de fond\" srcset=\"https:\/\/dicodusport.fr\/blog\/wp-content\/uploads\/2026\/03\/Leonie-Perry-soffre-une-medaille-de-bronze-sur-la-mass-start-aux-Mondiaux-U23-de-ski-de-fond-1.png 1200w, https:\/\/dicodusport.fr\/blog\/wp-content\/uploads\/2026\/03\/Leonie-Perry-soffre-une-medaille-de-bronze-sur-la-mass-start-aux-Mondiaux-U23-de-ski-de-fond-1-300x169.png 300w, https:\/\/dicodusport.fr\/blog\/wp-content\/uploads\/2026\/03\/Leonie-Perry-soffre-une-medaille-de-bronze-sur-la-mass-start-aux-Mondiaux-U23-de-ski-de-fond-1-1024x575.png 1024w, https:\/\/dicodusport.fr\/blog\/wp-content\/uploads\/2026\/03\/Leonie-Perry-soffre-une-medaille-de-bronze-sur-la-mass-start-aux-Mondiaux-U23-de-ski-de-fond-1-768x431.png 768w\" sizes=\"auto, (max-width: 792px) 100vw, 792px\" \/><\/div><\/div><div class=\"vlp-layout-zone-main\"><div class=\"vlp-block-0 vlp-link-title\">L\u00e9onie Perry s'offre une m\u00e9daille de bronze sur la mass start aux Mondiaux U23 de ski de fond<\/div><div class=\"vlp-block-1 vlp-link-summary\">MONDIAUX JUNIORS\/U23 DE SKI NORDIQUE 2026 - Au terme d'une belle course, L\u00e9onie Perry va chercher le bronze sur une mass start remport\u00e9e par Alison Mackie.<\/div><div class=\"vlp-block-2 vlp-link-button\">Lire l'article<\/div><div class=\"vlp-block-3 vlp-link-url\">dicodusport.fr<\/div><\/div><\/div>\n<h2 style=\"text-align: justify;\">Perry, des Mondiaux r\u00e9ussis<\/h2>\n<p style=\"text-align: justify;\">N\u00e9anmoins, cette course n&rsquo;a pas eu de suspense, en tout cas pour la victoire : <strong>Eva Ingebrigtsen<\/strong>, deuxi\u00e8me jeudi sur la mass start, a rapidement montr\u00e9 \u00e0 quel point elle \u00e9tait au-dessus du lot en classique. La Norv\u00e9gienne avait d\u00e9j\u00e0 course gagn\u00e9e apr\u00e8s 5 km, mais elle n&rsquo;a pas ralenti. Une d\u00e9monstration, puisque seule la Su\u00e9doise<strong> Marina Kaelin<\/strong> allait rester en dessous de la minute.<\/p>\n<p style=\"text-align: justify;\">Pour le bronze, la lutte s&rsquo;annon\u00e7ait serr\u00e9e. \u00c0 mi-course, <strong>L\u00e9onie Perry<\/strong> avait 5 secondes de retard sur le podium. Mais visiblement, la Fran\u00e7aise en avait gard\u00e9 sous la p\u00e9dale, et allait produire une acc\u00e9l\u00e9ration progressive pour finalement creuser un \u00e9cart d\u00e9cisif. En effet, elle coupait la ligne avec pr\u00e8s de 8 secondes de marge sur une autre Su\u00e9doise, <strong>Evelina Crusell<\/strong>. M\u00e9daille de bronze donc pour <strong>L\u00e9onie Perry<\/strong>, sa deuxi\u00e8me : les Mondiaux sont une r\u00e9ussite pour la Fran\u00e7aise, et il restera le relais mixte, demain, pour aller chercher une derni\u00e8re m\u00e9daille.<\/p>\n","protected":false},"excerpt":{"rendered":"<p>MONDIAUX JUNIORS\/U23 DE SKI NORDIQUE 2026 &#8211; Deuxi\u00e8me m\u00e9daille de bronze pour L\u00e9onie Perry, qui a encore tenu son rang sur le 10 km individuel classique.<\/p>\n","protected":false},"author":59,"featured_media":653455,"comment_status":"open","ping_status":"closed","sticky":false,"template":"","format":"standard","meta":{"_acf_changed":false,"_daextam_enable_autolinks":"1","footnotes":""},"categories":[9217],"tags":[16878,2819,4153],"class_list":["post-653301","post","type-post","status-publish","format-standard","has-post-thumbnail","hentry","category-ski","tag-breve","tag-ski-de-fond","tag-ski-nordique"],"acf":[],"yoast_head":"<!-- This site is optimized with the Yoast SEO Premium plugin v26.7 (Yoast SEO v26.7) - https:\/\/yoast.com\/wordpress\/plugins\/seo\/ -->\n<title>Deuxi\u00e8me m\u00e9daille pour L\u00e9onie Perry, encore en bronze sur le 10 km aux Mondiaux U23 de ski de fond<\/title>\n<meta name=\"description\" content=\"MONDIAUX JUNIORS\/U23 DE SKI NORDIQUE 2026 - Deuxi\u00e8me m\u00e9daille de bronze pour L\u00e9onie Perry, qui a encore tenu son rang sur le 10 km individuel classique.\" \/>\n<meta name=\"robots\" content=\"index, follow, max-snippet:-1, max-image-preview:large, max-video-preview:-1\" \/>\n<link rel=\"canonical\" href=\"https:\/\/dicodusport.fr\/blog\/deuxieme-medaille-pour-leonie-perry-encore-en-bronze-sur-le-10-km-aux-mondiaux-u23-de-ski-de-fond\/\" \/>\n<meta property=\"og:locale\" content=\"fr_FR\" \/>\n<meta property=\"og:type\" content=\"article\" \/>\n<meta property=\"og:title\" content=\"Deuxi\u00e8me m\u00e9daille pour L\u00e9onie Perry, encore en bronze sur le 10 km aux Mondiaux U23 de ski de fond\" \/>\n<meta property=\"og:description\" content=\"MONDIAUX JUNIORS\/U23 DE SKI NORDIQUE 2026 - Deuxi\u00e8me m\u00e9daille de bronze pour L\u00e9onie Perry, qui a encore tenu son rang sur le 10 km individuel classique.\" \/>\n<meta property=\"og:url\" content=\"https:\/\/dicodusport.fr\/blog\/deuxieme-medaille-pour-leonie-perry-encore-en-bronze-sur-le-10-km-aux-mondiaux-u23-de-ski-de-fond\/\" \/>\n<meta property=\"og:site_name\" content=\"Dicodusport\" \/>\n<meta property=\"article:publisher\" content=\"https:\/\/www.facebook.com\/dicodusport\" \/>\n<meta property=\"article:author\" content=\"https:\/\/www.facebook.com\/sebastien.gente\/\" \/>\n<meta property=\"article:published_time\" content=\"2026-03-07T12:56:53+00:00\" \/>\n<meta property=\"article:modified_time\" content=\"2026-03-07T16:34:47+00:00\" \/>\n<meta property=\"og:image\" content=\"https:\/\/dicodusport.fr\/blog\/wp-content\/uploads\/2026\/03\/Deuxieme-medaille-pour-Leonie-Perry-encore-en-bronze-sur-le-10-km-aux-Mondiaux-U23-de-ski-de-fond.png\" \/>\n\t<meta property=\"og:image:width\" content=\"1200\" \/>\n\t<meta property=\"og:image:height\" content=\"674\" \/>\n\t<meta property=\"og:image:type\" content=\"image\/png\" \/>\n<meta name=\"author\" content=\"S\u00e9bastien Gente\" \/>\n<meta name=\"twitter:card\" content=\"summary_large_image\" \/>\n<meta name=\"twitter:title\" content=\"Deuxi\u00e8me m\u00e9daille pour L\u00e9onie Perry, encore en bronze sur le 10 km aux Mondiaux U23 de ski de fond\" \/>\n<meta name=\"twitter:creator\" content=\"@https:\/\/twitter.com\/globulo24\" \/>\n<meta name=\"twitter:site\" content=\"@dicodusport\" \/>\n<script type=\"application\/ld+json\" class=\"yoast-schema-graph\">{\"@context\":\"https:\/\/schema.org\",\"@graph\":[{\"@type\":\"NewsArticle\",\"@id\":\"https:\/\/dicodusport.fr\/blog\/deuxieme-medaille-pour-leonie-perry-encore-en-bronze-sur-le-10-km-aux-mondiaux-u23-de-ski-de-fond\/#article\",\"isPartOf\":{\"@id\":\"https:\/\/dicodusport.fr\/blog\/deuxieme-medaille-pour-leonie-perry-encore-en-bronze-sur-le-10-km-aux-mondiaux-u23-de-ski-de-fond\/\"},\"author\":{\"name\":\"S\u00e9bastien Gente\",\"@id\":\"https:\/\/dicodusport.fr\/blog\/#\/schema\/person\/627966a6cde45dbd8c5e36ac85d783da\"},\"headline\":\"Deuxi\u00e8me m\u00e9daille pour L\u00e9onie Perry, encore en bronze sur le 10 km aux Mondiaux U23 de ski de fond\",\"datePublished\":\"2026-03-07T12:56:53+00:00\",\"dateModified\":\"2026-03-07T16:34:47+00:00\",\"mainEntityOfPage\":{\"@id\":\"https:\/\/dicodusport.fr\/blog\/deuxieme-medaille-pour-leonie-perry-encore-en-bronze-sur-le-10-km-aux-mondiaux-u23-de-ski-de-fond\/\"},\"wordCount\":378,\"commentCount\":0,\"publisher\":{\"@id\":\"https:\/\/dicodusport.fr\/blog\/#organization\"},\"image\":{\"@id\":\"https:\/\/dicodusport.fr\/blog\/deuxieme-medaille-pour-leonie-perry-encore-en-bronze-sur-le-10-km-aux-mondiaux-u23-de-ski-de-fond\/#primaryimage\"},\"thumbnailUrl\":\"https:\/\/dicodusport.fr\/blog\/wp-content\/uploads\/2026\/03\/Deuxieme-medaille-pour-Leonie-Perry-encore-en-bronze-sur-le-10-km-aux-Mondiaux-U23-de-ski-de-fond.png\",\"keywords\":[\"br\u00e8ve\",\"Ski de fond\",\"ski nordique\"],\"articleSection\":[\"Ski\"],\"inLanguage\":\"fr-FR\",\"potentialAction\":[{\"@type\":\"CommentAction\",\"name\":\"Comment\",\"target\":[\"https:\/\/dicodusport.fr\/blog\/deuxieme-medaille-pour-leonie-perry-encore-en-bronze-sur-le-10-km-aux-mondiaux-u23-de-ski-de-fond\/#respond\"]}],\"copyrightYear\":\"2026\",\"copyrightHolder\":{\"@id\":\"https:\/\/dicodusport.fr\/blog\/#organization\"}},{\"@type\":\"WebPage\",\"@id\":\"https:\/\/dicodusport.fr\/blog\/deuxieme-medaille-pour-leonie-perry-encore-en-bronze-sur-le-10-km-aux-mondiaux-u23-de-ski-de-fond\/\",\"url\":\"https:\/\/dicodusport.fr\/blog\/deuxieme-medaille-pour-leonie-perry-encore-en-bronze-sur-le-10-km-aux-mondiaux-u23-de-ski-de-fond\/\",\"name\":\"Deuxi\u00e8me m\u00e9daille pour L\u00e9onie Perry, encore en bronze sur le 10 km aux Mondiaux U23 de ski de fond\",\"isPartOf\":{\"@id\":\"https:\/\/dicodusport.fr\/blog\/#website\"},\"primaryImageOfPage\":{\"@id\":\"https:\/\/dicodusport.fr\/blog\/deuxieme-medaille-pour-leonie-perry-encore-en-bronze-sur-le-10-km-aux-mondiaux-u23-de-ski-de-fond\/#primaryimage\"},\"image\":{\"@id\":\"https:\/\/dicodusport.fr\/blog\/deuxieme-medaille-pour-leonie-perry-encore-en-bronze-sur-le-10-km-aux-mondiaux-u23-de-ski-de-fond\/#primaryimage\"},\"thumbnailUrl\":\"https:\/\/dicodusport.fr\/blog\/wp-content\/uploads\/2026\/03\/Deuxieme-medaille-pour-Leonie-Perry-encore-en-bronze-sur-le-10-km-aux-Mondiaux-U23-de-ski-de-fond.png\",\"datePublished\":\"2026-03-07T12:56:53+00:00\",\"dateModified\":\"2026-03-07T16:34:47+00:00\",\"description\":\"MONDIAUX JUNIORS\/U23 DE SKI NORDIQUE 2026 - Deuxi\u00e8me m\u00e9daille de bronze pour L\u00e9onie Perry, qui a encore tenu son rang sur le 10 km individuel classique.\",\"breadcrumb\":{\"@id\":\"https:\/\/dicodusport.fr\/blog\/deuxieme-medaille-pour-leonie-perry-encore-en-bronze-sur-le-10-km-aux-mondiaux-u23-de-ski-de-fond\/#breadcrumb\"},\"inLanguage\":\"fr-FR\",\"potentialAction\":[{\"@type\":\"ReadAction\",\"target\":[\"https:\/\/dicodusport.fr\/blog\/deuxieme-medaille-pour-leonie-perry-encore-en-bronze-sur-le-10-km-aux-mondiaux-u23-de-ski-de-fond\/\"]}]},{\"@type\":\"ImageObject\",\"inLanguage\":\"fr-FR\",\"@id\":\"https:\/\/dicodusport.fr\/blog\/deuxieme-medaille-pour-leonie-perry-encore-en-bronze-sur-le-10-km-aux-mondiaux-u23-de-ski-de-fond\/#primaryimage\",\"url\":\"https:\/\/dicodusport.fr\/blog\/wp-content\/uploads\/2026\/03\/Deuxieme-medaille-pour-Leonie-Perry-encore-en-bronze-sur-le-10-km-aux-Mondiaux-U23-de-ski-de-fond.png\",\"contentUrl\":\"https:\/\/dicodusport.fr\/blog\/wp-content\/uploads\/2026\/03\/Deuxieme-medaille-pour-Leonie-Perry-encore-en-bronze-sur-le-10-km-aux-Mondiaux-U23-de-ski-de-fond.png\",\"width\":1200,\"height\":674,\"caption\":\"Deuxi\u00e8me m\u00e9daille pour L\u00e9onie Perry, encore en bronze sur le 10 km aux Mondiaux U23 de ski de fond\"},{\"@type\":\"BreadcrumbList\",\"@id\":\"https:\/\/dicodusport.fr\/blog\/deuxieme-medaille-pour-leonie-perry-encore-en-bronze-sur-le-10-km-aux-mondiaux-u23-de-ski-de-fond\/#breadcrumb\",\"itemListElement\":[{\"@type\":\"ListItem\",\"position\":1,\"name\":\"Accueil\",\"item\":\"https:\/\/dicodusport.fr\/blog\/\"},{\"@type\":\"ListItem\",\"position\":2,\"name\":\"Deuxi\u00e8me m\u00e9daille pour L\u00e9onie Perry, encore en bronze sur le 10 km aux Mondiaux U23 de ski de fond\"}]},{\"@type\":\"WebSite\",\"@id\":\"https:\/\/dicodusport.fr\/blog\/#website\",\"url\":\"https:\/\/dicodusport.fr\/blog\/\",\"name\":\"Dicodusport\",\"description\":\"L&#039;encyclop\u00e9die de l&#039;actualit\u00e9 sportive\",\"publisher\":{\"@id\":\"https:\/\/dicodusport.fr\/blog\/#organization\"},\"potentialAction\":[{\"@type\":\"SearchAction\",\"target\":{\"@type\":\"EntryPoint\",\"urlTemplate\":\"https:\/\/dicodusport.fr\/blog\/?s={search_term_string}\"},\"query-input\":{\"@type\":\"PropertyValueSpecification\",\"valueRequired\":true,\"valueName\":\"search_term_string\"}}],\"inLanguage\":\"fr-FR\"},{\"@type\":\"NewsMediaOrganization\",\"@id\":\"https:\/\/dicodusport.fr\/blog\/#organization\",\"name\":\"Dicodusport\",\"url\":\"https:\/\/dicodusport.fr\/blog\/\",\"logo\":{\"@type\":\"ImageObject\",\"inLanguage\":\"fr-FR\",\"@id\":\"https:\/\/dicodusport.fr\/blog\/#\/schema\/logo\/image\/\",\"url\":\"https:\/\/dicodusport.fr\/blog\/wp-content\/uploads\/2020\/06\/cropped-LOGO-DICODUSPORT-2020-SANS-FOND-SANS-TEXTE.png\",\"contentUrl\":\"https:\/\/dicodusport.fr\/blog\/wp-content\/uploads\/2020\/06\/cropped-LOGO-DICODUSPORT-2020-SANS-FOND-SANS-TEXTE.png\",\"width\":512,\"height\":512,\"caption\":\"Dicodusport\"},\"image\":{\"@id\":\"https:\/\/dicodusport.fr\/blog\/#\/schema\/logo\/image\/\"},\"sameAs\":[\"https:\/\/www.facebook.com\/dicodusport\",\"https:\/\/x.com\/dicodusport\",\"https:\/\/www.instagram.com\/dicodusport\/\",\"https:\/\/www.youtube.com\/channel\/UC7V2KZ5sd3htJivAbA4ZG3w\"],\"description\":\"Dicodusport est l'encyclop\u00e9die de l'actualit\u00e9 sportive.\",\"email\":\"bonjour@dicodusport.fr\",\"legalName\":\"DICODUSPORT\",\"foundingDate\":\"2018-01-14\",\"vatID\":\"FR71834470973\",\"taxID\":\"83447097300043\",\"numberOfEmployees\":{\"@type\":\"QuantitativeValue\",\"minValue\":\"1\",\"maxValue\":\"10\"}},{\"@type\":\"Person\",\"@id\":\"https:\/\/dicodusport.fr\/blog\/#\/schema\/person\/627966a6cde45dbd8c5e36ac85d783da\",\"name\":\"S\u00e9bastien Gente\",\"image\":{\"@type\":\"ImageObject\",\"inLanguage\":\"fr-FR\",\"@id\":\"https:\/\/dicodusport.fr\/blog\/#\/schema\/person\/image\/\",\"url\":\"https:\/\/dicodusport.fr\/blog\/wp-content\/uploads\/2021\/09\/1510990_10205810251400683_4124423575079401707_n-150x150.jpg\",\"contentUrl\":\"https:\/\/dicodusport.fr\/blog\/wp-content\/uploads\/2021\/09\/1510990_10205810251400683_4124423575079401707_n-150x150.jpg\",\"caption\":\"S\u00e9bastien Gente\"},\"description\":\"John Stockton, Gianni Bugno, Zinedine Zidane, Steffi Graf, Frode Andresen, St\u00e9phane Stoecklin, Davis Kamoga, Primoz Peterka, Werner Schlager et Aur\u00e9lien Rougerie. Point commun entre ces sportifs? Ils m'ont fait r\u00eaver et ont berc\u00e9 mon adolescence. Je suis un fondu de sports et j'essaie de retranscrire ma passion \u00e0 travers mes articles. Originaire du P\u00e9rigord, ma passion pour les Girondins, les Jaunards et les Jazzmen transpire dans mes \u00e9crits. \u00c0 Dicodusport depuis 2021, je d\u00e9niche les sports m\u00e9connus dans lesquels la France brille, et il y en a !\",\"sameAs\":[\"https:\/\/www.facebook.com\/sebastien.gente\/\",\"https:\/\/www.instagram.com\/sebgente\/\",\"https:\/\/www.linkedin.com\/in\/sbastien-gente-a29583169\/\",\"https:\/\/x.com\/https:\/\/twitter.com\/globulo24\",\"SebastienGente\"],\"worksFor\":\"S\u00e9bastien GENTE\",\"url\":\"https:\/\/dicodusport.fr\/blog\/author\/sebastiengente\/\"}]}<\/script>\n<!-- \/ Yoast SEO Premium plugin. -->","yoast_head_json":{"title":"Deuxi\u00e8me m\u00e9daille pour L\u00e9onie Perry, encore en bronze sur le 10 km aux Mondiaux U23 de ski de fond","description":"MONDIAUX JUNIORS\/U23 DE SKI NORDIQUE 2026 - Deuxi\u00e8me m\u00e9daille de bronze pour L\u00e9onie Perry, qui a encore tenu son rang sur le 10 km individuel classique.","robots":{"index":"index","follow":"follow","max-snippet":"max-snippet:-1","max-image-preview":"max-image-preview:large","max-video-preview":"max-video-preview:-1"},"canonical":"https:\/\/dicodusport.fr\/blog\/deuxieme-medaille-pour-leonie-perry-encore-en-bronze-sur-le-10-km-aux-mondiaux-u23-de-ski-de-fond\/","og_locale":"fr_FR","og_type":"article","og_title":"Deuxi\u00e8me m\u00e9daille pour L\u00e9onie Perry, encore en bronze sur le 10 km aux Mondiaux U23 de ski de fond","og_description":"MONDIAUX JUNIORS\/U23 DE SKI NORDIQUE 2026 - Deuxi\u00e8me m\u00e9daille de bronze pour L\u00e9onie Perry, qui a encore tenu son rang sur le 10 km individuel classique.","og_url":"https:\/\/dicodusport.fr\/blog\/deuxieme-medaille-pour-leonie-perry-encore-en-bronze-sur-le-10-km-aux-mondiaux-u23-de-ski-de-fond\/","og_site_name":"Dicodusport","article_publisher":"https:\/\/www.facebook.com\/dicodusport","article_author":"https:\/\/www.facebook.com\/sebastien.gente\/","article_published_time":"2026-03-07T12:56:53+00:00","article_modified_time":"2026-03-07T16:34:47+00:00","og_image":[{"width":1200,"height":674,"url":"https:\/\/dicodusport.fr\/blog\/wp-content\/uploads\/2026\/03\/Deuxieme-medaille-pour-Leonie-Perry-encore-en-bronze-sur-le-10-km-aux-Mondiaux-U23-de-ski-de-fond.png","type":"image\/png"}],"author":"S\u00e9bastien Gente","twitter_card":"summary_large_image","twitter_title":"Deuxi\u00e8me m\u00e9daille pour L\u00e9onie Perry, encore en bronze sur le 10 km aux Mondiaux U23 de ski de fond","twitter_creator":"@https:\/\/twitter.com\/globulo24","twitter_site":"@dicodusport","schema":{"@context":"https:\/\/schema.org","@graph":[{"@type":"NewsArticle","@id":"https:\/\/dicodusport.fr\/blog\/deuxieme-medaille-pour-leonie-perry-encore-en-bronze-sur-le-10-km-aux-mondiaux-u23-de-ski-de-fond\/#article","isPartOf":{"@id":"https:\/\/dicodusport.fr\/blog\/deuxieme-medaille-pour-leonie-perry-encore-en-bronze-sur-le-10-km-aux-mondiaux-u23-de-ski-de-fond\/"},"author":{"name":"S\u00e9bastien Gente","@id":"https:\/\/dicodusport.fr\/blog\/#\/schema\/person\/627966a6cde45dbd8c5e36ac85d783da"},"headline":"Deuxi\u00e8me m\u00e9daille pour L\u00e9onie Perry, encore en bronze sur le 10 km aux Mondiaux U23 de ski de fond","datePublished":"2026-03-07T12:56:53+00:00","dateModified":"2026-03-07T16:34:47+00:00","mainEntityOfPage":{"@id":"https:\/\/dicodusport.fr\/blog\/deuxieme-medaille-pour-leonie-perry-encore-en-bronze-sur-le-10-km-aux-mondiaux-u23-de-ski-de-fond\/"},"wordCount":378,"commentCount":0,"publisher":{"@id":"https:\/\/dicodusport.fr\/blog\/#organization"},"image":{"@id":"https:\/\/dicodusport.fr\/blog\/deuxieme-medaille-pour-leonie-perry-encore-en-bronze-sur-le-10-km-aux-mondiaux-u23-de-ski-de-fond\/#primaryimage"},"thumbnailUrl":"https:\/\/dicodusport.fr\/blog\/wp-content\/uploads\/2026\/03\/Deuxieme-medaille-pour-Leonie-Perry-encore-en-bronze-sur-le-10-km-aux-Mondiaux-U23-de-ski-de-fond.png","keywords":["br\u00e8ve","Ski de fond","ski nordique"],"articleSection":["Ski"],"inLanguage":"fr-FR","potentialAction":[{"@type":"CommentAction","name":"Comment","target":["https:\/\/dicodusport.fr\/blog\/deuxieme-medaille-pour-leonie-perry-encore-en-bronze-sur-le-10-km-aux-mondiaux-u23-de-ski-de-fond\/#respond"]}],"copyrightYear":"2026","copyrightHolder":{"@id":"https:\/\/dicodusport.fr\/blog\/#organization"}},{"@type":"WebPage","@id":"https:\/\/dicodusport.fr\/blog\/deuxieme-medaille-pour-leonie-perry-encore-en-bronze-sur-le-10-km-aux-mondiaux-u23-de-ski-de-fond\/","url":"https:\/\/dicodusport.fr\/blog\/deuxieme-medaille-pour-leonie-perry-encore-en-bronze-sur-le-10-km-aux-mondiaux-u23-de-ski-de-fond\/","name":"Deuxi\u00e8me m\u00e9daille pour L\u00e9onie Perry, encore en bronze sur le 10 km aux Mondiaux U23 de ski de fond","isPartOf":{"@id":"https:\/\/dicodusport.fr\/blog\/#website"},"primaryImageOfPage":{"@id":"https:\/\/dicodusport.fr\/blog\/deuxieme-medaille-pour-leonie-perry-encore-en-bronze-sur-le-10-km-aux-mondiaux-u23-de-ski-de-fond\/#primaryimage"},"image":{"@id":"https:\/\/dicodusport.fr\/blog\/deuxieme-medaille-pour-leonie-perry-encore-en-bronze-sur-le-10-km-aux-mondiaux-u23-de-ski-de-fond\/#primaryimage"},"thumbnailUrl":"https:\/\/dicodusport.fr\/blog\/wp-content\/uploads\/2026\/03\/Deuxieme-medaille-pour-Leonie-Perry-encore-en-bronze-sur-le-10-km-aux-Mondiaux-U23-de-ski-de-fond.png","datePublished":"2026-03-07T12:56:53+00:00","dateModified":"2026-03-07T16:34:47+00:00","description":"MONDIAUX JUNIORS\/U23 DE SKI NORDIQUE 2026 - Deuxi\u00e8me m\u00e9daille de bronze pour L\u00e9onie Perry, qui a encore tenu son rang sur le 10 km individuel classique.","breadcrumb":{"@id":"https:\/\/dicodusport.fr\/blog\/deuxieme-medaille-pour-leonie-perry-encore-en-bronze-sur-le-10-km-aux-mondiaux-u23-de-ski-de-fond\/#breadcrumb"},"inLanguage":"fr-FR","potentialAction":[{"@type":"ReadAction","target":["https:\/\/dicodusport.fr\/blog\/deuxieme-medaille-pour-leonie-perry-encore-en-bronze-sur-le-10-km-aux-mondiaux-u23-de-ski-de-fond\/"]}]},{"@type":"ImageObject","inLanguage":"fr-FR","@id":"https:\/\/dicodusport.fr\/blog\/deuxieme-medaille-pour-leonie-perry-encore-en-bronze-sur-le-10-km-aux-mondiaux-u23-de-ski-de-fond\/#primaryimage","url":"https:\/\/dicodusport.fr\/blog\/wp-content\/uploads\/2026\/03\/Deuxieme-medaille-pour-Leonie-Perry-encore-en-bronze-sur-le-10-km-aux-Mondiaux-U23-de-ski-de-fond.png","contentUrl":"https:\/\/dicodusport.fr\/blog\/wp-content\/uploads\/2026\/03\/Deuxieme-medaille-pour-Leonie-Perry-encore-en-bronze-sur-le-10-km-aux-Mondiaux-U23-de-ski-de-fond.png","width":1200,"height":674,"caption":"Deuxi\u00e8me m\u00e9daille pour L\u00e9onie Perry, encore en bronze sur le 10 km aux Mondiaux U23 de ski de fond"},{"@type":"BreadcrumbList","@id":"https:\/\/dicodusport.fr\/blog\/deuxieme-medaille-pour-leonie-perry-encore-en-bronze-sur-le-10-km-aux-mondiaux-u23-de-ski-de-fond\/#breadcrumb","itemListElement":[{"@type":"ListItem","position":1,"name":"Accueil","item":"https:\/\/dicodusport.fr\/blog\/"},{"@type":"ListItem","position":2,"name":"Deuxi\u00e8me m\u00e9daille pour L\u00e9onie Perry, encore en bronze sur le 10 km aux Mondiaux U23 de ski de fond"}]},{"@type":"WebSite","@id":"https:\/\/dicodusport.fr\/blog\/#website","url":"https:\/\/dicodusport.fr\/blog\/","name":"Dicodusport","description":"L&#039;encyclop\u00e9die de l&#039;actualit\u00e9 sportive","publisher":{"@id":"https:\/\/dicodusport.fr\/blog\/#organization"},"potentialAction":[{"@type":"SearchAction","target":{"@type":"EntryPoint","urlTemplate":"https:\/\/dicodusport.fr\/blog\/?s={search_term_string}"},"query-input":{"@type":"PropertyValueSpecification","valueRequired":true,"valueName":"search_term_string"}}],"inLanguage":"fr-FR"},{"@type":"NewsMediaOrganization","@id":"https:\/\/dicodusport.fr\/blog\/#organization","name":"Dicodusport","url":"https:\/\/dicodusport.fr\/blog\/","logo":{"@type":"ImageObject","inLanguage":"fr-FR","@id":"https:\/\/dicodusport.fr\/blog\/#\/schema\/logo\/image\/","url":"https:\/\/dicodusport.fr\/blog\/wp-content\/uploads\/2020\/06\/cropped-LOGO-DICODUSPORT-2020-SANS-FOND-SANS-TEXTE.png","contentUrl":"https:\/\/dicodusport.fr\/blog\/wp-content\/uploads\/2020\/06\/cropped-LOGO-DICODUSPORT-2020-SANS-FOND-SANS-TEXTE.png","width":512,"height":512,"caption":"Dicodusport"},"image":{"@id":"https:\/\/dicodusport.fr\/blog\/#\/schema\/logo\/image\/"},"sameAs":["https:\/\/www.facebook.com\/dicodusport","https:\/\/x.com\/dicodusport","https:\/\/www.instagram.com\/dicodusport\/","https:\/\/www.youtube.com\/channel\/UC7V2KZ5sd3htJivAbA4ZG3w"],"description":"Dicodusport est l'encyclop\u00e9die de l'actualit\u00e9 sportive.","email":"bonjour@dicodusport.fr","legalName":"DICODUSPORT","foundingDate":"2018-01-14","vatID":"FR71834470973","taxID":"83447097300043","numberOfEmployees":{"@type":"QuantitativeValue","minValue":"1","maxValue":"10"}},{"@type":"Person","@id":"https:\/\/dicodusport.fr\/blog\/#\/schema\/person\/627966a6cde45dbd8c5e36ac85d783da","name":"S\u00e9bastien Gente","image":{"@type":"ImageObject","inLanguage":"fr-FR","@id":"https:\/\/dicodusport.fr\/blog\/#\/schema\/person\/image\/","url":"https:\/\/dicodusport.fr\/blog\/wp-content\/uploads\/2021\/09\/1510990_10205810251400683_4124423575079401707_n-150x150.jpg","contentUrl":"https:\/\/dicodusport.fr\/blog\/wp-content\/uploads\/2021\/09\/1510990_10205810251400683_4124423575079401707_n-150x150.jpg","caption":"S\u00e9bastien Gente"},"description":"John Stockton, Gianni Bugno, Zinedine Zidane, Steffi Graf, Frode Andresen, St\u00e9phane Stoecklin, Davis Kamoga, Primoz Peterka, Werner Schlager et Aur\u00e9lien Rougerie. Point commun entre ces sportifs? Ils m'ont fait r\u00eaver et ont berc\u00e9 mon adolescence. Je suis un fondu de sports et j'essaie de retranscrire ma passion \u00e0 travers mes articles. Originaire du P\u00e9rigord, ma passion pour les Girondins, les Jaunards et les Jazzmen transpire dans mes \u00e9crits. \u00c0 Dicodusport depuis 2021, je d\u00e9niche les sports m\u00e9connus dans lesquels la France brille, et il y en a !","sameAs":["https:\/\/www.facebook.com\/sebastien.gente\/","https:\/\/www.instagram.com\/sebgente\/","https:\/\/www.linkedin.com\/in\/sbastien-gente-a29583169\/","https:\/\/x.com\/https:\/\/twitter.com\/globulo24","SebastienGente"],"worksFor":"S\u00e9bastien GENTE","url":"https:\/\/dicodusport.fr\/blog\/author\/sebastiengente\/"}]}},"_links":{"self":[{"href":"https:\/\/dicodusport.fr\/blog\/wp-json\/wp\/v2\/posts\/653301","targetHints":{"allow":["GET"]}}],"collection":[{"href":"https:\/\/dicodusport.fr\/blog\/wp-json\/wp\/v2\/posts"}],"about":[{"href":"https:\/\/dicodusport.fr\/blog\/wp-json\/wp\/v2\/types\/post"}],"author":[{"embeddable":true,"href":"https:\/\/dicodusport.fr\/blog\/wp-json\/wp\/v2\/users\/59"}],"replies":[{"embeddable":true,"href":"https:\/\/dicodusport.fr\/blog\/wp-json\/wp\/v2\/comments?post=653301"}],"version-history":[{"count":1,"href":"https:\/\/dicodusport.fr\/blog\/wp-json\/wp\/v2\/posts\/653301\/revisions"}],"predecessor-version":[{"id":653304,"href":"https:\/\/dicodusport.fr\/blog\/wp-json\/wp\/v2\/posts\/653301\/revisions\/653304"}],"wp:featuredmedia":[{"embeddable":true,"href":"https:\/\/dicodusport.fr\/blog\/wp-json\/wp\/v2\/media\/653455"}],"wp:attachment":[{"href":"https:\/\/dicodusport.fr\/blog\/wp-json\/wp\/v2\/media?parent=653301"}],"wp:term":[{"taxonomy":"category","embeddable":true,"href":"https:\/\/dicodusport.fr\/blog\/wp-json\/wp\/v2\/categories?post=653301"},{"taxonomy":"post_tag","embeddable":true,"href":"https:\/\/dicodusport.fr\/blog\/wp-json\/wp\/v2\/tags?post=653301"}],"curies":[{"name":"wp","href":"https:\/\/api.w.org\/{rel}","templated":true}]}}