{"id":653774,"date":"2026-03-08T17:01:43","date_gmt":"2026-03-08T16:01:43","guid":{"rendered":"https:\/\/dicodusport.fr\/blog\/?p=653774&#038;preview=true&#038;preview_id=653774"},"modified":"2026-03-08T17:14:37","modified_gmt":"2026-03-08T16:14:37","slug":"luke-lamperti-remporte-la-premiere-etape-de-paris-nice-au-terme-dun-sprint-decousu","status":"publish","type":"post","link":"https:\/\/dicodusport.fr\/blog\/luke-lamperti-remporte-la-premiere-etape-de-paris-nice-au-terme-dun-sprint-decousu\/","title":{"rendered":"Luke Lamperti remporte la premi\u00e8re \u00e9tape de Paris-Nice au terme d&rsquo;un sprint d\u00e9cousu"},"content":{"rendered":"<p style=\"text-align: justify;\"><strong><em>PARIS-NICE 2026 &#8211; Luke Lamperti (EF Education-EasyPost) a remport\u00e9 au sprint la premi\u00e8re \u00e9tape entre Ach\u00e8res et Carri\u00e8res-sous-Poissy, dimanche.<\/em><\/strong><\/p>\n<ul style=\"text-align: justify;\">\n<li style=\"text-align: justify;\"><strong>\u00c0 ce sujet &#8211; <a href=\"https:\/\/dicodusport.fr\/blog\/classement-general-paris-nice-2026-mis-a-jour\/\">Classement g\u00e9n\u00e9ral Paris-Nice 2026 mis \u00e0 jour<\/a><\/strong><\/li>\n<\/ul>\n<p style=\"text-align: justify;\">La <strong>1\u00e8re \u00e9tape de Paris-Nice 2026<\/strong> a eu lieu ce dimanche entre <strong>Ach\u00e8res<\/strong> et <strong>Carri\u00e8res-sous-Poissy<\/strong> dans les Yvelines sur une distance de de <strong>171,2 kilom\u00e8tres<\/strong>, avec un profil vallonn\u00e9 avec pr\u00e8s de <strong>2000 m\u00e8tres de d\u00e9nivel\u00e9 positif<\/strong>, avec notamment\u00a0la redoutable <strong>c\u00f4te de Chanteloup-les-Vignes<\/strong> (1,1 km \u00e0 8,3 %, avec des passages \u00e0 plus de 12 %), dont le sommet se situe \u00e0 environ 11 kilom\u00e8tres de l\u2019arriv\u00e9e, et \u00e0 gravir \u00e0 deux reprises.<\/p>\n<ul style=\"text-align: justify;\">\n<li style=\"text-align: justify;\"><strong>\u00c0 ce sujet &#8211; <a href=\"https:\/\/dicodusport.fr\/blog\/actualites\/cyclisme\/\">L&rsquo;actualit\u00e9 du cyclisme<\/a><\/strong><\/li>\n<\/ul>\n<p style=\"text-align: justify;\">D&rsquo;abord, six coureurs ont pris les devants d\u00e8s les premiers kilom\u00e8tres : <strong>Casper Pedersen<\/strong> (Soudal-Quick Step), <strong>Luke Durbridge, Patrick Gamper<\/strong> (Jayco AlUla), <strong>Max Walker<\/strong> (EF Education-EasyPost), <strong>Mathis Le Berre<\/strong> (TotalEnergies) et <strong>S\u00e9bastien Grignard<\/strong> (Lotto Intermarch\u00e9). L&rsquo;\u00e9cart est mont\u00e9 \u00e0 plus d&rsquo;une minute 45 au maximum.<\/p>\n<h2 style=\"text-align: justify;\">La surprise Lamperti<\/h2>\n<p style=\"text-align: justify;\">Puis, <strong>Casper Pedersen<\/strong> est pass\u00e9 en t\u00eate au sommet de la c\u00f4te de Gargenville alors que le peloton s&rsquo;est rapproch\u00e9 \u00e0 un peu plus d&rsquo;une minute. Le coureur danois est \u00e9galement pass\u00e9 en premi\u00e8re position au sommet de la c\u00f4te de Vaux-sur-Seine. En entrant dans le circuit final, le peloton, emmen\u00e9 par la formation NSN Cycling Team a laiss\u00e9 l&rsquo;\u00e9cart remonter \u00e0 pr\u00e8s d&rsquo;une minute 20.<\/p>\n<p style=\"text-align: justify;\">Par la suite, <strong>Patrick Gamper<\/strong> a remport\u00e9 le sprint interm\u00e9diaire de Carri\u00e8res-sous-Poissy tandis que leur avance est pass\u00e9e sous la minute. Dans la deuxi\u00e8me ascension de la c\u00f4te de Chanteloup-les-Vignes, l&rsquo;\u00e9chapp\u00e9e a perdu <strong>Luke Durbridge<\/strong> \u00e0 cause de l&rsquo;acc\u00e9l\u00e9ration de <strong>Mathis Le Berre<\/strong>. L&rsquo;\u00e9quipe Visma-Lease a Bike \u00e9tait plac\u00e9e en t\u00eate du peloton pour prot\u00e9ger son leader <strong>Jonas Vingegaard<\/strong>. Les \u00e9chapp\u00e9s ont \u00e9t\u00e9 repris \u00e0 moins de 2 kilom\u00e8tres de l&rsquo;arriv\u00e9e.<\/p>\n<blockquote class=\"twitter-tweet\">\n<p dir=\"ltr\" lang=\"fr\">Luke Lamperti \ud83c\uddfa\ud83c\uddf8 remporte au sprint la premi\u00e8re \u00e9tape de Paris-Nice !<a href=\"https:\/\/twitter.com\/hashtag\/ParisNice?src=hash&amp;ref_src=twsrc%5Etfw\">#ParisNice<\/a> <a href=\"https:\/\/twitter.com\/hashtag\/HomeOfCycling?src=hash&amp;ref_src=twsrc%5Etfw\">#HomeOfCycling<\/a> <a href=\"https:\/\/t.co\/1CbRJLrIly\">pic.twitter.com\/1CbRJLrIly<\/a><\/p>\n<p>\u2014 Eurosport France (@Eurosport_FR) <a href=\"https:\/\/twitter.com\/Eurosport_FR\/status\/2030674773546557472?ref_src=twsrc%5Etfw\">March 8, 2026<\/a><\/p><\/blockquote>\n<p style=\"text-align: justify;\"><script async src=\"https:\/\/platform.twitter.com\/widgets.js\" charset=\"utf-8\"><\/script><\/p>\n<p style=\"text-align: justify;\">Finalement, <strong>Luke Lamperti<\/strong> a \u00e9t\u00e9 parfaitement emmen\u00e9 dans le dernier kilom\u00e8tre pour s&rsquo;imposer au sprint et signer son septi\u00e8me succ\u00e8s chez les professionnels, mais le premier en World Tour. Ila devanc\u00e9 <strong>Vito Braet<\/strong> (Lotto Intermarch\u00e9), revenu tr\u00e8s fort dans les derniers m\u00e8tres, et <strong>Orluis Aular<\/strong> (Movistar). Cinqui\u00e8me de l&rsquo;\u00e9tape, <strong>Biniam Girmay<\/strong> (NSN Cycling Team) est rest\u00e9 bloqu\u00e9 le long des barri\u00e8res. Victime d&rsquo;une petite chute dans le dernier virage, <strong>Lenny Martinez<\/strong> (Bahrain Victorious) a \u00e9t\u00e9 reclass\u00e9 dans le m\u00eame temps que le peloton principal.<\/p>\n<ul style=\"text-align: justify;\">\n<li style=\"text-align: justify;\"><strong>\u00c0 ce sujet &#8211; <a href=\"https:\/\/dicodusport.fr\/blog\/paris-nice-2026-1e-etape-classement-et-resultats\/\">Paris-Nice 2026 \u2013 1e \u00e9tape : Classement et r\u00e9sultats<\/a><\/strong><\/li>\n<\/ul>\n<h3 style=\"text-align: justify;\">\u00c0 ce sujet<\/h3>\n<div class=\"vlp-link-container vlp-layout-article\"><a href=\"https:\/\/dicodusport.fr\/blog\/paris-nice-2026-a-quelle-heure-et-sur-quelle-chaine-tv-suivre-la-course-en-direct\/\" class=\"vlp-link\" title=\"Paris-Nice 2026 : \u00c0 quelle heure et sur quelle cha\u00eene TV suivre la course en direct\"><\/a><div class=\"vlp-layout-zone-side\"><div class=\"vlp-block-4 vlp-link-image\"><img loading=\"lazy\" decoding=\"async\" style=\"max-width: 792px;\" width=\"792\" height=\"445\" src=\"https:\/\/dicodusport.fr\/blog\/wp-content\/uploads\/2026\/03\/Paris-Nice-2026-A-quelle-heure-et-sur-quelle-chaine-TV-suivre-la-course-en-direct.png\" class=\"attachment-800x445 size-800x445\" alt=\"Paris-Nice 2026 \u00c0 quelle heure et sur quelle cha\u00eene TV suivre la course en direct\" srcset=\"https:\/\/dicodusport.fr\/blog\/wp-content\/uploads\/2026\/03\/Paris-Nice-2026-A-quelle-heure-et-sur-quelle-chaine-TV-suivre-la-course-en-direct.png 1200w, https:\/\/dicodusport.fr\/blog\/wp-content\/uploads\/2026\/03\/Paris-Nice-2026-A-quelle-heure-et-sur-quelle-chaine-TV-suivre-la-course-en-direct-300x169.png 300w, https:\/\/dicodusport.fr\/blog\/wp-content\/uploads\/2026\/03\/Paris-Nice-2026-A-quelle-heure-et-sur-quelle-chaine-TV-suivre-la-course-en-direct-1024x575.png 1024w, https:\/\/dicodusport.fr\/blog\/wp-content\/uploads\/2026\/03\/Paris-Nice-2026-A-quelle-heure-et-sur-quelle-chaine-TV-suivre-la-course-en-direct-768x431.png 768w\" sizes=\"auto, (max-width: 792px) 100vw, 792px\" \/><\/div><\/div><div class=\"vlp-layout-zone-main\"><div class=\"vlp-block-0 vlp-link-title\">Paris-Nice 2026 : \u00c0 quelle heure et sur quelle cha\u00eene TV suivre la course en direct<\/div><div class=\"vlp-block-1 vlp-link-summary\">Retrouvez sur quelle cha\u00eene et \u00e0 quelle heure suivre Paris-Nice 2026 en direct \u00e0 la t\u00e9l\u00e9vision et en streaming : diffuseurs, horaires et programme TV de la Course au Soleil.<\/div><div class=\"vlp-block-2 vlp-link-button\">Lire l'article<\/div><div class=\"vlp-block-3 vlp-link-url\">dicodusport.fr<\/div><\/div><\/div>\n","protected":false},"excerpt":{"rendered":"<p>PARIS-NICE 2026 &#8211; Luke Lamperti (EF Education-EasyPost) a remport\u00e9 au sprint la premi\u00e8re \u00e9tape entre Ach\u00e8res et Carri\u00e8res-sous-Poissy, dimanche.<\/p>\n","protected":false},"author":48,"featured_media":653869,"comment_status":"open","ping_status":"closed","sticky":false,"template":"","format":"standard","meta":{"_acf_changed":false,"_daextam_enable_autolinks":"1","footnotes":""},"categories":[46994],"tags":[16878,574,11197,4045,24],"class_list":["post-653774","post","type-post","status-publish","format-standard","has-post-thumbnail","hentry","category-cyclisme-sur-route","tag-breve","tag-cyclisme","tag-cyclisme-sur-route","tag-paris-nice","tag-sport"],"acf":[],"yoast_head":"<!-- This site is optimized with the Yoast SEO Premium plugin v26.7 (Yoast SEO v26.7) - https:\/\/yoast.com\/wordpress\/plugins\/seo\/ -->\n<title>Luke Lamperti remporte la premi\u00e8re \u00e9tape de Paris-Nice au terme d&#039;un sprint d\u00e9cousu<\/title>\n<meta name=\"description\" content=\"PARIS-NICE 2026 - Luke Lamperti (EF Education-EasyPost) a remport\u00e9 au sprint la premi\u00e8re \u00e9tape entre Ach\u00e8res et Carri\u00e8res-sous-Poissy, dimanche.\" \/>\n<meta name=\"robots\" content=\"index, follow, max-snippet:-1, max-image-preview:large, max-video-preview:-1\" \/>\n<link rel=\"canonical\" href=\"https:\/\/dicodusport.fr\/blog\/luke-lamperti-remporte-la-premiere-etape-de-paris-nice-au-terme-dun-sprint-decousu\/\" \/>\n<meta property=\"og:locale\" content=\"fr_FR\" \/>\n<meta property=\"og:type\" content=\"article\" \/>\n<meta property=\"og:title\" content=\"Luke Lamperti remporte la premi\u00e8re \u00e9tape de Paris-Nice au terme d&#039;un sprint d\u00e9cousu\" \/>\n<meta property=\"og:description\" content=\"PARIS-NICE 2026 - Luke Lamperti (EF Education-EasyPost) a remport\u00e9 au sprint la premi\u00e8re \u00e9tape entre Ach\u00e8res et Carri\u00e8res-sous-Poissy, dimanche.\" \/>\n<meta property=\"og:url\" content=\"https:\/\/dicodusport.fr\/blog\/luke-lamperti-remporte-la-premiere-etape-de-paris-nice-au-terme-dun-sprint-decousu\/\" \/>\n<meta property=\"og:site_name\" content=\"Dicodusport\" \/>\n<meta property=\"article:publisher\" content=\"https:\/\/www.facebook.com\/dicodusport\" \/>\n<meta property=\"article:author\" content=\"https:\/\/www.facebook.com\/groups\/LesRoisDuPeloton\" \/>\n<meta property=\"article:published_time\" content=\"2026-03-08T16:01:43+00:00\" \/>\n<meta property=\"article:modified_time\" content=\"2026-03-08T16:14:37+00:00\" \/>\n<meta property=\"og:image\" content=\"https:\/\/dicodusport.fr\/blog\/wp-content\/uploads\/2026\/03\/Luke-Lamperti-remporte-la-premiere-etape-de-Paris-Nice-au-terme-dun-sprint-decousu-1.png\" \/>\n\t<meta property=\"og:image:width\" content=\"1200\" \/>\n\t<meta property=\"og:image:height\" content=\"674\" \/>\n\t<meta property=\"og:image:type\" content=\"image\/png\" \/>\n<meta name=\"author\" content=\"Emilien Descampiaux\" \/>\n<meta name=\"twitter:card\" content=\"summary_large_image\" \/>\n<meta name=\"twitter:creator\" content=\"@https:\/\/twitter.com\/LRoisDuPeloton\" \/>\n<meta name=\"twitter:site\" content=\"@dicodusport\" \/>\n<script type=\"application\/ld+json\" class=\"yoast-schema-graph\">{\"@context\":\"https:\/\/schema.org\",\"@graph\":[{\"@type\":\"NewsArticle\",\"@id\":\"https:\/\/dicodusport.fr\/blog\/luke-lamperti-remporte-la-premiere-etape-de-paris-nice-au-terme-dun-sprint-decousu\/#article\",\"isPartOf\":{\"@id\":\"https:\/\/dicodusport.fr\/blog\/luke-lamperti-remporte-la-premiere-etape-de-paris-nice-au-terme-dun-sprint-decousu\/\"},\"author\":{\"name\":\"Emilien Descampiaux\",\"@id\":\"https:\/\/dicodusport.fr\/blog\/#\/schema\/person\/6db4bae06b171592211be385b32876a7\"},\"headline\":\"Luke Lamperti remporte la premi\u00e8re \u00e9tape de Paris-Nice au terme d&rsquo;un sprint d\u00e9cousu\",\"datePublished\":\"2026-03-08T16:01:43+00:00\",\"dateModified\":\"2026-03-08T16:14:37+00:00\",\"mainEntityOfPage\":{\"@id\":\"https:\/\/dicodusport.fr\/blog\/luke-lamperti-remporte-la-premiere-etape-de-paris-nice-au-terme-dun-sprint-decousu\/\"},\"wordCount\":547,\"commentCount\":0,\"publisher\":{\"@id\":\"https:\/\/dicodusport.fr\/blog\/#organization\"},\"image\":{\"@id\":\"https:\/\/dicodusport.fr\/blog\/luke-lamperti-remporte-la-premiere-etape-de-paris-nice-au-terme-dun-sprint-decousu\/#primaryimage\"},\"thumbnailUrl\":\"https:\/\/dicodusport.fr\/blog\/wp-content\/uploads\/2026\/03\/Luke-Lamperti-remporte-la-premiere-etape-de-Paris-Nice-au-terme-dun-sprint-decousu-1.png\",\"keywords\":[\"br\u00e8ve\",\"Cyclisme\",\"Cyclisme sur route\",\"Paris-Nice\",\"sport\"],\"articleSection\":[\"Cyclisme sur route\"],\"inLanguage\":\"fr-FR\",\"potentialAction\":[{\"@type\":\"CommentAction\",\"name\":\"Comment\",\"target\":[\"https:\/\/dicodusport.fr\/blog\/luke-lamperti-remporte-la-premiere-etape-de-paris-nice-au-terme-dun-sprint-decousu\/#respond\"]}],\"copyrightYear\":\"2026\",\"copyrightHolder\":{\"@id\":\"https:\/\/dicodusport.fr\/blog\/#organization\"}},{\"@type\":\"WebPage\",\"@id\":\"https:\/\/dicodusport.fr\/blog\/luke-lamperti-remporte-la-premiere-etape-de-paris-nice-au-terme-dun-sprint-decousu\/\",\"url\":\"https:\/\/dicodusport.fr\/blog\/luke-lamperti-remporte-la-premiere-etape-de-paris-nice-au-terme-dun-sprint-decousu\/\",\"name\":\"Luke Lamperti remporte la premi\u00e8re \u00e9tape de Paris-Nice au terme d'un sprint d\u00e9cousu\",\"isPartOf\":{\"@id\":\"https:\/\/dicodusport.fr\/blog\/#website\"},\"primaryImageOfPage\":{\"@id\":\"https:\/\/dicodusport.fr\/blog\/luke-lamperti-remporte-la-premiere-etape-de-paris-nice-au-terme-dun-sprint-decousu\/#primaryimage\"},\"image\":{\"@id\":\"https:\/\/dicodusport.fr\/blog\/luke-lamperti-remporte-la-premiere-etape-de-paris-nice-au-terme-dun-sprint-decousu\/#primaryimage\"},\"thumbnailUrl\":\"https:\/\/dicodusport.fr\/blog\/wp-content\/uploads\/2026\/03\/Luke-Lamperti-remporte-la-premiere-etape-de-Paris-Nice-au-terme-dun-sprint-decousu-1.png\",\"datePublished\":\"2026-03-08T16:01:43+00:00\",\"dateModified\":\"2026-03-08T16:14:37+00:00\",\"description\":\"PARIS-NICE 2026 - Luke Lamperti (EF Education-EasyPost) a remport\u00e9 au sprint la premi\u00e8re \u00e9tape entre Ach\u00e8res et Carri\u00e8res-sous-Poissy, dimanche.\",\"breadcrumb\":{\"@id\":\"https:\/\/dicodusport.fr\/blog\/luke-lamperti-remporte-la-premiere-etape-de-paris-nice-au-terme-dun-sprint-decousu\/#breadcrumb\"},\"inLanguage\":\"fr-FR\",\"potentialAction\":[{\"@type\":\"ReadAction\",\"target\":[\"https:\/\/dicodusport.fr\/blog\/luke-lamperti-remporte-la-premiere-etape-de-paris-nice-au-terme-dun-sprint-decousu\/\"]}]},{\"@type\":\"ImageObject\",\"inLanguage\":\"fr-FR\",\"@id\":\"https:\/\/dicodusport.fr\/blog\/luke-lamperti-remporte-la-premiere-etape-de-paris-nice-au-terme-dun-sprint-decousu\/#primaryimage\",\"url\":\"https:\/\/dicodusport.fr\/blog\/wp-content\/uploads\/2026\/03\/Luke-Lamperti-remporte-la-premiere-etape-de-Paris-Nice-au-terme-dun-sprint-decousu-1.png\",\"contentUrl\":\"https:\/\/dicodusport.fr\/blog\/wp-content\/uploads\/2026\/03\/Luke-Lamperti-remporte-la-premiere-etape-de-Paris-Nice-au-terme-dun-sprint-decousu-1.png\",\"width\":1200,\"height\":674,\"caption\":\"Luke Lamperti remporte la premi\u00e8re \u00e9tape de Paris-Nice au terme d'un sprint d\u00e9cousu\"},{\"@type\":\"BreadcrumbList\",\"@id\":\"https:\/\/dicodusport.fr\/blog\/luke-lamperti-remporte-la-premiere-etape-de-paris-nice-au-terme-dun-sprint-decousu\/#breadcrumb\",\"itemListElement\":[{\"@type\":\"ListItem\",\"position\":1,\"name\":\"Accueil\",\"item\":\"https:\/\/dicodusport.fr\/blog\/\"},{\"@type\":\"ListItem\",\"position\":2,\"name\":\"Luke Lamperti remporte la premi\u00e8re \u00e9tape de Paris-Nice au terme d&rsquo;un sprint d\u00e9cousu\"}]},{\"@type\":\"WebSite\",\"@id\":\"https:\/\/dicodusport.fr\/blog\/#website\",\"url\":\"https:\/\/dicodusport.fr\/blog\/\",\"name\":\"Dicodusport\",\"description\":\"L&#039;encyclop\u00e9die de l&#039;actualit\u00e9 sportive\",\"publisher\":{\"@id\":\"https:\/\/dicodusport.fr\/blog\/#organization\"},\"potentialAction\":[{\"@type\":\"SearchAction\",\"target\":{\"@type\":\"EntryPoint\",\"urlTemplate\":\"https:\/\/dicodusport.fr\/blog\/?s={search_term_string}\"},\"query-input\":{\"@type\":\"PropertyValueSpecification\",\"valueRequired\":true,\"valueName\":\"search_term_string\"}}],\"inLanguage\":\"fr-FR\"},{\"@type\":\"NewsMediaOrganization\",\"@id\":\"https:\/\/dicodusport.fr\/blog\/#organization\",\"name\":\"Dicodusport\",\"url\":\"https:\/\/dicodusport.fr\/blog\/\",\"logo\":{\"@type\":\"ImageObject\",\"inLanguage\":\"fr-FR\",\"@id\":\"https:\/\/dicodusport.fr\/blog\/#\/schema\/logo\/image\/\",\"url\":\"https:\/\/dicodusport.fr\/blog\/wp-content\/uploads\/2020\/06\/cropped-LOGO-DICODUSPORT-2020-SANS-FOND-SANS-TEXTE.png\",\"contentUrl\":\"https:\/\/dicodusport.fr\/blog\/wp-content\/uploads\/2020\/06\/cropped-LOGO-DICODUSPORT-2020-SANS-FOND-SANS-TEXTE.png\",\"width\":512,\"height\":512,\"caption\":\"Dicodusport\"},\"image\":{\"@id\":\"https:\/\/dicodusport.fr\/blog\/#\/schema\/logo\/image\/\"},\"sameAs\":[\"https:\/\/www.facebook.com\/dicodusport\",\"https:\/\/x.com\/dicodusport\",\"https:\/\/www.instagram.com\/dicodusport\/\",\"https:\/\/www.youtube.com\/channel\/UC7V2KZ5sd3htJivAbA4ZG3w\"],\"description\":\"Dicodusport est l'encyclop\u00e9die de l'actualit\u00e9 sportive.\",\"email\":\"bonjour@dicodusport.fr\",\"legalName\":\"DICODUSPORT\",\"foundingDate\":\"2018-01-14\",\"vatID\":\"FR71834470973\",\"taxID\":\"83447097300043\",\"numberOfEmployees\":{\"@type\":\"QuantitativeValue\",\"minValue\":\"1\",\"maxValue\":\"10\"}},{\"@type\":\"Person\",\"@id\":\"https:\/\/dicodusport.fr\/blog\/#\/schema\/person\/6db4bae06b171592211be385b32876a7\",\"name\":\"Emilien Descampiaux\",\"image\":{\"@type\":\"ImageObject\",\"inLanguage\":\"fr-FR\",\"@id\":\"https:\/\/dicodusport.fr\/blog\/#\/schema\/person\/image\/\",\"url\":\"https:\/\/dicodusport.fr\/blog\/wp-content\/uploads\/2021\/05\/Emilien-Descampiaux-150x150.jpg\",\"contentUrl\":\"https:\/\/dicodusport.fr\/blog\/wp-content\/uploads\/2021\/05\/Emilien-Descampiaux-150x150.jpg\",\"caption\":\"Emilien Descampiaux\"},\"description\":\"Journaliste\/r\u00e9dacteur depuis 2014 - Fan de la classe de Frank Vandenbroucke, je vis cyclisme (et de ses paysages) depuis plus de 20 ans. Je suis tr\u00e8s impliqu\u00e9 sur mes diff\u00e9rents r\u00e9seaux sociaux pour partager ma passion sur le monde et l'Histoire de la bicyclette avec ma voix sur les images en noir et blanc du succ\u00e8s de Rik Van Steenbergen lors du Ronde sur le V\u00e9lodrome de Gand.\",\"sameAs\":[\"https:\/\/www.facebook.com\/groups\/LesRoisDuPeloton\",\"https:\/\/x.com\/https:\/\/twitter.com\/LRoisDuPeloton\"],\"url\":\"https:\/\/dicodusport.fr\/blog\/author\/emiliend\/\"}]}<\/script>\n<!-- \/ Yoast SEO Premium plugin. -->","yoast_head_json":{"title":"Luke Lamperti remporte la premi\u00e8re \u00e9tape de Paris-Nice au terme d'un sprint d\u00e9cousu","description":"PARIS-NICE 2026 - Luke Lamperti (EF Education-EasyPost) a remport\u00e9 au sprint la premi\u00e8re \u00e9tape entre Ach\u00e8res et Carri\u00e8res-sous-Poissy, dimanche.","robots":{"index":"index","follow":"follow","max-snippet":"max-snippet:-1","max-image-preview":"max-image-preview:large","max-video-preview":"max-video-preview:-1"},"canonical":"https:\/\/dicodusport.fr\/blog\/luke-lamperti-remporte-la-premiere-etape-de-paris-nice-au-terme-dun-sprint-decousu\/","og_locale":"fr_FR","og_type":"article","og_title":"Luke Lamperti remporte la premi\u00e8re \u00e9tape de Paris-Nice au terme d'un sprint d\u00e9cousu","og_description":"PARIS-NICE 2026 - Luke Lamperti (EF Education-EasyPost) a remport\u00e9 au sprint la premi\u00e8re \u00e9tape entre Ach\u00e8res et Carri\u00e8res-sous-Poissy, dimanche.","og_url":"https:\/\/dicodusport.fr\/blog\/luke-lamperti-remporte-la-premiere-etape-de-paris-nice-au-terme-dun-sprint-decousu\/","og_site_name":"Dicodusport","article_publisher":"https:\/\/www.facebook.com\/dicodusport","article_author":"https:\/\/www.facebook.com\/groups\/LesRoisDuPeloton","article_published_time":"2026-03-08T16:01:43+00:00","article_modified_time":"2026-03-08T16:14:37+00:00","og_image":[{"width":1200,"height":674,"url":"https:\/\/dicodusport.fr\/blog\/wp-content\/uploads\/2026\/03\/Luke-Lamperti-remporte-la-premiere-etape-de-Paris-Nice-au-terme-dun-sprint-decousu-1.png","type":"image\/png"}],"author":"Emilien Descampiaux","twitter_card":"summary_large_image","twitter_creator":"@https:\/\/twitter.com\/LRoisDuPeloton","twitter_site":"@dicodusport","schema":{"@context":"https:\/\/schema.org","@graph":[{"@type":"NewsArticle","@id":"https:\/\/dicodusport.fr\/blog\/luke-lamperti-remporte-la-premiere-etape-de-paris-nice-au-terme-dun-sprint-decousu\/#article","isPartOf":{"@id":"https:\/\/dicodusport.fr\/blog\/luke-lamperti-remporte-la-premiere-etape-de-paris-nice-au-terme-dun-sprint-decousu\/"},"author":{"name":"Emilien Descampiaux","@id":"https:\/\/dicodusport.fr\/blog\/#\/schema\/person\/6db4bae06b171592211be385b32876a7"},"headline":"Luke Lamperti remporte la premi\u00e8re \u00e9tape de Paris-Nice au terme d&rsquo;un sprint d\u00e9cousu","datePublished":"2026-03-08T16:01:43+00:00","dateModified":"2026-03-08T16:14:37+00:00","mainEntityOfPage":{"@id":"https:\/\/dicodusport.fr\/blog\/luke-lamperti-remporte-la-premiere-etape-de-paris-nice-au-terme-dun-sprint-decousu\/"},"wordCount":547,"commentCount":0,"publisher":{"@id":"https:\/\/dicodusport.fr\/blog\/#organization"},"image":{"@id":"https:\/\/dicodusport.fr\/blog\/luke-lamperti-remporte-la-premiere-etape-de-paris-nice-au-terme-dun-sprint-decousu\/#primaryimage"},"thumbnailUrl":"https:\/\/dicodusport.fr\/blog\/wp-content\/uploads\/2026\/03\/Luke-Lamperti-remporte-la-premiere-etape-de-Paris-Nice-au-terme-dun-sprint-decousu-1.png","keywords":["br\u00e8ve","Cyclisme","Cyclisme sur route","Paris-Nice","sport"],"articleSection":["Cyclisme sur route"],"inLanguage":"fr-FR","potentialAction":[{"@type":"CommentAction","name":"Comment","target":["https:\/\/dicodusport.fr\/blog\/luke-lamperti-remporte-la-premiere-etape-de-paris-nice-au-terme-dun-sprint-decousu\/#respond"]}],"copyrightYear":"2026","copyrightHolder":{"@id":"https:\/\/dicodusport.fr\/blog\/#organization"}},{"@type":"WebPage","@id":"https:\/\/dicodusport.fr\/blog\/luke-lamperti-remporte-la-premiere-etape-de-paris-nice-au-terme-dun-sprint-decousu\/","url":"https:\/\/dicodusport.fr\/blog\/luke-lamperti-remporte-la-premiere-etape-de-paris-nice-au-terme-dun-sprint-decousu\/","name":"Luke Lamperti remporte la premi\u00e8re \u00e9tape de Paris-Nice au terme d'un sprint d\u00e9cousu","isPartOf":{"@id":"https:\/\/dicodusport.fr\/blog\/#website"},"primaryImageOfPage":{"@id":"https:\/\/dicodusport.fr\/blog\/luke-lamperti-remporte-la-premiere-etape-de-paris-nice-au-terme-dun-sprint-decousu\/#primaryimage"},"image":{"@id":"https:\/\/dicodusport.fr\/blog\/luke-lamperti-remporte-la-premiere-etape-de-paris-nice-au-terme-dun-sprint-decousu\/#primaryimage"},"thumbnailUrl":"https:\/\/dicodusport.fr\/blog\/wp-content\/uploads\/2026\/03\/Luke-Lamperti-remporte-la-premiere-etape-de-Paris-Nice-au-terme-dun-sprint-decousu-1.png","datePublished":"2026-03-08T16:01:43+00:00","dateModified":"2026-03-08T16:14:37+00:00","description":"PARIS-NICE 2026 - Luke Lamperti (EF Education-EasyPost) a remport\u00e9 au sprint la premi\u00e8re \u00e9tape entre Ach\u00e8res et Carri\u00e8res-sous-Poissy, dimanche.","breadcrumb":{"@id":"https:\/\/dicodusport.fr\/blog\/luke-lamperti-remporte-la-premiere-etape-de-paris-nice-au-terme-dun-sprint-decousu\/#breadcrumb"},"inLanguage":"fr-FR","potentialAction":[{"@type":"ReadAction","target":["https:\/\/dicodusport.fr\/blog\/luke-lamperti-remporte-la-premiere-etape-de-paris-nice-au-terme-dun-sprint-decousu\/"]}]},{"@type":"ImageObject","inLanguage":"fr-FR","@id":"https:\/\/dicodusport.fr\/blog\/luke-lamperti-remporte-la-premiere-etape-de-paris-nice-au-terme-dun-sprint-decousu\/#primaryimage","url":"https:\/\/dicodusport.fr\/blog\/wp-content\/uploads\/2026\/03\/Luke-Lamperti-remporte-la-premiere-etape-de-Paris-Nice-au-terme-dun-sprint-decousu-1.png","contentUrl":"https:\/\/dicodusport.fr\/blog\/wp-content\/uploads\/2026\/03\/Luke-Lamperti-remporte-la-premiere-etape-de-Paris-Nice-au-terme-dun-sprint-decousu-1.png","width":1200,"height":674,"caption":"Luke Lamperti remporte la premi\u00e8re \u00e9tape de Paris-Nice au terme d'un sprint d\u00e9cousu"},{"@type":"BreadcrumbList","@id":"https:\/\/dicodusport.fr\/blog\/luke-lamperti-remporte-la-premiere-etape-de-paris-nice-au-terme-dun-sprint-decousu\/#breadcrumb","itemListElement":[{"@type":"ListItem","position":1,"name":"Accueil","item":"https:\/\/dicodusport.fr\/blog\/"},{"@type":"ListItem","position":2,"name":"Luke Lamperti remporte la premi\u00e8re \u00e9tape de Paris-Nice au terme d&rsquo;un sprint d\u00e9cousu"}]},{"@type":"WebSite","@id":"https:\/\/dicodusport.fr\/blog\/#website","url":"https:\/\/dicodusport.fr\/blog\/","name":"Dicodusport","description":"L&#039;encyclop\u00e9die de l&#039;actualit\u00e9 sportive","publisher":{"@id":"https:\/\/dicodusport.fr\/blog\/#organization"},"potentialAction":[{"@type":"SearchAction","target":{"@type":"EntryPoint","urlTemplate":"https:\/\/dicodusport.fr\/blog\/?s={search_term_string}"},"query-input":{"@type":"PropertyValueSpecification","valueRequired":true,"valueName":"search_term_string"}}],"inLanguage":"fr-FR"},{"@type":"NewsMediaOrganization","@id":"https:\/\/dicodusport.fr\/blog\/#organization","name":"Dicodusport","url":"https:\/\/dicodusport.fr\/blog\/","logo":{"@type":"ImageObject","inLanguage":"fr-FR","@id":"https:\/\/dicodusport.fr\/blog\/#\/schema\/logo\/image\/","url":"https:\/\/dicodusport.fr\/blog\/wp-content\/uploads\/2020\/06\/cropped-LOGO-DICODUSPORT-2020-SANS-FOND-SANS-TEXTE.png","contentUrl":"https:\/\/dicodusport.fr\/blog\/wp-content\/uploads\/2020\/06\/cropped-LOGO-DICODUSPORT-2020-SANS-FOND-SANS-TEXTE.png","width":512,"height":512,"caption":"Dicodusport"},"image":{"@id":"https:\/\/dicodusport.fr\/blog\/#\/schema\/logo\/image\/"},"sameAs":["https:\/\/www.facebook.com\/dicodusport","https:\/\/x.com\/dicodusport","https:\/\/www.instagram.com\/dicodusport\/","https:\/\/www.youtube.com\/channel\/UC7V2KZ5sd3htJivAbA4ZG3w"],"description":"Dicodusport est l'encyclop\u00e9die de l'actualit\u00e9 sportive.","email":"bonjour@dicodusport.fr","legalName":"DICODUSPORT","foundingDate":"2018-01-14","vatID":"FR71834470973","taxID":"83447097300043","numberOfEmployees":{"@type":"QuantitativeValue","minValue":"1","maxValue":"10"}},{"@type":"Person","@id":"https:\/\/dicodusport.fr\/blog\/#\/schema\/person\/6db4bae06b171592211be385b32876a7","name":"Emilien Descampiaux","image":{"@type":"ImageObject","inLanguage":"fr-FR","@id":"https:\/\/dicodusport.fr\/blog\/#\/schema\/person\/image\/","url":"https:\/\/dicodusport.fr\/blog\/wp-content\/uploads\/2021\/05\/Emilien-Descampiaux-150x150.jpg","contentUrl":"https:\/\/dicodusport.fr\/blog\/wp-content\/uploads\/2021\/05\/Emilien-Descampiaux-150x150.jpg","caption":"Emilien Descampiaux"},"description":"Journaliste\/r\u00e9dacteur depuis 2014 - Fan de la classe de Frank Vandenbroucke, je vis cyclisme (et de ses paysages) depuis plus de 20 ans. Je suis tr\u00e8s impliqu\u00e9 sur mes diff\u00e9rents r\u00e9seaux sociaux pour partager ma passion sur le monde et l'Histoire de la bicyclette avec ma voix sur les images en noir et blanc du succ\u00e8s de Rik Van Steenbergen lors du Ronde sur le V\u00e9lodrome de Gand.","sameAs":["https:\/\/www.facebook.com\/groups\/LesRoisDuPeloton","https:\/\/x.com\/https:\/\/twitter.com\/LRoisDuPeloton"],"url":"https:\/\/dicodusport.fr\/blog\/author\/emiliend\/"}]}},"_links":{"self":[{"href":"https:\/\/dicodusport.fr\/blog\/wp-json\/wp\/v2\/posts\/653774","targetHints":{"allow":["GET"]}}],"collection":[{"href":"https:\/\/dicodusport.fr\/blog\/wp-json\/wp\/v2\/posts"}],"about":[{"href":"https:\/\/dicodusport.fr\/blog\/wp-json\/wp\/v2\/types\/post"}],"author":[{"embeddable":true,"href":"https:\/\/dicodusport.fr\/blog\/wp-json\/wp\/v2\/users\/48"}],"replies":[{"embeddable":true,"href":"https:\/\/dicodusport.fr\/blog\/wp-json\/wp\/v2\/comments?post=653774"}],"version-history":[{"count":5,"href":"https:\/\/dicodusport.fr\/blog\/wp-json\/wp\/v2\/posts\/653774\/revisions"}],"predecessor-version":[{"id":653870,"href":"https:\/\/dicodusport.fr\/blog\/wp-json\/wp\/v2\/posts\/653774\/revisions\/653870"}],"wp:featuredmedia":[{"embeddable":true,"href":"https:\/\/dicodusport.fr\/blog\/wp-json\/wp\/v2\/media\/653869"}],"wp:attachment":[{"href":"https:\/\/dicodusport.fr\/blog\/wp-json\/wp\/v2\/media?parent=653774"}],"wp:term":[{"taxonomy":"category","embeddable":true,"href":"https:\/\/dicodusport.fr\/blog\/wp-json\/wp\/v2\/categories?post=653774"},{"taxonomy":"post_tag","embeddable":true,"href":"https:\/\/dicodusport.fr\/blog\/wp-json\/wp\/v2\/tags?post=653774"}],"curies":[{"name":"wp","href":"https:\/\/api.w.org\/{rel}","templated":true}]}}