{"id":653948,"date":"2026-03-09T09:45:15","date_gmt":"2026-03-09T08:45:15","guid":{"rendered":"https:\/\/dicodusport.fr\/blog\/?p=653948&#038;preview=true&#038;preview_id=653948"},"modified":"2026-03-09T09:56:30","modified_gmt":"2026-03-09T08:56:30","slug":"vice-championne-paralympique-du-super-g-aurelie-richard-glane-sa-deuxieme-medaille-en-italie","status":"publish","type":"post","link":"https:\/\/dicodusport.fr\/blog\/vice-championne-paralympique-du-super-g-aurelie-richard-glane-sa-deuxieme-medaille-en-italie\/","title":{"rendered":"Vice-championne paralympique du Super-G, Aur\u00e9lie Richard glane sa deuxi\u00e8me m\u00e9daille en Italie"},"content":{"rendered":"<p style=\"text-align: justify;\"><em><strong>JEUX PARALYMPIQUES 2026 &#8211; Apr\u00e8s l\u2019argent sur la descente, Aur\u00e9lie Richard remporte sa deuxi\u00e8me m\u00e9daille en Italie. La Fran\u00e7aise monte sur la deuxi\u00e8me marche du podium du Super-G derri\u00e8re la Russe Varvara Voronchikhina et devant la Su\u00e9doise Ebba Aarsjoe.<\/strong><\/em><\/p>\n<ul style=\"text-align: justify;\">\n<li style=\"text-align: justify;\"><strong>\u00c0 ce sujet &#8211; <a href=\"https:\/\/dicodusport.fr\/blog\/calendrier-des-jeux-paralympiques-dhiver-2026-programme-complet-des-epreuves-jour-par-jour-milan-cortina\/\">Calendrier des Jeux Paralympiques d&rsquo;hiver 2026 : Programme complet des \u00e9preuves jour par jour \u00e0 Milan-Cortina<\/a><\/strong><\/li>\n<\/ul>\n<p style=\"text-align: justify;\">La r\u00e9colte se poursuit pour <strong>Aur\u00e9lie Richard<\/strong>. Deux jours apr\u00e8s sa premi\u00e8re m\u00e9daille paralympique glan\u00e9e en descente, la benjamine de la d\u00e9l\u00e9gation fran\u00e7aise a rajout\u00e9 une distinction \u00e0 son palmar\u00e8s. L\u00e0 voil\u00e0 \u00e9galement \u00e0 pr\u00e9sent vice-championne paralympique du Super-G (cat\u00e9gorie debout). Non sans une petite frayeur&#8230;<\/p>\n<div class=\"vlp-link-container vlp-layout-article\"><a href=\"https:\/\/dicodusport.fr\/blog\/aurelie-richard-para-ski-alpin-en-argent-sur-la-descente-categorie-debout-aux-jeux-paralympiques-2026\/\" class=\"vlp-link\" title=\"Aur\u00e9lie Richard (para ski alpin) en argent sur la descente cat\u00e9gorie debout aux Jeux Paralympiques 2026\"><\/a><div class=\"vlp-layout-zone-side\"><div class=\"vlp-block-4 vlp-link-image\"><img loading=\"lazy\" decoding=\"async\" style=\"max-width: 792px;\" width=\"792\" height=\"445\" src=\"https:\/\/dicodusport.fr\/blog\/wp-content\/uploads\/2026\/03\/Aurelie-Richard-para-ski-alpin-en-argent-sur-la-descente-categorie-debout-aux-Jeux-Paralympiques-2026-1.png\" class=\"attachment-800x445 size-800x445\" alt=\"Aur\u00e9lie Richard (para ski alpin) en argent sur la descente cat\u00e9gorie debout aux Jeux Paralympiques 2026\" srcset=\"https:\/\/dicodusport.fr\/blog\/wp-content\/uploads\/2026\/03\/Aurelie-Richard-para-ski-alpin-en-argent-sur-la-descente-categorie-debout-aux-Jeux-Paralympiques-2026-1.png 1200w, https:\/\/dicodusport.fr\/blog\/wp-content\/uploads\/2026\/03\/Aurelie-Richard-para-ski-alpin-en-argent-sur-la-descente-categorie-debout-aux-Jeux-Paralympiques-2026-1-300x169.png 300w, https:\/\/dicodusport.fr\/blog\/wp-content\/uploads\/2026\/03\/Aurelie-Richard-para-ski-alpin-en-argent-sur-la-descente-categorie-debout-aux-Jeux-Paralympiques-2026-1-1024x575.png 1024w, https:\/\/dicodusport.fr\/blog\/wp-content\/uploads\/2026\/03\/Aurelie-Richard-para-ski-alpin-en-argent-sur-la-descente-categorie-debout-aux-Jeux-Paralympiques-2026-1-768x431.png 768w\" sizes=\"auto, (max-width: 792px) 100vw, 792px\" \/><\/div><\/div><div class=\"vlp-layout-zone-main\"><div class=\"vlp-block-0 vlp-link-title\">Aur\u00e9lie Richard (para ski alpin) en argent sur la descente cat\u00e9gorie debout aux Jeux Paralympiques 2026<\/div><div class=\"vlp-block-1 vlp-link-summary\">JEUX PARALYMPIQUES 2026 - Aur\u00e9lie Richard a ouvert le palmar\u00e8s tricolore ce samedi matin en s'emparant de la m\u00e9daille d'argent sur la descente, en cat\u00e9gorie debout !<\/div><div class=\"vlp-block-2 vlp-link-button\">Lire l'article<\/div><div class=\"vlp-block-3 vlp-link-url\">dicodusport.fr<\/div><\/div><\/div>\n<h2 style=\"text-align: justify;\">Voronchikhina r\u00e9pond \u00e0 Aarsjoe<\/h2>\n<p style=\"text-align: justify;\">C\u2019est parti tambour battant sur la <em>Tofane<\/em> pour cette 2<sup>\u00e8me<\/sup> \u00e9preuve alpine. Dossard 2, <strong>Ebba Aarsjoe<\/strong> a annonc\u00e9 la couleur en mettant plus de 5 secondes sur le temps r\u00e9f\u00e9rence d\u00e9tenu alors par <strong>Michaela Gosselin<\/strong>. Mais la Su\u00e9doise est tomb\u00e9e sur plus forte qu\u2019elle aujourd\u2019hui. Et plut\u00f4t deux fois qu\u2019une puisque la reine de la descente se contente du bronze.<\/p>\n<p style=\"text-align: justify;\">Avec un engagement de tous les instants, <strong>Varvara Voronchikhina<\/strong> a sur\u00e9lev\u00e9 la barre. La Russe a d\u00e9coup\u00e9 le trac\u00e9, affichant du vers \u00e0 l\u2019arriv\u00e9e avec deux secondes de marge sur <strong>Aarsjoe<\/strong>. Juste un peu de place pour permettre \u00e0 la concurrence de s\u2019intercaler. Comme <strong>Aur\u00e9lie Richard<\/strong> par exemple.<\/p>\n<blockquote class=\"twitter-tweet\">\n<p dir=\"ltr\" lang=\"fr\">\u2744\ufe0f <a href=\"https:\/\/twitter.com\/hashtag\/MilanoCortina2026?src=hash&amp;ref_src=twsrc%5Etfw\">#MilanoCortina2026<\/a> | ENTR\u00c9E EN PISTE ! \u26f7\ufe0f<\/p>\n<p>\ud83c\uddeb\ud83c\uddf7 La plus jeune de la d\u00e9l\u00e9gation fran\u00e7aise, Aur\u00e9lie Richard, d\u00e9vale la pente et prend la 2e place provisoire.\ud83d\udc4f<\/p>\n<p>\ud83d\udcfa Les Jeux Para en direct : <a href=\"https:\/\/t.co\/2YyyGIAfdo\">https:\/\/t.co\/2YyyGIAfdo<\/a> <a href=\"https:\/\/t.co\/2ONqtdDTOK\">pic.twitter.com\/2ONqtdDTOK<\/a><\/p>\n<p>\u2014 francetvsport (@francetvsport) <a href=\"https:\/\/twitter.com\/francetvsport\/status\/2030924447570399269?ref_src=twsrc%5Etfw\">March 9, 2026<\/a><\/p><\/blockquote>\n<p><script async src=\"https:\/\/platform.twitter.com\/widgets.js\" charset=\"utf-8\"><\/script><\/p>\n<h2 style=\"text-align: justify;\">Le doubl\u00e9 argent\u00e9 pour Aur\u00e9lie Richard<\/h2>\n<p style=\"text-align: justify;\">Il y avait de la place pour la Fran\u00e7aise. Et m\u00eame sur la plus haute marche du podium. Tr\u00e8s bien sortie du portillon, <strong>Aur\u00e9lie Richard<\/strong> a men\u00e9 les d\u00e9bats jusqu\u2019\u00e0 la mi-course avec une courte marge sur Voronchikhina (-0.24). Mais en manque de r\u00e9gularit\u00e9 sur la seconde partie, elle a parcouru beaucoup de distance sur deux courbes et perdu de pr\u00e9cieux dixi\u00e8mes.<\/p>\n<p style=\"text-align: justify;\">Secou\u00e9e, Aur\u00e9lie Richard a finalement rendu les armes face \u00e0 la Russe. Elle a n\u00e9anmoins su tenir le cap pour laisser derri\u00e8re elle l\u2019intenable <strong>Ebba Aarsjoe<\/strong> et s\u2019offrir une magnifique m\u00e9daille d\u2019argent. La deuxi\u00e8me pour elle qui est d\u00e9j\u00e0 vice-championne paralympique de la descente. \u00c0 20 ans seulement&#8230;<\/p>\n<blockquote class=\"twitter-tweet\">\n<p dir=\"ltr\" lang=\"fr\"><a href=\"https:\/\/twitter.com\/hashtag\/MilanoCortina2026?src=hash&amp;ref_src=twsrc%5Etfw\">#MilanoCortina2026<\/a> | \ud83e\udd48 AUR\u00c9LIE RICHARD SE PARE D\u2019ARGENT !<\/p>\n<p>\ud83c\uddeb\ud83c\uddf7\ud83e\udd29Apr\u00e8s celle sur la descente, la benjamine de la d\u00e9l\u00e9gation fran\u00e7aise d\u00e9croche une nouvelle m\u00e9daille d\u2019argent en super-g cette fois-ci (cat\u00e9gorie debout LW6\/8-2) : \u00e0 20 ans, elle est DOUBLE M\u00c9DAILL\u00c9E PARALYMPIQUE ! <a href=\"https:\/\/t.co\/nIPvsyVWA6\">pic.twitter.com\/nIPvsyVWA6<\/a><\/p>\n<p>\u2014 francetvsport (@francetvsport) <a href=\"https:\/\/twitter.com\/francetvsport\/status\/2030927763646128295?ref_src=twsrc%5Etfw\">March 9, 2026<\/a><\/p><\/blockquote>\n<p><script async src=\"https:\/\/platform.twitter.com\/widgets.js\" charset=\"utf-8\"><\/script><\/p>\n<div id=\"gtx-trans\" style=\"position: absolute; left: -14px; top: 40.9091px;\">\n<div class=\"gtx-trans-icon\" style=\"text-align: justify;\"><\/div>\n<\/div>\n","protected":false},"excerpt":{"rendered":"<p>JEUX PARALYMPIQUES 2026 &#8211; Apr\u00e8s l\u2019argent sur la descente, Aur\u00e9lie Richard remporte sa deuxi\u00e8me m\u00e9daille en Italie. La Fran\u00e7aise monte sur la deuxi\u00e8me marche du podium du Super-G derri\u00e8re la Russe Varvara Voronchikhina et devant la Su\u00e9doise Ebba Aarsjoe.<\/p>\n","protected":false},"author":18,"featured_media":653958,"comment_status":"open","ping_status":"closed","sticky":false,"template":"","format":"standard","meta":{"_acf_changed":false,"_daextam_enable_autolinks":"1","footnotes":""},"categories":[47401,9217],"tags":[32415,16878,1964,20604,24],"class_list":["post-653948","post","type-post","status-publish","format-standard","has-post-thumbnail","hentry","category-jeux-paralympiques-dhiver-2026","category-ski","tag-actu","tag-breve","tag-jeux-paralympiques","tag-jeux-paralympiques-dhiver","tag-sport"],"acf":[],"yoast_head":"<!-- This site is optimized with the Yoast SEO Premium plugin v26.7 (Yoast SEO v26.7) - https:\/\/yoast.com\/wordpress\/plugins\/seo\/ -->\n<title>Vice-championne paralympique du Super-G, Aur\u00e9lie Richard glane sa deuxi\u00e8me m\u00e9daille en Italie<\/title>\n<meta name=\"description\" content=\"JEUX PARALYMPIQUES 2026 - Apr\u00e8s l\u2019argent sur la descente, Aur\u00e9lie Richard remporte sa deuxi\u00e8me m\u00e9daille en Italie sur le Super-G.\" \/>\n<meta name=\"robots\" content=\"index, follow, max-snippet:-1, max-image-preview:large, max-video-preview:-1\" \/>\n<link rel=\"canonical\" href=\"https:\/\/dicodusport.fr\/blog\/vice-championne-paralympique-du-super-g-aurelie-richard-glane-sa-deuxieme-medaille-en-italie\/\" \/>\n<meta property=\"og:locale\" content=\"fr_FR\" \/>\n<meta property=\"og:type\" content=\"article\" \/>\n<meta property=\"og:title\" content=\"Vice-championne paralympique du Super-G, Aur\u00e9lie Richard glane sa deuxi\u00e8me m\u00e9daille en Italie\" \/>\n<meta property=\"og:description\" content=\"JEUX PARALYMPIQUES 2026 - Apr\u00e8s l\u2019argent sur la descente, Aur\u00e9lie Richard remporte sa deuxi\u00e8me m\u00e9daille en Italie sur le Super-G.\" \/>\n<meta property=\"og:url\" content=\"https:\/\/dicodusport.fr\/blog\/vice-championne-paralympique-du-super-g-aurelie-richard-glane-sa-deuxieme-medaille-en-italie\/\" \/>\n<meta property=\"og:site_name\" content=\"Dicodusport\" \/>\n<meta property=\"article:publisher\" content=\"https:\/\/www.facebook.com\/dicodusport\" \/>\n<meta property=\"article:author\" content=\"https:\/\/www.facebook.com\/soocube\" \/>\n<meta property=\"article:published_time\" content=\"2026-03-09T08:45:15+00:00\" \/>\n<meta property=\"article:modified_time\" content=\"2026-03-09T08:56:30+00:00\" \/>\n<meta property=\"og:image\" content=\"https:\/\/dicodusport.fr\/blog\/wp-content\/uploads\/2026\/03\/Vice-championne-paralympique-du-Super-G-Aurelie-Richard-glane-sa-deuxieme-medaille-en-Italie.png\" \/>\n\t<meta property=\"og:image:width\" content=\"1200\" \/>\n\t<meta property=\"og:image:height\" content=\"674\" \/>\n\t<meta property=\"og:image:type\" content=\"image\/png\" \/>\n<meta name=\"author\" content=\"Sophie Clapier\" \/>\n<meta name=\"twitter:card\" content=\"summary_large_image\" \/>\n<meta name=\"twitter:title\" content=\"Vice-championne paralympique du Super-G, Aur\u00e9lie Richard glane sa deuxi\u00e8me m\u00e9daille en Italie\" \/>\n<meta name=\"twitter:creator\" content=\"@https:\/\/twitter.com\/soocube\" \/>\n<meta name=\"twitter:site\" content=\"@dicodusport\" \/>\n<script type=\"application\/ld+json\" class=\"yoast-schema-graph\">{\"@context\":\"https:\/\/schema.org\",\"@graph\":[{\"@type\":\"NewsArticle\",\"@id\":\"https:\/\/dicodusport.fr\/blog\/vice-championne-paralympique-du-super-g-aurelie-richard-glane-sa-deuxieme-medaille-en-italie\/#article\",\"isPartOf\":{\"@id\":\"https:\/\/dicodusport.fr\/blog\/vice-championne-paralympique-du-super-g-aurelie-richard-glane-sa-deuxieme-medaille-en-italie\/\"},\"author\":{\"name\":\"Sophie Clapier\",\"@id\":\"https:\/\/dicodusport.fr\/blog\/#\/schema\/person\/416c975648aca9da8839bdfe333a21c9\"},\"headline\":\"Vice-championne paralympique du Super-G, Aur\u00e9lie Richard glane sa deuxi\u00e8me m\u00e9daille en Italie\",\"datePublished\":\"2026-03-09T08:45:15+00:00\",\"dateModified\":\"2026-03-09T08:56:30+00:00\",\"mainEntityOfPage\":{\"@id\":\"https:\/\/dicodusport.fr\/blog\/vice-championne-paralympique-du-super-g-aurelie-richard-glane-sa-deuxieme-medaille-en-italie\/\"},\"wordCount\":597,\"commentCount\":0,\"publisher\":{\"@id\":\"https:\/\/dicodusport.fr\/blog\/#organization\"},\"image\":{\"@id\":\"https:\/\/dicodusport.fr\/blog\/vice-championne-paralympique-du-super-g-aurelie-richard-glane-sa-deuxieme-medaille-en-italie\/#primaryimage\"},\"thumbnailUrl\":\"https:\/\/dicodusport.fr\/blog\/wp-content\/uploads\/2026\/03\/Vice-championne-paralympique-du-Super-G-Aurelie-Richard-glane-sa-deuxieme-medaille-en-Italie.png\",\"keywords\":[\"actu\",\"br\u00e8ve\",\"jeux paralympiques\",\"Jeux Paralympiques d'hiver\",\"sport\"],\"articleSection\":[\"Jeux Paralympiques d'hiver 2026\",\"Ski\"],\"inLanguage\":\"fr-FR\",\"potentialAction\":[{\"@type\":\"CommentAction\",\"name\":\"Comment\",\"target\":[\"https:\/\/dicodusport.fr\/blog\/vice-championne-paralympique-du-super-g-aurelie-richard-glane-sa-deuxieme-medaille-en-italie\/#respond\"]}],\"copyrightYear\":\"2026\",\"copyrightHolder\":{\"@id\":\"https:\/\/dicodusport.fr\/blog\/#organization\"}},{\"@type\":\"WebPage\",\"@id\":\"https:\/\/dicodusport.fr\/blog\/vice-championne-paralympique-du-super-g-aurelie-richard-glane-sa-deuxieme-medaille-en-italie\/\",\"url\":\"https:\/\/dicodusport.fr\/blog\/vice-championne-paralympique-du-super-g-aurelie-richard-glane-sa-deuxieme-medaille-en-italie\/\",\"name\":\"Vice-championne paralympique du Super-G, Aur\u00e9lie Richard glane sa deuxi\u00e8me m\u00e9daille en Italie\",\"isPartOf\":{\"@id\":\"https:\/\/dicodusport.fr\/blog\/#website\"},\"primaryImageOfPage\":{\"@id\":\"https:\/\/dicodusport.fr\/blog\/vice-championne-paralympique-du-super-g-aurelie-richard-glane-sa-deuxieme-medaille-en-italie\/#primaryimage\"},\"image\":{\"@id\":\"https:\/\/dicodusport.fr\/blog\/vice-championne-paralympique-du-super-g-aurelie-richard-glane-sa-deuxieme-medaille-en-italie\/#primaryimage\"},\"thumbnailUrl\":\"https:\/\/dicodusport.fr\/blog\/wp-content\/uploads\/2026\/03\/Vice-championne-paralympique-du-Super-G-Aurelie-Richard-glane-sa-deuxieme-medaille-en-Italie.png\",\"datePublished\":\"2026-03-09T08:45:15+00:00\",\"dateModified\":\"2026-03-09T08:56:30+00:00\",\"description\":\"JEUX PARALYMPIQUES 2026 - Apr\u00e8s l\u2019argent sur la descente, Aur\u00e9lie Richard remporte sa deuxi\u00e8me m\u00e9daille en Italie sur le Super-G.\",\"breadcrumb\":{\"@id\":\"https:\/\/dicodusport.fr\/blog\/vice-championne-paralympique-du-super-g-aurelie-richard-glane-sa-deuxieme-medaille-en-italie\/#breadcrumb\"},\"inLanguage\":\"fr-FR\",\"potentialAction\":[{\"@type\":\"ReadAction\",\"target\":[\"https:\/\/dicodusport.fr\/blog\/vice-championne-paralympique-du-super-g-aurelie-richard-glane-sa-deuxieme-medaille-en-italie\/\"]}]},{\"@type\":\"ImageObject\",\"inLanguage\":\"fr-FR\",\"@id\":\"https:\/\/dicodusport.fr\/blog\/vice-championne-paralympique-du-super-g-aurelie-richard-glane-sa-deuxieme-medaille-en-italie\/#primaryimage\",\"url\":\"https:\/\/dicodusport.fr\/blog\/wp-content\/uploads\/2026\/03\/Vice-championne-paralympique-du-Super-G-Aurelie-Richard-glane-sa-deuxieme-medaille-en-Italie.png\",\"contentUrl\":\"https:\/\/dicodusport.fr\/blog\/wp-content\/uploads\/2026\/03\/Vice-championne-paralympique-du-Super-G-Aurelie-Richard-glane-sa-deuxieme-medaille-en-Italie.png\",\"width\":1200,\"height\":674,\"caption\":\"Vice-championne paralympique du Super-G, Aur\u00e9lie Richard glane sa deuxi\u00e8me m\u00e9daille en Italie\"},{\"@type\":\"BreadcrumbList\",\"@id\":\"https:\/\/dicodusport.fr\/blog\/vice-championne-paralympique-du-super-g-aurelie-richard-glane-sa-deuxieme-medaille-en-italie\/#breadcrumb\",\"itemListElement\":[{\"@type\":\"ListItem\",\"position\":1,\"name\":\"Accueil\",\"item\":\"https:\/\/dicodusport.fr\/blog\/\"},{\"@type\":\"ListItem\",\"position\":2,\"name\":\"Vice-championne paralympique du Super-G, Aur\u00e9lie Richard glane sa deuxi\u00e8me m\u00e9daille en Italie\"}]},{\"@type\":\"WebSite\",\"@id\":\"https:\/\/dicodusport.fr\/blog\/#website\",\"url\":\"https:\/\/dicodusport.fr\/blog\/\",\"name\":\"Dicodusport\",\"description\":\"L&#039;encyclop\u00e9die de l&#039;actualit\u00e9 sportive\",\"publisher\":{\"@id\":\"https:\/\/dicodusport.fr\/blog\/#organization\"},\"potentialAction\":[{\"@type\":\"SearchAction\",\"target\":{\"@type\":\"EntryPoint\",\"urlTemplate\":\"https:\/\/dicodusport.fr\/blog\/?s={search_term_string}\"},\"query-input\":{\"@type\":\"PropertyValueSpecification\",\"valueRequired\":true,\"valueName\":\"search_term_string\"}}],\"inLanguage\":\"fr-FR\"},{\"@type\":\"NewsMediaOrganization\",\"@id\":\"https:\/\/dicodusport.fr\/blog\/#organization\",\"name\":\"Dicodusport\",\"url\":\"https:\/\/dicodusport.fr\/blog\/\",\"logo\":{\"@type\":\"ImageObject\",\"inLanguage\":\"fr-FR\",\"@id\":\"https:\/\/dicodusport.fr\/blog\/#\/schema\/logo\/image\/\",\"url\":\"https:\/\/dicodusport.fr\/blog\/wp-content\/uploads\/2020\/06\/cropped-LOGO-DICODUSPORT-2020-SANS-FOND-SANS-TEXTE.png\",\"contentUrl\":\"https:\/\/dicodusport.fr\/blog\/wp-content\/uploads\/2020\/06\/cropped-LOGO-DICODUSPORT-2020-SANS-FOND-SANS-TEXTE.png\",\"width\":512,\"height\":512,\"caption\":\"Dicodusport\"},\"image\":{\"@id\":\"https:\/\/dicodusport.fr\/blog\/#\/schema\/logo\/image\/\"},\"sameAs\":[\"https:\/\/www.facebook.com\/dicodusport\",\"https:\/\/x.com\/dicodusport\",\"https:\/\/www.instagram.com\/dicodusport\/\",\"https:\/\/www.youtube.com\/channel\/UC7V2KZ5sd3htJivAbA4ZG3w\"],\"description\":\"Dicodusport est l'encyclop\u00e9die de l'actualit\u00e9 sportive.\",\"email\":\"bonjour@dicodusport.fr\",\"legalName\":\"DICODUSPORT\",\"foundingDate\":\"2018-01-14\",\"vatID\":\"FR71834470973\",\"taxID\":\"83447097300043\",\"numberOfEmployees\":{\"@type\":\"QuantitativeValue\",\"minValue\":\"1\",\"maxValue\":\"10\"}},{\"@type\":\"Person\",\"@id\":\"https:\/\/dicodusport.fr\/blog\/#\/schema\/person\/416c975648aca9da8839bdfe333a21c9\",\"name\":\"Sophie Clapier\",\"image\":{\"@type\":\"ImageObject\",\"inLanguage\":\"fr-FR\",\"@id\":\"https:\/\/dicodusport.fr\/blog\/#\/schema\/person\/image\/\",\"url\":\"https:\/\/dicodusport.fr\/blog\/wp-content\/uploads\/2021\/05\/Sophie-Clapier-150x150.jpg\",\"contentUrl\":\"https:\/\/dicodusport.fr\/blog\/wp-content\/uploads\/2021\/05\/Sophie-Clapier-150x150.jpg\",\"caption\":\"Sophie Clapier\"},\"description\":\"Journaliste\/r\u00e9dactrice depuis janvier 2016 - Passionn\u00e9e de sport depuis toujours, j\u2019en ai pratiqu\u00e9 quelques-uns. Judo, football, handball ou encore tennis, je n\u2019ai jamais pu me mettre d\u2019accord sur un en particulier. Mais \u00e7a, c\u2019\u00e9tait avant de d\u00e9couvrir le basket, devenu mon sport de pr\u00e9dilection. Les actions NBA, le All-Star Week-end, la fureur des Game 7 pendant les playoffs ou mieux, lors des Finals, this is why we play. Team Spurs T.P, je m\u2019accroche encore \u00e0 Gregg Popovich (don\u2019t leave !). Team chef Curry, je souhaite qu\u2019il finisse aux Warriors (staaaay !). Non, il n\u2019y a pas qu\u2019eux, des petits nouveaux -et des petites nouvelles \u00e9videmment- arrivent chaque jour dans toutes les disciplines et cr\u00e9ent de nouveaux exploits. Alors pour les grands \u00e9v\u00e9nements et comp\u00e9titions internationales, vive les pulsations 240\/minutes et le d\u00e9fibrillateur pas loin, et allez les Bleu(e)s ! C\u2019est s\u00fbr, j\u2019aurai plus vu ma vie sur un terrain de sport, mais \u00e0 d\u00e9faut d\u2019en faire en haut niveau, je le partage avec vous.\",\"sameAs\":[\"https:\/\/www.facebook.com\/soocube\",\"https:\/\/x.com\/https:\/\/twitter.com\/soocube\",\"admin\"],\"url\":\"https:\/\/dicodusport.fr\/blog\/author\/sophie\/\"}]}<\/script>\n<!-- \/ Yoast SEO Premium plugin. -->","yoast_head_json":{"title":"Vice-championne paralympique du Super-G, Aur\u00e9lie Richard glane sa deuxi\u00e8me m\u00e9daille en Italie","description":"JEUX PARALYMPIQUES 2026 - Apr\u00e8s l\u2019argent sur la descente, Aur\u00e9lie Richard remporte sa deuxi\u00e8me m\u00e9daille en Italie sur le Super-G.","robots":{"index":"index","follow":"follow","max-snippet":"max-snippet:-1","max-image-preview":"max-image-preview:large","max-video-preview":"max-video-preview:-1"},"canonical":"https:\/\/dicodusport.fr\/blog\/vice-championne-paralympique-du-super-g-aurelie-richard-glane-sa-deuxieme-medaille-en-italie\/","og_locale":"fr_FR","og_type":"article","og_title":"Vice-championne paralympique du Super-G, Aur\u00e9lie Richard glane sa deuxi\u00e8me m\u00e9daille en Italie","og_description":"JEUX PARALYMPIQUES 2026 - Apr\u00e8s l\u2019argent sur la descente, Aur\u00e9lie Richard remporte sa deuxi\u00e8me m\u00e9daille en Italie sur le Super-G.","og_url":"https:\/\/dicodusport.fr\/blog\/vice-championne-paralympique-du-super-g-aurelie-richard-glane-sa-deuxieme-medaille-en-italie\/","og_site_name":"Dicodusport","article_publisher":"https:\/\/www.facebook.com\/dicodusport","article_author":"https:\/\/www.facebook.com\/soocube","article_published_time":"2026-03-09T08:45:15+00:00","article_modified_time":"2026-03-09T08:56:30+00:00","og_image":[{"width":1200,"height":674,"url":"https:\/\/dicodusport.fr\/blog\/wp-content\/uploads\/2026\/03\/Vice-championne-paralympique-du-Super-G-Aurelie-Richard-glane-sa-deuxieme-medaille-en-Italie.png","type":"image\/png"}],"author":"Sophie Clapier","twitter_card":"summary_large_image","twitter_title":"Vice-championne paralympique du Super-G, Aur\u00e9lie Richard glane sa deuxi\u00e8me m\u00e9daille en Italie","twitter_creator":"@https:\/\/twitter.com\/soocube","twitter_site":"@dicodusport","schema":{"@context":"https:\/\/schema.org","@graph":[{"@type":"NewsArticle","@id":"https:\/\/dicodusport.fr\/blog\/vice-championne-paralympique-du-super-g-aurelie-richard-glane-sa-deuxieme-medaille-en-italie\/#article","isPartOf":{"@id":"https:\/\/dicodusport.fr\/blog\/vice-championne-paralympique-du-super-g-aurelie-richard-glane-sa-deuxieme-medaille-en-italie\/"},"author":{"name":"Sophie Clapier","@id":"https:\/\/dicodusport.fr\/blog\/#\/schema\/person\/416c975648aca9da8839bdfe333a21c9"},"headline":"Vice-championne paralympique du Super-G, Aur\u00e9lie Richard glane sa deuxi\u00e8me m\u00e9daille en Italie","datePublished":"2026-03-09T08:45:15+00:00","dateModified":"2026-03-09T08:56:30+00:00","mainEntityOfPage":{"@id":"https:\/\/dicodusport.fr\/blog\/vice-championne-paralympique-du-super-g-aurelie-richard-glane-sa-deuxieme-medaille-en-italie\/"},"wordCount":597,"commentCount":0,"publisher":{"@id":"https:\/\/dicodusport.fr\/blog\/#organization"},"image":{"@id":"https:\/\/dicodusport.fr\/blog\/vice-championne-paralympique-du-super-g-aurelie-richard-glane-sa-deuxieme-medaille-en-italie\/#primaryimage"},"thumbnailUrl":"https:\/\/dicodusport.fr\/blog\/wp-content\/uploads\/2026\/03\/Vice-championne-paralympique-du-Super-G-Aurelie-Richard-glane-sa-deuxieme-medaille-en-Italie.png","keywords":["actu","br\u00e8ve","jeux paralympiques","Jeux Paralympiques d'hiver","sport"],"articleSection":["Jeux Paralympiques d'hiver 2026","Ski"],"inLanguage":"fr-FR","potentialAction":[{"@type":"CommentAction","name":"Comment","target":["https:\/\/dicodusport.fr\/blog\/vice-championne-paralympique-du-super-g-aurelie-richard-glane-sa-deuxieme-medaille-en-italie\/#respond"]}],"copyrightYear":"2026","copyrightHolder":{"@id":"https:\/\/dicodusport.fr\/blog\/#organization"}},{"@type":"WebPage","@id":"https:\/\/dicodusport.fr\/blog\/vice-championne-paralympique-du-super-g-aurelie-richard-glane-sa-deuxieme-medaille-en-italie\/","url":"https:\/\/dicodusport.fr\/blog\/vice-championne-paralympique-du-super-g-aurelie-richard-glane-sa-deuxieme-medaille-en-italie\/","name":"Vice-championne paralympique du Super-G, Aur\u00e9lie Richard glane sa deuxi\u00e8me m\u00e9daille en Italie","isPartOf":{"@id":"https:\/\/dicodusport.fr\/blog\/#website"},"primaryImageOfPage":{"@id":"https:\/\/dicodusport.fr\/blog\/vice-championne-paralympique-du-super-g-aurelie-richard-glane-sa-deuxieme-medaille-en-italie\/#primaryimage"},"image":{"@id":"https:\/\/dicodusport.fr\/blog\/vice-championne-paralympique-du-super-g-aurelie-richard-glane-sa-deuxieme-medaille-en-italie\/#primaryimage"},"thumbnailUrl":"https:\/\/dicodusport.fr\/blog\/wp-content\/uploads\/2026\/03\/Vice-championne-paralympique-du-Super-G-Aurelie-Richard-glane-sa-deuxieme-medaille-en-Italie.png","datePublished":"2026-03-09T08:45:15+00:00","dateModified":"2026-03-09T08:56:30+00:00","description":"JEUX PARALYMPIQUES 2026 - Apr\u00e8s l\u2019argent sur la descente, Aur\u00e9lie Richard remporte sa deuxi\u00e8me m\u00e9daille en Italie sur le Super-G.","breadcrumb":{"@id":"https:\/\/dicodusport.fr\/blog\/vice-championne-paralympique-du-super-g-aurelie-richard-glane-sa-deuxieme-medaille-en-italie\/#breadcrumb"},"inLanguage":"fr-FR","potentialAction":[{"@type":"ReadAction","target":["https:\/\/dicodusport.fr\/blog\/vice-championne-paralympique-du-super-g-aurelie-richard-glane-sa-deuxieme-medaille-en-italie\/"]}]},{"@type":"ImageObject","inLanguage":"fr-FR","@id":"https:\/\/dicodusport.fr\/blog\/vice-championne-paralympique-du-super-g-aurelie-richard-glane-sa-deuxieme-medaille-en-italie\/#primaryimage","url":"https:\/\/dicodusport.fr\/blog\/wp-content\/uploads\/2026\/03\/Vice-championne-paralympique-du-Super-G-Aurelie-Richard-glane-sa-deuxieme-medaille-en-Italie.png","contentUrl":"https:\/\/dicodusport.fr\/blog\/wp-content\/uploads\/2026\/03\/Vice-championne-paralympique-du-Super-G-Aurelie-Richard-glane-sa-deuxieme-medaille-en-Italie.png","width":1200,"height":674,"caption":"Vice-championne paralympique du Super-G, Aur\u00e9lie Richard glane sa deuxi\u00e8me m\u00e9daille en Italie"},{"@type":"BreadcrumbList","@id":"https:\/\/dicodusport.fr\/blog\/vice-championne-paralympique-du-super-g-aurelie-richard-glane-sa-deuxieme-medaille-en-italie\/#breadcrumb","itemListElement":[{"@type":"ListItem","position":1,"name":"Accueil","item":"https:\/\/dicodusport.fr\/blog\/"},{"@type":"ListItem","position":2,"name":"Vice-championne paralympique du Super-G, Aur\u00e9lie Richard glane sa deuxi\u00e8me m\u00e9daille en Italie"}]},{"@type":"WebSite","@id":"https:\/\/dicodusport.fr\/blog\/#website","url":"https:\/\/dicodusport.fr\/blog\/","name":"Dicodusport","description":"L&#039;encyclop\u00e9die de l&#039;actualit\u00e9 sportive","publisher":{"@id":"https:\/\/dicodusport.fr\/blog\/#organization"},"potentialAction":[{"@type":"SearchAction","target":{"@type":"EntryPoint","urlTemplate":"https:\/\/dicodusport.fr\/blog\/?s={search_term_string}"},"query-input":{"@type":"PropertyValueSpecification","valueRequired":true,"valueName":"search_term_string"}}],"inLanguage":"fr-FR"},{"@type":"NewsMediaOrganization","@id":"https:\/\/dicodusport.fr\/blog\/#organization","name":"Dicodusport","url":"https:\/\/dicodusport.fr\/blog\/","logo":{"@type":"ImageObject","inLanguage":"fr-FR","@id":"https:\/\/dicodusport.fr\/blog\/#\/schema\/logo\/image\/","url":"https:\/\/dicodusport.fr\/blog\/wp-content\/uploads\/2020\/06\/cropped-LOGO-DICODUSPORT-2020-SANS-FOND-SANS-TEXTE.png","contentUrl":"https:\/\/dicodusport.fr\/blog\/wp-content\/uploads\/2020\/06\/cropped-LOGO-DICODUSPORT-2020-SANS-FOND-SANS-TEXTE.png","width":512,"height":512,"caption":"Dicodusport"},"image":{"@id":"https:\/\/dicodusport.fr\/blog\/#\/schema\/logo\/image\/"},"sameAs":["https:\/\/www.facebook.com\/dicodusport","https:\/\/x.com\/dicodusport","https:\/\/www.instagram.com\/dicodusport\/","https:\/\/www.youtube.com\/channel\/UC7V2KZ5sd3htJivAbA4ZG3w"],"description":"Dicodusport est l'encyclop\u00e9die de l'actualit\u00e9 sportive.","email":"bonjour@dicodusport.fr","legalName":"DICODUSPORT","foundingDate":"2018-01-14","vatID":"FR71834470973","taxID":"83447097300043","numberOfEmployees":{"@type":"QuantitativeValue","minValue":"1","maxValue":"10"}},{"@type":"Person","@id":"https:\/\/dicodusport.fr\/blog\/#\/schema\/person\/416c975648aca9da8839bdfe333a21c9","name":"Sophie Clapier","image":{"@type":"ImageObject","inLanguage":"fr-FR","@id":"https:\/\/dicodusport.fr\/blog\/#\/schema\/person\/image\/","url":"https:\/\/dicodusport.fr\/blog\/wp-content\/uploads\/2021\/05\/Sophie-Clapier-150x150.jpg","contentUrl":"https:\/\/dicodusport.fr\/blog\/wp-content\/uploads\/2021\/05\/Sophie-Clapier-150x150.jpg","caption":"Sophie Clapier"},"description":"Journaliste\/r\u00e9dactrice depuis janvier 2016 - Passionn\u00e9e de sport depuis toujours, j\u2019en ai pratiqu\u00e9 quelques-uns. Judo, football, handball ou encore tennis, je n\u2019ai jamais pu me mettre d\u2019accord sur un en particulier. Mais \u00e7a, c\u2019\u00e9tait avant de d\u00e9couvrir le basket, devenu mon sport de pr\u00e9dilection. Les actions NBA, le All-Star Week-end, la fureur des Game 7 pendant les playoffs ou mieux, lors des Finals, this is why we play. Team Spurs T.P, je m\u2019accroche encore \u00e0 Gregg Popovich (don\u2019t leave !). Team chef Curry, je souhaite qu\u2019il finisse aux Warriors (staaaay !). Non, il n\u2019y a pas qu\u2019eux, des petits nouveaux -et des petites nouvelles \u00e9videmment- arrivent chaque jour dans toutes les disciplines et cr\u00e9ent de nouveaux exploits. Alors pour les grands \u00e9v\u00e9nements et comp\u00e9titions internationales, vive les pulsations 240\/minutes et le d\u00e9fibrillateur pas loin, et allez les Bleu(e)s ! C\u2019est s\u00fbr, j\u2019aurai plus vu ma vie sur un terrain de sport, mais \u00e0 d\u00e9faut d\u2019en faire en haut niveau, je le partage avec vous.","sameAs":["https:\/\/www.facebook.com\/soocube","https:\/\/x.com\/https:\/\/twitter.com\/soocube","admin"],"url":"https:\/\/dicodusport.fr\/blog\/author\/sophie\/"}]}},"_links":{"self":[{"href":"https:\/\/dicodusport.fr\/blog\/wp-json\/wp\/v2\/posts\/653948","targetHints":{"allow":["GET"]}}],"collection":[{"href":"https:\/\/dicodusport.fr\/blog\/wp-json\/wp\/v2\/posts"}],"about":[{"href":"https:\/\/dicodusport.fr\/blog\/wp-json\/wp\/v2\/types\/post"}],"author":[{"embeddable":true,"href":"https:\/\/dicodusport.fr\/blog\/wp-json\/wp\/v2\/users\/18"}],"replies":[{"embeddable":true,"href":"https:\/\/dicodusport.fr\/blog\/wp-json\/wp\/v2\/comments?post=653948"}],"version-history":[{"count":5,"href":"https:\/\/dicodusport.fr\/blog\/wp-json\/wp\/v2\/posts\/653948\/revisions"}],"predecessor-version":[{"id":653964,"href":"https:\/\/dicodusport.fr\/blog\/wp-json\/wp\/v2\/posts\/653948\/revisions\/653964"}],"wp:featuredmedia":[{"embeddable":true,"href":"https:\/\/dicodusport.fr\/blog\/wp-json\/wp\/v2\/media\/653958"}],"wp:attachment":[{"href":"https:\/\/dicodusport.fr\/blog\/wp-json\/wp\/v2\/media?parent=653948"}],"wp:term":[{"taxonomy":"category","embeddable":true,"href":"https:\/\/dicodusport.fr\/blog\/wp-json\/wp\/v2\/categories?post=653948"},{"taxonomy":"post_tag","embeddable":true,"href":"https:\/\/dicodusport.fr\/blog\/wp-json\/wp\/v2\/tags?post=653948"}],"curies":[{"name":"wp","href":"https:\/\/api.w.org\/{rel}","templated":true}]}}