{"id":654166,"date":"2026-03-10T13:54:03","date_gmt":"2026-03-10T12:54:03","guid":{"rendered":"https:\/\/dicodusport.fr\/blog\/?p=654166&#038;preview=true&#038;preview_id=654166"},"modified":"2026-03-10T18:03:25","modified_gmt":"2026-03-10T17:03:25","slug":"benjamin-daviet-lance-le-compteur-du-ski-de-fond-francais-avec-le-bronze-sur-le-sprint-classique-paralympique","status":"publish","type":"post","link":"https:\/\/dicodusport.fr\/blog\/benjamin-daviet-lance-le-compteur-du-ski-de-fond-francais-avec-le-bronze-sur-le-sprint-classique-paralympique\/","title":{"rendered":"Benjamin Daviet lance le compteur du para ski de fond fran\u00e7ais avec le bronze sur le sprint des Jeux Paralympiques"},"content":{"rendered":"<p style=\"text-align: justify;\"><em><strong>JEUX PARALYMPIQUES 2026 &#8211; Tenant du titre du sprint, Benjamin Daviet c\u00e8de sa couronne \u00e0 Raman Svirydzenka mais lance le compteur du para ski de fond fran\u00e7ais avec le bronze.<\/strong><\/em><\/p>\n<ul style=\"text-align: justify;\">\n<li style=\"text-align: justify;\"><strong>\u00c0 ce sujet &#8211; <a href=\"https:\/\/dicodusport.fr\/blog\/calendrier-des-jeux-paralympiques-dhiver-2026-programme-complet-des-epreuves-jour-par-jour-milan-cortina\/\">Calendrier des Jeux Paralympiques d&rsquo;hiver 2026 : Programme complet des \u00e9preuves jour par jour \u00e0 Milan-Cortina<\/a><\/strong><\/li>\n<\/ul>\n<p style=\"text-align: justify;\">Malgr\u00e9 l\u2019impasse d\u2019<strong>Anthony Chalen\u00e7on <\/strong>sur le sprint (classique) chez les malvoyants, l\u2019\u00e9quipe de France disposait encore de deux cartouches en ski de fond en cat\u00e9gorie debout avec <strong>Karl Tabouret<\/strong> et <strong>Benjamin Daviet<\/strong>, respectivement champion du monde et champion paralympique en titre de la sp\u00e9cialit\u00e9.<\/p>\n<div class=\"vlp-link-container vlp-layout-article\"><a href=\"https:\/\/dicodusport.fr\/blog\/mondiaux-de-para-ski-de-fond-karl-tabouret-champion-du-monde-du-sprint-classique-benjamin-daviet-en-bronze\/\" class=\"vlp-link\" title=\"Mondiaux de para ski de fond :\u00a0Karl Tabouret champion du monde du sprint classique, Benjamin Daviet en bronze\"><\/a><div class=\"vlp-layout-zone-side\"><div class=\"vlp-block-4 vlp-link-image\"><img loading=\"lazy\" decoding=\"async\" style=\"max-width: 792px;\" width=\"792\" height=\"445\" src=\"https:\/\/dicodusport.fr\/blog\/wp-content\/uploads\/2025\/03\/Mondiaux-de-para-ski-de-fond-Karl-Tabouret-champion-du-monde-du-sprint-classique-Benjamin-Daviet-en-bronze-1.png\" class=\"attachment-800x445 size-800x445\" alt=\"Mondiaux de para ski de fond \u00a0Karl Tabouret champion du monde du sprint classique, Benjamin Daviet en bronze (1)\" srcset=\"https:\/\/dicodusport.fr\/blog\/wp-content\/uploads\/2025\/03\/Mondiaux-de-para-ski-de-fond-Karl-Tabouret-champion-du-monde-du-sprint-classique-Benjamin-Daviet-en-bronze-1.png 1200w, https:\/\/dicodusport.fr\/blog\/wp-content\/uploads\/2025\/03\/Mondiaux-de-para-ski-de-fond-Karl-Tabouret-champion-du-monde-du-sprint-classique-Benjamin-Daviet-en-bronze-1-300x169.png 300w, https:\/\/dicodusport.fr\/blog\/wp-content\/uploads\/2025\/03\/Mondiaux-de-para-ski-de-fond-Karl-Tabouret-champion-du-monde-du-sprint-classique-Benjamin-Daviet-en-bronze-1-1024x575.png 1024w, https:\/\/dicodusport.fr\/blog\/wp-content\/uploads\/2025\/03\/Mondiaux-de-para-ski-de-fond-Karl-Tabouret-champion-du-monde-du-sprint-classique-Benjamin-Daviet-en-bronze-1-768x431.png 768w\" sizes=\"auto, (max-width: 792px) 100vw, 792px\" \/><\/div><\/div><div class=\"vlp-layout-zone-main\"><div class=\"vlp-block-0 vlp-link-title\">Mondiaux de para ski de fond :\u00a0Karl Tabouret champion du monde du sprint classique, Benjamin Daviet en bronze<\/div><div class=\"vlp-block-1 vlp-link-summary\">Karl Tabouret champion du monde du sprint classique, Benjamin Daviet en bronze<\/div><div class=\"vlp-block-2 vlp-link-button\">Lire l'article<\/div><div class=\"vlp-block-3 vlp-link-url\">dicodusport.fr<\/div><\/div><\/div>\n<p style=\"text-align: justify;\">La concurrence \u00e9tait cependant diff\u00e9rente que celle en Coupe du monde avec le retour des Russes et Bi\u00e9lorusses et la pr\u00e9sence des Chinois, souvent absents du circuit principal.<\/p>\n<p style=\"text-align: justify;\">Pour relever la t\u00eate apr\u00e8s des \u00e9preuves de biathlon en demi-teinte, il fallait d\u00e9j\u00e0 passer le top 12 qualificatif. Chose faite assez ais\u00e9ment par <strong>Karl Tabouret<\/strong> (4<sup>\u00e8me<\/sup>) tandis que <strong>Benjamin Daviet<\/strong> a trembl\u00e9 un peu avant de valider sa 9<sup>\u00e8me<\/sup> place. Mais le principal \u00e9tait l\u00e0, l\u2019acc\u00e8s aux demies.<\/p>\n<h2 style=\"text-align: justify;\">Duel franco-fran\u00e7ais en demies<\/h2>\n<p style=\"text-align: justify;\">Pour ces runs \u00e0 confrontation directe entre 6 fondeurs, c\u2019est le coefficient de handicap qui d\u00e9terminait l\u2019ordre de d\u00e9part. <strong>Karl Tabouret<\/strong> a ainsi lanc\u00e9 la course avec 11 secondes d\u2019avance sur son compatriote et <strong>Sebastian Marburger<\/strong>, temps r\u00e9f\u00e9rence des \u00e9liminatoires.<\/p>\n<p style=\"text-align: justify;\">Il en a manqu\u00e9 un peu pour le champion du monde pour contenir les retours de l\u2019Allemand et du Bi\u00e9lorusse <strong>Raman Svirydzenka<\/strong>. <strong>Karl Tabouret<\/strong> a finalement c\u00e9d\u00e9 au sprint pour la 3<sup>\u00e8me<\/sup> et derni\u00e8re place qualificative face \u00e0 <strong>Benjamin Daviet<\/strong>, revenu dans l\u2019ultime ligne droite. Le pire des sc\u00e9narios pour les deux copains.<\/p>\n<blockquote class=\"twitter-tweet\">\n<p dir=\"ltr\" lang=\"fr\">\u2744\ufe0f <a href=\"https:\/\/twitter.com\/hashtag\/MilanoCortina2026?src=hash&amp;ref_src=twsrc%5Etfw\">#MilanoCortina2026<\/a> | \ud83c\udfbf\ud83c\uddeb\ud83c\uddf7 Benjamin Daviet sort un gros finish et se qualifie en finale du sprint ! Il devance Karl Tabouret qui termine 4e et s&rsquo;arr\u00eate en demies.<\/p>\n<p>\ud83d\udcfa Les Jeux en direct : <a href=\"https:\/\/t.co\/2YyyGIAfdo\">https:\/\/t.co\/2YyyGIAfdo<\/a> <a href=\"https:\/\/t.co\/HRDFUgjnN2\">pic.twitter.com\/HRDFUgjnN2<\/a><\/p>\n<p>\u2014 francetvsport (@francetvsport) <a href=\"https:\/\/twitter.com\/francetvsport\/status\/2031340843315982815?ref_src=twsrc%5Etfw\">March 10, 2026<\/a><\/p><\/blockquote>\n<p><script async src=\"https:\/\/platform.twitter.com\/widgets.js\" charset=\"utf-8\"><\/script><\/p>\n<h2 style=\"text-align: justify;\">Benjamin Daviet c\u00e8de son titre mais prend le bronze<\/h2>\n<p style=\"text-align: justify;\">Le tenant du titre \u00e9tait n\u00e9anmoins en finale mais la couronne semblait impossible \u00e0 garder sur la t\u00eate. Positionn\u00e9 dans les skis de <strong>Marburger<\/strong> au d\u00e9part de la course, <strong>Benjamin Daviet<\/strong> s\u2019est arrach\u00e9 dans la bosse sur les bras pour compenser le manque de force dans les jambes.<\/p>\n<p style=\"text-align: justify;\">S\u2019il n\u2019a rien pu faire face \u00e0 la fus\u00e9e bi\u00e9lorusse <strong>Raman Svirydzenka<\/strong> et l\u2019Allemand Sebastian Marburger, le Fran\u00e7ais a \u00e9t\u00e9 solide dans les derniers m\u00e8tres pour r\u00e9sister au Chinois <strong>Cai Jiayun<\/strong> et d\u00e9bloquer le compteur du para ski de fond fran\u00e7ais dans ces Jeux.<\/p>\n<blockquote class=\"twitter-tweet\">\n<p dir=\"ltr\" lang=\"fr\"><a href=\"https:\/\/twitter.com\/hashtag\/MilanoCortina2026?src=hash&amp;ref_src=twsrc%5Etfw\">#MilanoCortina2026<\/a> | \ud83e\udd49Benjamin Daviet en bronze !<\/p>\n<p>\ud83c\uddeb\ud83c\uddf7 La l\u00e9gende du paralympisme monte sur la troisi\u00e8me marche du podium du sprint classique en cat\u00e9gorie debout : \u00e0 36 ans, il d\u00e9croche sa ONZI\u00c8ME M\u00c9DAILLE PARALYMPIQUE, quel champion ! <a href=\"https:\/\/t.co\/JvsNbYyTND\">pic.twitter.com\/JvsNbYyTND<\/a><\/p>\n<p>\u2014 francetvsport (@francetvsport) <a href=\"https:\/\/twitter.com\/francetvsport\/status\/2031352755831407103?ref_src=twsrc%5Etfw\">March 10, 2026<\/a><\/p><\/blockquote>\n<p><script async src=\"https:\/\/platform.twitter.com\/widgets.js\" charset=\"utf-8\"><\/script><\/p>\n<div id=\"gtx-trans\" style=\"position: absolute; left: -14px; top: 40.9091px;\">\n<div class=\"gtx-trans-icon\" style=\"text-align: justify;\"><\/div>\n<\/div>\n","protected":false},"excerpt":{"rendered":"<p>JEUX PARALYMPIQUES 2026 &#8211; Tenant du titre du sprint, Benjamin Daviet c\u00e8de sa couronne \u00e0 Raman Svirydzenka mais lance le compteur du para ski de fond fran\u00e7ais avec le bronze.<\/p>\n","protected":false},"author":18,"featured_media":654288,"comment_status":"open","ping_status":"closed","sticky":false,"template":"","format":"standard","meta":{"_acf_changed":false,"_daextam_enable_autolinks":"1","footnotes":""},"categories":[47401,9217],"tags":[32415,16878,1964,20604,24],"class_list":["post-654166","post","type-post","status-publish","format-standard","has-post-thumbnail","hentry","category-jeux-paralympiques-dhiver-2026","category-ski","tag-actu","tag-breve","tag-jeux-paralympiques","tag-jeux-paralympiques-dhiver","tag-sport"],"acf":[],"yoast_head":"<!-- This site is optimized with the Yoast SEO Premium plugin v26.7 (Yoast SEO v26.7) - https:\/\/yoast.com\/wordpress\/plugins\/seo\/ -->\n<title>Benjamin Daviet lance le compteur du para ski de fond fran\u00e7ais avec le bronze sur le sprint des Jeux Paralympiques<\/title>\n<meta name=\"description\" content=\"JEUX PARALYMPIQUES 2026 - Benjamin Daviet lance le compteur du para ski de fond fran\u00e7ais avec le bronze sur le sprint.\" \/>\n<meta name=\"robots\" content=\"index, follow, max-snippet:-1, max-image-preview:large, max-video-preview:-1\" \/>\n<link rel=\"canonical\" href=\"https:\/\/dicodusport.fr\/blog\/benjamin-daviet-lance-le-compteur-du-ski-de-fond-francais-avec-le-bronze-sur-le-sprint-classique-paralympique\/\" \/>\n<meta property=\"og:locale\" content=\"fr_FR\" \/>\n<meta property=\"og:type\" content=\"article\" \/>\n<meta property=\"og:title\" content=\"Benjamin Daviet lance le compteur du para ski de fond fran\u00e7ais avec le bronze sur le sprint des Jeux Paralympiques\" \/>\n<meta property=\"og:description\" content=\"JEUX PARALYMPIQUES 2026 - Benjamin Daviet lance le compteur du para ski de fond fran\u00e7ais avec le bronze sur le sprint.\" \/>\n<meta property=\"og:url\" content=\"https:\/\/dicodusport.fr\/blog\/benjamin-daviet-lance-le-compteur-du-ski-de-fond-francais-avec-le-bronze-sur-le-sprint-classique-paralympique\/\" \/>\n<meta property=\"og:site_name\" content=\"Dicodusport\" \/>\n<meta property=\"article:publisher\" content=\"https:\/\/www.facebook.com\/dicodusport\" \/>\n<meta property=\"article:author\" content=\"https:\/\/www.facebook.com\/soocube\" \/>\n<meta property=\"article:published_time\" content=\"2026-03-10T12:54:03+00:00\" \/>\n<meta property=\"article:modified_time\" content=\"2026-03-10T17:03:25+00:00\" \/>\n<meta property=\"og:image\" content=\"https:\/\/dicodusport.fr\/blog\/wp-content\/uploads\/2026\/03\/Benjamin-Daviet-lance-le-compteur-du-para-ski-de-fond-francais-avec-le-bronze-sur-le-sprint-des-Jeux-Paralympiques.png\" \/>\n\t<meta property=\"og:image:width\" content=\"1200\" \/>\n\t<meta property=\"og:image:height\" content=\"674\" \/>\n\t<meta property=\"og:image:type\" content=\"image\/png\" \/>\n<meta name=\"author\" content=\"Sophie Clapier\" \/>\n<meta name=\"twitter:card\" content=\"summary_large_image\" \/>\n<meta name=\"twitter:title\" content=\"Benjamin Daviet lance le compteur du para ski de fond fran\u00e7ais avec le bronze sur le sprint des Jeux Paralympiques\" \/>\n<meta name=\"twitter:creator\" content=\"@https:\/\/twitter.com\/soocube\" \/>\n<meta name=\"twitter:site\" content=\"@dicodusport\" \/>\n<script type=\"application\/ld+json\" class=\"yoast-schema-graph\">{\"@context\":\"https:\/\/schema.org\",\"@graph\":[{\"@type\":\"NewsArticle\",\"@id\":\"https:\/\/dicodusport.fr\/blog\/benjamin-daviet-lance-le-compteur-du-ski-de-fond-francais-avec-le-bronze-sur-le-sprint-classique-paralympique\/#article\",\"isPartOf\":{\"@id\":\"https:\/\/dicodusport.fr\/blog\/benjamin-daviet-lance-le-compteur-du-ski-de-fond-francais-avec-le-bronze-sur-le-sprint-classique-paralympique\/\"},\"author\":{\"name\":\"Sophie Clapier\",\"@id\":\"https:\/\/dicodusport.fr\/blog\/#\/schema\/person\/416c975648aca9da8839bdfe333a21c9\"},\"headline\":\"Benjamin Daviet lance le compteur du para ski de fond fran\u00e7ais avec le bronze sur le sprint des Jeux Paralympiques\",\"datePublished\":\"2026-03-10T12:54:03+00:00\",\"dateModified\":\"2026-03-10T17:03:25+00:00\",\"mainEntityOfPage\":{\"@id\":\"https:\/\/dicodusport.fr\/blog\/benjamin-daviet-lance-le-compteur-du-ski-de-fond-francais-avec-le-bronze-sur-le-sprint-classique-paralympique\/\"},\"wordCount\":598,\"commentCount\":0,\"publisher\":{\"@id\":\"https:\/\/dicodusport.fr\/blog\/#organization\"},\"image\":{\"@id\":\"https:\/\/dicodusport.fr\/blog\/benjamin-daviet-lance-le-compteur-du-ski-de-fond-francais-avec-le-bronze-sur-le-sprint-classique-paralympique\/#primaryimage\"},\"thumbnailUrl\":\"https:\/\/dicodusport.fr\/blog\/wp-content\/uploads\/2026\/03\/Benjamin-Daviet-lance-le-compteur-du-para-ski-de-fond-francais-avec-le-bronze-sur-le-sprint-des-Jeux-Paralympiques.png\",\"keywords\":[\"actu\",\"br\u00e8ve\",\"jeux paralympiques\",\"Jeux Paralympiques d'hiver\",\"sport\"],\"articleSection\":[\"Jeux Paralympiques d'hiver 2026\",\"Ski\"],\"inLanguage\":\"fr-FR\",\"potentialAction\":[{\"@type\":\"CommentAction\",\"name\":\"Comment\",\"target\":[\"https:\/\/dicodusport.fr\/blog\/benjamin-daviet-lance-le-compteur-du-ski-de-fond-francais-avec-le-bronze-sur-le-sprint-classique-paralympique\/#respond\"]}],\"copyrightYear\":\"2026\",\"copyrightHolder\":{\"@id\":\"https:\/\/dicodusport.fr\/blog\/#organization\"}},{\"@type\":\"WebPage\",\"@id\":\"https:\/\/dicodusport.fr\/blog\/benjamin-daviet-lance-le-compteur-du-ski-de-fond-francais-avec-le-bronze-sur-le-sprint-classique-paralympique\/\",\"url\":\"https:\/\/dicodusport.fr\/blog\/benjamin-daviet-lance-le-compteur-du-ski-de-fond-francais-avec-le-bronze-sur-le-sprint-classique-paralympique\/\",\"name\":\"Benjamin Daviet lance le compteur du para ski de fond fran\u00e7ais avec le bronze sur le sprint des Jeux Paralympiques\",\"isPartOf\":{\"@id\":\"https:\/\/dicodusport.fr\/blog\/#website\"},\"primaryImageOfPage\":{\"@id\":\"https:\/\/dicodusport.fr\/blog\/benjamin-daviet-lance-le-compteur-du-ski-de-fond-francais-avec-le-bronze-sur-le-sprint-classique-paralympique\/#primaryimage\"},\"image\":{\"@id\":\"https:\/\/dicodusport.fr\/blog\/benjamin-daviet-lance-le-compteur-du-ski-de-fond-francais-avec-le-bronze-sur-le-sprint-classique-paralympique\/#primaryimage\"},\"thumbnailUrl\":\"https:\/\/dicodusport.fr\/blog\/wp-content\/uploads\/2026\/03\/Benjamin-Daviet-lance-le-compteur-du-para-ski-de-fond-francais-avec-le-bronze-sur-le-sprint-des-Jeux-Paralympiques.png\",\"datePublished\":\"2026-03-10T12:54:03+00:00\",\"dateModified\":\"2026-03-10T17:03:25+00:00\",\"description\":\"JEUX PARALYMPIQUES 2026 - Benjamin Daviet lance le compteur du para ski de fond fran\u00e7ais avec le bronze sur le sprint.\",\"breadcrumb\":{\"@id\":\"https:\/\/dicodusport.fr\/blog\/benjamin-daviet-lance-le-compteur-du-ski-de-fond-francais-avec-le-bronze-sur-le-sprint-classique-paralympique\/#breadcrumb\"},\"inLanguage\":\"fr-FR\",\"potentialAction\":[{\"@type\":\"ReadAction\",\"target\":[\"https:\/\/dicodusport.fr\/blog\/benjamin-daviet-lance-le-compteur-du-ski-de-fond-francais-avec-le-bronze-sur-le-sprint-classique-paralympique\/\"]}]},{\"@type\":\"ImageObject\",\"inLanguage\":\"fr-FR\",\"@id\":\"https:\/\/dicodusport.fr\/blog\/benjamin-daviet-lance-le-compteur-du-ski-de-fond-francais-avec-le-bronze-sur-le-sprint-classique-paralympique\/#primaryimage\",\"url\":\"https:\/\/dicodusport.fr\/blog\/wp-content\/uploads\/2026\/03\/Benjamin-Daviet-lance-le-compteur-du-para-ski-de-fond-francais-avec-le-bronze-sur-le-sprint-des-Jeux-Paralympiques.png\",\"contentUrl\":\"https:\/\/dicodusport.fr\/blog\/wp-content\/uploads\/2026\/03\/Benjamin-Daviet-lance-le-compteur-du-para-ski-de-fond-francais-avec-le-bronze-sur-le-sprint-des-Jeux-Paralympiques.png\",\"width\":1200,\"height\":674,\"caption\":\"Benjamin Daviet lance le compteur du para ski de fond fran\u00e7ais avec le bronze sur le sprint des Jeux Paralympiques\"},{\"@type\":\"BreadcrumbList\",\"@id\":\"https:\/\/dicodusport.fr\/blog\/benjamin-daviet-lance-le-compteur-du-ski-de-fond-francais-avec-le-bronze-sur-le-sprint-classique-paralympique\/#breadcrumb\",\"itemListElement\":[{\"@type\":\"ListItem\",\"position\":1,\"name\":\"Accueil\",\"item\":\"https:\/\/dicodusport.fr\/blog\/\"},{\"@type\":\"ListItem\",\"position\":2,\"name\":\"Benjamin Daviet lance le compteur du para ski de fond fran\u00e7ais avec le bronze sur le sprint des Jeux Paralympiques\"}]},{\"@type\":\"WebSite\",\"@id\":\"https:\/\/dicodusport.fr\/blog\/#website\",\"url\":\"https:\/\/dicodusport.fr\/blog\/\",\"name\":\"Dicodusport\",\"description\":\"L&#039;encyclop\u00e9die de l&#039;actualit\u00e9 sportive\",\"publisher\":{\"@id\":\"https:\/\/dicodusport.fr\/blog\/#organization\"},\"potentialAction\":[{\"@type\":\"SearchAction\",\"target\":{\"@type\":\"EntryPoint\",\"urlTemplate\":\"https:\/\/dicodusport.fr\/blog\/?s={search_term_string}\"},\"query-input\":{\"@type\":\"PropertyValueSpecification\",\"valueRequired\":true,\"valueName\":\"search_term_string\"}}],\"inLanguage\":\"fr-FR\"},{\"@type\":\"NewsMediaOrganization\",\"@id\":\"https:\/\/dicodusport.fr\/blog\/#organization\",\"name\":\"Dicodusport\",\"url\":\"https:\/\/dicodusport.fr\/blog\/\",\"logo\":{\"@type\":\"ImageObject\",\"inLanguage\":\"fr-FR\",\"@id\":\"https:\/\/dicodusport.fr\/blog\/#\/schema\/logo\/image\/\",\"url\":\"https:\/\/dicodusport.fr\/blog\/wp-content\/uploads\/2020\/06\/cropped-LOGO-DICODUSPORT-2020-SANS-FOND-SANS-TEXTE.png\",\"contentUrl\":\"https:\/\/dicodusport.fr\/blog\/wp-content\/uploads\/2020\/06\/cropped-LOGO-DICODUSPORT-2020-SANS-FOND-SANS-TEXTE.png\",\"width\":512,\"height\":512,\"caption\":\"Dicodusport\"},\"image\":{\"@id\":\"https:\/\/dicodusport.fr\/blog\/#\/schema\/logo\/image\/\"},\"sameAs\":[\"https:\/\/www.facebook.com\/dicodusport\",\"https:\/\/x.com\/dicodusport\",\"https:\/\/www.instagram.com\/dicodusport\/\",\"https:\/\/www.youtube.com\/channel\/UC7V2KZ5sd3htJivAbA4ZG3w\"],\"description\":\"Dicodusport est l'encyclop\u00e9die de l'actualit\u00e9 sportive.\",\"email\":\"bonjour@dicodusport.fr\",\"legalName\":\"DICODUSPORT\",\"foundingDate\":\"2018-01-14\",\"vatID\":\"FR71834470973\",\"taxID\":\"83447097300043\",\"numberOfEmployees\":{\"@type\":\"QuantitativeValue\",\"minValue\":\"1\",\"maxValue\":\"10\"}},{\"@type\":\"Person\",\"@id\":\"https:\/\/dicodusport.fr\/blog\/#\/schema\/person\/416c975648aca9da8839bdfe333a21c9\",\"name\":\"Sophie Clapier\",\"image\":{\"@type\":\"ImageObject\",\"inLanguage\":\"fr-FR\",\"@id\":\"https:\/\/dicodusport.fr\/blog\/#\/schema\/person\/image\/\",\"url\":\"https:\/\/dicodusport.fr\/blog\/wp-content\/uploads\/2021\/05\/Sophie-Clapier-150x150.jpg\",\"contentUrl\":\"https:\/\/dicodusport.fr\/blog\/wp-content\/uploads\/2021\/05\/Sophie-Clapier-150x150.jpg\",\"caption\":\"Sophie Clapier\"},\"description\":\"Journaliste\/r\u00e9dactrice depuis janvier 2016 - Passionn\u00e9e de sport depuis toujours, j\u2019en ai pratiqu\u00e9 quelques-uns. Judo, football, handball ou encore tennis, je n\u2019ai jamais pu me mettre d\u2019accord sur un en particulier. Mais \u00e7a, c\u2019\u00e9tait avant de d\u00e9couvrir le basket, devenu mon sport de pr\u00e9dilection. Les actions NBA, le All-Star Week-end, la fureur des Game 7 pendant les playoffs ou mieux, lors des Finals, this is why we play. Team Spurs T.P, je m\u2019accroche encore \u00e0 Gregg Popovich (don\u2019t leave !). Team chef Curry, je souhaite qu\u2019il finisse aux Warriors (staaaay !). Non, il n\u2019y a pas qu\u2019eux, des petits nouveaux -et des petites nouvelles \u00e9videmment- arrivent chaque jour dans toutes les disciplines et cr\u00e9ent de nouveaux exploits. Alors pour les grands \u00e9v\u00e9nements et comp\u00e9titions internationales, vive les pulsations 240\/minutes et le d\u00e9fibrillateur pas loin, et allez les Bleu(e)s ! C\u2019est s\u00fbr, j\u2019aurai plus vu ma vie sur un terrain de sport, mais \u00e0 d\u00e9faut d\u2019en faire en haut niveau, je le partage avec vous.\",\"sameAs\":[\"https:\/\/www.facebook.com\/soocube\",\"https:\/\/x.com\/https:\/\/twitter.com\/soocube\",\"admin\"],\"url\":\"https:\/\/dicodusport.fr\/blog\/author\/sophie\/\"}]}<\/script>\n<!-- \/ Yoast SEO Premium plugin. -->","yoast_head_json":{"title":"Benjamin Daviet lance le compteur du para ski de fond fran\u00e7ais avec le bronze sur le sprint des Jeux Paralympiques","description":"JEUX PARALYMPIQUES 2026 - Benjamin Daviet lance le compteur du para ski de fond fran\u00e7ais avec le bronze sur le sprint.","robots":{"index":"index","follow":"follow","max-snippet":"max-snippet:-1","max-image-preview":"max-image-preview:large","max-video-preview":"max-video-preview:-1"},"canonical":"https:\/\/dicodusport.fr\/blog\/benjamin-daviet-lance-le-compteur-du-ski-de-fond-francais-avec-le-bronze-sur-le-sprint-classique-paralympique\/","og_locale":"fr_FR","og_type":"article","og_title":"Benjamin Daviet lance le compteur du para ski de fond fran\u00e7ais avec le bronze sur le sprint des Jeux Paralympiques","og_description":"JEUX PARALYMPIQUES 2026 - Benjamin Daviet lance le compteur du para ski de fond fran\u00e7ais avec le bronze sur le sprint.","og_url":"https:\/\/dicodusport.fr\/blog\/benjamin-daviet-lance-le-compteur-du-ski-de-fond-francais-avec-le-bronze-sur-le-sprint-classique-paralympique\/","og_site_name":"Dicodusport","article_publisher":"https:\/\/www.facebook.com\/dicodusport","article_author":"https:\/\/www.facebook.com\/soocube","article_published_time":"2026-03-10T12:54:03+00:00","article_modified_time":"2026-03-10T17:03:25+00:00","og_image":[{"width":1200,"height":674,"url":"https:\/\/dicodusport.fr\/blog\/wp-content\/uploads\/2026\/03\/Benjamin-Daviet-lance-le-compteur-du-para-ski-de-fond-francais-avec-le-bronze-sur-le-sprint-des-Jeux-Paralympiques.png","type":"image\/png"}],"author":"Sophie Clapier","twitter_card":"summary_large_image","twitter_title":"Benjamin Daviet lance le compteur du para ski de fond fran\u00e7ais avec le bronze sur le sprint des Jeux Paralympiques","twitter_creator":"@https:\/\/twitter.com\/soocube","twitter_site":"@dicodusport","schema":{"@context":"https:\/\/schema.org","@graph":[{"@type":"NewsArticle","@id":"https:\/\/dicodusport.fr\/blog\/benjamin-daviet-lance-le-compteur-du-ski-de-fond-francais-avec-le-bronze-sur-le-sprint-classique-paralympique\/#article","isPartOf":{"@id":"https:\/\/dicodusport.fr\/blog\/benjamin-daviet-lance-le-compteur-du-ski-de-fond-francais-avec-le-bronze-sur-le-sprint-classique-paralympique\/"},"author":{"name":"Sophie Clapier","@id":"https:\/\/dicodusport.fr\/blog\/#\/schema\/person\/416c975648aca9da8839bdfe333a21c9"},"headline":"Benjamin Daviet lance le compteur du para ski de fond fran\u00e7ais avec le bronze sur le sprint des Jeux Paralympiques","datePublished":"2026-03-10T12:54:03+00:00","dateModified":"2026-03-10T17:03:25+00:00","mainEntityOfPage":{"@id":"https:\/\/dicodusport.fr\/blog\/benjamin-daviet-lance-le-compteur-du-ski-de-fond-francais-avec-le-bronze-sur-le-sprint-classique-paralympique\/"},"wordCount":598,"commentCount":0,"publisher":{"@id":"https:\/\/dicodusport.fr\/blog\/#organization"},"image":{"@id":"https:\/\/dicodusport.fr\/blog\/benjamin-daviet-lance-le-compteur-du-ski-de-fond-francais-avec-le-bronze-sur-le-sprint-classique-paralympique\/#primaryimage"},"thumbnailUrl":"https:\/\/dicodusport.fr\/blog\/wp-content\/uploads\/2026\/03\/Benjamin-Daviet-lance-le-compteur-du-para-ski-de-fond-francais-avec-le-bronze-sur-le-sprint-des-Jeux-Paralympiques.png","keywords":["actu","br\u00e8ve","jeux paralympiques","Jeux Paralympiques d'hiver","sport"],"articleSection":["Jeux Paralympiques d'hiver 2026","Ski"],"inLanguage":"fr-FR","potentialAction":[{"@type":"CommentAction","name":"Comment","target":["https:\/\/dicodusport.fr\/blog\/benjamin-daviet-lance-le-compteur-du-ski-de-fond-francais-avec-le-bronze-sur-le-sprint-classique-paralympique\/#respond"]}],"copyrightYear":"2026","copyrightHolder":{"@id":"https:\/\/dicodusport.fr\/blog\/#organization"}},{"@type":"WebPage","@id":"https:\/\/dicodusport.fr\/blog\/benjamin-daviet-lance-le-compteur-du-ski-de-fond-francais-avec-le-bronze-sur-le-sprint-classique-paralympique\/","url":"https:\/\/dicodusport.fr\/blog\/benjamin-daviet-lance-le-compteur-du-ski-de-fond-francais-avec-le-bronze-sur-le-sprint-classique-paralympique\/","name":"Benjamin Daviet lance le compteur du para ski de fond fran\u00e7ais avec le bronze sur le sprint des Jeux Paralympiques","isPartOf":{"@id":"https:\/\/dicodusport.fr\/blog\/#website"},"primaryImageOfPage":{"@id":"https:\/\/dicodusport.fr\/blog\/benjamin-daviet-lance-le-compteur-du-ski-de-fond-francais-avec-le-bronze-sur-le-sprint-classique-paralympique\/#primaryimage"},"image":{"@id":"https:\/\/dicodusport.fr\/blog\/benjamin-daviet-lance-le-compteur-du-ski-de-fond-francais-avec-le-bronze-sur-le-sprint-classique-paralympique\/#primaryimage"},"thumbnailUrl":"https:\/\/dicodusport.fr\/blog\/wp-content\/uploads\/2026\/03\/Benjamin-Daviet-lance-le-compteur-du-para-ski-de-fond-francais-avec-le-bronze-sur-le-sprint-des-Jeux-Paralympiques.png","datePublished":"2026-03-10T12:54:03+00:00","dateModified":"2026-03-10T17:03:25+00:00","description":"JEUX PARALYMPIQUES 2026 - Benjamin Daviet lance le compteur du para ski de fond fran\u00e7ais avec le bronze sur le sprint.","breadcrumb":{"@id":"https:\/\/dicodusport.fr\/blog\/benjamin-daviet-lance-le-compteur-du-ski-de-fond-francais-avec-le-bronze-sur-le-sprint-classique-paralympique\/#breadcrumb"},"inLanguage":"fr-FR","potentialAction":[{"@type":"ReadAction","target":["https:\/\/dicodusport.fr\/blog\/benjamin-daviet-lance-le-compteur-du-ski-de-fond-francais-avec-le-bronze-sur-le-sprint-classique-paralympique\/"]}]},{"@type":"ImageObject","inLanguage":"fr-FR","@id":"https:\/\/dicodusport.fr\/blog\/benjamin-daviet-lance-le-compteur-du-ski-de-fond-francais-avec-le-bronze-sur-le-sprint-classique-paralympique\/#primaryimage","url":"https:\/\/dicodusport.fr\/blog\/wp-content\/uploads\/2026\/03\/Benjamin-Daviet-lance-le-compteur-du-para-ski-de-fond-francais-avec-le-bronze-sur-le-sprint-des-Jeux-Paralympiques.png","contentUrl":"https:\/\/dicodusport.fr\/blog\/wp-content\/uploads\/2026\/03\/Benjamin-Daviet-lance-le-compteur-du-para-ski-de-fond-francais-avec-le-bronze-sur-le-sprint-des-Jeux-Paralympiques.png","width":1200,"height":674,"caption":"Benjamin Daviet lance le compteur du para ski de fond fran\u00e7ais avec le bronze sur le sprint des Jeux Paralympiques"},{"@type":"BreadcrumbList","@id":"https:\/\/dicodusport.fr\/blog\/benjamin-daviet-lance-le-compteur-du-ski-de-fond-francais-avec-le-bronze-sur-le-sprint-classique-paralympique\/#breadcrumb","itemListElement":[{"@type":"ListItem","position":1,"name":"Accueil","item":"https:\/\/dicodusport.fr\/blog\/"},{"@type":"ListItem","position":2,"name":"Benjamin Daviet lance le compteur du para ski de fond fran\u00e7ais avec le bronze sur le sprint des Jeux Paralympiques"}]},{"@type":"WebSite","@id":"https:\/\/dicodusport.fr\/blog\/#website","url":"https:\/\/dicodusport.fr\/blog\/","name":"Dicodusport","description":"L&#039;encyclop\u00e9die de l&#039;actualit\u00e9 sportive","publisher":{"@id":"https:\/\/dicodusport.fr\/blog\/#organization"},"potentialAction":[{"@type":"SearchAction","target":{"@type":"EntryPoint","urlTemplate":"https:\/\/dicodusport.fr\/blog\/?s={search_term_string}"},"query-input":{"@type":"PropertyValueSpecification","valueRequired":true,"valueName":"search_term_string"}}],"inLanguage":"fr-FR"},{"@type":"NewsMediaOrganization","@id":"https:\/\/dicodusport.fr\/blog\/#organization","name":"Dicodusport","url":"https:\/\/dicodusport.fr\/blog\/","logo":{"@type":"ImageObject","inLanguage":"fr-FR","@id":"https:\/\/dicodusport.fr\/blog\/#\/schema\/logo\/image\/","url":"https:\/\/dicodusport.fr\/blog\/wp-content\/uploads\/2020\/06\/cropped-LOGO-DICODUSPORT-2020-SANS-FOND-SANS-TEXTE.png","contentUrl":"https:\/\/dicodusport.fr\/blog\/wp-content\/uploads\/2020\/06\/cropped-LOGO-DICODUSPORT-2020-SANS-FOND-SANS-TEXTE.png","width":512,"height":512,"caption":"Dicodusport"},"image":{"@id":"https:\/\/dicodusport.fr\/blog\/#\/schema\/logo\/image\/"},"sameAs":["https:\/\/www.facebook.com\/dicodusport","https:\/\/x.com\/dicodusport","https:\/\/www.instagram.com\/dicodusport\/","https:\/\/www.youtube.com\/channel\/UC7V2KZ5sd3htJivAbA4ZG3w"],"description":"Dicodusport est l'encyclop\u00e9die de l'actualit\u00e9 sportive.","email":"bonjour@dicodusport.fr","legalName":"DICODUSPORT","foundingDate":"2018-01-14","vatID":"FR71834470973","taxID":"83447097300043","numberOfEmployees":{"@type":"QuantitativeValue","minValue":"1","maxValue":"10"}},{"@type":"Person","@id":"https:\/\/dicodusport.fr\/blog\/#\/schema\/person\/416c975648aca9da8839bdfe333a21c9","name":"Sophie Clapier","image":{"@type":"ImageObject","inLanguage":"fr-FR","@id":"https:\/\/dicodusport.fr\/blog\/#\/schema\/person\/image\/","url":"https:\/\/dicodusport.fr\/blog\/wp-content\/uploads\/2021\/05\/Sophie-Clapier-150x150.jpg","contentUrl":"https:\/\/dicodusport.fr\/blog\/wp-content\/uploads\/2021\/05\/Sophie-Clapier-150x150.jpg","caption":"Sophie Clapier"},"description":"Journaliste\/r\u00e9dactrice depuis janvier 2016 - Passionn\u00e9e de sport depuis toujours, j\u2019en ai pratiqu\u00e9 quelques-uns. Judo, football, handball ou encore tennis, je n\u2019ai jamais pu me mettre d\u2019accord sur un en particulier. Mais \u00e7a, c\u2019\u00e9tait avant de d\u00e9couvrir le basket, devenu mon sport de pr\u00e9dilection. Les actions NBA, le All-Star Week-end, la fureur des Game 7 pendant les playoffs ou mieux, lors des Finals, this is why we play. Team Spurs T.P, je m\u2019accroche encore \u00e0 Gregg Popovich (don\u2019t leave !). Team chef Curry, je souhaite qu\u2019il finisse aux Warriors (staaaay !). Non, il n\u2019y a pas qu\u2019eux, des petits nouveaux -et des petites nouvelles \u00e9videmment- arrivent chaque jour dans toutes les disciplines et cr\u00e9ent de nouveaux exploits. Alors pour les grands \u00e9v\u00e9nements et comp\u00e9titions internationales, vive les pulsations 240\/minutes et le d\u00e9fibrillateur pas loin, et allez les Bleu(e)s ! C\u2019est s\u00fbr, j\u2019aurai plus vu ma vie sur un terrain de sport, mais \u00e0 d\u00e9faut d\u2019en faire en haut niveau, je le partage avec vous.","sameAs":["https:\/\/www.facebook.com\/soocube","https:\/\/x.com\/https:\/\/twitter.com\/soocube","admin"],"url":"https:\/\/dicodusport.fr\/blog\/author\/sophie\/"}]}},"_links":{"self":[{"href":"https:\/\/dicodusport.fr\/blog\/wp-json\/wp\/v2\/posts\/654166","targetHints":{"allow":["GET"]}}],"collection":[{"href":"https:\/\/dicodusport.fr\/blog\/wp-json\/wp\/v2\/posts"}],"about":[{"href":"https:\/\/dicodusport.fr\/blog\/wp-json\/wp\/v2\/types\/post"}],"author":[{"embeddable":true,"href":"https:\/\/dicodusport.fr\/blog\/wp-json\/wp\/v2\/users\/18"}],"replies":[{"embeddable":true,"href":"https:\/\/dicodusport.fr\/blog\/wp-json\/wp\/v2\/comments?post=654166"}],"version-history":[{"count":5,"href":"https:\/\/dicodusport.fr\/blog\/wp-json\/wp\/v2\/posts\/654166\/revisions"}],"predecessor-version":[{"id":654222,"href":"https:\/\/dicodusport.fr\/blog\/wp-json\/wp\/v2\/posts\/654166\/revisions\/654222"}],"wp:featuredmedia":[{"embeddable":true,"href":"https:\/\/dicodusport.fr\/blog\/wp-json\/wp\/v2\/media\/654288"}],"wp:attachment":[{"href":"https:\/\/dicodusport.fr\/blog\/wp-json\/wp\/v2\/media?parent=654166"}],"wp:term":[{"taxonomy":"category","embeddable":true,"href":"https:\/\/dicodusport.fr\/blog\/wp-json\/wp\/v2\/categories?post=654166"},{"taxonomy":"post_tag","embeddable":true,"href":"https:\/\/dicodusport.fr\/blog\/wp-json\/wp\/v2\/tags?post=654166"}],"curies":[{"name":"wp","href":"https:\/\/api.w.org\/{rel}","templated":true}]}}