{"id":65419,"date":"2020-04-21T19:46:08","date_gmt":"2020-04-21T17:46:08","guid":{"rendered":"http:\/\/dicodusport.fr\/blog\/?p=65419&#038;preview=true&#038;preview_id=65419"},"modified":"2020-05-05T10:41:10","modified_gmt":"2020-05-05T08:41:10","slug":"top-14-pro-d2-fin-saison-compromise","status":"publish","type":"post","link":"https:\/\/dicodusport.fr\/blog\/top-14-pro-d2-fin-saison-compromise\/","title":{"rendered":"Top 14 &#8211; Pro D2 : la fin de saison de plus en plus compromise"},"content":{"rendered":"<p style=\"text-align: justify;\"><b><i>RUGBY &#8211; Le coup est rude. La commission m\u00e9dicale sur le coronavirus a rendu son verdict. Pr\u00e9sent\u00e9 aux pr\u00e9sidents des clubs de Top 14 et Pro D2, ces derniers ont semble-t-il pris un coup sur la t\u00eate.<\/i><\/b><\/p>\n<p style=\"text-align: justify;\">Selon les informations de <a href=\"https:\/\/rmcsport.bfmtv.com\/rugby\/top-14-un-avenir-de-plus-en-plus-incertain-1897780.html?fbclid=IwAR26oqZKNWhk5X481PFy1JAmMHCh1nCGPdRCIeWtnafHelLPOuJsUXuYeLo\" target=\"_blank\" rel=\"noopener noreferrer\"><em>RMC Sport<\/em><\/a>, <em>\u00ab l&rsquo;avenir s&rsquo;assombrit \u00bb<\/em> sur les championnats professionnels de rugby. Le rapport m\u00e9dical, pr\u00e9sent\u00e9 ce mardi matin aux pr\u00e9sidents des clubs, \u00e0 la veille du comit\u00e9 directeur de la <strong>LNR<\/strong>, ne leur a pas apport\u00e9 de bonnes nouvelles.<\/p>\n<p style=\"text-align: justify;\">Toujours selon les propos rapport\u00e9s par <strong>RMC<\/strong>, les pr\u00e9sidents sont <em>\u00ab groggys \u00bb<\/em>. Le m\u00e9decin du <strong>MHR<\/strong>, docteur <strong>Jacques Giordan<\/strong>, n&rsquo;y va pas par quatre chemin : <em>\u00ab Il est illusoire d\u2019imaginer une reprise en juillet. Il n\u2019y aura pas de matchs au mois de juillet, il faut arr\u00eater les conneries&#8230; \u00bb\u00a0<\/em>La finale du <strong>Top 14<\/strong>, recas\u00e9e le 18 juillet, n&rsquo;aura donc certainement pas lieu \u00e0 cette date.<\/p>\n<h2 style=\"text-align: justify;\">Cinq \u00e9tapes avant de revoir un match<\/h2>\n<p style=\"text-align: justify;\">Toujours selon le m\u00eame rapport, cinq \u00e9tapes doivent \u00eatre respect\u00e9es avant de revoir un match se disputer. Le d\u00e9confinement, qui doit intervenir progressivement \u00e0 partir du 11 mai prochain, les tests, une reprise individualis\u00e9e ou par groupes, une reprise des contacts et enfin, la comp\u00e9tition. On en est loin, tr\u00e8s loin.<\/p>\n<p style=\"text-align: justify;\">Pour rappel, <a href=\"https:\/\/dicodusport.fr\/blog\/top-14-pro-d2-deux-scenarios-reprise-privilegies-par-lnr\/\" target=\"_blank\" rel=\"noopener noreferrer\">la <strong>LNR<\/strong> travaille sur deux sc\u00e9narios de reprise<\/a>. Le premier, qui consistait \u00e0 reprendre la comp\u00e9tition fin juin ou d\u00e9but juillet, va tomber \u00e0 l&rsquo;eau. Le second, avec des phases finales directes en plein mois d&rsquo;ao\u00fbt, para\u00eet lui aussi compromis. L&rsquo;avenir semble plus que jamais menac\u00e9 pour le rugby professionnel.<\/p>\n<p><strong><em>Dicodusport<br \/>\n<a href=\"https:\/\/www.facebook.com\/dicodusport\/\" target=\"_blank\" rel=\"noopener noreferrer\"><img loading=\"lazy\" decoding=\"async\" class=\"alignnone wp-image-2909\" src=\"http:\/\/dicodusport.fr\/blog\/wp-content\/uploads\/2017\/07\/logo-facebook-150x150.png\" alt=\"\" width=\"40\" height=\"40\" \/><\/a><a href=\"https:\/\/twitter.com\/dicodusport\" target=\"_blank\" rel=\"noopener noreferrer\"><img loading=\"lazy\" decoding=\"async\" class=\"alignnone wp-image-2908\" src=\"http:\/\/dicodusport.fr\/blog\/wp-content\/uploads\/2017\/07\/logo-twitter-150x150.png\" alt=\"\" width=\"39\" height=\"39\" \/><\/a><\/em><\/strong><\/p>\n","protected":false},"excerpt":{"rendered":"<p>RUGBY &#8211; Le coup est rude. La commission m\u00e9dicale sur le coronavirus a rendu son verdict. Pr\u00e9sent\u00e9 aux pr\u00e9sidents des clubs de Top 14 et Pro D2, ces derniers ont semble-t-il pris un coup sur la t\u00eate.<\/p>\n","protected":false},"author":4,"featured_media":65420,"comment_status":"open","ping_status":"closed","sticky":false,"template":"","format":"standard","meta":{"_acf_changed":false,"_daextam_enable_autolinks":"","footnotes":""},"categories":[10646,9129],"tags":[9827,1839,111],"class_list":["post-65419","post","type-post","status-publish","format-standard","has-post-thumbnail","hentry","category-coronavirus","category-rugby-a-xv","tag-coronavirus","tag-pro-d2","tag-top-14"],"acf":[],"yoast_head":"<!-- This site is optimized with the Yoast SEO Premium plugin v26.7 (Yoast SEO v26.7) - https:\/\/yoast.com\/wordpress\/plugins\/seo\/ -->\n<title>Top 14 - Pro D2 : la fin de saison de plus en plus compromise<\/title>\n<meta name=\"description\" content=\"RUGBY - Le coup est rude. La commission m\u00e9dicale sur le coronavirus a rendu son verdict. Les pr\u00e9sidents des clubs de Top 14 et Pro D2 ont pris un coup sur la t\u00eate.\" \/>\n<meta name=\"robots\" content=\"index, follow, max-snippet:-1, max-image-preview:large, max-video-preview:-1\" \/>\n<link rel=\"canonical\" href=\"https:\/\/dicodusport.fr\/blog\/top-14-pro-d2-fin-saison-compromise\/\" \/>\n<meta property=\"og:locale\" content=\"fr_FR\" \/>\n<meta property=\"og:type\" content=\"article\" \/>\n<meta property=\"og:title\" content=\"Top 14 - Pro D2 : la fin de saison de plus en plus compromise\" \/>\n<meta property=\"og:description\" content=\"RUGBY - Le coup est rude. La commission m\u00e9dicale sur le coronavirus a rendu son verdict. Les pr\u00e9sidents des clubs de Top 14 et Pro D2 ont pris un coup sur la t\u00eate.\" \/>\n<meta property=\"og:url\" content=\"https:\/\/dicodusport.fr\/blog\/top-14-pro-d2-fin-saison-compromise\/\" \/>\n<meta property=\"og:site_name\" content=\"Dicodusport\" \/>\n<meta property=\"article:publisher\" content=\"https:\/\/www.facebook.com\/dicodusport\" \/>\n<meta property=\"article:author\" content=\"https:\/\/www.facebook.com\/florent.ostermann\" \/>\n<meta property=\"article:published_time\" content=\"2020-04-21T17:46:08+00:00\" \/>\n<meta property=\"article:modified_time\" content=\"2020-05-05T08:41:10+00:00\" \/>\n<meta property=\"og:image\" content=\"https:\/\/dicodusport.fr\/blog\/wp-content\/uploads\/2020\/04\/Top-14-Pro-D2-La-fin-de-saison-de-plus-en-plus-compromise.png\" \/>\n\t<meta property=\"og:image:width\" content=\"800\" \/>\n\t<meta property=\"og:image:height\" content=\"445\" \/>\n\t<meta property=\"og:image:type\" content=\"image\/png\" \/>\n<meta name=\"author\" content=\"Flo Ostermann\" \/>\n<meta name=\"twitter:card\" content=\"summary_large_image\" \/>\n<meta name=\"twitter:title\" content=\"Top 14 - Pro D2 : la fin de saison de plus en plus compromise\" \/>\n<meta name=\"twitter:creator\" content=\"@https:\/\/twitter.com\/FlOstermann\" \/>\n<meta name=\"twitter:site\" content=\"@dicodusport\" \/>\n<script type=\"application\/ld+json\" class=\"yoast-schema-graph\">{\"@context\":\"https:\/\/schema.org\",\"@graph\":[{\"@type\":\"NewsArticle\",\"@id\":\"https:\/\/dicodusport.fr\/blog\/top-14-pro-d2-fin-saison-compromise\/#article\",\"isPartOf\":{\"@id\":\"https:\/\/dicodusport.fr\/blog\/top-14-pro-d2-fin-saison-compromise\/\"},\"author\":{\"name\":\"Flo Ostermann\",\"@id\":\"https:\/\/dicodusport.fr\/blog\/#\/schema\/person\/cb02af4c173ce4a653b55e9baf388d4a\"},\"headline\":\"Top 14 &#8211; Pro D2 : la fin de saison de plus en plus compromise\",\"datePublished\":\"2020-04-21T17:46:08+00:00\",\"dateModified\":\"2020-05-05T08:41:10+00:00\",\"mainEntityOfPage\":{\"@id\":\"https:\/\/dicodusport.fr\/blog\/top-14-pro-d2-fin-saison-compromise\/\"},\"wordCount\":290,\"commentCount\":0,\"publisher\":{\"@id\":\"https:\/\/dicodusport.fr\/blog\/#organization\"},\"image\":{\"@id\":\"https:\/\/dicodusport.fr\/blog\/top-14-pro-d2-fin-saison-compromise\/#primaryimage\"},\"thumbnailUrl\":\"https:\/\/dicodusport.fr\/blog\/wp-content\/uploads\/2020\/04\/Top-14-Pro-D2-La-fin-de-saison-de-plus-en-plus-compromise.png\",\"keywords\":[\"Coronavirus\",\"Pro D2\",\"Top 14\"],\"articleSection\":[\"Coronavirus\",\"Rugby \u00e0 XV\"],\"inLanguage\":\"fr-FR\",\"potentialAction\":[{\"@type\":\"CommentAction\",\"name\":\"Comment\",\"target\":[\"https:\/\/dicodusport.fr\/blog\/top-14-pro-d2-fin-saison-compromise\/#respond\"]}],\"copyrightYear\":\"2020\",\"copyrightHolder\":{\"@id\":\"https:\/\/dicodusport.fr\/blog\/#organization\"}},{\"@type\":\"WebPage\",\"@id\":\"https:\/\/dicodusport.fr\/blog\/top-14-pro-d2-fin-saison-compromise\/\",\"url\":\"https:\/\/dicodusport.fr\/blog\/top-14-pro-d2-fin-saison-compromise\/\",\"name\":\"Top 14 - Pro D2 : la fin de saison de plus en plus compromise\",\"isPartOf\":{\"@id\":\"https:\/\/dicodusport.fr\/blog\/#website\"},\"primaryImageOfPage\":{\"@id\":\"https:\/\/dicodusport.fr\/blog\/top-14-pro-d2-fin-saison-compromise\/#primaryimage\"},\"image\":{\"@id\":\"https:\/\/dicodusport.fr\/blog\/top-14-pro-d2-fin-saison-compromise\/#primaryimage\"},\"thumbnailUrl\":\"https:\/\/dicodusport.fr\/blog\/wp-content\/uploads\/2020\/04\/Top-14-Pro-D2-La-fin-de-saison-de-plus-en-plus-compromise.png\",\"datePublished\":\"2020-04-21T17:46:08+00:00\",\"dateModified\":\"2020-05-05T08:41:10+00:00\",\"description\":\"RUGBY - Le coup est rude. La commission m\u00e9dicale sur le coronavirus a rendu son verdict. Les pr\u00e9sidents des clubs de Top 14 et Pro D2 ont pris un coup sur la t\u00eate.\",\"breadcrumb\":{\"@id\":\"https:\/\/dicodusport.fr\/blog\/top-14-pro-d2-fin-saison-compromise\/#breadcrumb\"},\"inLanguage\":\"fr-FR\",\"potentialAction\":[{\"@type\":\"ReadAction\",\"target\":[\"https:\/\/dicodusport.fr\/blog\/top-14-pro-d2-fin-saison-compromise\/\"]}]},{\"@type\":\"ImageObject\",\"inLanguage\":\"fr-FR\",\"@id\":\"https:\/\/dicodusport.fr\/blog\/top-14-pro-d2-fin-saison-compromise\/#primaryimage\",\"url\":\"https:\/\/dicodusport.fr\/blog\/wp-content\/uploads\/2020\/04\/Top-14-Pro-D2-La-fin-de-saison-de-plus-en-plus-compromise.png\",\"contentUrl\":\"https:\/\/dicodusport.fr\/blog\/wp-content\/uploads\/2020\/04\/Top-14-Pro-D2-La-fin-de-saison-de-plus-en-plus-compromise.png\",\"width\":800,\"height\":445,\"caption\":\"Top 14 - Pro D2 - La fin de saison de plus en plus compromise\"},{\"@type\":\"BreadcrumbList\",\"@id\":\"https:\/\/dicodusport.fr\/blog\/top-14-pro-d2-fin-saison-compromise\/#breadcrumb\",\"itemListElement\":[{\"@type\":\"ListItem\",\"position\":1,\"name\":\"Accueil\",\"item\":\"https:\/\/dicodusport.fr\/blog\/\"},{\"@type\":\"ListItem\",\"position\":2,\"name\":\"Top 14 &#8211; Pro D2 : la fin de saison de plus en plus compromise\"}]},{\"@type\":\"WebSite\",\"@id\":\"https:\/\/dicodusport.fr\/blog\/#website\",\"url\":\"https:\/\/dicodusport.fr\/blog\/\",\"name\":\"Dicodusport\",\"description\":\"L&#039;encyclop\u00e9die de l&#039;actualit\u00e9 sportive\",\"publisher\":{\"@id\":\"https:\/\/dicodusport.fr\/blog\/#organization\"},\"potentialAction\":[{\"@type\":\"SearchAction\",\"target\":{\"@type\":\"EntryPoint\",\"urlTemplate\":\"https:\/\/dicodusport.fr\/blog\/?s={search_term_string}\"},\"query-input\":{\"@type\":\"PropertyValueSpecification\",\"valueRequired\":true,\"valueName\":\"search_term_string\"}}],\"inLanguage\":\"fr-FR\"},{\"@type\":\"NewsMediaOrganization\",\"@id\":\"https:\/\/dicodusport.fr\/blog\/#organization\",\"name\":\"Dicodusport\",\"url\":\"https:\/\/dicodusport.fr\/blog\/\",\"logo\":{\"@type\":\"ImageObject\",\"inLanguage\":\"fr-FR\",\"@id\":\"https:\/\/dicodusport.fr\/blog\/#\/schema\/logo\/image\/\",\"url\":\"https:\/\/dicodusport.fr\/blog\/wp-content\/uploads\/2020\/06\/cropped-LOGO-DICODUSPORT-2020-SANS-FOND-SANS-TEXTE.png\",\"contentUrl\":\"https:\/\/dicodusport.fr\/blog\/wp-content\/uploads\/2020\/06\/cropped-LOGO-DICODUSPORT-2020-SANS-FOND-SANS-TEXTE.png\",\"width\":512,\"height\":512,\"caption\":\"Dicodusport\"},\"image\":{\"@id\":\"https:\/\/dicodusport.fr\/blog\/#\/schema\/logo\/image\/\"},\"sameAs\":[\"https:\/\/www.facebook.com\/dicodusport\",\"https:\/\/x.com\/dicodusport\",\"https:\/\/www.instagram.com\/dicodusport\/\",\"https:\/\/www.youtube.com\/channel\/UC7V2KZ5sd3htJivAbA4ZG3w\"],\"description\":\"Dicodusport est l'encyclop\u00e9die de l'actualit\u00e9 sportive.\",\"email\":\"bonjour@dicodusport.fr\",\"legalName\":\"DICODUSPORT\",\"foundingDate\":\"2018-01-14\",\"vatID\":\"FR71834470973\",\"taxID\":\"83447097300043\",\"numberOfEmployees\":{\"@type\":\"QuantitativeValue\",\"minValue\":\"1\",\"maxValue\":\"10\"}},{\"@type\":\"Person\",\"@id\":\"https:\/\/dicodusport.fr\/blog\/#\/schema\/person\/cb02af4c173ce4a653b55e9baf388d4a\",\"name\":\"Flo Ostermann\",\"image\":{\"@type\":\"ImageObject\",\"inLanguage\":\"fr-FR\",\"@id\":\"https:\/\/dicodusport.fr\/blog\/#\/schema\/person\/image\/\",\"url\":\"https:\/\/dicodusport.fr\/blog\/wp-content\/uploads\/2021\/05\/Flo-Ostermann-150x150.jpg\",\"contentUrl\":\"https:\/\/dicodusport.fr\/blog\/wp-content\/uploads\/2021\/05\/Flo-Ostermann-150x150.jpg\",\"caption\":\"Flo Ostermann\"},\"description\":\"Journaliste\/R\u00e9dacteur depuis septembre 2015 - Mes premiers souvenirs dans le sport ? Les envol\u00e9es du Stade Toulousain et les duels Villeneuve-Schumacher et H\u00e4kkinen-Schumacher \u00e0 la fin des ann\u00e9es 90, la Coupe du monde de football en 1998, l\u2019exploit du XV de France face aux All Blacks en 1999, mais aussi Richard C\u0153ur de Lion qui vole sur les montagnes du Tour de France. Bien parti pour devenir professeur d\u2019EPS, les \u00e9v\u00e9nements de la vie (et la flemme d\u2019animer des s\u00e9ances de 3x500 m\u00e8tres toute ma vie) m\u2019ont conduit \u00e0 revoir mes plans. Me voil\u00e0 depuis fin 2017 sur Dicodusport, m\u00e9dia gr\u00e2ce (et pour) lequel je partage ma passion : le sport dans tous ses \u00e9tats. Le tout accompagn\u00e9 par les fous furieux et folles furieuses cit\u00e9s sur cette page !\",\"sameAs\":[\"https:\/\/www.facebook.com\/florent.ostermann\",\"https:\/\/x.com\/https:\/\/twitter.com\/FlOstermann\",\"admin\"],\"url\":\"https:\/\/dicodusport.fr\/blog\/author\/flo\/\"}]}<\/script>\n<!-- \/ Yoast SEO Premium plugin. -->","yoast_head_json":{"title":"Top 14 - Pro D2 : la fin de saison de plus en plus compromise","description":"RUGBY - Le coup est rude. La commission m\u00e9dicale sur le coronavirus a rendu son verdict. Les pr\u00e9sidents des clubs de Top 14 et Pro D2 ont pris un coup sur la t\u00eate.","robots":{"index":"index","follow":"follow","max-snippet":"max-snippet:-1","max-image-preview":"max-image-preview:large","max-video-preview":"max-video-preview:-1"},"canonical":"https:\/\/dicodusport.fr\/blog\/top-14-pro-d2-fin-saison-compromise\/","og_locale":"fr_FR","og_type":"article","og_title":"Top 14 - Pro D2 : la fin de saison de plus en plus compromise","og_description":"RUGBY - Le coup est rude. La commission m\u00e9dicale sur le coronavirus a rendu son verdict. Les pr\u00e9sidents des clubs de Top 14 et Pro D2 ont pris un coup sur la t\u00eate.","og_url":"https:\/\/dicodusport.fr\/blog\/top-14-pro-d2-fin-saison-compromise\/","og_site_name":"Dicodusport","article_publisher":"https:\/\/www.facebook.com\/dicodusport","article_author":"https:\/\/www.facebook.com\/florent.ostermann","article_published_time":"2020-04-21T17:46:08+00:00","article_modified_time":"2020-05-05T08:41:10+00:00","og_image":[{"width":800,"height":445,"url":"https:\/\/dicodusport.fr\/blog\/wp-content\/uploads\/2020\/04\/Top-14-Pro-D2-La-fin-de-saison-de-plus-en-plus-compromise.png","type":"image\/png"}],"author":"Flo Ostermann","twitter_card":"summary_large_image","twitter_title":"Top 14 - Pro D2 : la fin de saison de plus en plus compromise","twitter_creator":"@https:\/\/twitter.com\/FlOstermann","twitter_site":"@dicodusport","schema":{"@context":"https:\/\/schema.org","@graph":[{"@type":"NewsArticle","@id":"https:\/\/dicodusport.fr\/blog\/top-14-pro-d2-fin-saison-compromise\/#article","isPartOf":{"@id":"https:\/\/dicodusport.fr\/blog\/top-14-pro-d2-fin-saison-compromise\/"},"author":{"name":"Flo Ostermann","@id":"https:\/\/dicodusport.fr\/blog\/#\/schema\/person\/cb02af4c173ce4a653b55e9baf388d4a"},"headline":"Top 14 &#8211; Pro D2 : la fin de saison de plus en plus compromise","datePublished":"2020-04-21T17:46:08+00:00","dateModified":"2020-05-05T08:41:10+00:00","mainEntityOfPage":{"@id":"https:\/\/dicodusport.fr\/blog\/top-14-pro-d2-fin-saison-compromise\/"},"wordCount":290,"commentCount":0,"publisher":{"@id":"https:\/\/dicodusport.fr\/blog\/#organization"},"image":{"@id":"https:\/\/dicodusport.fr\/blog\/top-14-pro-d2-fin-saison-compromise\/#primaryimage"},"thumbnailUrl":"https:\/\/dicodusport.fr\/blog\/wp-content\/uploads\/2020\/04\/Top-14-Pro-D2-La-fin-de-saison-de-plus-en-plus-compromise.png","keywords":["Coronavirus","Pro D2","Top 14"],"articleSection":["Coronavirus","Rugby \u00e0 XV"],"inLanguage":"fr-FR","potentialAction":[{"@type":"CommentAction","name":"Comment","target":["https:\/\/dicodusport.fr\/blog\/top-14-pro-d2-fin-saison-compromise\/#respond"]}],"copyrightYear":"2020","copyrightHolder":{"@id":"https:\/\/dicodusport.fr\/blog\/#organization"}},{"@type":"WebPage","@id":"https:\/\/dicodusport.fr\/blog\/top-14-pro-d2-fin-saison-compromise\/","url":"https:\/\/dicodusport.fr\/blog\/top-14-pro-d2-fin-saison-compromise\/","name":"Top 14 - Pro D2 : la fin de saison de plus en plus compromise","isPartOf":{"@id":"https:\/\/dicodusport.fr\/blog\/#website"},"primaryImageOfPage":{"@id":"https:\/\/dicodusport.fr\/blog\/top-14-pro-d2-fin-saison-compromise\/#primaryimage"},"image":{"@id":"https:\/\/dicodusport.fr\/blog\/top-14-pro-d2-fin-saison-compromise\/#primaryimage"},"thumbnailUrl":"https:\/\/dicodusport.fr\/blog\/wp-content\/uploads\/2020\/04\/Top-14-Pro-D2-La-fin-de-saison-de-plus-en-plus-compromise.png","datePublished":"2020-04-21T17:46:08+00:00","dateModified":"2020-05-05T08:41:10+00:00","description":"RUGBY - Le coup est rude. La commission m\u00e9dicale sur le coronavirus a rendu son verdict. Les pr\u00e9sidents des clubs de Top 14 et Pro D2 ont pris un coup sur la t\u00eate.","breadcrumb":{"@id":"https:\/\/dicodusport.fr\/blog\/top-14-pro-d2-fin-saison-compromise\/#breadcrumb"},"inLanguage":"fr-FR","potentialAction":[{"@type":"ReadAction","target":["https:\/\/dicodusport.fr\/blog\/top-14-pro-d2-fin-saison-compromise\/"]}]},{"@type":"ImageObject","inLanguage":"fr-FR","@id":"https:\/\/dicodusport.fr\/blog\/top-14-pro-d2-fin-saison-compromise\/#primaryimage","url":"https:\/\/dicodusport.fr\/blog\/wp-content\/uploads\/2020\/04\/Top-14-Pro-D2-La-fin-de-saison-de-plus-en-plus-compromise.png","contentUrl":"https:\/\/dicodusport.fr\/blog\/wp-content\/uploads\/2020\/04\/Top-14-Pro-D2-La-fin-de-saison-de-plus-en-plus-compromise.png","width":800,"height":445,"caption":"Top 14 - Pro D2 - La fin de saison de plus en plus compromise"},{"@type":"BreadcrumbList","@id":"https:\/\/dicodusport.fr\/blog\/top-14-pro-d2-fin-saison-compromise\/#breadcrumb","itemListElement":[{"@type":"ListItem","position":1,"name":"Accueil","item":"https:\/\/dicodusport.fr\/blog\/"},{"@type":"ListItem","position":2,"name":"Top 14 &#8211; Pro D2 : la fin de saison de plus en plus compromise"}]},{"@type":"WebSite","@id":"https:\/\/dicodusport.fr\/blog\/#website","url":"https:\/\/dicodusport.fr\/blog\/","name":"Dicodusport","description":"L&#039;encyclop\u00e9die de l&#039;actualit\u00e9 sportive","publisher":{"@id":"https:\/\/dicodusport.fr\/blog\/#organization"},"potentialAction":[{"@type":"SearchAction","target":{"@type":"EntryPoint","urlTemplate":"https:\/\/dicodusport.fr\/blog\/?s={search_term_string}"},"query-input":{"@type":"PropertyValueSpecification","valueRequired":true,"valueName":"search_term_string"}}],"inLanguage":"fr-FR"},{"@type":"NewsMediaOrganization","@id":"https:\/\/dicodusport.fr\/blog\/#organization","name":"Dicodusport","url":"https:\/\/dicodusport.fr\/blog\/","logo":{"@type":"ImageObject","inLanguage":"fr-FR","@id":"https:\/\/dicodusport.fr\/blog\/#\/schema\/logo\/image\/","url":"https:\/\/dicodusport.fr\/blog\/wp-content\/uploads\/2020\/06\/cropped-LOGO-DICODUSPORT-2020-SANS-FOND-SANS-TEXTE.png","contentUrl":"https:\/\/dicodusport.fr\/blog\/wp-content\/uploads\/2020\/06\/cropped-LOGO-DICODUSPORT-2020-SANS-FOND-SANS-TEXTE.png","width":512,"height":512,"caption":"Dicodusport"},"image":{"@id":"https:\/\/dicodusport.fr\/blog\/#\/schema\/logo\/image\/"},"sameAs":["https:\/\/www.facebook.com\/dicodusport","https:\/\/x.com\/dicodusport","https:\/\/www.instagram.com\/dicodusport\/","https:\/\/www.youtube.com\/channel\/UC7V2KZ5sd3htJivAbA4ZG3w"],"description":"Dicodusport est l'encyclop\u00e9die de l'actualit\u00e9 sportive.","email":"bonjour@dicodusport.fr","legalName":"DICODUSPORT","foundingDate":"2018-01-14","vatID":"FR71834470973","taxID":"83447097300043","numberOfEmployees":{"@type":"QuantitativeValue","minValue":"1","maxValue":"10"}},{"@type":"Person","@id":"https:\/\/dicodusport.fr\/blog\/#\/schema\/person\/cb02af4c173ce4a653b55e9baf388d4a","name":"Flo Ostermann","image":{"@type":"ImageObject","inLanguage":"fr-FR","@id":"https:\/\/dicodusport.fr\/blog\/#\/schema\/person\/image\/","url":"https:\/\/dicodusport.fr\/blog\/wp-content\/uploads\/2021\/05\/Flo-Ostermann-150x150.jpg","contentUrl":"https:\/\/dicodusport.fr\/blog\/wp-content\/uploads\/2021\/05\/Flo-Ostermann-150x150.jpg","caption":"Flo Ostermann"},"description":"Journaliste\/R\u00e9dacteur depuis septembre 2015 - Mes premiers souvenirs dans le sport ? Les envol\u00e9es du Stade Toulousain et les duels Villeneuve-Schumacher et H\u00e4kkinen-Schumacher \u00e0 la fin des ann\u00e9es 90, la Coupe du monde de football en 1998, l\u2019exploit du XV de France face aux All Blacks en 1999, mais aussi Richard C\u0153ur de Lion qui vole sur les montagnes du Tour de France. Bien parti pour devenir professeur d\u2019EPS, les \u00e9v\u00e9nements de la vie (et la flemme d\u2019animer des s\u00e9ances de 3x500 m\u00e8tres toute ma vie) m\u2019ont conduit \u00e0 revoir mes plans. Me voil\u00e0 depuis fin 2017 sur Dicodusport, m\u00e9dia gr\u00e2ce (et pour) lequel je partage ma passion : le sport dans tous ses \u00e9tats. Le tout accompagn\u00e9 par les fous furieux et folles furieuses cit\u00e9s sur cette page !","sameAs":["https:\/\/www.facebook.com\/florent.ostermann","https:\/\/x.com\/https:\/\/twitter.com\/FlOstermann","admin"],"url":"https:\/\/dicodusport.fr\/blog\/author\/flo\/"}]}},"_links":{"self":[{"href":"https:\/\/dicodusport.fr\/blog\/wp-json\/wp\/v2\/posts\/65419","targetHints":{"allow":["GET"]}}],"collection":[{"href":"https:\/\/dicodusport.fr\/blog\/wp-json\/wp\/v2\/posts"}],"about":[{"href":"https:\/\/dicodusport.fr\/blog\/wp-json\/wp\/v2\/types\/post"}],"author":[{"embeddable":true,"href":"https:\/\/dicodusport.fr\/blog\/wp-json\/wp\/v2\/users\/4"}],"replies":[{"embeddable":true,"href":"https:\/\/dicodusport.fr\/blog\/wp-json\/wp\/v2\/comments?post=65419"}],"version-history":[{"count":0,"href":"https:\/\/dicodusport.fr\/blog\/wp-json\/wp\/v2\/posts\/65419\/revisions"}],"wp:featuredmedia":[{"embeddable":true,"href":"https:\/\/dicodusport.fr\/blog\/wp-json\/wp\/v2\/media\/65420"}],"wp:attachment":[{"href":"https:\/\/dicodusport.fr\/blog\/wp-json\/wp\/v2\/media?parent=65419"}],"wp:term":[{"taxonomy":"category","embeddable":true,"href":"https:\/\/dicodusport.fr\/blog\/wp-json\/wp\/v2\/categories?post=65419"},{"taxonomy":"post_tag","embeddable":true,"href":"https:\/\/dicodusport.fr\/blog\/wp-json\/wp\/v2\/tags?post=65419"}],"curies":[{"name":"wp","href":"https:\/\/api.w.org\/{rel}","templated":true}]}}