{"id":6548,"date":"2017-11-08T12:00:29","date_gmt":"2017-11-08T11:00:29","guid":{"rendered":"http:\/\/dicodusport.fr\/blog\/?p=6548"},"modified":"2017-12-13T10:09:46","modified_gmt":"2017-12-13T09:09:46","slug":"face-a-face-celebration-fekir-ok-dans-un-stade","status":"publish","type":"post","link":"https:\/\/dicodusport.fr\/blog\/face-a-face-celebration-fekir-ok-dans-un-stade\/","title":{"rendered":"Face \u00e0 Face : la c\u00e9l\u00e9bration de Fekir a-t-elle sa place dans un stade de football ?"},"content":{"rendered":"<p style=\"text-align: justify;\"><em><strong>Chaque mercredi dor\u00e9navant, les r\u00e9dacteurs de Dicodusport\u00a0entrent sur le ring et s\u2019affrontent dans un Face \u00e0 Face autour d\u2019un sujet d\u2019actualit\u00e9. Dans ce un-contre-un engag\u00e9, chaque r\u00e9dacteur ou r\u00e9dactrice tentera de convaincre son adversaire ainsi que vous, cher lecteur, qu\u2019il m\u00e9rite de remporter ce Face \u00e0 Face. Un arbitre sera alors charg\u00e9 de les d\u00e9partager et de d\u00e9signer un vainqueur.\u00a0<\/strong><strong>Aujourd&rsquo;hui, nous revenons avec plus de recul sur le geste de Nabil Fekir, dimanche soir contre Saint-\u00c9tienne. Le Lyonnais a c\u00e9l\u00e9br\u00e9 son but en enlevant son maillot et en le montrant au kop st\u00e9phanois. Si les m\u00e9dias se sont emball\u00e9s sur le coup, nos deux r\u00e9dacteurs Nicolas et Romain reviennent plus calmement pour d\u00e9battre de ce geste os\u00e9.<\/strong><\/em><\/p>\n<hr \/>\n<div id=\"attachment_6561\" style=\"width: 510px\" class=\"wp-caption aligncenter\"><img loading=\"lazy\" decoding=\"async\" aria-describedby=\"caption-attachment-6561\" class=\"wp-image-6561 \" src=\"http:\/\/dicodusport.fr\/blog\/wp-content\/uploads\/2017\/11\/23377235_10155794906134402_1838242598_o-1024x768.jpg\" alt=\"Face \u00e0 Face F\u00e9kir\" width=\"500\" height=\"375\" srcset=\"https:\/\/dicodusport.fr\/blog\/wp-content\/uploads\/2017\/11\/23377235_10155794906134402_1838242598_o-1024x768.jpg 1024w, https:\/\/dicodusport.fr\/blog\/wp-content\/uploads\/2017\/11\/23377235_10155794906134402_1838242598_o-300x225.jpg 300w, https:\/\/dicodusport.fr\/blog\/wp-content\/uploads\/2017\/11\/23377235_10155794906134402_1838242598_o-768x576.jpg 768w, https:\/\/dicodusport.fr\/blog\/wp-content\/uploads\/2017\/11\/23377235_10155794906134402_1838242598_o.jpg 1200w\" sizes=\"auto, (max-width: 500px) 100vw, 500px\" \/><p id=\"caption-attachment-6561\" class=\"wp-caption-text\">Pour Nicolas, le geste de F\u00e9kir fait partie du foot !<\/p><\/div>\n<h4 style=\"text-align: justify;\">&#x1f44d; Nicolas : Oui, \u00e7a fait bien partie du football !<\/h4>\n<p style=\"text-align: justify;\">Si nous devons r\u00e9pondre litt\u00e9ralement \u00e0 la question en se basant seulement sur les lois du jeu, la r\u00e9ponse est non, car le geste de Fekir est interdit et passible d\u2019un carton jaune\u2026 comme le sont les 25 fautes, 7 simulations et 4 contestations qui entachent chaque match de football.\u00a0 Tout \u00e7a n\u2019a pas lieu d\u2019\u00eatre et pourtant, cela fait bien partie du football\u00a0!<\/p>\n<p style=\"text-align: justify;\">Alors le plus simple pour r\u00e9pondre \u00e0 cette question est une autre question\u00a0: que voulons-nous\u00a0? Un football aseptis\u00e9 qui croule sous les millions d\u2019euros des milliardaires \u00e9trangers\u00a0? Vous peut-\u00eatre, moi non\u00a0! Oui Nabil Fekir n\u2019\u00e9tait pas oblig\u00e9 de c\u00e9l\u00e9brer son but de la sorte, ce qui aurait \u00e9vit\u00e9 l\u2019envahissement du stade, une cacophonie monstre et une pol\u00e9mique \u00e0 rallonge.<\/p>\n<p style=\"text-align: justify;\">Il est en train de r\u00e9aliser une performance historique avec son club de c\u0153ur, auteur d\u2019un doubl\u00e9, les chevilles qui br\u00fblent suite \u00e0 la dizaine de fautes qu\u2019il a subi durant le match et les oreilles qui sifflent \u00e0 cause des jurons qu\u2019il n\u2019a cess\u00e9 d\u2019entendre, il c\u00e9l\u00e8bre, il chambre\u2026 Peu importe, c\u2019est aussi \u00e7a le foot comme ont pu le faire Cristiano, Messi, Icardi ou encore Ronaldinho par le pass\u00e9.\u00a0 Tous l\u2019ont fait, sans jamais le moindre d\u00e9bordement et dans des matchs aussi chauds (voire plus) que le derby. \u00a0Apr\u00e8s tout, Nabil Fekir n\u2019est pas responsable de la b\u00eatise de nos supporters\u00a0!<\/p>\n<p style=\"text-align: justify;\">Justement et c\u2019est le plus grave selon moi dans cette histoire, disons m\u00eame tr\u00e8s grave, les projecteurs sur le geste de Nabil Fekir est l\u2019arbre qui cache la for\u00eat et le vrai probl\u00e8me de cette fin de match\u00a0: les supporters en France. St\u00e9phanois ce coup-ci, ils auraient pu \u00eatre marseillais ou m\u00eame lyonnais dans un autre contexte. Comment des supporters ne peuvent pas avoir la lucidit\u00e9 d\u2019esprit de se dire qu\u2019ils vont mettre leur club, men\u00e9 5-0, dans une situation bien plus grave\u00a0?\u00a0 Comment le club ne peut pas mettre suffisamment de stadiers pour contr\u00f4ler ses supporters\u00a0? Va-t-on revoir les supporters qui sont entr\u00e9s sur le terrain (on peut les identifier par vid\u00e9o) dans un stade ?<\/p>\n<p style=\"text-align: justify;\">Alors Romain je te pose la question, doit-on demander aux joueurs \u00e9voluant en France d\u2019adapter leur attitude \u00e0 la b\u00eatise de nos supporters\u00a0?<\/p>\n<hr \/>\n<div id=\"attachment_6563\" style=\"width: 410px\" class=\"wp-caption aligncenter\"><img loading=\"lazy\" decoding=\"async\" aria-describedby=\"caption-attachment-6563\" class=\"wp-image-6563 \" src=\"http:\/\/dicodusport.fr\/blog\/wp-content\/uploads\/2017\/11\/Capture.png\" alt=\"Face \u00e0 Face F\u00e9kir\" width=\"400\" height=\"445\" srcset=\"https:\/\/dicodusport.fr\/blog\/wp-content\/uploads\/2017\/11\/Capture.png 490w, https:\/\/dicodusport.fr\/blog\/wp-content\/uploads\/2017\/11\/Capture-270x300.png 270w\" sizes=\"auto, (max-width: 400px) 100vw, 400px\" \/><p id=\"caption-attachment-6563\" class=\"wp-caption-text\">Romain n&rsquo;a pas appr\u00e9ci\u00e9 la c\u00e9l\u00e9bration du Lyonnais&#8230;<\/p><\/div>\n<h4 style=\"text-align: justify;\">&#x1f44e; Romain : Un geste \u00e0 ne pas refaire !<\/h4>\n<p style=\"text-align: justify;\">Maladroit, non r\u00e9fl\u00e9chi, provoquant \u2026 Nabil Fekir n\u2019aura pas r\u00e9alis\u00e9 la c\u00e9l\u00e9bration la plus intelligente dans le derby contre l\u2019AS Saint-\u00c9tienne ce week end. \u00c9tant donn\u00e9 la tension du match, le score (0-5 lors de son but), son geste est proche de l\u2019irrespect \u00e0 ce moment l\u00e0 du match pour les supporters adverses, mais aussi les joueurs st\u00e9phanois. Je ne dis pas que si ce geste avait \u00e9t\u00e9 r\u00e9alis\u00e9 plus t\u00f4t dans le match il aurait \u00e9t\u00e9 mieux per\u00e7u, mais dans un autre contexte, il aurait forc\u00e9ment \u00e9t\u00e9 mieux accept\u00e9. Le footballeur d\u2019aujourd\u2019hui se doit de s\u2019adapter \u00e0 son environnement et d\u2019\u00eatre le plus exemplaire possible.<\/p>\n<p style=\"text-align: justify;\">La r\u00e9action de Nabil Fekir n\u2019est ici pas digne d\u2019un footballeur professionnel conscient de ses actes \u00e0 5 min de la fin d\u2019un match o\u00f9 Lyon \u00e9crase litt\u00e9ralement son voisin. Des c\u00e9l\u00e9brations, il y en a des tonnes de diff\u00e9rentes. Celle-ci \u00e9tait certainement la derni\u00e8re \u00e0 r\u00e9aliser, per\u00e7ue comme une humiliation, en plus du r\u00e9sultat, par les supporters de Saint-\u00c9tienne. Si tout un peuple lyonnais emmen\u00e9 par Jean-Michel Aulas d\u00e9fend le geste de Fekir, il m\u2019aurait vraiment plu d\u2019observer la situation inverse au Parc OL.<\/p>\n<p style=\"text-align: justify;\">Champions de la mauvaise foi, il n\u2019est pas difficile de reconna\u00eetre que le chambrage du talentueux et capitaine Nabil Fekir n\u2019\u00e9tait pas appropri\u00e9. Lui m\u00eame, sans y voir un quelconque interdit, d\u00e9crit son geste comme \u00ab\u00a0ne pas \u00e0 refaire\u00a0\u00bb.<\/p>\n<hr \/>\n<p style=\"text-align: justify;\"><em><strong>Verdict de l&rsquo;arbitre :<\/strong><\/em><\/p>\n<div id=\"attachment_6565\" style=\"width: 410px\" class=\"wp-caption aligncenter\"><img loading=\"lazy\" decoding=\"async\" aria-describedby=\"caption-attachment-6565\" class=\"wp-image-6565 \" src=\"http:\/\/dicodusport.fr\/blog\/wp-content\/uploads\/2017\/11\/13103514_1438538792838834_234590514593084736_n.jpg\" alt=\"Face \u00e0 Face F\u00e9kir\" width=\"400\" height=\"400\" srcset=\"https:\/\/dicodusport.fr\/blog\/wp-content\/uploads\/2017\/11\/13103514_1438538792838834_234590514593084736_n.jpg 960w, https:\/\/dicodusport.fr\/blog\/wp-content\/uploads\/2017\/11\/13103514_1438538792838834_234590514593084736_n-150x150.jpg 150w, https:\/\/dicodusport.fr\/blog\/wp-content\/uploads\/2017\/11\/13103514_1438538792838834_234590514593084736_n-300x300.jpg 300w, https:\/\/dicodusport.fr\/blog\/wp-content\/uploads\/2017\/11\/13103514_1438538792838834_234590514593084736_n-768x768.jpg 768w\" sizes=\"auto, (max-width: 400px) 100vw, 400px\" \/><p id=\"caption-attachment-6565\" class=\"wp-caption-text\">Qui de mieux que Mathieu pour arbitrer ce d\u00e9bat ?<\/p><\/div>\n<p style=\"text-align: justify;\">Contrairement aux \u00ab\u00a0grands m\u00e9dias\u00a0\u00bb (par le nom, pas par la qualit\u00e9 \u00e9ditoriale), ce d\u00e9bat aura au moins \u00e9t\u00e9 fait avec le recul et sans jugements h\u00e2tifs. Nicolas d\u00e9marrant d&rsquo;entr\u00e9e en accusant la b\u00eatise des spectateurs et en interpellant Romain sur ce sujet. Ce dernier accuse plut\u00f4t la r\u00e9action de Fekir, qu&rsquo;il ne juge pas respectueuse et appropri\u00e9e. Mais les arguments \u00e9nonc\u00e9s par Nicolas me paraissent plus s\u00e9duisants : voulons nous un football aseptis\u00e9, ou des gestes qui forgent la l\u00e9gende de ce sport ? Sans revenir sur sa partie sur les supporters, qui n&rsquo;est pas le sujet ce mercredi, je d\u00e9clare <strong>Nicolas vainqueur<\/strong> !<\/p>\n","protected":false},"excerpt":{"rendered":"<p>Chaque mercredi dor\u00e9navant, les r\u00e9dacteurs de Dicodusport\u00a0entrent sur le ring et s\u2019affrontent dans un Face \u00e0 Face autour d\u2019un sujet d\u2019actualit\u00e9. Dans ce un-contre-un engag\u00e9, chaque r\u00e9dacteur ou r\u00e9dactrice tentera de convaincre son adversaire ainsi que vous, cher lecteur, qu\u2019il m\u00e9rite de remporter ce Face \u00e0 Face. Un arbitre sera alors charg\u00e9 de les d\u00e9partager [&hellip;]<\/p>\n","protected":false},"author":21,"featured_media":6573,"comment_status":"open","ping_status":"closed","sticky":false,"template":"","format":"standard","meta":{"_acf_changed":false,"_daextam_enable_autolinks":"","footnotes":""},"categories":[2348,2301],"tags":[1677,75,2150,1145,457],"class_list":["post-6548","post","type-post","status-publish","format-standard","has-post-thumbnail","hentry","category-face-a-face","category-football","tag-fekir","tag-football","tag-nabil-fekir","tag-ol","tag-saint-etienne"],"acf":[],"yoast_head":"<!-- This site is optimized with the Yoast SEO Premium plugin v26.7 (Yoast SEO v26.7) - https:\/\/yoast.com\/wordpress\/plugins\/seo\/ -->\n<title>Face \u00e0 Face : La c\u00e9l\u00e9bration de Fekir a-t-elle sa place dans un stade ?<\/title>\n<meta name=\"description\" content=\"Aujourd&#039;hui, nous revenons sur le geste de Nabil F\u00e9kir, dimanche soir contre Saint-\u00c9tienne. Nos deux r\u00e9dacteurs Nicolas et Romain d\u00e9battent de ce geste os\u00e9.\" \/>\n<meta name=\"robots\" content=\"index, follow, max-snippet:-1, max-image-preview:large, max-video-preview:-1\" \/>\n<link rel=\"canonical\" href=\"https:\/\/dicodusport.fr\/blog\/face-a-face-celebration-fekir-ok-dans-un-stade\/\" \/>\n<meta property=\"og:locale\" content=\"fr_FR\" \/>\n<meta property=\"og:type\" content=\"article\" \/>\n<meta property=\"og:title\" content=\"Face \u00e0 Face : la c\u00e9l\u00e9bration de Fekir a-t-elle sa place dans un stade de football ?\" \/>\n<meta property=\"og:description\" content=\"Aujourd&#039;hui, nous revenons sur le geste de Nabil F\u00e9kir, dimanche soir contre Saint-\u00c9tienne. Nos deux r\u00e9dacteurs Nicolas et Romain d\u00e9battent de ce geste os\u00e9.\" \/>\n<meta property=\"og:url\" content=\"https:\/\/dicodusport.fr\/blog\/face-a-face-celebration-fekir-ok-dans-un-stade\/\" \/>\n<meta property=\"og:site_name\" content=\"Dicodusport\" \/>\n<meta property=\"article:publisher\" content=\"https:\/\/www.facebook.com\/dicodusport\" \/>\n<meta property=\"article:published_time\" content=\"2017-11-08T11:00:29+00:00\" \/>\n<meta property=\"article:modified_time\" content=\"2017-12-13T09:09:46+00:00\" \/>\n<meta property=\"og:image\" content=\"https:\/\/dicodusport.fr\/blog\/wp-content\/uploads\/2017\/11\/\u00a9Icon-Sport.png\" \/>\n\t<meta property=\"og:image:width\" content=\"1200\" \/>\n\t<meta property=\"og:image:height\" content=\"670\" \/>\n\t<meta property=\"og:image:type\" content=\"image\/png\" \/>\n<meta name=\"author\" content=\"Mathieu Veillon\" \/>\n<meta name=\"twitter:card\" content=\"summary_large_image\" \/>\n<meta name=\"twitter:creator\" content=\"@https:\/\/twitter.com\/MathieuVeillon\" \/>\n<meta name=\"twitter:site\" content=\"@dicodusport\" \/>\n<script type=\"application\/ld+json\" class=\"yoast-schema-graph\">{\"@context\":\"https:\/\/schema.org\",\"@graph\":[{\"@type\":\"NewsArticle\",\"@id\":\"https:\/\/dicodusport.fr\/blog\/face-a-face-celebration-fekir-ok-dans-un-stade\/#article\",\"isPartOf\":{\"@id\":\"https:\/\/dicodusport.fr\/blog\/face-a-face-celebration-fekir-ok-dans-un-stade\/\"},\"author\":{\"name\":\"Mathieu Veillon\",\"@id\":\"https:\/\/dicodusport.fr\/blog\/#\/schema\/person\/9731cdc747db1ceb457a2bfa9180a806\"},\"headline\":\"Face \u00e0 Face : la c\u00e9l\u00e9bration de Fekir a-t-elle sa place dans un stade de football ?\",\"datePublished\":\"2017-11-08T11:00:29+00:00\",\"dateModified\":\"2017-12-13T09:09:46+00:00\",\"mainEntityOfPage\":{\"@id\":\"https:\/\/dicodusport.fr\/blog\/face-a-face-celebration-fekir-ok-dans-un-stade\/\"},\"wordCount\":1011,\"commentCount\":0,\"publisher\":{\"@id\":\"https:\/\/dicodusport.fr\/blog\/#organization\"},\"image\":{\"@id\":\"https:\/\/dicodusport.fr\/blog\/face-a-face-celebration-fekir-ok-dans-un-stade\/#primaryimage\"},\"thumbnailUrl\":\"https:\/\/dicodusport.fr\/blog\/wp-content\/uploads\/2017\/11\/\u00a9Icon-Sport.png\",\"keywords\":[\"Fekir\",\"Football\",\"Nabil Fekir\",\"OL\",\"Saint-Etienne\"],\"articleSection\":[\"Face \u00e0 face\",\"Football\"],\"inLanguage\":\"fr-FR\",\"potentialAction\":[{\"@type\":\"CommentAction\",\"name\":\"Comment\",\"target\":[\"https:\/\/dicodusport.fr\/blog\/face-a-face-celebration-fekir-ok-dans-un-stade\/#respond\"]}],\"copyrightYear\":\"2017\",\"copyrightHolder\":{\"@id\":\"https:\/\/dicodusport.fr\/blog\/#organization\"}},{\"@type\":\"WebPage\",\"@id\":\"https:\/\/dicodusport.fr\/blog\/face-a-face-celebration-fekir-ok-dans-un-stade\/\",\"url\":\"https:\/\/dicodusport.fr\/blog\/face-a-face-celebration-fekir-ok-dans-un-stade\/\",\"name\":\"Face \u00e0 Face : La c\u00e9l\u00e9bration de Fekir a-t-elle sa place dans un stade ?\",\"isPartOf\":{\"@id\":\"https:\/\/dicodusport.fr\/blog\/#website\"},\"primaryImageOfPage\":{\"@id\":\"https:\/\/dicodusport.fr\/blog\/face-a-face-celebration-fekir-ok-dans-un-stade\/#primaryimage\"},\"image\":{\"@id\":\"https:\/\/dicodusport.fr\/blog\/face-a-face-celebration-fekir-ok-dans-un-stade\/#primaryimage\"},\"thumbnailUrl\":\"https:\/\/dicodusport.fr\/blog\/wp-content\/uploads\/2017\/11\/\u00a9Icon-Sport.png\",\"datePublished\":\"2017-11-08T11:00:29+00:00\",\"dateModified\":\"2017-12-13T09:09:46+00:00\",\"description\":\"Aujourd'hui, nous revenons sur le geste de Nabil F\u00e9kir, dimanche soir contre Saint-\u00c9tienne. Nos deux r\u00e9dacteurs Nicolas et Romain d\u00e9battent de ce geste os\u00e9.\",\"breadcrumb\":{\"@id\":\"https:\/\/dicodusport.fr\/blog\/face-a-face-celebration-fekir-ok-dans-un-stade\/#breadcrumb\"},\"inLanguage\":\"fr-FR\",\"potentialAction\":[{\"@type\":\"ReadAction\",\"target\":[\"https:\/\/dicodusport.fr\/blog\/face-a-face-celebration-fekir-ok-dans-un-stade\/\"]}]},{\"@type\":\"ImageObject\",\"inLanguage\":\"fr-FR\",\"@id\":\"https:\/\/dicodusport.fr\/blog\/face-a-face-celebration-fekir-ok-dans-un-stade\/#primaryimage\",\"url\":\"https:\/\/dicodusport.fr\/blog\/wp-content\/uploads\/2017\/11\/\u00a9Icon-Sport.png\",\"contentUrl\":\"https:\/\/dicodusport.fr\/blog\/wp-content\/uploads\/2017\/11\/\u00a9Icon-Sport.png\",\"width\":1200,\"height\":670},{\"@type\":\"BreadcrumbList\",\"@id\":\"https:\/\/dicodusport.fr\/blog\/face-a-face-celebration-fekir-ok-dans-un-stade\/#breadcrumb\",\"itemListElement\":[{\"@type\":\"ListItem\",\"position\":1,\"name\":\"Accueil\",\"item\":\"https:\/\/dicodusport.fr\/blog\/\"},{\"@type\":\"ListItem\",\"position\":2,\"name\":\"Face \u00e0 Face : la c\u00e9l\u00e9bration de Fekir a-t-elle sa place dans un stade de football ?\"}]},{\"@type\":\"WebSite\",\"@id\":\"https:\/\/dicodusport.fr\/blog\/#website\",\"url\":\"https:\/\/dicodusport.fr\/blog\/\",\"name\":\"Dicodusport\",\"description\":\"L&#039;encyclop\u00e9die de l&#039;actualit\u00e9 sportive\",\"publisher\":{\"@id\":\"https:\/\/dicodusport.fr\/blog\/#organization\"},\"potentialAction\":[{\"@type\":\"SearchAction\",\"target\":{\"@type\":\"EntryPoint\",\"urlTemplate\":\"https:\/\/dicodusport.fr\/blog\/?s={search_term_string}\"},\"query-input\":{\"@type\":\"PropertyValueSpecification\",\"valueRequired\":true,\"valueName\":\"search_term_string\"}}],\"inLanguage\":\"fr-FR\"},{\"@type\":\"NewsMediaOrganization\",\"@id\":\"https:\/\/dicodusport.fr\/blog\/#organization\",\"name\":\"Dicodusport\",\"url\":\"https:\/\/dicodusport.fr\/blog\/\",\"logo\":{\"@type\":\"ImageObject\",\"inLanguage\":\"fr-FR\",\"@id\":\"https:\/\/dicodusport.fr\/blog\/#\/schema\/logo\/image\/\",\"url\":\"https:\/\/dicodusport.fr\/blog\/wp-content\/uploads\/2020\/06\/cropped-LOGO-DICODUSPORT-2020-SANS-FOND-SANS-TEXTE.png\",\"contentUrl\":\"https:\/\/dicodusport.fr\/blog\/wp-content\/uploads\/2020\/06\/cropped-LOGO-DICODUSPORT-2020-SANS-FOND-SANS-TEXTE.png\",\"width\":512,\"height\":512,\"caption\":\"Dicodusport\"},\"image\":{\"@id\":\"https:\/\/dicodusport.fr\/blog\/#\/schema\/logo\/image\/\"},\"sameAs\":[\"https:\/\/www.facebook.com\/dicodusport\",\"https:\/\/x.com\/dicodusport\",\"https:\/\/www.instagram.com\/dicodusport\/\",\"https:\/\/www.youtube.com\/channel\/UC7V2KZ5sd3htJivAbA4ZG3w\"],\"description\":\"Dicodusport est l'encyclop\u00e9die de l'actualit\u00e9 sportive.\",\"email\":\"bonjour@dicodusport.fr\",\"legalName\":\"DICODUSPORT\",\"foundingDate\":\"2018-01-14\",\"vatID\":\"FR71834470973\",\"taxID\":\"83447097300043\",\"numberOfEmployees\":{\"@type\":\"QuantitativeValue\",\"minValue\":\"1\",\"maxValue\":\"10\"}},{\"@type\":\"Person\",\"@id\":\"https:\/\/dicodusport.fr\/blog\/#\/schema\/person\/9731cdc747db1ceb457a2bfa9180a806\",\"name\":\"Mathieu Veillon\",\"image\":{\"@type\":\"ImageObject\",\"inLanguage\":\"fr-FR\",\"@id\":\"https:\/\/dicodusport.fr\/blog\/#\/schema\/person\/image\/\",\"url\":\"https:\/\/dicodusport.fr\/blog\/wp-content\/uploads\/2021\/05\/Mathieu-Veillon-150x150.jpg\",\"contentUrl\":\"https:\/\/dicodusport.fr\/blog\/wp-content\/uploads\/2021\/05\/Mathieu-Veillon-150x150.jpg\",\"caption\":\"Mathieu Veillon\"},\"description\":\"Journaliste\/r\u00e9dacteur depuis septembre 2015 - Ma d\u00e9finition du bonheur ? Une galette-saucisse au Roazhon Park ou un caf\u00e9 devant un Lakers\/Celtics au petit matin. Fid\u00e8le membre de la team insomniaque de la r\u00e9dac, j\u2019ai le pouvoir de rester \u00e9veill\u00e9 jusqu\u2019\u00e0 l\u2019aube pour faire vivre aux lecteurs ma passion du sport. Ainsi, j\u2019\u00e9cris principalement sur la NBA, le biathlon, le cyclisme ou encore la F1. Comptez dans mes exploits sportifs le fait d\u2019avoir fait gagner le Tour de France 2018 \u00e0 Tony Gallopin sur Pro Cycling Manager, ou encore d\u2019avoir men\u00e9 l\u2019\u00e9quipe nationale de Bretagne en finale de Coupe du monde sur Football Manager.\",\"sameAs\":[\"https:\/\/x.com\/https:\/\/twitter.com\/MathieuVeillon\"],\"url\":\"https:\/\/dicodusport.fr\/blog\/author\/mathieu\/\"}]}<\/script>\n<!-- \/ Yoast SEO Premium plugin. -->","yoast_head_json":{"title":"Face \u00e0 Face : La c\u00e9l\u00e9bration de Fekir a-t-elle sa place dans un stade ?","description":"Aujourd'hui, nous revenons sur le geste de Nabil F\u00e9kir, dimanche soir contre Saint-\u00c9tienne. Nos deux r\u00e9dacteurs Nicolas et Romain d\u00e9battent de ce geste os\u00e9.","robots":{"index":"index","follow":"follow","max-snippet":"max-snippet:-1","max-image-preview":"max-image-preview:large","max-video-preview":"max-video-preview:-1"},"canonical":"https:\/\/dicodusport.fr\/blog\/face-a-face-celebration-fekir-ok-dans-un-stade\/","og_locale":"fr_FR","og_type":"article","og_title":"Face \u00e0 Face : la c\u00e9l\u00e9bration de Fekir a-t-elle sa place dans un stade de football ?","og_description":"Aujourd'hui, nous revenons sur le geste de Nabil F\u00e9kir, dimanche soir contre Saint-\u00c9tienne. Nos deux r\u00e9dacteurs Nicolas et Romain d\u00e9battent de ce geste os\u00e9.","og_url":"https:\/\/dicodusport.fr\/blog\/face-a-face-celebration-fekir-ok-dans-un-stade\/","og_site_name":"Dicodusport","article_publisher":"https:\/\/www.facebook.com\/dicodusport","article_published_time":"2017-11-08T11:00:29+00:00","article_modified_time":"2017-12-13T09:09:46+00:00","og_image":[{"width":1200,"height":670,"url":"https:\/\/dicodusport.fr\/blog\/wp-content\/uploads\/2017\/11\/\u00a9Icon-Sport.png","type":"image\/png"}],"author":"Mathieu Veillon","twitter_card":"summary_large_image","twitter_creator":"@https:\/\/twitter.com\/MathieuVeillon","twitter_site":"@dicodusport","schema":{"@context":"https:\/\/schema.org","@graph":[{"@type":"NewsArticle","@id":"https:\/\/dicodusport.fr\/blog\/face-a-face-celebration-fekir-ok-dans-un-stade\/#article","isPartOf":{"@id":"https:\/\/dicodusport.fr\/blog\/face-a-face-celebration-fekir-ok-dans-un-stade\/"},"author":{"name":"Mathieu Veillon","@id":"https:\/\/dicodusport.fr\/blog\/#\/schema\/person\/9731cdc747db1ceb457a2bfa9180a806"},"headline":"Face \u00e0 Face : la c\u00e9l\u00e9bration de Fekir a-t-elle sa place dans un stade de football ?","datePublished":"2017-11-08T11:00:29+00:00","dateModified":"2017-12-13T09:09:46+00:00","mainEntityOfPage":{"@id":"https:\/\/dicodusport.fr\/blog\/face-a-face-celebration-fekir-ok-dans-un-stade\/"},"wordCount":1011,"commentCount":0,"publisher":{"@id":"https:\/\/dicodusport.fr\/blog\/#organization"},"image":{"@id":"https:\/\/dicodusport.fr\/blog\/face-a-face-celebration-fekir-ok-dans-un-stade\/#primaryimage"},"thumbnailUrl":"https:\/\/dicodusport.fr\/blog\/wp-content\/uploads\/2017\/11\/\u00a9Icon-Sport.png","keywords":["Fekir","Football","Nabil Fekir","OL","Saint-Etienne"],"articleSection":["Face \u00e0 face","Football"],"inLanguage":"fr-FR","potentialAction":[{"@type":"CommentAction","name":"Comment","target":["https:\/\/dicodusport.fr\/blog\/face-a-face-celebration-fekir-ok-dans-un-stade\/#respond"]}],"copyrightYear":"2017","copyrightHolder":{"@id":"https:\/\/dicodusport.fr\/blog\/#organization"}},{"@type":"WebPage","@id":"https:\/\/dicodusport.fr\/blog\/face-a-face-celebration-fekir-ok-dans-un-stade\/","url":"https:\/\/dicodusport.fr\/blog\/face-a-face-celebration-fekir-ok-dans-un-stade\/","name":"Face \u00e0 Face : La c\u00e9l\u00e9bration de Fekir a-t-elle sa place dans un stade ?","isPartOf":{"@id":"https:\/\/dicodusport.fr\/blog\/#website"},"primaryImageOfPage":{"@id":"https:\/\/dicodusport.fr\/blog\/face-a-face-celebration-fekir-ok-dans-un-stade\/#primaryimage"},"image":{"@id":"https:\/\/dicodusport.fr\/blog\/face-a-face-celebration-fekir-ok-dans-un-stade\/#primaryimage"},"thumbnailUrl":"https:\/\/dicodusport.fr\/blog\/wp-content\/uploads\/2017\/11\/\u00a9Icon-Sport.png","datePublished":"2017-11-08T11:00:29+00:00","dateModified":"2017-12-13T09:09:46+00:00","description":"Aujourd'hui, nous revenons sur le geste de Nabil F\u00e9kir, dimanche soir contre Saint-\u00c9tienne. Nos deux r\u00e9dacteurs Nicolas et Romain d\u00e9battent de ce geste os\u00e9.","breadcrumb":{"@id":"https:\/\/dicodusport.fr\/blog\/face-a-face-celebration-fekir-ok-dans-un-stade\/#breadcrumb"},"inLanguage":"fr-FR","potentialAction":[{"@type":"ReadAction","target":["https:\/\/dicodusport.fr\/blog\/face-a-face-celebration-fekir-ok-dans-un-stade\/"]}]},{"@type":"ImageObject","inLanguage":"fr-FR","@id":"https:\/\/dicodusport.fr\/blog\/face-a-face-celebration-fekir-ok-dans-un-stade\/#primaryimage","url":"https:\/\/dicodusport.fr\/blog\/wp-content\/uploads\/2017\/11\/\u00a9Icon-Sport.png","contentUrl":"https:\/\/dicodusport.fr\/blog\/wp-content\/uploads\/2017\/11\/\u00a9Icon-Sport.png","width":1200,"height":670},{"@type":"BreadcrumbList","@id":"https:\/\/dicodusport.fr\/blog\/face-a-face-celebration-fekir-ok-dans-un-stade\/#breadcrumb","itemListElement":[{"@type":"ListItem","position":1,"name":"Accueil","item":"https:\/\/dicodusport.fr\/blog\/"},{"@type":"ListItem","position":2,"name":"Face \u00e0 Face : la c\u00e9l\u00e9bration de Fekir a-t-elle sa place dans un stade de football ?"}]},{"@type":"WebSite","@id":"https:\/\/dicodusport.fr\/blog\/#website","url":"https:\/\/dicodusport.fr\/blog\/","name":"Dicodusport","description":"L&#039;encyclop\u00e9die de l&#039;actualit\u00e9 sportive","publisher":{"@id":"https:\/\/dicodusport.fr\/blog\/#organization"},"potentialAction":[{"@type":"SearchAction","target":{"@type":"EntryPoint","urlTemplate":"https:\/\/dicodusport.fr\/blog\/?s={search_term_string}"},"query-input":{"@type":"PropertyValueSpecification","valueRequired":true,"valueName":"search_term_string"}}],"inLanguage":"fr-FR"},{"@type":"NewsMediaOrganization","@id":"https:\/\/dicodusport.fr\/blog\/#organization","name":"Dicodusport","url":"https:\/\/dicodusport.fr\/blog\/","logo":{"@type":"ImageObject","inLanguage":"fr-FR","@id":"https:\/\/dicodusport.fr\/blog\/#\/schema\/logo\/image\/","url":"https:\/\/dicodusport.fr\/blog\/wp-content\/uploads\/2020\/06\/cropped-LOGO-DICODUSPORT-2020-SANS-FOND-SANS-TEXTE.png","contentUrl":"https:\/\/dicodusport.fr\/blog\/wp-content\/uploads\/2020\/06\/cropped-LOGO-DICODUSPORT-2020-SANS-FOND-SANS-TEXTE.png","width":512,"height":512,"caption":"Dicodusport"},"image":{"@id":"https:\/\/dicodusport.fr\/blog\/#\/schema\/logo\/image\/"},"sameAs":["https:\/\/www.facebook.com\/dicodusport","https:\/\/x.com\/dicodusport","https:\/\/www.instagram.com\/dicodusport\/","https:\/\/www.youtube.com\/channel\/UC7V2KZ5sd3htJivAbA4ZG3w"],"description":"Dicodusport est l'encyclop\u00e9die de l'actualit\u00e9 sportive.","email":"bonjour@dicodusport.fr","legalName":"DICODUSPORT","foundingDate":"2018-01-14","vatID":"FR71834470973","taxID":"83447097300043","numberOfEmployees":{"@type":"QuantitativeValue","minValue":"1","maxValue":"10"}},{"@type":"Person","@id":"https:\/\/dicodusport.fr\/blog\/#\/schema\/person\/9731cdc747db1ceb457a2bfa9180a806","name":"Mathieu Veillon","image":{"@type":"ImageObject","inLanguage":"fr-FR","@id":"https:\/\/dicodusport.fr\/blog\/#\/schema\/person\/image\/","url":"https:\/\/dicodusport.fr\/blog\/wp-content\/uploads\/2021\/05\/Mathieu-Veillon-150x150.jpg","contentUrl":"https:\/\/dicodusport.fr\/blog\/wp-content\/uploads\/2021\/05\/Mathieu-Veillon-150x150.jpg","caption":"Mathieu Veillon"},"description":"Journaliste\/r\u00e9dacteur depuis septembre 2015 - Ma d\u00e9finition du bonheur ? Une galette-saucisse au Roazhon Park ou un caf\u00e9 devant un Lakers\/Celtics au petit matin. Fid\u00e8le membre de la team insomniaque de la r\u00e9dac, j\u2019ai le pouvoir de rester \u00e9veill\u00e9 jusqu\u2019\u00e0 l\u2019aube pour faire vivre aux lecteurs ma passion du sport. Ainsi, j\u2019\u00e9cris principalement sur la NBA, le biathlon, le cyclisme ou encore la F1. Comptez dans mes exploits sportifs le fait d\u2019avoir fait gagner le Tour de France 2018 \u00e0 Tony Gallopin sur Pro Cycling Manager, ou encore d\u2019avoir men\u00e9 l\u2019\u00e9quipe nationale de Bretagne en finale de Coupe du monde sur Football Manager.","sameAs":["https:\/\/x.com\/https:\/\/twitter.com\/MathieuVeillon"],"url":"https:\/\/dicodusport.fr\/blog\/author\/mathieu\/"}]}},"_links":{"self":[{"href":"https:\/\/dicodusport.fr\/blog\/wp-json\/wp\/v2\/posts\/6548","targetHints":{"allow":["GET"]}}],"collection":[{"href":"https:\/\/dicodusport.fr\/blog\/wp-json\/wp\/v2\/posts"}],"about":[{"href":"https:\/\/dicodusport.fr\/blog\/wp-json\/wp\/v2\/types\/post"}],"author":[{"embeddable":true,"href":"https:\/\/dicodusport.fr\/blog\/wp-json\/wp\/v2\/users\/21"}],"replies":[{"embeddable":true,"href":"https:\/\/dicodusport.fr\/blog\/wp-json\/wp\/v2\/comments?post=6548"}],"version-history":[{"count":0,"href":"https:\/\/dicodusport.fr\/blog\/wp-json\/wp\/v2\/posts\/6548\/revisions"}],"wp:featuredmedia":[{"embeddable":true,"href":"https:\/\/dicodusport.fr\/blog\/wp-json\/wp\/v2\/media\/6573"}],"wp:attachment":[{"href":"https:\/\/dicodusport.fr\/blog\/wp-json\/wp\/v2\/media?parent=6548"}],"wp:term":[{"taxonomy":"category","embeddable":true,"href":"https:\/\/dicodusport.fr\/blog\/wp-json\/wp\/v2\/categories?post=6548"},{"taxonomy":"post_tag","embeddable":true,"href":"https:\/\/dicodusport.fr\/blog\/wp-json\/wp\/v2\/tags?post=6548"}],"curies":[{"name":"wp","href":"https:\/\/api.w.org\/{rel}","templated":true}]}}