{"id":654956,"date":"2026-03-18T12:00:47","date_gmt":"2026-03-18T11:00:47","guid":{"rendered":"https:\/\/dicodusport.fr\/blog\/?p=654956&#038;preview=true&#038;preview_id=654956"},"modified":"2026-03-18T13:37:31","modified_gmt":"2026-03-18T12:37:31","slug":"ces-trois-francais-qui-vont-vivre-leur-premier-grand-championnat-aux-mondiaux-en-salle-2026","status":"publish","type":"post","link":"https:\/\/dicodusport.fr\/blog\/ces-trois-francais-qui-vont-vivre-leur-premier-grand-championnat-aux-mondiaux-en-salle-2026\/","title":{"rendered":"Ces trois Fran\u00e7ais qui vont vivre leur premier grand championnat aux Mondiaux en salle 2026"},"content":{"rendered":"<p style=\"text-align: justify;\"><strong><em>CHAMPIONNATS DU MONDE D&rsquo;ATH\u00c9TISME EN SALLE 2026 &#8211; Focus sur trois athl\u00e8tes qui vont d\u00e9couvrir leur premier grand championnat \u00e0 Torun.<\/em><\/strong><\/p>\n<ul>\n<li style=\"text-align: justify;\"><strong>\u00c0 ce sujet &#8211; <a href=\"https:\/\/dicodusport.fr\/blog\/athletisme-la-selection-francaise-pour-les-mondiaux-en-salle-a-torun\/\">Athl\u00e9tisme : La s\u00e9lection fran\u00e7aise pour les Mondiaux en salle \u00e0 Torun<\/a><\/strong><\/li>\n<\/ul>\n<p style=\"text-align: justify;\">Quand on pense championnats du monde, on pense chances de m\u00e9daille, titres et podiums. Mais comme \u00e0 chaque grande comp\u00e9tition, c\u2019est aussi l\u2019occasion, pour certains athl\u00e8tes, de d\u00e9couvrir leur premier grand rendez-vous international. \u00c0 l\u2019occasion des championnats du monde en salle d\u2019athl\u00e9tisme \u00e0 <strong>Toru\u0144<\/strong>, trois athl\u00e8tes de l\u2019\u00e9quipe de France vont ainsi vivre une grande premi\u00e8re. On vous propose d\u2019en d\u00e9couvrir davantage sur eux.<\/p>\n<ul>\n<li style=\"text-align: justify;\"><strong>\u00c0 ce sujet &#8211; <a href=\"https:\/\/dicodusport.fr\/blog\/mondiaux-dathletisme-en-salle-2026-programme-et-resultats-mis-a-jour\/\">Mondiaux d\u2019athl\u00e9tisme en salle 2026 : Programme et r\u00e9sultats mis \u00e0 jour<\/a><\/strong><\/li>\n<\/ul>\n<h2 style=\"text-align: justify;\">Jordan Terrasse (800 m)<\/h2>\n<p style=\"text-align: justify;\">Dans l\u2019une des disciplines fortes de l\u2019athl\u00e9tisme fran\u00e7ais, <strong>Jordan Terrasse<\/strong> est devenu l\u2019un des gros clients tricolores de cette saison hivernale. On peut toujours invoquer les absences de <strong>Gabriel Tual<\/strong> et <strong>Yanis Meziane<\/strong>. Mais la r\u00e9alit\u00e9, ce sont surtout les \u00e9normes progr\u00e8s du Clermontois. Dans la foul\u00e9e d\u2019un tr\u00e8s bel \u00e9t\u00e9 2025, durant lequel il a port\u00e9 son record personnel \u00e0 1:44.42, tout en montant sur le podium des \u00c9lites \u00e0 <strong>Talence<\/strong>, sur la troisi\u00e8me marche, il a confirm\u00e9 son changement de dimension. Cela r\u00e9compense son passage d\u00e9finitif sur 800 m en 2024, apr\u00e8s avoir us\u00e9 ses pointes sur le tour de piste, avec un record \u00e0 47.36 en salle, puis sur 400 m haies, avec un record \u00e0 50.17 en 2023.<\/p>\n<blockquote class=\"twitter-tweet\">\n<p dir=\"ltr\" lang=\"en\">1:44.67!!<br \/>\nNational Record \u2611\ufe0f<\/p>\n<p>Mohamed Ali Gouaned \ud83c\udde9\ud83c\uddff broke his own Algerian Record in the men&rsquo;s 800m at the Meeting Metz, winning in a time of 1:44.67!<\/p>\n<p>He finished ahead of Jordan Terrasse \ud83c\uddeb\ud83c\uddf7 who ran a PB of 1:45.57 and Loury Ouerrat \ud83c\uddeb\ud83c\uddf7 in 1:45.69 (PB). <a href=\"https:\/\/t.co\/Z9Oy9yEHyy\">pic.twitter.com\/Z9Oy9yEHyy<\/a><\/p>\n<p>\u2014 Track &amp; Field Gazette (@TrackGazette) <a href=\"https:\/\/twitter.com\/TrackGazette\/status\/2020546800554553681?ref_src=twsrc%5Etfw\">February 8, 2026<\/a><\/p><\/blockquote>\n<p><script async src=\"https:\/\/platform.twitter.com\/widgets.js\" charset=\"utf-8\"><\/script><\/p>\n<p style=\"text-align: justify;\">Des progr\u00e8s qui l\u2019ont incit\u00e9 \u00e0 revenir vers la salle sur 800 m, six ans apr\u00e8s. S\u2019il avait d\u00e9j\u00e0 franchi un cap l\u2019\u00e9t\u00e9 dernier, cet hiver l\u2019a install\u00e9 parmi les meilleurs coureurs de 800 m au monde. Avec son chrono de 1:45.57, il a r\u00e9alis\u00e9 les minima pour les championnats du monde en salle. Mieux encore, il est devenu champion de France \u00c9lite en salle cet hiver, chez lui \u00e0 <strong>Aubi\u00e8re<\/strong>, au terme d\u2019une course folle conclue en 1:46.37. Son tout premier titre chez les \u00c9lites. \u00c0 <strong>Toru\u0144<\/strong>, il abordera la comp\u00e9tition avec le 17e chrono des athl\u00e8tes qualifi\u00e9s \u2014 en attendant d\u2019\u00e9ventuels forfaits non annonc\u00e9s \u2014 et en position d\u2019outsider pour franchir des tours en <strong>Pologne<\/strong>.<\/p>\n<p style=\"text-align: justify;\">En plus de d\u00e9couvrir un grand championnat, <strong>Jordan Terrasse<\/strong> retrouve le maillot de l\u2019\u00e9quipe de France, presque sept ans apr\u00e8s sa derni\u00e8re s\u00e9lection. C\u2019\u00e9tait \u00e0 l\u2019occasion des championnats d\u2019Europe U20 \u00e0 <strong>Bor\u00e5s<\/strong>, en <strong>Su\u00e8de<\/strong>. Il s\u2019\u00e9tait alors qualifi\u00e9 pour les demi-finales du 400 m haies.<\/p>\n<div class=\"vlp-link-container vlp-layout-article\"><a href=\"https:\/\/dicodusport.fr\/blog\/les-francais-qui-ont-fait-les-minima-pour-les-mondiaux-dathletisme-indoor-de-torun-2026\/\" class=\"vlp-link\" title=\"Les Fran\u00e7ais qui ont fait les minima FFA pour les Mondiaux d&#039;athl\u00e9tisme indoor de Torun 2026\"><\/a><div class=\"vlp-layout-zone-side\"><div class=\"vlp-block-4 vlp-link-image\"><img loading=\"lazy\" decoding=\"async\" style=\"max-width: 792px;\" width=\"792\" height=\"445\" src=\"https:\/\/dicodusport.fr\/blog\/wp-content\/uploads\/2026\/01\/Les-Francais-qui-ont-fait-les-minima-pour-les-Mondiaux-dathletisme-indoor-de-Torun-2026.png\" class=\"attachment-800x445 size-800x445\" alt=\"Les Fran\u00e7ais qui ont fait les minima pour les Mondiaux d&#039;athl\u00e9tisme indoor de Torun 2026\" srcset=\"https:\/\/dicodusport.fr\/blog\/wp-content\/uploads\/2026\/01\/Les-Francais-qui-ont-fait-les-minima-pour-les-Mondiaux-dathletisme-indoor-de-Torun-2026.png 1200w, https:\/\/dicodusport.fr\/blog\/wp-content\/uploads\/2026\/01\/Les-Francais-qui-ont-fait-les-minima-pour-les-Mondiaux-dathletisme-indoor-de-Torun-2026-300x169.png 300w, https:\/\/dicodusport.fr\/blog\/wp-content\/uploads\/2026\/01\/Les-Francais-qui-ont-fait-les-minima-pour-les-Mondiaux-dathletisme-indoor-de-Torun-2026-1024x575.png 1024w, https:\/\/dicodusport.fr\/blog\/wp-content\/uploads\/2026\/01\/Les-Francais-qui-ont-fait-les-minima-pour-les-Mondiaux-dathletisme-indoor-de-Torun-2026-768x431.png 768w\" sizes=\"auto, (max-width: 792px) 100vw, 792px\" \/><\/div><\/div><div class=\"vlp-layout-zone-main\"><div class=\"vlp-block-0 vlp-link-title\">Les Fran\u00e7ais qui ont fait les minima FFA pour les Mondiaux d'athl\u00e9tisme indoor de Torun 2026<\/div><div class=\"vlp-block-1 vlp-link-summary\">D\u00e9couvrez la liste des Fran\u00e7ais qui ont fait les minima pour les championnats du monde d\u2019athl\u00e9tisme 2026 en salle \u00e0 Torun.\u00a0<\/div><div class=\"vlp-block-2 vlp-link-button\">Lire l'article<\/div><div class=\"vlp-block-3 vlp-link-url\">dicodusport.fr<\/div><\/div><\/div>\n<h3 style=\"text-align: justify;\">\u00ab <span style=\"text-align: justify;\">Je ne m\u2019attendais pas \u00e0 atteindre un tel niveau<\/span> \u00bb<\/h3>\n<p style=\"text-align: justify;\"><strong>Jordan Terrasse :<\/strong> \u00ab <em><span style=\"text-align: justify;\">Non, je ne m\u2019attendais pas \u00e0 une telle progression, surtout que j\u2019ai commenc\u00e9 l\u2019hiver avec une petite blessure au pied qui m\u2019a retard\u00e9 pendant bien un mois. Au final, avec le coach et le kin\u00e9, on a r\u00e9ussi \u00e0 vite me remettre en selle et \u00e0 reprendre la pr\u00e9paration comme il faut. Au fur et \u00e0 mesure des courses, je sentais que la forme montait, jusqu\u2019\u00e0 Metz o\u00f9 je r\u00e9alise les minima, ce qui \u00e9tait quand m\u00eame assez inattendu pour moi. Je ne m\u2019attendais pas \u00e0 atteindre un tel niveau. Cela m\u2019a vraiment mis en confiance pour la suite de la saison, et notamment pour les \u00c9lites, o\u00f9 j\u2019ai su montrer ma forme actuelle, et c\u2019\u00e9tait vraiment tr\u00e8s agr\u00e9able.<\/span><\/em> \u00bb<\/p>\n<div dir=\"auto\">\n<div dir=\"auto\" style=\"text-align: justify;\"><em>Je ne vois pas sp\u00e9cialement le championnat comme une r\u00e9compense, parce que si on l\u2019aborde de cette mani\u00e8re, je ne pense pas que ce soit tr\u00e8s b\u00e9n\u00e9fique pour la performance. En plus, pour quelqu\u2019un de 25 ans, cela fait peut-\u00eatre un peu tard pour int\u00e9grer l\u2019\u00e9quipe de France A. Donc je n\u2019ai pas trop le temps d\u2019apprendre et de faire des erreurs : je dois apprendre les choses le plus vite possible pour pouvoir performer au mieux, tout de suite, sur ce type de grand championnat. C\u2019est s\u00fbr que cela va me donner beaucoup d\u2019enseignements pour la suite de ma carri\u00e8re.<\/em><\/div>\n<div dir=\"auto\">\n<h3 style=\"text-align: justify;\">\u00ab Les championnats de France \u00e9lite m\u2019ont donn\u00e9 beaucoup de confiance sur la mani\u00e8re d\u2019aborder un championnat \u00bb<\/h3>\n<\/div>\n<div dir=\"auto\" style=\"text-align: justify;\"><em>Les championnats de France \u00e9lite m\u2019ont donn\u00e9 beaucoup de confiance sur la mani\u00e8re d\u2019aborder un championnat, notamment en salle, parce que c\u2019\u00e9tait mon premier championnat de France en salle sur 800 m depuis mes ann\u00e9es juniors. Je sais qu\u2019aux championnats du monde, le niveau est quand m\u00eame totalement diff\u00e9rent. Donc je ne vais pas me reposer sur ce que j\u2019ai fait aux \u00c9lites pour les Mondiaux, parce que je sais que cela va \u00eatre une exp\u00e9rience totalement diff\u00e9rente. Mon ambition pour ces championnats, \u00e7a va \u00eatre d\u2019apprendre vite et d\u2019aborder les tours au fur et \u00e0 mesure comme si c\u2019\u00e9tait le dernier, pour faire \u00e0 chaque fois la meilleure course possible et pouvoir passer au tour suivant.<\/em><\/div>\n<div dir=\"auto\"><\/div>\n<div dir=\"auto\">\n<div dir=\"auto\"><em>C\u2019est vraiment tr\u00e8s stimulant d\u2019\u00eatre dans une \u00e9preuve aussi dense, parce qu\u2019au final, cela pousse tout le monde \u00e0 se tirer vers le haut. Et de l\u2019autre c\u00f4t\u00e9, cela permet \u00e0 la discipline d\u2019\u00eatre m\u00e9diatis\u00e9e et donc \u00e0 l\u2019athl\u00e9tisme, plus globalement, de se faire conna\u00eetre du grand public, ce qui est tr\u00e8s bien. Forc\u00e9ment, la concurrence est rude, mais je pense que cela permet \u00e0 tout le monde de donner le meilleur de soi-m\u00eame.<\/em> \u00bb<\/div>\n<\/div>\n<\/div>\n<h2 style=\"text-align: justify;\">Ad\u00e8le Gay (1500 m)<\/h2>\n<p style=\"text-align: justify;\">Derri\u00e8re <strong>Agathe Guillemot<\/strong>, qui s\u2019est taill\u00e9 un costume de candidate \u00e0 la m\u00e9daille sur 1500 m avec son record de France de la sp\u00e9cialit\u00e9 en 4:00.64, <strong>Ad\u00e8le Gay<\/strong> r\u00e9alise une magnifique saison hivernale. Elle a am\u00e9lior\u00e9 \u00e0 plusieurs reprises le record de France U23 du 1500 m en salle, pour le porter \u00e0 4:05.27 lors du meeting de <strong>Li\u00e9vin<\/strong> ! Un chrono synonyme de minima pour les Mondiaux en salle de <strong>Toru\u0144<\/strong>.<\/p>\n<blockquote class=\"twitter-tweet\">\n<p dir=\"ltr\" lang=\"fr\"><a href=\"https:\/\/twitter.com\/hashtag\/CFAthl%C3%A9?src=hash&amp;ref_src=twsrc%5Etfw\">#CFAthl\u00e9<\/a> \ud83c\uddeb\ud83c\uddf7 &#8211; \ud83c\udfc3\u200d\u2640\ufe0f 1500M<\/p>\n<p>\ud83c\udf9f\ufe0f &#8211; 4:06.00<\/p>\n<p>\ud83e\udd47Agathe Guillemot 4:17.68<br \/>\n\ud83e\udd48B\u00e9r\u00e9nice Cleyet-Merle 4:20.51<br \/>\n\ud83e\udd49Ad\u00e8le Gay 4:20.60 <a href=\"https:\/\/twitter.com\/hashtag\/Athl%C3%A9tisme?src=hash&amp;ref_src=twsrc%5Etfw\">#Athl\u00e9tisme<\/a> <a href=\"https:\/\/t.co\/v0WOUTiN3D\">pic.twitter.com\/v0WOUTiN3D<\/a><\/p>\n<p>\u2014 MR.CARTER \ud83c\udf1a (@NelsonCarterJr) <a href=\"https:\/\/twitter.com\/NelsonCarterJr\/status\/2027845615321768297?ref_src=twsrc%5Etfw\">February 28, 2026<\/a><\/p><\/blockquote>\n<p><script async src=\"https:\/\/platform.twitter.com\/widgets.js\" charset=\"utf-8\"><\/script><\/p>\n<p style=\"text-align: justify;\">\u00c0 21 ans, la demi-fondeuse a franchi un cap gigantesque en 2025. Une ann\u00e9e marqu\u00e9e par le choix d\u00e9finitif de se consacrer au 1500 m, apr\u00e8s avoir fait ses armes sur 800 m. Un choix qui ne l\u2019a pas emp\u00each\u00e9e de porter son record \u00e0 2:02.76 l\u2019\u00e9t\u00e9 dernier. Mais ce n\u2019est rien compar\u00e9 \u00e0 ses progr\u00e8s sur 1500 m. Elle est pass\u00e9e de 4:13.38 \u00e0 4:03.44, l\u00e0 encore un record de France U23. Elle \u00e9tait m\u00eame pass\u00e9e tout pr\u00e8s d\u2019\u00eatre s\u00e9lectionn\u00e9e pour <a href=\"https:\/\/dicodusport.fr\/blog\/tableau-des-medailles-athletisme-championnats-du-monde-2025-mis-a-jour\/\">les championnats du monde 2025 \u00e0 Tokyo<\/a>. Avant de r\u00e9aliser ce gros chrono, <a href=\"https:\/\/dicodusport.fr\/blog\/championnats-deurope-espoirs-dathletisme-2025-adele-gay-en-argent-au-1500-m\/\">elle avait pris l\u2019argent lors des championnats d\u2019Europe U23<\/a>, au mois de juillet dernier, avant de battre <strong>Agathe Guillemot<\/strong> lors des France \u00c9lite \u00e0 <strong>Talence<\/strong>.<\/p>\n<p style=\"text-align: justify;\">Troisi\u00e8me des championnats de France \u00c9lite cet hiver, apr\u00e8s avoir tent\u00e9 de suivre <strong>Agathe Guillemot<\/strong>, <strong>Ad\u00e8le Gay<\/strong> n\u2019aura pas grand-chose \u00e0 perdre en <strong>Pologne<\/strong>. Habitu\u00e9e des grands rendez-vous chez les jeunes, elle va sans doute vivre une grosse exp\u00e9rience, utile pour la suite de sa carri\u00e8re.<\/p>\n<div class=\"vlp-link-container vlp-layout-article\"><a href=\"https:\/\/dicodusport.fr\/blog\/mondiaux-dathletisme-en-salle-2026-ces-francais-qui-peuvent-viser-une-medaille\/\" class=\"vlp-link\" title=\"Mondiaux d\u2019athl\u00e9tisme en salle 2026 : ces Fran\u00e7ais qui peuvent viser une m\u00e9daille\"><\/a><div class=\"vlp-layout-zone-side\"><div class=\"vlp-block-4 vlp-link-image\"><img loading=\"lazy\" decoding=\"async\" style=\"max-width: 792px;\" width=\"792\" height=\"445\" src=\"https:\/\/dicodusport.fr\/blog\/wp-content\/uploads\/2026\/03\/Mondiaux-dathletisme-en-salle-2026-ces-Francais-qui-peuvent-viser-une-medaille.png\" class=\"attachment-800x445 size-800x445\" alt=\"Mondiaux d\u2019athl\u00e9tisme en salle 2026 ces Fran\u00e7ais qui peuvent viser une m\u00e9daille\" srcset=\"https:\/\/dicodusport.fr\/blog\/wp-content\/uploads\/2026\/03\/Mondiaux-dathletisme-en-salle-2026-ces-Francais-qui-peuvent-viser-une-medaille.png 1200w, https:\/\/dicodusport.fr\/blog\/wp-content\/uploads\/2026\/03\/Mondiaux-dathletisme-en-salle-2026-ces-Francais-qui-peuvent-viser-une-medaille-300x169.png 300w, https:\/\/dicodusport.fr\/blog\/wp-content\/uploads\/2026\/03\/Mondiaux-dathletisme-en-salle-2026-ces-Francais-qui-peuvent-viser-une-medaille-1024x575.png 1024w, https:\/\/dicodusport.fr\/blog\/wp-content\/uploads\/2026\/03\/Mondiaux-dathletisme-en-salle-2026-ces-Francais-qui-peuvent-viser-une-medaille-768x431.png 768w\" sizes=\"auto, (max-width: 792px) 100vw, 792px\" \/><\/div><\/div><div class=\"vlp-layout-zone-main\"><div class=\"vlp-block-0 vlp-link-title\">Mondiaux d\u2019athl\u00e9tisme en salle 2026 : ces Fran\u00e7ais qui peuvent viser une m\u00e9daille<\/div><div class=\"vlp-block-1 vlp-link-summary\">Focus sur les chances de m\u00e9dailles des Tricolores, lors du rendez-vous \u00e0 Torun.<\/div><div class=\"vlp-block-2 vlp-link-button\">Lire l'article<\/div><div class=\"vlp-block-3 vlp-link-url\">dicodusport.fr<\/div><\/div><\/div>\n<h3 style=\"text-align: justify;\">\u00ab J&rsquo;aborde ces championnats avec beaucoup d&rsquo;envie \u00bb<\/h3>\n<p style=\"text-align: justify;\"><strong>Ad\u00e8le Gay :<\/strong> \u00ab <em>J\u2019aborde ces championnats avec beaucoup d\u2019envie : l\u2019envie de prendre un maximum d\u2019exp\u00e9rience et de voir ce que je vaux dans un grand championnat comme celui-l\u00e0. Depuis l\u2019ann\u00e9e derni\u00e8re, je me consacre exclusivement au 1500 m. C\u2019est un choix qui s\u2019est fait naturellement, parce que je commen\u00e7ais \u00e0 \u00eatre limit\u00e9e sur 800 m. Mais j\u2019aime quand m\u00eame en refaire de temps en temps et, avec tout ce que j\u2019ai pu acqu\u00e9rir sur 1500 m, cela m\u2019aide aussi beaucoup sur 800 m.<\/em><\/p>\n<p style=\"text-align: justify;\"><em>Depuis un an, le 1500 m f\u00e9minin en France est en pleine progression et je suis contente de pouvoir en faire partie. Courir avec des filles comme <strong>Agathe Guillemot<\/strong>, <strong>Sarah Madeleine<\/strong> ou <strong>B\u00e9r\u00e9nice Cleyet-Merle<\/strong>, qui ont l\u2019exp\u00e9rience des grands championnats, \u00e7a aide et \u00e7a forge beaucoup pour les comp\u00e9titions internationales. L\u2019objectif \u00e0 <strong>Toru\u0144<\/strong> est d\u2019aller prendre un maximum d\u2019exp\u00e9rience et surtout de ne pas se laisser impressionner : \u00eatre actrice de sa course et n\u2019avoir aucun regret. Ces championnats ne sont pas un but dans ma carri\u00e8re, loin de l\u00e0, mais une \u00e9tape par laquelle il faut passer pour apprendre et \u00eatre mieux pr\u00e9par\u00e9e pour les prochains.<\/em> \u00bb<\/p>\n<div class=\"vlp-link-container vlp-layout-article\"><a href=\"https:\/\/dicodusport.fr\/blog\/charlotte-dumas-porter-le-maillot-de-lequipe-de-france-cest-le-graal\/\" class=\"vlp-link\" title=\"Charlotte Dumas : &quot;Porter le maillot de l&#039;\u00e9quipe de France, c&#039;est le Graal&quot;\"><\/a><div class=\"vlp-layout-zone-side\"><div class=\"vlp-block-4 vlp-link-image\"><img loading=\"lazy\" decoding=\"async\" style=\"max-width: 792px;\" width=\"792\" height=\"445\" src=\"https:\/\/dicodusport.fr\/blog\/wp-content\/uploads\/2026\/02\/Charlotte-Dumas-Porter-le-maillot-de-lequipe-de-France-cest-le-Graal.png\" class=\"attachment-800x445 size-800x445\" alt=\"Charlotte Dumas : &quot;Porter le maillot de l&#039;\u00e9quipe de France, c&#039;est le Graal&quot;\" srcset=\"https:\/\/dicodusport.fr\/blog\/wp-content\/uploads\/2026\/02\/Charlotte-Dumas-Porter-le-maillot-de-lequipe-de-France-cest-le-Graal.png 1200w, https:\/\/dicodusport.fr\/blog\/wp-content\/uploads\/2026\/02\/Charlotte-Dumas-Porter-le-maillot-de-lequipe-de-France-cest-le-Graal-300x169.png 300w, https:\/\/dicodusport.fr\/blog\/wp-content\/uploads\/2026\/02\/Charlotte-Dumas-Porter-le-maillot-de-lequipe-de-France-cest-le-Graal-1024x575.png 1024w, https:\/\/dicodusport.fr\/blog\/wp-content\/uploads\/2026\/02\/Charlotte-Dumas-Porter-le-maillot-de-lequipe-de-France-cest-le-Graal-768x431.png 768w\" sizes=\"auto, (max-width: 792px) 100vw, 792px\" \/><\/div><\/div><div class=\"vlp-layout-zone-main\"><div class=\"vlp-block-0 vlp-link-title\">Charlotte Dumas : \"Porter le maillot de l'\u00e9quipe de France, c'est le Graal\"<\/div><div class=\"vlp-block-1 vlp-link-summary\">ATHL\u00c9TISME - Interview avec Charlotte Dumas, sp\u00e9cialiste du 800 m, qui lutte pour une qualification aux Mondiaux en salle \u00e0 Torun.<\/div><div class=\"vlp-block-2 vlp-link-button\">Lire l'article<\/div><div class=\"vlp-block-3 vlp-link-url\">dicodusport.fr<\/div><\/div><\/div>\n<h2 style=\"text-align: justify;\">Titouan Le Grix (1500 m)<\/h2>\n<p style=\"text-align: justify;\">On parlait de cap franchi : <strong>Titouan Le Grix<\/strong> fait partie de ces athl\u00e8tes qui ont explos\u00e9 en 2025. Cette ann\u00e9e-l\u00e0, il a pulv\u00e9ris\u00e9 son record sur 1500 m, passant de 3:47.18 \u00e0 3:32.81. Tout en progressant \u00e9galement sur les distances sup\u00e9rieures, que ce soit sur 3000 m, 5000 m ou encore sur 3000 m steeple, avec un record \u00e0 8:29.02. Et m\u00eame sur 10 km route, avec un gros chrono cet hiver \u00e0 <strong>Houilles<\/strong> en 28:20. Mais c\u2019est bien sur 1500 m qu\u2019il a pris une stature internationale en 2025, en s\u2019approchant \u00e0 moins d\u2019une seconde des minima pour les championnats du monde de <strong>Tokyo<\/strong>.<\/p>\n<p style=\"text-align: justify;\">Au pied du podium \u00e0 <strong>Talence<\/strong>, lors des \u00c9lites, il a montr\u00e9 qu\u2019il \u00e9tait entr\u00e9 dans le cercle des tout meilleurs Fran\u00e7ais. Un cap encore confirm\u00e9 durant cet hiver 2026. M\u00eame s\u2019il manque les minima de 16 centi\u00e8mes sur 1500 m, avec 3:36.16 contre 3:36.00, la <strong>FFA<\/strong> a d\u00e9cid\u00e9 de lui faire confiance et de l\u2019emmener en <strong>Pologne<\/strong>. Conform\u00e9ment \u00e0 la strat\u00e9gie f\u00e9d\u00e9rale \u2014 qui porte ses fruits \u2014 d\u2019ouvrir la s\u00e9lection aux athl\u00e8tes qualifiables parmi ceux qui n\u2019ont pas r\u00e9alis\u00e9 les minima.<\/p>\n<blockquote class=\"twitter-tweet\">\n<p dir=\"ltr\" lang=\"fr\">\ud83c\udfc3\u200d\u2642\ufe0f Au Dr. Sander Columbia Scorcher, Flavien Szot \ud83c\uddeb\ud83c\uddf7 obtient une tr\u00e8s belle victoire en s\u2019imposant sur le Mile en 3:54.00 devant Wes Porter \ud83c\uddfa\ud83c\uddf8 3:54.52 PB !<\/p>\n<p>7. Titouan Le Grix \ud83c\uddeb\ud83c\uddf7 3:56.37 PB<br \/>\n10. Luc Le Baron \ud83c\uddeb\ud83c\uddf7 3:58.46 <a href=\"https:\/\/twitter.com\/hashtag\/Athl%C3%A9tisme?src=hash&amp;ref_src=twsrc%5Etfw\">#Athl\u00e9tisme<\/a> <a href=\"https:\/\/t.co\/hqLm1oj3l6\">pic.twitter.com\/hqLm1oj3l6<\/a><\/p>\n<p>\u2014 MR.CARTER \ud83c\udf1a (@NelsonCarterJr) <a href=\"https:\/\/twitter.com\/NelsonCarterJr\/status\/2015154296480763929?ref_src=twsrc%5Etfw\">January 24, 2026<\/a><\/p><\/blockquote>\n<p><script async src=\"https:\/\/platform.twitter.com\/widgets.js\" charset=\"utf-8\"><\/script><\/p>\n<p style=\"text-align: justify;\">Il faut dire que <strong>Titouan Le Grix<\/strong> a montr\u00e9 qu\u2019il pouvait briller en championnat. En devenant, pour la toute premi\u00e8re fois, champion de France \u00c9lite en salle sur 1500 m \u00e0 <strong>Aubi\u00e8re<\/strong>. On peut invoquer des absences, mais c\u2019est surtout le Montpelli\u00e9rain qui a encore progress\u00e9 cet hiver. De quoi aborder ces Mondiaux avec fra\u00eecheur et envie. Il retrouve le maillot de l\u2019\u00e9quipe de France, deux ans et demi apr\u00e8s sa derni\u00e8re s\u00e9lection.<\/p>\n<h3 style=\"text-align: justify;\">\u00ab J&rsquo;essaye d&rsquo;\u00eatre le plus d\u00e9complex\u00e9 possible \u00bb<\/h3>\n<p style=\"text-align: justify;\"><strong>Titouan Le Grix :<\/strong> \u00ab <em>Je suis tr\u00e8s content et tr\u00e8s fier que ma premi\u00e8re s\u00e9lection chez les A se fasse sur des championnats du monde. J\u2019ai orient\u00e9 et pr\u00e9par\u00e9 toute ma saison sur cet objectif, donc je suis fin pr\u00eat \u00e0 courir l\u00e0-bas. En commen\u00e7ant la saison d\u2019hiver, avec mon coach, on avait pour objectif de focaliser davantage le 3000 m que le 1500 m, apr\u00e8s un bon 3000 m en 7\u201940, dans une course pas forc\u00e9ment la plus optimale.<\/em><\/p>\n<p style=\"text-align: justify;\"><em>J\u2019ai eu l\u2019opportunit\u00e9 de courir un gros mile deux semaines plus tard, o\u00f9 je r\u00e9alise 3:51, la deuxi\u00e8me meilleure performance fran\u00e7aise de tous les temps. Suite \u00e0 \u00e7a, je d\u00e9cide de rentrer \u00e0 <strong>Li\u00e9vin<\/strong> pour tenter les minima sur 1500 m. Malheureusement, j\u2019\u00e9choue \u00e0 0.16 s. J\u2019ai vraiment l\u2019impression d\u2019avoir franchi un gros cap depuis un peu plus d\u2019un an et j\u2019arrive avec des ambitions franches pour <strong>Toru\u0144<\/strong>.<\/em><\/p>\n<p style=\"text-align: justify;\"><em>Pour \u00eatre honn\u00eate, je ne me fixe aucune limite et j\u2019essaye d\u2019\u00eatre le plus d\u00e9complex\u00e9 possible \u00e0 l\u2019approche de cette comp\u00e9tition. Je ne surestime ni ne sous-estime personne. Je vois cette comp\u00e9tition comme une \u00e9tape pour la suite de ma carri\u00e8re. Une premi\u00e8re en grand championnat, \u00e7a me donne beaucoup de confiance pour la suite.<\/em> \u00bb<\/p>\n<h3>\u00c0 ce sujet<\/h3>\n<div class=\"vlp-link-container vlp-layout-article\"><a href=\"https:\/\/dicodusport.fr\/blog\/championnats-du-monde-2025-un-bilan-en-clair-obscur-pour-lathletisme-francais\/\" class=\"vlp-link\" title=\"Championnats du monde 2025 : un bilan en clair-obscur pour l\u2019athl\u00e9tisme fran\u00e7ais\"><\/a><div class=\"vlp-layout-zone-side\"><div class=\"vlp-block-4 vlp-link-image\"><img loading=\"lazy\" decoding=\"async\" style=\"max-width: 792px;\" width=\"792\" height=\"445\" src=\"https:\/\/dicodusport.fr\/blog\/wp-content\/uploads\/2025\/09\/Mondiaux-Athletisme-2025-Il-a-manque-des-medailles-aux-Bleus-pour-confirmer-les-progres.png\" class=\"attachment-800x445 size-800x445\" alt=\"Mondiaux Athl\u00e9tisme 2025 : Il a manqu\u00e9 des m\u00e9dailles aux Bleus pour confirmer les progr\u00e8s\" srcset=\"https:\/\/dicodusport.fr\/blog\/wp-content\/uploads\/2025\/09\/Mondiaux-Athletisme-2025-Il-a-manque-des-medailles-aux-Bleus-pour-confirmer-les-progres.png 1200w, https:\/\/dicodusport.fr\/blog\/wp-content\/uploads\/2025\/09\/Mondiaux-Athletisme-2025-Il-a-manque-des-medailles-aux-Bleus-pour-confirmer-les-progres-300x169.png 300w, https:\/\/dicodusport.fr\/blog\/wp-content\/uploads\/2025\/09\/Mondiaux-Athletisme-2025-Il-a-manque-des-medailles-aux-Bleus-pour-confirmer-les-progres-1024x575.png 1024w, https:\/\/dicodusport.fr\/blog\/wp-content\/uploads\/2025\/09\/Mondiaux-Athletisme-2025-Il-a-manque-des-medailles-aux-Bleus-pour-confirmer-les-progres-768x431.png 768w\" sizes=\"auto, (max-width: 792px) 100vw, 792px\" \/><\/div><\/div><div class=\"vlp-layout-zone-main\"><div class=\"vlp-block-0 vlp-link-title\">Championnats du monde 2025 : un bilan en clair-obscur pour l\u2019athl\u00e9tisme fran\u00e7ais<\/div><div class=\"vlp-block-1 vlp-link-summary\">On fait le bilan des Fran\u00e7ais aux championnats du monde d'athl\u00e9tisme 2025 \u00e0 Tokyo, ponctu\u00e9s par deux m\u00e9dailles, dont un titre.<\/div><div class=\"vlp-block-2 vlp-link-button\">Lire l'article<\/div><div class=\"vlp-block-3 vlp-link-url\">dicodusport.fr<\/div><\/div><\/div>\n<div id=\"gtx-trans\" style=\"position: absolute; left: -14px; top: 40.9091px;\">\n<div class=\"gtx-trans-icon\"><\/div>\n<\/div>\n","protected":false},"excerpt":{"rendered":"<p>Focus sur trois athl\u00e8tes qui vont d\u00e9couvrir leur premier grand championnat \u00e0 Torun.<\/p>\n","protected":false},"author":83,"featured_media":656112,"comment_status":"open","ping_status":"closed","sticky":false,"template":"","format":"standard","meta":{"_acf_changed":false,"_daextam_enable_autolinks":"1","footnotes":""},"categories":[46997],"tags":[143,16878,8594],"class_list":["post-654956","post","type-post","status-publish","format-standard","has-post-thumbnail","hentry","category-championnats-du-monde-athletisme","tag-athletisme","tag-breve","tag-championnats-du-monde-dathletisme"],"acf":[],"yoast_head":"<!-- This site is optimized with the Yoast SEO Premium plugin v26.7 (Yoast SEO v26.7) - https:\/\/yoast.com\/wordpress\/plugins\/seo\/ -->\n<title>Ces trois Fran\u00e7ais qui vont vivre leur premier grand championnat aux Mondiaux en salle 2026<\/title>\n<meta name=\"description\" content=\"CHAMPIONNATS DU MONDE D&#039;ATH\u00c9TISME EN SALLE 2026 - Focus sur trois athl\u00e8tes qui vont d\u00e9couvrir leur premier grand championnat \u00e0 Torun.\" \/>\n<meta name=\"robots\" content=\"index, follow, max-snippet:-1, max-image-preview:large, max-video-preview:-1\" \/>\n<link rel=\"canonical\" href=\"https:\/\/dicodusport.fr\/blog\/ces-trois-francais-qui-vont-vivre-leur-premier-grand-championnat-aux-mondiaux-en-salle-2026\/\" \/>\n<meta property=\"og:locale\" content=\"fr_FR\" \/>\n<meta property=\"og:type\" content=\"article\" \/>\n<meta property=\"og:title\" content=\"Ces trois Fran\u00e7ais qui vont vivre leur premier grand championnat aux Mondiaux en salle 2026\" \/>\n<meta property=\"og:description\" content=\"CHAMPIONNATS DU MONDE D&#039;ATH\u00c9TISME EN SALLE 2026 - Focus sur trois athl\u00e8tes qui vont d\u00e9couvrir leur premier grand championnat \u00e0 Torun.\" \/>\n<meta property=\"og:url\" content=\"https:\/\/dicodusport.fr\/blog\/ces-trois-francais-qui-vont-vivre-leur-premier-grand-championnat-aux-mondiaux-en-salle-2026\/\" \/>\n<meta property=\"og:site_name\" content=\"Dicodusport\" \/>\n<meta property=\"article:publisher\" content=\"https:\/\/www.facebook.com\/dicodusport\" \/>\n<meta property=\"article:published_time\" content=\"2026-03-18T11:00:47+00:00\" \/>\n<meta property=\"article:modified_time\" content=\"2026-03-18T12:37:31+00:00\" \/>\n<meta property=\"og:image\" content=\"https:\/\/dicodusport.fr\/blog\/wp-content\/uploads\/2026\/03\/Ces-Bleus-qui-vont-decouvrir-leur-premier-grand-championnat-aux-mondiaux-dathletisme-en-salle-de-Torun-2026.png\" \/>\n\t<meta property=\"og:image:width\" content=\"1200\" \/>\n\t<meta property=\"og:image:height\" content=\"674\" \/>\n\t<meta property=\"og:image:type\" content=\"image\/png\" \/>\n<meta name=\"author\" content=\"Etienne Goursaud\" \/>\n<meta name=\"twitter:card\" content=\"summary_large_image\" \/>\n<meta name=\"twitter:title\" content=\"Ces trois Fran\u00e7ais qui vont vivre leur premier grand championnat aux Mondiaux en salle 2026\" \/>\n<meta name=\"twitter:creator\" content=\"@dicodusport\" \/>\n<meta name=\"twitter:site\" content=\"@dicodusport\" \/>\n<script type=\"application\/ld+json\" class=\"yoast-schema-graph\">{\"@context\":\"https:\/\/schema.org\",\"@graph\":[{\"@type\":\"NewsArticle\",\"@id\":\"https:\/\/dicodusport.fr\/blog\/ces-trois-francais-qui-vont-vivre-leur-premier-grand-championnat-aux-mondiaux-en-salle-2026\/#article\",\"isPartOf\":{\"@id\":\"https:\/\/dicodusport.fr\/blog\/ces-trois-francais-qui-vont-vivre-leur-premier-grand-championnat-aux-mondiaux-en-salle-2026\/\"},\"author\":{\"name\":\"Etienne Goursaud\",\"@id\":\"https:\/\/dicodusport.fr\/blog\/#\/schema\/person\/d603dd7da31fb2b46c82b9835a77ec13\"},\"headline\":\"Ces trois Fran\u00e7ais qui vont vivre leur premier grand championnat aux Mondiaux en salle 2026\",\"datePublished\":\"2026-03-18T11:00:47+00:00\",\"dateModified\":\"2026-03-18T12:37:31+00:00\",\"mainEntityOfPage\":{\"@id\":\"https:\/\/dicodusport.fr\/blog\/ces-trois-francais-qui-vont-vivre-leur-premier-grand-championnat-aux-mondiaux-en-salle-2026\/\"},\"wordCount\":2397,\"commentCount\":0,\"publisher\":{\"@id\":\"https:\/\/dicodusport.fr\/blog\/#organization\"},\"image\":{\"@id\":\"https:\/\/dicodusport.fr\/blog\/ces-trois-francais-qui-vont-vivre-leur-premier-grand-championnat-aux-mondiaux-en-salle-2026\/#primaryimage\"},\"thumbnailUrl\":\"https:\/\/dicodusport.fr\/blog\/wp-content\/uploads\/2026\/03\/Ces-Bleus-qui-vont-decouvrir-leur-premier-grand-championnat-aux-mondiaux-dathletisme-en-salle-de-Torun-2026.png\",\"keywords\":[\"Athl\u00e9tisme\",\"br\u00e8ve\",\"Championnats du monde d'athl\u00e9tisme\"],\"articleSection\":[\"Championnats du monde d'athl\u00e9tisme\"],\"inLanguage\":\"fr-FR\",\"potentialAction\":[{\"@type\":\"CommentAction\",\"name\":\"Comment\",\"target\":[\"https:\/\/dicodusport.fr\/blog\/ces-trois-francais-qui-vont-vivre-leur-premier-grand-championnat-aux-mondiaux-en-salle-2026\/#respond\"]}],\"copyrightYear\":\"2026\",\"copyrightHolder\":{\"@id\":\"https:\/\/dicodusport.fr\/blog\/#organization\"}},{\"@type\":\"WebPage\",\"@id\":\"https:\/\/dicodusport.fr\/blog\/ces-trois-francais-qui-vont-vivre-leur-premier-grand-championnat-aux-mondiaux-en-salle-2026\/\",\"url\":\"https:\/\/dicodusport.fr\/blog\/ces-trois-francais-qui-vont-vivre-leur-premier-grand-championnat-aux-mondiaux-en-salle-2026\/\",\"name\":\"Ces trois Fran\u00e7ais qui vont vivre leur premier grand championnat aux Mondiaux en salle 2026\",\"isPartOf\":{\"@id\":\"https:\/\/dicodusport.fr\/blog\/#website\"},\"primaryImageOfPage\":{\"@id\":\"https:\/\/dicodusport.fr\/blog\/ces-trois-francais-qui-vont-vivre-leur-premier-grand-championnat-aux-mondiaux-en-salle-2026\/#primaryimage\"},\"image\":{\"@id\":\"https:\/\/dicodusport.fr\/blog\/ces-trois-francais-qui-vont-vivre-leur-premier-grand-championnat-aux-mondiaux-en-salle-2026\/#primaryimage\"},\"thumbnailUrl\":\"https:\/\/dicodusport.fr\/blog\/wp-content\/uploads\/2026\/03\/Ces-Bleus-qui-vont-decouvrir-leur-premier-grand-championnat-aux-mondiaux-dathletisme-en-salle-de-Torun-2026.png\",\"datePublished\":\"2026-03-18T11:00:47+00:00\",\"dateModified\":\"2026-03-18T12:37:31+00:00\",\"description\":\"CHAMPIONNATS DU MONDE D'ATH\u00c9TISME EN SALLE 2026 - Focus sur trois athl\u00e8tes qui vont d\u00e9couvrir leur premier grand championnat \u00e0 Torun.\",\"breadcrumb\":{\"@id\":\"https:\/\/dicodusport.fr\/blog\/ces-trois-francais-qui-vont-vivre-leur-premier-grand-championnat-aux-mondiaux-en-salle-2026\/#breadcrumb\"},\"inLanguage\":\"fr-FR\",\"potentialAction\":[{\"@type\":\"ReadAction\",\"target\":[\"https:\/\/dicodusport.fr\/blog\/ces-trois-francais-qui-vont-vivre-leur-premier-grand-championnat-aux-mondiaux-en-salle-2026\/\"]}]},{\"@type\":\"ImageObject\",\"inLanguage\":\"fr-FR\",\"@id\":\"https:\/\/dicodusport.fr\/blog\/ces-trois-francais-qui-vont-vivre-leur-premier-grand-championnat-aux-mondiaux-en-salle-2026\/#primaryimage\",\"url\":\"https:\/\/dicodusport.fr\/blog\/wp-content\/uploads\/2026\/03\/Ces-Bleus-qui-vont-decouvrir-leur-premier-grand-championnat-aux-mondiaux-dathletisme-en-salle-de-Torun-2026.png\",\"contentUrl\":\"https:\/\/dicodusport.fr\/blog\/wp-content\/uploads\/2026\/03\/Ces-Bleus-qui-vont-decouvrir-leur-premier-grand-championnat-aux-mondiaux-dathletisme-en-salle-de-Torun-2026.png\",\"width\":1200,\"height\":674,\"caption\":\"Ces Bleus qui vont d\u00e9couvrir leur premier grand championnat aux mondiaux d'athl\u00e9tisme en salle de Torun 2026\"},{\"@type\":\"BreadcrumbList\",\"@id\":\"https:\/\/dicodusport.fr\/blog\/ces-trois-francais-qui-vont-vivre-leur-premier-grand-championnat-aux-mondiaux-en-salle-2026\/#breadcrumb\",\"itemListElement\":[{\"@type\":\"ListItem\",\"position\":1,\"name\":\"Accueil\",\"item\":\"https:\/\/dicodusport.fr\/blog\/\"},{\"@type\":\"ListItem\",\"position\":2,\"name\":\"Ces trois Fran\u00e7ais qui vont vivre leur premier grand championnat aux Mondiaux en salle 2026\"}]},{\"@type\":\"WebSite\",\"@id\":\"https:\/\/dicodusport.fr\/blog\/#website\",\"url\":\"https:\/\/dicodusport.fr\/blog\/\",\"name\":\"Dicodusport\",\"description\":\"L&#039;encyclop\u00e9die de l&#039;actualit\u00e9 sportive\",\"publisher\":{\"@id\":\"https:\/\/dicodusport.fr\/blog\/#organization\"},\"potentialAction\":[{\"@type\":\"SearchAction\",\"target\":{\"@type\":\"EntryPoint\",\"urlTemplate\":\"https:\/\/dicodusport.fr\/blog\/?s={search_term_string}\"},\"query-input\":{\"@type\":\"PropertyValueSpecification\",\"valueRequired\":true,\"valueName\":\"search_term_string\"}}],\"inLanguage\":\"fr-FR\"},{\"@type\":\"NewsMediaOrganization\",\"@id\":\"https:\/\/dicodusport.fr\/blog\/#organization\",\"name\":\"Dicodusport\",\"url\":\"https:\/\/dicodusport.fr\/blog\/\",\"logo\":{\"@type\":\"ImageObject\",\"inLanguage\":\"fr-FR\",\"@id\":\"https:\/\/dicodusport.fr\/blog\/#\/schema\/logo\/image\/\",\"url\":\"https:\/\/dicodusport.fr\/blog\/wp-content\/uploads\/2020\/06\/cropped-LOGO-DICODUSPORT-2020-SANS-FOND-SANS-TEXTE.png\",\"contentUrl\":\"https:\/\/dicodusport.fr\/blog\/wp-content\/uploads\/2020\/06\/cropped-LOGO-DICODUSPORT-2020-SANS-FOND-SANS-TEXTE.png\",\"width\":512,\"height\":512,\"caption\":\"Dicodusport\"},\"image\":{\"@id\":\"https:\/\/dicodusport.fr\/blog\/#\/schema\/logo\/image\/\"},\"sameAs\":[\"https:\/\/www.facebook.com\/dicodusport\",\"https:\/\/x.com\/dicodusport\",\"https:\/\/www.instagram.com\/dicodusport\/\",\"https:\/\/www.youtube.com\/channel\/UC7V2KZ5sd3htJivAbA4ZG3w\"],\"description\":\"Dicodusport est l'encyclop\u00e9die de l'actualit\u00e9 sportive.\",\"email\":\"bonjour@dicodusport.fr\",\"legalName\":\"DICODUSPORT\",\"foundingDate\":\"2018-01-14\",\"vatID\":\"FR71834470973\",\"taxID\":\"83447097300043\",\"numberOfEmployees\":{\"@type\":\"QuantitativeValue\",\"minValue\":\"1\",\"maxValue\":\"10\"}},{\"@type\":\"Person\",\"@id\":\"https:\/\/dicodusport.fr\/blog\/#\/schema\/person\/d603dd7da31fb2b46c82b9835a77ec13\",\"name\":\"Etienne Goursaud\",\"image\":{\"@type\":\"ImageObject\",\"inLanguage\":\"fr-FR\",\"@id\":\"https:\/\/dicodusport.fr\/blog\/#\/schema\/person\/image\/\",\"url\":\"https:\/\/dicodusport.fr\/blog\/wp-content\/uploads\/2023\/12\/410122264_10231602061736049_5565839791558026645_n-150x150.jpg\",\"contentUrl\":\"https:\/\/dicodusport.fr\/blog\/wp-content\/uploads\/2023\/12\/410122264_10231602061736049_5565839791558026645_n-150x150.jpg\",\"caption\":\"Etienne Goursaud\"},\"description\":\"Journaliste et amoureux de sport. Ancien footballeur reconverti athl\u00e8te quand ses muscles le laissent tranquille. \u00c9lev\u00e9 \u00e0 la sauce des exploits de Thomas Voeckler en 2004, du dernier essai de l\u00e9gende de Eunice Barber \u00e0 la longueur lors des championnats du monde d'athl\u00e9tisme de 2003 mais aussi Zidane, Omeyer et Titou Lamaison.\",\"url\":\"https:\/\/dicodusport.fr\/blog\/author\/etienne-goursaud\/\"}]}<\/script>\n<!-- \/ Yoast SEO Premium plugin. -->","yoast_head_json":{"title":"Ces trois Fran\u00e7ais qui vont vivre leur premier grand championnat aux Mondiaux en salle 2026","description":"CHAMPIONNATS DU MONDE D'ATH\u00c9TISME EN SALLE 2026 - Focus sur trois athl\u00e8tes qui vont d\u00e9couvrir leur premier grand championnat \u00e0 Torun.","robots":{"index":"index","follow":"follow","max-snippet":"max-snippet:-1","max-image-preview":"max-image-preview:large","max-video-preview":"max-video-preview:-1"},"canonical":"https:\/\/dicodusport.fr\/blog\/ces-trois-francais-qui-vont-vivre-leur-premier-grand-championnat-aux-mondiaux-en-salle-2026\/","og_locale":"fr_FR","og_type":"article","og_title":"Ces trois Fran\u00e7ais qui vont vivre leur premier grand championnat aux Mondiaux en salle 2026","og_description":"CHAMPIONNATS DU MONDE D'ATH\u00c9TISME EN SALLE 2026 - Focus sur trois athl\u00e8tes qui vont d\u00e9couvrir leur premier grand championnat \u00e0 Torun.","og_url":"https:\/\/dicodusport.fr\/blog\/ces-trois-francais-qui-vont-vivre-leur-premier-grand-championnat-aux-mondiaux-en-salle-2026\/","og_site_name":"Dicodusport","article_publisher":"https:\/\/www.facebook.com\/dicodusport","article_published_time":"2026-03-18T11:00:47+00:00","article_modified_time":"2026-03-18T12:37:31+00:00","og_image":[{"width":1200,"height":674,"url":"https:\/\/dicodusport.fr\/blog\/wp-content\/uploads\/2026\/03\/Ces-Bleus-qui-vont-decouvrir-leur-premier-grand-championnat-aux-mondiaux-dathletisme-en-salle-de-Torun-2026.png","type":"image\/png"}],"author":"Etienne Goursaud","twitter_card":"summary_large_image","twitter_title":"Ces trois Fran\u00e7ais qui vont vivre leur premier grand championnat aux Mondiaux en salle 2026","twitter_creator":"@dicodusport","twitter_site":"@dicodusport","schema":{"@context":"https:\/\/schema.org","@graph":[{"@type":"NewsArticle","@id":"https:\/\/dicodusport.fr\/blog\/ces-trois-francais-qui-vont-vivre-leur-premier-grand-championnat-aux-mondiaux-en-salle-2026\/#article","isPartOf":{"@id":"https:\/\/dicodusport.fr\/blog\/ces-trois-francais-qui-vont-vivre-leur-premier-grand-championnat-aux-mondiaux-en-salle-2026\/"},"author":{"name":"Etienne Goursaud","@id":"https:\/\/dicodusport.fr\/blog\/#\/schema\/person\/d603dd7da31fb2b46c82b9835a77ec13"},"headline":"Ces trois Fran\u00e7ais qui vont vivre leur premier grand championnat aux Mondiaux en salle 2026","datePublished":"2026-03-18T11:00:47+00:00","dateModified":"2026-03-18T12:37:31+00:00","mainEntityOfPage":{"@id":"https:\/\/dicodusport.fr\/blog\/ces-trois-francais-qui-vont-vivre-leur-premier-grand-championnat-aux-mondiaux-en-salle-2026\/"},"wordCount":2397,"commentCount":0,"publisher":{"@id":"https:\/\/dicodusport.fr\/blog\/#organization"},"image":{"@id":"https:\/\/dicodusport.fr\/blog\/ces-trois-francais-qui-vont-vivre-leur-premier-grand-championnat-aux-mondiaux-en-salle-2026\/#primaryimage"},"thumbnailUrl":"https:\/\/dicodusport.fr\/blog\/wp-content\/uploads\/2026\/03\/Ces-Bleus-qui-vont-decouvrir-leur-premier-grand-championnat-aux-mondiaux-dathletisme-en-salle-de-Torun-2026.png","keywords":["Athl\u00e9tisme","br\u00e8ve","Championnats du monde d'athl\u00e9tisme"],"articleSection":["Championnats du monde d'athl\u00e9tisme"],"inLanguage":"fr-FR","potentialAction":[{"@type":"CommentAction","name":"Comment","target":["https:\/\/dicodusport.fr\/blog\/ces-trois-francais-qui-vont-vivre-leur-premier-grand-championnat-aux-mondiaux-en-salle-2026\/#respond"]}],"copyrightYear":"2026","copyrightHolder":{"@id":"https:\/\/dicodusport.fr\/blog\/#organization"}},{"@type":"WebPage","@id":"https:\/\/dicodusport.fr\/blog\/ces-trois-francais-qui-vont-vivre-leur-premier-grand-championnat-aux-mondiaux-en-salle-2026\/","url":"https:\/\/dicodusport.fr\/blog\/ces-trois-francais-qui-vont-vivre-leur-premier-grand-championnat-aux-mondiaux-en-salle-2026\/","name":"Ces trois Fran\u00e7ais qui vont vivre leur premier grand championnat aux Mondiaux en salle 2026","isPartOf":{"@id":"https:\/\/dicodusport.fr\/blog\/#website"},"primaryImageOfPage":{"@id":"https:\/\/dicodusport.fr\/blog\/ces-trois-francais-qui-vont-vivre-leur-premier-grand-championnat-aux-mondiaux-en-salle-2026\/#primaryimage"},"image":{"@id":"https:\/\/dicodusport.fr\/blog\/ces-trois-francais-qui-vont-vivre-leur-premier-grand-championnat-aux-mondiaux-en-salle-2026\/#primaryimage"},"thumbnailUrl":"https:\/\/dicodusport.fr\/blog\/wp-content\/uploads\/2026\/03\/Ces-Bleus-qui-vont-decouvrir-leur-premier-grand-championnat-aux-mondiaux-dathletisme-en-salle-de-Torun-2026.png","datePublished":"2026-03-18T11:00:47+00:00","dateModified":"2026-03-18T12:37:31+00:00","description":"CHAMPIONNATS DU MONDE D'ATH\u00c9TISME EN SALLE 2026 - Focus sur trois athl\u00e8tes qui vont d\u00e9couvrir leur premier grand championnat \u00e0 Torun.","breadcrumb":{"@id":"https:\/\/dicodusport.fr\/blog\/ces-trois-francais-qui-vont-vivre-leur-premier-grand-championnat-aux-mondiaux-en-salle-2026\/#breadcrumb"},"inLanguage":"fr-FR","potentialAction":[{"@type":"ReadAction","target":["https:\/\/dicodusport.fr\/blog\/ces-trois-francais-qui-vont-vivre-leur-premier-grand-championnat-aux-mondiaux-en-salle-2026\/"]}]},{"@type":"ImageObject","inLanguage":"fr-FR","@id":"https:\/\/dicodusport.fr\/blog\/ces-trois-francais-qui-vont-vivre-leur-premier-grand-championnat-aux-mondiaux-en-salle-2026\/#primaryimage","url":"https:\/\/dicodusport.fr\/blog\/wp-content\/uploads\/2026\/03\/Ces-Bleus-qui-vont-decouvrir-leur-premier-grand-championnat-aux-mondiaux-dathletisme-en-salle-de-Torun-2026.png","contentUrl":"https:\/\/dicodusport.fr\/blog\/wp-content\/uploads\/2026\/03\/Ces-Bleus-qui-vont-decouvrir-leur-premier-grand-championnat-aux-mondiaux-dathletisme-en-salle-de-Torun-2026.png","width":1200,"height":674,"caption":"Ces Bleus qui vont d\u00e9couvrir leur premier grand championnat aux mondiaux d'athl\u00e9tisme en salle de Torun 2026"},{"@type":"BreadcrumbList","@id":"https:\/\/dicodusport.fr\/blog\/ces-trois-francais-qui-vont-vivre-leur-premier-grand-championnat-aux-mondiaux-en-salle-2026\/#breadcrumb","itemListElement":[{"@type":"ListItem","position":1,"name":"Accueil","item":"https:\/\/dicodusport.fr\/blog\/"},{"@type":"ListItem","position":2,"name":"Ces trois Fran\u00e7ais qui vont vivre leur premier grand championnat aux Mondiaux en salle 2026"}]},{"@type":"WebSite","@id":"https:\/\/dicodusport.fr\/blog\/#website","url":"https:\/\/dicodusport.fr\/blog\/","name":"Dicodusport","description":"L&#039;encyclop\u00e9die de l&#039;actualit\u00e9 sportive","publisher":{"@id":"https:\/\/dicodusport.fr\/blog\/#organization"},"potentialAction":[{"@type":"SearchAction","target":{"@type":"EntryPoint","urlTemplate":"https:\/\/dicodusport.fr\/blog\/?s={search_term_string}"},"query-input":{"@type":"PropertyValueSpecification","valueRequired":true,"valueName":"search_term_string"}}],"inLanguage":"fr-FR"},{"@type":"NewsMediaOrganization","@id":"https:\/\/dicodusport.fr\/blog\/#organization","name":"Dicodusport","url":"https:\/\/dicodusport.fr\/blog\/","logo":{"@type":"ImageObject","inLanguage":"fr-FR","@id":"https:\/\/dicodusport.fr\/blog\/#\/schema\/logo\/image\/","url":"https:\/\/dicodusport.fr\/blog\/wp-content\/uploads\/2020\/06\/cropped-LOGO-DICODUSPORT-2020-SANS-FOND-SANS-TEXTE.png","contentUrl":"https:\/\/dicodusport.fr\/blog\/wp-content\/uploads\/2020\/06\/cropped-LOGO-DICODUSPORT-2020-SANS-FOND-SANS-TEXTE.png","width":512,"height":512,"caption":"Dicodusport"},"image":{"@id":"https:\/\/dicodusport.fr\/blog\/#\/schema\/logo\/image\/"},"sameAs":["https:\/\/www.facebook.com\/dicodusport","https:\/\/x.com\/dicodusport","https:\/\/www.instagram.com\/dicodusport\/","https:\/\/www.youtube.com\/channel\/UC7V2KZ5sd3htJivAbA4ZG3w"],"description":"Dicodusport est l'encyclop\u00e9die de l'actualit\u00e9 sportive.","email":"bonjour@dicodusport.fr","legalName":"DICODUSPORT","foundingDate":"2018-01-14","vatID":"FR71834470973","taxID":"83447097300043","numberOfEmployees":{"@type":"QuantitativeValue","minValue":"1","maxValue":"10"}},{"@type":"Person","@id":"https:\/\/dicodusport.fr\/blog\/#\/schema\/person\/d603dd7da31fb2b46c82b9835a77ec13","name":"Etienne Goursaud","image":{"@type":"ImageObject","inLanguage":"fr-FR","@id":"https:\/\/dicodusport.fr\/blog\/#\/schema\/person\/image\/","url":"https:\/\/dicodusport.fr\/blog\/wp-content\/uploads\/2023\/12\/410122264_10231602061736049_5565839791558026645_n-150x150.jpg","contentUrl":"https:\/\/dicodusport.fr\/blog\/wp-content\/uploads\/2023\/12\/410122264_10231602061736049_5565839791558026645_n-150x150.jpg","caption":"Etienne Goursaud"},"description":"Journaliste et amoureux de sport. Ancien footballeur reconverti athl\u00e8te quand ses muscles le laissent tranquille. \u00c9lev\u00e9 \u00e0 la sauce des exploits de Thomas Voeckler en 2004, du dernier essai de l\u00e9gende de Eunice Barber \u00e0 la longueur lors des championnats du monde d'athl\u00e9tisme de 2003 mais aussi Zidane, Omeyer et Titou Lamaison.","url":"https:\/\/dicodusport.fr\/blog\/author\/etienne-goursaud\/"}]}},"_links":{"self":[{"href":"https:\/\/dicodusport.fr\/blog\/wp-json\/wp\/v2\/posts\/654956","targetHints":{"allow":["GET"]}}],"collection":[{"href":"https:\/\/dicodusport.fr\/blog\/wp-json\/wp\/v2\/posts"}],"about":[{"href":"https:\/\/dicodusport.fr\/blog\/wp-json\/wp\/v2\/types\/post"}],"author":[{"embeddable":true,"href":"https:\/\/dicodusport.fr\/blog\/wp-json\/wp\/v2\/users\/83"}],"replies":[{"embeddable":true,"href":"https:\/\/dicodusport.fr\/blog\/wp-json\/wp\/v2\/comments?post=654956"}],"version-history":[{"count":5,"href":"https:\/\/dicodusport.fr\/blog\/wp-json\/wp\/v2\/posts\/654956\/revisions"}],"predecessor-version":[{"id":656456,"href":"https:\/\/dicodusport.fr\/blog\/wp-json\/wp\/v2\/posts\/654956\/revisions\/656456"}],"wp:featuredmedia":[{"embeddable":true,"href":"https:\/\/dicodusport.fr\/blog\/wp-json\/wp\/v2\/media\/656112"}],"wp:attachment":[{"href":"https:\/\/dicodusport.fr\/blog\/wp-json\/wp\/v2\/media?parent=654956"}],"wp:term":[{"taxonomy":"category","embeddable":true,"href":"https:\/\/dicodusport.fr\/blog\/wp-json\/wp\/v2\/categories?post=654956"},{"taxonomy":"post_tag","embeddable":true,"href":"https:\/\/dicodusport.fr\/blog\/wp-json\/wp\/v2\/tags?post=654956"}],"curies":[{"name":"wp","href":"https:\/\/api.w.org\/{rel}","templated":true}]}}