{"id":655342,"date":"2026-03-28T22:00:14","date_gmt":"2026-03-28T21:00:14","guid":{"rendered":"https:\/\/dicodusport.fr\/blog\/?p=655342&#038;preview=true&#038;preview_id=655342"},"modified":"2026-03-28T22:05:04","modified_gmt":"2026-03-28T21:05:04","slug":"championnats-du-monde-de-patinage-artistique-2026-programme-complet-et-resultats","status":"publish","type":"post","link":"https:\/\/dicodusport.fr\/blog\/championnats-du-monde-de-patinage-artistique-2026-programme-complet-et-resultats\/","title":{"rendered":"Championnats du monde de patinage artistique 2026 : programme complet et r\u00e9sultats"},"content":{"rendered":"<p style=\"text-align: justify;\"><strong><em>Championnats du monde de patinage artistique 2026 : d\u00e9couvrez le programme complet et les r\u00e9sultats de la comp\u00e9tition organis\u00e9e \u00e0 Prague du 25 au 29 mars.<\/em><\/strong><\/p>\n<ul>\n<li><strong>\u00c0 ce sujet &#8211; <a href=\"https:\/\/www.ffsportsdeglace.fr\/selections-championnats-du-monde-de-patinage-artistique\/\" target=\"_blank\" rel=\"noopener\">La s\u00e9lection fran\u00e7aise pour les Championnats du monde de patinage artistique 2026<\/a><\/strong><\/li>\n<\/ul>\n<p style=\"text-align: justify;\"><strong>Les Championnats du monde de patinage artistique 2026<\/strong> se d\u00e9roulent du mercredi 25 mars au dimanche 29 mars \u00e0 <strong>Prague<\/strong>, en R\u00e9publique tch\u00e8que. Quelques semaines seulement apr\u00e8s la fin de la saison olympique, l\u2019\u00e9lite mondiale du patinage artistique se retrouve pour l\u2019un des rendez-vous les plus prestigieux du calendrier international. Cette comp\u00e9tition constitue chaque ann\u00e9e un moment fort de la saison, o\u00f9 les meilleurs patineurs de la plan\u00e8te viennent se disputer les titres mondiaux dans les diff\u00e9rentes disciplines.<\/p>\n<p style=\"text-align: justify;\">Durant cinq jours de comp\u00e9tition, les \u00e9preuves vont s\u2019encha\u00eener sur la glace praguoise avec les programmes courts et libres en <strong>simple messieurs<\/strong> et <strong>simple dames<\/strong>, les comp\u00e9titions de <strong>couples<\/strong> ainsi que la tr\u00e8s attendue <strong>danse sur glace<\/strong>. Les plus grandes stars de la discipline tenteront d\u2019inscrire leur nom au palmar\u00e8s mondial, tandis que plusieurs outsiders esp\u00e8rent cr\u00e9er la surprise et s\u2019inviter dans la lutte pour les m\u00e9dailles.<\/p>\n<p style=\"text-align: justify;\">Au fil de la semaine, la hi\u00e9rarchie mondiale pourrait \u00eatre bouscul\u00e9e dans une comp\u00e9tition souvent spectaculaire, o\u00f9 la r\u00e9gularit\u00e9, la technique et l\u2019expression artistique font la diff\u00e9rence. D\u00e9couvrez ci-dessous le <strong>programme complet<\/strong> ainsi que les <strong>r\u00e9sultats des Championnats du monde de patinage artistique 2026<\/strong>, mis \u00e0 jour au fur et \u00e0 mesure de l\u2019avanc\u00e9e de la comp\u00e9tition \u00e0 Prague.<\/p>\n<ul>\n<li><strong>\u00c0 ce sujet &#8211; <a href=\"https:\/\/dicodusport.fr\/blog\/championnats-du-monde-de-patinage-artistique-2026-tableau-des-medailles-mis-a-jour\/\" target=\"_blank\" rel=\"noopener\">Le tableau des m\u00e9dailles des Championnats du monde de patinage artistique 2026<\/a><\/strong><\/li>\n<\/ul>\n<h2 style=\"text-align: justify;\">Programme et r\u00e9sultats des Championnats du monde de patinage artistique 2026<\/h2>\n<h3 style=\"text-align: justify;\">Mercredi 25 mars<\/h3>\n<p style=\"text-align: justify;\"><strong>11h30 :<\/strong> <a href=\"https:\/\/www.isuresults.com\/results\/season2526\/wc2026\/SEG003.htm\" target=\"_blank\" rel=\"noopener\">Programme court dames<\/a><\/p>\n<p style=\"text-align: justify;\"><strong>18h :<\/strong> <a href=\"https:\/\/www.isuresults.com\/results\/season2526\/wc2026\/SEG005.htm\" target=\"_blank\" rel=\"noopener\">Programme court couple<\/a><\/p>\n<hr \/>\n<h3 style=\"text-align: justify;\">Jeudi 26 mars<\/h3>\n<p style=\"text-align: justify;\"><strong>11h30 :<\/strong> <a href=\"https:\/\/www.isuresults.com\/results\/season2526\/wc2026\/SEG001.htm\" target=\"_blank\" rel=\"noopener\">Programme court hommes<\/a><\/p>\n<p style=\"text-align: justify;\"><strong>18h15 :<\/strong> <a href=\"https:\/\/www.isuresults.com\/results\/season2526\/wc2026\/SEG006.htm\" target=\"_blank\" rel=\"noopener\">Programme libre couple<\/a> &#8211; <a href=\"https:\/\/www.isuresults.com\/results\/season2526\/wc2026\/CAT003RS.htmhttps:\/\/www.isuresults.com\/results\/season2526\/wc2026\/CAT003RS.htm\" target=\"_blank\" rel=\"noopener\"><strong>Classement final<\/strong><\/a><\/p>\n<ul>\n<li><a href=\"https:\/\/dicodusport.fr\/blog\/adam-siao-him-fa-bien-place-pour-une-medaille-le-resume-video-du-programme-court-aux-mondiaux-de-patinage-artistique\/\"><strong>Adam Siao Him Fa bien plac\u00e9<\/strong><\/a><\/li>\n<\/ul>\n<hr \/>\n<h3 style=\"text-align: justify;\">Vendredi 27 mars<\/h3>\n<p style=\"text-align: justify;\"><strong>11h30 :<\/strong> <a href=\"https:\/\/www.isuresults.com\/results\/season2526\/wc2026\/SEG007.htm\" target=\"_blank\" rel=\"noopener\">Danse sur glace : danse rythmique<\/a><\/p>\n<ul>\n<li><a href=\"https:\/\/dicodusport.fr\/blog\/laurence-fournier-beaudry-et-guillaume-cizeron-en-tete-apres-la-danse-rythmique-aux-mondiaux-de-patinage-artistique-2026\/\" target=\"_blank\" rel=\"noopener\"><strong>Laurence Fournier Beaudry et Guillaume Cizeron en t\u00eate<\/strong><\/a><\/li>\n<\/ul>\n<p style=\"text-align: justify;\"><strong>18h :<\/strong> <a href=\"http:\/\/Classic spring flower\" target=\"_blank\" rel=\"noopener\">Programme libre dames<\/a> &#8211; <a href=\"https:\/\/www.isuresults.com\/results\/season2526\/wc2026\/CAT002RS.htm\"><strong>Classement final<\/strong><\/a><\/p>\n<hr \/>\n<h3 style=\"text-align: justify;\">Samedi 28 mars<\/h3>\n<p style=\"text-align: justify;\"><b>12h30 : <\/b><a href=\"https:\/\/www.isuresults.com\/results\/season2526\/wc2026\/SEG002.htm\" target=\"_blank\" rel=\"noopener\">Programme libre hommes<\/a> &#8211; <a href=\"https:\/\/www.isuresults.com\/results\/season2526\/wc2026\/CAT001RS.htm\" target=\"_blank\" rel=\"noopener\"><strong>Classement final<\/strong><\/a><\/p>\n<p style=\"text-align: justify;\"><strong>18h30 :<\/strong> <a href=\"https:\/\/www.isuresults.com\/results\/season2526\/wc2026\/SEG008.htm\" target=\"_blank\" rel=\"noopener\">Danse sur glace programme libre<\/a> &#8211; <a href=\"https:\/\/www.isuresults.com\/results\/season2526\/wc2026\/CAT004RS.htm\" target=\"_blank\" rel=\"noopener\"><strong>Classement final<\/strong><\/a><\/p>\n<ul>\n<li><a href=\"https:\/\/dicodusport.fr\/blog\/apres-lor-olympique-laurence-fournier-beaudry-et-guillaume-cizeron-soffrent-le-titre-mondial-en-danse-sur-glace\/\" target=\"_blank\" rel=\"noopener\"><strong>Titre mondial pour Laurence Fournier Beaudry et Guillaume Cizeron !<\/strong><\/a><\/li>\n<\/ul>\n<hr \/>\n<h3 style=\"text-align: justify;\">Dimanche 29 mars<\/h3>\n<p style=\"text-align: justify;\"><strong>14h30 :<\/strong> Gala des champions<\/p>\n<hr \/>\n<h2 style=\"text-align: justify;\">Retransmission t\u00e9l\u00e9vis\u00e9e<\/h2>\n<p style=\"text-align: justify;\">La comp\u00e9tition est \u00e0 suivre sur les antennes de <strong>France T\u00e9l\u00e9visions<\/strong> et <strong>Eurosport<\/strong>.<\/p>\n<ul>\n<li style=\"text-align: justify;\"><a href=\"https:\/\/www.france.tv\/sport\/sports-d-hiver\/championnats-du-monde-de-patinage-artistique\/\" target=\"_blank\" rel=\"noopener\"><strong>France.tv<\/strong><\/a><strong> :<\/strong> samedi \u00e0 12h30 &amp; 18h30 et dimanche \u00e0 14h30.<\/li>\n<li style=\"text-align: justify;\"><strong>France 2 :<\/strong> samedi \u00e0 20h50<\/li>\n<li style=\"text-align: justify;\"><strong>France 3 :<\/strong> samedi \u00e0 14h35 &amp; dimanche \u00e0 15h40<\/li>\n<li style=\"text-align: justify;\"><strong>France 4 :<\/strong> vendredi \u00e0 20h30<\/li>\n<li style=\"text-align: justify;\"><strong>Eurosport 1 <\/strong>: mercredi \u00e0 14h30, jeudi \u00e0 11h25, vendredi \u00e0 11h15 et samedi \u00e0 12h50 &amp; 18h25<\/li>\n<li style=\"text-align: justify;\"><strong>Eurosport 2 <\/strong>: mercredi \u00e0 18h40, jeudi \u00e0 18h10, vendredi \u00e0 17h45 et samedi \u00e0 18h30<\/li>\n<\/ul>\n<h2>Les podiums<\/h2>\n<div class=\"su-table su-table-alternate\">\n<table style=\"width: 800px;border-collapse: collapse\">\n<tbody>\n<tr>\n<td style=\"text-align: center;width: 200px;vertical-align: middle\"><strong>\u00c9preuves<\/strong><\/td>\n<td style=\"background-color: #fff242;text-align: center;width: 200px;vertical-align: middle\"><strong>\ud83e\udd47 Or<\/strong><\/td>\n<td style=\"background-color: #a8a8a8;text-align: center;width: 200px;vertical-align: middle\"><strong>\ud83e\udd48 Argent<\/strong><\/td>\n<td style=\"background-color: #c97159;text-align: center;width: 200px;vertical-align: middle\"><strong>\ud83e\udd49 Bronze<\/strong><\/td>\n<\/tr>\n<tr>\n<td style=\"text-align: center;width: 200px;vertical-align: middle\"><strong>Dames<\/strong><\/td>\n<td style=\"text-align: center;width: 200px;vertical-align: middle\">\ud83c\uddef\ud83c\uddf5 <strong>Kaori Sakamoto<br \/>\n238.28 pts<\/strong><\/td>\n<td style=\"text-align: center;width: 200px;vertical-align: middle\">\ud83c\uddef\ud83c\uddf5 Mone Chiba<br \/>\n228.47 pts<\/td>\n<td style=\"text-align: center;width: 200px;vertical-align: middle\">\ud83c\udde7\ud83c\uddea Nina Pinzarrone<br \/>\n215.20 pts<\/td>\n<\/tr>\n<tr>\n<td style=\"text-align: center;width: 200px;vertical-align: middle\"><strong>Hommes<\/strong><\/td>\n<td style=\"text-align: center;width: 200px;vertical-align: middle\">\ud83c\uddfa\ud83c\uddf8 <strong>Ilia Malinin<br \/>\n329.40<\/strong><\/td>\n<td style=\"text-align: center;width: 200px;vertical-align: middle\">\ud83c\uddef\ud83c\uddf5 Yuma Kagiyama<br \/>\n306.67 pts<\/td>\n<td style=\"text-align: center;width: 200px;vertical-align: middle\">\ud83c\uddef\ud83c\uddf5 Shun Sato<br \/>\n288.54 pts<\/td>\n<\/tr>\n<tr>\n<td style=\"text-align: center;width: 200px;vertical-align: middle\"><strong>Couple<\/strong><\/td>\n<td style=\"text-align: center;width: 200px;vertical-align: middle\">\ud83c\udde9\ud83c\uddea <strong>Minerva Hase\/Nikita Volodin<br \/>\n228.33 pts<\/strong><\/td>\n<td style=\"text-align: center;width: 200px;vertical-align: middle\">\ud83c\uddec\ud83c\uddea Anastasiia Metelkina\/Luka Berulava<br \/>\n218.41 pts<\/td>\n<td style=\"text-align: center;width: 200px;vertical-align: middle\">\ud83c\udde8\ud83c\udde6 Lia Pereira\/Trennt Michaud<br \/>\n216.09<\/td>\n<\/tr>\n<tr>\n<td style=\"text-align: center;width: 200px;vertical-align: middle\"><strong>Danse sur glace<\/strong><\/td>\n<td style=\"text-align: center;width: 200px;vertical-align: middle\">\ud83c\uddeb\ud83c\uddf7 <strong>Laurence Fournier<\/strong> <strong>Beaudry\/Guillaume<\/strong> <strong>Cizeron<\/strong><br \/>\n<strong>230.81 pts<\/strong><\/td>\n<td style=\"text-align: center;width: 200px;vertical-align: middle\">\ud83c\udde8\ud83c\udde6 Piper Gilles\/Paul Poirier<br \/>\n211.52 pts<\/td>\n<td style=\"text-align: center;width: 200px;vertical-align: middle\">\ud83c\uddfa\ud83c\uddf8 Emilea Zingas\/Vadym Kolesnik<br \/>\n209.20 pts<\/td>\n<\/tr>\n<\/tbody>\n<\/table>\n<\/div>\n<p>&nbsp;<\/p>\n<hr \/>\n","protected":false},"excerpt":{"rendered":"<p>Championnats du monde de patinage artistique 2026 : d\u00e9couvrez le programme complet et les r\u00e9sultats de la comp\u00e9tition organis\u00e9e \u00e0 Prague du 25 au 29 mars.<\/p>\n","protected":false},"author":12,"featured_media":658132,"comment_status":"open","ping_status":"closed","sticky":false,"template":"","format":"standard","meta":{"_acf_changed":false,"_daextam_enable_autolinks":"1","footnotes":""},"categories":[9141],"tags":[16878,30509,2289],"class_list":["post-655342","post","type-post","status-publish","format-standard","has-post-thumbnail","hentry","category-patinage-artistique","tag-breve","tag-championnats-du-monde-de-patinage-artistique","tag-patinage-artistique"],"acf":[],"yoast_head":"<!-- This site is optimized with the Yoast SEO Premium plugin v26.7 (Yoast SEO v26.7) - https:\/\/yoast.com\/wordpress\/plugins\/seo\/ -->\n<title>Championnats du monde de patinage artistique 2026 : programme complet et r\u00e9sultats<\/title>\n<meta name=\"description\" content=\"Championnats du monde de patinage artistique 2026 : d\u00e9couvrez le programme complet et les r\u00e9sultats de la comp\u00e9tition organis\u00e9e \u00e0 Prague du 25 au 29 mars.\" \/>\n<meta name=\"robots\" content=\"index, follow, max-snippet:-1, max-image-preview:large, max-video-preview:-1\" \/>\n<link rel=\"canonical\" href=\"https:\/\/dicodusport.fr\/blog\/championnats-du-monde-de-patinage-artistique-2026-programme-complet-et-resultats\/\" \/>\n<meta property=\"og:locale\" content=\"fr_FR\" \/>\n<meta property=\"og:type\" content=\"article\" \/>\n<meta property=\"og:title\" content=\"Championnats du monde de patinage artistique 2026 : programme complet et r\u00e9sultats\" \/>\n<meta property=\"og:description\" content=\"Championnats du monde de patinage artistique 2026 : d\u00e9couvrez le programme complet et les r\u00e9sultats de la comp\u00e9tition organis\u00e9e \u00e0 Prague du 25 au 29 mars.\" \/>\n<meta property=\"og:url\" content=\"https:\/\/dicodusport.fr\/blog\/championnats-du-monde-de-patinage-artistique-2026-programme-complet-et-resultats\/\" \/>\n<meta property=\"og:site_name\" content=\"Dicodusport\" \/>\n<meta property=\"article:publisher\" content=\"https:\/\/www.facebook.com\/dicodusport\" \/>\n<meta property=\"article:published_time\" content=\"2026-03-28T21:00:14+00:00\" \/>\n<meta property=\"article:modified_time\" content=\"2026-03-28T21:05:04+00:00\" \/>\n<meta property=\"og:image\" content=\"https:\/\/dicodusport.fr\/blog\/wp-content\/uploads\/2026\/03\/Championnats-du-monde-de-patinage-artistique-2026-programme-complet-et-resultats.png\" \/>\n\t<meta property=\"og:image:width\" content=\"1200\" \/>\n\t<meta property=\"og:image:height\" content=\"674\" \/>\n\t<meta property=\"og:image:type\" content=\"image\/png\" \/>\n<meta name=\"author\" content=\"Arlette Yeye\" \/>\n<meta name=\"twitter:card\" content=\"summary_large_image\" \/>\n<meta name=\"twitter:title\" content=\"Championnats du monde de patinage artistique 2026 : programme complet et r\u00e9sultats\" \/>\n<meta name=\"twitter:creator\" content=\"@https:\/\/twitter.com\/Shiclette94\" \/>\n<meta name=\"twitter:site\" content=\"@dicodusport\" \/>\n<script type=\"application\/ld+json\" class=\"yoast-schema-graph\">{\"@context\":\"https:\/\/schema.org\",\"@graph\":[{\"@type\":\"NewsArticle\",\"@id\":\"https:\/\/dicodusport.fr\/blog\/championnats-du-monde-de-patinage-artistique-2026-programme-complet-et-resultats\/#article\",\"isPartOf\":{\"@id\":\"https:\/\/dicodusport.fr\/blog\/championnats-du-monde-de-patinage-artistique-2026-programme-complet-et-resultats\/\"},\"author\":{\"name\":\"Arlette Yeye\",\"@id\":\"https:\/\/dicodusport.fr\/blog\/#\/schema\/person\/cce96fa88785bd8573e3d43078ac8c79\"},\"headline\":\"Championnats du monde de patinage artistique 2026 : programme complet et r\u00e9sultats\",\"datePublished\":\"2026-03-28T21:00:14+00:00\",\"dateModified\":\"2026-03-28T21:05:04+00:00\",\"mainEntityOfPage\":{\"@id\":\"https:\/\/dicodusport.fr\/blog\/championnats-du-monde-de-patinage-artistique-2026-programme-complet-et-resultats\/\"},\"wordCount\":519,\"commentCount\":0,\"publisher\":{\"@id\":\"https:\/\/dicodusport.fr\/blog\/#organization\"},\"image\":{\"@id\":\"https:\/\/dicodusport.fr\/blog\/championnats-du-monde-de-patinage-artistique-2026-programme-complet-et-resultats\/#primaryimage\"},\"thumbnailUrl\":\"https:\/\/dicodusport.fr\/blog\/wp-content\/uploads\/2026\/03\/Championnats-du-monde-de-patinage-artistique-2026-programme-complet-et-resultats.png\",\"keywords\":[\"br\u00e8ve\",\"championnats du monde de patinage artistique\",\"Patinage artistique\"],\"articleSection\":[\"Patinage artistique\"],\"inLanguage\":\"fr-FR\",\"potentialAction\":[{\"@type\":\"CommentAction\",\"name\":\"Comment\",\"target\":[\"https:\/\/dicodusport.fr\/blog\/championnats-du-monde-de-patinage-artistique-2026-programme-complet-et-resultats\/#respond\"]}],\"copyrightYear\":\"2026\",\"copyrightHolder\":{\"@id\":\"https:\/\/dicodusport.fr\/blog\/#organization\"}},{\"@type\":\"WebPage\",\"@id\":\"https:\/\/dicodusport.fr\/blog\/championnats-du-monde-de-patinage-artistique-2026-programme-complet-et-resultats\/\",\"url\":\"https:\/\/dicodusport.fr\/blog\/championnats-du-monde-de-patinage-artistique-2026-programme-complet-et-resultats\/\",\"name\":\"Championnats du monde de patinage artistique 2026 : programme complet et r\u00e9sultats\",\"isPartOf\":{\"@id\":\"https:\/\/dicodusport.fr\/blog\/#website\"},\"primaryImageOfPage\":{\"@id\":\"https:\/\/dicodusport.fr\/blog\/championnats-du-monde-de-patinage-artistique-2026-programme-complet-et-resultats\/#primaryimage\"},\"image\":{\"@id\":\"https:\/\/dicodusport.fr\/blog\/championnats-du-monde-de-patinage-artistique-2026-programme-complet-et-resultats\/#primaryimage\"},\"thumbnailUrl\":\"https:\/\/dicodusport.fr\/blog\/wp-content\/uploads\/2026\/03\/Championnats-du-monde-de-patinage-artistique-2026-programme-complet-et-resultats.png\",\"datePublished\":\"2026-03-28T21:00:14+00:00\",\"dateModified\":\"2026-03-28T21:05:04+00:00\",\"description\":\"Championnats du monde de patinage artistique 2026 : d\u00e9couvrez le programme complet et les r\u00e9sultats de la comp\u00e9tition organis\u00e9e \u00e0 Prague du 25 au 29 mars.\",\"breadcrumb\":{\"@id\":\"https:\/\/dicodusport.fr\/blog\/championnats-du-monde-de-patinage-artistique-2026-programme-complet-et-resultats\/#breadcrumb\"},\"inLanguage\":\"fr-FR\",\"potentialAction\":[{\"@type\":\"ReadAction\",\"target\":[\"https:\/\/dicodusport.fr\/blog\/championnats-du-monde-de-patinage-artistique-2026-programme-complet-et-resultats\/\"]}]},{\"@type\":\"ImageObject\",\"inLanguage\":\"fr-FR\",\"@id\":\"https:\/\/dicodusport.fr\/blog\/championnats-du-monde-de-patinage-artistique-2026-programme-complet-et-resultats\/#primaryimage\",\"url\":\"https:\/\/dicodusport.fr\/blog\/wp-content\/uploads\/2026\/03\/Championnats-du-monde-de-patinage-artistique-2026-programme-complet-et-resultats.png\",\"contentUrl\":\"https:\/\/dicodusport.fr\/blog\/wp-content\/uploads\/2026\/03\/Championnats-du-monde-de-patinage-artistique-2026-programme-complet-et-resultats.png\",\"width\":1200,\"height\":674,\"caption\":\"Championnats du monde de patinage artistique 2026 programme complet et r\u00e9sultats\"},{\"@type\":\"BreadcrumbList\",\"@id\":\"https:\/\/dicodusport.fr\/blog\/championnats-du-monde-de-patinage-artistique-2026-programme-complet-et-resultats\/#breadcrumb\",\"itemListElement\":[{\"@type\":\"ListItem\",\"position\":1,\"name\":\"Accueil\",\"item\":\"https:\/\/dicodusport.fr\/blog\/\"},{\"@type\":\"ListItem\",\"position\":2,\"name\":\"Championnats du monde de patinage artistique 2026 : programme complet et r\u00e9sultats\"}]},{\"@type\":\"WebSite\",\"@id\":\"https:\/\/dicodusport.fr\/blog\/#website\",\"url\":\"https:\/\/dicodusport.fr\/blog\/\",\"name\":\"Dicodusport\",\"description\":\"L&#039;encyclop\u00e9die de l&#039;actualit\u00e9 sportive\",\"publisher\":{\"@id\":\"https:\/\/dicodusport.fr\/blog\/#organization\"},\"potentialAction\":[{\"@type\":\"SearchAction\",\"target\":{\"@type\":\"EntryPoint\",\"urlTemplate\":\"https:\/\/dicodusport.fr\/blog\/?s={search_term_string}\"},\"query-input\":{\"@type\":\"PropertyValueSpecification\",\"valueRequired\":true,\"valueName\":\"search_term_string\"}}],\"inLanguage\":\"fr-FR\"},{\"@type\":\"NewsMediaOrganization\",\"@id\":\"https:\/\/dicodusport.fr\/blog\/#organization\",\"name\":\"Dicodusport\",\"url\":\"https:\/\/dicodusport.fr\/blog\/\",\"logo\":{\"@type\":\"ImageObject\",\"inLanguage\":\"fr-FR\",\"@id\":\"https:\/\/dicodusport.fr\/blog\/#\/schema\/logo\/image\/\",\"url\":\"https:\/\/dicodusport.fr\/blog\/wp-content\/uploads\/2020\/06\/cropped-LOGO-DICODUSPORT-2020-SANS-FOND-SANS-TEXTE.png\",\"contentUrl\":\"https:\/\/dicodusport.fr\/blog\/wp-content\/uploads\/2020\/06\/cropped-LOGO-DICODUSPORT-2020-SANS-FOND-SANS-TEXTE.png\",\"width\":512,\"height\":512,\"caption\":\"Dicodusport\"},\"image\":{\"@id\":\"https:\/\/dicodusport.fr\/blog\/#\/schema\/logo\/image\/\"},\"sameAs\":[\"https:\/\/www.facebook.com\/dicodusport\",\"https:\/\/x.com\/dicodusport\",\"https:\/\/www.instagram.com\/dicodusport\/\",\"https:\/\/www.youtube.com\/channel\/UC7V2KZ5sd3htJivAbA4ZG3w\"],\"description\":\"Dicodusport est l'encyclop\u00e9die de l'actualit\u00e9 sportive.\",\"email\":\"bonjour@dicodusport.fr\",\"legalName\":\"DICODUSPORT\",\"foundingDate\":\"2018-01-14\",\"vatID\":\"FR71834470973\",\"taxID\":\"83447097300043\",\"numberOfEmployees\":{\"@type\":\"QuantitativeValue\",\"minValue\":\"1\",\"maxValue\":\"10\"}},{\"@type\":\"Person\",\"@id\":\"https:\/\/dicodusport.fr\/blog\/#\/schema\/person\/cce96fa88785bd8573e3d43078ac8c79\",\"name\":\"Arlette Yeye\",\"image\":{\"@type\":\"ImageObject\",\"inLanguage\":\"fr-FR\",\"@id\":\"https:\/\/dicodusport.fr\/blog\/#\/schema\/person\/image\/\",\"url\":\"https:\/\/secure.gravatar.com\/avatar\/dca4a6239e6d708e46c45d60e160de6c?s=96&d=wp_user_avatar&r=g\",\"contentUrl\":\"https:\/\/secure.gravatar.com\/avatar\/dca4a6239e6d708e46c45d60e160de6c?s=96&d=wp_user_avatar&r=g\",\"caption\":\"Arlette Yeye\"},\"description\":\"Journaliste\/r\u00e9dactrice depuis septembre 2015 - Supportrice de Chelsea, j'ai pour sports de pr\u00e9dilection le handball, l'athl\u00e9tisme et le tennis. Si je tweete plus vite que mon ombre, vous pouvez aussi me retrouver les week-ends sur les playgrounds de Bruxelles pour un petit foot ou basket entre potes. Parcourir la France, l'Europe et plus si affinit\u00e9s pour suivre mes sportifs pr\u00e9f\u00e9r\u00e9s ? Mon kif ! Et c'est avec plaisir que je partage les r\u00e9sultats des sports populaires mais \u00e9galement plus confidentiels pour Dicodusport.\",\"sameAs\":[\"https:\/\/x.com\/https:\/\/twitter.com\/Shiclette94\"],\"url\":\"https:\/\/dicodusport.fr\/blog\/author\/arlette\/\"}]}<\/script>\n<!-- \/ Yoast SEO Premium plugin. -->","yoast_head_json":{"title":"Championnats du monde de patinage artistique 2026 : programme complet et r\u00e9sultats","description":"Championnats du monde de patinage artistique 2026 : d\u00e9couvrez le programme complet et les r\u00e9sultats de la comp\u00e9tition organis\u00e9e \u00e0 Prague du 25 au 29 mars.","robots":{"index":"index","follow":"follow","max-snippet":"max-snippet:-1","max-image-preview":"max-image-preview:large","max-video-preview":"max-video-preview:-1"},"canonical":"https:\/\/dicodusport.fr\/blog\/championnats-du-monde-de-patinage-artistique-2026-programme-complet-et-resultats\/","og_locale":"fr_FR","og_type":"article","og_title":"Championnats du monde de patinage artistique 2026 : programme complet et r\u00e9sultats","og_description":"Championnats du monde de patinage artistique 2026 : d\u00e9couvrez le programme complet et les r\u00e9sultats de la comp\u00e9tition organis\u00e9e \u00e0 Prague du 25 au 29 mars.","og_url":"https:\/\/dicodusport.fr\/blog\/championnats-du-monde-de-patinage-artistique-2026-programme-complet-et-resultats\/","og_site_name":"Dicodusport","article_publisher":"https:\/\/www.facebook.com\/dicodusport","article_published_time":"2026-03-28T21:00:14+00:00","article_modified_time":"2026-03-28T21:05:04+00:00","og_image":[{"width":1200,"height":674,"url":"https:\/\/dicodusport.fr\/blog\/wp-content\/uploads\/2026\/03\/Championnats-du-monde-de-patinage-artistique-2026-programme-complet-et-resultats.png","type":"image\/png"}],"author":"Arlette Yeye","twitter_card":"summary_large_image","twitter_title":"Championnats du monde de patinage artistique 2026 : programme complet et r\u00e9sultats","twitter_creator":"@https:\/\/twitter.com\/Shiclette94","twitter_site":"@dicodusport","schema":{"@context":"https:\/\/schema.org","@graph":[{"@type":"NewsArticle","@id":"https:\/\/dicodusport.fr\/blog\/championnats-du-monde-de-patinage-artistique-2026-programme-complet-et-resultats\/#article","isPartOf":{"@id":"https:\/\/dicodusport.fr\/blog\/championnats-du-monde-de-patinage-artistique-2026-programme-complet-et-resultats\/"},"author":{"name":"Arlette Yeye","@id":"https:\/\/dicodusport.fr\/blog\/#\/schema\/person\/cce96fa88785bd8573e3d43078ac8c79"},"headline":"Championnats du monde de patinage artistique 2026 : programme complet et r\u00e9sultats","datePublished":"2026-03-28T21:00:14+00:00","dateModified":"2026-03-28T21:05:04+00:00","mainEntityOfPage":{"@id":"https:\/\/dicodusport.fr\/blog\/championnats-du-monde-de-patinage-artistique-2026-programme-complet-et-resultats\/"},"wordCount":519,"commentCount":0,"publisher":{"@id":"https:\/\/dicodusport.fr\/blog\/#organization"},"image":{"@id":"https:\/\/dicodusport.fr\/blog\/championnats-du-monde-de-patinage-artistique-2026-programme-complet-et-resultats\/#primaryimage"},"thumbnailUrl":"https:\/\/dicodusport.fr\/blog\/wp-content\/uploads\/2026\/03\/Championnats-du-monde-de-patinage-artistique-2026-programme-complet-et-resultats.png","keywords":["br\u00e8ve","championnats du monde de patinage artistique","Patinage artistique"],"articleSection":["Patinage artistique"],"inLanguage":"fr-FR","potentialAction":[{"@type":"CommentAction","name":"Comment","target":["https:\/\/dicodusport.fr\/blog\/championnats-du-monde-de-patinage-artistique-2026-programme-complet-et-resultats\/#respond"]}],"copyrightYear":"2026","copyrightHolder":{"@id":"https:\/\/dicodusport.fr\/blog\/#organization"}},{"@type":"WebPage","@id":"https:\/\/dicodusport.fr\/blog\/championnats-du-monde-de-patinage-artistique-2026-programme-complet-et-resultats\/","url":"https:\/\/dicodusport.fr\/blog\/championnats-du-monde-de-patinage-artistique-2026-programme-complet-et-resultats\/","name":"Championnats du monde de patinage artistique 2026 : programme complet et r\u00e9sultats","isPartOf":{"@id":"https:\/\/dicodusport.fr\/blog\/#website"},"primaryImageOfPage":{"@id":"https:\/\/dicodusport.fr\/blog\/championnats-du-monde-de-patinage-artistique-2026-programme-complet-et-resultats\/#primaryimage"},"image":{"@id":"https:\/\/dicodusport.fr\/blog\/championnats-du-monde-de-patinage-artistique-2026-programme-complet-et-resultats\/#primaryimage"},"thumbnailUrl":"https:\/\/dicodusport.fr\/blog\/wp-content\/uploads\/2026\/03\/Championnats-du-monde-de-patinage-artistique-2026-programme-complet-et-resultats.png","datePublished":"2026-03-28T21:00:14+00:00","dateModified":"2026-03-28T21:05:04+00:00","description":"Championnats du monde de patinage artistique 2026 : d\u00e9couvrez le programme complet et les r\u00e9sultats de la comp\u00e9tition organis\u00e9e \u00e0 Prague du 25 au 29 mars.","breadcrumb":{"@id":"https:\/\/dicodusport.fr\/blog\/championnats-du-monde-de-patinage-artistique-2026-programme-complet-et-resultats\/#breadcrumb"},"inLanguage":"fr-FR","potentialAction":[{"@type":"ReadAction","target":["https:\/\/dicodusport.fr\/blog\/championnats-du-monde-de-patinage-artistique-2026-programme-complet-et-resultats\/"]}]},{"@type":"ImageObject","inLanguage":"fr-FR","@id":"https:\/\/dicodusport.fr\/blog\/championnats-du-monde-de-patinage-artistique-2026-programme-complet-et-resultats\/#primaryimage","url":"https:\/\/dicodusport.fr\/blog\/wp-content\/uploads\/2026\/03\/Championnats-du-monde-de-patinage-artistique-2026-programme-complet-et-resultats.png","contentUrl":"https:\/\/dicodusport.fr\/blog\/wp-content\/uploads\/2026\/03\/Championnats-du-monde-de-patinage-artistique-2026-programme-complet-et-resultats.png","width":1200,"height":674,"caption":"Championnats du monde de patinage artistique 2026 programme complet et r\u00e9sultats"},{"@type":"BreadcrumbList","@id":"https:\/\/dicodusport.fr\/blog\/championnats-du-monde-de-patinage-artistique-2026-programme-complet-et-resultats\/#breadcrumb","itemListElement":[{"@type":"ListItem","position":1,"name":"Accueil","item":"https:\/\/dicodusport.fr\/blog\/"},{"@type":"ListItem","position":2,"name":"Championnats du monde de patinage artistique 2026 : programme complet et r\u00e9sultats"}]},{"@type":"WebSite","@id":"https:\/\/dicodusport.fr\/blog\/#website","url":"https:\/\/dicodusport.fr\/blog\/","name":"Dicodusport","description":"L&#039;encyclop\u00e9die de l&#039;actualit\u00e9 sportive","publisher":{"@id":"https:\/\/dicodusport.fr\/blog\/#organization"},"potentialAction":[{"@type":"SearchAction","target":{"@type":"EntryPoint","urlTemplate":"https:\/\/dicodusport.fr\/blog\/?s={search_term_string}"},"query-input":{"@type":"PropertyValueSpecification","valueRequired":true,"valueName":"search_term_string"}}],"inLanguage":"fr-FR"},{"@type":"NewsMediaOrganization","@id":"https:\/\/dicodusport.fr\/blog\/#organization","name":"Dicodusport","url":"https:\/\/dicodusport.fr\/blog\/","logo":{"@type":"ImageObject","inLanguage":"fr-FR","@id":"https:\/\/dicodusport.fr\/blog\/#\/schema\/logo\/image\/","url":"https:\/\/dicodusport.fr\/blog\/wp-content\/uploads\/2020\/06\/cropped-LOGO-DICODUSPORT-2020-SANS-FOND-SANS-TEXTE.png","contentUrl":"https:\/\/dicodusport.fr\/blog\/wp-content\/uploads\/2020\/06\/cropped-LOGO-DICODUSPORT-2020-SANS-FOND-SANS-TEXTE.png","width":512,"height":512,"caption":"Dicodusport"},"image":{"@id":"https:\/\/dicodusport.fr\/blog\/#\/schema\/logo\/image\/"},"sameAs":["https:\/\/www.facebook.com\/dicodusport","https:\/\/x.com\/dicodusport","https:\/\/www.instagram.com\/dicodusport\/","https:\/\/www.youtube.com\/channel\/UC7V2KZ5sd3htJivAbA4ZG3w"],"description":"Dicodusport est l'encyclop\u00e9die de l'actualit\u00e9 sportive.","email":"bonjour@dicodusport.fr","legalName":"DICODUSPORT","foundingDate":"2018-01-14","vatID":"FR71834470973","taxID":"83447097300043","numberOfEmployees":{"@type":"QuantitativeValue","minValue":"1","maxValue":"10"}},{"@type":"Person","@id":"https:\/\/dicodusport.fr\/blog\/#\/schema\/person\/cce96fa88785bd8573e3d43078ac8c79","name":"Arlette Yeye","image":{"@type":"ImageObject","inLanguage":"fr-FR","@id":"https:\/\/dicodusport.fr\/blog\/#\/schema\/person\/image\/","url":"https:\/\/secure.gravatar.com\/avatar\/dca4a6239e6d708e46c45d60e160de6c?s=96&d=wp_user_avatar&r=g","contentUrl":"https:\/\/secure.gravatar.com\/avatar\/dca4a6239e6d708e46c45d60e160de6c?s=96&d=wp_user_avatar&r=g","caption":"Arlette Yeye"},"description":"Journaliste\/r\u00e9dactrice depuis septembre 2015 - Supportrice de Chelsea, j'ai pour sports de pr\u00e9dilection le handball, l'athl\u00e9tisme et le tennis. Si je tweete plus vite que mon ombre, vous pouvez aussi me retrouver les week-ends sur les playgrounds de Bruxelles pour un petit foot ou basket entre potes. Parcourir la France, l'Europe et plus si affinit\u00e9s pour suivre mes sportifs pr\u00e9f\u00e9r\u00e9s ? Mon kif ! Et c'est avec plaisir que je partage les r\u00e9sultats des sports populaires mais \u00e9galement plus confidentiels pour Dicodusport.","sameAs":["https:\/\/x.com\/https:\/\/twitter.com\/Shiclette94"],"url":"https:\/\/dicodusport.fr\/blog\/author\/arlette\/"}]}},"_links":{"self":[{"href":"https:\/\/dicodusport.fr\/blog\/wp-json\/wp\/v2\/posts\/655342","targetHints":{"allow":["GET"]}}],"collection":[{"href":"https:\/\/dicodusport.fr\/blog\/wp-json\/wp\/v2\/posts"}],"about":[{"href":"https:\/\/dicodusport.fr\/blog\/wp-json\/wp\/v2\/types\/post"}],"author":[{"embeddable":true,"href":"https:\/\/dicodusport.fr\/blog\/wp-json\/wp\/v2\/users\/12"}],"replies":[{"embeddable":true,"href":"https:\/\/dicodusport.fr\/blog\/wp-json\/wp\/v2\/comments?post=655342"}],"version-history":[{"count":6,"href":"https:\/\/dicodusport.fr\/blog\/wp-json\/wp\/v2\/posts\/655342\/revisions"}],"predecessor-version":[{"id":659040,"href":"https:\/\/dicodusport.fr\/blog\/wp-json\/wp\/v2\/posts\/655342\/revisions\/659040"}],"wp:featuredmedia":[{"embeddable":true,"href":"https:\/\/dicodusport.fr\/blog\/wp-json\/wp\/v2\/media\/658132"}],"wp:attachment":[{"href":"https:\/\/dicodusport.fr\/blog\/wp-json\/wp\/v2\/media?parent=655342"}],"wp:term":[{"taxonomy":"category","embeddable":true,"href":"https:\/\/dicodusport.fr\/blog\/wp-json\/wp\/v2\/categories?post=655342"},{"taxonomy":"post_tag","embeddable":true,"href":"https:\/\/dicodusport.fr\/blog\/wp-json\/wp\/v2\/tags?post=655342"}],"curies":[{"name":"wp","href":"https:\/\/api.w.org\/{rel}","templated":true}]}}