{"id":655452,"date":"2026-03-14T15:04:38","date_gmt":"2026-03-14T14:04:38","guid":{"rendered":"https:\/\/dicodusport.fr\/blog\/?p=655452&#038;preview=true&#038;preview_id=655452"},"modified":"2026-03-14T17:54:22","modified_gmt":"2026-03-14T16:54:22","slug":"le-champion-de-france-dorian-godon-rafle-une-7e-etape-tronquee-sur-paris-nice","status":"publish","type":"post","link":"https:\/\/dicodusport.fr\/blog\/le-champion-de-france-dorian-godon-rafle-une-7e-etape-tronquee-sur-paris-nice\/","title":{"rendered":"Le champion de France Dorian Godon rafle une 7e \u00e9tape tronqu\u00e9e sur Paris-Nice"},"content":{"rendered":"<p style=\"text-align: justify;\"><strong><em>PARIS-NICE 2026 &#8211; Le champion de France Dorian Godon remporte un sprint de costauds \u00e0 Isola Village et ouvre son compte avec INEOS Grenadiers.<\/em><\/strong><\/p>\n<ul>\n<li style=\"text-align: justify;\"><strong>\u00c0 ce sujet \u2013\u00a0<a href=\"https:\/\/dicodusport.fr\/blog\/paris-nice-2026-le-parcours-complet-et-le-profil-des-8-etapes\/\">Paris-Nice 2026 : le parcours complet et le profil des 8 \u00e9tapes<\/a><\/strong><\/li>\n<\/ul>\n<p style=\"text-align: justify;\">Un long faux-plat montant de 47 km, destination <strong>Isola Village<\/strong> : voil\u00e0 \u00e0 quoi se r\u00e9sumait la septi\u00e8me \u00e9tape de ce <strong>Paris-Nice<\/strong>. Bien \u00e9videmment, l&rsquo;annulation de la mont\u00e9e d&rsquo;<strong>Auron<\/strong>, apprise hier dans la soir\u00e9e, la faute \u00e0 un enneigement massif, puis l&rsquo;annonce d&rsquo;un d\u00e9part diff\u00e9r\u00e9 ce matin \u00e0 cause de routes gorg\u00e9es d&rsquo;eau pr\u00e8s de <strong>Nice<\/strong>, faisaient sans doute largement sens au nom de la s\u00e9curit\u00e9 des coureurs. L&rsquo;int\u00e9r\u00eat sportif d&rsquo;une \u00e9tape pass\u00e9e du statut de reine \u00e0 arriv\u00e9e pour sprinteurs \u00e0 l&rsquo;aise en bosse en prenait certes un petit coup.<\/p>\n<ul>\n<li style=\"text-align: justify;\"><strong>\u00c0 ce sujet \u2013 <a href=\"https:\/\/dicodusport.fr\/blog\/7e-etape-paris-nice-2026-classement-et-resultats\/\">7e \u00e9tape Paris-Nice 2026 : Classement et r\u00e9sultats<\/a><\/strong><\/li>\n<\/ul>\n<h2>Une \u00e9tape sans saveur<\/h2>\n<p style=\"text-align: justify;\">Tout d&rsquo;abord, on d\u00e9nombrait un certain nombre de non-partants, comme le vainqueur de l&rsquo;\u00e9tape de <strong>Montargis<\/strong>, <strong>Max Kanter<\/strong> (XDS Astana Team), l&rsquo;un des h\u00e9ros de l&rsquo;\u00e9tape d&rsquo;<strong>Uchon<\/strong>, <strong>Tim van Dijke<\/strong> (Red Bull \u2013 Bora \u2013 Hansgrohe), ou encore <strong>Anthony Turgis<\/strong> (TotalEnergies) et <strong>Marijn van den Berg<\/strong> (EF Education \u2013 EasyPost).<\/p>\n<p style=\"text-align: justify;\">Une chute s&rsquo;est produite dans le fictif, impliquant notamment <strong>Lennard K\u00e4mna<\/strong> (Lidl-Trek), <strong>Arthur Kluckers<\/strong> (Tudor Pro Cycling Team) et <strong>Nico Denz<\/strong> (Red Bull \u2013 Bora \u2013 Hansgrohe), suivie d&rsquo;une crevaison d&rsquo;<strong>Emmanuel Houcou<\/strong> (Pinarello Q36.5 Cycling Team). Ensuite, <strong>Tim Marsman<\/strong> (Alpecin \u2013 Premier Tech) s&rsquo;est offert un raid solitaire devant un peloton contr\u00f4lant tranquillement les d\u00e9bats. Le N\u00e9erlandais n&rsquo;a jamais compt\u00e9 plus d&rsquo;une minute d&rsquo;avance. Sur une \u00e9tape aussi courte, on aurait pu imaginer un groupe de rouleurs plus consistant, mais le peloton a finalement dessin\u00e9 un sc\u00e9nario plus classique.<\/p>\n<p><strong>\u00c0 ce sujet \u2013 Classement g\u00e9n\u00e9ral Paris-Nice 2026 mis \u00e0 jour<\/strong><\/p>\n<h2>Dorian Godon en profite<\/h2>\n<p style=\"text-align: justify;\">L&rsquo;ogre a finalement rattrap\u00e9 le valeureux \u00e9chapp\u00e9 \u00e0 9 km de l&rsquo;arriv\u00e9e. Dans le final, <strong>Nicolas Vinokurov<\/strong> (<strong>XDS Astana Team<\/strong>) a aussi tent\u00e9 sa chance, sans plus de succ\u00e8s. Les sprinteurs voyaient l\u00e0 une occasion inesp\u00e9r\u00e9e de s&rsquo;offrir un bouquet suppl\u00e9mentaire sur ce <strong>Paris-Nice<\/strong>. Ce ne serait pas <strong>Vito Braet<\/strong> (Lotto Intermarch\u00e9) qui a chut\u00e9 peu avant les 3 km. <strong>Harold Tejada<\/strong>, vainqueur hier, a chut\u00e9 un peu plus loin, sans perdre de temps au classement g\u00e9n\u00e9ral.<\/p>\n<p style=\"text-align: justify;\">Puis, le show <strong>INEOS Grenadiers<\/strong> a commenc\u00e9. Apr\u00e8s un gros travail de <strong>Joshua Tarling<\/strong>, <strong>Samuel Watson<\/strong> a parfaitement emmen\u00e9 <strong>Dorian Godon<\/strong> vers la victoire. Le champion de France est toujours aussi impressionnant sur ce genre de sprint en bosses et n&rsquo;a laiss\u00e9 aucune chance \u00e0 la concurrence. <strong>Biniam Girmay<\/strong> (NSN Cycling) et <strong>Cees Bol<\/strong> (Decathlon CMA CGM) compl\u00e9taient le podium du jour.<\/p>\n<blockquote class=\"twitter-tweet\">\n<p dir=\"ltr\" lang=\"fr\">\ud83d\udeb4 #ParisNice | \ud83d\udea8 DORIAN GODON S&rsquo;IMPOSE \u00c0 ISOLA !<\/p>\n<p>\ud83c\uddeb\ud83c\uddf7 Le champion de France s&rsquo;adjuge au sprint la septi\u00e8me \u00e9tape de Paris-Nice<\/p>\n<p>\ud83d\udcfa Suivez le direct : https:\/\/t.co\/2YyyGIAfdo <a href=\"https:\/\/t.co\/gDFJWGVuv0\">pic.twitter.com\/gDFJWGVuv0<\/a><\/p>\n<p>\u2014 francetvsport (@francetvsport) <a href=\"https:\/\/twitter.com\/francetvsport\/status\/2032838600000000000\">March 14, 2026<\/a><\/p><\/blockquote>\n<p><script async src=\"https:\/\/platform.twitter.com\/widgets.js\" charset=\"utf-8\"><\/script><\/p>\n<p style=\"text-align: justify;\">Enfin, <strong>Jonas Vingegaard<\/strong> (<strong>Team Visma | Lease a Bike<\/strong>) a regard\u00e9 tout cela de loin, sereinement, lui qui, sauf incident, a d\u00e9j\u00e0 la course gagn\u00e9e depuis bien longtemps. On esp\u00e8re toutefois une belle lutte pour le podium demain dans l&rsquo;arri\u00e8re-pays ni\u00e7ois. Et pourquoi pas voir <strong>K\u00e9vin Vauquelin<\/strong>, actuellement quatri\u00e8me, y monter.<\/p>\n<p style=\"text-align: justify;\">\n","protected":false},"excerpt":{"rendered":"<p>Le champion de France Dorian Godon remporte un sprint de costauds \u00e0 Isola Village et ouvre son compte avec INEOS Grenadiers.<\/p>\n","protected":false},"author":92,"featured_media":655605,"comment_status":"open","ping_status":"closed","sticky":false,"template":"","format":"standard","meta":{"_acf_changed":false,"_daextam_enable_autolinks":"1","footnotes":""},"categories":[46994],"tags":[16878,574,11197,4045,24],"class_list":["post-655452","post","type-post","status-publish","format-standard","has-post-thumbnail","hentry","category-cyclisme-sur-route","tag-breve","tag-cyclisme","tag-cyclisme-sur-route","tag-paris-nice","tag-sport"],"acf":[],"yoast_head":"<!-- This site is optimized with the Yoast SEO Premium plugin v26.7 (Yoast SEO v26.7) - https:\/\/yoast.com\/wordpress\/plugins\/seo\/ -->\n<title>Le champion de France Dorian Godon rafle une 7e \u00e9tape tronqu\u00e9e sur Paris-Nice<\/title>\n<meta name=\"description\" content=\"PARIS-NICE 2026 - Le champion de France Dorian Godon remporte un sprint de costauds \u00e0 Isola Village et ouvre son compte avec INEOS Grenadiers.\" \/>\n<meta name=\"robots\" content=\"index, follow, max-snippet:-1, max-image-preview:large, max-video-preview:-1\" \/>\n<link rel=\"canonical\" href=\"https:\/\/dicodusport.fr\/blog\/le-champion-de-france-dorian-godon-rafle-une-7e-etape-tronquee-sur-paris-nice\/\" \/>\n<meta property=\"og:locale\" content=\"fr_FR\" \/>\n<meta property=\"og:type\" content=\"article\" \/>\n<meta property=\"og:title\" content=\"Le champion de France Dorian Godon rafle une 7e \u00e9tape tronqu\u00e9e sur Paris-Nice\" \/>\n<meta property=\"og:description\" content=\"PARIS-NICE 2026 - Le champion de France Dorian Godon remporte un sprint de costauds \u00e0 Isola Village et ouvre son compte avec INEOS Grenadiers.\" \/>\n<meta property=\"og:url\" content=\"https:\/\/dicodusport.fr\/blog\/le-champion-de-france-dorian-godon-rafle-une-7e-etape-tronquee-sur-paris-nice\/\" \/>\n<meta property=\"og:site_name\" content=\"Dicodusport\" \/>\n<meta property=\"article:publisher\" content=\"https:\/\/www.facebook.com\/dicodusport\" \/>\n<meta property=\"article:published_time\" content=\"2026-03-14T14:04:38+00:00\" \/>\n<meta property=\"article:modified_time\" content=\"2026-03-14T16:54:22+00:00\" \/>\n<meta property=\"og:image\" content=\"https:\/\/dicodusport.fr\/blog\/wp-content\/uploads\/2026\/03\/Le-champion-de-France-Dorian-Godon-rafle-une-7e-etape-tronquee-sur-Paris-Nice-1.png\" \/>\n\t<meta property=\"og:image:width\" content=\"1200\" \/>\n\t<meta property=\"og:image:height\" content=\"674\" \/>\n\t<meta property=\"og:image:type\" content=\"image\/png\" \/>\n<meta name=\"author\" content=\"Olivier Dobiezynski\" \/>\n<meta name=\"twitter:card\" content=\"summary_large_image\" \/>\n<meta name=\"twitter:title\" content=\"Le champion de France Dorian Godon rafle une 7e \u00e9tape tronqu\u00e9e sur Paris-Nice\" \/>\n<meta name=\"twitter:creator\" content=\"@https:\/\/x.com\/Olivier_Matros\" \/>\n<meta name=\"twitter:site\" content=\"@dicodusport\" \/>\n<script type=\"application\/ld+json\" class=\"yoast-schema-graph\">{\"@context\":\"https:\/\/schema.org\",\"@graph\":[{\"@type\":\"NewsArticle\",\"@id\":\"https:\/\/dicodusport.fr\/blog\/le-champion-de-france-dorian-godon-rafle-une-7e-etape-tronquee-sur-paris-nice\/#article\",\"isPartOf\":{\"@id\":\"https:\/\/dicodusport.fr\/blog\/le-champion-de-france-dorian-godon-rafle-une-7e-etape-tronquee-sur-paris-nice\/\"},\"author\":{\"name\":\"Olivier Dobiezynski\",\"@id\":\"https:\/\/dicodusport.fr\/blog\/#\/schema\/person\/fe500246414ca17ddf0c0312d7a792cc\"},\"headline\":\"Le champion de France Dorian Godon rafle une 7e \u00e9tape tronqu\u00e9e sur Paris-Nice\",\"datePublished\":\"2026-03-14T14:04:38+00:00\",\"dateModified\":\"2026-03-14T16:54:22+00:00\",\"mainEntityOfPage\":{\"@id\":\"https:\/\/dicodusport.fr\/blog\/le-champion-de-france-dorian-godon-rafle-une-7e-etape-tronquee-sur-paris-nice\/\"},\"wordCount\":570,\"commentCount\":0,\"publisher\":{\"@id\":\"https:\/\/dicodusport.fr\/blog\/#organization\"},\"image\":{\"@id\":\"https:\/\/dicodusport.fr\/blog\/le-champion-de-france-dorian-godon-rafle-une-7e-etape-tronquee-sur-paris-nice\/#primaryimage\"},\"thumbnailUrl\":\"https:\/\/dicodusport.fr\/blog\/wp-content\/uploads\/2026\/03\/Le-champion-de-France-Dorian-Godon-rafle-une-7e-etape-tronquee-sur-Paris-Nice-1.png\",\"keywords\":[\"br\u00e8ve\",\"Cyclisme\",\"Cyclisme sur route\",\"Paris-Nice\",\"sport\"],\"articleSection\":[\"Cyclisme sur route\"],\"inLanguage\":\"fr-FR\",\"potentialAction\":[{\"@type\":\"CommentAction\",\"name\":\"Comment\",\"target\":[\"https:\/\/dicodusport.fr\/blog\/le-champion-de-france-dorian-godon-rafle-une-7e-etape-tronquee-sur-paris-nice\/#respond\"]}],\"copyrightYear\":\"2026\",\"copyrightHolder\":{\"@id\":\"https:\/\/dicodusport.fr\/blog\/#organization\"}},{\"@type\":\"WebPage\",\"@id\":\"https:\/\/dicodusport.fr\/blog\/le-champion-de-france-dorian-godon-rafle-une-7e-etape-tronquee-sur-paris-nice\/\",\"url\":\"https:\/\/dicodusport.fr\/blog\/le-champion-de-france-dorian-godon-rafle-une-7e-etape-tronquee-sur-paris-nice\/\",\"name\":\"Le champion de France Dorian Godon rafle une 7e \u00e9tape tronqu\u00e9e sur Paris-Nice\",\"isPartOf\":{\"@id\":\"https:\/\/dicodusport.fr\/blog\/#website\"},\"primaryImageOfPage\":{\"@id\":\"https:\/\/dicodusport.fr\/blog\/le-champion-de-france-dorian-godon-rafle-une-7e-etape-tronquee-sur-paris-nice\/#primaryimage\"},\"image\":{\"@id\":\"https:\/\/dicodusport.fr\/blog\/le-champion-de-france-dorian-godon-rafle-une-7e-etape-tronquee-sur-paris-nice\/#primaryimage\"},\"thumbnailUrl\":\"https:\/\/dicodusport.fr\/blog\/wp-content\/uploads\/2026\/03\/Le-champion-de-France-Dorian-Godon-rafle-une-7e-etape-tronquee-sur-Paris-Nice-1.png\",\"datePublished\":\"2026-03-14T14:04:38+00:00\",\"dateModified\":\"2026-03-14T16:54:22+00:00\",\"description\":\"PARIS-NICE 2026 - Le champion de France Dorian Godon remporte un sprint de costauds \u00e0 Isola Village et ouvre son compte avec INEOS Grenadiers.\",\"breadcrumb\":{\"@id\":\"https:\/\/dicodusport.fr\/blog\/le-champion-de-france-dorian-godon-rafle-une-7e-etape-tronquee-sur-paris-nice\/#breadcrumb\"},\"inLanguage\":\"fr-FR\",\"potentialAction\":[{\"@type\":\"ReadAction\",\"target\":[\"https:\/\/dicodusport.fr\/blog\/le-champion-de-france-dorian-godon-rafle-une-7e-etape-tronquee-sur-paris-nice\/\"]}]},{\"@type\":\"ImageObject\",\"inLanguage\":\"fr-FR\",\"@id\":\"https:\/\/dicodusport.fr\/blog\/le-champion-de-france-dorian-godon-rafle-une-7e-etape-tronquee-sur-paris-nice\/#primaryimage\",\"url\":\"https:\/\/dicodusport.fr\/blog\/wp-content\/uploads\/2026\/03\/Le-champion-de-France-Dorian-Godon-rafle-une-7e-etape-tronquee-sur-Paris-Nice-1.png\",\"contentUrl\":\"https:\/\/dicodusport.fr\/blog\/wp-content\/uploads\/2026\/03\/Le-champion-de-France-Dorian-Godon-rafle-une-7e-etape-tronquee-sur-Paris-Nice-1.png\",\"width\":1200,\"height\":674,\"caption\":\"Le champion de France Dorian Godon rafle une 7e \u00e9tape tronqu\u00e9e sur Paris-Nice (1)\"},{\"@type\":\"BreadcrumbList\",\"@id\":\"https:\/\/dicodusport.fr\/blog\/le-champion-de-france-dorian-godon-rafle-une-7e-etape-tronquee-sur-paris-nice\/#breadcrumb\",\"itemListElement\":[{\"@type\":\"ListItem\",\"position\":1,\"name\":\"Accueil\",\"item\":\"https:\/\/dicodusport.fr\/blog\/\"},{\"@type\":\"ListItem\",\"position\":2,\"name\":\"Le champion de France Dorian Godon rafle une 7e \u00e9tape tronqu\u00e9e sur Paris-Nice\"}]},{\"@type\":\"WebSite\",\"@id\":\"https:\/\/dicodusport.fr\/blog\/#website\",\"url\":\"https:\/\/dicodusport.fr\/blog\/\",\"name\":\"Dicodusport\",\"description\":\"L&#039;encyclop\u00e9die de l&#039;actualit\u00e9 sportive\",\"publisher\":{\"@id\":\"https:\/\/dicodusport.fr\/blog\/#organization\"},\"potentialAction\":[{\"@type\":\"SearchAction\",\"target\":{\"@type\":\"EntryPoint\",\"urlTemplate\":\"https:\/\/dicodusport.fr\/blog\/?s={search_term_string}\"},\"query-input\":{\"@type\":\"PropertyValueSpecification\",\"valueRequired\":true,\"valueName\":\"search_term_string\"}}],\"inLanguage\":\"fr-FR\"},{\"@type\":\"NewsMediaOrganization\",\"@id\":\"https:\/\/dicodusport.fr\/blog\/#organization\",\"name\":\"Dicodusport\",\"url\":\"https:\/\/dicodusport.fr\/blog\/\",\"logo\":{\"@type\":\"ImageObject\",\"inLanguage\":\"fr-FR\",\"@id\":\"https:\/\/dicodusport.fr\/blog\/#\/schema\/logo\/image\/\",\"url\":\"https:\/\/dicodusport.fr\/blog\/wp-content\/uploads\/2020\/06\/cropped-LOGO-DICODUSPORT-2020-SANS-FOND-SANS-TEXTE.png\",\"contentUrl\":\"https:\/\/dicodusport.fr\/blog\/wp-content\/uploads\/2020\/06\/cropped-LOGO-DICODUSPORT-2020-SANS-FOND-SANS-TEXTE.png\",\"width\":512,\"height\":512,\"caption\":\"Dicodusport\"},\"image\":{\"@id\":\"https:\/\/dicodusport.fr\/blog\/#\/schema\/logo\/image\/\"},\"sameAs\":[\"https:\/\/www.facebook.com\/dicodusport\",\"https:\/\/x.com\/dicodusport\",\"https:\/\/www.instagram.com\/dicodusport\/\",\"https:\/\/www.youtube.com\/channel\/UC7V2KZ5sd3htJivAbA4ZG3w\"],\"description\":\"Dicodusport est l'encyclop\u00e9die de l'actualit\u00e9 sportive.\",\"email\":\"bonjour@dicodusport.fr\",\"legalName\":\"DICODUSPORT\",\"foundingDate\":\"2018-01-14\",\"vatID\":\"FR71834470973\",\"taxID\":\"83447097300043\",\"numberOfEmployees\":{\"@type\":\"QuantitativeValue\",\"minValue\":\"1\",\"maxValue\":\"10\"}},{\"@type\":\"Person\",\"@id\":\"https:\/\/dicodusport.fr\/blog\/#\/schema\/person\/fe500246414ca17ddf0c0312d7a792cc\",\"name\":\"Olivier Dobiezynski\",\"image\":{\"@type\":\"ImageObject\",\"inLanguage\":\"fr-FR\",\"@id\":\"https:\/\/dicodusport.fr\/blog\/#\/schema\/person\/image\/\",\"url\":\"https:\/\/dicodusport.fr\/blog\/wp-content\/uploads\/2024\/09\/5be8fe8d-9962-4f1e-ad06-d6f9dee30e6d-150x150.jpg\",\"contentUrl\":\"https:\/\/dicodusport.fr\/blog\/wp-content\/uploads\/2024\/09\/5be8fe8d-9962-4f1e-ad06-d6f9dee30e6d-150x150.jpg\",\"caption\":\"Olivier Dobiezynski\"},\"description\":\"Depuis le milieu des ann\u00e9es 90, la passion du cyclisme m'anime. Mes h\u00e9ros s'appellent Luc Leblanc, Piotr Ugrumov, Paolo Savoldelli, Peter Sagan et bien \u00e9videmment Romain Bardet. R\u00e9dacteur depuis 2023, je suis ici pour partager cet amour de la Petite Reine. Vous pourrez me lire \u00e9galement sur du trail, du ski de fond et tout autre sujet susceptible d'\u00e9veiller ma curiosit\u00e9 sportive.\",\"sameAs\":[\"https:\/\/x.com\/https:\/\/x.com\/Olivier_Matros\"],\"url\":\"https:\/\/dicodusport.fr\/blog\/author\/olivier-gh\/\"}]}<\/script>\n<!-- \/ Yoast SEO Premium plugin. -->","yoast_head_json":{"title":"Le champion de France Dorian Godon rafle une 7e \u00e9tape tronqu\u00e9e sur Paris-Nice","description":"PARIS-NICE 2026 - Le champion de France Dorian Godon remporte un sprint de costauds \u00e0 Isola Village et ouvre son compte avec INEOS Grenadiers.","robots":{"index":"index","follow":"follow","max-snippet":"max-snippet:-1","max-image-preview":"max-image-preview:large","max-video-preview":"max-video-preview:-1"},"canonical":"https:\/\/dicodusport.fr\/blog\/le-champion-de-france-dorian-godon-rafle-une-7e-etape-tronquee-sur-paris-nice\/","og_locale":"fr_FR","og_type":"article","og_title":"Le champion de France Dorian Godon rafle une 7e \u00e9tape tronqu\u00e9e sur Paris-Nice","og_description":"PARIS-NICE 2026 - Le champion de France Dorian Godon remporte un sprint de costauds \u00e0 Isola Village et ouvre son compte avec INEOS Grenadiers.","og_url":"https:\/\/dicodusport.fr\/blog\/le-champion-de-france-dorian-godon-rafle-une-7e-etape-tronquee-sur-paris-nice\/","og_site_name":"Dicodusport","article_publisher":"https:\/\/www.facebook.com\/dicodusport","article_published_time":"2026-03-14T14:04:38+00:00","article_modified_time":"2026-03-14T16:54:22+00:00","og_image":[{"width":1200,"height":674,"url":"https:\/\/dicodusport.fr\/blog\/wp-content\/uploads\/2026\/03\/Le-champion-de-France-Dorian-Godon-rafle-une-7e-etape-tronquee-sur-Paris-Nice-1.png","type":"image\/png"}],"author":"Olivier Dobiezynski","twitter_card":"summary_large_image","twitter_title":"Le champion de France Dorian Godon rafle une 7e \u00e9tape tronqu\u00e9e sur Paris-Nice","twitter_creator":"@https:\/\/x.com\/Olivier_Matros","twitter_site":"@dicodusport","schema":{"@context":"https:\/\/schema.org","@graph":[{"@type":"NewsArticle","@id":"https:\/\/dicodusport.fr\/blog\/le-champion-de-france-dorian-godon-rafle-une-7e-etape-tronquee-sur-paris-nice\/#article","isPartOf":{"@id":"https:\/\/dicodusport.fr\/blog\/le-champion-de-france-dorian-godon-rafle-une-7e-etape-tronquee-sur-paris-nice\/"},"author":{"name":"Olivier Dobiezynski","@id":"https:\/\/dicodusport.fr\/blog\/#\/schema\/person\/fe500246414ca17ddf0c0312d7a792cc"},"headline":"Le champion de France Dorian Godon rafle une 7e \u00e9tape tronqu\u00e9e sur Paris-Nice","datePublished":"2026-03-14T14:04:38+00:00","dateModified":"2026-03-14T16:54:22+00:00","mainEntityOfPage":{"@id":"https:\/\/dicodusport.fr\/blog\/le-champion-de-france-dorian-godon-rafle-une-7e-etape-tronquee-sur-paris-nice\/"},"wordCount":570,"commentCount":0,"publisher":{"@id":"https:\/\/dicodusport.fr\/blog\/#organization"},"image":{"@id":"https:\/\/dicodusport.fr\/blog\/le-champion-de-france-dorian-godon-rafle-une-7e-etape-tronquee-sur-paris-nice\/#primaryimage"},"thumbnailUrl":"https:\/\/dicodusport.fr\/blog\/wp-content\/uploads\/2026\/03\/Le-champion-de-France-Dorian-Godon-rafle-une-7e-etape-tronquee-sur-Paris-Nice-1.png","keywords":["br\u00e8ve","Cyclisme","Cyclisme sur route","Paris-Nice","sport"],"articleSection":["Cyclisme sur route"],"inLanguage":"fr-FR","potentialAction":[{"@type":"CommentAction","name":"Comment","target":["https:\/\/dicodusport.fr\/blog\/le-champion-de-france-dorian-godon-rafle-une-7e-etape-tronquee-sur-paris-nice\/#respond"]}],"copyrightYear":"2026","copyrightHolder":{"@id":"https:\/\/dicodusport.fr\/blog\/#organization"}},{"@type":"WebPage","@id":"https:\/\/dicodusport.fr\/blog\/le-champion-de-france-dorian-godon-rafle-une-7e-etape-tronquee-sur-paris-nice\/","url":"https:\/\/dicodusport.fr\/blog\/le-champion-de-france-dorian-godon-rafle-une-7e-etape-tronquee-sur-paris-nice\/","name":"Le champion de France Dorian Godon rafle une 7e \u00e9tape tronqu\u00e9e sur Paris-Nice","isPartOf":{"@id":"https:\/\/dicodusport.fr\/blog\/#website"},"primaryImageOfPage":{"@id":"https:\/\/dicodusport.fr\/blog\/le-champion-de-france-dorian-godon-rafle-une-7e-etape-tronquee-sur-paris-nice\/#primaryimage"},"image":{"@id":"https:\/\/dicodusport.fr\/blog\/le-champion-de-france-dorian-godon-rafle-une-7e-etape-tronquee-sur-paris-nice\/#primaryimage"},"thumbnailUrl":"https:\/\/dicodusport.fr\/blog\/wp-content\/uploads\/2026\/03\/Le-champion-de-France-Dorian-Godon-rafle-une-7e-etape-tronquee-sur-Paris-Nice-1.png","datePublished":"2026-03-14T14:04:38+00:00","dateModified":"2026-03-14T16:54:22+00:00","description":"PARIS-NICE 2026 - Le champion de France Dorian Godon remporte un sprint de costauds \u00e0 Isola Village et ouvre son compte avec INEOS Grenadiers.","breadcrumb":{"@id":"https:\/\/dicodusport.fr\/blog\/le-champion-de-france-dorian-godon-rafle-une-7e-etape-tronquee-sur-paris-nice\/#breadcrumb"},"inLanguage":"fr-FR","potentialAction":[{"@type":"ReadAction","target":["https:\/\/dicodusport.fr\/blog\/le-champion-de-france-dorian-godon-rafle-une-7e-etape-tronquee-sur-paris-nice\/"]}]},{"@type":"ImageObject","inLanguage":"fr-FR","@id":"https:\/\/dicodusport.fr\/blog\/le-champion-de-france-dorian-godon-rafle-une-7e-etape-tronquee-sur-paris-nice\/#primaryimage","url":"https:\/\/dicodusport.fr\/blog\/wp-content\/uploads\/2026\/03\/Le-champion-de-France-Dorian-Godon-rafle-une-7e-etape-tronquee-sur-Paris-Nice-1.png","contentUrl":"https:\/\/dicodusport.fr\/blog\/wp-content\/uploads\/2026\/03\/Le-champion-de-France-Dorian-Godon-rafle-une-7e-etape-tronquee-sur-Paris-Nice-1.png","width":1200,"height":674,"caption":"Le champion de France Dorian Godon rafle une 7e \u00e9tape tronqu\u00e9e sur Paris-Nice (1)"},{"@type":"BreadcrumbList","@id":"https:\/\/dicodusport.fr\/blog\/le-champion-de-france-dorian-godon-rafle-une-7e-etape-tronquee-sur-paris-nice\/#breadcrumb","itemListElement":[{"@type":"ListItem","position":1,"name":"Accueil","item":"https:\/\/dicodusport.fr\/blog\/"},{"@type":"ListItem","position":2,"name":"Le champion de France Dorian Godon rafle une 7e \u00e9tape tronqu\u00e9e sur Paris-Nice"}]},{"@type":"WebSite","@id":"https:\/\/dicodusport.fr\/blog\/#website","url":"https:\/\/dicodusport.fr\/blog\/","name":"Dicodusport","description":"L&#039;encyclop\u00e9die de l&#039;actualit\u00e9 sportive","publisher":{"@id":"https:\/\/dicodusport.fr\/blog\/#organization"},"potentialAction":[{"@type":"SearchAction","target":{"@type":"EntryPoint","urlTemplate":"https:\/\/dicodusport.fr\/blog\/?s={search_term_string}"},"query-input":{"@type":"PropertyValueSpecification","valueRequired":true,"valueName":"search_term_string"}}],"inLanguage":"fr-FR"},{"@type":"NewsMediaOrganization","@id":"https:\/\/dicodusport.fr\/blog\/#organization","name":"Dicodusport","url":"https:\/\/dicodusport.fr\/blog\/","logo":{"@type":"ImageObject","inLanguage":"fr-FR","@id":"https:\/\/dicodusport.fr\/blog\/#\/schema\/logo\/image\/","url":"https:\/\/dicodusport.fr\/blog\/wp-content\/uploads\/2020\/06\/cropped-LOGO-DICODUSPORT-2020-SANS-FOND-SANS-TEXTE.png","contentUrl":"https:\/\/dicodusport.fr\/blog\/wp-content\/uploads\/2020\/06\/cropped-LOGO-DICODUSPORT-2020-SANS-FOND-SANS-TEXTE.png","width":512,"height":512,"caption":"Dicodusport"},"image":{"@id":"https:\/\/dicodusport.fr\/blog\/#\/schema\/logo\/image\/"},"sameAs":["https:\/\/www.facebook.com\/dicodusport","https:\/\/x.com\/dicodusport","https:\/\/www.instagram.com\/dicodusport\/","https:\/\/www.youtube.com\/channel\/UC7V2KZ5sd3htJivAbA4ZG3w"],"description":"Dicodusport est l'encyclop\u00e9die de l'actualit\u00e9 sportive.","email":"bonjour@dicodusport.fr","legalName":"DICODUSPORT","foundingDate":"2018-01-14","vatID":"FR71834470973","taxID":"83447097300043","numberOfEmployees":{"@type":"QuantitativeValue","minValue":"1","maxValue":"10"}},{"@type":"Person","@id":"https:\/\/dicodusport.fr\/blog\/#\/schema\/person\/fe500246414ca17ddf0c0312d7a792cc","name":"Olivier Dobiezynski","image":{"@type":"ImageObject","inLanguage":"fr-FR","@id":"https:\/\/dicodusport.fr\/blog\/#\/schema\/person\/image\/","url":"https:\/\/dicodusport.fr\/blog\/wp-content\/uploads\/2024\/09\/5be8fe8d-9962-4f1e-ad06-d6f9dee30e6d-150x150.jpg","contentUrl":"https:\/\/dicodusport.fr\/blog\/wp-content\/uploads\/2024\/09\/5be8fe8d-9962-4f1e-ad06-d6f9dee30e6d-150x150.jpg","caption":"Olivier Dobiezynski"},"description":"Depuis le milieu des ann\u00e9es 90, la passion du cyclisme m'anime. Mes h\u00e9ros s'appellent Luc Leblanc, Piotr Ugrumov, Paolo Savoldelli, Peter Sagan et bien \u00e9videmment Romain Bardet. R\u00e9dacteur depuis 2023, je suis ici pour partager cet amour de la Petite Reine. Vous pourrez me lire \u00e9galement sur du trail, du ski de fond et tout autre sujet susceptible d'\u00e9veiller ma curiosit\u00e9 sportive.","sameAs":["https:\/\/x.com\/https:\/\/x.com\/Olivier_Matros"],"url":"https:\/\/dicodusport.fr\/blog\/author\/olivier-gh\/"}]}},"_links":{"self":[{"href":"https:\/\/dicodusport.fr\/blog\/wp-json\/wp\/v2\/posts\/655452","targetHints":{"allow":["GET"]}}],"collection":[{"href":"https:\/\/dicodusport.fr\/blog\/wp-json\/wp\/v2\/posts"}],"about":[{"href":"https:\/\/dicodusport.fr\/blog\/wp-json\/wp\/v2\/types\/post"}],"author":[{"embeddable":true,"href":"https:\/\/dicodusport.fr\/blog\/wp-json\/wp\/v2\/users\/92"}],"replies":[{"embeddable":true,"href":"https:\/\/dicodusport.fr\/blog\/wp-json\/wp\/v2\/comments?post=655452"}],"version-history":[{"count":5,"href":"https:\/\/dicodusport.fr\/blog\/wp-json\/wp\/v2\/posts\/655452\/revisions"}],"predecessor-version":[{"id":655606,"href":"https:\/\/dicodusport.fr\/blog\/wp-json\/wp\/v2\/posts\/655452\/revisions\/655606"}],"wp:featuredmedia":[{"embeddable":true,"href":"https:\/\/dicodusport.fr\/blog\/wp-json\/wp\/v2\/media\/655605"}],"wp:attachment":[{"href":"https:\/\/dicodusport.fr\/blog\/wp-json\/wp\/v2\/media?parent=655452"}],"wp:term":[{"taxonomy":"category","embeddable":true,"href":"https:\/\/dicodusport.fr\/blog\/wp-json\/wp\/v2\/categories?post=655452"},{"taxonomy":"post_tag","embeddable":true,"href":"https:\/\/dicodusport.fr\/blog\/wp-json\/wp\/v2\/tags?post=655452"}],"curies":[{"name":"wp","href":"https:\/\/api.w.org\/{rel}","templated":true}]}}