{"id":65570,"date":"2020-04-24T16:00:51","date_gmt":"2020-04-24T14:00:51","guid":{"rendered":"http:\/\/dicodusport.fr\/blog\/?p=65570&#038;preview=true&#038;preview_id=65570"},"modified":"2020-04-27T14:41:04","modified_gmt":"2020-04-27T12:41:04","slug":"handball-le-point-sur-les-competitions-europeennes","status":"publish","type":"post","link":"https:\/\/dicodusport.fr\/blog\/handball-le-point-sur-les-competitions-europeennes\/","title":{"rendered":"Le point sur les comp\u00e9titions europ\u00e9ennes et le Mondial 2021"},"content":{"rendered":"<p style=\"text-align: justify;\"><strong><em>Apr\u00e8s une premi\u00e8re r\u00e9union concernant la Ligue des Champions masculine, l&rsquo;EHF a tenu une nouvelle visioconf\u00e9rence pour d\u00e9cider du sort des autres comp\u00e9titions europ\u00e9ennes.<\/em><\/strong><\/p>\n<p style=\"text-align: justify;\">L&rsquo;EHF esp\u00e9rait encore pouvoir organiser des matchs en juin mais ce n&rsquo;est pas possible et de nombreuses comp\u00e9titions sont report\u00e9es ou supprim\u00e9es.<\/p>\n<h2>Ligue des Champions masculine<\/h2>\n<p style=\"text-align: justify;\">Fallait-il vraiment aller au bout de la comp\u00e9tition dans ces conditions ? Organiser les huiti\u00e8mes et quarts en automne et un <a href=\"http:\/\/dicodusport.fr\/blog\/handball-final4-ligue-des-champions-decembre\/\" target=\"_blank\" rel=\"noopener noreferrer\"><strong>Final 4 en d\u00e9cembre<\/strong><\/a>, en milieu de saison (si la saison 2020-2021 peut se d\u00e9rouler correctement), avec les changements d&rsquo;effectifs qu&rsquo;on connait paraissait d\u00e9j\u00e0 assez incongru. Le comit\u00e9 de l&rsquo;EHF est arriv\u00e9 \u00e0 la conclusion que les huiti\u00e8mes de finale et les quarts de finale ne pouvant pas se jouer, les deux premi\u00e8res \u00e9quipes des groupes A et B sont donc qualifi\u00e9es pour le Final 4 : <strong>Bar\u00e7a, Paris Saint-Germain, Kiel et Veszpr\u00e9m.<\/strong> Exit donc <strong>Montpellier<\/strong> qualifi\u00e9 pour les huiti\u00e8mes et les \u00e9quipes des <strong>poules basses<\/strong>.<\/p>\n<h2>Ligue des Champions f\u00e9minine<\/h2>\n<p style=\"text-align: justify;\">Les quarts de finale pr\u00e9vus en juin sont donc <strong>annul\u00e9s<\/strong> et le Final 4 est pr\u00e9vu les <strong>5 et 6 septembre<\/strong> \u00e0 Budapest. Pour l&rsquo;instant, le plan de l&rsquo;EHF est de jouer les quarts et le Final 4 la m\u00eame semaine : jeudi et le week-end. Si le Final 4 ne pouvait pas se tenir en septembre, une autre date devrait \u00eatre trouv\u00e9e au mois d&rsquo;octobre et les quarts de finale seront alors annul\u00e9s et les qualifi\u00e9s seraient les deux meilleures \u00e9quipes des groupes du tour principal \u00e0 savoir : <strong>Metz, Esbjerg, Gy\u00f6r et Brest<\/strong>.<\/p>\n<h2 style=\"text-align: justify;\">Coupes EHF et Challenge Cup<\/h2>\n<p style=\"text-align: justify;\">Les comp\u00e9titions f\u00e9minines et masculines sont d\u00e9finitivement<strong> annul\u00e9es<\/strong>. Les finales de la Coupe EHF masculine \u00e9taient initialement reprogramm\u00e9es les 29 et 30 ao\u00fbt, il restait des matchs de groupe et les quarts de finale.<\/p>\n<h2 style=\"text-align: justify;\">Euro 2020 f\u00e9minin<\/h2>\n<p style=\"text-align: justify;\">L&rsquo;Euro f\u00e9minin doit se tenir du <strong>3 au 20 d\u00e9cembre<\/strong> au Danemark et en Norv\u00e8ge. Il restait 4 matchs de qualification qui ont \u00e9t\u00e9 annul\u00e9s. L&rsquo;EHF s&rsquo;est bas\u00e9 sur le classement de l&rsquo;<a href=\"http:\/\/dicodusport.fr\/blog\/hand-euro-feminin-les-bleues-sont-championnes-d-europe\/\" target=\"_blank\" rel=\"noopener noreferrer\">Euro 2018<\/a> pour qualifier les \u00e9quipes suivantes : <strong>France<\/strong> (vainqueur), <strong>Russie<\/strong>, <strong>Pays-Bas, Roumanie, Su\u00e8de, Hongrie, Mont\u00e9n\u00e9gro, Allemange, Serbie, Espagne, Slov\u00e9nie, Pologne, R\u00e9publique Tch\u00e8que et Croatie<\/strong>. La <strong>Norv\u00e8ge et le Danemark<\/strong>, en tant que pays h\u00f4tes \u00e9taient d\u00e9j\u00e0 qualifi\u00e9s.<\/p>\n<p style=\"text-align: justify;\">Le tirage au sort de l&rsquo;Euro 2020 aura lieu le 18 juin \u00e0 Vienne.<\/p>\n<h2 style=\"text-align: justify;\">Qualifications Mondial 2021 masculin<\/h2>\n<p style=\"text-align: justify;\">Les doubles confrontations pr\u00e9vues d\u00e9but juillet sont annul\u00e9es (face \u00e0 la Mac\u00e9doine du Nord pour la France). L&rsquo;EHF s&rsquo;est bas\u00e9 sur le classement de l&rsquo;<strong>Euro 2020<\/strong> pour qualifier les \u00e9quipes suivantes :\u00a0<strong>Slov\u00e9nie, Allemagne, Portugal, Su\u00e8de, Autriche, Hongrie, Bi\u00e9lorussie, Islande, R\u00e9publique Tch\u00e8que et France<\/strong>. L&rsquo;<strong>Espagne, la Croatie et la Norv\u00e8ge<\/strong> \u00e9taient d\u00e9j\u00e0 qualifi\u00e9s en tant que les meilleures \u00e9quipes de l&rsquo;Euro 2020 et le <strong>Danemark<\/strong> en tant que champion en titre.<\/p>\n<p style=\"text-align: justify;\">Le Mondial 2021 aura lieu du 14 au 31 janvier 2021 en Egypte.<\/p>\n<h2 style=\"text-align: justify;\">Cat\u00e9gories jeunes et Beach Handball<\/h2>\n<p style=\"text-align: justify;\">Les comp\u00e9titions pr\u00e9vues cet \u00e9t\u00e9 sont report\u00e9es. Un report en amont des Championnats du monde 2021 de janvier est envisag\u00e9 pour les Euros masculins U20 et U18 ainsi que les Championnats europ\u00e9ens correspondants. La d\u00e9cision finale sera prise en juin.<\/p>\n<p style=\"text-align: justify;\">Le Championnat d&rsquo;Europe des moins de 16 ans f\u00e9minin pr\u00e9vu \u00e0 G\u00f6teborg en Su\u00e8de en juin et juillet est annul\u00e9.<\/p>\n<p style=\"text-align: justify;\">Les Finales EBT de Beach Handball pr\u00e9vues en juin \u00e0 Chypre sont annul\u00e9es, tout comme les qualifications pour l&rsquo;Euro de Beach Handball 2021.<\/p>\n<p style=\"text-align: justify;\">Les Championnats d&rsquo;Europe U16 f\u00e9minin et masculin pr\u00e9vus en juillet sont report\u00e9s et les dates propos\u00e9es sont du 24 au 27 septembre en Italie. Une d\u00e9cision finale sera prise en juin.<\/p>\n<h2 style=\"text-align: justify;\">Qualifications olympiques et Euro 2020<\/h2>\n<p style=\"text-align: justify;\">Enfin, le comit\u00e9 souhaite harmoniser le calendrier europ\u00e9en avec les qualifications olympiques pr\u00e9vues au printemps 2021 par l&rsquo;IHF. Ainsi, les <strong>6 \u00e9quipes europ\u00e9ennes masculines<\/strong> qui peuvent encore se qualifier pour les JO joueront leur qualification pour l&rsquo;Euro 2022 du 6 au 9 janvier 2021 pour ne pas rajouter une semaine de matchs au printemps. Le tirage au sort aura lieu le 16 juin.\u00a0Le TQO quant \u00e0 lui, aura lieu \u00e0 Paris du 12 au 14 mars 2021.<\/p>\n<p style=\"text-align: justify;\">Pour les qualifications olympiques f\u00e9minines, les discussions se poursuivent. Une semaine est disponible au printemps et la d\u00e9cision finale appartient \u00e0 l&rsquo;IHF, apr\u00e8s concertation avec les comit\u00e9s olympiques.<\/p>\n<p><strong><em>Dicodusport<br \/>\n<a href=\"https:\/\/www.facebook.com\/dicodusport\/\" target=\"_blank\" rel=\"noopener noreferrer\"><img loading=\"lazy\" decoding=\"async\" class=\"alignnone wp-image-2909\" src=\"http:\/\/dicodusport.fr\/blog\/wp-content\/uploads\/2017\/07\/logo-facebook-150x150.png\" alt=\"\" width=\"40\" height=\"40\" \/><\/a><a href=\"https:\/\/twitter.com\/dicodusport\" target=\"_blank\" rel=\"noopener noreferrer\"><img loading=\"lazy\" decoding=\"async\" class=\"alignnone wp-image-2908\" src=\"http:\/\/dicodusport.fr\/blog\/wp-content\/uploads\/2017\/07\/logo-twitter-150x150.png\" alt=\"\" width=\"39\" height=\"39\" \/><\/a><\/em><\/strong><\/p>\n","protected":false},"excerpt":{"rendered":"<p>Apr\u00e8s une premi\u00e8re r\u00e9union concernant la Ligue des Champions masculine, l&rsquo;EHF a tenu une nouvelle visioconf\u00e9rence pour d\u00e9cider du sort des autres comp\u00e9titions europ\u00e9ennes.<\/p>\n","protected":false},"author":12,"featured_media":65572,"comment_status":"open","ping_status":"closed","sticky":false,"template":"","format":"standard","meta":{"_acf_changed":false,"_daextam_enable_autolinks":"","footnotes":""},"categories":[2304],"tags":[9827,405,3769],"class_list":["post-65570","post","type-post","status-publish","format-standard","has-post-thumbnail","hentry","category-handball","tag-coronavirus","tag-handball","tag-ligue-des-champions-de-handball"],"acf":[],"yoast_head":"<!-- This site is optimized with the Yoast SEO Premium plugin v26.7 (Yoast SEO v26.7) - https:\/\/yoast.com\/wordpress\/plugins\/seo\/ -->\n<title>Le point sur les comp\u00e9titions europ\u00e9ennes et le Mondial 2021<\/title>\n<meta name=\"description\" content=\"Apr\u00e8s une premi\u00e8re r\u00e9union concernant la Ligue des Champions masculine, l&#039;EHF a tenu une nouvelle visioconf\u00e9rence pour d\u00e9cider du sort des comp\u00e9titions europ\u00e9ennes.\" \/>\n<meta name=\"robots\" content=\"index, follow, max-snippet:-1, max-image-preview:large, max-video-preview:-1\" \/>\n<link rel=\"canonical\" href=\"https:\/\/dicodusport.fr\/blog\/handball-le-point-sur-les-competitions-europeennes\/\" \/>\n<meta property=\"og:locale\" content=\"fr_FR\" \/>\n<meta property=\"og:type\" content=\"article\" \/>\n<meta property=\"og:title\" content=\"Handball : le point sur les comp\u00e9titions europ\u00e9ennes et sur le Mondial 2021\" \/>\n<meta property=\"og:description\" content=\"Apr\u00e8s une premi\u00e8re r\u00e9union concernant la Ligue des Champions masculine, l&#039;EHF a tenu une nouvelle visioconf\u00e9rence pour d\u00e9cider du sort des comp\u00e9titions europ\u00e9ennes.\" \/>\n<meta property=\"og:url\" content=\"https:\/\/dicodusport.fr\/blog\/handball-le-point-sur-les-competitions-europeennes\/\" \/>\n<meta property=\"og:site_name\" content=\"Dicodusport\" \/>\n<meta property=\"article:publisher\" content=\"https:\/\/www.facebook.com\/dicodusport\" \/>\n<meta property=\"article:published_time\" content=\"2020-04-24T14:00:51+00:00\" \/>\n<meta property=\"article:modified_time\" content=\"2020-04-27T12:41:04+00:00\" \/>\n<meta property=\"og:image\" content=\"https:\/\/dicodusport.fr\/blog\/wp-content\/uploads\/2020\/04\/1920_ehffinal-588814-1.jpg\" \/>\n\t<meta property=\"og:image:width\" content=\"800\" \/>\n\t<meta property=\"og:image:height\" content=\"440\" \/>\n\t<meta property=\"og:image:type\" content=\"image\/jpeg\" \/>\n<meta name=\"author\" content=\"Arlette Yeye\" \/>\n<meta name=\"twitter:card\" content=\"summary_large_image\" \/>\n<meta name=\"twitter:title\" content=\"Handball : le point sur les comp\u00e9titions europ\u00e9ennes et sur le Mondial 2021\" \/>\n<meta name=\"twitter:creator\" content=\"@https:\/\/twitter.com\/Shiclette94\" \/>\n<meta name=\"twitter:site\" content=\"@dicodusport\" \/>\n<script type=\"application\/ld+json\" class=\"yoast-schema-graph\">{\"@context\":\"https:\/\/schema.org\",\"@graph\":[{\"@type\":\"NewsArticle\",\"@id\":\"https:\/\/dicodusport.fr\/blog\/handball-le-point-sur-les-competitions-europeennes\/#article\",\"isPartOf\":{\"@id\":\"https:\/\/dicodusport.fr\/blog\/handball-le-point-sur-les-competitions-europeennes\/\"},\"author\":{\"name\":\"Arlette Yeye\",\"@id\":\"https:\/\/dicodusport.fr\/blog\/#\/schema\/person\/cce96fa88785bd8573e3d43078ac8c79\"},\"headline\":\"Le point sur les comp\u00e9titions europ\u00e9ennes et le Mondial 2021\",\"datePublished\":\"2020-04-24T14:00:51+00:00\",\"dateModified\":\"2020-04-27T12:41:04+00:00\",\"mainEntityOfPage\":{\"@id\":\"https:\/\/dicodusport.fr\/blog\/handball-le-point-sur-les-competitions-europeennes\/\"},\"wordCount\":770,\"commentCount\":0,\"publisher\":{\"@id\":\"https:\/\/dicodusport.fr\/blog\/#organization\"},\"image\":{\"@id\":\"https:\/\/dicodusport.fr\/blog\/handball-le-point-sur-les-competitions-europeennes\/#primaryimage\"},\"thumbnailUrl\":\"https:\/\/dicodusport.fr\/blog\/wp-content\/uploads\/2020\/04\/1920_ehffinal-588814-1.jpg\",\"keywords\":[\"Coronavirus\",\"Handball\",\"Ligue des Champions de handball\"],\"articleSection\":[\"Handball\"],\"inLanguage\":\"fr-FR\",\"potentialAction\":[{\"@type\":\"CommentAction\",\"name\":\"Comment\",\"target\":[\"https:\/\/dicodusport.fr\/blog\/handball-le-point-sur-les-competitions-europeennes\/#respond\"]}],\"copyrightYear\":\"2020\",\"copyrightHolder\":{\"@id\":\"https:\/\/dicodusport.fr\/blog\/#organization\"}},{\"@type\":\"WebPage\",\"@id\":\"https:\/\/dicodusport.fr\/blog\/handball-le-point-sur-les-competitions-europeennes\/\",\"url\":\"https:\/\/dicodusport.fr\/blog\/handball-le-point-sur-les-competitions-europeennes\/\",\"name\":\"Le point sur les comp\u00e9titions europ\u00e9ennes et le Mondial 2021\",\"isPartOf\":{\"@id\":\"https:\/\/dicodusport.fr\/blog\/#website\"},\"primaryImageOfPage\":{\"@id\":\"https:\/\/dicodusport.fr\/blog\/handball-le-point-sur-les-competitions-europeennes\/#primaryimage\"},\"image\":{\"@id\":\"https:\/\/dicodusport.fr\/blog\/handball-le-point-sur-les-competitions-europeennes\/#primaryimage\"},\"thumbnailUrl\":\"https:\/\/dicodusport.fr\/blog\/wp-content\/uploads\/2020\/04\/1920_ehffinal-588814-1.jpg\",\"datePublished\":\"2020-04-24T14:00:51+00:00\",\"dateModified\":\"2020-04-27T12:41:04+00:00\",\"description\":\"Apr\u00e8s une premi\u00e8re r\u00e9union concernant la Ligue des Champions masculine, l'EHF a tenu une nouvelle visioconf\u00e9rence pour d\u00e9cider du sort des comp\u00e9titions europ\u00e9ennes.\",\"breadcrumb\":{\"@id\":\"https:\/\/dicodusport.fr\/blog\/handball-le-point-sur-les-competitions-europeennes\/#breadcrumb\"},\"inLanguage\":\"fr-FR\",\"potentialAction\":[{\"@type\":\"ReadAction\",\"target\":[\"https:\/\/dicodusport.fr\/blog\/handball-le-point-sur-les-competitions-europeennes\/\"]}]},{\"@type\":\"ImageObject\",\"inLanguage\":\"fr-FR\",\"@id\":\"https:\/\/dicodusport.fr\/blog\/handball-le-point-sur-les-competitions-europeennes\/#primaryimage\",\"url\":\"https:\/\/dicodusport.fr\/blog\/wp-content\/uploads\/2020\/04\/1920_ehffinal-588814-1.jpg\",\"contentUrl\":\"https:\/\/dicodusport.fr\/blog\/wp-content\/uploads\/2020\/04\/1920_ehffinal-588814-1.jpg\",\"width\":800,\"height\":440},{\"@type\":\"BreadcrumbList\",\"@id\":\"https:\/\/dicodusport.fr\/blog\/handball-le-point-sur-les-competitions-europeennes\/#breadcrumb\",\"itemListElement\":[{\"@type\":\"ListItem\",\"position\":1,\"name\":\"Accueil\",\"item\":\"https:\/\/dicodusport.fr\/blog\/\"},{\"@type\":\"ListItem\",\"position\":2,\"name\":\"Le point sur les comp\u00e9titions europ\u00e9ennes et le Mondial 2021\"}]},{\"@type\":\"WebSite\",\"@id\":\"https:\/\/dicodusport.fr\/blog\/#website\",\"url\":\"https:\/\/dicodusport.fr\/blog\/\",\"name\":\"Dicodusport\",\"description\":\"L&#039;encyclop\u00e9die de l&#039;actualit\u00e9 sportive\",\"publisher\":{\"@id\":\"https:\/\/dicodusport.fr\/blog\/#organization\"},\"potentialAction\":[{\"@type\":\"SearchAction\",\"target\":{\"@type\":\"EntryPoint\",\"urlTemplate\":\"https:\/\/dicodusport.fr\/blog\/?s={search_term_string}\"},\"query-input\":{\"@type\":\"PropertyValueSpecification\",\"valueRequired\":true,\"valueName\":\"search_term_string\"}}],\"inLanguage\":\"fr-FR\"},{\"@type\":\"NewsMediaOrganization\",\"@id\":\"https:\/\/dicodusport.fr\/blog\/#organization\",\"name\":\"Dicodusport\",\"url\":\"https:\/\/dicodusport.fr\/blog\/\",\"logo\":{\"@type\":\"ImageObject\",\"inLanguage\":\"fr-FR\",\"@id\":\"https:\/\/dicodusport.fr\/blog\/#\/schema\/logo\/image\/\",\"url\":\"https:\/\/dicodusport.fr\/blog\/wp-content\/uploads\/2020\/06\/cropped-LOGO-DICODUSPORT-2020-SANS-FOND-SANS-TEXTE.png\",\"contentUrl\":\"https:\/\/dicodusport.fr\/blog\/wp-content\/uploads\/2020\/06\/cropped-LOGO-DICODUSPORT-2020-SANS-FOND-SANS-TEXTE.png\",\"width\":512,\"height\":512,\"caption\":\"Dicodusport\"},\"image\":{\"@id\":\"https:\/\/dicodusport.fr\/blog\/#\/schema\/logo\/image\/\"},\"sameAs\":[\"https:\/\/www.facebook.com\/dicodusport\",\"https:\/\/x.com\/dicodusport\",\"https:\/\/www.instagram.com\/dicodusport\/\",\"https:\/\/www.youtube.com\/channel\/UC7V2KZ5sd3htJivAbA4ZG3w\"],\"description\":\"Dicodusport est l'encyclop\u00e9die de l'actualit\u00e9 sportive.\",\"email\":\"bonjour@dicodusport.fr\",\"legalName\":\"DICODUSPORT\",\"foundingDate\":\"2018-01-14\",\"vatID\":\"FR71834470973\",\"taxID\":\"83447097300043\",\"numberOfEmployees\":{\"@type\":\"QuantitativeValue\",\"minValue\":\"1\",\"maxValue\":\"10\"}},{\"@type\":\"Person\",\"@id\":\"https:\/\/dicodusport.fr\/blog\/#\/schema\/person\/cce96fa88785bd8573e3d43078ac8c79\",\"name\":\"Arlette Yeye\",\"image\":{\"@type\":\"ImageObject\",\"inLanguage\":\"fr-FR\",\"@id\":\"https:\/\/dicodusport.fr\/blog\/#\/schema\/person\/image\/\",\"url\":\"https:\/\/secure.gravatar.com\/avatar\/dca4a6239e6d708e46c45d60e160de6c?s=96&d=wp_user_avatar&r=g\",\"contentUrl\":\"https:\/\/secure.gravatar.com\/avatar\/dca4a6239e6d708e46c45d60e160de6c?s=96&d=wp_user_avatar&r=g\",\"caption\":\"Arlette Yeye\"},\"description\":\"Journaliste\/r\u00e9dactrice depuis septembre 2015 - Supportrice de Chelsea, j'ai pour sports de pr\u00e9dilection le handball, l'athl\u00e9tisme et le tennis. Si je tweete plus vite que mon ombre, vous pouvez aussi me retrouver les week-ends sur les playgrounds de Bruxelles pour un petit foot ou basket entre potes. Parcourir la France, l'Europe et plus si affinit\u00e9s pour suivre mes sportifs pr\u00e9f\u00e9r\u00e9s ? Mon kif ! Et c'est avec plaisir que je partage les r\u00e9sultats des sports populaires mais \u00e9galement plus confidentiels pour Dicodusport.\",\"sameAs\":[\"https:\/\/x.com\/https:\/\/twitter.com\/Shiclette94\"],\"url\":\"https:\/\/dicodusport.fr\/blog\/author\/arlette\/\"}]}<\/script>\n<!-- \/ Yoast SEO Premium plugin. -->","yoast_head_json":{"title":"Le point sur les comp\u00e9titions europ\u00e9ennes et le Mondial 2021","description":"Apr\u00e8s une premi\u00e8re r\u00e9union concernant la Ligue des Champions masculine, l'EHF a tenu une nouvelle visioconf\u00e9rence pour d\u00e9cider du sort des comp\u00e9titions europ\u00e9ennes.","robots":{"index":"index","follow":"follow","max-snippet":"max-snippet:-1","max-image-preview":"max-image-preview:large","max-video-preview":"max-video-preview:-1"},"canonical":"https:\/\/dicodusport.fr\/blog\/handball-le-point-sur-les-competitions-europeennes\/","og_locale":"fr_FR","og_type":"article","og_title":"Handball : le point sur les comp\u00e9titions europ\u00e9ennes et sur le Mondial 2021","og_description":"Apr\u00e8s une premi\u00e8re r\u00e9union concernant la Ligue des Champions masculine, l'EHF a tenu une nouvelle visioconf\u00e9rence pour d\u00e9cider du sort des comp\u00e9titions europ\u00e9ennes.","og_url":"https:\/\/dicodusport.fr\/blog\/handball-le-point-sur-les-competitions-europeennes\/","og_site_name":"Dicodusport","article_publisher":"https:\/\/www.facebook.com\/dicodusport","article_published_time":"2020-04-24T14:00:51+00:00","article_modified_time":"2020-04-27T12:41:04+00:00","og_image":[{"width":800,"height":440,"url":"https:\/\/dicodusport.fr\/blog\/wp-content\/uploads\/2020\/04\/1920_ehffinal-588814-1.jpg","type":"image\/jpeg"}],"author":"Arlette Yeye","twitter_card":"summary_large_image","twitter_title":"Handball : le point sur les comp\u00e9titions europ\u00e9ennes et sur le Mondial 2021","twitter_creator":"@https:\/\/twitter.com\/Shiclette94","twitter_site":"@dicodusport","schema":{"@context":"https:\/\/schema.org","@graph":[{"@type":"NewsArticle","@id":"https:\/\/dicodusport.fr\/blog\/handball-le-point-sur-les-competitions-europeennes\/#article","isPartOf":{"@id":"https:\/\/dicodusport.fr\/blog\/handball-le-point-sur-les-competitions-europeennes\/"},"author":{"name":"Arlette Yeye","@id":"https:\/\/dicodusport.fr\/blog\/#\/schema\/person\/cce96fa88785bd8573e3d43078ac8c79"},"headline":"Le point sur les comp\u00e9titions europ\u00e9ennes et le Mondial 2021","datePublished":"2020-04-24T14:00:51+00:00","dateModified":"2020-04-27T12:41:04+00:00","mainEntityOfPage":{"@id":"https:\/\/dicodusport.fr\/blog\/handball-le-point-sur-les-competitions-europeennes\/"},"wordCount":770,"commentCount":0,"publisher":{"@id":"https:\/\/dicodusport.fr\/blog\/#organization"},"image":{"@id":"https:\/\/dicodusport.fr\/blog\/handball-le-point-sur-les-competitions-europeennes\/#primaryimage"},"thumbnailUrl":"https:\/\/dicodusport.fr\/blog\/wp-content\/uploads\/2020\/04\/1920_ehffinal-588814-1.jpg","keywords":["Coronavirus","Handball","Ligue des Champions de handball"],"articleSection":["Handball"],"inLanguage":"fr-FR","potentialAction":[{"@type":"CommentAction","name":"Comment","target":["https:\/\/dicodusport.fr\/blog\/handball-le-point-sur-les-competitions-europeennes\/#respond"]}],"copyrightYear":"2020","copyrightHolder":{"@id":"https:\/\/dicodusport.fr\/blog\/#organization"}},{"@type":"WebPage","@id":"https:\/\/dicodusport.fr\/blog\/handball-le-point-sur-les-competitions-europeennes\/","url":"https:\/\/dicodusport.fr\/blog\/handball-le-point-sur-les-competitions-europeennes\/","name":"Le point sur les comp\u00e9titions europ\u00e9ennes et le Mondial 2021","isPartOf":{"@id":"https:\/\/dicodusport.fr\/blog\/#website"},"primaryImageOfPage":{"@id":"https:\/\/dicodusport.fr\/blog\/handball-le-point-sur-les-competitions-europeennes\/#primaryimage"},"image":{"@id":"https:\/\/dicodusport.fr\/blog\/handball-le-point-sur-les-competitions-europeennes\/#primaryimage"},"thumbnailUrl":"https:\/\/dicodusport.fr\/blog\/wp-content\/uploads\/2020\/04\/1920_ehffinal-588814-1.jpg","datePublished":"2020-04-24T14:00:51+00:00","dateModified":"2020-04-27T12:41:04+00:00","description":"Apr\u00e8s une premi\u00e8re r\u00e9union concernant la Ligue des Champions masculine, l'EHF a tenu une nouvelle visioconf\u00e9rence pour d\u00e9cider du sort des comp\u00e9titions europ\u00e9ennes.","breadcrumb":{"@id":"https:\/\/dicodusport.fr\/blog\/handball-le-point-sur-les-competitions-europeennes\/#breadcrumb"},"inLanguage":"fr-FR","potentialAction":[{"@type":"ReadAction","target":["https:\/\/dicodusport.fr\/blog\/handball-le-point-sur-les-competitions-europeennes\/"]}]},{"@type":"ImageObject","inLanguage":"fr-FR","@id":"https:\/\/dicodusport.fr\/blog\/handball-le-point-sur-les-competitions-europeennes\/#primaryimage","url":"https:\/\/dicodusport.fr\/blog\/wp-content\/uploads\/2020\/04\/1920_ehffinal-588814-1.jpg","contentUrl":"https:\/\/dicodusport.fr\/blog\/wp-content\/uploads\/2020\/04\/1920_ehffinal-588814-1.jpg","width":800,"height":440},{"@type":"BreadcrumbList","@id":"https:\/\/dicodusport.fr\/blog\/handball-le-point-sur-les-competitions-europeennes\/#breadcrumb","itemListElement":[{"@type":"ListItem","position":1,"name":"Accueil","item":"https:\/\/dicodusport.fr\/blog\/"},{"@type":"ListItem","position":2,"name":"Le point sur les comp\u00e9titions europ\u00e9ennes et le Mondial 2021"}]},{"@type":"WebSite","@id":"https:\/\/dicodusport.fr\/blog\/#website","url":"https:\/\/dicodusport.fr\/blog\/","name":"Dicodusport","description":"L&#039;encyclop\u00e9die de l&#039;actualit\u00e9 sportive","publisher":{"@id":"https:\/\/dicodusport.fr\/blog\/#organization"},"potentialAction":[{"@type":"SearchAction","target":{"@type":"EntryPoint","urlTemplate":"https:\/\/dicodusport.fr\/blog\/?s={search_term_string}"},"query-input":{"@type":"PropertyValueSpecification","valueRequired":true,"valueName":"search_term_string"}}],"inLanguage":"fr-FR"},{"@type":"NewsMediaOrganization","@id":"https:\/\/dicodusport.fr\/blog\/#organization","name":"Dicodusport","url":"https:\/\/dicodusport.fr\/blog\/","logo":{"@type":"ImageObject","inLanguage":"fr-FR","@id":"https:\/\/dicodusport.fr\/blog\/#\/schema\/logo\/image\/","url":"https:\/\/dicodusport.fr\/blog\/wp-content\/uploads\/2020\/06\/cropped-LOGO-DICODUSPORT-2020-SANS-FOND-SANS-TEXTE.png","contentUrl":"https:\/\/dicodusport.fr\/blog\/wp-content\/uploads\/2020\/06\/cropped-LOGO-DICODUSPORT-2020-SANS-FOND-SANS-TEXTE.png","width":512,"height":512,"caption":"Dicodusport"},"image":{"@id":"https:\/\/dicodusport.fr\/blog\/#\/schema\/logo\/image\/"},"sameAs":["https:\/\/www.facebook.com\/dicodusport","https:\/\/x.com\/dicodusport","https:\/\/www.instagram.com\/dicodusport\/","https:\/\/www.youtube.com\/channel\/UC7V2KZ5sd3htJivAbA4ZG3w"],"description":"Dicodusport est l'encyclop\u00e9die de l'actualit\u00e9 sportive.","email":"bonjour@dicodusport.fr","legalName":"DICODUSPORT","foundingDate":"2018-01-14","vatID":"FR71834470973","taxID":"83447097300043","numberOfEmployees":{"@type":"QuantitativeValue","minValue":"1","maxValue":"10"}},{"@type":"Person","@id":"https:\/\/dicodusport.fr\/blog\/#\/schema\/person\/cce96fa88785bd8573e3d43078ac8c79","name":"Arlette Yeye","image":{"@type":"ImageObject","inLanguage":"fr-FR","@id":"https:\/\/dicodusport.fr\/blog\/#\/schema\/person\/image\/","url":"https:\/\/secure.gravatar.com\/avatar\/dca4a6239e6d708e46c45d60e160de6c?s=96&d=wp_user_avatar&r=g","contentUrl":"https:\/\/secure.gravatar.com\/avatar\/dca4a6239e6d708e46c45d60e160de6c?s=96&d=wp_user_avatar&r=g","caption":"Arlette Yeye"},"description":"Journaliste\/r\u00e9dactrice depuis septembre 2015 - Supportrice de Chelsea, j'ai pour sports de pr\u00e9dilection le handball, l'athl\u00e9tisme et le tennis. Si je tweete plus vite que mon ombre, vous pouvez aussi me retrouver les week-ends sur les playgrounds de Bruxelles pour un petit foot ou basket entre potes. Parcourir la France, l'Europe et plus si affinit\u00e9s pour suivre mes sportifs pr\u00e9f\u00e9r\u00e9s ? Mon kif ! Et c'est avec plaisir que je partage les r\u00e9sultats des sports populaires mais \u00e9galement plus confidentiels pour Dicodusport.","sameAs":["https:\/\/x.com\/https:\/\/twitter.com\/Shiclette94"],"url":"https:\/\/dicodusport.fr\/blog\/author\/arlette\/"}]}},"_links":{"self":[{"href":"https:\/\/dicodusport.fr\/blog\/wp-json\/wp\/v2\/posts\/65570","targetHints":{"allow":["GET"]}}],"collection":[{"href":"https:\/\/dicodusport.fr\/blog\/wp-json\/wp\/v2\/posts"}],"about":[{"href":"https:\/\/dicodusport.fr\/blog\/wp-json\/wp\/v2\/types\/post"}],"author":[{"embeddable":true,"href":"https:\/\/dicodusport.fr\/blog\/wp-json\/wp\/v2\/users\/12"}],"replies":[{"embeddable":true,"href":"https:\/\/dicodusport.fr\/blog\/wp-json\/wp\/v2\/comments?post=65570"}],"version-history":[{"count":0,"href":"https:\/\/dicodusport.fr\/blog\/wp-json\/wp\/v2\/posts\/65570\/revisions"}],"wp:featuredmedia":[{"embeddable":true,"href":"https:\/\/dicodusport.fr\/blog\/wp-json\/wp\/v2\/media\/65572"}],"wp:attachment":[{"href":"https:\/\/dicodusport.fr\/blog\/wp-json\/wp\/v2\/media?parent=65570"}],"wp:term":[{"taxonomy":"category","embeddable":true,"href":"https:\/\/dicodusport.fr\/blog\/wp-json\/wp\/v2\/categories?post=65570"},{"taxonomy":"post_tag","embeddable":true,"href":"https:\/\/dicodusport.fr\/blog\/wp-json\/wp\/v2\/tags?post=65570"}],"curies":[{"name":"wp","href":"https:\/\/api.w.org\/{rel}","templated":true}]}}