{"id":655815,"date":"2026-03-15T12:31:08","date_gmt":"2026-03-15T11:31:08","guid":{"rendered":"https:\/\/dicodusport.fr\/blog\/?p=655815&#038;preview=true&#038;preview_id=655815"},"modified":"2026-03-15T18:39:17","modified_gmt":"2026-03-15T17:39:17","slug":"aidan-chollet-seul-francais-sur-le-podium-lors-de-la-manche-de-coupe-du-monde-de-snowboardcross-de-montafon","status":"publish","type":"post","link":"https:\/\/dicodusport.fr\/blog\/aidan-chollet-seul-francais-sur-le-podium-lors-de-la-manche-de-coupe-du-monde-de-snowboardcross-de-montafon\/","title":{"rendered":"Aidan Chollet seul Fran\u00e7ais sur le podium lors de la manche de Coupe du monde de snowboardcross de Montafon"},"content":{"rendered":"<p style=\"text-align: justify;\"><strong><em>COUPE DU MONDE DE SNOWBOARDCROSS 2025\/2026 &#8211; Malgr\u00e9 trois finalistes, seul Aidan Chollet est mont\u00e9 sur la bo\u00eete lors de la manche de Montafon.<\/em><\/strong><\/p>\n<p style=\"text-align: justify;\">\u00c0 Ezerum, <strong>L\u00e9a Casta<\/strong> a engrang\u00e9 avec une victoire et un podium, pour se rapprocher de Charlotte Bankes au classement g\u00e9n\u00e9ral de la Coupe du monde de snowboardcross.<\/p>\n<div class=\"vlp-link-container vlp-layout-article\"><a href=\"https:\/\/dicodusport.fr\/blog\/lea-casta-mene-un-triple-et-une-pluie-de-podiums-les-bleus-du-snowboardcross-en-feu-a-erzurum\/\" class=\"vlp-link\" title=\"L\u00e9a Casta m\u00e8ne un tripl\u00e9 et une pluie de podiums : les Bleus du snowboardcross en feu \u00e0 Erzurum !\"><\/a><div class=\"vlp-layout-zone-side\"><div class=\"vlp-block-4 vlp-link-image\"><img loading=\"lazy\" decoding=\"async\" style=\"max-width: 792px;\" width=\"792\" height=\"445\" src=\"https:\/\/dicodusport.fr\/blog\/wp-content\/uploads\/2026\/03\/Lea-Casta-mene-un-triple-et-une-pluie-de-podiums-les-Bleus-du-snowboardcross-en-feu-a-Erzurum-.png\" class=\"attachment-800x445 size-800x445\" alt=\"L\u00e9a Casta m\u00e8ne un tripl\u00e9 et une pluie de podiums les Bleus du snowboardcross en feu \u00e0 Erzurum !\" srcset=\"https:\/\/dicodusport.fr\/blog\/wp-content\/uploads\/2026\/03\/Lea-Casta-mene-un-triple-et-une-pluie-de-podiums-les-Bleus-du-snowboardcross-en-feu-a-Erzurum-.png 1200w, https:\/\/dicodusport.fr\/blog\/wp-content\/uploads\/2026\/03\/Lea-Casta-mene-un-triple-et-une-pluie-de-podiums-les-Bleus-du-snowboardcross-en-feu-a-Erzurum--300x169.png 300w, https:\/\/dicodusport.fr\/blog\/wp-content\/uploads\/2026\/03\/Lea-Casta-mene-un-triple-et-une-pluie-de-podiums-les-Bleus-du-snowboardcross-en-feu-a-Erzurum--1024x575.png 1024w, https:\/\/dicodusport.fr\/blog\/wp-content\/uploads\/2026\/03\/Lea-Casta-mene-un-triple-et-une-pluie-de-podiums-les-Bleus-du-snowboardcross-en-feu-a-Erzurum--768x431.png 768w\" sizes=\"auto, (max-width: 792px) 100vw, 792px\" \/><\/div><\/div><div class=\"vlp-layout-zone-main\"><div class=\"vlp-block-0 vlp-link-title\">L\u00e9a Casta m\u00e8ne un tripl\u00e9 et une pluie de podiums : les Bleus du snowboardcross en feu \u00e0 Erzurum !<\/div><div class=\"vlp-block-1 vlp-link-summary\">COUPE DU MONDE DE SNOWBOARDCROSS 2025\/2026 - Carton total pour les Bleus \u00e0 Erzurum ! L\u00e9a Casta a men\u00e9 un podium 100% tricolore chez les femmes tandis qu'A\u00efdan Chollet et Loan Bozzolo sont \u00e9galement mont\u00e9s sur la bo\u00eete.<\/div><div class=\"vlp-block-2 vlp-link-button\">Lire l'article<\/div><div class=\"vlp-block-3 vlp-link-url\">dicodusport.fr<\/div><\/div><\/div>\n<p style=\"text-align: justify;\">Mais son \u00e9limination en demi-finale \u00e0 Montafon a mis un coup \u00e0 ses ambitions de conserver le gros globe. Il y avait tout de m\u00eame une Bleue en finale : <strong>Chlo\u00e9 Trespeuch<\/strong>, qui \u00e9tait bien remont\u00e9e apr\u00e8s un d\u00e9part peu engageant, mais qui a fini par c\u00e9der dans les derniers virages, terminant au pied du podium. Sina Siegenthaler en a profit\u00e9 pour glisser vers la victoire devant la championne olympique <strong>Josie Baff<\/strong>, et <strong>Charlotte Bankes<\/strong>, troisi\u00e8me, renforce ses chances de sacre. Au grand dam de <strong>L\u00e9a Casta<\/strong>&#8230;<\/p>\n<h2 style=\"text-align: justify;\">Aidan Chollet continue<\/h2>\n<p style=\"text-align: justify;\">Chez les hommes, <strong>Aidan Chollet<\/strong> avait lui aussi triomph\u00e9 en Turquie le weekend dernier. De quoi relancer une saison ternie par l&rsquo;\u00e9chec olympique, et entretenir des chances de sacre au classement g\u00e9n\u00e9ral. Et \u00e0 Montafon, il a \u00e9t\u00e9 se hisser en finale, pas avec son fr\u00e8re <strong>Jonas Chollet<\/strong>, sorti en demie, mais avec<strong> Merlin Surget<\/strong>, de retour \u00e0 un excellent niveau.<\/p>\n<div class=\"vlp-link-container vlp-layout-article\"><a href=\"https:\/\/dicodusport.fr\/blog\/aidan-chollet-leve-les-bras-sur-la-deuxieme-course-a-erzurum-trois-podiums-pour-les-bleus-du-snowboardcross\/\" class=\"vlp-link\" title=\"Aidan Chollet l\u00e8ve les bras sur la deuxi\u00e8me course \u00e0 Erzurum, trois podiums pour les Bleus du snowboardcross\"><\/a><div class=\"vlp-layout-zone-side\"><div class=\"vlp-block-4 vlp-link-image\"><img loading=\"lazy\" decoding=\"async\" style=\"max-width: 792px;\" width=\"792\" height=\"445\" src=\"https:\/\/dicodusport.fr\/blog\/wp-content\/uploads\/2026\/03\/Aidan-Chollet-leve-les-bras-sur-la-deuxieme-course-a-Erzurum-trois-podiums-pour-les-Bleus-du-snowboardcross-1.png\" class=\"attachment-800x445 size-800x445\" alt=\"Aidan Chollet l\u00e8ve les bras sur la deuxi\u00e8me course \u00e0 Erzurum, trois podiums pour les Bleus du snowboardcross\" srcset=\"https:\/\/dicodusport.fr\/blog\/wp-content\/uploads\/2026\/03\/Aidan-Chollet-leve-les-bras-sur-la-deuxieme-course-a-Erzurum-trois-podiums-pour-les-Bleus-du-snowboardcross-1.png 1200w, https:\/\/dicodusport.fr\/blog\/wp-content\/uploads\/2026\/03\/Aidan-Chollet-leve-les-bras-sur-la-deuxieme-course-a-Erzurum-trois-podiums-pour-les-Bleus-du-snowboardcross-1-300x169.png 300w, https:\/\/dicodusport.fr\/blog\/wp-content\/uploads\/2026\/03\/Aidan-Chollet-leve-les-bras-sur-la-deuxieme-course-a-Erzurum-trois-podiums-pour-les-Bleus-du-snowboardcross-1-1024x575.png 1024w, https:\/\/dicodusport.fr\/blog\/wp-content\/uploads\/2026\/03\/Aidan-Chollet-leve-les-bras-sur-la-deuxieme-course-a-Erzurum-trois-podiums-pour-les-Bleus-du-snowboardcross-1-768x431.png 768w\" sizes=\"auto, (max-width: 792px) 100vw, 792px\" \/><\/div><\/div><div class=\"vlp-layout-zone-main\"><div class=\"vlp-block-0 vlp-link-title\">Aidan Chollet l\u00e8ve les bras sur la deuxi\u00e8me course \u00e0 Erzurum, trois podiums pour les Bleus du snowboardcross<\/div><div class=\"vlp-block-1 vlp-link-summary\">COUPE DU MONDE DE SNOWBOARDCROSS 2025\/2026 - Erzurum r\u00e9ussit bien \u00e0 l\u2019\u00e9quipe de France, qui a r\u00e9colt\u00e9 trois nouvelles m\u00e9dailles ce dimanche dont la victoire pour Aidan Chollet.<\/div><div class=\"vlp-block-2 vlp-link-button\">Lire l'article<\/div><div class=\"vlp-block-3 vlp-link-url\">dicodusport.fr<\/div><\/div><\/div>\n<p style=\"text-align: justify;\">Malheureusement, ils n&rsquo;ont rien pu faire contre <strong>Jakob Dusek<\/strong>, dominateur d\u00e8s les 8\u00e8mes de finale jusqu&rsquo;au bout. <strong>Merlin Surget<\/strong>, pourtant impeccablement parti, allait d\u00e9cliner petit \u00e0 petit et terminer au pied du podium derri\u00e8re&#8230; <strong>Aidan Chollet<\/strong>, qui \u00e9vitait donc le z\u00e9ro point\u00e9 des Bleus en Suisse. Mais cela lui permet de ne pas hypoth\u00e9quer ses chances de gros globe.<\/p>\n","protected":false},"excerpt":{"rendered":"<p>COUPE DU MONDE DE SNOWBOARDCROSS 2025\/2026 &#8211; Malgr\u00e9 trois finalistes, seul Aidan Chollet est mont\u00e9 sur la bo\u00eete lors de la manche de Montafon.<\/p>\n","protected":false},"author":59,"featured_media":656016,"comment_status":"open","ping_status":"closed","sticky":false,"template":"","format":"standard","meta":{"_acf_changed":false,"_daextam_enable_autolinks":"1","footnotes":""},"categories":[10126],"tags":[38183,16878,14520],"class_list":["post-655815","post","type-post","status-publish","format-standard","has-post-thumbnail","hentry","category-snowboard","tag-aidan-chollet","tag-breve","tag-coupe-du-monde-de-snowboardcross"],"acf":[],"yoast_head":"<!-- This site is optimized with the Yoast SEO Premium plugin v26.7 (Yoast SEO v26.7) - https:\/\/yoast.com\/wordpress\/plugins\/seo\/ -->\n<title>Aidan Chollet seul Fran\u00e7ais sur le podium lors de la manche de Coupe du monde de snowboardcross de Montafon<\/title>\n<meta name=\"description\" content=\"COUPE DU MONDE DE SNOWBOARDCROSS 2025\/2026 - Malgr\u00e9 trois finalistes, seul Aidan Chollet est mont\u00e9 sur la bo\u00eete lors de la manche de Montafon.\" \/>\n<meta name=\"robots\" content=\"index, follow, max-snippet:-1, max-image-preview:large, max-video-preview:-1\" \/>\n<link rel=\"canonical\" href=\"https:\/\/dicodusport.fr\/blog\/aidan-chollet-seul-francais-sur-le-podium-lors-de-la-manche-de-coupe-du-monde-de-snowboardcross-de-montafon\/\" \/>\n<meta property=\"og:locale\" content=\"fr_FR\" \/>\n<meta property=\"og:type\" content=\"article\" \/>\n<meta property=\"og:title\" content=\"Aidan Chollet seul Fran\u00e7ais sur le podium lors de la manche de Coupe du monde de snowboardcross de Montafon\" \/>\n<meta property=\"og:description\" content=\"COUPE DU MONDE DE SNOWBOARDCROSS 2025\/2026 - Malgr\u00e9 trois finalistes, seul Aidan Chollet est mont\u00e9 sur la bo\u00eete lors de la manche de Montafon.\" \/>\n<meta property=\"og:url\" content=\"https:\/\/dicodusport.fr\/blog\/aidan-chollet-seul-francais-sur-le-podium-lors-de-la-manche-de-coupe-du-monde-de-snowboardcross-de-montafon\/\" \/>\n<meta property=\"og:site_name\" content=\"Dicodusport\" \/>\n<meta property=\"article:publisher\" content=\"https:\/\/www.facebook.com\/dicodusport\" \/>\n<meta property=\"article:author\" content=\"https:\/\/www.facebook.com\/sebastien.gente\/\" \/>\n<meta property=\"article:published_time\" content=\"2026-03-15T11:31:08+00:00\" \/>\n<meta property=\"article:modified_time\" content=\"2026-03-15T17:39:17+00:00\" \/>\n<meta property=\"og:image\" content=\"https:\/\/dicodusport.fr\/blog\/wp-content\/uploads\/2026\/03\/Aidan-Chollet-seul-Francais-sur-le-podium-lors-de-la-manche-de-Coupe-du-monde-de-snowboardcross-de-Montafon-1.png\" \/>\n\t<meta property=\"og:image:width\" content=\"1200\" \/>\n\t<meta property=\"og:image:height\" content=\"674\" \/>\n\t<meta property=\"og:image:type\" content=\"image\/png\" \/>\n<meta name=\"author\" content=\"S\u00e9bastien Gente\" \/>\n<meta name=\"twitter:card\" content=\"summary_large_image\" \/>\n<meta name=\"twitter:title\" content=\"Aidan Chollet seul Fran\u00e7ais sur le podium lors de la manche de Coupe du monde de snowboardcross de Montafon\" \/>\n<meta name=\"twitter:creator\" content=\"@https:\/\/twitter.com\/globulo24\" \/>\n<meta name=\"twitter:site\" content=\"@dicodusport\" \/>\n<script type=\"application\/ld+json\" class=\"yoast-schema-graph\">{\"@context\":\"https:\/\/schema.org\",\"@graph\":[{\"@type\":\"NewsArticle\",\"@id\":\"https:\/\/dicodusport.fr\/blog\/aidan-chollet-seul-francais-sur-le-podium-lors-de-la-manche-de-coupe-du-monde-de-snowboardcross-de-montafon\/#article\",\"isPartOf\":{\"@id\":\"https:\/\/dicodusport.fr\/blog\/aidan-chollet-seul-francais-sur-le-podium-lors-de-la-manche-de-coupe-du-monde-de-snowboardcross-de-montafon\/\"},\"author\":{\"name\":\"S\u00e9bastien Gente\",\"@id\":\"https:\/\/dicodusport.fr\/blog\/#\/schema\/person\/627966a6cde45dbd8c5e36ac85d783da\"},\"headline\":\"Aidan Chollet seul Fran\u00e7ais sur le podium lors de la manche de Coupe du monde de snowboardcross de Montafon\",\"datePublished\":\"2026-03-15T11:31:08+00:00\",\"dateModified\":\"2026-03-15T17:39:17+00:00\",\"mainEntityOfPage\":{\"@id\":\"https:\/\/dicodusport.fr\/blog\/aidan-chollet-seul-francais-sur-le-podium-lors-de-la-manche-de-coupe-du-monde-de-snowboardcross-de-montafon\/\"},\"wordCount\":536,\"commentCount\":0,\"publisher\":{\"@id\":\"https:\/\/dicodusport.fr\/blog\/#organization\"},\"image\":{\"@id\":\"https:\/\/dicodusport.fr\/blog\/aidan-chollet-seul-francais-sur-le-podium-lors-de-la-manche-de-coupe-du-monde-de-snowboardcross-de-montafon\/#primaryimage\"},\"thumbnailUrl\":\"https:\/\/dicodusport.fr\/blog\/wp-content\/uploads\/2026\/03\/Aidan-Chollet-seul-Francais-sur-le-podium-lors-de-la-manche-de-Coupe-du-monde-de-snowboardcross-de-Montafon-1.png\",\"keywords\":[\"Aidan Chollet\",\"br\u00e8ve\",\"Coupe du monde de snowboardcross\"],\"articleSection\":[\"Snowboard\"],\"inLanguage\":\"fr-FR\",\"potentialAction\":[{\"@type\":\"CommentAction\",\"name\":\"Comment\",\"target\":[\"https:\/\/dicodusport.fr\/blog\/aidan-chollet-seul-francais-sur-le-podium-lors-de-la-manche-de-coupe-du-monde-de-snowboardcross-de-montafon\/#respond\"]}],\"copyrightYear\":\"2026\",\"copyrightHolder\":{\"@id\":\"https:\/\/dicodusport.fr\/blog\/#organization\"}},{\"@type\":\"WebPage\",\"@id\":\"https:\/\/dicodusport.fr\/blog\/aidan-chollet-seul-francais-sur-le-podium-lors-de-la-manche-de-coupe-du-monde-de-snowboardcross-de-montafon\/\",\"url\":\"https:\/\/dicodusport.fr\/blog\/aidan-chollet-seul-francais-sur-le-podium-lors-de-la-manche-de-coupe-du-monde-de-snowboardcross-de-montafon\/\",\"name\":\"Aidan Chollet seul Fran\u00e7ais sur le podium lors de la manche de Coupe du monde de snowboardcross de Montafon\",\"isPartOf\":{\"@id\":\"https:\/\/dicodusport.fr\/blog\/#website\"},\"primaryImageOfPage\":{\"@id\":\"https:\/\/dicodusport.fr\/blog\/aidan-chollet-seul-francais-sur-le-podium-lors-de-la-manche-de-coupe-du-monde-de-snowboardcross-de-montafon\/#primaryimage\"},\"image\":{\"@id\":\"https:\/\/dicodusport.fr\/blog\/aidan-chollet-seul-francais-sur-le-podium-lors-de-la-manche-de-coupe-du-monde-de-snowboardcross-de-montafon\/#primaryimage\"},\"thumbnailUrl\":\"https:\/\/dicodusport.fr\/blog\/wp-content\/uploads\/2026\/03\/Aidan-Chollet-seul-Francais-sur-le-podium-lors-de-la-manche-de-Coupe-du-monde-de-snowboardcross-de-Montafon-1.png\",\"datePublished\":\"2026-03-15T11:31:08+00:00\",\"dateModified\":\"2026-03-15T17:39:17+00:00\",\"description\":\"COUPE DU MONDE DE SNOWBOARDCROSS 2025\/2026 - Malgr\u00e9 trois finalistes, seul Aidan Chollet est mont\u00e9 sur la bo\u00eete lors de la manche de Montafon.\",\"breadcrumb\":{\"@id\":\"https:\/\/dicodusport.fr\/blog\/aidan-chollet-seul-francais-sur-le-podium-lors-de-la-manche-de-coupe-du-monde-de-snowboardcross-de-montafon\/#breadcrumb\"},\"inLanguage\":\"fr-FR\",\"potentialAction\":[{\"@type\":\"ReadAction\",\"target\":[\"https:\/\/dicodusport.fr\/blog\/aidan-chollet-seul-francais-sur-le-podium-lors-de-la-manche-de-coupe-du-monde-de-snowboardcross-de-montafon\/\"]}]},{\"@type\":\"ImageObject\",\"inLanguage\":\"fr-FR\",\"@id\":\"https:\/\/dicodusport.fr\/blog\/aidan-chollet-seul-francais-sur-le-podium-lors-de-la-manche-de-coupe-du-monde-de-snowboardcross-de-montafon\/#primaryimage\",\"url\":\"https:\/\/dicodusport.fr\/blog\/wp-content\/uploads\/2026\/03\/Aidan-Chollet-seul-Francais-sur-le-podium-lors-de-la-manche-de-Coupe-du-monde-de-snowboardcross-de-Montafon-1.png\",\"contentUrl\":\"https:\/\/dicodusport.fr\/blog\/wp-content\/uploads\/2026\/03\/Aidan-Chollet-seul-Francais-sur-le-podium-lors-de-la-manche-de-Coupe-du-monde-de-snowboardcross-de-Montafon-1.png\",\"width\":1200,\"height\":674,\"caption\":\"Aidan Chollet seul Fran\u00e7ais sur le podium lors de la manche de Coupe du monde de snowboardcross de Montafon\"},{\"@type\":\"BreadcrumbList\",\"@id\":\"https:\/\/dicodusport.fr\/blog\/aidan-chollet-seul-francais-sur-le-podium-lors-de-la-manche-de-coupe-du-monde-de-snowboardcross-de-montafon\/#breadcrumb\",\"itemListElement\":[{\"@type\":\"ListItem\",\"position\":1,\"name\":\"Accueil\",\"item\":\"https:\/\/dicodusport.fr\/blog\/\"},{\"@type\":\"ListItem\",\"position\":2,\"name\":\"Aidan Chollet seul Fran\u00e7ais sur le podium lors de la manche de Coupe du monde de snowboardcross de Montafon\"}]},{\"@type\":\"WebSite\",\"@id\":\"https:\/\/dicodusport.fr\/blog\/#website\",\"url\":\"https:\/\/dicodusport.fr\/blog\/\",\"name\":\"Dicodusport\",\"description\":\"L&#039;encyclop\u00e9die de l&#039;actualit\u00e9 sportive\",\"publisher\":{\"@id\":\"https:\/\/dicodusport.fr\/blog\/#organization\"},\"potentialAction\":[{\"@type\":\"SearchAction\",\"target\":{\"@type\":\"EntryPoint\",\"urlTemplate\":\"https:\/\/dicodusport.fr\/blog\/?s={search_term_string}\"},\"query-input\":{\"@type\":\"PropertyValueSpecification\",\"valueRequired\":true,\"valueName\":\"search_term_string\"}}],\"inLanguage\":\"fr-FR\"},{\"@type\":\"NewsMediaOrganization\",\"@id\":\"https:\/\/dicodusport.fr\/blog\/#organization\",\"name\":\"Dicodusport\",\"url\":\"https:\/\/dicodusport.fr\/blog\/\",\"logo\":{\"@type\":\"ImageObject\",\"inLanguage\":\"fr-FR\",\"@id\":\"https:\/\/dicodusport.fr\/blog\/#\/schema\/logo\/image\/\",\"url\":\"https:\/\/dicodusport.fr\/blog\/wp-content\/uploads\/2020\/06\/cropped-LOGO-DICODUSPORT-2020-SANS-FOND-SANS-TEXTE.png\",\"contentUrl\":\"https:\/\/dicodusport.fr\/blog\/wp-content\/uploads\/2020\/06\/cropped-LOGO-DICODUSPORT-2020-SANS-FOND-SANS-TEXTE.png\",\"width\":512,\"height\":512,\"caption\":\"Dicodusport\"},\"image\":{\"@id\":\"https:\/\/dicodusport.fr\/blog\/#\/schema\/logo\/image\/\"},\"sameAs\":[\"https:\/\/www.facebook.com\/dicodusport\",\"https:\/\/x.com\/dicodusport\",\"https:\/\/www.instagram.com\/dicodusport\/\",\"https:\/\/www.youtube.com\/channel\/UC7V2KZ5sd3htJivAbA4ZG3w\"],\"description\":\"Dicodusport est l'encyclop\u00e9die de l'actualit\u00e9 sportive.\",\"email\":\"bonjour@dicodusport.fr\",\"legalName\":\"DICODUSPORT\",\"foundingDate\":\"2018-01-14\",\"vatID\":\"FR71834470973\",\"taxID\":\"83447097300043\",\"numberOfEmployees\":{\"@type\":\"QuantitativeValue\",\"minValue\":\"1\",\"maxValue\":\"10\"}},{\"@type\":\"Person\",\"@id\":\"https:\/\/dicodusport.fr\/blog\/#\/schema\/person\/627966a6cde45dbd8c5e36ac85d783da\",\"name\":\"S\u00e9bastien Gente\",\"image\":{\"@type\":\"ImageObject\",\"inLanguage\":\"fr-FR\",\"@id\":\"https:\/\/dicodusport.fr\/blog\/#\/schema\/person\/image\/\",\"url\":\"https:\/\/dicodusport.fr\/blog\/wp-content\/uploads\/2021\/09\/1510990_10205810251400683_4124423575079401707_n-150x150.jpg\",\"contentUrl\":\"https:\/\/dicodusport.fr\/blog\/wp-content\/uploads\/2021\/09\/1510990_10205810251400683_4124423575079401707_n-150x150.jpg\",\"caption\":\"S\u00e9bastien Gente\"},\"description\":\"John Stockton, Gianni Bugno, Zinedine Zidane, Steffi Graf, Frode Andresen, St\u00e9phane Stoecklin, Davis Kamoga, Primoz Peterka, Werner Schlager et Aur\u00e9lien Rougerie. Point commun entre ces sportifs? Ils m'ont fait r\u00eaver et ont berc\u00e9 mon adolescence. Je suis un fondu de sports et j'essaie de retranscrire ma passion \u00e0 travers mes articles. Originaire du P\u00e9rigord, ma passion pour les Girondins, les Jaunards et les Jazzmen transpire dans mes \u00e9crits. \u00c0 Dicodusport depuis 2021, je d\u00e9niche les sports m\u00e9connus dans lesquels la France brille, et il y en a !\",\"sameAs\":[\"https:\/\/www.facebook.com\/sebastien.gente\/\",\"https:\/\/www.instagram.com\/sebgente\/\",\"https:\/\/www.linkedin.com\/in\/sbastien-gente-a29583169\/\",\"https:\/\/x.com\/https:\/\/twitter.com\/globulo24\",\"SebastienGente\"],\"worksFor\":\"S\u00e9bastien GENTE\",\"url\":\"https:\/\/dicodusport.fr\/blog\/author\/sebastiengente\/\"}]}<\/script>\n<!-- \/ Yoast SEO Premium plugin. -->","yoast_head_json":{"title":"Aidan Chollet seul Fran\u00e7ais sur le podium lors de la manche de Coupe du monde de snowboardcross de Montafon","description":"COUPE DU MONDE DE SNOWBOARDCROSS 2025\/2026 - Malgr\u00e9 trois finalistes, seul Aidan Chollet est mont\u00e9 sur la bo\u00eete lors de la manche de Montafon.","robots":{"index":"index","follow":"follow","max-snippet":"max-snippet:-1","max-image-preview":"max-image-preview:large","max-video-preview":"max-video-preview:-1"},"canonical":"https:\/\/dicodusport.fr\/blog\/aidan-chollet-seul-francais-sur-le-podium-lors-de-la-manche-de-coupe-du-monde-de-snowboardcross-de-montafon\/","og_locale":"fr_FR","og_type":"article","og_title":"Aidan Chollet seul Fran\u00e7ais sur le podium lors de la manche de Coupe du monde de snowboardcross de Montafon","og_description":"COUPE DU MONDE DE SNOWBOARDCROSS 2025\/2026 - Malgr\u00e9 trois finalistes, seul Aidan Chollet est mont\u00e9 sur la bo\u00eete lors de la manche de Montafon.","og_url":"https:\/\/dicodusport.fr\/blog\/aidan-chollet-seul-francais-sur-le-podium-lors-de-la-manche-de-coupe-du-monde-de-snowboardcross-de-montafon\/","og_site_name":"Dicodusport","article_publisher":"https:\/\/www.facebook.com\/dicodusport","article_author":"https:\/\/www.facebook.com\/sebastien.gente\/","article_published_time":"2026-03-15T11:31:08+00:00","article_modified_time":"2026-03-15T17:39:17+00:00","og_image":[{"width":1200,"height":674,"url":"https:\/\/dicodusport.fr\/blog\/wp-content\/uploads\/2026\/03\/Aidan-Chollet-seul-Francais-sur-le-podium-lors-de-la-manche-de-Coupe-du-monde-de-snowboardcross-de-Montafon-1.png","type":"image\/png"}],"author":"S\u00e9bastien Gente","twitter_card":"summary_large_image","twitter_title":"Aidan Chollet seul Fran\u00e7ais sur le podium lors de la manche de Coupe du monde de snowboardcross de Montafon","twitter_creator":"@https:\/\/twitter.com\/globulo24","twitter_site":"@dicodusport","schema":{"@context":"https:\/\/schema.org","@graph":[{"@type":"NewsArticle","@id":"https:\/\/dicodusport.fr\/blog\/aidan-chollet-seul-francais-sur-le-podium-lors-de-la-manche-de-coupe-du-monde-de-snowboardcross-de-montafon\/#article","isPartOf":{"@id":"https:\/\/dicodusport.fr\/blog\/aidan-chollet-seul-francais-sur-le-podium-lors-de-la-manche-de-coupe-du-monde-de-snowboardcross-de-montafon\/"},"author":{"name":"S\u00e9bastien Gente","@id":"https:\/\/dicodusport.fr\/blog\/#\/schema\/person\/627966a6cde45dbd8c5e36ac85d783da"},"headline":"Aidan Chollet seul Fran\u00e7ais sur le podium lors de la manche de Coupe du monde de snowboardcross de Montafon","datePublished":"2026-03-15T11:31:08+00:00","dateModified":"2026-03-15T17:39:17+00:00","mainEntityOfPage":{"@id":"https:\/\/dicodusport.fr\/blog\/aidan-chollet-seul-francais-sur-le-podium-lors-de-la-manche-de-coupe-du-monde-de-snowboardcross-de-montafon\/"},"wordCount":536,"commentCount":0,"publisher":{"@id":"https:\/\/dicodusport.fr\/blog\/#organization"},"image":{"@id":"https:\/\/dicodusport.fr\/blog\/aidan-chollet-seul-francais-sur-le-podium-lors-de-la-manche-de-coupe-du-monde-de-snowboardcross-de-montafon\/#primaryimage"},"thumbnailUrl":"https:\/\/dicodusport.fr\/blog\/wp-content\/uploads\/2026\/03\/Aidan-Chollet-seul-Francais-sur-le-podium-lors-de-la-manche-de-Coupe-du-monde-de-snowboardcross-de-Montafon-1.png","keywords":["Aidan Chollet","br\u00e8ve","Coupe du monde de snowboardcross"],"articleSection":["Snowboard"],"inLanguage":"fr-FR","potentialAction":[{"@type":"CommentAction","name":"Comment","target":["https:\/\/dicodusport.fr\/blog\/aidan-chollet-seul-francais-sur-le-podium-lors-de-la-manche-de-coupe-du-monde-de-snowboardcross-de-montafon\/#respond"]}],"copyrightYear":"2026","copyrightHolder":{"@id":"https:\/\/dicodusport.fr\/blog\/#organization"}},{"@type":"WebPage","@id":"https:\/\/dicodusport.fr\/blog\/aidan-chollet-seul-francais-sur-le-podium-lors-de-la-manche-de-coupe-du-monde-de-snowboardcross-de-montafon\/","url":"https:\/\/dicodusport.fr\/blog\/aidan-chollet-seul-francais-sur-le-podium-lors-de-la-manche-de-coupe-du-monde-de-snowboardcross-de-montafon\/","name":"Aidan Chollet seul Fran\u00e7ais sur le podium lors de la manche de Coupe du monde de snowboardcross de Montafon","isPartOf":{"@id":"https:\/\/dicodusport.fr\/blog\/#website"},"primaryImageOfPage":{"@id":"https:\/\/dicodusport.fr\/blog\/aidan-chollet-seul-francais-sur-le-podium-lors-de-la-manche-de-coupe-du-monde-de-snowboardcross-de-montafon\/#primaryimage"},"image":{"@id":"https:\/\/dicodusport.fr\/blog\/aidan-chollet-seul-francais-sur-le-podium-lors-de-la-manche-de-coupe-du-monde-de-snowboardcross-de-montafon\/#primaryimage"},"thumbnailUrl":"https:\/\/dicodusport.fr\/blog\/wp-content\/uploads\/2026\/03\/Aidan-Chollet-seul-Francais-sur-le-podium-lors-de-la-manche-de-Coupe-du-monde-de-snowboardcross-de-Montafon-1.png","datePublished":"2026-03-15T11:31:08+00:00","dateModified":"2026-03-15T17:39:17+00:00","description":"COUPE DU MONDE DE SNOWBOARDCROSS 2025\/2026 - Malgr\u00e9 trois finalistes, seul Aidan Chollet est mont\u00e9 sur la bo\u00eete lors de la manche de Montafon.","breadcrumb":{"@id":"https:\/\/dicodusport.fr\/blog\/aidan-chollet-seul-francais-sur-le-podium-lors-de-la-manche-de-coupe-du-monde-de-snowboardcross-de-montafon\/#breadcrumb"},"inLanguage":"fr-FR","potentialAction":[{"@type":"ReadAction","target":["https:\/\/dicodusport.fr\/blog\/aidan-chollet-seul-francais-sur-le-podium-lors-de-la-manche-de-coupe-du-monde-de-snowboardcross-de-montafon\/"]}]},{"@type":"ImageObject","inLanguage":"fr-FR","@id":"https:\/\/dicodusport.fr\/blog\/aidan-chollet-seul-francais-sur-le-podium-lors-de-la-manche-de-coupe-du-monde-de-snowboardcross-de-montafon\/#primaryimage","url":"https:\/\/dicodusport.fr\/blog\/wp-content\/uploads\/2026\/03\/Aidan-Chollet-seul-Francais-sur-le-podium-lors-de-la-manche-de-Coupe-du-monde-de-snowboardcross-de-Montafon-1.png","contentUrl":"https:\/\/dicodusport.fr\/blog\/wp-content\/uploads\/2026\/03\/Aidan-Chollet-seul-Francais-sur-le-podium-lors-de-la-manche-de-Coupe-du-monde-de-snowboardcross-de-Montafon-1.png","width":1200,"height":674,"caption":"Aidan Chollet seul Fran\u00e7ais sur le podium lors de la manche de Coupe du monde de snowboardcross de Montafon"},{"@type":"BreadcrumbList","@id":"https:\/\/dicodusport.fr\/blog\/aidan-chollet-seul-francais-sur-le-podium-lors-de-la-manche-de-coupe-du-monde-de-snowboardcross-de-montafon\/#breadcrumb","itemListElement":[{"@type":"ListItem","position":1,"name":"Accueil","item":"https:\/\/dicodusport.fr\/blog\/"},{"@type":"ListItem","position":2,"name":"Aidan Chollet seul Fran\u00e7ais sur le podium lors de la manche de Coupe du monde de snowboardcross de Montafon"}]},{"@type":"WebSite","@id":"https:\/\/dicodusport.fr\/blog\/#website","url":"https:\/\/dicodusport.fr\/blog\/","name":"Dicodusport","description":"L&#039;encyclop\u00e9die de l&#039;actualit\u00e9 sportive","publisher":{"@id":"https:\/\/dicodusport.fr\/blog\/#organization"},"potentialAction":[{"@type":"SearchAction","target":{"@type":"EntryPoint","urlTemplate":"https:\/\/dicodusport.fr\/blog\/?s={search_term_string}"},"query-input":{"@type":"PropertyValueSpecification","valueRequired":true,"valueName":"search_term_string"}}],"inLanguage":"fr-FR"},{"@type":"NewsMediaOrganization","@id":"https:\/\/dicodusport.fr\/blog\/#organization","name":"Dicodusport","url":"https:\/\/dicodusport.fr\/blog\/","logo":{"@type":"ImageObject","inLanguage":"fr-FR","@id":"https:\/\/dicodusport.fr\/blog\/#\/schema\/logo\/image\/","url":"https:\/\/dicodusport.fr\/blog\/wp-content\/uploads\/2020\/06\/cropped-LOGO-DICODUSPORT-2020-SANS-FOND-SANS-TEXTE.png","contentUrl":"https:\/\/dicodusport.fr\/blog\/wp-content\/uploads\/2020\/06\/cropped-LOGO-DICODUSPORT-2020-SANS-FOND-SANS-TEXTE.png","width":512,"height":512,"caption":"Dicodusport"},"image":{"@id":"https:\/\/dicodusport.fr\/blog\/#\/schema\/logo\/image\/"},"sameAs":["https:\/\/www.facebook.com\/dicodusport","https:\/\/x.com\/dicodusport","https:\/\/www.instagram.com\/dicodusport\/","https:\/\/www.youtube.com\/channel\/UC7V2KZ5sd3htJivAbA4ZG3w"],"description":"Dicodusport est l'encyclop\u00e9die de l'actualit\u00e9 sportive.","email":"bonjour@dicodusport.fr","legalName":"DICODUSPORT","foundingDate":"2018-01-14","vatID":"FR71834470973","taxID":"83447097300043","numberOfEmployees":{"@type":"QuantitativeValue","minValue":"1","maxValue":"10"}},{"@type":"Person","@id":"https:\/\/dicodusport.fr\/blog\/#\/schema\/person\/627966a6cde45dbd8c5e36ac85d783da","name":"S\u00e9bastien Gente","image":{"@type":"ImageObject","inLanguage":"fr-FR","@id":"https:\/\/dicodusport.fr\/blog\/#\/schema\/person\/image\/","url":"https:\/\/dicodusport.fr\/blog\/wp-content\/uploads\/2021\/09\/1510990_10205810251400683_4124423575079401707_n-150x150.jpg","contentUrl":"https:\/\/dicodusport.fr\/blog\/wp-content\/uploads\/2021\/09\/1510990_10205810251400683_4124423575079401707_n-150x150.jpg","caption":"S\u00e9bastien Gente"},"description":"John Stockton, Gianni Bugno, Zinedine Zidane, Steffi Graf, Frode Andresen, St\u00e9phane Stoecklin, Davis Kamoga, Primoz Peterka, Werner Schlager et Aur\u00e9lien Rougerie. Point commun entre ces sportifs? Ils m'ont fait r\u00eaver et ont berc\u00e9 mon adolescence. Je suis un fondu de sports et j'essaie de retranscrire ma passion \u00e0 travers mes articles. Originaire du P\u00e9rigord, ma passion pour les Girondins, les Jaunards et les Jazzmen transpire dans mes \u00e9crits. \u00c0 Dicodusport depuis 2021, je d\u00e9niche les sports m\u00e9connus dans lesquels la France brille, et il y en a !","sameAs":["https:\/\/www.facebook.com\/sebastien.gente\/","https:\/\/www.instagram.com\/sebgente\/","https:\/\/www.linkedin.com\/in\/sbastien-gente-a29583169\/","https:\/\/x.com\/https:\/\/twitter.com\/globulo24","SebastienGente"],"worksFor":"S\u00e9bastien GENTE","url":"https:\/\/dicodusport.fr\/blog\/author\/sebastiengente\/"}]}},"_links":{"self":[{"href":"https:\/\/dicodusport.fr\/blog\/wp-json\/wp\/v2\/posts\/655815","targetHints":{"allow":["GET"]}}],"collection":[{"href":"https:\/\/dicodusport.fr\/blog\/wp-json\/wp\/v2\/posts"}],"about":[{"href":"https:\/\/dicodusport.fr\/blog\/wp-json\/wp\/v2\/types\/post"}],"author":[{"embeddable":true,"href":"https:\/\/dicodusport.fr\/blog\/wp-json\/wp\/v2\/users\/59"}],"replies":[{"embeddable":true,"href":"https:\/\/dicodusport.fr\/blog\/wp-json\/wp\/v2\/comments?post=655815"}],"version-history":[{"count":1,"href":"https:\/\/dicodusport.fr\/blog\/wp-json\/wp\/v2\/posts\/655815\/revisions"}],"predecessor-version":[{"id":655826,"href":"https:\/\/dicodusport.fr\/blog\/wp-json\/wp\/v2\/posts\/655815\/revisions\/655826"}],"wp:featuredmedia":[{"embeddable":true,"href":"https:\/\/dicodusport.fr\/blog\/wp-json\/wp\/v2\/media\/656016"}],"wp:attachment":[{"href":"https:\/\/dicodusport.fr\/blog\/wp-json\/wp\/v2\/media?parent=655815"}],"wp:term":[{"taxonomy":"category","embeddable":true,"href":"https:\/\/dicodusport.fr\/blog\/wp-json\/wp\/v2\/categories?post=655815"},{"taxonomy":"post_tag","embeddable":true,"href":"https:\/\/dicodusport.fr\/blog\/wp-json\/wp\/v2\/tags?post=655815"}],"curies":[{"name":"wp","href":"https:\/\/api.w.org\/{rel}","templated":true}]}}