{"id":65600,"date":"2020-04-24T19:27:37","date_gmt":"2020-04-24T17:27:37","guid":{"rendered":"http:\/\/dicodusport.fr\/blog\/?p=65600&#038;preview=true&#038;preview_id=65600"},"modified":"2020-04-25T23:13:00","modified_gmt":"2020-04-25T21:13:00","slug":"coupes-europe-finales-17-18-octobre","status":"publish","type":"post","link":"https:\/\/dicodusport.fr\/blog\/coupes-europe-finales-17-18-octobre\/","title":{"rendered":"Coupes d&rsquo;Europe : les finales les 17 et 18 octobre ?"},"content":{"rendered":"<p style=\"text-align: justify;\"><strong><em>RUGBY &#8211; L&rsquo;EPCR travaille actuellement sur plusieurs sc\u00e9narios pour les phases finales des Coupes d&rsquo;Europe 2019-2020. Interrog\u00e9 par nos confr\u00e8res de L&rsquo;\u00c9quipe, Vincent Gaillard, directeur g\u00e9n\u00e9ral de l&rsquo;instance europ\u00e9enne, a \u00e9voqu\u00e9 le sc\u00e9nario le plus avanc\u00e9.<\/em><\/strong><\/p>\n<p style=\"text-align: justify;\">Dans les colonnes de <a href=\"https:\/\/www.lequipe.fr\/Rugby\/Article\/Vincent-gaillard-epcr-on-veut-etre-consultes-et-impliques\/1129533\" target=\"_blank\" rel=\"noopener noreferrer\"><em>L&rsquo;\u00c9quipe<\/em><\/a>, <strong>Vincent Gaillard<\/strong>, directeur g\u00e9n\u00e9ral de l&rsquo;<strong>EPCR<\/strong>, a fix\u00e9 le cap. Dans l&rsquo;optique d&rsquo;une reprise des comp\u00e9titions fin ao\u00fbt, les finales de la <a href=\"https:\/\/dicodusport.fr\/blog\/?s=challenge+cup\" target=\"_blank\" rel=\"noopener noreferrer\"><strong>Challenge Cup<\/strong><\/a> et de la <a href=\"https:\/\/dicodusport.fr\/blog\/tag\/champions-cup\/\" target=\"_blank\" rel=\"noopener noreferrer\"><strong>Champions Cup<\/strong><\/a> se d\u00e9rouleraient les 17 et 18 octobre, toujours \u00e0 Marseille. Par ailleurs, les phases finales \u00e0 huis clos sont envisag\u00e9es.<\/p>\n<blockquote>\n<p style=\"text-align: justify;\">Nous n&rsquo;avons que trois matches \u00e0 jouer et dans le pire des cas, nous sommes d\u00e9cid\u00e9s \u00e0 les jouer \u00e0 huis clos. On pr\u00e9f\u00e8re aller au bout que de ne pas jouer. Nous sommes plut\u00f4t optimistes. Mais il faut prendre toutes les pr\u00e9cautions d&rsquo;usage. Elles sont bien entendu li\u00e9es aux conditions sanitaires et de logistiques. Mais aussi les conditions m\u00e9dicales vis-\u00e0-vis des joueurs. Quand toutes ces conditions seront r\u00e9unies, nous pourrons jouer.<\/p>\n<\/blockquote>\n<p><strong><em>Dicodusport<br \/>\n<a href=\"https:\/\/www.facebook.com\/dicodusport\/\" target=\"_blank\" rel=\"noopener noreferrer\"><img loading=\"lazy\" decoding=\"async\" class=\"alignnone wp-image-2909\" src=\"http:\/\/dicodusport.fr\/blog\/wp-content\/uploads\/2017\/07\/logo-facebook-150x150.png\" alt=\"\" width=\"40\" height=\"40\" \/><\/a><a href=\"https:\/\/twitter.com\/dicodusport\" target=\"_blank\" rel=\"noopener noreferrer\"><img loading=\"lazy\" decoding=\"async\" class=\"alignnone wp-image-2908\" src=\"http:\/\/dicodusport.fr\/blog\/wp-content\/uploads\/2017\/07\/logo-twitter-150x150.png\" alt=\"\" width=\"39\" height=\"39\" \/><\/a><\/em><\/strong><\/p>\n","protected":false},"excerpt":{"rendered":"<p>RUGBY &#8211; L&rsquo;EPCR travaille actuellement sur plusieurs sc\u00e9narios pour les phases finales des Coupes d&rsquo;Europe 2019-2020. Interrog\u00e9 par nos confr\u00e8res de L&rsquo;\u00c9quipe, Vincent Gaillard, directeur g\u00e9n\u00e9ral de l&rsquo;instance europ\u00e9enne, a \u00e9voqu\u00e9 le sc\u00e9nario le plus avanc\u00e9.<\/p>\n","protected":false},"author":4,"featured_media":65602,"comment_status":"open","ping_status":"closed","sticky":false,"template":"","format":"standard","meta":{"_acf_changed":false,"_daextam_enable_autolinks":"","footnotes":""},"categories":[9129],"tags":[4299,2823],"class_list":["post-65600","post","type-post","status-publish","format-standard","has-post-thumbnail","hentry","category-rugby-a-xv","tag-challenge-cup","tag-champions-cup"],"acf":[],"yoast_head":"<!-- This site is optimized with the Yoast SEO Premium plugin v26.7 (Yoast SEO v26.7) - https:\/\/yoast.com\/wordpress\/plugins\/seo\/ -->\n<title>Coupes d&#039;Europe : les finales les 17 et 18 octobre ?<\/title>\n<meta name=\"description\" content=\"RUGBY - L&#039;EPCR travaille actuellement sur plusieurs sc\u00e9narios pour les phases finales des Coupes d&#039;Europe 2019-2020. Interrog\u00e9 par nos confr\u00e8res de L&#039;\u00c9quipe, Vincent Gaillard, directeur g\u00e9n\u00e9ral de l&#039;instance europ\u00e9enne, a \u00e9voqu\u00e9 le sc\u00e9nario le plus avanc\u00e9.\" \/>\n<meta name=\"robots\" content=\"index, follow, max-snippet:-1, max-image-preview:large, max-video-preview:-1\" \/>\n<link rel=\"canonical\" href=\"https:\/\/dicodusport.fr\/blog\/coupes-europe-finales-17-18-octobre\/\" \/>\n<meta property=\"og:locale\" content=\"fr_FR\" \/>\n<meta property=\"og:type\" content=\"article\" \/>\n<meta property=\"og:title\" content=\"Coupes d&#039;Europe : les finales les 17 et 18 octobre ?\" \/>\n<meta property=\"og:description\" content=\"RUGBY - L&#039;EPCR travaille actuellement sur plusieurs sc\u00e9narios pour les phases finales des Coupes d&#039;Europe 2019-2020. Interrog\u00e9 par nos confr\u00e8res de L&#039;\u00c9quipe, Vincent Gaillard, directeur g\u00e9n\u00e9ral de l&#039;instance europ\u00e9enne, a \u00e9voqu\u00e9 le sc\u00e9nario le plus avanc\u00e9.\" \/>\n<meta property=\"og:url\" content=\"https:\/\/dicodusport.fr\/blog\/coupes-europe-finales-17-18-octobre\/\" \/>\n<meta property=\"og:site_name\" content=\"Dicodusport\" \/>\n<meta property=\"article:publisher\" content=\"https:\/\/www.facebook.com\/dicodusport\" \/>\n<meta property=\"article:author\" content=\"https:\/\/www.facebook.com\/florent.ostermann\" \/>\n<meta property=\"article:published_time\" content=\"2020-04-24T17:27:37+00:00\" \/>\n<meta property=\"article:modified_time\" content=\"2020-04-25T21:13:00+00:00\" \/>\n<meta property=\"og:image\" content=\"https:\/\/dicodusport.fr\/blog\/wp-content\/uploads\/2020\/04\/Coupes-dEurope-Les-finales-les-17-et-18-octobre.png\" \/>\n\t<meta property=\"og:image:width\" content=\"800\" \/>\n\t<meta property=\"og:image:height\" content=\"445\" \/>\n\t<meta property=\"og:image:type\" content=\"image\/png\" \/>\n<meta name=\"author\" content=\"Flo Ostermann\" \/>\n<meta name=\"twitter:card\" content=\"summary_large_image\" \/>\n<meta name=\"twitter:title\" content=\"Coupes d&#039;Europe : les finales les 17 et 18 octobre ?\" \/>\n<meta name=\"twitter:creator\" content=\"@https:\/\/twitter.com\/FlOstermann\" \/>\n<meta name=\"twitter:site\" content=\"@dicodusport\" \/>\n<script type=\"application\/ld+json\" class=\"yoast-schema-graph\">{\"@context\":\"https:\/\/schema.org\",\"@graph\":[{\"@type\":\"NewsArticle\",\"@id\":\"https:\/\/dicodusport.fr\/blog\/coupes-europe-finales-17-18-octobre\/#article\",\"isPartOf\":{\"@id\":\"https:\/\/dicodusport.fr\/blog\/coupes-europe-finales-17-18-octobre\/\"},\"author\":{\"name\":\"Flo Ostermann\",\"@id\":\"https:\/\/dicodusport.fr\/blog\/#\/schema\/person\/cb02af4c173ce4a653b55e9baf388d4a\"},\"headline\":\"Coupes d&rsquo;Europe : les finales les 17 et 18 octobre ?\",\"datePublished\":\"2020-04-24T17:27:37+00:00\",\"dateModified\":\"2020-04-25T21:13:00+00:00\",\"mainEntityOfPage\":{\"@id\":\"https:\/\/dicodusport.fr\/blog\/coupes-europe-finales-17-18-octobre\/\"},\"wordCount\":196,\"commentCount\":0,\"publisher\":{\"@id\":\"https:\/\/dicodusport.fr\/blog\/#organization\"},\"image\":{\"@id\":\"https:\/\/dicodusport.fr\/blog\/coupes-europe-finales-17-18-octobre\/#primaryimage\"},\"thumbnailUrl\":\"https:\/\/dicodusport.fr\/blog\/wp-content\/uploads\/2020\/04\/Coupes-dEurope-Les-finales-les-17-et-18-octobre.png\",\"keywords\":[\"Challenge cup\",\"Champions Cup\"],\"articleSection\":[\"Rugby \u00e0 XV\"],\"inLanguage\":\"fr-FR\",\"potentialAction\":[{\"@type\":\"CommentAction\",\"name\":\"Comment\",\"target\":[\"https:\/\/dicodusport.fr\/blog\/coupes-europe-finales-17-18-octobre\/#respond\"]}],\"copyrightYear\":\"2020\",\"copyrightHolder\":{\"@id\":\"https:\/\/dicodusport.fr\/blog\/#organization\"}},{\"@type\":\"WebPage\",\"@id\":\"https:\/\/dicodusport.fr\/blog\/coupes-europe-finales-17-18-octobre\/\",\"url\":\"https:\/\/dicodusport.fr\/blog\/coupes-europe-finales-17-18-octobre\/\",\"name\":\"Coupes d'Europe : les finales les 17 et 18 octobre ?\",\"isPartOf\":{\"@id\":\"https:\/\/dicodusport.fr\/blog\/#website\"},\"primaryImageOfPage\":{\"@id\":\"https:\/\/dicodusport.fr\/blog\/coupes-europe-finales-17-18-octobre\/#primaryimage\"},\"image\":{\"@id\":\"https:\/\/dicodusport.fr\/blog\/coupes-europe-finales-17-18-octobre\/#primaryimage\"},\"thumbnailUrl\":\"https:\/\/dicodusport.fr\/blog\/wp-content\/uploads\/2020\/04\/Coupes-dEurope-Les-finales-les-17-et-18-octobre.png\",\"datePublished\":\"2020-04-24T17:27:37+00:00\",\"dateModified\":\"2020-04-25T21:13:00+00:00\",\"description\":\"RUGBY - L'EPCR travaille actuellement sur plusieurs sc\u00e9narios pour les phases finales des Coupes d'Europe 2019-2020. Interrog\u00e9 par nos confr\u00e8res de L'\u00c9quipe, Vincent Gaillard, directeur g\u00e9n\u00e9ral de l'instance europ\u00e9enne, a \u00e9voqu\u00e9 le sc\u00e9nario le plus avanc\u00e9.\",\"breadcrumb\":{\"@id\":\"https:\/\/dicodusport.fr\/blog\/coupes-europe-finales-17-18-octobre\/#breadcrumb\"},\"inLanguage\":\"fr-FR\",\"potentialAction\":[{\"@type\":\"ReadAction\",\"target\":[\"https:\/\/dicodusport.fr\/blog\/coupes-europe-finales-17-18-octobre\/\"]}]},{\"@type\":\"ImageObject\",\"inLanguage\":\"fr-FR\",\"@id\":\"https:\/\/dicodusport.fr\/blog\/coupes-europe-finales-17-18-octobre\/#primaryimage\",\"url\":\"https:\/\/dicodusport.fr\/blog\/wp-content\/uploads\/2020\/04\/Coupes-dEurope-Les-finales-les-17-et-18-octobre.png\",\"contentUrl\":\"https:\/\/dicodusport.fr\/blog\/wp-content\/uploads\/2020\/04\/Coupes-dEurope-Les-finales-les-17-et-18-octobre.png\",\"width\":800,\"height\":445,\"caption\":\"Coupe d'Europe de rugby : les deux prochaines journ\u00e9es suspendues !\"},{\"@type\":\"BreadcrumbList\",\"@id\":\"https:\/\/dicodusport.fr\/blog\/coupes-europe-finales-17-18-octobre\/#breadcrumb\",\"itemListElement\":[{\"@type\":\"ListItem\",\"position\":1,\"name\":\"Accueil\",\"item\":\"https:\/\/dicodusport.fr\/blog\/\"},{\"@type\":\"ListItem\",\"position\":2,\"name\":\"Coupes d&rsquo;Europe : les finales les 17 et 18 octobre ?\"}]},{\"@type\":\"WebSite\",\"@id\":\"https:\/\/dicodusport.fr\/blog\/#website\",\"url\":\"https:\/\/dicodusport.fr\/blog\/\",\"name\":\"Dicodusport\",\"description\":\"L&#039;encyclop\u00e9die de l&#039;actualit\u00e9 sportive\",\"publisher\":{\"@id\":\"https:\/\/dicodusport.fr\/blog\/#organization\"},\"potentialAction\":[{\"@type\":\"SearchAction\",\"target\":{\"@type\":\"EntryPoint\",\"urlTemplate\":\"https:\/\/dicodusport.fr\/blog\/?s={search_term_string}\"},\"query-input\":{\"@type\":\"PropertyValueSpecification\",\"valueRequired\":true,\"valueName\":\"search_term_string\"}}],\"inLanguage\":\"fr-FR\"},{\"@type\":\"NewsMediaOrganization\",\"@id\":\"https:\/\/dicodusport.fr\/blog\/#organization\",\"name\":\"Dicodusport\",\"url\":\"https:\/\/dicodusport.fr\/blog\/\",\"logo\":{\"@type\":\"ImageObject\",\"inLanguage\":\"fr-FR\",\"@id\":\"https:\/\/dicodusport.fr\/blog\/#\/schema\/logo\/image\/\",\"url\":\"https:\/\/dicodusport.fr\/blog\/wp-content\/uploads\/2020\/06\/cropped-LOGO-DICODUSPORT-2020-SANS-FOND-SANS-TEXTE.png\",\"contentUrl\":\"https:\/\/dicodusport.fr\/blog\/wp-content\/uploads\/2020\/06\/cropped-LOGO-DICODUSPORT-2020-SANS-FOND-SANS-TEXTE.png\",\"width\":512,\"height\":512,\"caption\":\"Dicodusport\"},\"image\":{\"@id\":\"https:\/\/dicodusport.fr\/blog\/#\/schema\/logo\/image\/\"},\"sameAs\":[\"https:\/\/www.facebook.com\/dicodusport\",\"https:\/\/x.com\/dicodusport\",\"https:\/\/www.instagram.com\/dicodusport\/\",\"https:\/\/www.youtube.com\/channel\/UC7V2KZ5sd3htJivAbA4ZG3w\"],\"description\":\"Dicodusport est l'encyclop\u00e9die de l'actualit\u00e9 sportive.\",\"email\":\"bonjour@dicodusport.fr\",\"legalName\":\"DICODUSPORT\",\"foundingDate\":\"2018-01-14\",\"vatID\":\"FR71834470973\",\"taxID\":\"83447097300043\",\"numberOfEmployees\":{\"@type\":\"QuantitativeValue\",\"minValue\":\"1\",\"maxValue\":\"10\"}},{\"@type\":\"Person\",\"@id\":\"https:\/\/dicodusport.fr\/blog\/#\/schema\/person\/cb02af4c173ce4a653b55e9baf388d4a\",\"name\":\"Flo Ostermann\",\"image\":{\"@type\":\"ImageObject\",\"inLanguage\":\"fr-FR\",\"@id\":\"https:\/\/dicodusport.fr\/blog\/#\/schema\/person\/image\/\",\"url\":\"https:\/\/dicodusport.fr\/blog\/wp-content\/uploads\/2021\/05\/Flo-Ostermann-150x150.jpg\",\"contentUrl\":\"https:\/\/dicodusport.fr\/blog\/wp-content\/uploads\/2021\/05\/Flo-Ostermann-150x150.jpg\",\"caption\":\"Flo Ostermann\"},\"description\":\"Journaliste\/R\u00e9dacteur depuis septembre 2015 - Mes premiers souvenirs dans le sport ? Les envol\u00e9es du Stade Toulousain et les duels Villeneuve-Schumacher et H\u00e4kkinen-Schumacher \u00e0 la fin des ann\u00e9es 90, la Coupe du monde de football en 1998, l\u2019exploit du XV de France face aux All Blacks en 1999, mais aussi Richard C\u0153ur de Lion qui vole sur les montagnes du Tour de France. Bien parti pour devenir professeur d\u2019EPS, les \u00e9v\u00e9nements de la vie (et la flemme d\u2019animer des s\u00e9ances de 3x500 m\u00e8tres toute ma vie) m\u2019ont conduit \u00e0 revoir mes plans. Me voil\u00e0 depuis fin 2017 sur Dicodusport, m\u00e9dia gr\u00e2ce (et pour) lequel je partage ma passion : le sport dans tous ses \u00e9tats. Le tout accompagn\u00e9 par les fous furieux et folles furieuses cit\u00e9s sur cette page !\",\"sameAs\":[\"https:\/\/www.facebook.com\/florent.ostermann\",\"https:\/\/x.com\/https:\/\/twitter.com\/FlOstermann\",\"admin\"],\"url\":\"https:\/\/dicodusport.fr\/blog\/author\/flo\/\"}]}<\/script>\n<!-- \/ Yoast SEO Premium plugin. -->","yoast_head_json":{"title":"Coupes d'Europe : les finales les 17 et 18 octobre ?","description":"RUGBY - L'EPCR travaille actuellement sur plusieurs sc\u00e9narios pour les phases finales des Coupes d'Europe 2019-2020. Interrog\u00e9 par nos confr\u00e8res de L'\u00c9quipe, Vincent Gaillard, directeur g\u00e9n\u00e9ral de l'instance europ\u00e9enne, a \u00e9voqu\u00e9 le sc\u00e9nario le plus avanc\u00e9.","robots":{"index":"index","follow":"follow","max-snippet":"max-snippet:-1","max-image-preview":"max-image-preview:large","max-video-preview":"max-video-preview:-1"},"canonical":"https:\/\/dicodusport.fr\/blog\/coupes-europe-finales-17-18-octobre\/","og_locale":"fr_FR","og_type":"article","og_title":"Coupes d'Europe : les finales les 17 et 18 octobre ?","og_description":"RUGBY - L'EPCR travaille actuellement sur plusieurs sc\u00e9narios pour les phases finales des Coupes d'Europe 2019-2020. Interrog\u00e9 par nos confr\u00e8res de L'\u00c9quipe, Vincent Gaillard, directeur g\u00e9n\u00e9ral de l'instance europ\u00e9enne, a \u00e9voqu\u00e9 le sc\u00e9nario le plus avanc\u00e9.","og_url":"https:\/\/dicodusport.fr\/blog\/coupes-europe-finales-17-18-octobre\/","og_site_name":"Dicodusport","article_publisher":"https:\/\/www.facebook.com\/dicodusport","article_author":"https:\/\/www.facebook.com\/florent.ostermann","article_published_time":"2020-04-24T17:27:37+00:00","article_modified_time":"2020-04-25T21:13:00+00:00","og_image":[{"width":800,"height":445,"url":"https:\/\/dicodusport.fr\/blog\/wp-content\/uploads\/2020\/04\/Coupes-dEurope-Les-finales-les-17-et-18-octobre.png","type":"image\/png"}],"author":"Flo Ostermann","twitter_card":"summary_large_image","twitter_title":"Coupes d'Europe : les finales les 17 et 18 octobre ?","twitter_creator":"@https:\/\/twitter.com\/FlOstermann","twitter_site":"@dicodusport","schema":{"@context":"https:\/\/schema.org","@graph":[{"@type":"NewsArticle","@id":"https:\/\/dicodusport.fr\/blog\/coupes-europe-finales-17-18-octobre\/#article","isPartOf":{"@id":"https:\/\/dicodusport.fr\/blog\/coupes-europe-finales-17-18-octobre\/"},"author":{"name":"Flo Ostermann","@id":"https:\/\/dicodusport.fr\/blog\/#\/schema\/person\/cb02af4c173ce4a653b55e9baf388d4a"},"headline":"Coupes d&rsquo;Europe : les finales les 17 et 18 octobre ?","datePublished":"2020-04-24T17:27:37+00:00","dateModified":"2020-04-25T21:13:00+00:00","mainEntityOfPage":{"@id":"https:\/\/dicodusport.fr\/blog\/coupes-europe-finales-17-18-octobre\/"},"wordCount":196,"commentCount":0,"publisher":{"@id":"https:\/\/dicodusport.fr\/blog\/#organization"},"image":{"@id":"https:\/\/dicodusport.fr\/blog\/coupes-europe-finales-17-18-octobre\/#primaryimage"},"thumbnailUrl":"https:\/\/dicodusport.fr\/blog\/wp-content\/uploads\/2020\/04\/Coupes-dEurope-Les-finales-les-17-et-18-octobre.png","keywords":["Challenge cup","Champions Cup"],"articleSection":["Rugby \u00e0 XV"],"inLanguage":"fr-FR","potentialAction":[{"@type":"CommentAction","name":"Comment","target":["https:\/\/dicodusport.fr\/blog\/coupes-europe-finales-17-18-octobre\/#respond"]}],"copyrightYear":"2020","copyrightHolder":{"@id":"https:\/\/dicodusport.fr\/blog\/#organization"}},{"@type":"WebPage","@id":"https:\/\/dicodusport.fr\/blog\/coupes-europe-finales-17-18-octobre\/","url":"https:\/\/dicodusport.fr\/blog\/coupes-europe-finales-17-18-octobre\/","name":"Coupes d'Europe : les finales les 17 et 18 octobre ?","isPartOf":{"@id":"https:\/\/dicodusport.fr\/blog\/#website"},"primaryImageOfPage":{"@id":"https:\/\/dicodusport.fr\/blog\/coupes-europe-finales-17-18-octobre\/#primaryimage"},"image":{"@id":"https:\/\/dicodusport.fr\/blog\/coupes-europe-finales-17-18-octobre\/#primaryimage"},"thumbnailUrl":"https:\/\/dicodusport.fr\/blog\/wp-content\/uploads\/2020\/04\/Coupes-dEurope-Les-finales-les-17-et-18-octobre.png","datePublished":"2020-04-24T17:27:37+00:00","dateModified":"2020-04-25T21:13:00+00:00","description":"RUGBY - L'EPCR travaille actuellement sur plusieurs sc\u00e9narios pour les phases finales des Coupes d'Europe 2019-2020. Interrog\u00e9 par nos confr\u00e8res de L'\u00c9quipe, Vincent Gaillard, directeur g\u00e9n\u00e9ral de l'instance europ\u00e9enne, a \u00e9voqu\u00e9 le sc\u00e9nario le plus avanc\u00e9.","breadcrumb":{"@id":"https:\/\/dicodusport.fr\/blog\/coupes-europe-finales-17-18-octobre\/#breadcrumb"},"inLanguage":"fr-FR","potentialAction":[{"@type":"ReadAction","target":["https:\/\/dicodusport.fr\/blog\/coupes-europe-finales-17-18-octobre\/"]}]},{"@type":"ImageObject","inLanguage":"fr-FR","@id":"https:\/\/dicodusport.fr\/blog\/coupes-europe-finales-17-18-octobre\/#primaryimage","url":"https:\/\/dicodusport.fr\/blog\/wp-content\/uploads\/2020\/04\/Coupes-dEurope-Les-finales-les-17-et-18-octobre.png","contentUrl":"https:\/\/dicodusport.fr\/blog\/wp-content\/uploads\/2020\/04\/Coupes-dEurope-Les-finales-les-17-et-18-octobre.png","width":800,"height":445,"caption":"Coupe d'Europe de rugby : les deux prochaines journ\u00e9es suspendues !"},{"@type":"BreadcrumbList","@id":"https:\/\/dicodusport.fr\/blog\/coupes-europe-finales-17-18-octobre\/#breadcrumb","itemListElement":[{"@type":"ListItem","position":1,"name":"Accueil","item":"https:\/\/dicodusport.fr\/blog\/"},{"@type":"ListItem","position":2,"name":"Coupes d&rsquo;Europe : les finales les 17 et 18 octobre ?"}]},{"@type":"WebSite","@id":"https:\/\/dicodusport.fr\/blog\/#website","url":"https:\/\/dicodusport.fr\/blog\/","name":"Dicodusport","description":"L&#039;encyclop\u00e9die de l&#039;actualit\u00e9 sportive","publisher":{"@id":"https:\/\/dicodusport.fr\/blog\/#organization"},"potentialAction":[{"@type":"SearchAction","target":{"@type":"EntryPoint","urlTemplate":"https:\/\/dicodusport.fr\/blog\/?s={search_term_string}"},"query-input":{"@type":"PropertyValueSpecification","valueRequired":true,"valueName":"search_term_string"}}],"inLanguage":"fr-FR"},{"@type":"NewsMediaOrganization","@id":"https:\/\/dicodusport.fr\/blog\/#organization","name":"Dicodusport","url":"https:\/\/dicodusport.fr\/blog\/","logo":{"@type":"ImageObject","inLanguage":"fr-FR","@id":"https:\/\/dicodusport.fr\/blog\/#\/schema\/logo\/image\/","url":"https:\/\/dicodusport.fr\/blog\/wp-content\/uploads\/2020\/06\/cropped-LOGO-DICODUSPORT-2020-SANS-FOND-SANS-TEXTE.png","contentUrl":"https:\/\/dicodusport.fr\/blog\/wp-content\/uploads\/2020\/06\/cropped-LOGO-DICODUSPORT-2020-SANS-FOND-SANS-TEXTE.png","width":512,"height":512,"caption":"Dicodusport"},"image":{"@id":"https:\/\/dicodusport.fr\/blog\/#\/schema\/logo\/image\/"},"sameAs":["https:\/\/www.facebook.com\/dicodusport","https:\/\/x.com\/dicodusport","https:\/\/www.instagram.com\/dicodusport\/","https:\/\/www.youtube.com\/channel\/UC7V2KZ5sd3htJivAbA4ZG3w"],"description":"Dicodusport est l'encyclop\u00e9die de l'actualit\u00e9 sportive.","email":"bonjour@dicodusport.fr","legalName":"DICODUSPORT","foundingDate":"2018-01-14","vatID":"FR71834470973","taxID":"83447097300043","numberOfEmployees":{"@type":"QuantitativeValue","minValue":"1","maxValue":"10"}},{"@type":"Person","@id":"https:\/\/dicodusport.fr\/blog\/#\/schema\/person\/cb02af4c173ce4a653b55e9baf388d4a","name":"Flo Ostermann","image":{"@type":"ImageObject","inLanguage":"fr-FR","@id":"https:\/\/dicodusport.fr\/blog\/#\/schema\/person\/image\/","url":"https:\/\/dicodusport.fr\/blog\/wp-content\/uploads\/2021\/05\/Flo-Ostermann-150x150.jpg","contentUrl":"https:\/\/dicodusport.fr\/blog\/wp-content\/uploads\/2021\/05\/Flo-Ostermann-150x150.jpg","caption":"Flo Ostermann"},"description":"Journaliste\/R\u00e9dacteur depuis septembre 2015 - Mes premiers souvenirs dans le sport ? Les envol\u00e9es du Stade Toulousain et les duels Villeneuve-Schumacher et H\u00e4kkinen-Schumacher \u00e0 la fin des ann\u00e9es 90, la Coupe du monde de football en 1998, l\u2019exploit du XV de France face aux All Blacks en 1999, mais aussi Richard C\u0153ur de Lion qui vole sur les montagnes du Tour de France. Bien parti pour devenir professeur d\u2019EPS, les \u00e9v\u00e9nements de la vie (et la flemme d\u2019animer des s\u00e9ances de 3x500 m\u00e8tres toute ma vie) m\u2019ont conduit \u00e0 revoir mes plans. Me voil\u00e0 depuis fin 2017 sur Dicodusport, m\u00e9dia gr\u00e2ce (et pour) lequel je partage ma passion : le sport dans tous ses \u00e9tats. Le tout accompagn\u00e9 par les fous furieux et folles furieuses cit\u00e9s sur cette page !","sameAs":["https:\/\/www.facebook.com\/florent.ostermann","https:\/\/x.com\/https:\/\/twitter.com\/FlOstermann","admin"],"url":"https:\/\/dicodusport.fr\/blog\/author\/flo\/"}]}},"_links":{"self":[{"href":"https:\/\/dicodusport.fr\/blog\/wp-json\/wp\/v2\/posts\/65600","targetHints":{"allow":["GET"]}}],"collection":[{"href":"https:\/\/dicodusport.fr\/blog\/wp-json\/wp\/v2\/posts"}],"about":[{"href":"https:\/\/dicodusport.fr\/blog\/wp-json\/wp\/v2\/types\/post"}],"author":[{"embeddable":true,"href":"https:\/\/dicodusport.fr\/blog\/wp-json\/wp\/v2\/users\/4"}],"replies":[{"embeddable":true,"href":"https:\/\/dicodusport.fr\/blog\/wp-json\/wp\/v2\/comments?post=65600"}],"version-history":[{"count":0,"href":"https:\/\/dicodusport.fr\/blog\/wp-json\/wp\/v2\/posts\/65600\/revisions"}],"wp:featuredmedia":[{"embeddable":true,"href":"https:\/\/dicodusport.fr\/blog\/wp-json\/wp\/v2\/media\/65602"}],"wp:attachment":[{"href":"https:\/\/dicodusport.fr\/blog\/wp-json\/wp\/v2\/media?parent=65600"}],"wp:term":[{"taxonomy":"category","embeddable":true,"href":"https:\/\/dicodusport.fr\/blog\/wp-json\/wp\/v2\/categories?post=65600"},{"taxonomy":"post_tag","embeddable":true,"href":"https:\/\/dicodusport.fr\/blog\/wp-json\/wp\/v2\/tags?post=65600"}],"curies":[{"name":"wp","href":"https:\/\/api.w.org\/{rel}","templated":true}]}}