{"id":656115,"date":"2026-03-16T10:12:58","date_gmt":"2026-03-16T09:12:58","guid":{"rendered":"https:\/\/dicodusport.fr\/blog\/?p=656115&#038;preview=true&#038;preview_id=656115"},"modified":"2026-03-16T11:03:59","modified_gmt":"2026-03-16T10:03:59","slug":"nouveau-resultat-probant-pour-thalya-sombe-finaliste-de-la-premier-league-de-karate-de-rome","status":"publish","type":"post","link":"https:\/\/dicodusport.fr\/blog\/nouveau-resultat-probant-pour-thalya-sombe-finaliste-de-la-premier-league-de-karate-de-rome\/","title":{"rendered":"Nouveau r\u00e9sultat probant pour Thalya Somb\u00e9, finaliste de la Premier League de karat\u00e9 de Rome"},"content":{"rendered":"<p style=\"text-align: justify;\"><strong><em>KARAT\u00c9 1 PREMIER LEAGUE &#8211; Thalya Somb\u00e9 a d\u00e9croch\u00e9 la m\u00e9daille d&rsquo;argent lors de l&rsquo;\u00e9tape de Rome, disput\u00e9e ce weekend.\u00a0<\/em><\/strong><\/p>\n<p style=\"text-align: justify;\">Plus les mois passent, plus <strong>Thalya Somb\u00e9<\/strong> s&rsquo;affirme comme l&rsquo;une des nouvelles figures de proue du <strong>karat\u00e9<\/strong> fran\u00e7ais. Dans la continuit\u00e9 de son premier titre mondial en senior en fin d&rsquo;ann\u00e9e derni\u00e8re, la jeune karat\u00e9ka de 23 ans ne cesse d&rsquo;aligner les performances de premier plan.<\/p>\n<div class=\"vlp-link-container vlp-layout-article\"><a href=\"https:\/\/dicodusport.fr\/blog\/le-phenomene-thalya-sombe-a-frappe-aux-mondiaux-de-karate-premier-titre-mondial-a-22-ans-pour-la-francaise\/\" class=\"vlp-link\" title=\"Le ph\u00e9nom\u00e8ne Thalya Somb\u00e9 a frapp\u00e9 aux Mondiaux de karat\u00e9 : premier titre mondial \u00e0 22 ans pour la Fran\u00e7aise !\"><\/a><div class=\"vlp-layout-zone-side\"><div class=\"vlp-block-4 vlp-link-image\"><img loading=\"lazy\" decoding=\"async\" style=\"max-width: 792px;\" width=\"792\" height=\"445\" src=\"https:\/\/dicodusport.fr\/blog\/wp-content\/uploads\/2025\/11\/Le-phenomene-Thalya-Sombe-a-frappe-aux-Mondiaux-de-karate-premier-titre-mondial-a-22-ans-pour-la-Francaise.png\" class=\"attachment-800x445 size-800x445\" alt=\"Le ph\u00e9nom\u00e8ne Thalya Somb\u00e9 a frapp\u00e9 aux Mondiaux de karat\u00e9 : premier titre mondial \u00e0 22 ans pour la Fran\u00e7aise !\" srcset=\"https:\/\/dicodusport.fr\/blog\/wp-content\/uploads\/2025\/11\/Le-phenomene-Thalya-Sombe-a-frappe-aux-Mondiaux-de-karate-premier-titre-mondial-a-22-ans-pour-la-Francaise.png 1200w, https:\/\/dicodusport.fr\/blog\/wp-content\/uploads\/2025\/11\/Le-phenomene-Thalya-Sombe-a-frappe-aux-Mondiaux-de-karate-premier-titre-mondial-a-22-ans-pour-la-Francaise-300x169.png 300w, https:\/\/dicodusport.fr\/blog\/wp-content\/uploads\/2025\/11\/Le-phenomene-Thalya-Sombe-a-frappe-aux-Mondiaux-de-karate-premier-titre-mondial-a-22-ans-pour-la-Francaise-1024x575.png 1024w, https:\/\/dicodusport.fr\/blog\/wp-content\/uploads\/2025\/11\/Le-phenomene-Thalya-Sombe-a-frappe-aux-Mondiaux-de-karate-premier-titre-mondial-a-22-ans-pour-la-Francaise-768x431.png 768w\" sizes=\"auto, (max-width: 792px) 100vw, 792px\" \/><\/div><\/div><div class=\"vlp-layout-zone-main\"><div class=\"vlp-block-0 vlp-link-title\">Le ph\u00e9nom\u00e8ne Thalya Somb\u00e9 a frapp\u00e9 aux Mondiaux de karat\u00e9 : premier titre mondial \u00e0 22 ans pour la Fran\u00e7aise !<\/div><div class=\"vlp-block-1 vlp-link-summary\">CHAMPIONNATS DU MONDE DE KARAT\u00c9 2025 - \u00c0 seulement 22 ans, Thalya Somb\u00e9 a d\u00e9croch\u00e9 le titre mondial dans la cat\u00e9gorie -68kg au Caire.<\/div><div class=\"vlp-block-2 vlp-link-button\">Lire l'article<\/div><div class=\"vlp-block-3 vlp-link-url\">dicodusport.fr<\/div><\/div><\/div>\n<h2 style=\"text-align: justify;\">5\u00e8me m\u00e9daille en Premier League pour Thalya Somb\u00e9<\/h2>\n<p style=\"text-align: justify;\">D\u00e9j\u00e0 tr\u00e8s \u00e0 l&rsquo;aise sur le circuit de r\u00e9f\u00e9rence, la <strong>Karat\u00e9 1 Premier League<\/strong>, dont elle a d\u00e9j\u00e0 remport\u00e9 trois manches (deux \u00e0 Paris, une \u00e0 Rabat), la Fran\u00e7aise comptait bien profiter de la deuxi\u00e8me \u00e9tape de l&rsquo;ann\u00e9e \u00e0 <strong>Rome<\/strong> pour rebondir. En effet, lors de la premi\u00e8re disput\u00e9e \u00e0 Istanbul, elle avait d\u00fb se contenter d&rsquo;une anecdotique 7\u00e8me place, en d\u00e9calage avec ses r\u00e9sultats habituels.<\/p>\n<ul style=\"text-align: justify;\">\n<li><strong>\u00c0 lire aussi &#8211; <a href=\"https:\/\/dicodusport.fr\/blog\/karate-1-premier-league-thalya-sombe-rafle-sa-premiere-victoire-a-rabat\/\">Karat\u00e9 1 Premier League : Thalya Somb\u00e9 rafle la victoire \u00e0 Rabat<\/a><\/strong><\/li>\n<\/ul>\n<p style=\"text-align: justify;\">Cette petite d\u00e9ception dig\u00e9r\u00e9e, <strong>Thalya Somb\u00e9<\/strong> a remis les pendules \u00e0 l&rsquo;heure dans la cat\u00e9gorie -68kg en franchissant les tours un \u00e0 un sans encombre, jusqu&rsquo;\u00e0 rallier la finale. Assur\u00e9e d&rsquo;accrocher sa <strong>5\u00e8me m\u00e9daille en carri\u00e8re en Premier League<\/strong>, elle a finalement rafl\u00e9 le seul m\u00e9tal qui manquait dans son armoire \u00e0 troph\u00e9es jusque-l\u00e0 : de l&rsquo;<strong>argent<\/strong> (3 en or, 1 en bronze). En effet, la Suissesse <strong>Elena Quirici<\/strong> s&rsquo;est impos\u00e9e d&rsquo;un souffle en finale (2-1), privant la Tricolore d&rsquo;un 4\u00e8me titre.<\/p>\n<p style=\"text-align: justify;\">Malgr\u00e9 cette d\u00e9faite, cette derni\u00e8re continue d&rsquo;engranger les honneurs, et elle permet au passage \u00e0 l&rsquo;\u00e9quipe de France d&rsquo;ouvrir son compteur en Premier League en 2026 apr\u00e8s le z\u00e9ro point\u00e9 d&rsquo;Istanbul.<\/p>\n<p style=\"text-align: justify;\">\u00a0<iframe loading=\"lazy\" style=\"border: none; overflow: hidden;\" src=\"https:\/\/www.facebook.com\/plugins\/post.php?href=https%3A%2F%2Fwww.facebook.com%2FSwissKarateFederation%2Fposts%2Fpfbid02hvygmLzeQBur3MYFvqAXYuAE2dqeD8HSCkCWcLmm9HFF9H1pZWH2nNYqAoKDx8CTl&amp;show_text=true&amp;width=500\" width=\"500\" height=\"679\" frameborder=\"0\" scrolling=\"no\" allowfullscreen=\"allowfullscreen\"><\/iframe><\/p>\n<div id=\"gtx-trans\" style=\"position: absolute; left: -14px; top: 40.9091px;\">\n<div class=\"gtx-trans-icon\" style=\"text-align: justify;\"><\/div>\n<\/div>\n","protected":false},"excerpt":{"rendered":"<p>KARAT\u00c9 1 PREMIER LEAGUE &#8211; Thalya Somb\u00e9 a d\u00e9croch\u00e9 la m\u00e9daille d&rsquo;argent lors de l&rsquo;\u00e9tape de Rome, disput\u00e9e ce weekend.\u00a0<\/p>\n","protected":false},"author":55,"featured_media":656116,"comment_status":"open","ping_status":"closed","sticky":false,"template":"","format":"standard","meta":{"_acf_changed":false,"_daextam_enable_autolinks":"1","footnotes":""},"categories":[9969],"tags":[16878,537,46954,46955],"class_list":["post-656115","post","type-post","status-publish","format-standard","has-post-thumbnail","hentry","category-karate","tag-breve","tag-karate","tag-karate-1-premier-league","tag-thalya-sombe"],"acf":[],"yoast_head":"<!-- This site is optimized with the Yoast SEO Premium plugin v26.7 (Yoast SEO v26.7) - https:\/\/yoast.com\/wordpress\/plugins\/seo\/ -->\n<title>Nouveau r\u00e9sultat probant pour Thalya Somb\u00e9, finaliste de la Premier League de karat\u00e9 de Rome<\/title>\n<meta name=\"description\" content=\"KARAT\u00c9 1 PREMIER LEAGUE - Thalya Somb\u00e9 a d\u00e9croch\u00e9 la m\u00e9daille d&#039;argent lors de l&#039;\u00e9tape de Rome, disput\u00e9e ce weekend.\u00a0\" \/>\n<meta name=\"robots\" content=\"index, follow, max-snippet:-1, max-image-preview:large, max-video-preview:-1\" \/>\n<link rel=\"canonical\" href=\"https:\/\/dicodusport.fr\/blog\/nouveau-resultat-probant-pour-thalya-sombe-finaliste-de-la-premier-league-de-karate-de-rome\/\" \/>\n<meta property=\"og:locale\" content=\"fr_FR\" \/>\n<meta property=\"og:type\" content=\"article\" \/>\n<meta property=\"og:title\" content=\"Nouveau r\u00e9sultat probant pour Thalya Somb\u00e9, finaliste de la Premier League de karat\u00e9 de Rome\" \/>\n<meta property=\"og:description\" content=\"KARAT\u00c9 1 PREMIER LEAGUE - Thalya Somb\u00e9 a d\u00e9croch\u00e9 la m\u00e9daille d&#039;argent lors de l&#039;\u00e9tape de Rome, disput\u00e9e ce weekend.\u00a0\" \/>\n<meta property=\"og:url\" content=\"https:\/\/dicodusport.fr\/blog\/nouveau-resultat-probant-pour-thalya-sombe-finaliste-de-la-premier-league-de-karate-de-rome\/\" \/>\n<meta property=\"og:site_name\" content=\"Dicodusport\" \/>\n<meta property=\"article:publisher\" content=\"https:\/\/www.facebook.com\/dicodusport\" \/>\n<meta property=\"article:published_time\" content=\"2026-03-16T09:12:58+00:00\" \/>\n<meta property=\"article:modified_time\" content=\"2026-03-16T10:03:59+00:00\" \/>\n<meta property=\"og:image\" content=\"https:\/\/dicodusport.fr\/blog\/wp-content\/uploads\/2026\/03\/Nouveau-resultat-probant-pour-Thalya-Sombe-finaliste-de-la-Premier-League-de-karate-de-Rome.png\" \/>\n\t<meta property=\"og:image:width\" content=\"1200\" \/>\n\t<meta property=\"og:image:height\" content=\"674\" \/>\n\t<meta property=\"og:image:type\" content=\"image\/png\" \/>\n<meta name=\"author\" content=\"Maxime Cazenave\" \/>\n<meta name=\"twitter:card\" content=\"summary_large_image\" \/>\n<meta name=\"twitter:title\" content=\"Nouveau r\u00e9sultat probant pour Thalya Somb\u00e9, finaliste de la Premier League de karat\u00e9 de Rome\" \/>\n<meta name=\"twitter:creator\" content=\"@https:\/\/twitter.com\/Maxime_Caze\" \/>\n<meta name=\"twitter:site\" content=\"@dicodusport\" \/>\n<script type=\"application\/ld+json\" class=\"yoast-schema-graph\">{\"@context\":\"https:\/\/schema.org\",\"@graph\":[{\"@type\":\"NewsArticle\",\"@id\":\"https:\/\/dicodusport.fr\/blog\/nouveau-resultat-probant-pour-thalya-sombe-finaliste-de-la-premier-league-de-karate-de-rome\/#article\",\"isPartOf\":{\"@id\":\"https:\/\/dicodusport.fr\/blog\/nouveau-resultat-probant-pour-thalya-sombe-finaliste-de-la-premier-league-de-karate-de-rome\/\"},\"author\":{\"name\":\"Maxime Cazenave\",\"@id\":\"https:\/\/dicodusport.fr\/blog\/#\/schema\/person\/37def232098a7a5cbab3974a3690abb0\"},\"headline\":\"Nouveau r\u00e9sultat probant pour Thalya Somb\u00e9, finaliste de la Premier League de karat\u00e9 de Rome\",\"datePublished\":\"2026-03-16T09:12:58+00:00\",\"dateModified\":\"2026-03-16T10:03:59+00:00\",\"mainEntityOfPage\":{\"@id\":\"https:\/\/dicodusport.fr\/blog\/nouveau-resultat-probant-pour-thalya-sombe-finaliste-de-la-premier-league-de-karate-de-rome\/\"},\"wordCount\":417,\"commentCount\":0,\"publisher\":{\"@id\":\"https:\/\/dicodusport.fr\/blog\/#organization\"},\"image\":{\"@id\":\"https:\/\/dicodusport.fr\/blog\/nouveau-resultat-probant-pour-thalya-sombe-finaliste-de-la-premier-league-de-karate-de-rome\/#primaryimage\"},\"thumbnailUrl\":\"https:\/\/dicodusport.fr\/blog\/wp-content\/uploads\/2026\/03\/Nouveau-resultat-probant-pour-Thalya-Sombe-finaliste-de-la-Premier-League-de-karate-de-Rome.png\",\"keywords\":[\"br\u00e8ve\",\"Karat\u00e9\",\"Karat\u00e9 1 Premier League\",\"Thalya Somb\u00e9\"],\"articleSection\":[\"Karat\u00e9\"],\"inLanguage\":\"fr-FR\",\"potentialAction\":[{\"@type\":\"CommentAction\",\"name\":\"Comment\",\"target\":[\"https:\/\/dicodusport.fr\/blog\/nouveau-resultat-probant-pour-thalya-sombe-finaliste-de-la-premier-league-de-karate-de-rome\/#respond\"]}],\"copyrightYear\":\"2026\",\"copyrightHolder\":{\"@id\":\"https:\/\/dicodusport.fr\/blog\/#organization\"}},{\"@type\":\"WebPage\",\"@id\":\"https:\/\/dicodusport.fr\/blog\/nouveau-resultat-probant-pour-thalya-sombe-finaliste-de-la-premier-league-de-karate-de-rome\/\",\"url\":\"https:\/\/dicodusport.fr\/blog\/nouveau-resultat-probant-pour-thalya-sombe-finaliste-de-la-premier-league-de-karate-de-rome\/\",\"name\":\"Nouveau r\u00e9sultat probant pour Thalya Somb\u00e9, finaliste de la Premier League de karat\u00e9 de Rome\",\"isPartOf\":{\"@id\":\"https:\/\/dicodusport.fr\/blog\/#website\"},\"primaryImageOfPage\":{\"@id\":\"https:\/\/dicodusport.fr\/blog\/nouveau-resultat-probant-pour-thalya-sombe-finaliste-de-la-premier-league-de-karate-de-rome\/#primaryimage\"},\"image\":{\"@id\":\"https:\/\/dicodusport.fr\/blog\/nouveau-resultat-probant-pour-thalya-sombe-finaliste-de-la-premier-league-de-karate-de-rome\/#primaryimage\"},\"thumbnailUrl\":\"https:\/\/dicodusport.fr\/blog\/wp-content\/uploads\/2026\/03\/Nouveau-resultat-probant-pour-Thalya-Sombe-finaliste-de-la-Premier-League-de-karate-de-Rome.png\",\"datePublished\":\"2026-03-16T09:12:58+00:00\",\"dateModified\":\"2026-03-16T10:03:59+00:00\",\"description\":\"KARAT\u00c9 1 PREMIER LEAGUE - Thalya Somb\u00e9 a d\u00e9croch\u00e9 la m\u00e9daille d'argent lors de l'\u00e9tape de Rome, disput\u00e9e ce weekend.\u00a0\",\"breadcrumb\":{\"@id\":\"https:\/\/dicodusport.fr\/blog\/nouveau-resultat-probant-pour-thalya-sombe-finaliste-de-la-premier-league-de-karate-de-rome\/#breadcrumb\"},\"inLanguage\":\"fr-FR\",\"potentialAction\":[{\"@type\":\"ReadAction\",\"target\":[\"https:\/\/dicodusport.fr\/blog\/nouveau-resultat-probant-pour-thalya-sombe-finaliste-de-la-premier-league-de-karate-de-rome\/\"]}]},{\"@type\":\"ImageObject\",\"inLanguage\":\"fr-FR\",\"@id\":\"https:\/\/dicodusport.fr\/blog\/nouveau-resultat-probant-pour-thalya-sombe-finaliste-de-la-premier-league-de-karate-de-rome\/#primaryimage\",\"url\":\"https:\/\/dicodusport.fr\/blog\/wp-content\/uploads\/2026\/03\/Nouveau-resultat-probant-pour-Thalya-Sombe-finaliste-de-la-Premier-League-de-karate-de-Rome.png\",\"contentUrl\":\"https:\/\/dicodusport.fr\/blog\/wp-content\/uploads\/2026\/03\/Nouveau-resultat-probant-pour-Thalya-Sombe-finaliste-de-la-Premier-League-de-karate-de-Rome.png\",\"width\":1200,\"height\":674,\"caption\":\"Nouveau r\u00e9sultat probant pour Thalya Somb\u00e9, finaliste de la Premier League de karat\u00e9 de Rome\"},{\"@type\":\"BreadcrumbList\",\"@id\":\"https:\/\/dicodusport.fr\/blog\/nouveau-resultat-probant-pour-thalya-sombe-finaliste-de-la-premier-league-de-karate-de-rome\/#breadcrumb\",\"itemListElement\":[{\"@type\":\"ListItem\",\"position\":1,\"name\":\"Accueil\",\"item\":\"https:\/\/dicodusport.fr\/blog\/\"},{\"@type\":\"ListItem\",\"position\":2,\"name\":\"Nouveau r\u00e9sultat probant pour Thalya Somb\u00e9, finaliste de la Premier League de karat\u00e9 de Rome\"}]},{\"@type\":\"WebSite\",\"@id\":\"https:\/\/dicodusport.fr\/blog\/#website\",\"url\":\"https:\/\/dicodusport.fr\/blog\/\",\"name\":\"Dicodusport\",\"description\":\"L&#039;encyclop\u00e9die de l&#039;actualit\u00e9 sportive\",\"publisher\":{\"@id\":\"https:\/\/dicodusport.fr\/blog\/#organization\"},\"potentialAction\":[{\"@type\":\"SearchAction\",\"target\":{\"@type\":\"EntryPoint\",\"urlTemplate\":\"https:\/\/dicodusport.fr\/blog\/?s={search_term_string}\"},\"query-input\":{\"@type\":\"PropertyValueSpecification\",\"valueRequired\":true,\"valueName\":\"search_term_string\"}}],\"inLanguage\":\"fr-FR\"},{\"@type\":\"NewsMediaOrganization\",\"@id\":\"https:\/\/dicodusport.fr\/blog\/#organization\",\"name\":\"Dicodusport\",\"url\":\"https:\/\/dicodusport.fr\/blog\/\",\"logo\":{\"@type\":\"ImageObject\",\"inLanguage\":\"fr-FR\",\"@id\":\"https:\/\/dicodusport.fr\/blog\/#\/schema\/logo\/image\/\",\"url\":\"https:\/\/dicodusport.fr\/blog\/wp-content\/uploads\/2020\/06\/cropped-LOGO-DICODUSPORT-2020-SANS-FOND-SANS-TEXTE.png\",\"contentUrl\":\"https:\/\/dicodusport.fr\/blog\/wp-content\/uploads\/2020\/06\/cropped-LOGO-DICODUSPORT-2020-SANS-FOND-SANS-TEXTE.png\",\"width\":512,\"height\":512,\"caption\":\"Dicodusport\"},\"image\":{\"@id\":\"https:\/\/dicodusport.fr\/blog\/#\/schema\/logo\/image\/\"},\"sameAs\":[\"https:\/\/www.facebook.com\/dicodusport\",\"https:\/\/x.com\/dicodusport\",\"https:\/\/www.instagram.com\/dicodusport\/\",\"https:\/\/www.youtube.com\/channel\/UC7V2KZ5sd3htJivAbA4ZG3w\"],\"description\":\"Dicodusport est l'encyclop\u00e9die de l'actualit\u00e9 sportive.\",\"email\":\"bonjour@dicodusport.fr\",\"legalName\":\"DICODUSPORT\",\"foundingDate\":\"2018-01-14\",\"vatID\":\"FR71834470973\",\"taxID\":\"83447097300043\",\"numberOfEmployees\":{\"@type\":\"QuantitativeValue\",\"minValue\":\"1\",\"maxValue\":\"10\"}},{\"@type\":\"Person\",\"@id\":\"https:\/\/dicodusport.fr\/blog\/#\/schema\/person\/37def232098a7a5cbab3974a3690abb0\",\"name\":\"Maxime Cazenave\",\"image\":{\"@type\":\"ImageObject\",\"inLanguage\":\"fr-FR\",\"@id\":\"https:\/\/dicodusport.fr\/blog\/#\/schema\/person\/image\/\",\"url\":\"https:\/\/dicodusport.fr\/blog\/wp-content\/uploads\/2021\/05\/Maxime-Cazenave-150x150.jpg\",\"contentUrl\":\"https:\/\/dicodusport.fr\/blog\/wp-content\/uploads\/2021\/05\/Maxime-Cazenave-150x150.jpg\",\"caption\":\"Maxime Cazenave\"},\"description\":\"Journaliste\/R\u00e9dacteur depuis 2012 - Berc\u00e9 par l\u2019amour des Girondins de Bordeaux, les \u00e9checs de Christophe Moreau sur le Tour de France sous l'\u00e8re Lance Armstrong et le fade-away l\u00e9tal de Dirk Nowitzki, ma passion d\u00e9vorante pour le sport a toujours \u00e9t\u00e9 un pan incontournable de ma vie. Transmettre ma passion \u00e0 l\u2019\u00e9crit a \u00e9t\u00e9 une transition naturelle. Suiveur assidu de basket et de hockey sur glace, je garde toujours un peu de place pour suivre le cyclisme, le football et le maximum de performances fran\u00e7aises.\",\"sameAs\":[\"https:\/\/x.com\/https:\/\/twitter.com\/Maxime_Caze\"],\"url\":\"https:\/\/dicodusport.fr\/blog\/author\/maximec\/\"}]}<\/script>\n<!-- \/ Yoast SEO Premium plugin. -->","yoast_head_json":{"title":"Nouveau r\u00e9sultat probant pour Thalya Somb\u00e9, finaliste de la Premier League de karat\u00e9 de Rome","description":"KARAT\u00c9 1 PREMIER LEAGUE - Thalya Somb\u00e9 a d\u00e9croch\u00e9 la m\u00e9daille d'argent lors de l'\u00e9tape de Rome, disput\u00e9e ce weekend.\u00a0","robots":{"index":"index","follow":"follow","max-snippet":"max-snippet:-1","max-image-preview":"max-image-preview:large","max-video-preview":"max-video-preview:-1"},"canonical":"https:\/\/dicodusport.fr\/blog\/nouveau-resultat-probant-pour-thalya-sombe-finaliste-de-la-premier-league-de-karate-de-rome\/","og_locale":"fr_FR","og_type":"article","og_title":"Nouveau r\u00e9sultat probant pour Thalya Somb\u00e9, finaliste de la Premier League de karat\u00e9 de Rome","og_description":"KARAT\u00c9 1 PREMIER LEAGUE - Thalya Somb\u00e9 a d\u00e9croch\u00e9 la m\u00e9daille d'argent lors de l'\u00e9tape de Rome, disput\u00e9e ce weekend.\u00a0","og_url":"https:\/\/dicodusport.fr\/blog\/nouveau-resultat-probant-pour-thalya-sombe-finaliste-de-la-premier-league-de-karate-de-rome\/","og_site_name":"Dicodusport","article_publisher":"https:\/\/www.facebook.com\/dicodusport","article_published_time":"2026-03-16T09:12:58+00:00","article_modified_time":"2026-03-16T10:03:59+00:00","og_image":[{"width":1200,"height":674,"url":"https:\/\/dicodusport.fr\/blog\/wp-content\/uploads\/2026\/03\/Nouveau-resultat-probant-pour-Thalya-Sombe-finaliste-de-la-Premier-League-de-karate-de-Rome.png","type":"image\/png"}],"author":"Maxime Cazenave","twitter_card":"summary_large_image","twitter_title":"Nouveau r\u00e9sultat probant pour Thalya Somb\u00e9, finaliste de la Premier League de karat\u00e9 de Rome","twitter_creator":"@https:\/\/twitter.com\/Maxime_Caze","twitter_site":"@dicodusport","schema":{"@context":"https:\/\/schema.org","@graph":[{"@type":"NewsArticle","@id":"https:\/\/dicodusport.fr\/blog\/nouveau-resultat-probant-pour-thalya-sombe-finaliste-de-la-premier-league-de-karate-de-rome\/#article","isPartOf":{"@id":"https:\/\/dicodusport.fr\/blog\/nouveau-resultat-probant-pour-thalya-sombe-finaliste-de-la-premier-league-de-karate-de-rome\/"},"author":{"name":"Maxime Cazenave","@id":"https:\/\/dicodusport.fr\/blog\/#\/schema\/person\/37def232098a7a5cbab3974a3690abb0"},"headline":"Nouveau r\u00e9sultat probant pour Thalya Somb\u00e9, finaliste de la Premier League de karat\u00e9 de Rome","datePublished":"2026-03-16T09:12:58+00:00","dateModified":"2026-03-16T10:03:59+00:00","mainEntityOfPage":{"@id":"https:\/\/dicodusport.fr\/blog\/nouveau-resultat-probant-pour-thalya-sombe-finaliste-de-la-premier-league-de-karate-de-rome\/"},"wordCount":417,"commentCount":0,"publisher":{"@id":"https:\/\/dicodusport.fr\/blog\/#organization"},"image":{"@id":"https:\/\/dicodusport.fr\/blog\/nouveau-resultat-probant-pour-thalya-sombe-finaliste-de-la-premier-league-de-karate-de-rome\/#primaryimage"},"thumbnailUrl":"https:\/\/dicodusport.fr\/blog\/wp-content\/uploads\/2026\/03\/Nouveau-resultat-probant-pour-Thalya-Sombe-finaliste-de-la-Premier-League-de-karate-de-Rome.png","keywords":["br\u00e8ve","Karat\u00e9","Karat\u00e9 1 Premier League","Thalya Somb\u00e9"],"articleSection":["Karat\u00e9"],"inLanguage":"fr-FR","potentialAction":[{"@type":"CommentAction","name":"Comment","target":["https:\/\/dicodusport.fr\/blog\/nouveau-resultat-probant-pour-thalya-sombe-finaliste-de-la-premier-league-de-karate-de-rome\/#respond"]}],"copyrightYear":"2026","copyrightHolder":{"@id":"https:\/\/dicodusport.fr\/blog\/#organization"}},{"@type":"WebPage","@id":"https:\/\/dicodusport.fr\/blog\/nouveau-resultat-probant-pour-thalya-sombe-finaliste-de-la-premier-league-de-karate-de-rome\/","url":"https:\/\/dicodusport.fr\/blog\/nouveau-resultat-probant-pour-thalya-sombe-finaliste-de-la-premier-league-de-karate-de-rome\/","name":"Nouveau r\u00e9sultat probant pour Thalya Somb\u00e9, finaliste de la Premier League de karat\u00e9 de Rome","isPartOf":{"@id":"https:\/\/dicodusport.fr\/blog\/#website"},"primaryImageOfPage":{"@id":"https:\/\/dicodusport.fr\/blog\/nouveau-resultat-probant-pour-thalya-sombe-finaliste-de-la-premier-league-de-karate-de-rome\/#primaryimage"},"image":{"@id":"https:\/\/dicodusport.fr\/blog\/nouveau-resultat-probant-pour-thalya-sombe-finaliste-de-la-premier-league-de-karate-de-rome\/#primaryimage"},"thumbnailUrl":"https:\/\/dicodusport.fr\/blog\/wp-content\/uploads\/2026\/03\/Nouveau-resultat-probant-pour-Thalya-Sombe-finaliste-de-la-Premier-League-de-karate-de-Rome.png","datePublished":"2026-03-16T09:12:58+00:00","dateModified":"2026-03-16T10:03:59+00:00","description":"KARAT\u00c9 1 PREMIER LEAGUE - Thalya Somb\u00e9 a d\u00e9croch\u00e9 la m\u00e9daille d'argent lors de l'\u00e9tape de Rome, disput\u00e9e ce weekend.\u00a0","breadcrumb":{"@id":"https:\/\/dicodusport.fr\/blog\/nouveau-resultat-probant-pour-thalya-sombe-finaliste-de-la-premier-league-de-karate-de-rome\/#breadcrumb"},"inLanguage":"fr-FR","potentialAction":[{"@type":"ReadAction","target":["https:\/\/dicodusport.fr\/blog\/nouveau-resultat-probant-pour-thalya-sombe-finaliste-de-la-premier-league-de-karate-de-rome\/"]}]},{"@type":"ImageObject","inLanguage":"fr-FR","@id":"https:\/\/dicodusport.fr\/blog\/nouveau-resultat-probant-pour-thalya-sombe-finaliste-de-la-premier-league-de-karate-de-rome\/#primaryimage","url":"https:\/\/dicodusport.fr\/blog\/wp-content\/uploads\/2026\/03\/Nouveau-resultat-probant-pour-Thalya-Sombe-finaliste-de-la-Premier-League-de-karate-de-Rome.png","contentUrl":"https:\/\/dicodusport.fr\/blog\/wp-content\/uploads\/2026\/03\/Nouveau-resultat-probant-pour-Thalya-Sombe-finaliste-de-la-Premier-League-de-karate-de-Rome.png","width":1200,"height":674,"caption":"Nouveau r\u00e9sultat probant pour Thalya Somb\u00e9, finaliste de la Premier League de karat\u00e9 de Rome"},{"@type":"BreadcrumbList","@id":"https:\/\/dicodusport.fr\/blog\/nouveau-resultat-probant-pour-thalya-sombe-finaliste-de-la-premier-league-de-karate-de-rome\/#breadcrumb","itemListElement":[{"@type":"ListItem","position":1,"name":"Accueil","item":"https:\/\/dicodusport.fr\/blog\/"},{"@type":"ListItem","position":2,"name":"Nouveau r\u00e9sultat probant pour Thalya Somb\u00e9, finaliste de la Premier League de karat\u00e9 de Rome"}]},{"@type":"WebSite","@id":"https:\/\/dicodusport.fr\/blog\/#website","url":"https:\/\/dicodusport.fr\/blog\/","name":"Dicodusport","description":"L&#039;encyclop\u00e9die de l&#039;actualit\u00e9 sportive","publisher":{"@id":"https:\/\/dicodusport.fr\/blog\/#organization"},"potentialAction":[{"@type":"SearchAction","target":{"@type":"EntryPoint","urlTemplate":"https:\/\/dicodusport.fr\/blog\/?s={search_term_string}"},"query-input":{"@type":"PropertyValueSpecification","valueRequired":true,"valueName":"search_term_string"}}],"inLanguage":"fr-FR"},{"@type":"NewsMediaOrganization","@id":"https:\/\/dicodusport.fr\/blog\/#organization","name":"Dicodusport","url":"https:\/\/dicodusport.fr\/blog\/","logo":{"@type":"ImageObject","inLanguage":"fr-FR","@id":"https:\/\/dicodusport.fr\/blog\/#\/schema\/logo\/image\/","url":"https:\/\/dicodusport.fr\/blog\/wp-content\/uploads\/2020\/06\/cropped-LOGO-DICODUSPORT-2020-SANS-FOND-SANS-TEXTE.png","contentUrl":"https:\/\/dicodusport.fr\/blog\/wp-content\/uploads\/2020\/06\/cropped-LOGO-DICODUSPORT-2020-SANS-FOND-SANS-TEXTE.png","width":512,"height":512,"caption":"Dicodusport"},"image":{"@id":"https:\/\/dicodusport.fr\/blog\/#\/schema\/logo\/image\/"},"sameAs":["https:\/\/www.facebook.com\/dicodusport","https:\/\/x.com\/dicodusport","https:\/\/www.instagram.com\/dicodusport\/","https:\/\/www.youtube.com\/channel\/UC7V2KZ5sd3htJivAbA4ZG3w"],"description":"Dicodusport est l'encyclop\u00e9die de l'actualit\u00e9 sportive.","email":"bonjour@dicodusport.fr","legalName":"DICODUSPORT","foundingDate":"2018-01-14","vatID":"FR71834470973","taxID":"83447097300043","numberOfEmployees":{"@type":"QuantitativeValue","minValue":"1","maxValue":"10"}},{"@type":"Person","@id":"https:\/\/dicodusport.fr\/blog\/#\/schema\/person\/37def232098a7a5cbab3974a3690abb0","name":"Maxime Cazenave","image":{"@type":"ImageObject","inLanguage":"fr-FR","@id":"https:\/\/dicodusport.fr\/blog\/#\/schema\/person\/image\/","url":"https:\/\/dicodusport.fr\/blog\/wp-content\/uploads\/2021\/05\/Maxime-Cazenave-150x150.jpg","contentUrl":"https:\/\/dicodusport.fr\/blog\/wp-content\/uploads\/2021\/05\/Maxime-Cazenave-150x150.jpg","caption":"Maxime Cazenave"},"description":"Journaliste\/R\u00e9dacteur depuis 2012 - Berc\u00e9 par l\u2019amour des Girondins de Bordeaux, les \u00e9checs de Christophe Moreau sur le Tour de France sous l'\u00e8re Lance Armstrong et le fade-away l\u00e9tal de Dirk Nowitzki, ma passion d\u00e9vorante pour le sport a toujours \u00e9t\u00e9 un pan incontournable de ma vie. Transmettre ma passion \u00e0 l\u2019\u00e9crit a \u00e9t\u00e9 une transition naturelle. Suiveur assidu de basket et de hockey sur glace, je garde toujours un peu de place pour suivre le cyclisme, le football et le maximum de performances fran\u00e7aises.","sameAs":["https:\/\/x.com\/https:\/\/twitter.com\/Maxime_Caze"],"url":"https:\/\/dicodusport.fr\/blog\/author\/maximec\/"}]}},"_links":{"self":[{"href":"https:\/\/dicodusport.fr\/blog\/wp-json\/wp\/v2\/posts\/656115","targetHints":{"allow":["GET"]}}],"collection":[{"href":"https:\/\/dicodusport.fr\/blog\/wp-json\/wp\/v2\/posts"}],"about":[{"href":"https:\/\/dicodusport.fr\/blog\/wp-json\/wp\/v2\/types\/post"}],"author":[{"embeddable":true,"href":"https:\/\/dicodusport.fr\/blog\/wp-json\/wp\/v2\/users\/55"}],"replies":[{"embeddable":true,"href":"https:\/\/dicodusport.fr\/blog\/wp-json\/wp\/v2\/comments?post=656115"}],"version-history":[{"count":3,"href":"https:\/\/dicodusport.fr\/blog\/wp-json\/wp\/v2\/posts\/656115\/revisions"}],"predecessor-version":[{"id":656139,"href":"https:\/\/dicodusport.fr\/blog\/wp-json\/wp\/v2\/posts\/656115\/revisions\/656139"}],"wp:featuredmedia":[{"embeddable":true,"href":"https:\/\/dicodusport.fr\/blog\/wp-json\/wp\/v2\/media\/656116"}],"wp:attachment":[{"href":"https:\/\/dicodusport.fr\/blog\/wp-json\/wp\/v2\/media?parent=656115"}],"wp:term":[{"taxonomy":"category","embeddable":true,"href":"https:\/\/dicodusport.fr\/blog\/wp-json\/wp\/v2\/categories?post=656115"},{"taxonomy":"post_tag","embeddable":true,"href":"https:\/\/dicodusport.fr\/blog\/wp-json\/wp\/v2\/tags?post=656115"}],"curies":[{"name":"wp","href":"https:\/\/api.w.org\/{rel}","templated":true}]}}