{"id":65622,"date":"2020-04-25T10:55:23","date_gmt":"2020-04-25T08:55:23","guid":{"rendered":"http:\/\/dicodusport.fr\/blog\/?p=65622&#038;preview=true&#038;preview_id=65622"},"modified":"2020-05-05T10:41:09","modified_gmt":"2020-05-05T08:41:09","slug":"esteban-ocon-pas-un-reve-mais-un-objectif-monter-sur-le-podium","status":"publish","type":"post","link":"https:\/\/dicodusport.fr\/blog\/esteban-ocon-pas-un-reve-mais-un-objectif-monter-sur-le-podium\/","title":{"rendered":"Esteban Ocon : \u00ab\u00a0Je n&rsquo;ai pas un r\u00eave, mais un objectif : monter sur le podium\u00a0\u00bb"},"content":{"rendered":"<p style=\"text-align: justify;\"><strong><em><a href=\"https:\/\/dicodusport.fr\/blog\/tag\/formule-1\/\" target=\"_blank\" rel=\"noopener noreferrer\">FORMULE 1<\/a> &#8211; Dans un entretien accord\u00e9 \u00e0 La Gazzetta dello Sport, Esteban Ocon, qui retrouve une place de titulaire en F1 chez Renault, a affich\u00e9 ses ambitions pour la saison 2020.<\/em><\/strong><\/p>\n<p style=\"text-align: justify;\">Absent des circuits en 2019 apr\u00e8s deux saisons avec <strong>Force India<\/strong>, <strong>Esteban Ocon<\/strong> est de retour en <strong>Formule 1<\/strong> pour 2020. Un comeback diff\u00e9r\u00e9 en raison de la crise du <strong>Coronavirus<\/strong>. Le nouveau pilote de l&rsquo;\u00e9curie <strong>Renault DP World<\/strong> se veut ambitieux pour la saison \u00e0 venir.<\/p>\n<blockquote>\n<p style=\"text-align: justify;\">Je n&rsquo;ai pas un r\u00eave, mais un objectif : monter sur le podium. Je le veux et Daniel Ricciardo, mon co\u00e9quipier, aussi. Ce serait tr\u00e8s important de ramener l&rsquo;\u00e9quipe sur cette marche.<\/p>\n<\/blockquote>\n<p style=\"text-align: justify;\">Pour l&rsquo;instant, l&rsquo;incertitude plane toujours quant \u00e0 la date de d\u00e9but du championnat du monde de <strong>F1<\/strong>. Des d\u00e9cisions devraient \u00eatre annonc\u00e9es ces prochaines semaines.<\/p>\n<blockquote class=\"twitter-tweet\">\n<p dir=\"ltr\" lang=\"fr\">Ocon vise au moins un podium en 2020 avec Renault F1 <a href=\"https:\/\/t.co\/B5p0Zb4WoC\">https:\/\/t.co\/B5p0Zb4WoC<\/a> <a href=\"https:\/\/twitter.com\/hashtag\/F1?src=hash&amp;ref_src=twsrc%5Etfw\">#F1<\/a> <a href=\"https:\/\/twitter.com\/hashtag\/NewsF1?src=hash&amp;ref_src=twsrc%5Etfw\">#NewsF1<\/a><\/p>\n<p>\u2014 F1ONLY.fr &#x1f3c1; (@f1_fr) <a href=\"https:\/\/twitter.com\/f1_fr\/status\/1253944780909879296?ref_src=twsrc%5Etfw\">April 25, 2020<\/a><\/p><\/blockquote>\n<p><script async src=\"https:\/\/platform.twitter.com\/widgets.js\" charset=\"utf-8\"><\/script><\/p>\n<ul>\n<li style=\"text-align: justify;\"><strong>\u00c0 lire aussi &#8211; <a href=\"https:\/\/dicodusport.fr\/blog\/f1-salaires-pilotes-2020\/\" target=\"_blank\" rel=\"noopener noreferrer\">F1 : les salaires des pilotes en 2020<\/a><\/strong><\/li>\n<\/ul>\n<p style=\"text-align: justify;\"><strong><em>Dicodusport<br \/>\n<a href=\"https:\/\/www.facebook.com\/dicodusport\/\" target=\"_blank\" rel=\"noopener noreferrer\"><img loading=\"lazy\" decoding=\"async\" class=\"alignnone wp-image-2909\" src=\"http:\/\/dicodusport.fr\/blog\/wp-content\/uploads\/2017\/07\/logo-facebook-150x150.png\" alt=\"\" width=\"40\" height=\"40\" \/><\/a><a href=\"https:\/\/twitter.com\/dicodusport\" target=\"_blank\" rel=\"noopener noreferrer\"><img loading=\"lazy\" decoding=\"async\" class=\"alignnone wp-image-2908\" src=\"http:\/\/dicodusport.fr\/blog\/wp-content\/uploads\/2017\/07\/logo-twitter-150x150.png\" alt=\"\" width=\"39\" height=\"39\" \/><\/a><\/em><\/strong><\/p>\n","protected":false},"excerpt":{"rendered":"<p>FORMULE 1 &#8211; Dans un entretien accord\u00e9 \u00e0 La Gazzetta dello Sport, Esteban Ocon, qui retrouve une place de titulaire en F1 chez Renault, a affich\u00e9 ses ambitions pour la saison 2020.<\/p>\n","protected":false},"author":1,"featured_media":65627,"comment_status":"open","ping_status":"closed","sticky":false,"template":"","format":"standard","meta":{"_acf_changed":false,"_daextam_enable_autolinks":"","footnotes":""},"categories":[10646,8653],"tags":[4223,3166,2065],"class_list":["post-65622","post","type-post","status-publish","format-standard","has-post-thumbnail","hentry","category-coronavirus","category-formule-1","tag-esteban-ocon","tag-f1","tag-formule-1"],"acf":[],"yoast_head":"<!-- This site is optimized with the Yoast SEO Premium plugin v26.7 (Yoast SEO v26.7) - https:\/\/yoast.com\/wordpress\/plugins\/seo\/ -->\n<title>Esteban Ocon : &quot;Je n&#039;ai pas un r\u00eave, mais un objectif : monter sur le podium&quot;<\/title>\n<meta name=\"description\" content=\"FORMULE 1 - Dans un entretien accord\u00e9 \u00e0 La Gazzetta dello Sport, Esteban Ocon, qui retrouve une place de titulaire en F1 chez Renault, a affich\u00e9 ses ambitions pour la saison 2020.\" \/>\n<meta name=\"robots\" content=\"index, follow, max-snippet:-1, max-image-preview:large, max-video-preview:-1\" \/>\n<link rel=\"canonical\" href=\"https:\/\/dicodusport.fr\/blog\/esteban-ocon-pas-un-reve-mais-un-objectif-monter-sur-le-podium\/\" \/>\n<meta property=\"og:locale\" content=\"fr_FR\" \/>\n<meta property=\"og:type\" content=\"article\" \/>\n<meta property=\"og:title\" content=\"Esteban Ocon : \u00ab Je n&#039;ai pas un r\u00eave, mais un objectif : monter sur le podium \u00bb\" \/>\n<meta property=\"og:description\" content=\"FORMULE 1 - Dans un entretien accord\u00e9 \u00e0 La Gazzetta dello Sport, Esteban Ocon, qui retrouve une place de titulaire en F1 chez Renault, a affich\u00e9 ses ambitions pour la saison 2020.\" \/>\n<meta property=\"og:url\" content=\"https:\/\/dicodusport.fr\/blog\/esteban-ocon-pas-un-reve-mais-un-objectif-monter-sur-le-podium\/\" \/>\n<meta property=\"og:site_name\" content=\"Dicodusport\" \/>\n<meta property=\"article:publisher\" content=\"https:\/\/www.facebook.com\/dicodusport\" \/>\n<meta property=\"article:author\" content=\"https:\/\/www.facebook.com\/dicodusport\" \/>\n<meta property=\"article:published_time\" content=\"2020-04-25T08:55:23+00:00\" \/>\n<meta property=\"article:modified_time\" content=\"2020-05-05T08:41:09+00:00\" \/>\n<meta property=\"og:image\" content=\"https:\/\/dicodusport.fr\/blog\/wp-content\/uploads\/2020\/04\/Esteban-Ocon-Je-nai-pas-un-r\u00eave-mais-un-objectif-_-monter-sur-le-podium.png\" \/>\n\t<meta property=\"og:image:width\" content=\"800\" \/>\n\t<meta property=\"og:image:height\" content=\"445\" \/>\n\t<meta property=\"og:image:type\" content=\"image\/png\" \/>\n<meta name=\"author\" content=\"Nicolas Jacquemard\" \/>\n<meta name=\"twitter:card\" content=\"summary_large_image\" \/>\n<meta name=\"twitter:title\" content=\"Esteban Ocon : \u00ab Je n&#039;ai pas un r\u00eave, mais un objectif : monter sur le podium \u00bb\" \/>\n<meta name=\"twitter:creator\" content=\"@https:\/\/twitter.com\/Nico_Jacquemard\" \/>\n<meta name=\"twitter:site\" content=\"@dicodusport\" \/>\n<script type=\"application\/ld+json\" class=\"yoast-schema-graph\">{\"@context\":\"https:\/\/schema.org\",\"@graph\":[{\"@type\":\"NewsArticle\",\"@id\":\"https:\/\/dicodusport.fr\/blog\/esteban-ocon-pas-un-reve-mais-un-objectif-monter-sur-le-podium\/#article\",\"isPartOf\":{\"@id\":\"https:\/\/dicodusport.fr\/blog\/esteban-ocon-pas-un-reve-mais-un-objectif-monter-sur-le-podium\/\"},\"author\":{\"name\":\"Nicolas Jacquemard\",\"@id\":\"https:\/\/dicodusport.fr\/blog\/#\/schema\/person\/55dcb50ad410894e431ed812bbb70191\"},\"headline\":\"Esteban Ocon : \u00ab\u00a0Je n&rsquo;ai pas un r\u00eave, mais un objectif : monter sur le podium\u00a0\u00bb\",\"datePublished\":\"2020-04-25T08:55:23+00:00\",\"dateModified\":\"2020-05-05T08:41:09+00:00\",\"mainEntityOfPage\":{\"@id\":\"https:\/\/dicodusport.fr\/blog\/esteban-ocon-pas-un-reve-mais-un-objectif-monter-sur-le-podium\/\"},\"wordCount\":194,\"commentCount\":0,\"publisher\":{\"@id\":\"https:\/\/dicodusport.fr\/blog\/#organization\"},\"image\":{\"@id\":\"https:\/\/dicodusport.fr\/blog\/esteban-ocon-pas-un-reve-mais-un-objectif-monter-sur-le-podium\/#primaryimage\"},\"thumbnailUrl\":\"https:\/\/dicodusport.fr\/blog\/wp-content\/uploads\/2020\/04\/Esteban-Ocon-Je-nai-pas-un-r\u00eave-mais-un-objectif-_-monter-sur-le-podium.png\",\"keywords\":[\"Esteban Ocon\",\"F1\",\"Formule 1\"],\"articleSection\":[\"Coronavirus\",\"Formule 1\"],\"inLanguage\":\"fr-FR\",\"potentialAction\":[{\"@type\":\"CommentAction\",\"name\":\"Comment\",\"target\":[\"https:\/\/dicodusport.fr\/blog\/esteban-ocon-pas-un-reve-mais-un-objectif-monter-sur-le-podium\/#respond\"]}],\"copyrightYear\":\"2020\",\"copyrightHolder\":{\"@id\":\"https:\/\/dicodusport.fr\/blog\/#organization\"}},{\"@type\":\"WebPage\",\"@id\":\"https:\/\/dicodusport.fr\/blog\/esteban-ocon-pas-un-reve-mais-un-objectif-monter-sur-le-podium\/\",\"url\":\"https:\/\/dicodusport.fr\/blog\/esteban-ocon-pas-un-reve-mais-un-objectif-monter-sur-le-podium\/\",\"name\":\"Esteban Ocon : \\\"Je n'ai pas un r\u00eave, mais un objectif : monter sur le podium\\\"\",\"isPartOf\":{\"@id\":\"https:\/\/dicodusport.fr\/blog\/#website\"},\"primaryImageOfPage\":{\"@id\":\"https:\/\/dicodusport.fr\/blog\/esteban-ocon-pas-un-reve-mais-un-objectif-monter-sur-le-podium\/#primaryimage\"},\"image\":{\"@id\":\"https:\/\/dicodusport.fr\/blog\/esteban-ocon-pas-un-reve-mais-un-objectif-monter-sur-le-podium\/#primaryimage\"},\"thumbnailUrl\":\"https:\/\/dicodusport.fr\/blog\/wp-content\/uploads\/2020\/04\/Esteban-Ocon-Je-nai-pas-un-r\u00eave-mais-un-objectif-_-monter-sur-le-podium.png\",\"datePublished\":\"2020-04-25T08:55:23+00:00\",\"dateModified\":\"2020-05-05T08:41:09+00:00\",\"description\":\"FORMULE 1 - Dans un entretien accord\u00e9 \u00e0 La Gazzetta dello Sport, Esteban Ocon, qui retrouve une place de titulaire en F1 chez Renault, a affich\u00e9 ses ambitions pour la saison 2020.\",\"breadcrumb\":{\"@id\":\"https:\/\/dicodusport.fr\/blog\/esteban-ocon-pas-un-reve-mais-un-objectif-monter-sur-le-podium\/#breadcrumb\"},\"inLanguage\":\"fr-FR\",\"potentialAction\":[{\"@type\":\"ReadAction\",\"target\":[\"https:\/\/dicodusport.fr\/blog\/esteban-ocon-pas-un-reve-mais-un-objectif-monter-sur-le-podium\/\"]}]},{\"@type\":\"ImageObject\",\"inLanguage\":\"fr-FR\",\"@id\":\"https:\/\/dicodusport.fr\/blog\/esteban-ocon-pas-un-reve-mais-un-objectif-monter-sur-le-podium\/#primaryimage\",\"url\":\"https:\/\/dicodusport.fr\/blog\/wp-content\/uploads\/2020\/04\/Esteban-Ocon-Je-nai-pas-un-r\u00eave-mais-un-objectif-_-monter-sur-le-podium.png\",\"contentUrl\":\"https:\/\/dicodusport.fr\/blog\/wp-content\/uploads\/2020\/04\/Esteban-Ocon-Je-nai-pas-un-r\u00eave-mais-un-objectif-_-monter-sur-le-podium.png\",\"width\":800,\"height\":445,\"caption\":\"Esteban Ocon - AFP\"},{\"@type\":\"BreadcrumbList\",\"@id\":\"https:\/\/dicodusport.fr\/blog\/esteban-ocon-pas-un-reve-mais-un-objectif-monter-sur-le-podium\/#breadcrumb\",\"itemListElement\":[{\"@type\":\"ListItem\",\"position\":1,\"name\":\"Accueil\",\"item\":\"https:\/\/dicodusport.fr\/blog\/\"},{\"@type\":\"ListItem\",\"position\":2,\"name\":\"Esteban Ocon : \u00ab\u00a0Je n&rsquo;ai pas un r\u00eave, mais un objectif : monter sur le podium\u00a0\u00bb\"}]},{\"@type\":\"WebSite\",\"@id\":\"https:\/\/dicodusport.fr\/blog\/#website\",\"url\":\"https:\/\/dicodusport.fr\/blog\/\",\"name\":\"Dicodusport\",\"description\":\"L&#039;encyclop\u00e9die de l&#039;actualit\u00e9 sportive\",\"publisher\":{\"@id\":\"https:\/\/dicodusport.fr\/blog\/#organization\"},\"potentialAction\":[{\"@type\":\"SearchAction\",\"target\":{\"@type\":\"EntryPoint\",\"urlTemplate\":\"https:\/\/dicodusport.fr\/blog\/?s={search_term_string}\"},\"query-input\":{\"@type\":\"PropertyValueSpecification\",\"valueRequired\":true,\"valueName\":\"search_term_string\"}}],\"inLanguage\":\"fr-FR\"},{\"@type\":\"NewsMediaOrganization\",\"@id\":\"https:\/\/dicodusport.fr\/blog\/#organization\",\"name\":\"Dicodusport\",\"url\":\"https:\/\/dicodusport.fr\/blog\/\",\"logo\":{\"@type\":\"ImageObject\",\"inLanguage\":\"fr-FR\",\"@id\":\"https:\/\/dicodusport.fr\/blog\/#\/schema\/logo\/image\/\",\"url\":\"https:\/\/dicodusport.fr\/blog\/wp-content\/uploads\/2020\/06\/cropped-LOGO-DICODUSPORT-2020-SANS-FOND-SANS-TEXTE.png\",\"contentUrl\":\"https:\/\/dicodusport.fr\/blog\/wp-content\/uploads\/2020\/06\/cropped-LOGO-DICODUSPORT-2020-SANS-FOND-SANS-TEXTE.png\",\"width\":512,\"height\":512,\"caption\":\"Dicodusport\"},\"image\":{\"@id\":\"https:\/\/dicodusport.fr\/blog\/#\/schema\/logo\/image\/\"},\"sameAs\":[\"https:\/\/www.facebook.com\/dicodusport\",\"https:\/\/x.com\/dicodusport\",\"https:\/\/www.instagram.com\/dicodusport\/\",\"https:\/\/www.youtube.com\/channel\/UC7V2KZ5sd3htJivAbA4ZG3w\"],\"description\":\"Dicodusport est l'encyclop\u00e9die de l'actualit\u00e9 sportive.\",\"email\":\"bonjour@dicodusport.fr\",\"legalName\":\"DICODUSPORT\",\"foundingDate\":\"2018-01-14\",\"vatID\":\"FR71834470973\",\"taxID\":\"83447097300043\",\"numberOfEmployees\":{\"@type\":\"QuantitativeValue\",\"minValue\":\"1\",\"maxValue\":\"10\"}},{\"@type\":\"Person\",\"@id\":\"https:\/\/dicodusport.fr\/blog\/#\/schema\/person\/55dcb50ad410894e431ed812bbb70191\",\"name\":\"Nicolas Jacquemard\",\"image\":{\"@type\":\"ImageObject\",\"inLanguage\":\"fr-FR\",\"@id\":\"https:\/\/dicodusport.fr\/blog\/#\/schema\/person\/image\/\",\"url\":\"https:\/\/dicodusport.fr\/blog\/wp-content\/uploads\/2021\/05\/Nicolas-Jacquemard-150x150.jpeg\",\"contentUrl\":\"https:\/\/dicodusport.fr\/blog\/wp-content\/uploads\/2021\/05\/Nicolas-Jacquemard-150x150.jpeg\",\"caption\":\"Nicolas Jacquemard\"},\"description\":\"Passionn\u00e9 de sport et entrepreneur depuis mes 18 ans, la cr\u00e9ation de Dicodusport m'a sembl\u00e9 \u00e9vidente pour participer \u00e0 la m\u00e9diatisation d'un plus grand nombre de sports. Le chemin est long mais avec une \u00e9quipe des plus motiv\u00e9es et les Jeux Olympiques de Paris 2024 en point de mire, nous y arriverons ! Journaliste dans le monde du sport depuis plus de 5 ans, je traite aussi bien de football, de rugby, de biathlon que de cyclisme.\",\"sameAs\":[\"https:\/\/www.facebook.com\/dicodusport\",\"https:\/\/x.com\/https:\/\/twitter.com\/Nico_Jacquemard\"],\"url\":\"https:\/\/dicodusport.fr\/blog\/author\/dicodusport\/\"}]}<\/script>\n<!-- \/ Yoast SEO Premium plugin. -->","yoast_head_json":{"title":"Esteban Ocon : \"Je n'ai pas un r\u00eave, mais un objectif : monter sur le podium\"","description":"FORMULE 1 - Dans un entretien accord\u00e9 \u00e0 La Gazzetta dello Sport, Esteban Ocon, qui retrouve une place de titulaire en F1 chez Renault, a affich\u00e9 ses ambitions pour la saison 2020.","robots":{"index":"index","follow":"follow","max-snippet":"max-snippet:-1","max-image-preview":"max-image-preview:large","max-video-preview":"max-video-preview:-1"},"canonical":"https:\/\/dicodusport.fr\/blog\/esteban-ocon-pas-un-reve-mais-un-objectif-monter-sur-le-podium\/","og_locale":"fr_FR","og_type":"article","og_title":"Esteban Ocon : \u00ab Je n'ai pas un r\u00eave, mais un objectif : monter sur le podium \u00bb","og_description":"FORMULE 1 - Dans un entretien accord\u00e9 \u00e0 La Gazzetta dello Sport, Esteban Ocon, qui retrouve une place de titulaire en F1 chez Renault, a affich\u00e9 ses ambitions pour la saison 2020.","og_url":"https:\/\/dicodusport.fr\/blog\/esteban-ocon-pas-un-reve-mais-un-objectif-monter-sur-le-podium\/","og_site_name":"Dicodusport","article_publisher":"https:\/\/www.facebook.com\/dicodusport","article_author":"https:\/\/www.facebook.com\/dicodusport","article_published_time":"2020-04-25T08:55:23+00:00","article_modified_time":"2020-05-05T08:41:09+00:00","og_image":[{"width":800,"height":445,"url":"https:\/\/dicodusport.fr\/blog\/wp-content\/uploads\/2020\/04\/Esteban-Ocon-Je-nai-pas-un-r\u00eave-mais-un-objectif-_-monter-sur-le-podium.png","type":"image\/png"}],"author":"Nicolas Jacquemard","twitter_card":"summary_large_image","twitter_title":"Esteban Ocon : \u00ab Je n'ai pas un r\u00eave, mais un objectif : monter sur le podium \u00bb","twitter_creator":"@https:\/\/twitter.com\/Nico_Jacquemard","twitter_site":"@dicodusport","schema":{"@context":"https:\/\/schema.org","@graph":[{"@type":"NewsArticle","@id":"https:\/\/dicodusport.fr\/blog\/esteban-ocon-pas-un-reve-mais-un-objectif-monter-sur-le-podium\/#article","isPartOf":{"@id":"https:\/\/dicodusport.fr\/blog\/esteban-ocon-pas-un-reve-mais-un-objectif-monter-sur-le-podium\/"},"author":{"name":"Nicolas Jacquemard","@id":"https:\/\/dicodusport.fr\/blog\/#\/schema\/person\/55dcb50ad410894e431ed812bbb70191"},"headline":"Esteban Ocon : \u00ab\u00a0Je n&rsquo;ai pas un r\u00eave, mais un objectif : monter sur le podium\u00a0\u00bb","datePublished":"2020-04-25T08:55:23+00:00","dateModified":"2020-05-05T08:41:09+00:00","mainEntityOfPage":{"@id":"https:\/\/dicodusport.fr\/blog\/esteban-ocon-pas-un-reve-mais-un-objectif-monter-sur-le-podium\/"},"wordCount":194,"commentCount":0,"publisher":{"@id":"https:\/\/dicodusport.fr\/blog\/#organization"},"image":{"@id":"https:\/\/dicodusport.fr\/blog\/esteban-ocon-pas-un-reve-mais-un-objectif-monter-sur-le-podium\/#primaryimage"},"thumbnailUrl":"https:\/\/dicodusport.fr\/blog\/wp-content\/uploads\/2020\/04\/Esteban-Ocon-Je-nai-pas-un-r\u00eave-mais-un-objectif-_-monter-sur-le-podium.png","keywords":["Esteban Ocon","F1","Formule 1"],"articleSection":["Coronavirus","Formule 1"],"inLanguage":"fr-FR","potentialAction":[{"@type":"CommentAction","name":"Comment","target":["https:\/\/dicodusport.fr\/blog\/esteban-ocon-pas-un-reve-mais-un-objectif-monter-sur-le-podium\/#respond"]}],"copyrightYear":"2020","copyrightHolder":{"@id":"https:\/\/dicodusport.fr\/blog\/#organization"}},{"@type":"WebPage","@id":"https:\/\/dicodusport.fr\/blog\/esteban-ocon-pas-un-reve-mais-un-objectif-monter-sur-le-podium\/","url":"https:\/\/dicodusport.fr\/blog\/esteban-ocon-pas-un-reve-mais-un-objectif-monter-sur-le-podium\/","name":"Esteban Ocon : \"Je n'ai pas un r\u00eave, mais un objectif : monter sur le podium\"","isPartOf":{"@id":"https:\/\/dicodusport.fr\/blog\/#website"},"primaryImageOfPage":{"@id":"https:\/\/dicodusport.fr\/blog\/esteban-ocon-pas-un-reve-mais-un-objectif-monter-sur-le-podium\/#primaryimage"},"image":{"@id":"https:\/\/dicodusport.fr\/blog\/esteban-ocon-pas-un-reve-mais-un-objectif-monter-sur-le-podium\/#primaryimage"},"thumbnailUrl":"https:\/\/dicodusport.fr\/blog\/wp-content\/uploads\/2020\/04\/Esteban-Ocon-Je-nai-pas-un-r\u00eave-mais-un-objectif-_-monter-sur-le-podium.png","datePublished":"2020-04-25T08:55:23+00:00","dateModified":"2020-05-05T08:41:09+00:00","description":"FORMULE 1 - Dans un entretien accord\u00e9 \u00e0 La Gazzetta dello Sport, Esteban Ocon, qui retrouve une place de titulaire en F1 chez Renault, a affich\u00e9 ses ambitions pour la saison 2020.","breadcrumb":{"@id":"https:\/\/dicodusport.fr\/blog\/esteban-ocon-pas-un-reve-mais-un-objectif-monter-sur-le-podium\/#breadcrumb"},"inLanguage":"fr-FR","potentialAction":[{"@type":"ReadAction","target":["https:\/\/dicodusport.fr\/blog\/esteban-ocon-pas-un-reve-mais-un-objectif-monter-sur-le-podium\/"]}]},{"@type":"ImageObject","inLanguage":"fr-FR","@id":"https:\/\/dicodusport.fr\/blog\/esteban-ocon-pas-un-reve-mais-un-objectif-monter-sur-le-podium\/#primaryimage","url":"https:\/\/dicodusport.fr\/blog\/wp-content\/uploads\/2020\/04\/Esteban-Ocon-Je-nai-pas-un-r\u00eave-mais-un-objectif-_-monter-sur-le-podium.png","contentUrl":"https:\/\/dicodusport.fr\/blog\/wp-content\/uploads\/2020\/04\/Esteban-Ocon-Je-nai-pas-un-r\u00eave-mais-un-objectif-_-monter-sur-le-podium.png","width":800,"height":445,"caption":"Esteban Ocon - AFP"},{"@type":"BreadcrumbList","@id":"https:\/\/dicodusport.fr\/blog\/esteban-ocon-pas-un-reve-mais-un-objectif-monter-sur-le-podium\/#breadcrumb","itemListElement":[{"@type":"ListItem","position":1,"name":"Accueil","item":"https:\/\/dicodusport.fr\/blog\/"},{"@type":"ListItem","position":2,"name":"Esteban Ocon : \u00ab\u00a0Je n&rsquo;ai pas un r\u00eave, mais un objectif : monter sur le podium\u00a0\u00bb"}]},{"@type":"WebSite","@id":"https:\/\/dicodusport.fr\/blog\/#website","url":"https:\/\/dicodusport.fr\/blog\/","name":"Dicodusport","description":"L&#039;encyclop\u00e9die de l&#039;actualit\u00e9 sportive","publisher":{"@id":"https:\/\/dicodusport.fr\/blog\/#organization"},"potentialAction":[{"@type":"SearchAction","target":{"@type":"EntryPoint","urlTemplate":"https:\/\/dicodusport.fr\/blog\/?s={search_term_string}"},"query-input":{"@type":"PropertyValueSpecification","valueRequired":true,"valueName":"search_term_string"}}],"inLanguage":"fr-FR"},{"@type":"NewsMediaOrganization","@id":"https:\/\/dicodusport.fr\/blog\/#organization","name":"Dicodusport","url":"https:\/\/dicodusport.fr\/blog\/","logo":{"@type":"ImageObject","inLanguage":"fr-FR","@id":"https:\/\/dicodusport.fr\/blog\/#\/schema\/logo\/image\/","url":"https:\/\/dicodusport.fr\/blog\/wp-content\/uploads\/2020\/06\/cropped-LOGO-DICODUSPORT-2020-SANS-FOND-SANS-TEXTE.png","contentUrl":"https:\/\/dicodusport.fr\/blog\/wp-content\/uploads\/2020\/06\/cropped-LOGO-DICODUSPORT-2020-SANS-FOND-SANS-TEXTE.png","width":512,"height":512,"caption":"Dicodusport"},"image":{"@id":"https:\/\/dicodusport.fr\/blog\/#\/schema\/logo\/image\/"},"sameAs":["https:\/\/www.facebook.com\/dicodusport","https:\/\/x.com\/dicodusport","https:\/\/www.instagram.com\/dicodusport\/","https:\/\/www.youtube.com\/channel\/UC7V2KZ5sd3htJivAbA4ZG3w"],"description":"Dicodusport est l'encyclop\u00e9die de l'actualit\u00e9 sportive.","email":"bonjour@dicodusport.fr","legalName":"DICODUSPORT","foundingDate":"2018-01-14","vatID":"FR71834470973","taxID":"83447097300043","numberOfEmployees":{"@type":"QuantitativeValue","minValue":"1","maxValue":"10"}},{"@type":"Person","@id":"https:\/\/dicodusport.fr\/blog\/#\/schema\/person\/55dcb50ad410894e431ed812bbb70191","name":"Nicolas Jacquemard","image":{"@type":"ImageObject","inLanguage":"fr-FR","@id":"https:\/\/dicodusport.fr\/blog\/#\/schema\/person\/image\/","url":"https:\/\/dicodusport.fr\/blog\/wp-content\/uploads\/2021\/05\/Nicolas-Jacquemard-150x150.jpeg","contentUrl":"https:\/\/dicodusport.fr\/blog\/wp-content\/uploads\/2021\/05\/Nicolas-Jacquemard-150x150.jpeg","caption":"Nicolas Jacquemard"},"description":"Passionn\u00e9 de sport et entrepreneur depuis mes 18 ans, la cr\u00e9ation de Dicodusport m'a sembl\u00e9 \u00e9vidente pour participer \u00e0 la m\u00e9diatisation d'un plus grand nombre de sports. Le chemin est long mais avec une \u00e9quipe des plus motiv\u00e9es et les Jeux Olympiques de Paris 2024 en point de mire, nous y arriverons ! Journaliste dans le monde du sport depuis plus de 5 ans, je traite aussi bien de football, de rugby, de biathlon que de cyclisme.","sameAs":["https:\/\/www.facebook.com\/dicodusport","https:\/\/x.com\/https:\/\/twitter.com\/Nico_Jacquemard"],"url":"https:\/\/dicodusport.fr\/blog\/author\/dicodusport\/"}]}},"_links":{"self":[{"href":"https:\/\/dicodusport.fr\/blog\/wp-json\/wp\/v2\/posts\/65622","targetHints":{"allow":["GET"]}}],"collection":[{"href":"https:\/\/dicodusport.fr\/blog\/wp-json\/wp\/v2\/posts"}],"about":[{"href":"https:\/\/dicodusport.fr\/blog\/wp-json\/wp\/v2\/types\/post"}],"author":[{"embeddable":true,"href":"https:\/\/dicodusport.fr\/blog\/wp-json\/wp\/v2\/users\/1"}],"replies":[{"embeddable":true,"href":"https:\/\/dicodusport.fr\/blog\/wp-json\/wp\/v2\/comments?post=65622"}],"version-history":[{"count":0,"href":"https:\/\/dicodusport.fr\/blog\/wp-json\/wp\/v2\/posts\/65622\/revisions"}],"wp:featuredmedia":[{"embeddable":true,"href":"https:\/\/dicodusport.fr\/blog\/wp-json\/wp\/v2\/media\/65627"}],"wp:attachment":[{"href":"https:\/\/dicodusport.fr\/blog\/wp-json\/wp\/v2\/media?parent=65622"}],"wp:term":[{"taxonomy":"category","embeddable":true,"href":"https:\/\/dicodusport.fr\/blog\/wp-json\/wp\/v2\/categories?post=65622"},{"taxonomy":"post_tag","embeddable":true,"href":"https:\/\/dicodusport.fr\/blog\/wp-json\/wp\/v2\/tags?post=65622"}],"curies":[{"name":"wp","href":"https:\/\/api.w.org\/{rel}","templated":true}]}}