{"id":656490,"date":"2026-03-18T17:04:49","date_gmt":"2026-03-18T16:04:49","guid":{"rendered":"https:\/\/dicodusport.fr\/blog\/?p=656490&#038;preview=true&#038;preview_id=656490"},"modified":"2026-03-18T17:04:49","modified_gmt":"2026-03-18T16:04:49","slug":"grand-prix-de-denain-2026-a-quelle-heure-et-sur-quelle-chaine-tv-suivre-la-course-en-direct","status":"publish","type":"post","link":"https:\/\/dicodusport.fr\/blog\/grand-prix-de-denain-2026-a-quelle-heure-et-sur-quelle-chaine-tv-suivre-la-course-en-direct\/","title":{"rendered":"Grand Prix de Denain 2026 : \u00e0 quelle heure et sur quelle cha\u00eene TV suivre la course en direct"},"content":{"rendered":"<p style=\"text-align: justify;\"><em><strong>GP de Denain 2026 : d\u00e9couvrez \u00e0 quelle heure et sur quelle cha\u00eene TV suivre la course en direct, avec diffusion \u00e0 la t\u00e9l\u00e9vision et en streaming pour ne rien manquer de la classique nordiste.<\/strong><\/em><\/p>\n<ul>\n<li style=\"text-align: justify;\"><strong>\u00c0 ce sujet \u2013\u00a0<a href=\"https:\/\/dicodusport.fr\/blog\/actualites\/cyclisme\/\">L\u2019actualit\u00e9 du cyclisme<\/a><\/strong><\/li>\n<\/ul>\n<p style=\"text-align: justify;\">Le <strong>Grand Prix de Denain \u2013 Porte du Hainaut 2026<\/strong> se dispute ce jeudi 19 mars et s\u2019annonce une nouvelle fois comme l\u2019un des rendez-vous majeurs du d\u00e9but de saison pour les amateurs de classiques pav\u00e9es. Int\u00e9gr\u00e9e au calendrier <strong>UCI ProSeries<\/strong> et \u00e0 la <strong>Coupe de France FDJ United Series<\/strong>, l\u2019\u00e9preuve nordiste constitue une \u00e9tape importante avant les grandes courses flandriennes du printemps.<\/p>\n<ul>\n<li style=\"text-align: justify;\"><strong>\u00c0 ce sujet &#8211; <a href=\"https:\/\/dicodusport.fr\/blog\/calendrier-fdj-united-series-2026-toutes-les-courses-et-dates\/\">Calendrier FDJ United Series 2026 : toutes les courses et dates<\/a><\/strong><\/li>\n<li style=\"text-align: justify;\"><strong>\u00c0 ce sujet &#8211; <a href=\"https:\/\/dicodusport.fr\/blog\/fdj-united-series-2026-classement-general-mis-a-jour\/\">FDJ United Series 2026 : Classement g\u00e9n\u00e9ral mis \u00e0 jour<\/a><\/strong><\/li>\n<\/ul>\n<h2 style=\"text-align: justify;\"><strong>Grand Prix de Denain 2026 : une classique pav\u00e9e spectaculaire au c\u0153ur du Nord<\/strong><\/h2>\n<p style=\"text-align: justify;\">Longue de <strong>200,4 kilom\u00e8tres<\/strong>, la course proposera un parcours particuli\u00e8rement exigeant autour de Denain, avec pas moins de <strong>13 secteurs pav\u00e9s<\/strong> totalisant pr\u00e8s de 23 kilom\u00e8tres. Ces tron\u00e7ons, souvent \u00e9troits et techniques, devraient une nouvelle fois jouer un r\u00f4le d\u00e9terminant dans le sc\u00e9nario de course. Le dernier secteur pav\u00e9, plac\u00e9 \u00e0 une dizaine de kilom\u00e8tres de l\u2019arriv\u00e9e, pourrait notamment servir de tremplin aux attaques des coureurs les plus offensifs.<\/p>\n<p style=\"text-align: justify;\">Cette \u00e9dition 2026 r\u00e9unira \u00e9galement un plateau particuli\u00e8rement solide. Plusieurs \u00e9quipes de premier plan seront pr\u00e9sentes, parmi lesquelles <strong>UAE Team Emirates XRG, Alpecin-Premier Tech, Bahrain Victorious, Team Visma | Lease a Bike, Decathlon CMA CGM<\/strong> ou encore <strong>Groupama-FDJ<\/strong>. Un casting qui promet une course anim\u00e9e entre sp\u00e9cialistes des pav\u00e9s, sprinteurs puissants et baroudeurs capables de faire la diff\u00e9rence dans les secteurs les plus exigeants.<\/p>\n<ul>\n<li style=\"text-align: justify;\"><strong>\u00c0 ce sujet \u2013\u00a0<a href=\"https:\/\/dicodusport.fr\/blog\/grand-prix-de-denain-2026-la-startlist-complete-et-les-favoris-de-la-course\/\">Grand Prix de Denain 2026 : la startlist compl\u00e8te et les favoris de la course<\/a><\/strong><\/li>\n<\/ul>\n<p style=\"text-align: justify;\">Avec ses routes expos\u00e9es au vent, ses passages pav\u00e9s et un final souvent nerveux, le Grand Prix de Denain offre r\u00e9guli\u00e8rement un spectacle intense. V\u00e9ritable r\u00e9p\u00e9tition g\u00e9n\u00e9rale avant les grandes classiques du Nord, l\u2019\u00e9preuve constitue un terrain d\u2019expression id\u00e9al pour les coureurs en qu\u00eate de rep\u00e8res \u00e0 l\u2019approche des rendez-vous majeurs du printemps.<\/p>\n<p style=\"text-align: justify;\">Les passionn\u00e9s de cyclisme pourront ainsi suivre cette classique fran\u00e7aise en direct afin de ne rien manquer d\u2019une course qui promet, une fois encore, du mouvement et du suspense sur les routes du Nord.<\/p>\n<div class=\"vlp-link-container vlp-layout-article\"><a href=\"https:\/\/dicodusport.fr\/blog\/grand-prix-de-denain-2026-decouvrez-le-parcours-le-profil-et-les-13-secteurs-paves-de-lepreuve-nordiste\/\" class=\"vlp-link\" title=\"Grand Prix de Denain 2026 : d\u00e9couvrez le parcours, le profil et les 13 secteurs pav\u00e9s de l&#039;\u00e9preuve nordiste\"><\/a><div class=\"vlp-layout-zone-side\"><div class=\"vlp-block-4 vlp-link-image\"><img loading=\"lazy\" decoding=\"async\" style=\"max-width: 792px;\" width=\"792\" height=\"445\" src=\"https:\/\/dicodusport.fr\/blog\/wp-content\/uploads\/2026\/03\/Grand-Prix-de-Denain-2026-decouvrez-le-parcours-le-profil-et-les-13-secteurs-paves-de-lepreuve-nordiste.png\" class=\"attachment-800x445 size-800x445\" alt=\"Grand Prix de Denain 2026 d\u00e9couvrez le parcours, le profil et les 13 secteurs pav\u00e9s de l&#039;\u00e9preuve nordiste\" srcset=\"https:\/\/dicodusport.fr\/blog\/wp-content\/uploads\/2026\/03\/Grand-Prix-de-Denain-2026-decouvrez-le-parcours-le-profil-et-les-13-secteurs-paves-de-lepreuve-nordiste.png 1200w, https:\/\/dicodusport.fr\/blog\/wp-content\/uploads\/2026\/03\/Grand-Prix-de-Denain-2026-decouvrez-le-parcours-le-profil-et-les-13-secteurs-paves-de-lepreuve-nordiste-300x169.png 300w, https:\/\/dicodusport.fr\/blog\/wp-content\/uploads\/2026\/03\/Grand-Prix-de-Denain-2026-decouvrez-le-parcours-le-profil-et-les-13-secteurs-paves-de-lepreuve-nordiste-1024x575.png 1024w, https:\/\/dicodusport.fr\/blog\/wp-content\/uploads\/2026\/03\/Grand-Prix-de-Denain-2026-decouvrez-le-parcours-le-profil-et-les-13-secteurs-paves-de-lepreuve-nordiste-768x431.png 768w\" sizes=\"auto, (max-width: 792px) 100vw, 792px\" \/><\/div><\/div><div class=\"vlp-layout-zone-main\"><div class=\"vlp-block-0 vlp-link-title\">Grand Prix de Denain 2026 : d\u00e9couvrez le parcours, le profil et les 13 secteurs pav\u00e9s de l'\u00e9preuve nordiste<\/div><div class=\"vlp-block-1 vlp-link-summary\">Retrouvez le parcours, le profil et les favoris de la 66\u00e8me \u00e9dition du Grand Prix de Denain, qui se d\u00e9roule ce jeudi 20 mars.<\/div><div class=\"vlp-block-2 vlp-link-button\">Lire l'article<\/div><div class=\"vlp-block-3 vlp-link-url\">dicodusport.fr<\/div><\/div><\/div>\n<h2 style=\"text-align: justify;\"><strong>\u00c0 quelle heure et sur quelle cha\u00eene TV suivre le GP de Denain 2026 en direct ?<\/strong><\/h2>\n<p style=\"text-align: justify;\">La 67e \u00e9dition du <strong>Grand Prix de Denain \u2013 Porte du Hainaut<\/strong> b\u00e9n\u00e9ficiera d\u2019une diffusion t\u00e9l\u00e9vis\u00e9e et num\u00e9rique afin de permettre aux amateurs de cyclisme de suivre la course en direct. Cette classique nordiste, r\u00e9put\u00e9e pour ses nombreux secteurs pav\u00e9s et son final souvent anim\u00e9, sera accessible aussi bien \u00e0 la t\u00e9l\u00e9vision qu\u2019en streaming.<\/p>\n<p style=\"text-align: justify;\">Les images de la course seront propos\u00e9es d\u00e8s <strong>14h00<\/strong> sur <strong>Eurosport 2<\/strong> ainsi que sur la plateforme de streaming <strong>HBO Max<\/strong>. Les t\u00e9l\u00e9spectateurs pourront \u00e9galement regarder l\u2019\u00e9preuve en clair sur la <strong>TNT<\/strong>, via la cha\u00eene <strong>Novo 19<\/strong>, diffuseur officiel des manches de la <strong>Coupe de France de cyclisme 2026<\/strong>.<\/p>\n<p style=\"text-align: justify;\">Une occasion id\u00e9ale de suivre en direct cette course embl\u00e9matique du calendrier fran\u00e7ais, dont les secteurs pav\u00e9s et le final nerveux offrent r\u00e9guli\u00e8rement un spectacle intense aux suiveurs de la petite reine.<\/p>\n<h2 style=\"text-align: justify;\"><strong>Palmar\u00e8s r\u00e9cent du GP de Denain\u00a0<\/strong><\/h2>\n<p style=\"text-align: justify;\"><strong>2025 :<\/strong> Matthew Brennan &#8211; <a href=\"https:\/\/dicodusport.fr\/blog\/grand-prix-de-denain-2025-classement-et-resultats\/\"><em>Classement<\/em><\/a><\/p>\n<p style=\"text-align: justify;\"><strong>2024 :<\/strong> Jannik Steimle &#8211; <a href=\"https:\/\/dicodusport.fr\/blog\/classement-grand-prix-de-denain-2024\/\"><em>Classement<\/em><\/a><\/p>\n<p style=\"text-align: justify;\"><strong>2023 :<\/strong> Juan Sebasti\u00e1n Molano &#8211; <a href=\"https:\/\/dicodusport.fr\/blog\/classement-grand-prix-de-denain-2023\/\"><em>Classement<\/em><\/a><\/p>\n<p style=\"text-align: justify;\"><strong>2022 :<\/strong> Max Walscheid &#8211; <a href=\"https:\/\/dicodusport.fr\/blog\/grand-prix-de-denain-2022-classement\/\"><em>Classement<\/em><\/a><\/p>\n<p style=\"text-align: justify;\"><strong>2021 :<\/strong> Jasper Philipsen &#8211; <a href=\"https:\/\/dicodusport.fr\/blog\/grand-prix-de-denain-2021-le-classement\/\"><em>Classement<\/em><\/a><\/p>\n<p style=\"text-align: justify;\"><strong>2019 :<\/strong> Mathieu van der Poel<\/p>\n<p style=\"text-align: justify;\"><strong>2018 :<\/strong> Kenny Dehaes<\/p>\n<p style=\"text-align: justify;\"><strong>2017 :<\/strong> Arnaud D\u00e9mare<\/p>\n<p style=\"text-align: justify;\"><strong>2016 :<\/strong> Daniel McLay<\/p>\n<p style=\"text-align: justify;\"><strong>2015 :<\/strong> Nacer Bouhanni<\/p>\n","protected":false},"excerpt":{"rendered":"<p>GP de Denain 2026 : d\u00e9couvrez \u00e0 quelle heure et sur quelle cha\u00eene TV suivre la course en direct, avec diffusion \u00e0 la t\u00e9l\u00e9vision et en streaming pour ne rien manquer de la classique nordiste.<\/p>\n","protected":false},"author":4,"featured_media":656508,"comment_status":"open","ping_status":"closed","sticky":false,"template":"","format":"standard","meta":{"_acf_changed":false,"_daextam_enable_autolinks":"1","footnotes":""},"categories":[44295,46994],"tags":[32415,16878,574,11197,19377],"class_list":["post-656490","post","type-post","status-publish","format-standard","has-post-thumbnail","hentry","category-chaine-tv","category-cyclisme-sur-route","tag-actu","tag-breve","tag-cyclisme","tag-cyclisme-sur-route","tag-grand-prix-de-denain"],"acf":[],"yoast_head":"<!-- This site is optimized with the Yoast SEO Premium plugin v26.7 (Yoast SEO v26.7) - https:\/\/yoast.com\/wordpress\/plugins\/seo\/ -->\n<title>Grand Prix de Denain 2026 : \u00e0 quelle heure et sur quelle cha\u00eene TV suivre la course en direct<\/title>\n<meta name=\"description\" content=\"GP de Denain 2026 : d\u00e9couvrez \u00e0 quelle heure et sur quelle cha\u00eene TV suivre la course en direct, avec diffusion \u00e0 la t\u00e9l\u00e9vision et en streaming pour ne rien manquer de la classique nordiste.\" \/>\n<meta name=\"robots\" content=\"index, follow, max-snippet:-1, max-image-preview:large, max-video-preview:-1\" \/>\n<link rel=\"canonical\" href=\"https:\/\/dicodusport.fr\/blog\/grand-prix-de-denain-2026-a-quelle-heure-et-sur-quelle-chaine-tv-suivre-la-course-en-direct\/\" \/>\n<meta property=\"og:locale\" content=\"fr_FR\" \/>\n<meta property=\"og:type\" content=\"article\" \/>\n<meta property=\"og:title\" content=\"Grand Prix de Denain 2026 : \u00e0 quelle heure et sur quelle cha\u00eene TV suivre la course en direct\" \/>\n<meta property=\"og:description\" content=\"GP de Denain 2026 : d\u00e9couvrez \u00e0 quelle heure et sur quelle cha\u00eene TV suivre la course en direct, avec diffusion \u00e0 la t\u00e9l\u00e9vision et en streaming pour ne rien manquer de la classique nordiste.\" \/>\n<meta property=\"og:url\" content=\"https:\/\/dicodusport.fr\/blog\/grand-prix-de-denain-2026-a-quelle-heure-et-sur-quelle-chaine-tv-suivre-la-course-en-direct\/\" \/>\n<meta property=\"og:site_name\" content=\"Dicodusport\" \/>\n<meta property=\"article:publisher\" content=\"https:\/\/www.facebook.com\/dicodusport\" \/>\n<meta property=\"article:author\" content=\"https:\/\/www.facebook.com\/florent.ostermann\" \/>\n<meta property=\"article:published_time\" content=\"2026-03-18T16:04:49+00:00\" \/>\n<meta property=\"og:image\" content=\"https:\/\/dicodusport.fr\/blog\/wp-content\/uploads\/2026\/03\/Grand-Prix-de-Denain-2026-a-quelle-heure-et-sur-quelle-chaine-TV-suivre-la-course-en-direct.png\" \/>\n\t<meta property=\"og:image:width\" content=\"1200\" \/>\n\t<meta property=\"og:image:height\" content=\"674\" \/>\n\t<meta property=\"og:image:type\" content=\"image\/png\" \/>\n<meta name=\"author\" content=\"Flo Ostermann\" \/>\n<meta name=\"twitter:card\" content=\"summary_large_image\" \/>\n<meta name=\"twitter:title\" content=\"Grand Prix de Denain 2026 : \u00e0 quelle heure et sur quelle cha\u00eene TV suivre la course en direct\" \/>\n<meta name=\"twitter:creator\" content=\"@https:\/\/twitter.com\/FlOstermann\" \/>\n<meta name=\"twitter:site\" content=\"@dicodusport\" \/>\n<script type=\"application\/ld+json\" class=\"yoast-schema-graph\">{\"@context\":\"https:\/\/schema.org\",\"@graph\":[{\"@type\":\"NewsArticle\",\"@id\":\"https:\/\/dicodusport.fr\/blog\/grand-prix-de-denain-2026-a-quelle-heure-et-sur-quelle-chaine-tv-suivre-la-course-en-direct\/#article\",\"isPartOf\":{\"@id\":\"https:\/\/dicodusport.fr\/blog\/grand-prix-de-denain-2026-a-quelle-heure-et-sur-quelle-chaine-tv-suivre-la-course-en-direct\/\"},\"author\":{\"name\":\"Flo Ostermann\",\"@id\":\"https:\/\/dicodusport.fr\/blog\/#\/schema\/person\/cb02af4c173ce4a653b55e9baf388d4a\"},\"headline\":\"Grand Prix de Denain 2026 : \u00e0 quelle heure et sur quelle cha\u00eene TV suivre la course en direct\",\"datePublished\":\"2026-03-18T16:04:49+00:00\",\"mainEntityOfPage\":{\"@id\":\"https:\/\/dicodusport.fr\/blog\/grand-prix-de-denain-2026-a-quelle-heure-et-sur-quelle-chaine-tv-suivre-la-course-en-direct\/\"},\"wordCount\":727,\"commentCount\":0,\"publisher\":{\"@id\":\"https:\/\/dicodusport.fr\/blog\/#organization\"},\"image\":{\"@id\":\"https:\/\/dicodusport.fr\/blog\/grand-prix-de-denain-2026-a-quelle-heure-et-sur-quelle-chaine-tv-suivre-la-course-en-direct\/#primaryimage\"},\"thumbnailUrl\":\"https:\/\/dicodusport.fr\/blog\/wp-content\/uploads\/2026\/03\/Grand-Prix-de-Denain-2026-a-quelle-heure-et-sur-quelle-chaine-TV-suivre-la-course-en-direct.png\",\"keywords\":[\"actu\",\"br\u00e8ve\",\"Cyclisme\",\"Cyclisme sur route\",\"Grand Prix de Denain\"],\"articleSection\":[\"Cha\u00eene TV\",\"Cyclisme sur route\"],\"inLanguage\":\"fr-FR\",\"potentialAction\":[{\"@type\":\"CommentAction\",\"name\":\"Comment\",\"target\":[\"https:\/\/dicodusport.fr\/blog\/grand-prix-de-denain-2026-a-quelle-heure-et-sur-quelle-chaine-tv-suivre-la-course-en-direct\/#respond\"]}],\"copyrightYear\":\"2026\",\"copyrightHolder\":{\"@id\":\"https:\/\/dicodusport.fr\/blog\/#organization\"}},{\"@type\":\"WebPage\",\"@id\":\"https:\/\/dicodusport.fr\/blog\/grand-prix-de-denain-2026-a-quelle-heure-et-sur-quelle-chaine-tv-suivre-la-course-en-direct\/\",\"url\":\"https:\/\/dicodusport.fr\/blog\/grand-prix-de-denain-2026-a-quelle-heure-et-sur-quelle-chaine-tv-suivre-la-course-en-direct\/\",\"name\":\"Grand Prix de Denain 2026 : \u00e0 quelle heure et sur quelle cha\u00eene TV suivre la course en direct\",\"isPartOf\":{\"@id\":\"https:\/\/dicodusport.fr\/blog\/#website\"},\"primaryImageOfPage\":{\"@id\":\"https:\/\/dicodusport.fr\/blog\/grand-prix-de-denain-2026-a-quelle-heure-et-sur-quelle-chaine-tv-suivre-la-course-en-direct\/#primaryimage\"},\"image\":{\"@id\":\"https:\/\/dicodusport.fr\/blog\/grand-prix-de-denain-2026-a-quelle-heure-et-sur-quelle-chaine-tv-suivre-la-course-en-direct\/#primaryimage\"},\"thumbnailUrl\":\"https:\/\/dicodusport.fr\/blog\/wp-content\/uploads\/2026\/03\/Grand-Prix-de-Denain-2026-a-quelle-heure-et-sur-quelle-chaine-TV-suivre-la-course-en-direct.png\",\"datePublished\":\"2026-03-18T16:04:49+00:00\",\"description\":\"GP de Denain 2026 : d\u00e9couvrez \u00e0 quelle heure et sur quelle cha\u00eene TV suivre la course en direct, avec diffusion \u00e0 la t\u00e9l\u00e9vision et en streaming pour ne rien manquer de la classique nordiste.\",\"breadcrumb\":{\"@id\":\"https:\/\/dicodusport.fr\/blog\/grand-prix-de-denain-2026-a-quelle-heure-et-sur-quelle-chaine-tv-suivre-la-course-en-direct\/#breadcrumb\"},\"inLanguage\":\"fr-FR\",\"potentialAction\":[{\"@type\":\"ReadAction\",\"target\":[\"https:\/\/dicodusport.fr\/blog\/grand-prix-de-denain-2026-a-quelle-heure-et-sur-quelle-chaine-tv-suivre-la-course-en-direct\/\"]}]},{\"@type\":\"ImageObject\",\"inLanguage\":\"fr-FR\",\"@id\":\"https:\/\/dicodusport.fr\/blog\/grand-prix-de-denain-2026-a-quelle-heure-et-sur-quelle-chaine-tv-suivre-la-course-en-direct\/#primaryimage\",\"url\":\"https:\/\/dicodusport.fr\/blog\/wp-content\/uploads\/2026\/03\/Grand-Prix-de-Denain-2026-a-quelle-heure-et-sur-quelle-chaine-TV-suivre-la-course-en-direct.png\",\"contentUrl\":\"https:\/\/dicodusport.fr\/blog\/wp-content\/uploads\/2026\/03\/Grand-Prix-de-Denain-2026-a-quelle-heure-et-sur-quelle-chaine-TV-suivre-la-course-en-direct.png\",\"width\":1200,\"height\":674,\"caption\":\"Grand Prix de Denain 2026 \u00e0 quelle heure et sur quelle cha\u00eene TV suivre la course en direct\"},{\"@type\":\"BreadcrumbList\",\"@id\":\"https:\/\/dicodusport.fr\/blog\/grand-prix-de-denain-2026-a-quelle-heure-et-sur-quelle-chaine-tv-suivre-la-course-en-direct\/#breadcrumb\",\"itemListElement\":[{\"@type\":\"ListItem\",\"position\":1,\"name\":\"Accueil\",\"item\":\"https:\/\/dicodusport.fr\/blog\/\"},{\"@type\":\"ListItem\",\"position\":2,\"name\":\"Grand Prix de Denain 2026 : \u00e0 quelle heure et sur quelle cha\u00eene TV suivre la course en direct\"}]},{\"@type\":\"WebSite\",\"@id\":\"https:\/\/dicodusport.fr\/blog\/#website\",\"url\":\"https:\/\/dicodusport.fr\/blog\/\",\"name\":\"Dicodusport\",\"description\":\"L&#039;encyclop\u00e9die de l&#039;actualit\u00e9 sportive\",\"publisher\":{\"@id\":\"https:\/\/dicodusport.fr\/blog\/#organization\"},\"potentialAction\":[{\"@type\":\"SearchAction\",\"target\":{\"@type\":\"EntryPoint\",\"urlTemplate\":\"https:\/\/dicodusport.fr\/blog\/?s={search_term_string}\"},\"query-input\":{\"@type\":\"PropertyValueSpecification\",\"valueRequired\":true,\"valueName\":\"search_term_string\"}}],\"inLanguage\":\"fr-FR\"},{\"@type\":\"NewsMediaOrganization\",\"@id\":\"https:\/\/dicodusport.fr\/blog\/#organization\",\"name\":\"Dicodusport\",\"url\":\"https:\/\/dicodusport.fr\/blog\/\",\"logo\":{\"@type\":\"ImageObject\",\"inLanguage\":\"fr-FR\",\"@id\":\"https:\/\/dicodusport.fr\/blog\/#\/schema\/logo\/image\/\",\"url\":\"https:\/\/dicodusport.fr\/blog\/wp-content\/uploads\/2020\/06\/cropped-LOGO-DICODUSPORT-2020-SANS-FOND-SANS-TEXTE.png\",\"contentUrl\":\"https:\/\/dicodusport.fr\/blog\/wp-content\/uploads\/2020\/06\/cropped-LOGO-DICODUSPORT-2020-SANS-FOND-SANS-TEXTE.png\",\"width\":512,\"height\":512,\"caption\":\"Dicodusport\"},\"image\":{\"@id\":\"https:\/\/dicodusport.fr\/blog\/#\/schema\/logo\/image\/\"},\"sameAs\":[\"https:\/\/www.facebook.com\/dicodusport\",\"https:\/\/x.com\/dicodusport\",\"https:\/\/www.instagram.com\/dicodusport\/\",\"https:\/\/www.youtube.com\/channel\/UC7V2KZ5sd3htJivAbA4ZG3w\"],\"description\":\"Dicodusport est l'encyclop\u00e9die de l'actualit\u00e9 sportive.\",\"email\":\"bonjour@dicodusport.fr\",\"legalName\":\"DICODUSPORT\",\"foundingDate\":\"2018-01-14\",\"vatID\":\"FR71834470973\",\"taxID\":\"83447097300043\",\"numberOfEmployees\":{\"@type\":\"QuantitativeValue\",\"minValue\":\"1\",\"maxValue\":\"10\"}},{\"@type\":\"Person\",\"@id\":\"https:\/\/dicodusport.fr\/blog\/#\/schema\/person\/cb02af4c173ce4a653b55e9baf388d4a\",\"name\":\"Flo Ostermann\",\"image\":{\"@type\":\"ImageObject\",\"inLanguage\":\"fr-FR\",\"@id\":\"https:\/\/dicodusport.fr\/blog\/#\/schema\/person\/image\/\",\"url\":\"https:\/\/dicodusport.fr\/blog\/wp-content\/uploads\/2021\/05\/Flo-Ostermann-150x150.jpg\",\"contentUrl\":\"https:\/\/dicodusport.fr\/blog\/wp-content\/uploads\/2021\/05\/Flo-Ostermann-150x150.jpg\",\"caption\":\"Flo Ostermann\"},\"description\":\"Journaliste\/R\u00e9dacteur depuis septembre 2015 - Mes premiers souvenirs dans le sport ? Les envol\u00e9es du Stade Toulousain et les duels Villeneuve-Schumacher et H\u00e4kkinen-Schumacher \u00e0 la fin des ann\u00e9es 90, la Coupe du monde de football en 1998, l\u2019exploit du XV de France face aux All Blacks en 1999, mais aussi Richard C\u0153ur de Lion qui vole sur les montagnes du Tour de France. Bien parti pour devenir professeur d\u2019EPS, les \u00e9v\u00e9nements de la vie (et la flemme d\u2019animer des s\u00e9ances de 3x500 m\u00e8tres toute ma vie) m\u2019ont conduit \u00e0 revoir mes plans. Me voil\u00e0 depuis fin 2017 sur Dicodusport, m\u00e9dia gr\u00e2ce (et pour) lequel je partage ma passion : le sport dans tous ses \u00e9tats. Le tout accompagn\u00e9 par les fous furieux et folles furieuses cit\u00e9s sur cette page !\",\"sameAs\":[\"https:\/\/www.facebook.com\/florent.ostermann\",\"https:\/\/x.com\/https:\/\/twitter.com\/FlOstermann\",\"admin\"],\"url\":\"https:\/\/dicodusport.fr\/blog\/author\/flo\/\"}]}<\/script>\n<!-- \/ Yoast SEO Premium plugin. -->","yoast_head_json":{"title":"Grand Prix de Denain 2026 : \u00e0 quelle heure et sur quelle cha\u00eene TV suivre la course en direct","description":"GP de Denain 2026 : d\u00e9couvrez \u00e0 quelle heure et sur quelle cha\u00eene TV suivre la course en direct, avec diffusion \u00e0 la t\u00e9l\u00e9vision et en streaming pour ne rien manquer de la classique nordiste.","robots":{"index":"index","follow":"follow","max-snippet":"max-snippet:-1","max-image-preview":"max-image-preview:large","max-video-preview":"max-video-preview:-1"},"canonical":"https:\/\/dicodusport.fr\/blog\/grand-prix-de-denain-2026-a-quelle-heure-et-sur-quelle-chaine-tv-suivre-la-course-en-direct\/","og_locale":"fr_FR","og_type":"article","og_title":"Grand Prix de Denain 2026 : \u00e0 quelle heure et sur quelle cha\u00eene TV suivre la course en direct","og_description":"GP de Denain 2026 : d\u00e9couvrez \u00e0 quelle heure et sur quelle cha\u00eene TV suivre la course en direct, avec diffusion \u00e0 la t\u00e9l\u00e9vision et en streaming pour ne rien manquer de la classique nordiste.","og_url":"https:\/\/dicodusport.fr\/blog\/grand-prix-de-denain-2026-a-quelle-heure-et-sur-quelle-chaine-tv-suivre-la-course-en-direct\/","og_site_name":"Dicodusport","article_publisher":"https:\/\/www.facebook.com\/dicodusport","article_author":"https:\/\/www.facebook.com\/florent.ostermann","article_published_time":"2026-03-18T16:04:49+00:00","og_image":[{"width":1200,"height":674,"url":"https:\/\/dicodusport.fr\/blog\/wp-content\/uploads\/2026\/03\/Grand-Prix-de-Denain-2026-a-quelle-heure-et-sur-quelle-chaine-TV-suivre-la-course-en-direct.png","type":"image\/png"}],"author":"Flo Ostermann","twitter_card":"summary_large_image","twitter_title":"Grand Prix de Denain 2026 : \u00e0 quelle heure et sur quelle cha\u00eene TV suivre la course en direct","twitter_creator":"@https:\/\/twitter.com\/FlOstermann","twitter_site":"@dicodusport","schema":{"@context":"https:\/\/schema.org","@graph":[{"@type":"NewsArticle","@id":"https:\/\/dicodusport.fr\/blog\/grand-prix-de-denain-2026-a-quelle-heure-et-sur-quelle-chaine-tv-suivre-la-course-en-direct\/#article","isPartOf":{"@id":"https:\/\/dicodusport.fr\/blog\/grand-prix-de-denain-2026-a-quelle-heure-et-sur-quelle-chaine-tv-suivre-la-course-en-direct\/"},"author":{"name":"Flo Ostermann","@id":"https:\/\/dicodusport.fr\/blog\/#\/schema\/person\/cb02af4c173ce4a653b55e9baf388d4a"},"headline":"Grand Prix de Denain 2026 : \u00e0 quelle heure et sur quelle cha\u00eene TV suivre la course en direct","datePublished":"2026-03-18T16:04:49+00:00","mainEntityOfPage":{"@id":"https:\/\/dicodusport.fr\/blog\/grand-prix-de-denain-2026-a-quelle-heure-et-sur-quelle-chaine-tv-suivre-la-course-en-direct\/"},"wordCount":727,"commentCount":0,"publisher":{"@id":"https:\/\/dicodusport.fr\/blog\/#organization"},"image":{"@id":"https:\/\/dicodusport.fr\/blog\/grand-prix-de-denain-2026-a-quelle-heure-et-sur-quelle-chaine-tv-suivre-la-course-en-direct\/#primaryimage"},"thumbnailUrl":"https:\/\/dicodusport.fr\/blog\/wp-content\/uploads\/2026\/03\/Grand-Prix-de-Denain-2026-a-quelle-heure-et-sur-quelle-chaine-TV-suivre-la-course-en-direct.png","keywords":["actu","br\u00e8ve","Cyclisme","Cyclisme sur route","Grand Prix de Denain"],"articleSection":["Cha\u00eene TV","Cyclisme sur route"],"inLanguage":"fr-FR","potentialAction":[{"@type":"CommentAction","name":"Comment","target":["https:\/\/dicodusport.fr\/blog\/grand-prix-de-denain-2026-a-quelle-heure-et-sur-quelle-chaine-tv-suivre-la-course-en-direct\/#respond"]}],"copyrightYear":"2026","copyrightHolder":{"@id":"https:\/\/dicodusport.fr\/blog\/#organization"}},{"@type":"WebPage","@id":"https:\/\/dicodusport.fr\/blog\/grand-prix-de-denain-2026-a-quelle-heure-et-sur-quelle-chaine-tv-suivre-la-course-en-direct\/","url":"https:\/\/dicodusport.fr\/blog\/grand-prix-de-denain-2026-a-quelle-heure-et-sur-quelle-chaine-tv-suivre-la-course-en-direct\/","name":"Grand Prix de Denain 2026 : \u00e0 quelle heure et sur quelle cha\u00eene TV suivre la course en direct","isPartOf":{"@id":"https:\/\/dicodusport.fr\/blog\/#website"},"primaryImageOfPage":{"@id":"https:\/\/dicodusport.fr\/blog\/grand-prix-de-denain-2026-a-quelle-heure-et-sur-quelle-chaine-tv-suivre-la-course-en-direct\/#primaryimage"},"image":{"@id":"https:\/\/dicodusport.fr\/blog\/grand-prix-de-denain-2026-a-quelle-heure-et-sur-quelle-chaine-tv-suivre-la-course-en-direct\/#primaryimage"},"thumbnailUrl":"https:\/\/dicodusport.fr\/blog\/wp-content\/uploads\/2026\/03\/Grand-Prix-de-Denain-2026-a-quelle-heure-et-sur-quelle-chaine-TV-suivre-la-course-en-direct.png","datePublished":"2026-03-18T16:04:49+00:00","description":"GP de Denain 2026 : d\u00e9couvrez \u00e0 quelle heure et sur quelle cha\u00eene TV suivre la course en direct, avec diffusion \u00e0 la t\u00e9l\u00e9vision et en streaming pour ne rien manquer de la classique nordiste.","breadcrumb":{"@id":"https:\/\/dicodusport.fr\/blog\/grand-prix-de-denain-2026-a-quelle-heure-et-sur-quelle-chaine-tv-suivre-la-course-en-direct\/#breadcrumb"},"inLanguage":"fr-FR","potentialAction":[{"@type":"ReadAction","target":["https:\/\/dicodusport.fr\/blog\/grand-prix-de-denain-2026-a-quelle-heure-et-sur-quelle-chaine-tv-suivre-la-course-en-direct\/"]}]},{"@type":"ImageObject","inLanguage":"fr-FR","@id":"https:\/\/dicodusport.fr\/blog\/grand-prix-de-denain-2026-a-quelle-heure-et-sur-quelle-chaine-tv-suivre-la-course-en-direct\/#primaryimage","url":"https:\/\/dicodusport.fr\/blog\/wp-content\/uploads\/2026\/03\/Grand-Prix-de-Denain-2026-a-quelle-heure-et-sur-quelle-chaine-TV-suivre-la-course-en-direct.png","contentUrl":"https:\/\/dicodusport.fr\/blog\/wp-content\/uploads\/2026\/03\/Grand-Prix-de-Denain-2026-a-quelle-heure-et-sur-quelle-chaine-TV-suivre-la-course-en-direct.png","width":1200,"height":674,"caption":"Grand Prix de Denain 2026 \u00e0 quelle heure et sur quelle cha\u00eene TV suivre la course en direct"},{"@type":"BreadcrumbList","@id":"https:\/\/dicodusport.fr\/blog\/grand-prix-de-denain-2026-a-quelle-heure-et-sur-quelle-chaine-tv-suivre-la-course-en-direct\/#breadcrumb","itemListElement":[{"@type":"ListItem","position":1,"name":"Accueil","item":"https:\/\/dicodusport.fr\/blog\/"},{"@type":"ListItem","position":2,"name":"Grand Prix de Denain 2026 : \u00e0 quelle heure et sur quelle cha\u00eene TV suivre la course en direct"}]},{"@type":"WebSite","@id":"https:\/\/dicodusport.fr\/blog\/#website","url":"https:\/\/dicodusport.fr\/blog\/","name":"Dicodusport","description":"L&#039;encyclop\u00e9die de l&#039;actualit\u00e9 sportive","publisher":{"@id":"https:\/\/dicodusport.fr\/blog\/#organization"},"potentialAction":[{"@type":"SearchAction","target":{"@type":"EntryPoint","urlTemplate":"https:\/\/dicodusport.fr\/blog\/?s={search_term_string}"},"query-input":{"@type":"PropertyValueSpecification","valueRequired":true,"valueName":"search_term_string"}}],"inLanguage":"fr-FR"},{"@type":"NewsMediaOrganization","@id":"https:\/\/dicodusport.fr\/blog\/#organization","name":"Dicodusport","url":"https:\/\/dicodusport.fr\/blog\/","logo":{"@type":"ImageObject","inLanguage":"fr-FR","@id":"https:\/\/dicodusport.fr\/blog\/#\/schema\/logo\/image\/","url":"https:\/\/dicodusport.fr\/blog\/wp-content\/uploads\/2020\/06\/cropped-LOGO-DICODUSPORT-2020-SANS-FOND-SANS-TEXTE.png","contentUrl":"https:\/\/dicodusport.fr\/blog\/wp-content\/uploads\/2020\/06\/cropped-LOGO-DICODUSPORT-2020-SANS-FOND-SANS-TEXTE.png","width":512,"height":512,"caption":"Dicodusport"},"image":{"@id":"https:\/\/dicodusport.fr\/blog\/#\/schema\/logo\/image\/"},"sameAs":["https:\/\/www.facebook.com\/dicodusport","https:\/\/x.com\/dicodusport","https:\/\/www.instagram.com\/dicodusport\/","https:\/\/www.youtube.com\/channel\/UC7V2KZ5sd3htJivAbA4ZG3w"],"description":"Dicodusport est l'encyclop\u00e9die de l'actualit\u00e9 sportive.","email":"bonjour@dicodusport.fr","legalName":"DICODUSPORT","foundingDate":"2018-01-14","vatID":"FR71834470973","taxID":"83447097300043","numberOfEmployees":{"@type":"QuantitativeValue","minValue":"1","maxValue":"10"}},{"@type":"Person","@id":"https:\/\/dicodusport.fr\/blog\/#\/schema\/person\/cb02af4c173ce4a653b55e9baf388d4a","name":"Flo Ostermann","image":{"@type":"ImageObject","inLanguage":"fr-FR","@id":"https:\/\/dicodusport.fr\/blog\/#\/schema\/person\/image\/","url":"https:\/\/dicodusport.fr\/blog\/wp-content\/uploads\/2021\/05\/Flo-Ostermann-150x150.jpg","contentUrl":"https:\/\/dicodusport.fr\/blog\/wp-content\/uploads\/2021\/05\/Flo-Ostermann-150x150.jpg","caption":"Flo Ostermann"},"description":"Journaliste\/R\u00e9dacteur depuis septembre 2015 - Mes premiers souvenirs dans le sport ? Les envol\u00e9es du Stade Toulousain et les duels Villeneuve-Schumacher et H\u00e4kkinen-Schumacher \u00e0 la fin des ann\u00e9es 90, la Coupe du monde de football en 1998, l\u2019exploit du XV de France face aux All Blacks en 1999, mais aussi Richard C\u0153ur de Lion qui vole sur les montagnes du Tour de France. Bien parti pour devenir professeur d\u2019EPS, les \u00e9v\u00e9nements de la vie (et la flemme d\u2019animer des s\u00e9ances de 3x500 m\u00e8tres toute ma vie) m\u2019ont conduit \u00e0 revoir mes plans. Me voil\u00e0 depuis fin 2017 sur Dicodusport, m\u00e9dia gr\u00e2ce (et pour) lequel je partage ma passion : le sport dans tous ses \u00e9tats. Le tout accompagn\u00e9 par les fous furieux et folles furieuses cit\u00e9s sur cette page !","sameAs":["https:\/\/www.facebook.com\/florent.ostermann","https:\/\/x.com\/https:\/\/twitter.com\/FlOstermann","admin"],"url":"https:\/\/dicodusport.fr\/blog\/author\/flo\/"}]}},"_links":{"self":[{"href":"https:\/\/dicodusport.fr\/blog\/wp-json\/wp\/v2\/posts\/656490","targetHints":{"allow":["GET"]}}],"collection":[{"href":"https:\/\/dicodusport.fr\/blog\/wp-json\/wp\/v2\/posts"}],"about":[{"href":"https:\/\/dicodusport.fr\/blog\/wp-json\/wp\/v2\/types\/post"}],"author":[{"embeddable":true,"href":"https:\/\/dicodusport.fr\/blog\/wp-json\/wp\/v2\/users\/4"}],"replies":[{"embeddable":true,"href":"https:\/\/dicodusport.fr\/blog\/wp-json\/wp\/v2\/comments?post=656490"}],"version-history":[{"count":2,"href":"https:\/\/dicodusport.fr\/blog\/wp-json\/wp\/v2\/posts\/656490\/revisions"}],"predecessor-version":[{"id":656510,"href":"https:\/\/dicodusport.fr\/blog\/wp-json\/wp\/v2\/posts\/656490\/revisions\/656510"}],"wp:featuredmedia":[{"embeddable":true,"href":"https:\/\/dicodusport.fr\/blog\/wp-json\/wp\/v2\/media\/656508"}],"wp:attachment":[{"href":"https:\/\/dicodusport.fr\/blog\/wp-json\/wp\/v2\/media?parent=656490"}],"wp:term":[{"taxonomy":"category","embeddable":true,"href":"https:\/\/dicodusport.fr\/blog\/wp-json\/wp\/v2\/categories?post=656490"},{"taxonomy":"post_tag","embeddable":true,"href":"https:\/\/dicodusport.fr\/blog\/wp-json\/wp\/v2\/tags?post=656490"}],"curies":[{"name":"wp","href":"https:\/\/api.w.org\/{rel}","templated":true}]}}