{"id":656542,"date":"2026-03-22T19:46:41","date_gmt":"2026-03-22T18:46:41","guid":{"rendered":"https:\/\/dicodusport.fr\/blog\/?p=656542&#038;preview=true&#038;preview_id=656542"},"modified":"2026-03-22T19:46:48","modified_gmt":"2026-03-22T18:46:48","slug":"grand-prix-du-bresil-motogp-2026-programme-horaires-et-resultats","status":"publish","type":"post","link":"https:\/\/dicodusport.fr\/blog\/grand-prix-du-bresil-motogp-2026-programme-horaires-et-resultats\/","title":{"rendered":"Grand Prix du Br\u00e9sil MotoGP 2026 : Les r\u00e9sultats complets"},"content":{"rendered":"<p style=\"text-align: justify;\"><strong><em>Programme, horaires et r\u00e9sultats du Grand Prix du Br\u00e9sil de MotoGP 2026, deuxi\u00e8me manche du championnat du monde disput\u00e9e sur le circuit de Goi\u00e2nia.<\/em><\/strong><\/p>\n<ul>\n<li style=\"text-align: justify;\"><strong>\u00c0 ce sujet &#8211; <a href=\"https:\/\/dicodusport.fr\/blog\/calendrier-motogp-2026-toutes-les-dates-et-le-programme-complet-de-la-saison\/\">Calendrier MotoGP 2026 : toutes les dates et le programme complet de la saison<\/a><\/strong><\/li>\n<\/ul>\n<p style=\"text-align: justify;\">Le championnat du monde de <strong>MotoGP<\/strong> poursuit son d\u00e9but de saison avec le <strong>Grand Prix du Br\u00e9sil 2026<\/strong>, disput\u00e9 du 20 au 22 mars sur le circuit Ayrton Senna de Goi\u00e2nia. Cette deuxi\u00e8me manche du calendrier est particuli\u00e8rement attendue puisqu\u2019elle marque le grand retour du MotoGP au Br\u00e9sil, un pays passionn\u00e9 de sports m\u00e9caniques qui n\u2019avait plus accueilli la cat\u00e9gorie reine depuis plus de vingt ans.<\/p>\n<p style=\"text-align: justify;\">Comme lors de chaque manche du championnat du monde, les trois cat\u00e9gories seront en piste tout au long du week-end : <strong>Moto3, Moto2 et MotoGP<\/strong>. Les premi\u00e8res s\u00e9ances d\u2019essais libres auront lieu d\u00e8s le vendredi afin de permettre aux \u00e9quipes d\u2019affiner les r\u00e9glages. Le samedi sera consacr\u00e9 aux qualifications et \u00e0 la d\u00e9sormais incontournable <strong>course sprint<\/strong> du MotoGP, avant les courses principales programm\u00e9es le dimanche.<\/p>\n<ul>\n<li style=\"text-align: justify;\"><strong>\u00c0 ce sujet \u2013\u00a0<a href=\"https:\/\/dicodusport.fr\/blog\/motogp-2026-le-classement-du-championnat-du-monde-des-pilotes-mis-a-jour\/\">MotoGP 2026 : le classement du championnat du monde des pilotes mis \u00e0 jour<\/a><\/strong><\/li>\n<\/ul>\n<h2 style=\"text-align: justify;\">Le circuit de Goi\u00e2nia en bref<\/h2>\n<p style=\"text-align: justify;\">Situ\u00e9 dans l\u2019\u00c9tat de Goi\u00e1s, le <strong>circuit de Goi\u00e2nia<\/strong> offre un trac\u00e9 de 3,835 kilom\u00e8tres comprenant douze virages. Rapide et fluide, le parcours m\u00e9lange longues courbes, zones d\u2019acc\u00e9l\u00e9ration et quelques portions techniques qui devraient favoriser les d\u00e9passements. Les pilotes devront rapidement trouver leurs rep\u00e8res sur cette piste exigeante o\u00f9 la gestion des pneus et la pr\u00e9cision dans les encha\u00eenements rapides pourraient faire la diff\u00e9rence. L\u2019atmosph\u00e8re s\u2019annonce \u00e9galement \u00e9lectrique, avec un public br\u00e9silien r\u00e9put\u00e9 pour son enthousiasme et sa ferveur autour des sports m\u00e9caniques.<\/p>\n<div id=\"attachment_656546\" style=\"width: 958px\" class=\"wp-caption aligncenter\"><img loading=\"lazy\" decoding=\"async\" aria-describedby=\"caption-attachment-656546\" class=\"size-full wp-image-656546\" src=\"https:\/\/dicodusport.fr\/blog\/wp-content\/uploads\/2026\/03\/Circuit-de-Goianam-Grand-Prix-du-Bresil-de-MotoGP-2026.png\" alt=\"Circuit de Goi\u00e2nam - Grand Prix du Br\u00e9sil de MotoGP 2026\" width=\"948\" height=\"488\" srcset=\"https:\/\/dicodusport.fr\/blog\/wp-content\/uploads\/2026\/03\/Circuit-de-Goianam-Grand-Prix-du-Bresil-de-MotoGP-2026.png 948w, https:\/\/dicodusport.fr\/blog\/wp-content\/uploads\/2026\/03\/Circuit-de-Goianam-Grand-Prix-du-Bresil-de-MotoGP-2026-300x154.png 300w, https:\/\/dicodusport.fr\/blog\/wp-content\/uploads\/2026\/03\/Circuit-de-Goianam-Grand-Prix-du-Bresil-de-MotoGP-2026-768x395.png 768w\" sizes=\"auto, (max-width: 948px) 100vw, 948px\" \/><p id=\"caption-attachment-656546\" class=\"wp-caption-text\">Circuit de Goi\u00e2nam &#8211; Grand Prix du Br\u00e9sil de MotoGP 2026<\/p><\/div>\n<h2 style=\"text-align: justify;\"><strong>Ce qu\u2019il s\u2019est pass\u00e9 en Tha\u00eflande avant le Grand Prix du Br\u00e9sil<\/strong><\/h2>\n<p style=\"text-align: justify;\">La saison 2026 de <strong>MotoGP<\/strong> a d\u00e9marr\u00e9 fort <a href=\"https:\/\/dicodusport.fr\/blog\/grand-prix-de-thailande-motogp-2026-programme-horaires-et-resultats\/\">en Tha\u00eflande<\/a>, sur le circuit de Buriram, avec un premier week-end d\u00e9j\u00e0 riche en enseignements. Sur la course principale, <strong>Marco Bezzecchi<\/strong> a frapp\u00e9 un grand coup en s\u2019imposant avec autorit\u00e9. Tr\u00e8s solide du d\u00e9part \u00e0 l\u2019arriv\u00e9e, l\u2019Italien a su imposer son rythme pour d\u00e9crocher la premi\u00e8re victoire de la saison et lancer id\u00e9alement sa campagne.<\/p>\n<p style=\"text-align: justify;\">Derri\u00e8re lui, <strong>Pedro Acosta<\/strong> a lui aussi marqu\u00e9 les esprits. D\u00e9j\u00e0 tr\u00e8s en vue tout au long du week-end, l\u2019Espagnol a confirm\u00e9 son statut de pr\u00e9tendant s\u00e9rieux en montant sur le podium de la course principale apr\u00e8s avoir remport\u00e9 la <strong>course sprint<\/strong> la veille. Ce tr\u00e8s bon bilan comptable lui a permis de prendre la t\u00eate du classement g\u00e9n\u00e9ral d\u00e8s l\u2019issue de la premi\u00e8re manche du championnat.<\/p>\n<div class=\"vlp-link-container vlp-layout-article\"><a href=\"https:\/\/dicodusport.fr\/blog\/marco-bezzecchi-ecrase-le-grand-prix-de-thailande-fin-dune-longue-serie-pour-ducati\/\" class=\"vlp-link\" title=\"Marco Bezzecchi \u00e9crase le Grand Prix de Tha\u00eflande, fin d&#039;une longue s\u00e9rie pour Ducati\"><\/a><div class=\"vlp-layout-zone-side\"><div class=\"vlp-block-4 vlp-link-image\"><img loading=\"lazy\" decoding=\"async\" style=\"max-width: 792px;\" width=\"792\" height=\"445\" src=\"https:\/\/dicodusport.fr\/blog\/wp-content\/uploads\/2026\/03\/Marco-Bezzecchi-ecrase-le-Grand-Prix-de-Thailande-fin-dune-longue-serie-pour-Ducati.png\" class=\"attachment-800x445 size-800x445\" alt=\"Marco Bezzecchi \u00e9crase le Grand Prix de Tha\u00eflande, fin d&#039;une longue s\u00e9rie pour Ducati\" srcset=\"https:\/\/dicodusport.fr\/blog\/wp-content\/uploads\/2026\/03\/Marco-Bezzecchi-ecrase-le-Grand-Prix-de-Thailande-fin-dune-longue-serie-pour-Ducati.png 1200w, https:\/\/dicodusport.fr\/blog\/wp-content\/uploads\/2026\/03\/Marco-Bezzecchi-ecrase-le-Grand-Prix-de-Thailande-fin-dune-longue-serie-pour-Ducati-300x169.png 300w, https:\/\/dicodusport.fr\/blog\/wp-content\/uploads\/2026\/03\/Marco-Bezzecchi-ecrase-le-Grand-Prix-de-Thailande-fin-dune-longue-serie-pour-Ducati-1024x575.png 1024w, https:\/\/dicodusport.fr\/blog\/wp-content\/uploads\/2026\/03\/Marco-Bezzecchi-ecrase-le-Grand-Prix-de-Thailande-fin-dune-longue-serie-pour-Ducati-768x431.png 768w\" sizes=\"auto, (max-width: 792px) 100vw, 792px\" \/><\/div><\/div><div class=\"vlp-layout-zone-main\"><div class=\"vlp-block-0 vlp-link-title\">Marco Bezzecchi \u00e9crase le Grand Prix de Tha\u00eflande, fin d'une longue s\u00e9rie pour Ducati<\/div><div class=\"vlp-block-1 vlp-link-summary\">Au terme d'une course agit\u00e9e, Marco Bezzecchi\u00a0 (Aprilia) a ma\u00eetris\u00e9 du d\u00e9but \u00e0 la fin le Grand Prix de Tha\u00eflande de MotoGP 2026.<\/div><div class=\"vlp-block-2 vlp-link-button\">Lire l'article<\/div><div class=\"vlp-block-3 vlp-link-url\">dicodusport.fr<\/div><\/div><\/div>\n<p style=\"text-align: justify;\">\u00c0 l\u2019inverse, le week-end a \u00e9t\u00e9 plus frustrant pour <strong>Marc M\u00e1rquez<\/strong>. Pr\u00e9sent dans la lutte aux avant-postes, le champion espagnol n\u2019a pas pu convertir son potentiel en gros points lors de la course du dimanche. Victime d\u2019un probl\u00e8me en course, alors qu\u2019il semblait capable de jouer le podium, il a quitt\u00e9 Buriram avec un retard d\u00e9j\u00e0 cons\u00e9quent sur ses principaux rivaux.<\/p>\n<p style=\"text-align: justify;\">Cette premi\u00e8re manche a \u00e9galement mis en lumi\u00e8re une hi\u00e9rarchie encore mouvante. Certaines \u00e9quipes ont confirm\u00e9 leur excellente pr\u00e9paration hivernale, tandis que d\u2019autres doivent d\u00e9j\u00e0 r\u00e9agir pour ne pas se laisser distancer. Dans ce contexte, le <strong>Grand Prix du Br\u00e9sil 2026<\/strong> prend une importance particuli\u00e8re : entre confirmations attendues et revanche esp\u00e9r\u00e9e, les enjeux sont d\u00e9j\u00e0 \u00e9lev\u00e9s d\u00e8s cette deuxi\u00e8me \u00e9preuve de la saison.<\/p>\n<ul>\n<li style=\"text-align: justify;\"><strong>\u00c0 ce sujet &#8211; <a href=\"https:\/\/dicodusport.fr\/blog\/top-10-des-pilotes-de-motogp-avec-le-plus-de-victoires-en-grand-prix\/\">Top 10 des pilotes de MotoGP avec le plus de victoires en Grand Prix<\/a>\u00a0<\/strong><\/li>\n<\/ul>\n<h2 style=\"text-align: justify;\">Le programme et les horaires du Grand Prix du Br\u00e9sil de MotoGP 2026<\/h2>\n<table style=\"width: 100%; border-collapse: collapse;\">\n<tbody>\n<tr>\n<td style=\"background-color: #c80502; width: 840px; text-align: center; vertical-align: middle;\" colspan=\"6\"><span style=\"color: #ffffff;\"><strong>VENDREDI 20 MARS 2026<\/strong><\/span><\/td>\n<\/tr>\n<tr>\n<td style=\"text-align: center; vertical-align: middle; width: 20%; background-color: #000000;\"><span style=\"color: #ffffff; font-size: 0.9em;\"><strong>Horaire<\/strong><\/span><\/td>\n<td style=\"text-align: center; vertical-align: middle; width: 20%; background-color: #000000;\" colspan=\"2\"><span style=\"color: #ffffff;\"><span style=\"font-size: 0.9em;\"><b>\u00c9preuve<\/b><\/span><\/span><\/td>\n<td style=\"text-align: center; vertical-align: middle; width: 20%; background-color: #000000;\"><span style=\"color: #ffffff; font-size: 0.9em;\"><strong>Premier<\/strong><\/span><\/td>\n<td style=\"text-align: center; vertical-align: middle; width: 20%; background-color: #000000;\"><span style=\"color: #ffffff; font-size: 0.9em;\"><strong>Deuxi\u00e8me<\/strong><\/span><\/td>\n<td style=\"text-align: center; vertical-align: middle; width: 20%; background-color: #000000;\"><span style=\"color: #ffffff; font-size: 0.9em;\"><strong>Troisi\u00e8me<\/strong><\/span><\/td>\n<\/tr>\n<tr>\n<td style=\"text-align: center; vertical-align: middle; width: 20%;\"><strong>15h55 &#8211; 16h55<\/strong><\/td>\n<td style=\"text-align: center; vertical-align: middle;\" colspan=\"2\"><strong>Essais libres 1<br \/>\n<a href=\"https:\/\/www.motogp.com\/fr\/gp-results\/2026\/bra\/motogp\/fp1\/classification\"><span style=\"font-size: 11.52px;\"><i>Classement<\/i><\/span><\/a><br \/>\n<\/strong><\/td>\n<td style=\"text-align: center; vertical-align: middle; width: 20%;\"><span style=\"font-size: 0.9em;\"><strong><img loading=\"lazy\" decoding=\"async\" class=\"alignnone wp-image-651528\" src=\"https:\/\/dicodusport.fr\/blog\/wp-content\/uploads\/2026\/02\/37-MGP-Pedro-Acosta-3.png\" alt=\"\" width=\"30\" height=\"20\" srcset=\"https:\/\/dicodusport.fr\/blog\/wp-content\/uploads\/2026\/02\/37-MGP-Pedro-Acosta-3.png 400w, https:\/\/dicodusport.fr\/blog\/wp-content\/uploads\/2026\/02\/37-MGP-Pedro-Acosta-3-300x200.png 300w\" sizes=\"auto, (max-width: 30px) 100vw, 30px\" \/><br \/>\n\ud83c\uddea\ud83c\uddf8 PEDRO ACOSTA<br style=\"font-size: 14.4px;\" \/><\/strong><span style=\"font-size: 0.8em;\">RED BULL KTM FACTORY RACING<br \/>\n<strong><em>1:26.688<\/em><\/strong><\/span><\/span><\/td>\n<td style=\"text-align: center; vertical-align: middle; width: 20%;\"><strong><span style=\"font-size: 0.9em;\"><img loading=\"lazy\" decoding=\"async\" class=\"alignnone wp-image-651486\" src=\"https:\/\/dicodusport.fr\/blog\/wp-content\/uploads\/2026\/02\/07-MGP-Toprak-Razgatlioglu-1.png\" alt=\"\" width=\"30\" height=\"20\" srcset=\"https:\/\/dicodusport.fr\/blog\/wp-content\/uploads\/2026\/02\/07-MGP-Toprak-Razgatlioglu-1.png 400w, https:\/\/dicodusport.fr\/blog\/wp-content\/uploads\/2026\/02\/07-MGP-Toprak-Razgatlioglu-1-300x200.png 300w\" sizes=\"auto, (max-width: 30px) 100vw, 30px\" \/><br \/>\n\ud83c\udde6\ud83c\uddfa JACK MILLER<br \/>\n<\/span><\/strong><span style=\"font-size: 0.9em;\"><span style=\"font-size: 0.8em;\">PRIMA PRAMAC YAMAHA<br \/>\n<strong><em>+0.087<\/em><\/strong><br \/>\n<\/span><\/span><\/td>\n<td style=\"text-align: center; vertical-align: middle; width: 20%;\"><span style=\"font-size: 0.9em;\"><strong><img loading=\"lazy\" decoding=\"async\" class=\"alignnone wp-image-651445\" src=\"https:\/\/dicodusport.fr\/blog\/wp-content\/uploads\/2026\/02\/72-MGP-Marco-Bezzecchi.png\" alt=\"\" width=\"30\" height=\"20\" srcset=\"https:\/\/dicodusport.fr\/blog\/wp-content\/uploads\/2026\/02\/72-MGP-Marco-Bezzecchi.png 400w, https:\/\/dicodusport.fr\/blog\/wp-content\/uploads\/2026\/02\/72-MGP-Marco-Bezzecchi-300x200.png 300w\" sizes=\"auto, (max-width: 30px) 100vw, 30px\" \/><br \/>\n\ud83c\uddee\ud83c\uddf9 MARCO BEZZECCHI<br \/>\n<\/strong><span style=\"font-size: 0.8em;\">APRILIA RACING<br \/>\n<strong><em>+0.230<\/em><\/strong><br \/>\n<\/span><\/span><\/td>\n<\/tr>\n<tr>\n<td style=\"text-align: center; vertical-align: middle; width: 20%;\"><strong>19h50 &#8211; 21h05<\/strong><\/td>\n<td style=\"text-align: center; vertical-align: middle;\" colspan=\"2\"><strong>Essais libres 2<br \/>\n<a href=\"https:\/\/www.motogp.com\/fr\/gp-results\/2026\/bra\/motogp\/pr\/classification\"><span style=\"font-size: 11.52px;\"><i>Classement<\/i><\/span><\/a><br \/>\n<\/strong><\/td>\n<td style=\"text-align: center; vertical-align: middle; width: 20%;\"><span style=\"font-size: 0.9em;\"><strong><img loading=\"lazy\" decoding=\"async\" class=\"alignnone wp-image-651483\" src=\"https:\/\/dicodusport.fr\/blog\/wp-content\/uploads\/2026\/02\/05-MGP-Johann-Zarco-1.png\" alt=\"\" width=\"30\" height=\"20\" srcset=\"https:\/\/dicodusport.fr\/blog\/wp-content\/uploads\/2026\/02\/05-MGP-Johann-Zarco-1.png 400w, https:\/\/dicodusport.fr\/blog\/wp-content\/uploads\/2026\/02\/05-MGP-Johann-Zarco-1-300x200.png 300w\" sizes=\"auto, (max-width: 30px) 100vw, 30px\" \/><br \/>\n\ud83c\uddeb\ud83c\uddf7 JOHANN ZARCO<br \/>\n<\/strong><span style=\"font-size: 0.8em;\">LCR HONDA<br \/>\n<strong><em>1:21.257<\/em><\/strong><br \/>\n<\/span><\/span><\/td>\n<td style=\"text-align: center; vertical-align: middle; width: 20%;\"><span style=\"font-size: 0.9em;\"><strong><img loading=\"lazy\" decoding=\"async\" class=\"alignnone wp-image-651479\" src=\"https:\/\/dicodusport.fr\/blog\/wp-content\/uploads\/2026\/02\/93-MGP-Marc-Marquez-1.png\" alt=\"\" width=\"30\" height=\"20\" srcset=\"https:\/\/dicodusport.fr\/blog\/wp-content\/uploads\/2026\/02\/93-MGP-Marc-Marquez-1.png 400w, https:\/\/dicodusport.fr\/blog\/wp-content\/uploads\/2026\/02\/93-MGP-Marc-Marquez-1-300x200.png 300w\" sizes=\"auto, (max-width: 30px) 100vw, 30px\" \/><br \/>\n\ud83c\uddea\ud83c\uddf8 MARC MARQUEZ<br \/>\n<\/strong><span style=\"font-size: 0.8em;\">DUCATI LENOVO TEAM<br \/>\n<strong><em>+0.125<\/em><\/strong><br \/>\n<\/span><\/span><\/td>\n<td style=\"text-align: center; vertical-align: middle; width: 20%;\"><span style=\"font-size: 0.9em;\"><strong><img loading=\"lazy\" decoding=\"async\" class=\"alignnone wp-image-651486\" src=\"https:\/\/dicodusport.fr\/blog\/wp-content\/uploads\/2026\/02\/07-MGP-Toprak-Razgatlioglu-1.png\" alt=\"\" width=\"30\" height=\"20\" srcset=\"https:\/\/dicodusport.fr\/blog\/wp-content\/uploads\/2026\/02\/07-MGP-Toprak-Razgatlioglu-1.png 400w, https:\/\/dicodusport.fr\/blog\/wp-content\/uploads\/2026\/02\/07-MGP-Toprak-Razgatlioglu-1-300x200.png 300w\" sizes=\"auto, (max-width: 30px) 100vw, 30px\" \/><br \/>\n\ud83c\uddf9\ud83c\uddf7 TOPRAK RAZGATLIOGLU<br \/>\n<\/strong><span style=\"font-size: 0.8em;\">PRIMA PRAMAC YAMAHA<br \/>\n<strong><em>+0.308<\/em><\/strong><br \/>\n<\/span><\/span><\/td>\n<\/tr>\n<tr>\n<td style=\"background-color: #c80502; width: 800px; text-align: center; vertical-align: middle;\" colspan=\"6\"><span style=\"color: #ffffff;\"><strong>SAMEDI 21 MARS 2026<\/strong><\/span><\/td>\n<\/tr>\n<tr>\n<td style=\"text-align: center; vertical-align: middle; width: 20%; background-color: #000000;\"><span style=\"color: #ffffff; font-size: 0.9em;\"><strong>Horaire<\/strong><\/span><\/td>\n<td style=\"text-align: center; vertical-align: middle; width: 20%; background-color: #000000;\" colspan=\"2\"><span style=\"color: #ffffff;\"><span style=\"font-size: 0.9em;\"><b>\u00c9preuve<\/b><\/span><\/span><\/td>\n<td style=\"text-align: center; vertical-align: middle; width: 20%; background-color: #000000;\"><span style=\"color: #ffffff; font-size: 0.9em;\"><strong>Premier<\/strong><\/span><\/td>\n<td style=\"text-align: center; vertical-align: middle; width: 20%; background-color: #000000;\"><span style=\"color: #ffffff; font-size: 0.9em;\"><strong>Deuxi\u00e8me<\/strong><\/span><\/td>\n<td style=\"text-align: center; vertical-align: middle; width: 20%; background-color: #000000;\"><span style=\"color: #ffffff; font-size: 0.9em;\"><strong>Troisi\u00e8me<\/strong><\/span><\/td>\n<\/tr>\n<tr>\n<td style=\"text-align: center; vertical-align: middle; width: 20%;\"><strong>14h10 &#8211; 14h40<\/strong><\/td>\n<td style=\"text-align: center; vertical-align: middle; width: 20%;\" colspan=\"2\"><strong>Essais libres 3<br \/>\n<a href=\"https:\/\/www.motogp.com\/fr\/gp-results\/2026\/bra\/motogp\/fp2\/classification\"><span style=\"font-size: 11.52px;\"><i>Classement<\/i><\/span><\/a><br \/>\n<\/strong><\/td>\n<td style=\"text-align: center; vertical-align: middle; width: 20%;\"><span style=\"font-size: 0.9em;\"><strong><img loading=\"lazy\" decoding=\"async\" class=\"alignnone wp-image-651478\" src=\"https:\/\/dicodusport.fr\/blog\/wp-content\/uploads\/2026\/02\/25-MGP-Raul-Fernandez.png\" alt=\"\" width=\"30\" height=\"20\" srcset=\"https:\/\/dicodusport.fr\/blog\/wp-content\/uploads\/2026\/02\/25-MGP-Raul-Fernandez.png 400w, https:\/\/dicodusport.fr\/blog\/wp-content\/uploads\/2026\/02\/25-MGP-Raul-Fernandez-300x200.png 300w\" sizes=\"auto, (max-width: 30px) 100vw, 30px\" \/><br \/>\n\ud83c\uddef\ud83c\uddf5 AI OGURA<br \/>\n<\/strong><span style=\"font-size: 0.8em;\">TRACKHOUSE MOTOGP TEAM<br \/>\n<strong><em>1:18.237<\/em><\/strong><br \/>\n<\/span><\/span><\/td>\n<td style=\"text-align: center; vertical-align: middle; width: 20%;\"><span style=\"font-size: 0.9em;\"><strong><img loading=\"lazy\" decoding=\"async\" class=\"alignnone wp-image-651479\" src=\"https:\/\/dicodusport.fr\/blog\/wp-content\/uploads\/2026\/02\/93-MGP-Marc-Marquez-1.png\" alt=\"\" width=\"30\" height=\"20\" srcset=\"https:\/\/dicodusport.fr\/blog\/wp-content\/uploads\/2026\/02\/93-MGP-Marc-Marquez-1.png 400w, https:\/\/dicodusport.fr\/blog\/wp-content\/uploads\/2026\/02\/93-MGP-Marc-Marquez-1-300x200.png 300w\" sizes=\"auto, (max-width: 30px) 100vw, 30px\" \/><br \/>\n\ud83c\uddea\ud83c\uddf8 MARC MARQUEZ<br \/>\n<\/strong><span style=\"font-size: 0.8em;\">DUCATI LENOVO TEAM<br \/>\n<strong><em>+0.011<\/em><\/strong><\/span><\/span><\/td>\n<td style=\"text-align: center; vertical-align: middle; width: 20%;\"><span style=\"font-size: 0.9em;\"><strong><img loading=\"lazy\" decoding=\"async\" class=\"alignnone wp-image-651445\" src=\"https:\/\/dicodusport.fr\/blog\/wp-content\/uploads\/2026\/02\/72-MGP-Marco-Bezzecchi.png\" alt=\"\" width=\"30\" height=\"20\" srcset=\"https:\/\/dicodusport.fr\/blog\/wp-content\/uploads\/2026\/02\/72-MGP-Marco-Bezzecchi.png 400w, https:\/\/dicodusport.fr\/blog\/wp-content\/uploads\/2026\/02\/72-MGP-Marco-Bezzecchi-300x200.png 300w\" sizes=\"auto, (max-width: 30px) 100vw, 30px\" \/><br \/>\n\ud83c\uddea\ud83c\uddf8 JORGE MARTIN<br style=\"font-size: 14.4px;\" \/><\/strong><span style=\"font-size: 0.8em;\">APRILIA RACING<br \/>\n<strong><em>+0.168<\/em><\/strong><br \/>\n<\/span><\/span><\/td>\n<\/tr>\n<tr>\n<td style=\"text-align: center; vertical-align: middle; width: 20%;\"><strong>14h50 &#8211; 15h10<\/strong><\/td>\n<td style=\"text-align: center; vertical-align: middle;\" colspan=\"2\"><strong>Qualifications 1<br \/>\n<a href=\"https:\/\/www.motogp.com\/fr\/gp-results\/2026\/bra\/motogp\/q1\/classification\"><span style=\"font-size: 11.52px;\"><i>Classement<\/i><\/span><\/a><br \/>\n<\/strong><\/td>\n<td style=\"text-align: center; vertical-align: middle; width: 20%;\"><span style=\"font-size: 0.9em;\"><strong><img loading=\"lazy\" decoding=\"async\" class=\"alignnone wp-image-651445\" src=\"https:\/\/dicodusport.fr\/blog\/wp-content\/uploads\/2026\/02\/72-MGP-Marco-Bezzecchi.png\" alt=\"\" width=\"30\" height=\"20\" srcset=\"https:\/\/dicodusport.fr\/blog\/wp-content\/uploads\/2026\/02\/72-MGP-Marco-Bezzecchi.png 400w, https:\/\/dicodusport.fr\/blog\/wp-content\/uploads\/2026\/02\/72-MGP-Marco-Bezzecchi-300x200.png 300w\" sizes=\"auto, (max-width: 30px) 100vw, 30px\" \/><br \/>\n\ud83c\uddee\ud83c\uddf9 MARCO BEZZECCHI<br \/>\n<\/strong><span style=\"font-size: 0.8em;\">APRILIA RACING<br \/>\n<strong><em>1:17.408<\/em><\/strong><br \/>\n<\/span><\/span><\/td>\n<td style=\"text-align: center; vertical-align: middle; width: 20%;\"><span style=\"font-size: 0.9em;\"><strong><img loading=\"lazy\" decoding=\"async\" class=\"alignnone wp-image-651485\" src=\"https:\/\/dicodusport.fr\/blog\/wp-content\/uploads\/2026\/02\/Pertamina-Enduro-VR46-Racing-Team-2026-1.png\" alt=\"\" width=\"30\" height=\"20\" srcset=\"https:\/\/dicodusport.fr\/blog\/wp-content\/uploads\/2026\/02\/Pertamina-Enduro-VR46-Racing-Team-2026-1.png 400w, https:\/\/dicodusport.fr\/blog\/wp-content\/uploads\/2026\/02\/Pertamina-Enduro-VR46-Racing-Team-2026-1-300x200.png 300w\" sizes=\"auto, (max-width: 30px) 100vw, 30px\" \/><br \/>\n\ud83c\uddee\ud83c\uddf9 FABIO DI GIANNANTONIO<br \/>\n<\/strong><span style=\"font-size: 0.8em;\">PERTAMINA ENDURO VR46 RACING TEAM<br \/>\n<strong><em>+0.123<\/em><\/strong><br \/>\n<\/span><\/span><\/td>\n<td style=\"text-align: center; vertical-align: middle; width: 20%;\"><strong><span style=\"font-size: 0.9em;\"><img loading=\"lazy\" decoding=\"async\" class=\"alignnone wp-image-651527\" src=\"https:\/\/dicodusport.fr\/blog\/wp-content\/uploads\/2026\/02\/10-MGP-Luca-Marini-2.png\" alt=\"\" width=\"30\" height=\"20\" srcset=\"https:\/\/dicodusport.fr\/blog\/wp-content\/uploads\/2026\/02\/10-MGP-Luca-Marini-2.png 400w, https:\/\/dicodusport.fr\/blog\/wp-content\/uploads\/2026\/02\/10-MGP-Luca-Marini-2-300x200.png 300w\" sizes=\"auto, (max-width: 30px) 100vw, 30px\" \/><br \/>\n\ud83c\uddea\ud83c\uddf8 JOAN MIR<br \/>\n<\/span><\/strong><span style=\"font-size: 0.9em;\"><span style=\"font-size: 0.8em;\">HONDA HRC CASTROL<br \/>\n<strong><em>+0.302<\/em><\/strong><br \/>\n<\/span><\/span><\/td>\n<\/tr>\n<tr>\n<td style=\"text-align: center; vertical-align: middle; width: 20%;\"><strong>15h15 &#8211; 15h30<\/strong><\/td>\n<td style=\"text-align: center; vertical-align: middle;\" colspan=\"2\"><strong>Qualifications 2<br \/>\n<a title=\"Fabio Di Giannantonio signe une pole surprise au Br\u00e9sil, Fabio Quartararo rate de peu la premi\u00e8re ligne\" href=\"https:\/\/dicodusport.fr\/blog\/fabio-di-giannantonio-signe-une-pole-surprise-au-bresil-fabio-quartararo-rate-de-peu-la-premiere-ligne\/\" rel=\"\"><span style=\"font-size: 11.52px;\"><i>R\u00e9sum\u00e9 <\/i><\/span><\/a>&#8211;\u00a0<a href=\"https:\/\/www.motogp.com\/fr\/gp-results\/2026\/bra\/motogp\/q2\/classification\"><span style=\"font-size: 11.52px;\"><i>Classement<\/i><\/span><\/a><br \/>\n<\/strong><\/td>\n<td style=\"text-align: center; vertical-align: middle; width: 20%;\"><span style=\"font-size: 0.9em;\"><strong><img loading=\"lazy\" decoding=\"async\" class=\"alignnone wp-image-651485\" src=\"https:\/\/dicodusport.fr\/blog\/wp-content\/uploads\/2026\/02\/Pertamina-Enduro-VR46-Racing-Team-2026-1.png\" alt=\"\" width=\"30\" height=\"20\" srcset=\"https:\/\/dicodusport.fr\/blog\/wp-content\/uploads\/2026\/02\/Pertamina-Enduro-VR46-Racing-Team-2026-1.png 400w, https:\/\/dicodusport.fr\/blog\/wp-content\/uploads\/2026\/02\/Pertamina-Enduro-VR46-Racing-Team-2026-1-300x200.png 300w\" sizes=\"auto, (max-width: 30px) 100vw, 30px\" \/><br \/>\n\ud83c\uddee\ud83c\uddf9 FABIO DI GIANNANTONIO<br \/>\n<\/strong><span style=\"font-size: 0.8em;\">PERTAMINA ENDURO VR46 RACING TEAM<br \/>\n<strong><em>1:17.410<\/em><\/strong><\/span><\/span><\/td>\n<td style=\"text-align: center; vertical-align: middle; width: 20%;\"><span style=\"font-size: 0.9em;\"><strong><img loading=\"lazy\" decoding=\"async\" class=\"alignnone wp-image-651445\" src=\"https:\/\/dicodusport.fr\/blog\/wp-content\/uploads\/2026\/02\/72-MGP-Marco-Bezzecchi.png\" alt=\"\" width=\"30\" height=\"20\" srcset=\"https:\/\/dicodusport.fr\/blog\/wp-content\/uploads\/2026\/02\/72-MGP-Marco-Bezzecchi.png 400w, https:\/\/dicodusport.fr\/blog\/wp-content\/uploads\/2026\/02\/72-MGP-Marco-Bezzecchi-300x200.png 300w\" sizes=\"auto, (max-width: 30px) 100vw, 30px\" \/><br \/>\n\ud83c\uddee\ud83c\uddf9 MARCO BEZZECCHI<br \/>\n<\/strong><span style=\"font-size: 0.8em;\">APRILIA RACING<br \/>\n<strong><em>+0.070<\/em><\/strong><\/span><\/span><\/td>\n<td style=\"text-align: center; vertical-align: middle; width: 20%;\"><span style=\"font-size: 0.9em;\"><strong><img loading=\"lazy\" decoding=\"async\" class=\"alignnone wp-image-651479\" src=\"https:\/\/dicodusport.fr\/blog\/wp-content\/uploads\/2026\/02\/93-MGP-Marc-Marquez-1.png\" alt=\"\" width=\"30\" height=\"20\" srcset=\"https:\/\/dicodusport.fr\/blog\/wp-content\/uploads\/2026\/02\/93-MGP-Marc-Marquez-1.png 400w, https:\/\/dicodusport.fr\/blog\/wp-content\/uploads\/2026\/02\/93-MGP-Marc-Marquez-1-300x200.png 300w\" sizes=\"auto, (max-width: 30px) 100vw, 30px\" \/><br \/>\n\ud83c\uddea\ud83c\uddf8 MARC MARQUEZ<br \/>\n<\/strong><span style=\"font-size: 0.8em;\">DUCATI LENOVO TEAM<br \/>\n<strong><em>+0.081<\/em><\/strong><\/span><\/span><\/td>\n<\/tr>\n<tr>\n<td style=\"text-align: center; vertical-align: middle; width: 20%;\"><strong>19h00<\/strong><\/td>\n<td style=\"text-align: center; vertical-align: middle; width: 20%;\" colspan=\"2\"><strong>Course Sprint (15 tours)<br \/>\n<span style=\"font-size: 11.52px;\"><i><a href=\"https:\/\/dicodusport.fr\/blog\/apres-une-longue-attente-marc-marquez-remporte-la-course-sprint-au-bresil-devant-fabio-di-giannantonio\/\">R\u00e9sum\u00e9<\/a> &#8211; <a href=\"https:\/\/dicodusport.fr\/blog\/course-sprint-motogp-bresil-2026-classement-et-resultats\/\">Classement<\/a><br \/>\n<\/i><\/span><\/strong><\/td>\n<td style=\"text-align: center; vertical-align: middle; width: 20%;\"><span style=\"font-size: 0.9em;\"><strong><img loading=\"lazy\" decoding=\"async\" class=\"alignnone wp-image-651479\" src=\"https:\/\/dicodusport.fr\/blog\/wp-content\/uploads\/2026\/02\/93-MGP-Marc-Marquez-1.png\" alt=\"\" width=\"30\" height=\"20\" srcset=\"https:\/\/dicodusport.fr\/blog\/wp-content\/uploads\/2026\/02\/93-MGP-Marc-Marquez-1.png 400w, https:\/\/dicodusport.fr\/blog\/wp-content\/uploads\/2026\/02\/93-MGP-Marc-Marquez-1-300x200.png 300w\" sizes=\"auto, (max-width: 30px) 100vw, 30px\" \/><br \/>\n\ud83c\uddea\ud83c\uddf8 MARC MARQUEZ<br \/>\n<\/strong><span style=\"font-size: 0.8em;\">DUCATI LENOVO TEAM<br \/>\n<strong><em>19:41.982<\/em><\/strong><br \/>\n<\/span><\/span><\/td>\n<td style=\"text-align: center; vertical-align: middle; width: 20%;\"><span style=\"font-size: 0.9em;\"><strong><img loading=\"lazy\" decoding=\"async\" class=\"alignnone wp-image-651485\" src=\"https:\/\/dicodusport.fr\/blog\/wp-content\/uploads\/2026\/02\/Pertamina-Enduro-VR46-Racing-Team-2026-1.png\" alt=\"\" width=\"30\" height=\"20\" srcset=\"https:\/\/dicodusport.fr\/blog\/wp-content\/uploads\/2026\/02\/Pertamina-Enduro-VR46-Racing-Team-2026-1.png 400w, https:\/\/dicodusport.fr\/blog\/wp-content\/uploads\/2026\/02\/Pertamina-Enduro-VR46-Racing-Team-2026-1-300x200.png 300w\" sizes=\"auto, (max-width: 30px) 100vw, 30px\" \/><br \/>\n\ud83c\uddee\ud83c\uddf9 FABIO DI GIANNANTONIO<br \/>\n<\/strong><span style=\"font-size: 0.8em;\">PERTAMINA ENDURO VR46 RACING TEAM<br \/>\n<strong><em>+0.213<\/em><\/strong><br \/>\n<\/span><\/span><\/td>\n<td style=\"text-align: center; vertical-align: middle; width: 20%;\"><span style=\"font-size: 0.9em;\"><strong><img loading=\"lazy\" decoding=\"async\" class=\"alignnone wp-image-651445\" src=\"https:\/\/dicodusport.fr\/blog\/wp-content\/uploads\/2026\/02\/72-MGP-Marco-Bezzecchi.png\" alt=\"\" width=\"30\" height=\"20\" srcset=\"https:\/\/dicodusport.fr\/blog\/wp-content\/uploads\/2026\/02\/72-MGP-Marco-Bezzecchi.png 400w, https:\/\/dicodusport.fr\/blog\/wp-content\/uploads\/2026\/02\/72-MGP-Marco-Bezzecchi-300x200.png 300w\" sizes=\"auto, (max-width: 30px) 100vw, 30px\" \/><br \/>\n\ud83c\uddea\ud83c\uddf8 JORGE MARTIN<br style=\"font-size: 14.4px;\" \/><\/strong><span style=\"font-size: 0.8em;\">APRILIA RACING<br \/>\n<strong><em>+3.587<\/em><\/strong><\/span><\/span><\/td>\n<\/tr>\n<tr>\n<td style=\"background-color: #c80502; width: 800px; text-align: center; vertical-align: middle;\" colspan=\"6\"><span style=\"color: #ffffff;\"><strong>DIMANCHE 22 MARS 2026<\/strong><\/span><\/td>\n<\/tr>\n<tr>\n<td style=\"text-align: center; vertical-align: middle; width: 20%; background-color: #000000;\"><span style=\"color: #ffffff; font-size: 0.9em;\"><strong>Horaire<\/strong><\/span><\/td>\n<td style=\"text-align: center; vertical-align: middle; width: 20%; background-color: #000000;\" colspan=\"2\"><span style=\"color: #ffffff;\"><span style=\"font-size: 0.9em;\"><b>\u00c9preuve<\/b><\/span><\/span><\/td>\n<td style=\"text-align: center; vertical-align: middle; width: 20%; background-color: #000000;\"><span style=\"color: #ffffff; font-size: 0.9em;\"><strong>Premier<\/strong><\/span><\/td>\n<td style=\"text-align: center; vertical-align: middle; width: 20%; background-color: #000000;\"><span style=\"color: #ffffff; font-size: 0.9em;\"><strong>Deuxi\u00e8me<\/strong><\/span><\/td>\n<td style=\"text-align: center; vertical-align: middle; width: 20%; background-color: #000000;\"><span style=\"color: #ffffff; font-size: 0.9em;\"><strong>Troisi\u00e8me<\/strong><\/span><\/td>\n<\/tr>\n<tr>\n<td style=\"text-align: center; vertical-align: middle; width: 20%;\"><strong>14h40 &#8211; 14h50<\/strong><\/td>\n<td style=\"text-align: center; vertical-align: middle;\" colspan=\"2\"><strong>Warm-up<br \/>\n<a href=\"https:\/\/www.motogp.com\/fr\/gp-results\/2026\/bra\/motogp\/wup\/classification\"><span style=\"font-size: 11.52px;\"><i>Classement<\/i><\/span><\/a><br \/>\n<\/strong><\/td>\n<td style=\"text-align: center; vertical-align: middle; width: 20%;\"><span style=\"font-size: 0.9em;\"><strong><img loading=\"lazy\" decoding=\"async\" class=\"alignnone wp-image-651445\" src=\"https:\/\/dicodusport.fr\/blog\/wp-content\/uploads\/2026\/02\/72-MGP-Marco-Bezzecchi.png\" alt=\"\" width=\"30\" height=\"20\" srcset=\"https:\/\/dicodusport.fr\/blog\/wp-content\/uploads\/2026\/02\/72-MGP-Marco-Bezzecchi.png 400w, https:\/\/dicodusport.fr\/blog\/wp-content\/uploads\/2026\/02\/72-MGP-Marco-Bezzecchi-300x200.png 300w\" sizes=\"auto, (max-width: 30px) 100vw, 30px\" \/><br \/>\n\ud83c\uddee\ud83c\uddf9 MARCO BEZZECCHI<br \/>\n<\/strong><span style=\"font-size: 0.8em;\">APRILIA RACING<br \/>\n<strong><em>1:17.824<\/em><\/strong><br \/>\n<\/span><\/span><\/td>\n<td style=\"text-align: center; vertical-align: middle; width: 20%;\"><span style=\"font-size: 0.9em;\"><strong><img loading=\"lazy\" decoding=\"async\" class=\"alignnone wp-image-651479\" src=\"https:\/\/dicodusport.fr\/blog\/wp-content\/uploads\/2026\/02\/93-MGP-Marc-Marquez-1.png\" alt=\"\" width=\"30\" height=\"20\" srcset=\"https:\/\/dicodusport.fr\/blog\/wp-content\/uploads\/2026\/02\/93-MGP-Marc-Marquez-1.png 400w, https:\/\/dicodusport.fr\/blog\/wp-content\/uploads\/2026\/02\/93-MGP-Marc-Marquez-1-300x200.png 300w\" sizes=\"auto, (max-width: 30px) 100vw, 30px\" \/><br \/>\n\ud83c\uddea\ud83c\uddf8 MARC MARQUEZ<br \/>\n<\/strong><span style=\"font-size: 0.8em;\">DUCATI LENOVO TEAM<br \/>\n<strong><em>+0.293<\/em><\/strong><\/span><\/span><\/td>\n<td style=\"text-align: center; vertical-align: middle; width: 20%;\"><span style=\"font-size: 0.9em;\"><strong><img loading=\"lazy\" decoding=\"async\" class=\"alignnone wp-image-651487\" src=\"https:\/\/dicodusport.fr\/blog\/wp-content\/uploads\/2026\/02\/73-MGP-Alex-Marquez-4.png\" alt=\"\" width=\"30\" height=\"20\" srcset=\"https:\/\/dicodusport.fr\/blog\/wp-content\/uploads\/2026\/02\/73-MGP-Alex-Marquez-4.png 400w, https:\/\/dicodusport.fr\/blog\/wp-content\/uploads\/2026\/02\/73-MGP-Alex-Marquez-4-300x200.png 300w\" sizes=\"auto, (max-width: 30px) 100vw, 30px\" \/><br \/>\n\ud83c\uddea\ud83c\uddf8 ALEX MARQUEZ<br \/>\n<\/strong><span style=\"font-size: 0.8em;\">BK8 GRESINI RACING<br \/>\n<strong><em>+0.337<\/em><\/strong><\/span><\/span><\/td>\n<\/tr>\n<tr>\n<td style=\"text-align: center; vertical-align: middle; width: 20%;\"><strong>19h00<\/strong><\/td>\n<td style=\"text-align: center; vertical-align: middle; width: 20%;\" colspan=\"2\"><strong>Grand Prix (31 tours)<br \/>\n<span style=\"font-size: 11.52px;\"><i><a href=\"https:\/\/dicodusport.fr\/blog\/intouchable-marco-bezzecchi-simpose-facilement-au-grand-prix-du-bresil\/\">R\u00e9sum\u00e9<\/a> &#8211; <a href=\"https:\/\/dicodusport.fr\/blog\/motogp-grand-prix-du-bresil-2026-classement-et-resultats-de-la-course\/\">Classement<\/a><\/i><\/span><br \/>\n<\/strong><\/td>\n<td style=\"text-align: center; vertical-align: middle; width: 20%;\"><span style=\"font-size: 0.9em;\"><strong><img loading=\"lazy\" decoding=\"async\" class=\"alignnone wp-image-651445\" src=\"https:\/\/dicodusport.fr\/blog\/wp-content\/uploads\/2026\/02\/72-MGP-Marco-Bezzecchi.png\" alt=\"\" width=\"30\" height=\"20\" srcset=\"https:\/\/dicodusport.fr\/blog\/wp-content\/uploads\/2026\/02\/72-MGP-Marco-Bezzecchi.png 400w, https:\/\/dicodusport.fr\/blog\/wp-content\/uploads\/2026\/02\/72-MGP-Marco-Bezzecchi-300x200.png 300w\" sizes=\"auto, (max-width: 30px) 100vw, 30px\" \/><br \/>\n\ud83c\uddee\ud83c\uddf9 MARCO BEZZECCHI<br \/>\n<\/strong><span style=\"font-size: 0.8em;\">APRILIA RACING<br \/>\n<strong><em>30:19.760<\/em><\/strong><\/span><\/span><\/td>\n<td style=\"text-align: center; vertical-align: middle; width: 20%;\"><span style=\"font-size: 0.9em;\"><strong><img loading=\"lazy\" decoding=\"async\" class=\"alignnone wp-image-651445\" src=\"https:\/\/dicodusport.fr\/blog\/wp-content\/uploads\/2026\/02\/72-MGP-Marco-Bezzecchi.png\" alt=\"\" width=\"30\" height=\"20\" srcset=\"https:\/\/dicodusport.fr\/blog\/wp-content\/uploads\/2026\/02\/72-MGP-Marco-Bezzecchi.png 400w, https:\/\/dicodusport.fr\/blog\/wp-content\/uploads\/2026\/02\/72-MGP-Marco-Bezzecchi-300x200.png 300w\" sizes=\"auto, (max-width: 30px) 100vw, 30px\" \/><br \/>\n\ud83c\uddea\ud83c\uddf8 JORGE MARTIN<br style=\"font-size: 14.4px;\" \/><\/strong><span style=\"font-size: 0.8em;\">APRILIA RACING<br \/>\n<strong><em>+3.231<\/em><\/strong><\/span><\/span><\/td>\n<td style=\"text-align: center; vertical-align: middle; width: 20%;\"><span style=\"font-size: 0.9em;\"><strong><img loading=\"lazy\" decoding=\"async\" class=\"alignnone wp-image-651485\" src=\"https:\/\/dicodusport.fr\/blog\/wp-content\/uploads\/2026\/02\/Pertamina-Enduro-VR46-Racing-Team-2026-1.png\" alt=\"\" width=\"30\" height=\"20\" srcset=\"https:\/\/dicodusport.fr\/blog\/wp-content\/uploads\/2026\/02\/Pertamina-Enduro-VR46-Racing-Team-2026-1.png 400w, https:\/\/dicodusport.fr\/blog\/wp-content\/uploads\/2026\/02\/Pertamina-Enduro-VR46-Racing-Team-2026-1-300x200.png 300w\" sizes=\"auto, (max-width: 30px) 100vw, 30px\" \/><br \/>\n\ud83c\uddee\ud83c\uddf9 FABIO DI GIANNANTONIO<br \/>\n<\/strong><span style=\"font-size: 0.8em;\">PERTAMINA ENDURO VR46 RACING TEAM<br \/>\n<strong><em>+3.780<\/em><\/strong><\/span><\/span><\/td>\n<\/tr>\n<\/tbody>\n<\/table>\n<div id=\"gtx-trans\" style=\"position: absolute; left: 238px; top: 2841.18px;\">\n<div class=\"gtx-trans-icon\"><\/div>\n<\/div>\n","protected":false},"excerpt":{"rendered":"<p>Programme, horaires et r\u00e9sultats du Grand Prix du Br\u00e9sil de MotoGP 2026, deuxi\u00e8me manche du championnat du monde disput\u00e9e sur le circuit de Goi\u00e2nam.<\/p>\n","protected":false},"author":4,"featured_media":657017,"comment_status":"open","ping_status":"closed","sticky":false,"template":"","format":"standard","meta":{"_acf_changed":false,"_daextam_enable_autolinks":"1","footnotes":""},"categories":[44295,47087],"tags":[16878,47438,10938,47439],"class_list":["post-656542","post","type-post","status-publish","format-standard","has-post-thumbnail","hentry","category-chaine-tv","category-motogp","tag-breve","tag-grand-prix-du-bresil-motogp","tag-motogp","tag-motogp-bresil"],"acf":[],"yoast_head":"<!-- This site is optimized with the Yoast SEO Premium plugin v26.7 (Yoast SEO v26.7) - https:\/\/yoast.com\/wordpress\/plugins\/seo\/ -->\n<title>Grand Prix du Br\u00e9sil MotoGP 2026 : Les r\u00e9sultats complets<\/title>\n<meta name=\"description\" content=\"Programme, horaires et r\u00e9sultats du Grand Prix du Br\u00e9sil de MotoGP 2026, deuxi\u00e8me manche du championnat du monde disput\u00e9e sur le circuit de Goi\u00e2nam.\" \/>\n<meta name=\"robots\" content=\"index, follow, max-snippet:-1, max-image-preview:large, max-video-preview:-1\" \/>\n<link rel=\"canonical\" href=\"https:\/\/dicodusport.fr\/blog\/grand-prix-du-bresil-motogp-2026-programme-horaires-et-resultats\/\" \/>\n<meta property=\"og:locale\" content=\"fr_FR\" \/>\n<meta property=\"og:type\" content=\"article\" \/>\n<meta property=\"og:title\" content=\"Grand Prix du Br\u00e9sil MotoGP 2026 : Les r\u00e9sultats complets\" \/>\n<meta property=\"og:description\" content=\"Programme, horaires et r\u00e9sultats du Grand Prix du Br\u00e9sil de MotoGP 2026, deuxi\u00e8me manche du championnat du monde disput\u00e9e sur le circuit de Goi\u00e2nam.\" \/>\n<meta property=\"og:url\" content=\"https:\/\/dicodusport.fr\/blog\/grand-prix-du-bresil-motogp-2026-programme-horaires-et-resultats\/\" \/>\n<meta property=\"og:site_name\" content=\"Dicodusport\" \/>\n<meta property=\"article:publisher\" content=\"https:\/\/www.facebook.com\/dicodusport\" \/>\n<meta property=\"article:author\" content=\"https:\/\/www.facebook.com\/florent.ostermann\" \/>\n<meta property=\"article:published_time\" content=\"2026-03-22T18:46:41+00:00\" \/>\n<meta property=\"article:modified_time\" content=\"2026-03-22T18:46:48+00:00\" \/>\n<meta property=\"og:image\" content=\"https:\/\/dicodusport.fr\/blog\/wp-content\/uploads\/2026\/03\/MotoGP-\u2013-La-grille-de-depart-du-Grand-Prix-du-Bresil-2026.png\" \/>\n\t<meta property=\"og:image:width\" content=\"1200\" \/>\n\t<meta property=\"og:image:height\" content=\"674\" \/>\n\t<meta property=\"og:image:type\" content=\"image\/png\" \/>\n<meta name=\"author\" content=\"Flo Ostermann\" \/>\n<meta name=\"twitter:card\" content=\"summary_large_image\" \/>\n<meta name=\"twitter:creator\" content=\"@https:\/\/twitter.com\/FlOstermann\" \/>\n<meta name=\"twitter:site\" content=\"@dicodusport\" \/>\n<script type=\"application\/ld+json\" class=\"yoast-schema-graph\">{\"@context\":\"https:\/\/schema.org\",\"@graph\":[{\"@type\":\"NewsArticle\",\"@id\":\"https:\/\/dicodusport.fr\/blog\/grand-prix-du-bresil-motogp-2026-programme-horaires-et-resultats\/#article\",\"isPartOf\":{\"@id\":\"https:\/\/dicodusport.fr\/blog\/grand-prix-du-bresil-motogp-2026-programme-horaires-et-resultats\/\"},\"author\":{\"name\":\"Flo Ostermann\",\"@id\":\"https:\/\/dicodusport.fr\/blog\/#\/schema\/person\/cb02af4c173ce4a653b55e9baf388d4a\"},\"headline\":\"Grand Prix du Br\u00e9sil MotoGP 2026 : Les r\u00e9sultats complets\",\"datePublished\":\"2026-03-22T18:46:41+00:00\",\"dateModified\":\"2026-03-22T18:46:48+00:00\",\"mainEntityOfPage\":{\"@id\":\"https:\/\/dicodusport.fr\/blog\/grand-prix-du-bresil-motogp-2026-programme-horaires-et-resultats\/\"},\"wordCount\":971,\"commentCount\":0,\"publisher\":{\"@id\":\"https:\/\/dicodusport.fr\/blog\/#organization\"},\"image\":{\"@id\":\"https:\/\/dicodusport.fr\/blog\/grand-prix-du-bresil-motogp-2026-programme-horaires-et-resultats\/#primaryimage\"},\"thumbnailUrl\":\"https:\/\/dicodusport.fr\/blog\/wp-content\/uploads\/2026\/03\/MotoGP-\u2013-La-grille-de-depart-du-Grand-Prix-du-Bresil-2026.png\",\"keywords\":[\"br\u00e8ve\",\"Grand Prix du Br\u00e9sil MotoGP\",\"MotoGP\",\"MotoGP Br\u00e9sil\"],\"articleSection\":[\"Cha\u00eene TV\",\"MotoGP\"],\"inLanguage\":\"fr-FR\",\"potentialAction\":[{\"@type\":\"CommentAction\",\"name\":\"Comment\",\"target\":[\"https:\/\/dicodusport.fr\/blog\/grand-prix-du-bresil-motogp-2026-programme-horaires-et-resultats\/#respond\"]}],\"copyrightYear\":\"2026\",\"copyrightHolder\":{\"@id\":\"https:\/\/dicodusport.fr\/blog\/#organization\"}},{\"@type\":\"WebPage\",\"@id\":\"https:\/\/dicodusport.fr\/blog\/grand-prix-du-bresil-motogp-2026-programme-horaires-et-resultats\/\",\"url\":\"https:\/\/dicodusport.fr\/blog\/grand-prix-du-bresil-motogp-2026-programme-horaires-et-resultats\/\",\"name\":\"Grand Prix du Br\u00e9sil MotoGP 2026 : Les r\u00e9sultats complets\",\"isPartOf\":{\"@id\":\"https:\/\/dicodusport.fr\/blog\/#website\"},\"primaryImageOfPage\":{\"@id\":\"https:\/\/dicodusport.fr\/blog\/grand-prix-du-bresil-motogp-2026-programme-horaires-et-resultats\/#primaryimage\"},\"image\":{\"@id\":\"https:\/\/dicodusport.fr\/blog\/grand-prix-du-bresil-motogp-2026-programme-horaires-et-resultats\/#primaryimage\"},\"thumbnailUrl\":\"https:\/\/dicodusport.fr\/blog\/wp-content\/uploads\/2026\/03\/MotoGP-\u2013-La-grille-de-depart-du-Grand-Prix-du-Bresil-2026.png\",\"datePublished\":\"2026-03-22T18:46:41+00:00\",\"dateModified\":\"2026-03-22T18:46:48+00:00\",\"description\":\"Programme, horaires et r\u00e9sultats du Grand Prix du Br\u00e9sil de MotoGP 2026, deuxi\u00e8me manche du championnat du monde disput\u00e9e sur le circuit de Goi\u00e2nam.\",\"breadcrumb\":{\"@id\":\"https:\/\/dicodusport.fr\/blog\/grand-prix-du-bresil-motogp-2026-programme-horaires-et-resultats\/#breadcrumb\"},\"inLanguage\":\"fr-FR\",\"potentialAction\":[{\"@type\":\"ReadAction\",\"target\":[\"https:\/\/dicodusport.fr\/blog\/grand-prix-du-bresil-motogp-2026-programme-horaires-et-resultats\/\"]}]},{\"@type\":\"ImageObject\",\"inLanguage\":\"fr-FR\",\"@id\":\"https:\/\/dicodusport.fr\/blog\/grand-prix-du-bresil-motogp-2026-programme-horaires-et-resultats\/#primaryimage\",\"url\":\"https:\/\/dicodusport.fr\/blog\/wp-content\/uploads\/2026\/03\/MotoGP-\u2013-La-grille-de-depart-du-Grand-Prix-du-Bresil-2026.png\",\"contentUrl\":\"https:\/\/dicodusport.fr\/blog\/wp-content\/uploads\/2026\/03\/MotoGP-\u2013-La-grille-de-depart-du-Grand-Prix-du-Bresil-2026.png\",\"width\":1200,\"height\":674,\"caption\":\"MotoGP \u2013 La grille de d\u00e9part du Grand Prix du Br\u00e9sil 2026\"},{\"@type\":\"BreadcrumbList\",\"@id\":\"https:\/\/dicodusport.fr\/blog\/grand-prix-du-bresil-motogp-2026-programme-horaires-et-resultats\/#breadcrumb\",\"itemListElement\":[{\"@type\":\"ListItem\",\"position\":1,\"name\":\"Accueil\",\"item\":\"https:\/\/dicodusport.fr\/blog\/\"},{\"@type\":\"ListItem\",\"position\":2,\"name\":\"Grand Prix du Br\u00e9sil MotoGP 2026 : Les r\u00e9sultats complets\"}]},{\"@type\":\"WebSite\",\"@id\":\"https:\/\/dicodusport.fr\/blog\/#website\",\"url\":\"https:\/\/dicodusport.fr\/blog\/\",\"name\":\"Dicodusport\",\"description\":\"L&#039;encyclop\u00e9die de l&#039;actualit\u00e9 sportive\",\"publisher\":{\"@id\":\"https:\/\/dicodusport.fr\/blog\/#organization\"},\"potentialAction\":[{\"@type\":\"SearchAction\",\"target\":{\"@type\":\"EntryPoint\",\"urlTemplate\":\"https:\/\/dicodusport.fr\/blog\/?s={search_term_string}\"},\"query-input\":{\"@type\":\"PropertyValueSpecification\",\"valueRequired\":true,\"valueName\":\"search_term_string\"}}],\"inLanguage\":\"fr-FR\"},{\"@type\":\"NewsMediaOrganization\",\"@id\":\"https:\/\/dicodusport.fr\/blog\/#organization\",\"name\":\"Dicodusport\",\"url\":\"https:\/\/dicodusport.fr\/blog\/\",\"logo\":{\"@type\":\"ImageObject\",\"inLanguage\":\"fr-FR\",\"@id\":\"https:\/\/dicodusport.fr\/blog\/#\/schema\/logo\/image\/\",\"url\":\"https:\/\/dicodusport.fr\/blog\/wp-content\/uploads\/2020\/06\/cropped-LOGO-DICODUSPORT-2020-SANS-FOND-SANS-TEXTE.png\",\"contentUrl\":\"https:\/\/dicodusport.fr\/blog\/wp-content\/uploads\/2020\/06\/cropped-LOGO-DICODUSPORT-2020-SANS-FOND-SANS-TEXTE.png\",\"width\":512,\"height\":512,\"caption\":\"Dicodusport\"},\"image\":{\"@id\":\"https:\/\/dicodusport.fr\/blog\/#\/schema\/logo\/image\/\"},\"sameAs\":[\"https:\/\/www.facebook.com\/dicodusport\",\"https:\/\/x.com\/dicodusport\",\"https:\/\/www.instagram.com\/dicodusport\/\",\"https:\/\/www.youtube.com\/channel\/UC7V2KZ5sd3htJivAbA4ZG3w\"],\"description\":\"Dicodusport est l'encyclop\u00e9die de l'actualit\u00e9 sportive.\",\"email\":\"bonjour@dicodusport.fr\",\"legalName\":\"DICODUSPORT\",\"foundingDate\":\"2018-01-14\",\"vatID\":\"FR71834470973\",\"taxID\":\"83447097300043\",\"numberOfEmployees\":{\"@type\":\"QuantitativeValue\",\"minValue\":\"1\",\"maxValue\":\"10\"}},{\"@type\":\"Person\",\"@id\":\"https:\/\/dicodusport.fr\/blog\/#\/schema\/person\/cb02af4c173ce4a653b55e9baf388d4a\",\"name\":\"Flo Ostermann\",\"image\":{\"@type\":\"ImageObject\",\"inLanguage\":\"fr-FR\",\"@id\":\"https:\/\/dicodusport.fr\/blog\/#\/schema\/person\/image\/\",\"url\":\"https:\/\/dicodusport.fr\/blog\/wp-content\/uploads\/2021\/05\/Flo-Ostermann-150x150.jpg\",\"contentUrl\":\"https:\/\/dicodusport.fr\/blog\/wp-content\/uploads\/2021\/05\/Flo-Ostermann-150x150.jpg\",\"caption\":\"Flo Ostermann\"},\"description\":\"Journaliste\/R\u00e9dacteur depuis septembre 2015 - Mes premiers souvenirs dans le sport ? Les envol\u00e9es du Stade Toulousain et les duels Villeneuve-Schumacher et H\u00e4kkinen-Schumacher \u00e0 la fin des ann\u00e9es 90, la Coupe du monde de football en 1998, l\u2019exploit du XV de France face aux All Blacks en 1999, mais aussi Richard C\u0153ur de Lion qui vole sur les montagnes du Tour de France. Bien parti pour devenir professeur d\u2019EPS, les \u00e9v\u00e9nements de la vie (et la flemme d\u2019animer des s\u00e9ances de 3x500 m\u00e8tres toute ma vie) m\u2019ont conduit \u00e0 revoir mes plans. Me voil\u00e0 depuis fin 2017 sur Dicodusport, m\u00e9dia gr\u00e2ce (et pour) lequel je partage ma passion : le sport dans tous ses \u00e9tats. Le tout accompagn\u00e9 par les fous furieux et folles furieuses cit\u00e9s sur cette page !\",\"sameAs\":[\"https:\/\/www.facebook.com\/florent.ostermann\",\"https:\/\/x.com\/https:\/\/twitter.com\/FlOstermann\",\"admin\"],\"url\":\"https:\/\/dicodusport.fr\/blog\/author\/flo\/\"}]}<\/script>\n<!-- \/ Yoast SEO Premium plugin. -->","yoast_head_json":{"title":"Grand Prix du Br\u00e9sil MotoGP 2026 : Les r\u00e9sultats complets","description":"Programme, horaires et r\u00e9sultats du Grand Prix du Br\u00e9sil de MotoGP 2026, deuxi\u00e8me manche du championnat du monde disput\u00e9e sur le circuit de Goi\u00e2nam.","robots":{"index":"index","follow":"follow","max-snippet":"max-snippet:-1","max-image-preview":"max-image-preview:large","max-video-preview":"max-video-preview:-1"},"canonical":"https:\/\/dicodusport.fr\/blog\/grand-prix-du-bresil-motogp-2026-programme-horaires-et-resultats\/","og_locale":"fr_FR","og_type":"article","og_title":"Grand Prix du Br\u00e9sil MotoGP 2026 : Les r\u00e9sultats complets","og_description":"Programme, horaires et r\u00e9sultats du Grand Prix du Br\u00e9sil de MotoGP 2026, deuxi\u00e8me manche du championnat du monde disput\u00e9e sur le circuit de Goi\u00e2nam.","og_url":"https:\/\/dicodusport.fr\/blog\/grand-prix-du-bresil-motogp-2026-programme-horaires-et-resultats\/","og_site_name":"Dicodusport","article_publisher":"https:\/\/www.facebook.com\/dicodusport","article_author":"https:\/\/www.facebook.com\/florent.ostermann","article_published_time":"2026-03-22T18:46:41+00:00","article_modified_time":"2026-03-22T18:46:48+00:00","og_image":[{"width":1200,"height":674,"url":"https:\/\/dicodusport.fr\/blog\/wp-content\/uploads\/2026\/03\/MotoGP-\u2013-La-grille-de-depart-du-Grand-Prix-du-Bresil-2026.png","type":"image\/png"}],"author":"Flo Ostermann","twitter_card":"summary_large_image","twitter_creator":"@https:\/\/twitter.com\/FlOstermann","twitter_site":"@dicodusport","schema":{"@context":"https:\/\/schema.org","@graph":[{"@type":"NewsArticle","@id":"https:\/\/dicodusport.fr\/blog\/grand-prix-du-bresil-motogp-2026-programme-horaires-et-resultats\/#article","isPartOf":{"@id":"https:\/\/dicodusport.fr\/blog\/grand-prix-du-bresil-motogp-2026-programme-horaires-et-resultats\/"},"author":{"name":"Flo Ostermann","@id":"https:\/\/dicodusport.fr\/blog\/#\/schema\/person\/cb02af4c173ce4a653b55e9baf388d4a"},"headline":"Grand Prix du Br\u00e9sil MotoGP 2026 : Les r\u00e9sultats complets","datePublished":"2026-03-22T18:46:41+00:00","dateModified":"2026-03-22T18:46:48+00:00","mainEntityOfPage":{"@id":"https:\/\/dicodusport.fr\/blog\/grand-prix-du-bresil-motogp-2026-programme-horaires-et-resultats\/"},"wordCount":971,"commentCount":0,"publisher":{"@id":"https:\/\/dicodusport.fr\/blog\/#organization"},"image":{"@id":"https:\/\/dicodusport.fr\/blog\/grand-prix-du-bresil-motogp-2026-programme-horaires-et-resultats\/#primaryimage"},"thumbnailUrl":"https:\/\/dicodusport.fr\/blog\/wp-content\/uploads\/2026\/03\/MotoGP-\u2013-La-grille-de-depart-du-Grand-Prix-du-Bresil-2026.png","keywords":["br\u00e8ve","Grand Prix du Br\u00e9sil MotoGP","MotoGP","MotoGP Br\u00e9sil"],"articleSection":["Cha\u00eene TV","MotoGP"],"inLanguage":"fr-FR","potentialAction":[{"@type":"CommentAction","name":"Comment","target":["https:\/\/dicodusport.fr\/blog\/grand-prix-du-bresil-motogp-2026-programme-horaires-et-resultats\/#respond"]}],"copyrightYear":"2026","copyrightHolder":{"@id":"https:\/\/dicodusport.fr\/blog\/#organization"}},{"@type":"WebPage","@id":"https:\/\/dicodusport.fr\/blog\/grand-prix-du-bresil-motogp-2026-programme-horaires-et-resultats\/","url":"https:\/\/dicodusport.fr\/blog\/grand-prix-du-bresil-motogp-2026-programme-horaires-et-resultats\/","name":"Grand Prix du Br\u00e9sil MotoGP 2026 : Les r\u00e9sultats complets","isPartOf":{"@id":"https:\/\/dicodusport.fr\/blog\/#website"},"primaryImageOfPage":{"@id":"https:\/\/dicodusport.fr\/blog\/grand-prix-du-bresil-motogp-2026-programme-horaires-et-resultats\/#primaryimage"},"image":{"@id":"https:\/\/dicodusport.fr\/blog\/grand-prix-du-bresil-motogp-2026-programme-horaires-et-resultats\/#primaryimage"},"thumbnailUrl":"https:\/\/dicodusport.fr\/blog\/wp-content\/uploads\/2026\/03\/MotoGP-\u2013-La-grille-de-depart-du-Grand-Prix-du-Bresil-2026.png","datePublished":"2026-03-22T18:46:41+00:00","dateModified":"2026-03-22T18:46:48+00:00","description":"Programme, horaires et r\u00e9sultats du Grand Prix du Br\u00e9sil de MotoGP 2026, deuxi\u00e8me manche du championnat du monde disput\u00e9e sur le circuit de Goi\u00e2nam.","breadcrumb":{"@id":"https:\/\/dicodusport.fr\/blog\/grand-prix-du-bresil-motogp-2026-programme-horaires-et-resultats\/#breadcrumb"},"inLanguage":"fr-FR","potentialAction":[{"@type":"ReadAction","target":["https:\/\/dicodusport.fr\/blog\/grand-prix-du-bresil-motogp-2026-programme-horaires-et-resultats\/"]}]},{"@type":"ImageObject","inLanguage":"fr-FR","@id":"https:\/\/dicodusport.fr\/blog\/grand-prix-du-bresil-motogp-2026-programme-horaires-et-resultats\/#primaryimage","url":"https:\/\/dicodusport.fr\/blog\/wp-content\/uploads\/2026\/03\/MotoGP-\u2013-La-grille-de-depart-du-Grand-Prix-du-Bresil-2026.png","contentUrl":"https:\/\/dicodusport.fr\/blog\/wp-content\/uploads\/2026\/03\/MotoGP-\u2013-La-grille-de-depart-du-Grand-Prix-du-Bresil-2026.png","width":1200,"height":674,"caption":"MotoGP \u2013 La grille de d\u00e9part du Grand Prix du Br\u00e9sil 2026"},{"@type":"BreadcrumbList","@id":"https:\/\/dicodusport.fr\/blog\/grand-prix-du-bresil-motogp-2026-programme-horaires-et-resultats\/#breadcrumb","itemListElement":[{"@type":"ListItem","position":1,"name":"Accueil","item":"https:\/\/dicodusport.fr\/blog\/"},{"@type":"ListItem","position":2,"name":"Grand Prix du Br\u00e9sil MotoGP 2026 : Les r\u00e9sultats complets"}]},{"@type":"WebSite","@id":"https:\/\/dicodusport.fr\/blog\/#website","url":"https:\/\/dicodusport.fr\/blog\/","name":"Dicodusport","description":"L&#039;encyclop\u00e9die de l&#039;actualit\u00e9 sportive","publisher":{"@id":"https:\/\/dicodusport.fr\/blog\/#organization"},"potentialAction":[{"@type":"SearchAction","target":{"@type":"EntryPoint","urlTemplate":"https:\/\/dicodusport.fr\/blog\/?s={search_term_string}"},"query-input":{"@type":"PropertyValueSpecification","valueRequired":true,"valueName":"search_term_string"}}],"inLanguage":"fr-FR"},{"@type":"NewsMediaOrganization","@id":"https:\/\/dicodusport.fr\/blog\/#organization","name":"Dicodusport","url":"https:\/\/dicodusport.fr\/blog\/","logo":{"@type":"ImageObject","inLanguage":"fr-FR","@id":"https:\/\/dicodusport.fr\/blog\/#\/schema\/logo\/image\/","url":"https:\/\/dicodusport.fr\/blog\/wp-content\/uploads\/2020\/06\/cropped-LOGO-DICODUSPORT-2020-SANS-FOND-SANS-TEXTE.png","contentUrl":"https:\/\/dicodusport.fr\/blog\/wp-content\/uploads\/2020\/06\/cropped-LOGO-DICODUSPORT-2020-SANS-FOND-SANS-TEXTE.png","width":512,"height":512,"caption":"Dicodusport"},"image":{"@id":"https:\/\/dicodusport.fr\/blog\/#\/schema\/logo\/image\/"},"sameAs":["https:\/\/www.facebook.com\/dicodusport","https:\/\/x.com\/dicodusport","https:\/\/www.instagram.com\/dicodusport\/","https:\/\/www.youtube.com\/channel\/UC7V2KZ5sd3htJivAbA4ZG3w"],"description":"Dicodusport est l'encyclop\u00e9die de l'actualit\u00e9 sportive.","email":"bonjour@dicodusport.fr","legalName":"DICODUSPORT","foundingDate":"2018-01-14","vatID":"FR71834470973","taxID":"83447097300043","numberOfEmployees":{"@type":"QuantitativeValue","minValue":"1","maxValue":"10"}},{"@type":"Person","@id":"https:\/\/dicodusport.fr\/blog\/#\/schema\/person\/cb02af4c173ce4a653b55e9baf388d4a","name":"Flo Ostermann","image":{"@type":"ImageObject","inLanguage":"fr-FR","@id":"https:\/\/dicodusport.fr\/blog\/#\/schema\/person\/image\/","url":"https:\/\/dicodusport.fr\/blog\/wp-content\/uploads\/2021\/05\/Flo-Ostermann-150x150.jpg","contentUrl":"https:\/\/dicodusport.fr\/blog\/wp-content\/uploads\/2021\/05\/Flo-Ostermann-150x150.jpg","caption":"Flo Ostermann"},"description":"Journaliste\/R\u00e9dacteur depuis septembre 2015 - Mes premiers souvenirs dans le sport ? Les envol\u00e9es du Stade Toulousain et les duels Villeneuve-Schumacher et H\u00e4kkinen-Schumacher \u00e0 la fin des ann\u00e9es 90, la Coupe du monde de football en 1998, l\u2019exploit du XV de France face aux All Blacks en 1999, mais aussi Richard C\u0153ur de Lion qui vole sur les montagnes du Tour de France. Bien parti pour devenir professeur d\u2019EPS, les \u00e9v\u00e9nements de la vie (et la flemme d\u2019animer des s\u00e9ances de 3x500 m\u00e8tres toute ma vie) m\u2019ont conduit \u00e0 revoir mes plans. Me voil\u00e0 depuis fin 2017 sur Dicodusport, m\u00e9dia gr\u00e2ce (et pour) lequel je partage ma passion : le sport dans tous ses \u00e9tats. Le tout accompagn\u00e9 par les fous furieux et folles furieuses cit\u00e9s sur cette page !","sameAs":["https:\/\/www.facebook.com\/florent.ostermann","https:\/\/x.com\/https:\/\/twitter.com\/FlOstermann","admin"],"url":"https:\/\/dicodusport.fr\/blog\/author\/flo\/"}]}},"_links":{"self":[{"href":"https:\/\/dicodusport.fr\/blog\/wp-json\/wp\/v2\/posts\/656542","targetHints":{"allow":["GET"]}}],"collection":[{"href":"https:\/\/dicodusport.fr\/blog\/wp-json\/wp\/v2\/posts"}],"about":[{"href":"https:\/\/dicodusport.fr\/blog\/wp-json\/wp\/v2\/types\/post"}],"author":[{"embeddable":true,"href":"https:\/\/dicodusport.fr\/blog\/wp-json\/wp\/v2\/users\/4"}],"replies":[{"embeddable":true,"href":"https:\/\/dicodusport.fr\/blog\/wp-json\/wp\/v2\/comments?post=656542"}],"version-history":[{"count":5,"href":"https:\/\/dicodusport.fr\/blog\/wp-json\/wp\/v2\/posts\/656542\/revisions"}],"predecessor-version":[{"id":657739,"href":"https:\/\/dicodusport.fr\/blog\/wp-json\/wp\/v2\/posts\/656542\/revisions\/657739"}],"wp:featuredmedia":[{"embeddable":true,"href":"https:\/\/dicodusport.fr\/blog\/wp-json\/wp\/v2\/media\/657017"}],"wp:attachment":[{"href":"https:\/\/dicodusport.fr\/blog\/wp-json\/wp\/v2\/media?parent=656542"}],"wp:term":[{"taxonomy":"category","embeddable":true,"href":"https:\/\/dicodusport.fr\/blog\/wp-json\/wp\/v2\/categories?post=656542"},{"taxonomy":"post_tag","embeddable":true,"href":"https:\/\/dicodusport.fr\/blog\/wp-json\/wp\/v2\/tags?post=656542"}],"curies":[{"name":"wp","href":"https:\/\/api.w.org\/{rel}","templated":true}]}}