{"id":656768,"date":"2026-03-19T22:56:56","date_gmt":"2026-03-19T21:56:56","guid":{"rendered":"https:\/\/dicodusport.fr\/blog\/?p=656768&#038;preview=true&#038;preview_id=656768"},"modified":"2026-03-19T23:19:15","modified_gmt":"2026-03-19T22:19:15","slug":"strasbourg-se-fait-peur-mais-valide-sa-qualification-pour-les-quarts","status":"publish","type":"post","link":"https:\/\/dicodusport.fr\/blog\/strasbourg-se-fait-peur-mais-valide-sa-qualification-pour-les-quarts\/","title":{"rendered":"Strasbourg se fait peur mais valide sa qualification pour les quarts de Ligue Europa Conf\u00e9rence"},"content":{"rendered":"<p style=\"text-align: justify;\"><strong><em>LIGUE EUROPA CONFERENCE 2025\/26 &#8211; Bouscul\u00e9, le Racing Club de Strasbourg a conc\u00e9d\u00e9 le nul (1-1) face \u00e0 Rijeka mais valide sa qualification pour les quarts de finale de la Ligue Europa Conf\u00e9rence.<\/em><\/strong><\/p>\n<p style=\"text-align: justify;\">Apr\u00e8s sa victoire 2-1 en <strong>Croatie<\/strong>, <strong>Strasbourg<\/strong> avait pour objectif de conserver son avance afin de se qualifier pour le tour suivant. Pour cela, <strong>O\u2019Neil<\/strong> n\u2019a pas fait tourner, notamment avec la titularisation des deux n\u00e9o-s\u00e9lectionn\u00e9s marocains, <strong>El Mourabet<\/strong> et <strong>Yassine<\/strong>.<\/p>\n<h2 style=\"text-align: justify;\">Rijeka frappe, le Racing inefficace avant la pause<\/h2>\n<p style=\"text-align: justify;\">Mais le d\u00e9but de match du <strong>Racing<\/strong> n\u2019a pas \u00e9t\u00e9 compl\u00e8tement rassurant. Malgr\u00e9 une domination dans la possession du ballon, <strong>Strasbourg<\/strong> a subi les occasions les plus franches c\u00f4t\u00e9 croate. Et ce manque d\u2019impact d\u00e9fensif s\u2019est rapidement pay\u00e9. Sur le c\u00f4t\u00e9 gauche, <strong>Adu-Adjei<\/strong> a trouv\u00e9 trop facilement <strong>Gojak<\/strong> dans la surface, qui est parvenu \u00e0 centrer en retrait. <strong>Fruk<\/strong> a conclu tranquillement en croisant son tir, remettant les deux \u00e9quipes \u00e0 \u00e9galit\u00e9 sur l\u2019ensemble des deux rencontres (0-1, 21e).<\/p>\n<p style=\"text-align: justify;\">Ce but a pouss\u00e9 les <strong>Strasbourgeois<\/strong> \u00e0 poursuivre leurs intentions offensives aper\u00e7ues depuis le d\u00e9but de la rencontre. Mais l\u2019efficacit\u00e9 du <strong>Racing<\/strong> n\u2019a pas \u00e9t\u00e9 au rendez-vous en premi\u00e8re p\u00e9riode. <strong>Enciso<\/strong> s\u2019est notamment montr\u00e9 en difficult\u00e9 devant le but, avec deux tirs \u00e0 bout portant terminant dans les tribunes. Le <strong>Racing Club<\/strong> est donc rentr\u00e9 aux vestiaires avec tout \u00e0 refaire en seconde p\u00e9riode.<\/p>\n<h2 style=\"text-align: justify;\">Nanasi r\u00e9veille et Barco sauve Strasbourg<\/h2>\n<p style=\"text-align: justify;\">Les <strong>Alsaciens<\/strong> sont revenus des vestiaires avec de meilleures intentions, plus tranchantes. D\u00e8s les premi\u00e8res minutes, ils ont pens\u00e9 \u00e9galiser. Sur un coup franc lointain, <strong>Hogsberg<\/strong> est parvenu \u00e0 prolonger vers <strong>Panichelli<\/strong>, qui a conclu, mais le d\u00e9fenseur danois \u00e9tait hors-jeu. Apr\u00e8s cette occasion, <strong>Strasbourg<\/strong> a commenc\u00e9 \u00e0 laisser le ballon aux <strong>Croates<\/strong>, qui ont su se cr\u00e9er des situations.<\/p>\n<p style=\"text-align: justify;\">Il a fallu attendre vingt minutes pour voir les premi\u00e8res frappes strasbourgeoises en seconde p\u00e9riode. Auteur d\u2019une bonne entr\u00e9e, <strong>Nanasi<\/strong> a notamment vu sa tentative partir en tribunes (67e). Mais le <strong>Su\u00e9dois<\/strong> s\u2019est montr\u00e9 d\u00e9cisif quelques minutes plus tard. Sur une r\u00e9cup\u00e9ration de <strong>El Mourabet<\/strong>, il a \u00e9t\u00e9 trouv\u00e9 c\u00f4t\u00e9 gauche, a provoqu\u00e9 son vis-\u00e0-vis et a gliss\u00e9 le ballon \u00e0 <strong>Barco<\/strong>, qui a parfaitement crois\u00e9 sa frappe dans le petit filet droit pour \u00e9galiser (<strong>1-1, 71e<\/strong>).<\/p>\n<p style=\"text-align: justify;\"><strong>Strasbourg<\/strong> a g\u00e9r\u00e9 la fin de rencontre mais a tout de m\u00eame eu peur avec un encha\u00eenement de corners dans les cinq derni\u00e8res minutes. Le <strong>Racing Club de Strasbourg<\/strong> s\u2019est donc qualifi\u00e9 pour son premier quart de finale en Coupe d\u2019Europe depuis <strong>1980<\/strong>.<\/p>\n<blockquote class=\"twitter-tweet\">\n<p dir=\"ltr\" lang=\"fr\">LES STRASBOURGEOIS L&rsquo;ONT FAIT \u2705<\/p>\n<p>Le <a href=\"https:\/\/twitter.com\/RCSA?ref_src=twsrc%5Etfw\">@RCSA<\/a> tient le nul \u00e0 la maison et se qualifie pour les 1\/4 de finale de la Ligue Conf\u00e9rence \u26a1\ufe0f<a href=\"https:\/\/twitter.com\/hashtag\/UECL?src=hash&amp;ref_src=twsrc%5Etfw\">#UECL<\/a> | <a href=\"https:\/\/twitter.com\/hashtag\/RCSAHNKR?src=hash&amp;ref_src=twsrc%5Etfw\">#RCSAHNKR<\/a> <a href=\"https:\/\/t.co\/4GPaa5uzMz\">pic.twitter.com\/4GPaa5uzMz<\/a><\/p>\n<p>\u2014 CANAL+ Foot (@CanalplusFoot) <a href=\"https:\/\/twitter.com\/CanalplusFoot\/status\/2034749918464602613?ref_src=twsrc%5Etfw\">March 19, 2026<\/a><\/p><\/blockquote>\n<p><script async src=\"https:\/\/platform.twitter.com\/widgets.js\" charset=\"utf-8\"><\/script><\/p>\n<div id=\"gtx-trans\" style=\"position: absolute; left: -14px; top: 40.9091px;\">\n<div class=\"gtx-trans-icon\"><\/div>\n<\/div>\n","protected":false},"excerpt":{"rendered":"<p>Bouscul\u00e9, le Racing Club de Strasbourg a conc\u00e9d\u00e9 le nul (1-1) face \u00e0 Rijeka mais valide sa qualification pour les quarts de finale de la Ligue Europa Conf\u00e9rence.<\/p>\n","protected":false},"author":110,"featured_media":656811,"comment_status":"open","ping_status":"closed","sticky":false,"template":"","format":"standard","meta":{"_acf_changed":false,"_daextam_enable_autolinks":"1","footnotes":""},"categories":[2301],"tags":[16878,19580,7550,24],"class_list":["post-656768","post","type-post","status-publish","format-standard","has-post-thumbnail","hentry","category-football","tag-breve","tag-ligue-europa-conference","tag-rc-strasbourg-alsace","tag-sport"],"acf":[],"yoast_head":"<!-- This site is optimized with the Yoast SEO Premium plugin v26.7 (Yoast SEO v26.7) - https:\/\/yoast.com\/wordpress\/plugins\/seo\/ -->\n<title>Strasbourg se fait peur mais valide sa qualification pour les quarts de Ligue Europa Conf\u00e9rence<\/title>\n<meta name=\"description\" content=\"Bouscul\u00e9, le Racing Club de Strasbourg a conc\u00e9d\u00e9 le nul (1-1) face \u00e0 Rijeka mais valide sa qualification pour les quarts de finale de la Ligue Europa Conf\u00e9rence.\" \/>\n<meta name=\"robots\" content=\"index, follow, max-snippet:-1, max-image-preview:large, max-video-preview:-1\" \/>\n<link rel=\"canonical\" href=\"https:\/\/dicodusport.fr\/blog\/strasbourg-se-fait-peur-mais-valide-sa-qualification-pour-les-quarts\/\" \/>\n<meta property=\"og:locale\" content=\"fr_FR\" \/>\n<meta property=\"og:type\" content=\"article\" \/>\n<meta property=\"og:title\" content=\"Strasbourg se fait peur mais valide sa qualification pour les quarts de Ligue Europa Conf\u00e9rence\" \/>\n<meta property=\"og:description\" content=\"Bouscul\u00e9, le Racing Club de Strasbourg a conc\u00e9d\u00e9 le nul (1-1) face \u00e0 Rijeka mais valide sa qualification pour les quarts de finale de la Ligue Europa Conf\u00e9rence.\" \/>\n<meta property=\"og:url\" content=\"https:\/\/dicodusport.fr\/blog\/strasbourg-se-fait-peur-mais-valide-sa-qualification-pour-les-quarts\/\" \/>\n<meta property=\"og:site_name\" content=\"Dicodusport\" \/>\n<meta property=\"article:publisher\" content=\"https:\/\/www.facebook.com\/dicodusport\" \/>\n<meta property=\"article:published_time\" content=\"2026-03-19T21:56:56+00:00\" \/>\n<meta property=\"article:modified_time\" content=\"2026-03-19T22:19:15+00:00\" \/>\n<meta property=\"og:image\" content=\"https:\/\/dicodusport.fr\/blog\/wp-content\/uploads\/2026\/03\/Strasbourg-se-fait-peur-mais-valide-sa-qualification-pour-les-quarts-de-finale-de-Ligue-Europe-Conference.png\" \/>\n\t<meta property=\"og:image:width\" content=\"1200\" \/>\n\t<meta property=\"og:image:height\" content=\"674\" \/>\n\t<meta property=\"og:image:type\" content=\"image\/png\" \/>\n<meta name=\"author\" content=\"Malo Clement\" \/>\n<meta name=\"twitter:card\" content=\"summary_large_image\" \/>\n<meta name=\"twitter:title\" content=\"Strasbourg se fait peur mais valide sa qualification pour les quarts de Ligue Europa Conf\u00e9rence\" \/>\n<meta name=\"twitter:creator\" content=\"@dicodusport\" \/>\n<meta name=\"twitter:site\" content=\"@dicodusport\" \/>\n<script type=\"application\/ld+json\" class=\"yoast-schema-graph\">{\"@context\":\"https:\/\/schema.org\",\"@graph\":[{\"@type\":\"NewsArticle\",\"@id\":\"https:\/\/dicodusport.fr\/blog\/strasbourg-se-fait-peur-mais-valide-sa-qualification-pour-les-quarts\/#article\",\"isPartOf\":{\"@id\":\"https:\/\/dicodusport.fr\/blog\/strasbourg-se-fait-peur-mais-valide-sa-qualification-pour-les-quarts\/\"},\"author\":{\"name\":\"Malo Clement\",\"@id\":\"https:\/\/dicodusport.fr\/blog\/#\/schema\/person\/c28883329a45cc92814310316945b3ce\"},\"headline\":\"Strasbourg se fait peur mais valide sa qualification pour les quarts de Ligue Europa Conf\u00e9rence\",\"datePublished\":\"2026-03-19T21:56:56+00:00\",\"dateModified\":\"2026-03-19T22:19:15+00:00\",\"mainEntityOfPage\":{\"@id\":\"https:\/\/dicodusport.fr\/blog\/strasbourg-se-fait-peur-mais-valide-sa-qualification-pour-les-quarts\/\"},\"wordCount\":499,\"commentCount\":0,\"publisher\":{\"@id\":\"https:\/\/dicodusport.fr\/blog\/#organization\"},\"image\":{\"@id\":\"https:\/\/dicodusport.fr\/blog\/strasbourg-se-fait-peur-mais-valide-sa-qualification-pour-les-quarts\/#primaryimage\"},\"thumbnailUrl\":\"https:\/\/dicodusport.fr\/blog\/wp-content\/uploads\/2026\/03\/Strasbourg-se-fait-peur-mais-valide-sa-qualification-pour-les-quarts-de-finale-de-Ligue-Europe-Conference.png\",\"keywords\":[\"br\u00e8ve\",\"Ligue Europa Conf\u00e9rence\",\"RC Strasbourg Alsace\",\"sport\"],\"articleSection\":[\"Football\"],\"inLanguage\":\"fr-FR\",\"potentialAction\":[{\"@type\":\"CommentAction\",\"name\":\"Comment\",\"target\":[\"https:\/\/dicodusport.fr\/blog\/strasbourg-se-fait-peur-mais-valide-sa-qualification-pour-les-quarts\/#respond\"]}],\"copyrightYear\":\"2026\",\"copyrightHolder\":{\"@id\":\"https:\/\/dicodusport.fr\/blog\/#organization\"}},{\"@type\":\"WebPage\",\"@id\":\"https:\/\/dicodusport.fr\/blog\/strasbourg-se-fait-peur-mais-valide-sa-qualification-pour-les-quarts\/\",\"url\":\"https:\/\/dicodusport.fr\/blog\/strasbourg-se-fait-peur-mais-valide-sa-qualification-pour-les-quarts\/\",\"name\":\"Strasbourg se fait peur mais valide sa qualification pour les quarts de Ligue Europa Conf\u00e9rence\",\"isPartOf\":{\"@id\":\"https:\/\/dicodusport.fr\/blog\/#website\"},\"primaryImageOfPage\":{\"@id\":\"https:\/\/dicodusport.fr\/blog\/strasbourg-se-fait-peur-mais-valide-sa-qualification-pour-les-quarts\/#primaryimage\"},\"image\":{\"@id\":\"https:\/\/dicodusport.fr\/blog\/strasbourg-se-fait-peur-mais-valide-sa-qualification-pour-les-quarts\/#primaryimage\"},\"thumbnailUrl\":\"https:\/\/dicodusport.fr\/blog\/wp-content\/uploads\/2026\/03\/Strasbourg-se-fait-peur-mais-valide-sa-qualification-pour-les-quarts-de-finale-de-Ligue-Europe-Conference.png\",\"datePublished\":\"2026-03-19T21:56:56+00:00\",\"dateModified\":\"2026-03-19T22:19:15+00:00\",\"description\":\"Bouscul\u00e9, le Racing Club de Strasbourg a conc\u00e9d\u00e9 le nul (1-1) face \u00e0 Rijeka mais valide sa qualification pour les quarts de finale de la Ligue Europa Conf\u00e9rence.\",\"breadcrumb\":{\"@id\":\"https:\/\/dicodusport.fr\/blog\/strasbourg-se-fait-peur-mais-valide-sa-qualification-pour-les-quarts\/#breadcrumb\"},\"inLanguage\":\"fr-FR\",\"potentialAction\":[{\"@type\":\"ReadAction\",\"target\":[\"https:\/\/dicodusport.fr\/blog\/strasbourg-se-fait-peur-mais-valide-sa-qualification-pour-les-quarts\/\"]}]},{\"@type\":\"ImageObject\",\"inLanguage\":\"fr-FR\",\"@id\":\"https:\/\/dicodusport.fr\/blog\/strasbourg-se-fait-peur-mais-valide-sa-qualification-pour-les-quarts\/#primaryimage\",\"url\":\"https:\/\/dicodusport.fr\/blog\/wp-content\/uploads\/2026\/03\/Strasbourg-se-fait-peur-mais-valide-sa-qualification-pour-les-quarts-de-finale-de-Ligue-Europe-Conference.png\",\"contentUrl\":\"https:\/\/dicodusport.fr\/blog\/wp-content\/uploads\/2026\/03\/Strasbourg-se-fait-peur-mais-valide-sa-qualification-pour-les-quarts-de-finale-de-Ligue-Europe-Conference.png\",\"width\":1200,\"height\":674,\"caption\":\"Strasbourg se fait peur mais valide sa qualification pour les quarts de finale de Ligue Europe Conf\u00e9rence\"},{\"@type\":\"BreadcrumbList\",\"@id\":\"https:\/\/dicodusport.fr\/blog\/strasbourg-se-fait-peur-mais-valide-sa-qualification-pour-les-quarts\/#breadcrumb\",\"itemListElement\":[{\"@type\":\"ListItem\",\"position\":1,\"name\":\"Accueil\",\"item\":\"https:\/\/dicodusport.fr\/blog\/\"},{\"@type\":\"ListItem\",\"position\":2,\"name\":\"Strasbourg se fait peur mais valide sa qualification pour les quarts de Ligue Europa Conf\u00e9rence\"}]},{\"@type\":\"WebSite\",\"@id\":\"https:\/\/dicodusport.fr\/blog\/#website\",\"url\":\"https:\/\/dicodusport.fr\/blog\/\",\"name\":\"Dicodusport\",\"description\":\"L&#039;encyclop\u00e9die de l&#039;actualit\u00e9 sportive\",\"publisher\":{\"@id\":\"https:\/\/dicodusport.fr\/blog\/#organization\"},\"potentialAction\":[{\"@type\":\"SearchAction\",\"target\":{\"@type\":\"EntryPoint\",\"urlTemplate\":\"https:\/\/dicodusport.fr\/blog\/?s={search_term_string}\"},\"query-input\":{\"@type\":\"PropertyValueSpecification\",\"valueRequired\":true,\"valueName\":\"search_term_string\"}}],\"inLanguage\":\"fr-FR\"},{\"@type\":\"NewsMediaOrganization\",\"@id\":\"https:\/\/dicodusport.fr\/blog\/#organization\",\"name\":\"Dicodusport\",\"url\":\"https:\/\/dicodusport.fr\/blog\/\",\"logo\":{\"@type\":\"ImageObject\",\"inLanguage\":\"fr-FR\",\"@id\":\"https:\/\/dicodusport.fr\/blog\/#\/schema\/logo\/image\/\",\"url\":\"https:\/\/dicodusport.fr\/blog\/wp-content\/uploads\/2020\/06\/cropped-LOGO-DICODUSPORT-2020-SANS-FOND-SANS-TEXTE.png\",\"contentUrl\":\"https:\/\/dicodusport.fr\/blog\/wp-content\/uploads\/2020\/06\/cropped-LOGO-DICODUSPORT-2020-SANS-FOND-SANS-TEXTE.png\",\"width\":512,\"height\":512,\"caption\":\"Dicodusport\"},\"image\":{\"@id\":\"https:\/\/dicodusport.fr\/blog\/#\/schema\/logo\/image\/\"},\"sameAs\":[\"https:\/\/www.facebook.com\/dicodusport\",\"https:\/\/x.com\/dicodusport\",\"https:\/\/www.instagram.com\/dicodusport\/\",\"https:\/\/www.youtube.com\/channel\/UC7V2KZ5sd3htJivAbA4ZG3w\"],\"description\":\"Dicodusport est l'encyclop\u00e9die de l'actualit\u00e9 sportive.\",\"email\":\"bonjour@dicodusport.fr\",\"legalName\":\"DICODUSPORT\",\"foundingDate\":\"2018-01-14\",\"vatID\":\"FR71834470973\",\"taxID\":\"83447097300043\",\"numberOfEmployees\":{\"@type\":\"QuantitativeValue\",\"minValue\":\"1\",\"maxValue\":\"10\"}},{\"@type\":\"Person\",\"@id\":\"https:\/\/dicodusport.fr\/blog\/#\/schema\/person\/c28883329a45cc92814310316945b3ce\",\"name\":\"Malo Clement\",\"image\":{\"@type\":\"ImageObject\",\"inLanguage\":\"fr-FR\",\"@id\":\"https:\/\/dicodusport.fr\/blog\/#\/schema\/person\/image\/\",\"url\":\"https:\/\/dicodusport.fr\/blog\/wp-content\/uploads\/2025\/02\/Maillot-Dicodusport-Malo-150x150.png\",\"contentUrl\":\"https:\/\/dicodusport.fr\/blog\/wp-content\/uploads\/2025\/02\/Maillot-Dicodusport-Malo-150x150.png\",\"caption\":\"Malo Clement\"},\"description\":\"Fan de sport depuis mes 10 ans, mes premiers souvenirs de stade sont le Racing M\u00e9tro 92 \u00e0 Yves du Manoir, le XV de France et le PSG de Nen\u00ea. Celui d\u2019Ibra, Lucas, Cavani et Verratti m\u2019ont d\u00e9finitivement emport\u00e9 dans le football, au d\u00e9sarroi de ma famille. Entre les finales perdues de Champions Cup et les m\u00e9saventures en Ligue des Champions, j\u2019ai eu le nez fin. Au-del\u00e0 de mes clubs franciliens, je m\u2019int\u00e9resse au sport en g\u00e9n\u00e9ral et principalement \u00e0 la d\u00e9couverte de jeunes sportifs. Cela a commenc\u00e9 par Football Manager et j'ai repris \u00e7a avec les sports automobiles. Depuis 2020, mes dimanches apr\u00e8s-midi sont occup\u00e9s par Julien F\u00e9breau et la Formule 1. L\u2019endurance, la F2, la F3 et les autres championnats compl\u00e8tent mes week-ends. J\u2019ai rejoint Dicodusport en novembre 2024 et je suis ravi d\u2019\u00eatre le cadet de la r\u00e9daction.\",\"url\":\"https:\/\/dicodusport.fr\/blog\/author\/clement-malo\/\"}]}<\/script>\n<!-- \/ Yoast SEO Premium plugin. -->","yoast_head_json":{"title":"Strasbourg se fait peur mais valide sa qualification pour les quarts de Ligue Europa Conf\u00e9rence","description":"Bouscul\u00e9, le Racing Club de Strasbourg a conc\u00e9d\u00e9 le nul (1-1) face \u00e0 Rijeka mais valide sa qualification pour les quarts de finale de la Ligue Europa Conf\u00e9rence.","robots":{"index":"index","follow":"follow","max-snippet":"max-snippet:-1","max-image-preview":"max-image-preview:large","max-video-preview":"max-video-preview:-1"},"canonical":"https:\/\/dicodusport.fr\/blog\/strasbourg-se-fait-peur-mais-valide-sa-qualification-pour-les-quarts\/","og_locale":"fr_FR","og_type":"article","og_title":"Strasbourg se fait peur mais valide sa qualification pour les quarts de Ligue Europa Conf\u00e9rence","og_description":"Bouscul\u00e9, le Racing Club de Strasbourg a conc\u00e9d\u00e9 le nul (1-1) face \u00e0 Rijeka mais valide sa qualification pour les quarts de finale de la Ligue Europa Conf\u00e9rence.","og_url":"https:\/\/dicodusport.fr\/blog\/strasbourg-se-fait-peur-mais-valide-sa-qualification-pour-les-quarts\/","og_site_name":"Dicodusport","article_publisher":"https:\/\/www.facebook.com\/dicodusport","article_published_time":"2026-03-19T21:56:56+00:00","article_modified_time":"2026-03-19T22:19:15+00:00","og_image":[{"width":1200,"height":674,"url":"https:\/\/dicodusport.fr\/blog\/wp-content\/uploads\/2026\/03\/Strasbourg-se-fait-peur-mais-valide-sa-qualification-pour-les-quarts-de-finale-de-Ligue-Europe-Conference.png","type":"image\/png"}],"author":"Malo Clement","twitter_card":"summary_large_image","twitter_title":"Strasbourg se fait peur mais valide sa qualification pour les quarts de Ligue Europa Conf\u00e9rence","twitter_creator":"@dicodusport","twitter_site":"@dicodusport","schema":{"@context":"https:\/\/schema.org","@graph":[{"@type":"NewsArticle","@id":"https:\/\/dicodusport.fr\/blog\/strasbourg-se-fait-peur-mais-valide-sa-qualification-pour-les-quarts\/#article","isPartOf":{"@id":"https:\/\/dicodusport.fr\/blog\/strasbourg-se-fait-peur-mais-valide-sa-qualification-pour-les-quarts\/"},"author":{"name":"Malo Clement","@id":"https:\/\/dicodusport.fr\/blog\/#\/schema\/person\/c28883329a45cc92814310316945b3ce"},"headline":"Strasbourg se fait peur mais valide sa qualification pour les quarts de Ligue Europa Conf\u00e9rence","datePublished":"2026-03-19T21:56:56+00:00","dateModified":"2026-03-19T22:19:15+00:00","mainEntityOfPage":{"@id":"https:\/\/dicodusport.fr\/blog\/strasbourg-se-fait-peur-mais-valide-sa-qualification-pour-les-quarts\/"},"wordCount":499,"commentCount":0,"publisher":{"@id":"https:\/\/dicodusport.fr\/blog\/#organization"},"image":{"@id":"https:\/\/dicodusport.fr\/blog\/strasbourg-se-fait-peur-mais-valide-sa-qualification-pour-les-quarts\/#primaryimage"},"thumbnailUrl":"https:\/\/dicodusport.fr\/blog\/wp-content\/uploads\/2026\/03\/Strasbourg-se-fait-peur-mais-valide-sa-qualification-pour-les-quarts-de-finale-de-Ligue-Europe-Conference.png","keywords":["br\u00e8ve","Ligue Europa Conf\u00e9rence","RC Strasbourg Alsace","sport"],"articleSection":["Football"],"inLanguage":"fr-FR","potentialAction":[{"@type":"CommentAction","name":"Comment","target":["https:\/\/dicodusport.fr\/blog\/strasbourg-se-fait-peur-mais-valide-sa-qualification-pour-les-quarts\/#respond"]}],"copyrightYear":"2026","copyrightHolder":{"@id":"https:\/\/dicodusport.fr\/blog\/#organization"}},{"@type":"WebPage","@id":"https:\/\/dicodusport.fr\/blog\/strasbourg-se-fait-peur-mais-valide-sa-qualification-pour-les-quarts\/","url":"https:\/\/dicodusport.fr\/blog\/strasbourg-se-fait-peur-mais-valide-sa-qualification-pour-les-quarts\/","name":"Strasbourg se fait peur mais valide sa qualification pour les quarts de Ligue Europa Conf\u00e9rence","isPartOf":{"@id":"https:\/\/dicodusport.fr\/blog\/#website"},"primaryImageOfPage":{"@id":"https:\/\/dicodusport.fr\/blog\/strasbourg-se-fait-peur-mais-valide-sa-qualification-pour-les-quarts\/#primaryimage"},"image":{"@id":"https:\/\/dicodusport.fr\/blog\/strasbourg-se-fait-peur-mais-valide-sa-qualification-pour-les-quarts\/#primaryimage"},"thumbnailUrl":"https:\/\/dicodusport.fr\/blog\/wp-content\/uploads\/2026\/03\/Strasbourg-se-fait-peur-mais-valide-sa-qualification-pour-les-quarts-de-finale-de-Ligue-Europe-Conference.png","datePublished":"2026-03-19T21:56:56+00:00","dateModified":"2026-03-19T22:19:15+00:00","description":"Bouscul\u00e9, le Racing Club de Strasbourg a conc\u00e9d\u00e9 le nul (1-1) face \u00e0 Rijeka mais valide sa qualification pour les quarts de finale de la Ligue Europa Conf\u00e9rence.","breadcrumb":{"@id":"https:\/\/dicodusport.fr\/blog\/strasbourg-se-fait-peur-mais-valide-sa-qualification-pour-les-quarts\/#breadcrumb"},"inLanguage":"fr-FR","potentialAction":[{"@type":"ReadAction","target":["https:\/\/dicodusport.fr\/blog\/strasbourg-se-fait-peur-mais-valide-sa-qualification-pour-les-quarts\/"]}]},{"@type":"ImageObject","inLanguage":"fr-FR","@id":"https:\/\/dicodusport.fr\/blog\/strasbourg-se-fait-peur-mais-valide-sa-qualification-pour-les-quarts\/#primaryimage","url":"https:\/\/dicodusport.fr\/blog\/wp-content\/uploads\/2026\/03\/Strasbourg-se-fait-peur-mais-valide-sa-qualification-pour-les-quarts-de-finale-de-Ligue-Europe-Conference.png","contentUrl":"https:\/\/dicodusport.fr\/blog\/wp-content\/uploads\/2026\/03\/Strasbourg-se-fait-peur-mais-valide-sa-qualification-pour-les-quarts-de-finale-de-Ligue-Europe-Conference.png","width":1200,"height":674,"caption":"Strasbourg se fait peur mais valide sa qualification pour les quarts de finale de Ligue Europe Conf\u00e9rence"},{"@type":"BreadcrumbList","@id":"https:\/\/dicodusport.fr\/blog\/strasbourg-se-fait-peur-mais-valide-sa-qualification-pour-les-quarts\/#breadcrumb","itemListElement":[{"@type":"ListItem","position":1,"name":"Accueil","item":"https:\/\/dicodusport.fr\/blog\/"},{"@type":"ListItem","position":2,"name":"Strasbourg se fait peur mais valide sa qualification pour les quarts de Ligue Europa Conf\u00e9rence"}]},{"@type":"WebSite","@id":"https:\/\/dicodusport.fr\/blog\/#website","url":"https:\/\/dicodusport.fr\/blog\/","name":"Dicodusport","description":"L&#039;encyclop\u00e9die de l&#039;actualit\u00e9 sportive","publisher":{"@id":"https:\/\/dicodusport.fr\/blog\/#organization"},"potentialAction":[{"@type":"SearchAction","target":{"@type":"EntryPoint","urlTemplate":"https:\/\/dicodusport.fr\/blog\/?s={search_term_string}"},"query-input":{"@type":"PropertyValueSpecification","valueRequired":true,"valueName":"search_term_string"}}],"inLanguage":"fr-FR"},{"@type":"NewsMediaOrganization","@id":"https:\/\/dicodusport.fr\/blog\/#organization","name":"Dicodusport","url":"https:\/\/dicodusport.fr\/blog\/","logo":{"@type":"ImageObject","inLanguage":"fr-FR","@id":"https:\/\/dicodusport.fr\/blog\/#\/schema\/logo\/image\/","url":"https:\/\/dicodusport.fr\/blog\/wp-content\/uploads\/2020\/06\/cropped-LOGO-DICODUSPORT-2020-SANS-FOND-SANS-TEXTE.png","contentUrl":"https:\/\/dicodusport.fr\/blog\/wp-content\/uploads\/2020\/06\/cropped-LOGO-DICODUSPORT-2020-SANS-FOND-SANS-TEXTE.png","width":512,"height":512,"caption":"Dicodusport"},"image":{"@id":"https:\/\/dicodusport.fr\/blog\/#\/schema\/logo\/image\/"},"sameAs":["https:\/\/www.facebook.com\/dicodusport","https:\/\/x.com\/dicodusport","https:\/\/www.instagram.com\/dicodusport\/","https:\/\/www.youtube.com\/channel\/UC7V2KZ5sd3htJivAbA4ZG3w"],"description":"Dicodusport est l'encyclop\u00e9die de l'actualit\u00e9 sportive.","email":"bonjour@dicodusport.fr","legalName":"DICODUSPORT","foundingDate":"2018-01-14","vatID":"FR71834470973","taxID":"83447097300043","numberOfEmployees":{"@type":"QuantitativeValue","minValue":"1","maxValue":"10"}},{"@type":"Person","@id":"https:\/\/dicodusport.fr\/blog\/#\/schema\/person\/c28883329a45cc92814310316945b3ce","name":"Malo Clement","image":{"@type":"ImageObject","inLanguage":"fr-FR","@id":"https:\/\/dicodusport.fr\/blog\/#\/schema\/person\/image\/","url":"https:\/\/dicodusport.fr\/blog\/wp-content\/uploads\/2025\/02\/Maillot-Dicodusport-Malo-150x150.png","contentUrl":"https:\/\/dicodusport.fr\/blog\/wp-content\/uploads\/2025\/02\/Maillot-Dicodusport-Malo-150x150.png","caption":"Malo Clement"},"description":"Fan de sport depuis mes 10 ans, mes premiers souvenirs de stade sont le Racing M\u00e9tro 92 \u00e0 Yves du Manoir, le XV de France et le PSG de Nen\u00ea. Celui d\u2019Ibra, Lucas, Cavani et Verratti m\u2019ont d\u00e9finitivement emport\u00e9 dans le football, au d\u00e9sarroi de ma famille. Entre les finales perdues de Champions Cup et les m\u00e9saventures en Ligue des Champions, j\u2019ai eu le nez fin. Au-del\u00e0 de mes clubs franciliens, je m\u2019int\u00e9resse au sport en g\u00e9n\u00e9ral et principalement \u00e0 la d\u00e9couverte de jeunes sportifs. Cela a commenc\u00e9 par Football Manager et j'ai repris \u00e7a avec les sports automobiles. Depuis 2020, mes dimanches apr\u00e8s-midi sont occup\u00e9s par Julien F\u00e9breau et la Formule 1. L\u2019endurance, la F2, la F3 et les autres championnats compl\u00e8tent mes week-ends. J\u2019ai rejoint Dicodusport en novembre 2024 et je suis ravi d\u2019\u00eatre le cadet de la r\u00e9daction.","url":"https:\/\/dicodusport.fr\/blog\/author\/clement-malo\/"}]}},"_links":{"self":[{"href":"https:\/\/dicodusport.fr\/blog\/wp-json\/wp\/v2\/posts\/656768","targetHints":{"allow":["GET"]}}],"collection":[{"href":"https:\/\/dicodusport.fr\/blog\/wp-json\/wp\/v2\/posts"}],"about":[{"href":"https:\/\/dicodusport.fr\/blog\/wp-json\/wp\/v2\/types\/post"}],"author":[{"embeddable":true,"href":"https:\/\/dicodusport.fr\/blog\/wp-json\/wp\/v2\/users\/110"}],"replies":[{"embeddable":true,"href":"https:\/\/dicodusport.fr\/blog\/wp-json\/wp\/v2\/comments?post=656768"}],"version-history":[{"count":5,"href":"https:\/\/dicodusport.fr\/blog\/wp-json\/wp\/v2\/posts\/656768\/revisions"}],"predecessor-version":[{"id":656826,"href":"https:\/\/dicodusport.fr\/blog\/wp-json\/wp\/v2\/posts\/656768\/revisions\/656826"}],"wp:featuredmedia":[{"embeddable":true,"href":"https:\/\/dicodusport.fr\/blog\/wp-json\/wp\/v2\/media\/656811"}],"wp:attachment":[{"href":"https:\/\/dicodusport.fr\/blog\/wp-json\/wp\/v2\/media?parent=656768"}],"wp:term":[{"taxonomy":"category","embeddable":true,"href":"https:\/\/dicodusport.fr\/blog\/wp-json\/wp\/v2\/categories?post=656768"},{"taxonomy":"post_tag","embeddable":true,"href":"https:\/\/dicodusport.fr\/blog\/wp-json\/wp\/v2\/tags?post=656768"}],"curies":[{"name":"wp","href":"https:\/\/api.w.org\/{rel}","templated":true}]}}