{"id":656858,"date":"2026-03-20T10:26:33","date_gmt":"2026-03-20T09:26:33","guid":{"rendered":"https:\/\/dicodusport.fr\/blog\/?p=656858&#038;preview=true&#038;preview_id=656858"},"modified":"2026-03-20T10:39:53","modified_gmt":"2026-03-20T09:39:53","slug":"a-peine-devenu-international-temo-matiu-a-deja-tranche-pour-son-avenir","status":"publish","type":"post","link":"https:\/\/dicodusport.fr\/blog\/a-peine-devenu-international-temo-matiu-a-deja-tranche-pour-son-avenir\/","title":{"rendered":"\u00c0 peine devenu international, Temo Matiu a d\u00e9j\u00e0 tranch\u00e9 pour son avenir"},"content":{"rendered":"<p style=\"text-align: justify;\"><strong><em>L&rsquo;Union Bordeaux-B\u00e8gles a annonc\u00e9 la prolongation du jeune international Temo Matiu pour plusieurs saisons.<\/em><\/strong><\/p>\n<p style=\"text-align: justify;\">Toujours en qu\u00eate d&rsquo;un premier <strong>Bouclier de Brennus<\/strong>, l&rsquo;<a href=\"https:\/\/dicodusport.fr\/blog\/tag\/union-bordeaux-begles\/\"><strong>Union Bordeaux-B\u00e8gles<\/strong><\/a> appara\u00eet l\u00e9g\u00e8rement en retrait en phase r\u00e9guli\u00e8re de <strong>Top 14<\/strong> par rapport \u00e0 la saison derni\u00e8re. Les champions d&rsquo;Europe ont n\u00e9anmoins d\u00e9j\u00e0 lanc\u00e9 leur mercato estival depuis plusieurs mois, avec plusieurs recrues d\u00e9j\u00e0 officialis\u00e9es, dont <strong>Hugo Reus<\/strong>, <strong>Tom Willis<\/strong> ou encore <strong>Alex Moon<\/strong>.<\/p>\n<ul style=\"text-align: justify;\">\n<li><strong>\u00c0 lire aussi &#8211; <a href=\"https:\/\/dicodusport.fr\/blog\/cest-officiel-la-pepite-luka-keletaona-signe-chez-un-cador-de-top-14\/\" target=\"_blank\" rel=\"noopener\">C\u2019est officiel, la p\u00e9pite Luka Keletaona signe chez un cador de Top 14<\/a><\/strong><\/li>\n<\/ul>\n<h2 style=\"text-align: justify;\">Temo Matiu prolonge avec l\u2019UBB jusqu\u2019en 2029<\/h2>\n<p style=\"text-align: justify;\">Au rayon des prolongations, le club girondin vient \u00e9galement de frapper un grand coup. Jeudi en fin de journ\u00e9e, l&rsquo;<strong>Union Bordeaux-B\u00e8gles<\/strong> a officialis\u00e9 la prolongation de l\u2019un des plus grands espoirs du rugby fran\u00e7ais, le troisi\u00e8me ligne <strong>Temo Matiu<\/strong>. Arriv\u00e9 en provenance du <strong>Biarritz Olympique<\/strong> \u00e0 l\u2019\u00e9t\u00e9 2024, l\u2019avant de 24 ans confirme depuis toutes les attentes plac\u00e9es en lui au plus haut niveau.<\/p>\n<p style=\"text-align: justify;\">Titulaire avec le <strong>XV de France<\/strong> face \u00e0 l&rsquo;<strong>Angleterre<\/strong>, il a \u00e9galement remport\u00e9 son premier <strong>Tournoi des 6 Nations<\/strong> il y a quelques jours. Capable d\u2019\u00e9voluer aussi bien sur le c\u00f4t\u00e9 de la troisi\u00e8me ligne que dans l\u2019axe, c\u2019est au poste de num\u00e9ro huit qu\u2019il s\u2019est progressivement impos\u00e9 \u00e0 l\u2019<strong>Union Bordeaux-B\u00e8gles<\/strong>. <strong>Temo Matiu<\/strong> est d\u00e9sormais li\u00e9 au club girondin jusqu\u2019en juin 2029.<\/p>\n<h3 style=\"text-align: justify;\">\u00c0 ce sujet<\/h3>\n<div class=\"vlp-link-container vlp-layout-article\"><a href=\"https:\/\/dicodusport.fr\/blog\/au-terme-dun-match-fou-le-xv-de-france-bat-langleterre-a-la-sirene-et-arrache-le-tournoi\/\" class=\"vlp-link\" title=\"Au terme d&#039;un match fou, le XV de France bat l&#039;Angleterre \u00e0 la sir\u00e8ne et arrache le Tournoi !\"><\/a><div class=\"vlp-layout-zone-side\"><div class=\"vlp-block-4 vlp-link-image\"><img loading=\"lazy\" decoding=\"async\" style=\"max-width: 792px;\" width=\"792\" height=\"445\" src=\"https:\/\/dicodusport.fr\/blog\/wp-content\/uploads\/2026\/03\/Au-terme-dun-match-fou-le-XV-de-France-bat-lAngleterre-a-la-sirene-et-arrache-le-Tournoi-.png\" class=\"attachment-800x445 size-800x445\" alt=\"Au terme d&#039;un match fou, le XV de France bat l&#039;Angleterre \u00e0 la sir\u00e8ne et arrache le Tournoi !\" srcset=\"https:\/\/dicodusport.fr\/blog\/wp-content\/uploads\/2026\/03\/Au-terme-dun-match-fou-le-XV-de-France-bat-lAngleterre-a-la-sirene-et-arrache-le-Tournoi-.png 1200w, https:\/\/dicodusport.fr\/blog\/wp-content\/uploads\/2026\/03\/Au-terme-dun-match-fou-le-XV-de-France-bat-lAngleterre-a-la-sirene-et-arrache-le-Tournoi--300x169.png 300w, https:\/\/dicodusport.fr\/blog\/wp-content\/uploads\/2026\/03\/Au-terme-dun-match-fou-le-XV-de-France-bat-lAngleterre-a-la-sirene-et-arrache-le-Tournoi--1024x575.png 1024w, https:\/\/dicodusport.fr\/blog\/wp-content\/uploads\/2026\/03\/Au-terme-dun-match-fou-le-XV-de-France-bat-lAngleterre-a-la-sirene-et-arrache-le-Tournoi--768x431.png 768w\" sizes=\"auto, (max-width: 792px) 100vw, 792px\" \/><\/div><\/div><div class=\"vlp-layout-zone-main\"><div class=\"vlp-block-0 vlp-link-title\">Au terme d'un match fou, le XV de France bat l'Angleterre \u00e0 la sir\u00e8ne et arrache le Tournoi !<\/div><div class=\"vlp-block-1 vlp-link-summary\">TOURNOI DES SIX NATIONS 2026 - \u00c0 l'issue d'une rencontre dingue, le XV de France a arrach\u00e9 la victoire \u00e0 derni\u00e8re seconde gr\u00e2ce \u00e0 une p\u00e9nalit\u00e9 d\u00e9cisive de Ramos (48-46). Une victoire \u00e9triqu\u00e9e synonyme de gain du Tournoi !<\/div><div class=\"vlp-block-2 vlp-link-button\">Lire l'article<\/div><div class=\"vlp-block-3 vlp-link-url\">dicodusport.fr<\/div><\/div><\/div>\n<div id=\"gtx-trans\" style=\"position: absolute; left: -14px; top: 40.9091px;\">\n<div class=\"gtx-trans-icon\" style=\"text-align: justify;\"><\/div>\n<\/div>\n","protected":false},"excerpt":{"rendered":"<p>L&rsquo;Union Bordeaux-B\u00e8gles a annonc\u00e9 la prolongation du jeune international Temo Matiu pour plusieurs saisons.<\/p>\n","protected":false},"author":1,"featured_media":656859,"comment_status":"open","ping_status":"closed","sticky":false,"template":"","format":"standard","meta":{"_acf_changed":false,"_daextam_enable_autolinks":"1","footnotes":""},"categories":[47050],"tags":[32415,16878,29105,1567],"class_list":["post-656858","post","type-post","status-publish","format-standard","has-post-thumbnail","hentry","category-top-14","tag-actu","tag-breve","tag-transferts-rugby","tag-ubb"],"acf":[],"yoast_head":"<!-- This site is optimized with the Yoast SEO Premium plugin v26.7 (Yoast SEO v26.7) - https:\/\/yoast.com\/wordpress\/plugins\/seo\/ -->\n<title>\u00c0 peine devenu international, Temo Matiu a d\u00e9j\u00e0 tranch\u00e9 pour son avenir<\/title>\n<meta name=\"description\" content=\"L&#039;Union Bordeaux-B\u00e8gles a annonc\u00e9 la prolongation du jeune international Temo Matiu pour plusieurs saisons.\" \/>\n<meta name=\"robots\" content=\"index, follow, max-snippet:-1, max-image-preview:large, max-video-preview:-1\" \/>\n<link rel=\"canonical\" href=\"https:\/\/dicodusport.fr\/blog\/a-peine-devenu-international-temo-matiu-a-deja-tranche-pour-son-avenir\/\" \/>\n<meta property=\"og:locale\" content=\"fr_FR\" \/>\n<meta property=\"og:type\" content=\"article\" \/>\n<meta property=\"og:title\" content=\"\u00c0 peine devenu international, Temo Matiu a d\u00e9j\u00e0 tranch\u00e9 pour son avenir\" \/>\n<meta property=\"og:description\" content=\"L&#039;Union Bordeaux-B\u00e8gles a annonc\u00e9 la prolongation du jeune international Temo Matiu pour plusieurs saisons.\" \/>\n<meta property=\"og:url\" content=\"https:\/\/dicodusport.fr\/blog\/a-peine-devenu-international-temo-matiu-a-deja-tranche-pour-son-avenir\/\" \/>\n<meta property=\"og:site_name\" content=\"Dicodusport\" \/>\n<meta property=\"article:publisher\" content=\"https:\/\/www.facebook.com\/dicodusport\" \/>\n<meta property=\"article:author\" content=\"https:\/\/www.facebook.com\/dicodusport\" \/>\n<meta property=\"article:published_time\" content=\"2026-03-20T09:26:33+00:00\" \/>\n<meta property=\"article:modified_time\" content=\"2026-03-20T09:39:53+00:00\" \/>\n<meta property=\"og:image\" content=\"https:\/\/dicodusport.fr\/blog\/wp-content\/uploads\/2026\/03\/A-peine-devenu-international-Temo-Matiu-a-deja-tranche-pour-son-avenir.png\" \/>\n\t<meta property=\"og:image:width\" content=\"1200\" \/>\n\t<meta property=\"og:image:height\" content=\"674\" \/>\n\t<meta property=\"og:image:type\" content=\"image\/png\" \/>\n<meta name=\"author\" content=\"Nicolas Jacquemard\" \/>\n<meta name=\"twitter:card\" content=\"summary_large_image\" \/>\n<meta name=\"twitter:title\" content=\"\u00c0 peine devenu international, Temo Matiu a d\u00e9j\u00e0 tranch\u00e9 pour son avenir\" \/>\n<meta name=\"twitter:creator\" content=\"@https:\/\/twitter.com\/Nico_Jacquemard\" \/>\n<meta name=\"twitter:site\" content=\"@dicodusport\" \/>\n<script type=\"application\/ld+json\" class=\"yoast-schema-graph\">{\"@context\":\"https:\/\/schema.org\",\"@graph\":[{\"@type\":\"NewsArticle\",\"@id\":\"https:\/\/dicodusport.fr\/blog\/a-peine-devenu-international-temo-matiu-a-deja-tranche-pour-son-avenir\/#article\",\"isPartOf\":{\"@id\":\"https:\/\/dicodusport.fr\/blog\/a-peine-devenu-international-temo-matiu-a-deja-tranche-pour-son-avenir\/\"},\"author\":{\"name\":\"Nicolas Jacquemard\",\"@id\":\"https:\/\/dicodusport.fr\/blog\/#\/schema\/person\/55dcb50ad410894e431ed812bbb70191\"},\"headline\":\"\u00c0 peine devenu international, Temo Matiu a d\u00e9j\u00e0 tranch\u00e9 pour son avenir\",\"datePublished\":\"2026-03-20T09:26:33+00:00\",\"dateModified\":\"2026-03-20T09:39:53+00:00\",\"mainEntityOfPage\":{\"@id\":\"https:\/\/dicodusport.fr\/blog\/a-peine-devenu-international-temo-matiu-a-deja-tranche-pour-son-avenir\/\"},\"wordCount\":357,\"commentCount\":0,\"publisher\":{\"@id\":\"https:\/\/dicodusport.fr\/blog\/#organization\"},\"image\":{\"@id\":\"https:\/\/dicodusport.fr\/blog\/a-peine-devenu-international-temo-matiu-a-deja-tranche-pour-son-avenir\/#primaryimage\"},\"thumbnailUrl\":\"https:\/\/dicodusport.fr\/blog\/wp-content\/uploads\/2026\/03\/A-peine-devenu-international-Temo-Matiu-a-deja-tranche-pour-son-avenir.png\",\"keywords\":[\"actu\",\"br\u00e8ve\",\"Transferts rugby\",\"UBB\"],\"articleSection\":[\"Top 14\"],\"inLanguage\":\"fr-FR\",\"potentialAction\":[{\"@type\":\"CommentAction\",\"name\":\"Comment\",\"target\":[\"https:\/\/dicodusport.fr\/blog\/a-peine-devenu-international-temo-matiu-a-deja-tranche-pour-son-avenir\/#respond\"]}],\"copyrightYear\":\"2026\",\"copyrightHolder\":{\"@id\":\"https:\/\/dicodusport.fr\/blog\/#organization\"}},{\"@type\":\"WebPage\",\"@id\":\"https:\/\/dicodusport.fr\/blog\/a-peine-devenu-international-temo-matiu-a-deja-tranche-pour-son-avenir\/\",\"url\":\"https:\/\/dicodusport.fr\/blog\/a-peine-devenu-international-temo-matiu-a-deja-tranche-pour-son-avenir\/\",\"name\":\"\u00c0 peine devenu international, Temo Matiu a d\u00e9j\u00e0 tranch\u00e9 pour son avenir\",\"isPartOf\":{\"@id\":\"https:\/\/dicodusport.fr\/blog\/#website\"},\"primaryImageOfPage\":{\"@id\":\"https:\/\/dicodusport.fr\/blog\/a-peine-devenu-international-temo-matiu-a-deja-tranche-pour-son-avenir\/#primaryimage\"},\"image\":{\"@id\":\"https:\/\/dicodusport.fr\/blog\/a-peine-devenu-international-temo-matiu-a-deja-tranche-pour-son-avenir\/#primaryimage\"},\"thumbnailUrl\":\"https:\/\/dicodusport.fr\/blog\/wp-content\/uploads\/2026\/03\/A-peine-devenu-international-Temo-Matiu-a-deja-tranche-pour-son-avenir.png\",\"datePublished\":\"2026-03-20T09:26:33+00:00\",\"dateModified\":\"2026-03-20T09:39:53+00:00\",\"description\":\"L'Union Bordeaux-B\u00e8gles a annonc\u00e9 la prolongation du jeune international Temo Matiu pour plusieurs saisons.\",\"breadcrumb\":{\"@id\":\"https:\/\/dicodusport.fr\/blog\/a-peine-devenu-international-temo-matiu-a-deja-tranche-pour-son-avenir\/#breadcrumb\"},\"inLanguage\":\"fr-FR\",\"potentialAction\":[{\"@type\":\"ReadAction\",\"target\":[\"https:\/\/dicodusport.fr\/blog\/a-peine-devenu-international-temo-matiu-a-deja-tranche-pour-son-avenir\/\"]}]},{\"@type\":\"ImageObject\",\"inLanguage\":\"fr-FR\",\"@id\":\"https:\/\/dicodusport.fr\/blog\/a-peine-devenu-international-temo-matiu-a-deja-tranche-pour-son-avenir\/#primaryimage\",\"url\":\"https:\/\/dicodusport.fr\/blog\/wp-content\/uploads\/2026\/03\/A-peine-devenu-international-Temo-Matiu-a-deja-tranche-pour-son-avenir.png\",\"contentUrl\":\"https:\/\/dicodusport.fr\/blog\/wp-content\/uploads\/2026\/03\/A-peine-devenu-international-Temo-Matiu-a-deja-tranche-pour-son-avenir.png\",\"width\":1200,\"height\":674},{\"@type\":\"BreadcrumbList\",\"@id\":\"https:\/\/dicodusport.fr\/blog\/a-peine-devenu-international-temo-matiu-a-deja-tranche-pour-son-avenir\/#breadcrumb\",\"itemListElement\":[{\"@type\":\"ListItem\",\"position\":1,\"name\":\"Accueil\",\"item\":\"https:\/\/dicodusport.fr\/blog\/\"},{\"@type\":\"ListItem\",\"position\":2,\"name\":\"\u00c0 peine devenu international, Temo Matiu a d\u00e9j\u00e0 tranch\u00e9 pour son avenir\"}]},{\"@type\":\"WebSite\",\"@id\":\"https:\/\/dicodusport.fr\/blog\/#website\",\"url\":\"https:\/\/dicodusport.fr\/blog\/\",\"name\":\"Dicodusport\",\"description\":\"L&#039;encyclop\u00e9die de l&#039;actualit\u00e9 sportive\",\"publisher\":{\"@id\":\"https:\/\/dicodusport.fr\/blog\/#organization\"},\"potentialAction\":[{\"@type\":\"SearchAction\",\"target\":{\"@type\":\"EntryPoint\",\"urlTemplate\":\"https:\/\/dicodusport.fr\/blog\/?s={search_term_string}\"},\"query-input\":{\"@type\":\"PropertyValueSpecification\",\"valueRequired\":true,\"valueName\":\"search_term_string\"}}],\"inLanguage\":\"fr-FR\"},{\"@type\":\"NewsMediaOrganization\",\"@id\":\"https:\/\/dicodusport.fr\/blog\/#organization\",\"name\":\"Dicodusport\",\"url\":\"https:\/\/dicodusport.fr\/blog\/\",\"logo\":{\"@type\":\"ImageObject\",\"inLanguage\":\"fr-FR\",\"@id\":\"https:\/\/dicodusport.fr\/blog\/#\/schema\/logo\/image\/\",\"url\":\"https:\/\/dicodusport.fr\/blog\/wp-content\/uploads\/2020\/06\/cropped-LOGO-DICODUSPORT-2020-SANS-FOND-SANS-TEXTE.png\",\"contentUrl\":\"https:\/\/dicodusport.fr\/blog\/wp-content\/uploads\/2020\/06\/cropped-LOGO-DICODUSPORT-2020-SANS-FOND-SANS-TEXTE.png\",\"width\":512,\"height\":512,\"caption\":\"Dicodusport\"},\"image\":{\"@id\":\"https:\/\/dicodusport.fr\/blog\/#\/schema\/logo\/image\/\"},\"sameAs\":[\"https:\/\/www.facebook.com\/dicodusport\",\"https:\/\/x.com\/dicodusport\",\"https:\/\/www.instagram.com\/dicodusport\/\",\"https:\/\/www.youtube.com\/channel\/UC7V2KZ5sd3htJivAbA4ZG3w\"],\"description\":\"Dicodusport est l'encyclop\u00e9die de l'actualit\u00e9 sportive.\",\"email\":\"bonjour@dicodusport.fr\",\"legalName\":\"DICODUSPORT\",\"foundingDate\":\"2018-01-14\",\"vatID\":\"FR71834470973\",\"taxID\":\"83447097300043\",\"numberOfEmployees\":{\"@type\":\"QuantitativeValue\",\"minValue\":\"1\",\"maxValue\":\"10\"}},{\"@type\":\"Person\",\"@id\":\"https:\/\/dicodusport.fr\/blog\/#\/schema\/person\/55dcb50ad410894e431ed812bbb70191\",\"name\":\"Nicolas Jacquemard\",\"image\":{\"@type\":\"ImageObject\",\"inLanguage\":\"fr-FR\",\"@id\":\"https:\/\/dicodusport.fr\/blog\/#\/schema\/person\/image\/\",\"url\":\"https:\/\/dicodusport.fr\/blog\/wp-content\/uploads\/2021\/05\/Nicolas-Jacquemard-150x150.jpeg\",\"contentUrl\":\"https:\/\/dicodusport.fr\/blog\/wp-content\/uploads\/2021\/05\/Nicolas-Jacquemard-150x150.jpeg\",\"caption\":\"Nicolas Jacquemard\"},\"description\":\"Passionn\u00e9 de sport et entrepreneur depuis mes 18 ans, la cr\u00e9ation de Dicodusport m'a sembl\u00e9 \u00e9vidente pour participer \u00e0 la m\u00e9diatisation d'un plus grand nombre de sports. Le chemin est long mais avec une \u00e9quipe des plus motiv\u00e9es et les Jeux Olympiques de Paris 2024 en point de mire, nous y arriverons ! Journaliste dans le monde du sport depuis plus de 5 ans, je traite aussi bien de football, de rugby, de biathlon que de cyclisme.\",\"sameAs\":[\"https:\/\/www.facebook.com\/dicodusport\",\"https:\/\/x.com\/https:\/\/twitter.com\/Nico_Jacquemard\"],\"url\":\"https:\/\/dicodusport.fr\/blog\/author\/dicodusport\/\"}]}<\/script>\n<!-- \/ Yoast SEO Premium plugin. -->","yoast_head_json":{"title":"\u00c0 peine devenu international, Temo Matiu a d\u00e9j\u00e0 tranch\u00e9 pour son avenir","description":"L'Union Bordeaux-B\u00e8gles a annonc\u00e9 la prolongation du jeune international Temo Matiu pour plusieurs saisons.","robots":{"index":"index","follow":"follow","max-snippet":"max-snippet:-1","max-image-preview":"max-image-preview:large","max-video-preview":"max-video-preview:-1"},"canonical":"https:\/\/dicodusport.fr\/blog\/a-peine-devenu-international-temo-matiu-a-deja-tranche-pour-son-avenir\/","og_locale":"fr_FR","og_type":"article","og_title":"\u00c0 peine devenu international, Temo Matiu a d\u00e9j\u00e0 tranch\u00e9 pour son avenir","og_description":"L'Union Bordeaux-B\u00e8gles a annonc\u00e9 la prolongation du jeune international Temo Matiu pour plusieurs saisons.","og_url":"https:\/\/dicodusport.fr\/blog\/a-peine-devenu-international-temo-matiu-a-deja-tranche-pour-son-avenir\/","og_site_name":"Dicodusport","article_publisher":"https:\/\/www.facebook.com\/dicodusport","article_author":"https:\/\/www.facebook.com\/dicodusport","article_published_time":"2026-03-20T09:26:33+00:00","article_modified_time":"2026-03-20T09:39:53+00:00","og_image":[{"width":1200,"height":674,"url":"https:\/\/dicodusport.fr\/blog\/wp-content\/uploads\/2026\/03\/A-peine-devenu-international-Temo-Matiu-a-deja-tranche-pour-son-avenir.png","type":"image\/png"}],"author":"Nicolas Jacquemard","twitter_card":"summary_large_image","twitter_title":"\u00c0 peine devenu international, Temo Matiu a d\u00e9j\u00e0 tranch\u00e9 pour son avenir","twitter_creator":"@https:\/\/twitter.com\/Nico_Jacquemard","twitter_site":"@dicodusport","schema":{"@context":"https:\/\/schema.org","@graph":[{"@type":"NewsArticle","@id":"https:\/\/dicodusport.fr\/blog\/a-peine-devenu-international-temo-matiu-a-deja-tranche-pour-son-avenir\/#article","isPartOf":{"@id":"https:\/\/dicodusport.fr\/blog\/a-peine-devenu-international-temo-matiu-a-deja-tranche-pour-son-avenir\/"},"author":{"name":"Nicolas Jacquemard","@id":"https:\/\/dicodusport.fr\/blog\/#\/schema\/person\/55dcb50ad410894e431ed812bbb70191"},"headline":"\u00c0 peine devenu international, Temo Matiu a d\u00e9j\u00e0 tranch\u00e9 pour son avenir","datePublished":"2026-03-20T09:26:33+00:00","dateModified":"2026-03-20T09:39:53+00:00","mainEntityOfPage":{"@id":"https:\/\/dicodusport.fr\/blog\/a-peine-devenu-international-temo-matiu-a-deja-tranche-pour-son-avenir\/"},"wordCount":357,"commentCount":0,"publisher":{"@id":"https:\/\/dicodusport.fr\/blog\/#organization"},"image":{"@id":"https:\/\/dicodusport.fr\/blog\/a-peine-devenu-international-temo-matiu-a-deja-tranche-pour-son-avenir\/#primaryimage"},"thumbnailUrl":"https:\/\/dicodusport.fr\/blog\/wp-content\/uploads\/2026\/03\/A-peine-devenu-international-Temo-Matiu-a-deja-tranche-pour-son-avenir.png","keywords":["actu","br\u00e8ve","Transferts rugby","UBB"],"articleSection":["Top 14"],"inLanguage":"fr-FR","potentialAction":[{"@type":"CommentAction","name":"Comment","target":["https:\/\/dicodusport.fr\/blog\/a-peine-devenu-international-temo-matiu-a-deja-tranche-pour-son-avenir\/#respond"]}],"copyrightYear":"2026","copyrightHolder":{"@id":"https:\/\/dicodusport.fr\/blog\/#organization"}},{"@type":"WebPage","@id":"https:\/\/dicodusport.fr\/blog\/a-peine-devenu-international-temo-matiu-a-deja-tranche-pour-son-avenir\/","url":"https:\/\/dicodusport.fr\/blog\/a-peine-devenu-international-temo-matiu-a-deja-tranche-pour-son-avenir\/","name":"\u00c0 peine devenu international, Temo Matiu a d\u00e9j\u00e0 tranch\u00e9 pour son avenir","isPartOf":{"@id":"https:\/\/dicodusport.fr\/blog\/#website"},"primaryImageOfPage":{"@id":"https:\/\/dicodusport.fr\/blog\/a-peine-devenu-international-temo-matiu-a-deja-tranche-pour-son-avenir\/#primaryimage"},"image":{"@id":"https:\/\/dicodusport.fr\/blog\/a-peine-devenu-international-temo-matiu-a-deja-tranche-pour-son-avenir\/#primaryimage"},"thumbnailUrl":"https:\/\/dicodusport.fr\/blog\/wp-content\/uploads\/2026\/03\/A-peine-devenu-international-Temo-Matiu-a-deja-tranche-pour-son-avenir.png","datePublished":"2026-03-20T09:26:33+00:00","dateModified":"2026-03-20T09:39:53+00:00","description":"L'Union Bordeaux-B\u00e8gles a annonc\u00e9 la prolongation du jeune international Temo Matiu pour plusieurs saisons.","breadcrumb":{"@id":"https:\/\/dicodusport.fr\/blog\/a-peine-devenu-international-temo-matiu-a-deja-tranche-pour-son-avenir\/#breadcrumb"},"inLanguage":"fr-FR","potentialAction":[{"@type":"ReadAction","target":["https:\/\/dicodusport.fr\/blog\/a-peine-devenu-international-temo-matiu-a-deja-tranche-pour-son-avenir\/"]}]},{"@type":"ImageObject","inLanguage":"fr-FR","@id":"https:\/\/dicodusport.fr\/blog\/a-peine-devenu-international-temo-matiu-a-deja-tranche-pour-son-avenir\/#primaryimage","url":"https:\/\/dicodusport.fr\/blog\/wp-content\/uploads\/2026\/03\/A-peine-devenu-international-Temo-Matiu-a-deja-tranche-pour-son-avenir.png","contentUrl":"https:\/\/dicodusport.fr\/blog\/wp-content\/uploads\/2026\/03\/A-peine-devenu-international-Temo-Matiu-a-deja-tranche-pour-son-avenir.png","width":1200,"height":674},{"@type":"BreadcrumbList","@id":"https:\/\/dicodusport.fr\/blog\/a-peine-devenu-international-temo-matiu-a-deja-tranche-pour-son-avenir\/#breadcrumb","itemListElement":[{"@type":"ListItem","position":1,"name":"Accueil","item":"https:\/\/dicodusport.fr\/blog\/"},{"@type":"ListItem","position":2,"name":"\u00c0 peine devenu international, Temo Matiu a d\u00e9j\u00e0 tranch\u00e9 pour son avenir"}]},{"@type":"WebSite","@id":"https:\/\/dicodusport.fr\/blog\/#website","url":"https:\/\/dicodusport.fr\/blog\/","name":"Dicodusport","description":"L&#039;encyclop\u00e9die de l&#039;actualit\u00e9 sportive","publisher":{"@id":"https:\/\/dicodusport.fr\/blog\/#organization"},"potentialAction":[{"@type":"SearchAction","target":{"@type":"EntryPoint","urlTemplate":"https:\/\/dicodusport.fr\/blog\/?s={search_term_string}"},"query-input":{"@type":"PropertyValueSpecification","valueRequired":true,"valueName":"search_term_string"}}],"inLanguage":"fr-FR"},{"@type":"NewsMediaOrganization","@id":"https:\/\/dicodusport.fr\/blog\/#organization","name":"Dicodusport","url":"https:\/\/dicodusport.fr\/blog\/","logo":{"@type":"ImageObject","inLanguage":"fr-FR","@id":"https:\/\/dicodusport.fr\/blog\/#\/schema\/logo\/image\/","url":"https:\/\/dicodusport.fr\/blog\/wp-content\/uploads\/2020\/06\/cropped-LOGO-DICODUSPORT-2020-SANS-FOND-SANS-TEXTE.png","contentUrl":"https:\/\/dicodusport.fr\/blog\/wp-content\/uploads\/2020\/06\/cropped-LOGO-DICODUSPORT-2020-SANS-FOND-SANS-TEXTE.png","width":512,"height":512,"caption":"Dicodusport"},"image":{"@id":"https:\/\/dicodusport.fr\/blog\/#\/schema\/logo\/image\/"},"sameAs":["https:\/\/www.facebook.com\/dicodusport","https:\/\/x.com\/dicodusport","https:\/\/www.instagram.com\/dicodusport\/","https:\/\/www.youtube.com\/channel\/UC7V2KZ5sd3htJivAbA4ZG3w"],"description":"Dicodusport est l'encyclop\u00e9die de l'actualit\u00e9 sportive.","email":"bonjour@dicodusport.fr","legalName":"DICODUSPORT","foundingDate":"2018-01-14","vatID":"FR71834470973","taxID":"83447097300043","numberOfEmployees":{"@type":"QuantitativeValue","minValue":"1","maxValue":"10"}},{"@type":"Person","@id":"https:\/\/dicodusport.fr\/blog\/#\/schema\/person\/55dcb50ad410894e431ed812bbb70191","name":"Nicolas Jacquemard","image":{"@type":"ImageObject","inLanguage":"fr-FR","@id":"https:\/\/dicodusport.fr\/blog\/#\/schema\/person\/image\/","url":"https:\/\/dicodusport.fr\/blog\/wp-content\/uploads\/2021\/05\/Nicolas-Jacquemard-150x150.jpeg","contentUrl":"https:\/\/dicodusport.fr\/blog\/wp-content\/uploads\/2021\/05\/Nicolas-Jacquemard-150x150.jpeg","caption":"Nicolas Jacquemard"},"description":"Passionn\u00e9 de sport et entrepreneur depuis mes 18 ans, la cr\u00e9ation de Dicodusport m'a sembl\u00e9 \u00e9vidente pour participer \u00e0 la m\u00e9diatisation d'un plus grand nombre de sports. Le chemin est long mais avec une \u00e9quipe des plus motiv\u00e9es et les Jeux Olympiques de Paris 2024 en point de mire, nous y arriverons ! Journaliste dans le monde du sport depuis plus de 5 ans, je traite aussi bien de football, de rugby, de biathlon que de cyclisme.","sameAs":["https:\/\/www.facebook.com\/dicodusport","https:\/\/x.com\/https:\/\/twitter.com\/Nico_Jacquemard"],"url":"https:\/\/dicodusport.fr\/blog\/author\/dicodusport\/"}]}},"_links":{"self":[{"href":"https:\/\/dicodusport.fr\/blog\/wp-json\/wp\/v2\/posts\/656858","targetHints":{"allow":["GET"]}}],"collection":[{"href":"https:\/\/dicodusport.fr\/blog\/wp-json\/wp\/v2\/posts"}],"about":[{"href":"https:\/\/dicodusport.fr\/blog\/wp-json\/wp\/v2\/types\/post"}],"author":[{"embeddable":true,"href":"https:\/\/dicodusport.fr\/blog\/wp-json\/wp\/v2\/users\/1"}],"replies":[{"embeddable":true,"href":"https:\/\/dicodusport.fr\/blog\/wp-json\/wp\/v2\/comments?post=656858"}],"version-history":[{"count":3,"href":"https:\/\/dicodusport.fr\/blog\/wp-json\/wp\/v2\/posts\/656858\/revisions"}],"predecessor-version":[{"id":656867,"href":"https:\/\/dicodusport.fr\/blog\/wp-json\/wp\/v2\/posts\/656858\/revisions\/656867"}],"wp:featuredmedia":[{"embeddable":true,"href":"https:\/\/dicodusport.fr\/blog\/wp-json\/wp\/v2\/media\/656859"}],"wp:attachment":[{"href":"https:\/\/dicodusport.fr\/blog\/wp-json\/wp\/v2\/media?parent=656858"}],"wp:term":[{"taxonomy":"category","embeddable":true,"href":"https:\/\/dicodusport.fr\/blog\/wp-json\/wp\/v2\/categories?post=656858"},{"taxonomy":"post_tag","embeddable":true,"href":"https:\/\/dicodusport.fr\/blog\/wp-json\/wp\/v2\/tags?post=656858"}],"curies":[{"name":"wp","href":"https:\/\/api.w.org\/{rel}","templated":true}]}}