{"id":656875,"date":"2026-03-20T12:12:10","date_gmt":"2026-03-20T11:12:10","guid":{"rendered":"https:\/\/dicodusport.fr\/blog\/?p=656875&#038;preview=true&#038;preview_id=656875"},"modified":"2026-03-20T12:55:19","modified_gmt":"2026-03-20T11:55:19","slug":"edgar-baillet-devient-vice-champion-du-monde-juniors-de-skicross-a-saint-moritz","status":"publish","type":"post","link":"https:\/\/dicodusport.fr\/blog\/edgar-baillet-devient-vice-champion-du-monde-juniors-de-skicross-a-saint-moritz\/","title":{"rendered":"Edgar Baillet devient vice-champion du monde juniors de skicross \u00e0 Saint-Moritz"},"content":{"rendered":"<p style=\"text-align: justify;\"><em><strong>CHAMPIONNATS DU MONDE JUNIORS DE SKI FREESTYLE 2026 &#8211; Edgar Baillet s\u2019offre l\u2019argent en skicross et d\u00e9croche la premi\u00e8re m\u00e9daille fran\u00e7aise de la discipline depuis 2013.<\/strong><\/em><\/p>\n<p style=\"text-align: justify;\">L\u2019\u00e9quipe de France de skicross ne s\u2019est pas pr\u00e9sent\u00e9e en masse \u00e0 Saint-Moritz pour les Championnats du monde juniors avec trois repr\u00e9sentants. Elle a toutefois jou\u00e9 des coudes jusqu\u2019au bout avec la concurrence chez les hommes puisque <strong>No\u00e9 Mari<\/strong> et <strong>Edgar Baillet<\/strong> se sont suivis \u00e0 distance jusqu\u2019en demies. Pour un d\u00e9nouement diff\u00e9rent.<\/p>\n<h2 style=\"text-align: justify;\">Edgar Baillet, vice-champion du monde juniors<\/h2>\n<p style=\"text-align: justify;\">Malgr\u00e9 le 2<sup>\u00e8me<\/sup> temps r\u00e9f\u00e9rence des qualifications la veille, <strong>No\u00e9 Mari<\/strong> s\u2019est arr\u00eat\u00e9 aux portes de la grande finale, se contentant de gagner la petite. <strong>Edgar Baillet<\/strong> a, lui, continu\u00e9 son chemin pour prendre place aux c\u00f4t\u00e9s d\u2019un duo allemand et du Su\u00e9dois <strong>Maans Abersten<\/strong> dans l\u2019ultime quatuor.<\/p>\n<p style=\"text-align: justify;\">S\u2019il n\u2019a rien pu faire face \u00e0 <strong>Sebastian Machl<\/strong>, m\u00e9daill\u00e9 de bronze l\u2019an pass\u00e9, il a laiss\u00e9 derri\u00e8re lui le champion olympique de la jeunesse <strong>Niklas Hoeller<\/strong>. Apr\u00e8s un premier succ\u00e8s en Coupe d\u2019Europe en f\u00e9vrier dernier, <strong>Edgar Baillet<\/strong> se pare d\u2019argent aux Championnats du monde juniors et confirme les espoirs plac\u00e9s en lui.<\/p>\n<p style=\"text-align: justify;\">Chez les femmes, la journ\u00e9e s\u2019est moins bien pass\u00e9e. Seule Fran\u00e7aise engag\u00e9e, <strong>Candice Robert<\/strong> n\u2019a pas pass\u00e9 le cut des huiti\u00e8mes.<\/p>\n<h3>\u00c0 ce sujet<\/h3>\n<div class=\"vlp-link-container vlp-layout-article\"><a href=\"https:\/\/dicodusport.fr\/blog\/nouveau-podium-francais-en-skicross-youri-duplessis-kergomard-3eme-de-la-coupe-du-monde-de-kopaonik\/\" class=\"vlp-link\" title=\"Nouveau podium fran\u00e7ais en skicross : Youri Duplessis Kergomard 3\u00e8me de la Coupe du monde de Kopaonik\"><\/a><div class=\"vlp-layout-zone-side\"><div class=\"vlp-block-4 vlp-link-image\"><img loading=\"lazy\" decoding=\"async\" style=\"max-width: 792px;\" width=\"792\" height=\"445\" src=\"https:\/\/dicodusport.fr\/blog\/wp-content\/uploads\/2026\/02\/Nouveau-podium-francais-en-skicross-Youri-Duplessis-Kergomard-3eme-de-la-Coupe-du-monde-de-Kopaonik-2.png\" class=\"attachment-800x445 size-800x445\" alt=\"Nouveau podium fran\u00e7ais en skicross Youri Duplessis Kergomard 3\u00e8me de la Coupe du monde de Kopaonik\" srcset=\"https:\/\/dicodusport.fr\/blog\/wp-content\/uploads\/2026\/02\/Nouveau-podium-francais-en-skicross-Youri-Duplessis-Kergomard-3eme-de-la-Coupe-du-monde-de-Kopaonik-2.png 1200w, https:\/\/dicodusport.fr\/blog\/wp-content\/uploads\/2026\/02\/Nouveau-podium-francais-en-skicross-Youri-Duplessis-Kergomard-3eme-de-la-Coupe-du-monde-de-Kopaonik-2-300x169.png 300w, https:\/\/dicodusport.fr\/blog\/wp-content\/uploads\/2026\/02\/Nouveau-podium-francais-en-skicross-Youri-Duplessis-Kergomard-3eme-de-la-Coupe-du-monde-de-Kopaonik-2-1024x575.png 1024w, https:\/\/dicodusport.fr\/blog\/wp-content\/uploads\/2026\/02\/Nouveau-podium-francais-en-skicross-Youri-Duplessis-Kergomard-3eme-de-la-Coupe-du-monde-de-Kopaonik-2-768x431.png 768w\" sizes=\"auto, (max-width: 792px) 100vw, 792px\" \/><\/div><\/div><div class=\"vlp-layout-zone-main\"><div class=\"vlp-block-0 vlp-link-title\">Nouveau podium fran\u00e7ais en skicross : Youri Duplessis Kergomard 3\u00e8me de la Coupe du monde de Kopaonik<\/div><div class=\"vlp-block-1 vlp-link-summary\">COUPE DU MONDE DE SKICROSS 2025\/2026 - Youri Duplessis Kergomard a retrouv\u00e9 le chemin du podium en s'emparant de la 3\u00e8me place \u00e0 Kopaonik.<\/div><div class=\"vlp-block-2 vlp-link-button\">Lire l'article<\/div><div class=\"vlp-block-3 vlp-link-url\">dicodusport.fr<\/div><\/div><\/div>\n<div id=\"gtx-trans\" style=\"position: absolute; left: -14px; top: 40.9091px;\">\n<div class=\"gtx-trans-icon\" style=\"text-align: justify;\"><\/div>\n<\/div>\n","protected":false},"excerpt":{"rendered":"<p>CHAMPIONNATS DU MONDE JUNIORS DE SKI FREESTYLE 2026 &#8211; Edgar Baillet s\u2019offre l\u2019argent en skicross et d\u00e9croche la premi\u00e8re m\u00e9daille fran\u00e7aise de la discipline depuis 2013.<\/p>\n","protected":false},"author":18,"featured_media":656879,"comment_status":"open","ping_status":"closed","sticky":false,"template":"","format":"standard","meta":{"_acf_changed":false,"_daextam_enable_autolinks":"1","footnotes":""},"categories":[9217],"tags":[16878,47442,2947],"class_list":["post-656875","post","type-post","status-publish","format-standard","has-post-thumbnail","hentry","category-ski","tag-breve","tag-edgar-baillet","tag-skicross"],"acf":[],"yoast_head":"<!-- This site is optimized with the Yoast SEO Premium plugin v26.7 (Yoast SEO v26.7) - https:\/\/yoast.com\/wordpress\/plugins\/seo\/ -->\n<title>Edgar Baillet devient vice-champion du monde juniors de skicross \u00e0 Saint-Moritz<\/title>\n<meta name=\"description\" content=\"MONDIAUX JUNIORS DE SKICROSS 2026 - Edgar Baillet s\u2019offre l\u2019argent et d\u00e9croche la premi\u00e8re m\u00e9daille fran\u00e7aise de la discipline depuis 2013.\" \/>\n<meta name=\"robots\" content=\"index, follow, max-snippet:-1, max-image-preview:large, max-video-preview:-1\" \/>\n<link rel=\"canonical\" href=\"https:\/\/dicodusport.fr\/blog\/edgar-baillet-devient-vice-champion-du-monde-juniors-de-skicross-a-saint-moritz\/\" \/>\n<meta property=\"og:locale\" content=\"fr_FR\" \/>\n<meta property=\"og:type\" content=\"article\" \/>\n<meta property=\"og:title\" content=\"Edgar Baillet devient vice-champion du monde juniors de skicross \u00e0 Saint-Moritz\" \/>\n<meta property=\"og:description\" content=\"MONDIAUX JUNIORS DE SKICROSS 2026 - Edgar Baillet s\u2019offre l\u2019argent et d\u00e9croche la premi\u00e8re m\u00e9daille fran\u00e7aise de la discipline depuis 2013.\" \/>\n<meta property=\"og:url\" content=\"https:\/\/dicodusport.fr\/blog\/edgar-baillet-devient-vice-champion-du-monde-juniors-de-skicross-a-saint-moritz\/\" \/>\n<meta property=\"og:site_name\" content=\"Dicodusport\" \/>\n<meta property=\"article:publisher\" content=\"https:\/\/www.facebook.com\/dicodusport\" \/>\n<meta property=\"article:author\" content=\"https:\/\/www.facebook.com\/soocube\" \/>\n<meta property=\"article:published_time\" content=\"2026-03-20T11:12:10+00:00\" \/>\n<meta property=\"article:modified_time\" content=\"2026-03-20T11:55:19+00:00\" \/>\n<meta property=\"og:image\" content=\"https:\/\/dicodusport.fr\/blog\/wp-content\/uploads\/2026\/03\/Edgar-Baillet-devient-vice-champion-du-monde-juniors-de-skicross-a-Saint-Moritz.png\" \/>\n\t<meta property=\"og:image:width\" content=\"1200\" \/>\n\t<meta property=\"og:image:height\" content=\"674\" \/>\n\t<meta property=\"og:image:type\" content=\"image\/png\" \/>\n<meta name=\"author\" content=\"Sophie Clapier\" \/>\n<meta name=\"twitter:card\" content=\"summary_large_image\" \/>\n<meta name=\"twitter:title\" content=\"Edgar Baillet devient vice-champion du monde juniors de skicross \u00e0 Saint-Moritz\" \/>\n<meta name=\"twitter:creator\" content=\"@https:\/\/twitter.com\/soocube\" \/>\n<meta name=\"twitter:site\" content=\"@dicodusport\" \/>\n<script type=\"application\/ld+json\" class=\"yoast-schema-graph\">{\"@context\":\"https:\/\/schema.org\",\"@graph\":[{\"@type\":\"NewsArticle\",\"@id\":\"https:\/\/dicodusport.fr\/blog\/edgar-baillet-devient-vice-champion-du-monde-juniors-de-skicross-a-saint-moritz\/#article\",\"isPartOf\":{\"@id\":\"https:\/\/dicodusport.fr\/blog\/edgar-baillet-devient-vice-champion-du-monde-juniors-de-skicross-a-saint-moritz\/\"},\"author\":{\"name\":\"Sophie Clapier\",\"@id\":\"https:\/\/dicodusport.fr\/blog\/#\/schema\/person\/416c975648aca9da8839bdfe333a21c9\"},\"headline\":\"Edgar Baillet devient vice-champion du monde juniors de skicross \u00e0 Saint-Moritz\",\"datePublished\":\"2026-03-20T11:12:10+00:00\",\"dateModified\":\"2026-03-20T11:55:19+00:00\",\"mainEntityOfPage\":{\"@id\":\"https:\/\/dicodusport.fr\/blog\/edgar-baillet-devient-vice-champion-du-monde-juniors-de-skicross-a-saint-moritz\/\"},\"wordCount\":352,\"commentCount\":0,\"publisher\":{\"@id\":\"https:\/\/dicodusport.fr\/blog\/#organization\"},\"image\":{\"@id\":\"https:\/\/dicodusport.fr\/blog\/edgar-baillet-devient-vice-champion-du-monde-juniors-de-skicross-a-saint-moritz\/#primaryimage\"},\"thumbnailUrl\":\"https:\/\/dicodusport.fr\/blog\/wp-content\/uploads\/2026\/03\/Edgar-Baillet-devient-vice-champion-du-monde-juniors-de-skicross-a-Saint-Moritz.png\",\"keywords\":[\"br\u00e8ve\",\"Edgar Baillet\",\"skicross\"],\"articleSection\":[\"Ski\"],\"inLanguage\":\"fr-FR\",\"potentialAction\":[{\"@type\":\"CommentAction\",\"name\":\"Comment\",\"target\":[\"https:\/\/dicodusport.fr\/blog\/edgar-baillet-devient-vice-champion-du-monde-juniors-de-skicross-a-saint-moritz\/#respond\"]}],\"copyrightYear\":\"2026\",\"copyrightHolder\":{\"@id\":\"https:\/\/dicodusport.fr\/blog\/#organization\"}},{\"@type\":\"WebPage\",\"@id\":\"https:\/\/dicodusport.fr\/blog\/edgar-baillet-devient-vice-champion-du-monde-juniors-de-skicross-a-saint-moritz\/\",\"url\":\"https:\/\/dicodusport.fr\/blog\/edgar-baillet-devient-vice-champion-du-monde-juniors-de-skicross-a-saint-moritz\/\",\"name\":\"Edgar Baillet devient vice-champion du monde juniors de skicross \u00e0 Saint-Moritz\",\"isPartOf\":{\"@id\":\"https:\/\/dicodusport.fr\/blog\/#website\"},\"primaryImageOfPage\":{\"@id\":\"https:\/\/dicodusport.fr\/blog\/edgar-baillet-devient-vice-champion-du-monde-juniors-de-skicross-a-saint-moritz\/#primaryimage\"},\"image\":{\"@id\":\"https:\/\/dicodusport.fr\/blog\/edgar-baillet-devient-vice-champion-du-monde-juniors-de-skicross-a-saint-moritz\/#primaryimage\"},\"thumbnailUrl\":\"https:\/\/dicodusport.fr\/blog\/wp-content\/uploads\/2026\/03\/Edgar-Baillet-devient-vice-champion-du-monde-juniors-de-skicross-a-Saint-Moritz.png\",\"datePublished\":\"2026-03-20T11:12:10+00:00\",\"dateModified\":\"2026-03-20T11:55:19+00:00\",\"description\":\"MONDIAUX JUNIORS DE SKICROSS 2026 - Edgar Baillet s\u2019offre l\u2019argent et d\u00e9croche la premi\u00e8re m\u00e9daille fran\u00e7aise de la discipline depuis 2013.\",\"breadcrumb\":{\"@id\":\"https:\/\/dicodusport.fr\/blog\/edgar-baillet-devient-vice-champion-du-monde-juniors-de-skicross-a-saint-moritz\/#breadcrumb\"},\"inLanguage\":\"fr-FR\",\"potentialAction\":[{\"@type\":\"ReadAction\",\"target\":[\"https:\/\/dicodusport.fr\/blog\/edgar-baillet-devient-vice-champion-du-monde-juniors-de-skicross-a-saint-moritz\/\"]}]},{\"@type\":\"ImageObject\",\"inLanguage\":\"fr-FR\",\"@id\":\"https:\/\/dicodusport.fr\/blog\/edgar-baillet-devient-vice-champion-du-monde-juniors-de-skicross-a-saint-moritz\/#primaryimage\",\"url\":\"https:\/\/dicodusport.fr\/blog\/wp-content\/uploads\/2026\/03\/Edgar-Baillet-devient-vice-champion-du-monde-juniors-de-skicross-a-Saint-Moritz.png\",\"contentUrl\":\"https:\/\/dicodusport.fr\/blog\/wp-content\/uploads\/2026\/03\/Edgar-Baillet-devient-vice-champion-du-monde-juniors-de-skicross-a-Saint-Moritz.png\",\"width\":1200,\"height\":674,\"caption\":\"Edgar Baillet devient vice-champion du monde juniors de skicross \u00e0 Saint-Moritz\"},{\"@type\":\"BreadcrumbList\",\"@id\":\"https:\/\/dicodusport.fr\/blog\/edgar-baillet-devient-vice-champion-du-monde-juniors-de-skicross-a-saint-moritz\/#breadcrumb\",\"itemListElement\":[{\"@type\":\"ListItem\",\"position\":1,\"name\":\"Accueil\",\"item\":\"https:\/\/dicodusport.fr\/blog\/\"},{\"@type\":\"ListItem\",\"position\":2,\"name\":\"Edgar Baillet devient vice-champion du monde juniors de skicross \u00e0 Saint-Moritz\"}]},{\"@type\":\"WebSite\",\"@id\":\"https:\/\/dicodusport.fr\/blog\/#website\",\"url\":\"https:\/\/dicodusport.fr\/blog\/\",\"name\":\"Dicodusport\",\"description\":\"L&#039;encyclop\u00e9die de l&#039;actualit\u00e9 sportive\",\"publisher\":{\"@id\":\"https:\/\/dicodusport.fr\/blog\/#organization\"},\"potentialAction\":[{\"@type\":\"SearchAction\",\"target\":{\"@type\":\"EntryPoint\",\"urlTemplate\":\"https:\/\/dicodusport.fr\/blog\/?s={search_term_string}\"},\"query-input\":{\"@type\":\"PropertyValueSpecification\",\"valueRequired\":true,\"valueName\":\"search_term_string\"}}],\"inLanguage\":\"fr-FR\"},{\"@type\":\"NewsMediaOrganization\",\"@id\":\"https:\/\/dicodusport.fr\/blog\/#organization\",\"name\":\"Dicodusport\",\"url\":\"https:\/\/dicodusport.fr\/blog\/\",\"logo\":{\"@type\":\"ImageObject\",\"inLanguage\":\"fr-FR\",\"@id\":\"https:\/\/dicodusport.fr\/blog\/#\/schema\/logo\/image\/\",\"url\":\"https:\/\/dicodusport.fr\/blog\/wp-content\/uploads\/2020\/06\/cropped-LOGO-DICODUSPORT-2020-SANS-FOND-SANS-TEXTE.png\",\"contentUrl\":\"https:\/\/dicodusport.fr\/blog\/wp-content\/uploads\/2020\/06\/cropped-LOGO-DICODUSPORT-2020-SANS-FOND-SANS-TEXTE.png\",\"width\":512,\"height\":512,\"caption\":\"Dicodusport\"},\"image\":{\"@id\":\"https:\/\/dicodusport.fr\/blog\/#\/schema\/logo\/image\/\"},\"sameAs\":[\"https:\/\/www.facebook.com\/dicodusport\",\"https:\/\/x.com\/dicodusport\",\"https:\/\/www.instagram.com\/dicodusport\/\",\"https:\/\/www.youtube.com\/channel\/UC7V2KZ5sd3htJivAbA4ZG3w\"],\"description\":\"Dicodusport est l'encyclop\u00e9die de l'actualit\u00e9 sportive.\",\"email\":\"bonjour@dicodusport.fr\",\"legalName\":\"DICODUSPORT\",\"foundingDate\":\"2018-01-14\",\"vatID\":\"FR71834470973\",\"taxID\":\"83447097300043\",\"numberOfEmployees\":{\"@type\":\"QuantitativeValue\",\"minValue\":\"1\",\"maxValue\":\"10\"}},{\"@type\":\"Person\",\"@id\":\"https:\/\/dicodusport.fr\/blog\/#\/schema\/person\/416c975648aca9da8839bdfe333a21c9\",\"name\":\"Sophie Clapier\",\"image\":{\"@type\":\"ImageObject\",\"inLanguage\":\"fr-FR\",\"@id\":\"https:\/\/dicodusport.fr\/blog\/#\/schema\/person\/image\/\",\"url\":\"https:\/\/dicodusport.fr\/blog\/wp-content\/uploads\/2021\/05\/Sophie-Clapier-150x150.jpg\",\"contentUrl\":\"https:\/\/dicodusport.fr\/blog\/wp-content\/uploads\/2021\/05\/Sophie-Clapier-150x150.jpg\",\"caption\":\"Sophie Clapier\"},\"description\":\"Journaliste\/r\u00e9dactrice depuis janvier 2016 - Passionn\u00e9e de sport depuis toujours, j\u2019en ai pratiqu\u00e9 quelques-uns. Judo, football, handball ou encore tennis, je n\u2019ai jamais pu me mettre d\u2019accord sur un en particulier. Mais \u00e7a, c\u2019\u00e9tait avant de d\u00e9couvrir le basket, devenu mon sport de pr\u00e9dilection. Les actions NBA, le All-Star Week-end, la fureur des Game 7 pendant les playoffs ou mieux, lors des Finals, this is why we play. Team Spurs T.P, je m\u2019accroche encore \u00e0 Gregg Popovich (don\u2019t leave !). Team chef Curry, je souhaite qu\u2019il finisse aux Warriors (staaaay !). Non, il n\u2019y a pas qu\u2019eux, des petits nouveaux -et des petites nouvelles \u00e9videmment- arrivent chaque jour dans toutes les disciplines et cr\u00e9ent de nouveaux exploits. Alors pour les grands \u00e9v\u00e9nements et comp\u00e9titions internationales, vive les pulsations 240\/minutes et le d\u00e9fibrillateur pas loin, et allez les Bleu(e)s ! C\u2019est s\u00fbr, j\u2019aurai plus vu ma vie sur un terrain de sport, mais \u00e0 d\u00e9faut d\u2019en faire en haut niveau, je le partage avec vous.\",\"sameAs\":[\"https:\/\/www.facebook.com\/soocube\",\"https:\/\/x.com\/https:\/\/twitter.com\/soocube\",\"admin\"],\"url\":\"https:\/\/dicodusport.fr\/blog\/author\/sophie\/\"}]}<\/script>\n<!-- \/ Yoast SEO Premium plugin. -->","yoast_head_json":{"title":"Edgar Baillet devient vice-champion du monde juniors de skicross \u00e0 Saint-Moritz","description":"MONDIAUX JUNIORS DE SKICROSS 2026 - Edgar Baillet s\u2019offre l\u2019argent et d\u00e9croche la premi\u00e8re m\u00e9daille fran\u00e7aise de la discipline depuis 2013.","robots":{"index":"index","follow":"follow","max-snippet":"max-snippet:-1","max-image-preview":"max-image-preview:large","max-video-preview":"max-video-preview:-1"},"canonical":"https:\/\/dicodusport.fr\/blog\/edgar-baillet-devient-vice-champion-du-monde-juniors-de-skicross-a-saint-moritz\/","og_locale":"fr_FR","og_type":"article","og_title":"Edgar Baillet devient vice-champion du monde juniors de skicross \u00e0 Saint-Moritz","og_description":"MONDIAUX JUNIORS DE SKICROSS 2026 - Edgar Baillet s\u2019offre l\u2019argent et d\u00e9croche la premi\u00e8re m\u00e9daille fran\u00e7aise de la discipline depuis 2013.","og_url":"https:\/\/dicodusport.fr\/blog\/edgar-baillet-devient-vice-champion-du-monde-juniors-de-skicross-a-saint-moritz\/","og_site_name":"Dicodusport","article_publisher":"https:\/\/www.facebook.com\/dicodusport","article_author":"https:\/\/www.facebook.com\/soocube","article_published_time":"2026-03-20T11:12:10+00:00","article_modified_time":"2026-03-20T11:55:19+00:00","og_image":[{"width":1200,"height":674,"url":"https:\/\/dicodusport.fr\/blog\/wp-content\/uploads\/2026\/03\/Edgar-Baillet-devient-vice-champion-du-monde-juniors-de-skicross-a-Saint-Moritz.png","type":"image\/png"}],"author":"Sophie Clapier","twitter_card":"summary_large_image","twitter_title":"Edgar Baillet devient vice-champion du monde juniors de skicross \u00e0 Saint-Moritz","twitter_creator":"@https:\/\/twitter.com\/soocube","twitter_site":"@dicodusport","schema":{"@context":"https:\/\/schema.org","@graph":[{"@type":"NewsArticle","@id":"https:\/\/dicodusport.fr\/blog\/edgar-baillet-devient-vice-champion-du-monde-juniors-de-skicross-a-saint-moritz\/#article","isPartOf":{"@id":"https:\/\/dicodusport.fr\/blog\/edgar-baillet-devient-vice-champion-du-monde-juniors-de-skicross-a-saint-moritz\/"},"author":{"name":"Sophie Clapier","@id":"https:\/\/dicodusport.fr\/blog\/#\/schema\/person\/416c975648aca9da8839bdfe333a21c9"},"headline":"Edgar Baillet devient vice-champion du monde juniors de skicross \u00e0 Saint-Moritz","datePublished":"2026-03-20T11:12:10+00:00","dateModified":"2026-03-20T11:55:19+00:00","mainEntityOfPage":{"@id":"https:\/\/dicodusport.fr\/blog\/edgar-baillet-devient-vice-champion-du-monde-juniors-de-skicross-a-saint-moritz\/"},"wordCount":352,"commentCount":0,"publisher":{"@id":"https:\/\/dicodusport.fr\/blog\/#organization"},"image":{"@id":"https:\/\/dicodusport.fr\/blog\/edgar-baillet-devient-vice-champion-du-monde-juniors-de-skicross-a-saint-moritz\/#primaryimage"},"thumbnailUrl":"https:\/\/dicodusport.fr\/blog\/wp-content\/uploads\/2026\/03\/Edgar-Baillet-devient-vice-champion-du-monde-juniors-de-skicross-a-Saint-Moritz.png","keywords":["br\u00e8ve","Edgar Baillet","skicross"],"articleSection":["Ski"],"inLanguage":"fr-FR","potentialAction":[{"@type":"CommentAction","name":"Comment","target":["https:\/\/dicodusport.fr\/blog\/edgar-baillet-devient-vice-champion-du-monde-juniors-de-skicross-a-saint-moritz\/#respond"]}],"copyrightYear":"2026","copyrightHolder":{"@id":"https:\/\/dicodusport.fr\/blog\/#organization"}},{"@type":"WebPage","@id":"https:\/\/dicodusport.fr\/blog\/edgar-baillet-devient-vice-champion-du-monde-juniors-de-skicross-a-saint-moritz\/","url":"https:\/\/dicodusport.fr\/blog\/edgar-baillet-devient-vice-champion-du-monde-juniors-de-skicross-a-saint-moritz\/","name":"Edgar Baillet devient vice-champion du monde juniors de skicross \u00e0 Saint-Moritz","isPartOf":{"@id":"https:\/\/dicodusport.fr\/blog\/#website"},"primaryImageOfPage":{"@id":"https:\/\/dicodusport.fr\/blog\/edgar-baillet-devient-vice-champion-du-monde-juniors-de-skicross-a-saint-moritz\/#primaryimage"},"image":{"@id":"https:\/\/dicodusport.fr\/blog\/edgar-baillet-devient-vice-champion-du-monde-juniors-de-skicross-a-saint-moritz\/#primaryimage"},"thumbnailUrl":"https:\/\/dicodusport.fr\/blog\/wp-content\/uploads\/2026\/03\/Edgar-Baillet-devient-vice-champion-du-monde-juniors-de-skicross-a-Saint-Moritz.png","datePublished":"2026-03-20T11:12:10+00:00","dateModified":"2026-03-20T11:55:19+00:00","description":"MONDIAUX JUNIORS DE SKICROSS 2026 - Edgar Baillet s\u2019offre l\u2019argent et d\u00e9croche la premi\u00e8re m\u00e9daille fran\u00e7aise de la discipline depuis 2013.","breadcrumb":{"@id":"https:\/\/dicodusport.fr\/blog\/edgar-baillet-devient-vice-champion-du-monde-juniors-de-skicross-a-saint-moritz\/#breadcrumb"},"inLanguage":"fr-FR","potentialAction":[{"@type":"ReadAction","target":["https:\/\/dicodusport.fr\/blog\/edgar-baillet-devient-vice-champion-du-monde-juniors-de-skicross-a-saint-moritz\/"]}]},{"@type":"ImageObject","inLanguage":"fr-FR","@id":"https:\/\/dicodusport.fr\/blog\/edgar-baillet-devient-vice-champion-du-monde-juniors-de-skicross-a-saint-moritz\/#primaryimage","url":"https:\/\/dicodusport.fr\/blog\/wp-content\/uploads\/2026\/03\/Edgar-Baillet-devient-vice-champion-du-monde-juniors-de-skicross-a-Saint-Moritz.png","contentUrl":"https:\/\/dicodusport.fr\/blog\/wp-content\/uploads\/2026\/03\/Edgar-Baillet-devient-vice-champion-du-monde-juniors-de-skicross-a-Saint-Moritz.png","width":1200,"height":674,"caption":"Edgar Baillet devient vice-champion du monde juniors de skicross \u00e0 Saint-Moritz"},{"@type":"BreadcrumbList","@id":"https:\/\/dicodusport.fr\/blog\/edgar-baillet-devient-vice-champion-du-monde-juniors-de-skicross-a-saint-moritz\/#breadcrumb","itemListElement":[{"@type":"ListItem","position":1,"name":"Accueil","item":"https:\/\/dicodusport.fr\/blog\/"},{"@type":"ListItem","position":2,"name":"Edgar Baillet devient vice-champion du monde juniors de skicross \u00e0 Saint-Moritz"}]},{"@type":"WebSite","@id":"https:\/\/dicodusport.fr\/blog\/#website","url":"https:\/\/dicodusport.fr\/blog\/","name":"Dicodusport","description":"L&#039;encyclop\u00e9die de l&#039;actualit\u00e9 sportive","publisher":{"@id":"https:\/\/dicodusport.fr\/blog\/#organization"},"potentialAction":[{"@type":"SearchAction","target":{"@type":"EntryPoint","urlTemplate":"https:\/\/dicodusport.fr\/blog\/?s={search_term_string}"},"query-input":{"@type":"PropertyValueSpecification","valueRequired":true,"valueName":"search_term_string"}}],"inLanguage":"fr-FR"},{"@type":"NewsMediaOrganization","@id":"https:\/\/dicodusport.fr\/blog\/#organization","name":"Dicodusport","url":"https:\/\/dicodusport.fr\/blog\/","logo":{"@type":"ImageObject","inLanguage":"fr-FR","@id":"https:\/\/dicodusport.fr\/blog\/#\/schema\/logo\/image\/","url":"https:\/\/dicodusport.fr\/blog\/wp-content\/uploads\/2020\/06\/cropped-LOGO-DICODUSPORT-2020-SANS-FOND-SANS-TEXTE.png","contentUrl":"https:\/\/dicodusport.fr\/blog\/wp-content\/uploads\/2020\/06\/cropped-LOGO-DICODUSPORT-2020-SANS-FOND-SANS-TEXTE.png","width":512,"height":512,"caption":"Dicodusport"},"image":{"@id":"https:\/\/dicodusport.fr\/blog\/#\/schema\/logo\/image\/"},"sameAs":["https:\/\/www.facebook.com\/dicodusport","https:\/\/x.com\/dicodusport","https:\/\/www.instagram.com\/dicodusport\/","https:\/\/www.youtube.com\/channel\/UC7V2KZ5sd3htJivAbA4ZG3w"],"description":"Dicodusport est l'encyclop\u00e9die de l'actualit\u00e9 sportive.","email":"bonjour@dicodusport.fr","legalName":"DICODUSPORT","foundingDate":"2018-01-14","vatID":"FR71834470973","taxID":"83447097300043","numberOfEmployees":{"@type":"QuantitativeValue","minValue":"1","maxValue":"10"}},{"@type":"Person","@id":"https:\/\/dicodusport.fr\/blog\/#\/schema\/person\/416c975648aca9da8839bdfe333a21c9","name":"Sophie Clapier","image":{"@type":"ImageObject","inLanguage":"fr-FR","@id":"https:\/\/dicodusport.fr\/blog\/#\/schema\/person\/image\/","url":"https:\/\/dicodusport.fr\/blog\/wp-content\/uploads\/2021\/05\/Sophie-Clapier-150x150.jpg","contentUrl":"https:\/\/dicodusport.fr\/blog\/wp-content\/uploads\/2021\/05\/Sophie-Clapier-150x150.jpg","caption":"Sophie Clapier"},"description":"Journaliste\/r\u00e9dactrice depuis janvier 2016 - Passionn\u00e9e de sport depuis toujours, j\u2019en ai pratiqu\u00e9 quelques-uns. Judo, football, handball ou encore tennis, je n\u2019ai jamais pu me mettre d\u2019accord sur un en particulier. Mais \u00e7a, c\u2019\u00e9tait avant de d\u00e9couvrir le basket, devenu mon sport de pr\u00e9dilection. Les actions NBA, le All-Star Week-end, la fureur des Game 7 pendant les playoffs ou mieux, lors des Finals, this is why we play. Team Spurs T.P, je m\u2019accroche encore \u00e0 Gregg Popovich (don\u2019t leave !). Team chef Curry, je souhaite qu\u2019il finisse aux Warriors (staaaay !). Non, il n\u2019y a pas qu\u2019eux, des petits nouveaux -et des petites nouvelles \u00e9videmment- arrivent chaque jour dans toutes les disciplines et cr\u00e9ent de nouveaux exploits. Alors pour les grands \u00e9v\u00e9nements et comp\u00e9titions internationales, vive les pulsations 240\/minutes et le d\u00e9fibrillateur pas loin, et allez les Bleu(e)s ! C\u2019est s\u00fbr, j\u2019aurai plus vu ma vie sur un terrain de sport, mais \u00e0 d\u00e9faut d\u2019en faire en haut niveau, je le partage avec vous.","sameAs":["https:\/\/www.facebook.com\/soocube","https:\/\/x.com\/https:\/\/twitter.com\/soocube","admin"],"url":"https:\/\/dicodusport.fr\/blog\/author\/sophie\/"}]}},"_links":{"self":[{"href":"https:\/\/dicodusport.fr\/blog\/wp-json\/wp\/v2\/posts\/656875","targetHints":{"allow":["GET"]}}],"collection":[{"href":"https:\/\/dicodusport.fr\/blog\/wp-json\/wp\/v2\/posts"}],"about":[{"href":"https:\/\/dicodusport.fr\/blog\/wp-json\/wp\/v2\/types\/post"}],"author":[{"embeddable":true,"href":"https:\/\/dicodusport.fr\/blog\/wp-json\/wp\/v2\/users\/18"}],"replies":[{"embeddable":true,"href":"https:\/\/dicodusport.fr\/blog\/wp-json\/wp\/v2\/comments?post=656875"}],"version-history":[{"count":5,"href":"https:\/\/dicodusport.fr\/blog\/wp-json\/wp\/v2\/posts\/656875\/revisions"}],"predecessor-version":[{"id":656888,"href":"https:\/\/dicodusport.fr\/blog\/wp-json\/wp\/v2\/posts\/656875\/revisions\/656888"}],"wp:featuredmedia":[{"embeddable":true,"href":"https:\/\/dicodusport.fr\/blog\/wp-json\/wp\/v2\/media\/656879"}],"wp:attachment":[{"href":"https:\/\/dicodusport.fr\/blog\/wp-json\/wp\/v2\/media?parent=656875"}],"wp:term":[{"taxonomy":"category","embeddable":true,"href":"https:\/\/dicodusport.fr\/blog\/wp-json\/wp\/v2\/categories?post=656875"},{"taxonomy":"post_tag","embeddable":true,"href":"https:\/\/dicodusport.fr\/blog\/wp-json\/wp\/v2\/tags?post=656875"}],"curies":[{"name":"wp","href":"https:\/\/api.w.org\/{rel}","templated":true}]}}