{"id":656890,"date":"2026-03-20T13:33:35","date_gmt":"2026-03-20T12:33:35","guid":{"rendered":"https:\/\/dicodusport.fr\/blog\/?p=656890&#038;preview=true&#038;preview_id=656890"},"modified":"2026-03-20T18:05:11","modified_gmt":"2026-03-20T17:05:11","slug":"alexis-page-et-augustine-carliez-sur-la-boite-de-la-classic-de-pra-loup-en-telemark","status":"publish","type":"post","link":"https:\/\/dicodusport.fr\/blog\/alexis-page-et-augustine-carliez-sur-la-boite-de-la-classic-de-pra-loup-en-telemark\/","title":{"rendered":"Alexis Page et Augustine Carliez sur la bo\u00eete de la classic de Pra Loup en t\u00e9l\u00e9mark"},"content":{"rendered":"<p style=\"text-align: justify;\"><strong><em>COUPE DU MONDE DE T\u00c9L\u00c9MARK 2025\/2026 &#8211; Ce vendredi, Alexis Page et Augustine Carliez se sont tous deux hiss\u00e9s sur le podium de la classic de Pra Loup.<\/em><\/strong><\/p>\n<p style=\"text-align: justify;\">\u00c9picentre du <strong>t\u00e9l\u00e9mark<\/strong> durant trois jours dans le cadre de la<strong> Coupe du monde<\/strong>, <strong>Pra Loup<\/strong> accueillait ce vendredi la <strong>classic<\/strong>, au lendemain d&rsquo;un sprint qui avait notamment vu <strong>Charly Petex<\/strong> triompher \u00e0 domicile.<\/p>\n<div class=\"vlp-link-container vlp-layout-article\"><a href=\"https:\/\/dicodusport.fr\/blog\/charly-petex-simpose-augustine-carliez-2eme-les-bleus-du-telemark-sillustrent-sur-le-sprint-de-pra-loup\/\" class=\"vlp-link\" title=\"Charly Petex s&#039;impose, Augustine Carliez 2\u00e8me : les Bleus du t\u00e9l\u00e9mark s&#039;illustrent sur le sprint de Pra Loup\"><\/a><div class=\"vlp-layout-zone-side\"><div class=\"vlp-block-4 vlp-link-image\"><img loading=\"lazy\" decoding=\"async\" style=\"max-width: 792px;\" width=\"792\" height=\"445\" src=\"https:\/\/dicodusport.fr\/blog\/wp-content\/uploads\/2026\/03\/Charly-Petex-simpose-Augustine-Carliez-2eme-les-Bleus-du-telemark-sillustrent-sur-le-sprint-de-Pra-Loup.png\" class=\"attachment-800x445 size-800x445\" alt=\"Charly Petex s&#039;impose, Augustine Carliez 2\u00e8me : les Bleus du t\u00e9l\u00e9mark s&#039;illustrent sur le sprint de Pra Loup\" srcset=\"https:\/\/dicodusport.fr\/blog\/wp-content\/uploads\/2026\/03\/Charly-Petex-simpose-Augustine-Carliez-2eme-les-Bleus-du-telemark-sillustrent-sur-le-sprint-de-Pra-Loup.png 1200w, https:\/\/dicodusport.fr\/blog\/wp-content\/uploads\/2026\/03\/Charly-Petex-simpose-Augustine-Carliez-2eme-les-Bleus-du-telemark-sillustrent-sur-le-sprint-de-Pra-Loup-300x169.png 300w, https:\/\/dicodusport.fr\/blog\/wp-content\/uploads\/2026\/03\/Charly-Petex-simpose-Augustine-Carliez-2eme-les-Bleus-du-telemark-sillustrent-sur-le-sprint-de-Pra-Loup-1024x575.png 1024w, https:\/\/dicodusport.fr\/blog\/wp-content\/uploads\/2026\/03\/Charly-Petex-simpose-Augustine-Carliez-2eme-les-Bleus-du-telemark-sillustrent-sur-le-sprint-de-Pra-Loup-768x431.png 768w\" sizes=\"auto, (max-width: 792px) 100vw, 792px\" \/><\/div><\/div><div class=\"vlp-layout-zone-main\"><div class=\"vlp-block-0 vlp-link-title\">Charly Petex s'impose, Augustine Carliez 2\u00e8me : les Bleus du t\u00e9l\u00e9mark s'illustrent sur le sprint de Pra Loup<\/div><div class=\"vlp-block-1 vlp-link-summary\">COUPE DU MONDE DE T\u00c9L\u00c9MARK 2025\/2026 - L'\u00e9tape de Pra Loup a bien d\u00e9but\u00e9 pour les Bleus avec la victoire de Charly Petex, et la 2\u00e8me place d\u00e9croch\u00e9e par Augustine Carliez sur le sprint.<\/div><div class=\"vlp-block-2 vlp-link-button\">Lire l'article<\/div><div class=\"vlp-block-3 vlp-link-url\">dicodusport.fr<\/div><\/div><\/div>\n<h2 style=\"text-align: justify;\">Nicolas Michel fait le break, Alexis Page retrouve le podium<\/h2>\n<p style=\"text-align: justify;\">Cette fois, les Bleus n&rsquo;ont pas eu l&rsquo;occasion de c\u00e9l\u00e9brer de victoire sur les deux courses. En effet, l&rsquo;\u00e9preuve masculine a \u00e9t\u00e9 domin\u00e9e par le leader du g\u00e9n\u00e9ral, <strong>Nicolas Michel<\/strong>, qui renforce au passage un peu plus son avance en t\u00eate du classement. Seul concurrent \u00e0 avoir r\u00e9ussi \u00e0 le challenger, <strong>Alexis Page<\/strong> a d\u00fb se contenter d&rsquo;une belle 2\u00e8me place, \u00e0 six dixi\u00e8mes du Suisse.<\/p>\n<p style=\"text-align: justify;\">En revanche, grosse surprise sur la 3\u00e8me marche du podium puisque le Canadien <strong>Adrian Ball<\/strong> a obtenu son meilleur r\u00e9sultat en Coupe du monde, devan\u00e7ant de quatre petits centi\u00e8mes le Norv\u00e9gien <strong>Jacob Alveberg<\/strong>. Comme hier, <strong>Th\u00e9o Sillon<\/strong> ferme le Top 5.<\/p>\n<h2 style=\"text-align: justify;\">Augustine Carliez arrache la bo\u00eete, et reste en t\u00eate de la sp\u00e9cialit\u00e9<\/h2>\n<p style=\"text-align: justify;\">Sur la classic f\u00e9minine, c&rsquo;est l\u00e0 encore la leader du g\u00e9n\u00e9ral, <strong>Goril Strom Eriksen<\/strong>. Cette derni\u00e8re a \u00e9cras\u00e9 les d\u00e9bats en collant plus de trois secondes \u00e0 <strong>Jasmin Taylor<\/strong>, 2\u00e8me ! D\u00e9j\u00e0 sur la bo\u00eete hier,<strong> Augustine Carliez<\/strong> r\u00e9cidive en s&#8217;emparant de la 3\u00e8me place. Ce qui lui permet de conserver la t\u00eate du classement de la sp\u00e9cialit\u00e9.<\/p>\n<p style=\"text-align: justify;\">Disposant de 30 points d&rsquo;avance sur Eriksen, la jeune Fran\u00e7aise devra encore performer sur la nouvelle classic pr\u00e9vue afin de se donner les meilleures chances de rafler le petit globe aux Contamines-Montjoie. Derri\u00e8re elle, <strong>Camille Bourbon<\/strong> et <strong>Lena\u00efg Mansart<\/strong> permettent de r\u00e9aliser un joli tir group\u00e9 en s&#8217;emparant respectivement des 4\u00e8mes et 5\u00e8mes positions.<\/p>\n<h3 style=\"text-align: justify;\">Les r\u00e9sultats des Fran\u00e7ais sur la classic de Pra Loup<\/h3>\n<p style=\"text-align: justify;\"><strong><em>Hommes\u00a0<\/em><\/strong>: 2. Alexis PAGE \/ 5. Th\u00e9o SILLON \/ 6. Yoann ROSTOLAN \/ 7. Charly PETEX \/ 8. \u00c9lie NABOT \/ 15. Melvyn REY. \/ 17. Jules PANIS \/ DNS Zian PECCOUX.<\/p>\n<p style=\"text-align: justify;\"><strong><em>Femmes\u00a0<\/em><\/strong>: 3. Augustine CARLIEZ \/ 4. Camille BOURBON \/ 5. Lena\u00efg MANSART.<\/p>\n<div id=\"gtx-trans\" style=\"position: absolute; left: -14px; top: 40.9091px;\">\n<div class=\"gtx-trans-icon\" style=\"text-align: justify;\"><\/div>\n<\/div>\n","protected":false},"excerpt":{"rendered":"<p>COUPE DU MONDE DE T\u00c9L\u00c9MARK 2025\/2026 &#8211; Ce vendredi, Alexis Page et Augustine Carliez se sont tous deux hiss\u00e9s sur le podium de la classic de Pra Loup.<\/p>\n","protected":false},"author":55,"featured_media":656992,"comment_status":"open","ping_status":"closed","sticky":false,"template":"","format":"standard","meta":{"_acf_changed":false,"_daextam_enable_autolinks":"1","footnotes":""},"categories":[45756],"tags":[15291,30242,16878,13759,675],"class_list":["post-656890","post","type-post","status-publish","format-standard","has-post-thumbnail","hentry","category-telemark","tag-alexis-page","tag-augustine-carliez","tag-breve","tag-coupe-du-monde-de-telemark","tag-telemark"],"acf":[],"yoast_head":"<!-- This site is optimized with the Yoast SEO Premium plugin v26.7 (Yoast SEO v26.7) - https:\/\/yoast.com\/wordpress\/plugins\/seo\/ -->\n<title>Alexis Page et Augustine Carliez sur la bo\u00eete de la classic de Pra Loup en t\u00e9l\u00e9mark<\/title>\n<meta name=\"description\" content=\"COUPE DU MONDE DE T\u00c9L\u00c9MARK 2025\/2026 - Ce vendredi, Alexis Page et Augustine Carliez se sont tous deux hiss\u00e9s sur le podium de la classic de Pra Loup.\" \/>\n<meta name=\"robots\" content=\"index, follow, max-snippet:-1, max-image-preview:large, max-video-preview:-1\" \/>\n<link rel=\"canonical\" href=\"https:\/\/dicodusport.fr\/blog\/alexis-page-et-augustine-carliez-sur-la-boite-de-la-classic-de-pra-loup-en-telemark\/\" \/>\n<meta property=\"og:locale\" content=\"fr_FR\" \/>\n<meta property=\"og:type\" content=\"article\" \/>\n<meta property=\"og:title\" content=\"Alexis Page et Augustine Carliez sur la bo\u00eete de la classic de Pra Loup en t\u00e9l\u00e9mark\" \/>\n<meta property=\"og:description\" content=\"COUPE DU MONDE DE T\u00c9L\u00c9MARK 2025\/2026 - Ce vendredi, Alexis Page et Augustine Carliez se sont tous deux hiss\u00e9s sur le podium de la classic de Pra Loup.\" \/>\n<meta property=\"og:url\" content=\"https:\/\/dicodusport.fr\/blog\/alexis-page-et-augustine-carliez-sur-la-boite-de-la-classic-de-pra-loup-en-telemark\/\" \/>\n<meta property=\"og:site_name\" content=\"Dicodusport\" \/>\n<meta property=\"article:publisher\" content=\"https:\/\/www.facebook.com\/dicodusport\" \/>\n<meta property=\"article:published_time\" content=\"2026-03-20T12:33:35+00:00\" \/>\n<meta property=\"article:modified_time\" content=\"2026-03-20T17:05:11+00:00\" \/>\n<meta property=\"og:image\" content=\"https:\/\/dicodusport.fr\/blog\/wp-content\/uploads\/2026\/03\/Alexis-Page-et-Augustine-Carliez-sur-la-boite-de-la-classic-de-Pra-Loup.png\" \/>\n\t<meta property=\"og:image:width\" content=\"1200\" \/>\n\t<meta property=\"og:image:height\" content=\"674\" \/>\n\t<meta property=\"og:image:type\" content=\"image\/png\" \/>\n<meta name=\"author\" content=\"Maxime Cazenave\" \/>\n<meta name=\"twitter:card\" content=\"summary_large_image\" \/>\n<meta name=\"twitter:title\" content=\"Alexis Page et Augustine Carliez sur la bo\u00eete de la classic de Pra Loup en t\u00e9l\u00e9mark\" \/>\n<meta name=\"twitter:creator\" content=\"@https:\/\/twitter.com\/Maxime_Caze\" \/>\n<meta name=\"twitter:site\" content=\"@dicodusport\" \/>\n<script type=\"application\/ld+json\" class=\"yoast-schema-graph\">{\"@context\":\"https:\/\/schema.org\",\"@graph\":[{\"@type\":\"NewsArticle\",\"@id\":\"https:\/\/dicodusport.fr\/blog\/alexis-page-et-augustine-carliez-sur-la-boite-de-la-classic-de-pra-loup-en-telemark\/#article\",\"isPartOf\":{\"@id\":\"https:\/\/dicodusport.fr\/blog\/alexis-page-et-augustine-carliez-sur-la-boite-de-la-classic-de-pra-loup-en-telemark\/\"},\"author\":{\"name\":\"Maxime Cazenave\",\"@id\":\"https:\/\/dicodusport.fr\/blog\/#\/schema\/person\/37def232098a7a5cbab3974a3690abb0\"},\"headline\":\"Alexis Page et Augustine Carliez sur la bo\u00eete de la classic de Pra Loup en t\u00e9l\u00e9mark\",\"datePublished\":\"2026-03-20T12:33:35+00:00\",\"dateModified\":\"2026-03-20T17:05:11+00:00\",\"mainEntityOfPage\":{\"@id\":\"https:\/\/dicodusport.fr\/blog\/alexis-page-et-augustine-carliez-sur-la-boite-de-la-classic-de-pra-loup-en-telemark\/\"},\"wordCount\":508,\"commentCount\":0,\"publisher\":{\"@id\":\"https:\/\/dicodusport.fr\/blog\/#organization\"},\"image\":{\"@id\":\"https:\/\/dicodusport.fr\/blog\/alexis-page-et-augustine-carliez-sur-la-boite-de-la-classic-de-pra-loup-en-telemark\/#primaryimage\"},\"thumbnailUrl\":\"https:\/\/dicodusport.fr\/blog\/wp-content\/uploads\/2026\/03\/Alexis-Page-et-Augustine-Carliez-sur-la-boite-de-la-classic-de-Pra-Loup.png\",\"keywords\":[\"Alexis Page\",\"Augustine Carliez\",\"br\u00e8ve\",\"Coupe du monde de t\u00e9l\u00e9mark\",\"T\u00e9l\u00e9mark\"],\"articleSection\":[\"T\u00e9l\u00e9mark\"],\"inLanguage\":\"fr-FR\",\"potentialAction\":[{\"@type\":\"CommentAction\",\"name\":\"Comment\",\"target\":[\"https:\/\/dicodusport.fr\/blog\/alexis-page-et-augustine-carliez-sur-la-boite-de-la-classic-de-pra-loup-en-telemark\/#respond\"]}],\"copyrightYear\":\"2026\",\"copyrightHolder\":{\"@id\":\"https:\/\/dicodusport.fr\/blog\/#organization\"}},{\"@type\":\"WebPage\",\"@id\":\"https:\/\/dicodusport.fr\/blog\/alexis-page-et-augustine-carliez-sur-la-boite-de-la-classic-de-pra-loup-en-telemark\/\",\"url\":\"https:\/\/dicodusport.fr\/blog\/alexis-page-et-augustine-carliez-sur-la-boite-de-la-classic-de-pra-loup-en-telemark\/\",\"name\":\"Alexis Page et Augustine Carliez sur la bo\u00eete de la classic de Pra Loup en t\u00e9l\u00e9mark\",\"isPartOf\":{\"@id\":\"https:\/\/dicodusport.fr\/blog\/#website\"},\"primaryImageOfPage\":{\"@id\":\"https:\/\/dicodusport.fr\/blog\/alexis-page-et-augustine-carliez-sur-la-boite-de-la-classic-de-pra-loup-en-telemark\/#primaryimage\"},\"image\":{\"@id\":\"https:\/\/dicodusport.fr\/blog\/alexis-page-et-augustine-carliez-sur-la-boite-de-la-classic-de-pra-loup-en-telemark\/#primaryimage\"},\"thumbnailUrl\":\"https:\/\/dicodusport.fr\/blog\/wp-content\/uploads\/2026\/03\/Alexis-Page-et-Augustine-Carliez-sur-la-boite-de-la-classic-de-Pra-Loup.png\",\"datePublished\":\"2026-03-20T12:33:35+00:00\",\"dateModified\":\"2026-03-20T17:05:11+00:00\",\"description\":\"COUPE DU MONDE DE T\u00c9L\u00c9MARK 2025\/2026 - Ce vendredi, Alexis Page et Augustine Carliez se sont tous deux hiss\u00e9s sur le podium de la classic de Pra Loup.\",\"breadcrumb\":{\"@id\":\"https:\/\/dicodusport.fr\/blog\/alexis-page-et-augustine-carliez-sur-la-boite-de-la-classic-de-pra-loup-en-telemark\/#breadcrumb\"},\"inLanguage\":\"fr-FR\",\"potentialAction\":[{\"@type\":\"ReadAction\",\"target\":[\"https:\/\/dicodusport.fr\/blog\/alexis-page-et-augustine-carliez-sur-la-boite-de-la-classic-de-pra-loup-en-telemark\/\"]}]},{\"@type\":\"ImageObject\",\"inLanguage\":\"fr-FR\",\"@id\":\"https:\/\/dicodusport.fr\/blog\/alexis-page-et-augustine-carliez-sur-la-boite-de-la-classic-de-pra-loup-en-telemark\/#primaryimage\",\"url\":\"https:\/\/dicodusport.fr\/blog\/wp-content\/uploads\/2026\/03\/Alexis-Page-et-Augustine-Carliez-sur-la-boite-de-la-classic-de-Pra-Loup.png\",\"contentUrl\":\"https:\/\/dicodusport.fr\/blog\/wp-content\/uploads\/2026\/03\/Alexis-Page-et-Augustine-Carliez-sur-la-boite-de-la-classic-de-Pra-Loup.png\",\"width\":1200,\"height\":674,\"caption\":\"Alexis Page et Augustine Carliez sur la bo\u00eete de la classic de Pra Loup en t\u00e9l\u00e9mark\"},{\"@type\":\"BreadcrumbList\",\"@id\":\"https:\/\/dicodusport.fr\/blog\/alexis-page-et-augustine-carliez-sur-la-boite-de-la-classic-de-pra-loup-en-telemark\/#breadcrumb\",\"itemListElement\":[{\"@type\":\"ListItem\",\"position\":1,\"name\":\"Accueil\",\"item\":\"https:\/\/dicodusport.fr\/blog\/\"},{\"@type\":\"ListItem\",\"position\":2,\"name\":\"Alexis Page et Augustine Carliez sur la bo\u00eete de la classic de Pra Loup en t\u00e9l\u00e9mark\"}]},{\"@type\":\"WebSite\",\"@id\":\"https:\/\/dicodusport.fr\/blog\/#website\",\"url\":\"https:\/\/dicodusport.fr\/blog\/\",\"name\":\"Dicodusport\",\"description\":\"L&#039;encyclop\u00e9die de l&#039;actualit\u00e9 sportive\",\"publisher\":{\"@id\":\"https:\/\/dicodusport.fr\/blog\/#organization\"},\"potentialAction\":[{\"@type\":\"SearchAction\",\"target\":{\"@type\":\"EntryPoint\",\"urlTemplate\":\"https:\/\/dicodusport.fr\/blog\/?s={search_term_string}\"},\"query-input\":{\"@type\":\"PropertyValueSpecification\",\"valueRequired\":true,\"valueName\":\"search_term_string\"}}],\"inLanguage\":\"fr-FR\"},{\"@type\":\"NewsMediaOrganization\",\"@id\":\"https:\/\/dicodusport.fr\/blog\/#organization\",\"name\":\"Dicodusport\",\"url\":\"https:\/\/dicodusport.fr\/blog\/\",\"logo\":{\"@type\":\"ImageObject\",\"inLanguage\":\"fr-FR\",\"@id\":\"https:\/\/dicodusport.fr\/blog\/#\/schema\/logo\/image\/\",\"url\":\"https:\/\/dicodusport.fr\/blog\/wp-content\/uploads\/2020\/06\/cropped-LOGO-DICODUSPORT-2020-SANS-FOND-SANS-TEXTE.png\",\"contentUrl\":\"https:\/\/dicodusport.fr\/blog\/wp-content\/uploads\/2020\/06\/cropped-LOGO-DICODUSPORT-2020-SANS-FOND-SANS-TEXTE.png\",\"width\":512,\"height\":512,\"caption\":\"Dicodusport\"},\"image\":{\"@id\":\"https:\/\/dicodusport.fr\/blog\/#\/schema\/logo\/image\/\"},\"sameAs\":[\"https:\/\/www.facebook.com\/dicodusport\",\"https:\/\/x.com\/dicodusport\",\"https:\/\/www.instagram.com\/dicodusport\/\",\"https:\/\/www.youtube.com\/channel\/UC7V2KZ5sd3htJivAbA4ZG3w\"],\"description\":\"Dicodusport est l'encyclop\u00e9die de l'actualit\u00e9 sportive.\",\"email\":\"bonjour@dicodusport.fr\",\"legalName\":\"DICODUSPORT\",\"foundingDate\":\"2018-01-14\",\"vatID\":\"FR71834470973\",\"taxID\":\"83447097300043\",\"numberOfEmployees\":{\"@type\":\"QuantitativeValue\",\"minValue\":\"1\",\"maxValue\":\"10\"}},{\"@type\":\"Person\",\"@id\":\"https:\/\/dicodusport.fr\/blog\/#\/schema\/person\/37def232098a7a5cbab3974a3690abb0\",\"name\":\"Maxime Cazenave\",\"image\":{\"@type\":\"ImageObject\",\"inLanguage\":\"fr-FR\",\"@id\":\"https:\/\/dicodusport.fr\/blog\/#\/schema\/person\/image\/\",\"url\":\"https:\/\/dicodusport.fr\/blog\/wp-content\/uploads\/2021\/05\/Maxime-Cazenave-150x150.jpg\",\"contentUrl\":\"https:\/\/dicodusport.fr\/blog\/wp-content\/uploads\/2021\/05\/Maxime-Cazenave-150x150.jpg\",\"caption\":\"Maxime Cazenave\"},\"description\":\"Journaliste\/R\u00e9dacteur depuis 2012 - Berc\u00e9 par l\u2019amour des Girondins de Bordeaux, les \u00e9checs de Christophe Moreau sur le Tour de France sous l'\u00e8re Lance Armstrong et le fade-away l\u00e9tal de Dirk Nowitzki, ma passion d\u00e9vorante pour le sport a toujours \u00e9t\u00e9 un pan incontournable de ma vie. Transmettre ma passion \u00e0 l\u2019\u00e9crit a \u00e9t\u00e9 une transition naturelle. Suiveur assidu de basket et de hockey sur glace, je garde toujours un peu de place pour suivre le cyclisme, le football et le maximum de performances fran\u00e7aises.\",\"sameAs\":[\"https:\/\/x.com\/https:\/\/twitter.com\/Maxime_Caze\"],\"url\":\"https:\/\/dicodusport.fr\/blog\/author\/maximec\/\"}]}<\/script>\n<!-- \/ Yoast SEO Premium plugin. -->","yoast_head_json":{"title":"Alexis Page et Augustine Carliez sur la bo\u00eete de la classic de Pra Loup en t\u00e9l\u00e9mark","description":"COUPE DU MONDE DE T\u00c9L\u00c9MARK 2025\/2026 - Ce vendredi, Alexis Page et Augustine Carliez se sont tous deux hiss\u00e9s sur le podium de la classic de Pra Loup.","robots":{"index":"index","follow":"follow","max-snippet":"max-snippet:-1","max-image-preview":"max-image-preview:large","max-video-preview":"max-video-preview:-1"},"canonical":"https:\/\/dicodusport.fr\/blog\/alexis-page-et-augustine-carliez-sur-la-boite-de-la-classic-de-pra-loup-en-telemark\/","og_locale":"fr_FR","og_type":"article","og_title":"Alexis Page et Augustine Carliez sur la bo\u00eete de la classic de Pra Loup en t\u00e9l\u00e9mark","og_description":"COUPE DU MONDE DE T\u00c9L\u00c9MARK 2025\/2026 - Ce vendredi, Alexis Page et Augustine Carliez se sont tous deux hiss\u00e9s sur le podium de la classic de Pra Loup.","og_url":"https:\/\/dicodusport.fr\/blog\/alexis-page-et-augustine-carliez-sur-la-boite-de-la-classic-de-pra-loup-en-telemark\/","og_site_name":"Dicodusport","article_publisher":"https:\/\/www.facebook.com\/dicodusport","article_published_time":"2026-03-20T12:33:35+00:00","article_modified_time":"2026-03-20T17:05:11+00:00","og_image":[{"width":1200,"height":674,"url":"https:\/\/dicodusport.fr\/blog\/wp-content\/uploads\/2026\/03\/Alexis-Page-et-Augustine-Carliez-sur-la-boite-de-la-classic-de-Pra-Loup.png","type":"image\/png"}],"author":"Maxime Cazenave","twitter_card":"summary_large_image","twitter_title":"Alexis Page et Augustine Carliez sur la bo\u00eete de la classic de Pra Loup en t\u00e9l\u00e9mark","twitter_creator":"@https:\/\/twitter.com\/Maxime_Caze","twitter_site":"@dicodusport","schema":{"@context":"https:\/\/schema.org","@graph":[{"@type":"NewsArticle","@id":"https:\/\/dicodusport.fr\/blog\/alexis-page-et-augustine-carliez-sur-la-boite-de-la-classic-de-pra-loup-en-telemark\/#article","isPartOf":{"@id":"https:\/\/dicodusport.fr\/blog\/alexis-page-et-augustine-carliez-sur-la-boite-de-la-classic-de-pra-loup-en-telemark\/"},"author":{"name":"Maxime Cazenave","@id":"https:\/\/dicodusport.fr\/blog\/#\/schema\/person\/37def232098a7a5cbab3974a3690abb0"},"headline":"Alexis Page et Augustine Carliez sur la bo\u00eete de la classic de Pra Loup en t\u00e9l\u00e9mark","datePublished":"2026-03-20T12:33:35+00:00","dateModified":"2026-03-20T17:05:11+00:00","mainEntityOfPage":{"@id":"https:\/\/dicodusport.fr\/blog\/alexis-page-et-augustine-carliez-sur-la-boite-de-la-classic-de-pra-loup-en-telemark\/"},"wordCount":508,"commentCount":0,"publisher":{"@id":"https:\/\/dicodusport.fr\/blog\/#organization"},"image":{"@id":"https:\/\/dicodusport.fr\/blog\/alexis-page-et-augustine-carliez-sur-la-boite-de-la-classic-de-pra-loup-en-telemark\/#primaryimage"},"thumbnailUrl":"https:\/\/dicodusport.fr\/blog\/wp-content\/uploads\/2026\/03\/Alexis-Page-et-Augustine-Carliez-sur-la-boite-de-la-classic-de-Pra-Loup.png","keywords":["Alexis Page","Augustine Carliez","br\u00e8ve","Coupe du monde de t\u00e9l\u00e9mark","T\u00e9l\u00e9mark"],"articleSection":["T\u00e9l\u00e9mark"],"inLanguage":"fr-FR","potentialAction":[{"@type":"CommentAction","name":"Comment","target":["https:\/\/dicodusport.fr\/blog\/alexis-page-et-augustine-carliez-sur-la-boite-de-la-classic-de-pra-loup-en-telemark\/#respond"]}],"copyrightYear":"2026","copyrightHolder":{"@id":"https:\/\/dicodusport.fr\/blog\/#organization"}},{"@type":"WebPage","@id":"https:\/\/dicodusport.fr\/blog\/alexis-page-et-augustine-carliez-sur-la-boite-de-la-classic-de-pra-loup-en-telemark\/","url":"https:\/\/dicodusport.fr\/blog\/alexis-page-et-augustine-carliez-sur-la-boite-de-la-classic-de-pra-loup-en-telemark\/","name":"Alexis Page et Augustine Carliez sur la bo\u00eete de la classic de Pra Loup en t\u00e9l\u00e9mark","isPartOf":{"@id":"https:\/\/dicodusport.fr\/blog\/#website"},"primaryImageOfPage":{"@id":"https:\/\/dicodusport.fr\/blog\/alexis-page-et-augustine-carliez-sur-la-boite-de-la-classic-de-pra-loup-en-telemark\/#primaryimage"},"image":{"@id":"https:\/\/dicodusport.fr\/blog\/alexis-page-et-augustine-carliez-sur-la-boite-de-la-classic-de-pra-loup-en-telemark\/#primaryimage"},"thumbnailUrl":"https:\/\/dicodusport.fr\/blog\/wp-content\/uploads\/2026\/03\/Alexis-Page-et-Augustine-Carliez-sur-la-boite-de-la-classic-de-Pra-Loup.png","datePublished":"2026-03-20T12:33:35+00:00","dateModified":"2026-03-20T17:05:11+00:00","description":"COUPE DU MONDE DE T\u00c9L\u00c9MARK 2025\/2026 - Ce vendredi, Alexis Page et Augustine Carliez se sont tous deux hiss\u00e9s sur le podium de la classic de Pra Loup.","breadcrumb":{"@id":"https:\/\/dicodusport.fr\/blog\/alexis-page-et-augustine-carliez-sur-la-boite-de-la-classic-de-pra-loup-en-telemark\/#breadcrumb"},"inLanguage":"fr-FR","potentialAction":[{"@type":"ReadAction","target":["https:\/\/dicodusport.fr\/blog\/alexis-page-et-augustine-carliez-sur-la-boite-de-la-classic-de-pra-loup-en-telemark\/"]}]},{"@type":"ImageObject","inLanguage":"fr-FR","@id":"https:\/\/dicodusport.fr\/blog\/alexis-page-et-augustine-carliez-sur-la-boite-de-la-classic-de-pra-loup-en-telemark\/#primaryimage","url":"https:\/\/dicodusport.fr\/blog\/wp-content\/uploads\/2026\/03\/Alexis-Page-et-Augustine-Carliez-sur-la-boite-de-la-classic-de-Pra-Loup.png","contentUrl":"https:\/\/dicodusport.fr\/blog\/wp-content\/uploads\/2026\/03\/Alexis-Page-et-Augustine-Carliez-sur-la-boite-de-la-classic-de-Pra-Loup.png","width":1200,"height":674,"caption":"Alexis Page et Augustine Carliez sur la bo\u00eete de la classic de Pra Loup en t\u00e9l\u00e9mark"},{"@type":"BreadcrumbList","@id":"https:\/\/dicodusport.fr\/blog\/alexis-page-et-augustine-carliez-sur-la-boite-de-la-classic-de-pra-loup-en-telemark\/#breadcrumb","itemListElement":[{"@type":"ListItem","position":1,"name":"Accueil","item":"https:\/\/dicodusport.fr\/blog\/"},{"@type":"ListItem","position":2,"name":"Alexis Page et Augustine Carliez sur la bo\u00eete de la classic de Pra Loup en t\u00e9l\u00e9mark"}]},{"@type":"WebSite","@id":"https:\/\/dicodusport.fr\/blog\/#website","url":"https:\/\/dicodusport.fr\/blog\/","name":"Dicodusport","description":"L&#039;encyclop\u00e9die de l&#039;actualit\u00e9 sportive","publisher":{"@id":"https:\/\/dicodusport.fr\/blog\/#organization"},"potentialAction":[{"@type":"SearchAction","target":{"@type":"EntryPoint","urlTemplate":"https:\/\/dicodusport.fr\/blog\/?s={search_term_string}"},"query-input":{"@type":"PropertyValueSpecification","valueRequired":true,"valueName":"search_term_string"}}],"inLanguage":"fr-FR"},{"@type":"NewsMediaOrganization","@id":"https:\/\/dicodusport.fr\/blog\/#organization","name":"Dicodusport","url":"https:\/\/dicodusport.fr\/blog\/","logo":{"@type":"ImageObject","inLanguage":"fr-FR","@id":"https:\/\/dicodusport.fr\/blog\/#\/schema\/logo\/image\/","url":"https:\/\/dicodusport.fr\/blog\/wp-content\/uploads\/2020\/06\/cropped-LOGO-DICODUSPORT-2020-SANS-FOND-SANS-TEXTE.png","contentUrl":"https:\/\/dicodusport.fr\/blog\/wp-content\/uploads\/2020\/06\/cropped-LOGO-DICODUSPORT-2020-SANS-FOND-SANS-TEXTE.png","width":512,"height":512,"caption":"Dicodusport"},"image":{"@id":"https:\/\/dicodusport.fr\/blog\/#\/schema\/logo\/image\/"},"sameAs":["https:\/\/www.facebook.com\/dicodusport","https:\/\/x.com\/dicodusport","https:\/\/www.instagram.com\/dicodusport\/","https:\/\/www.youtube.com\/channel\/UC7V2KZ5sd3htJivAbA4ZG3w"],"description":"Dicodusport est l'encyclop\u00e9die de l'actualit\u00e9 sportive.","email":"bonjour@dicodusport.fr","legalName":"DICODUSPORT","foundingDate":"2018-01-14","vatID":"FR71834470973","taxID":"83447097300043","numberOfEmployees":{"@type":"QuantitativeValue","minValue":"1","maxValue":"10"}},{"@type":"Person","@id":"https:\/\/dicodusport.fr\/blog\/#\/schema\/person\/37def232098a7a5cbab3974a3690abb0","name":"Maxime Cazenave","image":{"@type":"ImageObject","inLanguage":"fr-FR","@id":"https:\/\/dicodusport.fr\/blog\/#\/schema\/person\/image\/","url":"https:\/\/dicodusport.fr\/blog\/wp-content\/uploads\/2021\/05\/Maxime-Cazenave-150x150.jpg","contentUrl":"https:\/\/dicodusport.fr\/blog\/wp-content\/uploads\/2021\/05\/Maxime-Cazenave-150x150.jpg","caption":"Maxime Cazenave"},"description":"Journaliste\/R\u00e9dacteur depuis 2012 - Berc\u00e9 par l\u2019amour des Girondins de Bordeaux, les \u00e9checs de Christophe Moreau sur le Tour de France sous l'\u00e8re Lance Armstrong et le fade-away l\u00e9tal de Dirk Nowitzki, ma passion d\u00e9vorante pour le sport a toujours \u00e9t\u00e9 un pan incontournable de ma vie. Transmettre ma passion \u00e0 l\u2019\u00e9crit a \u00e9t\u00e9 une transition naturelle. Suiveur assidu de basket et de hockey sur glace, je garde toujours un peu de place pour suivre le cyclisme, le football et le maximum de performances fran\u00e7aises.","sameAs":["https:\/\/x.com\/https:\/\/twitter.com\/Maxime_Caze"],"url":"https:\/\/dicodusport.fr\/blog\/author\/maximec\/"}]}},"_links":{"self":[{"href":"https:\/\/dicodusport.fr\/blog\/wp-json\/wp\/v2\/posts\/656890","targetHints":{"allow":["GET"]}}],"collection":[{"href":"https:\/\/dicodusport.fr\/blog\/wp-json\/wp\/v2\/posts"}],"about":[{"href":"https:\/\/dicodusport.fr\/blog\/wp-json\/wp\/v2\/types\/post"}],"author":[{"embeddable":true,"href":"https:\/\/dicodusport.fr\/blog\/wp-json\/wp\/v2\/users\/55"}],"replies":[{"embeddable":true,"href":"https:\/\/dicodusport.fr\/blog\/wp-json\/wp\/v2\/comments?post=656890"}],"version-history":[{"count":4,"href":"https:\/\/dicodusport.fr\/blog\/wp-json\/wp\/v2\/posts\/656890\/revisions"}],"predecessor-version":[{"id":656906,"href":"https:\/\/dicodusport.fr\/blog\/wp-json\/wp\/v2\/posts\/656890\/revisions\/656906"}],"wp:featuredmedia":[{"embeddable":true,"href":"https:\/\/dicodusport.fr\/blog\/wp-json\/wp\/v2\/media\/656992"}],"wp:attachment":[{"href":"https:\/\/dicodusport.fr\/blog\/wp-json\/wp\/v2\/media?parent=656890"}],"wp:term":[{"taxonomy":"category","embeddable":true,"href":"https:\/\/dicodusport.fr\/blog\/wp-json\/wp\/v2\/categories?post=656890"},{"taxonomy":"post_tag","embeddable":true,"href":"https:\/\/dicodusport.fr\/blog\/wp-json\/wp\/v2\/tags?post=656890"}],"curies":[{"name":"wp","href":"https:\/\/api.w.org\/{rel}","templated":true}]}}