{"id":65702,"date":"2020-04-26T18:35:34","date_gmt":"2020-04-26T16:35:34","guid":{"rendered":"http:\/\/dicodusport.fr\/blog\/?p=65702&#038;preview=true&#038;preview_id=65702"},"modified":"2022-11-18T10:19:22","modified_gmt":"2022-11-18T09:19:22","slug":"equipe-de-france-hockey-sur-glace-voit-rouge","status":"publish","type":"post","link":"https:\/\/dicodusport.fr\/blog\/equipe-de-france-hockey-sur-glace-voit-rouge\/","title":{"rendered":"L&rsquo;\u00e9quipe de France de hockey sur glace voit rouge"},"content":{"rendered":"<p style=\"text-align: justify;\"><strong><em>HOCKEY SUR GLACE &#8211; Coup dur pour les Bleus du hockey sur glace. Ce samedi, l&rsquo;IIHF (F\u00e9d\u00e9ration Internationale de Hockey sur glace), a d\u00e9voil\u00e9 un nouveau classement mondial pour 2020. Et les Fran\u00e7ais peuvent l&rsquo;avoir mauvaise pour l&rsquo;avenir.<\/em><\/strong><\/p>\n<p style=\"text-align: justify;\">L&rsquo;<strong>\u00e9quipe de France masculine de hockey sur glace<\/strong> injustement p\u00e9nalis\u00e9e par l&rsquo;<strong>IIHF<\/strong>. Ce samedi, la F\u00e9d\u00e9ration internationale a en effet annonc\u00e9 un nouveau classement mondial. La France est class\u00e9e 14\u00e8me, mais peut avoir peur pour l&rsquo;avenir. Les diff\u00e9rentes comp\u00e9titions internationales \u00e9tant annul\u00e9es (Mondiaux \u00e9lite mais aussi les championnats du monde D1A), le classement 2020, toujours calcul\u00e9 avec une pond\u00e9ration sur la base des derni\u00e8res comp\u00e9titions, voit la France se faire attribuer des points comme si elle avait termin\u00e9 \u00e0 la 17\u00e8me place mondiale.<\/p>\n<p style=\"text-align: justify;\"><strong>Les Bleus, r\u00e9trograd\u00e9s en Division 1A apr\u00e8s un Mondial 2019 catastrophique<\/strong>, auraient de toute fa\u00e7on, dans le meilleur des cas, \u00e9t\u00e9 class\u00e9s en 17\u00e8me position en remportant le <strong>championnat D1A<\/strong> pr\u00e9vu \u00e0 Ljubljana (Slov\u00e9nie) fin avril, mais annul\u00e9 en raison de l&rsquo;\u00e9pid\u00e9mie de Coronavirus. Un succ\u00e8s qui leur aurait permis de r\u00e9int\u00e9grer l&rsquo;\u00e9lite de hockey mondial en 2021.<\/p>\n<h2 style=\"text-align: justify;\">Une annulation lourde de cons\u00e9quences<\/h2>\n<p style=\"text-align: justify;\">Oui mais voil\u00e0, sans jouer ce tournoi D1A, la France ne pourra pas revenir au plus haut niveau. Cons\u00e9quence, durant deux ans, (dont l&rsquo;ann\u00e9e 2020 sans jouer), les Bleus seront trait\u00e9s comme une nation occupant la 17\u00e8me place au classement mondial. Au contraire de la Grande-Bretagne, membre du conseil d\u00e9cisionnaire et de l&rsquo;Italie, qui devraient passer devant les Tricolores d\u00e8s l&rsquo;an prochain.<\/p>\n<p style=\"text-align: justify;\">Autre cons\u00e9quence, celle qui concerne la qualification pour les <strong>Jeux Olympiques de Milan en 2026<\/strong>. Si les Bleus sont d\u00e9j\u00e0 fix\u00e9s sur le <strong>TQO<\/strong> pour <strong>P\u00e9kin 2022<\/strong>, l&rsquo;avenir s&rsquo;annonce encore plus compliqu\u00e9. Les nations les mieux class\u00e9es et encore non qualifi\u00e9es pour l&rsquo;\u00e9ch\u00e9ance olympique italienne pourront recevoir un <strong>TQO<\/strong>. Ce qui ne sera pas le cas de la France dans ces conditions, et surtout en cas de nouvelle descente au classement. Apr\u00e8s un championnat du monde \u00f4 combien d\u00e9cevant l&rsquo;ann\u00e9e derni\u00e8re, c&rsquo;est donc un nouveau coup dur pour l&rsquo;\u00e9quipe de France.<\/p>\n<ul>\n<li style=\"text-align: justify;\"><strong>Pour en savoir plus sur le futur de l&rsquo;\u00e9quipe de France -&gt; <a href=\"https:\/\/www.passionhockey.com\/2020\/04\/24\/liihf-enfonce-injustement-la-france\/\" target=\"_blank\" rel=\"noopener noreferrer\">L&rsquo;IIHF enfonce injustement la France<\/a><\/strong><\/li>\n<\/ul>\n<p><strong><em>Dicodusport<br \/>\n<a href=\"https:\/\/www.facebook.com\/dicodusport\/\" target=\"_blank\" rel=\"noopener noreferrer\"><img loading=\"lazy\" decoding=\"async\" class=\"alignnone wp-image-2909\" src=\"http:\/\/dicodusport.fr\/blog\/wp-content\/uploads\/2017\/07\/logo-facebook-150x150.png\" alt=\"\" width=\"40\" height=\"40\" \/><\/a><a href=\"https:\/\/twitter.com\/dicodusport\" target=\"_blank\" rel=\"noopener noreferrer\"><img loading=\"lazy\" decoding=\"async\" class=\"alignnone wp-image-2908\" src=\"http:\/\/dicodusport.fr\/blog\/wp-content\/uploads\/2017\/07\/logo-twitter-150x150.png\" alt=\"\" width=\"39\" height=\"39\" \/><\/a><\/em><\/strong><\/p>\n","protected":false},"excerpt":{"rendered":"<p>HOCKEY SUR GLACE &#8211; Coup dur pour les Bleus du hockey sur glace. Ce samedi, l&rsquo;IIHF (F\u00e9d\u00e9ration Internationale de Hockey sur glace), a d\u00e9voil\u00e9 un nouveau classement mondial pour 2020. Et les Fran\u00e7ais peuvent l&rsquo;avoir mauvaise.<\/p>\n","protected":false},"author":4,"featured_media":65706,"comment_status":"open","ping_status":"closed","sticky":false,"template":"","format":"standard","meta":{"_acf_changed":false,"_daextam_enable_autolinks":"","footnotes":""},"categories":[10646,10575],"tags":[199,838],"class_list":["post-65702","post","type-post","status-publish","format-standard","has-post-thumbnail","hentry","category-coronavirus","category-hockey-sur-glace","tag-equipe-de-france","tag-hockey-sur-glace"],"acf":[],"yoast_head":"<!-- This site is optimized with the Yoast SEO Premium plugin v26.7 (Yoast SEO v26.7) - https:\/\/yoast.com\/wordpress\/plugins\/seo\/ -->\n<title>L&#039;\u00e9quipe de France de hockey sur glace voit rouge<\/title>\n<meta name=\"description\" content=\"HOCKEY SUR GLACE - Coup dur pour les Bleus du hockey sur glace. Ce samedi, l&#039;IIHF (F\u00e9d\u00e9ration Internationale de Hockey sur glace), a d\u00e9voil\u00e9 un nouveau classement mondial pour 2020. Et les Fran\u00e7ais peuvent l&#039;avoir mauvaise.\" \/>\n<meta name=\"robots\" content=\"index, follow, max-snippet:-1, max-image-preview:large, max-video-preview:-1\" \/>\n<link rel=\"canonical\" href=\"https:\/\/dicodusport.fr\/blog\/equipe-de-france-hockey-sur-glace-voit-rouge\/\" \/>\n<meta property=\"og:locale\" content=\"fr_FR\" \/>\n<meta property=\"og:type\" content=\"article\" \/>\n<meta property=\"og:title\" content=\"L&#039;\u00e9quipe de France de hockey sur glace voit rouge\" \/>\n<meta property=\"og:description\" content=\"HOCKEY SUR GLACE - Coup dur pour les Bleus du hockey sur glace. Ce samedi, l&#039;IIHF (F\u00e9d\u00e9ration Internationale de Hockey sur glace), a d\u00e9voil\u00e9 un nouveau classement mondial pour 2020. Et les Fran\u00e7ais peuvent l&#039;avoir mauvaise.\" \/>\n<meta property=\"og:url\" content=\"https:\/\/dicodusport.fr\/blog\/equipe-de-france-hockey-sur-glace-voit-rouge\/\" \/>\n<meta property=\"og:site_name\" content=\"Dicodusport\" \/>\n<meta property=\"article:publisher\" content=\"https:\/\/www.facebook.com\/dicodusport\" \/>\n<meta property=\"article:author\" content=\"https:\/\/www.facebook.com\/florent.ostermann\" \/>\n<meta property=\"article:published_time\" content=\"2020-04-26T16:35:34+00:00\" \/>\n<meta property=\"article:modified_time\" content=\"2022-11-18T09:19:22+00:00\" \/>\n<meta property=\"og:image\" content=\"https:\/\/dicodusport.fr\/blog\/wp-content\/uploads\/2020\/04\/L\u00e9quipe-de-France-de-hockey-sur-glace-voit-rouge.png\" \/>\n\t<meta property=\"og:image:width\" content=\"800\" \/>\n\t<meta property=\"og:image:height\" content=\"445\" \/>\n\t<meta property=\"og:image:type\" content=\"image\/png\" \/>\n<meta name=\"author\" content=\"Flo Ostermann\" \/>\n<meta name=\"twitter:card\" content=\"summary_large_image\" \/>\n<meta name=\"twitter:title\" content=\"L&#039;\u00e9quipe de France de hockey sur glace voit rouge\" \/>\n<meta name=\"twitter:creator\" content=\"@https:\/\/twitter.com\/FlOstermann\" \/>\n<meta name=\"twitter:site\" content=\"@dicodusport\" \/>\n<script type=\"application\/ld+json\" class=\"yoast-schema-graph\">{\"@context\":\"https:\/\/schema.org\",\"@graph\":[{\"@type\":\"NewsArticle\",\"@id\":\"https:\/\/dicodusport.fr\/blog\/equipe-de-france-hockey-sur-glace-voit-rouge\/#article\",\"isPartOf\":{\"@id\":\"https:\/\/dicodusport.fr\/blog\/equipe-de-france-hockey-sur-glace-voit-rouge\/\"},\"author\":{\"name\":\"Flo Ostermann\",\"@id\":\"https:\/\/dicodusport.fr\/blog\/#\/schema\/person\/cb02af4c173ce4a653b55e9baf388d4a\"},\"headline\":\"L&rsquo;\u00e9quipe de France de hockey sur glace voit rouge\",\"datePublished\":\"2020-04-26T16:35:34+00:00\",\"dateModified\":\"2022-11-18T09:19:22+00:00\",\"mainEntityOfPage\":{\"@id\":\"https:\/\/dicodusport.fr\/blog\/equipe-de-france-hockey-sur-glace-voit-rouge\/\"},\"wordCount\":421,\"commentCount\":0,\"publisher\":{\"@id\":\"https:\/\/dicodusport.fr\/blog\/#organization\"},\"image\":{\"@id\":\"https:\/\/dicodusport.fr\/blog\/equipe-de-france-hockey-sur-glace-voit-rouge\/#primaryimage\"},\"thumbnailUrl\":\"https:\/\/dicodusport.fr\/blog\/wp-content\/uploads\/2020\/04\/L\u00e9quipe-de-France-de-hockey-sur-glace-voit-rouge.png\",\"keywords\":[\"\u00c9quipe de France\",\"hockey sur glace\"],\"articleSection\":[\"Coronavirus\",\"Hockey sur glace\"],\"inLanguage\":\"fr-FR\",\"potentialAction\":[{\"@type\":\"CommentAction\",\"name\":\"Comment\",\"target\":[\"https:\/\/dicodusport.fr\/blog\/equipe-de-france-hockey-sur-glace-voit-rouge\/#respond\"]}],\"copyrightYear\":\"2020\",\"copyrightHolder\":{\"@id\":\"https:\/\/dicodusport.fr\/blog\/#organization\"}},{\"@type\":\"WebPage\",\"@id\":\"https:\/\/dicodusport.fr\/blog\/equipe-de-france-hockey-sur-glace-voit-rouge\/\",\"url\":\"https:\/\/dicodusport.fr\/blog\/equipe-de-france-hockey-sur-glace-voit-rouge\/\",\"name\":\"L'\u00e9quipe de France de hockey sur glace voit rouge\",\"isPartOf\":{\"@id\":\"https:\/\/dicodusport.fr\/blog\/#website\"},\"primaryImageOfPage\":{\"@id\":\"https:\/\/dicodusport.fr\/blog\/equipe-de-france-hockey-sur-glace-voit-rouge\/#primaryimage\"},\"image\":{\"@id\":\"https:\/\/dicodusport.fr\/blog\/equipe-de-france-hockey-sur-glace-voit-rouge\/#primaryimage\"},\"thumbnailUrl\":\"https:\/\/dicodusport.fr\/blog\/wp-content\/uploads\/2020\/04\/L\u00e9quipe-de-France-de-hockey-sur-glace-voit-rouge.png\",\"datePublished\":\"2020-04-26T16:35:34+00:00\",\"dateModified\":\"2022-11-18T09:19:22+00:00\",\"description\":\"HOCKEY SUR GLACE - Coup dur pour les Bleus du hockey sur glace. Ce samedi, l'IIHF (F\u00e9d\u00e9ration Internationale de Hockey sur glace), a d\u00e9voil\u00e9 un nouveau classement mondial pour 2020. Et les Fran\u00e7ais peuvent l'avoir mauvaise.\",\"breadcrumb\":{\"@id\":\"https:\/\/dicodusport.fr\/blog\/equipe-de-france-hockey-sur-glace-voit-rouge\/#breadcrumb\"},\"inLanguage\":\"fr-FR\",\"potentialAction\":[{\"@type\":\"ReadAction\",\"target\":[\"https:\/\/dicodusport.fr\/blog\/equipe-de-france-hockey-sur-glace-voit-rouge\/\"]}]},{\"@type\":\"ImageObject\",\"inLanguage\":\"fr-FR\",\"@id\":\"https:\/\/dicodusport.fr\/blog\/equipe-de-france-hockey-sur-glace-voit-rouge\/#primaryimage\",\"url\":\"https:\/\/dicodusport.fr\/blog\/wp-content\/uploads\/2020\/04\/L\u00e9quipe-de-France-de-hockey-sur-glace-voit-rouge.png\",\"contentUrl\":\"https:\/\/dicodusport.fr\/blog\/wp-content\/uploads\/2020\/04\/L\u00e9quipe-de-France-de-hockey-sur-glace-voit-rouge.png\",\"width\":800,\"height\":445,\"caption\":\"Les \u00e9quipes de France voient rouge - AFP\"},{\"@type\":\"BreadcrumbList\",\"@id\":\"https:\/\/dicodusport.fr\/blog\/equipe-de-france-hockey-sur-glace-voit-rouge\/#breadcrumb\",\"itemListElement\":[{\"@type\":\"ListItem\",\"position\":1,\"name\":\"Accueil\",\"item\":\"https:\/\/dicodusport.fr\/blog\/\"},{\"@type\":\"ListItem\",\"position\":2,\"name\":\"L&rsquo;\u00e9quipe de France de hockey sur glace voit rouge\"}]},{\"@type\":\"WebSite\",\"@id\":\"https:\/\/dicodusport.fr\/blog\/#website\",\"url\":\"https:\/\/dicodusport.fr\/blog\/\",\"name\":\"Dicodusport\",\"description\":\"L&#039;encyclop\u00e9die de l&#039;actualit\u00e9 sportive\",\"publisher\":{\"@id\":\"https:\/\/dicodusport.fr\/blog\/#organization\"},\"potentialAction\":[{\"@type\":\"SearchAction\",\"target\":{\"@type\":\"EntryPoint\",\"urlTemplate\":\"https:\/\/dicodusport.fr\/blog\/?s={search_term_string}\"},\"query-input\":{\"@type\":\"PropertyValueSpecification\",\"valueRequired\":true,\"valueName\":\"search_term_string\"}}],\"inLanguage\":\"fr-FR\"},{\"@type\":\"NewsMediaOrganization\",\"@id\":\"https:\/\/dicodusport.fr\/blog\/#organization\",\"name\":\"Dicodusport\",\"url\":\"https:\/\/dicodusport.fr\/blog\/\",\"logo\":{\"@type\":\"ImageObject\",\"inLanguage\":\"fr-FR\",\"@id\":\"https:\/\/dicodusport.fr\/blog\/#\/schema\/logo\/image\/\",\"url\":\"https:\/\/dicodusport.fr\/blog\/wp-content\/uploads\/2020\/06\/cropped-LOGO-DICODUSPORT-2020-SANS-FOND-SANS-TEXTE.png\",\"contentUrl\":\"https:\/\/dicodusport.fr\/blog\/wp-content\/uploads\/2020\/06\/cropped-LOGO-DICODUSPORT-2020-SANS-FOND-SANS-TEXTE.png\",\"width\":512,\"height\":512,\"caption\":\"Dicodusport\"},\"image\":{\"@id\":\"https:\/\/dicodusport.fr\/blog\/#\/schema\/logo\/image\/\"},\"sameAs\":[\"https:\/\/www.facebook.com\/dicodusport\",\"https:\/\/x.com\/dicodusport\",\"https:\/\/www.instagram.com\/dicodusport\/\",\"https:\/\/www.youtube.com\/channel\/UC7V2KZ5sd3htJivAbA4ZG3w\"],\"description\":\"Dicodusport est l'encyclop\u00e9die de l'actualit\u00e9 sportive.\",\"email\":\"bonjour@dicodusport.fr\",\"legalName\":\"DICODUSPORT\",\"foundingDate\":\"2018-01-14\",\"vatID\":\"FR71834470973\",\"taxID\":\"83447097300043\",\"numberOfEmployees\":{\"@type\":\"QuantitativeValue\",\"minValue\":\"1\",\"maxValue\":\"10\"}},{\"@type\":\"Person\",\"@id\":\"https:\/\/dicodusport.fr\/blog\/#\/schema\/person\/cb02af4c173ce4a653b55e9baf388d4a\",\"name\":\"Flo Ostermann\",\"image\":{\"@type\":\"ImageObject\",\"inLanguage\":\"fr-FR\",\"@id\":\"https:\/\/dicodusport.fr\/blog\/#\/schema\/person\/image\/\",\"url\":\"https:\/\/dicodusport.fr\/blog\/wp-content\/uploads\/2021\/05\/Flo-Ostermann-150x150.jpg\",\"contentUrl\":\"https:\/\/dicodusport.fr\/blog\/wp-content\/uploads\/2021\/05\/Flo-Ostermann-150x150.jpg\",\"caption\":\"Flo Ostermann\"},\"description\":\"Journaliste\/R\u00e9dacteur depuis septembre 2015 - Mes premiers souvenirs dans le sport ? Les envol\u00e9es du Stade Toulousain et les duels Villeneuve-Schumacher et H\u00e4kkinen-Schumacher \u00e0 la fin des ann\u00e9es 90, la Coupe du monde de football en 1998, l\u2019exploit du XV de France face aux All Blacks en 1999, mais aussi Richard C\u0153ur de Lion qui vole sur les montagnes du Tour de France. Bien parti pour devenir professeur d\u2019EPS, les \u00e9v\u00e9nements de la vie (et la flemme d\u2019animer des s\u00e9ances de 3x500 m\u00e8tres toute ma vie) m\u2019ont conduit \u00e0 revoir mes plans. Me voil\u00e0 depuis fin 2017 sur Dicodusport, m\u00e9dia gr\u00e2ce (et pour) lequel je partage ma passion : le sport dans tous ses \u00e9tats. Le tout accompagn\u00e9 par les fous furieux et folles furieuses cit\u00e9s sur cette page !\",\"sameAs\":[\"https:\/\/www.facebook.com\/florent.ostermann\",\"https:\/\/x.com\/https:\/\/twitter.com\/FlOstermann\",\"admin\"],\"url\":\"https:\/\/dicodusport.fr\/blog\/author\/flo\/\"}]}<\/script>\n<!-- \/ Yoast SEO Premium plugin. -->","yoast_head_json":{"title":"L'\u00e9quipe de France de hockey sur glace voit rouge","description":"HOCKEY SUR GLACE - Coup dur pour les Bleus du hockey sur glace. Ce samedi, l'IIHF (F\u00e9d\u00e9ration Internationale de Hockey sur glace), a d\u00e9voil\u00e9 un nouveau classement mondial pour 2020. Et les Fran\u00e7ais peuvent l'avoir mauvaise.","robots":{"index":"index","follow":"follow","max-snippet":"max-snippet:-1","max-image-preview":"max-image-preview:large","max-video-preview":"max-video-preview:-1"},"canonical":"https:\/\/dicodusport.fr\/blog\/equipe-de-france-hockey-sur-glace-voit-rouge\/","og_locale":"fr_FR","og_type":"article","og_title":"L'\u00e9quipe de France de hockey sur glace voit rouge","og_description":"HOCKEY SUR GLACE - Coup dur pour les Bleus du hockey sur glace. Ce samedi, l'IIHF (F\u00e9d\u00e9ration Internationale de Hockey sur glace), a d\u00e9voil\u00e9 un nouveau classement mondial pour 2020. Et les Fran\u00e7ais peuvent l'avoir mauvaise.","og_url":"https:\/\/dicodusport.fr\/blog\/equipe-de-france-hockey-sur-glace-voit-rouge\/","og_site_name":"Dicodusport","article_publisher":"https:\/\/www.facebook.com\/dicodusport","article_author":"https:\/\/www.facebook.com\/florent.ostermann","article_published_time":"2020-04-26T16:35:34+00:00","article_modified_time":"2022-11-18T09:19:22+00:00","og_image":[{"width":800,"height":445,"url":"https:\/\/dicodusport.fr\/blog\/wp-content\/uploads\/2020\/04\/L\u00e9quipe-de-France-de-hockey-sur-glace-voit-rouge.png","type":"image\/png"}],"author":"Flo Ostermann","twitter_card":"summary_large_image","twitter_title":"L'\u00e9quipe de France de hockey sur glace voit rouge","twitter_creator":"@https:\/\/twitter.com\/FlOstermann","twitter_site":"@dicodusport","schema":{"@context":"https:\/\/schema.org","@graph":[{"@type":"NewsArticle","@id":"https:\/\/dicodusport.fr\/blog\/equipe-de-france-hockey-sur-glace-voit-rouge\/#article","isPartOf":{"@id":"https:\/\/dicodusport.fr\/blog\/equipe-de-france-hockey-sur-glace-voit-rouge\/"},"author":{"name":"Flo Ostermann","@id":"https:\/\/dicodusport.fr\/blog\/#\/schema\/person\/cb02af4c173ce4a653b55e9baf388d4a"},"headline":"L&rsquo;\u00e9quipe de France de hockey sur glace voit rouge","datePublished":"2020-04-26T16:35:34+00:00","dateModified":"2022-11-18T09:19:22+00:00","mainEntityOfPage":{"@id":"https:\/\/dicodusport.fr\/blog\/equipe-de-france-hockey-sur-glace-voit-rouge\/"},"wordCount":421,"commentCount":0,"publisher":{"@id":"https:\/\/dicodusport.fr\/blog\/#organization"},"image":{"@id":"https:\/\/dicodusport.fr\/blog\/equipe-de-france-hockey-sur-glace-voit-rouge\/#primaryimage"},"thumbnailUrl":"https:\/\/dicodusport.fr\/blog\/wp-content\/uploads\/2020\/04\/L\u00e9quipe-de-France-de-hockey-sur-glace-voit-rouge.png","keywords":["\u00c9quipe de France","hockey sur glace"],"articleSection":["Coronavirus","Hockey sur glace"],"inLanguage":"fr-FR","potentialAction":[{"@type":"CommentAction","name":"Comment","target":["https:\/\/dicodusport.fr\/blog\/equipe-de-france-hockey-sur-glace-voit-rouge\/#respond"]}],"copyrightYear":"2020","copyrightHolder":{"@id":"https:\/\/dicodusport.fr\/blog\/#organization"}},{"@type":"WebPage","@id":"https:\/\/dicodusport.fr\/blog\/equipe-de-france-hockey-sur-glace-voit-rouge\/","url":"https:\/\/dicodusport.fr\/blog\/equipe-de-france-hockey-sur-glace-voit-rouge\/","name":"L'\u00e9quipe de France de hockey sur glace voit rouge","isPartOf":{"@id":"https:\/\/dicodusport.fr\/blog\/#website"},"primaryImageOfPage":{"@id":"https:\/\/dicodusport.fr\/blog\/equipe-de-france-hockey-sur-glace-voit-rouge\/#primaryimage"},"image":{"@id":"https:\/\/dicodusport.fr\/blog\/equipe-de-france-hockey-sur-glace-voit-rouge\/#primaryimage"},"thumbnailUrl":"https:\/\/dicodusport.fr\/blog\/wp-content\/uploads\/2020\/04\/L\u00e9quipe-de-France-de-hockey-sur-glace-voit-rouge.png","datePublished":"2020-04-26T16:35:34+00:00","dateModified":"2022-11-18T09:19:22+00:00","description":"HOCKEY SUR GLACE - Coup dur pour les Bleus du hockey sur glace. Ce samedi, l'IIHF (F\u00e9d\u00e9ration Internationale de Hockey sur glace), a d\u00e9voil\u00e9 un nouveau classement mondial pour 2020. Et les Fran\u00e7ais peuvent l'avoir mauvaise.","breadcrumb":{"@id":"https:\/\/dicodusport.fr\/blog\/equipe-de-france-hockey-sur-glace-voit-rouge\/#breadcrumb"},"inLanguage":"fr-FR","potentialAction":[{"@type":"ReadAction","target":["https:\/\/dicodusport.fr\/blog\/equipe-de-france-hockey-sur-glace-voit-rouge\/"]}]},{"@type":"ImageObject","inLanguage":"fr-FR","@id":"https:\/\/dicodusport.fr\/blog\/equipe-de-france-hockey-sur-glace-voit-rouge\/#primaryimage","url":"https:\/\/dicodusport.fr\/blog\/wp-content\/uploads\/2020\/04\/L\u00e9quipe-de-France-de-hockey-sur-glace-voit-rouge.png","contentUrl":"https:\/\/dicodusport.fr\/blog\/wp-content\/uploads\/2020\/04\/L\u00e9quipe-de-France-de-hockey-sur-glace-voit-rouge.png","width":800,"height":445,"caption":"Les \u00e9quipes de France voient rouge - AFP"},{"@type":"BreadcrumbList","@id":"https:\/\/dicodusport.fr\/blog\/equipe-de-france-hockey-sur-glace-voit-rouge\/#breadcrumb","itemListElement":[{"@type":"ListItem","position":1,"name":"Accueil","item":"https:\/\/dicodusport.fr\/blog\/"},{"@type":"ListItem","position":2,"name":"L&rsquo;\u00e9quipe de France de hockey sur glace voit rouge"}]},{"@type":"WebSite","@id":"https:\/\/dicodusport.fr\/blog\/#website","url":"https:\/\/dicodusport.fr\/blog\/","name":"Dicodusport","description":"L&#039;encyclop\u00e9die de l&#039;actualit\u00e9 sportive","publisher":{"@id":"https:\/\/dicodusport.fr\/blog\/#organization"},"potentialAction":[{"@type":"SearchAction","target":{"@type":"EntryPoint","urlTemplate":"https:\/\/dicodusport.fr\/blog\/?s={search_term_string}"},"query-input":{"@type":"PropertyValueSpecification","valueRequired":true,"valueName":"search_term_string"}}],"inLanguage":"fr-FR"},{"@type":"NewsMediaOrganization","@id":"https:\/\/dicodusport.fr\/blog\/#organization","name":"Dicodusport","url":"https:\/\/dicodusport.fr\/blog\/","logo":{"@type":"ImageObject","inLanguage":"fr-FR","@id":"https:\/\/dicodusport.fr\/blog\/#\/schema\/logo\/image\/","url":"https:\/\/dicodusport.fr\/blog\/wp-content\/uploads\/2020\/06\/cropped-LOGO-DICODUSPORT-2020-SANS-FOND-SANS-TEXTE.png","contentUrl":"https:\/\/dicodusport.fr\/blog\/wp-content\/uploads\/2020\/06\/cropped-LOGO-DICODUSPORT-2020-SANS-FOND-SANS-TEXTE.png","width":512,"height":512,"caption":"Dicodusport"},"image":{"@id":"https:\/\/dicodusport.fr\/blog\/#\/schema\/logo\/image\/"},"sameAs":["https:\/\/www.facebook.com\/dicodusport","https:\/\/x.com\/dicodusport","https:\/\/www.instagram.com\/dicodusport\/","https:\/\/www.youtube.com\/channel\/UC7V2KZ5sd3htJivAbA4ZG3w"],"description":"Dicodusport est l'encyclop\u00e9die de l'actualit\u00e9 sportive.","email":"bonjour@dicodusport.fr","legalName":"DICODUSPORT","foundingDate":"2018-01-14","vatID":"FR71834470973","taxID":"83447097300043","numberOfEmployees":{"@type":"QuantitativeValue","minValue":"1","maxValue":"10"}},{"@type":"Person","@id":"https:\/\/dicodusport.fr\/blog\/#\/schema\/person\/cb02af4c173ce4a653b55e9baf388d4a","name":"Flo Ostermann","image":{"@type":"ImageObject","inLanguage":"fr-FR","@id":"https:\/\/dicodusport.fr\/blog\/#\/schema\/person\/image\/","url":"https:\/\/dicodusport.fr\/blog\/wp-content\/uploads\/2021\/05\/Flo-Ostermann-150x150.jpg","contentUrl":"https:\/\/dicodusport.fr\/blog\/wp-content\/uploads\/2021\/05\/Flo-Ostermann-150x150.jpg","caption":"Flo Ostermann"},"description":"Journaliste\/R\u00e9dacteur depuis septembre 2015 - Mes premiers souvenirs dans le sport ? Les envol\u00e9es du Stade Toulousain et les duels Villeneuve-Schumacher et H\u00e4kkinen-Schumacher \u00e0 la fin des ann\u00e9es 90, la Coupe du monde de football en 1998, l\u2019exploit du XV de France face aux All Blacks en 1999, mais aussi Richard C\u0153ur de Lion qui vole sur les montagnes du Tour de France. Bien parti pour devenir professeur d\u2019EPS, les \u00e9v\u00e9nements de la vie (et la flemme d\u2019animer des s\u00e9ances de 3x500 m\u00e8tres toute ma vie) m\u2019ont conduit \u00e0 revoir mes plans. Me voil\u00e0 depuis fin 2017 sur Dicodusport, m\u00e9dia gr\u00e2ce (et pour) lequel je partage ma passion : le sport dans tous ses \u00e9tats. Le tout accompagn\u00e9 par les fous furieux et folles furieuses cit\u00e9s sur cette page !","sameAs":["https:\/\/www.facebook.com\/florent.ostermann","https:\/\/x.com\/https:\/\/twitter.com\/FlOstermann","admin"],"url":"https:\/\/dicodusport.fr\/blog\/author\/flo\/"}]}},"_links":{"self":[{"href":"https:\/\/dicodusport.fr\/blog\/wp-json\/wp\/v2\/posts\/65702","targetHints":{"allow":["GET"]}}],"collection":[{"href":"https:\/\/dicodusport.fr\/blog\/wp-json\/wp\/v2\/posts"}],"about":[{"href":"https:\/\/dicodusport.fr\/blog\/wp-json\/wp\/v2\/types\/post"}],"author":[{"embeddable":true,"href":"https:\/\/dicodusport.fr\/blog\/wp-json\/wp\/v2\/users\/4"}],"replies":[{"embeddable":true,"href":"https:\/\/dicodusport.fr\/blog\/wp-json\/wp\/v2\/comments?post=65702"}],"version-history":[{"count":0,"href":"https:\/\/dicodusport.fr\/blog\/wp-json\/wp\/v2\/posts\/65702\/revisions"}],"wp:featuredmedia":[{"embeddable":true,"href":"https:\/\/dicodusport.fr\/blog\/wp-json\/wp\/v2\/media\/65706"}],"wp:attachment":[{"href":"https:\/\/dicodusport.fr\/blog\/wp-json\/wp\/v2\/media?parent=65702"}],"wp:term":[{"taxonomy":"category","embeddable":true,"href":"https:\/\/dicodusport.fr\/blog\/wp-json\/wp\/v2\/categories?post=65702"},{"taxonomy":"post_tag","embeddable":true,"href":"https:\/\/dicodusport.fr\/blog\/wp-json\/wp\/v2\/tags?post=65702"}],"curies":[{"name":"wp","href":"https:\/\/api.w.org\/{rel}","templated":true}]}}