{"id":657020,"date":"2026-03-21T20:49:58","date_gmt":"2026-03-21T19:49:58","guid":{"rendered":"https:\/\/dicodusport.fr\/blog\/?p=657020&#038;preview=true&#038;preview_id=657020"},"modified":"2026-03-21T21:20:35","modified_gmt":"2026-03-21T20:20:35","slug":"course-sprint-motogp-bresil-2026-classement-et-resultats","status":"publish","type":"post","link":"https:\/\/dicodusport.fr\/blog\/course-sprint-motogp-bresil-2026-classement-et-resultats\/","title":{"rendered":"Course sprint MotoGP Br\u00e9sil 2026 \u2013 Classement et r\u00e9sultats"},"content":{"rendered":"<p style=\"text-align: justify;\"><strong><i>D\u00e9couvrez le classement et les r\u00e9sultats de la course sprint du Grand Prix du Br\u00e9sil MotoGP 2026, disput\u00e9e sur le circuit de Goi\u00e2nia.<\/i><\/strong><\/p>\n<ul>\n<li style=\"text-align: justify;\"><strong>\u00c0 ce sujet <span style=\"font-size: 16px;\">&#8211;<\/span> <a href=\"https:\/\/dicodusport.fr\/blog\/grand-prix-du-bresil-motogp-2026-programme-horaires-et-resultats\/\">Grand Prix du Br\u00e9sil MotoGP 2026 : Programme, Horaires et R\u00e9sultats<\/a><\/strong><\/li>\n<\/ul>\n<p style=\"text-align: justify;\">Le <strong>Grand Prix du Br\u00e9sil de MotoGP 2026<\/strong> propose \u00e9galement une <strong>course sprint<\/strong> tr\u00e8s attendue sur le circuit de <strong>Goi\u00e2nia<\/strong>. Disput\u00e9e sur une distance plus courte (15 tours) que la course principale (31 tours), cette \u00e9preuve offre des points pr\u00e9cieux au championnat et constitue souvent un moment spectaculaire du week-end. Les pilotes doivent y trouver le parfait \u00e9quilibre entre agressivit\u00e9 et ma\u00eetrise afin de tirer le maximum de ce format explosif.<\/p>\n<p style=\"text-align: justify;\">Plac\u00e9e la veille du Grand Prix, la <strong>sprint race<\/strong> permet de donner un premier aper\u00e7u des forces en pr\u00e9sence sur la piste br\u00e9silienne. Avec des \u00e9carts souvent tr\u00e8s serr\u00e9s et une intensit\u00e9 constante du premier au dernier tour, cette course rapide met en valeur les pilotes capables d\u2019attaquer imm\u00e9diatement sans attendre la gestion strat\u00e9gique d\u2019une longue distance.<\/p>\n<ul>\n<li style=\"text-align: justify;\"><strong>\u00c0 ce sujet \u2013\u00a0<\/strong><a href=\"https:\/\/dicodusport.fr\/blog\/motogp-2026-le-classement-du-championnat-du-monde-des-pilotes-mis-a-jour\/\"><strong>MotoGP 2026 : le classement du championnat du monde des pilotes mis \u00e0 jour<\/strong><\/a><\/li>\n<\/ul>\n<p style=\"text-align: justify;\">Au terme de cette <strong>course sprint du MotoGP du Br\u00e9sil 2026<\/strong>, le classement permet d\u2019attribuer les premiers points du week-end aux neuf premiers pilotes \u00e0 l\u2019arriv\u00e9e. Les performances r\u00e9alis\u00e9es lors de cette \u00e9preuve peuvent \u00e9galement donner des indications importantes en vue de la course principale, notamment sur le rythme des favoris et la comp\u00e9titivit\u00e9 des diff\u00e9rentes machines.<\/p>\n<p style=\"text-align: justify;\"><strong>Retrouvez ci-dessous le classement complet de la course sprint du Grand Prix du Br\u00e9sil MotoGP 2026, disput\u00e9e sur le circuit de Goi\u00e2nia.<\/strong><\/p>\n<ul>\n<li style=\"text-align: justify;\"><span style=\"font-size: 16px;\"><strong>\u00c0 ce sujet &#8211; <a href=\"https:\/\/dicodusport.fr\/blog\/motogp-la-grille-de-depart-du-grand-prix-du-bresil-2026\/\">MotoGP \u2013 La grille de d\u00e9part du Grand Prix du Br\u00e9sil 2026<\/a><\/strong><\/span><\/li>\n<\/ul>\n<h2 style=\"text-align: justify;\">MotoGP Br\u00e9sil 2026 : le classement de la course sprint<\/h2>\n<p style=\"text-align: justify;\"><span style=\"font-size: 14px;\"><em><strong>Classement officiel mis \u00e0 jour \u00e0 l&rsquo;issue de la course.<\/strong><\/em><\/span><\/p>\n<div class=\"su-table su-table-alternate\">\n<table style=\"width: 800px;border-collapse: collapse\" border=\"1\">\n<tbody>\n<tr style=\"height: 24px\">\n<td style=\"border-color: #ebebeb;height: 24px;text-align: center;width: 80px;vertical-align: middle\">\ud83c\udfc6<\/td>\n<td style=\"border-color: #ebebeb;height: 24px;text-align: center;width: 500px;vertical-align: middle\"><span style=\"font-size: 0.9em\"><strong>PILOTES<\/strong><\/span><\/td>\n<td style=\"border-color: #ebebeb;height: 24px;text-align: center;width: 220px;vertical-align: middle\"><span style=\"font-size: 0.9em\"><strong>TEMPS<br \/>\n<\/strong><\/span><\/td>\n<\/tr>\n<tr>\n<td style=\"border-color: #ebebeb;text-align: center;width: 80px;vertical-align: middle\"><strong><span class=\"su-label su-label-type-warning\">1.<\/span><\/strong><\/td>\n<td style=\"border-color: #ebebeb;text-align: center;width: 500px;vertical-align: middle\"><span style=\"font-size: 0.9em\"><strong><img loading=\"lazy\" decoding=\"async\" class=\"alignnone wp-image-651479\" src=\"https:\/\/dicodusport.fr\/blog\/wp-content\/uploads\/2026\/02\/93-MGP-Marc-Marquez-1.png\" alt=\"\" width=\"30\" height=\"20\" srcset=\"https:\/\/dicodusport.fr\/blog\/wp-content\/uploads\/2026\/02\/93-MGP-Marc-Marquez-1.png 400w, https:\/\/dicodusport.fr\/blog\/wp-content\/uploads\/2026\/02\/93-MGP-Marc-Marquez-1-300x200.png 300w\" sizes=\"auto, (max-width: 30px) 100vw, 30px\" \/><br \/>\n\ud83c\uddea\ud83c\uddf8 MARC MARQUEZ<br \/>\n<\/strong><span style=\"font-size: 0.8em\">DUCATI LENOVO TEAM<\/span><\/span><\/td>\n<td style=\"border-color: #ebebeb;text-align: center;width: 220px;vertical-align: middle\"><span style=\"font-size: 0.9em\"><strong>19m41.982s<\/strong><\/span><\/td>\n<\/tr>\n<tr>\n<td style=\"border-color: #ebebeb;text-align: center;width: 80px;vertical-align: middle\"><span style=\"font-size: 0.9em\">2.<\/span><\/td>\n<td style=\"border-color: #ebebeb;text-align: center;width: 500px;vertical-align: middle\"><span style=\"font-size: 0.9em\"><strong><img loading=\"lazy\" decoding=\"async\" class=\"alignnone wp-image-651485\" src=\"https:\/\/dicodusport.fr\/blog\/wp-content\/uploads\/2026\/02\/Pertamina-Enduro-VR46-Racing-Team-2026-1.png\" alt=\"\" width=\"30\" height=\"20\" srcset=\"https:\/\/dicodusport.fr\/blog\/wp-content\/uploads\/2026\/02\/Pertamina-Enduro-VR46-Racing-Team-2026-1.png 400w, https:\/\/dicodusport.fr\/blog\/wp-content\/uploads\/2026\/02\/Pertamina-Enduro-VR46-Racing-Team-2026-1-300x200.png 300w\" sizes=\"auto, (max-width: 30px) 100vw, 30px\" \/><br \/>\n\ud83c\uddee\ud83c\uddf9 FABIO DI GIANNANTONIO<br \/>\n<\/strong><span style=\"font-size: 0.8em\">PERTAMINA ENDURO VR46 RACING TEAM<\/span><\/span><\/td>\n<td style=\"border-color: #ebebeb;text-align: center;width: 220px;vertical-align: middle\"><span style=\"font-size: 0.9em\"><strong>+0.213s<\/strong><\/span><\/td>\n<\/tr>\n<tr style=\"height: 24px\">\n<td style=\"border-color: #ebebeb;height: 24px;text-align: center;width: 80px;vertical-align: middle\"><span style=\"font-size: 0.9em\">3.<\/span><\/td>\n<td style=\"border-color: #ebebeb;text-align: center;width: 500px;vertical-align: middle\"><span style=\"font-size: 0.9em\"><strong><img loading=\"lazy\" decoding=\"async\" class=\"alignnone wp-image-651445\" src=\"https:\/\/dicodusport.fr\/blog\/wp-content\/uploads\/2026\/02\/72-MGP-Marco-Bezzecchi.png\" alt=\"\" width=\"30\" height=\"20\" srcset=\"https:\/\/dicodusport.fr\/blog\/wp-content\/uploads\/2026\/02\/72-MGP-Marco-Bezzecchi.png 400w, https:\/\/dicodusport.fr\/blog\/wp-content\/uploads\/2026\/02\/72-MGP-Marco-Bezzecchi-300x200.png 300w\" sizes=\"auto, (max-width: 30px) 100vw, 30px\" \/><br \/>\n\ud83c\uddea\ud83c\uddf8 JORGE MARTIN<br \/>\n<\/strong><span style=\"font-size: 0.8em\">APRILIA RACING<\/span><\/span><\/td>\n<td style=\"border-color: #ebebeb;text-align: center;width: 220px;vertical-align: middle\"><span style=\"font-size: 0.9em\"><strong>+3.587s<\/strong><\/span><\/td>\n<\/tr>\n<tr>\n<td style=\"border-color: #ebebeb;text-align: center;width: 80px;vertical-align: middle\"><span style=\"font-size: 0.9em\">4.<\/span><\/td>\n<td style=\"border-color: #ebebeb;text-align: center;width: 500px;vertical-align: middle\"><span style=\"font-size: 0.9em\"><strong><img loading=\"lazy\" decoding=\"async\" class=\"alignnone wp-image-651445\" src=\"https:\/\/dicodusport.fr\/blog\/wp-content\/uploads\/2026\/02\/72-MGP-Marco-Bezzecchi.png\" alt=\"\" width=\"30\" height=\"20\" srcset=\"https:\/\/dicodusport.fr\/blog\/wp-content\/uploads\/2026\/02\/72-MGP-Marco-Bezzecchi.png 400w, https:\/\/dicodusport.fr\/blog\/wp-content\/uploads\/2026\/02\/72-MGP-Marco-Bezzecchi-300x200.png 300w\" sizes=\"auto, (max-width: 30px) 100vw, 30px\" \/><br \/>\n\ud83c\uddee\ud83c\uddf9 MARCO BEZZECCHI<br \/>\n<\/strong><span style=\"font-size: 0.8em\">APRILIA RACING<\/span><\/span><\/td>\n<td style=\"border-color: #ebebeb;text-align: center;width: 220px;vertical-align: middle\"><span style=\"font-size: 0.9em\"><strong>+4.061s<\/strong><\/span><\/td>\n<\/tr>\n<tr style=\"height: 24px\">\n<td style=\"border-color: #ebebeb;height: 24px;text-align: center;width: 80px;vertical-align: middle\"><span style=\"font-size: 0.9em\">5.<\/span><\/td>\n<td style=\"border-color: #ebebeb;text-align: center;width: 500px;vertical-align: middle\"><span style=\"font-size: 0.9em\"><strong><img loading=\"lazy\" decoding=\"async\" class=\"alignnone wp-image-651478\" src=\"https:\/\/dicodusport.fr\/blog\/wp-content\/uploads\/2026\/02\/25-MGP-Raul-Fernandez.png\" alt=\"\" width=\"30\" height=\"20\" srcset=\"https:\/\/dicodusport.fr\/blog\/wp-content\/uploads\/2026\/02\/25-MGP-Raul-Fernandez.png 400w, https:\/\/dicodusport.fr\/blog\/wp-content\/uploads\/2026\/02\/25-MGP-Raul-Fernandez-300x200.png 300w\" sizes=\"auto, (max-width: 30px) 100vw, 30px\" \/><br \/>\n\ud83c\uddef\ud83c\uddf5 AI OGURA<br \/>\n<\/strong><span style=\"font-size: 0.8em\">TRACKHOUSE MOTOGP TEAM<\/span><\/span><\/td>\n<td style=\"border-color: #ebebeb;text-align: center;width: 220px;vertical-align: middle\"><span style=\"font-size: 0.9em\"><strong>+4.994s<\/strong><\/span><\/td>\n<\/tr>\n<tr>\n<td style=\"border-color: #ebebeb;text-align: center;width: 80px;vertical-align: middle\"><span style=\"font-size: 0.9em\">6.<\/span><\/td>\n<td style=\"border-color: #ebebeb;text-align: center;width: 500px;vertical-align: middle\"><span style=\"font-size: 0.9em\"><strong><img loading=\"lazy\" decoding=\"async\" class=\"alignnone wp-image-651484\" src=\"https:\/\/dicodusport.fr\/blog\/wp-content\/uploads\/2026\/02\/20-MGP-Fabio-Quartararo-3.png\" alt=\"\" width=\"30\" height=\"20\" srcset=\"https:\/\/dicodusport.fr\/blog\/wp-content\/uploads\/2026\/02\/20-MGP-Fabio-Quartararo-3.png 400w, https:\/\/dicodusport.fr\/blog\/wp-content\/uploads\/2026\/02\/20-MGP-Fabio-Quartararo-3-300x200.png 300w\" sizes=\"auto, (max-width: 30px) 100vw, 30px\" \/><br \/>\n\ud83c\uddeb\ud83c\uddf7 FABIO QUARTARARO<br \/>\n<\/strong><span style=\"font-size: 0.8em\">MONSTER ENERGY YAMAHA<\/span><\/span><\/td>\n<td style=\"border-color: #ebebeb;text-align: center;width: 220px;vertical-align: middle\"><span style=\"font-size: 0.9em\"><strong>+7.728s<\/strong><\/span><\/td>\n<\/tr>\n<tr>\n<td style=\"border-color: #ebebeb;text-align: center;width: 80px;vertical-align: middle\"><span style=\"font-size: 0.9em\">7.<\/span><\/td>\n<td style=\"border-color: #ebebeb;text-align: center;width: 500px;vertical-align: middle\"><span style=\"font-size: 0.9em\"><strong><img loading=\"lazy\" decoding=\"async\" class=\"alignnone wp-image-651487\" src=\"https:\/\/dicodusport.fr\/blog\/wp-content\/uploads\/2026\/02\/73-MGP-Alex-Marquez-4.png\" alt=\"\" width=\"30\" height=\"20\" srcset=\"https:\/\/dicodusport.fr\/blog\/wp-content\/uploads\/2026\/02\/73-MGP-Alex-Marquez-4.png 400w, https:\/\/dicodusport.fr\/blog\/wp-content\/uploads\/2026\/02\/73-MGP-Alex-Marquez-4-300x200.png 300w\" sizes=\"auto, (max-width: 30px) 100vw, 30px\" \/><br \/>\n\ud83c\uddea\ud83c\uddf8 ALEX MARQUEZ<br \/>\n<\/strong><span style=\"font-size: 0.8em\">BK8 GRESINI RACING<\/span><\/span><\/td>\n<td style=\"border-color: #ebebeb;text-align: center;width: 220px;vertical-align: middle\"><span style=\"font-size: 0.9em\"><strong>+8.153s<\/strong><\/span><\/td>\n<\/tr>\n<tr>\n<td style=\"border-color: #ebebeb;text-align: center;width: 80px;vertical-align: middle\"><span style=\"font-size: 0.9em\">8.<\/span><\/td>\n<td style=\"border-color: #ebebeb;text-align: center;width: 500px;vertical-align: middle\"><span style=\"font-size: 0.9em\"><strong><img loading=\"lazy\" decoding=\"async\" class=\"alignnone wp-image-651479\" src=\"https:\/\/dicodusport.fr\/blog\/wp-content\/uploads\/2026\/02\/93-MGP-Marc-Marquez-1.png\" alt=\"\" width=\"30\" height=\"20\" srcset=\"https:\/\/dicodusport.fr\/blog\/wp-content\/uploads\/2026\/02\/93-MGP-Marc-Marquez-1.png 400w, https:\/\/dicodusport.fr\/blog\/wp-content\/uploads\/2026\/02\/93-MGP-Marc-Marquez-1-300x200.png 300w\" sizes=\"auto, (max-width: 30px) 100vw, 30px\" \/><br \/>\n\ud83c\uddee\ud83c\uddf9 FRANCESCO BAGNAIA<br \/>\n<\/strong><span style=\"font-size: 0.8em\">DUCATI LENOVO TEAM<\/span><\/span><\/td>\n<td style=\"border-color: #ebebeb;text-align: center;width: 220px;vertical-align: middle\"><span style=\"font-size: 0.9em\"><strong>+8.342s<\/strong><\/span><\/td>\n<\/tr>\n<tr>\n<td style=\"border-color: #ebebeb;text-align: center;width: 80px;vertical-align: middle\"><span style=\"font-size: 0.9em\">9.<\/span><\/td>\n<td style=\"border-color: #ebebeb;text-align: center;width: 500px;vertical-align: middle\"><span style=\"font-size: 0.9em\"><strong><img loading=\"lazy\" decoding=\"async\" class=\"alignnone wp-image-651528\" src=\"https:\/\/dicodusport.fr\/blog\/wp-content\/uploads\/2026\/02\/37-MGP-Pedro-Acosta-3.png\" alt=\"\" width=\"30\" height=\"20\" srcset=\"https:\/\/dicodusport.fr\/blog\/wp-content\/uploads\/2026\/02\/37-MGP-Pedro-Acosta-3.png 400w, https:\/\/dicodusport.fr\/blog\/wp-content\/uploads\/2026\/02\/37-MGP-Pedro-Acosta-3-300x200.png 300w\" sizes=\"auto, (max-width: 30px) 100vw, 30px\" \/><br \/>\n\ud83c\uddea\ud83c\uddf8 PEDRO ACOSTA<br \/>\n<\/strong><span style=\"font-size: 0.8em\">RED BULL KTM FACTORY RACING<\/span><\/span><\/td>\n<td style=\"border-color: #ebebeb;text-align: center;width: 220px;vertical-align: middle\"><span style=\"font-size: 0.9em\"><strong>+9.096s<\/strong><\/span><\/td>\n<\/tr>\n<tr>\n<td style=\"border-color: #ebebeb;text-align: center;width: 80px;vertical-align: middle\"><span style=\"font-size: 0.9em\">10.<\/span><\/td>\n<td style=\"border-color: #ebebeb;text-align: center;width: 500px;vertical-align: middle\"><span style=\"font-size: 0.9em\"><strong><img loading=\"lazy\" decoding=\"async\" class=\"alignnone wp-image-651483\" src=\"https:\/\/dicodusport.fr\/blog\/wp-content\/uploads\/2026\/02\/05-MGP-Johann-Zarco-1.png\" alt=\"\" width=\"30\" height=\"20\" srcset=\"https:\/\/dicodusport.fr\/blog\/wp-content\/uploads\/2026\/02\/05-MGP-Johann-Zarco-1.png 400w, https:\/\/dicodusport.fr\/blog\/wp-content\/uploads\/2026\/02\/05-MGP-Johann-Zarco-1-300x200.png 300w\" sizes=\"auto, (max-width: 30px) 100vw, 30px\" \/><br \/>\n\ud83c\udde7\ud83c\uddf7 DIOGO MOREIRA<br \/>\n<\/strong><span style=\"font-size: 0.8em\">LCR HONDA<\/span><\/span><\/td>\n<td style=\"border-color: #ebebeb;text-align: center;width: 220px;vertical-align: middle\"><span style=\"font-size: 0.9em\"><strong>+10.329s<\/strong><\/span><\/td>\n<\/tr>\n<tr>\n<td style=\"border-color: #ebebeb;text-align: center;width: 80px;vertical-align: middle\"><span style=\"font-size: 0.9em\">11<\/span><span style=\"font-size: 0.9em\">.<\/span><\/td>\n<td style=\"border-color: #ebebeb;text-align: center;width: 500px;vertical-align: middle\"><span style=\"font-size: 0.9em\"><strong><img loading=\"lazy\" decoding=\"async\" class=\"alignnone wp-image-651527\" src=\"https:\/\/dicodusport.fr\/blog\/wp-content\/uploads\/2026\/02\/10-MGP-Luca-Marini-2.png\" alt=\"\" width=\"30\" height=\"20\" srcset=\"https:\/\/dicodusport.fr\/blog\/wp-content\/uploads\/2026\/02\/10-MGP-Luca-Marini-2.png 400w, https:\/\/dicodusport.fr\/blog\/wp-content\/uploads\/2026\/02\/10-MGP-Luca-Marini-2-300x200.png 300w\" sizes=\"auto, (max-width: 30px) 100vw, 30px\" \/><br \/>\n\ud83c\uddee\ud83c\uddf9 LUCA MARINI<br \/>\n<\/strong><span style=\"font-size: 0.8em\">HONDA HRC CASTROL<\/span><\/span><\/td>\n<td style=\"border-color: #ebebeb;text-align: center;width: 220px;vertical-align: middle\"><span style=\"font-size: 0.9em\"><strong>+11.106s<\/strong><\/span><\/td>\n<\/tr>\n<tr>\n<td style=\"border-color: #ebebeb;text-align: center;width: 80px;vertical-align: middle\"><span style=\"font-size: 0.9em\">12.<\/span><\/td>\n<td style=\"border-color: #ebebeb;text-align: center;width: 500px;vertical-align: middle\"><span style=\"font-size: 0.9em\"><strong><img loading=\"lazy\" decoding=\"async\" class=\"alignnone wp-image-651478\" src=\"https:\/\/dicodusport.fr\/blog\/wp-content\/uploads\/2026\/02\/25-MGP-Raul-Fernandez.png\" alt=\"\" width=\"30\" height=\"20\" srcset=\"https:\/\/dicodusport.fr\/blog\/wp-content\/uploads\/2026\/02\/25-MGP-Raul-Fernandez.png 400w, https:\/\/dicodusport.fr\/blog\/wp-content\/uploads\/2026\/02\/25-MGP-Raul-Fernandez-300x200.png 300w\" sizes=\"auto, (max-width: 30px) 100vw, 30px\" \/><br \/>\n\ud83c\uddea\ud83c\uddf8 RAUL FERNANDEZ<br \/>\n<\/strong><span style=\"font-size: 0.8em\">TRACKHOUSE MOTOGP TEAM<\/span><\/span><\/td>\n<td style=\"border-color: #ebebeb;text-align: center;width: 220px;vertical-align: middle\"><span style=\"font-size: 0.9em\"><strong>+14.213s<\/strong><\/span><\/td>\n<\/tr>\n<tr>\n<td style=\"border-color: #ebebeb;text-align: center;width: 80px;vertical-align: middle\"><span style=\"font-size: 0.9em\">13.<\/span><\/td>\n<td style=\"border-color: #ebebeb;text-align: center;width: 500px;vertical-align: middle\"><span style=\"font-size: 0.9em\"><strong><img loading=\"lazy\" decoding=\"async\" class=\"alignnone wp-image-651484\" src=\"https:\/\/dicodusport.fr\/blog\/wp-content\/uploads\/2026\/02\/20-MGP-Fabio-Quartararo-3.png\" alt=\"\" width=\"30\" height=\"20\" srcset=\"https:\/\/dicodusport.fr\/blog\/wp-content\/uploads\/2026\/02\/20-MGP-Fabio-Quartararo-3.png 400w, https:\/\/dicodusport.fr\/blog\/wp-content\/uploads\/2026\/02\/20-MGP-Fabio-Quartararo-3-300x200.png 300w\" sizes=\"auto, (max-width: 30px) 100vw, 30px\" \/><br \/>\n\ud83c\uddea\ud83c\uddf8 ALEX RINS<br \/>\n<\/strong><span style=\"font-size: 0.8em\">MONSTER ENERGY YAMAHA<\/span><\/span><\/td>\n<td style=\"border-color: #ebebeb;text-align: center;width: 220px;vertical-align: middle\"><span style=\"font-size: 0.9em\"><strong>+15.090s<\/strong><\/span><\/td>\n<\/tr>\n<tr>\n<td style=\"border-color: #ebebeb;text-align: center;width: 80px;vertical-align: middle\"><span style=\"font-size: 0.9em\">14.<\/span><\/td>\n<td style=\"border-color: #ebebeb;text-align: center;width: 500px;vertical-align: middle\"><span style=\"font-size: 0.9em\"><strong><img loading=\"lazy\" decoding=\"async\" class=\"alignnone wp-image-651487\" src=\"https:\/\/dicodusport.fr\/blog\/wp-content\/uploads\/2026\/02\/73-MGP-Alex-Marquez-4.png\" alt=\"\" width=\"30\" height=\"20\" srcset=\"https:\/\/dicodusport.fr\/blog\/wp-content\/uploads\/2026\/02\/73-MGP-Alex-Marquez-4.png 400w, https:\/\/dicodusport.fr\/blog\/wp-content\/uploads\/2026\/02\/73-MGP-Alex-Marquez-4-300x200.png 300w\" sizes=\"auto, (max-width: 30px) 100vw, 30px\" \/><br \/>\n\ud83c\uddea\ud83c\uddf8 FERMIN ALDEGUER<br \/>\n<\/strong><span style=\"font-size: 0.8em\">BK8 GRESINI RACING<\/span><\/span><\/td>\n<td style=\"border-color: #ebebeb;text-align: center;width: 220px;vertical-align: middle\"><span style=\"font-size: 0.9em\"><strong>+15.353s<\/strong><\/span><\/td>\n<\/tr>\n<tr>\n<td style=\"border-color: #ebebeb;text-align: center;width: 80px;vertical-align: middle\"><span style=\"font-size: 0.9em\">15.<\/span><\/td>\n<td style=\"border-color: #ebebeb;text-align: center;width: 500px;vertical-align: middle\"><span style=\"font-size: 0.9em\"><strong><img loading=\"lazy\" decoding=\"async\" class=\"alignnone wp-image-651528\" src=\"https:\/\/dicodusport.fr\/blog\/wp-content\/uploads\/2026\/02\/37-MGP-Pedro-Acosta-3.png\" alt=\"\" width=\"30\" height=\"20\" srcset=\"https:\/\/dicodusport.fr\/blog\/wp-content\/uploads\/2026\/02\/37-MGP-Pedro-Acosta-3.png 400w, https:\/\/dicodusport.fr\/blog\/wp-content\/uploads\/2026\/02\/37-MGP-Pedro-Acosta-3-300x200.png 300w\" sizes=\"auto, (max-width: 30px) 100vw, 30px\" \/><br \/>\n\ud83c\uddff\ud83c\udde6 BRAD BINDER<br \/>\n<\/strong><span style=\"font-size: 0.8em\">RED BULL KTM FACTORY RACING<\/span><\/span><\/td>\n<td style=\"border-color: #ebebeb;text-align: center;width: 220px;vertical-align: middle\"><span style=\"font-size: 0.9em\"><strong>+15.528s<\/strong><\/span><\/td>\n<\/tr>\n<tr>\n<td style=\"border-color: #ebebeb;text-align: center;width: 80px;vertical-align: middle\"><span style=\"font-size: 0.9em\">16<\/span><span style=\"font-size: 0.9em\">.<\/span><\/td>\n<td style=\"border-color: #ebebeb;text-align: center;width: 500px;vertical-align: middle\"><span style=\"font-size: 0.9em\"><strong><img loading=\"lazy\" decoding=\"async\" class=\"alignnone wp-image-651485\" src=\"https:\/\/dicodusport.fr\/blog\/wp-content\/uploads\/2026\/02\/Pertamina-Enduro-VR46-Racing-Team-2026-1.png\" alt=\"\" width=\"30\" height=\"20\" srcset=\"https:\/\/dicodusport.fr\/blog\/wp-content\/uploads\/2026\/02\/Pertamina-Enduro-VR46-Racing-Team-2026-1.png 400w, https:\/\/dicodusport.fr\/blog\/wp-content\/uploads\/2026\/02\/Pertamina-Enduro-VR46-Racing-Team-2026-1-300x200.png 300w\" sizes=\"auto, (max-width: 30px) 100vw, 30px\" \/><br \/>\n\ud83c\uddee\ud83c\uddf9 FRANCO MORBIDELLI<br \/>\n<\/strong><span style=\"font-size: 0.8em\">PERTAMINA ENDURO VR46 RACING TEAM<\/span><\/span><\/td>\n<td style=\"border-color: #ebebeb;text-align: center;width: 220px;vertical-align: middle\"><span style=\"font-size: 0.9em\"><strong>+21.396s<\/strong><\/span><\/td>\n<\/tr>\n<tr>\n<td style=\"border-color: #ebebeb;text-align: center;width: 80px;vertical-align: middle\"><span style=\"font-size: 0.9em\">17.<\/span><\/td>\n<td style=\"border-color: #ebebeb;text-align: center;width: 500px;vertical-align: middle\"><span style=\"font-size: 0.9em\"><strong><img loading=\"lazy\" decoding=\"async\" class=\"alignnone wp-image-651481\" src=\"https:\/\/dicodusport.fr\/blog\/wp-content\/uploads\/2026\/02\/12-MGP-Maverick-Vinales-3.png\" alt=\"\" width=\"30\" height=\"20\" srcset=\"https:\/\/dicodusport.fr\/blog\/wp-content\/uploads\/2026\/02\/12-MGP-Maverick-Vinales-3.png 400w, https:\/\/dicodusport.fr\/blog\/wp-content\/uploads\/2026\/02\/12-MGP-Maverick-Vinales-3-300x200.png 300w\" sizes=\"auto, (max-width: 30px) 100vw, 30px\" \/><br \/>\n\ud83c\uddee\ud83c\uddf9 ENEA BASTIANINI<br \/>\n<\/strong><span style=\"font-size: 0.8em\">RED BULL KTM TECH3<\/span><\/span><\/td>\n<td style=\"border-color: #ebebeb;text-align: center;width: 220px;vertical-align: middle\"><span style=\"font-size: 0.9em\"><strong>+22.706s<\/strong><\/span><\/td>\n<\/tr>\n<tr>\n<td style=\"border-color: #ebebeb;text-align: center;width: 80px;vertical-align: middle\"><span style=\"font-size: 0.9em\">18.<\/span><\/td>\n<td style=\"border-color: #ebebeb;text-align: center;width: 500px;vertical-align: middle\"><span style=\"font-size: 0.9em\"><strong><img loading=\"lazy\" decoding=\"async\" class=\"alignnone wp-image-651486\" src=\"https:\/\/dicodusport.fr\/blog\/wp-content\/uploads\/2026\/02\/07-MGP-Toprak-Razgatlioglu-1.png\" alt=\"\" width=\"30\" height=\"20\" srcset=\"https:\/\/dicodusport.fr\/blog\/wp-content\/uploads\/2026\/02\/07-MGP-Toprak-Razgatlioglu-1.png 400w, https:\/\/dicodusport.fr\/blog\/wp-content\/uploads\/2026\/02\/07-MGP-Toprak-Razgatlioglu-1-300x200.png 300w\" sizes=\"auto, (max-width: 30px) 100vw, 30px\" \/><br \/>\n\ud83c\uddf9\ud83c\uddf7 TOPRAK RAZGATLIOGLU<br \/>\n<\/strong><span style=\"font-size: 0.8em\">PRIMA PRAMAC YAMAHA<\/span><\/span><\/td>\n<td style=\"border-color: #ebebeb;text-align: center;width: 220px;vertical-align: middle\"><span style=\"font-size: 0.9em\"><strong>+23.044s<\/strong><\/span><\/td>\n<\/tr>\n<tr>\n<td style=\"border-color: #ebebeb;text-align: center;width: 80px;vertical-align: middle\"><span style=\"font-size: 0.9em\">19.<\/span><\/td>\n<td style=\"border-color: #ebebeb;text-align: center;width: 500px;vertical-align: middle\"><span style=\"font-size: 0.9em\"><strong><img loading=\"lazy\" decoding=\"async\" class=\"alignnone wp-image-651486\" src=\"https:\/\/dicodusport.fr\/blog\/wp-content\/uploads\/2026\/02\/07-MGP-Toprak-Razgatlioglu-1.png\" alt=\"\" width=\"30\" height=\"20\" srcset=\"https:\/\/dicodusport.fr\/blog\/wp-content\/uploads\/2026\/02\/07-MGP-Toprak-Razgatlioglu-1.png 400w, https:\/\/dicodusport.fr\/blog\/wp-content\/uploads\/2026\/02\/07-MGP-Toprak-Razgatlioglu-1-300x200.png 300w\" sizes=\"auto, (max-width: 30px) 100vw, 30px\" \/><br \/>\n\ud83c\udde6\ud83c\uddfa JACK MILLER<br \/>\n<\/strong><span style=\"font-size: 0.8em\">PRIMA PRAMAC YAMAHA<\/span><\/span><\/td>\n<td style=\"border-color: #ebebeb;text-align: center;width: 220px;vertical-align: middle\"><span style=\"font-size: 0.9em\"><strong>+23.807s<\/strong><\/span><\/td>\n<\/tr>\n<tr>\n<td style=\"border-color: #ebebeb;text-align: center;width: 80px;vertical-align: middle\"><span style=\"font-size: 0.9em\">20<\/span><span style=\"font-size: 0.9em\">.<\/span><\/td>\n<td style=\"border-color: #ebebeb;text-align: center;width: 500px;vertical-align: middle\"><span style=\"font-size: 0.9em\"><strong><img loading=\"lazy\" decoding=\"async\" class=\"alignnone wp-image-651481\" src=\"https:\/\/dicodusport.fr\/blog\/wp-content\/uploads\/2026\/02\/12-MGP-Maverick-Vinales-3.png\" alt=\"\" width=\"30\" height=\"20\" srcset=\"https:\/\/dicodusport.fr\/blog\/wp-content\/uploads\/2026\/02\/12-MGP-Maverick-Vinales-3.png 400w, https:\/\/dicodusport.fr\/blog\/wp-content\/uploads\/2026\/02\/12-MGP-Maverick-Vinales-3-300x200.png 300w\" sizes=\"auto, (max-width: 30px) 100vw, 30px\" \/><br \/>\n\ud83c\uddea\ud83c\uddf8 MAVERICK VI\u00d1ALES<br \/>\n<\/strong><span style=\"font-size: 0.8em\">RED BULL KTM TECH3<\/span><\/span><\/td>\n<td style=\"border-color: #ebebeb;text-align: center;width: 220px;vertical-align: middle\"><span style=\"font-size: 0.9em\"><strong>DNF<\/strong><\/span><\/td>\n<\/tr>\n<tr>\n<td style=\"border-color: #ebebeb;text-align: center;width: 80px;vertical-align: middle\"><span style=\"font-size: 0.9em\">21.<\/span><\/td>\n<td style=\"border-color: #ebebeb;text-align: center;width: 500px;vertical-align: middle\"><span style=\"font-size: 0.9em\"><strong><img loading=\"lazy\" decoding=\"async\" class=\"alignnone wp-image-651483\" src=\"https:\/\/dicodusport.fr\/blog\/wp-content\/uploads\/2026\/02\/05-MGP-Johann-Zarco-1.png\" alt=\"\" width=\"30\" height=\"20\" srcset=\"https:\/\/dicodusport.fr\/blog\/wp-content\/uploads\/2026\/02\/05-MGP-Johann-Zarco-1.png 400w, https:\/\/dicodusport.fr\/blog\/wp-content\/uploads\/2026\/02\/05-MGP-Johann-Zarco-1-300x200.png 300w\" sizes=\"auto, (max-width: 30px) 100vw, 30px\" \/><br \/>\n\ud83c\uddeb\ud83c\uddf7 JOHANN ZARCO<br \/>\n<\/strong><span style=\"font-size: 0.8em\">LCR HONDA<\/span><\/span><\/td>\n<td style=\"border-color: #ebebeb;text-align: center;width: 220px;vertical-align: middle\"><span style=\"font-size: 0.9em\"><strong>DNF<\/strong><\/span><\/td>\n<\/tr>\n<tr>\n<td style=\"border-color: #ebebeb;text-align: center;width: 80px;vertical-align: middle\"><span style=\"font-size: 0.9em\">22.<\/span><\/td>\n<td style=\"border-color: #ebebeb;text-align: center;width: 500px;vertical-align: middle\"><span style=\"font-size: 0.9em\"><strong><img loading=\"lazy\" decoding=\"async\" class=\"alignnone wp-image-651527\" src=\"https:\/\/dicodusport.fr\/blog\/wp-content\/uploads\/2026\/02\/10-MGP-Luca-Marini-2.png\" alt=\"\" width=\"30\" height=\"20\" srcset=\"https:\/\/dicodusport.fr\/blog\/wp-content\/uploads\/2026\/02\/10-MGP-Luca-Marini-2.png 400w, https:\/\/dicodusport.fr\/blog\/wp-content\/uploads\/2026\/02\/10-MGP-Luca-Marini-2-300x200.png 300w\" sizes=\"auto, (max-width: 30px) 100vw, 30px\" \/><br \/>\n\ud83c\uddea\ud83c\uddf8 JOAN MIR<br \/>\n<\/strong><span style=\"font-size: 0.8em\">HONDA HRC CASTROL<\/span><\/span><\/td>\n<td style=\"border-color: #ebebeb;text-align: center;width: 220px;vertical-align: middle\"><span style=\"font-size: 0.9em\"><strong>DNF<\/strong><\/span><\/td>\n<\/tr>\n<\/tbody>\n<\/table>\n<\/div>\n<ul>\n<li style=\"text-align: justify;\"><strong>\u00c0 ce sujet &#8211; <a href=\"https:\/\/dicodusport.fr\/blog\/calendrier-motogp-2026-toutes-les-dates-et-le-programme-complet-de-la-saison\/\">Calendrier MotoGP 2026 : toutes les dates et le programme complet de la saison<\/a><\/strong><\/li>\n<\/ul>\n","protected":false},"excerpt":{"rendered":"<p>D\u00e9couvrez le classement et les r\u00e9sultats de la course sprint du Grand Prix du Br\u00e9sil MotoGP 2026, disput\u00e9e sur le circuit de Goi\u00e2nia.<\/p>\n","protected":false},"author":4,"featured_media":657022,"comment_status":"open","ping_status":"closed","sticky":false,"template":"","format":"standard","meta":{"_acf_changed":false,"_daextam_enable_autolinks":"1","footnotes":""},"categories":[47087],"tags":[16878,47438,10938,47439],"class_list":["post-657020","post","type-post","status-publish","format-standard","has-post-thumbnail","hentry","category-motogp","tag-breve","tag-grand-prix-du-bresil-motogp","tag-motogp","tag-motogp-bresil"],"acf":[],"yoast_head":"<!-- This site is optimized with the Yoast SEO Premium plugin v26.7 (Yoast SEO v26.7) - https:\/\/yoast.com\/wordpress\/plugins\/seo\/ -->\n<title>Course sprint MotoGP Br\u00e9sil 2026 \u2013 Classement et r\u00e9sultats<\/title>\n<meta name=\"description\" content=\"D\u00e9couvrez le classement et les r\u00e9sultats de la course sprint du Grand Prix du Br\u00e9sil MotoGP 2026, disput\u00e9e sur le circuit de Goi\u00e2nia.\" \/>\n<meta name=\"robots\" content=\"index, follow, max-snippet:-1, max-image-preview:large, max-video-preview:-1\" \/>\n<link rel=\"canonical\" href=\"https:\/\/dicodusport.fr\/blog\/course-sprint-motogp-bresil-2026-classement-et-resultats\/\" \/>\n<meta property=\"og:locale\" content=\"fr_FR\" \/>\n<meta property=\"og:type\" content=\"article\" \/>\n<meta property=\"og:title\" content=\"Course sprint MotoGP Br\u00e9sil 2026 : Le vainqueur, le classement et les r\u00e9sultats\" \/>\n<meta property=\"og:description\" content=\"D\u00e9couvrez le classement et les r\u00e9sultats de la course sprint du Grand Prix du Br\u00e9sil MotoGP 2026, disput\u00e9e sur le circuit de Goi\u00e2nia.\" \/>\n<meta property=\"og:url\" content=\"https:\/\/dicodusport.fr\/blog\/course-sprint-motogp-bresil-2026-classement-et-resultats\/\" \/>\n<meta property=\"og:site_name\" content=\"Dicodusport\" \/>\n<meta property=\"article:publisher\" content=\"https:\/\/www.facebook.com\/dicodusport\" \/>\n<meta property=\"article:author\" content=\"https:\/\/www.facebook.com\/florent.ostermann\" \/>\n<meta property=\"article:published_time\" content=\"2026-03-21T19:49:58+00:00\" \/>\n<meta property=\"article:modified_time\" content=\"2026-03-21T20:20:35+00:00\" \/>\n<meta property=\"og:image\" content=\"https:\/\/dicodusport.fr\/blog\/wp-content\/uploads\/2026\/03\/Course-sprint-MotoGP-Bresil-2026-\u2013-Classement-et-resultats.png\" \/>\n\t<meta property=\"og:image:width\" content=\"1200\" \/>\n\t<meta property=\"og:image:height\" content=\"674\" \/>\n\t<meta property=\"og:image:type\" content=\"image\/png\" \/>\n<meta name=\"author\" content=\"Flo Ostermann\" \/>\n<meta name=\"twitter:card\" content=\"summary_large_image\" \/>\n<meta name=\"twitter:title\" content=\"Course sprint MotoGP Br\u00e9sil 2026 : Le vainqueur, le classement et les r\u00e9sultats\" \/>\n<meta name=\"twitter:creator\" content=\"@https:\/\/twitter.com\/FlOstermann\" \/>\n<meta name=\"twitter:site\" content=\"@dicodusport\" \/>\n<script type=\"application\/ld+json\" class=\"yoast-schema-graph\">{\"@context\":\"https:\/\/schema.org\",\"@graph\":[{\"@type\":\"NewsArticle\",\"@id\":\"https:\/\/dicodusport.fr\/blog\/course-sprint-motogp-bresil-2026-classement-et-resultats\/#article\",\"isPartOf\":{\"@id\":\"https:\/\/dicodusport.fr\/blog\/course-sprint-motogp-bresil-2026-classement-et-resultats\/\"},\"author\":{\"name\":\"Flo Ostermann\",\"@id\":\"https:\/\/dicodusport.fr\/blog\/#\/schema\/person\/cb02af4c173ce4a653b55e9baf388d4a\"},\"headline\":\"Course sprint MotoGP Br\u00e9sil 2026 \u2013 Classement et r\u00e9sultats\",\"datePublished\":\"2026-03-21T19:49:58+00:00\",\"dateModified\":\"2026-03-21T20:20:35+00:00\",\"mainEntityOfPage\":{\"@id\":\"https:\/\/dicodusport.fr\/blog\/course-sprint-motogp-bresil-2026-classement-et-resultats\/\"},\"wordCount\":492,\"commentCount\":0,\"publisher\":{\"@id\":\"https:\/\/dicodusport.fr\/blog\/#organization\"},\"image\":{\"@id\":\"https:\/\/dicodusport.fr\/blog\/course-sprint-motogp-bresil-2026-classement-et-resultats\/#primaryimage\"},\"thumbnailUrl\":\"https:\/\/dicodusport.fr\/blog\/wp-content\/uploads\/2026\/03\/Course-sprint-MotoGP-Bresil-2026-\u2013-Classement-et-resultats.png\",\"keywords\":[\"br\u00e8ve\",\"Grand Prix du Br\u00e9sil MotoGP\",\"MotoGP\",\"MotoGP Br\u00e9sil\"],\"articleSection\":[\"MotoGP\"],\"inLanguage\":\"fr-FR\",\"potentialAction\":[{\"@type\":\"CommentAction\",\"name\":\"Comment\",\"target\":[\"https:\/\/dicodusport.fr\/blog\/course-sprint-motogp-bresil-2026-classement-et-resultats\/#respond\"]}],\"copyrightYear\":\"2026\",\"copyrightHolder\":{\"@id\":\"https:\/\/dicodusport.fr\/blog\/#organization\"}},{\"@type\":\"WebPage\",\"@id\":\"https:\/\/dicodusport.fr\/blog\/course-sprint-motogp-bresil-2026-classement-et-resultats\/\",\"url\":\"https:\/\/dicodusport.fr\/blog\/course-sprint-motogp-bresil-2026-classement-et-resultats\/\",\"name\":\"Course sprint MotoGP Br\u00e9sil 2026 \u2013 Classement et r\u00e9sultats\",\"isPartOf\":{\"@id\":\"https:\/\/dicodusport.fr\/blog\/#website\"},\"primaryImageOfPage\":{\"@id\":\"https:\/\/dicodusport.fr\/blog\/course-sprint-motogp-bresil-2026-classement-et-resultats\/#primaryimage\"},\"image\":{\"@id\":\"https:\/\/dicodusport.fr\/blog\/course-sprint-motogp-bresil-2026-classement-et-resultats\/#primaryimage\"},\"thumbnailUrl\":\"https:\/\/dicodusport.fr\/blog\/wp-content\/uploads\/2026\/03\/Course-sprint-MotoGP-Bresil-2026-\u2013-Classement-et-resultats.png\",\"datePublished\":\"2026-03-21T19:49:58+00:00\",\"dateModified\":\"2026-03-21T20:20:35+00:00\",\"description\":\"D\u00e9couvrez le classement et les r\u00e9sultats de la course sprint du Grand Prix du Br\u00e9sil MotoGP 2026, disput\u00e9e sur le circuit de Goi\u00e2nia.\",\"breadcrumb\":{\"@id\":\"https:\/\/dicodusport.fr\/blog\/course-sprint-motogp-bresil-2026-classement-et-resultats\/#breadcrumb\"},\"inLanguage\":\"fr-FR\",\"potentialAction\":[{\"@type\":\"ReadAction\",\"target\":[\"https:\/\/dicodusport.fr\/blog\/course-sprint-motogp-bresil-2026-classement-et-resultats\/\"]}]},{\"@type\":\"ImageObject\",\"inLanguage\":\"fr-FR\",\"@id\":\"https:\/\/dicodusport.fr\/blog\/course-sprint-motogp-bresil-2026-classement-et-resultats\/#primaryimage\",\"url\":\"https:\/\/dicodusport.fr\/blog\/wp-content\/uploads\/2026\/03\/Course-sprint-MotoGP-Bresil-2026-\u2013-Classement-et-resultats.png\",\"contentUrl\":\"https:\/\/dicodusport.fr\/blog\/wp-content\/uploads\/2026\/03\/Course-sprint-MotoGP-Bresil-2026-\u2013-Classement-et-resultats.png\",\"width\":1200,\"height\":674,\"caption\":\"Course sprint MotoGP Br\u00e9sil 2026 \u2013 Classement et r\u00e9sultats\"},{\"@type\":\"BreadcrumbList\",\"@id\":\"https:\/\/dicodusport.fr\/blog\/course-sprint-motogp-bresil-2026-classement-et-resultats\/#breadcrumb\",\"itemListElement\":[{\"@type\":\"ListItem\",\"position\":1,\"name\":\"Accueil\",\"item\":\"https:\/\/dicodusport.fr\/blog\/\"},{\"@type\":\"ListItem\",\"position\":2,\"name\":\"Course sprint MotoGP Br\u00e9sil 2026 \u2013 Classement et r\u00e9sultats\"}]},{\"@type\":\"WebSite\",\"@id\":\"https:\/\/dicodusport.fr\/blog\/#website\",\"url\":\"https:\/\/dicodusport.fr\/blog\/\",\"name\":\"Dicodusport\",\"description\":\"L&#039;encyclop\u00e9die de l&#039;actualit\u00e9 sportive\",\"publisher\":{\"@id\":\"https:\/\/dicodusport.fr\/blog\/#organization\"},\"potentialAction\":[{\"@type\":\"SearchAction\",\"target\":{\"@type\":\"EntryPoint\",\"urlTemplate\":\"https:\/\/dicodusport.fr\/blog\/?s={search_term_string}\"},\"query-input\":{\"@type\":\"PropertyValueSpecification\",\"valueRequired\":true,\"valueName\":\"search_term_string\"}}],\"inLanguage\":\"fr-FR\"},{\"@type\":\"NewsMediaOrganization\",\"@id\":\"https:\/\/dicodusport.fr\/blog\/#organization\",\"name\":\"Dicodusport\",\"url\":\"https:\/\/dicodusport.fr\/blog\/\",\"logo\":{\"@type\":\"ImageObject\",\"inLanguage\":\"fr-FR\",\"@id\":\"https:\/\/dicodusport.fr\/blog\/#\/schema\/logo\/image\/\",\"url\":\"https:\/\/dicodusport.fr\/blog\/wp-content\/uploads\/2020\/06\/cropped-LOGO-DICODUSPORT-2020-SANS-FOND-SANS-TEXTE.png\",\"contentUrl\":\"https:\/\/dicodusport.fr\/blog\/wp-content\/uploads\/2020\/06\/cropped-LOGO-DICODUSPORT-2020-SANS-FOND-SANS-TEXTE.png\",\"width\":512,\"height\":512,\"caption\":\"Dicodusport\"},\"image\":{\"@id\":\"https:\/\/dicodusport.fr\/blog\/#\/schema\/logo\/image\/\"},\"sameAs\":[\"https:\/\/www.facebook.com\/dicodusport\",\"https:\/\/x.com\/dicodusport\",\"https:\/\/www.instagram.com\/dicodusport\/\",\"https:\/\/www.youtube.com\/channel\/UC7V2KZ5sd3htJivAbA4ZG3w\"],\"description\":\"Dicodusport est l'encyclop\u00e9die de l'actualit\u00e9 sportive.\",\"email\":\"bonjour@dicodusport.fr\",\"legalName\":\"DICODUSPORT\",\"foundingDate\":\"2018-01-14\",\"vatID\":\"FR71834470973\",\"taxID\":\"83447097300043\",\"numberOfEmployees\":{\"@type\":\"QuantitativeValue\",\"minValue\":\"1\",\"maxValue\":\"10\"}},{\"@type\":\"Person\",\"@id\":\"https:\/\/dicodusport.fr\/blog\/#\/schema\/person\/cb02af4c173ce4a653b55e9baf388d4a\",\"name\":\"Flo Ostermann\",\"image\":{\"@type\":\"ImageObject\",\"inLanguage\":\"fr-FR\",\"@id\":\"https:\/\/dicodusport.fr\/blog\/#\/schema\/person\/image\/\",\"url\":\"https:\/\/dicodusport.fr\/blog\/wp-content\/uploads\/2021\/05\/Flo-Ostermann-150x150.jpg\",\"contentUrl\":\"https:\/\/dicodusport.fr\/blog\/wp-content\/uploads\/2021\/05\/Flo-Ostermann-150x150.jpg\",\"caption\":\"Flo Ostermann\"},\"description\":\"Journaliste\/R\u00e9dacteur depuis septembre 2015 - Mes premiers souvenirs dans le sport ? Les envol\u00e9es du Stade Toulousain et les duels Villeneuve-Schumacher et H\u00e4kkinen-Schumacher \u00e0 la fin des ann\u00e9es 90, la Coupe du monde de football en 1998, l\u2019exploit du XV de France face aux All Blacks en 1999, mais aussi Richard C\u0153ur de Lion qui vole sur les montagnes du Tour de France. Bien parti pour devenir professeur d\u2019EPS, les \u00e9v\u00e9nements de la vie (et la flemme d\u2019animer des s\u00e9ances de 3x500 m\u00e8tres toute ma vie) m\u2019ont conduit \u00e0 revoir mes plans. Me voil\u00e0 depuis fin 2017 sur Dicodusport, m\u00e9dia gr\u00e2ce (et pour) lequel je partage ma passion : le sport dans tous ses \u00e9tats. Le tout accompagn\u00e9 par les fous furieux et folles furieuses cit\u00e9s sur cette page !\",\"sameAs\":[\"https:\/\/www.facebook.com\/florent.ostermann\",\"https:\/\/x.com\/https:\/\/twitter.com\/FlOstermann\",\"admin\"],\"url\":\"https:\/\/dicodusport.fr\/blog\/author\/flo\/\"}]}<\/script>\n<!-- \/ Yoast SEO Premium plugin. -->","yoast_head_json":{"title":"Course sprint MotoGP Br\u00e9sil 2026 \u2013 Classement et r\u00e9sultats","description":"D\u00e9couvrez le classement et les r\u00e9sultats de la course sprint du Grand Prix du Br\u00e9sil MotoGP 2026, disput\u00e9e sur le circuit de Goi\u00e2nia.","robots":{"index":"index","follow":"follow","max-snippet":"max-snippet:-1","max-image-preview":"max-image-preview:large","max-video-preview":"max-video-preview:-1"},"canonical":"https:\/\/dicodusport.fr\/blog\/course-sprint-motogp-bresil-2026-classement-et-resultats\/","og_locale":"fr_FR","og_type":"article","og_title":"Course sprint MotoGP Br\u00e9sil 2026 : Le vainqueur, le classement et les r\u00e9sultats","og_description":"D\u00e9couvrez le classement et les r\u00e9sultats de la course sprint du Grand Prix du Br\u00e9sil MotoGP 2026, disput\u00e9e sur le circuit de Goi\u00e2nia.","og_url":"https:\/\/dicodusport.fr\/blog\/course-sprint-motogp-bresil-2026-classement-et-resultats\/","og_site_name":"Dicodusport","article_publisher":"https:\/\/www.facebook.com\/dicodusport","article_author":"https:\/\/www.facebook.com\/florent.ostermann","article_published_time":"2026-03-21T19:49:58+00:00","article_modified_time":"2026-03-21T20:20:35+00:00","og_image":[{"width":1200,"height":674,"url":"https:\/\/dicodusport.fr\/blog\/wp-content\/uploads\/2026\/03\/Course-sprint-MotoGP-Bresil-2026-\u2013-Classement-et-resultats.png","type":"image\/png"}],"author":"Flo Ostermann","twitter_card":"summary_large_image","twitter_title":"Course sprint MotoGP Br\u00e9sil 2026 : Le vainqueur, le classement et les r\u00e9sultats","twitter_creator":"@https:\/\/twitter.com\/FlOstermann","twitter_site":"@dicodusport","schema":{"@context":"https:\/\/schema.org","@graph":[{"@type":"NewsArticle","@id":"https:\/\/dicodusport.fr\/blog\/course-sprint-motogp-bresil-2026-classement-et-resultats\/#article","isPartOf":{"@id":"https:\/\/dicodusport.fr\/blog\/course-sprint-motogp-bresil-2026-classement-et-resultats\/"},"author":{"name":"Flo Ostermann","@id":"https:\/\/dicodusport.fr\/blog\/#\/schema\/person\/cb02af4c173ce4a653b55e9baf388d4a"},"headline":"Course sprint MotoGP Br\u00e9sil 2026 \u2013 Classement et r\u00e9sultats","datePublished":"2026-03-21T19:49:58+00:00","dateModified":"2026-03-21T20:20:35+00:00","mainEntityOfPage":{"@id":"https:\/\/dicodusport.fr\/blog\/course-sprint-motogp-bresil-2026-classement-et-resultats\/"},"wordCount":492,"commentCount":0,"publisher":{"@id":"https:\/\/dicodusport.fr\/blog\/#organization"},"image":{"@id":"https:\/\/dicodusport.fr\/blog\/course-sprint-motogp-bresil-2026-classement-et-resultats\/#primaryimage"},"thumbnailUrl":"https:\/\/dicodusport.fr\/blog\/wp-content\/uploads\/2026\/03\/Course-sprint-MotoGP-Bresil-2026-\u2013-Classement-et-resultats.png","keywords":["br\u00e8ve","Grand Prix du Br\u00e9sil MotoGP","MotoGP","MotoGP Br\u00e9sil"],"articleSection":["MotoGP"],"inLanguage":"fr-FR","potentialAction":[{"@type":"CommentAction","name":"Comment","target":["https:\/\/dicodusport.fr\/blog\/course-sprint-motogp-bresil-2026-classement-et-resultats\/#respond"]}],"copyrightYear":"2026","copyrightHolder":{"@id":"https:\/\/dicodusport.fr\/blog\/#organization"}},{"@type":"WebPage","@id":"https:\/\/dicodusport.fr\/blog\/course-sprint-motogp-bresil-2026-classement-et-resultats\/","url":"https:\/\/dicodusport.fr\/blog\/course-sprint-motogp-bresil-2026-classement-et-resultats\/","name":"Course sprint MotoGP Br\u00e9sil 2026 \u2013 Classement et r\u00e9sultats","isPartOf":{"@id":"https:\/\/dicodusport.fr\/blog\/#website"},"primaryImageOfPage":{"@id":"https:\/\/dicodusport.fr\/blog\/course-sprint-motogp-bresil-2026-classement-et-resultats\/#primaryimage"},"image":{"@id":"https:\/\/dicodusport.fr\/blog\/course-sprint-motogp-bresil-2026-classement-et-resultats\/#primaryimage"},"thumbnailUrl":"https:\/\/dicodusport.fr\/blog\/wp-content\/uploads\/2026\/03\/Course-sprint-MotoGP-Bresil-2026-\u2013-Classement-et-resultats.png","datePublished":"2026-03-21T19:49:58+00:00","dateModified":"2026-03-21T20:20:35+00:00","description":"D\u00e9couvrez le classement et les r\u00e9sultats de la course sprint du Grand Prix du Br\u00e9sil MotoGP 2026, disput\u00e9e sur le circuit de Goi\u00e2nia.","breadcrumb":{"@id":"https:\/\/dicodusport.fr\/blog\/course-sprint-motogp-bresil-2026-classement-et-resultats\/#breadcrumb"},"inLanguage":"fr-FR","potentialAction":[{"@type":"ReadAction","target":["https:\/\/dicodusport.fr\/blog\/course-sprint-motogp-bresil-2026-classement-et-resultats\/"]}]},{"@type":"ImageObject","inLanguage":"fr-FR","@id":"https:\/\/dicodusport.fr\/blog\/course-sprint-motogp-bresil-2026-classement-et-resultats\/#primaryimage","url":"https:\/\/dicodusport.fr\/blog\/wp-content\/uploads\/2026\/03\/Course-sprint-MotoGP-Bresil-2026-\u2013-Classement-et-resultats.png","contentUrl":"https:\/\/dicodusport.fr\/blog\/wp-content\/uploads\/2026\/03\/Course-sprint-MotoGP-Bresil-2026-\u2013-Classement-et-resultats.png","width":1200,"height":674,"caption":"Course sprint MotoGP Br\u00e9sil 2026 \u2013 Classement et r\u00e9sultats"},{"@type":"BreadcrumbList","@id":"https:\/\/dicodusport.fr\/blog\/course-sprint-motogp-bresil-2026-classement-et-resultats\/#breadcrumb","itemListElement":[{"@type":"ListItem","position":1,"name":"Accueil","item":"https:\/\/dicodusport.fr\/blog\/"},{"@type":"ListItem","position":2,"name":"Course sprint MotoGP Br\u00e9sil 2026 \u2013 Classement et r\u00e9sultats"}]},{"@type":"WebSite","@id":"https:\/\/dicodusport.fr\/blog\/#website","url":"https:\/\/dicodusport.fr\/blog\/","name":"Dicodusport","description":"L&#039;encyclop\u00e9die de l&#039;actualit\u00e9 sportive","publisher":{"@id":"https:\/\/dicodusport.fr\/blog\/#organization"},"potentialAction":[{"@type":"SearchAction","target":{"@type":"EntryPoint","urlTemplate":"https:\/\/dicodusport.fr\/blog\/?s={search_term_string}"},"query-input":{"@type":"PropertyValueSpecification","valueRequired":true,"valueName":"search_term_string"}}],"inLanguage":"fr-FR"},{"@type":"NewsMediaOrganization","@id":"https:\/\/dicodusport.fr\/blog\/#organization","name":"Dicodusport","url":"https:\/\/dicodusport.fr\/blog\/","logo":{"@type":"ImageObject","inLanguage":"fr-FR","@id":"https:\/\/dicodusport.fr\/blog\/#\/schema\/logo\/image\/","url":"https:\/\/dicodusport.fr\/blog\/wp-content\/uploads\/2020\/06\/cropped-LOGO-DICODUSPORT-2020-SANS-FOND-SANS-TEXTE.png","contentUrl":"https:\/\/dicodusport.fr\/blog\/wp-content\/uploads\/2020\/06\/cropped-LOGO-DICODUSPORT-2020-SANS-FOND-SANS-TEXTE.png","width":512,"height":512,"caption":"Dicodusport"},"image":{"@id":"https:\/\/dicodusport.fr\/blog\/#\/schema\/logo\/image\/"},"sameAs":["https:\/\/www.facebook.com\/dicodusport","https:\/\/x.com\/dicodusport","https:\/\/www.instagram.com\/dicodusport\/","https:\/\/www.youtube.com\/channel\/UC7V2KZ5sd3htJivAbA4ZG3w"],"description":"Dicodusport est l'encyclop\u00e9die de l'actualit\u00e9 sportive.","email":"bonjour@dicodusport.fr","legalName":"DICODUSPORT","foundingDate":"2018-01-14","vatID":"FR71834470973","taxID":"83447097300043","numberOfEmployees":{"@type":"QuantitativeValue","minValue":"1","maxValue":"10"}},{"@type":"Person","@id":"https:\/\/dicodusport.fr\/blog\/#\/schema\/person\/cb02af4c173ce4a653b55e9baf388d4a","name":"Flo Ostermann","image":{"@type":"ImageObject","inLanguage":"fr-FR","@id":"https:\/\/dicodusport.fr\/blog\/#\/schema\/person\/image\/","url":"https:\/\/dicodusport.fr\/blog\/wp-content\/uploads\/2021\/05\/Flo-Ostermann-150x150.jpg","contentUrl":"https:\/\/dicodusport.fr\/blog\/wp-content\/uploads\/2021\/05\/Flo-Ostermann-150x150.jpg","caption":"Flo Ostermann"},"description":"Journaliste\/R\u00e9dacteur depuis septembre 2015 - Mes premiers souvenirs dans le sport ? Les envol\u00e9es du Stade Toulousain et les duels Villeneuve-Schumacher et H\u00e4kkinen-Schumacher \u00e0 la fin des ann\u00e9es 90, la Coupe du monde de football en 1998, l\u2019exploit du XV de France face aux All Blacks en 1999, mais aussi Richard C\u0153ur de Lion qui vole sur les montagnes du Tour de France. Bien parti pour devenir professeur d\u2019EPS, les \u00e9v\u00e9nements de la vie (et la flemme d\u2019animer des s\u00e9ances de 3x500 m\u00e8tres toute ma vie) m\u2019ont conduit \u00e0 revoir mes plans. Me voil\u00e0 depuis fin 2017 sur Dicodusport, m\u00e9dia gr\u00e2ce (et pour) lequel je partage ma passion : le sport dans tous ses \u00e9tats. Le tout accompagn\u00e9 par les fous furieux et folles furieuses cit\u00e9s sur cette page !","sameAs":["https:\/\/www.facebook.com\/florent.ostermann","https:\/\/x.com\/https:\/\/twitter.com\/FlOstermann","admin"],"url":"https:\/\/dicodusport.fr\/blog\/author\/flo\/"}]}},"_links":{"self":[{"href":"https:\/\/dicodusport.fr\/blog\/wp-json\/wp\/v2\/posts\/657020","targetHints":{"allow":["GET"]}}],"collection":[{"href":"https:\/\/dicodusport.fr\/blog\/wp-json\/wp\/v2\/posts"}],"about":[{"href":"https:\/\/dicodusport.fr\/blog\/wp-json\/wp\/v2\/types\/post"}],"author":[{"embeddable":true,"href":"https:\/\/dicodusport.fr\/blog\/wp-json\/wp\/v2\/users\/4"}],"replies":[{"embeddable":true,"href":"https:\/\/dicodusport.fr\/blog\/wp-json\/wp\/v2\/comments?post=657020"}],"version-history":[{"count":5,"href":"https:\/\/dicodusport.fr\/blog\/wp-json\/wp\/v2\/posts\/657020\/revisions"}],"predecessor-version":[{"id":657399,"href":"https:\/\/dicodusport.fr\/blog\/wp-json\/wp\/v2\/posts\/657020\/revisions\/657399"}],"wp:featuredmedia":[{"embeddable":true,"href":"https:\/\/dicodusport.fr\/blog\/wp-json\/wp\/v2\/media\/657022"}],"wp:attachment":[{"href":"https:\/\/dicodusport.fr\/blog\/wp-json\/wp\/v2\/media?parent=657020"}],"wp:term":[{"taxonomy":"category","embeddable":true,"href":"https:\/\/dicodusport.fr\/blog\/wp-json\/wp\/v2\/categories?post=657020"},{"taxonomy":"post_tag","embeddable":true,"href":"https:\/\/dicodusport.fr\/blog\/wp-json\/wp\/v2\/tags?post=657020"}],"curies":[{"name":"wp","href":"https:\/\/api.w.org\/{rel}","templated":true}]}}