{"id":657117,"date":"2026-03-21T15:35:28","date_gmt":"2026-03-21T14:35:28","guid":{"rendered":"https:\/\/dicodusport.fr\/blog\/?p=657117&#038;preview=true&#038;preview_id=657117"},"modified":"2026-03-21T15:41:23","modified_gmt":"2026-03-21T14:41:23","slug":"fabio-di-giannantonio-signe-une-pole-surprise-au-bresil-fabio-quartararo-rate-de-peu-la-premiere-ligne","status":"publish","type":"post","link":"https:\/\/dicodusport.fr\/blog\/fabio-di-giannantonio-signe-une-pole-surprise-au-bresil-fabio-quartararo-rate-de-peu-la-premiere-ligne\/","title":{"rendered":"Fabio Di Giannantonio signe une pole surprise au Br\u00e9sil, Fabio Quartararo rate de peu la premi\u00e8re ligne"},"content":{"rendered":"<p style=\"text-align: justify;\"><strong><em>MOTOGP &#8211; GRAND PRIX DU BR\u00c9SIL 2026 &#8211; Au terme de qualifications marqu\u00e9es par de nombreuses chutes, Fabio Di Giannantonio (VR46) a d\u00e9croch\u00e9 la pole position sur le circuit de Goi\u00e2nia.<\/em><\/strong><\/p>\n<ul style=\"text-align: justify;\">\n<li><strong>\u00c0 ce sujet \u2013\u00a0<a href=\"https:\/\/dicodusport.fr\/blog\/grand-prix-du-bresil-motogp-2026-programme-horaires-et-resultats\/\">MotoGP Br\u00e9sil 2026 : Programme TV, horaires et r\u00e9sultats en direct<\/a><\/strong><\/li>\n<\/ul>\n<p style=\"text-align: justify;\">Quelques heures seulement avant la course sprint, les <strong>qualifications<\/strong> du <strong>Grand Prix du Br\u00e9sil<\/strong> se d\u00e9roulaient en cours d&rsquo;apr\u00e8s-midi sur l&rsquo;in\u00e9dit <strong>circuit de Goi\u00e2nia<\/strong>. Un circuit qui avait r\u00e9ussi \u00e0 <strong>Johann Zarco<\/strong> (LCR Honda) et <strong>Fabio Quartararo<\/strong> (Monster Energy Yamaha), tous deux auteurs d&rsquo;essais convaincants pour se hisser dans le top 10, synonyme de qualification directe en Q2.<\/p>\n<h2 style=\"text-align: justify;\">Bezzecchi et Di Giannantonio se qualifient en Q2<\/h2>\n<p style=\"text-align: justify;\">La plupart des gros noms ayant \u00e9galement r\u00e9ussi \u00e0 se qualifier, seul <strong>Marco Bezzecchi<\/strong> (Aprilia) faisait figure d&rsquo;anomalie au d\u00e9part de la Q1. N\u00e9anmoins, l&rsquo;Italien faisait face \u00e0 une concurrence acharn\u00e9e pour accrocher les deux strapontins qualificatifs en Q2. Cela s&rsquo;est confirm\u00e9 d\u00e8s le premier relais, <strong>Diogo Moreira<\/strong> (LCR Honda) et <strong>Joan Mir<\/strong> (Honda HRC Castrol) signant les meilleurs temps.<\/p>\n<ul style=\"text-align: justify;\">\n<li><strong>\u00c0 ce sujet \u2013\u00a0<a href=\"https:\/\/dicodusport.fr\/blog\/motogp-2026-le-classement-du-championnat-du-monde-des-pilotes-mis-a-jour\/\">MotoGP 2026 : Le classement du championnat du monde des pilotes<\/a><\/strong><\/li>\n<\/ul>\n<p style=\"text-align: justify;\">N\u00e9anmoins, l&rsquo;Italien a remis les pendules \u00e0 l&rsquo;heure ensuite en s&#8217;emparant du chrono r\u00e9f\u00e9rence, puis en l&rsquo;am\u00e9liorant (1:17.148). Il ne sera ensuite plus jamais inqui\u00e9t\u00e9, et assure une place dans le Top 12 sur la grille en rejoignant la Q2. \u00c0 ses c\u00f4t\u00e9s,<strong> Fabio Di Giannantonio<\/strong> (Pretamina Enduro VR 46) a tir\u00e9 son \u00e9pingle du jeu pour ravir la 2\u00e8me place aux Honda de Mir et Moreira.<\/p>\n<blockquote class=\"twitter-tweet\">\n<p dir=\"ltr\" lang=\"en\"><a href=\"https:\/\/twitter.com\/hashtag\/BrazilianGP?src=hash&amp;ref_src=twsrc%5Etfw\">#BrazilianGP<\/a><\/p>\n<p>Marco Bezzecchi and <a href=\"https:\/\/twitter.com\/FabioDiggia49?ref_src=twsrc%5Etfw\">@FabioDiggia49<\/a> are the riders advancing to Q2! \ud83d\udc4f\ud83d\udc4f\ud83d\udc4f<a href=\"https:\/\/twitter.com\/hashtag\/MichelinMotoGP?src=hash&amp;ref_src=twsrc%5Etfw\">#MichelinMotoGP<\/a> <a href=\"https:\/\/t.co\/YHtZ9CPnVc\">pic.twitter.com\/YHtZ9CPnVc<\/a><\/p>\n<p>\u2014 Michelin Motorsport (@Michelin_Sport) <a href=\"https:\/\/twitter.com\/Michelin_Sport\/status\/2035357559289241833?ref_src=twsrc%5Etfw\">March 21, 2026<\/a><\/p><\/blockquote>\n<p style=\"text-align: justify;\"><script async src=\"https:\/\/platform.twitter.com\/widgets.js\" charset=\"utf-8\"><\/script><\/p>\n<h2 style=\"text-align: justify;\">Di Giannantonio surprend, Quartararo d\u00e9tonne !<\/h2>\n<p style=\"text-align: justify;\">Place alors \u00e0 la tant attendue Q2 ! Une Q2 qui a d\u00e9marr\u00e9 de mani\u00e8re particuli\u00e8re puisque<strong>\u00a0Francesco Bagnaia<\/strong> (Ducati Lenovo Team), <strong>Pedro Acosta<\/strong> (Red Bull KTM) et <strong>Marc M\u00e1rquez<\/strong> (Ducati Lenovo Team) sont tous trois partis au sol ! Dans ce chaos, Marquez a tout de m\u00eame sign\u00e9 le deuxi\u00e8me temps suite au premier relais, derri\u00e8re le surprenant <strong>Fabio Di Giannantonio<\/strong>, qui a nettement am\u00e9lior\u00e9 sa performance lors de la Q1 (1:17.420).<\/p>\n<p style=\"text-align: justify;\">S&rsquo;ils ont \u00e9t\u00e9 nombreux \u00e0 se rapprocher de cette belle marque, personne n&rsquo;a r\u00e9ussi \u00e0 le surpasser lors du deuxi\u00e8me relais. Seul <strong>Jorge Martin<\/strong> (Aprilia) semblait en capacit\u00e9 de le battre, mais l&rsquo;Espagnol est parti \u00e0 la faute. Di Giannantonio a ensuite am\u00e9lior\u00e9 sa marque de 7 milli\u00e8mes, avant d&rsquo;\u00e0 son tour go\u00fbter au bitume br\u00e9silien ! Un v\u00e9ritable carnage, mais l&rsquo;Italien a tenu bon pour aller chercher une pole position surprenante en devan\u00e7ant l&rsquo;autre homme sorti de la Q1, <strong>Marco Bezzecchi, <\/strong>et <strong>Marc M\u00e1rquez<\/strong>.<\/p>\n<ul style=\"text-align: justify;\">\n<li><strong>\u00c0 lire aussi &#8211; <a href=\"https:\/\/dicodusport.fr\/blog\/motogp-la-grille-de-depart-du-grand-prix-du-bresil-2026\/\">MotoGP \u2013 La grille de d\u00e9part du Grand Prix du Br\u00e9sil 2026<\/a><\/strong><\/li>\n<\/ul>\n<p style=\"text-align: justify;\">Logiquement plus en retrait, les Fran\u00e7ais ont tent\u00e9 de rivaliser du mieux qu&rsquo;ils pouvaient avec leur mat\u00e9riel. Auteur d&rsquo;un dernier tour flamboyant, <strong>Fabio Quartararo<\/strong> (Monster Energy Yamaha) a ainsi cr\u00e9\u00e9 la sensation en arrachant une inesp\u00e9r\u00e9e <strong>4\u00e8me place<\/strong> ! Une performance remarquable alors que <strong>Johann Zarco<\/strong> (LCR Honda) doit lui se contenter de la 10\u00e8me place. Un r\u00e9sultat peu satisfaisant, mais le temps sec ne l&rsquo;a pas favoris\u00e9 cet apr\u00e8s-midi.<\/p>\n<blockquote class=\"twitter-tweet\">\n<p dir=\"ltr\" lang=\"es\">Quartararo cierra su vuelta en la cuarta posici\u00f3n, segunda l\u00ednea para el franc\u00e9s.<a href=\"https:\/\/twitter.com\/hashtag\/MotoGP?src=hash&amp;ref_src=twsrc%5Etfw\">#MotoGP<\/a> <a href=\"https:\/\/twitter.com\/hashtag\/BrazilianGP?src=hash&amp;ref_src=twsrc%5Etfw\">#BrazilianGP<\/a> \ud83c\udde7\ud83c\uddf7 <a href=\"https:\/\/t.co\/tmyzeznEU0\">pic.twitter.com\/tmyzeznEU0<\/a><\/p>\n<p>\u2014 Rub\u00e9n Canales (@RubCanales) <a href=\"https:\/\/twitter.com\/RubCanales\/status\/2035363432380174799?ref_src=twsrc%5Etfw\">March 21, 2026<\/a><\/p><\/blockquote>\n<p style=\"text-align: justify;\"><script async src=\"https:\/\/platform.twitter.com\/widgets.js\" charset=\"utf-8\"><\/script><\/p>\n<div id=\"gtx-trans\" style=\"position: absolute; left: -14px; top: 40.9091px;\">\n<div class=\"gtx-trans-icon\" style=\"text-align: justify;\"><\/div>\n<\/div>\n","protected":false},"excerpt":{"rendered":"<p>MOTOGP &#8211; GRAND PRIX DU BR\u00c9SIL 2026 &#8211; Au terme de qualifications marqu\u00e9es par de nombreuses chutes, Fabio Di Giannantonio (VR46) a d\u00e9croch\u00e9 la pole position sur le circuit de Goi\u00e2nia<\/p>\n","protected":false},"author":55,"featured_media":657206,"comment_status":"open","ping_status":"closed","sticky":false,"template":"","format":"standard","meta":{"_acf_changed":false,"_daextam_enable_autolinks":"1","footnotes":""},"categories":[47087],"tags":[16878,47438,10938],"class_list":["post-657117","post","type-post","status-publish","format-standard","has-post-thumbnail","hentry","category-motogp","tag-breve","tag-grand-prix-du-bresil-motogp","tag-motogp"],"acf":[],"yoast_head":"<!-- This site is optimized with the Yoast SEO Premium plugin v26.7 (Yoast SEO v26.7) - https:\/\/yoast.com\/wordpress\/plugins\/seo\/ -->\n<title>Fabio Di Giannantonio signe une pole surprise au Br\u00e9sil, Fabio Quartararo rate de peu la premi\u00e8re ligne<\/title>\n<meta name=\"description\" content=\"MOTOGP - GRAND PRIX DU BR\u00c9SIL 2026 - Au terme de qualifications marqu\u00e9es par de nombreuses chutes, Fabio Di Giannantonio (VR46) a d\u00e9croch\u00e9 la pole position sur le circuit de Goi\u00e2nia\" \/>\n<meta name=\"robots\" content=\"index, follow, max-snippet:-1, max-image-preview:large, max-video-preview:-1\" \/>\n<link rel=\"canonical\" href=\"https:\/\/dicodusport.fr\/blog\/fabio-di-giannantonio-signe-une-pole-surprise-au-bresil-fabio-quartararo-rate-de-peu-la-premiere-ligne\/\" \/>\n<meta property=\"og:locale\" content=\"fr_FR\" \/>\n<meta property=\"og:type\" content=\"article\" \/>\n<meta property=\"og:title\" content=\"Fabio Di Giannantonio signe une pole surprise au Br\u00e9sil, Fabio Quartararo rate de peu la premi\u00e8re ligne\" \/>\n<meta property=\"og:description\" content=\"MOTOGP - GRAND PRIX DU BR\u00c9SIL 2026 - Au terme de qualifications marqu\u00e9es par de nombreuses chutes, Fabio Di Giannantonio (VR46) a d\u00e9croch\u00e9 la pole position sur le circuit de Goi\u00e2nia\" \/>\n<meta property=\"og:url\" content=\"https:\/\/dicodusport.fr\/blog\/fabio-di-giannantonio-signe-une-pole-surprise-au-bresil-fabio-quartararo-rate-de-peu-la-premiere-ligne\/\" \/>\n<meta property=\"og:site_name\" content=\"Dicodusport\" \/>\n<meta property=\"article:publisher\" content=\"https:\/\/www.facebook.com\/dicodusport\" \/>\n<meta property=\"article:published_time\" content=\"2026-03-21T14:35:28+00:00\" \/>\n<meta property=\"article:modified_time\" content=\"2026-03-21T14:41:23+00:00\" \/>\n<meta property=\"og:image\" content=\"https:\/\/dicodusport.fr\/blog\/wp-content\/uploads\/2026\/03\/Fabio-Di-Giannantonio-signe-une-pole-surprise-au-Bresil-Fabio-Quartararo-rate-de-peu-la-premiere-logne.png\" \/>\n\t<meta property=\"og:image:width\" content=\"1200\" \/>\n\t<meta property=\"og:image:height\" content=\"674\" \/>\n\t<meta property=\"og:image:type\" content=\"image\/png\" \/>\n<meta name=\"author\" content=\"Maxime Cazenave\" \/>\n<meta name=\"twitter:card\" content=\"summary_large_image\" \/>\n<meta name=\"twitter:title\" content=\"Fabio Di Giannantonio signe une pole surprise au Br\u00e9sil, Fabio Quartararo rate de peu la premi\u00e8re ligne\" \/>\n<meta name=\"twitter:creator\" content=\"@https:\/\/twitter.com\/Maxime_Caze\" \/>\n<meta name=\"twitter:site\" content=\"@dicodusport\" \/>\n<script type=\"application\/ld+json\" class=\"yoast-schema-graph\">{\"@context\":\"https:\/\/schema.org\",\"@graph\":[{\"@type\":\"NewsArticle\",\"@id\":\"https:\/\/dicodusport.fr\/blog\/fabio-di-giannantonio-signe-une-pole-surprise-au-bresil-fabio-quartararo-rate-de-peu-la-premiere-ligne\/#article\",\"isPartOf\":{\"@id\":\"https:\/\/dicodusport.fr\/blog\/fabio-di-giannantonio-signe-une-pole-surprise-au-bresil-fabio-quartararo-rate-de-peu-la-premiere-ligne\/\"},\"author\":{\"name\":\"Maxime Cazenave\",\"@id\":\"https:\/\/dicodusport.fr\/blog\/#\/schema\/person\/37def232098a7a5cbab3974a3690abb0\"},\"headline\":\"Fabio Di Giannantonio signe une pole surprise au Br\u00e9sil, Fabio Quartararo rate de peu la premi\u00e8re ligne\",\"datePublished\":\"2026-03-21T14:35:28+00:00\",\"dateModified\":\"2026-03-21T14:41:23+00:00\",\"mainEntityOfPage\":{\"@id\":\"https:\/\/dicodusport.fr\/blog\/fabio-di-giannantonio-signe-une-pole-surprise-au-bresil-fabio-quartararo-rate-de-peu-la-premiere-ligne\/\"},\"wordCount\":608,\"commentCount\":0,\"publisher\":{\"@id\":\"https:\/\/dicodusport.fr\/blog\/#organization\"},\"image\":{\"@id\":\"https:\/\/dicodusport.fr\/blog\/fabio-di-giannantonio-signe-une-pole-surprise-au-bresil-fabio-quartararo-rate-de-peu-la-premiere-ligne\/#primaryimage\"},\"thumbnailUrl\":\"https:\/\/dicodusport.fr\/blog\/wp-content\/uploads\/2026\/03\/Fabio-Di-Giannantonio-signe-une-pole-surprise-au-Bresil-Fabio-Quartararo-rate-de-peu-la-premiere-logne.png\",\"keywords\":[\"br\u00e8ve\",\"Grand Prix du Br\u00e9sil MotoGP\",\"MotoGP\"],\"articleSection\":[\"MotoGP\"],\"inLanguage\":\"fr-FR\",\"potentialAction\":[{\"@type\":\"CommentAction\",\"name\":\"Comment\",\"target\":[\"https:\/\/dicodusport.fr\/blog\/fabio-di-giannantonio-signe-une-pole-surprise-au-bresil-fabio-quartararo-rate-de-peu-la-premiere-ligne\/#respond\"]}],\"copyrightYear\":\"2026\",\"copyrightHolder\":{\"@id\":\"https:\/\/dicodusport.fr\/blog\/#organization\"}},{\"@type\":\"WebPage\",\"@id\":\"https:\/\/dicodusport.fr\/blog\/fabio-di-giannantonio-signe-une-pole-surprise-au-bresil-fabio-quartararo-rate-de-peu-la-premiere-ligne\/\",\"url\":\"https:\/\/dicodusport.fr\/blog\/fabio-di-giannantonio-signe-une-pole-surprise-au-bresil-fabio-quartararo-rate-de-peu-la-premiere-ligne\/\",\"name\":\"Fabio Di Giannantonio signe une pole surprise au Br\u00e9sil, Fabio Quartararo rate de peu la premi\u00e8re ligne\",\"isPartOf\":{\"@id\":\"https:\/\/dicodusport.fr\/blog\/#website\"},\"primaryImageOfPage\":{\"@id\":\"https:\/\/dicodusport.fr\/blog\/fabio-di-giannantonio-signe-une-pole-surprise-au-bresil-fabio-quartararo-rate-de-peu-la-premiere-ligne\/#primaryimage\"},\"image\":{\"@id\":\"https:\/\/dicodusport.fr\/blog\/fabio-di-giannantonio-signe-une-pole-surprise-au-bresil-fabio-quartararo-rate-de-peu-la-premiere-ligne\/#primaryimage\"},\"thumbnailUrl\":\"https:\/\/dicodusport.fr\/blog\/wp-content\/uploads\/2026\/03\/Fabio-Di-Giannantonio-signe-une-pole-surprise-au-Bresil-Fabio-Quartararo-rate-de-peu-la-premiere-logne.png\",\"datePublished\":\"2026-03-21T14:35:28+00:00\",\"dateModified\":\"2026-03-21T14:41:23+00:00\",\"description\":\"MOTOGP - GRAND PRIX DU BR\u00c9SIL 2026 - Au terme de qualifications marqu\u00e9es par de nombreuses chutes, Fabio Di Giannantonio (VR46) a d\u00e9croch\u00e9 la pole position sur le circuit de Goi\u00e2nia\",\"breadcrumb\":{\"@id\":\"https:\/\/dicodusport.fr\/blog\/fabio-di-giannantonio-signe-une-pole-surprise-au-bresil-fabio-quartararo-rate-de-peu-la-premiere-ligne\/#breadcrumb\"},\"inLanguage\":\"fr-FR\",\"potentialAction\":[{\"@type\":\"ReadAction\",\"target\":[\"https:\/\/dicodusport.fr\/blog\/fabio-di-giannantonio-signe-une-pole-surprise-au-bresil-fabio-quartararo-rate-de-peu-la-premiere-ligne\/\"]}]},{\"@type\":\"ImageObject\",\"inLanguage\":\"fr-FR\",\"@id\":\"https:\/\/dicodusport.fr\/blog\/fabio-di-giannantonio-signe-une-pole-surprise-au-bresil-fabio-quartararo-rate-de-peu-la-premiere-ligne\/#primaryimage\",\"url\":\"https:\/\/dicodusport.fr\/blog\/wp-content\/uploads\/2026\/03\/Fabio-Di-Giannantonio-signe-une-pole-surprise-au-Bresil-Fabio-Quartararo-rate-de-peu-la-premiere-logne.png\",\"contentUrl\":\"https:\/\/dicodusport.fr\/blog\/wp-content\/uploads\/2026\/03\/Fabio-Di-Giannantonio-signe-une-pole-surprise-au-Bresil-Fabio-Quartararo-rate-de-peu-la-premiere-logne.png\",\"width\":1200,\"height\":674,\"caption\":\"Fabio Di Giannantonio signe une pole surprise au Br\u00e9sil, Fabio Quartararo rate de peu la premi\u00e8re logne\"},{\"@type\":\"BreadcrumbList\",\"@id\":\"https:\/\/dicodusport.fr\/blog\/fabio-di-giannantonio-signe-une-pole-surprise-au-bresil-fabio-quartararo-rate-de-peu-la-premiere-ligne\/#breadcrumb\",\"itemListElement\":[{\"@type\":\"ListItem\",\"position\":1,\"name\":\"Accueil\",\"item\":\"https:\/\/dicodusport.fr\/blog\/\"},{\"@type\":\"ListItem\",\"position\":2,\"name\":\"Fabio Di Giannantonio signe une pole surprise au Br\u00e9sil, Fabio Quartararo rate de peu la premi\u00e8re ligne\"}]},{\"@type\":\"WebSite\",\"@id\":\"https:\/\/dicodusport.fr\/blog\/#website\",\"url\":\"https:\/\/dicodusport.fr\/blog\/\",\"name\":\"Dicodusport\",\"description\":\"L&#039;encyclop\u00e9die de l&#039;actualit\u00e9 sportive\",\"publisher\":{\"@id\":\"https:\/\/dicodusport.fr\/blog\/#organization\"},\"potentialAction\":[{\"@type\":\"SearchAction\",\"target\":{\"@type\":\"EntryPoint\",\"urlTemplate\":\"https:\/\/dicodusport.fr\/blog\/?s={search_term_string}\"},\"query-input\":{\"@type\":\"PropertyValueSpecification\",\"valueRequired\":true,\"valueName\":\"search_term_string\"}}],\"inLanguage\":\"fr-FR\"},{\"@type\":\"NewsMediaOrganization\",\"@id\":\"https:\/\/dicodusport.fr\/blog\/#organization\",\"name\":\"Dicodusport\",\"url\":\"https:\/\/dicodusport.fr\/blog\/\",\"logo\":{\"@type\":\"ImageObject\",\"inLanguage\":\"fr-FR\",\"@id\":\"https:\/\/dicodusport.fr\/blog\/#\/schema\/logo\/image\/\",\"url\":\"https:\/\/dicodusport.fr\/blog\/wp-content\/uploads\/2020\/06\/cropped-LOGO-DICODUSPORT-2020-SANS-FOND-SANS-TEXTE.png\",\"contentUrl\":\"https:\/\/dicodusport.fr\/blog\/wp-content\/uploads\/2020\/06\/cropped-LOGO-DICODUSPORT-2020-SANS-FOND-SANS-TEXTE.png\",\"width\":512,\"height\":512,\"caption\":\"Dicodusport\"},\"image\":{\"@id\":\"https:\/\/dicodusport.fr\/blog\/#\/schema\/logo\/image\/\"},\"sameAs\":[\"https:\/\/www.facebook.com\/dicodusport\",\"https:\/\/x.com\/dicodusport\",\"https:\/\/www.instagram.com\/dicodusport\/\",\"https:\/\/www.youtube.com\/channel\/UC7V2KZ5sd3htJivAbA4ZG3w\"],\"description\":\"Dicodusport est l'encyclop\u00e9die de l'actualit\u00e9 sportive.\",\"email\":\"bonjour@dicodusport.fr\",\"legalName\":\"DICODUSPORT\",\"foundingDate\":\"2018-01-14\",\"vatID\":\"FR71834470973\",\"taxID\":\"83447097300043\",\"numberOfEmployees\":{\"@type\":\"QuantitativeValue\",\"minValue\":\"1\",\"maxValue\":\"10\"}},{\"@type\":\"Person\",\"@id\":\"https:\/\/dicodusport.fr\/blog\/#\/schema\/person\/37def232098a7a5cbab3974a3690abb0\",\"name\":\"Maxime Cazenave\",\"image\":{\"@type\":\"ImageObject\",\"inLanguage\":\"fr-FR\",\"@id\":\"https:\/\/dicodusport.fr\/blog\/#\/schema\/person\/image\/\",\"url\":\"https:\/\/dicodusport.fr\/blog\/wp-content\/uploads\/2021\/05\/Maxime-Cazenave-150x150.jpg\",\"contentUrl\":\"https:\/\/dicodusport.fr\/blog\/wp-content\/uploads\/2021\/05\/Maxime-Cazenave-150x150.jpg\",\"caption\":\"Maxime Cazenave\"},\"description\":\"Journaliste\/R\u00e9dacteur depuis 2012 - Berc\u00e9 par l\u2019amour des Girondins de Bordeaux, les \u00e9checs de Christophe Moreau sur le Tour de France sous l'\u00e8re Lance Armstrong et le fade-away l\u00e9tal de Dirk Nowitzki, ma passion d\u00e9vorante pour le sport a toujours \u00e9t\u00e9 un pan incontournable de ma vie. Transmettre ma passion \u00e0 l\u2019\u00e9crit a \u00e9t\u00e9 une transition naturelle. Suiveur assidu de basket et de hockey sur glace, je garde toujours un peu de place pour suivre le cyclisme, le football et le maximum de performances fran\u00e7aises.\",\"sameAs\":[\"https:\/\/x.com\/https:\/\/twitter.com\/Maxime_Caze\"],\"url\":\"https:\/\/dicodusport.fr\/blog\/author\/maximec\/\"}]}<\/script>\n<!-- \/ Yoast SEO Premium plugin. -->","yoast_head_json":{"title":"Fabio Di Giannantonio signe une pole surprise au Br\u00e9sil, Fabio Quartararo rate de peu la premi\u00e8re ligne","description":"MOTOGP - GRAND PRIX DU BR\u00c9SIL 2026 - Au terme de qualifications marqu\u00e9es par de nombreuses chutes, Fabio Di Giannantonio (VR46) a d\u00e9croch\u00e9 la pole position sur le circuit de Goi\u00e2nia","robots":{"index":"index","follow":"follow","max-snippet":"max-snippet:-1","max-image-preview":"max-image-preview:large","max-video-preview":"max-video-preview:-1"},"canonical":"https:\/\/dicodusport.fr\/blog\/fabio-di-giannantonio-signe-une-pole-surprise-au-bresil-fabio-quartararo-rate-de-peu-la-premiere-ligne\/","og_locale":"fr_FR","og_type":"article","og_title":"Fabio Di Giannantonio signe une pole surprise au Br\u00e9sil, Fabio Quartararo rate de peu la premi\u00e8re ligne","og_description":"MOTOGP - GRAND PRIX DU BR\u00c9SIL 2026 - Au terme de qualifications marqu\u00e9es par de nombreuses chutes, Fabio Di Giannantonio (VR46) a d\u00e9croch\u00e9 la pole position sur le circuit de Goi\u00e2nia","og_url":"https:\/\/dicodusport.fr\/blog\/fabio-di-giannantonio-signe-une-pole-surprise-au-bresil-fabio-quartararo-rate-de-peu-la-premiere-ligne\/","og_site_name":"Dicodusport","article_publisher":"https:\/\/www.facebook.com\/dicodusport","article_published_time":"2026-03-21T14:35:28+00:00","article_modified_time":"2026-03-21T14:41:23+00:00","og_image":[{"width":1200,"height":674,"url":"https:\/\/dicodusport.fr\/blog\/wp-content\/uploads\/2026\/03\/Fabio-Di-Giannantonio-signe-une-pole-surprise-au-Bresil-Fabio-Quartararo-rate-de-peu-la-premiere-logne.png","type":"image\/png"}],"author":"Maxime Cazenave","twitter_card":"summary_large_image","twitter_title":"Fabio Di Giannantonio signe une pole surprise au Br\u00e9sil, Fabio Quartararo rate de peu la premi\u00e8re ligne","twitter_creator":"@https:\/\/twitter.com\/Maxime_Caze","twitter_site":"@dicodusport","schema":{"@context":"https:\/\/schema.org","@graph":[{"@type":"NewsArticle","@id":"https:\/\/dicodusport.fr\/blog\/fabio-di-giannantonio-signe-une-pole-surprise-au-bresil-fabio-quartararo-rate-de-peu-la-premiere-ligne\/#article","isPartOf":{"@id":"https:\/\/dicodusport.fr\/blog\/fabio-di-giannantonio-signe-une-pole-surprise-au-bresil-fabio-quartararo-rate-de-peu-la-premiere-ligne\/"},"author":{"name":"Maxime Cazenave","@id":"https:\/\/dicodusport.fr\/blog\/#\/schema\/person\/37def232098a7a5cbab3974a3690abb0"},"headline":"Fabio Di Giannantonio signe une pole surprise au Br\u00e9sil, Fabio Quartararo rate de peu la premi\u00e8re ligne","datePublished":"2026-03-21T14:35:28+00:00","dateModified":"2026-03-21T14:41:23+00:00","mainEntityOfPage":{"@id":"https:\/\/dicodusport.fr\/blog\/fabio-di-giannantonio-signe-une-pole-surprise-au-bresil-fabio-quartararo-rate-de-peu-la-premiere-ligne\/"},"wordCount":608,"commentCount":0,"publisher":{"@id":"https:\/\/dicodusport.fr\/blog\/#organization"},"image":{"@id":"https:\/\/dicodusport.fr\/blog\/fabio-di-giannantonio-signe-une-pole-surprise-au-bresil-fabio-quartararo-rate-de-peu-la-premiere-ligne\/#primaryimage"},"thumbnailUrl":"https:\/\/dicodusport.fr\/blog\/wp-content\/uploads\/2026\/03\/Fabio-Di-Giannantonio-signe-une-pole-surprise-au-Bresil-Fabio-Quartararo-rate-de-peu-la-premiere-logne.png","keywords":["br\u00e8ve","Grand Prix du Br\u00e9sil MotoGP","MotoGP"],"articleSection":["MotoGP"],"inLanguage":"fr-FR","potentialAction":[{"@type":"CommentAction","name":"Comment","target":["https:\/\/dicodusport.fr\/blog\/fabio-di-giannantonio-signe-une-pole-surprise-au-bresil-fabio-quartararo-rate-de-peu-la-premiere-ligne\/#respond"]}],"copyrightYear":"2026","copyrightHolder":{"@id":"https:\/\/dicodusport.fr\/blog\/#organization"}},{"@type":"WebPage","@id":"https:\/\/dicodusport.fr\/blog\/fabio-di-giannantonio-signe-une-pole-surprise-au-bresil-fabio-quartararo-rate-de-peu-la-premiere-ligne\/","url":"https:\/\/dicodusport.fr\/blog\/fabio-di-giannantonio-signe-une-pole-surprise-au-bresil-fabio-quartararo-rate-de-peu-la-premiere-ligne\/","name":"Fabio Di Giannantonio signe une pole surprise au Br\u00e9sil, Fabio Quartararo rate de peu la premi\u00e8re ligne","isPartOf":{"@id":"https:\/\/dicodusport.fr\/blog\/#website"},"primaryImageOfPage":{"@id":"https:\/\/dicodusport.fr\/blog\/fabio-di-giannantonio-signe-une-pole-surprise-au-bresil-fabio-quartararo-rate-de-peu-la-premiere-ligne\/#primaryimage"},"image":{"@id":"https:\/\/dicodusport.fr\/blog\/fabio-di-giannantonio-signe-une-pole-surprise-au-bresil-fabio-quartararo-rate-de-peu-la-premiere-ligne\/#primaryimage"},"thumbnailUrl":"https:\/\/dicodusport.fr\/blog\/wp-content\/uploads\/2026\/03\/Fabio-Di-Giannantonio-signe-une-pole-surprise-au-Bresil-Fabio-Quartararo-rate-de-peu-la-premiere-logne.png","datePublished":"2026-03-21T14:35:28+00:00","dateModified":"2026-03-21T14:41:23+00:00","description":"MOTOGP - GRAND PRIX DU BR\u00c9SIL 2026 - Au terme de qualifications marqu\u00e9es par de nombreuses chutes, Fabio Di Giannantonio (VR46) a d\u00e9croch\u00e9 la pole position sur le circuit de Goi\u00e2nia","breadcrumb":{"@id":"https:\/\/dicodusport.fr\/blog\/fabio-di-giannantonio-signe-une-pole-surprise-au-bresil-fabio-quartararo-rate-de-peu-la-premiere-ligne\/#breadcrumb"},"inLanguage":"fr-FR","potentialAction":[{"@type":"ReadAction","target":["https:\/\/dicodusport.fr\/blog\/fabio-di-giannantonio-signe-une-pole-surprise-au-bresil-fabio-quartararo-rate-de-peu-la-premiere-ligne\/"]}]},{"@type":"ImageObject","inLanguage":"fr-FR","@id":"https:\/\/dicodusport.fr\/blog\/fabio-di-giannantonio-signe-une-pole-surprise-au-bresil-fabio-quartararo-rate-de-peu-la-premiere-ligne\/#primaryimage","url":"https:\/\/dicodusport.fr\/blog\/wp-content\/uploads\/2026\/03\/Fabio-Di-Giannantonio-signe-une-pole-surprise-au-Bresil-Fabio-Quartararo-rate-de-peu-la-premiere-logne.png","contentUrl":"https:\/\/dicodusport.fr\/blog\/wp-content\/uploads\/2026\/03\/Fabio-Di-Giannantonio-signe-une-pole-surprise-au-Bresil-Fabio-Quartararo-rate-de-peu-la-premiere-logne.png","width":1200,"height":674,"caption":"Fabio Di Giannantonio signe une pole surprise au Br\u00e9sil, Fabio Quartararo rate de peu la premi\u00e8re logne"},{"@type":"BreadcrumbList","@id":"https:\/\/dicodusport.fr\/blog\/fabio-di-giannantonio-signe-une-pole-surprise-au-bresil-fabio-quartararo-rate-de-peu-la-premiere-ligne\/#breadcrumb","itemListElement":[{"@type":"ListItem","position":1,"name":"Accueil","item":"https:\/\/dicodusport.fr\/blog\/"},{"@type":"ListItem","position":2,"name":"Fabio Di Giannantonio signe une pole surprise au Br\u00e9sil, Fabio Quartararo rate de peu la premi\u00e8re ligne"}]},{"@type":"WebSite","@id":"https:\/\/dicodusport.fr\/blog\/#website","url":"https:\/\/dicodusport.fr\/blog\/","name":"Dicodusport","description":"L&#039;encyclop\u00e9die de l&#039;actualit\u00e9 sportive","publisher":{"@id":"https:\/\/dicodusport.fr\/blog\/#organization"},"potentialAction":[{"@type":"SearchAction","target":{"@type":"EntryPoint","urlTemplate":"https:\/\/dicodusport.fr\/blog\/?s={search_term_string}"},"query-input":{"@type":"PropertyValueSpecification","valueRequired":true,"valueName":"search_term_string"}}],"inLanguage":"fr-FR"},{"@type":"NewsMediaOrganization","@id":"https:\/\/dicodusport.fr\/blog\/#organization","name":"Dicodusport","url":"https:\/\/dicodusport.fr\/blog\/","logo":{"@type":"ImageObject","inLanguage":"fr-FR","@id":"https:\/\/dicodusport.fr\/blog\/#\/schema\/logo\/image\/","url":"https:\/\/dicodusport.fr\/blog\/wp-content\/uploads\/2020\/06\/cropped-LOGO-DICODUSPORT-2020-SANS-FOND-SANS-TEXTE.png","contentUrl":"https:\/\/dicodusport.fr\/blog\/wp-content\/uploads\/2020\/06\/cropped-LOGO-DICODUSPORT-2020-SANS-FOND-SANS-TEXTE.png","width":512,"height":512,"caption":"Dicodusport"},"image":{"@id":"https:\/\/dicodusport.fr\/blog\/#\/schema\/logo\/image\/"},"sameAs":["https:\/\/www.facebook.com\/dicodusport","https:\/\/x.com\/dicodusport","https:\/\/www.instagram.com\/dicodusport\/","https:\/\/www.youtube.com\/channel\/UC7V2KZ5sd3htJivAbA4ZG3w"],"description":"Dicodusport est l'encyclop\u00e9die de l'actualit\u00e9 sportive.","email":"bonjour@dicodusport.fr","legalName":"DICODUSPORT","foundingDate":"2018-01-14","vatID":"FR71834470973","taxID":"83447097300043","numberOfEmployees":{"@type":"QuantitativeValue","minValue":"1","maxValue":"10"}},{"@type":"Person","@id":"https:\/\/dicodusport.fr\/blog\/#\/schema\/person\/37def232098a7a5cbab3974a3690abb0","name":"Maxime Cazenave","image":{"@type":"ImageObject","inLanguage":"fr-FR","@id":"https:\/\/dicodusport.fr\/blog\/#\/schema\/person\/image\/","url":"https:\/\/dicodusport.fr\/blog\/wp-content\/uploads\/2021\/05\/Maxime-Cazenave-150x150.jpg","contentUrl":"https:\/\/dicodusport.fr\/blog\/wp-content\/uploads\/2021\/05\/Maxime-Cazenave-150x150.jpg","caption":"Maxime Cazenave"},"description":"Journaliste\/R\u00e9dacteur depuis 2012 - Berc\u00e9 par l\u2019amour des Girondins de Bordeaux, les \u00e9checs de Christophe Moreau sur le Tour de France sous l'\u00e8re Lance Armstrong et le fade-away l\u00e9tal de Dirk Nowitzki, ma passion d\u00e9vorante pour le sport a toujours \u00e9t\u00e9 un pan incontournable de ma vie. Transmettre ma passion \u00e0 l\u2019\u00e9crit a \u00e9t\u00e9 une transition naturelle. Suiveur assidu de basket et de hockey sur glace, je garde toujours un peu de place pour suivre le cyclisme, le football et le maximum de performances fran\u00e7aises.","sameAs":["https:\/\/x.com\/https:\/\/twitter.com\/Maxime_Caze"],"url":"https:\/\/dicodusport.fr\/blog\/author\/maximec\/"}]}},"_links":{"self":[{"href":"https:\/\/dicodusport.fr\/blog\/wp-json\/wp\/v2\/posts\/657117","targetHints":{"allow":["GET"]}}],"collection":[{"href":"https:\/\/dicodusport.fr\/blog\/wp-json\/wp\/v2\/posts"}],"about":[{"href":"https:\/\/dicodusport.fr\/blog\/wp-json\/wp\/v2\/types\/post"}],"author":[{"embeddable":true,"href":"https:\/\/dicodusport.fr\/blog\/wp-json\/wp\/v2\/users\/55"}],"replies":[{"embeddable":true,"href":"https:\/\/dicodusport.fr\/blog\/wp-json\/wp\/v2\/comments?post=657117"}],"version-history":[{"count":5,"href":"https:\/\/dicodusport.fr\/blog\/wp-json\/wp\/v2\/posts\/657117\/revisions"}],"predecessor-version":[{"id":657215,"href":"https:\/\/dicodusport.fr\/blog\/wp-json\/wp\/v2\/posts\/657117\/revisions\/657215"}],"wp:featuredmedia":[{"embeddable":true,"href":"https:\/\/dicodusport.fr\/blog\/wp-json\/wp\/v2\/media\/657206"}],"wp:attachment":[{"href":"https:\/\/dicodusport.fr\/blog\/wp-json\/wp\/v2\/media?parent=657117"}],"wp:term":[{"taxonomy":"category","embeddable":true,"href":"https:\/\/dicodusport.fr\/blog\/wp-json\/wp\/v2\/categories?post=657117"},{"taxonomy":"post_tag","embeddable":true,"href":"https:\/\/dicodusport.fr\/blog\/wp-json\/wp\/v2\/tags?post=657117"}],"curies":[{"name":"wp","href":"https:\/\/api.w.org\/{rel}","templated":true}]}}